{"id":10138,"date":"2025-10-24T12:58:57","date_gmt":"2025-10-24T12:58:57","guid":{"rendered":"https:\/\/www.cltweb.org\/2025\/10\/24\/presentacion-del-modelo-clt-en-la-conferencia-de-suecia-sobre-construccion-colaborativa-y-social-y-vivir-2025\/"},"modified":"2025-10-29T13:59:45","modified_gmt":"2025-10-29T13:59:45","slug":"presentacion-del-modelo-clt-en-la-conferencia-de-suecia-sobre-construccion-colaborativa-y-social-y-vivir-2025","status":"publish","type":"post","link":"https:\/\/www.cltweb.org\/es\/2025\/10\/24\/presentacion-del-modelo-clt-en-la-conferencia-de-suecia-sobre-construccion-colaborativa-y-social-y-vivir-2025\/","title":{"rendered":"Presentaci\u00f3n del modelo CLT en la Conferencia de Suecia sobre Construcci\u00f3n Colaborativa y Social y Vivir 2025"},"content":{"rendered":"\n<p><strong>Por Jonas Lagander, Coompa\u00f1ero<br\/><\/strong><\/p>\n\n<figure class=\"wp-block-image alignleft size-large is-resized\"><img loading=\"lazy\" decoding=\"async\" width=\"1024\" height=\"768\" src=\"https:\/\/www.cltweb.org\/wp-content\/uploads\/2025\/10\/IMG_6480-1024x768.jpg\" alt=\"\" class=\"wp-image-10126\" style=\"width:419px;height:auto\" srcset=\"https:\/\/www.cltweb.org\/wp-content\/uploads\/2025\/10\/IMG_6480-1024x768.jpg 1024w, https:\/\/www.cltweb.org\/wp-content\/uploads\/2025\/10\/IMG_6480-300x225.jpg 300w, https:\/\/www.cltweb.org\/wp-content\/uploads\/2025\/10\/IMG_6480-768x576.jpg 768w, https:\/\/www.cltweb.org\/wp-content\/uploads\/2025\/10\/IMG_6480-1536x1152.jpg 1536w, https:\/\/www.cltweb.org\/wp-content\/uploads\/2025\/10\/IMG_6480.jpg 2048w\" sizes=\"auto, (max-width: 1024px) 100vw, 1024px\" \/><\/figure>\n\n<p><a href=\"https:\/\/coompanion.se\/\" target=\"_blank\" rel=\"noreferrer noopener\">Coompanion<\/a> particip\u00f3 este a\u00f1o en la conferencia &#8220;Collaborative and Social Building and Living&#8221;, celebrada en Bor\u00e5s (Suecia), y organiz\u00f3 dos seminarios sobre CLT. Junto con otros socios relevantes, participan en el proyecto &#8220;<a href=\"https:\/\/www.codesign.nu\/ideabasedhousing\/\" target=\"_blank\" rel=\"noreferrer noopener\">Sistemas locales de innovaci\u00f3n en torno a las barreras de la vivienda colaborativa y basada en ideas en Suecia<\/a>&#8220;, centrado en viviendas asequibles y basadas en la misi\u00f3n para personas con dificultades econ\u00f3micas. El proyecto est\u00e1 dirigido por la Universidad de Gotemburgo y cofinanciado por FORMAS, Consejo Sueco de Investigaci\u00f3n para el Desarrollo Sostenible. Entre otras actividades, han examinado c\u00f3mo podr\u00edan introducirse las CLT en Suecia.   <\/p>\n\n<p>En Suecia, el concepto de fideicomiso de la tierra es muy desconocido, pero encierra un potencial sin explotar. Por ejemplo, CLT Bruselas (uno de los ponentes de la conferencia) demuestra que los costes de la vivienda en un contexto de la UE pueden reducirse en torno a un 40% utilizando este enfoque. Entre otros, el proyecto tambi\u00e9n acogi\u00f3 en una mesa redonda a Lars Arell, de las Oficinas del Gobierno sueco; es un Asesor Principal del Ministerio de Asuntos Rurales e Infraestructuras que participa en la exploraci\u00f3n de un nuevo &#8220;<a href=\"https:\/\/www.regeringen.se\/pressmeddelanden\/2024\/05\/ny-egnahemsrorelse-ska-oka-byggandet-av-smahus\/\" target=\"_blank\" rel=\"noreferrer noopener\">egnahemsr\u00f6relse&#8221;<\/a>sueco (movimiento de autoconstrucci\u00f3n, que incluye el desarrollo de nuevas ciudades jard\u00edn). El m\u00e9todo CLT funciona tanto para viviendas unifamiliares como para viviendas de alquiler. Por tanto, podr\u00eda ser relevante para esta investigaci\u00f3n gubernamental. Otros ponentes principales fueron Axel K\u00f6psell, de Stiftung Trias (Alemania), y Britt Jurgensen, de Homebaked CLT (Reino Unido).     <\/p>\n\n<h3 class=\"wp-block-heading\" id=\"h-introducing-markgemenskap\"><strong>Presentaci\u00f3n de &#8220;Markgemenskap&#8221;<\/strong><\/h3>\n\n<figure class=\"wp-block-image alignright size-large is-resized\"><img loading=\"lazy\" decoding=\"async\" width=\"1024\" height=\"768\" src=\"https:\/\/www.cltweb.org\/wp-content\/uploads\/2025\/10\/IMG_6503-1024x768.jpg\" alt=\"\" class=\"wp-image-10130\" style=\"width:416px;height:auto\" srcset=\"https:\/\/www.cltweb.org\/wp-content\/uploads\/2025\/10\/IMG_6503-1024x768.jpg 1024w, https:\/\/www.cltweb.org\/wp-content\/uploads\/2025\/10\/IMG_6503-300x225.jpg 300w, https:\/\/www.cltweb.org\/wp-content\/uploads\/2025\/10\/IMG_6503-768x576.jpg 768w, https:\/\/www.cltweb.org\/wp-content\/uploads\/2025\/10\/IMG_6503-1536x1152.jpg 1536w, https:\/\/www.cltweb.org\/wp-content\/uploads\/2025\/10\/IMG_6503.jpg 2048w\" sizes=\"auto, (max-width: 1024px) 100vw, 1024px\" \/><\/figure>\n\n<p>En la conferencia, el proyecto lanz\u00f3 el t\u00e9rmino sueco &#8220;Markgemenskap&#8221; para comunicar m\u00e1s f\u00e1cilmente los CLT y otras formas relacionadas de tenencia de la tierra sin \u00e1nimo de lucro, con fines sociales y orientadas a una misi\u00f3n. Este campo encierra un gran potencial de captaci\u00f3n de valor del suelo para la innovaci\u00f3n social que actualmente est\u00e1 infrautilizado en Suecia. Para promover el progreso en este contexto, el proyecto consider\u00f3 importante disponer de un t\u00e9rmino sueco. Antes del nuevo a\u00f1o se publicar\u00e1 un informe en sueco orientado a los profesionales para apoyar a los interesados en trabajar en este \u00e1mbito.     <\/p>\n\n<p><a href=\"https:\/\/www.youtube.com\/watch?v=IzFwTzJGIh4\" target=\"_blank\" rel=\"noreferrer noopener\">Aqu\u00ed tienes un cortometraje<\/a> sobre el enfoque CLT (ejemplo estadounidense, principalmente en ingl\u00e9s) para los interesados suecos.<\/p>\n\n<p>Todos los seminarios de la conferencia se grabaron y pronto estar\u00e1n disponibles en el sitio web de la conferencia: <a href=\"https:\/\/ideburetbyggande.se\/dokumentation-2025\/\">www.socialtbyggande.se<\/a>. Algunas est\u00e1n en ingl\u00e9s, por ejemplo la presentaci\u00f3n de CLT Bruselas.  <br\/><br\/>La conferencia es el lugar de encuentro de las partes interesadas en la Vivienda Dirigida por la Comunidad en Suecia, y se celebra cada dos a\u00f1os. Puedes encontrar informaci\u00f3n en ingl\u00e9s sobre la conferencia <a href=\"https:\/\/ideburetbyggande.se\/welcome-information-in-english\/\" target=\"_blank\" rel=\"noreferrer noopener\">aqu\u00ed<\/a>. <\/p>\n\n<p>Si alguien est\u00e1 interesado en ponerse en contacto con el proyecto, puede enviar un correo electr\u00f3nico a: <a href=\"mailto:jonas.lagander@coompanion.se\" target=\"_blank\" rel=\"noreferrer noopener\">jonas.lagander@coompanion.se<\/a>. El proyecto finaliza en agosto de 2026.<br\/><\/p>\n\n<hr class=\"wp-block-separator has-alpha-channel-opacity\"\/>\n\n<h3 class=\"wp-block-heading\" id=\"h-what-is-coompanion\"><strong>\u00bfQu\u00e9 es Coompanion?<\/strong><\/h3>\n\n<p><strong>Coompanion<\/strong> es una organizaci\u00f3n sueca de asesoramiento sin \u00e1nimo de lucro que ayuda a las personas a crear y hacer crecer empresas cooperativas y sociales. Proporcionamos asesoramiento empresarial gratuito e imparcial, formaci\u00f3n, herramientas y redes, especializ\u00e1ndonos en propiedad democr\u00e1tica, modelos de impacto social y asociaciones entre los sectores p\u00fablico, privado y la sociedad civil. Coompanion es una federaci\u00f3n de 25 oficinas regionales de Coompanion en Suecia.  <\/p>\n\n<p>  ***<br\/>El v\u00eddeo fue realizado por John Areblad para <a href=\"http:\/\/www.socialtbyggande.se\/\">www.socialtbyggande.se<\/a>.  <\/p>\n\n<p>Las fotos son de Coompanion.<\/p>\n","protected":false},"excerpt":{"rendered":"<p>Por Jonas Lagander, Coompa\u00f1ero Coompanion particip\u00f3 este a\u00f1o en la conferencia &#8220;Collaborative and Social Building and Living&#8221;, celebrada en Bor\u00e5s (Suecia), y organiz\u00f3 dos seminarios sobre CLT. Junto con otros [&hellip;]<\/p>\n","protected":false},"author":2,"featured_media":10129,"comment_status":"closed","ping_status":"open","sticky":false,"template":"","format":"standard","meta":{"give_campaign_id":0,"_tec_requires_first_save":true,"_kad_blocks_custom_css":"","_kad_blocks_head_custom_js":"","_kad_blocks_body_custom_js":"","_kad_blocks_footer_custom_js":"","_EventAllDay":false,"_EventTimezone":"","_EventStartDate":"","_EventEndDate":"","_EventStartDateUTC":"","_EventEndDateUTC":"","_EventShowMap":false,"_EventShowMapLink":false,"_EventURL":"","_EventCost":"","_EventCostDescription":"","_EventCurrencySymbol":"","_EventCurrencyCode":"","_EventCurrencyPosition":"","_EventDateTimeSeparator":"","_EventTimeRangeSeparator":"","_EventOrganizerID":[],"_EventVenueID":[],"_OrganizerEmail":"","_OrganizerPhone":"","_OrganizerWebsite":"","_VenueAddress":"","_VenueCity":"","_VenueCountry":"","_VenueProvince":"","_VenueState":"","_VenueZip":"","_VenuePhone":"","_VenueURL":"","_VenueStateProvince":"","_VenueLat":"","_VenueLng":"","_VenueShowMap":false,"_VenueShowMapLink":false,"_tribe_blocks_recurrence_rules":"","_tribe_blocks_recurrence_description":"","_tribe_blocks_recurrence_exclusions":"","_jetpack_memberships_contains_paid_content":false,"footnotes":""},"categories":[290,101],"tags":[356,335,355],"class_list":["post-10138","post","type-post","status-publish","format-standard","has-post-thumbnail","hentry","category-blogs","category-paises","tag-europa","tag-fideicomiso-de-la-tierra","tag-suecia"],"blocksy_meta":[],"yoast_head":"<!-- This site is optimized with the Yoast SEO Premium plugin v27.4 (Yoast SEO v27.5) - https:\/\/yoast.com\/product\/yoast-seo-premium-wordpress\/ -->\n<title>Presentaci\u00f3n del modelo CLT en la Conferencia de Suecia sobre Construcci\u00f3n Colaborativa y Social y Vivir 2025 - International Center for Community Land Trusts<\/title>\n<meta name=\"robots\" content=\"index, follow, max-snippet:-1, max-image-preview:large, max-video-preview:-1\" \/>\n<link rel=\"canonical\" href=\"https:\/\/www.cltweb.org\/es\/2025\/10\/24\/presentacion-del-modelo-clt-en-la-conferencia-de-suecia-sobre-construccion-colaborativa-y-social-y-vivir-2025\/\" \/>\n<meta property=\"og:locale\" content=\"es_ES\" \/>\n<meta property=\"og:type\" content=\"article\" \/>\n<meta property=\"og:title\" content=\"Presentaci\u00f3n del modelo CLT en la Conferencia de Suecia sobre Construcci\u00f3n Colaborativa y Social y Vivir 2025\" \/>\n<meta property=\"og:description\" content=\"Por Jonas Lagander, Coompa\u00f1ero Coompanion particip\u00f3 este a\u00f1o en la conferencia &#8220;Collaborative and Social Building and Living&#8221;, celebrada en Bor\u00e5s (Suecia), y organiz\u00f3 dos seminarios sobre CLT. Junto con otros [&hellip;]\" \/>\n<meta property=\"og:url\" content=\"https:\/\/www.cltweb.org\/es\/2025\/10\/24\/presentacion-del-modelo-clt-en-la-conferencia-de-suecia-sobre-construccion-colaborativa-y-social-y-vivir-2025\/\" \/>\n<meta property=\"og:site_name\" content=\"International Center for Community Land Trusts\" \/>\n<meta property=\"article:publisher\" content=\"https:\/\/www.facebook.com\/cltcenter\" \/>\n<meta property=\"article:published_time\" content=\"2025-10-24T12:58:57+00:00\" \/>\n<meta property=\"article:modified_time\" content=\"2025-10-29T13:59:45+00:00\" \/>\n<meta name=\"author\" content=\"Ben Harris\" \/>\n<meta name=\"twitter:card\" content=\"summary_large_image\" \/>\n<meta name=\"twitter:creator\" content=\"@Center4CLTs\" \/>\n<meta name=\"twitter:site\" content=\"@Center4CLTs\" \/>\n<meta name=\"twitter:label1\" content=\"Escrito por\" \/>\n\t<meta name=\"twitter:data1\" content=\"Ben Harris\" \/>\n\t<meta name=\"twitter:label2\" content=\"Tiempo de lectura\" \/>\n\t<meta name=\"twitter:data2\" content=\"3 minutos\" \/>\n<script type=\"application\/ld+json\" class=\"yoast-schema-graph\">{\"@context\":\"https:\\\/\\\/schema.org\",\"@graph\":[{\"@type\":\"Article\",\"@id\":\"https:\\\/\\\/www.cltweb.org\\\/es\\\/2025\\\/10\\\/24\\\/presentacion-del-modelo-clt-en-la-conferencia-de-suecia-sobre-construccion-colaborativa-y-social-y-vivir-2025\\\/#article\",\"isPartOf\":{\"@id\":\"https:\\\/\\\/www.cltweb.org\\\/es\\\/2025\\\/10\\\/24\\\/presentacion-del-modelo-clt-en-la-conferencia-de-suecia-sobre-construccion-colaborativa-y-social-y-vivir-2025\\\/\"},\"author\":{\"name\":\"Ben Harris\",\"@id\":\"https:\\\/\\\/www.cltweb.org\\\/es\\\/#\\\/schema\\\/person\\\/7c9fe56cc945e4b57585dbfe30f2ead4\"},\"headline\":\"Presentaci\u00f3n del modelo CLT en la Conferencia de Suecia sobre Construcci\u00f3n Colaborativa y Social y Vivir 2025\",\"datePublished\":\"2025-10-24T12:58:57+00:00\",\"dateModified\":\"2025-10-29T13:59:45+00:00\",\"mainEntityOfPage\":{\"@id\":\"https:\\\/\\\/www.cltweb.org\\\/es\\\/2025\\\/10\\\/24\\\/presentacion-del-modelo-clt-en-la-conferencia-de-suecia-sobre-construccion-colaborativa-y-social-y-vivir-2025\\\/\"},\"wordCount\":603,\"publisher\":{\"@id\":\"https:\\\/\\\/www.cltweb.org\\\/es\\\/#organization\"},\"image\":{\"@id\":\"https:\\\/\\\/www.cltweb.org\\\/es\\\/2025\\\/10\\\/24\\\/presentacion-del-modelo-clt-en-la-conferencia-de-suecia-sobre-construccion-colaborativa-y-social-y-vivir-2025\\\/#primaryimage\"},\"thumbnailUrl\":\"https:\\\/\\\/www.cltweb.org\\\/wp-content\\\/uploads\\\/2025\\\/10\\\/IMG_6480.jpg\",\"keywords\":[\"europa\",\"fideicomiso de la tierra\",\"suecia\"],\"articleSection\":[\"Blogs\",\"Pa\u00edses\"],\"inLanguage\":\"es\"},{\"@type\":\"WebPage\",\"@id\":\"https:\\\/\\\/www.cltweb.org\\\/es\\\/2025\\\/10\\\/24\\\/presentacion-del-modelo-clt-en-la-conferencia-de-suecia-sobre-construccion-colaborativa-y-social-y-vivir-2025\\\/\",\"url\":\"https:\\\/\\\/www.cltweb.org\\\/es\\\/2025\\\/10\\\/24\\\/presentacion-del-modelo-clt-en-la-conferencia-de-suecia-sobre-construccion-colaborativa-y-social-y-vivir-2025\\\/\",\"name\":\"Presentaci\u00f3n del modelo CLT en la Conferencia de Suecia sobre Construcci\u00f3n Colaborativa y Social y Vivir 2025 - International Center for Community Land Trusts\",\"isPartOf\":{\"@id\":\"https:\\\/\\\/www.cltweb.org\\\/es\\\/#website\"},\"primaryImageOfPage\":{\"@id\":\"https:\\\/\\\/www.cltweb.org\\\/es\\\/2025\\\/10\\\/24\\\/presentacion-del-modelo-clt-en-la-conferencia-de-suecia-sobre-construccion-colaborativa-y-social-y-vivir-2025\\\/#primaryimage\"},\"image\":{\"@id\":\"https:\\\/\\\/www.cltweb.org\\\/es\\\/2025\\\/10\\\/24\\\/presentacion-del-modelo-clt-en-la-conferencia-de-suecia-sobre-construccion-colaborativa-y-social-y-vivir-2025\\\/#primaryimage\"},\"thumbnailUrl\":\"https:\\\/\\\/www.cltweb.org\\\/wp-content\\\/uploads\\\/2025\\\/10\\\/IMG_6480.jpg\",\"datePublished\":\"2025-10-24T12:58:57+00:00\",\"dateModified\":\"2025-10-29T13:59:45+00:00\",\"breadcrumb\":{\"@id\":\"https:\\\/\\\/www.cltweb.org\\\/es\\\/2025\\\/10\\\/24\\\/presentacion-del-modelo-clt-en-la-conferencia-de-suecia-sobre-construccion-colaborativa-y-social-y-vivir-2025\\\/#breadcrumb\"},\"inLanguage\":\"es\",\"potentialAction\":[{\"@type\":\"ReadAction\",\"target\":[\"https:\\\/\\\/www.cltweb.org\\\/es\\\/2025\\\/10\\\/24\\\/presentacion-del-modelo-clt-en-la-conferencia-de-suecia-sobre-construccion-colaborativa-y-social-y-vivir-2025\\\/\"]}]},{\"@type\":\"ImageObject\",\"inLanguage\":\"es\",\"@id\":\"https:\\\/\\\/www.cltweb.org\\\/es\\\/2025\\\/10\\\/24\\\/presentacion-del-modelo-clt-en-la-conferencia-de-suecia-sobre-construccion-colaborativa-y-social-y-vivir-2025\\\/#primaryimage\",\"url\":\"https:\\\/\\\/www.cltweb.org\\\/wp-content\\\/uploads\\\/2025\\\/10\\\/IMG_6480.jpg\",\"contentUrl\":\"https:\\\/\\\/www.cltweb.org\\\/wp-content\\\/uploads\\\/2025\\\/10\\\/IMG_6480.jpg\",\"width\":2048,\"height\":1536},{\"@type\":\"BreadcrumbList\",\"@id\":\"https:\\\/\\\/www.cltweb.org\\\/es\\\/2025\\\/10\\\/24\\\/presentacion-del-modelo-clt-en-la-conferencia-de-suecia-sobre-construccion-colaborativa-y-social-y-vivir-2025\\\/#breadcrumb\",\"itemListElement\":[{\"@type\":\"ListItem\",\"position\":1,\"name\":\"Home\",\"item\":\"https:\\\/\\\/www.cltweb.org\\\/es\\\/\"},{\"@type\":\"ListItem\",\"position\":2,\"name\":\"Presentaci\u00f3n del modelo CLT en la Conferencia de Suecia sobre Construcci\u00f3n Colaborativa y Social y Vivir 2025\"}]},{\"@type\":\"WebSite\",\"@id\":\"https:\\\/\\\/www.cltweb.org\\\/es\\\/#website\",\"url\":\"https:\\\/\\\/www.cltweb.org\\\/es\\\/\",\"name\":\"International Center for Community Land Trusts\",\"description\":\"\",\"publisher\":{\"@id\":\"https:\\\/\\\/www.cltweb.org\\\/es\\\/#organization\"},\"potentialAction\":[{\"@type\":\"SearchAction\",\"target\":{\"@type\":\"EntryPoint\",\"urlTemplate\":\"https:\\\/\\\/www.cltweb.org\\\/es\\\/?s={search_term_string}\"},\"query-input\":{\"@type\":\"PropertyValueSpecification\",\"valueRequired\":true,\"valueName\":\"search_term_string\"}}],\"inLanguage\":\"es\"},{\"@type\":\"Organization\",\"@id\":\"https:\\\/\\\/www.cltweb.org\\\/es\\\/#organization\",\"name\":\"International Center for Community Land Trusts\",\"url\":\"https:\\\/\\\/www.cltweb.org\\\/es\\\/\",\"logo\":{\"@type\":\"ImageObject\",\"inLanguage\":\"es\",\"@id\":\"https:\\\/\\\/www.cltweb.org\\\/es\\\/#\\\/schema\\\/logo\\\/image\\\/\",\"url\":\"https:\\\/\\\/www.cltweb.org\\\/wp-content\\\/uploads\\\/2024\\\/11\\\/New-CLT-Center-Text-logo.png\",\"contentUrl\":\"https:\\\/\\\/www.cltweb.org\\\/wp-content\\\/uploads\\\/2024\\\/11\\\/New-CLT-Center-Text-logo.png\",\"width\":227,\"height\":80,\"caption\":\"International Center for Community Land Trusts\"},\"image\":{\"@id\":\"https:\\\/\\\/www.cltweb.org\\\/es\\\/#\\\/schema\\\/logo\\\/image\\\/\"},\"sameAs\":[\"https:\\\/\\\/www.facebook.com\\\/cltcenter\",\"https:\\\/\\\/x.com\\\/Center4CLTs\",\"https:\\\/\\\/www.instagram.com\\\/cltcenter\\\/\",\"https:\\\/\\\/www.linkedin.com\\\/company\\\/cltcenter\",\"https:\\\/\\\/www.youtube.com\\\/@centerforcltinnovation5313\"],\"description\":\"The International Center for Community Land Trusts is a not-for-profit nongovernmental organization established in 2018 to promote and to support community land trusts and similar strategies of community-led development on community-owned land in countries throughout the world.\",\"email\":\"info@communitylandtrust.net\",\"legalName\":\"International Center for Community Land Trusts\",\"foundingDate\":\"2018-12-01\",\"taxID\":\"84-3858933\",\"numberOfEmployees\":{\"@type\":\"QuantitativeValue\",\"minValue\":\"1\",\"maxValue\":\"10\"}},{\"@type\":\"Person\",\"@id\":\"https:\\\/\\\/www.cltweb.org\\\/es\\\/#\\\/schema\\\/person\\\/7c9fe56cc945e4b57585dbfe30f2ead4\",\"name\":\"Ben Harris\",\"image\":{\"@type\":\"ImageObject\",\"inLanguage\":\"es\",\"@id\":\"https:\\\/\\\/secure.gravatar.com\\\/avatar\\\/12a44d8988553548c22c57da673ee8ffb7e0b87b0197beec533bae3061a92cc5?s=96&d=mm&r=g\",\"url\":\"https:\\\/\\\/secure.gravatar.com\\\/avatar\\\/12a44d8988553548c22c57da673ee8ffb7e0b87b0197beec533bae3061a92cc5?s=96&d=mm&r=g\",\"contentUrl\":\"https:\\\/\\\/secure.gravatar.com\\\/avatar\\\/12a44d8988553548c22c57da673ee8ffb7e0b87b0197beec533bae3061a92cc5?s=96&d=mm&r=g\",\"caption\":\"Ben Harris\"},\"url\":\"https:\\\/\\\/www.cltweb.org\\\/es\\\/author\\\/ben\\\/\"}]}<\/script>\n<!-- \/ Yoast SEO Premium plugin. -->","yoast_head_json":{"title":"Presentaci\u00f3n del modelo CLT en la Conferencia de Suecia sobre Construcci\u00f3n Colaborativa y Social y Vivir 2025 - International Center for Community Land Trusts","robots":{"index":"index","follow":"follow","max-snippet":"max-snippet:-1","max-image-preview":"max-image-preview:large","max-video-preview":"max-video-preview:-1"},"canonical":"https:\/\/www.cltweb.org\/es\/2025\/10\/24\/presentacion-del-modelo-clt-en-la-conferencia-de-suecia-sobre-construccion-colaborativa-y-social-y-vivir-2025\/","og_locale":"es_ES","og_type":"article","og_title":"Presentaci\u00f3n del modelo CLT en la Conferencia de Suecia sobre Construcci\u00f3n Colaborativa y Social y Vivir 2025","og_description":"Por Jonas Lagander, Coompa\u00f1ero Coompanion particip\u00f3 este a\u00f1o en la conferencia &#8220;Collaborative and Social Building and Living&#8221;, celebrada en Bor\u00e5s (Suecia), y organiz\u00f3 dos seminarios sobre CLT. Junto con otros [&hellip;]","og_url":"https:\/\/www.cltweb.org\/es\/2025\/10\/24\/presentacion-del-modelo-clt-en-la-conferencia-de-suecia-sobre-construccion-colaborativa-y-social-y-vivir-2025\/","og_site_name":"International Center for Community Land Trusts","article_publisher":"https:\/\/www.facebook.com\/cltcenter","article_published_time":"2025-10-24T12:58:57+00:00","article_modified_time":"2025-10-29T13:59:45+00:00","author":"Ben Harris","twitter_card":"summary_large_image","twitter_creator":"@Center4CLTs","twitter_site":"@Center4CLTs","twitter_misc":{"Escrito por":"Ben Harris","Tiempo de lectura":"3 minutos"},"schema":{"@context":"https:\/\/schema.org","@graph":[{"@type":"Article","@id":"https:\/\/www.cltweb.org\/es\/2025\/10\/24\/presentacion-del-modelo-clt-en-la-conferencia-de-suecia-sobre-construccion-colaborativa-y-social-y-vivir-2025\/#article","isPartOf":{"@id":"https:\/\/www.cltweb.org\/es\/2025\/10\/24\/presentacion-del-modelo-clt-en-la-conferencia-de-suecia-sobre-construccion-colaborativa-y-social-y-vivir-2025\/"},"author":{"name":"Ben Harris","@id":"https:\/\/www.cltweb.org\/es\/#\/schema\/person\/7c9fe56cc945e4b57585dbfe30f2ead4"},"headline":"Presentaci\u00f3n del modelo CLT en la Conferencia de Suecia sobre Construcci\u00f3n Colaborativa y Social y Vivir 2025","datePublished":"2025-10-24T12:58:57+00:00","dateModified":"2025-10-29T13:59:45+00:00","mainEntityOfPage":{"@id":"https:\/\/www.cltweb.org\/es\/2025\/10\/24\/presentacion-del-modelo-clt-en-la-conferencia-de-suecia-sobre-construccion-colaborativa-y-social-y-vivir-2025\/"},"wordCount":603,"publisher":{"@id":"https:\/\/www.cltweb.org\/es\/#organization"},"image":{"@id":"https:\/\/www.cltweb.org\/es\/2025\/10\/24\/presentacion-del-modelo-clt-en-la-conferencia-de-suecia-sobre-construccion-colaborativa-y-social-y-vivir-2025\/#primaryimage"},"thumbnailUrl":"https:\/\/www.cltweb.org\/wp-content\/uploads\/2025\/10\/IMG_6480.jpg","keywords":["europa","fideicomiso de la tierra","suecia"],"articleSection":["Blogs","Pa\u00edses"],"inLanguage":"es"},{"@type":"WebPage","@id":"https:\/\/www.cltweb.org\/es\/2025\/10\/24\/presentacion-del-modelo-clt-en-la-conferencia-de-suecia-sobre-construccion-colaborativa-y-social-y-vivir-2025\/","url":"https:\/\/www.cltweb.org\/es\/2025\/10\/24\/presentacion-del-modelo-clt-en-la-conferencia-de-suecia-sobre-construccion-colaborativa-y-social-y-vivir-2025\/","name":"Presentaci\u00f3n del modelo CLT en la Conferencia de Suecia sobre Construcci\u00f3n Colaborativa y Social y Vivir 2025 - International Center for Community Land Trusts","isPartOf":{"@id":"https:\/\/www.cltweb.org\/es\/#website"},"primaryImageOfPage":{"@id":"https:\/\/www.cltweb.org\/es\/2025\/10\/24\/presentacion-del-modelo-clt-en-la-conferencia-de-suecia-sobre-construccion-colaborativa-y-social-y-vivir-2025\/#primaryimage"},"image":{"@id":"https:\/\/www.cltweb.org\/es\/2025\/10\/24\/presentacion-del-modelo-clt-en-la-conferencia-de-suecia-sobre-construccion-colaborativa-y-social-y-vivir-2025\/#primaryimage"},"thumbnailUrl":"https:\/\/www.cltweb.org\/wp-content\/uploads\/2025\/10\/IMG_6480.jpg","datePublished":"2025-10-24T12:58:57+00:00","dateModified":"2025-10-29T13:59:45+00:00","breadcrumb":{"@id":"https:\/\/www.cltweb.org\/es\/2025\/10\/24\/presentacion-del-modelo-clt-en-la-conferencia-de-suecia-sobre-construccion-colaborativa-y-social-y-vivir-2025\/#breadcrumb"},"inLanguage":"es","potentialAction":[{"@type":"ReadAction","target":["https:\/\/www.cltweb.org\/es\/2025\/10\/24\/presentacion-del-modelo-clt-en-la-conferencia-de-suecia-sobre-construccion-colaborativa-y-social-y-vivir-2025\/"]}]},{"@type":"ImageObject","inLanguage":"es","@id":"https:\/\/www.cltweb.org\/es\/2025\/10\/24\/presentacion-del-modelo-clt-en-la-conferencia-de-suecia-sobre-construccion-colaborativa-y-social-y-vivir-2025\/#primaryimage","url":"https:\/\/www.cltweb.org\/wp-content\/uploads\/2025\/10\/IMG_6480.jpg","contentUrl":"https:\/\/www.cltweb.org\/wp-content\/uploads\/2025\/10\/IMG_6480.jpg","width":2048,"height":1536},{"@type":"BreadcrumbList","@id":"https:\/\/www.cltweb.org\/es\/2025\/10\/24\/presentacion-del-modelo-clt-en-la-conferencia-de-suecia-sobre-construccion-colaborativa-y-social-y-vivir-2025\/#breadcrumb","itemListElement":[{"@type":"ListItem","position":1,"name":"Home","item":"https:\/\/www.cltweb.org\/es\/"},{"@type":"ListItem","position":2,"name":"Presentaci\u00f3n del modelo CLT en la Conferencia de Suecia sobre Construcci\u00f3n Colaborativa y Social y Vivir 2025"}]},{"@type":"WebSite","@id":"https:\/\/www.cltweb.org\/es\/#website","url":"https:\/\/www.cltweb.org\/es\/","name":"International Center for Community Land Trusts","description":"","publisher":{"@id":"https:\/\/www.cltweb.org\/es\/#organization"},"potentialAction":[{"@type":"SearchAction","target":{"@type":"EntryPoint","urlTemplate":"https:\/\/www.cltweb.org\/es\/?s={search_term_string}"},"query-input":{"@type":"PropertyValueSpecification","valueRequired":true,"valueName":"search_term_string"}}],"inLanguage":"es"},{"@type":"Organization","@id":"https:\/\/www.cltweb.org\/es\/#organization","name":"International Center for Community Land Trusts","url":"https:\/\/www.cltweb.org\/es\/","logo":{"@type":"ImageObject","inLanguage":"es","@id":"https:\/\/www.cltweb.org\/es\/#\/schema\/logo\/image\/","url":"https:\/\/www.cltweb.org\/wp-content\/uploads\/2024\/11\/New-CLT-Center-Text-logo.png","contentUrl":"https:\/\/www.cltweb.org\/wp-content\/uploads\/2024\/11\/New-CLT-Center-Text-logo.png","width":227,"height":80,"caption":"International Center for Community Land Trusts"},"image":{"@id":"https:\/\/www.cltweb.org\/es\/#\/schema\/logo\/image\/"},"sameAs":["https:\/\/www.facebook.com\/cltcenter","https:\/\/x.com\/Center4CLTs","https:\/\/www.instagram.com\/cltcenter\/","https:\/\/www.linkedin.com\/company\/cltcenter","https:\/\/www.youtube.com\/@centerforcltinnovation5313"],"description":"The International Center for Community Land Trusts is a not-for-profit nongovernmental organization established in 2018 to promote and to support community land trusts and similar strategies of community-led development on community-owned land in countries throughout the world.","email":"info@communitylandtrust.net","legalName":"International Center for Community Land Trusts","foundingDate":"2018-12-01","taxID":"84-3858933","numberOfEmployees":{"@type":"QuantitativeValue","minValue":"1","maxValue":"10"}},{"@type":"Person","@id":"https:\/\/www.cltweb.org\/es\/#\/schema\/person\/7c9fe56cc945e4b57585dbfe30f2ead4","name":"Ben Harris","image":{"@type":"ImageObject","inLanguage":"es","@id":"https:\/\/secure.gravatar.com\/avatar\/12a44d8988553548c22c57da673ee8ffb7e0b87b0197beec533bae3061a92cc5?s=96&d=mm&r=g","url":"https:\/\/secure.gravatar.com\/avatar\/12a44d8988553548c22c57da673ee8ffb7e0b87b0197beec533bae3061a92cc5?s=96&d=mm&r=g","contentUrl":"https:\/\/secure.gravatar.com\/avatar\/12a44d8988553548c22c57da673ee8ffb7e0b87b0197beec533bae3061a92cc5?s=96&d=mm&r=g","caption":"Ben Harris"},"url":"https:\/\/www.cltweb.org\/es\/author\/ben\/"}]}},"taxonomy_info":{"category":[{"value":290,"label":"Blogs"},{"value":101,"label":"Pa\u00edses"}],"post_tag":[{"value":356,"label":"europa"},{"value":335,"label":"fideicomiso de la tierra"},{"value":355,"label":"suecia"}]},"featured_image_src_large":["https:\/\/www.cltweb.org\/wp-content\/uploads\/2025\/10\/IMG_6480-1024x768.jpg",1024,768,true],"author_info":{"display_name":"Ben Harris","author_link":"https:\/\/www.cltweb.org\/es\/author\/ben\/"},"comment_info":0,"category_info":[{"term_id":290,"name":"Blogs","slug":"blogs","term_group":0,"term_taxonomy_id":290,"taxonomy":"category","description":"","parent":0,"count":12,"filter":"raw","cat_ID":290,"category_count":12,"category_description":"","cat_name":"Blogs","category_nicename":"blogs","category_parent":0},{"term_id":101,"name":"Pa\u00edses","slug":"paises","term_group":0,"term_taxonomy_id":101,"taxonomy":"category","description":"","parent":0,"count":14,"filter":"raw","cat_ID":101,"category_count":14,"category_description":"","cat_name":"Pa\u00edses","category_nicename":"paises","category_parent":0}],"tag_info":[{"term_id":356,"name":"europa","slug":"europa","term_group":0,"term_taxonomy_id":356,"taxonomy":"post_tag","description":"","parent":0,"count":1,"filter":"raw"},{"term_id":335,"name":"fideicomiso de la tierra","slug":"fideicomiso-de-la-tierra","term_group":0,"term_taxonomy_id":335,"taxonomy":"post_tag","description":"","parent":0,"count":17,"filter":"raw"},{"term_id":355,"name":"suecia","slug":"suecia","term_group":0,"term_taxonomy_id":355,"taxonomy":"post_tag","description":"","parent":0,"count":1,"filter":"raw"}],"jetpack_featured_media_url":"https:\/\/www.cltweb.org\/wp-content\/uploads\/2025\/10\/IMG_6480.jpg","jetpack_sharing_enabled":true,"jetpack-related-posts":[{"id":10140,"url":"https:\/\/www.cltweb.org\/pt-br\/2025\/10\/24\/apresentacao-do-modelo-clt-na-conferencia-de-construcao-e-vida-colaborativa-e-social-2025-da-suecia\/","url_meta":{"origin":10138,"position":0},"title":"Apresenta\u00e7\u00e3o do modelo CLT na Confer\u00eancia de Constru\u00e7\u00e3o e Vida Colaborativa e Social 2025 da Su\u00e9cia","author":"Ben Harris","date":"24 de octubre de 2025","format":false,"excerpt":"Por Jonas Lagander, Coompanion A Coompanion participou da confer\u00eancia Collaborative and Social Building and Living deste ano em Bor\u00e5s, na Su\u00e9cia, e organizou dois semin\u00e1rios sobre CLTs. Juntamente com outros parceiros relevantes, eles est\u00e3o envolvidos no projeto \"Sistemas de inova\u00e7\u00e3o local em torno das barreiras para moradias colaborativas e baseadas\u2026","rel":"","context":"En \u00abBlogs\u00bb","block_context":{"text":"Blogs","link":"https:\/\/www.cltweb.org\/pt-br\/category\/blogs-pt-br\/"},"img":{"alt_text":"","src":"https:\/\/i0.wp.com\/www.cltweb.org\/wp-content\/uploads\/2025\/10\/IMG_6480.jpg?resize=350%2C200&ssl=1","width":350,"height":200,"srcset":"https:\/\/i0.wp.com\/www.cltweb.org\/wp-content\/uploads\/2025\/10\/IMG_6480.jpg?resize=350%2C200&ssl=1 1x, https:\/\/i0.wp.com\/www.cltweb.org\/wp-content\/uploads\/2025\/10\/IMG_6480.jpg?resize=525%2C300&ssl=1 1.5x, https:\/\/i0.wp.com\/www.cltweb.org\/wp-content\/uploads\/2025\/10\/IMG_6480.jpg?resize=700%2C400&ssl=1 2x, https:\/\/i0.wp.com\/www.cltweb.org\/wp-content\/uploads\/2025\/10\/IMG_6480.jpg?resize=1050%2C600&ssl=1 3x, https:\/\/i0.wp.com\/www.cltweb.org\/wp-content\/uploads\/2025\/10\/IMG_6480.jpg?resize=1400%2C800&ssl=1 4x"},"classes":[]},{"id":9524,"url":"https:\/\/www.cltweb.org\/es\/2025\/05\/21\/bienes-comunes-por-la-justicia-clts-across-continents-en-el-festival-internacional-de-la-vivienda-social\/","url_meta":{"origin":10138,"position":1},"title":"Bienes Comunes por la Justicia: CLTs Across Continents en el Festival Internacional de la Vivienda Social","author":"Ben Harris","date":"21 de mayo de 2025","format":false,"excerpt":"En una \u00e9poca marcada por la crisis de la vivienda, los mercados extractivos de la tierra y la creciente desigualdad, las comunidades de todo el mundo est\u00e1n reclamando los bienes comunes. En el Festival Internacional de la Vivienda Social 2025 de Dubl\u00edn (Irlanda) (4-6 de junio), la Red Europea de\u2026","rel":"","context":"En \u00abBlogs\u00bb","block_context":{"text":"Blogs","link":"https:\/\/www.cltweb.org\/es\/category\/blogs\/"},"img":{"alt_text":"","src":"https:\/\/i0.wp.com\/www.cltweb.org\/wp-content\/uploads\/2025\/05\/Juliet-Can.jpeg?resize=350%2C200&ssl=1","width":350,"height":200},"classes":[]},{"id":6579,"url":"https:\/\/www.cltweb.org\/es\/2022\/10\/20\/la-historia-del-mundo-de-clt\/","url_meta":{"origin":10138,"position":2},"title":"La historia del mundo de CLT","author":"cltredesign_0jp0l4","date":"20 de octubre de 2022","format":false,"excerpt":"Dentro de unas semanas, tras la primera reuni\u00f3n de CLT Gante y CLT Flandes, hemos descubierto dos gastos importantes, uno en el D\u00eda Mundial de CLT.","rel":"","context":"En \u00abSin categorizar\u00bb","block_context":{"text":"Sin categorizar","link":"https:\/\/www.cltweb.org\/es\/category\/sin-categorizar\/"},"img":{"alt_text":"Logotipo de CLT Gent","src":"https:\/\/i0.wp.com\/www.cltweb.org\/wp-content\/uploads\/2022\/10\/CLT-Gent-logo-edited.png?resize=350%2C200&ssl=1","width":350,"height":200},"classes":[]},{"id":9997,"url":"https:\/\/www.cltweb.org\/es\/2025\/10\/20\/una-mirada-al-pasado-y-al-futuro-del-movimiento-estadounidense-de-clt\/","url_meta":{"origin":10138,"position":3},"title":"Una mirada al pasado y al futuro del movimiento estadounidense de CLT","author":"cltredesign_0jp0l4","date":"20 de octubre de 2025","format":false,"excerpt":"John Emmeus Davis habl\u00f3 a los asistentes a la conferencia 2025 Midwest CLT sobre el pasado y el posible futuro del movimiento estadounidense de CLT, y sobre lo que podemos hacer para sortear estos tiempos dif\u00edciles. Esta es una transcripci\u00f3n de sus comentarios extempor\u00e1neos.","rel":"","context":"En \u00abBlogs\u00bb","block_context":{"text":"Blogs","link":"https:\/\/www.cltweb.org\/es\/category\/blogs\/"},"img":{"alt_text":"","src":"","width":0,"height":0},"classes":[]},{"id":7711,"url":"https:\/\/www.cltweb.org\/es\/2024\/11\/18\/el-instituto-lincoln-de-politica-del-suelo-publica-un-informe-sobre-la-conservacion-de-la-propiedad-de-viviendas-asequibles-mediante-fideicomisos-de-la-tierra-comunitarios\/","url_meta":{"origin":10138,"position":4},"title":"El Instituto Lincoln de Pol\u00edtica del Suelo publica un informe sobre la conservaci\u00f3n de la propiedad de viviendas asequibles mediante fideicomisos de la tierra comunitarios","author":"Ben Harris","date":"18 de noviembre de 2024","format":false,"excerpt":"El Informe de Enfoque Pol\u00edtico ofrece una visi\u00f3n de c\u00f3mo los gobiernos municipales apoyan la formaci\u00f3n, expansi\u00f3n y funcionamiento de los CLTs CAMBRIDGE, MA-ElInstituto Lincoln de Pol\u00edtica Territorial ha publicado un nuevo Informe de Enfoque Pol\u00edtico, Preserving Affordable Homeownership: Asociaciones municipales con fideicomisos de la tierra comunitariospor John Emmeus Davis\u2026","rel":"","context":"En \u00abComunicado de prensa\u00bb","block_context":{"text":"Comunicado de prensa","link":"https:\/\/www.cltweb.org\/es\/category\/comunicado-de-prensa\/"},"img":{"alt_text":"","src":"","width":0,"height":0},"classes":[]},{"id":7829,"url":"https:\/\/www.cltweb.org\/es\/2024\/11\/20\/recursos-para-la-participacion-significativa-de-los-jovenes-en-los-clt\/","url_meta":{"origin":10138,"position":5},"title":"Recursos para la participaci\u00f3n significativa de los j\u00f3venes en los CLT","author":"Ben Harris","date":"20 de noviembre de 2024","format":false,"excerpt":"Por Richard Kruger Delgado \u00bfQu\u00e9 significa realmente implicar a los j\u00f3venes de forma significativa en una organizaci\u00f3n? Para organizaciones como los CLT, es necesario cambiar la perspectiva de los j\u00f3venes, de una mera poblaci\u00f3n a la que hay que servir, a reconocerlos como miembros de pleno derecho de la comunidad\u2026","rel":"","context":"En \u00abBlogs\u00bb","block_context":{"text":"Blogs","link":"https:\/\/www.cltweb.org\/es\/category\/blogs\/"},"img":{"alt_text":"","src":"https:\/\/i0.wp.com\/www.cltweb.org\/wp-content\/uploads\/2024\/11\/Screenshot-2024-11-20-at-4.25.46%E2%80%AFPM.png?resize=350%2C200&ssl=1","width":350,"height":200,"srcset":"https:\/\/i0.wp.com\/www.cltweb.org\/wp-content\/uploads\/2024\/11\/Screenshot-2024-11-20-at-4.25.46%E2%80%AFPM.png?resize=350%2C200&ssl=1 1x, https:\/\/i0.wp.com\/www.cltweb.org\/wp-content\/uploads\/2024\/11\/Screenshot-2024-11-20-at-4.25.46%E2%80%AFPM.png?resize=525%2C300&ssl=1 1.5x, https:\/\/i0.wp.com\/www.cltweb.org\/wp-content\/uploads\/2024\/11\/Screenshot-2024-11-20-at-4.25.46%E2%80%AFPM.png?resize=700%2C400&ssl=1 2x"},"classes":[]}],"_links":{"self":[{"href":"https:\/\/www.cltweb.org\/es\/wp-json\/wp\/v2\/posts\/10138","targetHints":{"allow":["GET"]}}],"collection":[{"href":"https:\/\/www.cltweb.org\/es\/wp-json\/wp\/v2\/posts"}],"about":[{"href":"https:\/\/www.cltweb.org\/es\/wp-json\/wp\/v2\/types\/post"}],"author":[{"embeddable":true,"href":"https:\/\/www.cltweb.org\/es\/wp-json\/wp\/v2\/users\/2"}],"replies":[{"embeddable":true,"href":"https:\/\/www.cltweb.org\/es\/wp-json\/wp\/v2\/comments?post=10138"}],"version-history":[{"count":2,"href":"https:\/\/www.cltweb.org\/es\/wp-json\/wp\/v2\/posts\/10138\/revisions"}],"predecessor-version":[{"id":10466,"href":"https:\/\/www.cltweb.org\/es\/wp-json\/wp\/v2\/posts\/10138\/revisions\/10466"}],"wp:featuredmedia":[{"embeddable":true,"href":"https:\/\/www.cltweb.org\/es\/wp-json\/wp\/v2\/media\/10129"}],"wp:attachment":[{"href":"https:\/\/www.cltweb.org\/es\/wp-json\/wp\/v2\/media?parent=10138"}],"wp:term":[{"taxonomy":"category","embeddable":true,"href":"https:\/\/www.cltweb.org\/es\/wp-json\/wp\/v2\/categories?post=10138"},{"taxonomy":"post_tag","embeddable":true,"href":"https:\/\/www.cltweb.org\/es\/wp-json\/wp\/v2\/tags?post=10138"}],"curies":[{"name":"wp","href":"https:\/\/api.w.org\/{rel}","templated":true}]}}