{"id":10666,"date":"2025-11-17T14:49:53","date_gmt":"2025-11-17T14:49:53","guid":{"rendered":"https:\/\/www.cltweb.org\/2025\/11\/17\/las-clt-y-la-accion-climatica-un-movimiento-creciente-para-una-transicion-justa\/"},"modified":"2025-11-17T22:07:43","modified_gmt":"2025-11-17T22:07:43","slug":"las-clt-y-la-accion-climatica-un-movimiento-creciente-para-una-transicion-justa","status":"publish","type":"post","link":"https:\/\/www.cltweb.org\/es\/2025\/11\/17\/las-clt-y-la-accion-climatica-un-movimiento-creciente-para-una-transicion-justa\/","title":{"rendered":"Las CLT y la Acci\u00f3n Clim\u00e1tica: Un movimiento creciente para una transici\u00f3n justa"},"content":{"rendered":"\n<figure class=\"wp-block-image size-full\"><img loading=\"lazy\" decoding=\"async\" width=\"1500\" height=\"300\" src=\"https:\/\/www.cltweb.org\/wp-content\/uploads\/2025\/11\/Land-for-People-Not-for-Profit-Banner.gif\" alt=\"\" class=\"wp-image-10618\"\/><\/figure>\n\n<p><strong><em>Esta historia forma parte de nuestra <a href=\"https:\/\/www.cltweb.org\/es\/2025\/11\/11\/tierra-para-las-personas-no-para-el-beneficio-construir-la-infraestructura-de-un-movimiento-mundial\/\" target=\"_blank\" rel=\"noreferrer noopener\">campa\u00f1a de fin de a\u00f1o<\/a> que celebra c\u00f3mo el Centro CLT<em>  trabaja para servir al movimiento global de CLT. Esta semana, destacamos <\/em>:<\/em><\/strong><\/p>\n\n<h2 class=\"wp-block-heading has-text-align-center has-vivid-green-cyan-background-color has-background\" id=\"h-the-climate-justice-initiative\" style=\"padding-top:var(--wp--preset--spacing--20);padding-right:0;padding-bottom:var(--wp--preset--spacing--20);padding-left:0\">La Iniciativa por la Justicia Clim\u00e1tica<\/h2>\n\n<p>La emergencia clim\u00e1tica ya no es una amenaza lejana: est\u00e1 aqu\u00ed, remodelando d\u00f3nde y c\u00f3mo vive la gente. Para muchas comunidades de bajos ingresos, los impactos clim\u00e1ticos significan perder sus hogares, sus medios de subsistencia e incluso el derecho a permanecer en el lugar. Tras cada inundaci\u00f3n o incendio forestal, se producen acaparamientos de tierras y desplazamientos, ampliando la brecha entre los que pueden recuperarse y los que no.  <\/p>\n\n<p>Sabiendo esto, empezamos a hacernos una pregunta sencilla:<\/p>\n\n<blockquote class=\"wp-block-quote is-layout-flow wp-block-quote-is-layout-flow\">\n<p class=\"has-text-align-left\"><strong><em>\u00bfC\u00f3mo pueden las CLT -las mismas organizaciones que garantizan viviendas asequibles y la administraci\u00f3n colectiva de la tierra- convertirse tambi\u00e9n en infraestructuras para la resiliencia clim\u00e1tica?<\/em><\/strong><\/p>\n<\/blockquote>\n\n<p>Esa misma pregunta evolucion\u00f3 hasta convertirse en la <strong>Iniciativa por la Justicia Clim\u00e1tica<\/strong>, un esfuerzo colectivo que posiciona a las CLT como actores clave para lograr un futuro justo, sostenible, equitativo y descarbonizado. En lugar de basarse en respuestas clim\u00e1ticas de arriba abajo, la iniciativa se basa en d\u00e9cadas de trabajo de administraci\u00f3n del territorio y vivienda asequible dirigido por la comunidad. En todo el mundo, las CLT ya est\u00e1n experimentando con soluciones, dise\u00f1ando viviendas de consumo neto nulo, restaurando ecosistemas, reforzando la soberan\u00eda alimentaria y garantizando que la recuperaci\u00f3n tras un desastre sea colectiva y justa.  <\/p>\n\n<p>Sin embargo, estas innovaciones locales a menudo pasan desapercibidas para los responsables pol\u00edticos y los financiadores. Esta Iniciativa pretende cambiar esta situaci\u00f3n: <\/p>\n\n<ul class=\"wp-block-list\">\n<li><strong>Documentar<\/strong> las estrategias clim\u00e1ticas dirigidas por la comunidad;<\/li>\n\n\n\n<li><strong>Apoyar<\/strong> los intercambios de aprendizaje entre iguales y los estudios de casos elaborados por profesionales;<\/li>\n\n\n\n<li><strong>Producir<\/strong> herramientas pr\u00e1cticas y publicaciones -a trav\u00e9s de <em>Terra Nostra Press- sobre<\/em>adaptaci\u00f3n, mitigaci\u00f3n y equidad;<\/li>\n\n\n\n<li><strong>Abogar<\/strong> por marcos pol\u00edticos que sit\u00faen la justicia territorial en el centro de la acci\u00f3n clim\u00e1tica.<\/li>\n<\/ul>\n\n<figure class=\"wp-block-pullquote has-medium-font-size\" style=\"border-width:1px;border-radius:0px;padding-top:var(--wp--preset--spacing--50);padding-right:var(--wp--preset--spacing--70);padding-bottom:var(--wp--preset--spacing--50);padding-left:var(--wp--preset--spacing--70)\"><blockquote><p>La inteligencia colectiva y el poder comunitario desencadenados por iniciativas como los CLT tienen un gran potencial para afrontar los retos de estas d\u00e9cadas clave para limitar el calentamiento global, garantizando al mismo tiempo la protecci\u00f3n de las comunidades vulnerables. Las primeras sesiones de aprendizaje entre iguales sobre CLTs y Justicia Clim\u00e1tica que organizamos este a\u00f1o muestran que los CLTs ya aplican muchas pr\u00e1cticas interesantes e innovadoras a nivel local. Para ampliarlas, es necesario que se conozcan y que reciban el apoyo p\u00fablico adecuado. Es urgente producir pruebas para apoyar el trabajo de defensa de las redes nacionales y regionales de CLT y fomentar iniciativas piloto en todas partes.   <\/p><cite><strong>&#8211; Pierre Arnold, <em>Jefe de Proyecto de la Iniciativa por la Justicia Clim\u00e1tica \/ Representante de la Junta Directiva de la Coalici\u00f3n Internacional para el H\u00e1bitat en Europa<\/em><\/strong><\/cite><\/blockquote><\/figure>\n\n<h2 class=\"wp-block-heading has-text-align-center\" id=\"h-online-peer-learning-workshops\">Talleres de aprendizaje entre iguales en l\u00ednea<\/h2>\n\n<p>En mayo de 2025, dimos el pistoletazo de salida durante &#8220;<a href=\"https:\/\/www.youtube.com\/watch?v=If6w7i3vhOk&amp;list=PLmjDAEylHA2niFqwD-CiGk0H9LeUC7B7T\" target=\"_blank\" rel=\"noreferrer noopener\">Las CLT y la Acci\u00f3n Clim\u00e1tica: Un Di\u00e1logo Global para el D\u00eda Mundial de las CLT 2025<\/a>&#8220;, una sesi\u00f3n de aprendizaje entre iguales que reuni\u00f3 a profesionales de distintas partes del mundo para explorar c\u00f3mo est\u00e1n respondiendo las CLT a la crisis clim\u00e1tica.<\/p>\n\n<p>Tras ese primer di\u00e1logo, el Centro empez\u00f3 a organizar una serie de talleres mensuales para mantener viva la conversaci\u00f3n y la colaboraci\u00f3n:<\/p>\n\n<div class=\"wp-block-columns is-layout-flex wp-container-core-columns-is-layout-28f84493 wp-block-columns-is-layout-flex\">\n<div class=\"wp-block-column is-layout-flow wp-block-column-is-layout-flow\">\n<h3 class=\"wp-block-heading has-text-align-center\" id=\"h-september\">Septiembre<\/h3>\n\n\n\n<p><em><strong>Preparaci\u00f3n y recuperaci\u00f3n ante cat\u00e1strofes<\/strong><\/em><strong>: <\/strong>Aprendizaje entre iguales sobre planificaci\u00f3n, respuesta y reconstrucci\u00f3n conjuntas.<\/p>\n\n\n\n<figure class=\"wp-block-embed is-type-video is-provider-youtube wp-block-embed-youtube wp-embed-aspect-16-9 wp-has-aspect-ratio\"><div class=\"wp-block-embed__wrapper\">\n<iframe loading=\"lazy\" title=\"Innovating for Climate Resilience: CLTs in Florida\u2019s Policy Landscape\" width=\"1290\" height=\"726\" src=\"https:\/\/www.youtube.com\/embed\/klh-bWauAmc?list=PLmjDAEylHA2l0MRcVLeuX2EwVi0SAdTYt\" frameborder=\"0\" allow=\"accelerometer; autoplay; clipboard-write; encrypted-media; gyroscope; picture-in-picture; web-share\" referrerpolicy=\"strict-origin-when-cross-origin\" allowfullscreen><\/iframe>\n<\/div><figcaption class=\"wp-element-caption\">&#8220;Innovar para la resistencia clim\u00e1tica: Las CLT en el panorama pol\u00edtico de Florida&#8221; &#8211; <em><strong>Frank Wells, Bright Community Trust (EEUU)<\/strong><\/em><\/figcaption><\/figure>\n\n\n\n<figure class=\"wp-block-embed is-type-video is-provider-youtube wp-block-embed-youtube wp-embed-aspect-16-9 wp-has-aspect-ratio\"><div class=\"wp-block-embed__wrapper\">\n<iframe loading=\"lazy\" title=\"Building Affordability in High Cost and Disaster Areas through CLTs and Manufactured Housing\" width=\"1290\" height=\"726\" src=\"https:\/\/www.youtube.com\/embed\/3hz4lwGrVRc?list=PLmjDAEylHA2l0MRcVLeuX2EwVi0SAdTYt\" frameborder=\"0\" allow=\"accelerometer; autoplay; clipboard-write; encrypted-media; gyroscope; picture-in-picture; web-share\" referrerpolicy=\"strict-origin-when-cross-origin\" allowfullscreen><\/iframe>\n<\/div><figcaption class=\"wp-element-caption\">&#8220;Construir asequibilidad en zonas de alto coste y cat\u00e1strofes mediante CLT y viviendas prefabricadas&#8221; &#8211; <em><strong>Dev Goetschius, Housing Land Trust of the North Bay (EEUU)<\/strong><\/em><\/figcaption><\/figure>\n<\/div>\n\n\n\n<div class=\"wp-block-column is-layout-flow wp-block-column-is-layout-flow\">\n<h3 class=\"wp-block-heading has-text-align-center\" id=\"h-october\">Octubre<\/h3>\n\n\n\n<p><em><strong>Retroadaptaci\u00f3n Energ\u00e9tica<\/strong><\/em><strong>:<\/strong> C\u00f3mo los CLT pueden descarbonizar de forma asequible al tiempo que mejoran el confort y la salud<\/p>\n\n\n\n<figure class=\"wp-block-embed is-type-video is-provider-youtube wp-block-embed-youtube wp-embed-aspect-16-9 wp-has-aspect-ratio\"><div class=\"wp-block-embed__wrapper\">\n<iframe loading=\"lazy\" title=\"Integrating the CLT Model into Energy Retrofit: Lessons from Brussels\" width=\"1290\" height=\"726\" src=\"https:\/\/www.youtube.com\/embed\/RklW0GvXlsk?feature=oembed\" frameborder=\"0\" allow=\"accelerometer; autoplay; clipboard-write; encrypted-media; gyroscope; picture-in-picture; web-share\" referrerpolicy=\"strict-origin-when-cross-origin\" allowfullscreen><\/iframe>\n<\/div><figcaption class=\"wp-element-caption\">&#8220;Integraci\u00f3n del modelo CLT en la rehabilitaci\u00f3n energ\u00e9tica: Lecciones de Bruselas&#8221; &#8211; <strong><em>Geert De Pauw, CLTB (B\u00e9lgica)<\/em><\/strong><\/figcaption><\/figure>\n\n\n\n<figure class=\"wp-block-embed is-type-video is-provider-youtube wp-block-embed-youtube wp-embed-aspect-16-9 wp-has-aspect-ratio\"><div class=\"wp-block-embed__wrapper\">\n<iframe loading=\"lazy\" title=\"Transforming Rural Housing Through CLTs: The South of Scotland Experience\" width=\"1290\" height=\"726\" src=\"https:\/\/www.youtube.com\/embed\/hlFjNf1yT_A?feature=oembed\" frameborder=\"0\" allow=\"accelerometer; autoplay; clipboard-write; encrypted-media; gyroscope; picture-in-picture; web-share\" referrerpolicy=\"strict-origin-when-cross-origin\" allowfullscreen><\/iframe>\n<\/div><figcaption class=\"wp-element-caption\">&#8220;Transformaci\u00f3n de la vivienda rural a trav\u00e9s de las CLT: La experiencia del sur de Escocia&#8221; &#8211; <strong><em>Chris Dalglish y Mike Staples, SOSCH (Escocia)<\/em><\/strong><\/figcaption><\/figure>\n<\/div>\n<\/div>\n\n<p class=\"has-text-align-center\"><strong>\u00bfEres un profesional de CLT y est\u00e1s interesado en participar en futuros talleres sobre CLT y Justicia Clim\u00e1tica?<\/strong><\/p>\n\n<div class=\"wp-block-buttons is-content-justification-center is-layout-flex wp-container-core-buttons-is-layout-a89b3969 wp-block-buttons-is-layout-flex\">\n<div class=\"wp-block-button\"><a class=\"wp-block-button__link has-text-align-center wp-element-button\" href=\"https:\/\/form.jotform.com\/253203225515143\" target=\"_blank\" rel=\"noreferrer noopener\"><strong>Rellena este breve formulario<\/strong><\/a><\/div>\n<\/div>\n\n<h2 class=\"wp-block-heading\" id=\"h-support-our-work\">Apoya nuestro trabajo<\/h2>\n\n<p>A trav\u00e9s de la Iniciativa por la Justicia Clim\u00e1tica, el Centro CLT aspira a un mundo en el que las comunidades organizadas reduzcan su impacto medioambiental, refuercen la preparaci\u00f3n colectiva y se recuperen juntas tras las cat\u00e1strofes.<\/p>\n\n<p>Cada intercambio entre compa\u00f1eros, cada caja de herramientas, cada lecci\u00f3n compartida fortalece el movimiento por la justicia clim\u00e1tica y de vivienda.<\/p>\n\n<div class=\"wp-block-buttons is-content-justification-center is-layout-flex wp-container-core-buttons-is-layout-a89b3969 wp-block-buttons-is-layout-flex\">\n<div class=\"wp-block-button\"><a class=\"wp-block-button__link has-text-align-center wp-element-button\" href=\"https:\/\/www.cltweb.org\/es\/sobre-nosotros\/dona\/\" target=\"_blank\" rel=\"noreferrer noopener\"><strong>Apoya nuestro trabajo<\/strong><\/a><\/div>\n<\/div>\n\n<p><\/p>\n","protected":false},"excerpt":{"rendered":"<p>Esta historia forma parte de nuestra campa\u00f1a de fin de a\u00f1o que celebra c\u00f3mo el Centro CLT trabaja para servir al movimiento global de CLT. Esta semana, destacamos : La [&hellip;]<\/p>\n","protected":false},"author":2,"featured_media":0,"comment_status":"closed","ping_status":"open","sticky":false,"template":"","format":"standard","meta":{"give_campaign_id":0,"_tec_requires_first_save":true,"_kad_blocks_custom_css":"","_kad_blocks_head_custom_js":"","_kad_blocks_body_custom_js":"","_kad_blocks_footer_custom_js":"","_EventAllDay":false,"_EventTimezone":"","_EventStartDate":"","_EventEndDate":"","_EventStartDateUTC":"","_EventEndDateUTC":"","_EventShowMap":false,"_EventShowMapLink":false,"_EventURL":"","_EventCost":"","_EventCostDescription":"","_EventCurrencySymbol":"","_EventCurrencyCode":"","_EventCurrencyPosition":"","_EventDateTimeSeparator":"","_EventTimeRangeSeparator":"","_EventOrganizerID":[],"_EventVenueID":[],"_OrganizerEmail":"","_OrganizerPhone":"","_OrganizerWebsite":"","_VenueAddress":"","_VenueCity":"","_VenueCountry":"","_VenueProvince":"","_VenueState":"","_VenueZip":"","_VenuePhone":"","_VenueURL":"","_VenueStateProvince":"","_VenueLat":"","_VenueLng":"","_VenueShowMap":false,"_VenueShowMapLink":false,"_tribe_blocks_recurrence_rules":"","_tribe_blocks_recurrence_description":"","_tribe_blocks_recurrence_exclusions":"","_jetpack_memberships_contains_paid_content":false,"footnotes":""},"categories":[372],"tags":[374,373],"class_list":["post-10666","post","type-post","status-publish","format-standard","hentry","category-iniciativa-de-justicia-climatica","tag-accion-climatica","tag-justicia-climatica"],"blocksy_meta":[],"yoast_head":"<!-- This site is optimized with the Yoast SEO Premium plugin v27.4 (Yoast SEO v27.5) - https:\/\/yoast.com\/product\/yoast-seo-premium-wordpress\/ -->\n<title>Las CLT y la Acci\u00f3n Clim\u00e1tica: Un movimiento creciente para una transici\u00f3n justa - International Center for Community Land Trusts<\/title>\n<meta name=\"robots\" content=\"index, follow, max-snippet:-1, max-image-preview:large, max-video-preview:-1\" \/>\n<link rel=\"canonical\" href=\"https:\/\/www.cltweb.org\/es\/2025\/11\/17\/las-clt-y-la-accion-climatica-un-movimiento-creciente-para-una-transicion-justa\/\" \/>\n<meta property=\"og:locale\" content=\"es_ES\" \/>\n<meta property=\"og:type\" content=\"article\" \/>\n<meta property=\"og:title\" content=\"Las CLT y la Acci\u00f3n Clim\u00e1tica: Un movimiento creciente para una transici\u00f3n justa\" \/>\n<meta property=\"og:description\" content=\"Esta historia forma parte de nuestra campa\u00f1a de fin de a\u00f1o que celebra c\u00f3mo el Centro CLT trabaja para servir al movimiento global de CLT. Esta semana, destacamos : La [&hellip;]\" \/>\n<meta property=\"og:url\" content=\"https:\/\/www.cltweb.org\/es\/2025\/11\/17\/las-clt-y-la-accion-climatica-un-movimiento-creciente-para-una-transicion-justa\/\" \/>\n<meta property=\"og:site_name\" content=\"International Center for Community Land Trusts\" \/>\n<meta property=\"article:publisher\" content=\"https:\/\/www.facebook.com\/cltcenter\" \/>\n<meta property=\"article:published_time\" content=\"2025-11-17T14:49:53+00:00\" \/>\n<meta property=\"article:modified_time\" content=\"2025-11-17T22:07:43+00:00\" \/>\n<meta property=\"og:image\" content=\"https:\/\/www.cltweb.org\/wp-content\/uploads\/2025\/11\/Land-for-People-Not-for-Profit-Banner.gif\" \/>\n\t<meta property=\"og:image:width\" content=\"1500\" \/>\n\t<meta property=\"og:image:height\" content=\"300\" \/>\n\t<meta property=\"og:image:type\" content=\"image\/gif\" \/>\n<meta name=\"author\" content=\"Ben Harris\" \/>\n<meta name=\"twitter:card\" content=\"summary_large_image\" \/>\n<meta name=\"twitter:creator\" content=\"@Center4CLTs\" \/>\n<meta name=\"twitter:site\" content=\"@Center4CLTs\" \/>\n<meta name=\"twitter:label1\" content=\"Escrito por\" \/>\n\t<meta name=\"twitter:data1\" content=\"Ben Harris\" \/>\n\t<meta name=\"twitter:label2\" content=\"Tiempo de lectura\" \/>\n\t<meta name=\"twitter:data2\" content=\"4 minutos\" \/>\n<script type=\"application\/ld+json\" class=\"yoast-schema-graph\">{\"@context\":\"https:\\\/\\\/schema.org\",\"@graph\":[{\"@type\":\"Article\",\"@id\":\"https:\\\/\\\/www.cltweb.org\\\/es\\\/2025\\\/11\\\/17\\\/las-clt-y-la-accion-climatica-un-movimiento-creciente-para-una-transicion-justa\\\/#article\",\"isPartOf\":{\"@id\":\"https:\\\/\\\/www.cltweb.org\\\/es\\\/2025\\\/11\\\/17\\\/las-clt-y-la-accion-climatica-un-movimiento-creciente-para-una-transicion-justa\\\/\"},\"author\":{\"name\":\"Ben Harris\",\"@id\":\"https:\\\/\\\/www.cltweb.org\\\/es\\\/#\\\/schema\\\/person\\\/7c9fe56cc945e4b57585dbfe30f2ead4\"},\"headline\":\"Las CLT y la Acci\u00f3n Clim\u00e1tica: Un movimiento creciente para una transici\u00f3n justa\",\"datePublished\":\"2025-11-17T14:49:53+00:00\",\"dateModified\":\"2025-11-17T22:07:43+00:00\",\"mainEntityOfPage\":{\"@id\":\"https:\\\/\\\/www.cltweb.org\\\/es\\\/2025\\\/11\\\/17\\\/las-clt-y-la-accion-climatica-un-movimiento-creciente-para-una-transicion-justa\\\/\"},\"wordCount\":877,\"publisher\":{\"@id\":\"https:\\\/\\\/www.cltweb.org\\\/es\\\/#organization\"},\"image\":{\"@id\":\"https:\\\/\\\/www.cltweb.org\\\/es\\\/2025\\\/11\\\/17\\\/las-clt-y-la-accion-climatica-un-movimiento-creciente-para-una-transicion-justa\\\/#primaryimage\"},\"thumbnailUrl\":\"https:\\\/\\\/www.cltweb.org\\\/wp-content\\\/uploads\\\/2025\\\/11\\\/Land-for-People-Not-for-Profit-Banner.gif\",\"keywords\":[\"acci\u00f3n clim\u00e1tica\",\"justicia clim\u00e1tica\"],\"articleSection\":[\"Iniciativa de Justicia Clim\u00e1tica\"],\"inLanguage\":\"es\"},{\"@type\":\"WebPage\",\"@id\":\"https:\\\/\\\/www.cltweb.org\\\/es\\\/2025\\\/11\\\/17\\\/las-clt-y-la-accion-climatica-un-movimiento-creciente-para-una-transicion-justa\\\/\",\"url\":\"https:\\\/\\\/www.cltweb.org\\\/es\\\/2025\\\/11\\\/17\\\/las-clt-y-la-accion-climatica-un-movimiento-creciente-para-una-transicion-justa\\\/\",\"name\":\"Las CLT y la Acci\u00f3n Clim\u00e1tica: Un movimiento creciente para una transici\u00f3n justa - International Center for Community Land Trusts\",\"isPartOf\":{\"@id\":\"https:\\\/\\\/www.cltweb.org\\\/es\\\/#website\"},\"primaryImageOfPage\":{\"@id\":\"https:\\\/\\\/www.cltweb.org\\\/es\\\/2025\\\/11\\\/17\\\/las-clt-y-la-accion-climatica-un-movimiento-creciente-para-una-transicion-justa\\\/#primaryimage\"},\"image\":{\"@id\":\"https:\\\/\\\/www.cltweb.org\\\/es\\\/2025\\\/11\\\/17\\\/las-clt-y-la-accion-climatica-un-movimiento-creciente-para-una-transicion-justa\\\/#primaryimage\"},\"thumbnailUrl\":\"https:\\\/\\\/www.cltweb.org\\\/wp-content\\\/uploads\\\/2025\\\/11\\\/Land-for-People-Not-for-Profit-Banner.gif\",\"datePublished\":\"2025-11-17T14:49:53+00:00\",\"dateModified\":\"2025-11-17T22:07:43+00:00\",\"breadcrumb\":{\"@id\":\"https:\\\/\\\/www.cltweb.org\\\/es\\\/2025\\\/11\\\/17\\\/las-clt-y-la-accion-climatica-un-movimiento-creciente-para-una-transicion-justa\\\/#breadcrumb\"},\"inLanguage\":\"es\",\"potentialAction\":[{\"@type\":\"ReadAction\",\"target\":[\"https:\\\/\\\/www.cltweb.org\\\/es\\\/2025\\\/11\\\/17\\\/las-clt-y-la-accion-climatica-un-movimiento-creciente-para-una-transicion-justa\\\/\"]}]},{\"@type\":\"ImageObject\",\"inLanguage\":\"es\",\"@id\":\"https:\\\/\\\/www.cltweb.org\\\/es\\\/2025\\\/11\\\/17\\\/las-clt-y-la-accion-climatica-un-movimiento-creciente-para-una-transicion-justa\\\/#primaryimage\",\"url\":\"https:\\\/\\\/www.cltweb.org\\\/wp-content\\\/uploads\\\/2025\\\/11\\\/Land-for-People-Not-for-Profit-Banner.gif\",\"contentUrl\":\"https:\\\/\\\/www.cltweb.org\\\/wp-content\\\/uploads\\\/2025\\\/11\\\/Land-for-People-Not-for-Profit-Banner.gif\"},{\"@type\":\"BreadcrumbList\",\"@id\":\"https:\\\/\\\/www.cltweb.org\\\/es\\\/2025\\\/11\\\/17\\\/las-clt-y-la-accion-climatica-un-movimiento-creciente-para-una-transicion-justa\\\/#breadcrumb\",\"itemListElement\":[{\"@type\":\"ListItem\",\"position\":1,\"name\":\"Home\",\"item\":\"https:\\\/\\\/www.cltweb.org\\\/es\\\/\"},{\"@type\":\"ListItem\",\"position\":2,\"name\":\"Las CLT y la Acci\u00f3n Clim\u00e1tica: Un movimiento creciente para una transici\u00f3n justa\"}]},{\"@type\":\"WebSite\",\"@id\":\"https:\\\/\\\/www.cltweb.org\\\/es\\\/#website\",\"url\":\"https:\\\/\\\/www.cltweb.org\\\/es\\\/\",\"name\":\"International Center for Community Land Trusts\",\"description\":\"\",\"publisher\":{\"@id\":\"https:\\\/\\\/www.cltweb.org\\\/es\\\/#organization\"},\"potentialAction\":[{\"@type\":\"SearchAction\",\"target\":{\"@type\":\"EntryPoint\",\"urlTemplate\":\"https:\\\/\\\/www.cltweb.org\\\/es\\\/?s={search_term_string}\"},\"query-input\":{\"@type\":\"PropertyValueSpecification\",\"valueRequired\":true,\"valueName\":\"search_term_string\"}}],\"inLanguage\":\"es\"},{\"@type\":\"Organization\",\"@id\":\"https:\\\/\\\/www.cltweb.org\\\/es\\\/#organization\",\"name\":\"International Center for Community Land Trusts\",\"url\":\"https:\\\/\\\/www.cltweb.org\\\/es\\\/\",\"logo\":{\"@type\":\"ImageObject\",\"inLanguage\":\"es\",\"@id\":\"https:\\\/\\\/www.cltweb.org\\\/es\\\/#\\\/schema\\\/logo\\\/image\\\/\",\"url\":\"https:\\\/\\\/www.cltweb.org\\\/wp-content\\\/uploads\\\/2024\\\/11\\\/New-CLT-Center-Text-logo.png\",\"contentUrl\":\"https:\\\/\\\/www.cltweb.org\\\/wp-content\\\/uploads\\\/2024\\\/11\\\/New-CLT-Center-Text-logo.png\",\"width\":227,\"height\":80,\"caption\":\"International Center for Community Land Trusts\"},\"image\":{\"@id\":\"https:\\\/\\\/www.cltweb.org\\\/es\\\/#\\\/schema\\\/logo\\\/image\\\/\"},\"sameAs\":[\"https:\\\/\\\/www.facebook.com\\\/cltcenter\",\"https:\\\/\\\/x.com\\\/Center4CLTs\",\"https:\\\/\\\/www.instagram.com\\\/cltcenter\\\/\",\"https:\\\/\\\/www.linkedin.com\\\/company\\\/cltcenter\",\"https:\\\/\\\/www.youtube.com\\\/@centerforcltinnovation5313\"],\"description\":\"The International Center for Community Land Trusts is a not-for-profit nongovernmental organization established in 2018 to promote and to support community land trusts and similar strategies of community-led development on community-owned land in countries throughout the world.\",\"email\":\"info@communitylandtrust.net\",\"legalName\":\"International Center for Community Land Trusts\",\"foundingDate\":\"2018-12-01\",\"taxID\":\"84-3858933\",\"numberOfEmployees\":{\"@type\":\"QuantitativeValue\",\"minValue\":\"1\",\"maxValue\":\"10\"}},{\"@type\":\"Person\",\"@id\":\"https:\\\/\\\/www.cltweb.org\\\/es\\\/#\\\/schema\\\/person\\\/7c9fe56cc945e4b57585dbfe30f2ead4\",\"name\":\"Ben Harris\",\"image\":{\"@type\":\"ImageObject\",\"inLanguage\":\"es\",\"@id\":\"https:\\\/\\\/secure.gravatar.com\\\/avatar\\\/12a44d8988553548c22c57da673ee8ffb7e0b87b0197beec533bae3061a92cc5?s=96&d=mm&r=g\",\"url\":\"https:\\\/\\\/secure.gravatar.com\\\/avatar\\\/12a44d8988553548c22c57da673ee8ffb7e0b87b0197beec533bae3061a92cc5?s=96&d=mm&r=g\",\"contentUrl\":\"https:\\\/\\\/secure.gravatar.com\\\/avatar\\\/12a44d8988553548c22c57da673ee8ffb7e0b87b0197beec533bae3061a92cc5?s=96&d=mm&r=g\",\"caption\":\"Ben Harris\"},\"url\":\"https:\\\/\\\/www.cltweb.org\\\/es\\\/author\\\/ben\\\/\"}]}<\/script>\n<!-- \/ Yoast SEO Premium plugin. -->","yoast_head_json":{"title":"Las CLT y la Acci\u00f3n Clim\u00e1tica: Un movimiento creciente para una transici\u00f3n justa - International Center for Community Land Trusts","robots":{"index":"index","follow":"follow","max-snippet":"max-snippet:-1","max-image-preview":"max-image-preview:large","max-video-preview":"max-video-preview:-1"},"canonical":"https:\/\/www.cltweb.org\/es\/2025\/11\/17\/las-clt-y-la-accion-climatica-un-movimiento-creciente-para-una-transicion-justa\/","og_locale":"es_ES","og_type":"article","og_title":"Las CLT y la Acci\u00f3n Clim\u00e1tica: Un movimiento creciente para una transici\u00f3n justa","og_description":"Esta historia forma parte de nuestra campa\u00f1a de fin de a\u00f1o que celebra c\u00f3mo el Centro CLT trabaja para servir al movimiento global de CLT. Esta semana, destacamos : La [&hellip;]","og_url":"https:\/\/www.cltweb.org\/es\/2025\/11\/17\/las-clt-y-la-accion-climatica-un-movimiento-creciente-para-una-transicion-justa\/","og_site_name":"International Center for Community Land Trusts","article_publisher":"https:\/\/www.facebook.com\/cltcenter","article_published_time":"2025-11-17T14:49:53+00:00","article_modified_time":"2025-11-17T22:07:43+00:00","og_image":[{"width":1500,"height":300,"url":"https:\/\/www.cltweb.org\/wp-content\/uploads\/2025\/11\/Land-for-People-Not-for-Profit-Banner.gif","type":"image\/gif"}],"author":"Ben Harris","twitter_card":"summary_large_image","twitter_creator":"@Center4CLTs","twitter_site":"@Center4CLTs","twitter_misc":{"Escrito por":"Ben Harris","Tiempo de lectura":"4 minutos"},"schema":{"@context":"https:\/\/schema.org","@graph":[{"@type":"Article","@id":"https:\/\/www.cltweb.org\/es\/2025\/11\/17\/las-clt-y-la-accion-climatica-un-movimiento-creciente-para-una-transicion-justa\/#article","isPartOf":{"@id":"https:\/\/www.cltweb.org\/es\/2025\/11\/17\/las-clt-y-la-accion-climatica-un-movimiento-creciente-para-una-transicion-justa\/"},"author":{"name":"Ben Harris","@id":"https:\/\/www.cltweb.org\/es\/#\/schema\/person\/7c9fe56cc945e4b57585dbfe30f2ead4"},"headline":"Las CLT y la Acci\u00f3n Clim\u00e1tica: Un movimiento creciente para una transici\u00f3n justa","datePublished":"2025-11-17T14:49:53+00:00","dateModified":"2025-11-17T22:07:43+00:00","mainEntityOfPage":{"@id":"https:\/\/www.cltweb.org\/es\/2025\/11\/17\/las-clt-y-la-accion-climatica-un-movimiento-creciente-para-una-transicion-justa\/"},"wordCount":877,"publisher":{"@id":"https:\/\/www.cltweb.org\/es\/#organization"},"image":{"@id":"https:\/\/www.cltweb.org\/es\/2025\/11\/17\/las-clt-y-la-accion-climatica-un-movimiento-creciente-para-una-transicion-justa\/#primaryimage"},"thumbnailUrl":"https:\/\/www.cltweb.org\/wp-content\/uploads\/2025\/11\/Land-for-People-Not-for-Profit-Banner.gif","keywords":["acci\u00f3n clim\u00e1tica","justicia clim\u00e1tica"],"articleSection":["Iniciativa de Justicia Clim\u00e1tica"],"inLanguage":"es"},{"@type":"WebPage","@id":"https:\/\/www.cltweb.org\/es\/2025\/11\/17\/las-clt-y-la-accion-climatica-un-movimiento-creciente-para-una-transicion-justa\/","url":"https:\/\/www.cltweb.org\/es\/2025\/11\/17\/las-clt-y-la-accion-climatica-un-movimiento-creciente-para-una-transicion-justa\/","name":"Las CLT y la Acci\u00f3n Clim\u00e1tica: Un movimiento creciente para una transici\u00f3n justa - International Center for Community Land Trusts","isPartOf":{"@id":"https:\/\/www.cltweb.org\/es\/#website"},"primaryImageOfPage":{"@id":"https:\/\/www.cltweb.org\/es\/2025\/11\/17\/las-clt-y-la-accion-climatica-un-movimiento-creciente-para-una-transicion-justa\/#primaryimage"},"image":{"@id":"https:\/\/www.cltweb.org\/es\/2025\/11\/17\/las-clt-y-la-accion-climatica-un-movimiento-creciente-para-una-transicion-justa\/#primaryimage"},"thumbnailUrl":"https:\/\/www.cltweb.org\/wp-content\/uploads\/2025\/11\/Land-for-People-Not-for-Profit-Banner.gif","datePublished":"2025-11-17T14:49:53+00:00","dateModified":"2025-11-17T22:07:43+00:00","breadcrumb":{"@id":"https:\/\/www.cltweb.org\/es\/2025\/11\/17\/las-clt-y-la-accion-climatica-un-movimiento-creciente-para-una-transicion-justa\/#breadcrumb"},"inLanguage":"es","potentialAction":[{"@type":"ReadAction","target":["https:\/\/www.cltweb.org\/es\/2025\/11\/17\/las-clt-y-la-accion-climatica-un-movimiento-creciente-para-una-transicion-justa\/"]}]},{"@type":"ImageObject","inLanguage":"es","@id":"https:\/\/www.cltweb.org\/es\/2025\/11\/17\/las-clt-y-la-accion-climatica-un-movimiento-creciente-para-una-transicion-justa\/#primaryimage","url":"https:\/\/www.cltweb.org\/wp-content\/uploads\/2025\/11\/Land-for-People-Not-for-Profit-Banner.gif","contentUrl":"https:\/\/www.cltweb.org\/wp-content\/uploads\/2025\/11\/Land-for-People-Not-for-Profit-Banner.gif"},{"@type":"BreadcrumbList","@id":"https:\/\/www.cltweb.org\/es\/2025\/11\/17\/las-clt-y-la-accion-climatica-un-movimiento-creciente-para-una-transicion-justa\/#breadcrumb","itemListElement":[{"@type":"ListItem","position":1,"name":"Home","item":"https:\/\/www.cltweb.org\/es\/"},{"@type":"ListItem","position":2,"name":"Las CLT y la Acci\u00f3n Clim\u00e1tica: Un movimiento creciente para una transici\u00f3n justa"}]},{"@type":"WebSite","@id":"https:\/\/www.cltweb.org\/es\/#website","url":"https:\/\/www.cltweb.org\/es\/","name":"International Center for Community Land Trusts","description":"","publisher":{"@id":"https:\/\/www.cltweb.org\/es\/#organization"},"potentialAction":[{"@type":"SearchAction","target":{"@type":"EntryPoint","urlTemplate":"https:\/\/www.cltweb.org\/es\/?s={search_term_string}"},"query-input":{"@type":"PropertyValueSpecification","valueRequired":true,"valueName":"search_term_string"}}],"inLanguage":"es"},{"@type":"Organization","@id":"https:\/\/www.cltweb.org\/es\/#organization","name":"International Center for Community Land Trusts","url":"https:\/\/www.cltweb.org\/es\/","logo":{"@type":"ImageObject","inLanguage":"es","@id":"https:\/\/www.cltweb.org\/es\/#\/schema\/logo\/image\/","url":"https:\/\/www.cltweb.org\/wp-content\/uploads\/2024\/11\/New-CLT-Center-Text-logo.png","contentUrl":"https:\/\/www.cltweb.org\/wp-content\/uploads\/2024\/11\/New-CLT-Center-Text-logo.png","width":227,"height":80,"caption":"International Center for Community Land Trusts"},"image":{"@id":"https:\/\/www.cltweb.org\/es\/#\/schema\/logo\/image\/"},"sameAs":["https:\/\/www.facebook.com\/cltcenter","https:\/\/x.com\/Center4CLTs","https:\/\/www.instagram.com\/cltcenter\/","https:\/\/www.linkedin.com\/company\/cltcenter","https:\/\/www.youtube.com\/@centerforcltinnovation5313"],"description":"The International Center for Community Land Trusts is a not-for-profit nongovernmental organization established in 2018 to promote and to support community land trusts and similar strategies of community-led development on community-owned land in countries throughout the world.","email":"info@communitylandtrust.net","legalName":"International Center for Community Land Trusts","foundingDate":"2018-12-01","taxID":"84-3858933","numberOfEmployees":{"@type":"QuantitativeValue","minValue":"1","maxValue":"10"}},{"@type":"Person","@id":"https:\/\/www.cltweb.org\/es\/#\/schema\/person\/7c9fe56cc945e4b57585dbfe30f2ead4","name":"Ben Harris","image":{"@type":"ImageObject","inLanguage":"es","@id":"https:\/\/secure.gravatar.com\/avatar\/12a44d8988553548c22c57da673ee8ffb7e0b87b0197beec533bae3061a92cc5?s=96&d=mm&r=g","url":"https:\/\/secure.gravatar.com\/avatar\/12a44d8988553548c22c57da673ee8ffb7e0b87b0197beec533bae3061a92cc5?s=96&d=mm&r=g","contentUrl":"https:\/\/secure.gravatar.com\/avatar\/12a44d8988553548c22c57da673ee8ffb7e0b87b0197beec533bae3061a92cc5?s=96&d=mm&r=g","caption":"Ben Harris"},"url":"https:\/\/www.cltweb.org\/es\/author\/ben\/"}]}},"taxonomy_info":{"category":[{"value":372,"label":"Iniciativa de Justicia Clim\u00e1tica"}],"post_tag":[{"value":374,"label":"acci\u00f3n clim\u00e1tica"},{"value":373,"label":"justicia clim\u00e1tica"}]},"featured_image_src_large":false,"author_info":{"display_name":"Ben Harris","author_link":"https:\/\/www.cltweb.org\/es\/author\/ben\/"},"comment_info":0,"category_info":[{"term_id":372,"name":"Iniciativa de Justicia Clim\u00e1tica","slug":"iniciativa-de-justicia-climatica","term_group":0,"term_taxonomy_id":372,"taxonomy":"category","description":"","parent":0,"count":1,"filter":"raw","cat_ID":372,"category_count":1,"category_description":"","cat_name":"Iniciativa de Justicia Clim\u00e1tica","category_nicename":"iniciativa-de-justicia-climatica","category_parent":0}],"tag_info":[{"term_id":374,"name":"acci\u00f3n clim\u00e1tica","slug":"accion-climatica","term_group":0,"term_taxonomy_id":374,"taxonomy":"post_tag","description":"","parent":0,"count":1,"filter":"raw"},{"term_id":373,"name":"justicia clim\u00e1tica","slug":"justicia-climatica","term_group":0,"term_taxonomy_id":373,"taxonomy":"post_tag","description":"","parent":0,"count":1,"filter":"raw"}],"jetpack_featured_media_url":"","jetpack_sharing_enabled":true,"jetpack-related-posts":[{"id":10681,"url":"https:\/\/www.cltweb.org\/es\/2025\/11\/11\/tierra-para-las-personas-no-para-el-beneficio-construir-la-infraestructura-de-un-movimiento-mundial\/","url_meta":{"origin":10666,"position":0},"title":"Tierra para las personas, no para el beneficio: Construir la infraestructura de un movimiento mundial","author":"Ben Harris","date":"11 de noviembre de 2025","format":false,"excerpt":"Este a\u00f1o, el Centro Internacional de Fideicomisos de la Tierra Comunitaria lanza su primera campa\u00f1a de fin de a\u00f1o, una oportunidad para reflexionar sobre lo que estamos construyendo juntos y sobre las relaciones que hacen posible este trabajo. En todo el mundo, las CLT est\u00e1n demostrando que es posible otra\u2026","rel":"","context":"En \u00abBlogs\u00bb","block_context":{"text":"Blogs","link":"https:\/\/www.cltweb.org\/es\/category\/blogs\/"},"img":{"alt_text":"","src":"https:\/\/i0.wp.com\/www.cltweb.org\/wp-content\/uploads\/2025\/11\/Land-for-People-Not-For-Profit.gif?resize=350%2C200&ssl=1","width":350,"height":200,"srcset":"https:\/\/i0.wp.com\/www.cltweb.org\/wp-content\/uploads\/2025\/11\/Land-for-People-Not-For-Profit.gif?resize=350%2C200&ssl=1 1x, https:\/\/i0.wp.com\/www.cltweb.org\/wp-content\/uploads\/2025\/11\/Land-for-People-Not-For-Profit.gif?resize=525%2C300&ssl=1 1.5x, https:\/\/i0.wp.com\/www.cltweb.org\/wp-content\/uploads\/2025\/11\/Land-for-People-Not-For-Profit.gif?resize=700%2C400&ssl=1 2x, https:\/\/i0.wp.com\/www.cltweb.org\/wp-content\/uploads\/2025\/11\/Land-for-People-Not-For-Profit.gif?resize=1050%2C600&ssl=1 3x"},"classes":[]},{"id":10665,"url":"https:\/\/www.cltweb.org\/pt-br\/2025\/11\/17\/clts-e-acao-climatica-um-movimento-crescente-para-uma-transicao-justa\/","url_meta":{"origin":10666,"position":1},"title":"CLTs e a\u00e7\u00e3o clim\u00e1tica: Um movimento crescente para uma transi\u00e7\u00e3o justa","author":"Ben Harris","date":"17 de noviembre de 2025","format":false,"excerpt":"Esta hist\u00f3ria faz parte de nossa campanha de fim de ano que celebra como o Centro CLT est\u00e1 trabalhando para atender ao movimento global de CLT. Nesta semana, estamos destacando : A Iniciativa de Justi\u00e7a Clim\u00e1tica A emerg\u00eancia clim\u00e1tica n\u00e3o \u00e9 mais uma amea\u00e7a distante: ela est\u00e1 aqui, remodelando onde\u2026","rel":"","context":"En \u00abIniciativa de Justi\u00e7a Clim\u00e1tica\u00bb","block_context":{"text":"Iniciativa de Justi\u00e7a Clim\u00e1tica","link":"https:\/\/www.cltweb.org\/pt-br\/category\/iniciativa-de-justica-climatica\/"},"img":{"alt_text":"","src":"https:\/\/i0.wp.com\/www.cltweb.org\/wp-content\/uploads\/2025\/11\/Land-for-People-Not-for-Profit-Banner.gif?resize=350%2C200&ssl=1","width":350,"height":200,"srcset":"https:\/\/i0.wp.com\/www.cltweb.org\/wp-content\/uploads\/2025\/11\/Land-for-People-Not-for-Profit-Banner.gif?resize=350%2C200&ssl=1 1x, https:\/\/i0.wp.com\/www.cltweb.org\/wp-content\/uploads\/2025\/11\/Land-for-People-Not-for-Profit-Banner.gif?resize=525%2C300&ssl=1 1.5x, https:\/\/i0.wp.com\/www.cltweb.org\/wp-content\/uploads\/2025\/11\/Land-for-People-Not-for-Profit-Banner.gif?resize=700%2C400&ssl=1 2x, https:\/\/i0.wp.com\/www.cltweb.org\/wp-content\/uploads\/2025\/11\/Land-for-People-Not-for-Profit-Banner.gif?resize=1050%2C600&ssl=1 3x, https:\/\/i0.wp.com\/www.cltweb.org\/wp-content\/uploads\/2025\/11\/Land-for-People-Not-for-Profit-Banner.gif?resize=1400%2C800&ssl=1 4x"},"classes":[]},{"id":7244,"url":"https:\/\/www.cltweb.org\/es\/2024\/09\/03\/introduccion-al-uso-de-las-clt-para-la-renovacion-energetica-y-la-asequibilidad-permanente-de-las-viviendas-existentes\/","url_meta":{"origin":10666,"position":2},"title":"Introducci\u00f3n al uso de las CLT para la renovaci\u00f3n energ\u00e9tica y la asequibilidad permanente de las viviendas existentes","author":"cltredesign_0jp0l4","date":"3 de septiembre de 2024","format":false,"excerpt":"La siguiente contribuci\u00f3n fue escrita por Richard Kruger Delgado, Director de Educaci\u00f3n y Divulgaci\u00f3n del Centro Internacional de Fideicomisos Comunitarios de la Tierra, para presentar el pr\u00f3ximo seminario web del 25 de septiembre. Estamos en el negocio de \"no dejar a nadie atr\u00e1s\". - John Davis, Centro Internacional de Fideicomisos\u2026","rel":"","context":"En \u00abBlogs\u00bb","block_context":{"text":"Blogs","link":"https:\/\/www.cltweb.org\/es\/category\/blogs\/"},"img":{"alt_text":"","src":"","width":0,"height":0},"classes":[]},{"id":7685,"url":"https:\/\/www.cltweb.org\/es\/2024\/11\/11\/introduccion-al-poder-y-el-liderazgo-de-los-jovenes-en-la-practica-de-los-fideicomisos-de-la-tierra-comunitarios\/","url_meta":{"origin":10666,"position":3},"title":"Introducci\u00f3n al poder y el liderazgo de los j\u00f3venes en la pr\u00e1ctica de los fideicomisos de la tierra comunitarios","author":"Ben Harris","date":"11 de noviembre de 2024","format":false,"excerpt":"Por Richard Kruger Delgado La siguiente contribuci\u00f3n ha sido escrita por Richard Kruger Delgado, Responsable de Educaci\u00f3n y Divulgaci\u00f3n del Centro Internacional de Fideicomisos Comunitarios de la Tierra, como contribuci\u00f3n al pr\u00f3ximo seminario web sobre \"Gestionar el futuro: Poder y liderazgo de los j\u00f3venes en la pr\u00e1ctica de los fideicomisos\u2026","rel":"","context":"En \u00abBlogs\u00bb","block_context":{"text":"Blogs","link":"https:\/\/www.cltweb.org\/es\/category\/blogs\/"},"img":{"alt_text":"","src":"https:\/\/i0.wp.com\/www.cltweb.org\/wp-content\/uploads\/2024\/11\/Screenshot-2024-11-11-at-5.46.26%E2%80%AFPM.png?resize=350%2C200&ssl=1","width":350,"height":200,"srcset":"https:\/\/i0.wp.com\/www.cltweb.org\/wp-content\/uploads\/2024\/11\/Screenshot-2024-11-11-at-5.46.26%E2%80%AFPM.png?resize=350%2C200&ssl=1 1x, https:\/\/i0.wp.com\/www.cltweb.org\/wp-content\/uploads\/2024\/11\/Screenshot-2024-11-11-at-5.46.26%E2%80%AFPM.png?resize=525%2C300&ssl=1 1.5x, https:\/\/i0.wp.com\/www.cltweb.org\/wp-content\/uploads\/2024\/11\/Screenshot-2024-11-11-at-5.46.26%E2%80%AFPM.png?resize=700%2C400&ssl=1 2x"},"classes":[]},{"id":7246,"url":"https:\/\/www.cltweb.org\/pt-br\/2024\/09\/03\/introducao-ao-uso-de-clts-para-fornecer-renovacao-de-energia-e-acessibilidade-permanente-a-moradias-existentes\/","url_meta":{"origin":10666,"position":4},"title":"Introdu\u00e7\u00e3o ao uso de CLTs para fornecer renova\u00e7\u00e3o de energia e acessibilidade permanente a moradias existentes","author":"cltredesign_0jp0l4","date":"3 de septiembre de 2024","format":false,"excerpt":"A contribui\u00e7\u00e3o a seguir foi escrita por Richard Kruger Delgado, gerente de educa\u00e7\u00e3o e divulga\u00e7\u00e3o do International Center for Community Land Trusts, para apresentar o pr\u00f3ximo webinar em 25 de setembro. \"Estamos no neg\u00f3cio de 'n\u00e3o deixar as pessoas para tr\u00e1s'.\" - John Davis, Centro Internacional de Fundos de Terras\u2026","rel":"","context":"En \u00abBlogs\u00bb","block_context":{"text":"Blogs","link":"https:\/\/www.cltweb.org\/pt-br\/category\/blogs-pt-br\/"},"img":{"alt_text":"","src":"","width":0,"height":0},"classes":[]},{"id":10685,"url":"https:\/\/www.cltweb.org\/pt-br\/2025\/11\/11\/terra-para-as-pessoas-nao-para-o-lucro-construindo-a-infraestrutura-de-um-movimento-global\/","url_meta":{"origin":10666,"position":5},"title":"Terra para as pessoas, n\u00e3o para o lucro: Construindo a infraestrutura de um movimento global","author":"Ben Harris","date":"11 de noviembre de 2025","format":false,"excerpt":"Este ano, o International Center for Community Land Trusts est\u00e1 lan\u00e7ando sua primeira campanha de fim de ano - uma oportunidade de refletir sobre o que estamos construindo juntos e os relacionamentos que tornam esse trabalho poss\u00edvel. Em todo o mundo, os CLTs est\u00e3o provando que outra forma de se\u2026","rel":"","context":"En \u00abBlogs\u00bb","block_context":{"text":"Blogs","link":"https:\/\/www.cltweb.org\/pt-br\/category\/blogs-pt-br\/"},"img":{"alt_text":"","src":"https:\/\/i0.wp.com\/www.cltweb.org\/wp-content\/uploads\/2025\/11\/Land-for-People-Not-For-Profit.gif?resize=350%2C200&ssl=1","width":350,"height":200,"srcset":"https:\/\/i0.wp.com\/www.cltweb.org\/wp-content\/uploads\/2025\/11\/Land-for-People-Not-For-Profit.gif?resize=350%2C200&ssl=1 1x, https:\/\/i0.wp.com\/www.cltweb.org\/wp-content\/uploads\/2025\/11\/Land-for-People-Not-For-Profit.gif?resize=525%2C300&ssl=1 1.5x, https:\/\/i0.wp.com\/www.cltweb.org\/wp-content\/uploads\/2025\/11\/Land-for-People-Not-For-Profit.gif?resize=700%2C400&ssl=1 2x, https:\/\/i0.wp.com\/www.cltweb.org\/wp-content\/uploads\/2025\/11\/Land-for-People-Not-For-Profit.gif?resize=1050%2C600&ssl=1 3x"},"classes":[]}],"_links":{"self":[{"href":"https:\/\/www.cltweb.org\/es\/wp-json\/wp\/v2\/posts\/10666","targetHints":{"allow":["GET"]}}],"collection":[{"href":"https:\/\/www.cltweb.org\/es\/wp-json\/wp\/v2\/posts"}],"about":[{"href":"https:\/\/www.cltweb.org\/es\/wp-json\/wp\/v2\/types\/post"}],"author":[{"embeddable":true,"href":"https:\/\/www.cltweb.org\/es\/wp-json\/wp\/v2\/users\/2"}],"replies":[{"embeddable":true,"href":"https:\/\/www.cltweb.org\/es\/wp-json\/wp\/v2\/comments?post=10666"}],"version-history":[{"count":5,"href":"https:\/\/www.cltweb.org\/es\/wp-json\/wp\/v2\/posts\/10666\/revisions"}],"predecessor-version":[{"id":10699,"href":"https:\/\/www.cltweb.org\/es\/wp-json\/wp\/v2\/posts\/10666\/revisions\/10699"}],"wp:attachment":[{"href":"https:\/\/www.cltweb.org\/es\/wp-json\/wp\/v2\/media?parent=10666"}],"wp:term":[{"taxonomy":"category","embeddable":true,"href":"https:\/\/www.cltweb.org\/es\/wp-json\/wp\/v2\/categories?post=10666"},{"taxonomy":"post_tag","embeddable":true,"href":"https:\/\/www.cltweb.org\/es\/wp-json\/wp\/v2\/tags?post=10666"}],"curies":[{"name":"wp","href":"https:\/\/api.w.org\/{rel}","templated":true}]}}