{"id":10712,"date":"2025-11-21T16:09:19","date_gmt":"2025-11-21T16:09:19","guid":{"rendered":"https:\/\/www.cltweb.org\/2025\/11\/18\/dia-mundial-clt-una-celebracion-mundial-de-la-solidaridad\/"},"modified":"2025-11-21T16:09:39","modified_gmt":"2025-11-21T16:09:39","slug":"dia-mundial-clt-una-celebracion-mundial-de-la-solidaridad","status":"publish","type":"post","link":"https:\/\/www.cltweb.org\/es\/2025\/11\/21\/dia-mundial-clt-una-celebracion-mundial-de-la-solidaridad\/","title":{"rendered":"D\u00eda Mundial CLT: Una Celebraci\u00f3n Mundial de la Solidaridad"},"content":{"rendered":"\n<figure class=\"wp-block-image size-full\"><img loading=\"lazy\" decoding=\"async\" width=\"1500\" height=\"300\" src=\"https:\/\/www.cltweb.org\/wp-content\/uploads\/2025\/11\/Land-for-People-Not-for-Profit-Banner.gif\" alt=\"\" class=\"wp-image-10618\"\/><\/figure>\n\n<p><strong><em>Esta historia forma parte de nuestra <a href=\"https:\/\/www.cltweb.org\/es\/2025\/11\/11\/tierra-para-las-personas-no-para-el-beneficio-construir-la-infraestructura-de-un-movimiento-mundial\/\" target=\"_blank\" rel=\"noreferrer noopener\">campa\u00f1a de fin de a\u00f1o<\/a> que celebra c\u00f3mo el Centro CLT<em>  trabaja para servir al movimiento global de CLT. Esta semana, destacamos <\/em>:<\/em><\/strong><\/p>\n\n<h2 class=\"wp-block-heading has-text-align-center has-light-green-cyan-background-color has-background\" id=\"h-world-community-land-trust-day\" style=\"padding-top:var(--wp--preset--spacing--20);padding-right:0;padding-bottom:var(--wp--preset--spacing--20);padding-left:0\">D\u00eda Mundial del Fideicomiso de la Tierra Comunitaria<\/h2>\n\n<p>La idea del D\u00eda Mundial del CLT surgi\u00f3 por primera vez en 2019. El objetivo era sencillo: crear un d\u00eda que diera visibilidad a las personas que hacen posible el movimiento del CLT: los residentes, organizadores y vecinos que viven cada d\u00eda los valores de la administraci\u00f3n comunitaria. Se concibi\u00f3 como un momento para &#8220;poner la &#8216;C&#8217; en CLT&#8221;, ampliando la conversaci\u00f3n m\u00e1s all\u00e1 de los expertos y celebrando la energ\u00eda colectiva en el coraz\u00f3n del movimiento.  <\/p>\n\n<p>El primer D\u00eda Mundial del CLT <a href=\"https:\/\/vimeo.com\/657856883?fl=pl&amp;fe=vl&amp;turnstile=0.m_1ZC0eTxPsks9r0m_WJyLAWb8dbKxsdTgTSf-a6VHxdOm92e2CKHPJbwW9GFXkkZLur81ctUU61bzwT0IHgeQNBSl6glKME1sl0tTfHAJyi1WIH92mbi2jqCaQ7_WxXghPAI1YeV3RzwsMsvys1pUqEWOrSpHI1jRiwfQK--JjORUb84OAHEqJeDz1oXgy-jt3mExDM3uJra2XdutH7o5OCb9Fdk4hqpAL_yBtf3a_ZX0gIpanho8A_qy4IVjlI6ktqD1yDrZvY92m8FThDbB1e-mEUCgHekArd4CCGJdA2H6wgHBJ7dSgSvaNoGK_c0fN40fII3njmveRBoAWM9HPTXs60IlqBRRRAiYLyTylVx2riDFTky-TxQ6NX_Q5Ipsbs6y6oCNjKF-V4DfFjPbSGenkQDPJuO5bI6RnhEE8kw_a4thCE44-UKQuBGkDzViiVpFUFwetl7TYgCcDgdPZDtXg9kCnQ31KNNxxOhdjYuMkVEkc5Hj82mDxaKu_EqTaAW57U6obykgLMavSPn9RoS_PIOtERu7nMk2iUXTUe6qEcM7DHM0kfMQsald6n-DQ3xcmboEs7opA_Ja8gZuTUEU1o_R7G-dZ7adqgPUwdXx2RG_BVkP5n18Ke9gZnkkKUu5xpqzq6SYoi5XpUsgzeJk63iyePCN4Ir5W6hgrng4g67HcrqeHadtyKXWJjdONl1a9zzVlZaI4dqslzncRkeEwVBXwq1RRjhr6ma4pwyiYWuwuOlVecufVXp0qSF-BUM2JUBh-_ru6TlgCQvlDYCaKXxZmj19C_T3T784YAyXvEKpo1NCLdGEnrbcnkOpf4_qM2crYrmEUh6hX9uvfzhk98NfMMsqZrwzMkhQ4R5eylFLDjuM7LjXByuU7a6LKk6oJVQmKEvVHHH_MG5tfIlqiElWvM7irulmPyuV0.l7_ucnjlatoH7mSP3nTCcA.ce81620777867c684a8a05e0a741712b2cefe5286f38130ad59eac9ee6204d84\">se celebr\u00f3 en 2021<\/a>, con la participaci\u00f3n de 45 organizaciones de 10 pa\u00edses. Las comunidades celebraron la ocasi\u00f3n compartiendo v\u00eddeos, celebrando sus asambleas generales anuales, organizando visitas a los emplazamientos y publicando historias en l\u00ednea utilizando <strong>#D\u00edaMundialdelaTLC<\/strong>, una celebraci\u00f3n colectiva y descentralizada de la solidaridad y la permanencia de la propiedad comunitaria de la tierra.<\/p>\n\n<p>En 2022, <a href=\"https:\/\/youtu.be\/USb_MORyW68\">la participaci\u00f3n casi se duplic\u00f3<\/a>, involucrando a m\u00e1s de 75 organizaciones. En distintas partes del mundo, las CLT y las redes organizaron actos presenciales y en l\u00ednea, desde jornadas de servicio y cabildeo local hasta inauguraciones de nuevos proyectos, seminarios web y celebraciones comunitarias. En B\u00e9lgica, el Community Land Trust Brussels (CLTB) combin\u00f3 su 10\u00ba aniversario y la celebraci\u00f3n del Premio Mundial del H\u00e1bitat con el D\u00eda Mundial del CLT, organizando reuniones locales, actuaciones y actos culturales que reflejaron los valores de solidaridad y pertenencia del movimiento. <em>(<a href=\"https:\/\/www.youtube.com\/watch?v=TOGJ7zOYvVg\" target=\"_blank\" rel=\"noreferrer noopener\">Ver el v\u00eddeo de la celebraci\u00f3n de 2022<\/a>)<\/em><\/p>\n\n<p>Desde entonces, cada a\u00f1o se ha hecho m\u00e1s fuerte y ha estado m\u00e1s conectada gracias al entusiasmo y la creatividad de los CLT y las redes locales. Lo que comenz\u00f3 como una peque\u00f1a campa\u00f1a se ha convertido desde entonces en un momento compartido de reflexi\u00f3n y visibilidad para el movimiento, coordinado por el Centro CLT y sus socios, pero llevado adelante por las propias comunidades. <\/p>\n\n<figure class=\"wp-block-pullquote has-medium-font-size\" style=\"border-width:1px;border-radius:0px;padding-top:var(--wp--preset--spacing--50);padding-right:var(--wp--preset--spacing--70);padding-bottom:var(--wp--preset--spacing--50);padding-left:var(--wp--preset--spacing--70)\"><blockquote><p><br\/><em>&#8220;Los CLT nos dan la oportunidad de pensar globalmente y actuar localmente. Saber que formamos parte de un movimiento internacional que opta por capacitar a nuestros residentes y comunidades es incre\u00edblemente satisfactorio. Lo hacemos luchando contra el desplazamiento y el aburguesamiento mediante la asequibilidad permanente, al tiempo que damos a nuestras comunidades la oportunidad de autogobernarse.&#8221;<\/em><\/p><cite><strong><strong>&#8211; Michael Monte, Director General Champlain Housing Trust (Vermont, EEUU)<\/strong><\/strong><\/cite><\/blockquote><\/figure>\n\n<h2 class=\"wp-block-heading has-text-align-center\" id=\"h-2025-moments-from-around-the-world\">2025 Momentos de todo el mundo<\/h2>\n\n<p>2025 fue el cuarto D\u00eda Mundial del CLT. La campa\u00f1a de este a\u00f1o reuni\u00f3 a personas de <strong>126 organizaciones de 41 pa\u00edses y organiz\u00f3 25 actos en seis idiomas:<\/strong>la participaci\u00f3n m\u00e1s amplia hasta la fecha. <\/p>\n\n<p>A lo largo de abril y mayo, las comunidades se reunieron en l\u00ednea y en persona para compartir c\u00f3mo es en la pr\u00e1ctica la propiedad colectiva de la tierra. Hubo recorridos a pie, mesas redondas, venta de plantas, asambleas comunitarias, proyecciones de pel\u00edculas y seminarios web mundiales en Am\u00e9rica, Europa y Australia. <\/p>\n\n<p>Lo que les un\u00eda era un compromiso compartido con la gesti\u00f3n comunitaria de la tierra y las formas creativas en que las CLT locales hacen realidad esa visi\u00f3n.<\/p>\n\n<h3 class=\"wp-block-heading has-text-align-center\" id=\"h-local-celebrations\">Fiestas locales<\/h3>\n\n<div class=\"wp-block-columns is-layout-flex wp-container-core-columns-is-layout-28f84493 wp-block-columns-is-layout-flex\">\n<div class=\"wp-block-column is-layout-flow wp-block-column-is-layout-flow\">\n<figure class=\"wp-block-embed is-type-video is-provider-youtube wp-block-embed-youtube wp-embed-aspect-16-9 wp-has-aspect-ratio\"><div class=\"wp-block-embed__wrapper\">\n<iframe loading=\"lazy\" title=\"ACLTN Communities of Practice 16th May 2025: Insights from Emerging Community Land Trusts\" width=\"1290\" height=\"726\" src=\"https:\/\/www.youtube.com\/embed\/hp3Leh5juIc?feature=oembed\" frameborder=\"0\" allow=\"accelerometer; autoplay; clipboard-write; encrypted-media; gyroscope; picture-in-picture; web-share\" referrerpolicy=\"strict-origin-when-cross-origin\" allowfullscreen><\/iframe>\n<\/div><figcaption class=\"wp-element-caption\">La Red Australiana de CLT organiz\u00f3 un seminario web sobre sus Comunidades de Pr\u00e1ctica (BMCLT y Waterfall Way)<br><br><strong>\ud83d\udccd Australia<\/strong><\/figcaption><\/figure>\n\n\n\n<figure class=\"wp-block-image size-large\"><a href=\"https:\/\/www.instagram.com\/p\/DJt1nTpuJkC\/?img_index=3\" target=\"_blank\" rel=\" noreferrer noopener\"><img loading=\"lazy\" decoding=\"async\" width=\"1024\" height=\"490\" src=\"https:\/\/www.cltweb.org\/wp-content\/uploads\/2025\/11\/Screenshot-2025-10-27-at-1.29.02-PM-1024x490.png\" alt=\"\" class=\"wp-image-10704\" srcset=\"https:\/\/www.cltweb.org\/wp-content\/uploads\/2025\/11\/Screenshot-2025-10-27-at-1.29.02-PM-1024x490.png 1024w, https:\/\/www.cltweb.org\/wp-content\/uploads\/2025\/11\/Screenshot-2025-10-27-at-1.29.02-PM-300x144.png 300w, https:\/\/www.cltweb.org\/wp-content\/uploads\/2025\/11\/Screenshot-2025-10-27-at-1.29.02-PM-768x368.png 768w, https:\/\/www.cltweb.org\/wp-content\/uploads\/2025\/11\/Screenshot-2025-10-27-at-1.29.02-PM.png 1216w\" sizes=\"auto, (max-width: 1024px) 100vw, 1024px\" \/><\/a><figcaption class=\"wp-element-caption\">La Red Canadiense de CLTs recopil\u00f3 mensajes de v\u00eddeo de sus miembros y particip\u00f3 en la campa\u00f1a en las redes sociales<br\/><br\/><strong>\ud83d\udccd Canad\u00e1<\/strong><\/figcaption><\/figure>\n\n\n\n<figure class=\"wp-block-image size-large\"><img loading=\"lazy\" decoding=\"async\" width=\"1024\" height=\"768\" src=\"https:\/\/www.cltweb.org\/wp-content\/uploads\/2025\/11\/CA-CLT-Network-2025-1024x768.jpg\" alt=\"\" class=\"wp-image-10705\" srcset=\"https:\/\/www.cltweb.org\/wp-content\/uploads\/2025\/11\/CA-CLT-Network-2025-1024x768.jpg 1024w, https:\/\/www.cltweb.org\/wp-content\/uploads\/2025\/11\/CA-CLT-Network-2025-300x225.jpg 300w, https:\/\/www.cltweb.org\/wp-content\/uploads\/2025\/11\/CA-CLT-Network-2025-768x576.jpg 768w, https:\/\/www.cltweb.org\/wp-content\/uploads\/2025\/11\/CA-CLT-Network-2025-1536x1152.jpg 1536w, https:\/\/www.cltweb.org\/wp-content\/uploads\/2025\/11\/CA-CLT-Network-2025.jpg 1600w\" sizes=\"auto, (max-width: 1024px) 100vw, 1024px\" \/><figcaption class=\"wp-element-caption\">La Red CLT de California recibi\u00f3 un reconocimiento formal en el Senado del Estado, presentado por la Senadora Lola Smallwood Cuevas en honor del D\u00eda Mundial CLT<br\/><br\/><strong>\ud83d\udccd California, EE.UU.<\/strong><\/figcaption><\/figure>\n\n\n\n<figure class=\"wp-block-image aligncenter size-large is-resized\"><img loading=\"lazy\" decoding=\"async\" width=\"1024\" height=\"333\" src=\"https:\/\/www.cltweb.org\/wp-content\/uploads\/2025\/11\/Screenshot-2025-10-27-at-1.02.07-PM-1024x333.png\" alt=\"\" class=\"wp-image-10708\" style=\"width:347px;height:auto\" srcset=\"https:\/\/www.cltweb.org\/wp-content\/uploads\/2025\/11\/Screenshot-2025-10-27-at-1.02.07-PM-1024x333.png 1024w, https:\/\/www.cltweb.org\/wp-content\/uploads\/2025\/11\/Screenshot-2025-10-27-at-1.02.07-PM-300x98.png 300w, https:\/\/www.cltweb.org\/wp-content\/uploads\/2025\/11\/Screenshot-2025-10-27-at-1.02.07-PM-768x250.png 768w, https:\/\/www.cltweb.org\/wp-content\/uploads\/2025\/11\/Screenshot-2025-10-27-at-1.02.07-PM.png 1192w\" sizes=\"auto, (max-width: 1024px) 100vw, 1024px\" \/><\/figure>\n\n\n\n<figure class=\"wp-block-image aligncenter size-large is-resized\"><img loading=\"lazy\" decoding=\"async\" width=\"1024\" height=\"821\" src=\"https:\/\/www.cltweb.org\/wp-content\/uploads\/2025\/11\/Chinatown-CLT_MA-2-2025-1024x821.png\" alt=\"\" class=\"wp-image-10707\" style=\"width:350px;height:auto\" srcset=\"https:\/\/www.cltweb.org\/wp-content\/uploads\/2025\/11\/Chinatown-CLT_MA-2-2025-1024x821.png 1024w, https:\/\/www.cltweb.org\/wp-content\/uploads\/2025\/11\/Chinatown-CLT_MA-2-2025-300x241.png 300w, https:\/\/www.cltweb.org\/wp-content\/uploads\/2025\/11\/Chinatown-CLT_MA-2-2025-768x616.png 768w, https:\/\/www.cltweb.org\/wp-content\/uploads\/2025\/11\/Chinatown-CLT_MA-2-2025.png 1160w\" sizes=\"auto, (max-width: 1024px) 100vw, 1024px\" \/><figcaption class=\"wp-element-caption\">Chinatown CLT organiz\u00f3 una recepci\u00f3n de dim sum seguida de una visita guiada<br\/><br\/><strong>\ud83d\udccd Massachusetts, EE.UU.<\/strong><\/figcaption><\/figure>\n<\/div>\n\n\n\n<div class=\"wp-block-column is-layout-flow wp-block-column-is-layout-flow\">\n<figure class=\"wp-block-embed is-type-video is-provider-youtube wp-block-embed-youtube wp-embed-aspect-16-9 wp-has-aspect-ratio\"><div class=\"wp-block-embed__wrapper\">\n<iframe loading=\"lazy\" title=\"Lan\u00e7amento da Exposi\u00e7\u00e3o Completa &#039;Mem\u00f3ria Clim\u00e1tica das Favelas&#039; em 2025 no Museu da Mar\u00e9\" width=\"1290\" height=\"726\" src=\"https:\/\/www.youtube.com\/embed\/XBKUZGBZGM8?feature=oembed\" frameborder=\"0\" allow=\"accelerometer; autoplay; clipboard-write; encrypted-media; gyroscope; picture-in-picture; web-share\" referrerpolicy=\"strict-origin-when-cross-origin\" allowfullscreen><\/iframe>\n<\/div><figcaption class=\"wp-element-caption\">La Red Favela Sostenible (Rede Favela Sustent\u00e1vel) organiz\u00f3 una exposici\u00f3n en el Museu da Mar\u00e9 titulada <em>Memoria Clim\u00e1tica de las Favelas<\/em><br><br><strong>\ud83d\udccd R\u00edo de Janeiro, Brasil<\/strong><\/figcaption><\/figure>\n\n\n\n<figure class=\"wp-block-embed is-type-video is-provider-youtube wp-block-embed-youtube wp-embed-aspect-16-9 wp-has-aspect-ratio\"><div class=\"wp-block-embed__wrapper\">\n<iframe loading=\"lazy\" title=\"World Community Land Trust Day - Discussion with The Super Slow Way\" width=\"1290\" height=\"726\" src=\"https:\/\/www.youtube.com\/embed\/KEnuV_6tD_I?feature=oembed\" frameborder=\"0\" allow=\"accelerometer; autoplay; clipboard-write; encrypted-media; gyroscope; picture-in-picture; web-share\" referrerpolicy=\"strict-origin-when-cross-origin\" allowfullscreen><\/iframe>\n<\/div><figcaption class=\"wp-element-caption\">Super Slow Way y Wirral Arts and Culture CLT <a href=\"https:\/\/www.youtube.com\/watch?v=KEnuV_6tD_I\">organizaron un debate con Zoom<\/a> para explorar c\u00f3mo las comunidades pueden proteger el patrimonio local<br><br><strong>\ud83d\udccd Reino Unido<\/strong><\/figcaption><\/figure>\n\n\n\n<figure class=\"wp-block-image aligncenter size-large is-resized\"><img loading=\"lazy\" decoding=\"async\" width=\"1024\" height=\"768\" src=\"https:\/\/www.cltweb.org\/wp-content\/uploads\/2025\/11\/Re-visionULC-1024x768.jpeg\" alt=\"\" class=\"wp-image-10706\" style=\"width:421px;height:auto\" srcset=\"https:\/\/www.cltweb.org\/wp-content\/uploads\/2025\/11\/Re-visionULC-1024x768.jpeg 1024w, https:\/\/www.cltweb.org\/wp-content\/uploads\/2025\/11\/Re-visionULC-300x225.jpeg 300w, https:\/\/www.cltweb.org\/wp-content\/uploads\/2025\/11\/Re-visionULC-768x576.jpeg 768w, https:\/\/www.cltweb.org\/wp-content\/uploads\/2025\/11\/Re-visionULC-1536x1152.jpeg 1536w, https:\/\/www.cltweb.org\/wp-content\/uploads\/2025\/11\/Re-visionULC.jpeg 2048w\" sizes=\"auto, (max-width: 1024px) 100vw, 1024px\" \/><figcaption class=\"wp-element-caption\">Urban Land Conservancy se asoci\u00f3 con Re:Vision para <a href=\"https:\/\/www.linkedin.com\/feed\/update\/urn:li:activity:7329248000277467137\/\">una jornada de trabajo<\/a> en dos de las granjas urbanas de Re:Vision<br\/><br\/><strong>\ud83d\udccd Colorado, EE.UU.<\/strong><\/figcaption><\/figure>\n\n\n\n<figure class=\"wp-block-embed is-type-video is-provider-youtube wp-block-embed-youtube wp-embed-aspect-16-9 wp-has-aspect-ratio\"><div class=\"wp-block-embed__wrapper\">\n<iframe loading=\"lazy\" title=\"Forest City Community Land Trust - Panel Discussion, Spring 2025\" width=\"1290\" height=\"726\" src=\"https:\/\/www.youtube.com\/embed\/KwDLbcJAESU?feature=oembed\" frameborder=\"0\" allow=\"accelerometer; autoplay; clipboard-write; encrypted-media; gyroscope; picture-in-picture; web-share\" referrerpolicy=\"strict-origin-when-cross-origin\" allowfullscreen><\/iframe>\n<\/div><figcaption class=\"wp-element-caption\">El CLT de Forest City organiz\u00f3 un panel local sobre por qu\u00e9 su comunidad necesita un CLT<br><br><strong>\ud83d\udccd Ohio, EE.UU.<\/strong><\/figcaption><\/figure>\n<\/div>\n<\/div>\n\n<figure class=\"wp-block-pullquote has-medium-font-size\" style=\"border-width:1px;border-radius:0px;padding-top:var(--wp--preset--spacing--50);padding-right:var(--wp--preset--spacing--70);padding-bottom:var(--wp--preset--spacing--50);padding-left:var(--wp--preset--spacing--70)\"><blockquote><p><br\/><em>&#8220;<em>Los fideicomisos de la tierra son una herramienta probada para el desarrollo consciente, democr\u00e1tico y alternativo, que centra a los seres humanos y les da poder sobre su presente y su futuro.&#8221;<\/em><\/em><\/p><cite><strong><strong><em><strong>&#8211; Mariolga Juli\u00e1 Pacheco, CLT Ca\u00f1o Mart\u00edn Pe\u00f1a (Puerto Rico)<\/strong><\/em><\/strong><\/strong><\/cite><\/blockquote><\/figure>\n\n<h3 class=\"wp-block-heading has-text-align-center\" id=\"h-global-webinars-and-learning\">Webinars y Aprendizaje Global<\/h3>\n\n<p>Adem\u00e1s de las reuniones locales, el CLT Center y el Comit\u00e9 de Planificaci\u00f3n del D\u00eda Mundial del CLT coordinaron tres seminarios web globales que sirvieron de base a la programaci\u00f3n de la semana:<\/p>\n\n<div class=\"wp-block-columns is-layout-flex wp-container-core-columns-is-layout-28f84493 wp-block-columns-is-layout-flex\">\n<div class=\"wp-block-column is-layout-flow wp-block-column-is-layout-flow\">\n<figure class=\"wp-block-embed is-type-video is-provider-youtube wp-block-embed-youtube wp-embed-aspect-16-9 wp-has-aspect-ratio\"><div class=\"wp-block-embed__wrapper\">\n<iframe loading=\"lazy\" title=\"CLTs and Climate Action: A Global Dialogue for World CLT Day 2025\" width=\"1290\" height=\"726\" src=\"https:\/\/www.youtube.com\/embed\/If6w7i3vhOk?feature=oembed\" frameborder=\"0\" allow=\"accelerometer; autoplay; clipboard-write; encrypted-media; gyroscope; picture-in-picture; web-share\" referrerpolicy=\"strict-origin-when-cross-origin\" allowfullscreen><\/iframe>\n<\/div><figcaption class=\"wp-element-caption\"><em><strong>Las CLT y la Acci\u00f3n Clim\u00e1tica:<\/strong><\/em> Un di\u00e1logo entre iguales en el que 36 participantes de nueve pa\u00edses compartieron c\u00f3mo sus CLT est\u00e1n respondiendo a los retos clim\u00e1ticos.<\/figcaption><\/figure>\n<\/div>\n\n\n\n<div class=\"wp-block-column is-layout-flow wp-block-column-is-layout-flow\">\n<figure class=\"wp-block-embed is-type-video is-provider-youtube wp-block-embed-youtube wp-embed-aspect-16-9 wp-has-aspect-ratio\"><div class=\"wp-block-embed__wrapper\">\n<iframe loading=\"lazy\" title=\"A Global Learning Session on World Habitat Award-Winning Community Land Trusts\" width=\"1290\" height=\"726\" src=\"https:\/\/www.youtube.com\/embed\/FkNgrcpyQXo?start=17&#038;feature=oembed\" frameborder=\"0\" allow=\"accelerometer; autoplay; clipboard-write; encrypted-media; gyroscope; picture-in-picture; web-share\" referrerpolicy=\"strict-origin-when-cross-origin\" allowfullscreen><\/iframe>\n<\/div><figcaption class=\"wp-element-caption\"><em><strong>Una Sesi\u00f3n de Aprendizaje Global con los CLT premiados por H\u00e1bitat Mundial:<\/strong><\/em> Coorganizada con <em>H\u00e1bitat Mundial<\/em> y el <em>Instituto Lincoln de Pol\u00edtica del Suelo<\/em>. <a href=\"https:\/\/youtu.be\/7wUAu8yzVe0\" target=\"_blank\" rel=\"noreferrer noopener\">Also available in English<\/a>.<\/figcaption><\/figure>\n<\/div>\n\n\n\n<div class=\"wp-block-column is-layout-flow wp-block-column-is-layout-flow\">\n<figure class=\"wp-block-embed is-type-video is-provider-youtube wp-block-embed-youtube wp-embed-aspect-16-9 wp-has-aspect-ratio\"><div class=\"wp-block-embed__wrapper\">\n<iframe loading=\"lazy\" title=\"Territory, Tenure, and Transformation: Brazil&#039;s Emerging CLT Movement\" width=\"1290\" height=\"726\" src=\"https:\/\/www.youtube.com\/embed\/jAU3Su_4iC4?feature=oembed\" frameborder=\"0\" allow=\"accelerometer; autoplay; clipboard-write; encrypted-media; gyroscope; picture-in-picture; web-share\" referrerpolicy=\"strict-origin-when-cross-origin\" allowfullscreen><\/iframe>\n<\/div><figcaption class=\"wp-element-caption\"><strong>Territorio, Tenencia y Transformaci\u00f3n:<\/strong><br>Una conversaci\u00f3n sobre el emergente movimiento CLT de Brasil, coorganizada con <em>Catalytic Communities<\/em>.<\/figcaption><\/figure>\n<\/div>\n<\/div>\n\n<h3 class=\"wp-block-heading has-text-align-center\" id=\"h-global-solidarity-in-action\">Solidaridad Global en Acci\u00f3n<\/h3>\n\n<p>El D\u00eda Mundial del CLT 2025 fue coordinado por el CLT Center en colaboraci\u00f3n con socios de todo el movimiento, entre los que se incluyen:<\/p>\n\n<figure class=\"wp-block-image aligncenter size-full is-resized\"><img loading=\"lazy\" decoding=\"async\" width=\"1000\" height=\"393\" src=\"https:\/\/www.cltweb.org\/wp-content\/uploads\/2025\/11\/Logo-constellation-e1763483121624.png\" alt=\"\" class=\"wp-image-10710\" style=\"width:867px;height:auto\" srcset=\"https:\/\/www.cltweb.org\/wp-content\/uploads\/2025\/11\/Logo-constellation-e1763483121624.png 1000w, https:\/\/www.cltweb.org\/wp-content\/uploads\/2025\/11\/Logo-constellation-e1763483121624-300x118.png 300w, https:\/\/www.cltweb.org\/wp-content\/uploads\/2025\/11\/Logo-constellation-e1763483121624-768x302.png 768w\" sizes=\"auto, (max-width: 1000px) 100vw, 1000px\" \/><\/figure>\n\n<p><br\/>El Centro CLT proporcion\u00f3 plantillas de comunicaci\u00f3n en varios idiomas, un mapa compartido del evento y asistencia t\u00e9cnica. En las redes sociales, las historias con la etiqueta #WorldCLTDay2025 llegaron a miles de espectadores y fueron amplificadas por personalidades como el senador estadounidense Bernie Sanders. <\/p>\n\n<figure class=\"wp-block-embed aligncenter is-type-video is-provider-youtube wp-block-embed-youtube wp-embed-aspect-16-9 wp-has-aspect-ratio\" style=\"margin-top:0;margin-right:0;margin-bottom:0;margin-left:0\"><div class=\"wp-block-embed__wrapper\">\n<iframe loading=\"lazy\" title=\"A Message from Bernie Sanders to the Global Community Land Trust Movement\" width=\"1290\" height=\"726\" src=\"https:\/\/www.youtube.com\/embed\/4Z5eMqRcKF4?feature=oembed\" frameborder=\"0\" allow=\"accelerometer; autoplay; clipboard-write; encrypted-media; gyroscope; picture-in-picture; web-share\" referrerpolicy=\"strict-origin-when-cross-origin\" allowfullscreen><\/iframe>\n<\/div><\/figure>\n\n<figure class=\"wp-block-pullquote has-medium-font-size\" style=\"border-width:1px;border-radius:0px;padding-top:var(--wp--preset--spacing--50);padding-right:var(--wp--preset--spacing--70);padding-bottom:var(--wp--preset--spacing--50);padding-left:var(--wp--preset--spacing--70)\"><blockquote><p><br\/><em><em>&#8220;Las CLT resuenan en diferentes contextos porque apelan a una necesidad fundamental de pertenencia y agencia. Juntos podemos satisfacer nuestras propias necesidades, cuidar de nuestros lugares y de nuestra gente&#8221;.<\/em><\/em><\/p><cite><strong><strong><em><strong><em><strong>&#8211; Dra. Jess Steele de Hastings Commons<\/strong><\/em><\/strong><\/em><\/strong><\/strong><\/cite><\/blockquote><\/figure>\n\n<h3 class=\"wp-block-heading has-text-align-center\" id=\"h-quick-resources-from-past-celebrations\">Recursos r\u00e1pidos de celebraciones anteriores<\/h3>\n\n<p><strong>2021<\/strong><\/p>\n\n<ul class=\"wp-block-list\">\n<li><a href=\"https:\/\/vimeo.com\/657856883?fl=pl&amp;fe=vl&amp;turnstile=0.m_1ZC0eTxPsks9r0m_WJyLAWb8dbKxsdTgTSf-a6VHxdOm92e2CKHPJbwW9GFXkkZLur81ctUU61bzwT0IHgeQNBSl6glKME1sl0tTfHAJyi1WIH92mbi2jqCaQ7_WxXghPAI1YeV3RzwsMsvys1pUqEWOrSpHI1jRiwfQK--JjORUb84OAHEqJeDz1oXgy-jt3mExDM3uJra2XdutH7o5OCb9Fdk4hqpAL_yBtf3a_ZX0gIpanho8A_qy4IVjlI6ktqD1yDrZvY92m8FThDbB1e-mEUCgHekArd4CCGJdA2H6wgHBJ7dSgSvaNoGK_c0fN40fII3njmveRBoAWM9HPTXs60IlqBRRRAiYLyTylVx2riDFTky-TxQ6NX_Q5Ipsbs6y6oCNjKF-V4DfFjPbSGenkQDPJuO5bI6RnhEE8kw_a4thCE44-UKQuBGkDzViiVpFUFwetl7TYgCcDgdPZDtXg9kCnQ31KNNxxOhdjYuMkVEkc5Hj82mDxaKu_EqTaAW57U6obykgLMavSPn9RoS_PIOtERu7nMk2iUXTUe6qEcM7DHM0kfMQsald6n-DQ3xcmboEs7opA_Ja8gZuTUEU1o_R7G-dZ7adqgPUwdXx2RG_BVkP5n18Ke9gZnkkKUu5xpqzq6SYoi5XpUsgzeJk63iyePCN4Ir5W6hgrng4g67HcrqeHadtyKXWJjdONl1a9zzVlZaI4dqslzncRkeEwVBXwq1RRjhr6ma4pwyiYWuwuOlVecufVXp0qSF-BUM2JUBh-_ru6TlgCQvlDYCaKXxZmj19C_T3T784YAyXvEKpo1NCLdGEnrbcnkOpf4_qM2crYrmEUh6hX9uvfzhk98NfMMsqZrwzMkhQ4R5eylFLDjuM7LjXByuU7a6LKk6oJVQmKEvVHHH_MG5tfIlqiElWvM7irulmPyuV0.l7_ucnjlatoH7mSP3nTCcA.ce81620777867c684a8a05e0a741712b2cefe5286f38130ad59eac9ee6204d84\" target=\"_blank\" rel=\"noreferrer noopener\"><strong>Fotos y v\u00eddeos del D\u00eda Mundial CLT 2021<\/strong><\/a><\/li>\n<\/ul>\n\n<p><strong>2022<\/strong><\/p>\n\n<ul class=\"wp-block-list\">\n<li><strong>Webinar sobre fideicomisos de tierras y agricultura comunitaria<\/strong> <a href=\"https:\/\/youtu.be\/p515lFGNDuU\" target=\"_blank\" rel=\"noreferrer noopener\"><strong>Espa\u00f1ol<\/strong><\/a><strong> \/ <\/strong><a href=\"https:\/\/youtu.be\/AVyBWacSQo4\" target=\"_blank\" rel=\"noreferrer noopener\"><strong>Espa\u00f1ol<\/strong><\/a><\/li>\n\n\n\n<li><a href=\"https:\/\/youtu.be\/e4sjtYnuhto\" target=\"_blank\" rel=\"noreferrer noopener\"><strong>La reforma agraria en Escocia<\/strong><\/a><\/li>\n\n\n\n<li><a href=\"https:\/\/youtu.be\/w_SW3fSraoQ\" target=\"_blank\" rel=\"noreferrer noopener\"><strong>El impacto del modelo CLT: ejemplos de \u00e9xito internacional<\/strong><\/a><\/li>\n\n\n\n<li><a href=\"https:\/\/youtu.be\/dsbcGqr4Bzk\" target=\"_blank\" rel=\"noreferrer noopener\"><strong>Retirar suelo del mercado para que la ciudad sea asequible<\/strong><\/a><\/li>\n\n\n\n<li><a href=\"https:\/\/youtu.be\/USb_MORyW68\" target=\"_blank\" rel=\"noreferrer noopener\"><strong>Gracias por participar en el D\u00eda Mundial CLT 2022<\/strong><\/a><\/li>\n<\/ul>\n\n<p><strong>2024<\/strong><\/p>\n\n<ul class=\"wp-block-list\">\n<li><strong>Iniciativa CLT del Sur Global: La propiedad de la tierra en Am\u00e9rica Latina y el Caribe<\/strong> <strong>(<\/strong><a href=\"https:\/\/youtu.be\/QryXAP6Z9Gs\" target=\"_blank\" rel=\"noreferrer noopener\"><strong>Ingl\u00e9s<\/strong><\/a><strong> \/ <\/strong><a href=\"https:\/\/youtu.be\/onNBs07r_TI\" target=\"_blank\" rel=\"noreferrer noopener\"><strong>Espa\u00f1ol<\/strong><\/a><strong> \/ <\/strong><a href=\"https:\/\/youtu.be\/cISNBPK8vzk\" target=\"_blank\" rel=\"noreferrer noopener\"><strong>Portugu\u00eas<\/strong><\/a><strong>)<\/strong><\/li>\n\n\n\n<li><a href=\"https:\/\/www.youtube.com\/watch?v=51WhSIR73jY\" target=\"_blank\" rel=\"noreferrer noopener\"><strong>Lanzamiento oficial de la Red Australiana de CLT<\/strong><\/a><\/li>\n\n\n\n<li><a href=\"https:\/\/www.forbes.com\/sites\/rogervaldez\/2024\/06\/06\/community-land-trust-provide-housing-alternatives-worldwide\/\" target=\"_blank\" rel=\"noreferrer noopener\"><strong>Los fideicomisos de la tierra ofrecen alternativas de vivienda en todo el mundo<\/strong><\/a>, Forbes<\/li>\n<\/ul>\n\n<p><strong>2025<\/strong><\/p>\n\n<ul class=\"wp-block-list\">\n<li><strong>H\u00c1BITAT MUNDIAL<\/strong> <a href=\"https:\/\/www.youtube.com\/watch?v=Jpr0Wsh0UPM\" target=\"_blank\" rel=\"noreferrer noopener\"><strong>\u00bfQu\u00e9 es un fideicomiso de la tierra y c\u00f3mo ayuda a las comunidades a prosperar?<\/strong><\/a><\/li>\n<\/ul>\n\n<h3 class=\"wp-block-heading has-text-align-center\" id=\"h-world-clt-day-2026\">D\u00eda Mundial del CLT 2026<\/h3>\n\n<p><strong>Marca tus calendarios: El D\u00eda Mundial del CLT 2026 tendr\u00e1 lugar el viernes 15 de mayo.  <\/strong>La planificaci\u00f3n ya est\u00e1 en marcha, y nos encantar\u00eda saber c\u00f3mo est\u00e1s pensando en participar. Utiliza el breve formulario que aparece a continuaci\u00f3n para compartir c\u00f3mo est\u00e1s pensando en celebrarlo. Tus respuestas nos ayudar\u00e1n a comprender qu\u00e9 comunidades se est\u00e1n preparando y c\u00f3mo el CLT Center y sus socios pueden apoyarte mejor en los pr\u00f3ximos meses.  <\/p>\n\n<div class=\"wp-block-buttons is-content-justification-center is-layout-flex wp-container-core-buttons-is-layout-a89b3969 wp-block-buttons-is-layout-flex\">\n<div class=\"wp-block-button\"><a class=\"wp-block-button__link has-text-align-center wp-element-button\" href=\"https:\/\/form.jotform.com\/253207252172146\" target=\"_blank\" rel=\"noreferrer noopener\">Rellena <strong>el<\/strong><strong style=\"display: inline !important;\"> formulario de<\/strong> participaci\u00f3n 2026<\/a><\/div>\n<\/div>\n","protected":false},"excerpt":{"rendered":"<p>Esta historia forma parte de nuestra campa\u00f1a de fin de a\u00f1o que celebra c\u00f3mo el Centro CLT trabaja para servir al movimiento global de CLT. Esta semana, destacamos : D\u00eda [&hellip;]<\/p>\n","protected":false},"author":2,"featured_media":0,"comment_status":"closed","ping_status":"open","sticky":false,"template":"","format":"standard","meta":{"give_campaign_id":0,"_tec_requires_first_save":true,"_kad_blocks_custom_css":"","_kad_blocks_head_custom_js":"","_kad_blocks_body_custom_js":"","_kad_blocks_footer_custom_js":"","_EventAllDay":false,"_EventTimezone":"","_EventStartDate":"","_EventEndDate":"","_EventStartDateUTC":"","_EventEndDateUTC":"","_EventShowMap":false,"_EventShowMapLink":false,"_EventURL":"","_EventCost":"","_EventCostDescription":"","_EventCurrencySymbol":"","_EventCurrencyCode":"","_EventCurrencyPosition":"","_EventDateTimeSeparator":"","_EventTimeRangeSeparator":"","_EventOrganizerID":[],"_EventVenueID":[],"_OrganizerEmail":"","_OrganizerPhone":"","_OrganizerWebsite":"","_VenueAddress":"","_VenueCity":"","_VenueCountry":"","_VenueProvince":"","_VenueState":"","_VenueZip":"","_VenuePhone":"","_VenueURL":"","_VenueStateProvince":"","_VenueLat":"","_VenueLng":"","_VenueShowMap":false,"_VenueShowMapLink":false,"_tribe_blocks_recurrence_rules":"","_tribe_blocks_recurrence_description":"","_tribe_blocks_recurrence_exclusions":"","_jetpack_memberships_contains_paid_content":false,"footnotes":""},"categories":[25],"tags":[386,384,385],"class_list":["post-10712","post","type-post","status-publish","format-standard","hentry","category-sin-categorizar","tag-celebracion","tag-dia-mundial-de-las-tlc","tag-solidaridad"],"blocksy_meta":[],"yoast_head":"<!-- This site is optimized with the Yoast SEO Premium plugin v27.4 (Yoast SEO v27.5) - https:\/\/yoast.com\/product\/yoast-seo-premium-wordpress\/ -->\n<title>D\u00eda Mundial CLT: Una Celebraci\u00f3n Mundial de la Solidaridad - International Center for Community Land Trusts<\/title>\n<meta name=\"robots\" content=\"index, follow, max-snippet:-1, max-image-preview:large, max-video-preview:-1\" \/>\n<link rel=\"canonical\" href=\"https:\/\/www.cltweb.org\/es\/2025\/11\/21\/dia-mundial-clt-una-celebracion-mundial-de-la-solidaridad\/\" \/>\n<meta property=\"og:locale\" content=\"es_ES\" \/>\n<meta property=\"og:type\" content=\"article\" \/>\n<meta property=\"og:title\" content=\"D\u00eda Mundial CLT: Una Celebraci\u00f3n Mundial de la Solidaridad\" \/>\n<meta property=\"og:description\" content=\"Esta historia forma parte de nuestra campa\u00f1a de fin de a\u00f1o que celebra c\u00f3mo el Centro CLT trabaja para servir al movimiento global de CLT. Esta semana, destacamos : D\u00eda [&hellip;]\" \/>\n<meta property=\"og:url\" content=\"https:\/\/www.cltweb.org\/es\/2025\/11\/21\/dia-mundial-clt-una-celebracion-mundial-de-la-solidaridad\/\" \/>\n<meta property=\"og:site_name\" content=\"International Center for Community Land Trusts\" \/>\n<meta property=\"article:publisher\" content=\"https:\/\/www.facebook.com\/cltcenter\" \/>\n<meta property=\"article:published_time\" content=\"2025-11-21T16:09:19+00:00\" \/>\n<meta property=\"article:modified_time\" content=\"2025-11-21T16:09:39+00:00\" \/>\n<meta property=\"og:image\" content=\"https:\/\/www.cltweb.org\/wp-content\/uploads\/2025\/11\/Land-for-People-Not-for-Profit-Banner.gif\" \/>\n\t<meta property=\"og:image:width\" content=\"1500\" \/>\n\t<meta property=\"og:image:height\" content=\"300\" \/>\n\t<meta property=\"og:image:type\" content=\"image\/gif\" \/>\n<meta name=\"author\" content=\"Ben Harris\" \/>\n<meta name=\"twitter:card\" content=\"summary_large_image\" \/>\n<meta name=\"twitter:creator\" content=\"@Center4CLTs\" \/>\n<meta name=\"twitter:site\" content=\"@Center4CLTs\" \/>\n<meta name=\"twitter:label1\" content=\"Escrito por\" \/>\n\t<meta name=\"twitter:data1\" content=\"Ben Harris\" \/>\n\t<meta name=\"twitter:label2\" content=\"Tiempo de lectura\" \/>\n\t<meta name=\"twitter:data2\" content=\"7 minutos\" \/>\n<script type=\"application\/ld+json\" class=\"yoast-schema-graph\">{\"@context\":\"https:\\\/\\\/schema.org\",\"@graph\":[{\"@type\":\"Article\",\"@id\":\"https:\\\/\\\/www.cltweb.org\\\/es\\\/2025\\\/11\\\/21\\\/dia-mundial-clt-una-celebracion-mundial-de-la-solidaridad\\\/#article\",\"isPartOf\":{\"@id\":\"https:\\\/\\\/www.cltweb.org\\\/es\\\/2025\\\/11\\\/21\\\/dia-mundial-clt-una-celebracion-mundial-de-la-solidaridad\\\/\"},\"author\":{\"name\":\"Ben Harris\",\"@id\":\"https:\\\/\\\/www.cltweb.org\\\/es\\\/#\\\/schema\\\/person\\\/7c9fe56cc945e4b57585dbfe30f2ead4\"},\"headline\":\"D\u00eda Mundial CLT: Una Celebraci\u00f3n Mundial de la Solidaridad\",\"datePublished\":\"2025-11-21T16:09:19+00:00\",\"dateModified\":\"2025-11-21T16:09:39+00:00\",\"mainEntityOfPage\":{\"@id\":\"https:\\\/\\\/www.cltweb.org\\\/es\\\/2025\\\/11\\\/21\\\/dia-mundial-clt-una-celebracion-mundial-de-la-solidaridad\\\/\"},\"wordCount\":1347,\"publisher\":{\"@id\":\"https:\\\/\\\/www.cltweb.org\\\/es\\\/#organization\"},\"image\":{\"@id\":\"https:\\\/\\\/www.cltweb.org\\\/es\\\/2025\\\/11\\\/21\\\/dia-mundial-clt-una-celebracion-mundial-de-la-solidaridad\\\/#primaryimage\"},\"thumbnailUrl\":\"https:\\\/\\\/www.cltweb.org\\\/wp-content\\\/uploads\\\/2025\\\/11\\\/Land-for-People-Not-for-Profit-Banner.gif\",\"keywords\":[\"celebraci\u00f3n\",\"d\u00eda mundial de las tlc\",\"solidaridad\"],\"articleSection\":[\"Sin categorizar\"],\"inLanguage\":\"es\"},{\"@type\":\"WebPage\",\"@id\":\"https:\\\/\\\/www.cltweb.org\\\/es\\\/2025\\\/11\\\/21\\\/dia-mundial-clt-una-celebracion-mundial-de-la-solidaridad\\\/\",\"url\":\"https:\\\/\\\/www.cltweb.org\\\/es\\\/2025\\\/11\\\/21\\\/dia-mundial-clt-una-celebracion-mundial-de-la-solidaridad\\\/\",\"name\":\"D\u00eda Mundial CLT: Una Celebraci\u00f3n Mundial de la Solidaridad - International Center for Community Land Trusts\",\"isPartOf\":{\"@id\":\"https:\\\/\\\/www.cltweb.org\\\/es\\\/#website\"},\"primaryImageOfPage\":{\"@id\":\"https:\\\/\\\/www.cltweb.org\\\/es\\\/2025\\\/11\\\/21\\\/dia-mundial-clt-una-celebracion-mundial-de-la-solidaridad\\\/#primaryimage\"},\"image\":{\"@id\":\"https:\\\/\\\/www.cltweb.org\\\/es\\\/2025\\\/11\\\/21\\\/dia-mundial-clt-una-celebracion-mundial-de-la-solidaridad\\\/#primaryimage\"},\"thumbnailUrl\":\"https:\\\/\\\/www.cltweb.org\\\/wp-content\\\/uploads\\\/2025\\\/11\\\/Land-for-People-Not-for-Profit-Banner.gif\",\"datePublished\":\"2025-11-21T16:09:19+00:00\",\"dateModified\":\"2025-11-21T16:09:39+00:00\",\"breadcrumb\":{\"@id\":\"https:\\\/\\\/www.cltweb.org\\\/es\\\/2025\\\/11\\\/21\\\/dia-mundial-clt-una-celebracion-mundial-de-la-solidaridad\\\/#breadcrumb\"},\"inLanguage\":\"es\",\"potentialAction\":[{\"@type\":\"ReadAction\",\"target\":[\"https:\\\/\\\/www.cltweb.org\\\/es\\\/2025\\\/11\\\/21\\\/dia-mundial-clt-una-celebracion-mundial-de-la-solidaridad\\\/\"]}]},{\"@type\":\"ImageObject\",\"inLanguage\":\"es\",\"@id\":\"https:\\\/\\\/www.cltweb.org\\\/es\\\/2025\\\/11\\\/21\\\/dia-mundial-clt-una-celebracion-mundial-de-la-solidaridad\\\/#primaryimage\",\"url\":\"https:\\\/\\\/www.cltweb.org\\\/wp-content\\\/uploads\\\/2025\\\/11\\\/Land-for-People-Not-for-Profit-Banner.gif\",\"contentUrl\":\"https:\\\/\\\/www.cltweb.org\\\/wp-content\\\/uploads\\\/2025\\\/11\\\/Land-for-People-Not-for-Profit-Banner.gif\"},{\"@type\":\"BreadcrumbList\",\"@id\":\"https:\\\/\\\/www.cltweb.org\\\/es\\\/2025\\\/11\\\/21\\\/dia-mundial-clt-una-celebracion-mundial-de-la-solidaridad\\\/#breadcrumb\",\"itemListElement\":[{\"@type\":\"ListItem\",\"position\":1,\"name\":\"Home\",\"item\":\"https:\\\/\\\/www.cltweb.org\\\/es\\\/\"},{\"@type\":\"ListItem\",\"position\":2,\"name\":\"D\u00eda Mundial CLT: Una Celebraci\u00f3n Mundial de la Solidaridad\"}]},{\"@type\":\"WebSite\",\"@id\":\"https:\\\/\\\/www.cltweb.org\\\/es\\\/#website\",\"url\":\"https:\\\/\\\/www.cltweb.org\\\/es\\\/\",\"name\":\"International Center for Community Land Trusts\",\"description\":\"\",\"publisher\":{\"@id\":\"https:\\\/\\\/www.cltweb.org\\\/es\\\/#organization\"},\"potentialAction\":[{\"@type\":\"SearchAction\",\"target\":{\"@type\":\"EntryPoint\",\"urlTemplate\":\"https:\\\/\\\/www.cltweb.org\\\/es\\\/?s={search_term_string}\"},\"query-input\":{\"@type\":\"PropertyValueSpecification\",\"valueRequired\":true,\"valueName\":\"search_term_string\"}}],\"inLanguage\":\"es\"},{\"@type\":\"Organization\",\"@id\":\"https:\\\/\\\/www.cltweb.org\\\/es\\\/#organization\",\"name\":\"International Center for Community Land Trusts\",\"url\":\"https:\\\/\\\/www.cltweb.org\\\/es\\\/\",\"logo\":{\"@type\":\"ImageObject\",\"inLanguage\":\"es\",\"@id\":\"https:\\\/\\\/www.cltweb.org\\\/es\\\/#\\\/schema\\\/logo\\\/image\\\/\",\"url\":\"https:\\\/\\\/www.cltweb.org\\\/wp-content\\\/uploads\\\/2024\\\/11\\\/New-CLT-Center-Text-logo.png\",\"contentUrl\":\"https:\\\/\\\/www.cltweb.org\\\/wp-content\\\/uploads\\\/2024\\\/11\\\/New-CLT-Center-Text-logo.png\",\"width\":227,\"height\":80,\"caption\":\"International Center for Community Land Trusts\"},\"image\":{\"@id\":\"https:\\\/\\\/www.cltweb.org\\\/es\\\/#\\\/schema\\\/logo\\\/image\\\/\"},\"sameAs\":[\"https:\\\/\\\/www.facebook.com\\\/cltcenter\",\"https:\\\/\\\/x.com\\\/Center4CLTs\",\"https:\\\/\\\/www.instagram.com\\\/cltcenter\\\/\",\"https:\\\/\\\/www.linkedin.com\\\/company\\\/cltcenter\",\"https:\\\/\\\/www.youtube.com\\\/@centerforcltinnovation5313\"],\"description\":\"The International Center for Community Land Trusts is a not-for-profit nongovernmental organization established in 2018 to promote and to support community land trusts and similar strategies of community-led development on community-owned land in countries throughout the world.\",\"email\":\"info@communitylandtrust.net\",\"legalName\":\"International Center for Community Land Trusts\",\"foundingDate\":\"2018-12-01\",\"taxID\":\"84-3858933\",\"numberOfEmployees\":{\"@type\":\"QuantitativeValue\",\"minValue\":\"1\",\"maxValue\":\"10\"}},{\"@type\":\"Person\",\"@id\":\"https:\\\/\\\/www.cltweb.org\\\/es\\\/#\\\/schema\\\/person\\\/7c9fe56cc945e4b57585dbfe30f2ead4\",\"name\":\"Ben Harris\",\"image\":{\"@type\":\"ImageObject\",\"inLanguage\":\"es\",\"@id\":\"https:\\\/\\\/secure.gravatar.com\\\/avatar\\\/12a44d8988553548c22c57da673ee8ffb7e0b87b0197beec533bae3061a92cc5?s=96&d=mm&r=g\",\"url\":\"https:\\\/\\\/secure.gravatar.com\\\/avatar\\\/12a44d8988553548c22c57da673ee8ffb7e0b87b0197beec533bae3061a92cc5?s=96&d=mm&r=g\",\"contentUrl\":\"https:\\\/\\\/secure.gravatar.com\\\/avatar\\\/12a44d8988553548c22c57da673ee8ffb7e0b87b0197beec533bae3061a92cc5?s=96&d=mm&r=g\",\"caption\":\"Ben Harris\"},\"url\":\"https:\\\/\\\/www.cltweb.org\\\/es\\\/author\\\/ben\\\/\"}]}<\/script>\n<!-- \/ Yoast SEO Premium plugin. -->","yoast_head_json":{"title":"D\u00eda Mundial CLT: Una Celebraci\u00f3n Mundial de la Solidaridad - International Center for Community Land Trusts","robots":{"index":"index","follow":"follow","max-snippet":"max-snippet:-1","max-image-preview":"max-image-preview:large","max-video-preview":"max-video-preview:-1"},"canonical":"https:\/\/www.cltweb.org\/es\/2025\/11\/21\/dia-mundial-clt-una-celebracion-mundial-de-la-solidaridad\/","og_locale":"es_ES","og_type":"article","og_title":"D\u00eda Mundial CLT: Una Celebraci\u00f3n Mundial de la Solidaridad","og_description":"Esta historia forma parte de nuestra campa\u00f1a de fin de a\u00f1o que celebra c\u00f3mo el Centro CLT trabaja para servir al movimiento global de CLT. Esta semana, destacamos : D\u00eda [&hellip;]","og_url":"https:\/\/www.cltweb.org\/es\/2025\/11\/21\/dia-mundial-clt-una-celebracion-mundial-de-la-solidaridad\/","og_site_name":"International Center for Community Land Trusts","article_publisher":"https:\/\/www.facebook.com\/cltcenter","article_published_time":"2025-11-21T16:09:19+00:00","article_modified_time":"2025-11-21T16:09:39+00:00","og_image":[{"width":1500,"height":300,"url":"https:\/\/www.cltweb.org\/wp-content\/uploads\/2025\/11\/Land-for-People-Not-for-Profit-Banner.gif","type":"image\/gif"}],"author":"Ben Harris","twitter_card":"summary_large_image","twitter_creator":"@Center4CLTs","twitter_site":"@Center4CLTs","twitter_misc":{"Escrito por":"Ben Harris","Tiempo de lectura":"7 minutos"},"schema":{"@context":"https:\/\/schema.org","@graph":[{"@type":"Article","@id":"https:\/\/www.cltweb.org\/es\/2025\/11\/21\/dia-mundial-clt-una-celebracion-mundial-de-la-solidaridad\/#article","isPartOf":{"@id":"https:\/\/www.cltweb.org\/es\/2025\/11\/21\/dia-mundial-clt-una-celebracion-mundial-de-la-solidaridad\/"},"author":{"name":"Ben Harris","@id":"https:\/\/www.cltweb.org\/es\/#\/schema\/person\/7c9fe56cc945e4b57585dbfe30f2ead4"},"headline":"D\u00eda Mundial CLT: Una Celebraci\u00f3n Mundial de la Solidaridad","datePublished":"2025-11-21T16:09:19+00:00","dateModified":"2025-11-21T16:09:39+00:00","mainEntityOfPage":{"@id":"https:\/\/www.cltweb.org\/es\/2025\/11\/21\/dia-mundial-clt-una-celebracion-mundial-de-la-solidaridad\/"},"wordCount":1347,"publisher":{"@id":"https:\/\/www.cltweb.org\/es\/#organization"},"image":{"@id":"https:\/\/www.cltweb.org\/es\/2025\/11\/21\/dia-mundial-clt-una-celebracion-mundial-de-la-solidaridad\/#primaryimage"},"thumbnailUrl":"https:\/\/www.cltweb.org\/wp-content\/uploads\/2025\/11\/Land-for-People-Not-for-Profit-Banner.gif","keywords":["celebraci\u00f3n","d\u00eda mundial de las tlc","solidaridad"],"articleSection":["Sin categorizar"],"inLanguage":"es"},{"@type":"WebPage","@id":"https:\/\/www.cltweb.org\/es\/2025\/11\/21\/dia-mundial-clt-una-celebracion-mundial-de-la-solidaridad\/","url":"https:\/\/www.cltweb.org\/es\/2025\/11\/21\/dia-mundial-clt-una-celebracion-mundial-de-la-solidaridad\/","name":"D\u00eda Mundial CLT: Una Celebraci\u00f3n Mundial de la Solidaridad - International Center for Community Land Trusts","isPartOf":{"@id":"https:\/\/www.cltweb.org\/es\/#website"},"primaryImageOfPage":{"@id":"https:\/\/www.cltweb.org\/es\/2025\/11\/21\/dia-mundial-clt-una-celebracion-mundial-de-la-solidaridad\/#primaryimage"},"image":{"@id":"https:\/\/www.cltweb.org\/es\/2025\/11\/21\/dia-mundial-clt-una-celebracion-mundial-de-la-solidaridad\/#primaryimage"},"thumbnailUrl":"https:\/\/www.cltweb.org\/wp-content\/uploads\/2025\/11\/Land-for-People-Not-for-Profit-Banner.gif","datePublished":"2025-11-21T16:09:19+00:00","dateModified":"2025-11-21T16:09:39+00:00","breadcrumb":{"@id":"https:\/\/www.cltweb.org\/es\/2025\/11\/21\/dia-mundial-clt-una-celebracion-mundial-de-la-solidaridad\/#breadcrumb"},"inLanguage":"es","potentialAction":[{"@type":"ReadAction","target":["https:\/\/www.cltweb.org\/es\/2025\/11\/21\/dia-mundial-clt-una-celebracion-mundial-de-la-solidaridad\/"]}]},{"@type":"ImageObject","inLanguage":"es","@id":"https:\/\/www.cltweb.org\/es\/2025\/11\/21\/dia-mundial-clt-una-celebracion-mundial-de-la-solidaridad\/#primaryimage","url":"https:\/\/www.cltweb.org\/wp-content\/uploads\/2025\/11\/Land-for-People-Not-for-Profit-Banner.gif","contentUrl":"https:\/\/www.cltweb.org\/wp-content\/uploads\/2025\/11\/Land-for-People-Not-for-Profit-Banner.gif"},{"@type":"BreadcrumbList","@id":"https:\/\/www.cltweb.org\/es\/2025\/11\/21\/dia-mundial-clt-una-celebracion-mundial-de-la-solidaridad\/#breadcrumb","itemListElement":[{"@type":"ListItem","position":1,"name":"Home","item":"https:\/\/www.cltweb.org\/es\/"},{"@type":"ListItem","position":2,"name":"D\u00eda Mundial CLT: Una Celebraci\u00f3n Mundial de la Solidaridad"}]},{"@type":"WebSite","@id":"https:\/\/www.cltweb.org\/es\/#website","url":"https:\/\/www.cltweb.org\/es\/","name":"International Center for Community Land Trusts","description":"","publisher":{"@id":"https:\/\/www.cltweb.org\/es\/#organization"},"potentialAction":[{"@type":"SearchAction","target":{"@type":"EntryPoint","urlTemplate":"https:\/\/www.cltweb.org\/es\/?s={search_term_string}"},"query-input":{"@type":"PropertyValueSpecification","valueRequired":true,"valueName":"search_term_string"}}],"inLanguage":"es"},{"@type":"Organization","@id":"https:\/\/www.cltweb.org\/es\/#organization","name":"International Center for Community Land Trusts","url":"https:\/\/www.cltweb.org\/es\/","logo":{"@type":"ImageObject","inLanguage":"es","@id":"https:\/\/www.cltweb.org\/es\/#\/schema\/logo\/image\/","url":"https:\/\/www.cltweb.org\/wp-content\/uploads\/2024\/11\/New-CLT-Center-Text-logo.png","contentUrl":"https:\/\/www.cltweb.org\/wp-content\/uploads\/2024\/11\/New-CLT-Center-Text-logo.png","width":227,"height":80,"caption":"International Center for Community Land Trusts"},"image":{"@id":"https:\/\/www.cltweb.org\/es\/#\/schema\/logo\/image\/"},"sameAs":["https:\/\/www.facebook.com\/cltcenter","https:\/\/x.com\/Center4CLTs","https:\/\/www.instagram.com\/cltcenter\/","https:\/\/www.linkedin.com\/company\/cltcenter","https:\/\/www.youtube.com\/@centerforcltinnovation5313"],"description":"The International Center for Community Land Trusts is a not-for-profit nongovernmental organization established in 2018 to promote and to support community land trusts and similar strategies of community-led development on community-owned land in countries throughout the world.","email":"info@communitylandtrust.net","legalName":"International Center for Community Land Trusts","foundingDate":"2018-12-01","taxID":"84-3858933","numberOfEmployees":{"@type":"QuantitativeValue","minValue":"1","maxValue":"10"}},{"@type":"Person","@id":"https:\/\/www.cltweb.org\/es\/#\/schema\/person\/7c9fe56cc945e4b57585dbfe30f2ead4","name":"Ben Harris","image":{"@type":"ImageObject","inLanguage":"es","@id":"https:\/\/secure.gravatar.com\/avatar\/12a44d8988553548c22c57da673ee8ffb7e0b87b0197beec533bae3061a92cc5?s=96&d=mm&r=g","url":"https:\/\/secure.gravatar.com\/avatar\/12a44d8988553548c22c57da673ee8ffb7e0b87b0197beec533bae3061a92cc5?s=96&d=mm&r=g","contentUrl":"https:\/\/secure.gravatar.com\/avatar\/12a44d8988553548c22c57da673ee8ffb7e0b87b0197beec533bae3061a92cc5?s=96&d=mm&r=g","caption":"Ben Harris"},"url":"https:\/\/www.cltweb.org\/es\/author\/ben\/"}]}},"taxonomy_info":{"category":[{"value":25,"label":"Sin categorizar"}],"post_tag":[{"value":386,"label":"celebraci\u00f3n"},{"value":384,"label":"d\u00eda mundial de las tlc"},{"value":385,"label":"solidaridad"}]},"featured_image_src_large":false,"author_info":{"display_name":"Ben Harris","author_link":"https:\/\/www.cltweb.org\/es\/author\/ben\/"},"comment_info":0,"category_info":[{"term_id":25,"name":"Sin categorizar","slug":"sin-categorizar","term_group":0,"term_taxonomy_id":25,"taxonomy":"category","description":"","parent":0,"count":19,"filter":"raw","cat_ID":25,"category_count":19,"category_description":"","cat_name":"Sin categorizar","category_nicename":"sin-categorizar","category_parent":0}],"tag_info":[{"term_id":386,"name":"celebraci\u00f3n","slug":"celebracion","term_group":0,"term_taxonomy_id":386,"taxonomy":"post_tag","description":"","parent":0,"count":2,"filter":"raw"},{"term_id":384,"name":"d\u00eda mundial de las tlc","slug":"dia-mundial-de-las-tlc","term_group":0,"term_taxonomy_id":384,"taxonomy":"post_tag","description":"","parent":0,"count":13,"filter":"raw"},{"term_id":385,"name":"solidaridad","slug":"solidaridad","term_group":0,"term_taxonomy_id":385,"taxonomy":"post_tag","description":"","parent":0,"count":2,"filter":"raw"}],"jetpack_featured_media_url":"","jetpack_sharing_enabled":true,"jetpack-related-posts":[{"id":10681,"url":"https:\/\/www.cltweb.org\/es\/2025\/11\/11\/tierra-para-las-personas-no-para-el-beneficio-construir-la-infraestructura-de-un-movimiento-mundial\/","url_meta":{"origin":10712,"position":0},"title":"Tierra para las personas, no para el beneficio: Construir la infraestructura de un movimiento mundial","author":"Ben Harris","date":"11 de noviembre de 2025","format":false,"excerpt":"Este a\u00f1o, el Centro Internacional de Fideicomisos de la Tierra Comunitaria lanza su primera campa\u00f1a de fin de a\u00f1o, una oportunidad para reflexionar sobre lo que estamos construyendo juntos y sobre las relaciones que hacen posible este trabajo. En todo el mundo, las CLT est\u00e1n demostrando que es posible otra\u2026","rel":"","context":"En \u00abBlogs\u00bb","block_context":{"text":"Blogs","link":"https:\/\/www.cltweb.org\/es\/category\/blogs\/"},"img":{"alt_text":"","src":"https:\/\/i0.wp.com\/www.cltweb.org\/wp-content\/uploads\/2025\/11\/Land-for-People-Not-For-Profit.gif?resize=350%2C200&ssl=1","width":350,"height":200,"srcset":"https:\/\/i0.wp.com\/www.cltweb.org\/wp-content\/uploads\/2025\/11\/Land-for-People-Not-For-Profit.gif?resize=350%2C200&ssl=1 1x, https:\/\/i0.wp.com\/www.cltweb.org\/wp-content\/uploads\/2025\/11\/Land-for-People-Not-For-Profit.gif?resize=525%2C300&ssl=1 1.5x, https:\/\/i0.wp.com\/www.cltweb.org\/wp-content\/uploads\/2025\/11\/Land-for-People-Not-For-Profit.gif?resize=700%2C400&ssl=1 2x, https:\/\/i0.wp.com\/www.cltweb.org\/wp-content\/uploads\/2025\/11\/Land-for-People-Not-For-Profit.gif?resize=1050%2C600&ssl=1 3x"},"classes":[]},{"id":6579,"url":"https:\/\/www.cltweb.org\/es\/2022\/10\/20\/la-historia-del-mundo-de-clt\/","url_meta":{"origin":10712,"position":1},"title":"La historia del mundo de CLT","author":"cltredesign_0jp0l4","date":"20 de octubre de 2022","format":false,"excerpt":"Dentro de unas semanas, tras la primera reuni\u00f3n de CLT Gante y CLT Flandes, hemos descubierto dos gastos importantes, uno en el D\u00eda Mundial de CLT.","rel":"","context":"En \u00abSin categorizar\u00bb","block_context":{"text":"Sin categorizar","link":"https:\/\/www.cltweb.org\/es\/category\/sin-categorizar\/"},"img":{"alt_text":"Logotipo de CLT Gent","src":"https:\/\/i0.wp.com\/www.cltweb.org\/wp-content\/uploads\/2022\/10\/CLT-Gent-logo-edited.png?resize=350%2C200&ssl=1","width":350,"height":200},"classes":[]},{"id":6585,"url":"https:\/\/www.cltweb.org\/es\/2022\/10\/21\/workshop-und-jahresfeier-stadtbodenstiftung-berlin\/","url_meta":{"origin":10712,"position":2},"title":"Workshop und Jahresfeier Stadtbodenstiftung Berlin","author":"cltredesign_0jp0l4","date":"21 de octubre de 2022","format":false,"excerpt":"La edici\u00f3n de este a\u00f1o de la Fundaci\u00f3n Stadtbodenstiftung de Berl\u00edn se celebra coincidiendo con el D\u00eda Mundial de la CLT. Los mi\u00e9rcoles de 16:00 a 17:30 horas, nos reuniremos en un taller informativo sobre el sitio web de la fundaci\u00f3n. Queremos recordar el lema de este a\u00f1o de los\u2026","rel":"","context":"En \u00abSin categorizar\u00bb","block_context":{"text":"Sin categorizar","link":"https:\/\/www.cltweb.org\/es\/category\/sin-categorizar\/"},"img":{"alt_text":"Logotipo de la Stadtbodenstiftung","src":"https:\/\/i0.wp.com\/www.cltweb.org\/wp-content\/uploads\/2022\/10\/Berlin-CLT-Logo-300x300.png?resize=350%2C200&ssl=1","width":350,"height":200},"classes":[]},{"id":10801,"url":"https:\/\/www.cltweb.org\/pt-br\/2025\/11\/28\/dia-mundial-da-clt-uma-celebracao-global-de-solidariedade-1\/","url_meta":{"origin":10712,"position":3},"title":"Construindo juntos por meio da colabora\u00e7\u00e3o","author":"Ben Harris","date":"28 de noviembre de 2025","format":false,"excerpt":"Esta hist\u00f3ria faz parte de nossa campanha de fim de ano que celebra como o Centro CLT est\u00e1 trabalhando para atender ao movimento global de CLT. Nesta semana, estamos destacando : Nossos colaboradores em 2025 Por tr\u00e1s de cada CLT pr\u00f3spero est\u00e3o as pessoas que o tornam poss\u00edvel: organizadores, residentes\u2026","rel":"","context":"En \u00abN\u00e3o categorizado\u00bb","block_context":{"text":"N\u00e3o categorizado","link":"https:\/\/www.cltweb.org\/pt-br\/category\/nao-categorizado\/"},"img":{"alt_text":"","src":"https:\/\/i0.wp.com\/www.cltweb.org\/wp-content\/uploads\/2025\/11\/Land-for-People-Not-for-Profit-Banner.gif?resize=350%2C200&ssl=1","width":350,"height":200,"srcset":"https:\/\/i0.wp.com\/www.cltweb.org\/wp-content\/uploads\/2025\/11\/Land-for-People-Not-for-Profit-Banner.gif?resize=350%2C200&ssl=1 1x, https:\/\/i0.wp.com\/www.cltweb.org\/wp-content\/uploads\/2025\/11\/Land-for-People-Not-for-Profit-Banner.gif?resize=525%2C300&ssl=1 1.5x, https:\/\/i0.wp.com\/www.cltweb.org\/wp-content\/uploads\/2025\/11\/Land-for-People-Not-for-Profit-Banner.gif?resize=700%2C400&ssl=1 2x, https:\/\/i0.wp.com\/www.cltweb.org\/wp-content\/uploads\/2025\/11\/Land-for-People-Not-for-Profit-Banner.gif?resize=1050%2C600&ssl=1 3x, https:\/\/i0.wp.com\/www.cltweb.org\/wp-content\/uploads\/2025\/11\/Land-for-People-Not-for-Profit-Banner.gif?resize=1400%2C800&ssl=1 4x"},"classes":[]},{"id":6576,"url":"https:\/\/www.cltweb.org\/pt-br\/2022\/10\/21\/workshop-e-jahresfeier-stadtbodenstiftung-berlin\/","url_meta":{"origin":10712,"position":4},"title":"Workshop e Jahresfeier Stadtbodenstiftung Berlin","author":"cltredesign_0jp0l4","date":"21 de octubre de 2022","format":false,"excerpt":"Voc\u00ea est\u00e1 na primeira edi\u00e7\u00e3o do Jahresfeier der Stadtbodenstiftung em Berlim. Na sexta-feira, das 16:00 \u00e0s 17:30 horas, voc\u00ea participar\u00e1 de um workshop informativo sobre o Comit\u00ea da Funda\u00e7\u00e3o. Voc\u00ea pode usar o lema deste ano da Welt-CLT-Tags - Community Matters - como refer\u00eancia, para que possamos conversar com os\u2026","rel":"","context":"En \u00abN\u00e3o categorizado\u00bb","block_context":{"text":"N\u00e3o categorizado","link":"https:\/\/www.cltweb.org\/pt-br\/category\/nao-categorizado\/"},"img":{"alt_text":"Logotipo da Stadtbodenstiftung","src":"https:\/\/i0.wp.com\/www.cltweb.org\/wp-content\/uploads\/2022\/10\/Berlin-CLT-Logo-300x300.png?resize=350%2C200&ssl=1","width":350,"height":200},"classes":[]},{"id":6594,"url":"https:\/\/www.cltweb.org\/es\/2022\/10\/11\/retirar-suelo-del-mercado-para-que-la-ciudad-sea-asequible\/","url_meta":{"origin":10712,"position":5},"title":"Retirar suelo del mercado para que la ciudad sea asequible","author":"cltredesign_0jp0l4","date":"11 de octubre de 2022","format":false,"excerpt":"\u00bfNo podr\u00eda ser una soluci\u00f3n a la crisis de la vivienda retirar viviendas y terrenos del mercado, para que no se pueda especular con ellos y sigan siendo asequibles para siempre? Los fideicomisos de la tierra ya lo est\u00e1n haciendo en ciudades de todo el mundo. \u00bfC\u00f3mo puede ampliarse? \u00bfCu\u00e1l\u2026","rel":"","context":"En \u00abSin categorizar\u00bb","block_context":{"text":"Sin categorizar","link":"https:\/\/www.cltweb.org\/es\/category\/sin-categorizar\/"},"img":{"alt_text":"Logotipo CLTB","src":"https:\/\/i0.wp.com\/www.cltweb.org\/wp-content\/uploads\/2022\/10\/CLTB_Logo-1024x660.png?resize=350%2C200&ssl=1","width":350,"height":200},"classes":[]}],"_links":{"self":[{"href":"https:\/\/www.cltweb.org\/es\/wp-json\/wp\/v2\/posts\/10712","targetHints":{"allow":["GET"]}}],"collection":[{"href":"https:\/\/www.cltweb.org\/es\/wp-json\/wp\/v2\/posts"}],"about":[{"href":"https:\/\/www.cltweb.org\/es\/wp-json\/wp\/v2\/types\/post"}],"author":[{"embeddable":true,"href":"https:\/\/www.cltweb.org\/es\/wp-json\/wp\/v2\/users\/2"}],"replies":[{"embeddable":true,"href":"https:\/\/www.cltweb.org\/es\/wp-json\/wp\/v2\/comments?post=10712"}],"version-history":[{"count":2,"href":"https:\/\/www.cltweb.org\/es\/wp-json\/wp\/v2\/posts\/10712\/revisions"}],"predecessor-version":[{"id":10723,"href":"https:\/\/www.cltweb.org\/es\/wp-json\/wp\/v2\/posts\/10712\/revisions\/10723"}],"wp:attachment":[{"href":"https:\/\/www.cltweb.org\/es\/wp-json\/wp\/v2\/media?parent=10712"}],"wp:term":[{"taxonomy":"category","embeddable":true,"href":"https:\/\/www.cltweb.org\/es\/wp-json\/wp\/v2\/categories?post=10712"},{"taxonomy":"post_tag","embeddable":true,"href":"https:\/\/www.cltweb.org\/es\/wp-json\/wp\/v2\/tags?post=10712"}],"curies":[{"name":"wp","href":"https:\/\/api.w.org\/{rel}","templated":true}]}}