{"id":10798,"date":"2025-11-28T20:17:44","date_gmt":"2025-11-28T20:17:44","guid":{"rendered":"https:\/\/www.cltweb.org\/2025\/11\/28\/dia-mundial-clt-una-celebracion-global-de-la-solidaridad-1\/"},"modified":"2025-12-01T18:27:34","modified_gmt":"2025-12-01T18:27:34","slug":"dia-mundial-clt-una-celebracion-global-de-la-solidaridad-1","status":"publish","type":"post","link":"https:\/\/www.cltweb.org\/es\/2025\/11\/28\/dia-mundial-clt-una-celebracion-global-de-la-solidaridad-1\/","title":{"rendered":"Construir juntos mediante la colaboraci\u00f3n"},"content":{"rendered":"\n<figure class=\"wp-block-image size-full\"><img loading=\"lazy\" decoding=\"async\" width=\"1500\" height=\"300\" src=\"https:\/\/www.cltweb.org\/wp-content\/uploads\/2025\/11\/Land-for-People-Not-for-Profit-Banner.gif\" alt=\"\" class=\"wp-image-10618\"\/><\/figure>\n\n<p><strong><em>Esta historia forma parte de nuestra <a href=\"https:\/\/www.cltweb.org\/es\/2025\/11\/11\/tierra-para-las-personas-no-para-el-beneficio-construir-la-infraestructura-de-un-movimiento-mundial\/\" target=\"_blank\" rel=\"noreferrer noopener\">campa\u00f1a de fin de a\u00f1o<\/a> que celebra c\u00f3mo el Centro CLT<em>  trabaja para servir al movimiento global de CLT. Esta semana, destacamos <\/em>:<\/em><\/strong><\/p>\n\n<h2 class=\"wp-block-heading has-text-align-center has-palette-color-5-background-color has-background\" id=\"h-our-collaborators-across-2025\" style=\"padding-top:var(--wp--preset--spacing--20);padding-right:0;padding-bottom:var(--wp--preset--spacing--20);padding-left:0\">Nuestros colaboradores a lo largo de 2025<\/h2>\n\n<p>Detr\u00e1s de cada CLT pr\u00f3spero est\u00e1n las personas que lo hacen posible: organizadores, residentes y socios locales. Detr\u00e1s de cada red hay compa\u00f1eros que aprenden unos de otros, fortaleciendo la experiencia colectiva en conocimientos compartidos. Y detr\u00e1s de cada movimiento est\u00e1 la colaboraci\u00f3n, la fuerza silenciosa que convierte las buenas ideas en terreno com\u00fan. El progreso del movimiento CLT no procede de una sola organizaci\u00f3n. Crece a partir de una red de relaciones arraigadas en la confianza, la generosidad y la creencia compartida de que la tierra debe servir a las personas y al planeta, no a los beneficios. <\/p>\n\n<p>En el Centro CLT, la colaboraci\u00f3n es tanto m\u00e9todo como misi\u00f3n. Cada taller, seminario web, publicaci\u00f3n y llamada a la red es posible gracias a las personas y organizaciones que deciden trabajar juntas m\u00e1s all\u00e1 de geograf\u00edas, idiomas y husos horarios. Al cerrar 2025, celebramos y agradecemos a las personas y organizaciones que hacen posible este trabajo. A continuaci\u00f3n figura una lista no exhaustiva de organizaciones con las que hemos trabajado a lo largo del a\u00f1o pasado. Muchas aparecen en distintos niveles, como convocantes globales, l\u00edderes regionales y profesionales locales, lo que refleja la naturaleza profundamente interconectada de este ecosistema.    <\/p>\n\n<h3 class=\"wp-block-heading has-text-align-center\" id=\"h-global-collaborators\"><strong>Colaboradores globales<\/strong><\/h3>\n\n<figure class=\"wp-block-image aligncenter size-large is-resized\"><img loading=\"lazy\" decoding=\"async\" width=\"1024\" height=\"205\" src=\"https:\/\/www.cltweb.org\/wp-content\/uploads\/2025\/11\/International-Collab-1-1024x205.png\" alt=\"\" class=\"wp-image-10806\" style=\"width:1098px;height:auto\" srcset=\"https:\/\/www.cltweb.org\/wp-content\/uploads\/2025\/11\/International-Collab-1-1024x205.png 1024w, https:\/\/www.cltweb.org\/wp-content\/uploads\/2025\/11\/International-Collab-1-300x60.png 300w, https:\/\/www.cltweb.org\/wp-content\/uploads\/2025\/11\/International-Collab-1-768x154.png 768w, https:\/\/www.cltweb.org\/wp-content\/uploads\/2025\/11\/International-Collab-1-1536x307.png 1536w, https:\/\/www.cltweb.org\/wp-content\/uploads\/2025\/11\/International-Collab-1-2048x410.png 2048w\" sizes=\"auto, (max-width: 1024px) 100vw, 1024px\" \/><\/figure>\n\n<div class=\"wp-block-columns is-layout-flex wp-container-core-columns-is-layout-28f84493 wp-block-columns-is-layout-flex\">\n<div class=\"wp-block-column is-layout-flow wp-block-column-is-layout-flow\">\n<p>Los CLT locales est\u00e1n generando soluciones con implicaciones reales para la resiliencia clim\u00e1tica, la seguridad de la tenencia y el desarrollo equitativo. A trav\u00e9s de nuestras asociaciones globales, estamos ayudando a llevar estas lecciones a los foros internacionales, garantizando que los modelos dirigidos por la comunidad den forma a conversaciones pol\u00edticas m\u00e1s amplias y sean reconocidos por su potencial para apoyar futuros justos y sostenibles. <\/p>\n\n\n\n<p>Mantenemos relaciones constantes con varias entidades mundiales, como la Red CoH\u00e1bitat, H\u00e1bitat para la Humanidad Internacional, el Instituto Lincoln de Pol\u00edtica Territorial, H\u00e1bitat Mundial, ONU-H\u00e1bitat y urbaMonde. A continuaci\u00f3n figuran citas de algunas de nuestras colaboraciones con ellas en 2025. <\/p>\n\n\n<\/div>\n<\/div>\n<style>.kt-blocks-testimonials-wrap10796_b3eeb3-bc .kt-svg-testimonial-global-icon{font-size:30px;}.kt-blocks-testimonials-wrap10796_b3eeb3-bc .kt-testimonial-item-0 .kt-svg-testimonial-icon{font-size:50px;}.kt-blocks-testimonials-wrap10796_b3eeb3-bc .kt-testimonial-rating-wrap .kb-svg-icon-wrap{color:#ffd700;font-size:16px;}.kt-blocks-testimonials-wrap10796_b3eeb3-bc .kt-blocks-carousel .kt-blocks-testimonial-carousel-item{padding-top:var(--global-kb-spacing-xxs, .5rem);padding-bottom:var(--global-kb-spacing-xxs, .5rem);}.kt-blocks-testimonials-wrap10796_b3eeb3-bc .kt-testimonial-grid-wrap{gap:79px;}.kt-blocks-testimonials-wrap10796_b3eeb3-bc .kt-blocks-testimonials-inner-wrap .kt-blocks-carousel-init:not(.splide-initialized):not(.tns-slider) .kb-slide-item{display:none;}.kt-blocks-testimonials-wrap10796_b3eeb3-bc .kt-blocks-testimonials-inner-wrap .kt-blocks-carousel-init:not(.splide-initialized):not(.tns-slider) .kb-slide-item:nth-child(-n+1){padding-left:79px;display:block;float:left;width:calc(100% \/ 1);}.kt-blocks-testimonials-wrap10796_b3eeb3-bc .kt-blocks-testimonials-inner-wrap .kt-blocks-carousel-init:not(.splide-initialized):not(.tns-slider){margin-left:-79px;}.kt-blocks-testimonials-wrap10796_b3eeb3-bc .kt-testimonial-item-wrap{padding-top:20px;padding-right:20px;padding-bottom:20px;padding-left:20px;}.kt-blocks-testimonials-wrap10796_b3eeb3-bc .kt-testimonial-item-wrap .kt-testimonial-title{min-height:3px;}.kt-blocks-testimonials-wrap10796_b3eeb3-bc .kt-testimonial-occupation{font-size:15px;}.kt-blocks-testimonials-wrap10796_b3eeb3-bc .kt-testimonial-item-wrap{max-width:500px;}.kt-blocks-testimonials-wrap10796_b3eeb3-bc .kt-testimonial-item-wrap{box-shadow:0px 0px 60px 5px rgba(0, 0, 0, 0.2);}.kt-blocks-testimonials-wrap10796_b3eeb3-bc .kt-testimonial-media-inner-wrap{width:60px;border-top:0px solid;border-right:0px solid;border-bottom:0px solid;border-left:0px solid;padding-top:0px;padding-right:0px;padding-bottom:0px;padding-left:0px;}.kt-blocks-testimonials-wrap10796_b3eeb3-bc .kt-svg-testimonial-icon{justify-content:center;align-items:center;}@media all and (max-width: 1024px){.kt-blocks-testimonials-wrap10796_b3eeb3-bc .kt-blocks-testimonials-inner-wrap .kt-blocks-carousel-init:not(.splide-initialized):not(.tns-slider) .kb-slide-item{display:none;}}@media all and (max-width: 1024px){.kt-blocks-testimonials-wrap10796_b3eeb3-bc .kt-blocks-testimonials-inner-wrap .kt-blocks-carousel-init:not(.splide-initialized):not(.tns-slider) .kb-slide-item:nth-child(-n+1){padding-left:79px;display:block;float:left;width:calc(100% \/ 1);}}@media all and (max-width: 1024px){.kt-blocks-testimonials-wrap10796_b3eeb3-bc .kt-blocks-testimonials-inner-wrap .kt-blocks-carousel-init:not(.splide-initialized):not(.tns-slider){margin-left:-79px;}}@media all and (max-width: 1024px){.kt-blocks-testimonials-wrap10796_b3eeb3-bc .kt-testimonial-media-inner-wrap{border-top:0px solid;border-right:0px solid;border-bottom:0px solid;border-left:0px solid;}}@media all and (max-width: 767px){.kt-blocks-testimonials-wrap10796_b3eeb3-bc .kt-blocks-carousel .kt-blocks-testimonial-carousel-item{padding:var(--global-kb-spacing-xxs, .5rem);padding-top:px;padding-bottom:px;margin-top:px;margin-bottom:px;}.kt-blocks-testimonials-wrap10796_b3eeb3-bc .kt-blocks-testimonials-inner-wrap .kt-blocks-carousel-init:not(.splide-initialized):not(.tns-slider) .kb-slide-item{display:none;}.kt-blocks-testimonials-wrap10796_b3eeb3-bc .kt-blocks-testimonials-inner-wrap .kt-blocks-carousel-init:not(.splide-initialized):not(.tns-slider) .kb-slide-item:nth-child(-n+1){display:block;float:left;width:calc(100% \/ 1);padding-left:79px;}.kt-blocks-testimonials-wrap10796_b3eeb3-bc .kt-blocks-testimonials-inner-wrap .kt-blocks-carousel-init:not(.splide-initialized):not(.tns-slider){margin-left:-79px;}.kt-blocks-testimonials-wrap10796_b3eeb3-bc .kt-testimonial-media-inner-wrap{border-top:0px solid;border-right:0px solid;border-bottom:0px solid;border-left:0px solid;}}<\/style><div class=\"kt-blocks-testimonials-wrap10796_b3eeb3-bc kt-testimonial-halign-center kt-testimonial-style-basic kt-testimonials-media-on kt-testimonials-icon-off kt-testimonial-columns-1 kt-t-xxl-col-1 kt-t-xl-col-1 kt-t-lg-col-1 kt-t-md-col-1 kt-t-sm-col-1 kt-t-xs-col-1 wp-block-kadence-testimonials\"><div class=\"kt-blocks-testimonials-inner-wrap kt-blocks-carousel kt-carousel-container-dotstyle-dark kt-carousel-container-arrowstyle-whiteondark\"><div class=\"kt-blocks-carousel-init splide kb-gallery-carousel kt-carousel-arrowstyle-whiteondark kt-carousel-dotstyle-dark\" data-columns-xxl=\"1\" data-columns-xl=\"1\" data-columns-md=\"1\" data-columns-sm=\"1\" data-columns-xs=\"1\" data-columns-ss=\"1\" data-slider-anim-speed=\"400\" data-slider-scroll=\"1\" data-slider-type=\"loop\" data-slider-arrows=\"true\" data-slider-dots=\"true\" data-slider-hover-pause=\"false\" data-slider-auto=\"\" data-slider-speed=\"7000\" data-slider-gap=\"79px\" data-slider-gap-tablet=\"79px\" data-slider-gap-mobile=\"79px\" data-show-pause-button=\"false\"><div class=\"splide__track\"><ul class=\"splide__list\">\n<li class=\"kt-blocks-testimonial-carousel-item kb-slide-item splide__slide\"><div class=\"kt-testimonial-item-wrap kt-testimonial-item-10796_0eba17-fe wp-block-kadence-testimonial\"><div class=\"kt-testimonial-text-wrap\"><div class=\"kt-testimonial-title-wrap\"><h4 class=\"kt-testimonial-title\">Instituto Lincoln de Pol\u00edtica Territorial<\/h4><\/div><div class=\"kt-testimonial-content-wrap\"><blockquote class=\"kt-testimonial-content\">&#8220;Esta asociaci\u00f3n con el Centro Internacional de CLT es algo que valoramos por muchas, muchas razones. Esta asociaci\u00f3n ha ayudado a identificar la investigaci\u00f3n y a hacer avanzar una de las herramientas de pol\u00edtica territorial m\u00e1s innovadoras para fomentar la vivienda asequible y las comunidades pr\u00f3speras y din\u00e1micas, no s\u00f3lo en Estados Unidos, sino en todo el mundo. <br><br>M\u00e1s recientemente, tambi\u00e9n ha abierto los ojos del Instituto Lincoln sobre c\u00f3mo pueden aplicarse los CLT en el Sur Global. A trav\u00e9s de nuestra colaboraci\u00f3n con el CLT Center, hemos conocido el extraordinario trabajo del CLT Ca\u00f1o Mart\u00edn Pe\u00f1a en San Juan de Puerto Rico, que demuestra sin lugar a dudas c\u00f3mo el modelo CLT, la idea y la mentalidad CLT pueden ayudar a garantizar los medios de subsistencia de comunidades marginadas durante mucho tiempo de los mercados formales de la tierra y la vivienda.&#8221; <\/blockquote><\/div><\/div><div class=\"kt-testimonial-meta-wrap\"><div class=\"kt-testimonial-media-wrap\"><div class=\"kt-testimonial-media-inner-wrap\"><div class=\"kadence-testimonial-image-intrisic\"><img loading=\"lazy\" decoding=\"async\" width=\"150\" height=\"150\" src=\"https:\/\/www.cltweb.org\/wp-content\/uploads\/2025\/11\/Enrique-Silva-150x150.png\" class=\"kt-testimonial-image wp-image-10817 size-thumbnail\" alt=\"\" \/><\/div><\/div><\/div><div class=\"kt-testimonial-meta-name-wrap\"><div class=\"kt-testimonial-name-wrap\"><div class=\"kt-testimonial-name\"><strong><strong>&#8211; <em><strong>Enrique Silva<\/strong><\/em><\/strong><\/strong><\/div><\/div><div class=\"kt-testimonial-occupation-wrap\"><div class=\"kt-testimonial-occupation\"><em>Director de Programas del Instituto Lincoln de Pol\u00edtica Territorial<\/em><\/div><\/div><\/div><\/div><\/div><\/li>\n\n<li class=\"kt-blocks-testimonial-carousel-item kb-slide-item splide__slide\"><div class=\"kt-testimonial-item-wrap kt-testimonial-item-10796_8c8fa4-32 wp-block-kadence-testimonial\"><div class=\"kt-testimonial-text-wrap\"><div class=\"kt-testimonial-title-wrap\"><h4 class=\"kt-testimonial-title\">ONU-H\u00e1bitat<\/h4><\/div><div class=\"kt-testimonial-content-wrap\"><blockquote class=\"kt-testimonial-content\"><em>&#8220;Muchas pol\u00edticas y marcos jur\u00eddicos todav\u00eda no reconocen ni apoyan los CLT, o en algunos casos no los reconocen en absoluto.<\/em> <em>En ONU-H\u00e1bitat, estamos entusiasmados porque el a\u00f1o pasado empezamos a trabajar con coordinadores gubernamentales y ministros a trav\u00e9s del Foro de la Vivienda sobre una vivienda adecuada para todos.<\/em> <em>Dentro de este espacio, se reconoci\u00f3 que los CLT muestran un enorme potencial, pero los responsables pol\u00edticos a\u00fan necesitan reforzar su comprensi\u00f3n del modelo para apoyarlo eficazmente. En los pr\u00f3ximos a\u00f1os, centraremos gran parte de nuestra atenci\u00f3n en esto&#8221;. <\/em><br><br><\/blockquote><\/div><\/div><div class=\"kt-testimonial-meta-wrap\"><div class=\"kt-testimonial-media-wrap\"><div class=\"kt-testimonial-media-inner-wrap\"><div class=\"kadence-testimonial-image-intrisic\"><img loading=\"lazy\" decoding=\"async\" width=\"150\" height=\"150\" src=\"https:\/\/www.cltweb.org\/wp-content\/uploads\/2025\/11\/Francesca-Lionetti-150x150.png\" class=\"kt-testimonial-image wp-image-10840 size-thumbnail\" alt=\"\" \/><\/div><\/div><\/div><div class=\"kt-testimonial-meta-name-wrap\"><div class=\"kt-testimonial-name-wrap\"><div class=\"kt-testimonial-name\"><strong>Francesca Lionetti<\/strong><\/div><\/div><div class=\"kt-testimonial-occupation-wrap\"><div class=\"kt-testimonial-occupation\"><em>Experta Asociada en Derecho a la Vivienda, Diversidad e Inclusi\u00f3n, ONU-H\u00e1bitat<\/em><\/div><\/div><\/div><\/div><\/div><\/li>\n\n<li class=\"kt-blocks-testimonial-carousel-item kb-slide-item splide__slide\"><div class=\"kt-testimonial-item-wrap kt-testimonial-item-10796_00fb0d-51 wp-block-kadence-testimonial\"><div class=\"kt-testimonial-text-wrap\"><div class=\"kt-testimonial-title-wrap\"><h4 class=\"kt-testimonial-title\">H\u00e1bitat para la Humanidad Internacional<\/h4><\/div><div class=\"kt-testimonial-content-wrap\"><blockquote class=\"kt-testimonial-content\">&#8220;Nos entusiasma ver el creciente impulso de esta labor. Los fideicomisos de la tierra comunitarios llevan evolucionando m\u00e1s de 50 a\u00f1os, y es inspirador ver c\u00f3mo asociaciones como las que existen entre los CLT y H\u00e1bitat para la Humanidad est\u00e1n ayudando a llevar este modelo a\u00fan m\u00e1s lejos. Podemos hacer mucho juntos para ampliar la asequibilidad duradera de forma creativa e impulsada por la comunidad&#8221;.<br><br><br><br><br><\/blockquote><\/div><\/div><div class=\"kt-testimonial-meta-wrap\"><div class=\"kt-testimonial-media-wrap\"><div class=\"kt-testimonial-media-inner-wrap\"><div class=\"kadence-testimonial-image-intrisic\"><img loading=\"lazy\" decoding=\"async\" width=\"150\" height=\"150\" src=\"https:\/\/www.cltweb.org\/wp-content\/uploads\/2025\/11\/Screenshot-2025-12-01-at-1.18.59-PM-150x150.png\" class=\"kt-testimonial-image wp-image-10842 size-thumbnail\" alt=\"\" srcset=\"https:\/\/www.cltweb.org\/wp-content\/uploads\/2025\/11\/Screenshot-2025-12-01-at-1.18.59-PM-150x150.png 150w, https:\/\/www.cltweb.org\/wp-content\/uploads\/2025\/11\/Screenshot-2025-12-01-at-1.18.59-PM-300x300.png 300w, https:\/\/www.cltweb.org\/wp-content\/uploads\/2025\/11\/Screenshot-2025-12-01-at-1.18.59-PM.png 329w\" sizes=\"auto, (max-width: 150px) 100vw, 150px\" \/><\/div><\/div><\/div><div class=\"kt-testimonial-meta-name-wrap\"><div class=\"kt-testimonial-name-wrap\"><div class=\"kt-testimonial-name\"><strong>Aditi Nair<\/strong><\/div><\/div><div class=\"kt-testimonial-occupation-wrap\"><div class=\"kt-testimonial-occupation\"><em>Directora de Estrategia e Impacto, H\u00e1bitat para la Humanidad Internacional ; Miembro del Consejo del CLT Center<\/em><\/div><\/div><\/div><\/div><\/div><\/li>\n<\/ul><\/div><\/div><\/div><\/div>\n<h3 class=\"wp-block-heading has-text-align-center\" id=\"h-regional-collaborators\">Colaboradores regionales<\/h3>\n\n<p>En todas las regiones, la colaboraci\u00f3n toma forma a trav\u00e9s de redes que conectan a los profesionales, coordinan el aprendizaje compartido y refuerzan la acci\u00f3n colectiva. Estos socios regionales ayudan a vincular la experiencia local con sistemas m\u00e1s amplios de apoyo, defensa e intercambio. A continuaci\u00f3n figura una lista no exhaustiva de las organizaciones regionales con las que trabajamos a lo largo de 2025.  <\/p>\n\n<ul class=\"wp-block-list\">\n<li><strong>Red Australiana de CLT<\/strong> (Grounded Australia)<\/li>\n\n\n\n<li><strong>Red CLT de California<\/strong> (EEUU)<\/li>\n\n\n\n<li><strong>Red Canadiense de Fideicomisos Comunitarios de la Tierra<\/strong> (Canad\u00e1)<\/li>\n\n\n\n<li><strong>Comunidades Catalizadoras \/ Red<\/strong> Favela CLT (Rede Favela CLT, Brasil)<\/li>\n\n\n\n<li><strong>Red de fideicomisos de la tierra de Inglaterra y Gales<\/strong> (Reino Unido)<\/li>\n\n\n\n<li><strong>Red Europea de Fideicomisos de la Tierra<\/strong> (Europa)<\/li>\n\n\n\n<li><strong>Foncier Solidaire France<\/strong> (FSF)<\/li>\n\n\n\n<li><strong>Red CLT del Gran Boston<\/strong> (EEUU)<\/li>\n\n\n\n<li><strong>Red de Soluciones Basadas en la Tierra<\/strong> (EEUU)<\/li>\n\n\n\n<li><strong>Coalici\u00f3n CLT de Minnesota<\/strong> (EEUU)<\/li>\n\n\n\n<li><strong>Viviendas Comunitarias del Sur de Escocia<\/strong> (SOSCH, Escocia)<\/li>\n\n\n\n<li><strong>Uni\u00e3o de Moradia Popular <\/strong>(Brasil)<\/li>\n\n\n\n<li><strong>Urban Land Conservancy<\/strong> (Colorado, EEUU)<\/li>\n\n\n\n<li><strong>Red CLT de Virginia<\/strong> (Virginia, EE.UU.)<\/li>\n\n\n\n<li><strong>Alianza para la Financiaci\u00f3n del Patrimonio Cultural<\/strong> (CHiFA) (EEUU)<\/li>\n<\/ul>\n\n<h3 class=\"wp-block-heading has-text-align-center\" id=\"h-local-collaborators\">Colaboradores locales<\/h3>\n\n<p>A nivel local, la colaboraci\u00f3n es el latido de este trabajo. Aunque el Centro CLT opera a escala mundial, nuestro trabajo est\u00e1 determinado por el di\u00e1logo constante con profesionales locales que dirigen trabajos innovadores, organizan barrios y mantienen el movimiento CLT arraigado en lugares reales. A continuaci\u00f3n figura una lista no exhaustiva de las organizaciones con las que colaboramos a lo largo de 2025:  <\/p>\n\n<div class=\"wp-block-columns is-layout-flex wp-container-core-columns-is-layout-28f84493 wp-block-columns-is-layout-flex\">\n<div class=\"wp-block-column is-layout-flow wp-block-column-is-layout-flow\">\n<ul class=\"wp-block-list\">\n<li><strong>Grupo Explorador CLT de <\/strong> Bangladesh (Bangladesh)<\/li>\n\n\n\n<li><strong>Ayuntamiento de Boston<\/strong> (Massachusetts, EEUU)<\/li>\n\n\n\n<li><strong>Bright Community Trust <\/strong>(Florida, EE.UU.)<\/li>\n\n\n\n<li><strong>Ca\u00f1o Mart\u00edn Pe\u00f1a CLT (Fideicomiso de la Tierra) <\/strong>(Puerto Rico)<\/li>\n\n\n\n<li><strong>Champlain Housing Trust<\/strong> (Vermont, EEUU)<\/li>\n\n\n\n<li><strong>Chinatown CLT<\/strong> (Boston, EEUU)<\/li>\n\n\n\n<li><strong>Ciudad de Norwalk<\/strong> (Connecticut, EEUU)<\/li>\n\n\n\n<li><strong>Ciudad de Seattle <\/strong>(Washington, EEUU)<\/li>\n\n\n\n<li><strong>CLT Bruselas <\/strong>(B\u00e9lgica)<\/li>\n\n\n\n<li><strong>CLT Gante<\/strong> (B\u00e9lgica)<\/li>\n\n\n\n<li><strong>CLT Mykolaiv<\/strong> (B\u00e9lgica)<\/li>\n\n\n\n<li><strong>Community Home Trust<\/strong> (Carolina del Norte, EEUU)<\/li>\n\n\n\n<li><strong>Delray Beach Community Land Trust<\/strong> (Florida, EEUU)<\/li>\n\n\n\n<li><strong>Grupo de Acci\u00f3n para el Desarrollo <\/strong>(Sud\u00e1frica)<\/li>\n\n\n\n<li><strong>Diamond State CLT<\/strong>(Delaware, EE.UU.)<\/li>\n\n\n\n<li><strong>Iniciativa Vecinal de Dudley Street <\/strong>(Massachusetts, EEUU)<\/li>\n<\/ul>\n<\/div>\n\n\n\n<div class=\"wp-block-column is-layout-flow wp-block-column-is-layout-flow\">\n<ul class=\"wp-block-list\">\n<li><strong>El Enjambre Colectivo<\/strong> (Puerto Rico)<\/li>\n\n\n\n<li><strong>Grassroots Institute \/ Housing Mendocino<\/strong> (California, EEUU)<\/li>\n\n\n\n<li><strong>H\u00e1bitat para la Humanidad Condado de Frederick <\/strong>(Maryland, EE.UU.)<\/li>\n\n\n\n<li><strong>H\u00e1bitat para la Humanidad Regi\u00f3n de Portland<\/strong> (Oreg\u00f3n, EE.UU.)<\/li>\n\n\n\n<li><strong>Hastings Commons<\/strong> (Reino Unido)<\/li>\n\n\n\n<li><strong>Hempstead Community Land Trust <\/strong>(Nueva York, EEUU)<\/li>\n\n\n\n<li><strong>Houston CLT<\/strong> (Texas, EE.UU.)<\/li>\n\n\n\n<li><strong>Housing Trust of the North Bay<\/strong> (California, EEUU)<\/li>\n\n\n\n<li><strong>Interboro CLT <\/strong>(Nueva York, EEUU)<\/li>\n\n\n\n<li><strong>Kota Kita<\/strong> (Indonesia)<\/li>\n\n\n\n<li><strong>Londres CLT <\/strong>(Reino Unido)<\/li>\n\n\n\n<li><strong>CLT de la zona de Madison<\/strong> (Wisconsin, EE.UU.)<\/li>\n\n\n\n<li><strong>Muskoka CLTt<\/strong> (Canad\u00e1)<\/li>\n\n\n\n<li><strong>Iniciativa Comunitaria del Suelo de Nueva York<\/strong> (Nueva York, EE.UU.)<\/li>\n<\/ul>\n<\/div>\n\n\n\n<div class=\"wp-block-column is-layout-flow wp-block-column-is-layout-flow\">\n<ul class=\"wp-block-list\">\n<li><strong>Periferico<\/strong> (Portugal)<\/li>\n\n\n\n<li><strong>Pioneer Valley Habitat for Humanity<\/strong> (Massachusetts, EEUU)<\/li>\n\n\n\n<li><strong>Defensor\u00eda del Pueblo de Buenos Aires <\/strong>(Argentina)<\/li>\n\n\n\n<li><strong>Rondo Community Land Trust<\/strong> (Minnesota, EEUU)<\/li>\n\n\n\n<li><strong>CLT Sur de Los \u00c1ngeles<\/strong> (EEUU)<\/li>\n\n\n\n<li><strong>Southside Community Land Trust<\/strong> (Rhode Island, EEUU)<\/li>\n\n\n\n<li><strong>Stadtbodenstiftung <\/strong>(Alemania)<\/li>\n\n\n\n<li><strong>Two Rivers CLT<\/strong> (Minnesota, EE.UU.)<\/li>\n\n\n\n<li><strong>YorSpace CLT<\/strong> (Reino Unido)<\/li>\n<\/ul>\n<\/div>\n<\/div>\n\n<h3 class=\"wp-block-heading\" id=\"h-academic-and-research-institutions\"><strong>Instituciones acad\u00e9micas y de investigaci\u00f3n<\/strong><\/h3>\n\n<p>Junto a los profesionales, los investigadores y acad\u00e9micos han contribuido a ampliar las herramientas, las pruebas y los marcos que apoyan los CLT. Las instituciones que se citan a continuaci\u00f3n representan a socios que han contribuido con becas, investigaci\u00f3n jur\u00eddica y aprendizaje compartido a lo largo de 2025. <\/p>\n\n<ul class=\"wp-block-list\">\n<li><strong>Instituto Lincoln de Pol\u00edtica Territorial<\/strong> (mencionado anteriormente)<\/li>\n\n\n\n<li><strong>Universidad de Puerto Rico<\/strong><\/li>\n\n\n\n<li><strong>Universidad Libre de Bruselas<\/strong> (B\u00e9lgica)<\/li>\n\n\n\n<li><strong>Universidad de Illinois<\/strong> (Illinois, EE.UU.)<\/li>\n\n\n\n<li><strong>Universidad de Reading<\/strong> (Reino Unido)<\/li>\n\n\n\n<li><strong>Universidad de Rutgers<\/strong> (Nueva Jersey, EE.UU.)<\/li>\n<\/ul>\n\n<h4 class=\"wp-block-heading\" id=\"h-law-school-collaborations\"><strong>Colaboraciones entre Facultades de Derecho:<\/strong><\/h4>\n\n<ul class=\"wp-block-list\">\n<li><strong>Facultad de Derecho del Boston College<\/strong><\/li>\n\n\n\n<li><strong>Facultad de Derecho de Colorado Boulder<\/strong><\/li>\n\n\n\n<li><strong>Facultad de Derecho de la Universidad de Fordham<\/strong><\/li>\n\n\n\n<li><strong>Facultad de Derecho de Harvard<\/strong><\/li>\n\n\n\n<li><strong>Facultad de Derecho de la Universidad Loyola de Nueva Orleans<\/strong><\/li>\n\n\n\n<li><strong>Facultad de Derecho de la Universidad de Miami<\/strong><\/li>\n\n\n\n<li><strong>Facultad de Derecho de la Universidad de Minnesota<\/strong><\/li>\n\n\n\n<li><strong>Facultad de Derecho de Missouri-Kansas City<\/strong><\/li>\n\n\n\n<li><strong>Facultad de Derecho de la Universidad Northeastern<\/strong><\/li>\n\n\n\n<li><strong>Facultad de Derecho de la Universidad de Tulane<\/strong><\/li>\n\n\n\n<li><strong>Facultad de Derecho de la Universidad de Oreg\u00f3n<\/strong><\/li>\n\n\n\n<li><strong>Facultad de Derecho de la Universidad de Puerto Rico<\/strong><\/li>\n\n\n\n<li><strong>Facultad de Derecho de la Universidad de Wisconsin<\/strong><\/li>\n<\/ul>\n","protected":false},"excerpt":{"rendered":"<p>Esta historia forma parte de nuestra campa\u00f1a de fin de a\u00f1o que celebra c\u00f3mo el Centro CLT trabaja para servir al movimiento global de CLT. Esta semana, destacamos : Nuestros [&hellip;]<\/p>\n","protected":false},"author":2,"featured_media":0,"comment_status":"closed","ping_status":"open","sticky":false,"template":"","format":"standard","meta":{"give_campaign_id":0,"_tec_requires_first_save":true,"_kad_blocks_custom_css":"","_kad_blocks_head_custom_js":"","_kad_blocks_body_custom_js":"","_kad_blocks_footer_custom_js":"","_EventAllDay":false,"_EventTimezone":"","_EventStartDate":"","_EventEndDate":"","_EventStartDateUTC":"","_EventEndDateUTC":"","_EventShowMap":false,"_EventShowMapLink":false,"_EventURL":"","_EventCost":"","_EventCostDescription":"","_EventCurrencySymbol":"","_EventCurrencyCode":"","_EventCurrencyPosition":"","_EventDateTimeSeparator":"","_EventTimeRangeSeparator":"","_EventOrganizerID":[],"_EventVenueID":[],"_OrganizerEmail":"","_OrganizerPhone":"","_OrganizerWebsite":"","_VenueAddress":"","_VenueCity":"","_VenueCountry":"","_VenueProvince":"","_VenueState":"","_VenueZip":"","_VenuePhone":"","_VenueURL":"","_VenueStateProvince":"","_VenueLat":"","_VenueLng":"","_VenueShowMap":false,"_VenueShowMapLink":false,"_tribe_blocks_recurrence_rules":"","_tribe_blocks_recurrence_description":"","_tribe_blocks_recurrence_exclusions":"","_jetpack_memberships_contains_paid_content":false,"footnotes":""},"categories":[25],"tags":[386,384,385],"class_list":["post-10798","post","type-post","status-publish","format-standard","hentry","category-sin-categorizar","tag-celebracion","tag-dia-mundial-de-las-tlc","tag-solidaridad"],"blocksy_meta":[],"yoast_head":"<!-- This site is optimized with the Yoast SEO Premium plugin v27.4 (Yoast SEO v27.5) - https:\/\/yoast.com\/product\/yoast-seo-premium-wordpress\/ -->\n<title>Construir juntos mediante la colaboraci\u00f3n - International Center for Community Land Trusts<\/title>\n<meta name=\"robots\" content=\"index, follow, max-snippet:-1, max-image-preview:large, max-video-preview:-1\" \/>\n<link rel=\"canonical\" href=\"https:\/\/www.cltweb.org\/es\/2025\/11\/28\/dia-mundial-clt-una-celebracion-global-de-la-solidaridad-1\/\" \/>\n<meta property=\"og:locale\" content=\"es_ES\" \/>\n<meta property=\"og:type\" content=\"article\" \/>\n<meta property=\"og:title\" content=\"Construir juntos mediante la colaboraci\u00f3n\" \/>\n<meta property=\"og:description\" content=\"Esta historia forma parte de nuestra campa\u00f1a de fin de a\u00f1o que celebra c\u00f3mo el Centro CLT trabaja para servir al movimiento global de CLT. Esta semana, destacamos : Nuestros [&hellip;]\" \/>\n<meta property=\"og:url\" content=\"https:\/\/www.cltweb.org\/es\/2025\/11\/28\/dia-mundial-clt-una-celebracion-global-de-la-solidaridad-1\/\" \/>\n<meta property=\"og:site_name\" content=\"International Center for Community Land Trusts\" \/>\n<meta property=\"article:publisher\" content=\"https:\/\/www.facebook.com\/cltcenter\" \/>\n<meta property=\"article:published_time\" content=\"2025-11-28T20:17:44+00:00\" \/>\n<meta property=\"article:modified_time\" content=\"2025-12-01T18:27:34+00:00\" \/>\n<meta property=\"og:image\" content=\"https:\/\/www.cltweb.org\/wp-content\/uploads\/2025\/11\/Land-for-People-Not-for-Profit-Banner.gif\" \/>\n\t<meta property=\"og:image:width\" content=\"1500\" \/>\n\t<meta property=\"og:image:height\" content=\"300\" \/>\n\t<meta property=\"og:image:type\" content=\"image\/gif\" \/>\n<meta name=\"author\" content=\"Ben Harris\" \/>\n<meta name=\"twitter:card\" content=\"summary_large_image\" \/>\n<meta name=\"twitter:creator\" content=\"@Center4CLTs\" \/>\n<meta name=\"twitter:site\" content=\"@Center4CLTs\" \/>\n<meta name=\"twitter:label1\" content=\"Escrito por\" \/>\n\t<meta name=\"twitter:data1\" content=\"Ben Harris\" \/>\n\t<meta name=\"twitter:label2\" content=\"Tiempo de lectura\" \/>\n\t<meta name=\"twitter:data2\" content=\"5 minutos\" \/>\n<script type=\"application\/ld+json\" class=\"yoast-schema-graph\">{\"@context\":\"https:\\\/\\\/schema.org\",\"@graph\":[{\"@type\":\"Article\",\"@id\":\"https:\\\/\\\/www.cltweb.org\\\/es\\\/2025\\\/11\\\/28\\\/dia-mundial-clt-una-celebracion-global-de-la-solidaridad-1\\\/#article\",\"isPartOf\":{\"@id\":\"https:\\\/\\\/www.cltweb.org\\\/es\\\/2025\\\/11\\\/28\\\/dia-mundial-clt-una-celebracion-global-de-la-solidaridad-1\\\/\"},\"author\":{\"name\":\"Ben Harris\",\"@id\":\"https:\\\/\\\/www.cltweb.org\\\/es\\\/#\\\/schema\\\/person\\\/7c9fe56cc945e4b57585dbfe30f2ead4\"},\"headline\":\"Construir juntos mediante la colaboraci\u00f3n\",\"datePublished\":\"2025-11-28T20:17:44+00:00\",\"dateModified\":\"2025-12-01T18:27:34+00:00\",\"mainEntityOfPage\":{\"@id\":\"https:\\\/\\\/www.cltweb.org\\\/es\\\/2025\\\/11\\\/28\\\/dia-mundial-clt-una-celebracion-global-de-la-solidaridad-1\\\/\"},\"wordCount\":1059,\"publisher\":{\"@id\":\"https:\\\/\\\/www.cltweb.org\\\/es\\\/#organization\"},\"image\":{\"@id\":\"https:\\\/\\\/www.cltweb.org\\\/es\\\/2025\\\/11\\\/28\\\/dia-mundial-clt-una-celebracion-global-de-la-solidaridad-1\\\/#primaryimage\"},\"thumbnailUrl\":\"https:\\\/\\\/www.cltweb.org\\\/wp-content\\\/uploads\\\/2025\\\/11\\\/Land-for-People-Not-for-Profit-Banner.gif\",\"keywords\":[\"celebraci\u00f3n\",\"d\u00eda mundial de las tlc\",\"solidaridad\"],\"articleSection\":[\"Sin categorizar\"],\"inLanguage\":\"es\"},{\"@type\":\"WebPage\",\"@id\":\"https:\\\/\\\/www.cltweb.org\\\/es\\\/2025\\\/11\\\/28\\\/dia-mundial-clt-una-celebracion-global-de-la-solidaridad-1\\\/\",\"url\":\"https:\\\/\\\/www.cltweb.org\\\/es\\\/2025\\\/11\\\/28\\\/dia-mundial-clt-una-celebracion-global-de-la-solidaridad-1\\\/\",\"name\":\"Construir juntos mediante la colaboraci\u00f3n - International Center for Community Land Trusts\",\"isPartOf\":{\"@id\":\"https:\\\/\\\/www.cltweb.org\\\/es\\\/#website\"},\"primaryImageOfPage\":{\"@id\":\"https:\\\/\\\/www.cltweb.org\\\/es\\\/2025\\\/11\\\/28\\\/dia-mundial-clt-una-celebracion-global-de-la-solidaridad-1\\\/#primaryimage\"},\"image\":{\"@id\":\"https:\\\/\\\/www.cltweb.org\\\/es\\\/2025\\\/11\\\/28\\\/dia-mundial-clt-una-celebracion-global-de-la-solidaridad-1\\\/#primaryimage\"},\"thumbnailUrl\":\"https:\\\/\\\/www.cltweb.org\\\/wp-content\\\/uploads\\\/2025\\\/11\\\/Land-for-People-Not-for-Profit-Banner.gif\",\"datePublished\":\"2025-11-28T20:17:44+00:00\",\"dateModified\":\"2025-12-01T18:27:34+00:00\",\"breadcrumb\":{\"@id\":\"https:\\\/\\\/www.cltweb.org\\\/es\\\/2025\\\/11\\\/28\\\/dia-mundial-clt-una-celebracion-global-de-la-solidaridad-1\\\/#breadcrumb\"},\"inLanguage\":\"es\",\"potentialAction\":[{\"@type\":\"ReadAction\",\"target\":[\"https:\\\/\\\/www.cltweb.org\\\/es\\\/2025\\\/11\\\/28\\\/dia-mundial-clt-una-celebracion-global-de-la-solidaridad-1\\\/\"]}]},{\"@type\":\"ImageObject\",\"inLanguage\":\"es\",\"@id\":\"https:\\\/\\\/www.cltweb.org\\\/es\\\/2025\\\/11\\\/28\\\/dia-mundial-clt-una-celebracion-global-de-la-solidaridad-1\\\/#primaryimage\",\"url\":\"https:\\\/\\\/www.cltweb.org\\\/wp-content\\\/uploads\\\/2025\\\/11\\\/Land-for-People-Not-for-Profit-Banner.gif\",\"contentUrl\":\"https:\\\/\\\/www.cltweb.org\\\/wp-content\\\/uploads\\\/2025\\\/11\\\/Land-for-People-Not-for-Profit-Banner.gif\"},{\"@type\":\"BreadcrumbList\",\"@id\":\"https:\\\/\\\/www.cltweb.org\\\/es\\\/2025\\\/11\\\/28\\\/dia-mundial-clt-una-celebracion-global-de-la-solidaridad-1\\\/#breadcrumb\",\"itemListElement\":[{\"@type\":\"ListItem\",\"position\":1,\"name\":\"Home\",\"item\":\"https:\\\/\\\/www.cltweb.org\\\/es\\\/\"},{\"@type\":\"ListItem\",\"position\":2,\"name\":\"Construir juntos mediante la colaboraci\u00f3n\"}]},{\"@type\":\"WebSite\",\"@id\":\"https:\\\/\\\/www.cltweb.org\\\/es\\\/#website\",\"url\":\"https:\\\/\\\/www.cltweb.org\\\/es\\\/\",\"name\":\"International Center for Community Land Trusts\",\"description\":\"\",\"publisher\":{\"@id\":\"https:\\\/\\\/www.cltweb.org\\\/es\\\/#organization\"},\"potentialAction\":[{\"@type\":\"SearchAction\",\"target\":{\"@type\":\"EntryPoint\",\"urlTemplate\":\"https:\\\/\\\/www.cltweb.org\\\/es\\\/?s={search_term_string}\"},\"query-input\":{\"@type\":\"PropertyValueSpecification\",\"valueRequired\":true,\"valueName\":\"search_term_string\"}}],\"inLanguage\":\"es\"},{\"@type\":\"Organization\",\"@id\":\"https:\\\/\\\/www.cltweb.org\\\/es\\\/#organization\",\"name\":\"International Center for Community Land Trusts\",\"url\":\"https:\\\/\\\/www.cltweb.org\\\/es\\\/\",\"logo\":{\"@type\":\"ImageObject\",\"inLanguage\":\"es\",\"@id\":\"https:\\\/\\\/www.cltweb.org\\\/es\\\/#\\\/schema\\\/logo\\\/image\\\/\",\"url\":\"https:\\\/\\\/www.cltweb.org\\\/wp-content\\\/uploads\\\/2024\\\/11\\\/New-CLT-Center-Text-logo.png\",\"contentUrl\":\"https:\\\/\\\/www.cltweb.org\\\/wp-content\\\/uploads\\\/2024\\\/11\\\/New-CLT-Center-Text-logo.png\",\"width\":227,\"height\":80,\"caption\":\"International Center for Community Land Trusts\"},\"image\":{\"@id\":\"https:\\\/\\\/www.cltweb.org\\\/es\\\/#\\\/schema\\\/logo\\\/image\\\/\"},\"sameAs\":[\"https:\\\/\\\/www.facebook.com\\\/cltcenter\",\"https:\\\/\\\/x.com\\\/Center4CLTs\",\"https:\\\/\\\/www.instagram.com\\\/cltcenter\\\/\",\"https:\\\/\\\/www.linkedin.com\\\/company\\\/cltcenter\",\"https:\\\/\\\/www.youtube.com\\\/@centerforcltinnovation5313\"],\"description\":\"The International Center for Community Land Trusts is a not-for-profit nongovernmental organization established in 2018 to promote and to support community land trusts and similar strategies of community-led development on community-owned land in countries throughout the world.\",\"email\":\"info@communitylandtrust.net\",\"legalName\":\"International Center for Community Land Trusts\",\"foundingDate\":\"2018-12-01\",\"taxID\":\"84-3858933\",\"numberOfEmployees\":{\"@type\":\"QuantitativeValue\",\"minValue\":\"1\",\"maxValue\":\"10\"}},{\"@type\":\"Person\",\"@id\":\"https:\\\/\\\/www.cltweb.org\\\/es\\\/#\\\/schema\\\/person\\\/7c9fe56cc945e4b57585dbfe30f2ead4\",\"name\":\"Ben Harris\",\"image\":{\"@type\":\"ImageObject\",\"inLanguage\":\"es\",\"@id\":\"https:\\\/\\\/secure.gravatar.com\\\/avatar\\\/12a44d8988553548c22c57da673ee8ffb7e0b87b0197beec533bae3061a92cc5?s=96&d=mm&r=g\",\"url\":\"https:\\\/\\\/secure.gravatar.com\\\/avatar\\\/12a44d8988553548c22c57da673ee8ffb7e0b87b0197beec533bae3061a92cc5?s=96&d=mm&r=g\",\"contentUrl\":\"https:\\\/\\\/secure.gravatar.com\\\/avatar\\\/12a44d8988553548c22c57da673ee8ffb7e0b87b0197beec533bae3061a92cc5?s=96&d=mm&r=g\",\"caption\":\"Ben Harris\"},\"url\":\"https:\\\/\\\/www.cltweb.org\\\/es\\\/author\\\/ben\\\/\"}]}<\/script>\n<!-- \/ Yoast SEO Premium plugin. -->","yoast_head_json":{"title":"Construir juntos mediante la colaboraci\u00f3n - International Center for Community Land Trusts","robots":{"index":"index","follow":"follow","max-snippet":"max-snippet:-1","max-image-preview":"max-image-preview:large","max-video-preview":"max-video-preview:-1"},"canonical":"https:\/\/www.cltweb.org\/es\/2025\/11\/28\/dia-mundial-clt-una-celebracion-global-de-la-solidaridad-1\/","og_locale":"es_ES","og_type":"article","og_title":"Construir juntos mediante la colaboraci\u00f3n","og_description":"Esta historia forma parte de nuestra campa\u00f1a de fin de a\u00f1o que celebra c\u00f3mo el Centro CLT trabaja para servir al movimiento global de CLT. Esta semana, destacamos : Nuestros [&hellip;]","og_url":"https:\/\/www.cltweb.org\/es\/2025\/11\/28\/dia-mundial-clt-una-celebracion-global-de-la-solidaridad-1\/","og_site_name":"International Center for Community Land Trusts","article_publisher":"https:\/\/www.facebook.com\/cltcenter","article_published_time":"2025-11-28T20:17:44+00:00","article_modified_time":"2025-12-01T18:27:34+00:00","og_image":[{"width":1500,"height":300,"url":"https:\/\/www.cltweb.org\/wp-content\/uploads\/2025\/11\/Land-for-People-Not-for-Profit-Banner.gif","type":"image\/gif"}],"author":"Ben Harris","twitter_card":"summary_large_image","twitter_creator":"@Center4CLTs","twitter_site":"@Center4CLTs","twitter_misc":{"Escrito por":"Ben Harris","Tiempo de lectura":"5 minutos"},"schema":{"@context":"https:\/\/schema.org","@graph":[{"@type":"Article","@id":"https:\/\/www.cltweb.org\/es\/2025\/11\/28\/dia-mundial-clt-una-celebracion-global-de-la-solidaridad-1\/#article","isPartOf":{"@id":"https:\/\/www.cltweb.org\/es\/2025\/11\/28\/dia-mundial-clt-una-celebracion-global-de-la-solidaridad-1\/"},"author":{"name":"Ben Harris","@id":"https:\/\/www.cltweb.org\/es\/#\/schema\/person\/7c9fe56cc945e4b57585dbfe30f2ead4"},"headline":"Construir juntos mediante la colaboraci\u00f3n","datePublished":"2025-11-28T20:17:44+00:00","dateModified":"2025-12-01T18:27:34+00:00","mainEntityOfPage":{"@id":"https:\/\/www.cltweb.org\/es\/2025\/11\/28\/dia-mundial-clt-una-celebracion-global-de-la-solidaridad-1\/"},"wordCount":1059,"publisher":{"@id":"https:\/\/www.cltweb.org\/es\/#organization"},"image":{"@id":"https:\/\/www.cltweb.org\/es\/2025\/11\/28\/dia-mundial-clt-una-celebracion-global-de-la-solidaridad-1\/#primaryimage"},"thumbnailUrl":"https:\/\/www.cltweb.org\/wp-content\/uploads\/2025\/11\/Land-for-People-Not-for-Profit-Banner.gif","keywords":["celebraci\u00f3n","d\u00eda mundial de las tlc","solidaridad"],"articleSection":["Sin categorizar"],"inLanguage":"es"},{"@type":"WebPage","@id":"https:\/\/www.cltweb.org\/es\/2025\/11\/28\/dia-mundial-clt-una-celebracion-global-de-la-solidaridad-1\/","url":"https:\/\/www.cltweb.org\/es\/2025\/11\/28\/dia-mundial-clt-una-celebracion-global-de-la-solidaridad-1\/","name":"Construir juntos mediante la colaboraci\u00f3n - International Center for Community Land Trusts","isPartOf":{"@id":"https:\/\/www.cltweb.org\/es\/#website"},"primaryImageOfPage":{"@id":"https:\/\/www.cltweb.org\/es\/2025\/11\/28\/dia-mundial-clt-una-celebracion-global-de-la-solidaridad-1\/#primaryimage"},"image":{"@id":"https:\/\/www.cltweb.org\/es\/2025\/11\/28\/dia-mundial-clt-una-celebracion-global-de-la-solidaridad-1\/#primaryimage"},"thumbnailUrl":"https:\/\/www.cltweb.org\/wp-content\/uploads\/2025\/11\/Land-for-People-Not-for-Profit-Banner.gif","datePublished":"2025-11-28T20:17:44+00:00","dateModified":"2025-12-01T18:27:34+00:00","breadcrumb":{"@id":"https:\/\/www.cltweb.org\/es\/2025\/11\/28\/dia-mundial-clt-una-celebracion-global-de-la-solidaridad-1\/#breadcrumb"},"inLanguage":"es","potentialAction":[{"@type":"ReadAction","target":["https:\/\/www.cltweb.org\/es\/2025\/11\/28\/dia-mundial-clt-una-celebracion-global-de-la-solidaridad-1\/"]}]},{"@type":"ImageObject","inLanguage":"es","@id":"https:\/\/www.cltweb.org\/es\/2025\/11\/28\/dia-mundial-clt-una-celebracion-global-de-la-solidaridad-1\/#primaryimage","url":"https:\/\/www.cltweb.org\/wp-content\/uploads\/2025\/11\/Land-for-People-Not-for-Profit-Banner.gif","contentUrl":"https:\/\/www.cltweb.org\/wp-content\/uploads\/2025\/11\/Land-for-People-Not-for-Profit-Banner.gif"},{"@type":"BreadcrumbList","@id":"https:\/\/www.cltweb.org\/es\/2025\/11\/28\/dia-mundial-clt-una-celebracion-global-de-la-solidaridad-1\/#breadcrumb","itemListElement":[{"@type":"ListItem","position":1,"name":"Home","item":"https:\/\/www.cltweb.org\/es\/"},{"@type":"ListItem","position":2,"name":"Construir juntos mediante la colaboraci\u00f3n"}]},{"@type":"WebSite","@id":"https:\/\/www.cltweb.org\/es\/#website","url":"https:\/\/www.cltweb.org\/es\/","name":"International Center for Community Land Trusts","description":"","publisher":{"@id":"https:\/\/www.cltweb.org\/es\/#organization"},"potentialAction":[{"@type":"SearchAction","target":{"@type":"EntryPoint","urlTemplate":"https:\/\/www.cltweb.org\/es\/?s={search_term_string}"},"query-input":{"@type":"PropertyValueSpecification","valueRequired":true,"valueName":"search_term_string"}}],"inLanguage":"es"},{"@type":"Organization","@id":"https:\/\/www.cltweb.org\/es\/#organization","name":"International Center for Community Land Trusts","url":"https:\/\/www.cltweb.org\/es\/","logo":{"@type":"ImageObject","inLanguage":"es","@id":"https:\/\/www.cltweb.org\/es\/#\/schema\/logo\/image\/","url":"https:\/\/www.cltweb.org\/wp-content\/uploads\/2024\/11\/New-CLT-Center-Text-logo.png","contentUrl":"https:\/\/www.cltweb.org\/wp-content\/uploads\/2024\/11\/New-CLT-Center-Text-logo.png","width":227,"height":80,"caption":"International Center for Community Land Trusts"},"image":{"@id":"https:\/\/www.cltweb.org\/es\/#\/schema\/logo\/image\/"},"sameAs":["https:\/\/www.facebook.com\/cltcenter","https:\/\/x.com\/Center4CLTs","https:\/\/www.instagram.com\/cltcenter\/","https:\/\/www.linkedin.com\/company\/cltcenter","https:\/\/www.youtube.com\/@centerforcltinnovation5313"],"description":"The International Center for Community Land Trusts is a not-for-profit nongovernmental organization established in 2018 to promote and to support community land trusts and similar strategies of community-led development on community-owned land in countries throughout the world.","email":"info@communitylandtrust.net","legalName":"International Center for Community Land Trusts","foundingDate":"2018-12-01","taxID":"84-3858933","numberOfEmployees":{"@type":"QuantitativeValue","minValue":"1","maxValue":"10"}},{"@type":"Person","@id":"https:\/\/www.cltweb.org\/es\/#\/schema\/person\/7c9fe56cc945e4b57585dbfe30f2ead4","name":"Ben Harris","image":{"@type":"ImageObject","inLanguage":"es","@id":"https:\/\/secure.gravatar.com\/avatar\/12a44d8988553548c22c57da673ee8ffb7e0b87b0197beec533bae3061a92cc5?s=96&d=mm&r=g","url":"https:\/\/secure.gravatar.com\/avatar\/12a44d8988553548c22c57da673ee8ffb7e0b87b0197beec533bae3061a92cc5?s=96&d=mm&r=g","contentUrl":"https:\/\/secure.gravatar.com\/avatar\/12a44d8988553548c22c57da673ee8ffb7e0b87b0197beec533bae3061a92cc5?s=96&d=mm&r=g","caption":"Ben Harris"},"url":"https:\/\/www.cltweb.org\/es\/author\/ben\/"}]}},"taxonomy_info":{"category":[{"value":25,"label":"Sin categorizar"}],"post_tag":[{"value":386,"label":"celebraci\u00f3n"},{"value":384,"label":"d\u00eda mundial de las tlc"},{"value":385,"label":"solidaridad"}]},"featured_image_src_large":false,"author_info":{"display_name":"Ben Harris","author_link":"https:\/\/www.cltweb.org\/es\/author\/ben\/"},"comment_info":0,"category_info":[{"term_id":25,"name":"Sin categorizar","slug":"sin-categorizar","term_group":0,"term_taxonomy_id":25,"taxonomy":"category","description":"","parent":0,"count":19,"filter":"raw","cat_ID":25,"category_count":19,"category_description":"","cat_name":"Sin categorizar","category_nicename":"sin-categorizar","category_parent":0}],"tag_info":[{"term_id":386,"name":"celebraci\u00f3n","slug":"celebracion","term_group":0,"term_taxonomy_id":386,"taxonomy":"post_tag","description":"","parent":0,"count":2,"filter":"raw"},{"term_id":384,"name":"d\u00eda mundial de las tlc","slug":"dia-mundial-de-las-tlc","term_group":0,"term_taxonomy_id":384,"taxonomy":"post_tag","description":"","parent":0,"count":13,"filter":"raw"},{"term_id":385,"name":"solidaridad","slug":"solidaridad","term_group":0,"term_taxonomy_id":385,"taxonomy":"post_tag","description":"","parent":0,"count":2,"filter":"raw"}],"jetpack_featured_media_url":"","jetpack_sharing_enabled":true,"jetpack-related-posts":[{"id":10666,"url":"https:\/\/www.cltweb.org\/es\/2025\/11\/17\/las-clt-y-la-accion-climatica-un-movimiento-creciente-para-una-transicion-justa\/","url_meta":{"origin":10798,"position":0},"title":"Las CLT y la Acci\u00f3n Clim\u00e1tica: Un movimiento creciente para una transici\u00f3n justa","author":"Ben Harris","date":"17 de noviembre de 2025","format":false,"excerpt":"Esta historia forma parte de nuestra campa\u00f1a de fin de a\u00f1o que celebra c\u00f3mo el Centro CLT trabaja para servir al movimiento global de CLT. Esta semana, destacamos : La Iniciativa por la Justicia Clim\u00e1tica La emergencia clim\u00e1tica ya no es una amenaza lejana: est\u00e1 aqu\u00ed, remodelando d\u00f3nde y c\u00f3mo\u2026","rel":"","context":"En \u00abIniciativa de Justicia Clim\u00e1tica\u00bb","block_context":{"text":"Iniciativa de Justicia Clim\u00e1tica","link":"https:\/\/www.cltweb.org\/es\/category\/iniciativa-de-justicia-climatica\/"},"img":{"alt_text":"","src":"https:\/\/i0.wp.com\/www.cltweb.org\/wp-content\/uploads\/2025\/11\/Land-for-People-Not-for-Profit-Banner.gif?resize=350%2C200&ssl=1","width":350,"height":200,"srcset":"https:\/\/i0.wp.com\/www.cltweb.org\/wp-content\/uploads\/2025\/11\/Land-for-People-Not-for-Profit-Banner.gif?resize=350%2C200&ssl=1 1x, https:\/\/i0.wp.com\/www.cltweb.org\/wp-content\/uploads\/2025\/11\/Land-for-People-Not-for-Profit-Banner.gif?resize=525%2C300&ssl=1 1.5x, https:\/\/i0.wp.com\/www.cltweb.org\/wp-content\/uploads\/2025\/11\/Land-for-People-Not-for-Profit-Banner.gif?resize=700%2C400&ssl=1 2x, https:\/\/i0.wp.com\/www.cltweb.org\/wp-content\/uploads\/2025\/11\/Land-for-People-Not-for-Profit-Banner.gif?resize=1050%2C600&ssl=1 3x, https:\/\/i0.wp.com\/www.cltweb.org\/wp-content\/uploads\/2025\/11\/Land-for-People-Not-for-Profit-Banner.gif?resize=1400%2C800&ssl=1 4x"},"classes":[]},{"id":7244,"url":"https:\/\/www.cltweb.org\/es\/2024\/09\/03\/introduccion-al-uso-de-las-clt-para-la-renovacion-energetica-y-la-asequibilidad-permanente-de-las-viviendas-existentes\/","url_meta":{"origin":10798,"position":1},"title":"Introducci\u00f3n al uso de las CLT para la renovaci\u00f3n energ\u00e9tica y la asequibilidad permanente de las viviendas existentes","author":"cltredesign_0jp0l4","date":"3 de septiembre de 2024","format":false,"excerpt":"La siguiente contribuci\u00f3n fue escrita por Richard Kruger Delgado, Director de Educaci\u00f3n y Divulgaci\u00f3n del Centro Internacional de Fideicomisos Comunitarios de la Tierra, para presentar el pr\u00f3ximo seminario web del 25 de septiembre. Estamos en el negocio de \"no dejar a nadie atr\u00e1s\". - John Davis, Centro Internacional de Fideicomisos\u2026","rel":"","context":"En \u00abBlogs\u00bb","block_context":{"text":"Blogs","link":"https:\/\/www.cltweb.org\/es\/category\/blogs\/"},"img":{"alt_text":"","src":"","width":0,"height":0},"classes":[]},{"id":7246,"url":"https:\/\/www.cltweb.org\/pt-br\/2024\/09\/03\/introducao-ao-uso-de-clts-para-fornecer-renovacao-de-energia-e-acessibilidade-permanente-a-moradias-existentes\/","url_meta":{"origin":10798,"position":2},"title":"Introdu\u00e7\u00e3o ao uso de CLTs para fornecer renova\u00e7\u00e3o de energia e acessibilidade permanente a moradias existentes","author":"cltredesign_0jp0l4","date":"3 de septiembre de 2024","format":false,"excerpt":"A contribui\u00e7\u00e3o a seguir foi escrita por Richard Kruger Delgado, gerente de educa\u00e7\u00e3o e divulga\u00e7\u00e3o do International Center for Community Land Trusts, para apresentar o pr\u00f3ximo webinar em 25 de setembro. \"Estamos no neg\u00f3cio de 'n\u00e3o deixar as pessoas para tr\u00e1s'.\" - John Davis, Centro Internacional de Fundos de Terras\u2026","rel":"","context":"En \u00abBlogs\u00bb","block_context":{"text":"Blogs","link":"https:\/\/www.cltweb.org\/pt-br\/category\/blogs-pt-br\/"},"img":{"alt_text":"","src":"","width":0,"height":0},"classes":[]},{"id":6588,"url":"https:\/\/www.cltweb.org\/pt-br\/2022\/10\/12\/o-impacto-do-modelo-clt-leitura-de-experiencias-de-sucesso-internacional\/","url_meta":{"origin":10798,"position":3},"title":"O impacto do modelo CLT &#8211; leitura de experi\u00eancias de sucesso internacional","author":"cltredesign_0jp0l4","date":"12 de octubre de 2022","format":false,"excerpt":"Voc\u00ea pode ver as diversas abordagens que existem para o modelo CLT. Na \u00faltima semana, voc\u00ea estava em contato com os CLTs belgas. A partir de agora, voc\u00ea pode come\u00e7ar a trabalhar com os grupos de terra e encontrar grandes divulgadores internacionais no programa para licenciar o modelo CLT com\u2026","rel":"","context":"En \u00abN\u00e3o categorizado\u00bb","block_context":{"text":"N\u00e3o categorizado","link":"https:\/\/www.cltweb.org\/pt-br\/category\/nao-categorizado\/"},"img":{"alt_text":"","src":"","width":0,"height":0},"classes":[]},{"id":9521,"url":"https:\/\/www.cltweb.org\/pt-br\/2025\/05\/21\/commons-for-justice-clts-em-todos-os-continentes-no-festival-internacional-de-habitacao-social\/","url_meta":{"origin":10798,"position":4},"title":"Commons for Justice: CLTs em todos os continentes no Festival Internacional de Habita\u00e7\u00e3o Social","author":"Ben Harris","date":"21 de mayo de 2025","format":false,"excerpt":"Em uma \u00e9poca marcada por crises habitacionais, mercados de terras extrativistas e crescente desigualdade, as comunidades de todo o mundo est\u00e3o recuperando os bens comuns. No 2025 International Social Housing Festival, em Dublin, Irlanda (4 a 6 de junho), a European Community Land Trust Network realizar\u00e1 um semin\u00e1rio de 105\u2026","rel":"","context":"En \u00abBlogs\u00bb","block_context":{"text":"Blogs","link":"https:\/\/www.cltweb.org\/pt-br\/category\/blogs-pt-br\/"},"img":{"alt_text":"","src":"https:\/\/i0.wp.com\/www.cltweb.org\/wp-content\/uploads\/2025\/05\/Keti-Tskitishvili.jpg?resize=350%2C200&ssl=1","width":350,"height":200,"srcset":"https:\/\/i0.wp.com\/www.cltweb.org\/wp-content\/uploads\/2025\/05\/Keti-Tskitishvili.jpg?resize=350%2C200&ssl=1 1x, https:\/\/i0.wp.com\/www.cltweb.org\/wp-content\/uploads\/2025\/05\/Keti-Tskitishvili.jpg?resize=525%2C300&ssl=1 1.5x, https:\/\/i0.wp.com\/www.cltweb.org\/wp-content\/uploads\/2025\/05\/Keti-Tskitishvili.jpg?resize=700%2C400&ssl=1 2x"},"classes":[]},{"id":10138,"url":"https:\/\/www.cltweb.org\/es\/2025\/10\/24\/presentacion-del-modelo-clt-en-la-conferencia-de-suecia-sobre-construccion-colaborativa-y-social-y-vivir-2025\/","url_meta":{"origin":10798,"position":5},"title":"Presentaci\u00f3n del modelo CLT en la Conferencia de Suecia sobre Construcci\u00f3n Colaborativa y Social y Vivir 2025","author":"Ben Harris","date":"24 de octubre de 2025","format":false,"excerpt":"Por Jonas Lagander, Coompa\u00f1ero Coompanion particip\u00f3 este a\u00f1o en la conferencia \"Collaborative and Social Building and Living\", celebrada en Bor\u00e5s (Suecia), y organiz\u00f3 dos seminarios sobre CLT. Junto con otros socios relevantes, participan en el proyecto \"Sistemas locales de innovaci\u00f3n en torno a las barreras de la vivienda colaborativa y\u2026","rel":"","context":"En \u00abBlogs\u00bb","block_context":{"text":"Blogs","link":"https:\/\/www.cltweb.org\/es\/category\/blogs\/"},"img":{"alt_text":"","src":"https:\/\/i0.wp.com\/www.cltweb.org\/wp-content\/uploads\/2025\/10\/IMG_6480.jpg?resize=350%2C200&ssl=1","width":350,"height":200,"srcset":"https:\/\/i0.wp.com\/www.cltweb.org\/wp-content\/uploads\/2025\/10\/IMG_6480.jpg?resize=350%2C200&ssl=1 1x, https:\/\/i0.wp.com\/www.cltweb.org\/wp-content\/uploads\/2025\/10\/IMG_6480.jpg?resize=525%2C300&ssl=1 1.5x, https:\/\/i0.wp.com\/www.cltweb.org\/wp-content\/uploads\/2025\/10\/IMG_6480.jpg?resize=700%2C400&ssl=1 2x, https:\/\/i0.wp.com\/www.cltweb.org\/wp-content\/uploads\/2025\/10\/IMG_6480.jpg?resize=1050%2C600&ssl=1 3x, https:\/\/i0.wp.com\/www.cltweb.org\/wp-content\/uploads\/2025\/10\/IMG_6480.jpg?resize=1400%2C800&ssl=1 4x"},"classes":[]}],"_links":{"self":[{"href":"https:\/\/www.cltweb.org\/es\/wp-json\/wp\/v2\/posts\/10798","targetHints":{"allow":["GET"]}}],"collection":[{"href":"https:\/\/www.cltweb.org\/es\/wp-json\/wp\/v2\/posts"}],"about":[{"href":"https:\/\/www.cltweb.org\/es\/wp-json\/wp\/v2\/types\/post"}],"author":[{"embeddable":true,"href":"https:\/\/www.cltweb.org\/es\/wp-json\/wp\/v2\/users\/2"}],"replies":[{"embeddable":true,"href":"https:\/\/www.cltweb.org\/es\/wp-json\/wp\/v2\/comments?post=10798"}],"version-history":[{"count":12,"href":"https:\/\/www.cltweb.org\/es\/wp-json\/wp\/v2\/posts\/10798\/revisions"}],"predecessor-version":[{"id":10864,"href":"https:\/\/www.cltweb.org\/es\/wp-json\/wp\/v2\/posts\/10798\/revisions\/10864"}],"wp:attachment":[{"href":"https:\/\/www.cltweb.org\/es\/wp-json\/wp\/v2\/media?parent=10798"}],"wp:term":[{"taxonomy":"category","embeddable":true,"href":"https:\/\/www.cltweb.org\/es\/wp-json\/wp\/v2\/categories?post=10798"},{"taxonomy":"post_tag","embeddable":true,"href":"https:\/\/www.cltweb.org\/es\/wp-json\/wp\/v2\/tags?post=10798"}],"curies":[{"name":"wp","href":"https:\/\/api.w.org\/{rel}","templated":true}]}}