{"id":10900,"date":"2025-12-08T18:54:15","date_gmt":"2025-12-08T18:54:15","guid":{"rendered":"https:\/\/www.cltweb.org\/2025\/12\/08\/terra-nostra-press-y-la-memoria-del-movimiento-clt\/"},"modified":"2025-12-08T18:56:06","modified_gmt":"2025-12-08T18:56:06","slug":"terra-nostra-press-y-la-memoria-del-movimiento-clt","status":"publish","type":"post","link":"https:\/\/www.cltweb.org\/es\/2025\/12\/08\/terra-nostra-press-y-la-memoria-del-movimiento-clt\/","title":{"rendered":"Terra Nostra Press y la Memoria del Movimiento CLT"},"content":{"rendered":"","protected":false},"excerpt":{"rendered":"","protected":false},"author":2,"featured_media":0,"comment_status":"closed","ping_status":"open","sticky":false,"template":"","format":"standard","meta":{"give_campaign_id":0,"_tec_requires_first_save":true,"_kad_blocks_custom_css":"","_kad_blocks_head_custom_js":"","_kad_blocks_body_custom_js":"","_kad_blocks_footer_custom_js":"","_EventAllDay":false,"_EventTimezone":"","_EventStartDate":"","_EventEndDate":"","_EventStartDateUTC":"","_EventEndDateUTC":"","_EventShowMap":false,"_EventShowMapLink":false,"_EventURL":"","_EventCost":"","_EventCostDescription":"","_EventCurrencySymbol":"","_EventCurrencyCode":"","_EventCurrencyPosition":"","_EventDateTimeSeparator":"","_EventTimeRangeSeparator":"","_EventOrganizerID":[],"_EventVenueID":[],"_OrganizerEmail":"","_OrganizerPhone":"","_OrganizerWebsite":"","_VenueAddress":"","_VenueCity":"","_VenueCountry":"","_VenueProvince":"","_VenueState":"","_VenueZip":"","_VenuePhone":"","_VenueURL":"","_VenueStateProvince":"","_VenueLat":"","_VenueLng":"","_VenueShowMap":false,"_VenueShowMapLink":false,"_tribe_blocks_recurrence_rules":"","_tribe_blocks_recurrence_description":"","_tribe_blocks_recurrence_exclusions":"","_jetpack_memberships_contains_paid_content":false,"footnotes":""},"categories":[25],"tags":[],"class_list":["post-10900","post","type-post","status-publish","format-standard","hentry","category-sin-categorizar"],"blocksy_meta":[],"yoast_head":"<!-- This site is optimized with the Yoast SEO Premium plugin v27.4 (Yoast SEO v27.5) - https:\/\/yoast.com\/product\/yoast-seo-premium-wordpress\/ -->\n<title>Terra Nostra Press y la Memoria del Movimiento CLT - International Center for Community Land Trusts<\/title>\n<meta name=\"robots\" content=\"index, follow, max-snippet:-1, max-image-preview:large, max-video-preview:-1\" \/>\n<link rel=\"canonical\" href=\"https:\/\/www.cltweb.org\/es\/2025\/12\/08\/terra-nostra-press-y-la-memoria-del-movimiento-clt\/\" \/>\n<meta property=\"og:locale\" content=\"es_ES\" \/>\n<meta property=\"og:type\" content=\"article\" \/>\n<meta property=\"og:title\" content=\"Terra Nostra Press y la Memoria del Movimiento CLT\" \/>\n<meta property=\"og:url\" content=\"https:\/\/www.cltweb.org\/es\/2025\/12\/08\/terra-nostra-press-y-la-memoria-del-movimiento-clt\/\" \/>\n<meta property=\"og:site_name\" content=\"International Center for Community Land Trusts\" \/>\n<meta property=\"article:publisher\" content=\"https:\/\/www.facebook.com\/cltcenter\" \/>\n<meta property=\"article:published_time\" content=\"2025-12-08T18:54:15+00:00\" \/>\n<meta property=\"article:modified_time\" content=\"2025-12-08T18:56:06+00:00\" \/>\n<meta property=\"og:image\" content=\"https:\/\/www.cltweb.org\/wp-content\/uploads\/2025\/11\/Land-for-People-Not-for-Profit-Banner.gif\" \/>\n\t<meta property=\"og:image:width\" content=\"1500\" \/>\n\t<meta property=\"og:image:height\" content=\"300\" \/>\n\t<meta property=\"og:image:type\" content=\"image\/gif\" \/>\n<meta name=\"author\" content=\"Ben Harris\" \/>\n<meta name=\"twitter:card\" content=\"summary_large_image\" \/>\n<meta name=\"twitter:creator\" content=\"@Center4CLTs\" \/>\n<meta name=\"twitter:site\" content=\"@Center4CLTs\" \/>\n<meta name=\"twitter:label1\" content=\"Escrito por\" \/>\n\t<meta name=\"twitter:data1\" content=\"Ben Harris\" \/>\n<script type=\"application\/ld+json\" class=\"yoast-schema-graph\">{\"@context\":\"https:\\\/\\\/schema.org\",\"@graph\":[{\"@type\":\"Article\",\"@id\":\"https:\\\/\\\/www.cltweb.org\\\/es\\\/2025\\\/12\\\/08\\\/terra-nostra-press-y-la-memoria-del-movimiento-clt\\\/#article\",\"isPartOf\":{\"@id\":\"https:\\\/\\\/www.cltweb.org\\\/es\\\/2025\\\/12\\\/08\\\/terra-nostra-press-y-la-memoria-del-movimiento-clt\\\/\"},\"author\":{\"name\":\"Ben Harris\",\"@id\":\"https:\\\/\\\/www.cltweb.org\\\/es\\\/#\\\/schema\\\/person\\\/7c9fe56cc945e4b57585dbfe30f2ead4\"},\"headline\":\"Terra Nostra Press y la Memoria del Movimiento CLT\",\"datePublished\":\"2025-12-08T18:54:15+00:00\",\"dateModified\":\"2025-12-08T18:56:06+00:00\",\"mainEntityOfPage\":{\"@id\":\"https:\\\/\\\/www.cltweb.org\\\/es\\\/2025\\\/12\\\/08\\\/terra-nostra-press-y-la-memoria-del-movimiento-clt\\\/\"},\"wordCount\":9,\"publisher\":{\"@id\":\"https:\\\/\\\/www.cltweb.org\\\/es\\\/#organization\"},\"articleSection\":[\"Sin categorizar\"],\"inLanguage\":\"es\"},{\"@type\":\"WebPage\",\"@id\":\"https:\\\/\\\/www.cltweb.org\\\/es\\\/2025\\\/12\\\/08\\\/terra-nostra-press-y-la-memoria-del-movimiento-clt\\\/\",\"url\":\"https:\\\/\\\/www.cltweb.org\\\/es\\\/2025\\\/12\\\/08\\\/terra-nostra-press-y-la-memoria-del-movimiento-clt\\\/\",\"name\":\"Terra Nostra Press y la Memoria del Movimiento CLT - International Center for Community Land Trusts\",\"isPartOf\":{\"@id\":\"https:\\\/\\\/www.cltweb.org\\\/es\\\/#website\"},\"datePublished\":\"2025-12-08T18:54:15+00:00\",\"dateModified\":\"2025-12-08T18:56:06+00:00\",\"breadcrumb\":{\"@id\":\"https:\\\/\\\/www.cltweb.org\\\/es\\\/2025\\\/12\\\/08\\\/terra-nostra-press-y-la-memoria-del-movimiento-clt\\\/#breadcrumb\"},\"inLanguage\":\"es\",\"potentialAction\":[{\"@type\":\"ReadAction\",\"target\":[\"https:\\\/\\\/www.cltweb.org\\\/es\\\/2025\\\/12\\\/08\\\/terra-nostra-press-y-la-memoria-del-movimiento-clt\\\/\"]}]},{\"@type\":\"BreadcrumbList\",\"@id\":\"https:\\\/\\\/www.cltweb.org\\\/es\\\/2025\\\/12\\\/08\\\/terra-nostra-press-y-la-memoria-del-movimiento-clt\\\/#breadcrumb\",\"itemListElement\":[{\"@type\":\"ListItem\",\"position\":1,\"name\":\"Home\",\"item\":\"https:\\\/\\\/www.cltweb.org\\\/es\\\/\"},{\"@type\":\"ListItem\",\"position\":2,\"name\":\"Terra Nostra Press y la Memoria del Movimiento CLT\"}]},{\"@type\":\"WebSite\",\"@id\":\"https:\\\/\\\/www.cltweb.org\\\/es\\\/#website\",\"url\":\"https:\\\/\\\/www.cltweb.org\\\/es\\\/\",\"name\":\"International Center for Community Land Trusts\",\"description\":\"\",\"publisher\":{\"@id\":\"https:\\\/\\\/www.cltweb.org\\\/es\\\/#organization\"},\"potentialAction\":[{\"@type\":\"SearchAction\",\"target\":{\"@type\":\"EntryPoint\",\"urlTemplate\":\"https:\\\/\\\/www.cltweb.org\\\/es\\\/?s={search_term_string}\"},\"query-input\":{\"@type\":\"PropertyValueSpecification\",\"valueRequired\":true,\"valueName\":\"search_term_string\"}}],\"inLanguage\":\"es\"},{\"@type\":\"Organization\",\"@id\":\"https:\\\/\\\/www.cltweb.org\\\/es\\\/#organization\",\"name\":\"International Center for Community Land Trusts\",\"url\":\"https:\\\/\\\/www.cltweb.org\\\/es\\\/\",\"logo\":{\"@type\":\"ImageObject\",\"inLanguage\":\"es\",\"@id\":\"https:\\\/\\\/www.cltweb.org\\\/es\\\/#\\\/schema\\\/logo\\\/image\\\/\",\"url\":\"https:\\\/\\\/www.cltweb.org\\\/wp-content\\\/uploads\\\/2024\\\/11\\\/New-CLT-Center-Text-logo.png\",\"contentUrl\":\"https:\\\/\\\/www.cltweb.org\\\/wp-content\\\/uploads\\\/2024\\\/11\\\/New-CLT-Center-Text-logo.png\",\"width\":227,\"height\":80,\"caption\":\"International Center for Community Land Trusts\"},\"image\":{\"@id\":\"https:\\\/\\\/www.cltweb.org\\\/es\\\/#\\\/schema\\\/logo\\\/image\\\/\"},\"sameAs\":[\"https:\\\/\\\/www.facebook.com\\\/cltcenter\",\"https:\\\/\\\/x.com\\\/Center4CLTs\",\"https:\\\/\\\/www.instagram.com\\\/cltcenter\\\/\",\"https:\\\/\\\/www.linkedin.com\\\/company\\\/cltcenter\",\"https:\\\/\\\/www.youtube.com\\\/@centerforcltinnovation5313\"],\"description\":\"The International Center for Community Land Trusts is a not-for-profit nongovernmental organization established in 2018 to promote and to support community land trusts and similar strategies of community-led development on community-owned land in countries throughout the world.\",\"email\":\"info@communitylandtrust.net\",\"legalName\":\"International Center for Community Land Trusts\",\"foundingDate\":\"2018-12-01\",\"taxID\":\"84-3858933\",\"numberOfEmployees\":{\"@type\":\"QuantitativeValue\",\"minValue\":\"1\",\"maxValue\":\"10\"}},{\"@type\":\"Person\",\"@id\":\"https:\\\/\\\/www.cltweb.org\\\/es\\\/#\\\/schema\\\/person\\\/7c9fe56cc945e4b57585dbfe30f2ead4\",\"name\":\"Ben Harris\",\"image\":{\"@type\":\"ImageObject\",\"inLanguage\":\"es\",\"@id\":\"https:\\\/\\\/secure.gravatar.com\\\/avatar\\\/12a44d8988553548c22c57da673ee8ffb7e0b87b0197beec533bae3061a92cc5?s=96&d=mm&r=g\",\"url\":\"https:\\\/\\\/secure.gravatar.com\\\/avatar\\\/12a44d8988553548c22c57da673ee8ffb7e0b87b0197beec533bae3061a92cc5?s=96&d=mm&r=g\",\"contentUrl\":\"https:\\\/\\\/secure.gravatar.com\\\/avatar\\\/12a44d8988553548c22c57da673ee8ffb7e0b87b0197beec533bae3061a92cc5?s=96&d=mm&r=g\",\"caption\":\"Ben Harris\"},\"url\":\"https:\\\/\\\/www.cltweb.org\\\/es\\\/author\\\/ben\\\/\"}]}<\/script>\n<!-- \/ Yoast SEO Premium plugin. -->","yoast_head_json":{"title":"Terra Nostra Press y la Memoria del Movimiento CLT - International Center for Community Land Trusts","robots":{"index":"index","follow":"follow","max-snippet":"max-snippet:-1","max-image-preview":"max-image-preview:large","max-video-preview":"max-video-preview:-1"},"canonical":"https:\/\/www.cltweb.org\/es\/2025\/12\/08\/terra-nostra-press-y-la-memoria-del-movimiento-clt\/","og_locale":"es_ES","og_type":"article","og_title":"Terra Nostra Press y la Memoria del Movimiento CLT","og_url":"https:\/\/www.cltweb.org\/es\/2025\/12\/08\/terra-nostra-press-y-la-memoria-del-movimiento-clt\/","og_site_name":"International Center for Community Land Trusts","article_publisher":"https:\/\/www.facebook.com\/cltcenter","article_published_time":"2025-12-08T18:54:15+00:00","article_modified_time":"2025-12-08T18:56:06+00:00","og_image":[{"width":1500,"height":300,"url":"https:\/\/www.cltweb.org\/wp-content\/uploads\/2025\/11\/Land-for-People-Not-for-Profit-Banner.gif","type":"image\/gif"}],"author":"Ben Harris","twitter_card":"summary_large_image","twitter_creator":"@Center4CLTs","twitter_site":"@Center4CLTs","twitter_misc":{"Escrito por":"Ben Harris"},"schema":{"@context":"https:\/\/schema.org","@graph":[{"@type":"Article","@id":"https:\/\/www.cltweb.org\/es\/2025\/12\/08\/terra-nostra-press-y-la-memoria-del-movimiento-clt\/#article","isPartOf":{"@id":"https:\/\/www.cltweb.org\/es\/2025\/12\/08\/terra-nostra-press-y-la-memoria-del-movimiento-clt\/"},"author":{"name":"Ben Harris","@id":"https:\/\/www.cltweb.org\/es\/#\/schema\/person\/7c9fe56cc945e4b57585dbfe30f2ead4"},"headline":"Terra Nostra Press y la Memoria del Movimiento CLT","datePublished":"2025-12-08T18:54:15+00:00","dateModified":"2025-12-08T18:56:06+00:00","mainEntityOfPage":{"@id":"https:\/\/www.cltweb.org\/es\/2025\/12\/08\/terra-nostra-press-y-la-memoria-del-movimiento-clt\/"},"wordCount":9,"publisher":{"@id":"https:\/\/www.cltweb.org\/es\/#organization"},"articleSection":["Sin categorizar"],"inLanguage":"es"},{"@type":"WebPage","@id":"https:\/\/www.cltweb.org\/es\/2025\/12\/08\/terra-nostra-press-y-la-memoria-del-movimiento-clt\/","url":"https:\/\/www.cltweb.org\/es\/2025\/12\/08\/terra-nostra-press-y-la-memoria-del-movimiento-clt\/","name":"Terra Nostra Press y la Memoria del Movimiento CLT - International Center for Community Land Trusts","isPartOf":{"@id":"https:\/\/www.cltweb.org\/es\/#website"},"datePublished":"2025-12-08T18:54:15+00:00","dateModified":"2025-12-08T18:56:06+00:00","breadcrumb":{"@id":"https:\/\/www.cltweb.org\/es\/2025\/12\/08\/terra-nostra-press-y-la-memoria-del-movimiento-clt\/#breadcrumb"},"inLanguage":"es","potentialAction":[{"@type":"ReadAction","target":["https:\/\/www.cltweb.org\/es\/2025\/12\/08\/terra-nostra-press-y-la-memoria-del-movimiento-clt\/"]}]},{"@type":"BreadcrumbList","@id":"https:\/\/www.cltweb.org\/es\/2025\/12\/08\/terra-nostra-press-y-la-memoria-del-movimiento-clt\/#breadcrumb","itemListElement":[{"@type":"ListItem","position":1,"name":"Home","item":"https:\/\/www.cltweb.org\/es\/"},{"@type":"ListItem","position":2,"name":"Terra Nostra Press y la Memoria del Movimiento CLT"}]},{"@type":"WebSite","@id":"https:\/\/www.cltweb.org\/es\/#website","url":"https:\/\/www.cltweb.org\/es\/","name":"International Center for Community Land Trusts","description":"","publisher":{"@id":"https:\/\/www.cltweb.org\/es\/#organization"},"potentialAction":[{"@type":"SearchAction","target":{"@type":"EntryPoint","urlTemplate":"https:\/\/www.cltweb.org\/es\/?s={search_term_string}"},"query-input":{"@type":"PropertyValueSpecification","valueRequired":true,"valueName":"search_term_string"}}],"inLanguage":"es"},{"@type":"Organization","@id":"https:\/\/www.cltweb.org\/es\/#organization","name":"International Center for Community Land Trusts","url":"https:\/\/www.cltweb.org\/es\/","logo":{"@type":"ImageObject","inLanguage":"es","@id":"https:\/\/www.cltweb.org\/es\/#\/schema\/logo\/image\/","url":"https:\/\/www.cltweb.org\/wp-content\/uploads\/2024\/11\/New-CLT-Center-Text-logo.png","contentUrl":"https:\/\/www.cltweb.org\/wp-content\/uploads\/2024\/11\/New-CLT-Center-Text-logo.png","width":227,"height":80,"caption":"International Center for Community Land Trusts"},"image":{"@id":"https:\/\/www.cltweb.org\/es\/#\/schema\/logo\/image\/"},"sameAs":["https:\/\/www.facebook.com\/cltcenter","https:\/\/x.com\/Center4CLTs","https:\/\/www.instagram.com\/cltcenter\/","https:\/\/www.linkedin.com\/company\/cltcenter","https:\/\/www.youtube.com\/@centerforcltinnovation5313"],"description":"The International Center for Community Land Trusts is a not-for-profit nongovernmental organization established in 2018 to promote and to support community land trusts and similar strategies of community-led development on community-owned land in countries throughout the world.","email":"info@communitylandtrust.net","legalName":"International Center for Community Land Trusts","foundingDate":"2018-12-01","taxID":"84-3858933","numberOfEmployees":{"@type":"QuantitativeValue","minValue":"1","maxValue":"10"}},{"@type":"Person","@id":"https:\/\/www.cltweb.org\/es\/#\/schema\/person\/7c9fe56cc945e4b57585dbfe30f2ead4","name":"Ben Harris","image":{"@type":"ImageObject","inLanguage":"es","@id":"https:\/\/secure.gravatar.com\/avatar\/12a44d8988553548c22c57da673ee8ffb7e0b87b0197beec533bae3061a92cc5?s=96&d=mm&r=g","url":"https:\/\/secure.gravatar.com\/avatar\/12a44d8988553548c22c57da673ee8ffb7e0b87b0197beec533bae3061a92cc5?s=96&d=mm&r=g","contentUrl":"https:\/\/secure.gravatar.com\/avatar\/12a44d8988553548c22c57da673ee8ffb7e0b87b0197beec533bae3061a92cc5?s=96&d=mm&r=g","caption":"Ben Harris"},"url":"https:\/\/www.cltweb.org\/es\/author\/ben\/"}]}},"taxonomy_info":{"category":[{"value":25,"label":"Sin categorizar"}]},"featured_image_src_large":false,"author_info":{"display_name":"Ben Harris","author_link":"https:\/\/www.cltweb.org\/es\/author\/ben\/"},"comment_info":0,"category_info":[{"term_id":25,"name":"Sin categorizar","slug":"sin-categorizar","term_group":0,"term_taxonomy_id":25,"taxonomy":"category","description":"","parent":0,"count":19,"filter":"raw","cat_ID":25,"category_count":19,"category_description":"","cat_name":"Sin categorizar","category_nicename":"sin-categorizar","category_parent":0}],"tag_info":false,"jetpack_featured_media_url":"","jetpack_sharing_enabled":true,"jetpack-related-posts":[{"id":10681,"url":"https:\/\/www.cltweb.org\/es\/2025\/11\/11\/tierra-para-las-personas-no-para-el-beneficio-construir-la-infraestructura-de-un-movimiento-mundial\/","url_meta":{"origin":10900,"position":0},"title":"Tierra para las personas, no para el beneficio: Construir la infraestructura de un movimiento mundial","author":"Ben Harris","date":"11 de noviembre de 2025","format":false,"excerpt":"Este a\u00f1o, el Centro Internacional de Fideicomisos de la Tierra Comunitaria lanza su primera campa\u00f1a de fin de a\u00f1o, una oportunidad para reflexionar sobre lo que estamos construyendo juntos y sobre las relaciones que hacen posible este trabajo. En todo el mundo, las CLT est\u00e1n demostrando que es posible otra\u2026","rel":"","context":"En \u00abBlogs\u00bb","block_context":{"text":"Blogs","link":"https:\/\/www.cltweb.org\/es\/category\/blogs\/"},"img":{"alt_text":"","src":"https:\/\/i0.wp.com\/www.cltweb.org\/wp-content\/uploads\/2025\/11\/Land-for-People-Not-For-Profit.gif?resize=350%2C200&ssl=1","width":350,"height":200,"srcset":"https:\/\/i0.wp.com\/www.cltweb.org\/wp-content\/uploads\/2025\/11\/Land-for-People-Not-For-Profit.gif?resize=350%2C200&ssl=1 1x, https:\/\/i0.wp.com\/www.cltweb.org\/wp-content\/uploads\/2025\/11\/Land-for-People-Not-For-Profit.gif?resize=525%2C300&ssl=1 1.5x, https:\/\/i0.wp.com\/www.cltweb.org\/wp-content\/uploads\/2025\/11\/Land-for-People-Not-For-Profit.gif?resize=700%2C400&ssl=1 2x, https:\/\/i0.wp.com\/www.cltweb.org\/wp-content\/uploads\/2025\/11\/Land-for-People-Not-For-Profit.gif?resize=1050%2C600&ssl=1 3x"},"classes":[]},{"id":6592,"url":"https:\/\/www.cltweb.org\/es\/2022\/10\/11\/evento-clt-center-presentacion-del-libro-community-matters\/","url_meta":{"origin":10900,"position":1},"title":"EVENTO CLT CENTER: Presentaci\u00f3n del libro Community Matters","author":"cltredesign_0jp0l4","date":"11 de octubre de 2022","format":false,"excerpt":"\u00danete a nosotros para celebrar la publicaci\u00f3n del \u00faltimo libro de Terra Nostra Press, Community Matters. Este seminario web reunir\u00e1 a profesionales del CLT de Boston, Bruselas, Londres, Houston y San Juan, cuyas perspectivas sobre la organizaci\u00f3n comunitaria y la participaci\u00f3n de los residentes aparecen en el libro.","rel":"","context":"En \u00abSin categorizar\u00bb","block_context":{"text":"Sin categorizar","link":"https:\/\/www.cltweb.org\/es\/category\/sin-categorizar\/"},"img":{"alt_text":"Portada del libro La Comunidad Importa","src":"https:\/\/i0.wp.com\/www.cltweb.org\/wp-content\/uploads\/2022\/09\/Community-Matters-final-book-cover-062822-683x1024.jpeg?resize=350%2C200&ssl=1","width":350,"height":200},"classes":[]},{"id":6572,"url":"https:\/\/www.cltweb.org\/es\/2022\/10\/31\/movimiento-toronto-clt-justicia-habitacional-equidad-racial-y-democracia-economica\/","url_meta":{"origin":10900,"position":2},"title":"Movimiento Toronto CLT: Justicia habitacional, equidad racial y democracia econ\u00f3mica","author":"cltredesign_0jp0l4","date":"31 de octubre de 2022","format":false,"excerpt":"Qu\u00e9: Justicia en la Vivienda, Equidad Racial y Democracia Econ\u00f3mica Cu\u00e1ndo: Vie, 4 de noviembre de 2022, 18:30 - 20:30 h EDT D\u00f3nde: Iglesia de San Marcos, 201 Cowan Avenue, Toronto, ON Si asistes a la #ConferenciaACSP, puedes llegar al lugar desde el Hilton Toronto tomando el tranv\u00eda 501 de\u2026","rel":"","context":"En \u00abSin categorizar\u00bb","block_context":{"text":"Sin categorizar","link":"https:\/\/www.cltweb.org\/es\/category\/sin-categorizar\/"},"img":{"alt_text":"","src":"","width":0,"height":0},"classes":[]},{"id":10666,"url":"https:\/\/www.cltweb.org\/es\/2025\/11\/17\/las-clt-y-la-accion-climatica-un-movimiento-creciente-para-una-transicion-justa\/","url_meta":{"origin":10900,"position":3},"title":"Las CLT y la Acci\u00f3n Clim\u00e1tica: Un movimiento creciente para una transici\u00f3n justa","author":"Ben Harris","date":"17 de noviembre de 2025","format":false,"excerpt":"Esta historia forma parte de nuestra campa\u00f1a de fin de a\u00f1o que celebra c\u00f3mo el Centro CLT trabaja para servir al movimiento global de CLT. Esta semana, destacamos : La Iniciativa por la Justicia Clim\u00e1tica La emergencia clim\u00e1tica ya no es una amenaza lejana: est\u00e1 aqu\u00ed, remodelando d\u00f3nde y c\u00f3mo\u2026","rel":"","context":"En \u00abIniciativa de Justicia Clim\u00e1tica\u00bb","block_context":{"text":"Iniciativa de Justicia Clim\u00e1tica","link":"https:\/\/www.cltweb.org\/es\/category\/iniciativa-de-justicia-climatica\/"},"img":{"alt_text":"","src":"https:\/\/i0.wp.com\/www.cltweb.org\/wp-content\/uploads\/2025\/11\/Land-for-People-Not-for-Profit-Banner.gif?resize=350%2C200&ssl=1","width":350,"height":200,"srcset":"https:\/\/i0.wp.com\/www.cltweb.org\/wp-content\/uploads\/2025\/11\/Land-for-People-Not-for-Profit-Banner.gif?resize=350%2C200&ssl=1 1x, https:\/\/i0.wp.com\/www.cltweb.org\/wp-content\/uploads\/2025\/11\/Land-for-People-Not-for-Profit-Banner.gif?resize=525%2C300&ssl=1 1.5x, https:\/\/i0.wp.com\/www.cltweb.org\/wp-content\/uploads\/2025\/11\/Land-for-People-Not-for-Profit-Banner.gif?resize=700%2C400&ssl=1 2x, https:\/\/i0.wp.com\/www.cltweb.org\/wp-content\/uploads\/2025\/11\/Land-for-People-Not-for-Profit-Banner.gif?resize=1050%2C600&ssl=1 3x, https:\/\/i0.wp.com\/www.cltweb.org\/wp-content\/uploads\/2025\/11\/Land-for-People-Not-for-Profit-Banner.gif?resize=1400%2C800&ssl=1 4x"},"classes":[]},{"id":7711,"url":"https:\/\/www.cltweb.org\/es\/2024\/11\/18\/el-instituto-lincoln-de-politica-del-suelo-publica-un-informe-sobre-la-conservacion-de-la-propiedad-de-viviendas-asequibles-mediante-fideicomisos-de-la-tierra-comunitarios\/","url_meta":{"origin":10900,"position":4},"title":"El Instituto Lincoln de Pol\u00edtica del Suelo publica un informe sobre la conservaci\u00f3n de la propiedad de viviendas asequibles mediante fideicomisos de la tierra comunitarios","author":"Ben Harris","date":"18 de noviembre de 2024","format":false,"excerpt":"El Informe de Enfoque Pol\u00edtico ofrece una visi\u00f3n de c\u00f3mo los gobiernos municipales apoyan la formaci\u00f3n, expansi\u00f3n y funcionamiento de los CLTs CAMBRIDGE, MA-ElInstituto Lincoln de Pol\u00edtica Territorial ha publicado un nuevo Informe de Enfoque Pol\u00edtico, Preserving Affordable Homeownership: Asociaciones municipales con fideicomisos de la tierra comunitariospor John Emmeus Davis\u2026","rel":"","context":"En \u00abComunicado de prensa\u00bb","block_context":{"text":"Comunicado de prensa","link":"https:\/\/www.cltweb.org\/es\/category\/comunicado-de-prensa\/"},"img":{"alt_text":"","src":"","width":0,"height":0},"classes":[]},{"id":9524,"url":"https:\/\/www.cltweb.org\/es\/2025\/05\/21\/bienes-comunes-por-la-justicia-clts-across-continents-en-el-festival-internacional-de-la-vivienda-social\/","url_meta":{"origin":10900,"position":5},"title":"Bienes Comunes por la Justicia: CLTs Across Continents en el Festival Internacional de la Vivienda Social","author":"Ben Harris","date":"21 de mayo de 2025","format":false,"excerpt":"En una \u00e9poca marcada por la crisis de la vivienda, los mercados extractivos de la tierra y la creciente desigualdad, las comunidades de todo el mundo est\u00e1n reclamando los bienes comunes. En el Festival Internacional de la Vivienda Social 2025 de Dubl\u00edn (Irlanda) (4-6 de junio), la Red Europea de\u2026","rel":"","context":"En \u00abBlogs\u00bb","block_context":{"text":"Blogs","link":"https:\/\/www.cltweb.org\/es\/category\/blogs\/"},"img":{"alt_text":"","src":"https:\/\/i0.wp.com\/www.cltweb.org\/wp-content\/uploads\/2025\/05\/Juliet-Can.jpeg?resize=350%2C200&ssl=1","width":350,"height":200},"classes":[]}],"_links":{"self":[{"href":"https:\/\/www.cltweb.org\/es\/wp-json\/wp\/v2\/posts\/10900","targetHints":{"allow":["GET"]}}],"collection":[{"href":"https:\/\/www.cltweb.org\/es\/wp-json\/wp\/v2\/posts"}],"about":[{"href":"https:\/\/www.cltweb.org\/es\/wp-json\/wp\/v2\/types\/post"}],"author":[{"embeddable":true,"href":"https:\/\/www.cltweb.org\/es\/wp-json\/wp\/v2\/users\/2"}],"replies":[{"embeddable":true,"href":"https:\/\/www.cltweb.org\/es\/wp-json\/wp\/v2\/comments?post=10900"}],"version-history":[{"count":1,"href":"https:\/\/www.cltweb.org\/es\/wp-json\/wp\/v2\/posts\/10900\/revisions"}],"predecessor-version":[{"id":10902,"href":"https:\/\/www.cltweb.org\/es\/wp-json\/wp\/v2\/posts\/10900\/revisions\/10902"}],"wp:attachment":[{"href":"https:\/\/www.cltweb.org\/es\/wp-json\/wp\/v2\/media?parent=10900"}],"wp:term":[{"taxonomy":"category","embeddable":true,"href":"https:\/\/www.cltweb.org\/es\/wp-json\/wp\/v2\/categories?post=10900"},{"taxonomy":"post_tag","embeddable":true,"href":"https:\/\/www.cltweb.org\/es\/wp-json\/wp\/v2\/tags?post=10900"}],"curies":[{"name":"wp","href":"https:\/\/api.w.org\/{rel}","templated":true}]}}