{"id":6567,"date":"2023-02-20T00:00:00","date_gmt":"2023-02-20T00:00:00","guid":{"rendered":"https:\/\/www.cltweb.org\/2023\/02\/20\/los-fideicomisos-de-tierras-y-la-agricultura-comunitaria\/"},"modified":"2023-02-20T00:00:00","modified_gmt":"2023-02-20T00:00:00","slug":"los-fideicomisos-de-tierras-y-la-agricultura-comunitaria","status":"publish","type":"post","link":"https:\/\/www.cltweb.org\/es\/2023\/02\/20\/los-fideicomisos-de-tierras-y-la-agricultura-comunitaria\/","title":{"rendered":"Los fideicomisos de tierras y la agricultura comunitaria"},"content":{"rendered":"<p><strong>Grabaci\u00f3n del Webinar &#8211; Espa\u00f1ol<\/strong><br \/>\n<iframe loading=\"lazy\" title=\"Reproductor de v\u00eddeo de YouTube\" src=\"https:\/\/www.youtube.com\/embed\/p515lFGNDuU\" width=\"560\" height=\"315\" frameborder=\"0\" allowfullscreen=\"allowfullscreen\"><\/iframe><\/p>\n<p><strong>Grabaci\u00f3n del Webinar &#8211; Espa\u00f1ol<\/strong><br \/>\n<iframe loading=\"lazy\" title=\"Reproductor de v\u00eddeo de YouTube\" src=\"https:\/\/www.youtube.com\/embed\/AVyBWacSQo4\" width=\"560\" height=\"315\" frameborder=\"0\" allowfullscreen=\"allowfullscreen\"><\/iframe><\/p>\n<h2>Diapositivas de la presentaci\u00f3n<\/h2>\n<p><strong><a href=\"https:\/\/www.cltweb.org\/wp-content\/uploads\/2023\/03\/Athens-Land-Trust-Presentation.pdf\" target=\"_blank\" rel=\"noopener\">Heather Benham, Athens Land Trust<\/a><\/strong><br \/>\n<strong><a href=\"https:\/\/www.cltweb.org\/wp-content\/uploads\/2023\/03\/Groundswell-Conservancy_Land-Trust-Webinar.pdf\" target=\"_blank\" rel=\"noopener\">Yimmuaj Yang, Conservaci\u00f3n Groundswell<\/a><\/strong><\/p>\n<h2>Descripci\u00f3n del seminario<\/h2>\n<p><img loading=\"lazy\" decoding=\"async\" class=\"size-medium wp-image-6168 alignright\" src=\"https:\/\/www.cltweb.org\/wp-content\/uploads\/2022\/06\/Prop-logo_Center-for-CLT-innovation_black-400x150-1-300x113.png\" alt=\"Logotipo del Centro CLT\" width=\"300\" height=\"113\">Aunque los fideicomisos de la tierra suelen centrarse en la vivienda, sus actividades pueden ir mucho m\u00e1s all\u00e1. De hecho, las ra\u00edces del movimiento CLT se encuentran en la agricultura, y se originaron en New Communities, un fideicomiso de la tierra y granja colectiva de 5.700 acres situada en Albany, Georgia, propiedad de agricultores negros y gestionada por ellos desde 1969 hasta 1985, que en su d\u00eda fue una de las propiedades afroamericanas de mayor extensi\u00f3n de Estados Unidos. Hoy vemos que tanto los fideicomisos de la tierra comunitarios como los fideicomisos de conservaci\u00f3n de la tierra realizan un trabajo innovador en la agricultura comunitaria. En este seminario web, destacaremos el trabajo de tres fideicomisos de la tierra con sede en Estados Unidos que realizan una incre\u00edble labor comunitaria en agricultura urbana y periurbana, contribuyendo a los sistemas alimentarios locales, proporcionando formaci\u00f3n a nuevos agricultores, implicando a los j\u00f3venes y ofreciendo oportunidades de curaci\u00f3n a los supervivientes de la Guerra Secreta de Laos. Este seminario web incluir\u00e1 presentaciones de estudios de casos sobre proyectos ejemplares de agricultura comunitaria, con un debate posterior. Estar\u00e1 moderado por Greg Rosenberg, del Centro de Innovaci\u00f3n CLT, con un fragmento de v\u00eddeo introductorio de <a href=\"https:\/\/arcofjusticefilm.squarespace.com\/\">Arc of Justice<\/a> (una pel\u00edcula de Helen S. Cohen y Mark Lipman) en el que aparecen Charles y Shirley Sherrod hablando sobre Nuevas Comunidades.<\/p>\n<h3>PRESENTADORES<\/h3>\n<h4><b>Heather Benham, Directora Ejecutiva, <a href=\"https:\/\/athenslandtrust.org\/our-work\/comag\/\" target=\"_blank\" rel=\"noopener\">Athens Land Trust<\/a><\/b><\/h4>\n<p><img loading=\"lazy\" decoding=\"async\" class=\"size-thumbnail wp-image-6959 alignright\" src=\"https:\/\/www.cltweb.org\/wp-content\/uploads\/2023\/02\/Heather-Benham-150x150.jpg\" alt=\"Foto de Heather Benham\" width=\"150\" height=\"150\">Heather Benham se incorpor\u00f3 a Athens Land Trust en 2002 como becaria de verano, para convertirse en la primera empleada a tiempo completo de ALT en 2003. Desde entonces ha desempe\u00f1ado muchas funciones: supervisar la construcci\u00f3n del programa de viviendas asequibles de ALT; entablar relaciones con familias mientras les ayudaba a alcanzar sus sue\u00f1os de ser propietarios de una vivienda; y hacer crecer el programa de agricultura comunitaria de ALT mientras gestionaba las operaciones de la organizaci\u00f3n. Ahora trabaja como Directora Ejecutiva, en estrecha colaboraci\u00f3n con miembros de la comunidad, otras organizaciones y funcionarios locales para promover la misi\u00f3n de ALT.  <\/p>\n<h4><b>Joy Gary, Directora Ejecutiva de <a href=\"https:\/\/www.bostonfarms.org\/\" target=\"_blank\" rel=\"noopener\">Boston Farms<\/a><\/b><\/h4>\n<p><img loading=\"lazy\" decoding=\"async\" class=\"size-thumbnail wp-image-6960 alignright\" src=\"https:\/\/www.cltweb.org\/wp-content\/uploads\/2023\/02\/Joy-Gary-150x150.jpg\" alt=\"Foto de Joy Gary\" width=\"150\" height=\"150\">Joy Gary es una dise\u00f1adora de sistemas regenerativos apasionada por la comida y la comunidad. Es residente de Boston de toda la vida y ha dedicado su tiempo a apoyar el desarrollo de sistemas regenerativos, la justicia alimentaria y la educaci\u00f3n mediante proyectos de agricultura urbana. Ha codirigido programas de jardiner\u00eda y desarrollo juvenil en The Food Project y ha dirigido ReVision Urban Farm como Farm Manager.  <\/p>\n<h4><b>Yimmuaj Yang, Director de la Comunidad, <a href=\"https:\/\/groundswellconservancy.org\/what-we-do\/provide-equitable-access-to-land\/\" target=\"_blank\" rel=\"noopener\">Groundswell Conservancy<\/a><\/b><\/h4>\n<p><img loading=\"lazy\" decoding=\"async\" class=\"size-thumbnail wp-image-6958 alignright\" src=\"https:\/\/www.cltweb.org\/wp-content\/uploads\/2023\/02\/Yimmuaj-Yang-150x150.jpg\" alt=\"Foto de Yimmuaj Yang\" width=\"150\" height=\"150\">Desde que Yimmuaj Yang se uni\u00f3 a Groundswell Conservancy en 2020, ha cerrado la brecha entre los agricultores no blancos y las tierras de cultivo disponibles mediante su liderazgo de su programa de Acceso Equitativo a la Tierra. Uno de los proyectos de Yimmauj es el Jard\u00edn Terap\u00e9utico Lifting Hearts, que atiende a ancianos hmong que padecen TEPT, demencia y depresi\u00f3n, muchos de los cuales fueron desplazados de sus aldeas en Laos y Vietnam a campos de refugiados en Tailandia y luego a EE.UU. Su viaje es paralelo al de Yang: de ni\u00f1a, lleg\u00f3 a Madison con su familia procedente de un campo de refugiados. Le encanta la comida porque es el lenguaje universal de todas las personas; la comida une a la gente.  <\/p>\n<hr>\n<h3>Acerca de Arco de Justicia<\/h3>\n<p><strong><a href=\"https:\/\/www.arcofjusticefilm.com\" target=\"_blank\" rel=\"noopener\">El Arco de la Justicia<\/a><\/strong> recorre el extraordinario viaje de New Communities, Inc. (NCI) en el suroeste de Georgia, una historia de justicia racial, organizaci\u00f3n comunitaria y perseverancia frente a enormes obst\u00e1culos. NCI fue creada en 1969 en Albany, Georgia, por l\u00edderes del Movimiento por los Derechos Civiles, entre ellos el congresista John Lewis, y Charles y Shirley Sherrod, para ayudar a garantizar la independencia econ\u00f3mica de las familias afroamericanas. Durante 15 a\u00f1os, la NCI cultiv\u00f3 cooperativamente casi 6.000 acres, la mayor extensi\u00f3n de tierra de Estados Unidos propiedad de afroamericanos en aquella \u00e9poca, pero la oposici\u00f3n racista les impidi\u00f3 poner en marcha planes para construir 500 viviendas asequibles como parte de su fideicomiso de la tierra. Incapaz de conseguir pr\u00e9stamos del gobierno para hacer frente al impacto de sucesivos a\u00f1os de sequ\u00eda, NCI perdi\u00f3 el terreno por ejecuci\u00f3n hipotecaria en 1985. Pero 25 a\u00f1os despu\u00e9s cobr\u00f3 nueva vida a ra\u00edz de una exitosa demanda colectiva interpuesta por cientos de agricultores afroamericanos contra el Departamento de Agricultura de EEUU por discriminaci\u00f3n en los pr\u00e9stamos. Con el acuerdo, los fundadores originales compraron una plantaci\u00f3n de 1.600 acres que en su d\u00eda perteneci\u00f3 al mayor propietario de esclavos y al hombre m\u00e1s rico de Georgia. La NCI cultiva ahora pacanas y utiliza la mansi\u00f3n de antebellum de la propiedad como centro de retiro y formaci\u00f3n, a\u00fan comprometida con su misi\u00f3n original de promover la justicia racial y el desarrollo econ\u00f3mico.<\/p>\n","protected":false},"excerpt":{"rendered":"<p>Acomp\u00e1\u00f1anos el martes 14 de marzo en un seminario web sobre agricultura comunitaria. Escuchar\u00e1s a destacados profesionales de los fideicomisos de tierras que dirigen programas agr\u00edcolas innovadores &#8212; con un debate posterior. El acto es gratuito y todos son bienvenidos. <\/p>\n","protected":false},"author":1,"featured_media":0,"comment_status":"open","ping_status":"open","sticky":false,"template":"","format":"standard","meta":{"give_campaign_id":0,"_tec_requires_first_save":true,"_kad_blocks_custom_css":"","_kad_blocks_head_custom_js":"","_kad_blocks_body_custom_js":"","_kad_blocks_footer_custom_js":"","_EventAllDay":false,"_EventTimezone":"","_EventStartDate":"","_EventEndDate":"","_EventStartDateUTC":"","_EventEndDateUTC":"","_EventShowMap":false,"_EventShowMapLink":false,"_EventURL":"","_EventCost":"","_EventCostDescription":"","_EventCurrencySymbol":"","_EventCurrencyCode":"","_EventCurrencyPosition":"","_EventDateTimeSeparator":"","_EventTimeRangeSeparator":"","_EventOrganizerID":[],"_EventVenueID":[],"_OrganizerEmail":"","_OrganizerPhone":"","_OrganizerWebsite":"","_VenueAddress":"","_VenueCity":"","_VenueCountry":"","_VenueProvince":"","_VenueState":"","_VenueZip":"","_VenuePhone":"","_VenueURL":"","_VenueStateProvince":"","_VenueLat":"","_VenueLng":"","_VenueShowMap":false,"_VenueShowMapLink":false,"_tribe_blocks_recurrence_rules":"","_tribe_blocks_recurrence_description":"","_tribe_blocks_recurrence_exclusions":"","_jetpack_memberships_contains_paid_content":false,"footnotes":""},"categories":[25],"tags":[],"class_list":["post-6567","post","type-post","status-publish","format-standard","hentry","category-sin-categorizar"],"blocksy_meta":[],"yoast_head":"<!-- This site is optimized with the Yoast SEO Premium plugin v27.4 (Yoast SEO v27.5) - https:\/\/yoast.com\/product\/yoast-seo-premium-wordpress\/ -->\n<title>Los fideicomisos de tierras y la agricultura comunitaria - International Center for Community Land Trusts<\/title>\n<meta name=\"robots\" content=\"index, follow, max-snippet:-1, max-image-preview:large, max-video-preview:-1\" \/>\n<link rel=\"canonical\" href=\"https:\/\/www.cltweb.org\/es\/2023\/02\/20\/los-fideicomisos-de-tierras-y-la-agricultura-comunitaria\/\" \/>\n<meta property=\"og:locale\" content=\"es_ES\" \/>\n<meta property=\"og:type\" content=\"article\" \/>\n<meta property=\"og:title\" content=\"Los fideicomisos de tierras y la agricultura comunitaria\" \/>\n<meta property=\"og:description\" content=\"Acomp\u00e1\u00f1anos el martes 14 de marzo en un seminario web sobre agricultura comunitaria. Escuchar\u00e1s a destacados profesionales de los fideicomisos de tierras que dirigen programas agr\u00edcolas innovadores -- con un debate posterior. El acto es gratuito y todos son bienvenidos.\" \/>\n<meta property=\"og:url\" content=\"https:\/\/www.cltweb.org\/es\/2023\/02\/20\/los-fideicomisos-de-tierras-y-la-agricultura-comunitaria\/\" \/>\n<meta property=\"og:site_name\" content=\"International Center for Community Land Trusts\" \/>\n<meta property=\"article:publisher\" content=\"https:\/\/www.facebook.com\/cltcenter\" \/>\n<meta property=\"article:published_time\" content=\"2023-02-20T00:00:00+00:00\" \/>\n<meta property=\"og:image\" content=\"https:\/\/www.cltweb.org\/wp-content\/uploads\/2024\/10\/Brazil-2021-1024x610.png\" \/>\n\t<meta property=\"og:image:width\" content=\"1024\" \/>\n\t<meta property=\"og:image:height\" content=\"610\" \/>\n\t<meta property=\"og:image:type\" content=\"image\/png\" \/>\n<meta name=\"author\" content=\"cltredesign_0jp0l4\" \/>\n<meta name=\"twitter:card\" content=\"summary_large_image\" \/>\n<meta name=\"twitter:creator\" content=\"@Center4CLTs\" \/>\n<meta name=\"twitter:site\" content=\"@Center4CLTs\" \/>\n<meta name=\"twitter:label1\" content=\"Escrito por\" \/>\n\t<meta name=\"twitter:data1\" content=\"cltredesign_0jp0l4\" \/>\n\t<meta name=\"twitter:label2\" content=\"Tiempo de lectura\" \/>\n\t<meta name=\"twitter:data2\" content=\"4 minutos\" \/>\n<script type=\"application\/ld+json\" class=\"yoast-schema-graph\">{\"@context\":\"https:\\\/\\\/schema.org\",\"@graph\":[{\"@type\":\"Article\",\"@id\":\"https:\\\/\\\/www.cltweb.org\\\/es\\\/2023\\\/02\\\/20\\\/los-fideicomisos-de-tierras-y-la-agricultura-comunitaria\\\/#article\",\"isPartOf\":{\"@id\":\"https:\\\/\\\/www.cltweb.org\\\/es\\\/2023\\\/02\\\/20\\\/los-fideicomisos-de-tierras-y-la-agricultura-comunitaria\\\/\"},\"author\":{\"name\":\"cltredesign_0jp0l4\",\"@id\":\"https:\\\/\\\/www.cltweb.org\\\/es\\\/#\\\/schema\\\/person\\\/afd3723291b60b81c27772953e5b49d6\"},\"headline\":\"Los fideicomisos de tierras y la agricultura comunitaria\",\"datePublished\":\"2023-02-20T00:00:00+00:00\",\"mainEntityOfPage\":{\"@id\":\"https:\\\/\\\/www.cltweb.org\\\/es\\\/2023\\\/02\\\/20\\\/los-fideicomisos-de-tierras-y-la-agricultura-comunitaria\\\/\"},\"wordCount\":859,\"commentCount\":0,\"publisher\":{\"@id\":\"https:\\\/\\\/www.cltweb.org\\\/es\\\/#organization\"},\"image\":{\"@id\":\"https:\\\/\\\/www.cltweb.org\\\/es\\\/2023\\\/02\\\/20\\\/los-fideicomisos-de-tierras-y-la-agricultura-comunitaria\\\/#primaryimage\"},\"thumbnailUrl\":\"https:\\\/\\\/www.cltweb.org\\\/wp-content\\\/uploads\\\/2022\\\/06\\\/Prop-logo_Center-for-CLT-innovation_black-400x150-1-300x113.png\",\"articleSection\":[\"Sin categorizar\"],\"inLanguage\":\"es\",\"potentialAction\":[{\"@type\":\"CommentAction\",\"name\":\"Comment\",\"target\":[\"https:\\\/\\\/www.cltweb.org\\\/es\\\/2023\\\/02\\\/20\\\/los-fideicomisos-de-tierras-y-la-agricultura-comunitaria\\\/#respond\"]}]},{\"@type\":\"WebPage\",\"@id\":\"https:\\\/\\\/www.cltweb.org\\\/es\\\/2023\\\/02\\\/20\\\/los-fideicomisos-de-tierras-y-la-agricultura-comunitaria\\\/\",\"url\":\"https:\\\/\\\/www.cltweb.org\\\/es\\\/2023\\\/02\\\/20\\\/los-fideicomisos-de-tierras-y-la-agricultura-comunitaria\\\/\",\"name\":\"Los fideicomisos de tierras y la agricultura comunitaria - International Center for Community Land Trusts\",\"isPartOf\":{\"@id\":\"https:\\\/\\\/www.cltweb.org\\\/es\\\/#website\"},\"primaryImageOfPage\":{\"@id\":\"https:\\\/\\\/www.cltweb.org\\\/es\\\/2023\\\/02\\\/20\\\/los-fideicomisos-de-tierras-y-la-agricultura-comunitaria\\\/#primaryimage\"},\"image\":{\"@id\":\"https:\\\/\\\/www.cltweb.org\\\/es\\\/2023\\\/02\\\/20\\\/los-fideicomisos-de-tierras-y-la-agricultura-comunitaria\\\/#primaryimage\"},\"thumbnailUrl\":\"https:\\\/\\\/www.cltweb.org\\\/wp-content\\\/uploads\\\/2022\\\/06\\\/Prop-logo_Center-for-CLT-innovation_black-400x150-1-300x113.png\",\"datePublished\":\"2023-02-20T00:00:00+00:00\",\"breadcrumb\":{\"@id\":\"https:\\\/\\\/www.cltweb.org\\\/es\\\/2023\\\/02\\\/20\\\/los-fideicomisos-de-tierras-y-la-agricultura-comunitaria\\\/#breadcrumb\"},\"inLanguage\":\"es\",\"potentialAction\":[{\"@type\":\"ReadAction\",\"target\":[\"https:\\\/\\\/www.cltweb.org\\\/es\\\/2023\\\/02\\\/20\\\/los-fideicomisos-de-tierras-y-la-agricultura-comunitaria\\\/\"]}]},{\"@type\":\"ImageObject\",\"inLanguage\":\"es\",\"@id\":\"https:\\\/\\\/www.cltweb.org\\\/es\\\/2023\\\/02\\\/20\\\/los-fideicomisos-de-tierras-y-la-agricultura-comunitaria\\\/#primaryimage\",\"url\":\"https:\\\/\\\/www.cltweb.org\\\/wp-content\\\/uploads\\\/2022\\\/06\\\/Prop-logo_Center-for-CLT-innovation_black-400x150-1-300x113.png\",\"contentUrl\":\"https:\\\/\\\/www.cltweb.org\\\/wp-content\\\/uploads\\\/2022\\\/06\\\/Prop-logo_Center-for-CLT-innovation_black-400x150-1-300x113.png\"},{\"@type\":\"BreadcrumbList\",\"@id\":\"https:\\\/\\\/www.cltweb.org\\\/es\\\/2023\\\/02\\\/20\\\/los-fideicomisos-de-tierras-y-la-agricultura-comunitaria\\\/#breadcrumb\",\"itemListElement\":[{\"@type\":\"ListItem\",\"position\":1,\"name\":\"Home\",\"item\":\"https:\\\/\\\/www.cltweb.org\\\/es\\\/\"},{\"@type\":\"ListItem\",\"position\":2,\"name\":\"Los fideicomisos de tierras y la agricultura comunitaria\"}]},{\"@type\":\"WebSite\",\"@id\":\"https:\\\/\\\/www.cltweb.org\\\/es\\\/#website\",\"url\":\"https:\\\/\\\/www.cltweb.org\\\/es\\\/\",\"name\":\"International Center for Community Land Trusts\",\"description\":\"\",\"publisher\":{\"@id\":\"https:\\\/\\\/www.cltweb.org\\\/es\\\/#organization\"},\"potentialAction\":[{\"@type\":\"SearchAction\",\"target\":{\"@type\":\"EntryPoint\",\"urlTemplate\":\"https:\\\/\\\/www.cltweb.org\\\/es\\\/?s={search_term_string}\"},\"query-input\":{\"@type\":\"PropertyValueSpecification\",\"valueRequired\":true,\"valueName\":\"search_term_string\"}}],\"inLanguage\":\"es\"},{\"@type\":\"Organization\",\"@id\":\"https:\\\/\\\/www.cltweb.org\\\/es\\\/#organization\",\"name\":\"International Center for Community Land Trusts\",\"url\":\"https:\\\/\\\/www.cltweb.org\\\/es\\\/\",\"logo\":{\"@type\":\"ImageObject\",\"inLanguage\":\"es\",\"@id\":\"https:\\\/\\\/www.cltweb.org\\\/es\\\/#\\\/schema\\\/logo\\\/image\\\/\",\"url\":\"https:\\\/\\\/www.cltweb.org\\\/wp-content\\\/uploads\\\/2024\\\/11\\\/New-CLT-Center-Text-logo.png\",\"contentUrl\":\"https:\\\/\\\/www.cltweb.org\\\/wp-content\\\/uploads\\\/2024\\\/11\\\/New-CLT-Center-Text-logo.png\",\"width\":227,\"height\":80,\"caption\":\"International Center for Community Land Trusts\"},\"image\":{\"@id\":\"https:\\\/\\\/www.cltweb.org\\\/es\\\/#\\\/schema\\\/logo\\\/image\\\/\"},\"sameAs\":[\"https:\\\/\\\/www.facebook.com\\\/cltcenter\",\"https:\\\/\\\/x.com\\\/Center4CLTs\",\"https:\\\/\\\/www.instagram.com\\\/cltcenter\\\/\",\"https:\\\/\\\/www.linkedin.com\\\/company\\\/cltcenter\",\"https:\\\/\\\/www.youtube.com\\\/@centerforcltinnovation5313\"],\"description\":\"The International Center for Community Land Trusts is a not-for-profit nongovernmental organization established in 2018 to promote and to support community land trusts and similar strategies of community-led development on community-owned land in countries throughout the world.\",\"email\":\"info@communitylandtrust.net\",\"legalName\":\"International Center for Community Land Trusts\",\"foundingDate\":\"2018-12-01\",\"taxID\":\"84-3858933\",\"numberOfEmployees\":{\"@type\":\"QuantitativeValue\",\"minValue\":\"1\",\"maxValue\":\"10\"}},{\"@type\":\"Person\",\"@id\":\"https:\\\/\\\/www.cltweb.org\\\/es\\\/#\\\/schema\\\/person\\\/afd3723291b60b81c27772953e5b49d6\",\"name\":\"cltredesign_0jp0l4\",\"image\":{\"@type\":\"ImageObject\",\"inLanguage\":\"es\",\"@id\":\"https:\\\/\\\/secure.gravatar.com\\\/avatar\\\/1012e57596c2454da589d773454d3eb22a64f2ff638e62850caeb654f3affad5?s=96&d=mm&r=g\",\"url\":\"https:\\\/\\\/secure.gravatar.com\\\/avatar\\\/1012e57596c2454da589d773454d3eb22a64f2ff638e62850caeb654f3affad5?s=96&d=mm&r=g\",\"contentUrl\":\"https:\\\/\\\/secure.gravatar.com\\\/avatar\\\/1012e57596c2454da589d773454d3eb22a64f2ff638e62850caeb654f3affad5?s=96&d=mm&r=g\",\"caption\":\"cltredesign_0jp0l4\"},\"sameAs\":[\"https:\\\/\\\/icclt.org\"],\"url\":\"https:\\\/\\\/www.cltweb.org\\\/es\\\/author\\\/cltredesign_0jp0l4\\\/\"}]}<\/script>\n<!-- \/ Yoast SEO Premium plugin. -->","yoast_head_json":{"title":"Los fideicomisos de tierras y la agricultura comunitaria - International Center for Community Land Trusts","robots":{"index":"index","follow":"follow","max-snippet":"max-snippet:-1","max-image-preview":"max-image-preview:large","max-video-preview":"max-video-preview:-1"},"canonical":"https:\/\/www.cltweb.org\/es\/2023\/02\/20\/los-fideicomisos-de-tierras-y-la-agricultura-comunitaria\/","og_locale":"es_ES","og_type":"article","og_title":"Los fideicomisos de tierras y la agricultura comunitaria","og_description":"Acomp\u00e1\u00f1anos el martes 14 de marzo en un seminario web sobre agricultura comunitaria. Escuchar\u00e1s a destacados profesionales de los fideicomisos de tierras que dirigen programas agr\u00edcolas innovadores -- con un debate posterior. El acto es gratuito y todos son bienvenidos.","og_url":"https:\/\/www.cltweb.org\/es\/2023\/02\/20\/los-fideicomisos-de-tierras-y-la-agricultura-comunitaria\/","og_site_name":"International Center for Community Land Trusts","article_publisher":"https:\/\/www.facebook.com\/cltcenter","article_published_time":"2023-02-20T00:00:00+00:00","og_image":[{"width":1024,"height":610,"url":"https:\/\/www.cltweb.org\/wp-content\/uploads\/2024\/10\/Brazil-2021-1024x610.png","type":"image\/png"}],"author":"cltredesign_0jp0l4","twitter_card":"summary_large_image","twitter_creator":"@Center4CLTs","twitter_site":"@Center4CLTs","twitter_misc":{"Escrito por":"cltredesign_0jp0l4","Tiempo de lectura":"4 minutos"},"schema":{"@context":"https:\/\/schema.org","@graph":[{"@type":"Article","@id":"https:\/\/www.cltweb.org\/es\/2023\/02\/20\/los-fideicomisos-de-tierras-y-la-agricultura-comunitaria\/#article","isPartOf":{"@id":"https:\/\/www.cltweb.org\/es\/2023\/02\/20\/los-fideicomisos-de-tierras-y-la-agricultura-comunitaria\/"},"author":{"name":"cltredesign_0jp0l4","@id":"https:\/\/www.cltweb.org\/es\/#\/schema\/person\/afd3723291b60b81c27772953e5b49d6"},"headline":"Los fideicomisos de tierras y la agricultura comunitaria","datePublished":"2023-02-20T00:00:00+00:00","mainEntityOfPage":{"@id":"https:\/\/www.cltweb.org\/es\/2023\/02\/20\/los-fideicomisos-de-tierras-y-la-agricultura-comunitaria\/"},"wordCount":859,"commentCount":0,"publisher":{"@id":"https:\/\/www.cltweb.org\/es\/#organization"},"image":{"@id":"https:\/\/www.cltweb.org\/es\/2023\/02\/20\/los-fideicomisos-de-tierras-y-la-agricultura-comunitaria\/#primaryimage"},"thumbnailUrl":"https:\/\/www.cltweb.org\/wp-content\/uploads\/2022\/06\/Prop-logo_Center-for-CLT-innovation_black-400x150-1-300x113.png","articleSection":["Sin categorizar"],"inLanguage":"es","potentialAction":[{"@type":"CommentAction","name":"Comment","target":["https:\/\/www.cltweb.org\/es\/2023\/02\/20\/los-fideicomisos-de-tierras-y-la-agricultura-comunitaria\/#respond"]}]},{"@type":"WebPage","@id":"https:\/\/www.cltweb.org\/es\/2023\/02\/20\/los-fideicomisos-de-tierras-y-la-agricultura-comunitaria\/","url":"https:\/\/www.cltweb.org\/es\/2023\/02\/20\/los-fideicomisos-de-tierras-y-la-agricultura-comunitaria\/","name":"Los fideicomisos de tierras y la agricultura comunitaria - International Center for Community Land Trusts","isPartOf":{"@id":"https:\/\/www.cltweb.org\/es\/#website"},"primaryImageOfPage":{"@id":"https:\/\/www.cltweb.org\/es\/2023\/02\/20\/los-fideicomisos-de-tierras-y-la-agricultura-comunitaria\/#primaryimage"},"image":{"@id":"https:\/\/www.cltweb.org\/es\/2023\/02\/20\/los-fideicomisos-de-tierras-y-la-agricultura-comunitaria\/#primaryimage"},"thumbnailUrl":"https:\/\/www.cltweb.org\/wp-content\/uploads\/2022\/06\/Prop-logo_Center-for-CLT-innovation_black-400x150-1-300x113.png","datePublished":"2023-02-20T00:00:00+00:00","breadcrumb":{"@id":"https:\/\/www.cltweb.org\/es\/2023\/02\/20\/los-fideicomisos-de-tierras-y-la-agricultura-comunitaria\/#breadcrumb"},"inLanguage":"es","potentialAction":[{"@type":"ReadAction","target":["https:\/\/www.cltweb.org\/es\/2023\/02\/20\/los-fideicomisos-de-tierras-y-la-agricultura-comunitaria\/"]}]},{"@type":"ImageObject","inLanguage":"es","@id":"https:\/\/www.cltweb.org\/es\/2023\/02\/20\/los-fideicomisos-de-tierras-y-la-agricultura-comunitaria\/#primaryimage","url":"https:\/\/www.cltweb.org\/wp-content\/uploads\/2022\/06\/Prop-logo_Center-for-CLT-innovation_black-400x150-1-300x113.png","contentUrl":"https:\/\/www.cltweb.org\/wp-content\/uploads\/2022\/06\/Prop-logo_Center-for-CLT-innovation_black-400x150-1-300x113.png"},{"@type":"BreadcrumbList","@id":"https:\/\/www.cltweb.org\/es\/2023\/02\/20\/los-fideicomisos-de-tierras-y-la-agricultura-comunitaria\/#breadcrumb","itemListElement":[{"@type":"ListItem","position":1,"name":"Home","item":"https:\/\/www.cltweb.org\/es\/"},{"@type":"ListItem","position":2,"name":"Los fideicomisos de tierras y la agricultura comunitaria"}]},{"@type":"WebSite","@id":"https:\/\/www.cltweb.org\/es\/#website","url":"https:\/\/www.cltweb.org\/es\/","name":"International Center for Community Land Trusts","description":"","publisher":{"@id":"https:\/\/www.cltweb.org\/es\/#organization"},"potentialAction":[{"@type":"SearchAction","target":{"@type":"EntryPoint","urlTemplate":"https:\/\/www.cltweb.org\/es\/?s={search_term_string}"},"query-input":{"@type":"PropertyValueSpecification","valueRequired":true,"valueName":"search_term_string"}}],"inLanguage":"es"},{"@type":"Organization","@id":"https:\/\/www.cltweb.org\/es\/#organization","name":"International Center for Community Land Trusts","url":"https:\/\/www.cltweb.org\/es\/","logo":{"@type":"ImageObject","inLanguage":"es","@id":"https:\/\/www.cltweb.org\/es\/#\/schema\/logo\/image\/","url":"https:\/\/www.cltweb.org\/wp-content\/uploads\/2024\/11\/New-CLT-Center-Text-logo.png","contentUrl":"https:\/\/www.cltweb.org\/wp-content\/uploads\/2024\/11\/New-CLT-Center-Text-logo.png","width":227,"height":80,"caption":"International Center for Community Land Trusts"},"image":{"@id":"https:\/\/www.cltweb.org\/es\/#\/schema\/logo\/image\/"},"sameAs":["https:\/\/www.facebook.com\/cltcenter","https:\/\/x.com\/Center4CLTs","https:\/\/www.instagram.com\/cltcenter\/","https:\/\/www.linkedin.com\/company\/cltcenter","https:\/\/www.youtube.com\/@centerforcltinnovation5313"],"description":"The International Center for Community Land Trusts is a not-for-profit nongovernmental organization established in 2018 to promote and to support community land trusts and similar strategies of community-led development on community-owned land in countries throughout the world.","email":"info@communitylandtrust.net","legalName":"International Center for Community Land Trusts","foundingDate":"2018-12-01","taxID":"84-3858933","numberOfEmployees":{"@type":"QuantitativeValue","minValue":"1","maxValue":"10"}},{"@type":"Person","@id":"https:\/\/www.cltweb.org\/es\/#\/schema\/person\/afd3723291b60b81c27772953e5b49d6","name":"cltredesign_0jp0l4","image":{"@type":"ImageObject","inLanguage":"es","@id":"https:\/\/secure.gravatar.com\/avatar\/1012e57596c2454da589d773454d3eb22a64f2ff638e62850caeb654f3affad5?s=96&d=mm&r=g","url":"https:\/\/secure.gravatar.com\/avatar\/1012e57596c2454da589d773454d3eb22a64f2ff638e62850caeb654f3affad5?s=96&d=mm&r=g","contentUrl":"https:\/\/secure.gravatar.com\/avatar\/1012e57596c2454da589d773454d3eb22a64f2ff638e62850caeb654f3affad5?s=96&d=mm&r=g","caption":"cltredesign_0jp0l4"},"sameAs":["https:\/\/icclt.org"],"url":"https:\/\/www.cltweb.org\/es\/author\/cltredesign_0jp0l4\/"}]}},"taxonomy_info":{"category":[{"value":25,"label":"Sin categorizar"}]},"featured_image_src_large":false,"author_info":{"display_name":"cltredesign_0jp0l4","author_link":"https:\/\/www.cltweb.org\/es\/author\/cltredesign_0jp0l4\/"},"comment_info":0,"category_info":[{"term_id":25,"name":"Sin categorizar","slug":"sin-categorizar","term_group":0,"term_taxonomy_id":25,"taxonomy":"category","description":"","parent":0,"count":19,"filter":"raw","cat_ID":25,"category_count":19,"category_description":"","cat_name":"Sin categorizar","category_nicename":"sin-categorizar","category_parent":0}],"tag_info":false,"jetpack_featured_media_url":"","jetpack_sharing_enabled":true,"jetpack-related-posts":[{"id":6592,"url":"https:\/\/www.cltweb.org\/es\/2022\/10\/11\/evento-clt-center-presentacion-del-libro-community-matters\/","url_meta":{"origin":6567,"position":0},"title":"EVENTO CLT CENTER: Presentaci\u00f3n del libro Community Matters","author":"cltredesign_0jp0l4","date":"11 de octubre de 2022","format":false,"excerpt":"\u00danete a nosotros para celebrar la publicaci\u00f3n del \u00faltimo libro de Terra Nostra Press, Community Matters. Este seminario web reunir\u00e1 a profesionales del CLT de Boston, Bruselas, Londres, Houston y San Juan, cuyas perspectivas sobre la organizaci\u00f3n comunitaria y la participaci\u00f3n de los residentes aparecen en el libro.","rel":"","context":"En \u00abSin categorizar\u00bb","block_context":{"text":"Sin categorizar","link":"https:\/\/www.cltweb.org\/es\/category\/sin-categorizar\/"},"img":{"alt_text":"Portada del libro La Comunidad Importa","src":"https:\/\/i0.wp.com\/www.cltweb.org\/wp-content\/uploads\/2022\/09\/Community-Matters-final-book-cover-062822-683x1024.jpeg?resize=350%2C200&ssl=1","width":350,"height":200},"classes":[]},{"id":6571,"url":"https:\/\/www.cltweb.org\/es\/2024\/08\/22\/utilizacion-de-las-clt-para-la-renovacion-energetica-y-la-asequibilidad-permanente-de-las-viviendas-existentes\/","url_meta":{"origin":6567,"position":1},"title":"Utilizaci\u00f3n de las CLT para la renovaci\u00f3n energ\u00e9tica y la asequibilidad permanente de las viviendas existentes","author":"Ben Harris","date":"22 de agosto de 2024","format":false,"excerpt":"Acomp\u00e1\u00f1anos el 25 de septiembre de 2024 en un seminario web sobre c\u00f3mo pueden utilizarse las CLT para renovar energ\u00e9ticamente las viviendas existentes y hacerlas asequibles de forma permanente. Escuchar\u00e1s a destacados profesionales de las CLT que lideran enfoques innovadores para la renovaci\u00f3n energ\u00e9tica de viviendas existentes, con un debate\u2026","rel":"","context":"En \u00abSin categorizar\u00bb","block_context":{"text":"Sin categorizar","link":"https:\/\/www.cltweb.org\/es\/category\/sin-categorizar\/"},"img":{"alt_text":"Jeanne Mosseray","src":"https:\/\/i0.wp.com\/www.cltweb.org\/wp-content\/uploads\/2024\/08\/jeanne_mosseray-254x300.jpg?resize=350%2C200&ssl=1","width":350,"height":200},"classes":[]},{"id":6596,"url":"https:\/\/www.cltweb.org\/es\/2022\/10\/11\/evento-clt-center-la-reforma-agraria-en-escocia\/","url_meta":{"origin":6567,"position":2},"title":"EVENTO CLT CENTER: La reforma agraria en Escocia","author":"cltredesign_0jp0l4","date":"11 de octubre de 2022","format":false,"excerpt":"\u00danete a nosotros en un debate sobre la reforma agraria escocesa y los v\u00ednculos del programa de reforma agraria con la vivienda dirigida por la comunidad y la capacitaci\u00f3n de la comunidad. La sesi\u00f3n incluir\u00e1 presentaciones de la Comisi\u00f3n Escocesa del Suelo, Community Land Scotland y Wigtown & Bladnoch Community\u2026","rel":"","context":"En \u00abSin categorizar\u00bb","block_context":{"text":"Sin categorizar","link":"https:\/\/www.cltweb.org\/es\/category\/sin-categorizar\/"},"img":{"alt_text":"Logotipo SOSCH","src":"https:\/\/i0.wp.com\/www.cltweb.org\/wp-content\/uploads\/2022\/10\/SOSCH-logo.png?resize=350%2C200&ssl=1","width":350,"height":200},"classes":[]},{"id":9524,"url":"https:\/\/www.cltweb.org\/es\/2025\/05\/21\/bienes-comunes-por-la-justicia-clts-across-continents-en-el-festival-internacional-de-la-vivienda-social\/","url_meta":{"origin":6567,"position":3},"title":"Bienes Comunes por la Justicia: CLTs Across Continents en el Festival Internacional de la Vivienda Social","author":"Ben Harris","date":"21 de mayo de 2025","format":false,"excerpt":"En una \u00e9poca marcada por la crisis de la vivienda, los mercados extractivos de la tierra y la creciente desigualdad, las comunidades de todo el mundo est\u00e1n reclamando los bienes comunes. En el Festival Internacional de la Vivienda Social 2025 de Dubl\u00edn (Irlanda) (4-6 de junio), la Red Europea de\u2026","rel":"","context":"En \u00abBlogs\u00bb","block_context":{"text":"Blogs","link":"https:\/\/www.cltweb.org\/es\/category\/blogs\/"},"img":{"alt_text":"","src":"https:\/\/i0.wp.com\/www.cltweb.org\/wp-content\/uploads\/2025\/05\/Juliet-Can.jpeg?resize=350%2C200&ssl=1","width":350,"height":200},"classes":[]},{"id":10095,"url":"https:\/\/www.cltweb.org\/es\/2025\/10\/24\/explorando-el-potencial-de-los-fideicomisos-de-la-tierra-comunitarios-en-buenos-aires\/","url_meta":{"origin":6567,"position":4},"title":"Explorando el potencial de los fideicomisos de la tierra comunitarios en Buenos Aires","author":"Ben Harris","date":"24 de octubre de 2025","format":false,"excerpt":"Por Tarcyla Fidalgo En octubre de 2025, como parte de la Iniciativa CLT del Sur Global del CLT Center, Tarcyla Fidalgo, Jefa de Proyecto, visit\u00f3 Buenos Aires (Argentina) para intercambiar ideas sobre vivienda asequible, seguridad de la tenencia y propiedad colectiva de la tierra. La visita se bas\u00f3 en el\u2026","rel":"","context":"En \u00abBlogs\u00bb","block_context":{"text":"Blogs","link":"https:\/\/www.cltweb.org\/es\/category\/blogs\/"},"img":{"alt_text":"Tarcyla Fidalgo participates in a seminar at the Public Defender's Office in Buenos Aires, Argentina.","src":"https:\/\/i0.wp.com\/www.cltweb.org\/wp-content\/uploads\/2025\/10\/image-edited.jpeg?resize=350%2C200&ssl=1","width":350,"height":200,"srcset":"https:\/\/i0.wp.com\/www.cltweb.org\/wp-content\/uploads\/2025\/10\/image-edited.jpeg?resize=350%2C200&ssl=1 1x, https:\/\/i0.wp.com\/www.cltweb.org\/wp-content\/uploads\/2025\/10\/image-edited.jpeg?resize=525%2C300&ssl=1 1.5x, https:\/\/i0.wp.com\/www.cltweb.org\/wp-content\/uploads\/2025\/10\/image-edited.jpeg?resize=700%2C400&ssl=1 2x"},"classes":[]},{"id":7685,"url":"https:\/\/www.cltweb.org\/es\/2024\/11\/11\/introduccion-al-poder-y-el-liderazgo-de-los-jovenes-en-la-practica-de-los-fideicomisos-de-la-tierra-comunitarios\/","url_meta":{"origin":6567,"position":5},"title":"Introducci\u00f3n al poder y el liderazgo de los j\u00f3venes en la pr\u00e1ctica de los fideicomisos de la tierra comunitarios","author":"Ben Harris","date":"11 de noviembre de 2024","format":false,"excerpt":"Por Richard Kruger Delgado La siguiente contribuci\u00f3n ha sido escrita por Richard Kruger Delgado, Responsable de Educaci\u00f3n y Divulgaci\u00f3n del Centro Internacional de Fideicomisos Comunitarios de la Tierra, como contribuci\u00f3n al pr\u00f3ximo seminario web sobre \"Gestionar el futuro: Poder y liderazgo de los j\u00f3venes en la pr\u00e1ctica de los fideicomisos\u2026","rel":"","context":"En \u00abBlogs\u00bb","block_context":{"text":"Blogs","link":"https:\/\/www.cltweb.org\/es\/category\/blogs\/"},"img":{"alt_text":"","src":"https:\/\/i0.wp.com\/www.cltweb.org\/wp-content\/uploads\/2024\/11\/Screenshot-2024-11-11-at-5.46.26%E2%80%AFPM.png?resize=350%2C200&ssl=1","width":350,"height":200,"srcset":"https:\/\/i0.wp.com\/www.cltweb.org\/wp-content\/uploads\/2024\/11\/Screenshot-2024-11-11-at-5.46.26%E2%80%AFPM.png?resize=350%2C200&ssl=1 1x, https:\/\/i0.wp.com\/www.cltweb.org\/wp-content\/uploads\/2024\/11\/Screenshot-2024-11-11-at-5.46.26%E2%80%AFPM.png?resize=525%2C300&ssl=1 1.5x, https:\/\/i0.wp.com\/www.cltweb.org\/wp-content\/uploads\/2024\/11\/Screenshot-2024-11-11-at-5.46.26%E2%80%AFPM.png?resize=700%2C400&ssl=1 2x"},"classes":[]}],"_links":{"self":[{"href":"https:\/\/www.cltweb.org\/es\/wp-json\/wp\/v2\/posts\/6567","targetHints":{"allow":["GET"]}}],"collection":[{"href":"https:\/\/www.cltweb.org\/es\/wp-json\/wp\/v2\/posts"}],"about":[{"href":"https:\/\/www.cltweb.org\/es\/wp-json\/wp\/v2\/types\/post"}],"author":[{"embeddable":true,"href":"https:\/\/www.cltweb.org\/es\/wp-json\/wp\/v2\/users\/1"}],"replies":[{"embeddable":true,"href":"https:\/\/www.cltweb.org\/es\/wp-json\/wp\/v2\/comments?post=6567"}],"version-history":[{"count":0,"href":"https:\/\/www.cltweb.org\/es\/wp-json\/wp\/v2\/posts\/6567\/revisions"}],"wp:attachment":[{"href":"https:\/\/www.cltweb.org\/es\/wp-json\/wp\/v2\/media?parent=6567"}],"wp:term":[{"taxonomy":"category","embeddable":true,"href":"https:\/\/www.cltweb.org\/es\/wp-json\/wp\/v2\/categories?post=6567"},{"taxonomy":"post_tag","embeddable":true,"href":"https:\/\/www.cltweb.org\/es\/wp-json\/wp\/v2\/tags?post=6567"}],"curies":[{"name":"wp","href":"https:\/\/api.w.org\/{rel}","templated":true}]}}