{"id":6579,"date":"2022-10-20T00:00:00","date_gmt":"2022-10-20T00:00:00","guid":{"rendered":"https:\/\/www.cltweb.org\/2022\/10\/20\/la-historia-del-mundo-de-clt\/"},"modified":"2022-10-20T00:00:00","modified_gmt":"2022-10-20T00:00:00","slug":"la-historia-del-mundo-de-clt","status":"publish","type":"post","link":"https:\/\/www.cltweb.org\/es\/2022\/10\/20\/la-historia-del-mundo-de-clt\/","title":{"rendered":"La historia del mundo de CLT"},"content":{"rendered":"<p><img loading=\"lazy\" decoding=\"async\" class=\"size-full wp-image-6703 alignright\" src=\"https:\/\/www.cltweb.org\/wp-content\/uploads\/2022\/10\/CLT-Gent-logo-edited.png\" alt=\"Logotipo de CLT Gent\" width=\"274\" height=\"77\">Dentro de unas semanas, despu\u00e9s de la primera conferencia de CLT Gante y CLT Flandes, nos hemos dado cuenta de que se han producido dos acontecimientos importantes, durante el D\u00eda Mundial de CLT. Pierre Arnold es Director de Programas de H\u00e1bitat Mundial y nos ha hecho part\u00edcipes del Premio Mundial del H\u00e1bitat, que este a\u00f1o ha concedido CLT-Bruselas. Adem\u00e1s, contamos con dos patrocinadores:<\/p>\n<ul>\n<li><strong>Brenda Torpy<\/strong> es desde hace diez a\u00f1os Coordinadora de Champlain Housing Trust en Burlington. El CLT cuenta con m\u00e1s de 6.000 inquilinos, 2.450 viviendas y cooperativas, 650 casas y m\u00e1s de 15.000 m\u00b2 de suelo comercial. <\/li>\n<li><strong>Mariolga Julia Pacheco <\/strong>vertegenwoordigt de Cano Martin Pena CLT in Puerto Rico, die erin slaagde 80 hectare publieke grond in te passen in een CLT-model om hem zo te kunnen vrijwaren voor de toenmalige bewoners<\/li>\n<\/ul>\n<p>Se trata de un d\u00eda se\u00f1alado en el que se utilizar\u00e1 el CLT en un edificio m\u00e1s grande. Adem\u00e1s de las opiniones de los ciudadanos sobre el desarrollo de sus CLT, los representantes tambi\u00e9n pueden hablar sobre la financiaci\u00f3n de los proyectos CLT, la financiaci\u00f3n, la respuesta de los gobiernos a los mismos, la ganancia betaalbaar y los derechos de marca, &#8230; Todo esto se puede explicar. Los contenidos y las descripciones deben estar en ingl\u00e9s. \u00a1Totalmente de acuerdo! <\/p>\n","protected":false},"excerpt":{"rendered":"<p>Dentro de unas semanas, tras la primera reuni\u00f3n de CLT Gante y CLT Flandes, hemos descubierto dos gastos importantes, uno en el D\u00eda Mundial de CLT.<\/p>\n","protected":false},"author":1,"featured_media":0,"comment_status":"open","ping_status":"open","sticky":false,"template":"","format":"standard","meta":{"give_campaign_id":0,"_tec_requires_first_save":true,"_kad_blocks_custom_css":"","_kad_blocks_head_custom_js":"","_kad_blocks_body_custom_js":"","_kad_blocks_footer_custom_js":"","_EventAllDay":false,"_EventTimezone":"","_EventStartDate":"","_EventEndDate":"","_EventStartDateUTC":"","_EventEndDateUTC":"","_EventShowMap":false,"_EventShowMapLink":false,"_EventURL":"","_EventCost":"","_EventCostDescription":"","_EventCurrencySymbol":"","_EventCurrencyCode":"","_EventCurrencyPosition":"","_EventDateTimeSeparator":"","_EventTimeRangeSeparator":"","_EventOrganizerID":[],"_EventVenueID":[],"_OrganizerEmail":"","_OrganizerPhone":"","_OrganizerWebsite":"","_VenueAddress":"","_VenueCity":"","_VenueCountry":"","_VenueProvince":"","_VenueState":"","_VenueZip":"","_VenuePhone":"","_VenueURL":"","_VenueStateProvince":"","_VenueLat":"","_VenueLng":"","_VenueShowMap":false,"_VenueShowMapLink":false,"_tribe_blocks_recurrence_rules":"","_tribe_blocks_recurrence_description":"","_tribe_blocks_recurrence_exclusions":"","_jetpack_memberships_contains_paid_content":false,"footnotes":""},"categories":[25],"tags":[],"class_list":["post-6579","post","type-post","status-publish","format-standard","hentry","category-sin-categorizar"],"blocksy_meta":[],"yoast_head":"<!-- This site is optimized with the Yoast SEO Premium plugin v27.4 (Yoast SEO v27.5) - https:\/\/yoast.com\/product\/yoast-seo-premium-wordpress\/ -->\n<title>La historia del mundo de CLT - International Center for Community Land Trusts<\/title>\n<meta name=\"robots\" content=\"index, follow, max-snippet:-1, max-image-preview:large, max-video-preview:-1\" \/>\n<link rel=\"canonical\" href=\"https:\/\/www.cltweb.org\/es\/2022\/10\/20\/la-historia-del-mundo-de-clt\/\" \/>\n<meta property=\"og:locale\" content=\"es_ES\" \/>\n<meta property=\"og:type\" content=\"article\" \/>\n<meta property=\"og:title\" content=\"La historia del mundo de CLT\" \/>\n<meta property=\"og:description\" content=\"Dentro de unas semanas, tras la primera reuni\u00f3n de CLT Gante y CLT Flandes, hemos descubierto dos gastos importantes, uno en el D\u00eda Mundial de CLT.\" \/>\n<meta property=\"og:url\" content=\"https:\/\/www.cltweb.org\/es\/2022\/10\/20\/la-historia-del-mundo-de-clt\/\" \/>\n<meta property=\"og:site_name\" content=\"International Center for Community Land Trusts\" \/>\n<meta property=\"article:publisher\" content=\"https:\/\/www.facebook.com\/cltcenter\" \/>\n<meta property=\"article:published_time\" content=\"2022-10-20T00:00:00+00:00\" \/>\n<meta name=\"author\" content=\"cltredesign_0jp0l4\" \/>\n<meta name=\"twitter:card\" content=\"summary_large_image\" \/>\n<meta name=\"twitter:creator\" content=\"@Center4CLTs\" \/>\n<meta name=\"twitter:site\" content=\"@Center4CLTs\" \/>\n<meta name=\"twitter:label1\" content=\"Escrito por\" \/>\n\t<meta name=\"twitter:data1\" content=\"cltredesign_0jp0l4\" \/>\n\t<meta name=\"twitter:label2\" content=\"Tiempo de lectura\" \/>\n\t<meta name=\"twitter:data2\" content=\"1 minuto\" \/>\n<script type=\"application\/ld+json\" class=\"yoast-schema-graph\">{\"@context\":\"https:\\\/\\\/schema.org\",\"@graph\":[{\"@type\":\"Article\",\"@id\":\"https:\\\/\\\/www.cltweb.org\\\/es\\\/2022\\\/10\\\/20\\\/la-historia-del-mundo-de-clt\\\/#article\",\"isPartOf\":{\"@id\":\"https:\\\/\\\/www.cltweb.org\\\/es\\\/2022\\\/10\\\/20\\\/la-historia-del-mundo-de-clt\\\/\"},\"author\":{\"name\":\"cltredesign_0jp0l4\",\"@id\":\"https:\\\/\\\/www.cltweb.org\\\/es\\\/#\\\/schema\\\/person\\\/afd3723291b60b81c27772953e5b49d6\"},\"headline\":\"La historia del mundo de CLT\",\"datePublished\":\"2022-10-20T00:00:00+00:00\",\"mainEntityOfPage\":{\"@id\":\"https:\\\/\\\/www.cltweb.org\\\/es\\\/2022\\\/10\\\/20\\\/la-historia-del-mundo-de-clt\\\/\"},\"wordCount\":231,\"commentCount\":0,\"publisher\":{\"@id\":\"https:\\\/\\\/www.cltweb.org\\\/es\\\/#organization\"},\"image\":{\"@id\":\"https:\\\/\\\/www.cltweb.org\\\/es\\\/2022\\\/10\\\/20\\\/la-historia-del-mundo-de-clt\\\/#primaryimage\"},\"thumbnailUrl\":\"https:\\\/\\\/www.cltweb.org\\\/wp-content\\\/uploads\\\/2022\\\/10\\\/CLT-Gent-logo-edited.png\",\"articleSection\":[\"Sin categorizar\"],\"inLanguage\":\"es\",\"potentialAction\":[{\"@type\":\"CommentAction\",\"name\":\"Comment\",\"target\":[\"https:\\\/\\\/www.cltweb.org\\\/es\\\/2022\\\/10\\\/20\\\/la-historia-del-mundo-de-clt\\\/#respond\"]}]},{\"@type\":\"WebPage\",\"@id\":\"https:\\\/\\\/www.cltweb.org\\\/es\\\/2022\\\/10\\\/20\\\/la-historia-del-mundo-de-clt\\\/\",\"url\":\"https:\\\/\\\/www.cltweb.org\\\/es\\\/2022\\\/10\\\/20\\\/la-historia-del-mundo-de-clt\\\/\",\"name\":\"La historia del mundo de CLT - International Center for Community Land Trusts\",\"isPartOf\":{\"@id\":\"https:\\\/\\\/www.cltweb.org\\\/es\\\/#website\"},\"primaryImageOfPage\":{\"@id\":\"https:\\\/\\\/www.cltweb.org\\\/es\\\/2022\\\/10\\\/20\\\/la-historia-del-mundo-de-clt\\\/#primaryimage\"},\"image\":{\"@id\":\"https:\\\/\\\/www.cltweb.org\\\/es\\\/2022\\\/10\\\/20\\\/la-historia-del-mundo-de-clt\\\/#primaryimage\"},\"thumbnailUrl\":\"https:\\\/\\\/www.cltweb.org\\\/wp-content\\\/uploads\\\/2022\\\/10\\\/CLT-Gent-logo-edited.png\",\"datePublished\":\"2022-10-20T00:00:00+00:00\",\"breadcrumb\":{\"@id\":\"https:\\\/\\\/www.cltweb.org\\\/es\\\/2022\\\/10\\\/20\\\/la-historia-del-mundo-de-clt\\\/#breadcrumb\"},\"inLanguage\":\"es\",\"potentialAction\":[{\"@type\":\"ReadAction\",\"target\":[\"https:\\\/\\\/www.cltweb.org\\\/es\\\/2022\\\/10\\\/20\\\/la-historia-del-mundo-de-clt\\\/\"]}]},{\"@type\":\"ImageObject\",\"inLanguage\":\"es\",\"@id\":\"https:\\\/\\\/www.cltweb.org\\\/es\\\/2022\\\/10\\\/20\\\/la-historia-del-mundo-de-clt\\\/#primaryimage\",\"url\":\"https:\\\/\\\/www.cltweb.org\\\/wp-content\\\/uploads\\\/2022\\\/10\\\/CLT-Gent-logo-edited.png\",\"contentUrl\":\"https:\\\/\\\/www.cltweb.org\\\/wp-content\\\/uploads\\\/2022\\\/10\\\/CLT-Gent-logo-edited.png\"},{\"@type\":\"BreadcrumbList\",\"@id\":\"https:\\\/\\\/www.cltweb.org\\\/es\\\/2022\\\/10\\\/20\\\/la-historia-del-mundo-de-clt\\\/#breadcrumb\",\"itemListElement\":[{\"@type\":\"ListItem\",\"position\":1,\"name\":\"Home\",\"item\":\"https:\\\/\\\/www.cltweb.org\\\/es\\\/\"},{\"@type\":\"ListItem\",\"position\":2,\"name\":\"La historia del mundo de CLT\"}]},{\"@type\":\"WebSite\",\"@id\":\"https:\\\/\\\/www.cltweb.org\\\/es\\\/#website\",\"url\":\"https:\\\/\\\/www.cltweb.org\\\/es\\\/\",\"name\":\"International Center for Community Land Trusts\",\"description\":\"\",\"publisher\":{\"@id\":\"https:\\\/\\\/www.cltweb.org\\\/es\\\/#organization\"},\"potentialAction\":[{\"@type\":\"SearchAction\",\"target\":{\"@type\":\"EntryPoint\",\"urlTemplate\":\"https:\\\/\\\/www.cltweb.org\\\/es\\\/?s={search_term_string}\"},\"query-input\":{\"@type\":\"PropertyValueSpecification\",\"valueRequired\":true,\"valueName\":\"search_term_string\"}}],\"inLanguage\":\"es\"},{\"@type\":\"Organization\",\"@id\":\"https:\\\/\\\/www.cltweb.org\\\/es\\\/#organization\",\"name\":\"International Center for Community Land Trusts\",\"url\":\"https:\\\/\\\/www.cltweb.org\\\/es\\\/\",\"logo\":{\"@type\":\"ImageObject\",\"inLanguage\":\"es\",\"@id\":\"https:\\\/\\\/www.cltweb.org\\\/es\\\/#\\\/schema\\\/logo\\\/image\\\/\",\"url\":\"https:\\\/\\\/www.cltweb.org\\\/wp-content\\\/uploads\\\/2024\\\/11\\\/New-CLT-Center-Text-logo.png\",\"contentUrl\":\"https:\\\/\\\/www.cltweb.org\\\/wp-content\\\/uploads\\\/2024\\\/11\\\/New-CLT-Center-Text-logo.png\",\"width\":227,\"height\":80,\"caption\":\"International Center for Community Land Trusts\"},\"image\":{\"@id\":\"https:\\\/\\\/www.cltweb.org\\\/es\\\/#\\\/schema\\\/logo\\\/image\\\/\"},\"sameAs\":[\"https:\\\/\\\/www.facebook.com\\\/cltcenter\",\"https:\\\/\\\/x.com\\\/Center4CLTs\",\"https:\\\/\\\/www.instagram.com\\\/cltcenter\\\/\",\"https:\\\/\\\/www.linkedin.com\\\/company\\\/cltcenter\",\"https:\\\/\\\/www.youtube.com\\\/@centerforcltinnovation5313\"],\"description\":\"The International Center for Community Land Trusts is a not-for-profit nongovernmental organization established in 2018 to promote and to support community land trusts and similar strategies of community-led development on community-owned land in countries throughout the world.\",\"email\":\"info@communitylandtrust.net\",\"legalName\":\"International Center for Community Land Trusts\",\"foundingDate\":\"2018-12-01\",\"taxID\":\"84-3858933\",\"numberOfEmployees\":{\"@type\":\"QuantitativeValue\",\"minValue\":\"1\",\"maxValue\":\"10\"}},{\"@type\":\"Person\",\"@id\":\"https:\\\/\\\/www.cltweb.org\\\/es\\\/#\\\/schema\\\/person\\\/afd3723291b60b81c27772953e5b49d6\",\"name\":\"cltredesign_0jp0l4\",\"image\":{\"@type\":\"ImageObject\",\"inLanguage\":\"es\",\"@id\":\"https:\\\/\\\/secure.gravatar.com\\\/avatar\\\/1012e57596c2454da589d773454d3eb22a64f2ff638e62850caeb654f3affad5?s=96&d=mm&r=g\",\"url\":\"https:\\\/\\\/secure.gravatar.com\\\/avatar\\\/1012e57596c2454da589d773454d3eb22a64f2ff638e62850caeb654f3affad5?s=96&d=mm&r=g\",\"contentUrl\":\"https:\\\/\\\/secure.gravatar.com\\\/avatar\\\/1012e57596c2454da589d773454d3eb22a64f2ff638e62850caeb654f3affad5?s=96&d=mm&r=g\",\"caption\":\"cltredesign_0jp0l4\"},\"sameAs\":[\"https:\\\/\\\/icclt.org\"],\"url\":\"https:\\\/\\\/www.cltweb.org\\\/es\\\/author\\\/cltredesign_0jp0l4\\\/\"}]}<\/script>\n<!-- \/ Yoast SEO Premium plugin. -->","yoast_head_json":{"title":"La historia del mundo de CLT - International Center for Community Land Trusts","robots":{"index":"index","follow":"follow","max-snippet":"max-snippet:-1","max-image-preview":"max-image-preview:large","max-video-preview":"max-video-preview:-1"},"canonical":"https:\/\/www.cltweb.org\/es\/2022\/10\/20\/la-historia-del-mundo-de-clt\/","og_locale":"es_ES","og_type":"article","og_title":"La historia del mundo de CLT","og_description":"Dentro de unas semanas, tras la primera reuni\u00f3n de CLT Gante y CLT Flandes, hemos descubierto dos gastos importantes, uno en el D\u00eda Mundial de CLT.","og_url":"https:\/\/www.cltweb.org\/es\/2022\/10\/20\/la-historia-del-mundo-de-clt\/","og_site_name":"International Center for Community Land Trusts","article_publisher":"https:\/\/www.facebook.com\/cltcenter","article_published_time":"2022-10-20T00:00:00+00:00","author":"cltredesign_0jp0l4","twitter_card":"summary_large_image","twitter_creator":"@Center4CLTs","twitter_site":"@Center4CLTs","twitter_misc":{"Escrito por":"cltredesign_0jp0l4","Tiempo de lectura":"1 minuto"},"schema":{"@context":"https:\/\/schema.org","@graph":[{"@type":"Article","@id":"https:\/\/www.cltweb.org\/es\/2022\/10\/20\/la-historia-del-mundo-de-clt\/#article","isPartOf":{"@id":"https:\/\/www.cltweb.org\/es\/2022\/10\/20\/la-historia-del-mundo-de-clt\/"},"author":{"name":"cltredesign_0jp0l4","@id":"https:\/\/www.cltweb.org\/es\/#\/schema\/person\/afd3723291b60b81c27772953e5b49d6"},"headline":"La historia del mundo de CLT","datePublished":"2022-10-20T00:00:00+00:00","mainEntityOfPage":{"@id":"https:\/\/www.cltweb.org\/es\/2022\/10\/20\/la-historia-del-mundo-de-clt\/"},"wordCount":231,"commentCount":0,"publisher":{"@id":"https:\/\/www.cltweb.org\/es\/#organization"},"image":{"@id":"https:\/\/www.cltweb.org\/es\/2022\/10\/20\/la-historia-del-mundo-de-clt\/#primaryimage"},"thumbnailUrl":"https:\/\/www.cltweb.org\/wp-content\/uploads\/2022\/10\/CLT-Gent-logo-edited.png","articleSection":["Sin categorizar"],"inLanguage":"es","potentialAction":[{"@type":"CommentAction","name":"Comment","target":["https:\/\/www.cltweb.org\/es\/2022\/10\/20\/la-historia-del-mundo-de-clt\/#respond"]}]},{"@type":"WebPage","@id":"https:\/\/www.cltweb.org\/es\/2022\/10\/20\/la-historia-del-mundo-de-clt\/","url":"https:\/\/www.cltweb.org\/es\/2022\/10\/20\/la-historia-del-mundo-de-clt\/","name":"La historia del mundo de CLT - International Center for Community Land Trusts","isPartOf":{"@id":"https:\/\/www.cltweb.org\/es\/#website"},"primaryImageOfPage":{"@id":"https:\/\/www.cltweb.org\/es\/2022\/10\/20\/la-historia-del-mundo-de-clt\/#primaryimage"},"image":{"@id":"https:\/\/www.cltweb.org\/es\/2022\/10\/20\/la-historia-del-mundo-de-clt\/#primaryimage"},"thumbnailUrl":"https:\/\/www.cltweb.org\/wp-content\/uploads\/2022\/10\/CLT-Gent-logo-edited.png","datePublished":"2022-10-20T00:00:00+00:00","breadcrumb":{"@id":"https:\/\/www.cltweb.org\/es\/2022\/10\/20\/la-historia-del-mundo-de-clt\/#breadcrumb"},"inLanguage":"es","potentialAction":[{"@type":"ReadAction","target":["https:\/\/www.cltweb.org\/es\/2022\/10\/20\/la-historia-del-mundo-de-clt\/"]}]},{"@type":"ImageObject","inLanguage":"es","@id":"https:\/\/www.cltweb.org\/es\/2022\/10\/20\/la-historia-del-mundo-de-clt\/#primaryimage","url":"https:\/\/www.cltweb.org\/wp-content\/uploads\/2022\/10\/CLT-Gent-logo-edited.png","contentUrl":"https:\/\/www.cltweb.org\/wp-content\/uploads\/2022\/10\/CLT-Gent-logo-edited.png"},{"@type":"BreadcrumbList","@id":"https:\/\/www.cltweb.org\/es\/2022\/10\/20\/la-historia-del-mundo-de-clt\/#breadcrumb","itemListElement":[{"@type":"ListItem","position":1,"name":"Home","item":"https:\/\/www.cltweb.org\/es\/"},{"@type":"ListItem","position":2,"name":"La historia del mundo de CLT"}]},{"@type":"WebSite","@id":"https:\/\/www.cltweb.org\/es\/#website","url":"https:\/\/www.cltweb.org\/es\/","name":"International Center for Community Land Trusts","description":"","publisher":{"@id":"https:\/\/www.cltweb.org\/es\/#organization"},"potentialAction":[{"@type":"SearchAction","target":{"@type":"EntryPoint","urlTemplate":"https:\/\/www.cltweb.org\/es\/?s={search_term_string}"},"query-input":{"@type":"PropertyValueSpecification","valueRequired":true,"valueName":"search_term_string"}}],"inLanguage":"es"},{"@type":"Organization","@id":"https:\/\/www.cltweb.org\/es\/#organization","name":"International Center for Community Land Trusts","url":"https:\/\/www.cltweb.org\/es\/","logo":{"@type":"ImageObject","inLanguage":"es","@id":"https:\/\/www.cltweb.org\/es\/#\/schema\/logo\/image\/","url":"https:\/\/www.cltweb.org\/wp-content\/uploads\/2024\/11\/New-CLT-Center-Text-logo.png","contentUrl":"https:\/\/www.cltweb.org\/wp-content\/uploads\/2024\/11\/New-CLT-Center-Text-logo.png","width":227,"height":80,"caption":"International Center for Community Land Trusts"},"image":{"@id":"https:\/\/www.cltweb.org\/es\/#\/schema\/logo\/image\/"},"sameAs":["https:\/\/www.facebook.com\/cltcenter","https:\/\/x.com\/Center4CLTs","https:\/\/www.instagram.com\/cltcenter\/","https:\/\/www.linkedin.com\/company\/cltcenter","https:\/\/www.youtube.com\/@centerforcltinnovation5313"],"description":"The International Center for Community Land Trusts is a not-for-profit nongovernmental organization established in 2018 to promote and to support community land trusts and similar strategies of community-led development on community-owned land in countries throughout the world.","email":"info@communitylandtrust.net","legalName":"International Center for Community Land Trusts","foundingDate":"2018-12-01","taxID":"84-3858933","numberOfEmployees":{"@type":"QuantitativeValue","minValue":"1","maxValue":"10"}},{"@type":"Person","@id":"https:\/\/www.cltweb.org\/es\/#\/schema\/person\/afd3723291b60b81c27772953e5b49d6","name":"cltredesign_0jp0l4","image":{"@type":"ImageObject","inLanguage":"es","@id":"https:\/\/secure.gravatar.com\/avatar\/1012e57596c2454da589d773454d3eb22a64f2ff638e62850caeb654f3affad5?s=96&d=mm&r=g","url":"https:\/\/secure.gravatar.com\/avatar\/1012e57596c2454da589d773454d3eb22a64f2ff638e62850caeb654f3affad5?s=96&d=mm&r=g","contentUrl":"https:\/\/secure.gravatar.com\/avatar\/1012e57596c2454da589d773454d3eb22a64f2ff638e62850caeb654f3affad5?s=96&d=mm&r=g","caption":"cltredesign_0jp0l4"},"sameAs":["https:\/\/icclt.org"],"url":"https:\/\/www.cltweb.org\/es\/author\/cltredesign_0jp0l4\/"}]}},"taxonomy_info":{"category":[{"value":25,"label":"Sin categorizar"}]},"featured_image_src_large":false,"author_info":{"display_name":"cltredesign_0jp0l4","author_link":"https:\/\/www.cltweb.org\/es\/author\/cltredesign_0jp0l4\/"},"comment_info":0,"category_info":[{"term_id":25,"name":"Sin categorizar","slug":"sin-categorizar","term_group":0,"term_taxonomy_id":25,"taxonomy":"category","description":"","parent":0,"count":19,"filter":"raw","cat_ID":25,"category_count":19,"category_description":"","cat_name":"Sin categorizar","category_nicename":"sin-categorizar","category_parent":0}],"tag_info":false,"jetpack_featured_media_url":"","jetpack_sharing_enabled":true,"jetpack-related-posts":[{"id":10681,"url":"https:\/\/www.cltweb.org\/es\/2025\/11\/11\/tierra-para-las-personas-no-para-el-beneficio-construir-la-infraestructura-de-un-movimiento-mundial\/","url_meta":{"origin":6579,"position":0},"title":"Tierra para las personas, no para el beneficio: Construir la infraestructura de un movimiento mundial","author":"Ben Harris","date":"11 de noviembre de 2025","format":false,"excerpt":"Este a\u00f1o, el Centro Internacional de Fideicomisos de la Tierra Comunitaria lanza su primera campa\u00f1a de fin de a\u00f1o, una oportunidad para reflexionar sobre lo que estamos construyendo juntos y sobre las relaciones que hacen posible este trabajo. En todo el mundo, las CLT est\u00e1n demostrando que es posible otra\u2026","rel":"","context":"En \u00abBlogs\u00bb","block_context":{"text":"Blogs","link":"https:\/\/www.cltweb.org\/es\/category\/blogs\/"},"img":{"alt_text":"","src":"https:\/\/i0.wp.com\/www.cltweb.org\/wp-content\/uploads\/2025\/11\/Land-for-People-Not-For-Profit.gif?resize=350%2C200&ssl=1","width":350,"height":200,"srcset":"https:\/\/i0.wp.com\/www.cltweb.org\/wp-content\/uploads\/2025\/11\/Land-for-People-Not-For-Profit.gif?resize=350%2C200&ssl=1 1x, https:\/\/i0.wp.com\/www.cltweb.org\/wp-content\/uploads\/2025\/11\/Land-for-People-Not-For-Profit.gif?resize=525%2C300&ssl=1 1.5x, https:\/\/i0.wp.com\/www.cltweb.org\/wp-content\/uploads\/2025\/11\/Land-for-People-Not-For-Profit.gif?resize=700%2C400&ssl=1 2x, https:\/\/i0.wp.com\/www.cltweb.org\/wp-content\/uploads\/2025\/11\/Land-for-People-Not-For-Profit.gif?resize=1050%2C600&ssl=1 3x"},"classes":[]},{"id":6585,"url":"https:\/\/www.cltweb.org\/es\/2022\/10\/21\/workshop-und-jahresfeier-stadtbodenstiftung-berlin\/","url_meta":{"origin":6579,"position":1},"title":"Workshop und Jahresfeier Stadtbodenstiftung Berlin","author":"cltredesign_0jp0l4","date":"21 de octubre de 2022","format":false,"excerpt":"La edici\u00f3n de este a\u00f1o de la Fundaci\u00f3n Stadtbodenstiftung de Berl\u00edn se celebra coincidiendo con el D\u00eda Mundial de la CLT. Los mi\u00e9rcoles de 16:00 a 17:30 horas, nos reuniremos en un taller informativo sobre el sitio web de la fundaci\u00f3n. Queremos recordar el lema de este a\u00f1o de los\u2026","rel":"","context":"En \u00abSin categorizar\u00bb","block_context":{"text":"Sin categorizar","link":"https:\/\/www.cltweb.org\/es\/category\/sin-categorizar\/"},"img":{"alt_text":"Logotipo de la Stadtbodenstiftung","src":"https:\/\/i0.wp.com\/www.cltweb.org\/wp-content\/uploads\/2022\/10\/Berlin-CLT-Logo-300x300.png?resize=350%2C200&ssl=1","width":350,"height":200},"classes":[]},{"id":6594,"url":"https:\/\/www.cltweb.org\/es\/2022\/10\/11\/retirar-suelo-del-mercado-para-que-la-ciudad-sea-asequible\/","url_meta":{"origin":6579,"position":2},"title":"Retirar suelo del mercado para que la ciudad sea asequible","author":"cltredesign_0jp0l4","date":"11 de octubre de 2022","format":false,"excerpt":"\u00bfNo podr\u00eda ser una soluci\u00f3n a la crisis de la vivienda retirar viviendas y terrenos del mercado, para que no se pueda especular con ellos y sigan siendo asequibles para siempre? Los fideicomisos de la tierra ya lo est\u00e1n haciendo en ciudades de todo el mundo. \u00bfC\u00f3mo puede ampliarse? \u00bfCu\u00e1l\u2026","rel":"","context":"En \u00abSin categorizar\u00bb","block_context":{"text":"Sin categorizar","link":"https:\/\/www.cltweb.org\/es\/category\/sin-categorizar\/"},"img":{"alt_text":"Logotipo CLTB","src":"https:\/\/i0.wp.com\/www.cltweb.org\/wp-content\/uploads\/2022\/10\/CLTB_Logo-1024x660.png?resize=350%2C200&ssl=1","width":350,"height":200},"classes":[]},{"id":6586,"url":"https:\/\/www.cltweb.org\/es\/2022\/10\/12\/el-impacto-del-modelo-clt-ejemplos-de-exito-internacional\/","url_meta":{"origin":6579,"position":3},"title":"El impacto del modelo CLT: ejemplos de \u00e9xito internacional","author":"cltredesign_0jp0l4","date":"12 de octubre de 2022","format":false,"excerpt":"Nos reunimos con Oikos para mostrarte las distintas formas que tiene el modelo CLT. La semana pasada, se presentaron m\u00e1s CLT belgas. Esta vez nos hemos acercado a las zonas rurales y hemos contado con la participaci\u00f3n de numerosos patrocinadores internacionales en el programa para mejorar el modelo CLT a\u2026","rel":"","context":"En \u00abSin categorizar\u00bb","block_context":{"text":"Sin categorizar","link":"https:\/\/www.cltweb.org\/es\/category\/sin-categorizar\/"},"img":{"alt_text":"","src":"","width":0,"height":0},"classes":[]},{"id":10095,"url":"https:\/\/www.cltweb.org\/es\/2025\/10\/24\/explorando-el-potencial-de-los-fideicomisos-de-la-tierra-comunitarios-en-buenos-aires\/","url_meta":{"origin":6579,"position":4},"title":"Explorando el potencial de los fideicomisos de la tierra comunitarios en Buenos Aires","author":"Ben Harris","date":"24 de octubre de 2025","format":false,"excerpt":"Por Tarcyla Fidalgo En octubre de 2025, como parte de la Iniciativa CLT del Sur Global del CLT Center, Tarcyla Fidalgo, Jefa de Proyecto, visit\u00f3 Buenos Aires (Argentina) para intercambiar ideas sobre vivienda asequible, seguridad de la tenencia y propiedad colectiva de la tierra. La visita se bas\u00f3 en el\u2026","rel":"","context":"En \u00abBlogs\u00bb","block_context":{"text":"Blogs","link":"https:\/\/www.cltweb.org\/es\/category\/blogs\/"},"img":{"alt_text":"Tarcyla Fidalgo participates in a seminar at the Public Defender's Office in Buenos Aires, Argentina.","src":"https:\/\/i0.wp.com\/www.cltweb.org\/wp-content\/uploads\/2025\/10\/image-edited.jpeg?resize=350%2C200&ssl=1","width":350,"height":200,"srcset":"https:\/\/i0.wp.com\/www.cltweb.org\/wp-content\/uploads\/2025\/10\/image-edited.jpeg?resize=350%2C200&ssl=1 1x, https:\/\/i0.wp.com\/www.cltweb.org\/wp-content\/uploads\/2025\/10\/image-edited.jpeg?resize=525%2C300&ssl=1 1.5x, https:\/\/i0.wp.com\/www.cltweb.org\/wp-content\/uploads\/2025\/10\/image-edited.jpeg?resize=700%2C400&ssl=1 2x"},"classes":[]},{"id":9524,"url":"https:\/\/www.cltweb.org\/es\/2025\/05\/21\/bienes-comunes-por-la-justicia-clts-across-continents-en-el-festival-internacional-de-la-vivienda-social\/","url_meta":{"origin":6579,"position":5},"title":"Bienes Comunes por la Justicia: CLTs Across Continents en el Festival Internacional de la Vivienda Social","author":"Ben Harris","date":"21 de mayo de 2025","format":false,"excerpt":"En una \u00e9poca marcada por la crisis de la vivienda, los mercados extractivos de la tierra y la creciente desigualdad, las comunidades de todo el mundo est\u00e1n reclamando los bienes comunes. En el Festival Internacional de la Vivienda Social 2025 de Dubl\u00edn (Irlanda) (4-6 de junio), la Red Europea de\u2026","rel":"","context":"En \u00abBlogs\u00bb","block_context":{"text":"Blogs","link":"https:\/\/www.cltweb.org\/es\/category\/blogs\/"},"img":{"alt_text":"","src":"https:\/\/i0.wp.com\/www.cltweb.org\/wp-content\/uploads\/2025\/05\/Juliet-Can.jpeg?resize=350%2C200&ssl=1","width":350,"height":200},"classes":[]}],"_links":{"self":[{"href":"https:\/\/www.cltweb.org\/es\/wp-json\/wp\/v2\/posts\/6579","targetHints":{"allow":["GET"]}}],"collection":[{"href":"https:\/\/www.cltweb.org\/es\/wp-json\/wp\/v2\/posts"}],"about":[{"href":"https:\/\/www.cltweb.org\/es\/wp-json\/wp\/v2\/types\/post"}],"author":[{"embeddable":true,"href":"https:\/\/www.cltweb.org\/es\/wp-json\/wp\/v2\/users\/1"}],"replies":[{"embeddable":true,"href":"https:\/\/www.cltweb.org\/es\/wp-json\/wp\/v2\/comments?post=6579"}],"version-history":[{"count":0,"href":"https:\/\/www.cltweb.org\/es\/wp-json\/wp\/v2\/posts\/6579\/revisions"}],"wp:attachment":[{"href":"https:\/\/www.cltweb.org\/es\/wp-json\/wp\/v2\/media?parent=6579"}],"wp:term":[{"taxonomy":"category","embeddable":true,"href":"https:\/\/www.cltweb.org\/es\/wp-json\/wp\/v2\/categories?post=6579"},{"taxonomy":"post_tag","embeddable":true,"href":"https:\/\/www.cltweb.org\/es\/wp-json\/wp\/v2\/tags?post=6579"}],"curies":[{"name":"wp","href":"https:\/\/api.w.org\/{rel}","templated":true}]}}