{"id":6580,"date":"2022-10-21T00:00:00","date_gmt":"2022-10-21T00:00:00","guid":{"rendered":"https:\/\/www.cltweb.org\/2022\/10\/21\/la-gran-fiesta-del-cltb\/"},"modified":"2022-10-21T00:00:00","modified_gmt":"2022-10-21T00:00:00","slug":"la-gran-fiesta-del-cltb","status":"publish","type":"post","link":"https:\/\/www.cltweb.org\/es\/2022\/10\/21\/la-gran-fiesta-del-cltb\/","title":{"rendered":"La gran fiesta del CLTB"},"content":{"rendered":"<section class=\"elementor-section elementor-top-section elementor-element elementor-element-2484205 elementor-section-boxed elementor-section-height-default elementor-section-height-default parallax_section_no qode_elementor_container_no\" data-id=\"2484205\" data-element_type=\"section\">\n<div class=\"elementor-container elementor-column-gap-default\">\n<div class=\"elementor-column elementor-col-100 elementor-top-column elementor-element elementor-element-067a919\" data-id=\"067a919\" data-element_type=\"column\">\n<div class=\"elementor-widget-wrap elementor-element-populated\">\n<div class=\"elementor-element elementor-element-6c76646 elementor-widget elementor-widget-heading\" data-id=\"6c76646\" data-element_type=\"widget\" data-widget_type=\"heading.default\">\n<div class=\"elementor-widget-container\"><\/div>\n<\/div>\n<\/div>\n<\/div>\n<\/div>\n<\/section>\n<section class=\"elementor-section elementor-top-section elementor-element elementor-element-272da83 elementor-section-boxed elementor-section-height-default elementor-section-height-default parallax_section_no qode_elementor_container_no\" data-id=\"272da83\" data-element_type=\"section\">\n<div class=\"elementor-container elementor-column-gap-default\">\n<div class=\"elementor-column elementor-col-33 elementor-top-column elementor-element elementor-element-be06935\" data-id=\"be06935\" data-element_type=\"column\">\n<div class=\"elementor-widget-wrap elementor-element-populated\">\n<div class=\"elementor-element elementor-element-f3d7601 elementor-widget elementor-widget-image\" data-id=\"f3d7601\" data-element_type=\"widget\" data-widget_type=\"image.default\">\n<div class=\"elementor-widget-container\">\n<div class=\"elementor-image\"><img loading=\"lazy\" decoding=\"async\" class=\"attachment-large size-large\" src=\"https:\/\/usercontent.one\/wp\/www.cltb.be\/wp-content\/uploads\/2022\/09\/Bazar-Festival-Print-02-1024x683.jpg\" sizes=\"auto, (max-width: 1024px) 100vw, 1024px\" srcset=\"https:\/\/usercontent.one\/wp\/www.cltb.be\/wp-content\/uploads\/2022\/09\/Bazar-Festival-Print-02-1024x683.jpg 1024w, https:\/\/usercontent.one\/wp\/www.cltb.be\/wp-content\/uploads\/2022\/09\/Bazar-Festival-Print-02-300x200.jpg 300w, https:\/\/usercontent.one\/wp\/www.cltb.be\/wp-content\/uploads\/2022\/09\/Bazar-Festival-Print-02-768x512.jpg 768w, https:\/\/usercontent.one\/wp\/www.cltb.be\/wp-content\/uploads\/2022\/09\/Bazar-Festival-Print-02-1536x1024.jpg 1536w, https:\/\/usercontent.one\/wp\/www.cltb.be\/wp-content\/uploads\/2022\/09\/Bazar-Festival-Print-02-2048x1365.jpg 2048w, https:\/\/usercontent.one\/wp\/www.cltb.be\/wp-content\/uploads\/2022\/09\/Bazar-Festival-Print-02-700x467.jpg 700w\" alt=\"\" width=\"1024\" height=\"683\"><\/div>\n<\/div>\n<\/div>\n<\/div>\n<\/div>\n<div class=\"elementor-column elementor-col-66 elementor-top-column elementor-element elementor-element-fe77b4c\" data-id=\"fe77b4c\" data-element_type=\"column\">\n<div class=\"elementor-widget-wrap elementor-element-populated\">\n<div class=\"elementor-element elementor-element-488bfc4 elementor-widget elementor-widget-heading\" data-id=\"488bfc4\" data-element_type=\"widget\" data-widget_type=\"heading.default\">\n<div class=\"elementor-widget-container\">\n<h4 class=\"elementor-heading-title elementor-size-default\">La calle de la Independencia en fiesta<\/h4>\n<\/div>\n<\/div>\n<div class=\"elementor-element elementor-element-43bc112 elementor-widget elementor-widget-heading\" data-id=\"43bc112\" data-element_type=\"widget\" data-widget_type=\"heading.default\">\n<div class=\"elementor-widget-container\">\n<h6 class=\"elementor-heading-title elementor-size-default\">14H-18H &#8211; RUE DE L&#8217;IND\u00c9PENDANCE 15, 1080 MOLENBEEK<\/h6>\n<\/div>\n<\/div>\n<div class=\"elementor-element elementor-element-41befc9 elementor-widget elementor-widget-text-editor\" data-id=\"41befc9\" data-element_type=\"widget\" data-widget_type=\"text-editor.default\">\n<div class=\"elementor-widget-container\">\n<div class=\"elementor-text-editor elementor-clearfix\">\n<p>Brocante, animations de rue avec l&#8217;asbl <a href=\"https:\/\/www.remorquable.be\/fr\/\" target=\"_blank\" rel=\"noopener\">Remorquables<\/a> et animations pour les enfants. Actividades organizadas por <a href=\"https:\/\/www.larueasbl.be\/\" target=\"_blank\" rel=\"noopener\">La Rue asbl<\/a> y sus habitantes. <\/p>\n<\/div>\n<\/div>\n<\/div>\n<\/div>\n<\/div>\n<\/div>\n<\/section>\n<section class=\"elementor-section elementor-top-section elementor-element elementor-element-c4397b8 elementor-section-boxed elementor-section-height-default elementor-section-height-default parallax_section_no qode_elementor_container_no\" data-id=\"c4397b8\" data-element_type=\"section\">\n<div class=\"elementor-container elementor-column-gap-default\">\n<div class=\"elementor-column elementor-col-33 elementor-top-column elementor-element elementor-element-8569c9e\" data-id=\"8569c9e\" data-element_type=\"column\">\n<div class=\"elementor-widget-wrap elementor-element-populated\">\n<div class=\"elementor-element elementor-element-d6cf9a6 elementor-widget elementor-widget-image\" data-id=\"d6cf9a6\" data-element_type=\"widget\" data-widget_type=\"image.default\">\n<div class=\"elementor-widget-container\">\n<div class=\"elementor-image\"><img loading=\"lazy\" decoding=\"async\" class=\"attachment-large size-large\" src=\"https:\/\/usercontent.one\/wp\/www.cltb.be\/wp-content\/uploads\/2022\/09\/1134-0007_Web-1024x683.jpg\" sizes=\"auto, (max-width: 1024px) 100vw, 1024px\" srcset=\"https:\/\/usercontent.one\/wp\/www.cltb.be\/wp-content\/uploads\/2022\/09\/1134-0007_Web-1024x683.jpg 1024w, https:\/\/usercontent.one\/wp\/www.cltb.be\/wp-content\/uploads\/2022\/09\/1134-0007_Web-300x200.jpg 300w, https:\/\/usercontent.one\/wp\/www.cltb.be\/wp-content\/uploads\/2022\/09\/1134-0007_Web-768x512.jpg 768w, https:\/\/usercontent.one\/wp\/www.cltb.be\/wp-content\/uploads\/2022\/09\/1134-0007_Web-1536x1024.jpg 1536w, https:\/\/usercontent.one\/wp\/www.cltb.be\/wp-content\/uploads\/2022\/09\/1134-0007_Web-700x467.jpg 700w, https:\/\/usercontent.one\/wp\/www.cltb.be\/wp-content\/uploads\/2022\/09\/1134-0007_Web.jpg 1920w\" alt=\"\" width=\"1024\" height=\"683\"><\/div>\n<\/div>\n<\/div>\n<\/div>\n<\/div>\n<div class=\"elementor-column elementor-col-66 elementor-top-column elementor-element elementor-element-e0f2de9\" data-id=\"e0f2de9\" data-element_type=\"column\">\n<div class=\"elementor-widget-wrap elementor-element-populated\">\n<div class=\"elementor-element elementor-element-b2f247d elementor-widget elementor-widget-heading\" data-id=\"b2f247d\" data-element_type=\"widget\" data-widget_type=\"heading.default\">\n<div class=\"elementor-widget-container\">\n<h4 class=\"elementor-heading-title elementor-size-default\">Paseos guiados a pie o en bici<\/h4>\n<\/div>\n<\/div>\n<div class=\"elementor-element elementor-element-f352ef9 elementor-widget elementor-widget-heading\" data-id=\"f352ef9\" data-element_type=\"widget\" data-widget_type=\"heading.default\">\n<div class=\"elementor-widget-container\">\n<h6 class=\"elementor-heading-title elementor-size-default\">14H &#8211; SALIDA Y LLEGADA RUE DE L&#8217;IND\u00c9PENDANCE 15, 1080 MOLENBEEK<\/h6>\n<\/div>\n<\/div>\n<div class=\"elementor-element elementor-element-ea283b5 elementor-widget elementor-widget-text-editor\" data-id=\"ea283b5\" data-element_type=\"widget\" data-widget_type=\"text-editor.default\">\n<div class=\"elementor-widget-container\">\n<div class=\"elementor-text-editor elementor-clearfix\">\n<p>Une balade \u00e0 pied \u00e0 travers Molenbeek et ses projets de logements. No es necesario reservar. Un viaje en moto por los proyectos de CLTB. Confirmaci\u00f3n por correo electr\u00f3nico<a href=\"mailto:chloe.mercenier@cltb.be\">(chloe.mercenier@cltb.be)<\/a>. Si no tienes coche, puedes pedir uno a Chlo\u00e9. <\/p>\n<\/div>\n<\/div>\n<\/div>\n<\/div>\n<\/div>\n<\/div>\n<\/section>\n<section class=\"elementor-section elementor-top-section elementor-element elementor-element-0f07737 elementor-section-boxed elementor-section-height-default elementor-section-height-default parallax_section_no qode_elementor_container_no\" data-id=\"0f07737\" data-element_type=\"section\">\n<div class=\"elementor-container elementor-column-gap-default\">\n<div class=\"elementor-column elementor-col-33 elementor-top-column elementor-element elementor-element-faa08b6\" data-id=\"faa08b6\" data-element_type=\"column\">\n<div class=\"elementor-widget-wrap elementor-element-populated\">\n<div class=\"elementor-element elementor-element-0644a9e elementor-widget elementor-widget-image\" data-id=\"0644a9e\" data-element_type=\"widget\" data-widget_type=\"image.default\">\n<div class=\"elementor-widget-container\">\n<div class=\"elementor-image\"><img loading=\"lazy\" decoding=\"async\" class=\"attachment-large size-large\" src=\"https:\/\/usercontent.one\/wp\/www.cltb.be\/wp-content\/uploads\/2022\/09\/IMG_0796-scaled-pcwp8kl82v41o0iiht40vndle70gbxz0orxdpd9y1s.jpg\" sizes=\"auto, (max-width: 600px) 100vw, 600px\" srcset=\"https:\/\/usercontent.one\/wp\/www.cltb.be\/wp-content\/uploads\/2022\/09\/IMG_0796-scaled-pcwp8kl82v41o0iiht40vndle70gbxz0orxdpd9y1s.jpg 600w, https:\/\/usercontent.one\/wp\/www.cltb.be\/wp-content\/uploads\/2022\/09\/IMG_0796-scaled-pcwp8kl82v41o0iiht40vndle70gbxz0orxdpd9y1s-300x200.jpg 300w\" alt=\"\" width=\"600\" height=\"400\"><\/div>\n<\/div>\n<\/div>\n<\/div>\n<\/div>\n<div class=\"elementor-column elementor-col-66 elementor-top-column elementor-element elementor-element-ac0d2ca\" data-id=\"ac0d2ca\" data-element_type=\"column\">\n<div class=\"elementor-widget-wrap elementor-element-populated\">\n<div class=\"elementor-element elementor-element-dd927ce elementor-widget elementor-widget-heading\" data-id=\"dd927ce\" data-element_type=\"widget\" data-widget_type=\"heading.default\">\n<div class=\"elementor-widget-container\">\n<h4 class=\"elementor-heading-title elementor-size-default\">Visitas del proyecto Independencia<\/h4>\n<\/div>\n<\/div>\n<div class=\"elementor-element elementor-element-4a79967 elementor-widget elementor-widget-heading\" data-id=\"4a79967\" data-element_type=\"widget\" data-widget_type=\"heading.default\">\n<div class=\"elementor-widget-container\">\n<h6 class=\"elementor-heading-title elementor-size-default\">14H30, 15H30, 17H &#8211; D\u00c9PART ET ARRIV\u00c9E RUE DE L&#8217;IND\u00c9PENDANCE 15, 1080 MOLENBEEK<\/h6>\n<\/div>\n<\/div>\n<div class=\"elementor-element elementor-element-9a1a9e1 elementor-widget elementor-widget-text-editor\" data-id=\"9a1a9e1\" data-element_type=\"widget\" data-widget_type=\"text-editor.default\">\n<div class=\"elementor-widget-container\">\n<div class=\"elementor-text-editor elementor-clearfix\">\n<p>Trois d\u00e9parts : 14h30, 15h30, 17h. 30min par visite. <\/p>\n<\/div>\n<\/div>\n<\/div>\n<\/div>\n<\/div>\n<\/div>\n<\/section>\n<section class=\"elementor-section elementor-top-section elementor-element elementor-element-0bd601e elementor-section-boxed elementor-section-height-default elementor-section-height-default parallax_section_no qode_elementor_container_no\" data-id=\"0bd601e\" data-element_type=\"section\">\n<div class=\"elementor-container elementor-column-gap-default\">\n<div class=\"elementor-column elementor-col-33 elementor-top-column elementor-element elementor-element-970ce1a\" data-id=\"970ce1a\" data-element_type=\"column\">\n<div class=\"elementor-widget-wrap elementor-element-populated\">\n<div class=\"elementor-element elementor-element-2a26996 elementor-widget elementor-widget-image\" data-id=\"2a26996\" data-element_type=\"widget\" data-widget_type=\"image.default\">\n<div class=\"elementor-widget-container\">\n<div class=\"elementor-image\"><img loading=\"lazy\" decoding=\"async\" class=\"attachment-large size-large\" src=\"https:\/\/usercontent.one\/wp\/www.cltb.be\/wp-content\/uploads\/2022\/09\/242715261_1953405374819633_259878037745565560_n-1024x683.jpg\" sizes=\"auto, (max-width: 1024px) 100vw, 1024px\" srcset=\"https:\/\/usercontent.one\/wp\/www.cltb.be\/wp-content\/uploads\/2022\/09\/242715261_1953405374819633_259878037745565560_n-1024x683.jpg 1024w, https:\/\/usercontent.one\/wp\/www.cltb.be\/wp-content\/uploads\/2022\/09\/242715261_1953405374819633_259878037745565560_n-300x200.jpg 300w, https:\/\/usercontent.one\/wp\/www.cltb.be\/wp-content\/uploads\/2022\/09\/242715261_1953405374819633_259878037745565560_n-768x512.jpg 768w, https:\/\/usercontent.one\/wp\/www.cltb.be\/wp-content\/uploads\/2022\/09\/242715261_1953405374819633_259878037745565560_n-1536x1024.jpg 1536w, https:\/\/usercontent.one\/wp\/www.cltb.be\/wp-content\/uploads\/2022\/09\/242715261_1953405374819633_259878037745565560_n-700x467.jpg 700w, https:\/\/usercontent.one\/wp\/www.cltb.be\/wp-content\/uploads\/2022\/09\/242715261_1953405374819633_259878037745565560_n.jpg 1944w\" alt=\"\" width=\"1024\" height=\"683\"><\/div>\n<\/div>\n<\/div>\n<\/div>\n<\/div>\n<div class=\"elementor-column elementor-col-66 elementor-top-column elementor-element elementor-element-61d2dbb\" data-id=\"61d2dbb\" data-element_type=\"column\">\n<div class=\"elementor-widget-wrap elementor-element-populated\">\n<div class=\"elementor-element elementor-element-e7597b5 elementor-widget elementor-widget-heading\" data-id=\"e7597b5\" data-element_type=\"widget\" data-widget_type=\"heading.default\">\n<div class=\"elementor-widget-container\">\n<h4 class=\"elementor-heading-title elementor-size-default\">Animaci\u00f3n radiof\u00f3nica par Studio1bis<\/h4>\n<\/div>\n<\/div>\n<div class=\"elementor-element elementor-element-a8488a5 elementor-widget elementor-widget-heading\" data-id=\"a8488a5\" data-element_type=\"widget\" data-widget_type=\"heading.default\">\n<div class=\"elementor-widget-container\">\n<h6 class=\"elementor-heading-title elementor-size-default\">15H-16H30 &#8211; RUE DE L&#8217;IND\u00c9PENDANCE 15, 1080 MOLENBEEK<\/h6>\n<\/div>\n<\/div>\n<div class=\"elementor-element elementor-element-aa671bc elementor-widget elementor-widget-text-editor\" data-id=\"aa671bc\" data-element_type=\"widget\" data-widget_type=\"text-editor.default\">\n<div class=\"elementor-widget-container\">\n<div class=\"elementor-text-editor elementor-clearfix\">\n<p>Direct radio sur <a href=\"https:\/\/www.radiopanik.org\/\" target=\"_blank\" rel=\"noopener\">Radio Panik<\/a> entre 15h et 16h30 pour c\u00e9l\u00e9brer la journ\u00e9e mondiale des Community Land Trusts.<\/p>\n<\/div>\n<\/div>\n<\/div>\n<\/div>\n<\/div>\n<\/div>\n<\/section>\n<section class=\"elementor-section elementor-top-section elementor-element elementor-element-926f82e elementor-section-boxed elementor-section-height-default elementor-section-height-default parallax_section_no qode_elementor_container_no\" data-id=\"926f82e\" data-element_type=\"section\">\n<div class=\"elementor-container elementor-column-gap-default\">\n<div class=\"elementor-column elementor-col-33 elementor-top-column elementor-element elementor-element-f07eb47\" data-id=\"f07eb47\" data-element_type=\"column\">\n<div class=\"elementor-widget-wrap elementor-element-populated\">\n<div class=\"elementor-element elementor-element-7282022 elementor-widget elementor-widget-image\" data-id=\"7282022\" data-element_type=\"widget\" data-widget_type=\"image.default\">\n<div class=\"elementor-widget-container\">\n<div class=\"elementor-image\"><img loading=\"lazy\" decoding=\"async\" class=\"attachment-large size-large\" src=\"https:\/\/usercontent.one\/wp\/www.cltb.be\/wp-content\/uploads\/2022\/09\/P1010093-1024x576.jpg\" sizes=\"auto, (max-width: 1024px) 100vw, 1024px\" srcset=\"https:\/\/usercontent.one\/wp\/www.cltb.be\/wp-content\/uploads\/2022\/09\/P1010093-1024x576.jpg 1024w, https:\/\/usercontent.one\/wp\/www.cltb.be\/wp-content\/uploads\/2022\/09\/P1010093-300x169.jpg 300w, https:\/\/usercontent.one\/wp\/www.cltb.be\/wp-content\/uploads\/2022\/09\/P1010093-768x432.jpg 768w, https:\/\/usercontent.one\/wp\/www.cltb.be\/wp-content\/uploads\/2022\/09\/P1010093-1536x864.jpg 1536w, https:\/\/usercontent.one\/wp\/www.cltb.be\/wp-content\/uploads\/2022\/09\/P1010093-2048x1152.jpg 2048w, https:\/\/usercontent.one\/wp\/www.cltb.be\/wp-content\/uploads\/2022\/09\/P1010093-700x394.jpg 700w, https:\/\/usercontent.one\/wp\/www.cltb.be\/wp-content\/uploads\/2022\/09\/P1010093-539x303.jpg 539w\" alt=\"La gran fiesta del CLTB\" width=\"1024\" height=\"576\"><\/div>\n<\/div>\n<\/div>\n<\/div>\n<\/div>\n<div class=\"elementor-column elementor-col-66 elementor-top-column elementor-element elementor-element-6458afc\" data-id=\"6458afc\" data-element_type=\"column\">\n<div class=\"elementor-widget-wrap elementor-element-populated\">\n<div class=\"elementor-element elementor-element-1bcec81 elementor-widget elementor-widget-heading\" data-id=\"1bcec81\" data-element_type=\"widget\" data-widget_type=\"heading.default\">\n<div class=\"elementor-widget-container\">\n<h4 class=\"elementor-heading-title elementor-size-default\">Inauguraci\u00f3n oficial del proyecto Independencia &#8211; Ransfort<\/h4>\n<\/div>\n<\/div>\n<div class=\"elementor-element elementor-element-9cf5f1c elementor-widget elementor-widget-heading\" data-id=\"9cf5f1c\" data-element_type=\"widget\" data-widget_type=\"heading.default\">\n<div class=\"elementor-widget-container\">\n<h6 class=\"elementor-heading-title elementor-size-default\">16H &#8211; RUE DE L&#8217;IND\u00c9PENDANCE 15, 1080 MOLENBEEK<\/h6>\n<\/div>\n<\/div>\n<\/div>\n<\/div>\n<\/div>\n<\/section>\n<section class=\"elementor-section elementor-top-section elementor-element elementor-element-6f80752 elementor-section-boxed elementor-section-height-default elementor-section-height-default parallax_section_no qode_elementor_container_no\" data-id=\"6f80752\" data-element_type=\"section\">\n<div class=\"elementor-container elementor-column-gap-default\">\n<div class=\"elementor-column elementor-col-33 elementor-top-column elementor-element elementor-element-2e4f287\" data-id=\"2e4f287\" data-element_type=\"column\">\n<div class=\"elementor-widget-wrap elementor-element-populated\">\n<div class=\"elementor-element elementor-element-e78c3a7 elementor-widget elementor-widget-image\" data-id=\"e78c3a7\" data-element_type=\"widget\" data-widget_type=\"image.default\">\n<div class=\"elementor-widget-container\">\n<div class=\"elementor-image\"><img loading=\"lazy\" decoding=\"async\" class=\"attachment-large size-large\" src=\"https:\/\/usercontent.one\/wp\/www.cltb.be\/wp-content\/uploads\/2021\/07\/2016_AV-1024x680.jpg\" sizes=\"auto, (max-width: 1024px) 100vw, 1024px\" srcset=\"https:\/\/usercontent.one\/wp\/www.cltb.be\/wp-content\/uploads\/2021\/07\/2016_AV-1024x680.jpg 1024w, https:\/\/usercontent.one\/wp\/www.cltb.be\/wp-content\/uploads\/2021\/07\/2016_AV-300x199.jpg 300w, https:\/\/usercontent.one\/wp\/www.cltb.be\/wp-content\/uploads\/2021\/07\/2016_AV-768x510.jpg 768w, https:\/\/usercontent.one\/wp\/www.cltb.be\/wp-content\/uploads\/2021\/07\/2016_AV-1536x1020.jpg 1536w, https:\/\/usercontent.one\/wp\/www.cltb.be\/wp-content\/uploads\/2021\/07\/2016_AV-2048x1360.jpg 2048w, https:\/\/usercontent.one\/wp\/www.cltb.be\/wp-content\/uploads\/2021\/07\/2016_AV-700x465.jpg 700w\" alt=\"\" width=\"1024\" height=\"680\"><\/div>\n<\/div>\n<\/div>\n<\/div>\n<\/div>\n<div class=\"elementor-column elementor-col-66 elementor-top-column elementor-element elementor-element-3b28953\" data-id=\"3b28953\" data-element_type=\"column\">\n<div class=\"elementor-widget-wrap elementor-element-populated\">\n<div class=\"elementor-element elementor-element-8e42cf5 elementor-widget elementor-widget-heading\" data-id=\"8e42cf5\" data-element_type=\"widget\" data-widget_type=\"heading.default\">\n<div class=\"elementor-widget-container\">\n<h4 class=\"elementor-heading-title elementor-size-default\">Encuentro con las CLT de Burlington y Puerto Rico<\/h4>\n<\/div>\n<\/div>\n<div class=\"elementor-element elementor-element-11c1987 elementor-widget elementor-widget-heading\" data-id=\"11c1987\" data-element_type=\"widget\" data-widget_type=\"heading.default\">\n<div class=\"elementor-widget-container\">\n<h6 class=\"elementor-heading-title elementor-size-default\">16H30-18H &#8211; BEL MUNDO<\/h6>\n<\/div>\n<\/div>\n<div class=\"elementor-element elementor-element-bc926fa elementor-widget elementor-widget-text-editor\" data-id=\"bc926fa\" data-element_type=\"widget\" data-widget_type=\"text-editor.default\">\n<div class=\"elementor-widget-container\">\n<div class=\"elementor-text-editor elementor-clearfix\">\n<p>En pr\u00e9sence de Brenda Torpy (CLT de Burlington) et Mariolga Juli\u00e1 Pacheco (CLT de Puerto Rico).<\/p>\n<\/div>\n<\/div>\n<\/div>\n<\/div>\n<\/div>\n<\/div>\n<\/section>\n","protected":false},"excerpt":{"rendered":"<p>La calle de la Independencia en fiesta 14H-18H &#8211; RUE DE L&#8217;IND\u00c9PENDANCE 15, 1080 MOLENBEEK Brocante, animations de rue avec l&#8217;asbl Remorquables et animations pour les enfants. Actividades organizadas por [&hellip;]<\/p>\n","protected":false},"author":1,"featured_media":0,"comment_status":"open","ping_status":"open","sticky":false,"template":"","format":"standard","meta":{"give_campaign_id":0,"_tec_requires_first_save":true,"_kad_blocks_custom_css":"","_kad_blocks_head_custom_js":"","_kad_blocks_body_custom_js":"","_kad_blocks_footer_custom_js":"","_EventAllDay":false,"_EventTimezone":"","_EventStartDate":"","_EventEndDate":"","_EventStartDateUTC":"","_EventEndDateUTC":"","_EventShowMap":false,"_EventShowMapLink":false,"_EventURL":"","_EventCost":"","_EventCostDescription":"","_EventCurrencySymbol":"","_EventCurrencyCode":"","_EventCurrencyPosition":"","_EventDateTimeSeparator":"","_EventTimeRangeSeparator":"","_EventOrganizerID":[],"_EventVenueID":[],"_OrganizerEmail":"","_OrganizerPhone":"","_OrganizerWebsite":"","_VenueAddress":"","_VenueCity":"","_VenueCountry":"","_VenueProvince":"","_VenueState":"","_VenueZip":"","_VenuePhone":"","_VenueURL":"","_VenueStateProvince":"","_VenueLat":"","_VenueLng":"","_VenueShowMap":false,"_VenueShowMapLink":false,"_tribe_blocks_recurrence_rules":"","_tribe_blocks_recurrence_description":"","_tribe_blocks_recurrence_exclusions":"","_jetpack_memberships_contains_paid_content":false,"footnotes":""},"categories":[25],"tags":[],"class_list":["post-6580","post","type-post","status-publish","format-standard","hentry","category-sin-categorizar"],"blocksy_meta":[],"yoast_head":"<!-- This site is optimized with the Yoast SEO Premium plugin v27.4 (Yoast SEO v27.5) - https:\/\/yoast.com\/product\/yoast-seo-premium-wordpress\/ -->\n<title>La gran fiesta del CLTB - International Center for Community Land Trusts<\/title>\n<meta name=\"robots\" content=\"index, follow, max-snippet:-1, max-image-preview:large, max-video-preview:-1\" \/>\n<link rel=\"canonical\" href=\"https:\/\/www.cltweb.org\/es\/2022\/10\/21\/la-gran-fiesta-del-cltb\/\" \/>\n<meta property=\"og:locale\" content=\"es_ES\" \/>\n<meta property=\"og:type\" content=\"article\" \/>\n<meta property=\"og:title\" content=\"La gran fiesta del CLTB\" \/>\n<meta property=\"og:description\" content=\"La calle de la Independencia en fiesta 14H-18H &#8211; RUE DE L&#8217;IND\u00c9PENDANCE 15, 1080 MOLENBEEK Brocante, animations de rue avec l&#8217;asbl Remorquables et animations pour les enfants. Actividades organizadas por [&hellip;]\" \/>\n<meta property=\"og:url\" content=\"https:\/\/www.cltweb.org\/es\/2022\/10\/21\/la-gran-fiesta-del-cltb\/\" \/>\n<meta property=\"og:site_name\" content=\"International Center for Community Land Trusts\" \/>\n<meta property=\"article:publisher\" content=\"https:\/\/www.facebook.com\/cltcenter\" \/>\n<meta property=\"article:published_time\" content=\"2022-10-21T00:00:00+00:00\" \/>\n<meta property=\"og:image\" content=\"https:\/\/usercontent.one\/wp\/www.cltb.be\/wp-content\/uploads\/2022\/09\/Bazar-Festival-Print-02-1024x683.jpg\" \/>\n<meta name=\"author\" content=\"cltredesign_0jp0l4\" \/>\n<meta name=\"twitter:card\" content=\"summary_large_image\" \/>\n<meta name=\"twitter:creator\" content=\"@Center4CLTs\" \/>\n<meta name=\"twitter:site\" content=\"@Center4CLTs\" \/>\n<meta name=\"twitter:label1\" content=\"Escrito por\" \/>\n\t<meta name=\"twitter:data1\" content=\"cltredesign_0jp0l4\" \/>\n\t<meta name=\"twitter:label2\" content=\"Tiempo de lectura\" \/>\n\t<meta name=\"twitter:data2\" content=\"1 minuto\" \/>\n<script type=\"application\/ld+json\" class=\"yoast-schema-graph\">{\"@context\":\"https:\\\/\\\/schema.org\",\"@graph\":[{\"@type\":\"Article\",\"@id\":\"https:\\\/\\\/www.cltweb.org\\\/es\\\/2022\\\/10\\\/21\\\/la-gran-fiesta-del-cltb\\\/#article\",\"isPartOf\":{\"@id\":\"https:\\\/\\\/www.cltweb.org\\\/es\\\/2022\\\/10\\\/21\\\/la-gran-fiesta-del-cltb\\\/\"},\"author\":{\"name\":\"cltredesign_0jp0l4\",\"@id\":\"https:\\\/\\\/www.cltweb.org\\\/es\\\/#\\\/schema\\\/person\\\/afd3723291b60b81c27772953e5b49d6\"},\"headline\":\"La gran fiesta del CLTB\",\"datePublished\":\"2022-10-21T00:00:00+00:00\",\"mainEntityOfPage\":{\"@id\":\"https:\\\/\\\/www.cltweb.org\\\/es\\\/2022\\\/10\\\/21\\\/la-gran-fiesta-del-cltb\\\/\"},\"wordCount\":216,\"commentCount\":0,\"publisher\":{\"@id\":\"https:\\\/\\\/www.cltweb.org\\\/es\\\/#organization\"},\"image\":{\"@id\":\"https:\\\/\\\/www.cltweb.org\\\/es\\\/2022\\\/10\\\/21\\\/la-gran-fiesta-del-cltb\\\/#primaryimage\"},\"thumbnailUrl\":\"https:\\\/\\\/usercontent.one\\\/wp\\\/www.cltb.be\\\/wp-content\\\/uploads\\\/2022\\\/09\\\/Bazar-Festival-Print-02-1024x683.jpg\",\"articleSection\":[\"Sin categorizar\"],\"inLanguage\":\"es\",\"potentialAction\":[{\"@type\":\"CommentAction\",\"name\":\"Comment\",\"target\":[\"https:\\\/\\\/www.cltweb.org\\\/es\\\/2022\\\/10\\\/21\\\/la-gran-fiesta-del-cltb\\\/#respond\"]}]},{\"@type\":\"WebPage\",\"@id\":\"https:\\\/\\\/www.cltweb.org\\\/es\\\/2022\\\/10\\\/21\\\/la-gran-fiesta-del-cltb\\\/\",\"url\":\"https:\\\/\\\/www.cltweb.org\\\/es\\\/2022\\\/10\\\/21\\\/la-gran-fiesta-del-cltb\\\/\",\"name\":\"La gran fiesta del CLTB - International Center for Community Land Trusts\",\"isPartOf\":{\"@id\":\"https:\\\/\\\/www.cltweb.org\\\/es\\\/#website\"},\"primaryImageOfPage\":{\"@id\":\"https:\\\/\\\/www.cltweb.org\\\/es\\\/2022\\\/10\\\/21\\\/la-gran-fiesta-del-cltb\\\/#primaryimage\"},\"image\":{\"@id\":\"https:\\\/\\\/www.cltweb.org\\\/es\\\/2022\\\/10\\\/21\\\/la-gran-fiesta-del-cltb\\\/#primaryimage\"},\"thumbnailUrl\":\"https:\\\/\\\/usercontent.one\\\/wp\\\/www.cltb.be\\\/wp-content\\\/uploads\\\/2022\\\/09\\\/Bazar-Festival-Print-02-1024x683.jpg\",\"datePublished\":\"2022-10-21T00:00:00+00:00\",\"breadcrumb\":{\"@id\":\"https:\\\/\\\/www.cltweb.org\\\/es\\\/2022\\\/10\\\/21\\\/la-gran-fiesta-del-cltb\\\/#breadcrumb\"},\"inLanguage\":\"es\",\"potentialAction\":[{\"@type\":\"ReadAction\",\"target\":[\"https:\\\/\\\/www.cltweb.org\\\/es\\\/2022\\\/10\\\/21\\\/la-gran-fiesta-del-cltb\\\/\"]}]},{\"@type\":\"ImageObject\",\"inLanguage\":\"es\",\"@id\":\"https:\\\/\\\/www.cltweb.org\\\/es\\\/2022\\\/10\\\/21\\\/la-gran-fiesta-del-cltb\\\/#primaryimage\",\"url\":\"https:\\\/\\\/usercontent.one\\\/wp\\\/www.cltb.be\\\/wp-content\\\/uploads\\\/2022\\\/09\\\/Bazar-Festival-Print-02-1024x683.jpg\",\"contentUrl\":\"https:\\\/\\\/usercontent.one\\\/wp\\\/www.cltb.be\\\/wp-content\\\/uploads\\\/2022\\\/09\\\/Bazar-Festival-Print-02-1024x683.jpg\"},{\"@type\":\"BreadcrumbList\",\"@id\":\"https:\\\/\\\/www.cltweb.org\\\/es\\\/2022\\\/10\\\/21\\\/la-gran-fiesta-del-cltb\\\/#breadcrumb\",\"itemListElement\":[{\"@type\":\"ListItem\",\"position\":1,\"name\":\"Home\",\"item\":\"https:\\\/\\\/www.cltweb.org\\\/es\\\/\"},{\"@type\":\"ListItem\",\"position\":2,\"name\":\"La gran fiesta del CLTB\"}]},{\"@type\":\"WebSite\",\"@id\":\"https:\\\/\\\/www.cltweb.org\\\/es\\\/#website\",\"url\":\"https:\\\/\\\/www.cltweb.org\\\/es\\\/\",\"name\":\"International Center for Community Land Trusts\",\"description\":\"\",\"publisher\":{\"@id\":\"https:\\\/\\\/www.cltweb.org\\\/es\\\/#organization\"},\"potentialAction\":[{\"@type\":\"SearchAction\",\"target\":{\"@type\":\"EntryPoint\",\"urlTemplate\":\"https:\\\/\\\/www.cltweb.org\\\/es\\\/?s={search_term_string}\"},\"query-input\":{\"@type\":\"PropertyValueSpecification\",\"valueRequired\":true,\"valueName\":\"search_term_string\"}}],\"inLanguage\":\"es\"},{\"@type\":\"Organization\",\"@id\":\"https:\\\/\\\/www.cltweb.org\\\/es\\\/#organization\",\"name\":\"International Center for Community Land Trusts\",\"url\":\"https:\\\/\\\/www.cltweb.org\\\/es\\\/\",\"logo\":{\"@type\":\"ImageObject\",\"inLanguage\":\"es\",\"@id\":\"https:\\\/\\\/www.cltweb.org\\\/es\\\/#\\\/schema\\\/logo\\\/image\\\/\",\"url\":\"https:\\\/\\\/www.cltweb.org\\\/wp-content\\\/uploads\\\/2024\\\/11\\\/New-CLT-Center-Text-logo.png\",\"contentUrl\":\"https:\\\/\\\/www.cltweb.org\\\/wp-content\\\/uploads\\\/2024\\\/11\\\/New-CLT-Center-Text-logo.png\",\"width\":227,\"height\":80,\"caption\":\"International Center for Community Land Trusts\"},\"image\":{\"@id\":\"https:\\\/\\\/www.cltweb.org\\\/es\\\/#\\\/schema\\\/logo\\\/image\\\/\"},\"sameAs\":[\"https:\\\/\\\/www.facebook.com\\\/cltcenter\",\"https:\\\/\\\/x.com\\\/Center4CLTs\",\"https:\\\/\\\/www.instagram.com\\\/cltcenter\\\/\",\"https:\\\/\\\/www.linkedin.com\\\/company\\\/cltcenter\",\"https:\\\/\\\/www.youtube.com\\\/@centerforcltinnovation5313\"],\"description\":\"The International Center for Community Land Trusts is a not-for-profit nongovernmental organization established in 2018 to promote and to support community land trusts and similar strategies of community-led development on community-owned land in countries throughout the world.\",\"email\":\"info@communitylandtrust.net\",\"legalName\":\"International Center for Community Land Trusts\",\"foundingDate\":\"2018-12-01\",\"taxID\":\"84-3858933\",\"numberOfEmployees\":{\"@type\":\"QuantitativeValue\",\"minValue\":\"1\",\"maxValue\":\"10\"}},{\"@type\":\"Person\",\"@id\":\"https:\\\/\\\/www.cltweb.org\\\/es\\\/#\\\/schema\\\/person\\\/afd3723291b60b81c27772953e5b49d6\",\"name\":\"cltredesign_0jp0l4\",\"image\":{\"@type\":\"ImageObject\",\"inLanguage\":\"es\",\"@id\":\"https:\\\/\\\/secure.gravatar.com\\\/avatar\\\/1012e57596c2454da589d773454d3eb22a64f2ff638e62850caeb654f3affad5?s=96&d=mm&r=g\",\"url\":\"https:\\\/\\\/secure.gravatar.com\\\/avatar\\\/1012e57596c2454da589d773454d3eb22a64f2ff638e62850caeb654f3affad5?s=96&d=mm&r=g\",\"contentUrl\":\"https:\\\/\\\/secure.gravatar.com\\\/avatar\\\/1012e57596c2454da589d773454d3eb22a64f2ff638e62850caeb654f3affad5?s=96&d=mm&r=g\",\"caption\":\"cltredesign_0jp0l4\"},\"sameAs\":[\"https:\\\/\\\/icclt.org\"],\"url\":\"https:\\\/\\\/www.cltweb.org\\\/es\\\/author\\\/cltredesign_0jp0l4\\\/\"}]}<\/script>\n<!-- \/ Yoast SEO Premium plugin. -->","yoast_head_json":{"title":"La gran fiesta del CLTB - International Center for Community Land Trusts","robots":{"index":"index","follow":"follow","max-snippet":"max-snippet:-1","max-image-preview":"max-image-preview:large","max-video-preview":"max-video-preview:-1"},"canonical":"https:\/\/www.cltweb.org\/es\/2022\/10\/21\/la-gran-fiesta-del-cltb\/","og_locale":"es_ES","og_type":"article","og_title":"La gran fiesta del CLTB","og_description":"La calle de la Independencia en fiesta 14H-18H &#8211; RUE DE L&#8217;IND\u00c9PENDANCE 15, 1080 MOLENBEEK Brocante, animations de rue avec l&#8217;asbl Remorquables et animations pour les enfants. Actividades organizadas por [&hellip;]","og_url":"https:\/\/www.cltweb.org\/es\/2022\/10\/21\/la-gran-fiesta-del-cltb\/","og_site_name":"International Center for Community Land Trusts","article_publisher":"https:\/\/www.facebook.com\/cltcenter","article_published_time":"2022-10-21T00:00:00+00:00","og_image":[{"url":"https:\/\/usercontent.one\/wp\/www.cltb.be\/wp-content\/uploads\/2022\/09\/Bazar-Festival-Print-02-1024x683.jpg","type":"","width":"","height":""}],"author":"cltredesign_0jp0l4","twitter_card":"summary_large_image","twitter_creator":"@Center4CLTs","twitter_site":"@Center4CLTs","twitter_misc":{"Escrito por":"cltredesign_0jp0l4","Tiempo de lectura":"1 minuto"},"schema":{"@context":"https:\/\/schema.org","@graph":[{"@type":"Article","@id":"https:\/\/www.cltweb.org\/es\/2022\/10\/21\/la-gran-fiesta-del-cltb\/#article","isPartOf":{"@id":"https:\/\/www.cltweb.org\/es\/2022\/10\/21\/la-gran-fiesta-del-cltb\/"},"author":{"name":"cltredesign_0jp0l4","@id":"https:\/\/www.cltweb.org\/es\/#\/schema\/person\/afd3723291b60b81c27772953e5b49d6"},"headline":"La gran fiesta del CLTB","datePublished":"2022-10-21T00:00:00+00:00","mainEntityOfPage":{"@id":"https:\/\/www.cltweb.org\/es\/2022\/10\/21\/la-gran-fiesta-del-cltb\/"},"wordCount":216,"commentCount":0,"publisher":{"@id":"https:\/\/www.cltweb.org\/es\/#organization"},"image":{"@id":"https:\/\/www.cltweb.org\/es\/2022\/10\/21\/la-gran-fiesta-del-cltb\/#primaryimage"},"thumbnailUrl":"https:\/\/usercontent.one\/wp\/www.cltb.be\/wp-content\/uploads\/2022\/09\/Bazar-Festival-Print-02-1024x683.jpg","articleSection":["Sin categorizar"],"inLanguage":"es","potentialAction":[{"@type":"CommentAction","name":"Comment","target":["https:\/\/www.cltweb.org\/es\/2022\/10\/21\/la-gran-fiesta-del-cltb\/#respond"]}]},{"@type":"WebPage","@id":"https:\/\/www.cltweb.org\/es\/2022\/10\/21\/la-gran-fiesta-del-cltb\/","url":"https:\/\/www.cltweb.org\/es\/2022\/10\/21\/la-gran-fiesta-del-cltb\/","name":"La gran fiesta del CLTB - International Center for Community Land Trusts","isPartOf":{"@id":"https:\/\/www.cltweb.org\/es\/#website"},"primaryImageOfPage":{"@id":"https:\/\/www.cltweb.org\/es\/2022\/10\/21\/la-gran-fiesta-del-cltb\/#primaryimage"},"image":{"@id":"https:\/\/www.cltweb.org\/es\/2022\/10\/21\/la-gran-fiesta-del-cltb\/#primaryimage"},"thumbnailUrl":"https:\/\/usercontent.one\/wp\/www.cltb.be\/wp-content\/uploads\/2022\/09\/Bazar-Festival-Print-02-1024x683.jpg","datePublished":"2022-10-21T00:00:00+00:00","breadcrumb":{"@id":"https:\/\/www.cltweb.org\/es\/2022\/10\/21\/la-gran-fiesta-del-cltb\/#breadcrumb"},"inLanguage":"es","potentialAction":[{"@type":"ReadAction","target":["https:\/\/www.cltweb.org\/es\/2022\/10\/21\/la-gran-fiesta-del-cltb\/"]}]},{"@type":"ImageObject","inLanguage":"es","@id":"https:\/\/www.cltweb.org\/es\/2022\/10\/21\/la-gran-fiesta-del-cltb\/#primaryimage","url":"https:\/\/usercontent.one\/wp\/www.cltb.be\/wp-content\/uploads\/2022\/09\/Bazar-Festival-Print-02-1024x683.jpg","contentUrl":"https:\/\/usercontent.one\/wp\/www.cltb.be\/wp-content\/uploads\/2022\/09\/Bazar-Festival-Print-02-1024x683.jpg"},{"@type":"BreadcrumbList","@id":"https:\/\/www.cltweb.org\/es\/2022\/10\/21\/la-gran-fiesta-del-cltb\/#breadcrumb","itemListElement":[{"@type":"ListItem","position":1,"name":"Home","item":"https:\/\/www.cltweb.org\/es\/"},{"@type":"ListItem","position":2,"name":"La gran fiesta del CLTB"}]},{"@type":"WebSite","@id":"https:\/\/www.cltweb.org\/es\/#website","url":"https:\/\/www.cltweb.org\/es\/","name":"International Center for Community Land Trusts","description":"","publisher":{"@id":"https:\/\/www.cltweb.org\/es\/#organization"},"potentialAction":[{"@type":"SearchAction","target":{"@type":"EntryPoint","urlTemplate":"https:\/\/www.cltweb.org\/es\/?s={search_term_string}"},"query-input":{"@type":"PropertyValueSpecification","valueRequired":true,"valueName":"search_term_string"}}],"inLanguage":"es"},{"@type":"Organization","@id":"https:\/\/www.cltweb.org\/es\/#organization","name":"International Center for Community Land Trusts","url":"https:\/\/www.cltweb.org\/es\/","logo":{"@type":"ImageObject","inLanguage":"es","@id":"https:\/\/www.cltweb.org\/es\/#\/schema\/logo\/image\/","url":"https:\/\/www.cltweb.org\/wp-content\/uploads\/2024\/11\/New-CLT-Center-Text-logo.png","contentUrl":"https:\/\/www.cltweb.org\/wp-content\/uploads\/2024\/11\/New-CLT-Center-Text-logo.png","width":227,"height":80,"caption":"International Center for Community Land Trusts"},"image":{"@id":"https:\/\/www.cltweb.org\/es\/#\/schema\/logo\/image\/"},"sameAs":["https:\/\/www.facebook.com\/cltcenter","https:\/\/x.com\/Center4CLTs","https:\/\/www.instagram.com\/cltcenter\/","https:\/\/www.linkedin.com\/company\/cltcenter","https:\/\/www.youtube.com\/@centerforcltinnovation5313"],"description":"The International Center for Community Land Trusts is a not-for-profit nongovernmental organization established in 2018 to promote and to support community land trusts and similar strategies of community-led development on community-owned land in countries throughout the world.","email":"info@communitylandtrust.net","legalName":"International Center for Community Land Trusts","foundingDate":"2018-12-01","taxID":"84-3858933","numberOfEmployees":{"@type":"QuantitativeValue","minValue":"1","maxValue":"10"}},{"@type":"Person","@id":"https:\/\/www.cltweb.org\/es\/#\/schema\/person\/afd3723291b60b81c27772953e5b49d6","name":"cltredesign_0jp0l4","image":{"@type":"ImageObject","inLanguage":"es","@id":"https:\/\/secure.gravatar.com\/avatar\/1012e57596c2454da589d773454d3eb22a64f2ff638e62850caeb654f3affad5?s=96&d=mm&r=g","url":"https:\/\/secure.gravatar.com\/avatar\/1012e57596c2454da589d773454d3eb22a64f2ff638e62850caeb654f3affad5?s=96&d=mm&r=g","contentUrl":"https:\/\/secure.gravatar.com\/avatar\/1012e57596c2454da589d773454d3eb22a64f2ff638e62850caeb654f3affad5?s=96&d=mm&r=g","caption":"cltredesign_0jp0l4"},"sameAs":["https:\/\/icclt.org"],"url":"https:\/\/www.cltweb.org\/es\/author\/cltredesign_0jp0l4\/"}]}},"taxonomy_info":{"category":[{"value":25,"label":"Sin categorizar"}]},"featured_image_src_large":false,"author_info":{"display_name":"cltredesign_0jp0l4","author_link":"https:\/\/www.cltweb.org\/es\/author\/cltredesign_0jp0l4\/"},"comment_info":0,"category_info":[{"term_id":25,"name":"Sin categorizar","slug":"sin-categorizar","term_group":0,"term_taxonomy_id":25,"taxonomy":"category","description":"","parent":0,"count":19,"filter":"raw","cat_ID":25,"category_count":19,"category_description":"","cat_name":"Sin categorizar","category_nicename":"sin-categorizar","category_parent":0}],"tag_info":false,"jetpack_featured_media_url":"","jetpack_sharing_enabled":true,"jetpack-related-posts":[{"id":6594,"url":"https:\/\/www.cltweb.org\/es\/2022\/10\/11\/retirar-suelo-del-mercado-para-que-la-ciudad-sea-asequible\/","url_meta":{"origin":6580,"position":0},"title":"Retirar suelo del mercado para que la ciudad sea asequible","author":"cltredesign_0jp0l4","date":"11 de octubre de 2022","format":false,"excerpt":"\u00bfNo podr\u00eda ser una soluci\u00f3n a la crisis de la vivienda retirar viviendas y terrenos del mercado, para que no se pueda especular con ellos y sigan siendo asequibles para siempre? Los fideicomisos de la tierra ya lo est\u00e1n haciendo en ciudades de todo el mundo. \u00bfC\u00f3mo puede ampliarse? \u00bfCu\u00e1l\u2026","rel":"","context":"En \u00abSin categorizar\u00bb","block_context":{"text":"Sin categorizar","link":"https:\/\/www.cltweb.org\/es\/category\/sin-categorizar\/"},"img":{"alt_text":"Logotipo CLTB","src":"https:\/\/i0.wp.com\/www.cltweb.org\/wp-content\/uploads\/2022\/10\/CLTB_Logo-1024x660.png?resize=350%2C200&ssl=1","width":350,"height":200},"classes":[]},{"id":10900,"url":"https:\/\/www.cltweb.org\/es\/2025\/12\/08\/terra-nostra-press-y-la-memoria-del-movimiento-clt\/","url_meta":{"origin":6580,"position":1},"title":"Terra Nostra Press y la Memoria del Movimiento CLT","author":"Ben Harris","date":"8 de diciembre de 2025","format":false,"excerpt":"","rel":"","context":"En \u00abSin categorizar\u00bb","block_context":{"text":"Sin categorizar","link":"https:\/\/www.cltweb.org\/es\/category\/sin-categorizar\/"},"img":{"alt_text":"","src":"","width":0,"height":0},"classes":[]},{"id":7236,"url":"https:\/\/www.cltweb.org\/es\/2024\/09\/10\/pueden-los-clt-desempenar-un-papel-en-la-politica-climatica\/","url_meta":{"origin":6580,"position":2},"title":"\u00bfPueden los CLT desempe\u00f1ar un papel en la pol\u00edtica clim\u00e1tica?","author":"cltredesign_0jp0l4","date":"10 de septiembre de 2024","format":false,"excerpt":"La siguiente contribuci\u00f3n ha sido escrita por Geert De Pauw, Co-coordinador de Community Land Trust Brussels, como contribuci\u00f3n al pr\u00f3ximo seminario web sobre \"El uso de los CLT para proporcionar renovaci\u00f3n energ\u00e9tica y asequibilidad permanente a las viviendas existentes\", que se celebrar\u00e1 el 25 de septiembre. Community Land Trust Brussels\u2026","rel":"","context":"En \u00abBlogs\u00bb","block_context":{"text":"Blogs","link":"https:\/\/www.cltweb.org\/es\/category\/blogs\/"},"img":{"alt_text":"","src":"","width":0,"height":0},"classes":[]},{"id":6601,"url":"https:\/\/www.cltweb.org\/es\/2022\/10\/11\/nuevas-vias-para-construir-ciudades-sostenibles-el-potencial-de-la-gestion-colectiva-del-suelo-basada-en-el-clt\/","url_meta":{"origin":6580,"position":3},"title":"Nuevas v\u00edas para construir ciudades sostenibles: el potencial de la gesti\u00f3n colectiva del suelo basada en el CLT","author":"cltredesign_0jp0l4","date":"11 de octubre de 2022","format":false,"excerpt":"El acto re\u00fane a expertos internacionales en la materia, con especial atenci\u00f3n a las pr\u00e1cticas arraigadas en el Sur Global, con el fin de debatir el potencial del modelo para la construcci\u00f3n de ciudades m\u00e1s sostenibles, en consonancia con el ODS 11 de la Nueva Agenda Urbana. Forma parte del\u2026","rel":"","context":"En \u00abSin categorizar\u00bb","block_context":{"text":"Sin categorizar","link":"https:\/\/www.cltweb.org\/es\/category\/sin-categorizar\/"},"img":{"alt_text":"Circuito Urbano 2022 Convite 1 ING.","src":"https:\/\/i0.wp.com\/www.cltweb.org\/wp-content\/uploads\/2024\/11\/Circuito-Urbano-2022-Convite-1-ING.jpg?resize=350%2C200&ssl=1","width":350,"height":200},"classes":[]},{"id":6585,"url":"https:\/\/www.cltweb.org\/es\/2022\/10\/21\/workshop-und-jahresfeier-stadtbodenstiftung-berlin\/","url_meta":{"origin":6580,"position":4},"title":"Workshop und Jahresfeier Stadtbodenstiftung Berlin","author":"cltredesign_0jp0l4","date":"21 de octubre de 2022","format":false,"excerpt":"La edici\u00f3n de este a\u00f1o de la Fundaci\u00f3n Stadtbodenstiftung de Berl\u00edn se celebra coincidiendo con el D\u00eda Mundial de la CLT. Los mi\u00e9rcoles de 16:00 a 17:30 horas, nos reuniremos en un taller informativo sobre el sitio web de la fundaci\u00f3n. Queremos recordar el lema de este a\u00f1o de los\u2026","rel":"","context":"En \u00abSin categorizar\u00bb","block_context":{"text":"Sin categorizar","link":"https:\/\/www.cltweb.org\/es\/category\/sin-categorizar\/"},"img":{"alt_text":"Logotipo de la Stadtbodenstiftung","src":"https:\/\/i0.wp.com\/www.cltweb.org\/wp-content\/uploads\/2022\/10\/Berlin-CLT-Logo-300x300.png?resize=350%2C200&ssl=1","width":350,"height":200},"classes":[]},{"id":6579,"url":"https:\/\/www.cltweb.org\/es\/2022\/10\/20\/la-historia-del-mundo-de-clt\/","url_meta":{"origin":6580,"position":5},"title":"La historia del mundo de CLT","author":"cltredesign_0jp0l4","date":"20 de octubre de 2022","format":false,"excerpt":"Dentro de unas semanas, tras la primera reuni\u00f3n de CLT Gante y CLT Flandes, hemos descubierto dos gastos importantes, uno en el D\u00eda Mundial de CLT.","rel":"","context":"En \u00abSin categorizar\u00bb","block_context":{"text":"Sin categorizar","link":"https:\/\/www.cltweb.org\/es\/category\/sin-categorizar\/"},"img":{"alt_text":"Logotipo de CLT Gent","src":"https:\/\/i0.wp.com\/www.cltweb.org\/wp-content\/uploads\/2022\/10\/CLT-Gent-logo-edited.png?resize=350%2C200&ssl=1","width":350,"height":200},"classes":[]}],"_links":{"self":[{"href":"https:\/\/www.cltweb.org\/es\/wp-json\/wp\/v2\/posts\/6580","targetHints":{"allow":["GET"]}}],"collection":[{"href":"https:\/\/www.cltweb.org\/es\/wp-json\/wp\/v2\/posts"}],"about":[{"href":"https:\/\/www.cltweb.org\/es\/wp-json\/wp\/v2\/types\/post"}],"author":[{"embeddable":true,"href":"https:\/\/www.cltweb.org\/es\/wp-json\/wp\/v2\/users\/1"}],"replies":[{"embeddable":true,"href":"https:\/\/www.cltweb.org\/es\/wp-json\/wp\/v2\/comments?post=6580"}],"version-history":[{"count":0,"href":"https:\/\/www.cltweb.org\/es\/wp-json\/wp\/v2\/posts\/6580\/revisions"}],"wp:attachment":[{"href":"https:\/\/www.cltweb.org\/es\/wp-json\/wp\/v2\/media?parent=6580"}],"wp:term":[{"taxonomy":"category","embeddable":true,"href":"https:\/\/www.cltweb.org\/es\/wp-json\/wp\/v2\/categories?post=6580"},{"taxonomy":"post_tag","embeddable":true,"href":"https:\/\/www.cltweb.org\/es\/wp-json\/wp\/v2\/tags?post=6580"}],"curies":[{"name":"wp","href":"https:\/\/api.w.org\/{rel}","templated":true}]}}