{"id":6596,"date":"2022-10-11T00:00:00","date_gmt":"2022-10-11T00:00:00","guid":{"rendered":"https:\/\/www.cltweb.org\/2022\/10\/11\/evento-clt-center-la-reforma-agraria-en-escocia\/"},"modified":"2022-10-11T00:00:00","modified_gmt":"2022-10-11T00:00:00","slug":"evento-clt-center-la-reforma-agraria-en-escocia","status":"publish","type":"post","link":"https:\/\/www.cltweb.org\/es\/2022\/10\/11\/evento-clt-center-la-reforma-agraria-en-escocia\/","title":{"rendered":"EVENTO CLT CENTER: La reforma agraria en Escocia"},"content":{"rendered":"<p><iframe loading=\"lazy\" width=\"560\" height=\"315\" src=\"https:\/\/www.youtube.com\/embed\/e4sjtYnuhto\" title=\"Reproductor de v\u00eddeo de YouTube\" frameborder=\"0\" allow=\"accelerometer; autoplay; clipboard-write; encrypted-media; gyroscope; picture-in-picture\" allowfullscreen=\"\"><\/iframe><\/p>\n<p><a href=\"https:\/\/sosch.org\"><img loading=\"lazy\" decoding=\"async\" class=\"alignright wp-image-6502 \" src=\"https:\/\/www.cltweb.org\/wp-content\/uploads\/2022\/10\/SOSCH-logo.png\" alt=\"Logotipo SOSCH\" width=\"266\" height=\"266\"><\/a><\/p>\n<p>\u00danete a nosotros para un debate sobre la Reforma Agraria Escocesa y los v\u00ednculos de la agenda de la reforma agraria con la vivienda dirigida por la comunidad y la capacitaci\u00f3n de la comunidad. <strong><b>DESCRIPCI\u00d3N: <\/b><\/strong>La sesi\u00f3n incluir\u00e1 presentaciones de la Comisi\u00f3n Escocesa del Suelo, Community Land Scotland y Wigtown &amp; Bladnoch Community Initiative, seguidas de preguntas y respuestas. Este seminario web de una hora ofrecer\u00e1 una animada conversaci\u00f3n sobre la Reforma Agraria y la propiedad comunitaria en Escocia (y m\u00e1s all\u00e1), con aportaciones de expertos en pol\u00edticas, miembros de la comunidad y profesionales de la vivienda comunitaria. Organizado por South of Scotland Community Housing y el Center for CLT Innovation. \u00a1Todos son bienvenidos!<\/p>\n<p><em>El seminario web se presentar\u00e1 en ingl\u00e9s. A\u00f1adiremos subt\u00edtulos traducidos a la grabaci\u00f3n del seminario web. <\/em><\/p>\n<p><strong>Moderado por Annabel Pidgeon, de <a href=\"https:\/\/sosch.org\" target=\"_blank\" rel=\"noopener\">South of Scotland Community Housing<\/a>.<\/strong><\/p>\n<p><b>PRESENTADORES<\/b><\/p>\n<ul>\n<li><strong><b>David Stewart <\/b><\/strong>es Oficial Superior de Pol\u00edticas de la <a href=\"https:\/\/www.landcommission.gov.scot\/\"><u>Comisi\u00f3n Escocesa del Suelo<\/u><\/a> desde 2019. Sus principales \u00e1reas de trabajo giran en torno a la concentraci\u00f3n parcelaria, la creaci\u00f3n de espacios y los mercados de suelo para vivienda. David se incorpor\u00f3 a la Comisi\u00f3n del Suelo procedente de la Federaci\u00f3n Escocesa de Asociaciones de la Vivienda, donde dirig\u00eda las nuevas construcciones de viviendas asequibles, la reforma urban\u00edstica, la eficiencia energ\u00e9tica y la regeneraci\u00f3n. Antes de eso, trabaj\u00f3 para asociaciones de vivienda y para el Ayuntamiento de Edimburgo en materia de vivienda y regeneraci\u00f3n. Es miembro del consejo de Rural Housing Scotland y anteriormente form\u00f3 parte del consejo de PAS, la organizaci\u00f3n ben\u00e9fica para la planificaci\u00f3n y el lugar, y de una asociaci\u00f3n de viviendas comunitarias de Greenock. David tambi\u00e9n ha formado parte del Panel Acad\u00e9mico, Pr\u00e1ctico y Pol\u00edtico de SURF &#8211; Foro de Regeneraci\u00f3n de Escocia.<strong> (<a href=\"https:\/\/www.cltweb.org\/wp-content\/uploads\/2022\/10\/David-Stewart-Presentation.pdf\" target=\"_blank\" rel=\"noopener\">enlace a las diapositivas<\/a>)<\/strong>     <\/li>\n<li><strong><b>Linsay Chalmers <\/b><\/strong>es el Director de Desarrollo de <a href=\"https:\/\/www.communitylandscotland.org.uk\/\"><u>Community Land Escocia<\/u><\/a>donde supervisa el trabajo de la organizaci\u00f3n en apoyo de las comunidades y la concienciaci\u00f3n sobre la propiedad comunitaria de la tierra. Anteriormente trabaj\u00f3 durante muchos a\u00f1os en el reciclaje y la reutilizaci\u00f3n comunitarios. En su tiempo libre, Linsay forma parte del Comit\u00e9 de su empresa comunitaria local, que posee una tienda, una oficina de correos y un negocio de autoservicio. <strong>(<a href=\"https:\/\/www.cltweb.org\/wp-content\/uploads\/2022\/10\/LIndsay-Chalmers-Presentation.pdf\" target=\"_blank\" rel=\"noopener\">enlace a las diapositivas<\/a>)<\/strong>  <\/li>\n<li><strong><b>El Dr. Nick Walker <\/b><\/strong>es un psiquiatra jubilado, activo en su comunidad local. Particip\u00f3 en la creaci\u00f3n de la <a href=\"https:\/\/wigtownandbladnoch.co.uk\/\"><u>Iniciativa Comunitaria de Wigtown y Bladnoch<\/u><\/a>una empresa comunitaria cuya misi\u00f3n es hacer que los terrenos y propiedades abandonados pasen a ser propiedad de la comunidad, de forma sostenible, para beneficiar y mejorar la vida de las personas que viven y visitan Wigtown y Bladnoch. Acaba de terminar su mandato como Coordinador del Consejo de la Iniciativa. Tambi\u00e9n ha formado parte del Consejo Comunitario de Wigtown y es administrador de la organizaci\u00f3n ben\u00e9fica local The Wigtown Festival Company, que organiza un festival anual del libro en la Ciudad Nacional del Libro de Escocia. <strong>(<a href=\"https:\/\/www.cltweb.org\/wp-content\/uploads\/2022\/10\/Nick-Walker-Presentation.pdf\" target=\"_blank\" rel=\"noopener\">enlace a las diapositivas<\/a>)<\/strong>   <\/li>\n<\/ul>\n<p>&nbsp;<\/p>\n","protected":false},"excerpt":{"rendered":"<p>\u00danete a nosotros en un debate sobre la reforma agraria escocesa y los v\u00ednculos del programa de reforma agraria con la vivienda dirigida por la comunidad y la capacitaci\u00f3n de la comunidad. La sesi\u00f3n incluir\u00e1 presentaciones de la Comisi\u00f3n Escocesa del Suelo, Community Land Scotland y Wigtown &amp; Bladnoch Community Initiative, seguidas de preguntas y respuestas. Este seminario web de una hora ofrecer\u00e1 una animada conversaci\u00f3n sobre la Reforma Agraria y la propiedad comunitaria en Escocia (y m\u00e1s all\u00e1), con aportaciones de expertos en pol\u00edtica, miembros de la comunidad y profesionales de la vivienda dirigida por la comunidad.  <\/p>\n","protected":false},"author":1,"featured_media":0,"comment_status":"open","ping_status":"open","sticky":false,"template":"","format":"standard","meta":{"give_campaign_id":0,"_tec_requires_first_save":true,"_kad_blocks_custom_css":"","_kad_blocks_head_custom_js":"","_kad_blocks_body_custom_js":"","_kad_blocks_footer_custom_js":"","_EventAllDay":false,"_EventTimezone":"","_EventStartDate":"","_EventEndDate":"","_EventStartDateUTC":"","_EventEndDateUTC":"","_EventShowMap":false,"_EventShowMapLink":false,"_EventURL":"","_EventCost":"","_EventCostDescription":"","_EventCurrencySymbol":"","_EventCurrencyCode":"","_EventCurrencyPosition":"","_EventDateTimeSeparator":"","_EventTimeRangeSeparator":"","_EventOrganizerID":[],"_EventVenueID":[],"_OrganizerEmail":"","_OrganizerPhone":"","_OrganizerWebsite":"","_VenueAddress":"","_VenueCity":"","_VenueCountry":"","_VenueProvince":"","_VenueState":"","_VenueZip":"","_VenuePhone":"","_VenueURL":"","_VenueStateProvince":"","_VenueLat":"","_VenueLng":"","_VenueShowMap":false,"_VenueShowMapLink":false,"_tribe_blocks_recurrence_rules":"","_tribe_blocks_recurrence_description":"","_tribe_blocks_recurrence_exclusions":"","_jetpack_memberships_contains_paid_content":false,"footnotes":""},"categories":[25],"tags":[],"class_list":["post-6596","post","type-post","status-publish","format-standard","hentry","category-sin-categorizar"],"blocksy_meta":[],"yoast_head":"<!-- This site is optimized with the Yoast SEO Premium plugin v27.5 (Yoast SEO v27.5) - https:\/\/yoast.com\/product\/yoast-seo-premium-wordpress\/ -->\n<title>EVENTO CLT CENTER: La reforma agraria en Escocia - International Center for Community Land Trusts<\/title>\n<meta name=\"robots\" content=\"index, follow, max-snippet:-1, max-image-preview:large, max-video-preview:-1\" \/>\n<link rel=\"canonical\" href=\"https:\/\/www.cltweb.org\/es\/2022\/10\/11\/evento-clt-center-la-reforma-agraria-en-escocia\/\" \/>\n<meta property=\"og:locale\" content=\"es_ES\" \/>\n<meta property=\"og:type\" content=\"article\" \/>\n<meta property=\"og:title\" content=\"EVENTO CLT CENTER: La reforma agraria en Escocia\" \/>\n<meta property=\"og:description\" content=\"\u00danete a nosotros en un debate sobre la reforma agraria escocesa y los v\u00ednculos del programa de reforma agraria con la vivienda dirigida por la comunidad y la capacitaci\u00f3n de la comunidad. La sesi\u00f3n incluir\u00e1 presentaciones de la Comisi\u00f3n Escocesa del Suelo, Community Land Scotland y Wigtown &amp; Bladnoch Community Initiative, seguidas de preguntas y respuestas. Este seminario web de una hora ofrecer\u00e1 una animada conversaci\u00f3n sobre la Reforma Agraria y la propiedad comunitaria en Escocia (y m\u00e1s all\u00e1), con aportaciones de expertos en pol\u00edtica, miembros de la comunidad y profesionales de la vivienda dirigida por la comunidad.\" \/>\n<meta property=\"og:url\" content=\"https:\/\/www.cltweb.org\/es\/2022\/10\/11\/evento-clt-center-la-reforma-agraria-en-escocia\/\" \/>\n<meta property=\"og:site_name\" content=\"International Center for Community Land Trusts\" \/>\n<meta property=\"article:publisher\" content=\"https:\/\/www.facebook.com\/cltcenter\" \/>\n<meta property=\"article:published_time\" content=\"2022-10-11T00:00:00+00:00\" \/>\n<meta name=\"author\" content=\"cltredesign_0jp0l4\" \/>\n<meta name=\"twitter:card\" content=\"summary_large_image\" \/>\n<meta name=\"twitter:creator\" content=\"@Center4CLTs\" \/>\n<meta name=\"twitter:site\" content=\"@Center4CLTs\" \/>\n<meta name=\"twitter:label1\" content=\"Escrito por\" \/>\n\t<meta name=\"twitter:data1\" content=\"cltredesign_0jp0l4\" \/>\n\t<meta name=\"twitter:label2\" content=\"Tiempo de lectura\" \/>\n\t<meta name=\"twitter:data2\" content=\"3 minutos\" \/>\n<script type=\"application\/ld+json\" class=\"yoast-schema-graph\">{\"@context\":\"https:\\\/\\\/schema.org\",\"@graph\":[{\"@type\":\"Article\",\"@id\":\"https:\\\/\\\/www.cltweb.org\\\/es\\\/2022\\\/10\\\/11\\\/evento-clt-center-la-reforma-agraria-en-escocia\\\/#article\",\"isPartOf\":{\"@id\":\"https:\\\/\\\/www.cltweb.org\\\/es\\\/2022\\\/10\\\/11\\\/evento-clt-center-la-reforma-agraria-en-escocia\\\/\"},\"author\":{\"name\":\"cltredesign_0jp0l4\",\"@id\":\"https:\\\/\\\/www.cltweb.org\\\/es\\\/#\\\/schema\\\/person\\\/afd3723291b60b81c27772953e5b49d6\"},\"headline\":\"EVENTO CLT CENTER: La reforma agraria en Escocia\",\"datePublished\":\"2022-10-11T00:00:00+00:00\",\"mainEntityOfPage\":{\"@id\":\"https:\\\/\\\/www.cltweb.org\\\/es\\\/2022\\\/10\\\/11\\\/evento-clt-center-la-reforma-agraria-en-escocia\\\/\"},\"wordCount\":532,\"commentCount\":0,\"publisher\":{\"@id\":\"https:\\\/\\\/www.cltweb.org\\\/es\\\/#organization\"},\"image\":{\"@id\":\"https:\\\/\\\/www.cltweb.org\\\/es\\\/2022\\\/10\\\/11\\\/evento-clt-center-la-reforma-agraria-en-escocia\\\/#primaryimage\"},\"thumbnailUrl\":\"https:\\\/\\\/www.cltweb.org\\\/wp-content\\\/uploads\\\/2022\\\/10\\\/SOSCH-logo.png\",\"articleSection\":[\"Sin categorizar\"],\"inLanguage\":\"es\",\"potentialAction\":[{\"@type\":\"CommentAction\",\"name\":\"Comment\",\"target\":[\"https:\\\/\\\/www.cltweb.org\\\/es\\\/2022\\\/10\\\/11\\\/evento-clt-center-la-reforma-agraria-en-escocia\\\/#respond\"]}]},{\"@type\":\"WebPage\",\"@id\":\"https:\\\/\\\/www.cltweb.org\\\/es\\\/2022\\\/10\\\/11\\\/evento-clt-center-la-reforma-agraria-en-escocia\\\/\",\"url\":\"https:\\\/\\\/www.cltweb.org\\\/es\\\/2022\\\/10\\\/11\\\/evento-clt-center-la-reforma-agraria-en-escocia\\\/\",\"name\":\"EVENTO CLT CENTER: La reforma agraria en Escocia - International Center for Community Land Trusts\",\"isPartOf\":{\"@id\":\"https:\\\/\\\/www.cltweb.org\\\/es\\\/#website\"},\"primaryImageOfPage\":{\"@id\":\"https:\\\/\\\/www.cltweb.org\\\/es\\\/2022\\\/10\\\/11\\\/evento-clt-center-la-reforma-agraria-en-escocia\\\/#primaryimage\"},\"image\":{\"@id\":\"https:\\\/\\\/www.cltweb.org\\\/es\\\/2022\\\/10\\\/11\\\/evento-clt-center-la-reforma-agraria-en-escocia\\\/#primaryimage\"},\"thumbnailUrl\":\"https:\\\/\\\/www.cltweb.org\\\/wp-content\\\/uploads\\\/2022\\\/10\\\/SOSCH-logo.png\",\"datePublished\":\"2022-10-11T00:00:00+00:00\",\"breadcrumb\":{\"@id\":\"https:\\\/\\\/www.cltweb.org\\\/es\\\/2022\\\/10\\\/11\\\/evento-clt-center-la-reforma-agraria-en-escocia\\\/#breadcrumb\"},\"inLanguage\":\"es\",\"potentialAction\":[{\"@type\":\"ReadAction\",\"target\":[\"https:\\\/\\\/www.cltweb.org\\\/es\\\/2022\\\/10\\\/11\\\/evento-clt-center-la-reforma-agraria-en-escocia\\\/\"]}]},{\"@type\":\"ImageObject\",\"inLanguage\":\"es\",\"@id\":\"https:\\\/\\\/www.cltweb.org\\\/es\\\/2022\\\/10\\\/11\\\/evento-clt-center-la-reforma-agraria-en-escocia\\\/#primaryimage\",\"url\":\"https:\\\/\\\/www.cltweb.org\\\/wp-content\\\/uploads\\\/2022\\\/10\\\/SOSCH-logo.png\",\"contentUrl\":\"https:\\\/\\\/www.cltweb.org\\\/wp-content\\\/uploads\\\/2022\\\/10\\\/SOSCH-logo.png\"},{\"@type\":\"BreadcrumbList\",\"@id\":\"https:\\\/\\\/www.cltweb.org\\\/es\\\/2022\\\/10\\\/11\\\/evento-clt-center-la-reforma-agraria-en-escocia\\\/#breadcrumb\",\"itemListElement\":[{\"@type\":\"ListItem\",\"position\":1,\"name\":\"Home\",\"item\":\"https:\\\/\\\/www.cltweb.org\\\/es\\\/\"},{\"@type\":\"ListItem\",\"position\":2,\"name\":\"EVENTO CLT CENTER: La reforma agraria en Escocia\"}]},{\"@type\":\"WebSite\",\"@id\":\"https:\\\/\\\/www.cltweb.org\\\/es\\\/#website\",\"url\":\"https:\\\/\\\/www.cltweb.org\\\/es\\\/\",\"name\":\"International Center for Community Land Trusts\",\"description\":\"\",\"publisher\":{\"@id\":\"https:\\\/\\\/www.cltweb.org\\\/es\\\/#organization\"},\"potentialAction\":[{\"@type\":\"SearchAction\",\"target\":{\"@type\":\"EntryPoint\",\"urlTemplate\":\"https:\\\/\\\/www.cltweb.org\\\/es\\\/?s={search_term_string}\"},\"query-input\":{\"@type\":\"PropertyValueSpecification\",\"valueRequired\":true,\"valueName\":\"search_term_string\"}}],\"inLanguage\":\"es\"},{\"@type\":\"Organization\",\"@id\":\"https:\\\/\\\/www.cltweb.org\\\/es\\\/#organization\",\"name\":\"International Center for Community Land Trusts\",\"url\":\"https:\\\/\\\/www.cltweb.org\\\/es\\\/\",\"logo\":{\"@type\":\"ImageObject\",\"inLanguage\":\"es\",\"@id\":\"https:\\\/\\\/www.cltweb.org\\\/es\\\/#\\\/schema\\\/logo\\\/image\\\/\",\"url\":\"https:\\\/\\\/www.cltweb.org\\\/wp-content\\\/uploads\\\/2024\\\/11\\\/New-CLT-Center-Text-logo.png\",\"contentUrl\":\"https:\\\/\\\/www.cltweb.org\\\/wp-content\\\/uploads\\\/2024\\\/11\\\/New-CLT-Center-Text-logo.png\",\"width\":227,\"height\":80,\"caption\":\"International Center for Community Land Trusts\"},\"image\":{\"@id\":\"https:\\\/\\\/www.cltweb.org\\\/es\\\/#\\\/schema\\\/logo\\\/image\\\/\"},\"sameAs\":[\"https:\\\/\\\/www.facebook.com\\\/cltcenter\",\"https:\\\/\\\/x.com\\\/Center4CLTs\",\"https:\\\/\\\/www.instagram.com\\\/cltcenter\\\/\",\"https:\\\/\\\/www.linkedin.com\\\/company\\\/cltcenter\",\"https:\\\/\\\/www.youtube.com\\\/@centerforcltinnovation5313\"],\"description\":\"The International Center for Community Land Trusts is a not-for-profit nongovernmental organization established in 2018 to promote and to support community land trusts and similar strategies of community-led development on community-owned land in countries throughout the world.\",\"email\":\"info@communitylandtrust.net\",\"legalName\":\"International Center for Community Land Trusts\",\"foundingDate\":\"2018-12-01\",\"taxID\":\"84-3858933\",\"numberOfEmployees\":{\"@type\":\"QuantitativeValue\",\"minValue\":\"1\",\"maxValue\":\"10\"}},{\"@type\":\"Person\",\"@id\":\"https:\\\/\\\/www.cltweb.org\\\/es\\\/#\\\/schema\\\/person\\\/afd3723291b60b81c27772953e5b49d6\",\"name\":\"cltredesign_0jp0l4\",\"image\":{\"@type\":\"ImageObject\",\"inLanguage\":\"es\",\"@id\":\"https:\\\/\\\/secure.gravatar.com\\\/avatar\\\/1012e57596c2454da589d773454d3eb22a64f2ff638e62850caeb654f3affad5?s=96&d=mm&r=g\",\"url\":\"https:\\\/\\\/secure.gravatar.com\\\/avatar\\\/1012e57596c2454da589d773454d3eb22a64f2ff638e62850caeb654f3affad5?s=96&d=mm&r=g\",\"contentUrl\":\"https:\\\/\\\/secure.gravatar.com\\\/avatar\\\/1012e57596c2454da589d773454d3eb22a64f2ff638e62850caeb654f3affad5?s=96&d=mm&r=g\",\"caption\":\"cltredesign_0jp0l4\"},\"sameAs\":[\"https:\\\/\\\/icclt.org\"],\"url\":\"https:\\\/\\\/www.cltweb.org\\\/es\\\/author\\\/cltredesign_0jp0l4\\\/\"}]}<\/script>\n<!-- \/ Yoast SEO Premium plugin. -->","yoast_head_json":{"title":"EVENTO CLT CENTER: La reforma agraria en Escocia - International Center for Community Land Trusts","robots":{"index":"index","follow":"follow","max-snippet":"max-snippet:-1","max-image-preview":"max-image-preview:large","max-video-preview":"max-video-preview:-1"},"canonical":"https:\/\/www.cltweb.org\/es\/2022\/10\/11\/evento-clt-center-la-reforma-agraria-en-escocia\/","og_locale":"es_ES","og_type":"article","og_title":"EVENTO CLT CENTER: La reforma agraria en Escocia","og_description":"\u00danete a nosotros en un debate sobre la reforma agraria escocesa y los v\u00ednculos del programa de reforma agraria con la vivienda dirigida por la comunidad y la capacitaci\u00f3n de la comunidad. La sesi\u00f3n incluir\u00e1 presentaciones de la Comisi\u00f3n Escocesa del Suelo, Community Land Scotland y Wigtown &amp; Bladnoch Community Initiative, seguidas de preguntas y respuestas. Este seminario web de una hora ofrecer\u00e1 una animada conversaci\u00f3n sobre la Reforma Agraria y la propiedad comunitaria en Escocia (y m\u00e1s all\u00e1), con aportaciones de expertos en pol\u00edtica, miembros de la comunidad y profesionales de la vivienda dirigida por la comunidad.","og_url":"https:\/\/www.cltweb.org\/es\/2022\/10\/11\/evento-clt-center-la-reforma-agraria-en-escocia\/","og_site_name":"International Center for Community Land Trusts","article_publisher":"https:\/\/www.facebook.com\/cltcenter","article_published_time":"2022-10-11T00:00:00+00:00","author":"cltredesign_0jp0l4","twitter_card":"summary_large_image","twitter_creator":"@Center4CLTs","twitter_site":"@Center4CLTs","twitter_misc":{"Escrito por":"cltredesign_0jp0l4","Tiempo de lectura":"3 minutos"},"schema":{"@context":"https:\/\/schema.org","@graph":[{"@type":"Article","@id":"https:\/\/www.cltweb.org\/es\/2022\/10\/11\/evento-clt-center-la-reforma-agraria-en-escocia\/#article","isPartOf":{"@id":"https:\/\/www.cltweb.org\/es\/2022\/10\/11\/evento-clt-center-la-reforma-agraria-en-escocia\/"},"author":{"name":"cltredesign_0jp0l4","@id":"https:\/\/www.cltweb.org\/es\/#\/schema\/person\/afd3723291b60b81c27772953e5b49d6"},"headline":"EVENTO CLT CENTER: La reforma agraria en Escocia","datePublished":"2022-10-11T00:00:00+00:00","mainEntityOfPage":{"@id":"https:\/\/www.cltweb.org\/es\/2022\/10\/11\/evento-clt-center-la-reforma-agraria-en-escocia\/"},"wordCount":532,"commentCount":0,"publisher":{"@id":"https:\/\/www.cltweb.org\/es\/#organization"},"image":{"@id":"https:\/\/www.cltweb.org\/es\/2022\/10\/11\/evento-clt-center-la-reforma-agraria-en-escocia\/#primaryimage"},"thumbnailUrl":"https:\/\/www.cltweb.org\/wp-content\/uploads\/2022\/10\/SOSCH-logo.png","articleSection":["Sin categorizar"],"inLanguage":"es","potentialAction":[{"@type":"CommentAction","name":"Comment","target":["https:\/\/www.cltweb.org\/es\/2022\/10\/11\/evento-clt-center-la-reforma-agraria-en-escocia\/#respond"]}]},{"@type":"WebPage","@id":"https:\/\/www.cltweb.org\/es\/2022\/10\/11\/evento-clt-center-la-reforma-agraria-en-escocia\/","url":"https:\/\/www.cltweb.org\/es\/2022\/10\/11\/evento-clt-center-la-reforma-agraria-en-escocia\/","name":"EVENTO CLT CENTER: La reforma agraria en Escocia - International Center for Community Land Trusts","isPartOf":{"@id":"https:\/\/www.cltweb.org\/es\/#website"},"primaryImageOfPage":{"@id":"https:\/\/www.cltweb.org\/es\/2022\/10\/11\/evento-clt-center-la-reforma-agraria-en-escocia\/#primaryimage"},"image":{"@id":"https:\/\/www.cltweb.org\/es\/2022\/10\/11\/evento-clt-center-la-reforma-agraria-en-escocia\/#primaryimage"},"thumbnailUrl":"https:\/\/www.cltweb.org\/wp-content\/uploads\/2022\/10\/SOSCH-logo.png","datePublished":"2022-10-11T00:00:00+00:00","breadcrumb":{"@id":"https:\/\/www.cltweb.org\/es\/2022\/10\/11\/evento-clt-center-la-reforma-agraria-en-escocia\/#breadcrumb"},"inLanguage":"es","potentialAction":[{"@type":"ReadAction","target":["https:\/\/www.cltweb.org\/es\/2022\/10\/11\/evento-clt-center-la-reforma-agraria-en-escocia\/"]}]},{"@type":"ImageObject","inLanguage":"es","@id":"https:\/\/www.cltweb.org\/es\/2022\/10\/11\/evento-clt-center-la-reforma-agraria-en-escocia\/#primaryimage","url":"https:\/\/www.cltweb.org\/wp-content\/uploads\/2022\/10\/SOSCH-logo.png","contentUrl":"https:\/\/www.cltweb.org\/wp-content\/uploads\/2022\/10\/SOSCH-logo.png"},{"@type":"BreadcrumbList","@id":"https:\/\/www.cltweb.org\/es\/2022\/10\/11\/evento-clt-center-la-reforma-agraria-en-escocia\/#breadcrumb","itemListElement":[{"@type":"ListItem","position":1,"name":"Home","item":"https:\/\/www.cltweb.org\/es\/"},{"@type":"ListItem","position":2,"name":"EVENTO CLT CENTER: La reforma agraria en Escocia"}]},{"@type":"WebSite","@id":"https:\/\/www.cltweb.org\/es\/#website","url":"https:\/\/www.cltweb.org\/es\/","name":"International Center for Community Land Trusts","description":"","publisher":{"@id":"https:\/\/www.cltweb.org\/es\/#organization"},"potentialAction":[{"@type":"SearchAction","target":{"@type":"EntryPoint","urlTemplate":"https:\/\/www.cltweb.org\/es\/?s={search_term_string}"},"query-input":{"@type":"PropertyValueSpecification","valueRequired":true,"valueName":"search_term_string"}}],"inLanguage":"es"},{"@type":"Organization","@id":"https:\/\/www.cltweb.org\/es\/#organization","name":"International Center for Community Land Trusts","url":"https:\/\/www.cltweb.org\/es\/","logo":{"@type":"ImageObject","inLanguage":"es","@id":"https:\/\/www.cltweb.org\/es\/#\/schema\/logo\/image\/","url":"https:\/\/www.cltweb.org\/wp-content\/uploads\/2024\/11\/New-CLT-Center-Text-logo.png","contentUrl":"https:\/\/www.cltweb.org\/wp-content\/uploads\/2024\/11\/New-CLT-Center-Text-logo.png","width":227,"height":80,"caption":"International Center for Community Land Trusts"},"image":{"@id":"https:\/\/www.cltweb.org\/es\/#\/schema\/logo\/image\/"},"sameAs":["https:\/\/www.facebook.com\/cltcenter","https:\/\/x.com\/Center4CLTs","https:\/\/www.instagram.com\/cltcenter\/","https:\/\/www.linkedin.com\/company\/cltcenter","https:\/\/www.youtube.com\/@centerforcltinnovation5313"],"description":"The International Center for Community Land Trusts is a not-for-profit nongovernmental organization established in 2018 to promote and to support community land trusts and similar strategies of community-led development on community-owned land in countries throughout the world.","email":"info@communitylandtrust.net","legalName":"International Center for Community Land Trusts","foundingDate":"2018-12-01","taxID":"84-3858933","numberOfEmployees":{"@type":"QuantitativeValue","minValue":"1","maxValue":"10"}},{"@type":"Person","@id":"https:\/\/www.cltweb.org\/es\/#\/schema\/person\/afd3723291b60b81c27772953e5b49d6","name":"cltredesign_0jp0l4","image":{"@type":"ImageObject","inLanguage":"es","@id":"https:\/\/secure.gravatar.com\/avatar\/1012e57596c2454da589d773454d3eb22a64f2ff638e62850caeb654f3affad5?s=96&d=mm&r=g","url":"https:\/\/secure.gravatar.com\/avatar\/1012e57596c2454da589d773454d3eb22a64f2ff638e62850caeb654f3affad5?s=96&d=mm&r=g","contentUrl":"https:\/\/secure.gravatar.com\/avatar\/1012e57596c2454da589d773454d3eb22a64f2ff638e62850caeb654f3affad5?s=96&d=mm&r=g","caption":"cltredesign_0jp0l4"},"sameAs":["https:\/\/icclt.org"],"url":"https:\/\/www.cltweb.org\/es\/author\/cltredesign_0jp0l4\/"}]}},"taxonomy_info":{"category":[{"value":25,"label":"Sin categorizar"}]},"featured_image_src_large":false,"author_info":{"display_name":"cltredesign_0jp0l4","author_link":"https:\/\/www.cltweb.org\/es\/author\/cltredesign_0jp0l4\/"},"comment_info":0,"category_info":[{"term_id":25,"name":"Sin categorizar","slug":"sin-categorizar","term_group":0,"term_taxonomy_id":25,"taxonomy":"category","description":"","parent":0,"count":19,"filter":"raw","cat_ID":25,"category_count":19,"category_description":"","cat_name":"Sin categorizar","category_nicename":"sin-categorizar","category_parent":0}],"tag_info":false,"jetpack_featured_media_url":"","jetpack_sharing_enabled":true,"jetpack-related-posts":[{"id":6597,"url":"https:\/\/www.cltweb.org\/pt-br\/2022\/10\/11\/evento-do-centro-clt-reforma-agraria-na-escocia\/","url_meta":{"origin":6596,"position":0},"title":"EVENTO DO CENTRO CLT: Reforma agr\u00e1ria na Esc\u00f3cia","author":"cltredesign_0jp0l4","date":"11 de octubre de 2022","format":false,"excerpt":"Junte-se a n\u00f3s para uma discuss\u00e3o sobre a Reforma Agr\u00e1ria Escocesa e os v\u00ednculos da agenda da reforma agr\u00e1ria com a habita\u00e7\u00e3o liderada pela comunidade e o empoderamento da comunidade. A sess\u00e3o incluir\u00e1 apresenta\u00e7\u00f5es da Scottish Land Commission, da Community Land Scotland e da Wigtown & Bladnoch Community Initiative, seguidas\u2026","rel":"","context":"En \u00abN\u00e3o categorizado\u00bb","block_context":{"text":"N\u00e3o categorizado","link":"https:\/\/www.cltweb.org\/pt-br\/category\/nao-categorizado\/"},"img":{"alt_text":"Logotipo da SOSCH","src":"https:\/\/i0.wp.com\/www.cltweb.org\/wp-content\/uploads\/2022\/10\/SOSCH-logo.png?resize=350%2C200&ssl=1","width":350,"height":200},"classes":[]},{"id":6592,"url":"https:\/\/www.cltweb.org\/es\/2022\/10\/11\/evento-clt-center-presentacion-del-libro-community-matters\/","url_meta":{"origin":6596,"position":1},"title":"EVENTO CLT CENTER: Presentaci\u00f3n del libro Community Matters","author":"cltredesign_0jp0l4","date":"11 de octubre de 2022","format":false,"excerpt":"\u00danete a nosotros para celebrar la publicaci\u00f3n del \u00faltimo libro de Terra Nostra Press, Community Matters. Este seminario web reunir\u00e1 a profesionales del CLT de Boston, Bruselas, Londres, Houston y San Juan, cuyas perspectivas sobre la organizaci\u00f3n comunitaria y la participaci\u00f3n de los residentes aparecen en el libro.","rel":"","context":"En \u00abSin categorizar\u00bb","block_context":{"text":"Sin categorizar","link":"https:\/\/www.cltweb.org\/es\/category\/sin-categorizar\/"},"img":{"alt_text":"Portada del libro La Comunidad Importa","src":"https:\/\/i0.wp.com\/www.cltweb.org\/wp-content\/uploads\/2022\/09\/Community-Matters-final-book-cover-062822-683x1024.jpeg?resize=350%2C200&ssl=1","width":350,"height":200},"classes":[]},{"id":10666,"url":"https:\/\/www.cltweb.org\/es\/2025\/11\/17\/las-clt-y-la-accion-climatica-un-movimiento-creciente-para-una-transicion-justa\/","url_meta":{"origin":6596,"position":2},"title":"Las CLT y la Acci\u00f3n Clim\u00e1tica: Un movimiento creciente para una transici\u00f3n justa","author":"Ben Harris","date":"17 de noviembre de 2025","format":false,"excerpt":"Esta historia forma parte de nuestra campa\u00f1a de fin de a\u00f1o que celebra c\u00f3mo el Centro CLT trabaja para servir al movimiento global de CLT. Esta semana, destacamos : La Iniciativa por la Justicia Clim\u00e1tica La emergencia clim\u00e1tica ya no es una amenaza lejana: est\u00e1 aqu\u00ed, remodelando d\u00f3nde y c\u00f3mo\u2026","rel":"","context":"En \u00abIniciativa de Justicia Clim\u00e1tica\u00bb","block_context":{"text":"Iniciativa de Justicia Clim\u00e1tica","link":"https:\/\/www.cltweb.org\/es\/category\/iniciativa-de-justicia-climatica\/"},"img":{"alt_text":"","src":"https:\/\/i0.wp.com\/www.cltweb.org\/wp-content\/uploads\/2025\/11\/Land-for-People-Not-for-Profit-Banner.gif?resize=350%2C200&ssl=1","width":350,"height":200,"srcset":"https:\/\/i0.wp.com\/www.cltweb.org\/wp-content\/uploads\/2025\/11\/Land-for-People-Not-for-Profit-Banner.gif?resize=350%2C200&ssl=1 1x, https:\/\/i0.wp.com\/www.cltweb.org\/wp-content\/uploads\/2025\/11\/Land-for-People-Not-for-Profit-Banner.gif?resize=525%2C300&ssl=1 1.5x, https:\/\/i0.wp.com\/www.cltweb.org\/wp-content\/uploads\/2025\/11\/Land-for-People-Not-for-Profit-Banner.gif?resize=700%2C400&ssl=1 2x, https:\/\/i0.wp.com\/www.cltweb.org\/wp-content\/uploads\/2025\/11\/Land-for-People-Not-for-Profit-Banner.gif?resize=1050%2C600&ssl=1 3x, https:\/\/i0.wp.com\/www.cltweb.org\/wp-content\/uploads\/2025\/11\/Land-for-People-Not-for-Profit-Banner.gif?resize=1400%2C800&ssl=1 4x"},"classes":[]},{"id":9524,"url":"https:\/\/www.cltweb.org\/es\/2025\/05\/21\/bienes-comunes-por-la-justicia-clts-across-continents-en-el-festival-internacional-de-la-vivienda-social\/","url_meta":{"origin":6596,"position":3},"title":"Bienes Comunes por la Justicia: CLTs Across Continents en el Festival Internacional de la Vivienda Social","author":"Ben Harris","date":"21 de mayo de 2025","format":false,"excerpt":"En una \u00e9poca marcada por la crisis de la vivienda, los mercados extractivos de la tierra y la creciente desigualdad, las comunidades de todo el mundo est\u00e1n reclamando los bienes comunes. En el Festival Internacional de la Vivienda Social 2025 de Dubl\u00edn (Irlanda) (4-6 de junio), la Red Europea de\u2026","rel":"","context":"En \u00abBlogs\u00bb","block_context":{"text":"Blogs","link":"https:\/\/www.cltweb.org\/es\/category\/blogs\/"},"img":{"alt_text":"","src":"https:\/\/i0.wp.com\/www.cltweb.org\/wp-content\/uploads\/2025\/05\/Juliet-Can.jpeg?resize=350%2C200&ssl=1","width":350,"height":200},"classes":[]},{"id":7685,"url":"https:\/\/www.cltweb.org\/es\/2024\/11\/11\/introduccion-al-poder-y-el-liderazgo-de-los-jovenes-en-la-practica-de-los-fideicomisos-de-la-tierra-comunitarios\/","url_meta":{"origin":6596,"position":4},"title":"Introducci\u00f3n al poder y el liderazgo de los j\u00f3venes en la pr\u00e1ctica de los fideicomisos de la tierra comunitarios","author":"Ben Harris","date":"11 de noviembre de 2024","format":false,"excerpt":"Por Richard Kruger Delgado La siguiente contribuci\u00f3n ha sido escrita por Richard Kruger Delgado, Responsable de Educaci\u00f3n y Divulgaci\u00f3n del Centro Internacional de Fideicomisos Comunitarios de la Tierra, como contribuci\u00f3n al pr\u00f3ximo seminario web sobre \"Gestionar el futuro: Poder y liderazgo de los j\u00f3venes en la pr\u00e1ctica de los fideicomisos\u2026","rel":"","context":"En \u00abBlogs\u00bb","block_context":{"text":"Blogs","link":"https:\/\/www.cltweb.org\/es\/category\/blogs\/"},"img":{"alt_text":"","src":"https:\/\/i0.wp.com\/www.cltweb.org\/wp-content\/uploads\/2024\/11\/Screenshot-2024-11-11-at-5.46.26%E2%80%AFPM.png?resize=350%2C200&ssl=1","width":350,"height":200,"srcset":"https:\/\/i0.wp.com\/www.cltweb.org\/wp-content\/uploads\/2024\/11\/Screenshot-2024-11-11-at-5.46.26%E2%80%AFPM.png?resize=350%2C200&ssl=1 1x, https:\/\/i0.wp.com\/www.cltweb.org\/wp-content\/uploads\/2024\/11\/Screenshot-2024-11-11-at-5.46.26%E2%80%AFPM.png?resize=525%2C300&ssl=1 1.5x, https:\/\/i0.wp.com\/www.cltweb.org\/wp-content\/uploads\/2024\/11\/Screenshot-2024-11-11-at-5.46.26%E2%80%AFPM.png?resize=700%2C400&ssl=1 2x"},"classes":[]},{"id":10095,"url":"https:\/\/www.cltweb.org\/es\/2025\/10\/24\/explorando-el-potencial-de-los-fideicomisos-de-la-tierra-comunitarios-en-buenos-aires\/","url_meta":{"origin":6596,"position":5},"title":"Explorando el potencial de los fideicomisos de la tierra comunitarios en Buenos Aires","author":"Ben Harris","date":"24 de octubre de 2025","format":false,"excerpt":"Por Tarcyla Fidalgo En octubre de 2025, como parte de la Iniciativa CLT del Sur Global del CLT Center, Tarcyla Fidalgo, Jefa de Proyecto, visit\u00f3 Buenos Aires (Argentina) para intercambiar ideas sobre vivienda asequible, seguridad de la tenencia y propiedad colectiva de la tierra. La visita se bas\u00f3 en el\u2026","rel":"","context":"En \u00abBlogs\u00bb","block_context":{"text":"Blogs","link":"https:\/\/www.cltweb.org\/es\/category\/blogs\/"},"img":{"alt_text":"Tarcyla Fidalgo participates in a seminar at the Public Defender's Office in Buenos Aires, Argentina.","src":"https:\/\/i0.wp.com\/www.cltweb.org\/wp-content\/uploads\/2025\/10\/image-edited.jpeg?resize=350%2C200&ssl=1","width":350,"height":200,"srcset":"https:\/\/i0.wp.com\/www.cltweb.org\/wp-content\/uploads\/2025\/10\/image-edited.jpeg?resize=350%2C200&ssl=1 1x, https:\/\/i0.wp.com\/www.cltweb.org\/wp-content\/uploads\/2025\/10\/image-edited.jpeg?resize=525%2C300&ssl=1 1.5x, https:\/\/i0.wp.com\/www.cltweb.org\/wp-content\/uploads\/2025\/10\/image-edited.jpeg?resize=700%2C400&ssl=1 2x"},"classes":[]}],"_links":{"self":[{"href":"https:\/\/www.cltweb.org\/es\/wp-json\/wp\/v2\/posts\/6596","targetHints":{"allow":["GET"]}}],"collection":[{"href":"https:\/\/www.cltweb.org\/es\/wp-json\/wp\/v2\/posts"}],"about":[{"href":"https:\/\/www.cltweb.org\/es\/wp-json\/wp\/v2\/types\/post"}],"author":[{"embeddable":true,"href":"https:\/\/www.cltweb.org\/es\/wp-json\/wp\/v2\/users\/1"}],"replies":[{"embeddable":true,"href":"https:\/\/www.cltweb.org\/es\/wp-json\/wp\/v2\/comments?post=6596"}],"version-history":[{"count":0,"href":"https:\/\/www.cltweb.org\/es\/wp-json\/wp\/v2\/posts\/6596\/revisions"}],"wp:attachment":[{"href":"https:\/\/www.cltweb.org\/es\/wp-json\/wp\/v2\/media?parent=6596"}],"wp:term":[{"taxonomy":"category","embeddable":true,"href":"https:\/\/www.cltweb.org\/es\/wp-json\/wp\/v2\/categories?post=6596"},{"taxonomy":"post_tag","embeddable":true,"href":"https:\/\/www.cltweb.org\/es\/wp-json\/wp\/v2\/tags?post=6596"}],"curies":[{"name":"wp","href":"https:\/\/api.w.org\/{rel}","templated":true}]}}