{"id":6601,"date":"2022-10-11T00:00:00","date_gmt":"2022-10-11T00:00:00","guid":{"rendered":"https:\/\/www.cltweb.org\/2022\/10\/11\/nuevas-vias-para-construir-ciudades-sostenibles-el-potencial-de-la-gestion-colectiva-del-suelo-basada-en-el-clt\/"},"modified":"2022-10-11T00:00:00","modified_gmt":"2022-10-11T00:00:00","slug":"nuevas-vias-para-construir-ciudades-sostenibles-el-potencial-de-la-gestion-colectiva-del-suelo-basada-en-el-clt","status":"publish","type":"post","link":"https:\/\/www.cltweb.org\/es\/2022\/10\/11\/nuevas-vias-para-construir-ciudades-sostenibles-el-potencial-de-la-gestion-colectiva-del-suelo-basada-en-el-clt\/","title":{"rendered":"Nuevas v\u00edas para construir ciudades sostenibles: el potencial de la gesti\u00f3n colectiva del suelo basada en el CLT"},"content":{"rendered":"<p><iframe loading=\"lazy\" title=\"Reproductor de v\u00eddeo de YouTube\" src=\"https:\/\/www.youtube.com\/embed\/aH9vJY3JwQg\" width=\"560\" height=\"315\" frameborder=\"0\" allowfullscreen=\"allowfullscreen\"><\/iframe><\/p>\n<p><a href=\"https:\/\/www.cltweb.org\/wp-content\/uploads\/2024\/11\/Circuito-Urbano-2022-Convite-1-ING.jpg\"><img loading=\"lazy\" decoding=\"async\" class=\"alignright wp-image-6600\" src=\"https:\/\/www.cltweb.org\/wp-content\/uploads\/2024\/11\/Circuito-Urbano-2022-Convite-1-ING.jpg\" alt=\"Circuito Urbano 2022 Convite 1 ING.\" width=\"313\" height=\"313\"><\/a>La implementaci\u00f3n del ODS 11 -ciudades sostenibles- ha sido un reto para los gobiernos en los \u00faltimos a\u00f1os. Entre los aspectos m\u00e1s desafiantes para la realizaci\u00f3n del objetivo, se encuentran la provisi\u00f3n de una vivienda adecuada y la gesti\u00f3n democr\u00e1tica del suelo. Teniendo en cuenta el contexto espec\u00edfico del Sur Global y la ineficacia de sus pol\u00edticas para abordar las cuestiones planteadas, es esencial que el debate explore nuevos modelos y herramientas que puedan abordarlos de forma m\u00e1s adecuada. En este escenario, surge la propuesta de ampliar los debates sobre el Fideicomiso Comunitario de la Tierra, un modelo reconocido internacionalmente que tiene un gran potencial para afrontar los retos de la vivienda y la gesti\u00f3n democr\u00e1tica de la tierra, especialmente en el Sur Global. El modelo est\u00e1 previsto en la Nueva Agenda Urbana como herramienta para garantizar una vivienda sostenible pero, a pesar de que los Estados firmantes se han comprometido a apoyar las iniciativas de CLT, es un modelo todav\u00eda poco conocido en el Sur Global.  <\/p>\n<p><a href=\"https:\/\/www.cltweb.org\/wp-content\/uploads\/2022\/10\/Circuito-Urbano-2022-Convite-1-ESP..jpg\"><img loading=\"lazy\" decoding=\"async\" class=\"alignright wp-image-6599\" src=\"https:\/\/www.cltweb.org\/wp-content\/uploads\/2022\/10\/Circuito-Urbano-2022-Convite-1-ESP.-300x300.jpg\" alt=\"Circuito Urbano 2022 Convite 1 ESP.\" width=\"300\" height=\"300\"><\/a>El acto re\u00fane a expertos internacionales en la materia, con especial atenci\u00f3n a las pr\u00e1cticas arraigadas en el Sur Global, con el fin de debatir el potencial del modelo para la construcci\u00f3n de ciudades m\u00e1s sostenibles, en consonancia con el ODS 11 de la Nueva Agenda Urbana. Forma parte del Octubre Urbano 2022, una iniciativa de ONU-H\u00e1bitat para la difusi\u00f3n de eventos que exploran temas como el derecho a la vivienda y la ciudad. <\/p>\n","protected":false},"excerpt":{"rendered":"<p>El acto re\u00fane a expertos internacionales en la materia, con especial atenci\u00f3n a las pr\u00e1cticas arraigadas en el Sur Global, con el fin de debatir el potencial del modelo para la construcci\u00f3n de ciudades m\u00e1s sostenibles, en consonancia con el ODS 11 de la Nueva Agenda Urbana. Forma parte del Octubre Urbano 2022, una iniciativa de ONU-H\u00e1bitat para la difusi\u00f3n de eventos que exploran temas como el derecho a la vivienda y la ciudad. <\/p>\n","protected":false},"author":1,"featured_media":0,"comment_status":"open","ping_status":"open","sticky":false,"template":"","format":"standard","meta":{"give_campaign_id":0,"_tec_requires_first_save":true,"_kad_blocks_custom_css":"","_kad_blocks_head_custom_js":"","_kad_blocks_body_custom_js":"","_kad_blocks_footer_custom_js":"","_EventAllDay":false,"_EventTimezone":"","_EventStartDate":"","_EventEndDate":"","_EventStartDateUTC":"","_EventEndDateUTC":"","_EventShowMap":false,"_EventShowMapLink":false,"_EventURL":"","_EventCost":"","_EventCostDescription":"","_EventCurrencySymbol":"","_EventCurrencyCode":"","_EventCurrencyPosition":"","_EventDateTimeSeparator":"","_EventTimeRangeSeparator":"","_EventOrganizerID":[],"_EventVenueID":[],"_OrganizerEmail":"","_OrganizerPhone":"","_OrganizerWebsite":"","_VenueAddress":"","_VenueCity":"","_VenueCountry":"","_VenueProvince":"","_VenueState":"","_VenueZip":"","_VenuePhone":"","_VenueURL":"","_VenueStateProvince":"","_VenueLat":"","_VenueLng":"","_VenueShowMap":false,"_VenueShowMapLink":false,"_tribe_blocks_recurrence_rules":"","_tribe_blocks_recurrence_description":"","_tribe_blocks_recurrence_exclusions":"","_jetpack_memberships_contains_paid_content":false,"footnotes":""},"categories":[25],"tags":[],"class_list":["post-6601","post","type-post","status-publish","format-standard","hentry","category-sin-categorizar"],"blocksy_meta":[],"yoast_head":"<!-- This site is optimized with the Yoast SEO Premium plugin v27.5 (Yoast SEO v27.5) - https:\/\/yoast.com\/product\/yoast-seo-premium-wordpress\/ -->\n<title>Nuevas v\u00edas para construir ciudades sostenibles: el potencial de la gesti\u00f3n colectiva del suelo basada en el CLT - International Center for Community Land Trusts<\/title>\n<meta name=\"robots\" content=\"index, follow, max-snippet:-1, max-image-preview:large, max-video-preview:-1\" \/>\n<link rel=\"canonical\" href=\"https:\/\/www.cltweb.org\/es\/2022\/10\/11\/nuevas-vias-para-construir-ciudades-sostenibles-el-potencial-de-la-gestion-colectiva-del-suelo-basada-en-el-clt\/\" \/>\n<meta property=\"og:locale\" content=\"es_ES\" \/>\n<meta property=\"og:type\" content=\"article\" \/>\n<meta property=\"og:title\" content=\"Nuevas v\u00edas para construir ciudades sostenibles: el potencial de la gesti\u00f3n colectiva del suelo basada en el CLT\" \/>\n<meta property=\"og:description\" content=\"El acto re\u00fane a expertos internacionales en la materia, con especial atenci\u00f3n a las pr\u00e1cticas arraigadas en el Sur Global, con el fin de debatir el potencial del modelo para la construcci\u00f3n de ciudades m\u00e1s sostenibles, en consonancia con el ODS 11 de la Nueva Agenda Urbana. Forma parte del Octubre Urbano 2022, una iniciativa de ONU-H\u00e1bitat para la difusi\u00f3n de eventos que exploran temas como el derecho a la vivienda y la ciudad.\" \/>\n<meta property=\"og:url\" content=\"https:\/\/www.cltweb.org\/es\/2022\/10\/11\/nuevas-vias-para-construir-ciudades-sostenibles-el-potencial-de-la-gestion-colectiva-del-suelo-basada-en-el-clt\/\" \/>\n<meta property=\"og:site_name\" content=\"International Center for Community Land Trusts\" \/>\n<meta property=\"article:publisher\" content=\"https:\/\/www.facebook.com\/cltcenter\" \/>\n<meta property=\"article:published_time\" content=\"2022-10-11T00:00:00+00:00\" \/>\n<meta name=\"author\" content=\"cltredesign_0jp0l4\" \/>\n<meta name=\"twitter:card\" content=\"summary_large_image\" \/>\n<meta name=\"twitter:creator\" content=\"@Center4CLTs\" \/>\n<meta name=\"twitter:site\" content=\"@Center4CLTs\" \/>\n<meta name=\"twitter:label1\" content=\"Escrito por\" \/>\n\t<meta name=\"twitter:data1\" content=\"cltredesign_0jp0l4\" \/>\n\t<meta name=\"twitter:label2\" content=\"Tiempo de lectura\" \/>\n\t<meta name=\"twitter:data2\" content=\"1 minuto\" \/>\n<script type=\"application\/ld+json\" class=\"yoast-schema-graph\">{\"@context\":\"https:\\\/\\\/schema.org\",\"@graph\":[{\"@type\":\"Article\",\"@id\":\"https:\\\/\\\/www.cltweb.org\\\/es\\\/2022\\\/10\\\/11\\\/nuevas-vias-para-construir-ciudades-sostenibles-el-potencial-de-la-gestion-colectiva-del-suelo-basada-en-el-clt\\\/#article\",\"isPartOf\":{\"@id\":\"https:\\\/\\\/www.cltweb.org\\\/es\\\/2022\\\/10\\\/11\\\/nuevas-vias-para-construir-ciudades-sostenibles-el-potencial-de-la-gestion-colectiva-del-suelo-basada-en-el-clt\\\/\"},\"author\":{\"name\":\"cltredesign_0jp0l4\",\"@id\":\"https:\\\/\\\/www.cltweb.org\\\/es\\\/#\\\/schema\\\/person\\\/afd3723291b60b81c27772953e5b49d6\"},\"headline\":\"Nuevas v\u00edas para construir ciudades sostenibles: el potencial de la gesti\u00f3n colectiva del suelo basada en el CLT\",\"datePublished\":\"2022-10-11T00:00:00+00:00\",\"mainEntityOfPage\":{\"@id\":\"https:\\\/\\\/www.cltweb.org\\\/es\\\/2022\\\/10\\\/11\\\/nuevas-vias-para-construir-ciudades-sostenibles-el-potencial-de-la-gestion-colectiva-del-suelo-basada-en-el-clt\\\/\"},\"wordCount\":278,\"commentCount\":0,\"publisher\":{\"@id\":\"https:\\\/\\\/www.cltweb.org\\\/es\\\/#organization\"},\"image\":{\"@id\":\"https:\\\/\\\/www.cltweb.org\\\/es\\\/2022\\\/10\\\/11\\\/nuevas-vias-para-construir-ciudades-sostenibles-el-potencial-de-la-gestion-colectiva-del-suelo-basada-en-el-clt\\\/#primaryimage\"},\"thumbnailUrl\":\"https:\\\/\\\/www.cltweb.org\\\/wp-content\\\/uploads\\\/2024\\\/11\\\/Circuito-Urbano-2022-Convite-1-ING.jpg\",\"articleSection\":[\"Sin categorizar\"],\"inLanguage\":\"es\",\"potentialAction\":[{\"@type\":\"CommentAction\",\"name\":\"Comment\",\"target\":[\"https:\\\/\\\/www.cltweb.org\\\/es\\\/2022\\\/10\\\/11\\\/nuevas-vias-para-construir-ciudades-sostenibles-el-potencial-de-la-gestion-colectiva-del-suelo-basada-en-el-clt\\\/#respond\"]}]},{\"@type\":\"WebPage\",\"@id\":\"https:\\\/\\\/www.cltweb.org\\\/es\\\/2022\\\/10\\\/11\\\/nuevas-vias-para-construir-ciudades-sostenibles-el-potencial-de-la-gestion-colectiva-del-suelo-basada-en-el-clt\\\/\",\"url\":\"https:\\\/\\\/www.cltweb.org\\\/es\\\/2022\\\/10\\\/11\\\/nuevas-vias-para-construir-ciudades-sostenibles-el-potencial-de-la-gestion-colectiva-del-suelo-basada-en-el-clt\\\/\",\"name\":\"Nuevas v\u00edas para construir ciudades sostenibles: el potencial de la gesti\u00f3n colectiva del suelo basada en el CLT - International Center for Community Land Trusts\",\"isPartOf\":{\"@id\":\"https:\\\/\\\/www.cltweb.org\\\/es\\\/#website\"},\"primaryImageOfPage\":{\"@id\":\"https:\\\/\\\/www.cltweb.org\\\/es\\\/2022\\\/10\\\/11\\\/nuevas-vias-para-construir-ciudades-sostenibles-el-potencial-de-la-gestion-colectiva-del-suelo-basada-en-el-clt\\\/#primaryimage\"},\"image\":{\"@id\":\"https:\\\/\\\/www.cltweb.org\\\/es\\\/2022\\\/10\\\/11\\\/nuevas-vias-para-construir-ciudades-sostenibles-el-potencial-de-la-gestion-colectiva-del-suelo-basada-en-el-clt\\\/#primaryimage\"},\"thumbnailUrl\":\"https:\\\/\\\/www.cltweb.org\\\/wp-content\\\/uploads\\\/2024\\\/11\\\/Circuito-Urbano-2022-Convite-1-ING.jpg\",\"datePublished\":\"2022-10-11T00:00:00+00:00\",\"breadcrumb\":{\"@id\":\"https:\\\/\\\/www.cltweb.org\\\/es\\\/2022\\\/10\\\/11\\\/nuevas-vias-para-construir-ciudades-sostenibles-el-potencial-de-la-gestion-colectiva-del-suelo-basada-en-el-clt\\\/#breadcrumb\"},\"inLanguage\":\"es\",\"potentialAction\":[{\"@type\":\"ReadAction\",\"target\":[\"https:\\\/\\\/www.cltweb.org\\\/es\\\/2022\\\/10\\\/11\\\/nuevas-vias-para-construir-ciudades-sostenibles-el-potencial-de-la-gestion-colectiva-del-suelo-basada-en-el-clt\\\/\"]}]},{\"@type\":\"ImageObject\",\"inLanguage\":\"es\",\"@id\":\"https:\\\/\\\/www.cltweb.org\\\/es\\\/2022\\\/10\\\/11\\\/nuevas-vias-para-construir-ciudades-sostenibles-el-potencial-de-la-gestion-colectiva-del-suelo-basada-en-el-clt\\\/#primaryimage\",\"url\":\"https:\\\/\\\/www.cltweb.org\\\/wp-content\\\/uploads\\\/2024\\\/11\\\/Circuito-Urbano-2022-Convite-1-ING.jpg\",\"contentUrl\":\"https:\\\/\\\/www.cltweb.org\\\/wp-content\\\/uploads\\\/2024\\\/11\\\/Circuito-Urbano-2022-Convite-1-ING.jpg\"},{\"@type\":\"BreadcrumbList\",\"@id\":\"https:\\\/\\\/www.cltweb.org\\\/es\\\/2022\\\/10\\\/11\\\/nuevas-vias-para-construir-ciudades-sostenibles-el-potencial-de-la-gestion-colectiva-del-suelo-basada-en-el-clt\\\/#breadcrumb\",\"itemListElement\":[{\"@type\":\"ListItem\",\"position\":1,\"name\":\"Home\",\"item\":\"https:\\\/\\\/www.cltweb.org\\\/es\\\/\"},{\"@type\":\"ListItem\",\"position\":2,\"name\":\"Nuevas v\u00edas para construir ciudades sostenibles: el potencial de la gesti\u00f3n colectiva del suelo basada en el CLT\"}]},{\"@type\":\"WebSite\",\"@id\":\"https:\\\/\\\/www.cltweb.org\\\/es\\\/#website\",\"url\":\"https:\\\/\\\/www.cltweb.org\\\/es\\\/\",\"name\":\"International Center for Community Land Trusts\",\"description\":\"\",\"publisher\":{\"@id\":\"https:\\\/\\\/www.cltweb.org\\\/es\\\/#organization\"},\"potentialAction\":[{\"@type\":\"SearchAction\",\"target\":{\"@type\":\"EntryPoint\",\"urlTemplate\":\"https:\\\/\\\/www.cltweb.org\\\/es\\\/?s={search_term_string}\"},\"query-input\":{\"@type\":\"PropertyValueSpecification\",\"valueRequired\":true,\"valueName\":\"search_term_string\"}}],\"inLanguage\":\"es\"},{\"@type\":\"Organization\",\"@id\":\"https:\\\/\\\/www.cltweb.org\\\/es\\\/#organization\",\"name\":\"International Center for Community Land Trusts\",\"url\":\"https:\\\/\\\/www.cltweb.org\\\/es\\\/\",\"logo\":{\"@type\":\"ImageObject\",\"inLanguage\":\"es\",\"@id\":\"https:\\\/\\\/www.cltweb.org\\\/es\\\/#\\\/schema\\\/logo\\\/image\\\/\",\"url\":\"https:\\\/\\\/www.cltweb.org\\\/wp-content\\\/uploads\\\/2024\\\/11\\\/New-CLT-Center-Text-logo.png\",\"contentUrl\":\"https:\\\/\\\/www.cltweb.org\\\/wp-content\\\/uploads\\\/2024\\\/11\\\/New-CLT-Center-Text-logo.png\",\"width\":227,\"height\":80,\"caption\":\"International Center for Community Land Trusts\"},\"image\":{\"@id\":\"https:\\\/\\\/www.cltweb.org\\\/es\\\/#\\\/schema\\\/logo\\\/image\\\/\"},\"sameAs\":[\"https:\\\/\\\/www.facebook.com\\\/cltcenter\",\"https:\\\/\\\/x.com\\\/Center4CLTs\",\"https:\\\/\\\/www.instagram.com\\\/cltcenter\\\/\",\"https:\\\/\\\/www.linkedin.com\\\/company\\\/cltcenter\",\"https:\\\/\\\/www.youtube.com\\\/@centerforcltinnovation5313\"],\"description\":\"The International Center for Community Land Trusts is a not-for-profit nongovernmental organization established in 2018 to promote and to support community land trusts and similar strategies of community-led development on community-owned land in countries throughout the world.\",\"email\":\"info@communitylandtrust.net\",\"legalName\":\"International Center for Community Land Trusts\",\"foundingDate\":\"2018-12-01\",\"taxID\":\"84-3858933\",\"numberOfEmployees\":{\"@type\":\"QuantitativeValue\",\"minValue\":\"1\",\"maxValue\":\"10\"}},{\"@type\":\"Person\",\"@id\":\"https:\\\/\\\/www.cltweb.org\\\/es\\\/#\\\/schema\\\/person\\\/afd3723291b60b81c27772953e5b49d6\",\"name\":\"cltredesign_0jp0l4\",\"image\":{\"@type\":\"ImageObject\",\"inLanguage\":\"es\",\"@id\":\"https:\\\/\\\/secure.gravatar.com\\\/avatar\\\/1012e57596c2454da589d773454d3eb22a64f2ff638e62850caeb654f3affad5?s=96&d=mm&r=g\",\"url\":\"https:\\\/\\\/secure.gravatar.com\\\/avatar\\\/1012e57596c2454da589d773454d3eb22a64f2ff638e62850caeb654f3affad5?s=96&d=mm&r=g\",\"contentUrl\":\"https:\\\/\\\/secure.gravatar.com\\\/avatar\\\/1012e57596c2454da589d773454d3eb22a64f2ff638e62850caeb654f3affad5?s=96&d=mm&r=g\",\"caption\":\"cltredesign_0jp0l4\"},\"sameAs\":[\"https:\\\/\\\/icclt.org\"],\"url\":\"https:\\\/\\\/www.cltweb.org\\\/es\\\/author\\\/cltredesign_0jp0l4\\\/\"}]}<\/script>\n<!-- \/ Yoast SEO Premium plugin. -->","yoast_head_json":{"title":"Nuevas v\u00edas para construir ciudades sostenibles: el potencial de la gesti\u00f3n colectiva del suelo basada en el CLT - International Center for Community Land Trusts","robots":{"index":"index","follow":"follow","max-snippet":"max-snippet:-1","max-image-preview":"max-image-preview:large","max-video-preview":"max-video-preview:-1"},"canonical":"https:\/\/www.cltweb.org\/es\/2022\/10\/11\/nuevas-vias-para-construir-ciudades-sostenibles-el-potencial-de-la-gestion-colectiva-del-suelo-basada-en-el-clt\/","og_locale":"es_ES","og_type":"article","og_title":"Nuevas v\u00edas para construir ciudades sostenibles: el potencial de la gesti\u00f3n colectiva del suelo basada en el CLT","og_description":"El acto re\u00fane a expertos internacionales en la materia, con especial atenci\u00f3n a las pr\u00e1cticas arraigadas en el Sur Global, con el fin de debatir el potencial del modelo para la construcci\u00f3n de ciudades m\u00e1s sostenibles, en consonancia con el ODS 11 de la Nueva Agenda Urbana. Forma parte del Octubre Urbano 2022, una iniciativa de ONU-H\u00e1bitat para la difusi\u00f3n de eventos que exploran temas como el derecho a la vivienda y la ciudad.","og_url":"https:\/\/www.cltweb.org\/es\/2022\/10\/11\/nuevas-vias-para-construir-ciudades-sostenibles-el-potencial-de-la-gestion-colectiva-del-suelo-basada-en-el-clt\/","og_site_name":"International Center for Community Land Trusts","article_publisher":"https:\/\/www.facebook.com\/cltcenter","article_published_time":"2022-10-11T00:00:00+00:00","author":"cltredesign_0jp0l4","twitter_card":"summary_large_image","twitter_creator":"@Center4CLTs","twitter_site":"@Center4CLTs","twitter_misc":{"Escrito por":"cltredesign_0jp0l4","Tiempo de lectura":"1 minuto"},"schema":{"@context":"https:\/\/schema.org","@graph":[{"@type":"Article","@id":"https:\/\/www.cltweb.org\/es\/2022\/10\/11\/nuevas-vias-para-construir-ciudades-sostenibles-el-potencial-de-la-gestion-colectiva-del-suelo-basada-en-el-clt\/#article","isPartOf":{"@id":"https:\/\/www.cltweb.org\/es\/2022\/10\/11\/nuevas-vias-para-construir-ciudades-sostenibles-el-potencial-de-la-gestion-colectiva-del-suelo-basada-en-el-clt\/"},"author":{"name":"cltredesign_0jp0l4","@id":"https:\/\/www.cltweb.org\/es\/#\/schema\/person\/afd3723291b60b81c27772953e5b49d6"},"headline":"Nuevas v\u00edas para construir ciudades sostenibles: el potencial de la gesti\u00f3n colectiva del suelo basada en el CLT","datePublished":"2022-10-11T00:00:00+00:00","mainEntityOfPage":{"@id":"https:\/\/www.cltweb.org\/es\/2022\/10\/11\/nuevas-vias-para-construir-ciudades-sostenibles-el-potencial-de-la-gestion-colectiva-del-suelo-basada-en-el-clt\/"},"wordCount":278,"commentCount":0,"publisher":{"@id":"https:\/\/www.cltweb.org\/es\/#organization"},"image":{"@id":"https:\/\/www.cltweb.org\/es\/2022\/10\/11\/nuevas-vias-para-construir-ciudades-sostenibles-el-potencial-de-la-gestion-colectiva-del-suelo-basada-en-el-clt\/#primaryimage"},"thumbnailUrl":"https:\/\/www.cltweb.org\/wp-content\/uploads\/2024\/11\/Circuito-Urbano-2022-Convite-1-ING.jpg","articleSection":["Sin categorizar"],"inLanguage":"es","potentialAction":[{"@type":"CommentAction","name":"Comment","target":["https:\/\/www.cltweb.org\/es\/2022\/10\/11\/nuevas-vias-para-construir-ciudades-sostenibles-el-potencial-de-la-gestion-colectiva-del-suelo-basada-en-el-clt\/#respond"]}]},{"@type":"WebPage","@id":"https:\/\/www.cltweb.org\/es\/2022\/10\/11\/nuevas-vias-para-construir-ciudades-sostenibles-el-potencial-de-la-gestion-colectiva-del-suelo-basada-en-el-clt\/","url":"https:\/\/www.cltweb.org\/es\/2022\/10\/11\/nuevas-vias-para-construir-ciudades-sostenibles-el-potencial-de-la-gestion-colectiva-del-suelo-basada-en-el-clt\/","name":"Nuevas v\u00edas para construir ciudades sostenibles: el potencial de la gesti\u00f3n colectiva del suelo basada en el CLT - International Center for Community Land Trusts","isPartOf":{"@id":"https:\/\/www.cltweb.org\/es\/#website"},"primaryImageOfPage":{"@id":"https:\/\/www.cltweb.org\/es\/2022\/10\/11\/nuevas-vias-para-construir-ciudades-sostenibles-el-potencial-de-la-gestion-colectiva-del-suelo-basada-en-el-clt\/#primaryimage"},"image":{"@id":"https:\/\/www.cltweb.org\/es\/2022\/10\/11\/nuevas-vias-para-construir-ciudades-sostenibles-el-potencial-de-la-gestion-colectiva-del-suelo-basada-en-el-clt\/#primaryimage"},"thumbnailUrl":"https:\/\/www.cltweb.org\/wp-content\/uploads\/2024\/11\/Circuito-Urbano-2022-Convite-1-ING.jpg","datePublished":"2022-10-11T00:00:00+00:00","breadcrumb":{"@id":"https:\/\/www.cltweb.org\/es\/2022\/10\/11\/nuevas-vias-para-construir-ciudades-sostenibles-el-potencial-de-la-gestion-colectiva-del-suelo-basada-en-el-clt\/#breadcrumb"},"inLanguage":"es","potentialAction":[{"@type":"ReadAction","target":["https:\/\/www.cltweb.org\/es\/2022\/10\/11\/nuevas-vias-para-construir-ciudades-sostenibles-el-potencial-de-la-gestion-colectiva-del-suelo-basada-en-el-clt\/"]}]},{"@type":"ImageObject","inLanguage":"es","@id":"https:\/\/www.cltweb.org\/es\/2022\/10\/11\/nuevas-vias-para-construir-ciudades-sostenibles-el-potencial-de-la-gestion-colectiva-del-suelo-basada-en-el-clt\/#primaryimage","url":"https:\/\/www.cltweb.org\/wp-content\/uploads\/2024\/11\/Circuito-Urbano-2022-Convite-1-ING.jpg","contentUrl":"https:\/\/www.cltweb.org\/wp-content\/uploads\/2024\/11\/Circuito-Urbano-2022-Convite-1-ING.jpg"},{"@type":"BreadcrumbList","@id":"https:\/\/www.cltweb.org\/es\/2022\/10\/11\/nuevas-vias-para-construir-ciudades-sostenibles-el-potencial-de-la-gestion-colectiva-del-suelo-basada-en-el-clt\/#breadcrumb","itemListElement":[{"@type":"ListItem","position":1,"name":"Home","item":"https:\/\/www.cltweb.org\/es\/"},{"@type":"ListItem","position":2,"name":"Nuevas v\u00edas para construir ciudades sostenibles: el potencial de la gesti\u00f3n colectiva del suelo basada en el CLT"}]},{"@type":"WebSite","@id":"https:\/\/www.cltweb.org\/es\/#website","url":"https:\/\/www.cltweb.org\/es\/","name":"International Center for Community Land Trusts","description":"","publisher":{"@id":"https:\/\/www.cltweb.org\/es\/#organization"},"potentialAction":[{"@type":"SearchAction","target":{"@type":"EntryPoint","urlTemplate":"https:\/\/www.cltweb.org\/es\/?s={search_term_string}"},"query-input":{"@type":"PropertyValueSpecification","valueRequired":true,"valueName":"search_term_string"}}],"inLanguage":"es"},{"@type":"Organization","@id":"https:\/\/www.cltweb.org\/es\/#organization","name":"International Center for Community Land Trusts","url":"https:\/\/www.cltweb.org\/es\/","logo":{"@type":"ImageObject","inLanguage":"es","@id":"https:\/\/www.cltweb.org\/es\/#\/schema\/logo\/image\/","url":"https:\/\/www.cltweb.org\/wp-content\/uploads\/2024\/11\/New-CLT-Center-Text-logo.png","contentUrl":"https:\/\/www.cltweb.org\/wp-content\/uploads\/2024\/11\/New-CLT-Center-Text-logo.png","width":227,"height":80,"caption":"International Center for Community Land Trusts"},"image":{"@id":"https:\/\/www.cltweb.org\/es\/#\/schema\/logo\/image\/"},"sameAs":["https:\/\/www.facebook.com\/cltcenter","https:\/\/x.com\/Center4CLTs","https:\/\/www.instagram.com\/cltcenter\/","https:\/\/www.linkedin.com\/company\/cltcenter","https:\/\/www.youtube.com\/@centerforcltinnovation5313"],"description":"The International Center for Community Land Trusts is a not-for-profit nongovernmental organization established in 2018 to promote and to support community land trusts and similar strategies of community-led development on community-owned land in countries throughout the world.","email":"info@communitylandtrust.net","legalName":"International Center for Community Land Trusts","foundingDate":"2018-12-01","taxID":"84-3858933","numberOfEmployees":{"@type":"QuantitativeValue","minValue":"1","maxValue":"10"}},{"@type":"Person","@id":"https:\/\/www.cltweb.org\/es\/#\/schema\/person\/afd3723291b60b81c27772953e5b49d6","name":"cltredesign_0jp0l4","image":{"@type":"ImageObject","inLanguage":"es","@id":"https:\/\/secure.gravatar.com\/avatar\/1012e57596c2454da589d773454d3eb22a64f2ff638e62850caeb654f3affad5?s=96&d=mm&r=g","url":"https:\/\/secure.gravatar.com\/avatar\/1012e57596c2454da589d773454d3eb22a64f2ff638e62850caeb654f3affad5?s=96&d=mm&r=g","contentUrl":"https:\/\/secure.gravatar.com\/avatar\/1012e57596c2454da589d773454d3eb22a64f2ff638e62850caeb654f3affad5?s=96&d=mm&r=g","caption":"cltredesign_0jp0l4"},"sameAs":["https:\/\/icclt.org"],"url":"https:\/\/www.cltweb.org\/es\/author\/cltredesign_0jp0l4\/"}]}},"taxonomy_info":{"category":[{"value":25,"label":"Sin categorizar"}]},"featured_image_src_large":false,"author_info":{"display_name":"cltredesign_0jp0l4","author_link":"https:\/\/www.cltweb.org\/es\/author\/cltredesign_0jp0l4\/"},"comment_info":0,"category_info":[{"term_id":25,"name":"Sin categorizar","slug":"sin-categorizar","term_group":0,"term_taxonomy_id":25,"taxonomy":"category","description":"","parent":0,"count":19,"filter":"raw","cat_ID":25,"category_count":19,"category_description":"","cat_name":"Sin categorizar","category_nicename":"sin-categorizar","category_parent":0}],"tag_info":false,"jetpack_featured_media_url":"","jetpack_sharing_enabled":true,"jetpack-related-posts":[{"id":6594,"url":"https:\/\/www.cltweb.org\/es\/2022\/10\/11\/retirar-suelo-del-mercado-para-que-la-ciudad-sea-asequible\/","url_meta":{"origin":6601,"position":0},"title":"Retirar suelo del mercado para que la ciudad sea asequible","author":"cltredesign_0jp0l4","date":"11 de octubre de 2022","format":false,"excerpt":"\u00bfNo podr\u00eda ser una soluci\u00f3n a la crisis de la vivienda retirar viviendas y terrenos del mercado, para que no se pueda especular con ellos y sigan siendo asequibles para siempre? Los fideicomisos de la tierra ya lo est\u00e1n haciendo en ciudades de todo el mundo. \u00bfC\u00f3mo puede ampliarse? \u00bfCu\u00e1l\u2026","rel":"","context":"En \u00abSin categorizar\u00bb","block_context":{"text":"Sin categorizar","link":"https:\/\/www.cltweb.org\/es\/category\/sin-categorizar\/"},"img":{"alt_text":"Logotipo CLTB","src":"https:\/\/i0.wp.com\/www.cltweb.org\/wp-content\/uploads\/2022\/10\/CLTB_Logo-1024x660.png?resize=350%2C200&ssl=1","width":350,"height":200},"classes":[]},{"id":10095,"url":"https:\/\/www.cltweb.org\/es\/2025\/10\/24\/explorando-el-potencial-de-los-fideicomisos-de-la-tierra-comunitarios-en-buenos-aires\/","url_meta":{"origin":6601,"position":1},"title":"Explorando el potencial de los fideicomisos de la tierra comunitarios en Buenos Aires","author":"Ben Harris","date":"24 de octubre de 2025","format":false,"excerpt":"Por Tarcyla Fidalgo En octubre de 2025, como parte de la Iniciativa CLT del Sur Global del CLT Center, Tarcyla Fidalgo, Jefa de Proyecto, visit\u00f3 Buenos Aires (Argentina) para intercambiar ideas sobre vivienda asequible, seguridad de la tenencia y propiedad colectiva de la tierra. La visita se bas\u00f3 en el\u2026","rel":"","context":"En \u00abBlogs\u00bb","block_context":{"text":"Blogs","link":"https:\/\/www.cltweb.org\/es\/category\/blogs\/"},"img":{"alt_text":"Tarcyla Fidalgo participates in a seminar at the Public Defender's Office in Buenos Aires, Argentina.","src":"https:\/\/i0.wp.com\/www.cltweb.org\/wp-content\/uploads\/2025\/10\/image-edited.jpeg?resize=350%2C200&ssl=1","width":350,"height":200,"srcset":"https:\/\/i0.wp.com\/www.cltweb.org\/wp-content\/uploads\/2025\/10\/image-edited.jpeg?resize=350%2C200&ssl=1 1x, https:\/\/i0.wp.com\/www.cltweb.org\/wp-content\/uploads\/2025\/10\/image-edited.jpeg?resize=525%2C300&ssl=1 1.5x, https:\/\/i0.wp.com\/www.cltweb.org\/wp-content\/uploads\/2025\/10\/image-edited.jpeg?resize=700%2C400&ssl=1 2x"},"classes":[]},{"id":10138,"url":"https:\/\/www.cltweb.org\/es\/2025\/10\/24\/presentacion-del-modelo-clt-en-la-conferencia-de-suecia-sobre-construccion-colaborativa-y-social-y-vivir-2025\/","url_meta":{"origin":6601,"position":2},"title":"Presentaci\u00f3n del modelo CLT en la Conferencia de Suecia sobre Construcci\u00f3n Colaborativa y Social y Vivir 2025","author":"Ben Harris","date":"24 de octubre de 2025","format":false,"excerpt":"Por Jonas Lagander, Coompa\u00f1ero Coompanion particip\u00f3 este a\u00f1o en la conferencia \"Collaborative and Social Building and Living\", celebrada en Bor\u00e5s (Suecia), y organiz\u00f3 dos seminarios sobre CLT. Junto con otros socios relevantes, participan en el proyecto \"Sistemas locales de innovaci\u00f3n en torno a las barreras de la vivienda colaborativa y\u2026","rel":"","context":"En \u00abBlogs\u00bb","block_context":{"text":"Blogs","link":"https:\/\/www.cltweb.org\/es\/category\/blogs\/"},"img":{"alt_text":"","src":"https:\/\/i0.wp.com\/www.cltweb.org\/wp-content\/uploads\/2025\/10\/IMG_6480.jpg?resize=350%2C200&ssl=1","width":350,"height":200,"srcset":"https:\/\/i0.wp.com\/www.cltweb.org\/wp-content\/uploads\/2025\/10\/IMG_6480.jpg?resize=350%2C200&ssl=1 1x, https:\/\/i0.wp.com\/www.cltweb.org\/wp-content\/uploads\/2025\/10\/IMG_6480.jpg?resize=525%2C300&ssl=1 1.5x, https:\/\/i0.wp.com\/www.cltweb.org\/wp-content\/uploads\/2025\/10\/IMG_6480.jpg?resize=700%2C400&ssl=1 2x, https:\/\/i0.wp.com\/www.cltweb.org\/wp-content\/uploads\/2025\/10\/IMG_6480.jpg?resize=1050%2C600&ssl=1 3x, https:\/\/i0.wp.com\/www.cltweb.org\/wp-content\/uploads\/2025\/10\/IMG_6480.jpg?resize=1400%2C800&ssl=1 4x"},"classes":[]},{"id":7236,"url":"https:\/\/www.cltweb.org\/es\/2024\/09\/10\/pueden-los-clt-desempenar-un-papel-en-la-politica-climatica\/","url_meta":{"origin":6601,"position":3},"title":"\u00bfPueden los CLT desempe\u00f1ar un papel en la pol\u00edtica clim\u00e1tica?","author":"cltredesign_0jp0l4","date":"10 de septiembre de 2024","format":false,"excerpt":"La siguiente contribuci\u00f3n ha sido escrita por Geert De Pauw, Co-coordinador de Community Land Trust Brussels, como contribuci\u00f3n al pr\u00f3ximo seminario web sobre \"El uso de los CLT para proporcionar renovaci\u00f3n energ\u00e9tica y asequibilidad permanente a las viviendas existentes\", que se celebrar\u00e1 el 25 de septiembre. Community Land Trust Brussels\u2026","rel":"","context":"En \u00abBlogs\u00bb","block_context":{"text":"Blogs","link":"https:\/\/www.cltweb.org\/es\/category\/blogs\/"},"img":{"alt_text":"","src":"","width":0,"height":0},"classes":[]},{"id":7711,"url":"https:\/\/www.cltweb.org\/es\/2024\/11\/18\/el-instituto-lincoln-de-politica-del-suelo-publica-un-informe-sobre-la-conservacion-de-la-propiedad-de-viviendas-asequibles-mediante-fideicomisos-de-la-tierra-comunitarios\/","url_meta":{"origin":6601,"position":4},"title":"El Instituto Lincoln de Pol\u00edtica del Suelo publica un informe sobre la conservaci\u00f3n de la propiedad de viviendas asequibles mediante fideicomisos de la tierra comunitarios","author":"Ben Harris","date":"18 de noviembre de 2024","format":false,"excerpt":"El Informe de Enfoque Pol\u00edtico ofrece una visi\u00f3n de c\u00f3mo los gobiernos municipales apoyan la formaci\u00f3n, expansi\u00f3n y funcionamiento de los CLTs CAMBRIDGE, MA-ElInstituto Lincoln de Pol\u00edtica Territorial ha publicado un nuevo Informe de Enfoque Pol\u00edtico, Preserving Affordable Homeownership: Asociaciones municipales con fideicomisos de la tierra comunitariospor John Emmeus Davis\u2026","rel":"","context":"En \u00abComunicado de prensa\u00bb","block_context":{"text":"Comunicado de prensa","link":"https:\/\/www.cltweb.org\/es\/category\/comunicado-de-prensa\/"},"img":{"alt_text":"","src":"","width":0,"height":0},"classes":[]},{"id":6571,"url":"https:\/\/www.cltweb.org\/es\/2024\/08\/22\/utilizacion-de-las-clt-para-la-renovacion-energetica-y-la-asequibilidad-permanente-de-las-viviendas-existentes\/","url_meta":{"origin":6601,"position":5},"title":"Utilizaci\u00f3n de las CLT para la renovaci\u00f3n energ\u00e9tica y la asequibilidad permanente de las viviendas existentes","author":"Ben Harris","date":"22 de agosto de 2024","format":false,"excerpt":"Acomp\u00e1\u00f1anos el 25 de septiembre de 2024 en un seminario web sobre c\u00f3mo pueden utilizarse las CLT para renovar energ\u00e9ticamente las viviendas existentes y hacerlas asequibles de forma permanente. Escuchar\u00e1s a destacados profesionales de las CLT que lideran enfoques innovadores para la renovaci\u00f3n energ\u00e9tica de viviendas existentes, con un debate\u2026","rel":"","context":"En \u00abSin categorizar\u00bb","block_context":{"text":"Sin categorizar","link":"https:\/\/www.cltweb.org\/es\/category\/sin-categorizar\/"},"img":{"alt_text":"Jeanne Mosseray","src":"https:\/\/i0.wp.com\/www.cltweb.org\/wp-content\/uploads\/2024\/08\/jeanne_mosseray-254x300.jpg?resize=350%2C200&ssl=1","width":350,"height":200},"classes":[]}],"_links":{"self":[{"href":"https:\/\/www.cltweb.org\/es\/wp-json\/wp\/v2\/posts\/6601","targetHints":{"allow":["GET"]}}],"collection":[{"href":"https:\/\/www.cltweb.org\/es\/wp-json\/wp\/v2\/posts"}],"about":[{"href":"https:\/\/www.cltweb.org\/es\/wp-json\/wp\/v2\/types\/post"}],"author":[{"embeddable":true,"href":"https:\/\/www.cltweb.org\/es\/wp-json\/wp\/v2\/users\/1"}],"replies":[{"embeddable":true,"href":"https:\/\/www.cltweb.org\/es\/wp-json\/wp\/v2\/comments?post=6601"}],"version-history":[{"count":0,"href":"https:\/\/www.cltweb.org\/es\/wp-json\/wp\/v2\/posts\/6601\/revisions"}],"wp:attachment":[{"href":"https:\/\/www.cltweb.org\/es\/wp-json\/wp\/v2\/media?parent=6601"}],"wp:term":[{"taxonomy":"category","embeddable":true,"href":"https:\/\/www.cltweb.org\/es\/wp-json\/wp\/v2\/categories?post=6601"},{"taxonomy":"post_tag","embeddable":true,"href":"https:\/\/www.cltweb.org\/es\/wp-json\/wp\/v2\/tags?post=6601"}],"curies":[{"name":"wp","href":"https:\/\/api.w.org\/{rel}","templated":true}]}}