{"id":7208,"date":"2024-09-16T20:52:00","date_gmt":"2024-09-16T20:52:00","guid":{"rendered":"https:\/\/www.cltweb.org\/2024\/09\/16\/apoyo-al-proyecto-upcycling-trust-la-perspectiva-de-un-investigador\/"},"modified":"2024-11-07T22:20:21","modified_gmt":"2024-11-07T22:20:21","slug":"apoyo-al-proyecto-upcycling-trust-la-perspectiva-de-un-investigador","status":"publish","type":"post","link":"https:\/\/www.cltweb.org\/es\/2024\/09\/16\/apoyo-al-proyecto-upcycling-trust-la-perspectiva-de-un-investigador\/","title":{"rendered":"Apoyo al Proyecto Upcycling Trust: La perspectiva de un investigador"},"content":{"rendered":"\n<p class=\"has-medium-font-size\"><strong>Por Jeanne Mosseray<\/strong><\/p>\n\n<p><em><strong>La siguiente contribuci\u00f3n ha sido escrita por Jeanne Mosseray, investigadora doctoral del Centro Cosm\u00f3polis de Investigaci\u00f3n Urbana, como contribuci\u00f3n al pr\u00f3ximo seminario web sobre &#8220;El uso de las CLT para la renovaci\u00f3n energ\u00e9tica y la asequibilidad permanente de las viviendas existentes&#8221;, que se celebrar\u00e1 el 25 de septiembre.  <\/strong><\/em><\/p>\n\n<p>Como investigadora acad\u00e9mica sobre vivienda para el proyecto Upcycling Trust, apoyo a los <a href=\"https:\/\/upcyclingtrust.nweurope.eu\/partners\" target=\"_blank\" rel=\"noreferrer noopener\">socios ejecutores<\/a> ofreciendo reflexiones y perspectivas cr\u00edticas sobre las iniciativas que estamos desarrollando. Nuestro objetivo es renovar el parque de viviendas existente en diversos contextos, como <a href=\"https:\/\/upcyclingtrust.nweurope.eu\/pilot-projects\" target=\"_blank\" rel=\"noreferrer noopener\">Bruselas, Lille, Gante, Cork y Rennes<\/a>, aplicando el modelo de fideicomiso de la tierra. Este enfoque implica colaborar con los actuales propietarios del parque de viviendas existente para explorar escenarios arquitect\u00f3nicos, t\u00e9cnicos y financieros de renovaci\u00f3n, que pueden incluir el cambio del modelo de propiedad.    <\/p>\n\n<h4 class=\"wp-block-heading\" id=\"h-challenges-in-diverse-contexts\"><strong>Desaf\u00edos en contextos diversos<\/strong><\/h4>\n\n<p>Desde mi punto de vista, un reto importante del proyecto es gestionar la diversidad de contextos en las distintas regiones. Aunque, como proyecto colectivo, pretendemos desarrollar un nuevo modelo europeo de <a href=\"\" target=\"\" rel=\"noopener\">renovaci\u00f3n de viviendas que aborde la crisis inmobiliaria<\/a>, la situaci\u00f3n de la propiedad en cada contexto nos obliga a inventar y promover diferentes herramientas de aplicaci\u00f3n. Por ejemplo, en Francia, nuestros socios de Rennes y Lille se enfrentan a pol\u00edticas nacionales destinadas a reducir y, por tanto, vender el parque de viviendas sociales que necesitan renovaci\u00f3n, lo que les empuja hacia soluciones m\u00e1s amplias e institucionales. Mientras tanto, en B\u00e9lgica e Irlanda -Community Land Trust Brussels (CLTB), Community Land Trust Ghent (CLTG), Cork Community Land Trust (CCLT)- el proyecto cuenta con el apoyo de estructuras innovadoras m\u00e1s peque\u00f1as que proponen soluciones m\u00e1s localizadas, de &#8220;acupuntura&#8221;, a medida que conciben el potencial del modelo para su aplicaci\u00f3n a gran escala. En t\u00e9rminos de creaci\u00f3n de comunidad y capacidad, el segundo enfoque est\u00e1 m\u00e1s inclinado y mejor equipado para implicar a las partes interesadas locales.A pesar de la diversidad de contextos, algunos retos son universalmente relevantes en un debate m\u00e1s amplio sobre la renovaci\u00f3n de viviendas y la vivienda asequible.      <\/p>\n\n<h4 class=\"wp-block-heading\" id=\"h-community-building-across-a-scattered-territory\"><strong>Construcci\u00f3n de la Comunidad en un Territorio Disperso<\/strong><\/h4>\n\n<p>Uno de los principales retos de CLTB y CLTG es crear o fortalecer una comunidad en un territorio disperso. En ambos contextos, las dos organizaciones han ido construyendo sus comunidades en torno a la visi\u00f3n de una ciudad m\u00e1s justa y antiespeculativa. En la pr\u00e1ctica, pudieron contar con la creaci\u00f3n de grupos de residentes que construyeron colectivamente proyectos de vivienda dentro de edificios compartidos. Este sentido de comunidad, centrado en la convivencia, est\u00e1 menos presente en el proyecto Upcycling Trust. En muchos proyectos de renovaci\u00f3n ejemplares o inspiradores que hemos conocido, las renovaciones suelen producirse a escala de edificio, calle, manzana o barrio. En el proyecto Upcycling Trust, algunos proyectos piloto (Lille, Rennes y Cork) pueden aprovechar esta proximidad espacial para construir una comunidad. En esta fase del proyecto, la escala y el enfoque territorial ya son aspectos clave que influyen en el contacto inicial con los residentes, lo que plantea la pregunta: <em>\u00bfc\u00f3mo empezamos a relacionarnos con los propietarios?<\/em>      <\/p>\n\n<h4 class=\"wp-block-heading\" id=\"h-the-origin-of-the-initiative\"><strong>El origen de la Iniciativa<\/strong><\/h4>\n\n<p>Los socios del proyecto pueden clasificarse a grandes rasgos en dos categor\u00edas: (1) departamentos de vivienda de las autoridades regionales o municipales y (2) organizaciones asociativas. Los dos enfoques explican los dos planteamientos diferentes hacia la construcci\u00f3n de la comunidad. Los socios m\u00e1s institucionales pretenden desarrollar una gran cantidad de viviendas, mientras que las organizaciones asociativas, con menos recursos, desarrollan sus proyectos a un ritmo acorde con sus medios y las necesidades de la comunidad.  <\/p>\n\n<p>Aunque el primer enfoque podr\u00eda clasificarse como &#8220;descendente&#8221; y el segundo como &#8220;ascendente&#8221;, ambos planteamientos requieren implicar al propietario u ocupante de la vivienda, ya que ninguno de los proyectos piloto empez\u00f3 con los propios residentes. Este proceso de implicaci\u00f3n, que actualmente definimos como &#8220;convencer&#8221; e &#8220;informar sobre las ventajas del modelo&#8221;, ser\u00e1 fundamental en nuestro trabajo. Podemos imaginar que el lenguaje y el enfoque evolucionar\u00e1n y se adaptar\u00e1n a trav\u00e9s del di\u00e1logo continuo con los propietarios-ocupantes.    <\/p>\n\n<h4 class=\"wp-block-heading\" id=\"h-homeowner-or-public-social-housing-into-clts\"><strong>Viviendas sociales de propietarios o p\u00fablicas en CLT<\/strong><\/h4>\n\n<p>Un \u00faltimo reto importante para el proyecto Upcycling Trust es la variada audiencia y los propietarios a los que se dirige cada contexto. Un denominador com\u00fan del modelo es <a href=\"\" target=\"\" rel=\"noopener\">dirigirse a los entornos\/viviendas construidos existentes<\/a>, pero la tenencia de las viviendas var\u00eda enormemente. Si el resultado final pretende ampliar o mantener el parque antiespeculativo de las ciudades, el proceso de implicar a una entidad p\u00fablica multipropietaria o a una mir\u00edada de propietarios privados requerir\u00e1 m\u00e9todos, partes interesadas y estrategias de renovaci\u00f3n diferentes. Tambi\u00e9n plantea una cuesti\u00f3n \u00e9tica sobre los futuros residentes de estas viviendas reci\u00e9n renovadas que, por defecto, se incluyen en los proyectos piloto de propiedad privada, mientras que mantener a los inquilinos actuales en su lugar durante la renovaci\u00f3n a\u00f1adir\u00e1 otra capa de complejidad.   <\/p>\n\n<hr class=\"wp-block-separator has-alpha-channel-opacity\"\/>\n\n<p><em>Los puntos de vista y opiniones expresados en este art\u00edculo son los del autor.<\/em><\/p>\n","protected":false},"excerpt":{"rendered":"<p>Por Jeanne Mosseray La siguiente contribuci\u00f3n ha sido escrita por Jeanne Mosseray, investigadora doctoral del Centro Cosm\u00f3polis de Investigaci\u00f3n Urbana, como contribuci\u00f3n al pr\u00f3ximo seminario web sobre &#8220;El uso de [&hellip;]<\/p>\n","protected":false},"author":1,"featured_media":0,"comment_status":"closed","ping_status":"open","sticky":false,"template":"","format":"standard","meta":{"give_campaign_id":0,"_tec_requires_first_save":true,"_kad_blocks_custom_css":"","_kad_blocks_head_custom_js":"","_kad_blocks_body_custom_js":"","_kad_blocks_footer_custom_js":"","_EventAllDay":false,"_EventTimezone":"","_EventStartDate":"","_EventEndDate":"","_EventStartDateUTC":"","_EventEndDateUTC":"","_EventShowMap":false,"_EventShowMapLink":false,"_EventURL":"","_EventCost":"","_EventCostDescription":"","_EventCurrencySymbol":"","_EventCurrencyCode":"","_EventCurrencyPosition":"","_EventDateTimeSeparator":"","_EventTimeRangeSeparator":"","_EventOrganizerID":[],"_EventVenueID":[],"_OrganizerEmail":"","_OrganizerPhone":"","_OrganizerWebsite":"","_VenueAddress":"","_VenueCity":"","_VenueCountry":"","_VenueProvince":"","_VenueState":"","_VenueZip":"","_VenuePhone":"","_VenueURL":"","_VenueStateProvince":"","_VenueLat":"","_VenueLng":"","_VenueShowMap":false,"_VenueShowMapLink":false,"_tribe_blocks_recurrence_rules":"","_tribe_blocks_recurrence_description":"","_tribe_blocks_recurrence_exclusions":"","_jetpack_memberships_contains_paid_content":false,"footnotes":""},"categories":[290],"tags":[],"class_list":["post-7208","post","type-post","status-publish","format-standard","hentry","category-blogs"],"blocksy_meta":[],"yoast_head":"<!-- This site is optimized with the Yoast SEO Premium plugin v27.4 (Yoast SEO v27.5) - https:\/\/yoast.com\/product\/yoast-seo-premium-wordpress\/ -->\n<title>Apoyo al Proyecto Upcycling Trust: La perspectiva de un investigador - International Center for Community Land Trusts<\/title>\n<meta name=\"robots\" content=\"index, follow, max-snippet:-1, max-image-preview:large, max-video-preview:-1\" \/>\n<link rel=\"canonical\" href=\"https:\/\/www.cltweb.org\/es\/2024\/09\/16\/apoyo-al-proyecto-upcycling-trust-la-perspectiva-de-un-investigador\/\" \/>\n<meta property=\"og:locale\" content=\"es_ES\" \/>\n<meta property=\"og:type\" content=\"article\" \/>\n<meta property=\"og:title\" content=\"Apoyo al Proyecto Upcycling Trust: La perspectiva de un investigador\" \/>\n<meta property=\"og:description\" content=\"Por Jeanne Mosseray La siguiente contribuci\u00f3n ha sido escrita por Jeanne Mosseray, investigadora doctoral del Centro Cosm\u00f3polis de Investigaci\u00f3n Urbana, como contribuci\u00f3n al pr\u00f3ximo seminario web sobre &#8220;El uso de [&hellip;]\" \/>\n<meta property=\"og:url\" content=\"https:\/\/www.cltweb.org\/es\/2024\/09\/16\/apoyo-al-proyecto-upcycling-trust-la-perspectiva-de-un-investigador\/\" \/>\n<meta property=\"og:site_name\" content=\"International Center for Community Land Trusts\" \/>\n<meta property=\"article:publisher\" content=\"https:\/\/www.facebook.com\/cltcenter\" \/>\n<meta property=\"article:published_time\" content=\"2024-09-16T20:52:00+00:00\" \/>\n<meta property=\"article:modified_time\" content=\"2024-11-07T22:20:21+00:00\" \/>\n<meta name=\"author\" content=\"cltredesign_0jp0l4\" \/>\n<meta name=\"twitter:card\" content=\"summary_large_image\" \/>\n<meta name=\"twitter:creator\" content=\"@Center4CLTs\" \/>\n<meta name=\"twitter:site\" content=\"@Center4CLTs\" \/>\n<meta name=\"twitter:label1\" content=\"Escrito por\" \/>\n\t<meta name=\"twitter:data1\" content=\"cltredesign_0jp0l4\" \/>\n\t<meta name=\"twitter:label2\" content=\"Tiempo de lectura\" \/>\n\t<meta name=\"twitter:data2\" content=\"4 minutos\" \/>\n<script type=\"application\/ld+json\" class=\"yoast-schema-graph\">{\"@context\":\"https:\\\/\\\/schema.org\",\"@graph\":[{\"@type\":\"Article\",\"@id\":\"https:\\\/\\\/www.cltweb.org\\\/es\\\/2024\\\/09\\\/16\\\/apoyo-al-proyecto-upcycling-trust-la-perspectiva-de-un-investigador\\\/#article\",\"isPartOf\":{\"@id\":\"https:\\\/\\\/www.cltweb.org\\\/es\\\/2024\\\/09\\\/16\\\/apoyo-al-proyecto-upcycling-trust-la-perspectiva-de-un-investigador\\\/\"},\"author\":{\"name\":\"cltredesign_0jp0l4\",\"@id\":\"https:\\\/\\\/www.cltweb.org\\\/es\\\/#\\\/schema\\\/person\\\/afd3723291b60b81c27772953e5b49d6\"},\"headline\":\"Apoyo al Proyecto Upcycling Trust: La perspectiva de un investigador\",\"datePublished\":\"2024-09-16T20:52:00+00:00\",\"dateModified\":\"2024-11-07T22:20:21+00:00\",\"mainEntityOfPage\":{\"@id\":\"https:\\\/\\\/www.cltweb.org\\\/es\\\/2024\\\/09\\\/16\\\/apoyo-al-proyecto-upcycling-trust-la-perspectiva-de-un-investigador\\\/\"},\"wordCount\":879,\"publisher\":{\"@id\":\"https:\\\/\\\/www.cltweb.org\\\/es\\\/#organization\"},\"articleSection\":[\"Blogs\"],\"inLanguage\":\"es\"},{\"@type\":\"WebPage\",\"@id\":\"https:\\\/\\\/www.cltweb.org\\\/es\\\/2024\\\/09\\\/16\\\/apoyo-al-proyecto-upcycling-trust-la-perspectiva-de-un-investigador\\\/\",\"url\":\"https:\\\/\\\/www.cltweb.org\\\/es\\\/2024\\\/09\\\/16\\\/apoyo-al-proyecto-upcycling-trust-la-perspectiva-de-un-investigador\\\/\",\"name\":\"Apoyo al Proyecto Upcycling Trust: La perspectiva de un investigador - International Center for Community Land Trusts\",\"isPartOf\":{\"@id\":\"https:\\\/\\\/www.cltweb.org\\\/es\\\/#website\"},\"datePublished\":\"2024-09-16T20:52:00+00:00\",\"dateModified\":\"2024-11-07T22:20:21+00:00\",\"breadcrumb\":{\"@id\":\"https:\\\/\\\/www.cltweb.org\\\/es\\\/2024\\\/09\\\/16\\\/apoyo-al-proyecto-upcycling-trust-la-perspectiva-de-un-investigador\\\/#breadcrumb\"},\"inLanguage\":\"es\",\"potentialAction\":[{\"@type\":\"ReadAction\",\"target\":[\"https:\\\/\\\/www.cltweb.org\\\/es\\\/2024\\\/09\\\/16\\\/apoyo-al-proyecto-upcycling-trust-la-perspectiva-de-un-investigador\\\/\"]}]},{\"@type\":\"BreadcrumbList\",\"@id\":\"https:\\\/\\\/www.cltweb.org\\\/es\\\/2024\\\/09\\\/16\\\/apoyo-al-proyecto-upcycling-trust-la-perspectiva-de-un-investigador\\\/#breadcrumb\",\"itemListElement\":[{\"@type\":\"ListItem\",\"position\":1,\"name\":\"Home\",\"item\":\"https:\\\/\\\/www.cltweb.org\\\/es\\\/\"},{\"@type\":\"ListItem\",\"position\":2,\"name\":\"Apoyo al Proyecto Upcycling Trust: La perspectiva de un investigador\"}]},{\"@type\":\"WebSite\",\"@id\":\"https:\\\/\\\/www.cltweb.org\\\/es\\\/#website\",\"url\":\"https:\\\/\\\/www.cltweb.org\\\/es\\\/\",\"name\":\"International Center for Community Land Trusts\",\"description\":\"\",\"publisher\":{\"@id\":\"https:\\\/\\\/www.cltweb.org\\\/es\\\/#organization\"},\"potentialAction\":[{\"@type\":\"SearchAction\",\"target\":{\"@type\":\"EntryPoint\",\"urlTemplate\":\"https:\\\/\\\/www.cltweb.org\\\/es\\\/?s={search_term_string}\"},\"query-input\":{\"@type\":\"PropertyValueSpecification\",\"valueRequired\":true,\"valueName\":\"search_term_string\"}}],\"inLanguage\":\"es\"},{\"@type\":\"Organization\",\"@id\":\"https:\\\/\\\/www.cltweb.org\\\/es\\\/#organization\",\"name\":\"International Center for Community Land Trusts\",\"url\":\"https:\\\/\\\/www.cltweb.org\\\/es\\\/\",\"logo\":{\"@type\":\"ImageObject\",\"inLanguage\":\"es\",\"@id\":\"https:\\\/\\\/www.cltweb.org\\\/es\\\/#\\\/schema\\\/logo\\\/image\\\/\",\"url\":\"https:\\\/\\\/www.cltweb.org\\\/wp-content\\\/uploads\\\/2024\\\/11\\\/New-CLT-Center-Text-logo.png\",\"contentUrl\":\"https:\\\/\\\/www.cltweb.org\\\/wp-content\\\/uploads\\\/2024\\\/11\\\/New-CLT-Center-Text-logo.png\",\"width\":227,\"height\":80,\"caption\":\"International Center for Community Land Trusts\"},\"image\":{\"@id\":\"https:\\\/\\\/www.cltweb.org\\\/es\\\/#\\\/schema\\\/logo\\\/image\\\/\"},\"sameAs\":[\"https:\\\/\\\/www.facebook.com\\\/cltcenter\",\"https:\\\/\\\/x.com\\\/Center4CLTs\",\"https:\\\/\\\/www.instagram.com\\\/cltcenter\\\/\",\"https:\\\/\\\/www.linkedin.com\\\/company\\\/cltcenter\",\"https:\\\/\\\/www.youtube.com\\\/@centerforcltinnovation5313\"],\"description\":\"The International Center for Community Land Trusts is a not-for-profit nongovernmental organization established in 2018 to promote and to support community land trusts and similar strategies of community-led development on community-owned land in countries throughout the world.\",\"email\":\"info@communitylandtrust.net\",\"legalName\":\"International Center for Community Land Trusts\",\"foundingDate\":\"2018-12-01\",\"taxID\":\"84-3858933\",\"numberOfEmployees\":{\"@type\":\"QuantitativeValue\",\"minValue\":\"1\",\"maxValue\":\"10\"}},{\"@type\":\"Person\",\"@id\":\"https:\\\/\\\/www.cltweb.org\\\/es\\\/#\\\/schema\\\/person\\\/afd3723291b60b81c27772953e5b49d6\",\"name\":\"cltredesign_0jp0l4\",\"image\":{\"@type\":\"ImageObject\",\"inLanguage\":\"es\",\"@id\":\"https:\\\/\\\/secure.gravatar.com\\\/avatar\\\/1012e57596c2454da589d773454d3eb22a64f2ff638e62850caeb654f3affad5?s=96&d=mm&r=g\",\"url\":\"https:\\\/\\\/secure.gravatar.com\\\/avatar\\\/1012e57596c2454da589d773454d3eb22a64f2ff638e62850caeb654f3affad5?s=96&d=mm&r=g\",\"contentUrl\":\"https:\\\/\\\/secure.gravatar.com\\\/avatar\\\/1012e57596c2454da589d773454d3eb22a64f2ff638e62850caeb654f3affad5?s=96&d=mm&r=g\",\"caption\":\"cltredesign_0jp0l4\"},\"sameAs\":[\"https:\\\/\\\/icclt.org\"],\"url\":\"https:\\\/\\\/www.cltweb.org\\\/es\\\/author\\\/cltredesign_0jp0l4\\\/\"}]}<\/script>\n<!-- \/ Yoast SEO Premium plugin. -->","yoast_head_json":{"title":"Apoyo al Proyecto Upcycling Trust: La perspectiva de un investigador - International Center for Community Land Trusts","robots":{"index":"index","follow":"follow","max-snippet":"max-snippet:-1","max-image-preview":"max-image-preview:large","max-video-preview":"max-video-preview:-1"},"canonical":"https:\/\/www.cltweb.org\/es\/2024\/09\/16\/apoyo-al-proyecto-upcycling-trust-la-perspectiva-de-un-investigador\/","og_locale":"es_ES","og_type":"article","og_title":"Apoyo al Proyecto Upcycling Trust: La perspectiva de un investigador","og_description":"Por Jeanne Mosseray La siguiente contribuci\u00f3n ha sido escrita por Jeanne Mosseray, investigadora doctoral del Centro Cosm\u00f3polis de Investigaci\u00f3n Urbana, como contribuci\u00f3n al pr\u00f3ximo seminario web sobre &#8220;El uso de [&hellip;]","og_url":"https:\/\/www.cltweb.org\/es\/2024\/09\/16\/apoyo-al-proyecto-upcycling-trust-la-perspectiva-de-un-investigador\/","og_site_name":"International Center for Community Land Trusts","article_publisher":"https:\/\/www.facebook.com\/cltcenter","article_published_time":"2024-09-16T20:52:00+00:00","article_modified_time":"2024-11-07T22:20:21+00:00","author":"cltredesign_0jp0l4","twitter_card":"summary_large_image","twitter_creator":"@Center4CLTs","twitter_site":"@Center4CLTs","twitter_misc":{"Escrito por":"cltredesign_0jp0l4","Tiempo de lectura":"4 minutos"},"schema":{"@context":"https:\/\/schema.org","@graph":[{"@type":"Article","@id":"https:\/\/www.cltweb.org\/es\/2024\/09\/16\/apoyo-al-proyecto-upcycling-trust-la-perspectiva-de-un-investigador\/#article","isPartOf":{"@id":"https:\/\/www.cltweb.org\/es\/2024\/09\/16\/apoyo-al-proyecto-upcycling-trust-la-perspectiva-de-un-investigador\/"},"author":{"name":"cltredesign_0jp0l4","@id":"https:\/\/www.cltweb.org\/es\/#\/schema\/person\/afd3723291b60b81c27772953e5b49d6"},"headline":"Apoyo al Proyecto Upcycling Trust: La perspectiva de un investigador","datePublished":"2024-09-16T20:52:00+00:00","dateModified":"2024-11-07T22:20:21+00:00","mainEntityOfPage":{"@id":"https:\/\/www.cltweb.org\/es\/2024\/09\/16\/apoyo-al-proyecto-upcycling-trust-la-perspectiva-de-un-investigador\/"},"wordCount":879,"publisher":{"@id":"https:\/\/www.cltweb.org\/es\/#organization"},"articleSection":["Blogs"],"inLanguage":"es"},{"@type":"WebPage","@id":"https:\/\/www.cltweb.org\/es\/2024\/09\/16\/apoyo-al-proyecto-upcycling-trust-la-perspectiva-de-un-investigador\/","url":"https:\/\/www.cltweb.org\/es\/2024\/09\/16\/apoyo-al-proyecto-upcycling-trust-la-perspectiva-de-un-investigador\/","name":"Apoyo al Proyecto Upcycling Trust: La perspectiva de un investigador - International Center for Community Land Trusts","isPartOf":{"@id":"https:\/\/www.cltweb.org\/es\/#website"},"datePublished":"2024-09-16T20:52:00+00:00","dateModified":"2024-11-07T22:20:21+00:00","breadcrumb":{"@id":"https:\/\/www.cltweb.org\/es\/2024\/09\/16\/apoyo-al-proyecto-upcycling-trust-la-perspectiva-de-un-investigador\/#breadcrumb"},"inLanguage":"es","potentialAction":[{"@type":"ReadAction","target":["https:\/\/www.cltweb.org\/es\/2024\/09\/16\/apoyo-al-proyecto-upcycling-trust-la-perspectiva-de-un-investigador\/"]}]},{"@type":"BreadcrumbList","@id":"https:\/\/www.cltweb.org\/es\/2024\/09\/16\/apoyo-al-proyecto-upcycling-trust-la-perspectiva-de-un-investigador\/#breadcrumb","itemListElement":[{"@type":"ListItem","position":1,"name":"Home","item":"https:\/\/www.cltweb.org\/es\/"},{"@type":"ListItem","position":2,"name":"Apoyo al Proyecto Upcycling Trust: La perspectiva de un investigador"}]},{"@type":"WebSite","@id":"https:\/\/www.cltweb.org\/es\/#website","url":"https:\/\/www.cltweb.org\/es\/","name":"International Center for Community Land Trusts","description":"","publisher":{"@id":"https:\/\/www.cltweb.org\/es\/#organization"},"potentialAction":[{"@type":"SearchAction","target":{"@type":"EntryPoint","urlTemplate":"https:\/\/www.cltweb.org\/es\/?s={search_term_string}"},"query-input":{"@type":"PropertyValueSpecification","valueRequired":true,"valueName":"search_term_string"}}],"inLanguage":"es"},{"@type":"Organization","@id":"https:\/\/www.cltweb.org\/es\/#organization","name":"International Center for Community Land Trusts","url":"https:\/\/www.cltweb.org\/es\/","logo":{"@type":"ImageObject","inLanguage":"es","@id":"https:\/\/www.cltweb.org\/es\/#\/schema\/logo\/image\/","url":"https:\/\/www.cltweb.org\/wp-content\/uploads\/2024\/11\/New-CLT-Center-Text-logo.png","contentUrl":"https:\/\/www.cltweb.org\/wp-content\/uploads\/2024\/11\/New-CLT-Center-Text-logo.png","width":227,"height":80,"caption":"International Center for Community Land Trusts"},"image":{"@id":"https:\/\/www.cltweb.org\/es\/#\/schema\/logo\/image\/"},"sameAs":["https:\/\/www.facebook.com\/cltcenter","https:\/\/x.com\/Center4CLTs","https:\/\/www.instagram.com\/cltcenter\/","https:\/\/www.linkedin.com\/company\/cltcenter","https:\/\/www.youtube.com\/@centerforcltinnovation5313"],"description":"The International Center for Community Land Trusts is a not-for-profit nongovernmental organization established in 2018 to promote and to support community land trusts and similar strategies of community-led development on community-owned land in countries throughout the world.","email":"info@communitylandtrust.net","legalName":"International Center for Community Land Trusts","foundingDate":"2018-12-01","taxID":"84-3858933","numberOfEmployees":{"@type":"QuantitativeValue","minValue":"1","maxValue":"10"}},{"@type":"Person","@id":"https:\/\/www.cltweb.org\/es\/#\/schema\/person\/afd3723291b60b81c27772953e5b49d6","name":"cltredesign_0jp0l4","image":{"@type":"ImageObject","inLanguage":"es","@id":"https:\/\/secure.gravatar.com\/avatar\/1012e57596c2454da589d773454d3eb22a64f2ff638e62850caeb654f3affad5?s=96&d=mm&r=g","url":"https:\/\/secure.gravatar.com\/avatar\/1012e57596c2454da589d773454d3eb22a64f2ff638e62850caeb654f3affad5?s=96&d=mm&r=g","contentUrl":"https:\/\/secure.gravatar.com\/avatar\/1012e57596c2454da589d773454d3eb22a64f2ff638e62850caeb654f3affad5?s=96&d=mm&r=g","caption":"cltredesign_0jp0l4"},"sameAs":["https:\/\/icclt.org"],"url":"https:\/\/www.cltweb.org\/es\/author\/cltredesign_0jp0l4\/"}]}},"taxonomy_info":{"category":[{"value":290,"label":"Blogs"}]},"featured_image_src_large":false,"author_info":{"display_name":"cltredesign_0jp0l4","author_link":"https:\/\/www.cltweb.org\/es\/author\/cltredesign_0jp0l4\/"},"comment_info":0,"category_info":[{"term_id":290,"name":"Blogs","slug":"blogs","term_group":0,"term_taxonomy_id":290,"taxonomy":"category","description":"","parent":0,"count":12,"filter":"raw","cat_ID":290,"category_count":12,"category_description":"","cat_name":"Blogs","category_nicename":"blogs","category_parent":0}],"tag_info":false,"jetpack_featured_media_url":"","jetpack_sharing_enabled":true,"jetpack-related-posts":[{"id":6571,"url":"https:\/\/www.cltweb.org\/es\/2024\/08\/22\/utilizacion-de-las-clt-para-la-renovacion-energetica-y-la-asequibilidad-permanente-de-las-viviendas-existentes\/","url_meta":{"origin":7208,"position":0},"title":"Utilizaci\u00f3n de las CLT para la renovaci\u00f3n energ\u00e9tica y la asequibilidad permanente de las viviendas existentes","author":"Ben Harris","date":"22 de agosto de 2024","format":false,"excerpt":"Acomp\u00e1\u00f1anos el 25 de septiembre de 2024 en un seminario web sobre c\u00f3mo pueden utilizarse las CLT para renovar energ\u00e9ticamente las viviendas existentes y hacerlas asequibles de forma permanente. Escuchar\u00e1s a destacados profesionales de las CLT que lideran enfoques innovadores para la renovaci\u00f3n energ\u00e9tica de viviendas existentes, con un debate\u2026","rel":"","context":"En \u00abSin categorizar\u00bb","block_context":{"text":"Sin categorizar","link":"https:\/\/www.cltweb.org\/es\/category\/sin-categorizar\/"},"img":{"alt_text":"Jeanne Mosseray","src":"https:\/\/i0.wp.com\/www.cltweb.org\/wp-content\/uploads\/2024\/08\/jeanne_mosseray-254x300.jpg?resize=350%2C200&ssl=1","width":350,"height":200},"classes":[]},{"id":7236,"url":"https:\/\/www.cltweb.org\/es\/2024\/09\/10\/pueden-los-clt-desempenar-un-papel-en-la-politica-climatica\/","url_meta":{"origin":7208,"position":1},"title":"\u00bfPueden los CLT desempe\u00f1ar un papel en la pol\u00edtica clim\u00e1tica?","author":"cltredesign_0jp0l4","date":"10 de septiembre de 2024","format":false,"excerpt":"La siguiente contribuci\u00f3n ha sido escrita por Geert De Pauw, Co-coordinador de Community Land Trust Brussels, como contribuci\u00f3n al pr\u00f3ximo seminario web sobre \"El uso de los CLT para proporcionar renovaci\u00f3n energ\u00e9tica y asequibilidad permanente a las viviendas existentes\", que se celebrar\u00e1 el 25 de septiembre. Community Land Trust Brussels\u2026","rel":"","context":"En \u00abBlogs\u00bb","block_context":{"text":"Blogs","link":"https:\/\/www.cltweb.org\/es\/category\/blogs\/"},"img":{"alt_text":"","src":"","width":0,"height":0},"classes":[]},{"id":6594,"url":"https:\/\/www.cltweb.org\/es\/2022\/10\/11\/retirar-suelo-del-mercado-para-que-la-ciudad-sea-asequible\/","url_meta":{"origin":7208,"position":2},"title":"Retirar suelo del mercado para que la ciudad sea asequible","author":"cltredesign_0jp0l4","date":"11 de octubre de 2022","format":false,"excerpt":"\u00bfNo podr\u00eda ser una soluci\u00f3n a la crisis de la vivienda retirar viviendas y terrenos del mercado, para que no se pueda especular con ellos y sigan siendo asequibles para siempre? Los fideicomisos de la tierra ya lo est\u00e1n haciendo en ciudades de todo el mundo. \u00bfC\u00f3mo puede ampliarse? \u00bfCu\u00e1l\u2026","rel":"","context":"En \u00abSin categorizar\u00bb","block_context":{"text":"Sin categorizar","link":"https:\/\/www.cltweb.org\/es\/category\/sin-categorizar\/"},"img":{"alt_text":"Logotipo CLTB","src":"https:\/\/i0.wp.com\/www.cltweb.org\/wp-content\/uploads\/2022\/10\/CLTB_Logo-1024x660.png?resize=350%2C200&ssl=1","width":350,"height":200},"classes":[]},{"id":7210,"url":"https:\/\/www.cltweb.org\/pt-br\/2024\/09\/16\/apoio-ao-projeto-upcycling-trust-perspectiva-de-um-pesquisador\/","url_meta":{"origin":7208,"position":3},"title":"Apoio ao projeto Upcycling Trust: Perspectiva de um pesquisador","author":"cltredesign_0jp0l4","date":"16 de septiembre de 2024","format":false,"excerpt":"Por Jeanne Mosseray A contribui\u00e7\u00e3o a seguir foi escrita por Jeanne Mosseray, pesquisadora PhD do Cosmopolis Centre for Urban Research, como uma contribui\u00e7\u00e3o para o pr\u00f3ximo webinar sobre \"Using CLTs to Deliver Energy Renovation and Permanent Affordability to Existing Housing\" (Usando CLTs para fornecer renova\u00e7\u00e3o de energia e acessibilidade permanente\u2026","rel":"","context":"En \u00abBlogs\u00bb","block_context":{"text":"Blogs","link":"https:\/\/www.cltweb.org\/pt-br\/category\/blogs-pt-br\/"},"img":{"alt_text":"","src":"","width":0,"height":0},"classes":[]},{"id":6573,"url":"https:\/\/www.cltweb.org\/pt-br\/2024\/08\/22\/usando-clts-para-fornecer-renovacao-de-energia-e-acessibilidade-permanente-a-moradias-existentes\/","url_meta":{"origin":7208,"position":4},"title":"Usando CLTs para fornecer renova\u00e7\u00e3o de energia e acessibilidade permanente a moradias existentes","author":"Ben Harris","date":"22 de agosto de 2024","format":false,"excerpt":"Junte-se a n\u00f3s no dia 25 de setembro de 2024 para um webinar sobre como os CLTs podem ser usados para oferecer renova\u00e7\u00e3o de energia e acessibilidade permanente \u00e0s moradias existentes. Voc\u00ea ouvir\u00e1 os principais profissionais de CLT que lideram abordagens inovadoras para a renova\u00e7\u00e3o de energia em moradias existentes,\u2026","rel":"","context":"En \u00abN\u00e3o categorizado\u00bb","block_context":{"text":"N\u00e3o categorizado","link":"https:\/\/www.cltweb.org\/pt-br\/category\/nao-categorizado\/"},"img":{"alt_text":"Jeanne Mosseray","src":"https:\/\/i0.wp.com\/www.cltweb.org\/wp-content\/uploads\/2024\/08\/jeanne_mosseray-254x300.jpg?resize=350%2C200&ssl=1","width":350,"height":200},"classes":[]},{"id":6566,"url":"https:\/\/www.cltweb.org\/pt-br\/2024\/10\/21\/painel-de-discussao-sobre-o-uso-de-clts-para-fornecer-renovacao-de-energia-e-acessibilidade-permanente-as-moradias-existentes\/","url_meta":{"origin":7208,"position":5},"title":"Painel de discuss\u00e3o sobre o uso de CLTs para fornecer renova\u00e7\u00e3o de energia e acessibilidade permanente \u00e0s moradias existentes","author":"Ben Harris","date":"21 de octubre de 2024","format":false,"excerpt":"GRAVA\u00c7\u00c3O DO WEBINAR TRANSCRI\u00c7\u00c3O EM INGL\u00caS E FRANC\u00caS DESCRI\u00c7\u00c3O DO WEBINAR Na sequ\u00eancia do webinar de setembro, reunimos os apresentadores dos webinars anteriores para um painel de discuss\u00e3o de uma hora de dura\u00e7\u00e3o, no qual continuamos a desenvolver os estudos de caso do m\u00eas anterior, trabalhando com propriet\u00e1rios n\u00e3o CLT\u2026","rel":"","context":"En \u00abN\u00e3o categorizado\u00bb","block_context":{"text":"N\u00e3o categorizado","link":"https:\/\/www.cltweb.org\/pt-br\/category\/nao-categorizado\/"},"img":{"alt_text":"Jeanne Mosseray","src":"https:\/\/i0.wp.com\/www.cltweb.org\/wp-content\/uploads\/2024\/08\/jeanne_mosseray-254x300.jpg?resize=350%2C200&ssl=1","width":350,"height":200},"classes":[]}],"_links":{"self":[{"href":"https:\/\/www.cltweb.org\/es\/wp-json\/wp\/v2\/posts\/7208","targetHints":{"allow":["GET"]}}],"collection":[{"href":"https:\/\/www.cltweb.org\/es\/wp-json\/wp\/v2\/posts"}],"about":[{"href":"https:\/\/www.cltweb.org\/es\/wp-json\/wp\/v2\/types\/post"}],"author":[{"embeddable":true,"href":"https:\/\/www.cltweb.org\/es\/wp-json\/wp\/v2\/users\/1"}],"replies":[{"embeddable":true,"href":"https:\/\/www.cltweb.org\/es\/wp-json\/wp\/v2\/comments?post=7208"}],"version-history":[{"count":3,"href":"https:\/\/www.cltweb.org\/es\/wp-json\/wp\/v2\/posts\/7208\/revisions"}],"predecessor-version":[{"id":7608,"href":"https:\/\/www.cltweb.org\/es\/wp-json\/wp\/v2\/posts\/7208\/revisions\/7608"}],"wp:attachment":[{"href":"https:\/\/www.cltweb.org\/es\/wp-json\/wp\/v2\/media?parent=7208"}],"wp:term":[{"taxonomy":"category","embeddable":true,"href":"https:\/\/www.cltweb.org\/es\/wp-json\/wp\/v2\/categories?post=7208"},{"taxonomy":"post_tag","embeddable":true,"href":"https:\/\/www.cltweb.org\/es\/wp-json\/wp\/v2\/tags?post=7208"}],"curies":[{"name":"wp","href":"https:\/\/api.w.org\/{rel}","templated":true}]}}