{"id":7236,"date":"2024-09-10T21:01:00","date_gmt":"2024-09-10T21:01:00","guid":{"rendered":"https:\/\/www.cltweb.org\/2024\/09\/10\/pueden-los-clt-desempenar-un-papel-en-la-politica-climatica\/"},"modified":"2024-11-02T21:09:19","modified_gmt":"2024-11-02T21:09:19","slug":"pueden-los-clt-desempenar-un-papel-en-la-politica-climatica","status":"publish","type":"post","link":"https:\/\/www.cltweb.org\/es\/2024\/09\/10\/pueden-los-clt-desempenar-un-papel-en-la-politica-climatica\/","title":{"rendered":"\u00bfPueden los CLT desempe\u00f1ar un papel en la pol\u00edtica clim\u00e1tica?"},"content":{"rendered":"\n<p><em><strong>La siguiente contribuci\u00f3n ha sido escrita por Geert De Pauw, Co-coordinador de Community Land Trust Brussels, como contribuci\u00f3n al pr\u00f3ximo seminario web sobre &#8220;El uso de los CLT para proporcionar renovaci\u00f3n energ\u00e9tica y asequibilidad permanente a las viviendas existentes&#8221;, que se celebrar\u00e1 el 25 de septiembre.  <\/strong><\/em><\/p>\n\n<p><a href=\"http:\/\/www.cltb.be\/\">Community Land Trust Brussels<\/a> (CLTB) es una organizaci\u00f3n sin \u00e1nimo de lucro que desarrolla viviendas asequibles para familias con bajos ingresos en Bruselas con el apoyo del gobierno regional. Como muchas otras CLT de Europa, se centra principalmente en proyectos de nueva construcci\u00f3n. Hasta la fecha, CLTB ha construido algo m\u00e1s de cien viviendas repartidas en seis proyectos de vivienda. El mismo n\u00famero de viviendas est\u00e1 en construcci\u00f3n. Con ello, CLTB quiere ofrecer una respuesta a la necesidad de m\u00e1s viviendas asequibles en la regi\u00f3n.    <\/p>\n\n<p>La construcci\u00f3n nueva (o la renovaci\u00f3n profunda de edificios m\u00e1s grandes) ha demostrado ser una buena estrategia para introducir viviendas asequibles en el mercado de una manera relativamente eficaz. Este enfoque tambi\u00e9n da a CLTB la oportunidad de implicar colectivamente a los futuros residentes en el desarrollo de las viviendas, lo que constituye la base de la construcci\u00f3n comunitaria de nuestra organizaci\u00f3n. <\/p>\n\n<p>Sin embargo, cabe cuestionarse la conveniencia a largo plazo de seguir centr\u00e1ndose \u00fanicamente en la nueva construcci\u00f3n. Esta opci\u00f3n puede entrar en conflicto con los propios objetivos de sostenibilidad de nuestra organizaci\u00f3n. Cortar parcelas sin edificar en una regi\u00f3n ya densamente construida puede plantear dudas en algunas ocasiones. Debido al cambio clim\u00e1tico, la ciudad necesita cada vez m\u00e1s conservar terrenos sin edificar para que desempe\u00f1en un papel en la gesti\u00f3n del agua, la refrigeraci\u00f3n, la biodiversidad o el ocio. Adem\u00e1s, los materiales de construcci\u00f3n necesarios para construir nuevas viviendas son responsables de emitir mucho CO2.      <\/p>\n\n<h4 class=\"wp-block-heading\" id=\"h-brussels-housing-crisis-government-response-and-the-clt-approach\"><strong>La crisis de la vivienda en Bruselas, la respuesta del gobierno y el enfoque CLT<\/strong><\/h4>\n\n<p>Adem\u00e1s de nuestros propios objetivos de sostenibilidad, con el tiempo tambi\u00e9n debemos tener en cuenta las nuevas estrategias y pol\u00edticas gubernamentales que har\u00e1n cada vez m\u00e1s dif\u00edcil la nueva construcci\u00f3n en terrenos v\u00edrgenes, en una regi\u00f3n ya densamente poblada como Bruselas.  <\/p>\n\n<p>Al mismo tiempo, la crisis de la vivienda sigue intensific\u00e1ndose. Cada vez m\u00e1s familias se ven obligadas a abandonar Bruselas porque no pueden encontrar all\u00ed una vivienda asequible. Los que se quedan a menudo tienen que contentarse con viviendas demasiado peque\u00f1as, insalubres y caras. De hecho, los gobiernos belga y bruselense han invertido muy poco en vivienda social, dejando a los residentes casi totalmente dependientes del mercado privado, donde los precios no han dejado de subir en los \u00faltimos 20 a\u00f1os.   <\/p>\n\n<p>Aunque no se invirti\u00f3 en vivienda social, el gobierno s\u00ed foment\u00f3 la propiedad de la vivienda. Mediante diversos instrumentos, ayud\u00f3 a los hogares modestos a comprar una vivienda. Esto ayud\u00f3 a muchas familias pobres a tener acceso a la vivienda, hasta que el aumento de los precios lo hizo imposible.    <\/p>\n\n<p>En la actualidad, los propietarios pobres ya existentes tambi\u00e9n corren el riesgo de tener problemas. Bruselas tiene un parque de viviendas viejo e ineficiente desde el punto de vista energ\u00e9tico. Para cumplir sus objetivos clim\u00e1ticos, la Regi\u00f3n de Bruselas ha desarrollado una ambiciosa estrategia <a href=\"https:\/\/renolution.brussels\/\" target=\"_blank\" rel=\"noreferrer noopener\">llamada &#8220;Renolution<\/a>&#8220;. Una parte importante de esta estrategia es hacer que las viviendas particulares sean energ\u00e9ticamente eficientes. Para animar a los propietarios a invertir en la renovaci\u00f3n de sus viviendas, el Gobierno de Bruselas prev\u00e9, entre otras cosas, importantes multas para los morosos. Esto podr\u00eda tener consecuencias desastrosas. El peligro es que conduzca a una situaci\u00f3n en la que s\u00f3lo los residentes o inversores ricos puedan poseer viviendas en barrios que segu\u00edan siendo relativamente asequibles, y que la Regi\u00f3n de Bruselas se enfrente a la &#8220;gentrificaci\u00f3n verde&#8221;.        <\/p>\n\n<p>Por todas estas razones, CLTB ha decidido diversificar su enfoque y dedicarse ahora tambi\u00e9n a la renovaci\u00f3n de viviendas privadas. Creemos que los CLT tienen el potencial de dar respuesta, en Bruselas y en otras ciudades europeas, al doble reto de la necesidad de viviendas asequibles de forma permanente y la necesidad de renovar el parque de viviendas existente de forma sostenible y hacerlas eficientes desde el punto de vista energ\u00e9tico. <\/p>\n\n<h4 class=\"wp-block-heading\" id=\"h-pilot-projects-and-the-upcycling-trust-partnership\"><strong>Proyectos piloto y la Asociaci\u00f3n Upcycling Trust<\/strong><\/h4>\n\n<p>Hoy en d\u00eda, los instrumentos p\u00fablicos existentes que pretenden animar a los propietarios a renovar sus viviendas y hacerlas eficientes energ\u00e9ticamente no llegan a los propietarios m\u00e1s pobres. Estos propietarios, &#8220;ricos en activos, pobres en efectivo&#8221;, no tienen medios para financiar las obras en previsi\u00f3n de las subvenciones y tienen dificultades con la administraci\u00f3n para pedir las subvenciones. CLTB quiere investigar ahora si es posible elaborar un nuevo instrumento pol\u00edtico por el que se ayude a estos propietarios, mediante una orientaci\u00f3n muy intensiva y una intervenci\u00f3n financiera muy importante. De este modo, pueden aumentar la calidad de su vivienda, cumplir los nuevos requisitos y evitar multas, y recuperar la seguridad de la vivienda. A cambio, su vivienda se convierte en una vivienda CLT, haci\u00e9ndola asequible para siempre. De hecho, en nuestro modelo el propietario acepta las condiciones t\u00edpicas del CLT en cuanto a uso y plusval\u00edas cuando se vende la vivienda.     <\/p>\n\n<p>Creemos que un instrumento as\u00ed ser\u00eda un complemento importante de los actuales instrumentos gubernamentales de pr\u00e9stamos y subvenciones. Tiene la gran ventaja de ayudar a los m\u00e1s vulnerables y de aportar una soluci\u00f3n a la parte del parque inmobiliario donde los problemas son mayores. Adem\u00e1s, este planteamiento aumenta la oferta de viviendas asequibles de forma permanente, en una ciudad donde la inmensa mayor\u00eda del parque de viviendas est\u00e1 a merced del mercado libre y no regulado. Por si fuera poco, lo hacemos sin recortar suelo no urbanizable.     <\/p>\n\n<p>Para conseguirlo, es importante convencer al gobierno. Para ello, iniciamos un proyecto piloto en Bruselas. Tras un a\u00f1o de trabajo sobre procedimientos y modelos jur\u00eddicos, los dos primeros propietarios est\u00e1n a punto de firmar para entrar en el programa.    <\/p>\n\n<p>Al darnos cuenta de que no \u00e9ramos los \u00fanicos que pens\u00e1bamos as\u00ed, tomamos la iniciativa de reunir a otros CLT europeos con ideas similares. Junto con nuestros colegas de la ciudad de Lille (Francia), coordinamos ahora el proyecto &#8220;<a href=\"https:\/\/upcyclingtrust.nweurope.eu\/\" target=\"_blank\" rel=\"noreferrer noopener\">Upcycling Trust<\/a>&#8220;, financiado por la UE. Junto con los CLT de Cork (Irlanda), Gante (B\u00e9lgica), Lille (Francia) y Rennes (Francia), queremos poner a prueba esta nueva estrategia de upcycling y utilizar un enfoque circular para la renovaci\u00f3n. Nuestros CLT pondr\u00e1n en <a href=\"https:\/\/upcyclingtrust.nweurope.eu\/pilot-projects\" target=\"_blank\" rel=\"noreferrer noopener\">marcha proyectos piloto<\/a> en los que se desarrollar\u00e1n estrategias jur\u00eddicas, organizativas, t\u00e9cnicas y financieras, y se renovar\u00e1n las primeras viviendas. Esto beneficiar\u00e1 a unas 150 familias con bajos ingresos que podr\u00e1n vivir en estas viviendas, al tiempo que se reduce el impacto medioambiental. Bas\u00e1ndonos en las experiencias de los proyectos piloto, e implicando a las autoridades locales y regionales, as\u00ed como a socios acad\u00e9micos, utilizaremos nuestras conclusiones para desarrollar una nueva pol\u00edtica urbana. En un contexto en el que muchas ciudades buscan estrategias para abordar la crisis de la vivienda, reforzar el tejido urbano y alcanzar objetivos clim\u00e1ticos, el modelo de fideicomiso de upcycling ofrece un enfoque innovador y estructural que puede acelerar una transici\u00f3n urbana justa. Dadas las ambiciones clim\u00e1ticas de Europa, creemos que este proyecto financiado por la UE es una oportunidad perfecta para probar el enfoque y preparar su despliegue.       <\/p>\n\n<p>CLTB tambi\u00e9n quiere probar otros m\u00e9todos nuevos. Por ejemplo, en septiembre iniciaremos la &#8220;autorenovaci\u00f3n guiada&#8221; de tres viviendas. Esto dar\u00e1 a los futuros propietarios la oportunidad de hacer ellos mismos parte de la renovaci\u00f3n de su futura casa, reduciendo as\u00ed su coste.    <\/p>\n\n<h4 class=\"wp-block-heading\" id=\"h-scaling-challenges-and-the-future-of-clts\"><strong>Los retos de la ampliaci\u00f3n y el futuro de los CLT<\/strong><\/h4>\n\n<p>Por muy prometedores que sean todos estos nuevos m\u00e9todos, hoy por hoy todav\u00eda est\u00e1n en pa\u00f1ales. Ampliarlos requerir\u00e1 mucho dinero y tiempo. Desde luego, no son la respuesta definitiva al reto descrito anteriormente de encontrar soluciones a la crisis de la vivienda de forma que perjudiquen lo menos posible al medio ambiente. Por tanto, al mismo tiempo, seguimos comprometidos con la nueva construcci\u00f3n. Preferir\u00edamos hacerlo de una forma m\u00e1s circular, aunque para ello todav\u00eda tenemos que buscar soluciones de financiaci\u00f3n innovadoras que nos permitan cubrir el coste adicional de esa forma de trabajar.    <\/p>\n\n<p>A pesar de estas limitaciones, creemos firmemente en el potencial del <a href=\"https:\/\/upcyclingtrust.nweurope.eu\/about\" target=\"_blank\" rel=\"noreferrer noopener\">enfoque de Upcycling Trust<\/a>. Dando a los fideicomisos de la tierra un papel en la pol\u00edtica clim\u00e1tica y convirtiendo la propiedad privada en propiedad comunitaria no especulativa, se puede reformar estructuralmente parte del mercado de la vivienda. Si se hace a gran escala, esto podr\u00eda desempe\u00f1ar un papel fundamental para hacer nuestras ciudades m\u00e1s habitables sin dejar de ser asequibles.    <br\/><br\/><br\/><br\/><a href=\"https:\/\/us06web.zoom.us\/webinar\/register\/WN_JQCk8DvPSpKxNKHyZmbwYw#\/registration\" target=\"_blank\" rel=\"noreferrer noopener\"><\/a><br\/><br\/><\/p>\n","protected":false},"excerpt":{"rendered":"<p>La siguiente contribuci\u00f3n ha sido escrita por Geert De Pauw, Co-coordinador de Community Land Trust Brussels, como contribuci\u00f3n al pr\u00f3ximo seminario web sobre &#8220;El uso de los CLT para proporcionar [&hellip;]<\/p>\n","protected":false},"author":1,"featured_media":0,"comment_status":"closed","ping_status":"open","sticky":false,"template":"","format":"standard","meta":{"give_campaign_id":0,"_tec_requires_first_save":true,"_kad_blocks_custom_css":"","_kad_blocks_head_custom_js":"","_kad_blocks_body_custom_js":"","_kad_blocks_footer_custom_js":"","_EventAllDay":false,"_EventTimezone":"","_EventStartDate":"","_EventEndDate":"","_EventStartDateUTC":"","_EventEndDateUTC":"","_EventShowMap":false,"_EventShowMapLink":false,"_EventURL":"","_EventCost":"","_EventCostDescription":"","_EventCurrencySymbol":"","_EventCurrencyCode":"","_EventCurrencyPosition":"","_EventDateTimeSeparator":"","_EventTimeRangeSeparator":"","_EventOrganizerID":[],"_EventVenueID":[],"_OrganizerEmail":"","_OrganizerPhone":"","_OrganizerWebsite":"","_VenueAddress":"","_VenueCity":"","_VenueCountry":"","_VenueProvince":"","_VenueState":"","_VenueZip":"","_VenuePhone":"","_VenueURL":"","_VenueStateProvince":"","_VenueLat":"","_VenueLng":"","_VenueShowMap":false,"_VenueShowMapLink":false,"_tribe_blocks_recurrence_rules":"","_tribe_blocks_recurrence_description":"","_tribe_blocks_recurrence_exclusions":"","_jetpack_memberships_contains_paid_content":false,"footnotes":""},"categories":[290],"tags":[],"class_list":["post-7236","post","type-post","status-publish","format-standard","hentry","category-blogs"],"blocksy_meta":[],"yoast_head":"<!-- This site is optimized with the Yoast SEO Premium plugin v27.5 (Yoast SEO v27.5) - https:\/\/yoast.com\/product\/yoast-seo-premium-wordpress\/ -->\n<title>\u00bfPueden los CLT desempe\u00f1ar un papel en la pol\u00edtica clim\u00e1tica? - International Center for Community Land Trusts<\/title>\n<meta name=\"robots\" content=\"index, follow, max-snippet:-1, max-image-preview:large, max-video-preview:-1\" \/>\n<link rel=\"canonical\" href=\"https:\/\/www.cltweb.org\/es\/2024\/09\/10\/pueden-los-clt-desempenar-un-papel-en-la-politica-climatica\/\" \/>\n<meta property=\"og:locale\" content=\"es_ES\" \/>\n<meta property=\"og:type\" content=\"article\" \/>\n<meta property=\"og:title\" content=\"\u00bfPueden los CLT desempe\u00f1ar un papel en la pol\u00edtica clim\u00e1tica?\" \/>\n<meta property=\"og:description\" content=\"La siguiente contribuci\u00f3n ha sido escrita por Geert De Pauw, Co-coordinador de Community Land Trust Brussels, como contribuci\u00f3n al pr\u00f3ximo seminario web sobre &#8220;El uso de los CLT para proporcionar [&hellip;]\" \/>\n<meta property=\"og:url\" content=\"https:\/\/www.cltweb.org\/es\/2024\/09\/10\/pueden-los-clt-desempenar-un-papel-en-la-politica-climatica\/\" \/>\n<meta property=\"og:site_name\" content=\"International Center for Community Land Trusts\" \/>\n<meta property=\"article:publisher\" content=\"https:\/\/www.facebook.com\/cltcenter\" \/>\n<meta property=\"article:published_time\" content=\"2024-09-10T21:01:00+00:00\" \/>\n<meta property=\"article:modified_time\" content=\"2024-11-02T21:09:19+00:00\" \/>\n<meta name=\"author\" content=\"cltredesign_0jp0l4\" \/>\n<meta name=\"twitter:card\" content=\"summary_large_image\" \/>\n<meta name=\"twitter:creator\" content=\"@Center4CLTs\" \/>\n<meta name=\"twitter:site\" content=\"@Center4CLTs\" \/>\n<meta name=\"twitter:label1\" content=\"Escrito por\" \/>\n\t<meta name=\"twitter:data1\" content=\"cltredesign_0jp0l4\" \/>\n\t<meta name=\"twitter:label2\" content=\"Tiempo de lectura\" \/>\n\t<meta name=\"twitter:data2\" content=\"8 minutos\" \/>\n<script type=\"application\/ld+json\" class=\"yoast-schema-graph\">{\"@context\":\"https:\\\/\\\/schema.org\",\"@graph\":[{\"@type\":\"Article\",\"@id\":\"https:\\\/\\\/www.cltweb.org\\\/es\\\/2024\\\/09\\\/10\\\/pueden-los-clt-desempenar-un-papel-en-la-politica-climatica\\\/#article\",\"isPartOf\":{\"@id\":\"https:\\\/\\\/www.cltweb.org\\\/es\\\/2024\\\/09\\\/10\\\/pueden-los-clt-desempenar-un-papel-en-la-politica-climatica\\\/\"},\"author\":{\"name\":\"cltredesign_0jp0l4\",\"@id\":\"https:\\\/\\\/www.cltweb.org\\\/es\\\/#\\\/schema\\\/person\\\/afd3723291b60b81c27772953e5b49d6\"},\"headline\":\"\u00bfPueden los CLT desempe\u00f1ar un papel en la pol\u00edtica clim\u00e1tica?\",\"datePublished\":\"2024-09-10T21:01:00+00:00\",\"dateModified\":\"2024-11-02T21:09:19+00:00\",\"mainEntityOfPage\":{\"@id\":\"https:\\\/\\\/www.cltweb.org\\\/es\\\/2024\\\/09\\\/10\\\/pueden-los-clt-desempenar-un-papel-en-la-politica-climatica\\\/\"},\"wordCount\":1524,\"publisher\":{\"@id\":\"https:\\\/\\\/www.cltweb.org\\\/es\\\/#organization\"},\"articleSection\":[\"Blogs\"],\"inLanguage\":\"es\"},{\"@type\":\"WebPage\",\"@id\":\"https:\\\/\\\/www.cltweb.org\\\/es\\\/2024\\\/09\\\/10\\\/pueden-los-clt-desempenar-un-papel-en-la-politica-climatica\\\/\",\"url\":\"https:\\\/\\\/www.cltweb.org\\\/es\\\/2024\\\/09\\\/10\\\/pueden-los-clt-desempenar-un-papel-en-la-politica-climatica\\\/\",\"name\":\"\u00bfPueden los CLT desempe\u00f1ar un papel en la pol\u00edtica clim\u00e1tica? - International Center for Community Land Trusts\",\"isPartOf\":{\"@id\":\"https:\\\/\\\/www.cltweb.org\\\/es\\\/#website\"},\"datePublished\":\"2024-09-10T21:01:00+00:00\",\"dateModified\":\"2024-11-02T21:09:19+00:00\",\"breadcrumb\":{\"@id\":\"https:\\\/\\\/www.cltweb.org\\\/es\\\/2024\\\/09\\\/10\\\/pueden-los-clt-desempenar-un-papel-en-la-politica-climatica\\\/#breadcrumb\"},\"inLanguage\":\"es\",\"potentialAction\":[{\"@type\":\"ReadAction\",\"target\":[\"https:\\\/\\\/www.cltweb.org\\\/es\\\/2024\\\/09\\\/10\\\/pueden-los-clt-desempenar-un-papel-en-la-politica-climatica\\\/\"]}]},{\"@type\":\"BreadcrumbList\",\"@id\":\"https:\\\/\\\/www.cltweb.org\\\/es\\\/2024\\\/09\\\/10\\\/pueden-los-clt-desempenar-un-papel-en-la-politica-climatica\\\/#breadcrumb\",\"itemListElement\":[{\"@type\":\"ListItem\",\"position\":1,\"name\":\"Home\",\"item\":\"https:\\\/\\\/www.cltweb.org\\\/es\\\/\"},{\"@type\":\"ListItem\",\"position\":2,\"name\":\"\u00bfPueden los CLT desempe\u00f1ar un papel en la pol\u00edtica clim\u00e1tica?\"}]},{\"@type\":\"WebSite\",\"@id\":\"https:\\\/\\\/www.cltweb.org\\\/es\\\/#website\",\"url\":\"https:\\\/\\\/www.cltweb.org\\\/es\\\/\",\"name\":\"International Center for Community Land Trusts\",\"description\":\"\",\"publisher\":{\"@id\":\"https:\\\/\\\/www.cltweb.org\\\/es\\\/#organization\"},\"potentialAction\":[{\"@type\":\"SearchAction\",\"target\":{\"@type\":\"EntryPoint\",\"urlTemplate\":\"https:\\\/\\\/www.cltweb.org\\\/es\\\/?s={search_term_string}\"},\"query-input\":{\"@type\":\"PropertyValueSpecification\",\"valueRequired\":true,\"valueName\":\"search_term_string\"}}],\"inLanguage\":\"es\"},{\"@type\":\"Organization\",\"@id\":\"https:\\\/\\\/www.cltweb.org\\\/es\\\/#organization\",\"name\":\"International Center for Community Land Trusts\",\"url\":\"https:\\\/\\\/www.cltweb.org\\\/es\\\/\",\"logo\":{\"@type\":\"ImageObject\",\"inLanguage\":\"es\",\"@id\":\"https:\\\/\\\/www.cltweb.org\\\/es\\\/#\\\/schema\\\/logo\\\/image\\\/\",\"url\":\"https:\\\/\\\/www.cltweb.org\\\/wp-content\\\/uploads\\\/2024\\\/11\\\/New-CLT-Center-Text-logo.png\",\"contentUrl\":\"https:\\\/\\\/www.cltweb.org\\\/wp-content\\\/uploads\\\/2024\\\/11\\\/New-CLT-Center-Text-logo.png\",\"width\":227,\"height\":80,\"caption\":\"International Center for Community Land Trusts\"},\"image\":{\"@id\":\"https:\\\/\\\/www.cltweb.org\\\/es\\\/#\\\/schema\\\/logo\\\/image\\\/\"},\"sameAs\":[\"https:\\\/\\\/www.facebook.com\\\/cltcenter\",\"https:\\\/\\\/x.com\\\/Center4CLTs\",\"https:\\\/\\\/www.instagram.com\\\/cltcenter\\\/\",\"https:\\\/\\\/www.linkedin.com\\\/company\\\/cltcenter\",\"https:\\\/\\\/www.youtube.com\\\/@centerforcltinnovation5313\"],\"description\":\"The International Center for Community Land Trusts is a not-for-profit nongovernmental organization established in 2018 to promote and to support community land trusts and similar strategies of community-led development on community-owned land in countries throughout the world.\",\"email\":\"info@communitylandtrust.net\",\"legalName\":\"International Center for Community Land Trusts\",\"foundingDate\":\"2018-12-01\",\"taxID\":\"84-3858933\",\"numberOfEmployees\":{\"@type\":\"QuantitativeValue\",\"minValue\":\"1\",\"maxValue\":\"10\"}},{\"@type\":\"Person\",\"@id\":\"https:\\\/\\\/www.cltweb.org\\\/es\\\/#\\\/schema\\\/person\\\/afd3723291b60b81c27772953e5b49d6\",\"name\":\"cltredesign_0jp0l4\",\"image\":{\"@type\":\"ImageObject\",\"inLanguage\":\"es\",\"@id\":\"https:\\\/\\\/secure.gravatar.com\\\/avatar\\\/1012e57596c2454da589d773454d3eb22a64f2ff638e62850caeb654f3affad5?s=96&d=mm&r=g\",\"url\":\"https:\\\/\\\/secure.gravatar.com\\\/avatar\\\/1012e57596c2454da589d773454d3eb22a64f2ff638e62850caeb654f3affad5?s=96&d=mm&r=g\",\"contentUrl\":\"https:\\\/\\\/secure.gravatar.com\\\/avatar\\\/1012e57596c2454da589d773454d3eb22a64f2ff638e62850caeb654f3affad5?s=96&d=mm&r=g\",\"caption\":\"cltredesign_0jp0l4\"},\"sameAs\":[\"https:\\\/\\\/icclt.org\"],\"url\":\"https:\\\/\\\/www.cltweb.org\\\/es\\\/author\\\/cltredesign_0jp0l4\\\/\"}]}<\/script>\n<!-- \/ Yoast SEO Premium plugin. -->","yoast_head_json":{"title":"\u00bfPueden los CLT desempe\u00f1ar un papel en la pol\u00edtica clim\u00e1tica? - International Center for Community Land Trusts","robots":{"index":"index","follow":"follow","max-snippet":"max-snippet:-1","max-image-preview":"max-image-preview:large","max-video-preview":"max-video-preview:-1"},"canonical":"https:\/\/www.cltweb.org\/es\/2024\/09\/10\/pueden-los-clt-desempenar-un-papel-en-la-politica-climatica\/","og_locale":"es_ES","og_type":"article","og_title":"\u00bfPueden los CLT desempe\u00f1ar un papel en la pol\u00edtica clim\u00e1tica?","og_description":"La siguiente contribuci\u00f3n ha sido escrita por Geert De Pauw, Co-coordinador de Community Land Trust Brussels, como contribuci\u00f3n al pr\u00f3ximo seminario web sobre &#8220;El uso de los CLT para proporcionar [&hellip;]","og_url":"https:\/\/www.cltweb.org\/es\/2024\/09\/10\/pueden-los-clt-desempenar-un-papel-en-la-politica-climatica\/","og_site_name":"International Center for Community Land Trusts","article_publisher":"https:\/\/www.facebook.com\/cltcenter","article_published_time":"2024-09-10T21:01:00+00:00","article_modified_time":"2024-11-02T21:09:19+00:00","author":"cltredesign_0jp0l4","twitter_card":"summary_large_image","twitter_creator":"@Center4CLTs","twitter_site":"@Center4CLTs","twitter_misc":{"Escrito por":"cltredesign_0jp0l4","Tiempo de lectura":"8 minutos"},"schema":{"@context":"https:\/\/schema.org","@graph":[{"@type":"Article","@id":"https:\/\/www.cltweb.org\/es\/2024\/09\/10\/pueden-los-clt-desempenar-un-papel-en-la-politica-climatica\/#article","isPartOf":{"@id":"https:\/\/www.cltweb.org\/es\/2024\/09\/10\/pueden-los-clt-desempenar-un-papel-en-la-politica-climatica\/"},"author":{"name":"cltredesign_0jp0l4","@id":"https:\/\/www.cltweb.org\/es\/#\/schema\/person\/afd3723291b60b81c27772953e5b49d6"},"headline":"\u00bfPueden los CLT desempe\u00f1ar un papel en la pol\u00edtica clim\u00e1tica?","datePublished":"2024-09-10T21:01:00+00:00","dateModified":"2024-11-02T21:09:19+00:00","mainEntityOfPage":{"@id":"https:\/\/www.cltweb.org\/es\/2024\/09\/10\/pueden-los-clt-desempenar-un-papel-en-la-politica-climatica\/"},"wordCount":1524,"publisher":{"@id":"https:\/\/www.cltweb.org\/es\/#organization"},"articleSection":["Blogs"],"inLanguage":"es"},{"@type":"WebPage","@id":"https:\/\/www.cltweb.org\/es\/2024\/09\/10\/pueden-los-clt-desempenar-un-papel-en-la-politica-climatica\/","url":"https:\/\/www.cltweb.org\/es\/2024\/09\/10\/pueden-los-clt-desempenar-un-papel-en-la-politica-climatica\/","name":"\u00bfPueden los CLT desempe\u00f1ar un papel en la pol\u00edtica clim\u00e1tica? - International Center for Community Land Trusts","isPartOf":{"@id":"https:\/\/www.cltweb.org\/es\/#website"},"datePublished":"2024-09-10T21:01:00+00:00","dateModified":"2024-11-02T21:09:19+00:00","breadcrumb":{"@id":"https:\/\/www.cltweb.org\/es\/2024\/09\/10\/pueden-los-clt-desempenar-un-papel-en-la-politica-climatica\/#breadcrumb"},"inLanguage":"es","potentialAction":[{"@type":"ReadAction","target":["https:\/\/www.cltweb.org\/es\/2024\/09\/10\/pueden-los-clt-desempenar-un-papel-en-la-politica-climatica\/"]}]},{"@type":"BreadcrumbList","@id":"https:\/\/www.cltweb.org\/es\/2024\/09\/10\/pueden-los-clt-desempenar-un-papel-en-la-politica-climatica\/#breadcrumb","itemListElement":[{"@type":"ListItem","position":1,"name":"Home","item":"https:\/\/www.cltweb.org\/es\/"},{"@type":"ListItem","position":2,"name":"\u00bfPueden los CLT desempe\u00f1ar un papel en la pol\u00edtica clim\u00e1tica?"}]},{"@type":"WebSite","@id":"https:\/\/www.cltweb.org\/es\/#website","url":"https:\/\/www.cltweb.org\/es\/","name":"International Center for Community Land Trusts","description":"","publisher":{"@id":"https:\/\/www.cltweb.org\/es\/#organization"},"potentialAction":[{"@type":"SearchAction","target":{"@type":"EntryPoint","urlTemplate":"https:\/\/www.cltweb.org\/es\/?s={search_term_string}"},"query-input":{"@type":"PropertyValueSpecification","valueRequired":true,"valueName":"search_term_string"}}],"inLanguage":"es"},{"@type":"Organization","@id":"https:\/\/www.cltweb.org\/es\/#organization","name":"International Center for Community Land Trusts","url":"https:\/\/www.cltweb.org\/es\/","logo":{"@type":"ImageObject","inLanguage":"es","@id":"https:\/\/www.cltweb.org\/es\/#\/schema\/logo\/image\/","url":"https:\/\/www.cltweb.org\/wp-content\/uploads\/2024\/11\/New-CLT-Center-Text-logo.png","contentUrl":"https:\/\/www.cltweb.org\/wp-content\/uploads\/2024\/11\/New-CLT-Center-Text-logo.png","width":227,"height":80,"caption":"International Center for Community Land Trusts"},"image":{"@id":"https:\/\/www.cltweb.org\/es\/#\/schema\/logo\/image\/"},"sameAs":["https:\/\/www.facebook.com\/cltcenter","https:\/\/x.com\/Center4CLTs","https:\/\/www.instagram.com\/cltcenter\/","https:\/\/www.linkedin.com\/company\/cltcenter","https:\/\/www.youtube.com\/@centerforcltinnovation5313"],"description":"The International Center for Community Land Trusts is a not-for-profit nongovernmental organization established in 2018 to promote and to support community land trusts and similar strategies of community-led development on community-owned land in countries throughout the world.","email":"info@communitylandtrust.net","legalName":"International Center for Community Land Trusts","foundingDate":"2018-12-01","taxID":"84-3858933","numberOfEmployees":{"@type":"QuantitativeValue","minValue":"1","maxValue":"10"}},{"@type":"Person","@id":"https:\/\/www.cltweb.org\/es\/#\/schema\/person\/afd3723291b60b81c27772953e5b49d6","name":"cltredesign_0jp0l4","image":{"@type":"ImageObject","inLanguage":"es","@id":"https:\/\/secure.gravatar.com\/avatar\/1012e57596c2454da589d773454d3eb22a64f2ff638e62850caeb654f3affad5?s=96&d=mm&r=g","url":"https:\/\/secure.gravatar.com\/avatar\/1012e57596c2454da589d773454d3eb22a64f2ff638e62850caeb654f3affad5?s=96&d=mm&r=g","contentUrl":"https:\/\/secure.gravatar.com\/avatar\/1012e57596c2454da589d773454d3eb22a64f2ff638e62850caeb654f3affad5?s=96&d=mm&r=g","caption":"cltredesign_0jp0l4"},"sameAs":["https:\/\/icclt.org"],"url":"https:\/\/www.cltweb.org\/es\/author\/cltredesign_0jp0l4\/"}]}},"taxonomy_info":{"category":[{"value":290,"label":"Blogs"}]},"featured_image_src_large":false,"author_info":{"display_name":"cltredesign_0jp0l4","author_link":"https:\/\/www.cltweb.org\/es\/author\/cltredesign_0jp0l4\/"},"comment_info":0,"category_info":[{"term_id":290,"name":"Blogs","slug":"blogs","term_group":0,"term_taxonomy_id":290,"taxonomy":"category","description":"","parent":0,"count":12,"filter":"raw","cat_ID":290,"category_count":12,"category_description":"","cat_name":"Blogs","category_nicename":"blogs","category_parent":0}],"tag_info":false,"jetpack_featured_media_url":"","jetpack_sharing_enabled":true,"jetpack-related-posts":[{"id":7208,"url":"https:\/\/www.cltweb.org\/es\/2024\/09\/16\/apoyo-al-proyecto-upcycling-trust-la-perspectiva-de-un-investigador\/","url_meta":{"origin":7236,"position":0},"title":"Apoyo al Proyecto Upcycling Trust: La perspectiva de un investigador","author":"cltredesign_0jp0l4","date":"16 de septiembre de 2024","format":false,"excerpt":"Por Jeanne Mosseray La siguiente contribuci\u00f3n ha sido escrita por Jeanne Mosseray, investigadora doctoral del Centro Cosm\u00f3polis de Investigaci\u00f3n Urbana, como contribuci\u00f3n al pr\u00f3ximo seminario web sobre \"El uso de las CLT para la renovaci\u00f3n energ\u00e9tica y la asequibilidad permanente de las viviendas existentes\", que se celebrar\u00e1 el 25 de\u2026","rel":"","context":"En \u00abBlogs\u00bb","block_context":{"text":"Blogs","link":"https:\/\/www.cltweb.org\/es\/category\/blogs\/"},"img":{"alt_text":"","src":"","width":0,"height":0},"classes":[]},{"id":6594,"url":"https:\/\/www.cltweb.org\/es\/2022\/10\/11\/retirar-suelo-del-mercado-para-que-la-ciudad-sea-asequible\/","url_meta":{"origin":7236,"position":1},"title":"Retirar suelo del mercado para que la ciudad sea asequible","author":"cltredesign_0jp0l4","date":"11 de octubre de 2022","format":false,"excerpt":"\u00bfNo podr\u00eda ser una soluci\u00f3n a la crisis de la vivienda retirar viviendas y terrenos del mercado, para que no se pueda especular con ellos y sigan siendo asequibles para siempre? Los fideicomisos de la tierra ya lo est\u00e1n haciendo en ciudades de todo el mundo. \u00bfC\u00f3mo puede ampliarse? \u00bfCu\u00e1l\u2026","rel":"","context":"En \u00abSin categorizar\u00bb","block_context":{"text":"Sin categorizar","link":"https:\/\/www.cltweb.org\/es\/category\/sin-categorizar\/"},"img":{"alt_text":"Logotipo CLTB","src":"https:\/\/i0.wp.com\/www.cltweb.org\/wp-content\/uploads\/2022\/10\/CLTB_Logo-1024x660.png?resize=350%2C200&ssl=1","width":350,"height":200},"classes":[]},{"id":6571,"url":"https:\/\/www.cltweb.org\/es\/2024\/08\/22\/utilizacion-de-las-clt-para-la-renovacion-energetica-y-la-asequibilidad-permanente-de-las-viviendas-existentes\/","url_meta":{"origin":7236,"position":2},"title":"Utilizaci\u00f3n de las CLT para la renovaci\u00f3n energ\u00e9tica y la asequibilidad permanente de las viviendas existentes","author":"Ben Harris","date":"22 de agosto de 2024","format":false,"excerpt":"Acomp\u00e1\u00f1anos el 25 de septiembre de 2024 en un seminario web sobre c\u00f3mo pueden utilizarse las CLT para renovar energ\u00e9ticamente las viviendas existentes y hacerlas asequibles de forma permanente. Escuchar\u00e1s a destacados profesionales de las CLT que lideran enfoques innovadores para la renovaci\u00f3n energ\u00e9tica de viviendas existentes, con un debate\u2026","rel":"","context":"En \u00abSin categorizar\u00bb","block_context":{"text":"Sin categorizar","link":"https:\/\/www.cltweb.org\/es\/category\/sin-categorizar\/"},"img":{"alt_text":"Jeanne Mosseray","src":"https:\/\/i0.wp.com\/www.cltweb.org\/wp-content\/uploads\/2024\/08\/jeanne_mosseray-254x300.jpg?resize=350%2C200&ssl=1","width":350,"height":200},"classes":[]},{"id":7244,"url":"https:\/\/www.cltweb.org\/es\/2024\/09\/03\/introduccion-al-uso-de-las-clt-para-la-renovacion-energetica-y-la-asequibilidad-permanente-de-las-viviendas-existentes\/","url_meta":{"origin":7236,"position":3},"title":"Introducci\u00f3n al uso de las CLT para la renovaci\u00f3n energ\u00e9tica y la asequibilidad permanente de las viviendas existentes","author":"cltredesign_0jp0l4","date":"3 de septiembre de 2024","format":false,"excerpt":"La siguiente contribuci\u00f3n fue escrita por Richard Kruger Delgado, Director de Educaci\u00f3n y Divulgaci\u00f3n del Centro Internacional de Fideicomisos Comunitarios de la Tierra, para presentar el pr\u00f3ximo seminario web del 25 de septiembre. Estamos en el negocio de \"no dejar a nadie atr\u00e1s\". - John Davis, Centro Internacional de Fideicomisos\u2026","rel":"","context":"En \u00abBlogs\u00bb","block_context":{"text":"Blogs","link":"https:\/\/www.cltweb.org\/es\/category\/blogs\/"},"img":{"alt_text":"","src":"","width":0,"height":0},"classes":[]},{"id":10138,"url":"https:\/\/www.cltweb.org\/es\/2025\/10\/24\/presentacion-del-modelo-clt-en-la-conferencia-de-suecia-sobre-construccion-colaborativa-y-social-y-vivir-2025\/","url_meta":{"origin":7236,"position":4},"title":"Presentaci\u00f3n del modelo CLT en la Conferencia de Suecia sobre Construcci\u00f3n Colaborativa y Social y Vivir 2025","author":"Ben Harris","date":"24 de octubre de 2025","format":false,"excerpt":"Por Jonas Lagander, Coompa\u00f1ero Coompanion particip\u00f3 este a\u00f1o en la conferencia \"Collaborative and Social Building and Living\", celebrada en Bor\u00e5s (Suecia), y organiz\u00f3 dos seminarios sobre CLT. Junto con otros socios relevantes, participan en el proyecto \"Sistemas locales de innovaci\u00f3n en torno a las barreras de la vivienda colaborativa y\u2026","rel":"","context":"En \u00abBlogs\u00bb","block_context":{"text":"Blogs","link":"https:\/\/www.cltweb.org\/es\/category\/blogs\/"},"img":{"alt_text":"","src":"https:\/\/i0.wp.com\/www.cltweb.org\/wp-content\/uploads\/2025\/10\/IMG_6480.jpg?resize=350%2C200&ssl=1","width":350,"height":200,"srcset":"https:\/\/i0.wp.com\/www.cltweb.org\/wp-content\/uploads\/2025\/10\/IMG_6480.jpg?resize=350%2C200&ssl=1 1x, https:\/\/i0.wp.com\/www.cltweb.org\/wp-content\/uploads\/2025\/10\/IMG_6480.jpg?resize=525%2C300&ssl=1 1.5x, https:\/\/i0.wp.com\/www.cltweb.org\/wp-content\/uploads\/2025\/10\/IMG_6480.jpg?resize=700%2C400&ssl=1 2x, https:\/\/i0.wp.com\/www.cltweb.org\/wp-content\/uploads\/2025\/10\/IMG_6480.jpg?resize=1050%2C600&ssl=1 3x, https:\/\/i0.wp.com\/www.cltweb.org\/wp-content\/uploads\/2025\/10\/IMG_6480.jpg?resize=1400%2C800&ssl=1 4x"},"classes":[]},{"id":7950,"url":"https:\/\/www.cltweb.org\/es\/2024\/12\/17\/resumen-del-seminario-web-el-poder-y-el-liderazgo-de-los-jovenes-en-la-practica-del-clt\/","url_meta":{"origin":7236,"position":5},"title":"Resumen del seminario web: El poder y el liderazgo de los j\u00f3venes en la pr\u00e1ctica del CLT","author":"Ben Harris","date":"17 de diciembre de 2024","format":false,"excerpt":"Por Richard Kruger Delgado Todos los recursos relacionados con este seminario web se pueden encontrar aqu\u00ed y a continuaci\u00f3n. Lo que sigue es una recapitulaci\u00f3n del seminario web sobre \"Gestionar el futuro: Poder y liderazgo de los j\u00f3venes en la pr\u00e1ctica de los CLT\", que tuvo lugar el 4 de\u2026","rel":"","context":"En \u00abBlogs\u00bb","block_context":{"text":"Blogs","link":"https:\/\/www.cltweb.org\/es\/category\/blogs\/"},"img":{"alt_text":"","src":"https:\/\/i0.wp.com\/img.youtube.com\/vi\/UF1qD6WZTwg\/0.jpg?resize=350%2C200","width":350,"height":200},"classes":[]}],"_links":{"self":[{"href":"https:\/\/www.cltweb.org\/es\/wp-json\/wp\/v2\/posts\/7236","targetHints":{"allow":["GET"]}}],"collection":[{"href":"https:\/\/www.cltweb.org\/es\/wp-json\/wp\/v2\/posts"}],"about":[{"href":"https:\/\/www.cltweb.org\/es\/wp-json\/wp\/v2\/types\/post"}],"author":[{"embeddable":true,"href":"https:\/\/www.cltweb.org\/es\/wp-json\/wp\/v2\/users\/1"}],"replies":[{"embeddable":true,"href":"https:\/\/www.cltweb.org\/es\/wp-json\/wp\/v2\/comments?post=7236"}],"version-history":[{"count":1,"href":"https:\/\/www.cltweb.org\/es\/wp-json\/wp\/v2\/posts\/7236\/revisions"}],"predecessor-version":[{"id":7237,"href":"https:\/\/www.cltweb.org\/es\/wp-json\/wp\/v2\/posts\/7236\/revisions\/7237"}],"wp:attachment":[{"href":"https:\/\/www.cltweb.org\/es\/wp-json\/wp\/v2\/media?parent=7236"}],"wp:term":[{"taxonomy":"category","embeddable":true,"href":"https:\/\/www.cltweb.org\/es\/wp-json\/wp\/v2\/categories?post=7236"},{"taxonomy":"post_tag","embeddable":true,"href":"https:\/\/www.cltweb.org\/es\/wp-json\/wp\/v2\/tags?post=7236"}],"curies":[{"name":"wp","href":"https:\/\/api.w.org\/{rel}","templated":true}]}}