{"id":7685,"date":"2024-11-11T22:58:31","date_gmt":"2024-11-11T22:58:31","guid":{"rendered":"https:\/\/www.cltweb.org\/2024\/11\/11\/introduccion-al-poder-y-el-liderazgo-de-los-jovenes-en-la-practica-de-los-fideicomisos-de-la-tierra-comunitarios\/"},"modified":"2024-11-11T23:29:30","modified_gmt":"2024-11-11T23:29:30","slug":"introduccion-al-poder-y-el-liderazgo-de-los-jovenes-en-la-practica-de-los-fideicomisos-de-la-tierra-comunitarios","status":"publish","type":"post","link":"https:\/\/www.cltweb.org\/es\/2024\/11\/11\/introduccion-al-poder-y-el-liderazgo-de-los-jovenes-en-la-practica-de-los-fideicomisos-de-la-tierra-comunitarios\/","title":{"rendered":"Introducci\u00f3n al poder y el liderazgo de los j\u00f3venes en la pr\u00e1ctica de los fideicomisos de la tierra comunitarios"},"content":{"rendered":"\n<p class=\"has-medium-font-size\"><strong>Por Richard Kruger Delgado<\/strong><\/p>\n\n<p><em><strong>La siguiente contribuci\u00f3n ha sido escrita por Richard Kruger Delgado, Responsable de Educaci\u00f3n y Divulgaci\u00f3n del Centro Internacional de Fideicomisos Comunitarios de la Tierra, como contribuci\u00f3n al pr\u00f3ximo seminario web sobre &#8220;Gestionar el futuro: Poder y liderazgo de los j\u00f3venes en la pr\u00e1ctica de los fideicomisos de la tierra&#8221;, que se celebrar\u00e1 el 4 de diciembre.  <\/strong><\/em><\/p>\n\n<figure class=\"wp-block-gallery alignright has-nested-images columns-default is-cropped wp-block-gallery-2 is-layout-flex wp-block-gallery-is-layout-flex\">\n<figure class=\"wp-block-image size-full\"><img decoding=\"async\" data-id=\"7679\" src=\"https:\/\/www.cltweb.org\/wp-content\/uploads\/2024\/11\/Screenshot-2024-11-11-at-5.46.26&#x202F;PM.png\" alt=\"Varias manos de personas de distintas procedencias colocan sus manos sobre los planos.\" class=\"wp-image-7679\"\/><\/figure>\n<\/figure>\n\n<p>&#8220;El precio que paga una naci\u00f3n por no comprometer y apoyar constructivamente a su juventud es, en \u00faltima instancia, mucho mayor que lo que cualquier desastre natural o conflicto armado pueda extraer de sus arcas&#8221;. (Delgado y Staples, 2007)<\/p>\n\n<p>&#8220;Los sue\u00f1os de los j\u00f3venes son los planos de un mundo mejor&#8221;.<\/p>\n\n<p>Esta cita no atribuida de un organizador juvenil llega al coraz\u00f3n de la conexi\u00f3n entre los j\u00f3venes y sus comunidades. \u00bfQu\u00e9 nos perdemos cuando no implicamos a los j\u00f3venes en las tareas urgentes de crear comunidades sanas, habitables y justas? \u00bfQu\u00e9 futuros posibles quedan excluidos cuando no se permite a los j\u00f3venes sentarse a la mesa del poder y la toma de decisiones? Como miembros del movimiento internacional de CLT, podemos concretar m\u00e1s la pregunta: \u00bfqu\u00e9 significa un modelo de desarrollo dirigido por la comunidad en tierras de propiedad comunitaria, basado en los principios de administraci\u00f3n a largo plazo, si no implica a los miembros que heredar\u00e1n los frutos de esa administraci\u00f3n?     <\/p>\n\n<p>M\u00e1s all\u00e1 de &#8220;comprometerse&#8221; con los j\u00f3venes, \u00bfqu\u00e9 significa fomentar el liderazgo y el poder de los j\u00f3venes dentro del desarrollo comunitario? Como afirma una de las citas anteriores, el coste no se limita a una poblaci\u00f3n juvenil desvinculada, sino a la salud y el bienestar de las comunidades en general. El coste no tiene que ver con el &#8220;dinero&#8221;, sino con las consecuencias sociales y pol\u00edticas que puede acarrear a una sociedad o comunidad el hecho de no implicar a los j\u00f3venes de forma significativa. La crisis clim\u00e1tica pone al descubierto esas consecuencias: un problema continuamente exacerbado por los &#8220;adultos&#8221; es uno en el que los j\u00f3venes de hoy sentir\u00e1n la mayor\u00eda de las consecuencias. No implicar a los j\u00f3venes en la gesti\u00f3n de su futuro es un crimen contra el futuro. Entonces, \u00bfc\u00f3mo implicamos de forma significativa a los j\u00f3venes en su propio desarrollo social, econ\u00f3mico y pol\u00edtico? \u00bfQu\u00e9 pueden hacer las CLT para implicar a los j\u00f3venes de sus comunidades? \u00bfY por qu\u00e9 las CLT son adecuadas para desarrollar el poder de la juventud a trav\u00e9s del compromiso y el liderazgo?         <\/p>\n\n<p>Los fundamentos de la pr\u00e1ctica del CLT se basan en la administraci\u00f3n a perpetuidad de los miembros y de los bienes de la comunidad, lo que significa que el CLT est\u00e1 bien situado para implicar y construir el poder de los j\u00f3venes. Podr\u00eda argumentarse que debe ser una parte esencial de la misi\u00f3n de administraci\u00f3n del CLT, necesaria para crear a los futuros l\u00edderes, organizadores y profesionales del movimiento CLT. En lugar de hacer una afirmaci\u00f3n rotundamente positiva sobre por qu\u00e9 los CLT no deben ignorar a los j\u00f3venes, se puede dar la vuelta a la afirmaci\u00f3n: \u00bfqu\u00e9 nos perdemos cuando no les hacemos participar?<\/p>\n\n<p>En el CLT Center, hemos llegado a considerar este tema como clave para el futuro de la pr\u00e1ctica del CLT. \u00bfPor qu\u00e9? Uno de nuestros objetivos para el Centro de cara al futuro es la intersecci\u00f3n de la justicia en materia de vivienda y la justicia para las comunidades frente al cambio clim\u00e1tico. Para nosotros, los CLT son una estrategia, basada en los principios de justicia y administraci\u00f3n de la tierra, que permite la justicia y la equidad para las comunidades ante la transici\u00f3n a un mundo descarbonizado. Sin embargo, esta transici\u00f3n a menudo se dirige de arriba abajo: desde los gobiernos locales y nacionales y las instituciones internacionales encargadas de la elaboraci\u00f3n de pol\u00edticas. \u00bfC\u00f3mo garantizamos la justicia para las comunidades dentro de estos planes de transici\u00f3n? En el CLT Center creemos que los CLT son una estrategia y una soluci\u00f3n para garantizar la justicia frente al cambio clim\u00e1tico. Y es por esa raz\u00f3n por la que debemos implicar y construir el poder y el liderazgo de los j\u00f3venes dentro del movimiento CLT. No hay ning\u00fan grupo mejor situado no s\u00f3lo para proporcionar los &#8220;sue\u00f1os&#8221; que pueden servir de visi\u00f3n para futuros justos, sino tambi\u00e9n para liderar el establecimiento de prioridades en el presente cuando se trata de comunidades, vivienda y justicia clim\u00e1tica.  <\/p>\n\n<p>Por eso, en el pr\u00f3ximo seminario web del CLT Center, exploraremos este tema con organizadores juveniles pasados y actuales: c\u00f3mo los CLT implican a los j\u00f3venes y les permiten liderar, participar y dirigir el bienestar de la comunidad. \u00danete a nosotros el mi\u00e9rcoles 4 de diciembre a las 12 PM hora del Este \/ 18 PM hora de Europa Central para &#8220;Dirigir el futuro: Poder y liderazgo de los j\u00f3venes en la pr\u00e1ctica de los fideicomisos de la tierra&#8221;. <\/p>\n\n<p>Nos acompa\u00f1ar\u00e1n tres profesionales del CLT para debatir este tema, todos ellos con experiencia como o con organizadores y\/o activistas juveniles. Jason Webb, de <a href=\"https:\/\/groundedsolutions.org\/\" target=\"_blank\" rel=\"noreferrer noopener\">Grounded Solutions Network<\/a>, se unir\u00e1 a nosotros para hablar de su experiencia como joven en la <a href=\"https:\/\/www.dsni.org\/\" target=\"_blank\" rel=\"noreferrer noopener\">Iniciativa del Barrio de Dudley Street<\/a>. Ashley Allen, Directora Ejecutiva de <a href=\"https:\/\/www.houstonclt.org\/\" target=\"_blank\" rel=\"noreferrer noopener\">Houston CLT<\/a>, nos hablar\u00e1 de c\u00f3mo Houston CLT se compromete con los j\u00f3venes de la comunidad de Houston; y, por \u00faltimo, Carlos S\u00e1nchez-Gonzales, antiguo activista juvenil y actual Organizador Juvenil de <a href=\"https:\/\/www.sbclt.org\/\" target=\"_blank\" rel=\"noreferrer noopener\">South Baltimore CLT<\/a>, nos llevar\u00e1 a trav\u00e9s de la historia de <a href=\"https:\/\/www.facebook.com\/FreeYourVoiceGroup\" target=\"_blank\" rel=\"noreferrer noopener\">Free Your Voice<\/a>, una organizaci\u00f3n juvenil que no s\u00f3lo fue decisiva en la creaci\u00f3n de South Baltimore CLT, sino que contin\u00faa en la actualidad activando a los estudiantes del instituto Ben Franklin de South Baltimore en torno a cuestiones de vivienda y justicia medioambiental.    <\/p>\n","protected":false},"excerpt":{"rendered":"<p>Por Richard Kruger Delgado La siguiente contribuci\u00f3n ha sido escrita por Richard Kruger Delgado, Responsable de Educaci\u00f3n y Divulgaci\u00f3n del Centro Internacional de Fideicomisos Comunitarios de la Tierra, como contribuci\u00f3n [&hellip;]<\/p>\n","protected":false},"author":2,"featured_media":0,"comment_status":"closed","ping_status":"open","sticky":false,"template":"","format":"standard","meta":{"give_campaign_id":0,"_tec_requires_first_save":true,"_kad_blocks_custom_css":"","_kad_blocks_head_custom_js":"","_kad_blocks_body_custom_js":"","_kad_blocks_footer_custom_js":"","_EventAllDay":false,"_EventTimezone":"","_EventStartDate":"","_EventEndDate":"","_EventStartDateUTC":"","_EventEndDateUTC":"","_EventShowMap":false,"_EventShowMapLink":false,"_EventURL":"","_EventCost":"","_EventCostDescription":"","_EventCurrencySymbol":"","_EventCurrencyCode":"","_EventCurrencyPosition":"","_EventDateTimeSeparator":"","_EventTimeRangeSeparator":"","_EventOrganizerID":[],"_EventVenueID":[],"_OrganizerEmail":"","_OrganizerPhone":"","_OrganizerWebsite":"","_VenueAddress":"","_VenueCity":"","_VenueCountry":"","_VenueProvince":"","_VenueState":"","_VenueZip":"","_VenuePhone":"","_VenueURL":"","_VenueStateProvince":"","_VenueLat":"","_VenueLng":"","_VenueShowMap":false,"_VenueShowMapLink":false,"_tribe_blocks_recurrence_rules":"","_tribe_blocks_recurrence_description":"","_tribe_blocks_recurrence_exclusions":"","_jetpack_memberships_contains_paid_content":false,"footnotes":""},"categories":[290],"tags":[270,295,296],"class_list":["post-7685","post","type-post","status-publish","format-standard","hentry","category-blogs","tag-compromiso-juvenil","tag-juventud","tag-seminario-web"],"blocksy_meta":[],"yoast_head":"<!-- This site is optimized with the Yoast SEO Premium plugin v27.5 (Yoast SEO v27.5) - https:\/\/yoast.com\/product\/yoast-seo-premium-wordpress\/ -->\n<title>Poder y liderazgo de los j\u00f3venes en la pr\u00e1ctica del fideicomiso de la tierra - International Center for Community Land Trusts<\/title>\n<meta name=\"description\" content=\"Descubre el poder de la juventud para forjar el futuro de las comunidades. \u00danete a nuestro seminario web sobre el poder y el liderazgo de los j\u00f3venes en la pr\u00e1ctica de los fideicomisos de la tierra.\" \/>\n<meta name=\"robots\" content=\"index, follow, max-snippet:-1, max-image-preview:large, max-video-preview:-1\" \/>\n<link rel=\"canonical\" href=\"https:\/\/www.cltweb.org\/es\/2024\/11\/11\/introduccion-al-poder-y-el-liderazgo-de-los-jovenes-en-la-practica-de-los-fideicomisos-de-la-tierra-comunitarios\/\" \/>\n<meta property=\"og:locale\" content=\"es_ES\" \/>\n<meta property=\"og:type\" content=\"article\" \/>\n<meta property=\"og:title\" content=\"Poder y liderazgo de los j\u00f3venes en la pr\u00e1ctica de los fideicomisos de la tierra comunitarios\" \/>\n<meta property=\"og:description\" content=\"Descubre el poder de la juventud en la pr\u00e1ctica del fideicomiso de la tierra. \u00danete al pr\u00f3ximo seminario web sobre el poder y el liderazgo de los j\u00f3venes para un futuro mejor.\" \/>\n<meta property=\"og:url\" content=\"https:\/\/www.cltweb.org\/es\/2024\/11\/11\/introduccion-al-poder-y-el-liderazgo-de-los-jovenes-en-la-practica-de-los-fideicomisos-de-la-tierra-comunitarios\/\" \/>\n<meta property=\"og:site_name\" content=\"International Center for Community Land Trusts\" \/>\n<meta property=\"article:publisher\" content=\"https:\/\/www.facebook.com\/cltcenter\" \/>\n<meta property=\"article:published_time\" content=\"2024-11-11T22:58:31+00:00\" \/>\n<meta property=\"article:modified_time\" content=\"2024-11-11T23:29:30+00:00\" \/>\n<meta property=\"og:image\" content=\"https:\/\/www.cltweb.org\/wp-content\/uploads\/2024\/11\/Screenshot-2024-11-11-at-5.46.26&#x202F;PM.png\" \/>\n<meta name=\"author\" content=\"Ben Harris\" \/>\n<meta name=\"twitter:card\" content=\"summary_large_image\" \/>\n<meta name=\"twitter:title\" content=\"Introducci\u00f3n al poder y el liderazgo de los j\u00f3venes en la pr\u00e1ctica de los fideicomisos de la tierra comunitarios\" \/>\n<meta name=\"twitter:creator\" content=\"@Center4CLTs\" \/>\n<meta name=\"twitter:site\" content=\"@Center4CLTs\" \/>\n<meta name=\"twitter:label1\" content=\"Escrito por\" \/>\n\t<meta name=\"twitter:data1\" content=\"Ben Harris\" \/>\n\t<meta name=\"twitter:label2\" content=\"Tiempo de lectura\" \/>\n\t<meta name=\"twitter:data2\" content=\"5 minutos\" \/>\n<script type=\"application\/ld+json\" class=\"yoast-schema-graph\">{\"@context\":\"https:\\\/\\\/schema.org\",\"@graph\":[{\"@type\":\"Article\",\"@id\":\"https:\\\/\\\/www.cltweb.org\\\/es\\\/2024\\\/11\\\/11\\\/introduccion-al-poder-y-el-liderazgo-de-los-jovenes-en-la-practica-de-los-fideicomisos-de-la-tierra-comunitarios\\\/#article\",\"isPartOf\":{\"@id\":\"https:\\\/\\\/www.cltweb.org\\\/es\\\/2024\\\/11\\\/11\\\/introduccion-al-poder-y-el-liderazgo-de-los-jovenes-en-la-practica-de-los-fideicomisos-de-la-tierra-comunitarios\\\/\"},\"author\":{\"name\":\"Ben Harris\",\"@id\":\"https:\\\/\\\/www.cltweb.org\\\/es\\\/#\\\/schema\\\/person\\\/7c9fe56cc945e4b57585dbfe30f2ead4\"},\"headline\":\"Introducci\u00f3n al poder y el liderazgo de los j\u00f3venes en la pr\u00e1ctica de los fideicomisos de la tierra comunitarios\",\"datePublished\":\"2024-11-11T22:58:31+00:00\",\"dateModified\":\"2024-11-11T23:29:30+00:00\",\"mainEntityOfPage\":{\"@id\":\"https:\\\/\\\/www.cltweb.org\\\/es\\\/2024\\\/11\\\/11\\\/introduccion-al-poder-y-el-liderazgo-de-los-jovenes-en-la-practica-de-los-fideicomisos-de-la-tierra-comunitarios\\\/\"},\"wordCount\":1042,\"publisher\":{\"@id\":\"https:\\\/\\\/www.cltweb.org\\\/es\\\/#organization\"},\"image\":{\"@id\":\"https:\\\/\\\/www.cltweb.org\\\/es\\\/2024\\\/11\\\/11\\\/introduccion-al-poder-y-el-liderazgo-de-los-jovenes-en-la-practica-de-los-fideicomisos-de-la-tierra-comunitarios\\\/#primaryimage\"},\"thumbnailUrl\":\"https:\\\/\\\/www.cltweb.org\\\/wp-content\\\/uploads\\\/2024\\\/11\\\/Screenshot-2024-11-11-at-5.46.26&#x202F;PM.png\",\"keywords\":[\"Compromiso juvenil\",\"juventud\",\"seminario web\"],\"articleSection\":[\"Blogs\"],\"inLanguage\":\"es\"},{\"@type\":\"WebPage\",\"@id\":\"https:\\\/\\\/www.cltweb.org\\\/es\\\/2024\\\/11\\\/11\\\/introduccion-al-poder-y-el-liderazgo-de-los-jovenes-en-la-practica-de-los-fideicomisos-de-la-tierra-comunitarios\\\/\",\"url\":\"https:\\\/\\\/www.cltweb.org\\\/es\\\/2024\\\/11\\\/11\\\/introduccion-al-poder-y-el-liderazgo-de-los-jovenes-en-la-practica-de-los-fideicomisos-de-la-tierra-comunitarios\\\/\",\"name\":\"Poder y liderazgo de los j\u00f3venes en la pr\u00e1ctica del fideicomiso de la tierra - International Center for Community Land Trusts\",\"isPartOf\":{\"@id\":\"https:\\\/\\\/www.cltweb.org\\\/es\\\/#website\"},\"primaryImageOfPage\":{\"@id\":\"https:\\\/\\\/www.cltweb.org\\\/es\\\/2024\\\/11\\\/11\\\/introduccion-al-poder-y-el-liderazgo-de-los-jovenes-en-la-practica-de-los-fideicomisos-de-la-tierra-comunitarios\\\/#primaryimage\"},\"image\":{\"@id\":\"https:\\\/\\\/www.cltweb.org\\\/es\\\/2024\\\/11\\\/11\\\/introduccion-al-poder-y-el-liderazgo-de-los-jovenes-en-la-practica-de-los-fideicomisos-de-la-tierra-comunitarios\\\/#primaryimage\"},\"thumbnailUrl\":\"https:\\\/\\\/www.cltweb.org\\\/wp-content\\\/uploads\\\/2024\\\/11\\\/Screenshot-2024-11-11-at-5.46.26&#x202F;PM.png\",\"datePublished\":\"2024-11-11T22:58:31+00:00\",\"dateModified\":\"2024-11-11T23:29:30+00:00\",\"description\":\"Descubre el poder de la juventud para forjar el futuro de las comunidades. \u00danete a nuestro seminario web sobre el poder y el liderazgo de los j\u00f3venes en la pr\u00e1ctica de los fideicomisos de la tierra.\",\"breadcrumb\":{\"@id\":\"https:\\\/\\\/www.cltweb.org\\\/es\\\/2024\\\/11\\\/11\\\/introduccion-al-poder-y-el-liderazgo-de-los-jovenes-en-la-practica-de-los-fideicomisos-de-la-tierra-comunitarios\\\/#breadcrumb\"},\"inLanguage\":\"es\",\"potentialAction\":[{\"@type\":\"ReadAction\",\"target\":[\"https:\\\/\\\/www.cltweb.org\\\/es\\\/2024\\\/11\\\/11\\\/introduccion-al-poder-y-el-liderazgo-de-los-jovenes-en-la-practica-de-los-fideicomisos-de-la-tierra-comunitarios\\\/\"]}]},{\"@type\":\"ImageObject\",\"inLanguage\":\"es\",\"@id\":\"https:\\\/\\\/www.cltweb.org\\\/es\\\/2024\\\/11\\\/11\\\/introduccion-al-poder-y-el-liderazgo-de-los-jovenes-en-la-practica-de-los-fideicomisos-de-la-tierra-comunitarios\\\/#primaryimage\",\"url\":\"https:\\\/\\\/www.cltweb.org\\\/wp-content\\\/uploads\\\/2024\\\/11\\\/Screenshot-2024-11-11-at-5.46.26&#x202F;PM.png\",\"contentUrl\":\"https:\\\/\\\/www.cltweb.org\\\/wp-content\\\/uploads\\\/2024\\\/11\\\/Screenshot-2024-11-11-at-5.46.26&#x202F;PM.png\"},{\"@type\":\"BreadcrumbList\",\"@id\":\"https:\\\/\\\/www.cltweb.org\\\/es\\\/2024\\\/11\\\/11\\\/introduccion-al-poder-y-el-liderazgo-de-los-jovenes-en-la-practica-de-los-fideicomisos-de-la-tierra-comunitarios\\\/#breadcrumb\",\"itemListElement\":[{\"@type\":\"ListItem\",\"position\":1,\"name\":\"Home\",\"item\":\"https:\\\/\\\/www.cltweb.org\\\/es\\\/\"},{\"@type\":\"ListItem\",\"position\":2,\"name\":\"Introducci\u00f3n al poder y el liderazgo de los j\u00f3venes en la pr\u00e1ctica de los fideicomisos de la tierra comunitarios\"}]},{\"@type\":\"WebSite\",\"@id\":\"https:\\\/\\\/www.cltweb.org\\\/es\\\/#website\",\"url\":\"https:\\\/\\\/www.cltweb.org\\\/es\\\/\",\"name\":\"International Center for Community Land Trusts\",\"description\":\"\",\"publisher\":{\"@id\":\"https:\\\/\\\/www.cltweb.org\\\/es\\\/#organization\"},\"potentialAction\":[{\"@type\":\"SearchAction\",\"target\":{\"@type\":\"EntryPoint\",\"urlTemplate\":\"https:\\\/\\\/www.cltweb.org\\\/es\\\/?s={search_term_string}\"},\"query-input\":{\"@type\":\"PropertyValueSpecification\",\"valueRequired\":true,\"valueName\":\"search_term_string\"}}],\"inLanguage\":\"es\"},{\"@type\":\"Organization\",\"@id\":\"https:\\\/\\\/www.cltweb.org\\\/es\\\/#organization\",\"name\":\"International Center for Community Land Trusts\",\"url\":\"https:\\\/\\\/www.cltweb.org\\\/es\\\/\",\"logo\":{\"@type\":\"ImageObject\",\"inLanguage\":\"es\",\"@id\":\"https:\\\/\\\/www.cltweb.org\\\/es\\\/#\\\/schema\\\/logo\\\/image\\\/\",\"url\":\"https:\\\/\\\/www.cltweb.org\\\/wp-content\\\/uploads\\\/2024\\\/11\\\/New-CLT-Center-Text-logo.png\",\"contentUrl\":\"https:\\\/\\\/www.cltweb.org\\\/wp-content\\\/uploads\\\/2024\\\/11\\\/New-CLT-Center-Text-logo.png\",\"width\":227,\"height\":80,\"caption\":\"International Center for Community Land Trusts\"},\"image\":{\"@id\":\"https:\\\/\\\/www.cltweb.org\\\/es\\\/#\\\/schema\\\/logo\\\/image\\\/\"},\"sameAs\":[\"https:\\\/\\\/www.facebook.com\\\/cltcenter\",\"https:\\\/\\\/x.com\\\/Center4CLTs\",\"https:\\\/\\\/www.instagram.com\\\/cltcenter\\\/\",\"https:\\\/\\\/www.linkedin.com\\\/company\\\/cltcenter\",\"https:\\\/\\\/www.youtube.com\\\/@centerforcltinnovation5313\"],\"description\":\"The International Center for Community Land Trusts is a not-for-profit nongovernmental organization established in 2018 to promote and to support community land trusts and similar strategies of community-led development on community-owned land in countries throughout the world.\",\"email\":\"info@communitylandtrust.net\",\"legalName\":\"International Center for Community Land Trusts\",\"foundingDate\":\"2018-12-01\",\"taxID\":\"84-3858933\",\"numberOfEmployees\":{\"@type\":\"QuantitativeValue\",\"minValue\":\"1\",\"maxValue\":\"10\"}},{\"@type\":\"Person\",\"@id\":\"https:\\\/\\\/www.cltweb.org\\\/es\\\/#\\\/schema\\\/person\\\/7c9fe56cc945e4b57585dbfe30f2ead4\",\"name\":\"Ben Harris\",\"image\":{\"@type\":\"ImageObject\",\"inLanguage\":\"es\",\"@id\":\"https:\\\/\\\/secure.gravatar.com\\\/avatar\\\/12a44d8988553548c22c57da673ee8ffb7e0b87b0197beec533bae3061a92cc5?s=96&d=mm&r=g\",\"url\":\"https:\\\/\\\/secure.gravatar.com\\\/avatar\\\/12a44d8988553548c22c57da673ee8ffb7e0b87b0197beec533bae3061a92cc5?s=96&d=mm&r=g\",\"contentUrl\":\"https:\\\/\\\/secure.gravatar.com\\\/avatar\\\/12a44d8988553548c22c57da673ee8ffb7e0b87b0197beec533bae3061a92cc5?s=96&d=mm&r=g\",\"caption\":\"Ben Harris\"},\"url\":\"https:\\\/\\\/www.cltweb.org\\\/es\\\/author\\\/ben\\\/\"}]}<\/script>\n<!-- \/ Yoast SEO Premium plugin. -->","yoast_head_json":{"title":"Poder y liderazgo de los j\u00f3venes en la pr\u00e1ctica del fideicomiso de la tierra - International Center for Community Land Trusts","description":"Descubre el poder de la juventud para forjar el futuro de las comunidades. \u00danete a nuestro seminario web sobre el poder y el liderazgo de los j\u00f3venes en la pr\u00e1ctica de los fideicomisos de la tierra.","robots":{"index":"index","follow":"follow","max-snippet":"max-snippet:-1","max-image-preview":"max-image-preview:large","max-video-preview":"max-video-preview:-1"},"canonical":"https:\/\/www.cltweb.org\/es\/2024\/11\/11\/introduccion-al-poder-y-el-liderazgo-de-los-jovenes-en-la-practica-de-los-fideicomisos-de-la-tierra-comunitarios\/","og_locale":"es_ES","og_type":"article","og_title":"Poder y liderazgo de los j\u00f3venes en la pr\u00e1ctica de los fideicomisos de la tierra comunitarios","og_description":"Descubre el poder de la juventud en la pr\u00e1ctica del fideicomiso de la tierra. \u00danete al pr\u00f3ximo seminario web sobre el poder y el liderazgo de los j\u00f3venes para un futuro mejor.","og_url":"https:\/\/www.cltweb.org\/es\/2024\/11\/11\/introduccion-al-poder-y-el-liderazgo-de-los-jovenes-en-la-practica-de-los-fideicomisos-de-la-tierra-comunitarios\/","og_site_name":"International Center for Community Land Trusts","article_publisher":"https:\/\/www.facebook.com\/cltcenter","article_published_time":"2024-11-11T22:58:31+00:00","article_modified_time":"2024-11-11T23:29:30+00:00","og_image":[{"url":"https:\/\/www.cltweb.org\/wp-content\/uploads\/2024\/11\/Screenshot-2024-11-11-at-5.46.26&#x202F;PM.png","type":"","width":"","height":""}],"author":"Ben Harris","twitter_card":"summary_large_image","twitter_title":"Introducci\u00f3n al poder y el liderazgo de los j\u00f3venes en la pr\u00e1ctica de los fideicomisos de la tierra comunitarios","twitter_creator":"@Center4CLTs","twitter_site":"@Center4CLTs","twitter_misc":{"Escrito por":"Ben Harris","Tiempo de lectura":"5 minutos"},"schema":{"@context":"https:\/\/schema.org","@graph":[{"@type":"Article","@id":"https:\/\/www.cltweb.org\/es\/2024\/11\/11\/introduccion-al-poder-y-el-liderazgo-de-los-jovenes-en-la-practica-de-los-fideicomisos-de-la-tierra-comunitarios\/#article","isPartOf":{"@id":"https:\/\/www.cltweb.org\/es\/2024\/11\/11\/introduccion-al-poder-y-el-liderazgo-de-los-jovenes-en-la-practica-de-los-fideicomisos-de-la-tierra-comunitarios\/"},"author":{"name":"Ben Harris","@id":"https:\/\/www.cltweb.org\/es\/#\/schema\/person\/7c9fe56cc945e4b57585dbfe30f2ead4"},"headline":"Introducci\u00f3n al poder y el liderazgo de los j\u00f3venes en la pr\u00e1ctica de los fideicomisos de la tierra comunitarios","datePublished":"2024-11-11T22:58:31+00:00","dateModified":"2024-11-11T23:29:30+00:00","mainEntityOfPage":{"@id":"https:\/\/www.cltweb.org\/es\/2024\/11\/11\/introduccion-al-poder-y-el-liderazgo-de-los-jovenes-en-la-practica-de-los-fideicomisos-de-la-tierra-comunitarios\/"},"wordCount":1042,"publisher":{"@id":"https:\/\/www.cltweb.org\/es\/#organization"},"image":{"@id":"https:\/\/www.cltweb.org\/es\/2024\/11\/11\/introduccion-al-poder-y-el-liderazgo-de-los-jovenes-en-la-practica-de-los-fideicomisos-de-la-tierra-comunitarios\/#primaryimage"},"thumbnailUrl":"https:\/\/www.cltweb.org\/wp-content\/uploads\/2024\/11\/Screenshot-2024-11-11-at-5.46.26&#x202F;PM.png","keywords":["Compromiso juvenil","juventud","seminario web"],"articleSection":["Blogs"],"inLanguage":"es"},{"@type":"WebPage","@id":"https:\/\/www.cltweb.org\/es\/2024\/11\/11\/introduccion-al-poder-y-el-liderazgo-de-los-jovenes-en-la-practica-de-los-fideicomisos-de-la-tierra-comunitarios\/","url":"https:\/\/www.cltweb.org\/es\/2024\/11\/11\/introduccion-al-poder-y-el-liderazgo-de-los-jovenes-en-la-practica-de-los-fideicomisos-de-la-tierra-comunitarios\/","name":"Poder y liderazgo de los j\u00f3venes en la pr\u00e1ctica del fideicomiso de la tierra - International Center for Community Land Trusts","isPartOf":{"@id":"https:\/\/www.cltweb.org\/es\/#website"},"primaryImageOfPage":{"@id":"https:\/\/www.cltweb.org\/es\/2024\/11\/11\/introduccion-al-poder-y-el-liderazgo-de-los-jovenes-en-la-practica-de-los-fideicomisos-de-la-tierra-comunitarios\/#primaryimage"},"image":{"@id":"https:\/\/www.cltweb.org\/es\/2024\/11\/11\/introduccion-al-poder-y-el-liderazgo-de-los-jovenes-en-la-practica-de-los-fideicomisos-de-la-tierra-comunitarios\/#primaryimage"},"thumbnailUrl":"https:\/\/www.cltweb.org\/wp-content\/uploads\/2024\/11\/Screenshot-2024-11-11-at-5.46.26&#x202F;PM.png","datePublished":"2024-11-11T22:58:31+00:00","dateModified":"2024-11-11T23:29:30+00:00","description":"Descubre el poder de la juventud para forjar el futuro de las comunidades. \u00danete a nuestro seminario web sobre el poder y el liderazgo de los j\u00f3venes en la pr\u00e1ctica de los fideicomisos de la tierra.","breadcrumb":{"@id":"https:\/\/www.cltweb.org\/es\/2024\/11\/11\/introduccion-al-poder-y-el-liderazgo-de-los-jovenes-en-la-practica-de-los-fideicomisos-de-la-tierra-comunitarios\/#breadcrumb"},"inLanguage":"es","potentialAction":[{"@type":"ReadAction","target":["https:\/\/www.cltweb.org\/es\/2024\/11\/11\/introduccion-al-poder-y-el-liderazgo-de-los-jovenes-en-la-practica-de-los-fideicomisos-de-la-tierra-comunitarios\/"]}]},{"@type":"ImageObject","inLanguage":"es","@id":"https:\/\/www.cltweb.org\/es\/2024\/11\/11\/introduccion-al-poder-y-el-liderazgo-de-los-jovenes-en-la-practica-de-los-fideicomisos-de-la-tierra-comunitarios\/#primaryimage","url":"https:\/\/www.cltweb.org\/wp-content\/uploads\/2024\/11\/Screenshot-2024-11-11-at-5.46.26&#x202F;PM.png","contentUrl":"https:\/\/www.cltweb.org\/wp-content\/uploads\/2024\/11\/Screenshot-2024-11-11-at-5.46.26&#x202F;PM.png"},{"@type":"BreadcrumbList","@id":"https:\/\/www.cltweb.org\/es\/2024\/11\/11\/introduccion-al-poder-y-el-liderazgo-de-los-jovenes-en-la-practica-de-los-fideicomisos-de-la-tierra-comunitarios\/#breadcrumb","itemListElement":[{"@type":"ListItem","position":1,"name":"Home","item":"https:\/\/www.cltweb.org\/es\/"},{"@type":"ListItem","position":2,"name":"Introducci\u00f3n al poder y el liderazgo de los j\u00f3venes en la pr\u00e1ctica de los fideicomisos de la tierra comunitarios"}]},{"@type":"WebSite","@id":"https:\/\/www.cltweb.org\/es\/#website","url":"https:\/\/www.cltweb.org\/es\/","name":"International Center for Community Land Trusts","description":"","publisher":{"@id":"https:\/\/www.cltweb.org\/es\/#organization"},"potentialAction":[{"@type":"SearchAction","target":{"@type":"EntryPoint","urlTemplate":"https:\/\/www.cltweb.org\/es\/?s={search_term_string}"},"query-input":{"@type":"PropertyValueSpecification","valueRequired":true,"valueName":"search_term_string"}}],"inLanguage":"es"},{"@type":"Organization","@id":"https:\/\/www.cltweb.org\/es\/#organization","name":"International Center for Community Land Trusts","url":"https:\/\/www.cltweb.org\/es\/","logo":{"@type":"ImageObject","inLanguage":"es","@id":"https:\/\/www.cltweb.org\/es\/#\/schema\/logo\/image\/","url":"https:\/\/www.cltweb.org\/wp-content\/uploads\/2024\/11\/New-CLT-Center-Text-logo.png","contentUrl":"https:\/\/www.cltweb.org\/wp-content\/uploads\/2024\/11\/New-CLT-Center-Text-logo.png","width":227,"height":80,"caption":"International Center for Community Land Trusts"},"image":{"@id":"https:\/\/www.cltweb.org\/es\/#\/schema\/logo\/image\/"},"sameAs":["https:\/\/www.facebook.com\/cltcenter","https:\/\/x.com\/Center4CLTs","https:\/\/www.instagram.com\/cltcenter\/","https:\/\/www.linkedin.com\/company\/cltcenter","https:\/\/www.youtube.com\/@centerforcltinnovation5313"],"description":"The International Center for Community Land Trusts is a not-for-profit nongovernmental organization established in 2018 to promote and to support community land trusts and similar strategies of community-led development on community-owned land in countries throughout the world.","email":"info@communitylandtrust.net","legalName":"International Center for Community Land Trusts","foundingDate":"2018-12-01","taxID":"84-3858933","numberOfEmployees":{"@type":"QuantitativeValue","minValue":"1","maxValue":"10"}},{"@type":"Person","@id":"https:\/\/www.cltweb.org\/es\/#\/schema\/person\/7c9fe56cc945e4b57585dbfe30f2ead4","name":"Ben Harris","image":{"@type":"ImageObject","inLanguage":"es","@id":"https:\/\/secure.gravatar.com\/avatar\/12a44d8988553548c22c57da673ee8ffb7e0b87b0197beec533bae3061a92cc5?s=96&d=mm&r=g","url":"https:\/\/secure.gravatar.com\/avatar\/12a44d8988553548c22c57da673ee8ffb7e0b87b0197beec533bae3061a92cc5?s=96&d=mm&r=g","contentUrl":"https:\/\/secure.gravatar.com\/avatar\/12a44d8988553548c22c57da673ee8ffb7e0b87b0197beec533bae3061a92cc5?s=96&d=mm&r=g","caption":"Ben Harris"},"url":"https:\/\/www.cltweb.org\/es\/author\/ben\/"}]}},"taxonomy_info":{"category":[{"value":290,"label":"Blogs"}],"post_tag":[{"value":270,"label":"Compromiso juvenil"},{"value":295,"label":"juventud"},{"value":296,"label":"seminario web"}]},"featured_image_src_large":false,"author_info":{"display_name":"Ben Harris","author_link":"https:\/\/www.cltweb.org\/es\/author\/ben\/"},"comment_info":0,"category_info":[{"term_id":290,"name":"Blogs","slug":"blogs","term_group":0,"term_taxonomy_id":290,"taxonomy":"category","description":"","parent":0,"count":12,"filter":"raw","cat_ID":290,"category_count":12,"category_description":"","cat_name":"Blogs","category_nicename":"blogs","category_parent":0}],"tag_info":[{"term_id":270,"name":"Compromiso juvenil","slug":"compromiso-juvenil","term_group":0,"term_taxonomy_id":270,"taxonomy":"post_tag","description":"","parent":0,"count":3,"filter":"raw"},{"term_id":295,"name":"juventud","slug":"juventud","term_group":0,"term_taxonomy_id":295,"taxonomy":"post_tag","description":"","parent":0,"count":3,"filter":"raw"},{"term_id":296,"name":"seminario web","slug":"seminario-web","term_group":0,"term_taxonomy_id":296,"taxonomy":"post_tag","description":"","parent":0,"count":16,"filter":"raw"}],"jetpack_featured_media_url":"","jetpack_sharing_enabled":true,"jetpack-related-posts":[{"id":7950,"url":"https:\/\/www.cltweb.org\/es\/2024\/12\/17\/resumen-del-seminario-web-el-poder-y-el-liderazgo-de-los-jovenes-en-la-practica-del-clt\/","url_meta":{"origin":7685,"position":0},"title":"Resumen del seminario web: El poder y el liderazgo de los j\u00f3venes en la pr\u00e1ctica del CLT","author":"Ben Harris","date":"17 de diciembre de 2024","format":false,"excerpt":"Por Richard Kruger Delgado Todos los recursos relacionados con este seminario web se pueden encontrar aqu\u00ed y a continuaci\u00f3n. Lo que sigue es una recapitulaci\u00f3n del seminario web sobre \"Gestionar el futuro: Poder y liderazgo de los j\u00f3venes en la pr\u00e1ctica de los CLT\", que tuvo lugar el 4 de\u2026","rel":"","context":"En \u00abBlogs\u00bb","block_context":{"text":"Blogs","link":"https:\/\/www.cltweb.org\/es\/category\/blogs\/"},"img":{"alt_text":"","src":"https:\/\/i0.wp.com\/img.youtube.com\/vi\/UF1qD6WZTwg\/0.jpg?resize=350%2C200","width":350,"height":200},"classes":[]},{"id":7829,"url":"https:\/\/www.cltweb.org\/es\/2024\/11\/20\/recursos-para-la-participacion-significativa-de-los-jovenes-en-los-clt\/","url_meta":{"origin":7685,"position":1},"title":"Recursos para la participaci\u00f3n significativa de los j\u00f3venes en los CLT","author":"Ben Harris","date":"20 de noviembre de 2024","format":false,"excerpt":"Por Richard Kruger Delgado \u00bfQu\u00e9 significa realmente implicar a los j\u00f3venes de forma significativa en una organizaci\u00f3n? Para organizaciones como los CLT, es necesario cambiar la perspectiva de los j\u00f3venes, de una mera poblaci\u00f3n a la que hay que servir, a reconocerlos como miembros de pleno derecho de la comunidad\u2026","rel":"","context":"En \u00abBlogs\u00bb","block_context":{"text":"Blogs","link":"https:\/\/www.cltweb.org\/es\/category\/blogs\/"},"img":{"alt_text":"","src":"https:\/\/i0.wp.com\/www.cltweb.org\/wp-content\/uploads\/2024\/11\/Screenshot-2024-11-20-at-4.25.46%E2%80%AFPM.png?resize=350%2C200&ssl=1","width":350,"height":200,"srcset":"https:\/\/i0.wp.com\/www.cltweb.org\/wp-content\/uploads\/2024\/11\/Screenshot-2024-11-20-at-4.25.46%E2%80%AFPM.png?resize=350%2C200&ssl=1 1x, https:\/\/i0.wp.com\/www.cltweb.org\/wp-content\/uploads\/2024\/11\/Screenshot-2024-11-20-at-4.25.46%E2%80%AFPM.png?resize=525%2C300&ssl=1 1.5x, https:\/\/i0.wp.com\/www.cltweb.org\/wp-content\/uploads\/2024\/11\/Screenshot-2024-11-20-at-4.25.46%E2%80%AFPM.png?resize=700%2C400&ssl=1 2x"},"classes":[]},{"id":7244,"url":"https:\/\/www.cltweb.org\/es\/2024\/09\/03\/introduccion-al-uso-de-las-clt-para-la-renovacion-energetica-y-la-asequibilidad-permanente-de-las-viviendas-existentes\/","url_meta":{"origin":7685,"position":2},"title":"Introducci\u00f3n al uso de las CLT para la renovaci\u00f3n energ\u00e9tica y la asequibilidad permanente de las viviendas existentes","author":"cltredesign_0jp0l4","date":"3 de septiembre de 2024","format":false,"excerpt":"La siguiente contribuci\u00f3n fue escrita por Richard Kruger Delgado, Director de Educaci\u00f3n y Divulgaci\u00f3n del Centro Internacional de Fideicomisos Comunitarios de la Tierra, para presentar el pr\u00f3ximo seminario web del 25 de septiembre. Estamos en el negocio de \"no dejar a nadie atr\u00e1s\". - John Davis, Centro Internacional de Fideicomisos\u2026","rel":"","context":"En \u00abBlogs\u00bb","block_context":{"text":"Blogs","link":"https:\/\/www.cltweb.org\/es\/category\/blogs\/"},"img":{"alt_text":"","src":"","width":0,"height":0},"classes":[]},{"id":6589,"url":"https:\/\/www.cltweb.org\/es\/2022\/10\/11\/vias-para-el-control-comunitario-y-de-los-inquilinos-estrategias-de-financiacion-para-los-fideicomisos-de-la-tierra-comunitarios\/","url_meta":{"origin":7685,"position":3},"title":"V\u00edas para el Control Comunitario y de los Inquilinos: Estrategias de financiaci\u00f3n para los fideicomisos de la tierra comunitarios","author":"cltredesign_0jp0l4","date":"11 de octubre de 2022","format":false,"excerpt":"\u00danete al Instituto LISC para el Poder Comunitario, a LISC Bay Area, al Fideicomiso Comunitario de la Tierra de Oakland y al Fideicomiso Comunitario de la Tierra de San Francisco en una conversaci\u00f3n sobre c\u00f3mo construir poder y asegurar recursos para ampliar el control de la vivienda por parte de\u2026","rel":"","context":"En \u00abSin categorizar\u00bb","block_context":{"text":"Sin categorizar","link":"https:\/\/www.cltweb.org\/es\/category\/sin-categorizar\/"},"img":{"alt_text":"Logotipo de LISC","src":"https:\/\/i0.wp.com\/www.cltweb.org\/wp-content\/uploads\/2022\/10\/logo-e1665785584656.png?resize=350%2C200&ssl=1","width":350,"height":200},"classes":[]},{"id":9524,"url":"https:\/\/www.cltweb.org\/es\/2025\/05\/21\/bienes-comunes-por-la-justicia-clts-across-continents-en-el-festival-internacional-de-la-vivienda-social\/","url_meta":{"origin":7685,"position":4},"title":"Bienes Comunes por la Justicia: CLTs Across Continents en el Festival Internacional de la Vivienda Social","author":"Ben Harris","date":"21 de mayo de 2025","format":false,"excerpt":"En una \u00e9poca marcada por la crisis de la vivienda, los mercados extractivos de la tierra y la creciente desigualdad, las comunidades de todo el mundo est\u00e1n reclamando los bienes comunes. En el Festival Internacional de la Vivienda Social 2025 de Dubl\u00edn (Irlanda) (4-6 de junio), la Red Europea de\u2026","rel":"","context":"En \u00abBlogs\u00bb","block_context":{"text":"Blogs","link":"https:\/\/www.cltweb.org\/es\/category\/blogs\/"},"img":{"alt_text":"","src":"https:\/\/i0.wp.com\/www.cltweb.org\/wp-content\/uploads\/2025\/05\/Juliet-Can.jpeg?resize=350%2C200&ssl=1","width":350,"height":200},"classes":[]},{"id":6567,"url":"https:\/\/www.cltweb.org\/es\/2023\/02\/20\/los-fideicomisos-de-tierras-y-la-agricultura-comunitaria\/","url_meta":{"origin":7685,"position":5},"title":"Los fideicomisos de tierras y la agricultura comunitaria","author":"cltredesign_0jp0l4","date":"20 de febrero de 2023","format":false,"excerpt":"Acomp\u00e1\u00f1anos el martes 14 de marzo en un seminario web sobre agricultura comunitaria. Escuchar\u00e1s a destacados profesionales de los fideicomisos de tierras que dirigen programas agr\u00edcolas innovadores -- con un debate posterior. El acto es gratuito y todos son bienvenidos.","rel":"","context":"En \u00abSin categorizar\u00bb","block_context":{"text":"Sin categorizar","link":"https:\/\/www.cltweb.org\/es\/category\/sin-categorizar\/"},"img":{"alt_text":"Logotipo del Centro CLT","src":"https:\/\/i0.wp.com\/www.cltweb.org\/wp-content\/uploads\/2022\/06\/Prop-logo_Center-for-CLT-innovation_black-400x150-1-300x113.png?resize=350%2C200&ssl=1","width":350,"height":200},"classes":[]}],"_links":{"self":[{"href":"https:\/\/www.cltweb.org\/es\/wp-json\/wp\/v2\/posts\/7685","targetHints":{"allow":["GET"]}}],"collection":[{"href":"https:\/\/www.cltweb.org\/es\/wp-json\/wp\/v2\/posts"}],"about":[{"href":"https:\/\/www.cltweb.org\/es\/wp-json\/wp\/v2\/types\/post"}],"author":[{"embeddable":true,"href":"https:\/\/www.cltweb.org\/es\/wp-json\/wp\/v2\/users\/2"}],"replies":[{"embeddable":true,"href":"https:\/\/www.cltweb.org\/es\/wp-json\/wp\/v2\/comments?post=7685"}],"version-history":[{"count":3,"href":"https:\/\/www.cltweb.org\/es\/wp-json\/wp\/v2\/posts\/7685\/revisions"}],"predecessor-version":[{"id":7699,"href":"https:\/\/www.cltweb.org\/es\/wp-json\/wp\/v2\/posts\/7685\/revisions\/7699"}],"wp:attachment":[{"href":"https:\/\/www.cltweb.org\/es\/wp-json\/wp\/v2\/media?parent=7685"}],"wp:term":[{"taxonomy":"category","embeddable":true,"href":"https:\/\/www.cltweb.org\/es\/wp-json\/wp\/v2\/categories?post=7685"},{"taxonomy":"post_tag","embeddable":true,"href":"https:\/\/www.cltweb.org\/es\/wp-json\/wp\/v2\/tags?post=7685"}],"curies":[{"name":"wp","href":"https:\/\/api.w.org\/{rel}","templated":true}]}}