{"id":7829,"date":"2024-11-20T15:50:26","date_gmt":"2024-11-20T15:50:26","guid":{"rendered":"https:\/\/www.cltweb.org\/2024\/11\/20\/recursos-para-la-participacion-significativa-de-los-jovenes-en-los-clt\/"},"modified":"2024-11-20T15:51:44","modified_gmt":"2024-11-20T15:51:44","slug":"recursos-para-la-participacion-significativa-de-los-jovenes-en-los-clt","status":"publish","type":"post","link":"https:\/\/www.cltweb.org\/es\/2024\/11\/20\/recursos-para-la-participacion-significativa-de-los-jovenes-en-los-clt\/","title":{"rendered":"Recursos para la participaci\u00f3n significativa de los j\u00f3venes en los CLT"},"content":{"rendered":"\n<p class=\"has-medium-font-size\"><strong>Por Richard Kruger Delgado<\/strong><\/p>\n\n<p>\u00bfQu\u00e9 significa realmente<em> implicar<\/em> a los j\u00f3venes de forma significativa en una organizaci\u00f3n? Para organizaciones como los CLT, es necesario cambiar la perspectiva de los j\u00f3venes, de una mera poblaci\u00f3n a la que hay que <em>servir<\/em>, a reconocerlos como <em>miembros de pleno derecho de la comunidad que pueden participar en la toma de decisiones, la gobernanza y el dise\u00f1o de programas.<\/em> Dado el enfoque hol\u00edstico, basado en el lugar y comunitario de los CLT, esto no deber\u00eda ser un reto demasiado dif\u00edcil. \u00bfPero entonces qu\u00e9? \u00bfQu\u00e9 estrategias y enfoques han tenido \u00e9xito en las organizaciones que implican a los j\u00f3venes?   <\/p>\n\n<p>Como parte de los preparativos de nuestra <a href=\"https:\/\/us06web.zoom.us\/webinar\/register\/WN_a7sfnvrVRxOUp6GuIeRrzQ#\/registration\" target=\"_blank\" rel=\"noreferrer noopener\">conferencia &#8220;Stewarding the Future: El poder y el liderazgo de los j\u00f3venes en la pr\u00e1ctica de los fideicomisos de la tierra comunitarios&#8221;<\/a>, y en nuestro papel de <a href=\"https:\/\/www.cltweb.org\/es\/biblioteca-de-recursos\/\" target=\"_blank\" rel=\"noreferrer noopener\">biblioteca y centro de recursos<\/a> para el movimiento de los fideicomisos de <a href=\"https:\/\/us06web.zoom.us\/webinar\/register\/WN_a7sfnvrVRxOUp6GuIeRrzQ#\/registration\" target=\"_blank\" rel=\"noreferrer noopener\">la<\/a> tierra comunitarios, compartimos recursos sobre la implicaci\u00f3n de los j\u00f3venes que pueden servir como punto de partida para los profesionales y las organizaciones que deseen implicar a los miembros j\u00f3venes de sus comunidades. Esperamos que estos recursos puedan servir de base para tu propia pr\u00e1ctica de participaci\u00f3n juvenil. <\/p>\n\n<figure class=\"wp-block-image alignright size-medium is-resized\"><a href=\"https:\/\/www.pathwaysrtc.pdx.edu\/pdf\/pbAMPYouthParticipation.pdf\" target=\"_blank\" rel=\" noreferrer noopener\"><img decoding=\"async\" src=\"https:\/\/www.cltweb.org\/wp-content\/uploads\/2024\/11\/Screenshot-2024-11-20-at-4.25.46&#x202F;PM-229x300.png\" alt=\"\" class=\"wp-image-7801\" style=\"width:150px\"\/><\/a><\/figure>\n\n<h4 class=\"wp-block-heading\" id=\"h-best-practices-for-increasing-meaningful-youth-participation-in-collaborative-team-planning\"><strong>Buenas pr\u00e1cticas para aumentar la participaci\u00f3n significativa de los j\u00f3venes en la planificaci\u00f3n de equipos de colaboraci\u00f3n<\/strong><\/h4>\n\n<p><a href=\"https:\/\/www.pathwaysrtc.pdx.edu\/pdf\/pbAMPYouthParticipation.pdf\" target=\"_blank\" rel=\"noreferrer noopener\">Este informe<\/a>, del Centro de Investigaci\u00f3n y Formaci\u00f3n sobre Apoyo Familiar y Salud Mental Infantil de la Universidad Estatal de Portland, presenta una colecci\u00f3n de buenas pr\u00e1cticas para implicar a los j\u00f3venes de forma colaborativa en la creaci\u00f3n de programas o planes que sirvan a los propios j\u00f3venes. Los temas tratados en el informe incluyen c\u00f3mo promover la participaci\u00f3n de los j\u00f3venes a nivel organizativo, as\u00ed como estrategias para trabajar contigo antes, durante y despu\u00e9s de su inclusi\u00f3n en la planificaci\u00f3n colaborativa. <\/p>\n\n<figure class=\"wp-block-image alignright size-large is-resized\"><a href=\"https:\/\/www.urban.org\/sites\/default\/files\/publication\/104936\/youth-engagement-in-policy-research-and-practice_0.pdf\" target=\"_blank\" rel=\" noreferrer noopener\"><img decoding=\"async\" src=\"https:\/\/www.cltweb.org\/wp-content\/uploads\/2024\/11\/Screenshot-2024-11-20-at-4.27.42&#x202F;PM-793x1024.png\" alt=\"\" class=\"wp-image-7805\" style=\"width:150px\"\/><\/a><\/figure>\n\n<div class=\"wp-block-group is-nowrap is-layout-flex wp-container-core-group-is-layout-6c531013 wp-block-group-is-layout-flex\">\n<h4 class=\"wp-block-heading\" id=\"h-youth-engagement-in-policy-research-and-practice-community-voice-and-power-sharing-guidebook-urban-institute\"><strong>&#8220;La participaci\u00f3n de los j\u00f3venes en la pol\u00edtica, la investigaci\u00f3n y la pr\u00e1ctica: Community Voice and Power Sharing Guidebook&#8221; Instituto Urbano<\/strong><\/h4>\n<\/div>\n\n<p><a href=\"https:\/\/www.urban.org\/sites\/default\/files\/publication\/104936\/youth-engagement-in-policy-research-and-practice_0.pdf\" target=\"_blank\" rel=\"noreferrer noopener\">Este conjunto de herramientas<\/a> creado por el Instituto Urbano est\u00e1 destinado a los responsables pol\u00edticos, proveedores de servicios, investigadores y proveedores de asistencia t\u00e9cnica que deseen implicar de forma significativa a los j\u00f3venes. El conjunto de herramientas proporciona m\u00e9todos para la participaci\u00f3n, describe los beneficios de la participaci\u00f3n de los j\u00f3venes y proporciona herramientas para llevar a cabo dicha participaci\u00f3n. El conjunto de herramientas incluye una hoja de evaluaci\u00f3n de proyectos para ayudar a las personas y organizaciones a determinar si la participaci\u00f3n de los j\u00f3venes es adecuada.  <\/p>\n\n<figure class=\"wp-block-image alignright size-large is-resized\"><a href=\"https:\/\/ecommons.cornell.edu\/server\/api\/core\/bitstreams\/8805028b-6d4a-41e2-99cf-bfdb008c0070\/content\" target=\"_blank\" rel=\" noreferrer noopener\"><img decoding=\"async\" src=\"https:\/\/www.cltweb.org\/wp-content\/uploads\/2024\/11\/Screenshot-2024-11-20-at-4.30.14&#x202F;PM-792x1024.png\" alt=\"\" class=\"wp-image-7809\" style=\"width:150px\"\/><\/a><\/figure>\n\n<h4 class=\"wp-block-heading\" id=\"h-strengthening-communities-through-youth-participation-lessons-learned-from-the-act-for-youth-initiative\"><strong>&#8220;Fortalecer las comunidades mediante la participaci\u00f3n de los j\u00f3venes: Lecciones aprendidas de la Iniciativa ACT para la Juventud&#8221;<\/strong><\/h4>\n\n<p>Assets Coming Together (ACT) for Youth es una iniciativa de desarrollo juvenil creada por el Departamento de Salud del Estado de Nueva York. Esta iniciativa se dise\u00f1\u00f3 sobre el principio del desarrollo juvenil positivo. El desarrollo juvenil positivo pretende cambiar las pol\u00edticas y los recursos, as\u00ed como la cultura de la comunidad, para ofrecer a los j\u00f3venes oportunidades de implicarse significativamente en su propio desarrollo. Este informe de investigaci\u00f3n del Centro de Organizaciones Sin \u00c1nimo de Lucro de la Universidad de Wisconsin-Madison explora los resultados a nivel comunitario de la participaci\u00f3n de los j\u00f3venes a trav\u00e9s de ACT for Youth, explorando c\u00f3mo las comunidades abordaron los retos de implicar a los j\u00f3venes en las iniciativas comunitarias, as\u00ed como identificando los beneficios que surgieron de esa implicaci\u00f3n. <a href=\"https:\/\/ecommons.cornell.edu\/server\/api\/core\/bitstreams\/8805028b-6d4a-41e2-99cf-bfdb008c0070\/content\" target=\"_blank\" rel=\"noreferrer noopener\">El informe<\/a> proporciona ejemplos de casos y recomienda estrategias para implicar a los j\u00f3venes.     <\/p>\n\n<h4 class=\"wp-block-heading\" id=\"h-one-youth-youth-centered-design-ycd-toolkit\"><strong>Una Juventud &#8211; Conjunto de herramientas de Dise\u00f1o Centrado en los J\u00f3venes (DCJ)<\/strong><\/h4>\n\n<p>Este <a href=\"https:\/\/www.ycdtoolkit.com\" target=\"_blank\" rel=\"noreferrer noopener\">conjunto de herramientas en l\u00ednea<\/a> forma parte del proyecto One Youth de UNICEF Canad\u00e1, cuyo objetivo es crear soluciones con los ni\u00f1os y los j\u00f3venes en lugar de para ellos. El Dise\u00f1o Centrado en la Juventud es un enfoque para dise\u00f1ar programas y servicios que ponen a los j\u00f3venes en primer lugar y que incluyen a los j\u00f3venes como expertos en su propia experiencia. El conjunto de herramientas consta de seis cap\u00edtulos que abarcan elementos del DCJ e incluye materiales descargables e imprimibles para utilizar en talleres de colaboraci\u00f3n con los j\u00f3venes.  <\/p>\n\n<figure class=\"wp-block-image alignright size-large is-resized\"><a href=\"https:\/\/youthrex.com\/wp-content\/uploads\/2019\/05\/engaging-youth-in-community-decision-making.pdf\" target=\"_blank\" rel=\" noreferrer noopener\"><img decoding=\"async\" src=\"https:\/\/www.cltweb.org\/wp-content\/uploads\/2024\/11\/Screenshot-2024-11-20-at-4.36.14&#x202F;PM-795x1024.png\" alt=\"\" class=\"wp-image-7817\" style=\"width:150px\"\/><\/a><\/figure>\n\n<h4 class=\"wp-block-heading\" id=\"h-engaging-youth-in-community-decision-making-nbsp\"><strong>Implicar a los j\u00f3venes en la toma de decisiones de la comunidad  <\/strong><\/h4>\n\n<p>Este <a href=\"https:\/\/youthrex.com\/wp-content\/uploads\/2019\/05\/engaging-youth-in-community-decision-making.pdf\" target=\"_blank\" rel=\"noreferrer noopener\">informe y conjunto de herramientas<\/a> del Centro de Estudios de Pol\u00edtica Social explora estrategias y principios para implicar a los j\u00f3venes en la toma de decisiones para el bienestar de la comunidad. El informe ofrece una definici\u00f3n de compromiso juvenil, proporciona ejemplos de resultados de comunidades que implican a los j\u00f3venes en la toma de decisiones, muestra c\u00f3mo un compromiso significativo puede transformar la cultura organizativa y proporciona estrategias y herramientas para implicar a los j\u00f3venes en el cambio de las comunidades. <\/p>\n","protected":false},"excerpt":{"rendered":"<p>Por Richard Kruger Delgado \u00bfQu\u00e9 significa realmente implicar a los j\u00f3venes de forma significativa en una organizaci\u00f3n? Para organizaciones como los CLT, es necesario cambiar la perspectiva de los j\u00f3venes, [&hellip;]<\/p>\n","protected":false},"author":2,"featured_media":0,"comment_status":"closed","ping_status":"open","sticky":false,"template":"","format":"standard","meta":{"give_campaign_id":0,"_tec_requires_first_save":true,"_kad_blocks_custom_css":"","_kad_blocks_head_custom_js":"","_kad_blocks_body_custom_js":"","_kad_blocks_footer_custom_js":"","_EventAllDay":false,"_EventTimezone":"","_EventStartDate":"","_EventEndDate":"","_EventStartDateUTC":"","_EventEndDateUTC":"","_EventShowMap":false,"_EventShowMapLink":false,"_EventURL":"","_EventCost":"","_EventCostDescription":"","_EventCurrencySymbol":"","_EventCurrencyCode":"","_EventCurrencyPosition":"","_EventDateTimeSeparator":"","_EventTimeRangeSeparator":"","_EventOrganizerID":[],"_EventVenueID":[],"_OrganizerEmail":"","_OrganizerPhone":"","_OrganizerWebsite":"","_VenueAddress":"","_VenueCity":"","_VenueCountry":"","_VenueProvince":"","_VenueState":"","_VenueZip":"","_VenuePhone":"","_VenueURL":"","_VenueStateProvince":"","_VenueLat":"","_VenueLng":"","_VenueShowMap":false,"_VenueShowMapLink":false,"_tribe_blocks_recurrence_rules":"","_tribe_blocks_recurrence_description":"","_tribe_blocks_recurrence_exclusions":"","_jetpack_memberships_contains_paid_content":false,"footnotes":""},"categories":[290],"tags":[],"class_list":["post-7829","post","type-post","status-publish","format-standard","hentry","category-blogs"],"blocksy_meta":[],"yoast_head":"<!-- This site is optimized with the Yoast SEO Premium plugin v27.4 (Yoast SEO v27.5) - https:\/\/yoast.com\/product\/yoast-seo-premium-wordpress\/ -->\n<title>Recursos para la participaci\u00f3n significativa de los j\u00f3venes en los CLT - International Center for Community Land Trusts<\/title>\n<meta name=\"robots\" content=\"index, follow, max-snippet:-1, max-image-preview:large, max-video-preview:-1\" \/>\n<link rel=\"canonical\" href=\"https:\/\/www.cltweb.org\/es\/2024\/11\/20\/recursos-para-la-participacion-significativa-de-los-jovenes-en-los-clt\/\" \/>\n<meta property=\"og:locale\" content=\"es_ES\" \/>\n<meta property=\"og:type\" content=\"article\" \/>\n<meta property=\"og:title\" content=\"Recursos para la participaci\u00f3n significativa de los j\u00f3venes en los CLT\" \/>\n<meta property=\"og:description\" content=\"Consulta estos recursos sobre c\u00f3mo los CLT pueden comprometerse de forma m\u00e1s significativa con los j\u00f3venes.\" \/>\n<meta property=\"og:url\" content=\"https:\/\/www.cltweb.org\/es\/2024\/11\/20\/recursos-para-la-participacion-significativa-de-los-jovenes-en-los-clt\/\" \/>\n<meta property=\"og:site_name\" content=\"International Center for Community Land Trusts\" \/>\n<meta property=\"article:publisher\" content=\"https:\/\/www.facebook.com\/cltcenter\" \/>\n<meta property=\"article:published_time\" content=\"2024-11-20T15:50:26+00:00\" \/>\n<meta property=\"article:modified_time\" content=\"2024-11-20T15:51:44+00:00\" \/>\n<meta property=\"og:image\" content=\"https:\/\/www.cltweb.org\/wp-content\/uploads\/2024\/11\/Screenshot-2024-11-20-at-4.25.46&#x202F;PM-229x300.png\" \/>\n<meta name=\"author\" content=\"Ben Harris\" \/>\n<meta name=\"twitter:card\" content=\"summary_large_image\" \/>\n<meta name=\"twitter:creator\" content=\"@Center4CLTs\" \/>\n<meta name=\"twitter:site\" content=\"@Center4CLTs\" \/>\n<meta name=\"twitter:label1\" content=\"Escrito por\" \/>\n\t<meta name=\"twitter:data1\" content=\"Ben Harris\" \/>\n\t<meta name=\"twitter:label2\" content=\"Tiempo de lectura\" \/>\n\t<meta name=\"twitter:data2\" content=\"4 minutos\" \/>\n<script type=\"application\/ld+json\" class=\"yoast-schema-graph\">{\"@context\":\"https:\\\/\\\/schema.org\",\"@graph\":[{\"@type\":\"Article\",\"@id\":\"https:\\\/\\\/www.cltweb.org\\\/es\\\/2024\\\/11\\\/20\\\/recursos-para-la-participacion-significativa-de-los-jovenes-en-los-clt\\\/#article\",\"isPartOf\":{\"@id\":\"https:\\\/\\\/www.cltweb.org\\\/es\\\/2024\\\/11\\\/20\\\/recursos-para-la-participacion-significativa-de-los-jovenes-en-los-clt\\\/\"},\"author\":{\"name\":\"Ben Harris\",\"@id\":\"https:\\\/\\\/www.cltweb.org\\\/es\\\/#\\\/schema\\\/person\\\/7c9fe56cc945e4b57585dbfe30f2ead4\"},\"headline\":\"Recursos para la participaci\u00f3n significativa de los j\u00f3venes en los CLT\",\"datePublished\":\"2024-11-20T15:50:26+00:00\",\"dateModified\":\"2024-11-20T15:51:44+00:00\",\"mainEntityOfPage\":{\"@id\":\"https:\\\/\\\/www.cltweb.org\\\/es\\\/2024\\\/11\\\/20\\\/recursos-para-la-participacion-significativa-de-los-jovenes-en-los-clt\\\/\"},\"wordCount\":860,\"publisher\":{\"@id\":\"https:\\\/\\\/www.cltweb.org\\\/es\\\/#organization\"},\"image\":{\"@id\":\"https:\\\/\\\/www.cltweb.org\\\/es\\\/2024\\\/11\\\/20\\\/recursos-para-la-participacion-significativa-de-los-jovenes-en-los-clt\\\/#primaryimage\"},\"thumbnailUrl\":\"https:\\\/\\\/www.cltweb.org\\\/wp-content\\\/uploads\\\/2024\\\/11\\\/Screenshot-2024-11-20-at-4.25.46&#x202F;PM-229x300.png\",\"articleSection\":[\"Blogs\"],\"inLanguage\":\"es\"},{\"@type\":\"WebPage\",\"@id\":\"https:\\\/\\\/www.cltweb.org\\\/es\\\/2024\\\/11\\\/20\\\/recursos-para-la-participacion-significativa-de-los-jovenes-en-los-clt\\\/\",\"url\":\"https:\\\/\\\/www.cltweb.org\\\/es\\\/2024\\\/11\\\/20\\\/recursos-para-la-participacion-significativa-de-los-jovenes-en-los-clt\\\/\",\"name\":\"Recursos para la participaci\u00f3n significativa de los j\u00f3venes en los CLT - International Center for Community Land Trusts\",\"isPartOf\":{\"@id\":\"https:\\\/\\\/www.cltweb.org\\\/es\\\/#website\"},\"primaryImageOfPage\":{\"@id\":\"https:\\\/\\\/www.cltweb.org\\\/es\\\/2024\\\/11\\\/20\\\/recursos-para-la-participacion-significativa-de-los-jovenes-en-los-clt\\\/#primaryimage\"},\"image\":{\"@id\":\"https:\\\/\\\/www.cltweb.org\\\/es\\\/2024\\\/11\\\/20\\\/recursos-para-la-participacion-significativa-de-los-jovenes-en-los-clt\\\/#primaryimage\"},\"thumbnailUrl\":\"https:\\\/\\\/www.cltweb.org\\\/wp-content\\\/uploads\\\/2024\\\/11\\\/Screenshot-2024-11-20-at-4.25.46&#x202F;PM-229x300.png\",\"datePublished\":\"2024-11-20T15:50:26+00:00\",\"dateModified\":\"2024-11-20T15:51:44+00:00\",\"breadcrumb\":{\"@id\":\"https:\\\/\\\/www.cltweb.org\\\/es\\\/2024\\\/11\\\/20\\\/recursos-para-la-participacion-significativa-de-los-jovenes-en-los-clt\\\/#breadcrumb\"},\"inLanguage\":\"es\",\"potentialAction\":[{\"@type\":\"ReadAction\",\"target\":[\"https:\\\/\\\/www.cltweb.org\\\/es\\\/2024\\\/11\\\/20\\\/recursos-para-la-participacion-significativa-de-los-jovenes-en-los-clt\\\/\"]}]},{\"@type\":\"ImageObject\",\"inLanguage\":\"es\",\"@id\":\"https:\\\/\\\/www.cltweb.org\\\/es\\\/2024\\\/11\\\/20\\\/recursos-para-la-participacion-significativa-de-los-jovenes-en-los-clt\\\/#primaryimage\",\"url\":\"https:\\\/\\\/www.cltweb.org\\\/wp-content\\\/uploads\\\/2024\\\/11\\\/Screenshot-2024-11-20-at-4.25.46&#x202F;PM-229x300.png\",\"contentUrl\":\"https:\\\/\\\/www.cltweb.org\\\/wp-content\\\/uploads\\\/2024\\\/11\\\/Screenshot-2024-11-20-at-4.25.46&#x202F;PM-229x300.png\"},{\"@type\":\"BreadcrumbList\",\"@id\":\"https:\\\/\\\/www.cltweb.org\\\/es\\\/2024\\\/11\\\/20\\\/recursos-para-la-participacion-significativa-de-los-jovenes-en-los-clt\\\/#breadcrumb\",\"itemListElement\":[{\"@type\":\"ListItem\",\"position\":1,\"name\":\"Home\",\"item\":\"https:\\\/\\\/www.cltweb.org\\\/es\\\/\"},{\"@type\":\"ListItem\",\"position\":2,\"name\":\"Recursos para la participaci\u00f3n significativa de los j\u00f3venes en los CLT\"}]},{\"@type\":\"WebSite\",\"@id\":\"https:\\\/\\\/www.cltweb.org\\\/es\\\/#website\",\"url\":\"https:\\\/\\\/www.cltweb.org\\\/es\\\/\",\"name\":\"International Center for Community Land Trusts\",\"description\":\"\",\"publisher\":{\"@id\":\"https:\\\/\\\/www.cltweb.org\\\/es\\\/#organization\"},\"potentialAction\":[{\"@type\":\"SearchAction\",\"target\":{\"@type\":\"EntryPoint\",\"urlTemplate\":\"https:\\\/\\\/www.cltweb.org\\\/es\\\/?s={search_term_string}\"},\"query-input\":{\"@type\":\"PropertyValueSpecification\",\"valueRequired\":true,\"valueName\":\"search_term_string\"}}],\"inLanguage\":\"es\"},{\"@type\":\"Organization\",\"@id\":\"https:\\\/\\\/www.cltweb.org\\\/es\\\/#organization\",\"name\":\"International Center for Community Land Trusts\",\"url\":\"https:\\\/\\\/www.cltweb.org\\\/es\\\/\",\"logo\":{\"@type\":\"ImageObject\",\"inLanguage\":\"es\",\"@id\":\"https:\\\/\\\/www.cltweb.org\\\/es\\\/#\\\/schema\\\/logo\\\/image\\\/\",\"url\":\"https:\\\/\\\/www.cltweb.org\\\/wp-content\\\/uploads\\\/2024\\\/11\\\/New-CLT-Center-Text-logo.png\",\"contentUrl\":\"https:\\\/\\\/www.cltweb.org\\\/wp-content\\\/uploads\\\/2024\\\/11\\\/New-CLT-Center-Text-logo.png\",\"width\":227,\"height\":80,\"caption\":\"International Center for Community Land Trusts\"},\"image\":{\"@id\":\"https:\\\/\\\/www.cltweb.org\\\/es\\\/#\\\/schema\\\/logo\\\/image\\\/\"},\"sameAs\":[\"https:\\\/\\\/www.facebook.com\\\/cltcenter\",\"https:\\\/\\\/x.com\\\/Center4CLTs\",\"https:\\\/\\\/www.instagram.com\\\/cltcenter\\\/\",\"https:\\\/\\\/www.linkedin.com\\\/company\\\/cltcenter\",\"https:\\\/\\\/www.youtube.com\\\/@centerforcltinnovation5313\"],\"description\":\"The International Center for Community Land Trusts is a not-for-profit nongovernmental organization established in 2018 to promote and to support community land trusts and similar strategies of community-led development on community-owned land in countries throughout the world.\",\"email\":\"info@communitylandtrust.net\",\"legalName\":\"International Center for Community Land Trusts\",\"foundingDate\":\"2018-12-01\",\"taxID\":\"84-3858933\",\"numberOfEmployees\":{\"@type\":\"QuantitativeValue\",\"minValue\":\"1\",\"maxValue\":\"10\"}},{\"@type\":\"Person\",\"@id\":\"https:\\\/\\\/www.cltweb.org\\\/es\\\/#\\\/schema\\\/person\\\/7c9fe56cc945e4b57585dbfe30f2ead4\",\"name\":\"Ben Harris\",\"image\":{\"@type\":\"ImageObject\",\"inLanguage\":\"es\",\"@id\":\"https:\\\/\\\/secure.gravatar.com\\\/avatar\\\/12a44d8988553548c22c57da673ee8ffb7e0b87b0197beec533bae3061a92cc5?s=96&d=mm&r=g\",\"url\":\"https:\\\/\\\/secure.gravatar.com\\\/avatar\\\/12a44d8988553548c22c57da673ee8ffb7e0b87b0197beec533bae3061a92cc5?s=96&d=mm&r=g\",\"contentUrl\":\"https:\\\/\\\/secure.gravatar.com\\\/avatar\\\/12a44d8988553548c22c57da673ee8ffb7e0b87b0197beec533bae3061a92cc5?s=96&d=mm&r=g\",\"caption\":\"Ben Harris\"},\"url\":\"https:\\\/\\\/www.cltweb.org\\\/es\\\/author\\\/ben\\\/\"}]}<\/script>\n<!-- \/ Yoast SEO Premium plugin. -->","yoast_head_json":{"title":"Recursos para la participaci\u00f3n significativa de los j\u00f3venes en los CLT - International Center for Community Land Trusts","robots":{"index":"index","follow":"follow","max-snippet":"max-snippet:-1","max-image-preview":"max-image-preview:large","max-video-preview":"max-video-preview:-1"},"canonical":"https:\/\/www.cltweb.org\/es\/2024\/11\/20\/recursos-para-la-participacion-significativa-de-los-jovenes-en-los-clt\/","og_locale":"es_ES","og_type":"article","og_title":"Recursos para la participaci\u00f3n significativa de los j\u00f3venes en los CLT","og_description":"Consulta estos recursos sobre c\u00f3mo los CLT pueden comprometerse de forma m\u00e1s significativa con los j\u00f3venes.","og_url":"https:\/\/www.cltweb.org\/es\/2024\/11\/20\/recursos-para-la-participacion-significativa-de-los-jovenes-en-los-clt\/","og_site_name":"International Center for Community Land Trusts","article_publisher":"https:\/\/www.facebook.com\/cltcenter","article_published_time":"2024-11-20T15:50:26+00:00","article_modified_time":"2024-11-20T15:51:44+00:00","og_image":[{"url":"https:\/\/www.cltweb.org\/wp-content\/uploads\/2024\/11\/Screenshot-2024-11-20-at-4.25.46&#x202F;PM-229x300.png","type":"","width":"","height":""}],"author":"Ben Harris","twitter_card":"summary_large_image","twitter_creator":"@Center4CLTs","twitter_site":"@Center4CLTs","twitter_misc":{"Escrito por":"Ben Harris","Tiempo de lectura":"4 minutos"},"schema":{"@context":"https:\/\/schema.org","@graph":[{"@type":"Article","@id":"https:\/\/www.cltweb.org\/es\/2024\/11\/20\/recursos-para-la-participacion-significativa-de-los-jovenes-en-los-clt\/#article","isPartOf":{"@id":"https:\/\/www.cltweb.org\/es\/2024\/11\/20\/recursos-para-la-participacion-significativa-de-los-jovenes-en-los-clt\/"},"author":{"name":"Ben Harris","@id":"https:\/\/www.cltweb.org\/es\/#\/schema\/person\/7c9fe56cc945e4b57585dbfe30f2ead4"},"headline":"Recursos para la participaci\u00f3n significativa de los j\u00f3venes en los CLT","datePublished":"2024-11-20T15:50:26+00:00","dateModified":"2024-11-20T15:51:44+00:00","mainEntityOfPage":{"@id":"https:\/\/www.cltweb.org\/es\/2024\/11\/20\/recursos-para-la-participacion-significativa-de-los-jovenes-en-los-clt\/"},"wordCount":860,"publisher":{"@id":"https:\/\/www.cltweb.org\/es\/#organization"},"image":{"@id":"https:\/\/www.cltweb.org\/es\/2024\/11\/20\/recursos-para-la-participacion-significativa-de-los-jovenes-en-los-clt\/#primaryimage"},"thumbnailUrl":"https:\/\/www.cltweb.org\/wp-content\/uploads\/2024\/11\/Screenshot-2024-11-20-at-4.25.46&#x202F;PM-229x300.png","articleSection":["Blogs"],"inLanguage":"es"},{"@type":"WebPage","@id":"https:\/\/www.cltweb.org\/es\/2024\/11\/20\/recursos-para-la-participacion-significativa-de-los-jovenes-en-los-clt\/","url":"https:\/\/www.cltweb.org\/es\/2024\/11\/20\/recursos-para-la-participacion-significativa-de-los-jovenes-en-los-clt\/","name":"Recursos para la participaci\u00f3n significativa de los j\u00f3venes en los CLT - International Center for Community Land Trusts","isPartOf":{"@id":"https:\/\/www.cltweb.org\/es\/#website"},"primaryImageOfPage":{"@id":"https:\/\/www.cltweb.org\/es\/2024\/11\/20\/recursos-para-la-participacion-significativa-de-los-jovenes-en-los-clt\/#primaryimage"},"image":{"@id":"https:\/\/www.cltweb.org\/es\/2024\/11\/20\/recursos-para-la-participacion-significativa-de-los-jovenes-en-los-clt\/#primaryimage"},"thumbnailUrl":"https:\/\/www.cltweb.org\/wp-content\/uploads\/2024\/11\/Screenshot-2024-11-20-at-4.25.46&#x202F;PM-229x300.png","datePublished":"2024-11-20T15:50:26+00:00","dateModified":"2024-11-20T15:51:44+00:00","breadcrumb":{"@id":"https:\/\/www.cltweb.org\/es\/2024\/11\/20\/recursos-para-la-participacion-significativa-de-los-jovenes-en-los-clt\/#breadcrumb"},"inLanguage":"es","potentialAction":[{"@type":"ReadAction","target":["https:\/\/www.cltweb.org\/es\/2024\/11\/20\/recursos-para-la-participacion-significativa-de-los-jovenes-en-los-clt\/"]}]},{"@type":"ImageObject","inLanguage":"es","@id":"https:\/\/www.cltweb.org\/es\/2024\/11\/20\/recursos-para-la-participacion-significativa-de-los-jovenes-en-los-clt\/#primaryimage","url":"https:\/\/www.cltweb.org\/wp-content\/uploads\/2024\/11\/Screenshot-2024-11-20-at-4.25.46&#x202F;PM-229x300.png","contentUrl":"https:\/\/www.cltweb.org\/wp-content\/uploads\/2024\/11\/Screenshot-2024-11-20-at-4.25.46&#x202F;PM-229x300.png"},{"@type":"BreadcrumbList","@id":"https:\/\/www.cltweb.org\/es\/2024\/11\/20\/recursos-para-la-participacion-significativa-de-los-jovenes-en-los-clt\/#breadcrumb","itemListElement":[{"@type":"ListItem","position":1,"name":"Home","item":"https:\/\/www.cltweb.org\/es\/"},{"@type":"ListItem","position":2,"name":"Recursos para la participaci\u00f3n significativa de los j\u00f3venes en los CLT"}]},{"@type":"WebSite","@id":"https:\/\/www.cltweb.org\/es\/#website","url":"https:\/\/www.cltweb.org\/es\/","name":"International Center for Community Land Trusts","description":"","publisher":{"@id":"https:\/\/www.cltweb.org\/es\/#organization"},"potentialAction":[{"@type":"SearchAction","target":{"@type":"EntryPoint","urlTemplate":"https:\/\/www.cltweb.org\/es\/?s={search_term_string}"},"query-input":{"@type":"PropertyValueSpecification","valueRequired":true,"valueName":"search_term_string"}}],"inLanguage":"es"},{"@type":"Organization","@id":"https:\/\/www.cltweb.org\/es\/#organization","name":"International Center for Community Land Trusts","url":"https:\/\/www.cltweb.org\/es\/","logo":{"@type":"ImageObject","inLanguage":"es","@id":"https:\/\/www.cltweb.org\/es\/#\/schema\/logo\/image\/","url":"https:\/\/www.cltweb.org\/wp-content\/uploads\/2024\/11\/New-CLT-Center-Text-logo.png","contentUrl":"https:\/\/www.cltweb.org\/wp-content\/uploads\/2024\/11\/New-CLT-Center-Text-logo.png","width":227,"height":80,"caption":"International Center for Community Land Trusts"},"image":{"@id":"https:\/\/www.cltweb.org\/es\/#\/schema\/logo\/image\/"},"sameAs":["https:\/\/www.facebook.com\/cltcenter","https:\/\/x.com\/Center4CLTs","https:\/\/www.instagram.com\/cltcenter\/","https:\/\/www.linkedin.com\/company\/cltcenter","https:\/\/www.youtube.com\/@centerforcltinnovation5313"],"description":"The International Center for Community Land Trusts is a not-for-profit nongovernmental organization established in 2018 to promote and to support community land trusts and similar strategies of community-led development on community-owned land in countries throughout the world.","email":"info@communitylandtrust.net","legalName":"International Center for Community Land Trusts","foundingDate":"2018-12-01","taxID":"84-3858933","numberOfEmployees":{"@type":"QuantitativeValue","minValue":"1","maxValue":"10"}},{"@type":"Person","@id":"https:\/\/www.cltweb.org\/es\/#\/schema\/person\/7c9fe56cc945e4b57585dbfe30f2ead4","name":"Ben Harris","image":{"@type":"ImageObject","inLanguage":"es","@id":"https:\/\/secure.gravatar.com\/avatar\/12a44d8988553548c22c57da673ee8ffb7e0b87b0197beec533bae3061a92cc5?s=96&d=mm&r=g","url":"https:\/\/secure.gravatar.com\/avatar\/12a44d8988553548c22c57da673ee8ffb7e0b87b0197beec533bae3061a92cc5?s=96&d=mm&r=g","contentUrl":"https:\/\/secure.gravatar.com\/avatar\/12a44d8988553548c22c57da673ee8ffb7e0b87b0197beec533bae3061a92cc5?s=96&d=mm&r=g","caption":"Ben Harris"},"url":"https:\/\/www.cltweb.org\/es\/author\/ben\/"}]}},"taxonomy_info":{"category":[{"value":290,"label":"Blogs"}]},"featured_image_src_large":false,"author_info":{"display_name":"Ben Harris","author_link":"https:\/\/www.cltweb.org\/es\/author\/ben\/"},"comment_info":0,"category_info":[{"term_id":290,"name":"Blogs","slug":"blogs","term_group":0,"term_taxonomy_id":290,"taxonomy":"category","description":"","parent":0,"count":12,"filter":"raw","cat_ID":290,"category_count":12,"category_description":"","cat_name":"Blogs","category_nicename":"blogs","category_parent":0}],"tag_info":false,"jetpack_featured_media_url":"","jetpack_sharing_enabled":true,"jetpack-related-posts":[{"id":7685,"url":"https:\/\/www.cltweb.org\/es\/2024\/11\/11\/introduccion-al-poder-y-el-liderazgo-de-los-jovenes-en-la-practica-de-los-fideicomisos-de-la-tierra-comunitarios\/","url_meta":{"origin":7829,"position":0},"title":"Introducci\u00f3n al poder y el liderazgo de los j\u00f3venes en la pr\u00e1ctica de los fideicomisos de la tierra comunitarios","author":"Ben Harris","date":"11 de noviembre de 2024","format":false,"excerpt":"Por Richard Kruger Delgado La siguiente contribuci\u00f3n ha sido escrita por Richard Kruger Delgado, Responsable de Educaci\u00f3n y Divulgaci\u00f3n del Centro Internacional de Fideicomisos Comunitarios de la Tierra, como contribuci\u00f3n al pr\u00f3ximo seminario web sobre \"Gestionar el futuro: Poder y liderazgo de los j\u00f3venes en la pr\u00e1ctica de los fideicomisos\u2026","rel":"","context":"En \u00abBlogs\u00bb","block_context":{"text":"Blogs","link":"https:\/\/www.cltweb.org\/es\/category\/blogs\/"},"img":{"alt_text":"","src":"https:\/\/i0.wp.com\/www.cltweb.org\/wp-content\/uploads\/2024\/11\/Screenshot-2024-11-11-at-5.46.26%E2%80%AFPM.png?resize=350%2C200&ssl=1","width":350,"height":200,"srcset":"https:\/\/i0.wp.com\/www.cltweb.org\/wp-content\/uploads\/2024\/11\/Screenshot-2024-11-11-at-5.46.26%E2%80%AFPM.png?resize=350%2C200&ssl=1 1x, https:\/\/i0.wp.com\/www.cltweb.org\/wp-content\/uploads\/2024\/11\/Screenshot-2024-11-11-at-5.46.26%E2%80%AFPM.png?resize=525%2C300&ssl=1 1.5x, https:\/\/i0.wp.com\/www.cltweb.org\/wp-content\/uploads\/2024\/11\/Screenshot-2024-11-11-at-5.46.26%E2%80%AFPM.png?resize=700%2C400&ssl=1 2x"},"classes":[]},{"id":7950,"url":"https:\/\/www.cltweb.org\/es\/2024\/12\/17\/resumen-del-seminario-web-el-poder-y-el-liderazgo-de-los-jovenes-en-la-practica-del-clt\/","url_meta":{"origin":7829,"position":1},"title":"Resumen del seminario web: El poder y el liderazgo de los j\u00f3venes en la pr\u00e1ctica del CLT","author":"Ben Harris","date":"17 de diciembre de 2024","format":false,"excerpt":"Por Richard Kruger Delgado Todos los recursos relacionados con este seminario web se pueden encontrar aqu\u00ed y a continuaci\u00f3n. Lo que sigue es una recapitulaci\u00f3n del seminario web sobre \"Gestionar el futuro: Poder y liderazgo de los j\u00f3venes en la pr\u00e1ctica de los CLT\", que tuvo lugar el 4 de\u2026","rel":"","context":"En \u00abBlogs\u00bb","block_context":{"text":"Blogs","link":"https:\/\/www.cltweb.org\/es\/category\/blogs\/"},"img":{"alt_text":"","src":"https:\/\/i0.wp.com\/img.youtube.com\/vi\/UF1qD6WZTwg\/0.jpg?resize=350%2C200","width":350,"height":200},"classes":[]},{"id":9524,"url":"https:\/\/www.cltweb.org\/es\/2025\/05\/21\/bienes-comunes-por-la-justicia-clts-across-continents-en-el-festival-internacional-de-la-vivienda-social\/","url_meta":{"origin":7829,"position":2},"title":"Bienes Comunes por la Justicia: CLTs Across Continents en el Festival Internacional de la Vivienda Social","author":"Ben Harris","date":"21 de mayo de 2025","format":false,"excerpt":"En una \u00e9poca marcada por la crisis de la vivienda, los mercados extractivos de la tierra y la creciente desigualdad, las comunidades de todo el mundo est\u00e1n reclamando los bienes comunes. En el Festival Internacional de la Vivienda Social 2025 de Dubl\u00edn (Irlanda) (4-6 de junio), la Red Europea de\u2026","rel":"","context":"En \u00abBlogs\u00bb","block_context":{"text":"Blogs","link":"https:\/\/www.cltweb.org\/es\/category\/blogs\/"},"img":{"alt_text":"","src":"https:\/\/i0.wp.com\/www.cltweb.org\/wp-content\/uploads\/2025\/05\/Juliet-Can.jpeg?resize=350%2C200&ssl=1","width":350,"height":200},"classes":[]},{"id":6592,"url":"https:\/\/www.cltweb.org\/es\/2022\/10\/11\/evento-clt-center-presentacion-del-libro-community-matters\/","url_meta":{"origin":7829,"position":3},"title":"EVENTO CLT CENTER: Presentaci\u00f3n del libro Community Matters","author":"cltredesign_0jp0l4","date":"11 de octubre de 2022","format":false,"excerpt":"\u00danete a nosotros para celebrar la publicaci\u00f3n del \u00faltimo libro de Terra Nostra Press, Community Matters. Este seminario web reunir\u00e1 a profesionales del CLT de Boston, Bruselas, Londres, Houston y San Juan, cuyas perspectivas sobre la organizaci\u00f3n comunitaria y la participaci\u00f3n de los residentes aparecen en el libro.","rel":"","context":"En \u00abSin categorizar\u00bb","block_context":{"text":"Sin categorizar","link":"https:\/\/www.cltweb.org\/es\/category\/sin-categorizar\/"},"img":{"alt_text":"Portada del libro La Comunidad Importa","src":"https:\/\/i0.wp.com\/www.cltweb.org\/wp-content\/uploads\/2022\/09\/Community-Matters-final-book-cover-062822-683x1024.jpeg?resize=350%2C200&ssl=1","width":350,"height":200},"classes":[]},{"id":7711,"url":"https:\/\/www.cltweb.org\/es\/2024\/11\/18\/el-instituto-lincoln-de-politica-del-suelo-publica-un-informe-sobre-la-conservacion-de-la-propiedad-de-viviendas-asequibles-mediante-fideicomisos-de-la-tierra-comunitarios\/","url_meta":{"origin":7829,"position":4},"title":"El Instituto Lincoln de Pol\u00edtica del Suelo publica un informe sobre la conservaci\u00f3n de la propiedad de viviendas asequibles mediante fideicomisos de la tierra comunitarios","author":"Ben Harris","date":"18 de noviembre de 2024","format":false,"excerpt":"El Informe de Enfoque Pol\u00edtico ofrece una visi\u00f3n de c\u00f3mo los gobiernos municipales apoyan la formaci\u00f3n, expansi\u00f3n y funcionamiento de los CLTs CAMBRIDGE, MA-ElInstituto Lincoln de Pol\u00edtica Territorial ha publicado un nuevo Informe de Enfoque Pol\u00edtico, Preserving Affordable Homeownership: Asociaciones municipales con fideicomisos de la tierra comunitariospor John Emmeus Davis\u2026","rel":"","context":"En \u00abComunicado de prensa\u00bb","block_context":{"text":"Comunicado de prensa","link":"https:\/\/www.cltweb.org\/es\/category\/comunicado-de-prensa\/"},"img":{"alt_text":"","src":"","width":0,"height":0},"classes":[]},{"id":7831,"url":"https:\/\/www.cltweb.org\/pt-br\/2024\/11\/20\/recursos-para-o-envolvimento-significativo-de-jovens-em-clts\/","url_meta":{"origin":7829,"position":5},"title":"Recursos para o envolvimento significativo de jovens em CLTs","author":"Ben Harris","date":"20 de noviembre de 2024","format":false,"excerpt":"Por Richard Kruger Delgado O que realmente significa envolver os jovens de forma significativa em uma organiza\u00e7\u00e3o? Para organiza\u00e7\u00f5es como os CLTs, \u00e9 necess\u00e1rio mudar a perspectiva dos jovens de uma mera popula\u00e7\u00e3o a ser atendida para reconhec\u00ea-los como membros plenos da comunidade que podem participar da tomada de decis\u00f5es,\u2026","rel":"","context":"En \u00abBlogs\u00bb","block_context":{"text":"Blogs","link":"https:\/\/www.cltweb.org\/pt-br\/category\/blogs-pt-br\/"},"img":{"alt_text":"","src":"https:\/\/i0.wp.com\/www.cltweb.org\/wp-content\/uploads\/2024\/11\/Screenshot-2024-11-20-at-4.25.46%E2%80%AFPM.png?resize=350%2C200&ssl=1","width":350,"height":200,"srcset":"https:\/\/i0.wp.com\/www.cltweb.org\/wp-content\/uploads\/2024\/11\/Screenshot-2024-11-20-at-4.25.46%E2%80%AFPM.png?resize=350%2C200&ssl=1 1x, https:\/\/i0.wp.com\/www.cltweb.org\/wp-content\/uploads\/2024\/11\/Screenshot-2024-11-20-at-4.25.46%E2%80%AFPM.png?resize=525%2C300&ssl=1 1.5x, https:\/\/i0.wp.com\/www.cltweb.org\/wp-content\/uploads\/2024\/11\/Screenshot-2024-11-20-at-4.25.46%E2%80%AFPM.png?resize=700%2C400&ssl=1 2x"},"classes":[]}],"_links":{"self":[{"href":"https:\/\/www.cltweb.org\/es\/wp-json\/wp\/v2\/posts\/7829","targetHints":{"allow":["GET"]}}],"collection":[{"href":"https:\/\/www.cltweb.org\/es\/wp-json\/wp\/v2\/posts"}],"about":[{"href":"https:\/\/www.cltweb.org\/es\/wp-json\/wp\/v2\/types\/post"}],"author":[{"embeddable":true,"href":"https:\/\/www.cltweb.org\/es\/wp-json\/wp\/v2\/users\/2"}],"replies":[{"embeddable":true,"href":"https:\/\/www.cltweb.org\/es\/wp-json\/wp\/v2\/comments?post=7829"}],"version-history":[{"count":1,"href":"https:\/\/www.cltweb.org\/es\/wp-json\/wp\/v2\/posts\/7829\/revisions"}],"predecessor-version":[{"id":7830,"href":"https:\/\/www.cltweb.org\/es\/wp-json\/wp\/v2\/posts\/7829\/revisions\/7830"}],"wp:attachment":[{"href":"https:\/\/www.cltweb.org\/es\/wp-json\/wp\/v2\/media?parent=7829"}],"wp:term":[{"taxonomy":"category","embeddable":true,"href":"https:\/\/www.cltweb.org\/es\/wp-json\/wp\/v2\/categories?post=7829"},{"taxonomy":"post_tag","embeddable":true,"href":"https:\/\/www.cltweb.org\/es\/wp-json\/wp\/v2\/tags?post=7829"}],"curies":[{"name":"wp","href":"https:\/\/api.w.org\/{rel}","templated":true}]}}