{"id":7878,"date":"2024-11-22T10:04:32","date_gmt":"2024-11-22T10:04:32","guid":{"rendered":"https:\/\/www.cltweb.org\/2024\/11\/22\/un-viaje-personal-hacia-la-equidad-y-la-justicia-en-materia-de-vivienda\/"},"modified":"2024-11-26T14:50:25","modified_gmt":"2024-11-26T14:50:25","slug":"un-viaje-personal-hacia-la-equidad-y-la-justicia-en-materia-de-vivienda","status":"publish","type":"post","link":"https:\/\/www.cltweb.org\/es\/2024\/11\/22\/un-viaje-personal-hacia-la-equidad-y-la-justicia-en-materia-de-vivienda\/","title":{"rendered":"Un viaje personal hacia la equidad y la justicia en materia de vivienda"},"content":{"rendered":"\n<p><em><strong><em>La siguiente contribuci\u00f3n fue escrita por Ashley Allen, Directora Ejecutiva de <a href=\"https:\/\/www.houstonclt.org\/\" target=\"_blank\" rel=\"noreferrer noopener\">Houston Community Land Trust<\/a> como contribuci\u00f3n al pr\u00f3ximo seminario web sobre &#8220;<\/em><a href=\"https:\/\/us06web.zoom.us\/webinar\/register\/WN_a7sfnvrVRxOUp6GuIeRrzQ#\/registration\" target=\"_blank\" rel=\"noreferrer noopener\"><strong><em>Administrando el futuro: El poder y el liderazgo de los j\u00f3venes en la pr\u00e1ctica de los fideicomisos de la tierra comunitarios<\/em><\/strong><\/a><em>&#8220;el 4 de diciembre.<\/em><\/strong><\/em><\/p>\n\n<figure class=\"wp-block-image alignright size-large is-resized\"><img loading=\"lazy\" decoding=\"async\" width=\"1024\" height=\"576\" src=\"https:\/\/www.cltweb.org\/wp-content\/uploads\/2024\/11\/20160229_105905-2-1024x576.jpg\" alt=\"\" class=\"wp-image-7861\" style=\"width:407px;height:auto\" srcset=\"https:\/\/www.cltweb.org\/wp-content\/uploads\/2024\/11\/20160229_105905-2-1024x576.jpg 1024w, https:\/\/www.cltweb.org\/wp-content\/uploads\/2024\/11\/20160229_105905-2-300x169.jpg 300w, https:\/\/www.cltweb.org\/wp-content\/uploads\/2024\/11\/20160229_105905-2-768x432.jpg 768w, https:\/\/www.cltweb.org\/wp-content\/uploads\/2024\/11\/20160229_105905-2-1536x864.jpg 1536w, https:\/\/www.cltweb.org\/wp-content\/uploads\/2024\/11\/20160229_105905-2-2048x1152.jpg 2048w\" sizes=\"auto, (max-width: 1024px) 100vw, 1024px\" \/><figcaption class=\"wp-element-caption\">Ashley a los 10 a\u00f1os, tomada en el segundo refugio en el que vivi\u00f3<\/figcaption><\/figure>\n\n<p>En 1993 mi familia se qued\u00f3 sin hogar. Recuerdo nuestras primeras noches en el Refugio del Ej\u00e9rcito de Salvaci\u00f3n. Ten\u00eda nueve o casi diez a\u00f1os y recuerdo que dorm\u00eda en la litera de arriba de una litera met\u00e1lica que compart\u00eda con mi hermana de cuatro a\u00f1os, mientras que mi madre y mi hermano reci\u00e9n nacido compart\u00edan la litera de abajo. Cuando mir\u00e9 a mi alrededor, hab\u00eda casi cien mujeres y ni\u00f1os en una gran habitaci\u00f3n, todos en esas literas, alineados en filas. Todos ten\u00edamos or\u00edgenes y circunstancias diferentes, pero todos carec\u00edamos de vivienda. Nos trasladamos a otro refugio unos meses despu\u00e9s, donde mi familia compart\u00eda una habitaci\u00f3n con cuatro camas, una para cada uno de nosotros. Mi familia luch\u00f3 contra la falta de vivienda de forma intermitente durante m\u00e1s de 20 a\u00f1os, a pesar de que mi madre trabaj\u00f3 de forma constante durante la mayor parte de este tiempo. Por mucho que mi madre trabajara, el coste de la vivienda superaba sus ingresos, y eso fue en los a\u00f1os 90 y principios de los 2000. Cuando vuelvo a Carolina del Norte, la mayor\u00eda de las antiguas viviendas que tuvimos, una de las cuales era una caravana en una peque\u00f1a colina de arcilla roja y escasos parches de hierba, han desaparecido. Donde estaba ese remolque hay ahora casas valoradas en 900.000 d\u00f3lares. Incluso cambiaron el nombre de la calle de Firth Court a Tippah Park Court, s\u00f3lo para asegurarse de que los restos de lo que hab\u00eda all\u00ed quedaran completamente borrados.          <\/p>\n\n<p>Durante toda mi juventud, de 1993 a 2004, luch\u00e9 por sobrevivir. Junto con mi familia, luch\u00e9 contra lo que parec\u00eda una batalla interminable de inseguridad en la vivienda. La experiencia fue una fuente de dolor y, sinceramente, algunos d\u00edas sigue si\u00e9ndolo. Cuento esta historia no como un relato triste sobre mi vida, sino como un ejemplo de lo que est\u00e1 ocurriendo en ciudades y pueblos de todo el mundo, donde la gente no s\u00f3lo est\u00e1 perdiendo sus casas, sino tambi\u00e9n sus comunidades. Esta experiencia de juventud fue el catalizador del trabajo que he hecho y sigo haciendo. Quiero asegurarme de que menos personas experimenten lo que mi familia y yo vivimos, y si por casualidad se encuentran en una situaci\u00f3n similar, puedan salir del otro lado con un lugar c\u00f3modo al que llamar hogar. En 2008, me convert\u00ed en organizadora comunitaria de la Coalici\u00f3n de Chicago para los Sin <a href=\"https:\/\/chicagohomeless.org\/\">Techo<\/a>, ahora <a href=\"https:\/\/chicagohomeless.org\/\">Coalici\u00f3n de Chicago para Acabar con los Sin Techo<\/a>. Convertirme en organizadora dio voz a la joven Ashley, convirti\u00f3 mi verg\u00fcenza y mi dolor en pasi\u00f3n y prop\u00f3sito. Me centr\u00e9 menos en lo que me hab\u00eda ocurrido a m\u00ed, sino en por qu\u00e9 me hab\u00eda ocurrido y por qu\u00e9 segu\u00eda ocurri\u00e9ndoles a otros.       <\/p>\n\n<figure class=\"wp-block-image alignleft size-large is-resized\"><img loading=\"lazy\" decoding=\"async\" width=\"1024\" height=\"674\" src=\"https:\/\/www.cltweb.org\/wp-content\/uploads\/2024\/11\/Screenshot_2015-11-18-21-46-57-1-1024x674.png\" alt=\"\" class=\"wp-image-7845\" style=\"width:393px;height:auto\" srcset=\"https:\/\/www.cltweb.org\/wp-content\/uploads\/2024\/11\/Screenshot_2015-11-18-21-46-57-1-1024x674.png 1024w, https:\/\/www.cltweb.org\/wp-content\/uploads\/2024\/11\/Screenshot_2015-11-18-21-46-57-1-300x198.png 300w, https:\/\/www.cltweb.org\/wp-content\/uploads\/2024\/11\/Screenshot_2015-11-18-21-46-57-1-768x506.png 768w, https:\/\/www.cltweb.org\/wp-content\/uploads\/2024\/11\/Screenshot_2015-11-18-21-46-57-1.png 1440w\" sizes=\"auto, (max-width: 1024px) 100vw, 1024px\" \/><figcaption class=\"wp-element-caption\">Ashley como organizadora en Chicago<\/figcaption><\/figure>\n\n<p>A medida que aprend\u00eda m\u00e1s sobre pol\u00edtica de vivienda, financiaci\u00f3n de la vivienda y desarrollo de la vivienda, se hizo evidente que la cuesti\u00f3n de la vivienda ya no era simplemente un lugar al que llamar hogar, o un derecho humano. La prioridad de la vivienda era ahora hacer ganar dinero a alguien, ya fuera un particular, un promotor o un municipio. La vivienda es clave para mejorar la salud f\u00edsica y mental. Una vivienda segura y de calidad da lugar a mayores logros y resultados educativos, una vivienda estable crea comunidades estables y una mano de obra estable que mantiene en marcha nuestra econom\u00eda. La vivienda es mucho m\u00e1s que el rendimiento financiero de las inversiones. La vivienda, o mejor a\u00fan, un hogar, es una inversi\u00f3n en el bienestar de una persona y una comunidad.     <\/p>\n\n<p>Intentar crear un cambio sist\u00e9mico es un camino dif\u00edcil de recorrer, especialmente cuando parece que lo recorres solo. Trabajar con organizadores de Chicago y con defensores y organizadores de CLT de todo el mundo me ha hecho saber que no estoy caminando sola y me ha ayudado a continuar el trabajo de aquellos en cuyos hombros estoy. No puedo cambiar mi pasado, pero puedo trabajar con otros para dirigir el futuro y apoyar a los j\u00f3venes para que sigan adelante en la lucha por el cambio en nombre de la joven Ashley y de otros como ella.  <\/p>\n\n<figure class=\"wp-block-image aligncenter size-large is-resized\"><img loading=\"lazy\" decoding=\"async\" width=\"1024\" height=\"568\" src=\"https:\/\/www.cltweb.org\/wp-content\/uploads\/2024\/11\/HCLT-2nd-Annual-Membership-Meeting-1024x568.jpg\" alt=\"\" class=\"wp-image-7849\" style=\"width:730px;height:auto\" srcset=\"https:\/\/www.cltweb.org\/wp-content\/uploads\/2024\/11\/HCLT-2nd-Annual-Membership-Meeting-1024x568.jpg 1024w, https:\/\/www.cltweb.org\/wp-content\/uploads\/2024\/11\/HCLT-2nd-Annual-Membership-Meeting-300x166.jpg 300w, https:\/\/www.cltweb.org\/wp-content\/uploads\/2024\/11\/HCLT-2nd-Annual-Membership-Meeting-768x426.jpg 768w, https:\/\/www.cltweb.org\/wp-content\/uploads\/2024\/11\/HCLT-2nd-Annual-Membership-Meeting-1536x852.jpg 1536w, https:\/\/www.cltweb.org\/wp-content\/uploads\/2024\/11\/HCLT-2nd-Annual-Membership-Meeting-2048x1136.jpg 2048w\" sizes=\"auto, (max-width: 1024px) 100vw, 1024px\" \/><figcaption class=\"wp-element-caption\">Foto tomada en la segunda reuni\u00f3n anual de miembros de Houston CLT<\/figcaption><\/figure>\n\n<h4 class=\"wp-block-heading\" id=\"h-bio\">Bio<\/h4>\n\n<figure class=\"wp-block-image alignright size-full is-resized\"><img decoding=\"async\" src=\"https:\/\/www.cltweb.org\/wp-content\/uploads\/2024\/11\/IMG_20220516_215853_441-2.jpg\" alt=\"\" class=\"wp-image-7865\" style=\"width:264px;height:auto\"\/><\/figure>\n\n<p>Ashley Allen es Directora Ejecutiva del Fideicomiso de la Tierra de la Comunidad de Houston. Aporta al cargo su experiencia en liderazgo sin \u00e1nimo de lucro y desarrollo de programas en las \u00e1reas de educaci\u00f3n, S.T.E.M., desarrollo de la mano de obra y vivienda asequible. Como organizadora comunitaria durante m\u00e1s de 10 a\u00f1os, ayud\u00f3 a desarrollar e impulsar campa\u00f1as para mejorar los servicios a los sin techo, la pol\u00edtica de vivienda asequible y la educaci\u00f3n en Chicago, IL. Ashley trabaj\u00f3 como consultora para la Fundaci\u00f3n Barack Obama, donde fue responsable de la planificaci\u00f3n y ejecuci\u00f3n de la iniciativa de la fundaci\u00f3n para desarrollar la pr\u00f3xima generaci\u00f3n de organizadores y defensores comunitarios. La experiencia de Ashley como joven sin hogar es lo que encendi\u00f3 su pasi\u00f3n por ayudar a aumentar la accesibilidad y asequibilidad de la vivienda para quienes m\u00e1s lo necesitan. Forma parte de la Junta de la Coalici\u00f3n para los Sin Techo de Houston\/Condado de Harris y es miembro de la Secci\u00f3n de Antiguos Alumnos de Houston de Delta Sigma Theta, Sorority, Inc. Ashley es licenciada en Ciencias de la Alimentaci\u00f3n por la Universidad A&amp;M de Florida, tiene un m\u00e1ster en Administraci\u00f3n P\u00fablica por la Universidad Estatal Governors y un doctorado en Pol\u00edtica Cultural y Educativa con especializaci\u00f3n en Sociolog\u00eda por la Universidad Loyola de Chicago.      <\/p>\n","protected":false},"excerpt":{"rendered":"<p>La siguiente contribuci\u00f3n fue escrita por Ashley Allen, Directora Ejecutiva de Houston Community Land Trust como contribuci\u00f3n al pr\u00f3ximo seminario web sobre &#8220;Administrando el futuro: El poder y el liderazgo [&hellip;]<\/p>\n","protected":false},"author":2,"featured_media":7876,"comment_status":"closed","ping_status":"open","sticky":false,"template":"","format":"standard","meta":{"give_campaign_id":0,"_tec_requires_first_save":true,"_kad_blocks_custom_css":"","_kad_blocks_head_custom_js":"","_kad_blocks_body_custom_js":"","_kad_blocks_footer_custom_js":"","_EventAllDay":false,"_EventTimezone":"","_EventStartDate":"","_EventEndDate":"","_EventStartDateUTC":"","_EventEndDateUTC":"","_EventShowMap":false,"_EventShowMapLink":false,"_EventURL":"","_EventCost":"","_EventCostDescription":"","_EventCurrencySymbol":"","_EventCurrencyCode":"","_EventCurrencyPosition":"","_EventDateTimeSeparator":"","_EventTimeRangeSeparator":"","_EventOrganizerID":[],"_EventVenueID":[],"_OrganizerEmail":"","_OrganizerPhone":"","_OrganizerWebsite":"","_VenueAddress":"","_VenueCity":"","_VenueCountry":"","_VenueProvince":"","_VenueState":"","_VenueZip":"","_VenuePhone":"","_VenueURL":"","_VenueStateProvince":"","_VenueLat":"","_VenueLng":"","_VenueShowMap":false,"_VenueShowMapLink":false,"_tribe_blocks_recurrence_rules":"","_tribe_blocks_recurrence_description":"","_tribe_blocks_recurrence_exclusions":"","_jetpack_memberships_contains_paid_content":false,"footnotes":""},"categories":[290],"tags":[311,295,312],"class_list":["post-7878","post","type-post","status-publish","format-standard","has-post-thumbnail","hentry","category-blogs","tag-justicia","tag-juventud","tag-vivienda"],"blocksy_meta":[],"yoast_head":"<!-- This site is optimized with the Yoast SEO Premium plugin v27.5 (Yoast SEO v27.5) - https:\/\/yoast.com\/product\/yoast-seo-premium-wordpress\/ -->\n<title>Un viaje personal hacia la equidad y la justicia en materia de vivienda - International Center for Community Land Trusts<\/title>\n<meta name=\"description\" content=\"Lee sobre el viaje personal de Ashley Allen de resiliencia, defensa y lucha por la justicia en materia de vivienda y el empoderamiento de la comunidad.\" \/>\n<meta name=\"robots\" content=\"index, follow, max-snippet:-1, max-image-preview:large, max-video-preview:-1\" \/>\n<link rel=\"canonical\" href=\"https:\/\/www.cltweb.org\/es\/2024\/11\/22\/un-viaje-personal-hacia-la-equidad-y-la-justicia-en-materia-de-vivienda\/\" \/>\n<meta property=\"og:locale\" content=\"es_ES\" \/>\n<meta property=\"og:type\" content=\"article\" \/>\n<meta property=\"og:title\" content=\"Un viaje personal hacia la equidad y la justicia en materia de vivienda\" \/>\n<meta property=\"og:description\" content=\"Lee sobre el viaje personal de Ashley Allen de resiliencia, defensa y lucha por la justicia en materia de vivienda y el empoderamiento de la comunidad.\" \/>\n<meta property=\"og:url\" content=\"https:\/\/www.cltweb.org\/es\/2024\/11\/22\/un-viaje-personal-hacia-la-equidad-y-la-justicia-en-materia-de-vivienda\/\" \/>\n<meta property=\"og:site_name\" content=\"International Center for Community Land Trusts\" \/>\n<meta property=\"article:publisher\" content=\"https:\/\/www.facebook.com\/cltcenter\" \/>\n<meta property=\"article:published_time\" content=\"2024-11-22T10:04:32+00:00\" \/>\n<meta property=\"article:modified_time\" content=\"2024-11-26T14:50:25+00:00\" \/>\n<meta property=\"og:image\" content=\"https:\/\/www.cltweb.org\/wp-content\/uploads\/2024\/11\/Screenshot_2015-11-18-21-46-57-1-1-1024x674.png\" \/>\n<meta name=\"author\" content=\"Ben Harris\" \/>\n<meta name=\"twitter:card\" content=\"summary_large_image\" \/>\n<meta name=\"twitter:creator\" content=\"@Center4CLTs\" \/>\n<meta name=\"twitter:site\" content=\"@Center4CLTs\" \/>\n<meta name=\"twitter:label1\" content=\"Escrito por\" \/>\n\t<meta name=\"twitter:data1\" content=\"Ben Harris\" \/>\n\t<meta name=\"twitter:label2\" content=\"Tiempo de lectura\" \/>\n\t<meta name=\"twitter:data2\" content=\"5 minutos\" \/>\n<script type=\"application\/ld+json\" class=\"yoast-schema-graph\">{\"@context\":\"https:\\\/\\\/schema.org\",\"@graph\":[{\"@type\":\"Article\",\"@id\":\"https:\\\/\\\/www.cltweb.org\\\/es\\\/2024\\\/11\\\/22\\\/un-viaje-personal-hacia-la-equidad-y-la-justicia-en-materia-de-vivienda\\\/#article\",\"isPartOf\":{\"@id\":\"https:\\\/\\\/www.cltweb.org\\\/es\\\/2024\\\/11\\\/22\\\/un-viaje-personal-hacia-la-equidad-y-la-justicia-en-materia-de-vivienda\\\/\"},\"author\":{\"name\":\"Ben Harris\",\"@id\":\"https:\\\/\\\/www.cltweb.org\\\/es\\\/#\\\/schema\\\/person\\\/7c9fe56cc945e4b57585dbfe30f2ead4\"},\"headline\":\"Un viaje personal hacia la equidad y la justicia en materia de vivienda\",\"datePublished\":\"2024-11-22T10:04:32+00:00\",\"dateModified\":\"2024-11-26T14:50:25+00:00\",\"mainEntityOfPage\":{\"@id\":\"https:\\\/\\\/www.cltweb.org\\\/es\\\/2024\\\/11\\\/22\\\/un-viaje-personal-hacia-la-equidad-y-la-justicia-en-materia-de-vivienda\\\/\"},\"wordCount\":1077,\"publisher\":{\"@id\":\"https:\\\/\\\/www.cltweb.org\\\/es\\\/#organization\"},\"image\":{\"@id\":\"https:\\\/\\\/www.cltweb.org\\\/es\\\/2024\\\/11\\\/22\\\/un-viaje-personal-hacia-la-equidad-y-la-justicia-en-materia-de-vivienda\\\/#primaryimage\"},\"thumbnailUrl\":\"https:\\\/\\\/www.cltweb.org\\\/wp-content\\\/uploads\\\/2024\\\/11\\\/Screenshot_2015-11-18-21-46-57-1-1.png\",\"keywords\":[\"justicia\",\"juventud\",\"vivienda\"],\"articleSection\":[\"Blogs\"],\"inLanguage\":\"es\"},{\"@type\":\"WebPage\",\"@id\":\"https:\\\/\\\/www.cltweb.org\\\/es\\\/2024\\\/11\\\/22\\\/un-viaje-personal-hacia-la-equidad-y-la-justicia-en-materia-de-vivienda\\\/\",\"url\":\"https:\\\/\\\/www.cltweb.org\\\/es\\\/2024\\\/11\\\/22\\\/un-viaje-personal-hacia-la-equidad-y-la-justicia-en-materia-de-vivienda\\\/\",\"name\":\"Un viaje personal hacia la equidad y la justicia en materia de vivienda - International Center for Community Land Trusts\",\"isPartOf\":{\"@id\":\"https:\\\/\\\/www.cltweb.org\\\/es\\\/#website\"},\"primaryImageOfPage\":{\"@id\":\"https:\\\/\\\/www.cltweb.org\\\/es\\\/2024\\\/11\\\/22\\\/un-viaje-personal-hacia-la-equidad-y-la-justicia-en-materia-de-vivienda\\\/#primaryimage\"},\"image\":{\"@id\":\"https:\\\/\\\/www.cltweb.org\\\/es\\\/2024\\\/11\\\/22\\\/un-viaje-personal-hacia-la-equidad-y-la-justicia-en-materia-de-vivienda\\\/#primaryimage\"},\"thumbnailUrl\":\"https:\\\/\\\/www.cltweb.org\\\/wp-content\\\/uploads\\\/2024\\\/11\\\/Screenshot_2015-11-18-21-46-57-1-1.png\",\"datePublished\":\"2024-11-22T10:04:32+00:00\",\"dateModified\":\"2024-11-26T14:50:25+00:00\",\"description\":\"Lee sobre el viaje personal de Ashley Allen de resiliencia, defensa y lucha por la justicia en materia de vivienda y el empoderamiento de la comunidad.\",\"breadcrumb\":{\"@id\":\"https:\\\/\\\/www.cltweb.org\\\/es\\\/2024\\\/11\\\/22\\\/un-viaje-personal-hacia-la-equidad-y-la-justicia-en-materia-de-vivienda\\\/#breadcrumb\"},\"inLanguage\":\"es\",\"potentialAction\":[{\"@type\":\"ReadAction\",\"target\":[\"https:\\\/\\\/www.cltweb.org\\\/es\\\/2024\\\/11\\\/22\\\/un-viaje-personal-hacia-la-equidad-y-la-justicia-en-materia-de-vivienda\\\/\"]}]},{\"@type\":\"ImageObject\",\"inLanguage\":\"es\",\"@id\":\"https:\\\/\\\/www.cltweb.org\\\/es\\\/2024\\\/11\\\/22\\\/un-viaje-personal-hacia-la-equidad-y-la-justicia-en-materia-de-vivienda\\\/#primaryimage\",\"url\":\"https:\\\/\\\/www.cltweb.org\\\/wp-content\\\/uploads\\\/2024\\\/11\\\/Screenshot_2015-11-18-21-46-57-1-1.png\",\"contentUrl\":\"https:\\\/\\\/www.cltweb.org\\\/wp-content\\\/uploads\\\/2024\\\/11\\\/Screenshot_2015-11-18-21-46-57-1-1.png\",\"width\":1440,\"height\":948},{\"@type\":\"BreadcrumbList\",\"@id\":\"https:\\\/\\\/www.cltweb.org\\\/es\\\/2024\\\/11\\\/22\\\/un-viaje-personal-hacia-la-equidad-y-la-justicia-en-materia-de-vivienda\\\/#breadcrumb\",\"itemListElement\":[{\"@type\":\"ListItem\",\"position\":1,\"name\":\"Home\",\"item\":\"https:\\\/\\\/www.cltweb.org\\\/es\\\/\"},{\"@type\":\"ListItem\",\"position\":2,\"name\":\"Un viaje personal hacia la equidad y la justicia en materia de vivienda\"}]},{\"@type\":\"WebSite\",\"@id\":\"https:\\\/\\\/www.cltweb.org\\\/es\\\/#website\",\"url\":\"https:\\\/\\\/www.cltweb.org\\\/es\\\/\",\"name\":\"International Center for Community Land Trusts\",\"description\":\"\",\"publisher\":{\"@id\":\"https:\\\/\\\/www.cltweb.org\\\/es\\\/#organization\"},\"potentialAction\":[{\"@type\":\"SearchAction\",\"target\":{\"@type\":\"EntryPoint\",\"urlTemplate\":\"https:\\\/\\\/www.cltweb.org\\\/es\\\/?s={search_term_string}\"},\"query-input\":{\"@type\":\"PropertyValueSpecification\",\"valueRequired\":true,\"valueName\":\"search_term_string\"}}],\"inLanguage\":\"es\"},{\"@type\":\"Organization\",\"@id\":\"https:\\\/\\\/www.cltweb.org\\\/es\\\/#organization\",\"name\":\"International Center for Community Land Trusts\",\"url\":\"https:\\\/\\\/www.cltweb.org\\\/es\\\/\",\"logo\":{\"@type\":\"ImageObject\",\"inLanguage\":\"es\",\"@id\":\"https:\\\/\\\/www.cltweb.org\\\/es\\\/#\\\/schema\\\/logo\\\/image\\\/\",\"url\":\"https:\\\/\\\/www.cltweb.org\\\/wp-content\\\/uploads\\\/2024\\\/11\\\/New-CLT-Center-Text-logo.png\",\"contentUrl\":\"https:\\\/\\\/www.cltweb.org\\\/wp-content\\\/uploads\\\/2024\\\/11\\\/New-CLT-Center-Text-logo.png\",\"width\":227,\"height\":80,\"caption\":\"International Center for Community Land Trusts\"},\"image\":{\"@id\":\"https:\\\/\\\/www.cltweb.org\\\/es\\\/#\\\/schema\\\/logo\\\/image\\\/\"},\"sameAs\":[\"https:\\\/\\\/www.facebook.com\\\/cltcenter\",\"https:\\\/\\\/x.com\\\/Center4CLTs\",\"https:\\\/\\\/www.instagram.com\\\/cltcenter\\\/\",\"https:\\\/\\\/www.linkedin.com\\\/company\\\/cltcenter\",\"https:\\\/\\\/www.youtube.com\\\/@centerforcltinnovation5313\"],\"description\":\"The International Center for Community Land Trusts is a not-for-profit nongovernmental organization established in 2018 to promote and to support community land trusts and similar strategies of community-led development on community-owned land in countries throughout the world.\",\"email\":\"info@communitylandtrust.net\",\"legalName\":\"International Center for Community Land Trusts\",\"foundingDate\":\"2018-12-01\",\"taxID\":\"84-3858933\",\"numberOfEmployees\":{\"@type\":\"QuantitativeValue\",\"minValue\":\"1\",\"maxValue\":\"10\"}},{\"@type\":\"Person\",\"@id\":\"https:\\\/\\\/www.cltweb.org\\\/es\\\/#\\\/schema\\\/person\\\/7c9fe56cc945e4b57585dbfe30f2ead4\",\"name\":\"Ben Harris\",\"image\":{\"@type\":\"ImageObject\",\"inLanguage\":\"es\",\"@id\":\"https:\\\/\\\/secure.gravatar.com\\\/avatar\\\/12a44d8988553548c22c57da673ee8ffb7e0b87b0197beec533bae3061a92cc5?s=96&d=mm&r=g\",\"url\":\"https:\\\/\\\/secure.gravatar.com\\\/avatar\\\/12a44d8988553548c22c57da673ee8ffb7e0b87b0197beec533bae3061a92cc5?s=96&d=mm&r=g\",\"contentUrl\":\"https:\\\/\\\/secure.gravatar.com\\\/avatar\\\/12a44d8988553548c22c57da673ee8ffb7e0b87b0197beec533bae3061a92cc5?s=96&d=mm&r=g\",\"caption\":\"Ben Harris\"},\"url\":\"https:\\\/\\\/www.cltweb.org\\\/es\\\/author\\\/ben\\\/\"}]}<\/script>\n<!-- \/ Yoast SEO Premium plugin. -->","yoast_head_json":{"title":"Un viaje personal hacia la equidad y la justicia en materia de vivienda - International Center for Community Land Trusts","description":"Lee sobre el viaje personal de Ashley Allen de resiliencia, defensa y lucha por la justicia en materia de vivienda y el empoderamiento de la comunidad.","robots":{"index":"index","follow":"follow","max-snippet":"max-snippet:-1","max-image-preview":"max-image-preview:large","max-video-preview":"max-video-preview:-1"},"canonical":"https:\/\/www.cltweb.org\/es\/2024\/11\/22\/un-viaje-personal-hacia-la-equidad-y-la-justicia-en-materia-de-vivienda\/","og_locale":"es_ES","og_type":"article","og_title":"Un viaje personal hacia la equidad y la justicia en materia de vivienda","og_description":"Lee sobre el viaje personal de Ashley Allen de resiliencia, defensa y lucha por la justicia en materia de vivienda y el empoderamiento de la comunidad.","og_url":"https:\/\/www.cltweb.org\/es\/2024\/11\/22\/un-viaje-personal-hacia-la-equidad-y-la-justicia-en-materia-de-vivienda\/","og_site_name":"International Center for Community Land Trusts","article_publisher":"https:\/\/www.facebook.com\/cltcenter","article_published_time":"2024-11-22T10:04:32+00:00","article_modified_time":"2024-11-26T14:50:25+00:00","og_image":[{"url":"https:\/\/www.cltweb.org\/wp-content\/uploads\/2024\/11\/Screenshot_2015-11-18-21-46-57-1-1-1024x674.png","type":"","width":"","height":""}],"author":"Ben Harris","twitter_card":"summary_large_image","twitter_creator":"@Center4CLTs","twitter_site":"@Center4CLTs","twitter_misc":{"Escrito por":"Ben Harris","Tiempo de lectura":"5 minutos"},"schema":{"@context":"https:\/\/schema.org","@graph":[{"@type":"Article","@id":"https:\/\/www.cltweb.org\/es\/2024\/11\/22\/un-viaje-personal-hacia-la-equidad-y-la-justicia-en-materia-de-vivienda\/#article","isPartOf":{"@id":"https:\/\/www.cltweb.org\/es\/2024\/11\/22\/un-viaje-personal-hacia-la-equidad-y-la-justicia-en-materia-de-vivienda\/"},"author":{"name":"Ben Harris","@id":"https:\/\/www.cltweb.org\/es\/#\/schema\/person\/7c9fe56cc945e4b57585dbfe30f2ead4"},"headline":"Un viaje personal hacia la equidad y la justicia en materia de vivienda","datePublished":"2024-11-22T10:04:32+00:00","dateModified":"2024-11-26T14:50:25+00:00","mainEntityOfPage":{"@id":"https:\/\/www.cltweb.org\/es\/2024\/11\/22\/un-viaje-personal-hacia-la-equidad-y-la-justicia-en-materia-de-vivienda\/"},"wordCount":1077,"publisher":{"@id":"https:\/\/www.cltweb.org\/es\/#organization"},"image":{"@id":"https:\/\/www.cltweb.org\/es\/2024\/11\/22\/un-viaje-personal-hacia-la-equidad-y-la-justicia-en-materia-de-vivienda\/#primaryimage"},"thumbnailUrl":"https:\/\/www.cltweb.org\/wp-content\/uploads\/2024\/11\/Screenshot_2015-11-18-21-46-57-1-1.png","keywords":["justicia","juventud","vivienda"],"articleSection":["Blogs"],"inLanguage":"es"},{"@type":"WebPage","@id":"https:\/\/www.cltweb.org\/es\/2024\/11\/22\/un-viaje-personal-hacia-la-equidad-y-la-justicia-en-materia-de-vivienda\/","url":"https:\/\/www.cltweb.org\/es\/2024\/11\/22\/un-viaje-personal-hacia-la-equidad-y-la-justicia-en-materia-de-vivienda\/","name":"Un viaje personal hacia la equidad y la justicia en materia de vivienda - International Center for Community Land Trusts","isPartOf":{"@id":"https:\/\/www.cltweb.org\/es\/#website"},"primaryImageOfPage":{"@id":"https:\/\/www.cltweb.org\/es\/2024\/11\/22\/un-viaje-personal-hacia-la-equidad-y-la-justicia-en-materia-de-vivienda\/#primaryimage"},"image":{"@id":"https:\/\/www.cltweb.org\/es\/2024\/11\/22\/un-viaje-personal-hacia-la-equidad-y-la-justicia-en-materia-de-vivienda\/#primaryimage"},"thumbnailUrl":"https:\/\/www.cltweb.org\/wp-content\/uploads\/2024\/11\/Screenshot_2015-11-18-21-46-57-1-1.png","datePublished":"2024-11-22T10:04:32+00:00","dateModified":"2024-11-26T14:50:25+00:00","description":"Lee sobre el viaje personal de Ashley Allen de resiliencia, defensa y lucha por la justicia en materia de vivienda y el empoderamiento de la comunidad.","breadcrumb":{"@id":"https:\/\/www.cltweb.org\/es\/2024\/11\/22\/un-viaje-personal-hacia-la-equidad-y-la-justicia-en-materia-de-vivienda\/#breadcrumb"},"inLanguage":"es","potentialAction":[{"@type":"ReadAction","target":["https:\/\/www.cltweb.org\/es\/2024\/11\/22\/un-viaje-personal-hacia-la-equidad-y-la-justicia-en-materia-de-vivienda\/"]}]},{"@type":"ImageObject","inLanguage":"es","@id":"https:\/\/www.cltweb.org\/es\/2024\/11\/22\/un-viaje-personal-hacia-la-equidad-y-la-justicia-en-materia-de-vivienda\/#primaryimage","url":"https:\/\/www.cltweb.org\/wp-content\/uploads\/2024\/11\/Screenshot_2015-11-18-21-46-57-1-1.png","contentUrl":"https:\/\/www.cltweb.org\/wp-content\/uploads\/2024\/11\/Screenshot_2015-11-18-21-46-57-1-1.png","width":1440,"height":948},{"@type":"BreadcrumbList","@id":"https:\/\/www.cltweb.org\/es\/2024\/11\/22\/un-viaje-personal-hacia-la-equidad-y-la-justicia-en-materia-de-vivienda\/#breadcrumb","itemListElement":[{"@type":"ListItem","position":1,"name":"Home","item":"https:\/\/www.cltweb.org\/es\/"},{"@type":"ListItem","position":2,"name":"Un viaje personal hacia la equidad y la justicia en materia de vivienda"}]},{"@type":"WebSite","@id":"https:\/\/www.cltweb.org\/es\/#website","url":"https:\/\/www.cltweb.org\/es\/","name":"International Center for Community Land Trusts","description":"","publisher":{"@id":"https:\/\/www.cltweb.org\/es\/#organization"},"potentialAction":[{"@type":"SearchAction","target":{"@type":"EntryPoint","urlTemplate":"https:\/\/www.cltweb.org\/es\/?s={search_term_string}"},"query-input":{"@type":"PropertyValueSpecification","valueRequired":true,"valueName":"search_term_string"}}],"inLanguage":"es"},{"@type":"Organization","@id":"https:\/\/www.cltweb.org\/es\/#organization","name":"International Center for Community Land Trusts","url":"https:\/\/www.cltweb.org\/es\/","logo":{"@type":"ImageObject","inLanguage":"es","@id":"https:\/\/www.cltweb.org\/es\/#\/schema\/logo\/image\/","url":"https:\/\/www.cltweb.org\/wp-content\/uploads\/2024\/11\/New-CLT-Center-Text-logo.png","contentUrl":"https:\/\/www.cltweb.org\/wp-content\/uploads\/2024\/11\/New-CLT-Center-Text-logo.png","width":227,"height":80,"caption":"International Center for Community Land Trusts"},"image":{"@id":"https:\/\/www.cltweb.org\/es\/#\/schema\/logo\/image\/"},"sameAs":["https:\/\/www.facebook.com\/cltcenter","https:\/\/x.com\/Center4CLTs","https:\/\/www.instagram.com\/cltcenter\/","https:\/\/www.linkedin.com\/company\/cltcenter","https:\/\/www.youtube.com\/@centerforcltinnovation5313"],"description":"The International Center for Community Land Trusts is a not-for-profit nongovernmental organization established in 2018 to promote and to support community land trusts and similar strategies of community-led development on community-owned land in countries throughout the world.","email":"info@communitylandtrust.net","legalName":"International Center for Community Land Trusts","foundingDate":"2018-12-01","taxID":"84-3858933","numberOfEmployees":{"@type":"QuantitativeValue","minValue":"1","maxValue":"10"}},{"@type":"Person","@id":"https:\/\/www.cltweb.org\/es\/#\/schema\/person\/7c9fe56cc945e4b57585dbfe30f2ead4","name":"Ben Harris","image":{"@type":"ImageObject","inLanguage":"es","@id":"https:\/\/secure.gravatar.com\/avatar\/12a44d8988553548c22c57da673ee8ffb7e0b87b0197beec533bae3061a92cc5?s=96&d=mm&r=g","url":"https:\/\/secure.gravatar.com\/avatar\/12a44d8988553548c22c57da673ee8ffb7e0b87b0197beec533bae3061a92cc5?s=96&d=mm&r=g","contentUrl":"https:\/\/secure.gravatar.com\/avatar\/12a44d8988553548c22c57da673ee8ffb7e0b87b0197beec533bae3061a92cc5?s=96&d=mm&r=g","caption":"Ben Harris"},"url":"https:\/\/www.cltweb.org\/es\/author\/ben\/"}]}},"taxonomy_info":{"category":[{"value":290,"label":"Blogs"}],"post_tag":[{"value":311,"label":"justicia"},{"value":295,"label":"juventud"},{"value":312,"label":"vivienda"}]},"featured_image_src_large":["https:\/\/www.cltweb.org\/wp-content\/uploads\/2024\/11\/Screenshot_2015-11-18-21-46-57-1-1-1024x674.png",1024,674,true],"author_info":{"display_name":"Ben Harris","author_link":"https:\/\/www.cltweb.org\/es\/author\/ben\/"},"comment_info":0,"category_info":[{"term_id":290,"name":"Blogs","slug":"blogs","term_group":0,"term_taxonomy_id":290,"taxonomy":"category","description":"","parent":0,"count":12,"filter":"raw","cat_ID":290,"category_count":12,"category_description":"","cat_name":"Blogs","category_nicename":"blogs","category_parent":0}],"tag_info":[{"term_id":311,"name":"justicia","slug":"justicia","term_group":0,"term_taxonomy_id":311,"taxonomy":"post_tag","description":"","parent":0,"count":1,"filter":"raw"},{"term_id":295,"name":"juventud","slug":"juventud","term_group":0,"term_taxonomy_id":295,"taxonomy":"post_tag","description":"","parent":0,"count":3,"filter":"raw"},{"term_id":312,"name":"vivienda","slug":"vivienda","term_group":0,"term_taxonomy_id":312,"taxonomy":"post_tag","description":"","parent":0,"count":1,"filter":"raw"}],"jetpack_featured_media_url":"https:\/\/www.cltweb.org\/wp-content\/uploads\/2024\/11\/Screenshot_2015-11-18-21-46-57-1-1.png","jetpack_sharing_enabled":true,"jetpack-related-posts":[{"id":7244,"url":"https:\/\/www.cltweb.org\/es\/2024\/09\/03\/introduccion-al-uso-de-las-clt-para-la-renovacion-energetica-y-la-asequibilidad-permanente-de-las-viviendas-existentes\/","url_meta":{"origin":7878,"position":0},"title":"Introducci\u00f3n al uso de las CLT para la renovaci\u00f3n energ\u00e9tica y la asequibilidad permanente de las viviendas existentes","author":"cltredesign_0jp0l4","date":"3 de septiembre de 2024","format":false,"excerpt":"La siguiente contribuci\u00f3n fue escrita por Richard Kruger Delgado, Director de Educaci\u00f3n y Divulgaci\u00f3n del Centro Internacional de Fideicomisos Comunitarios de la Tierra, para presentar el pr\u00f3ximo seminario web del 25 de septiembre. Estamos en el negocio de \"no dejar a nadie atr\u00e1s\". - John Davis, Centro Internacional de Fideicomisos\u2026","rel":"","context":"En \u00abBlogs\u00bb","block_context":{"text":"Blogs","link":"https:\/\/www.cltweb.org\/es\/category\/blogs\/"},"img":{"alt_text":"","src":"","width":0,"height":0},"classes":[]},{"id":7685,"url":"https:\/\/www.cltweb.org\/es\/2024\/11\/11\/introduccion-al-poder-y-el-liderazgo-de-los-jovenes-en-la-practica-de-los-fideicomisos-de-la-tierra-comunitarios\/","url_meta":{"origin":7878,"position":1},"title":"Introducci\u00f3n al poder y el liderazgo de los j\u00f3venes en la pr\u00e1ctica de los fideicomisos de la tierra comunitarios","author":"Ben Harris","date":"11 de noviembre de 2024","format":false,"excerpt":"Por Richard Kruger Delgado La siguiente contribuci\u00f3n ha sido escrita por Richard Kruger Delgado, Responsable de Educaci\u00f3n y Divulgaci\u00f3n del Centro Internacional de Fideicomisos Comunitarios de la Tierra, como contribuci\u00f3n al pr\u00f3ximo seminario web sobre \"Gestionar el futuro: Poder y liderazgo de los j\u00f3venes en la pr\u00e1ctica de los fideicomisos\u2026","rel":"","context":"En \u00abBlogs\u00bb","block_context":{"text":"Blogs","link":"https:\/\/www.cltweb.org\/es\/category\/blogs\/"},"img":{"alt_text":"","src":"https:\/\/i0.wp.com\/www.cltweb.org\/wp-content\/uploads\/2024\/11\/Screenshot-2024-11-11-at-5.46.26%E2%80%AFPM.png?resize=350%2C200&ssl=1","width":350,"height":200,"srcset":"https:\/\/i0.wp.com\/www.cltweb.org\/wp-content\/uploads\/2024\/11\/Screenshot-2024-11-11-at-5.46.26%E2%80%AFPM.png?resize=350%2C200&ssl=1 1x, https:\/\/i0.wp.com\/www.cltweb.org\/wp-content\/uploads\/2024\/11\/Screenshot-2024-11-11-at-5.46.26%E2%80%AFPM.png?resize=525%2C300&ssl=1 1.5x, https:\/\/i0.wp.com\/www.cltweb.org\/wp-content\/uploads\/2024\/11\/Screenshot-2024-11-11-at-5.46.26%E2%80%AFPM.png?resize=700%2C400&ssl=1 2x"},"classes":[]},{"id":7208,"url":"https:\/\/www.cltweb.org\/es\/2024\/09\/16\/apoyo-al-proyecto-upcycling-trust-la-perspectiva-de-un-investigador\/","url_meta":{"origin":7878,"position":2},"title":"Apoyo al Proyecto Upcycling Trust: La perspectiva de un investigador","author":"cltredesign_0jp0l4","date":"16 de septiembre de 2024","format":false,"excerpt":"Por Jeanne Mosseray La siguiente contribuci\u00f3n ha sido escrita por Jeanne Mosseray, investigadora doctoral del Centro Cosm\u00f3polis de Investigaci\u00f3n Urbana, como contribuci\u00f3n al pr\u00f3ximo seminario web sobre \"El uso de las CLT para la renovaci\u00f3n energ\u00e9tica y la asequibilidad permanente de las viviendas existentes\", que se celebrar\u00e1 el 25 de\u2026","rel":"","context":"En \u00abBlogs\u00bb","block_context":{"text":"Blogs","link":"https:\/\/www.cltweb.org\/es\/category\/blogs\/"},"img":{"alt_text":"","src":"","width":0,"height":0},"classes":[]},{"id":9524,"url":"https:\/\/www.cltweb.org\/es\/2025\/05\/21\/bienes-comunes-por-la-justicia-clts-across-continents-en-el-festival-internacional-de-la-vivienda-social\/","url_meta":{"origin":7878,"position":3},"title":"Bienes Comunes por la Justicia: CLTs Across Continents en el Festival Internacional de la Vivienda Social","author":"Ben Harris","date":"21 de mayo de 2025","format":false,"excerpt":"En una \u00e9poca marcada por la crisis de la vivienda, los mercados extractivos de la tierra y la creciente desigualdad, las comunidades de todo el mundo est\u00e1n reclamando los bienes comunes. En el Festival Internacional de la Vivienda Social 2025 de Dubl\u00edn (Irlanda) (4-6 de junio), la Red Europea de\u2026","rel":"","context":"En \u00abBlogs\u00bb","block_context":{"text":"Blogs","link":"https:\/\/www.cltweb.org\/es\/category\/blogs\/"},"img":{"alt_text":"","src":"https:\/\/i0.wp.com\/www.cltweb.org\/wp-content\/uploads\/2025\/05\/Juliet-Can.jpeg?resize=350%2C200&ssl=1","width":350,"height":200},"classes":[]},{"id":10666,"url":"https:\/\/www.cltweb.org\/es\/2025\/11\/17\/las-clt-y-la-accion-climatica-un-movimiento-creciente-para-una-transicion-justa\/","url_meta":{"origin":7878,"position":4},"title":"Las CLT y la Acci\u00f3n Clim\u00e1tica: Un movimiento creciente para una transici\u00f3n justa","author":"Ben Harris","date":"17 de noviembre de 2025","format":false,"excerpt":"Esta historia forma parte de nuestra campa\u00f1a de fin de a\u00f1o que celebra c\u00f3mo el Centro CLT trabaja para servir al movimiento global de CLT. Esta semana, destacamos : La Iniciativa por la Justicia Clim\u00e1tica La emergencia clim\u00e1tica ya no es una amenaza lejana: est\u00e1 aqu\u00ed, remodelando d\u00f3nde y c\u00f3mo\u2026","rel":"","context":"En \u00abIniciativa de Justicia Clim\u00e1tica\u00bb","block_context":{"text":"Iniciativa de Justicia Clim\u00e1tica","link":"https:\/\/www.cltweb.org\/es\/category\/iniciativa-de-justicia-climatica\/"},"img":{"alt_text":"","src":"https:\/\/i0.wp.com\/www.cltweb.org\/wp-content\/uploads\/2025\/11\/Land-for-People-Not-for-Profit-Banner.gif?resize=350%2C200&ssl=1","width":350,"height":200,"srcset":"https:\/\/i0.wp.com\/www.cltweb.org\/wp-content\/uploads\/2025\/11\/Land-for-People-Not-for-Profit-Banner.gif?resize=350%2C200&ssl=1 1x, https:\/\/i0.wp.com\/www.cltweb.org\/wp-content\/uploads\/2025\/11\/Land-for-People-Not-for-Profit-Banner.gif?resize=525%2C300&ssl=1 1.5x, https:\/\/i0.wp.com\/www.cltweb.org\/wp-content\/uploads\/2025\/11\/Land-for-People-Not-for-Profit-Banner.gif?resize=700%2C400&ssl=1 2x, https:\/\/i0.wp.com\/www.cltweb.org\/wp-content\/uploads\/2025\/11\/Land-for-People-Not-for-Profit-Banner.gif?resize=1050%2C600&ssl=1 3x, https:\/\/i0.wp.com\/www.cltweb.org\/wp-content\/uploads\/2025\/11\/Land-for-People-Not-for-Profit-Banner.gif?resize=1400%2C800&ssl=1 4x"},"classes":[]},{"id":7236,"url":"https:\/\/www.cltweb.org\/es\/2024\/09\/10\/pueden-los-clt-desempenar-un-papel-en-la-politica-climatica\/","url_meta":{"origin":7878,"position":5},"title":"\u00bfPueden los CLT desempe\u00f1ar un papel en la pol\u00edtica clim\u00e1tica?","author":"cltredesign_0jp0l4","date":"10 de septiembre de 2024","format":false,"excerpt":"La siguiente contribuci\u00f3n ha sido escrita por Geert De Pauw, Co-coordinador de Community Land Trust Brussels, como contribuci\u00f3n al pr\u00f3ximo seminario web sobre \"El uso de los CLT para proporcionar renovaci\u00f3n energ\u00e9tica y asequibilidad permanente a las viviendas existentes\", que se celebrar\u00e1 el 25 de septiembre. Community Land Trust Brussels\u2026","rel":"","context":"En \u00abBlogs\u00bb","block_context":{"text":"Blogs","link":"https:\/\/www.cltweb.org\/es\/category\/blogs\/"},"img":{"alt_text":"","src":"","width":0,"height":0},"classes":[]}],"_links":{"self":[{"href":"https:\/\/www.cltweb.org\/es\/wp-json\/wp\/v2\/posts\/7878","targetHints":{"allow":["GET"]}}],"collection":[{"href":"https:\/\/www.cltweb.org\/es\/wp-json\/wp\/v2\/posts"}],"about":[{"href":"https:\/\/www.cltweb.org\/es\/wp-json\/wp\/v2\/types\/post"}],"author":[{"embeddable":true,"href":"https:\/\/www.cltweb.org\/es\/wp-json\/wp\/v2\/users\/2"}],"replies":[{"embeddable":true,"href":"https:\/\/www.cltweb.org\/es\/wp-json\/wp\/v2\/comments?post=7878"}],"version-history":[{"count":3,"href":"https:\/\/www.cltweb.org\/es\/wp-json\/wp\/v2\/posts\/7878\/revisions"}],"predecessor-version":[{"id":7893,"href":"https:\/\/www.cltweb.org\/es\/wp-json\/wp\/v2\/posts\/7878\/revisions\/7893"}],"wp:featuredmedia":[{"embeddable":true,"href":"https:\/\/www.cltweb.org\/es\/wp-json\/wp\/v2\/media\/7876"}],"wp:attachment":[{"href":"https:\/\/www.cltweb.org\/es\/wp-json\/wp\/v2\/media?parent=7878"}],"wp:term":[{"taxonomy":"category","embeddable":true,"href":"https:\/\/www.cltweb.org\/es\/wp-json\/wp\/v2\/categories?post=7878"},{"taxonomy":"post_tag","embeddable":true,"href":"https:\/\/www.cltweb.org\/es\/wp-json\/wp\/v2\/tags?post=7878"}],"curies":[{"name":"wp","href":"https:\/\/api.w.org\/{rel}","templated":true}]}}