{"id":9524,"date":"2025-05-21T18:32:34","date_gmt":"2025-05-21T18:32:34","guid":{"rendered":"https:\/\/www.cltweb.org\/2025\/05\/21\/bienes-comunes-por-la-justicia-clts-across-continents-en-el-festival-internacional-de-la-vivienda-social\/"},"modified":"2025-05-22T14:19:25","modified_gmt":"2025-05-22T14:19:25","slug":"bienes-comunes-por-la-justicia-clts-across-continents-en-el-festival-internacional-de-la-vivienda-social","status":"publish","type":"post","link":"https:\/\/www.cltweb.org\/es\/2025\/05\/21\/bienes-comunes-por-la-justicia-clts-across-continents-en-el-festival-internacional-de-la-vivienda-social\/","title":{"rendered":"Bienes Comunes por la Justicia: CLTs Across Continents en el Festival Internacional de la Vivienda Social"},"content":{"rendered":"\n<p>En una \u00e9poca marcada por la crisis de la vivienda, los mercados extractivos de la tierra y la creciente desigualdad, las comunidades de todo el mundo est\u00e1n reclamando los bienes comunes. En el Festival Internacional de la Vivienda Social 2025 de Dubl\u00edn (Irlanda) (4-6 de junio), la Red Europea de Fideicomisos de la Tierra Comunitaria organizar\u00e1 un seminario de 105 minutos en colaboraci\u00f3n con el Centro Internacional de Fideicomisos de la Tierra Comunitaria, en el que se presentar\u00e1n historias reales de Fideicomisos de la Tierra Comunitaria de Europa y Estados Unidos, y se trazar\u00e1n los or\u00edgenes del movimiento en la \u00e9poca de los Derechos Civiles hasta su papel actual como herramienta para la justicia, moldeada desde la base a medida que se aplica en nuevos contextos. Esta sesi\u00f3n narrar\u00e1 la historia de un enfoque de la tierra basado en los bienes comunes que ha empoderado a las comunidades desde los primeros d\u00edas del movimiento CLT hasta las nuevas fronteras actuales. Destacar\u00e1 los CLT no s\u00f3lo como una estrategia t\u00e9cnica, sino como una poderosa herramienta para la justicia basada en el lugar.   <\/p>\n\n<figure class=\"wp-block-image alignright size-full is-resized\"><img decoding=\"async\" src=\"https:\/\/www.cltweb.org\/wp-content\/uploads\/2025\/05\/ISHF-2025-2.png\" alt=\"\" class=\"wp-image-9492\" style=\"width:504px;height:auto\"\/><\/figure>\n\n<p>El Centro Internacional para las CLT sentar\u00e1 las bases hist\u00f3ricas, relacionando el modelo CLT con el Movimiento por los Derechos Civiles de EEUU. A continuaci\u00f3n, panelistas de toda Europa compartir\u00e1n historias de primera mano sobre organizaci\u00f3n, asociaci\u00f3n y persistencia, desde Londres a Barcelona, pasando por Cork. Estos relatos pondr\u00e1n de relieve c\u00f3mo las comunidades est\u00e1n utilizando el enfoque CLT para contrarrestar la desinversi\u00f3n, el exceso de turismo, la injusticia energ\u00e9tica y la exclusi\u00f3n estructural. A trav\u00e9s de sus historias, los panelistas debatir\u00e1n sobre la justicia, el poder comunitario y las pr\u00e1cticas democr\u00e1ticas que garantizan una pr\u00e1ctica significativa de estos valores, ahora y en el futuro del movimiento CLT. La Red Europea de CLT cerrar\u00e1 la sesi\u00f3n con una reflexi\u00f3n sobre c\u00f3mo hacer crecer el movimiento en Europa sin perder el ethos ascendente que lo hace transformador.    <\/p>\n\n<p>Organizada por la Red Europea de Fideicomisos de la Tierra, en colaboraci\u00f3n con el Centro Internacional de Fideicomisos de la Tierra Comunitarios, esta sesi\u00f3n presentar\u00e1 historias reales de Fideicomisos de la Tierra Comunitarios de Europa y Estados Unidos, que trazar\u00e1n los or\u00edgenes del movimiento en la \u00e9poca de los Derechos Civiles hasta su papel actual como herramienta para la justicia, moldeada desde la base a medida que se aplica en nuevos contextos. Los asistentes tambi\u00e9n tendr\u00e1n la oportunidad de interactuar directamente con los ponentes durante una sesi\u00f3n de preguntas y respuestas en directo. <\/p>\n\n<h2 class=\"wp-block-heading\" id=\"h-meet-the-speakers\"><strong>Conoce a los ponentes<\/strong><\/h2>\n\n<h3 class=\"wp-block-heading\" id=\"h-keti-tskitishvili\"><strong>Keti Tskitishvili<\/strong><\/h3>\n\n<figure class=\"wp-block-image alignright size-full is-resized\"><img loading=\"lazy\" decoding=\"async\" width=\"750\" height=\"753\" src=\"https:\/\/www.cltweb.org\/wp-content\/uploads\/2025\/05\/Keti-Tskitishvili.jpg\" alt=\"\" class=\"wp-image-9500\" style=\"width:119px;height:auto\" srcset=\"https:\/\/www.cltweb.org\/wp-content\/uploads\/2025\/05\/Keti-Tskitishvili.jpg 750w, https:\/\/www.cltweb.org\/wp-content\/uploads\/2025\/05\/Keti-Tskitishvili-300x300.jpg 300w, https:\/\/www.cltweb.org\/wp-content\/uploads\/2025\/05\/Keti-Tskitishvili-150x150.jpg 150w\" sizes=\"auto, (max-width: 750px) 100vw, 750px\" \/><\/figure>\n\n<p><em>Directora de la<\/em>Red Europea de <em> <a href=\"https:\/\/www.clteurope.org\/\" target=\"_blank\" rel=\"noreferrer noopener\">Fideicomisos<\/a><\/em>Comunitarios de la <em> Tierra<br\/><\/em>Keti Tskitishvili es Directora de la Red Europea de Fideicomisos Comunitarios de la Tierra, una creciente alianza de organizaciones que reclaman la tierra y la vivienda como bienes comunes en toda Europa. Comenz\u00f3 su carrera en Georgia, donde trabaj\u00f3 sobre el desplazamiento y la inclusi\u00f3n social tras los conflictos internos. Desde entonces, se ha centrado en la migraci\u00f3n, la integraci\u00f3n y el desarrollo dirigido por la comunidad, combinando la visi\u00f3n pol\u00edtica con un profundo compromiso con la acci\u00f3n de base. Nacida en Georgia y residente en Bruselas, prospera en espacios multiling\u00fces y multiculturales (y a menudo hace malabarismos con m\u00e1s de un idioma y zona horaria antes del desayuno). Ya sea asesorando a activistas o dise\u00f1ando nuevos modelos de gobernanza, su trabajo siempre se basa en la equidad, el acceso y la alegr\u00eda. Cree que los futuros sostenibles se construyen desde la base, por las comunidades y para las comunidades.     <\/p>\n\n<h3 class=\"wp-block-heading\" id=\"h-brenda-torpy\"><strong>Brenda Torpy<\/strong><\/h3>\n\n<figure class=\"wp-block-image alignright size-large is-resized\"><img loading=\"lazy\" decoding=\"async\" width=\"1024\" height=\"683\" src=\"https:\/\/www.cltweb.org\/wp-content\/uploads\/2025\/05\/Brenda_Torpy-photo-1024x683.jpg\" alt=\"\" class=\"wp-image-9504\" style=\"width:186px;height:auto\" srcset=\"https:\/\/www.cltweb.org\/wp-content\/uploads\/2025\/05\/Brenda_Torpy-photo-1024x683.jpg 1024w, https:\/\/www.cltweb.org\/wp-content\/uploads\/2025\/05\/Brenda_Torpy-photo-300x200.jpg 300w, https:\/\/www.cltweb.org\/wp-content\/uploads\/2025\/05\/Brenda_Torpy-photo-768x512.jpg 768w, https:\/\/www.cltweb.org\/wp-content\/uploads\/2025\/05\/Brenda_Torpy-photo-1536x1024.jpg 1536w, https:\/\/www.cltweb.org\/wp-content\/uploads\/2025\/05\/Brenda_Torpy-photo.jpg 1800w\" sizes=\"auto, (max-width: 1024px) 100vw, 1024px\" \/><\/figure>\n\n<p><em>Copresidenta del Centro Internacional de CLT; Consultora Principal de TA\\CHT en <a href=\"https:\/\/www.getahome.org\/\" target=\"_blank\" rel=\"noreferrer noopener\">Champlain Housing Trust<\/a><br\/><\/em>Brenda ha hecho avanzar el modelo de fideicomiso de la tierra a nivel local, nacional e internacional. Cre\u00f3 y ha dirigido Champlain Housing Trust, el mayor CLT de EEUU durante 29 a\u00f1os, fue presidenta de la Red Nacional de CLT, miembro del Consejo y funcionaria de su sucesora, Grounded Solutions Network y, desde 2005, ha ayudado a exportar el modelo a Inglaterra, Canad\u00e1, B\u00e9lgica y Francia. Bajo su liderazgo, la CHT recibi\u00f3 en 2008 el Premio Mundial del H\u00e1bitat de la ONU. Brenda fue L\u00edder de la Fundaci\u00f3n Ford para un Mundo Cambiante en 2001, es Copresidenta del Centro Internacional de CLT, y ha sido miembro de los Comit\u00e9s Asesores de los Bancos de Pr\u00e9stamos Hipotecarios y de la Reserva Federal de Boston, y del Consejo de Vivienda del Gobernador de Vermont. En la actualidad, Brenda presta asistencia t\u00e9cnica a gobiernos locales, grupos de ciudadanos y organizaciones sin \u00e1nimo de lucro como Consultora Principal de TA\\ CHT.    <\/p>\n\n<h3 class=\"wp-block-heading\" id=\"h-juliet-can\"><strong>Julieta Can<\/strong><\/h3>\n\n<figure class=\"wp-block-image alignright size-full is-resized\"><img loading=\"lazy\" decoding=\"async\" width=\"494\" height=\"494\" src=\"https:\/\/www.cltweb.org\/wp-content\/uploads\/2025\/05\/Juliet-Can.jpeg\" alt=\"\" class=\"wp-image-9508\" style=\"width:143px;height:auto\" srcset=\"https:\/\/www.cltweb.org\/wp-content\/uploads\/2025\/05\/Juliet-Can.jpeg 494w, https:\/\/www.cltweb.org\/wp-content\/uploads\/2025\/05\/Juliet-Can-300x300.jpeg 300w, https:\/\/www.cltweb.org\/wp-content\/uploads\/2025\/05\/Juliet-Can-150x150.jpeg 150w\" sizes=\"auto, (max-width: 494px) 100vw, 494px\" \/><\/figure>\n\n<p><em>Miembro de la Junta Directiva de la<\/em>Red Europea de CLT <em>y <a href=\"https:\/\/www.londonclt.org\/\" target=\"_blank\" rel=\"noreferrer noopener\">de London CLT<\/a><br\/><\/em>Juliet Can es londinense, residente de London CLT y miembro de la Junta Directiva de London CLT y de la Red Europea de CLT. Su trayectoria en el \u00e1mbito de la vivienda comunitaria tiene sus ra\u00edces en su pasi\u00f3n por el desarrollo equitativo, y su experiencia vivida aporta una poderosa voz al creciente movimiento de CLT en el Reino Unido. Juliet habla a menudo del legado y la innovaci\u00f3n del activismo de la vivienda dirigido por negros en Gran Breta\u00f1a, tendiendo puentes entre las luchas del pasado y la organizaci\u00f3n actual.  <\/p>\n\n<h3 class=\"wp-block-heading\" id=\"h-adria-garcia-i-mateu\"><strong>Adri\u00e0 Garcia i Mateu<\/strong><\/h3>\n\n<figure class=\"wp-block-image alignright size-large is-resized\"><img loading=\"lazy\" decoding=\"async\" width=\"1024\" height=\"893\" src=\"https:\/\/www.cltweb.org\/wp-content\/uploads\/2025\/05\/@adriagm-1024x893.png\" alt=\"\" class=\"wp-image-9512\" style=\"width:182px;height:auto\" srcset=\"https:\/\/www.cltweb.org\/wp-content\/uploads\/2025\/05\/@adriagm-1024x893.png 1024w, https:\/\/www.cltweb.org\/wp-content\/uploads\/2025\/05\/@adriagm-300x262.png 300w, https:\/\/www.cltweb.org\/wp-content\/uploads\/2025\/05\/@adriagm-768x670.png 768w, https:\/\/www.cltweb.org\/wp-content\/uploads\/2025\/05\/@adriagm.png 1032w\" sizes=\"auto, (max-width: 1024px) 100vw, 1024px\" \/><\/figure>\n\n<p><em>Miembro de la Junta Directiva de la Red Europea de CLT; Miembro de la <a href=\"http:\/\/www.laborda.coop\/en\/home\/\" target=\"_blank\" rel=\"noreferrer noopener\">Cooperativa<\/a> de Viviendas La Borda; Miembro de <a href=\"https:\/\/xes.cat\/\" target=\"_blank\" rel=\"noreferrer noopener\">la Red de Econom\u00eda Solidaria de Catalu\u00f1a (XES)<\/a><br\/><\/em>Adri\u00e0 es un dise\u00f1ador y activista implicado en proyectos que hacen posible la vida cotidiana de las transiciones hacia una sostenibilidad justa. Es miembro fundador de la cooperativa de viviendas La Borda, miembro fundador del comit\u00e9 de vivienda de la Red de Econom\u00eda Solidaria de Catalu\u00f1a (XES) y miembro fundador de holon, una agencia de dise\u00f1o cooperativo sin \u00e1nimo de lucro que apoya a organizaciones l\u00edderes en la transici\u00f3n justa. Actualmente est\u00e1 realizando un doctorado sobre dise\u00f1o de pol\u00edticas y transiciones por la Universitat Oberta de Catalunya.  <\/p>\n\n<h3 class=\"wp-block-heading\" id=\"h-dr-eve-olney\"><strong>Dra. Eve Olney<\/strong><\/h3>\n\n<figure class=\"wp-block-image alignright size-large is-resized\"><img loading=\"lazy\" decoding=\"async\" width=\"891\" height=\"1024\" src=\"https:\/\/www.cltweb.org\/wp-content\/uploads\/2025\/05\/Eve-Olney-891x1024.jpeg\" alt=\"\" class=\"wp-image-9516\" style=\"width:161px;height:auto\" srcset=\"https:\/\/www.cltweb.org\/wp-content\/uploads\/2025\/05\/Eve-Olney-891x1024.jpeg 891w, https:\/\/www.cltweb.org\/wp-content\/uploads\/2025\/05\/Eve-Olney-261x300.jpeg 261w, https:\/\/www.cltweb.org\/wp-content\/uploads\/2025\/05\/Eve-Olney-768x883.jpeg 768w, https:\/\/www.cltweb.org\/wp-content\/uploads\/2025\/05\/Eve-Olney-1337x1536.jpeg 1337w, https:\/\/www.cltweb.org\/wp-content\/uploads\/2025\/05\/Eve-Olney.jpeg 1488w\" sizes=\"auto, (max-width: 891px) 100vw, 891px\" \/><\/figure>\n\n<p><em>Miembro del Comit\u00e9 Directivo <a href=\"https:\/\/www.cclt.ie\/\" target=\"_blank\" rel=\"noreferrer noopener\">de Cork CLT<\/a>; Cofundadora de<a href=\"https:\/\/www.thelivingcommons.com\/radical-institute\" target=\"_blank\" rel=\"noreferrer noopener\"> Living Commons y Radical Institute<\/a><br\/><\/em>La Dra. Eve Olney es una productora creativa comprometida socialmente, mentora, escritora e investigadora basada en la pr\u00e1ctica. Su praxis incorpora un enfoque etnogr\u00e1fico ecol\u00f3gico social del cambio social a trav\u00e9s de la pr\u00e1ctica creativa colaborativa dentro de la construcci\u00f3n de comunidades. Es miembro fundador del comit\u00e9 directivo del fideicomiso de la tierra de Cork (CCLT). Es cofundadora del espacio creativo comunitario de Cork The Living Commons, as\u00ed como del Radical Institute (con la Dra. Krini Kafiris), una iniciativa transnacional de tutor\u00eda y formaci\u00f3n que explora c\u00f3mo las artes y la pr\u00e1ctica cultural pueden promover y sostener un cambio social y ecol\u00f3gico radical. Dirige el Programa Participativo de Inquilinato para Travellers (TAU), del Ayuntamiento de Cork.    <\/p>\n","protected":false},"excerpt":{"rendered":"<p>En una \u00e9poca marcada por la crisis de la vivienda, los mercados extractivos de la tierra y la creciente desigualdad, las comunidades de todo el mundo est\u00e1n reclamando los bienes [&hellip;]<\/p>\n","protected":false},"author":2,"featured_media":9495,"comment_status":"closed","ping_status":"open","sticky":false,"template":"","format":"standard","meta":{"give_campaign_id":0,"_tec_requires_first_save":true,"_kad_blocks_custom_css":"","_kad_blocks_head_custom_js":"","_kad_blocks_body_custom_js":"","_kad_blocks_footer_custom_js":"","_EventAllDay":false,"_EventTimezone":"","_EventStartDate":"","_EventEndDate":"","_EventStartDateUTC":"","_EventEndDateUTC":"","_EventShowMap":false,"_EventShowMapLink":false,"_EventURL":"","_EventCost":"","_EventCostDescription":"","_EventCurrencySymbol":"","_EventCurrencyCode":"","_EventCurrencyPosition":"","_EventDateTimeSeparator":"","_EventTimeRangeSeparator":"","_EventOrganizerID":[],"_EventVenueID":[],"_OrganizerEmail":"","_OrganizerPhone":"","_OrganizerWebsite":"","_VenueAddress":"","_VenueCity":"","_VenueCountry":"","_VenueProvince":"","_VenueState":"","_VenueZip":"","_VenuePhone":"","_VenueURL":"","_VenueStateProvince":"","_VenueLat":"","_VenueLng":"","_VenueShowMap":false,"_VenueShowMapLink":false,"_tribe_blocks_recurrence_rules":"","_tribe_blocks_recurrence_description":"","_tribe_blocks_recurrence_exclusions":"","_jetpack_memberships_contains_paid_content":false,"footnotes":""},"categories":[290],"tags":[337,335,336],"class_list":["post-9524","post","type-post","status-publish","format-standard","has-post-thumbnail","hentry","category-blogs","tag-conferencia-es","tag-fideicomiso-de-la-tierra","tag-ishf-es"],"blocksy_meta":[],"yoast_head":"<!-- This site is optimized with the Yoast SEO Premium plugin v27.5 (Yoast SEO v27.5) - https:\/\/yoast.com\/product\/yoast-seo-premium-wordpress\/ -->\n<title>Bienes Comunes por la Justicia: CLTs Across Continents en el Festival Internacional de la Vivienda Social - International Center for Community Land Trusts<\/title>\n<meta name=\"description\" content=\"Explora el poder transformador de la vivienda y los fideicomisos de la tierra para la justicia social en el pr\u00f3ximo seminario de Dubl\u00edn.\" \/>\n<meta name=\"robots\" content=\"index, follow, max-snippet:-1, max-image-preview:large, max-video-preview:-1\" \/>\n<link rel=\"canonical\" href=\"https:\/\/www.cltweb.org\/es\/2025\/05\/21\/bienes-comunes-por-la-justicia-clts-across-continents-en-el-festival-internacional-de-la-vivienda-social\/\" \/>\n<meta property=\"og:locale\" content=\"es_ES\" \/>\n<meta property=\"og:type\" content=\"article\" \/>\n<meta property=\"og:title\" content=\"Bienes Comunes por la Justicia: CLTs Across Continents en el Festival Internacional de la Vivienda Social\" \/>\n<meta property=\"og:description\" content=\"Explora el poder transformador de la vivienda y los fideicomisos de la tierra para la justicia social en el pr\u00f3ximo seminario de Dubl\u00edn.\" \/>\n<meta property=\"og:url\" content=\"https:\/\/www.cltweb.org\/es\/2025\/05\/21\/bienes-comunes-por-la-justicia-clts-across-continents-en-el-festival-internacional-de-la-vivienda-social\/\" \/>\n<meta property=\"og:site_name\" content=\"International Center for Community Land Trusts\" \/>\n<meta property=\"article:publisher\" content=\"https:\/\/www.facebook.com\/cltcenter\" \/>\n<meta property=\"article:published_time\" content=\"2025-05-21T18:32:34+00:00\" \/>\n<meta property=\"article:modified_time\" content=\"2025-05-22T14:19:25+00:00\" \/>\n<meta property=\"og:image\" content=\"https:\/\/www.cltweb.org\/wp-content\/uploads\/2025\/05\/ISHF-2025-2.png\" \/>\n\t<meta property=\"og:image:width\" content=\"1\" \/>\n\t<meta property=\"og:image:height\" content=\"1\" \/>\n\t<meta property=\"og:image:type\" content=\"image\/png\" \/>\n<meta name=\"author\" content=\"Ben Harris\" \/>\n<meta name=\"twitter:card\" content=\"summary_large_image\" \/>\n<meta name=\"twitter:creator\" content=\"@Center4CLTs\" \/>\n<meta name=\"twitter:site\" content=\"@Center4CLTs\" \/>\n<meta name=\"twitter:label1\" content=\"Escrito por\" \/>\n\t<meta name=\"twitter:data1\" content=\"Ben Harris\" \/>\n\t<meta name=\"twitter:label2\" content=\"Tiempo de lectura\" \/>\n\t<meta name=\"twitter:data2\" content=\"6 minutos\" \/>\n<script type=\"application\/ld+json\" class=\"yoast-schema-graph\">{\"@context\":\"https:\\\/\\\/schema.org\",\"@graph\":[{\"@type\":\"Article\",\"@id\":\"https:\\\/\\\/www.cltweb.org\\\/es\\\/2025\\\/05\\\/21\\\/bienes-comunes-por-la-justicia-clts-across-continents-en-el-festival-internacional-de-la-vivienda-social\\\/#article\",\"isPartOf\":{\"@id\":\"https:\\\/\\\/www.cltweb.org\\\/es\\\/2025\\\/05\\\/21\\\/bienes-comunes-por-la-justicia-clts-across-continents-en-el-festival-internacional-de-la-vivienda-social\\\/\"},\"author\":{\"name\":\"Ben Harris\",\"@id\":\"https:\\\/\\\/www.cltweb.org\\\/es\\\/#\\\/schema\\\/person\\\/7c9fe56cc945e4b57585dbfe30f2ead4\"},\"headline\":\"Bienes Comunes por la Justicia: CLTs Across Continents en el Festival Internacional de la Vivienda Social\",\"datePublished\":\"2025-05-21T18:32:34+00:00\",\"dateModified\":\"2025-05-22T14:19:25+00:00\",\"mainEntityOfPage\":{\"@id\":\"https:\\\/\\\/www.cltweb.org\\\/es\\\/2025\\\/05\\\/21\\\/bienes-comunes-por-la-justicia-clts-across-continents-en-el-festival-internacional-de-la-vivienda-social\\\/\"},\"wordCount\":1200,\"publisher\":{\"@id\":\"https:\\\/\\\/www.cltweb.org\\\/es\\\/#organization\"},\"image\":{\"@id\":\"https:\\\/\\\/www.cltweb.org\\\/es\\\/2025\\\/05\\\/21\\\/bienes-comunes-por-la-justicia-clts-across-continents-en-el-festival-internacional-de-la-vivienda-social\\\/#primaryimage\"},\"thumbnailUrl\":\"https:\\\/\\\/www.cltweb.org\\\/wp-content\\\/uploads\\\/2025\\\/05\\\/ISHF-2025-2.png\",\"keywords\":[\"conferencia\",\"fideicomiso de la tierra\",\"ishf\"],\"articleSection\":[\"Blogs\"],\"inLanguage\":\"es\"},{\"@type\":\"WebPage\",\"@id\":\"https:\\\/\\\/www.cltweb.org\\\/es\\\/2025\\\/05\\\/21\\\/bienes-comunes-por-la-justicia-clts-across-continents-en-el-festival-internacional-de-la-vivienda-social\\\/\",\"url\":\"https:\\\/\\\/www.cltweb.org\\\/es\\\/2025\\\/05\\\/21\\\/bienes-comunes-por-la-justicia-clts-across-continents-en-el-festival-internacional-de-la-vivienda-social\\\/\",\"name\":\"Bienes Comunes por la Justicia: CLTs Across Continents en el Festival Internacional de la Vivienda Social - International Center for Community Land Trusts\",\"isPartOf\":{\"@id\":\"https:\\\/\\\/www.cltweb.org\\\/es\\\/#website\"},\"primaryImageOfPage\":{\"@id\":\"https:\\\/\\\/www.cltweb.org\\\/es\\\/2025\\\/05\\\/21\\\/bienes-comunes-por-la-justicia-clts-across-continents-en-el-festival-internacional-de-la-vivienda-social\\\/#primaryimage\"},\"image\":{\"@id\":\"https:\\\/\\\/www.cltweb.org\\\/es\\\/2025\\\/05\\\/21\\\/bienes-comunes-por-la-justicia-clts-across-continents-en-el-festival-internacional-de-la-vivienda-social\\\/#primaryimage\"},\"thumbnailUrl\":\"https:\\\/\\\/www.cltweb.org\\\/wp-content\\\/uploads\\\/2025\\\/05\\\/ISHF-2025-2.png\",\"datePublished\":\"2025-05-21T18:32:34+00:00\",\"dateModified\":\"2025-05-22T14:19:25+00:00\",\"description\":\"Explora el poder transformador de la vivienda y los fideicomisos de la tierra para la justicia social en el pr\u00f3ximo seminario de Dubl\u00edn.\",\"breadcrumb\":{\"@id\":\"https:\\\/\\\/www.cltweb.org\\\/es\\\/2025\\\/05\\\/21\\\/bienes-comunes-por-la-justicia-clts-across-continents-en-el-festival-internacional-de-la-vivienda-social\\\/#breadcrumb\"},\"inLanguage\":\"es\",\"potentialAction\":[{\"@type\":\"ReadAction\",\"target\":[\"https:\\\/\\\/www.cltweb.org\\\/es\\\/2025\\\/05\\\/21\\\/bienes-comunes-por-la-justicia-clts-across-continents-en-el-festival-internacional-de-la-vivienda-social\\\/\"]}]},{\"@type\":\"ImageObject\",\"inLanguage\":\"es\",\"@id\":\"https:\\\/\\\/www.cltweb.org\\\/es\\\/2025\\\/05\\\/21\\\/bienes-comunes-por-la-justicia-clts-across-continents-en-el-festival-internacional-de-la-vivienda-social\\\/#primaryimage\",\"url\":\"https:\\\/\\\/www.cltweb.org\\\/wp-content\\\/uploads\\\/2025\\\/05\\\/ISHF-2025-2.png\",\"contentUrl\":\"https:\\\/\\\/www.cltweb.org\\\/wp-content\\\/uploads\\\/2025\\\/05\\\/ISHF-2025-2.png\"},{\"@type\":\"BreadcrumbList\",\"@id\":\"https:\\\/\\\/www.cltweb.org\\\/es\\\/2025\\\/05\\\/21\\\/bienes-comunes-por-la-justicia-clts-across-continents-en-el-festival-internacional-de-la-vivienda-social\\\/#breadcrumb\",\"itemListElement\":[{\"@type\":\"ListItem\",\"position\":1,\"name\":\"Home\",\"item\":\"https:\\\/\\\/www.cltweb.org\\\/es\\\/\"},{\"@type\":\"ListItem\",\"position\":2,\"name\":\"Bienes Comunes por la Justicia: CLTs Across Continents en el Festival Internacional de la Vivienda Social\"}]},{\"@type\":\"WebSite\",\"@id\":\"https:\\\/\\\/www.cltweb.org\\\/es\\\/#website\",\"url\":\"https:\\\/\\\/www.cltweb.org\\\/es\\\/\",\"name\":\"International Center for Community Land Trusts\",\"description\":\"\",\"publisher\":{\"@id\":\"https:\\\/\\\/www.cltweb.org\\\/es\\\/#organization\"},\"potentialAction\":[{\"@type\":\"SearchAction\",\"target\":{\"@type\":\"EntryPoint\",\"urlTemplate\":\"https:\\\/\\\/www.cltweb.org\\\/es\\\/?s={search_term_string}\"},\"query-input\":{\"@type\":\"PropertyValueSpecification\",\"valueRequired\":true,\"valueName\":\"search_term_string\"}}],\"inLanguage\":\"es\"},{\"@type\":\"Organization\",\"@id\":\"https:\\\/\\\/www.cltweb.org\\\/es\\\/#organization\",\"name\":\"International Center for Community Land Trusts\",\"url\":\"https:\\\/\\\/www.cltweb.org\\\/es\\\/\",\"logo\":{\"@type\":\"ImageObject\",\"inLanguage\":\"es\",\"@id\":\"https:\\\/\\\/www.cltweb.org\\\/es\\\/#\\\/schema\\\/logo\\\/image\\\/\",\"url\":\"https:\\\/\\\/www.cltweb.org\\\/wp-content\\\/uploads\\\/2024\\\/11\\\/New-CLT-Center-Text-logo.png\",\"contentUrl\":\"https:\\\/\\\/www.cltweb.org\\\/wp-content\\\/uploads\\\/2024\\\/11\\\/New-CLT-Center-Text-logo.png\",\"width\":227,\"height\":80,\"caption\":\"International Center for Community Land Trusts\"},\"image\":{\"@id\":\"https:\\\/\\\/www.cltweb.org\\\/es\\\/#\\\/schema\\\/logo\\\/image\\\/\"},\"sameAs\":[\"https:\\\/\\\/www.facebook.com\\\/cltcenter\",\"https:\\\/\\\/x.com\\\/Center4CLTs\",\"https:\\\/\\\/www.instagram.com\\\/cltcenter\\\/\",\"https:\\\/\\\/www.linkedin.com\\\/company\\\/cltcenter\",\"https:\\\/\\\/www.youtube.com\\\/@centerforcltinnovation5313\"],\"description\":\"The International Center for Community Land Trusts is a not-for-profit nongovernmental organization established in 2018 to promote and to support community land trusts and similar strategies of community-led development on community-owned land in countries throughout the world.\",\"email\":\"info@communitylandtrust.net\",\"legalName\":\"International Center for Community Land Trusts\",\"foundingDate\":\"2018-12-01\",\"taxID\":\"84-3858933\",\"numberOfEmployees\":{\"@type\":\"QuantitativeValue\",\"minValue\":\"1\",\"maxValue\":\"10\"}},{\"@type\":\"Person\",\"@id\":\"https:\\\/\\\/www.cltweb.org\\\/es\\\/#\\\/schema\\\/person\\\/7c9fe56cc945e4b57585dbfe30f2ead4\",\"name\":\"Ben Harris\",\"image\":{\"@type\":\"ImageObject\",\"inLanguage\":\"es\",\"@id\":\"https:\\\/\\\/secure.gravatar.com\\\/avatar\\\/12a44d8988553548c22c57da673ee8ffb7e0b87b0197beec533bae3061a92cc5?s=96&d=mm&r=g\",\"url\":\"https:\\\/\\\/secure.gravatar.com\\\/avatar\\\/12a44d8988553548c22c57da673ee8ffb7e0b87b0197beec533bae3061a92cc5?s=96&d=mm&r=g\",\"contentUrl\":\"https:\\\/\\\/secure.gravatar.com\\\/avatar\\\/12a44d8988553548c22c57da673ee8ffb7e0b87b0197beec533bae3061a92cc5?s=96&d=mm&r=g\",\"caption\":\"Ben Harris\"},\"url\":\"https:\\\/\\\/www.cltweb.org\\\/es\\\/author\\\/ben\\\/\"}]}<\/script>\n<!-- \/ Yoast SEO Premium plugin. -->","yoast_head_json":{"title":"Bienes Comunes por la Justicia: CLTs Across Continents en el Festival Internacional de la Vivienda Social - International Center for Community Land Trusts","description":"Explora el poder transformador de la vivienda y los fideicomisos de la tierra para la justicia social en el pr\u00f3ximo seminario de Dubl\u00edn.","robots":{"index":"index","follow":"follow","max-snippet":"max-snippet:-1","max-image-preview":"max-image-preview:large","max-video-preview":"max-video-preview:-1"},"canonical":"https:\/\/www.cltweb.org\/es\/2025\/05\/21\/bienes-comunes-por-la-justicia-clts-across-continents-en-el-festival-internacional-de-la-vivienda-social\/","og_locale":"es_ES","og_type":"article","og_title":"Bienes Comunes por la Justicia: CLTs Across Continents en el Festival Internacional de la Vivienda Social","og_description":"Explora el poder transformador de la vivienda y los fideicomisos de la tierra para la justicia social en el pr\u00f3ximo seminario de Dubl\u00edn.","og_url":"https:\/\/www.cltweb.org\/es\/2025\/05\/21\/bienes-comunes-por-la-justicia-clts-across-continents-en-el-festival-internacional-de-la-vivienda-social\/","og_site_name":"International Center for Community Land Trusts","article_publisher":"https:\/\/www.facebook.com\/cltcenter","article_published_time":"2025-05-21T18:32:34+00:00","article_modified_time":"2025-05-22T14:19:25+00:00","og_image":[{"url":"https:\/\/www.cltweb.org\/wp-content\/uploads\/2025\/05\/ISHF-2025-2.png","width":1,"height":1,"type":"image\/png"}],"author":"Ben Harris","twitter_card":"summary_large_image","twitter_creator":"@Center4CLTs","twitter_site":"@Center4CLTs","twitter_misc":{"Escrito por":"Ben Harris","Tiempo de lectura":"6 minutos"},"schema":{"@context":"https:\/\/schema.org","@graph":[{"@type":"Article","@id":"https:\/\/www.cltweb.org\/es\/2025\/05\/21\/bienes-comunes-por-la-justicia-clts-across-continents-en-el-festival-internacional-de-la-vivienda-social\/#article","isPartOf":{"@id":"https:\/\/www.cltweb.org\/es\/2025\/05\/21\/bienes-comunes-por-la-justicia-clts-across-continents-en-el-festival-internacional-de-la-vivienda-social\/"},"author":{"name":"Ben Harris","@id":"https:\/\/www.cltweb.org\/es\/#\/schema\/person\/7c9fe56cc945e4b57585dbfe30f2ead4"},"headline":"Bienes Comunes por la Justicia: CLTs Across Continents en el Festival Internacional de la Vivienda Social","datePublished":"2025-05-21T18:32:34+00:00","dateModified":"2025-05-22T14:19:25+00:00","mainEntityOfPage":{"@id":"https:\/\/www.cltweb.org\/es\/2025\/05\/21\/bienes-comunes-por-la-justicia-clts-across-continents-en-el-festival-internacional-de-la-vivienda-social\/"},"wordCount":1200,"publisher":{"@id":"https:\/\/www.cltweb.org\/es\/#organization"},"image":{"@id":"https:\/\/www.cltweb.org\/es\/2025\/05\/21\/bienes-comunes-por-la-justicia-clts-across-continents-en-el-festival-internacional-de-la-vivienda-social\/#primaryimage"},"thumbnailUrl":"https:\/\/www.cltweb.org\/wp-content\/uploads\/2025\/05\/ISHF-2025-2.png","keywords":["conferencia","fideicomiso de la tierra","ishf"],"articleSection":["Blogs"],"inLanguage":"es"},{"@type":"WebPage","@id":"https:\/\/www.cltweb.org\/es\/2025\/05\/21\/bienes-comunes-por-la-justicia-clts-across-continents-en-el-festival-internacional-de-la-vivienda-social\/","url":"https:\/\/www.cltweb.org\/es\/2025\/05\/21\/bienes-comunes-por-la-justicia-clts-across-continents-en-el-festival-internacional-de-la-vivienda-social\/","name":"Bienes Comunes por la Justicia: CLTs Across Continents en el Festival Internacional de la Vivienda Social - International Center for Community Land Trusts","isPartOf":{"@id":"https:\/\/www.cltweb.org\/es\/#website"},"primaryImageOfPage":{"@id":"https:\/\/www.cltweb.org\/es\/2025\/05\/21\/bienes-comunes-por-la-justicia-clts-across-continents-en-el-festival-internacional-de-la-vivienda-social\/#primaryimage"},"image":{"@id":"https:\/\/www.cltweb.org\/es\/2025\/05\/21\/bienes-comunes-por-la-justicia-clts-across-continents-en-el-festival-internacional-de-la-vivienda-social\/#primaryimage"},"thumbnailUrl":"https:\/\/www.cltweb.org\/wp-content\/uploads\/2025\/05\/ISHF-2025-2.png","datePublished":"2025-05-21T18:32:34+00:00","dateModified":"2025-05-22T14:19:25+00:00","description":"Explora el poder transformador de la vivienda y los fideicomisos de la tierra para la justicia social en el pr\u00f3ximo seminario de Dubl\u00edn.","breadcrumb":{"@id":"https:\/\/www.cltweb.org\/es\/2025\/05\/21\/bienes-comunes-por-la-justicia-clts-across-continents-en-el-festival-internacional-de-la-vivienda-social\/#breadcrumb"},"inLanguage":"es","potentialAction":[{"@type":"ReadAction","target":["https:\/\/www.cltweb.org\/es\/2025\/05\/21\/bienes-comunes-por-la-justicia-clts-across-continents-en-el-festival-internacional-de-la-vivienda-social\/"]}]},{"@type":"ImageObject","inLanguage":"es","@id":"https:\/\/www.cltweb.org\/es\/2025\/05\/21\/bienes-comunes-por-la-justicia-clts-across-continents-en-el-festival-internacional-de-la-vivienda-social\/#primaryimage","url":"https:\/\/www.cltweb.org\/wp-content\/uploads\/2025\/05\/ISHF-2025-2.png","contentUrl":"https:\/\/www.cltweb.org\/wp-content\/uploads\/2025\/05\/ISHF-2025-2.png"},{"@type":"BreadcrumbList","@id":"https:\/\/www.cltweb.org\/es\/2025\/05\/21\/bienes-comunes-por-la-justicia-clts-across-continents-en-el-festival-internacional-de-la-vivienda-social\/#breadcrumb","itemListElement":[{"@type":"ListItem","position":1,"name":"Home","item":"https:\/\/www.cltweb.org\/es\/"},{"@type":"ListItem","position":2,"name":"Bienes Comunes por la Justicia: CLTs Across Continents en el Festival Internacional de la Vivienda Social"}]},{"@type":"WebSite","@id":"https:\/\/www.cltweb.org\/es\/#website","url":"https:\/\/www.cltweb.org\/es\/","name":"International Center for Community Land Trusts","description":"","publisher":{"@id":"https:\/\/www.cltweb.org\/es\/#organization"},"potentialAction":[{"@type":"SearchAction","target":{"@type":"EntryPoint","urlTemplate":"https:\/\/www.cltweb.org\/es\/?s={search_term_string}"},"query-input":{"@type":"PropertyValueSpecification","valueRequired":true,"valueName":"search_term_string"}}],"inLanguage":"es"},{"@type":"Organization","@id":"https:\/\/www.cltweb.org\/es\/#organization","name":"International Center for Community Land Trusts","url":"https:\/\/www.cltweb.org\/es\/","logo":{"@type":"ImageObject","inLanguage":"es","@id":"https:\/\/www.cltweb.org\/es\/#\/schema\/logo\/image\/","url":"https:\/\/www.cltweb.org\/wp-content\/uploads\/2024\/11\/New-CLT-Center-Text-logo.png","contentUrl":"https:\/\/www.cltweb.org\/wp-content\/uploads\/2024\/11\/New-CLT-Center-Text-logo.png","width":227,"height":80,"caption":"International Center for Community Land Trusts"},"image":{"@id":"https:\/\/www.cltweb.org\/es\/#\/schema\/logo\/image\/"},"sameAs":["https:\/\/www.facebook.com\/cltcenter","https:\/\/x.com\/Center4CLTs","https:\/\/www.instagram.com\/cltcenter\/","https:\/\/www.linkedin.com\/company\/cltcenter","https:\/\/www.youtube.com\/@centerforcltinnovation5313"],"description":"The International Center for Community Land Trusts is a not-for-profit nongovernmental organization established in 2018 to promote and to support community land trusts and similar strategies of community-led development on community-owned land in countries throughout the world.","email":"info@communitylandtrust.net","legalName":"International Center for Community Land Trusts","foundingDate":"2018-12-01","taxID":"84-3858933","numberOfEmployees":{"@type":"QuantitativeValue","minValue":"1","maxValue":"10"}},{"@type":"Person","@id":"https:\/\/www.cltweb.org\/es\/#\/schema\/person\/7c9fe56cc945e4b57585dbfe30f2ead4","name":"Ben Harris","image":{"@type":"ImageObject","inLanguage":"es","@id":"https:\/\/secure.gravatar.com\/avatar\/12a44d8988553548c22c57da673ee8ffb7e0b87b0197beec533bae3061a92cc5?s=96&d=mm&r=g","url":"https:\/\/secure.gravatar.com\/avatar\/12a44d8988553548c22c57da673ee8ffb7e0b87b0197beec533bae3061a92cc5?s=96&d=mm&r=g","contentUrl":"https:\/\/secure.gravatar.com\/avatar\/12a44d8988553548c22c57da673ee8ffb7e0b87b0197beec533bae3061a92cc5?s=96&d=mm&r=g","caption":"Ben Harris"},"url":"https:\/\/www.cltweb.org\/es\/author\/ben\/"}]}},"taxonomy_info":{"category":[{"value":290,"label":"Blogs"}],"post_tag":[{"value":337,"label":"conferencia"},{"value":335,"label":"fideicomiso de la tierra"},{"value":336,"label":"ishf"}]},"featured_image_src_large":["https:\/\/www.cltweb.org\/wp-content\/uploads\/2025\/05\/ISHF-2025-2.png",1,1,false],"author_info":{"display_name":"Ben Harris","author_link":"https:\/\/www.cltweb.org\/es\/author\/ben\/"},"comment_info":0,"category_info":[{"term_id":290,"name":"Blogs","slug":"blogs","term_group":0,"term_taxonomy_id":290,"taxonomy":"category","description":"","parent":0,"count":12,"filter":"raw","cat_ID":290,"category_count":12,"category_description":"","cat_name":"Blogs","category_nicename":"blogs","category_parent":0}],"tag_info":[{"term_id":337,"name":"conferencia","slug":"conferencia-es","term_group":0,"term_taxonomy_id":337,"taxonomy":"post_tag","description":"","parent":0,"count":1,"filter":"raw"},{"term_id":335,"name":"fideicomiso de la tierra","slug":"fideicomiso-de-la-tierra","term_group":0,"term_taxonomy_id":335,"taxonomy":"post_tag","description":"","parent":0,"count":17,"filter":"raw"},{"term_id":336,"name":"ishf","slug":"ishf-es","term_group":0,"term_taxonomy_id":336,"taxonomy":"post_tag","description":"","parent":0,"count":1,"filter":"raw"}],"jetpack_featured_media_url":"https:\/\/www.cltweb.org\/wp-content\/uploads\/2025\/05\/ISHF-2025-2.png","jetpack_sharing_enabled":true,"jetpack-related-posts":[{"id":6567,"url":"https:\/\/www.cltweb.org\/es\/2023\/02\/20\/los-fideicomisos-de-tierras-y-la-agricultura-comunitaria\/","url_meta":{"origin":9524,"position":0},"title":"Los fideicomisos de tierras y la agricultura comunitaria","author":"cltredesign_0jp0l4","date":"20 de febrero de 2023","format":false,"excerpt":"Acomp\u00e1\u00f1anos el martes 14 de marzo en un seminario web sobre agricultura comunitaria. Escuchar\u00e1s a destacados profesionales de los fideicomisos de tierras que dirigen programas agr\u00edcolas innovadores -- con un debate posterior. El acto es gratuito y todos son bienvenidos.","rel":"","context":"En \u00abSin categorizar\u00bb","block_context":{"text":"Sin categorizar","link":"https:\/\/www.cltweb.org\/es\/category\/sin-categorizar\/"},"img":{"alt_text":"Logotipo del Centro CLT","src":"https:\/\/i0.wp.com\/www.cltweb.org\/wp-content\/uploads\/2022\/06\/Prop-logo_Center-for-CLT-innovation_black-400x150-1-300x113.png?resize=350%2C200&ssl=1","width":350,"height":200},"classes":[]},{"id":7244,"url":"https:\/\/www.cltweb.org\/es\/2024\/09\/03\/introduccion-al-uso-de-las-clt-para-la-renovacion-energetica-y-la-asequibilidad-permanente-de-las-viviendas-existentes\/","url_meta":{"origin":9524,"position":1},"title":"Introducci\u00f3n al uso de las CLT para la renovaci\u00f3n energ\u00e9tica y la asequibilidad permanente de las viviendas existentes","author":"cltredesign_0jp0l4","date":"3 de septiembre de 2024","format":false,"excerpt":"La siguiente contribuci\u00f3n fue escrita por Richard Kruger Delgado, Director de Educaci\u00f3n y Divulgaci\u00f3n del Centro Internacional de Fideicomisos Comunitarios de la Tierra, para presentar el pr\u00f3ximo seminario web del 25 de septiembre. Estamos en el negocio de \"no dejar a nadie atr\u00e1s\". - John Davis, Centro Internacional de Fideicomisos\u2026","rel":"","context":"En \u00abBlogs\u00bb","block_context":{"text":"Blogs","link":"https:\/\/www.cltweb.org\/es\/category\/blogs\/"},"img":{"alt_text":"","src":"","width":0,"height":0},"classes":[]},{"id":7685,"url":"https:\/\/www.cltweb.org\/es\/2024\/11\/11\/introduccion-al-poder-y-el-liderazgo-de-los-jovenes-en-la-practica-de-los-fideicomisos-de-la-tierra-comunitarios\/","url_meta":{"origin":9524,"position":2},"title":"Introducci\u00f3n al poder y el liderazgo de los j\u00f3venes en la pr\u00e1ctica de los fideicomisos de la tierra comunitarios","author":"Ben Harris","date":"11 de noviembre de 2024","format":false,"excerpt":"Por Richard Kruger Delgado La siguiente contribuci\u00f3n ha sido escrita por Richard Kruger Delgado, Responsable de Educaci\u00f3n y Divulgaci\u00f3n del Centro Internacional de Fideicomisos Comunitarios de la Tierra, como contribuci\u00f3n al pr\u00f3ximo seminario web sobre \"Gestionar el futuro: Poder y liderazgo de los j\u00f3venes en la pr\u00e1ctica de los fideicomisos\u2026","rel":"","context":"En \u00abBlogs\u00bb","block_context":{"text":"Blogs","link":"https:\/\/www.cltweb.org\/es\/category\/blogs\/"},"img":{"alt_text":"","src":"https:\/\/i0.wp.com\/www.cltweb.org\/wp-content\/uploads\/2024\/11\/Screenshot-2024-11-11-at-5.46.26%E2%80%AFPM.png?resize=350%2C200&ssl=1","width":350,"height":200,"srcset":"https:\/\/i0.wp.com\/www.cltweb.org\/wp-content\/uploads\/2024\/11\/Screenshot-2024-11-11-at-5.46.26%E2%80%AFPM.png?resize=350%2C200&ssl=1 1x, https:\/\/i0.wp.com\/www.cltweb.org\/wp-content\/uploads\/2024\/11\/Screenshot-2024-11-11-at-5.46.26%E2%80%AFPM.png?resize=525%2C300&ssl=1 1.5x, https:\/\/i0.wp.com\/www.cltweb.org\/wp-content\/uploads\/2024\/11\/Screenshot-2024-11-11-at-5.46.26%E2%80%AFPM.png?resize=700%2C400&ssl=1 2x"},"classes":[]},{"id":6589,"url":"https:\/\/www.cltweb.org\/es\/2022\/10\/11\/vias-para-el-control-comunitario-y-de-los-inquilinos-estrategias-de-financiacion-para-los-fideicomisos-de-la-tierra-comunitarios\/","url_meta":{"origin":9524,"position":3},"title":"V\u00edas para el Control Comunitario y de los Inquilinos: Estrategias de financiaci\u00f3n para los fideicomisos de la tierra comunitarios","author":"cltredesign_0jp0l4","date":"11 de octubre de 2022","format":false,"excerpt":"\u00danete al Instituto LISC para el Poder Comunitario, a LISC Bay Area, al Fideicomiso Comunitario de la Tierra de Oakland y al Fideicomiso Comunitario de la Tierra de San Francisco en una conversaci\u00f3n sobre c\u00f3mo construir poder y asegurar recursos para ampliar el control de la vivienda por parte de\u2026","rel":"","context":"En \u00abSin categorizar\u00bb","block_context":{"text":"Sin categorizar","link":"https:\/\/www.cltweb.org\/es\/category\/sin-categorizar\/"},"img":{"alt_text":"Logotipo de LISC","src":"https:\/\/i0.wp.com\/www.cltweb.org\/wp-content\/uploads\/2022\/10\/logo-e1665785584656.png?resize=350%2C200&ssl=1","width":350,"height":200},"classes":[]},{"id":7711,"url":"https:\/\/www.cltweb.org\/es\/2024\/11\/18\/el-instituto-lincoln-de-politica-del-suelo-publica-un-informe-sobre-la-conservacion-de-la-propiedad-de-viviendas-asequibles-mediante-fideicomisos-de-la-tierra-comunitarios\/","url_meta":{"origin":9524,"position":4},"title":"El Instituto Lincoln de Pol\u00edtica del Suelo publica un informe sobre la conservaci\u00f3n de la propiedad de viviendas asequibles mediante fideicomisos de la tierra comunitarios","author":"Ben Harris","date":"18 de noviembre de 2024","format":false,"excerpt":"El Informe de Enfoque Pol\u00edtico ofrece una visi\u00f3n de c\u00f3mo los gobiernos municipales apoyan la formaci\u00f3n, expansi\u00f3n y funcionamiento de los CLTs CAMBRIDGE, MA-ElInstituto Lincoln de Pol\u00edtica Territorial ha publicado un nuevo Informe de Enfoque Pol\u00edtico, Preserving Affordable Homeownership: Asociaciones municipales con fideicomisos de la tierra comunitariospor John Emmeus Davis\u2026","rel":"","context":"En \u00abComunicado de prensa\u00bb","block_context":{"text":"Comunicado de prensa","link":"https:\/\/www.cltweb.org\/es\/category\/comunicado-de-prensa\/"},"img":{"alt_text":"","src":"","width":0,"height":0},"classes":[]},{"id":6571,"url":"https:\/\/www.cltweb.org\/es\/2024\/08\/22\/utilizacion-de-las-clt-para-la-renovacion-energetica-y-la-asequibilidad-permanente-de-las-viviendas-existentes\/","url_meta":{"origin":9524,"position":5},"title":"Utilizaci\u00f3n de las CLT para la renovaci\u00f3n energ\u00e9tica y la asequibilidad permanente de las viviendas existentes","author":"Ben Harris","date":"22 de agosto de 2024","format":false,"excerpt":"Acomp\u00e1\u00f1anos el 25 de septiembre de 2024 en un seminario web sobre c\u00f3mo pueden utilizarse las CLT para renovar energ\u00e9ticamente las viviendas existentes y hacerlas asequibles de forma permanente. Escuchar\u00e1s a destacados profesionales de las CLT que lideran enfoques innovadores para la renovaci\u00f3n energ\u00e9tica de viviendas existentes, con un debate\u2026","rel":"","context":"En \u00abSin categorizar\u00bb","block_context":{"text":"Sin categorizar","link":"https:\/\/www.cltweb.org\/es\/category\/sin-categorizar\/"},"img":{"alt_text":"Jeanne Mosseray","src":"https:\/\/i0.wp.com\/www.cltweb.org\/wp-content\/uploads\/2024\/08\/jeanne_mosseray-254x300.jpg?resize=350%2C200&ssl=1","width":350,"height":200},"classes":[]}],"_links":{"self":[{"href":"https:\/\/www.cltweb.org\/es\/wp-json\/wp\/v2\/posts\/9524","targetHints":{"allow":["GET"]}}],"collection":[{"href":"https:\/\/www.cltweb.org\/es\/wp-json\/wp\/v2\/posts"}],"about":[{"href":"https:\/\/www.cltweb.org\/es\/wp-json\/wp\/v2\/types\/post"}],"author":[{"embeddable":true,"href":"https:\/\/www.cltweb.org\/es\/wp-json\/wp\/v2\/users\/2"}],"replies":[{"embeddable":true,"href":"https:\/\/www.cltweb.org\/es\/wp-json\/wp\/v2\/comments?post=9524"}],"version-history":[{"count":2,"href":"https:\/\/www.cltweb.org\/es\/wp-json\/wp\/v2\/posts\/9524\/revisions"}],"predecessor-version":[{"id":9539,"href":"https:\/\/www.cltweb.org\/es\/wp-json\/wp\/v2\/posts\/9524\/revisions\/9539"}],"wp:featuredmedia":[{"embeddable":true,"href":"https:\/\/www.cltweb.org\/es\/wp-json\/wp\/v2\/media\/9495"}],"wp:attachment":[{"href":"https:\/\/www.cltweb.org\/es\/wp-json\/wp\/v2\/media?parent=9524"}],"wp:term":[{"taxonomy":"category","embeddable":true,"href":"https:\/\/www.cltweb.org\/es\/wp-json\/wp\/v2\/categories?post=9524"},{"taxonomy":"post_tag","embeddable":true,"href":"https:\/\/www.cltweb.org\/es\/wp-json\/wp\/v2\/tags?post=9524"}],"curies":[{"name":"wp","href":"https:\/\/api.w.org\/{rel}","templated":true}]}}