{"id":9997,"date":"2025-10-20T21:44:04","date_gmt":"2025-10-20T21:44:04","guid":{"rendered":"https:\/\/www.cltweb.org\/2025\/10\/20\/una-mirada-al-pasado-y-al-futuro-del-movimiento-estadounidense-de-clt\/"},"modified":"2025-10-20T21:59:06","modified_gmt":"2025-10-20T21:59:06","slug":"una-mirada-al-pasado-y-al-futuro-del-movimiento-estadounidense-de-clt","status":"publish","type":"post","link":"https:\/\/www.cltweb.org\/es\/2025\/10\/20\/una-mirada-al-pasado-y-al-futuro-del-movimiento-estadounidense-de-clt\/","title":{"rendered":"Una mirada al pasado y al futuro del movimiento estadounidense de CLT"},"content":{"rendered":"\n<p><strong>Discurso de John Emmeus Davis, pronunciado en la Conferencia CLT del Medio Oeste en Madison, Wisconsin, el 8 de octubre de 2025.<\/strong><\/p>\n\n<p><strong>Introducci\u00f3n de Greg Rosenberg: <\/strong>Olivia Williams, directora ejecutiva del CLT del \u00e1rea de Madison y organizadora de la Conferencia del CLT del Medio Oeste de este a\u00f1o, pidi\u00f3 a John que pronunciara un discurso en el almuerzo del primer d\u00eda de la conferencia sobre d\u00f3nde ha estado el movimiento del CLT y hacia d\u00f3nde cree John que podr\u00eda dirigirse. John pronunci\u00f3 su discurso sin notas, y lo que sigue es una transcripci\u00f3n de sus observaciones. <\/p>\n\n<hr class=\"wp-block-separator has-alpha-channel-opacity\"\/>\n\n<p>Greg Rosenberg y yo estuvimos hablando esta ma\u00f1ana. (Me alojo en su casa. Me acoge amablemente). Me dijo: &#8220;\u00bfQu\u00e9 vas a decir hoy en el almuerzo?&#8221;. Le contest\u00e9: &#8220;Bueno, Olivia me ha pedido que analice la trayectoria del movimiento CLT en Estados Unidos. Por cierto, \u00a1s\u00f3lo tengo doce minutos para cubrir 50 a\u00f1os de historia!&#8221;.     <\/p>\n\n<p>Tuve que admitir ante Greg que me intimidaba m\u00e1s de la cuenta la idea de hablaros hoy, porque soy mejor profesor que predicador. No tengo mucha experiencia ni me siento c\u00f3modo dando discursos inspiradores a un p\u00fablico como vosotros. Sobre todo en una \u00e9poca en la que el gobierno federal se hunde en el caos, la crueldad y la corrupci\u00f3n, es realmente dif\u00edcil pensar en dar <strong><em>cualquier<\/em><\/strong> tipo de discurso inspirador.  <\/p>\n\n<p>Sin embargo, dir\u00eda que lo que me mantiene <strong><em>m\u00ed<\/em><\/strong> es el trabajo que <strong><em>vosotros<\/em><\/strong> haces y piensas hacer. Me inspiras. Sin embargo, que yo hable del movimiento que est\u00e1is construyendo me parece un poco como alguien que va a una tienda de segunda mano y compra medallas militares que no se ha ganado. Que yo hable de <strong><em>tu<\/em><\/strong> CLT se siente un poco como un valor robado.     <\/p>\n\n<p>No obstante, voy a hacerlo lo mejor que pueda, a pesar de que alg\u00fan nefasto individuo parece haber robado el teleprompter. Tendr\u00e9 que divagar un poco.   <\/p>\n\n<p>Tengo tres observaciones generales que hacer sobre la trayectoria de los fideicomisos de la tierra en Estados Unidos. Primero, <g id=\"gid_0\">la historia importa<\/g>. Segunda, <g id=\"gid_1\">el crecimiento se produce<\/g> incluso en los suelos m\u00e1s pedregosos. Y <strong>la perseverancia triunfa<\/strong> incluso en los tiempos m\u00e1s oscuros.     <\/p>\n\n<p>Olivia aludi\u00f3 a mi antiguo inter\u00e9s por documentar las ra\u00edces del CLT. Greg tambi\u00e9n lo mencion\u00f3. Perm\u00edtanme preguntarles, \u00bfcu\u00e1ntos de ustedes asistieron ayer a la sesi\u00f3n sobre la historia del CLT? \u00bfY cu\u00e1ntos de vosotros hab\u00e9is visto el documental <em>El Arte de la Justicia<\/em>?     <\/p>\n\n<p>\u00a1Guau! Me complace ver tantas manos. Hoy no viajar\u00e9 tan lejos en el pasado, pero os insto a que os aferr\u00e9is a esas historias porque la historia s\u00ed importa. Tenemos que reconocer y recordar a los h\u00e9roes que sembraron el movimiento del que formamos parte.   <\/p>\n\n<p>Tengo una cita favorita de Howard Zinn, el autor de <em>A People&#8217;s History of the United States<\/em>:  <\/p>\n\n<p>&#8220;La historia es importante. Si no conoces la historia, es como si hubieras nacido ayer. Y si naciste ayer, cualquiera que est\u00e9 en una posici\u00f3n de poder puede decirte <em>cualquier cosa<\/em>&#8220;.  <\/p>\n\n<p>La actual administraci\u00f3n de Washington DC sabe sin duda que la historia importa. Por eso est\u00e1n atacando museos, archivos y bibliotecas. Por eso van a los parques nacionales y retiran las placas que se dignan mencionar a los esclavizados o las tierras robadas o las contribuciones de otros inmigrantes que no sean esa &#8220;buena gente&#8221; del norte de Europa e Inglaterra.    <\/p>\n\n<p>Los que trabajamos con CLT no podemos dejar que la gente en el poder revise nuestra historia o cuente nuestra historia. Tenemos que contarla nosotros mismos. Tenemos que preservarla nosotros mismos. Porque nuestra historia compartida es una de las cosas que va a ayudarnos a superar los dif\u00edciles d\u00edas que nos esperan.     <\/p>\n\n<p>El CLT no es un modelo que haya descendido de lo alto. Surgi\u00f3 desde abajo. Surgi\u00f3 de las luchas y aspiraciones de los l\u00edderes afroamericanos de los derechos civiles en el suroeste de Georgia. Fue perfeccionado durante las dos d\u00e9cadas siguientes por una variopinta colecci\u00f3n de organizadores comunitarios, activistas ciudadanos, trabajadores cat\u00f3licos y responsables de viviendas sin \u00e1nimo de lucro como muchos de vosotros.     <\/p>\n\n<p>Debemos recordar lo que hicieron e inspirarnos en sus historias de resistencia y esperanza. Nosotros <strong><em>necesitamos<\/em><\/strong> estas historias, necesitamos <strong><em>necesitamos<\/em><\/strong> estos h\u00e9roes porque el trabajo que hacemos es realmente duro, y probablemente lo ser\u00e1 a\u00fan m\u00e1s en los pr\u00f3ximos a\u00f1os. Mirar al pasado puede ayudarnos a seguir adelante y a mantenernos anclados en los valores que nos llevaron a este modelo de tenencia en primer lugar.  <\/p>\n\n<p>Mi propia historia, mi propia inmersi\u00f3n en el movimiento CLT comenz\u00f3 en 1980, cuando me reun\u00ed con una docena de personas en el s\u00f3tano de una iglesia de Boston. Nos reunimos para hablar de escribir un segundo libro sobre los fideicomisos de la tierra. El primero se hab\u00eda publicado en 1972. El autor principal era Bob Swann. Aquel libro hab\u00eda establecido el marco conceptual de un &#8220;nuevo modelo de tenencia de la tierra para Am\u00e9rica&#8221;. Pero era m\u00e1s te\u00f3rico que pr\u00e1ctico. As\u00ed que nos reunimos en Boston para debatir la redacci\u00f3n de una gu\u00eda pr\u00e1ctica sobre la creaci\u00f3n y gesti\u00f3n de un fideicomiso de la tierra.        <\/p>\n\n<p>Pens\u00e1bamos examinar casos ejemplares y extraer lecciones pr\u00e1cticas de los CLT sobre el terreno. Hab\u00eda un<strong><em>peque\u00f1o <\/em><\/strong>problema. No pudimos encontrar muchos sobre los que escribir. Hab\u00eda Nuevas Comunidades en el suroeste de Georgia, pero s\u00f3lo un pu\u00f1ado de otros CLT. Todas estaban en zonas rurales, salvo una CLT urbana, la Community Land Cooperative de Cincinnati. Y toda su cartera consist\u00eda en una <strong><em>\u00fanica<\/em><\/strong>vivienda ocupada por el propietario.       <\/p>\n\n<p>En cierto sentido, nos encontramos escribiendo sobre un tigre de papel. Habl\u00e1bamos con confianza de que los fideicomisos de la tierra eran un &#8220;movimiento&#8221;, pero eso era una hip\u00e9rbole en el mejor de los casos, y tal vez un poco de arrogancia. Pero seguimos adelante. Lo conseguimos y logramos publicar <g id=\"gid_1\">el Manual del Fideicomiso de la Tierra Comunitario<\/g>. Lo public\u00f3 Rodale Press en 1982.      <\/p>\n\n<p>La mayor\u00eda de las ilustraciones fueron realizadas por una artista maravillosa, Bonnie Acker. Tengo una debilidad especial por esa artista, porque unos a\u00f1os m\u00e1s tarde tuve la suerte de casarme con ella. <\/p>\n\n<p>Avance r\u00e1pido hasta 1992, cuando llegu\u00e9 por primera vez a Madison y conoc\u00ed a Sol Levin en el fideicomiso de la tierra del \u00e1rea de Madison. Por entonces, hab\u00eda casi un <g id=\"gid_0\"><g id=\"gid_1\">cien<\/g><\/g> \u00a1fideicomisos de la tierra en Estados Unidos! En una docena de a\u00f1os, hab\u00edamos pasado de media docena de CLT, cuando est\u00e1bamos redactando el <em>Manual<\/em>, a casi cien en 1992.    <\/p>\n\n<p>Ese crecimiento se produjo durante un <strong><em>realmente<\/em><\/strong> dif\u00edcil. \u00bfQu\u00e9 ocurr\u00eda en la d\u00e9cada de 1980?   <\/p>\n\n<p>Hab\u00eda cientos de Cajas de Ahorros y Pr\u00e9stamos que hab\u00edan quebrado debido al fraude, a la desregulaci\u00f3n y a que hab\u00edan concedido muchos pr\u00e9stamos dudosos. As\u00ed que otros bancos se asustaron y adoptaron un enfoque de no intervenci\u00f3n en las hipotecas sobre viviendas. Dec\u00edan: &#8220;No queremos conceder pr\u00e9stamos a personas de barrios con bajos ingresos o a personas que viven en hogares de fideicomisos de la tierra. Son peligrosos. No queremos prestarles dinero&#8221;.    <\/p>\n\n<p>La brecha de asequibilidad se estaba ampliando. Las tasas de propiedad de viviendas estaban disminuyendo. La gente no pod\u00eda permitirse acceder a una vivienda. Los sin techo empezaron a aparecer en Estados Unidos en grandes cantidades por primera vez desde la Gran Depresi\u00f3n.     <\/p>\n\n<p>En Washington, Ronald Reagan hab\u00eda asumido la presidencia. Inmediatamente, su administraci\u00f3n empez\u00f3 a desfinanciar y eliminar muchos de los programas heredados del New Deal y de la Gran Sociedad. Estaban desmantelando la red de seguridad social de la que depend\u00eda la gente.    <\/p>\n\n<p>En el &#8220;Gran y Hermoso Proyecto de Ley&#8221; de aquella \u00e9poca, el GOP quit\u00f3 dinero a los cupones de alimentos, a Medicaid y a los servicios para enfermos mentales. Quitaron dinero a la vivienda y al desarrollo comunitario. Y dieron la mayor parte de ese dinero a las fuerzas armadas en la mayor expansi\u00f3n militar de nuestra historia.  <\/p>\n\n<p>As\u00ed que era una \u00e9poca bastante dif\u00edcil para intentar hacer algo como un fideicomiso de la tierra. Quiz\u00e1 no era un entorno pol\u00edtico tan duro como el actual, pero el terreno era bastante pedregoso. A pesar de ello, los fideicomisos de la tierra empezaron a echar ra\u00edces y a proliferar.    <\/p>\n\n<p>Cuando llegu\u00e9 a Madison en 1992, hab\u00eda realmente un &#8220;movimiento&#8221; en ciernes. No era s\u00f3lo una aspiraci\u00f3n esperanzada. Gente como t\u00fa hab\u00eda salido a las calles y a los barrios y pueblos y hab\u00eda empezado a crear fideicomisos de la tierra comunitarios. Hubo crecimiento a <strong><em>pesar<\/em><\/strong> del entorno econ\u00f3mico y pol\u00edtico en el que trabajaban.   <\/p>\n\n<p>Ese dif\u00edcil entorno tambi\u00e9n tuvo el efecto de atraer a un conjunto inesperado de aliados a nuestro trabajo: los funcionarios municipales. \u00bfQui\u00e9n iba a decir que nuestro peque\u00f1o y extra\u00f1o modelo de tenencia iba a llamar la atenci\u00f3n de ciudades, condados y pueblos y a conseguir su apoyo? Pero cuando el gobierno federal se retir\u00f3 de la vivienda y se retir\u00f3 del desarrollo comunitario, los municipios dijeron de repente: &#8220;Tenemos que asegurarnos de que el poco dinero que nos queda no se pierda. Si vamos a invertir en vivienda asequible y revitalizaci\u00f3n comunitaria, no podemos permitirnos que esos d\u00f3lares se vayan. Tenemos que asegurarlos&#8221;.    <\/p>\n\n<p>M\u00e1s tarde, empec\u00e9 a hablar de &#8220;cerrar el agujero del cubo agujereado de la pol\u00edtica p\u00fablica&#8221;. En una ciudad tras otra, nunca avanzamos mucho en la soluci\u00f3n del problema de la vivienda asequible porque, tan r\u00e1pido como vert\u00edamos d\u00f3lares en la parte superior del cubo, tan r\u00e1pido como cre\u00e1bamos unidades asequibles, permit\u00edamos que se filtraran por la parte inferior hacia el mercado.   <\/p>\n\n<p>Los fideicomisos de la tierra estaban bien situados para dar un paso al frente y decir a las ciudades: &#8220;Eh, tenemos una soluci\u00f3n a vuestro problema. Podemos cerrar el agujero de tu cubo agujereado. Trabajaremos con vosotros. Trabajaremos con los CDC. Trabajaremos con H\u00e1bitat para la Humanidad y con quien sea para crear las unidades. Pero una vez creadas, \u00bfqu\u00e9 hacen las CLT? Hacemos gesti\u00f3n. <strong><em>Respaldamos el acuerdo para siempre<\/em><\/strong>protegiendo la asequibilidad; protegiendo el estado de las unidades; evitando el desplazamiento de personas de sus hogares. La administraci\u00f3n es lo que mejor hacemos&#8221;. De repente, tuvimos un pu\u00f1ado de ciudades, aqu\u00ed y all\u00e1, que empezaron a trabajar en asociaci\u00f3n con fideicomisos de la tierra.        <\/p>\n\n<p>Lo que empez\u00f3 como un peque\u00f1o goteo en los a\u00f1os 80 y principios de los 90 se ha convertido ahora en una especie de caudaloso torrente. La mayor\u00eda de vosotros hab\u00e9is recibido un ejemplar del informe escrito por Kristin King-Ries y por m\u00ed, publicado por el Instituto Lincoln de Pol\u00edtica Territorial el a\u00f1o pasado. Lo que documentamos en nuestro informe fue el creciente n\u00famero de ciudades, pueblos, condados, fondos fiduciarios para la vivienda, bancos p\u00fablicos de tierras y otras entidades municipales que se est\u00e1n comprometiendo con la asequibilidad a largo plazo a la hora de invertir en vivienda. Muchos tambi\u00e9n han llegado al punto de comprender que no existe tal cosa como un pacto &#8220;autoaplicable&#8221;. Para proteger la asequibilidad, tienes que tener a alguien que respalde el acuerdo.      <\/p>\n\n<p>Y eso somos nosotros. La corresponsabilidad es lo que hacemos mejor que nadie.   <\/p>\n\n<p>En la actualidad hay unos 350 fideicomisos de la tierra en Estados Unidos. No dir\u00e9 que este crecimiento se deba enteramente a que ciudades y condados, e incluso algunos estados, se han asociado con las CLT. Sigue haciendo falta gente como t\u00fa que haga el duro trabajo de organizar a la comunidad y el duro trabajo de hacer funcionar los CLT. Pero el apoyo de los gobiernos por debajo del nivel federal ha sido sin duda un factor que ha contribuido.     <\/p>\n\n<p>Gracias al apoyo municipal y a los esfuerzos de personas como t\u00fa, el n\u00famero de CLT ha crecido; el tama\u00f1o de sus \u00e1reas de servicio ha aumentado; sus carteras han crecido.  <\/p>\n\n<p>Y sus carteras se han diversificado. Las CLT ya no se dedican s\u00f3lo a la vivienda en propiedad. Tambi\u00e9n alquilan viviendas, refugios para personas sin hogar, viviendas de transici\u00f3n, cooperativas y condominios. Muchos fideicomisos de la tierra hacen algo m\u00e1s que viviendas. Hacen agricultura urbana. Hacen oficinas. Desarrollan locales para peque\u00f1as empresas e instalaciones para otras organizaciones sin \u00e1nimo de lucro. La diversificaci\u00f3n de las actividades y carteras de los CLT del pa\u00eds ha llegado a ser bastante significativa.         <\/p>\n\n<p>El otro gran avance que se\u00f1alamos en nuestro informe es el auge de coaliciones como la vuestra. Creo que eso es algo muy bueno. De cara a los pr\u00f3ximos a\u00f1os, seguiremos necesitando Grounded Solutions, pero tambi\u00e9n vamos a necesitar s\u00f3lidas redes metropolitanas de CLT, redes estatales de CLT y redes regionales de CLT. Estamos todos juntos en esto. La \u00fanica manera de superar los pr\u00f3ximos a\u00f1os de disfunci\u00f3n federal es con mucho apoyo mutuo.    <\/p>\n\n<p>Mientras lo hacemos, mientras trabajamos juntos para construir y sostener un movimiento nacional de CLT, <strong><em>no descartes a los funcionarios p\u00fablicos<\/em><\/strong>. Tengo aqu\u00ed una cifra que me ha parecido bastante sorprendente. En Estados Unidos, en 2022, \u00a1hab\u00eda <strong>90.837<\/strong> unidades de gobierno local! Entre ellas se incluyen gobiernos de ciudades, pueblos, condados y distritos especiales de transporte, servicios p\u00fablicos, parques, etc\u00e9tera. Todas estas entidades tienen recursos. Tienen terrenos. Tienen dinero. Tienen poderes reguladores que pueden ayudar u obstaculizar los proyectos de un CLT.       <\/p>\n\n<p>Ahora bien, no estoy diciendo que todas esas 90.000 unidades de gobierno local vayan a ser tus amigas. No todas est\u00e1n dispuestas a dar un paso al frente y ser tus amigas. Algunas s\u00ed, otras no. Pero cuando no lo est\u00e1n, tienes que ponerte tu sombrero de organizador comunitario. Las unidades locales de gobierno son mucho m\u00e1s susceptibles a la presi\u00f3n y la persuasi\u00f3n que los gobiernos a nivel estatal o federal.    <\/p>\n\n<p>Tengo que terminar dentro de un momento porque me han dicho que hable r\u00e1pido. Probablemente ya me he pasado del tiempo asignado. Pero ser\u00eda negligente si no mencionara el Centro Internacional de CLT.    <\/p>\n\n<p>Greg, yo y nuestros colegas del Centro estamos muy entusiasmados con lo que est\u00e1 ocurriendo fuera de Estados Unidos. Ahora hay tantos fideicomisos de la tierra en otros pa\u00edses como aqu\u00ed en EEUU. Toman inspiraci\u00f3n e informaci\u00f3n de todos vosotros.    <\/p>\n\n<p>Pero tambi\u00e9n est\u00e1n <strong><em>aplicando<\/em><\/strong> el modelo de nuevas formas. Est\u00e1n <g id=\"gid_2\"><g id=\"gid_3\">estructurando<\/g><\/g> CLT de nuevas formas. Est\u00e1n <strong><em>organizando<\/em><\/strong> y <strong><em>implicando a<\/em><\/strong> sus comunidades de nuevas formas. Como dec\u00eda nuestro amigo Jeff Corey, est\u00e1n &#8220;manteniendo calientes los bordes&#8221;.   <\/p>\n\n<p>Por tanto, podemos aprender mucho de ellos, incluso mientras ellos siguen aprendiendo de nosotros. Parte de nuestra misi\u00f3n en el Centro CLT es fomentar esa fertilizaci\u00f3n transnacional y las interacciones entre iguales, de modo que la gente <strong><em>puedan<\/em><\/strong> aprendan unos de otros. <\/p>\n\n<p>Hay otra cosa muy importante que podemos aprender de nuestros colegas de otros pa\u00edses: <strong><em>perseverancia<\/em><\/strong>. En la junta directiva del CLT Center, ahora tenemos personas de siete u ocho pa\u00edses diferentes. Tenemos un miembro de Espa\u00f1a. Tenemos un miembro de Sud\u00e1frica. Tenemos un miembro de Brasil. Cada pa\u00eds ha pasado por su propia noche oscura de autoritarismo, similar a lo que est\u00e1 ocurriendo aqu\u00ed.       <\/p>\n\n<p>Las personas de nuestra junta son demasiado j\u00f3venes para haber participado en la resistencia contra Franco en Espa\u00f1a, o en la organizaci\u00f3n contra el apartheid en Sud\u00e1frica, o contra las dictaduras militares en Brasil. (Por otro lado, algunos de nuestros colegas en Brasil s\u00ed vivieron el r\u00e9gimen de Bolsonaro, a menudo llamado el &#8220;Trump sudamericano&#8221;. Tuvieron que soportarlo).    <\/p>\n\n<p>Pero la contribuci\u00f3n vital que nuestros colegas de CLT est\u00e1n haciendo ahora mismo no es la resistencia, sino la reconstrucci\u00f3n. Est\u00e1n ayudando a reconstruir la sociedad civil y a reconstruir la democracia <strong><em>despu\u00e9s de que<\/em><\/strong> la ola de autoritarismo se alej\u00f3 de sus costas. <\/p>\n\n<p>Eso es lo que <strong><em>nosotros<\/em><\/strong> tendremos que hacer. \u00c9sa es la tarea de las CLT y otras organizaciones sin \u00e1nimo de lucro similares aqu\u00ed en EEUU. Se nos va a pedir que ayudemos a reconstruir la sociedad civil y nuestras propias comunidades cuando termine el caos de la \u00e9poca actual.    <\/p>\n\n<p>Empec\u00e9 con una cita que dec\u00eda que <em>la historia importa<\/em>. Voy a terminar con una cita que afirma que <em>la perseverancia<\/em> <em>vence<\/em>, especialmente en los momentos m\u00e1s oscuros. <\/p>\n\n<p>Hace un par de semanas se celebr\u00f3 en Nueva York la <sup>80\u00aa<\/sup> Asamblea General de las Naciones Unidas. Nuestro Presidente pronunci\u00f3 un discurso que s\u00f3lo puede describirse como &#8220;disparatado&#8221;. Por desgracia, eclips\u00f3 un discurso de apertura m\u00e1s poderoso del Secretario General de la ONU. De joven, en Portugal, Ant\u00f3nio Guterres hab\u00eda vivido bajo una dictadura. Reflexionando sobre esa experiencia, dijo lo siguiente:    <\/p>\n\n<p>&#8220;Incluso en las horas m\u00e1s sombr\u00edas, descubr\u00ed una verdad que nunca me ha abandonado: el poder no reside en manos de quienes dominan o dividen. El verdadero poder reside en las personas, en nuestra determinaci\u00f3n compartida de mantener la dignidad, de defender la igualdad, de creer firmemente en nuestra humanidad com\u00fan y en el potencial de cada ser humano.   <\/p>\n\n<p>Aprend\u00ed pronto a perseverar. A hablar claro. A negarme a rendirme, sin importar el reto, sin importar el obst\u00e1culo, sin importar la hora. Debemos vencer, y venceremos&#8221;.  <\/p>\n\n<p>Gracias.<\/p>\n","protected":false},"excerpt":{"rendered":"<p>John Emmeus Davis habl\u00f3 a los asistentes a la conferencia 2025 Midwest CLT sobre el pasado y el posible futuro del movimiento estadounidense de CLT, y sobre lo que podemos hacer para sortear estos tiempos dif\u00edciles. Esta es una transcripci\u00f3n de sus comentarios extempor\u00e1neos.<\/p>\n","protected":false},"author":1,"featured_media":0,"comment_status":"closed","ping_status":"open","sticky":false,"template":"","format":"standard","meta":{"give_campaign_id":0,"_tec_requires_first_save":true,"_kad_blocks_custom_css":"","_kad_blocks_head_custom_js":"","_kad_blocks_body_custom_js":"","_kad_blocks_footer_custom_js":"","_EventAllDay":false,"_EventTimezone":"","_EventStartDate":"","_EventEndDate":"","_EventStartDateUTC":"","_EventEndDateUTC":"","_EventShowMap":false,"_EventShowMapLink":false,"_EventURL":"","_EventCost":"","_EventCostDescription":"","_EventCurrencySymbol":"","_EventCurrencyCode":"","_EventCurrencyPosition":"","_EventDateTimeSeparator":"","_EventTimeRangeSeparator":"","_EventOrganizerID":[],"_EventVenueID":[],"_OrganizerEmail":"","_OrganizerPhone":"","_OrganizerWebsite":"","_VenueAddress":"","_VenueCity":"","_VenueCountry":"","_VenueProvince":"","_VenueState":"","_VenueZip":"","_VenuePhone":"","_VenueURL":"","_VenueStateProvince":"","_VenueLat":"","_VenueLng":"","_VenueShowMap":false,"_VenueShowMapLink":false,"_tribe_blocks_recurrence_rules":"","_tribe_blocks_recurrence_description":"","_tribe_blocks_recurrence_exclusions":"","_jetpack_memberships_contains_paid_content":false,"footnotes":""},"categories":[290],"tags":[],"class_list":["post-9997","post","type-post","status-publish","format-standard","hentry","category-blogs"],"blocksy_meta":[],"yoast_head":"<!-- This site is optimized with the Yoast SEO Premium plugin v27.4 (Yoast SEO v27.5) - https:\/\/yoast.com\/product\/yoast-seo-premium-wordpress\/ -->\n<title>Una mirada al pasado y al futuro del movimiento estadounidense de CLT - International Center for Community Land Trusts<\/title>\n<meta name=\"robots\" content=\"index, follow, max-snippet:-1, max-image-preview:large, max-video-preview:-1\" \/>\n<link rel=\"canonical\" href=\"https:\/\/www.cltweb.org\/es\/2025\/10\/20\/una-mirada-al-pasado-y-al-futuro-del-movimiento-estadounidense-de-clt\/\" \/>\n<meta property=\"og:locale\" content=\"es_ES\" \/>\n<meta property=\"og:type\" content=\"article\" \/>\n<meta property=\"og:title\" content=\"Una mirada al pasado y al futuro del movimiento estadounidense de CLT\" \/>\n<meta property=\"og:description\" content=\"John Emmeus Davis habl\u00f3 a los asistentes a la conferencia 2025 Midwest CLT sobre el pasado y el posible futuro del movimiento estadounidense de CLT, y sobre lo que podemos hacer para sortear estos tiempos dif\u00edciles. Esta es una transcripci\u00f3n de sus comentarios extempor\u00e1neos.\" \/>\n<meta property=\"og:url\" content=\"https:\/\/www.cltweb.org\/es\/2025\/10\/20\/una-mirada-al-pasado-y-al-futuro-del-movimiento-estadounidense-de-clt\/\" \/>\n<meta property=\"og:site_name\" content=\"International Center for Community Land Trusts\" \/>\n<meta property=\"article:publisher\" content=\"https:\/\/www.facebook.com\/cltcenter\" \/>\n<meta property=\"article:published_time\" content=\"2025-10-20T21:44:04+00:00\" \/>\n<meta property=\"article:modified_time\" content=\"2025-10-20T21:59:06+00:00\" \/>\n<meta name=\"author\" content=\"cltredesign_0jp0l4\" \/>\n<meta name=\"twitter:card\" content=\"summary_large_image\" \/>\n<meta name=\"twitter:creator\" content=\"@Center4CLTs\" \/>\n<meta name=\"twitter:site\" content=\"@Center4CLTs\" \/>\n<meta name=\"twitter:label1\" content=\"Escrito por\" \/>\n\t<meta name=\"twitter:data1\" content=\"cltredesign_0jp0l4\" \/>\n\t<meta name=\"twitter:label2\" content=\"Tiempo de lectura\" \/>\n\t<meta name=\"twitter:data2\" content=\"15 minutos\" \/>\n<script type=\"application\/ld+json\" class=\"yoast-schema-graph\">{\"@context\":\"https:\\\/\\\/schema.org\",\"@graph\":[{\"@type\":\"Article\",\"@id\":\"https:\\\/\\\/www.cltweb.org\\\/es\\\/2025\\\/10\\\/20\\\/una-mirada-al-pasado-y-al-futuro-del-movimiento-estadounidense-de-clt\\\/#article\",\"isPartOf\":{\"@id\":\"https:\\\/\\\/www.cltweb.org\\\/es\\\/2025\\\/10\\\/20\\\/una-mirada-al-pasado-y-al-futuro-del-movimiento-estadounidense-de-clt\\\/\"},\"author\":{\"name\":\"cltredesign_0jp0l4\",\"@id\":\"https:\\\/\\\/www.cltweb.org\\\/es\\\/#\\\/schema\\\/person\\\/afd3723291b60b81c27772953e5b49d6\"},\"headline\":\"Una mirada al pasado y al futuro del movimiento estadounidense de CLT\",\"datePublished\":\"2025-10-20T21:44:04+00:00\",\"dateModified\":\"2025-10-20T21:59:06+00:00\",\"mainEntityOfPage\":{\"@id\":\"https:\\\/\\\/www.cltweb.org\\\/es\\\/2025\\\/10\\\/20\\\/una-mirada-al-pasado-y-al-futuro-del-movimiento-estadounidense-de-clt\\\/\"},\"wordCount\":2990,\"publisher\":{\"@id\":\"https:\\\/\\\/www.cltweb.org\\\/es\\\/#organization\"},\"articleSection\":[\"Blogs\"],\"inLanguage\":\"es\"},{\"@type\":\"WebPage\",\"@id\":\"https:\\\/\\\/www.cltweb.org\\\/es\\\/2025\\\/10\\\/20\\\/una-mirada-al-pasado-y-al-futuro-del-movimiento-estadounidense-de-clt\\\/\",\"url\":\"https:\\\/\\\/www.cltweb.org\\\/es\\\/2025\\\/10\\\/20\\\/una-mirada-al-pasado-y-al-futuro-del-movimiento-estadounidense-de-clt\\\/\",\"name\":\"Una mirada al pasado y al futuro del movimiento estadounidense de CLT - International Center for Community Land Trusts\",\"isPartOf\":{\"@id\":\"https:\\\/\\\/www.cltweb.org\\\/es\\\/#website\"},\"datePublished\":\"2025-10-20T21:44:04+00:00\",\"dateModified\":\"2025-10-20T21:59:06+00:00\",\"breadcrumb\":{\"@id\":\"https:\\\/\\\/www.cltweb.org\\\/es\\\/2025\\\/10\\\/20\\\/una-mirada-al-pasado-y-al-futuro-del-movimiento-estadounidense-de-clt\\\/#breadcrumb\"},\"inLanguage\":\"es\",\"potentialAction\":[{\"@type\":\"ReadAction\",\"target\":[\"https:\\\/\\\/www.cltweb.org\\\/es\\\/2025\\\/10\\\/20\\\/una-mirada-al-pasado-y-al-futuro-del-movimiento-estadounidense-de-clt\\\/\"]}]},{\"@type\":\"BreadcrumbList\",\"@id\":\"https:\\\/\\\/www.cltweb.org\\\/es\\\/2025\\\/10\\\/20\\\/una-mirada-al-pasado-y-al-futuro-del-movimiento-estadounidense-de-clt\\\/#breadcrumb\",\"itemListElement\":[{\"@type\":\"ListItem\",\"position\":1,\"name\":\"Home\",\"item\":\"https:\\\/\\\/www.cltweb.org\\\/es\\\/\"},{\"@type\":\"ListItem\",\"position\":2,\"name\":\"Una mirada al pasado y al futuro del movimiento estadounidense de CLT\"}]},{\"@type\":\"WebSite\",\"@id\":\"https:\\\/\\\/www.cltweb.org\\\/es\\\/#website\",\"url\":\"https:\\\/\\\/www.cltweb.org\\\/es\\\/\",\"name\":\"International Center for Community Land Trusts\",\"description\":\"\",\"publisher\":{\"@id\":\"https:\\\/\\\/www.cltweb.org\\\/es\\\/#organization\"},\"potentialAction\":[{\"@type\":\"SearchAction\",\"target\":{\"@type\":\"EntryPoint\",\"urlTemplate\":\"https:\\\/\\\/www.cltweb.org\\\/es\\\/?s={search_term_string}\"},\"query-input\":{\"@type\":\"PropertyValueSpecification\",\"valueRequired\":true,\"valueName\":\"search_term_string\"}}],\"inLanguage\":\"es\"},{\"@type\":\"Organization\",\"@id\":\"https:\\\/\\\/www.cltweb.org\\\/es\\\/#organization\",\"name\":\"International Center for Community Land Trusts\",\"url\":\"https:\\\/\\\/www.cltweb.org\\\/es\\\/\",\"logo\":{\"@type\":\"ImageObject\",\"inLanguage\":\"es\",\"@id\":\"https:\\\/\\\/www.cltweb.org\\\/es\\\/#\\\/schema\\\/logo\\\/image\\\/\",\"url\":\"https:\\\/\\\/www.cltweb.org\\\/wp-content\\\/uploads\\\/2024\\\/11\\\/New-CLT-Center-Text-logo.png\",\"contentUrl\":\"https:\\\/\\\/www.cltweb.org\\\/wp-content\\\/uploads\\\/2024\\\/11\\\/New-CLT-Center-Text-logo.png\",\"width\":227,\"height\":80,\"caption\":\"International Center for Community Land Trusts\"},\"image\":{\"@id\":\"https:\\\/\\\/www.cltweb.org\\\/es\\\/#\\\/schema\\\/logo\\\/image\\\/\"},\"sameAs\":[\"https:\\\/\\\/www.facebook.com\\\/cltcenter\",\"https:\\\/\\\/x.com\\\/Center4CLTs\",\"https:\\\/\\\/www.instagram.com\\\/cltcenter\\\/\",\"https:\\\/\\\/www.linkedin.com\\\/company\\\/cltcenter\",\"https:\\\/\\\/www.youtube.com\\\/@centerforcltinnovation5313\"],\"description\":\"The International Center for Community Land Trusts is a not-for-profit nongovernmental organization established in 2018 to promote and to support community land trusts and similar strategies of community-led development on community-owned land in countries throughout the world.\",\"email\":\"info@communitylandtrust.net\",\"legalName\":\"International Center for Community Land Trusts\",\"foundingDate\":\"2018-12-01\",\"taxID\":\"84-3858933\",\"numberOfEmployees\":{\"@type\":\"QuantitativeValue\",\"minValue\":\"1\",\"maxValue\":\"10\"}},{\"@type\":\"Person\",\"@id\":\"https:\\\/\\\/www.cltweb.org\\\/es\\\/#\\\/schema\\\/person\\\/afd3723291b60b81c27772953e5b49d6\",\"name\":\"cltredesign_0jp0l4\",\"image\":{\"@type\":\"ImageObject\",\"inLanguage\":\"es\",\"@id\":\"https:\\\/\\\/secure.gravatar.com\\\/avatar\\\/1012e57596c2454da589d773454d3eb22a64f2ff638e62850caeb654f3affad5?s=96&d=mm&r=g\",\"url\":\"https:\\\/\\\/secure.gravatar.com\\\/avatar\\\/1012e57596c2454da589d773454d3eb22a64f2ff638e62850caeb654f3affad5?s=96&d=mm&r=g\",\"contentUrl\":\"https:\\\/\\\/secure.gravatar.com\\\/avatar\\\/1012e57596c2454da589d773454d3eb22a64f2ff638e62850caeb654f3affad5?s=96&d=mm&r=g\",\"caption\":\"cltredesign_0jp0l4\"},\"sameAs\":[\"https:\\\/\\\/icclt.org\"],\"url\":\"https:\\\/\\\/www.cltweb.org\\\/es\\\/author\\\/cltredesign_0jp0l4\\\/\"}]}<\/script>\n<!-- \/ Yoast SEO Premium plugin. -->","yoast_head_json":{"title":"Una mirada al pasado y al futuro del movimiento estadounidense de CLT - International Center for Community Land Trusts","robots":{"index":"index","follow":"follow","max-snippet":"max-snippet:-1","max-image-preview":"max-image-preview:large","max-video-preview":"max-video-preview:-1"},"canonical":"https:\/\/www.cltweb.org\/es\/2025\/10\/20\/una-mirada-al-pasado-y-al-futuro-del-movimiento-estadounidense-de-clt\/","og_locale":"es_ES","og_type":"article","og_title":"Una mirada al pasado y al futuro del movimiento estadounidense de CLT","og_description":"John Emmeus Davis habl\u00f3 a los asistentes a la conferencia 2025 Midwest CLT sobre el pasado y el posible futuro del movimiento estadounidense de CLT, y sobre lo que podemos hacer para sortear estos tiempos dif\u00edciles. Esta es una transcripci\u00f3n de sus comentarios extempor\u00e1neos.","og_url":"https:\/\/www.cltweb.org\/es\/2025\/10\/20\/una-mirada-al-pasado-y-al-futuro-del-movimiento-estadounidense-de-clt\/","og_site_name":"International Center for Community Land Trusts","article_publisher":"https:\/\/www.facebook.com\/cltcenter","article_published_time":"2025-10-20T21:44:04+00:00","article_modified_time":"2025-10-20T21:59:06+00:00","author":"cltredesign_0jp0l4","twitter_card":"summary_large_image","twitter_creator":"@Center4CLTs","twitter_site":"@Center4CLTs","twitter_misc":{"Escrito por":"cltredesign_0jp0l4","Tiempo de lectura":"15 minutos"},"schema":{"@context":"https:\/\/schema.org","@graph":[{"@type":"Article","@id":"https:\/\/www.cltweb.org\/es\/2025\/10\/20\/una-mirada-al-pasado-y-al-futuro-del-movimiento-estadounidense-de-clt\/#article","isPartOf":{"@id":"https:\/\/www.cltweb.org\/es\/2025\/10\/20\/una-mirada-al-pasado-y-al-futuro-del-movimiento-estadounidense-de-clt\/"},"author":{"name":"cltredesign_0jp0l4","@id":"https:\/\/www.cltweb.org\/es\/#\/schema\/person\/afd3723291b60b81c27772953e5b49d6"},"headline":"Una mirada al pasado y al futuro del movimiento estadounidense de CLT","datePublished":"2025-10-20T21:44:04+00:00","dateModified":"2025-10-20T21:59:06+00:00","mainEntityOfPage":{"@id":"https:\/\/www.cltweb.org\/es\/2025\/10\/20\/una-mirada-al-pasado-y-al-futuro-del-movimiento-estadounidense-de-clt\/"},"wordCount":2990,"publisher":{"@id":"https:\/\/www.cltweb.org\/es\/#organization"},"articleSection":["Blogs"],"inLanguage":"es"},{"@type":"WebPage","@id":"https:\/\/www.cltweb.org\/es\/2025\/10\/20\/una-mirada-al-pasado-y-al-futuro-del-movimiento-estadounidense-de-clt\/","url":"https:\/\/www.cltweb.org\/es\/2025\/10\/20\/una-mirada-al-pasado-y-al-futuro-del-movimiento-estadounidense-de-clt\/","name":"Una mirada al pasado y al futuro del movimiento estadounidense de CLT - International Center for Community Land Trusts","isPartOf":{"@id":"https:\/\/www.cltweb.org\/es\/#website"},"datePublished":"2025-10-20T21:44:04+00:00","dateModified":"2025-10-20T21:59:06+00:00","breadcrumb":{"@id":"https:\/\/www.cltweb.org\/es\/2025\/10\/20\/una-mirada-al-pasado-y-al-futuro-del-movimiento-estadounidense-de-clt\/#breadcrumb"},"inLanguage":"es","potentialAction":[{"@type":"ReadAction","target":["https:\/\/www.cltweb.org\/es\/2025\/10\/20\/una-mirada-al-pasado-y-al-futuro-del-movimiento-estadounidense-de-clt\/"]}]},{"@type":"BreadcrumbList","@id":"https:\/\/www.cltweb.org\/es\/2025\/10\/20\/una-mirada-al-pasado-y-al-futuro-del-movimiento-estadounidense-de-clt\/#breadcrumb","itemListElement":[{"@type":"ListItem","position":1,"name":"Home","item":"https:\/\/www.cltweb.org\/es\/"},{"@type":"ListItem","position":2,"name":"Una mirada al pasado y al futuro del movimiento estadounidense de CLT"}]},{"@type":"WebSite","@id":"https:\/\/www.cltweb.org\/es\/#website","url":"https:\/\/www.cltweb.org\/es\/","name":"International Center for Community Land Trusts","description":"","publisher":{"@id":"https:\/\/www.cltweb.org\/es\/#organization"},"potentialAction":[{"@type":"SearchAction","target":{"@type":"EntryPoint","urlTemplate":"https:\/\/www.cltweb.org\/es\/?s={search_term_string}"},"query-input":{"@type":"PropertyValueSpecification","valueRequired":true,"valueName":"search_term_string"}}],"inLanguage":"es"},{"@type":"Organization","@id":"https:\/\/www.cltweb.org\/es\/#organization","name":"International Center for Community Land Trusts","url":"https:\/\/www.cltweb.org\/es\/","logo":{"@type":"ImageObject","inLanguage":"es","@id":"https:\/\/www.cltweb.org\/es\/#\/schema\/logo\/image\/","url":"https:\/\/www.cltweb.org\/wp-content\/uploads\/2024\/11\/New-CLT-Center-Text-logo.png","contentUrl":"https:\/\/www.cltweb.org\/wp-content\/uploads\/2024\/11\/New-CLT-Center-Text-logo.png","width":227,"height":80,"caption":"International Center for Community Land Trusts"},"image":{"@id":"https:\/\/www.cltweb.org\/es\/#\/schema\/logo\/image\/"},"sameAs":["https:\/\/www.facebook.com\/cltcenter","https:\/\/x.com\/Center4CLTs","https:\/\/www.instagram.com\/cltcenter\/","https:\/\/www.linkedin.com\/company\/cltcenter","https:\/\/www.youtube.com\/@centerforcltinnovation5313"],"description":"The International Center for Community Land Trusts is a not-for-profit nongovernmental organization established in 2018 to promote and to support community land trusts and similar strategies of community-led development on community-owned land in countries throughout the world.","email":"info@communitylandtrust.net","legalName":"International Center for Community Land Trusts","foundingDate":"2018-12-01","taxID":"84-3858933","numberOfEmployees":{"@type":"QuantitativeValue","minValue":"1","maxValue":"10"}},{"@type":"Person","@id":"https:\/\/www.cltweb.org\/es\/#\/schema\/person\/afd3723291b60b81c27772953e5b49d6","name":"cltredesign_0jp0l4","image":{"@type":"ImageObject","inLanguage":"es","@id":"https:\/\/secure.gravatar.com\/avatar\/1012e57596c2454da589d773454d3eb22a64f2ff638e62850caeb654f3affad5?s=96&d=mm&r=g","url":"https:\/\/secure.gravatar.com\/avatar\/1012e57596c2454da589d773454d3eb22a64f2ff638e62850caeb654f3affad5?s=96&d=mm&r=g","contentUrl":"https:\/\/secure.gravatar.com\/avatar\/1012e57596c2454da589d773454d3eb22a64f2ff638e62850caeb654f3affad5?s=96&d=mm&r=g","caption":"cltredesign_0jp0l4"},"sameAs":["https:\/\/icclt.org"],"url":"https:\/\/www.cltweb.org\/es\/author\/cltredesign_0jp0l4\/"}]}},"taxonomy_info":{"category":[{"value":290,"label":"Blogs"}]},"featured_image_src_large":false,"author_info":{"display_name":"cltredesign_0jp0l4","author_link":"https:\/\/www.cltweb.org\/es\/author\/cltredesign_0jp0l4\/"},"comment_info":0,"category_info":[{"term_id":290,"name":"Blogs","slug":"blogs","term_group":0,"term_taxonomy_id":290,"taxonomy":"category","description":"","parent":0,"count":12,"filter":"raw","cat_ID":290,"category_count":12,"category_description":"","cat_name":"Blogs","category_nicename":"blogs","category_parent":0}],"tag_info":false,"jetpack_featured_media_url":"","jetpack_sharing_enabled":true,"jetpack-related-posts":[{"id":10138,"url":"https:\/\/www.cltweb.org\/es\/2025\/10\/24\/presentacion-del-modelo-clt-en-la-conferencia-de-suecia-sobre-construccion-colaborativa-y-social-y-vivir-2025\/","url_meta":{"origin":9997,"position":0},"title":"Presentaci\u00f3n del modelo CLT en la Conferencia de Suecia sobre Construcci\u00f3n Colaborativa y Social y Vivir 2025","author":"Ben Harris","date":"24 de octubre de 2025","format":false,"excerpt":"Por Jonas Lagander, Coompa\u00f1ero Coompanion particip\u00f3 este a\u00f1o en la conferencia \"Collaborative and Social Building and Living\", celebrada en Bor\u00e5s (Suecia), y organiz\u00f3 dos seminarios sobre CLT. Junto con otros socios relevantes, participan en el proyecto \"Sistemas locales de innovaci\u00f3n en torno a las barreras de la vivienda colaborativa y\u2026","rel":"","context":"En \u00abBlogs\u00bb","block_context":{"text":"Blogs","link":"https:\/\/www.cltweb.org\/es\/category\/blogs\/"},"img":{"alt_text":"","src":"https:\/\/i0.wp.com\/www.cltweb.org\/wp-content\/uploads\/2025\/10\/IMG_6480.jpg?resize=350%2C200&ssl=1","width":350,"height":200,"srcset":"https:\/\/i0.wp.com\/www.cltweb.org\/wp-content\/uploads\/2025\/10\/IMG_6480.jpg?resize=350%2C200&ssl=1 1x, https:\/\/i0.wp.com\/www.cltweb.org\/wp-content\/uploads\/2025\/10\/IMG_6480.jpg?resize=525%2C300&ssl=1 1.5x, https:\/\/i0.wp.com\/www.cltweb.org\/wp-content\/uploads\/2025\/10\/IMG_6480.jpg?resize=700%2C400&ssl=1 2x, https:\/\/i0.wp.com\/www.cltweb.org\/wp-content\/uploads\/2025\/10\/IMG_6480.jpg?resize=1050%2C600&ssl=1 3x, https:\/\/i0.wp.com\/www.cltweb.org\/wp-content\/uploads\/2025\/10\/IMG_6480.jpg?resize=1400%2C800&ssl=1 4x"},"classes":[]},{"id":9524,"url":"https:\/\/www.cltweb.org\/es\/2025\/05\/21\/bienes-comunes-por-la-justicia-clts-across-continents-en-el-festival-internacional-de-la-vivienda-social\/","url_meta":{"origin":9997,"position":1},"title":"Bienes Comunes por la Justicia: CLTs Across Continents en el Festival Internacional de la Vivienda Social","author":"Ben Harris","date":"21 de mayo de 2025","format":false,"excerpt":"En una \u00e9poca marcada por la crisis de la vivienda, los mercados extractivos de la tierra y la creciente desigualdad, las comunidades de todo el mundo est\u00e1n reclamando los bienes comunes. En el Festival Internacional de la Vivienda Social 2025 de Dubl\u00edn (Irlanda) (4-6 de junio), la Red Europea de\u2026","rel":"","context":"En \u00abBlogs\u00bb","block_context":{"text":"Blogs","link":"https:\/\/www.cltweb.org\/es\/category\/blogs\/"},"img":{"alt_text":"","src":"https:\/\/i0.wp.com\/www.cltweb.org\/wp-content\/uploads\/2025\/05\/Juliet-Can.jpeg?resize=350%2C200&ssl=1","width":350,"height":200},"classes":[]},{"id":6592,"url":"https:\/\/www.cltweb.org\/es\/2022\/10\/11\/evento-clt-center-presentacion-del-libro-community-matters\/","url_meta":{"origin":9997,"position":2},"title":"EVENTO CLT CENTER: Presentaci\u00f3n del libro Community Matters","author":"cltredesign_0jp0l4","date":"11 de octubre de 2022","format":false,"excerpt":"\u00danete a nosotros para celebrar la publicaci\u00f3n del \u00faltimo libro de Terra Nostra Press, Community Matters. Este seminario web reunir\u00e1 a profesionales del CLT de Boston, Bruselas, Londres, Houston y San Juan, cuyas perspectivas sobre la organizaci\u00f3n comunitaria y la participaci\u00f3n de los residentes aparecen en el libro.","rel":"","context":"En \u00abSin categorizar\u00bb","block_context":{"text":"Sin categorizar","link":"https:\/\/www.cltweb.org\/es\/category\/sin-categorizar\/"},"img":{"alt_text":"Portada del libro La Comunidad Importa","src":"https:\/\/i0.wp.com\/www.cltweb.org\/wp-content\/uploads\/2022\/09\/Community-Matters-final-book-cover-062822-683x1024.jpeg?resize=350%2C200&ssl=1","width":350,"height":200},"classes":[]},{"id":7711,"url":"https:\/\/www.cltweb.org\/es\/2024\/11\/18\/el-instituto-lincoln-de-politica-del-suelo-publica-un-informe-sobre-la-conservacion-de-la-propiedad-de-viviendas-asequibles-mediante-fideicomisos-de-la-tierra-comunitarios\/","url_meta":{"origin":9997,"position":3},"title":"El Instituto Lincoln de Pol\u00edtica del Suelo publica un informe sobre la conservaci\u00f3n de la propiedad de viviendas asequibles mediante fideicomisos de la tierra comunitarios","author":"Ben Harris","date":"18 de noviembre de 2024","format":false,"excerpt":"El Informe de Enfoque Pol\u00edtico ofrece una visi\u00f3n de c\u00f3mo los gobiernos municipales apoyan la formaci\u00f3n, expansi\u00f3n y funcionamiento de los CLTs CAMBRIDGE, MA-ElInstituto Lincoln de Pol\u00edtica Territorial ha publicado un nuevo Informe de Enfoque Pol\u00edtico, Preserving Affordable Homeownership: Asociaciones municipales con fideicomisos de la tierra comunitariospor John Emmeus Davis\u2026","rel":"","context":"En \u00abComunicado de prensa\u00bb","block_context":{"text":"Comunicado de prensa","link":"https:\/\/www.cltweb.org\/es\/category\/comunicado-de-prensa\/"},"img":{"alt_text":"","src":"","width":0,"height":0},"classes":[]},{"id":6579,"url":"https:\/\/www.cltweb.org\/es\/2022\/10\/20\/la-historia-del-mundo-de-clt\/","url_meta":{"origin":9997,"position":4},"title":"La historia del mundo de CLT","author":"cltredesign_0jp0l4","date":"20 de octubre de 2022","format":false,"excerpt":"Dentro de unas semanas, tras la primera reuni\u00f3n de CLT Gante y CLT Flandes, hemos descubierto dos gastos importantes, uno en el D\u00eda Mundial de CLT.","rel":"","context":"En \u00abSin categorizar\u00bb","block_context":{"text":"Sin categorizar","link":"https:\/\/www.cltweb.org\/es\/category\/sin-categorizar\/"},"img":{"alt_text":"Logotipo de CLT Gent","src":"https:\/\/i0.wp.com\/www.cltweb.org\/wp-content\/uploads\/2022\/10\/CLT-Gent-logo-edited.png?resize=350%2C200&ssl=1","width":350,"height":200},"classes":[]},{"id":7685,"url":"https:\/\/www.cltweb.org\/es\/2024\/11\/11\/introduccion-al-poder-y-el-liderazgo-de-los-jovenes-en-la-practica-de-los-fideicomisos-de-la-tierra-comunitarios\/","url_meta":{"origin":9997,"position":5},"title":"Introducci\u00f3n al poder y el liderazgo de los j\u00f3venes en la pr\u00e1ctica de los fideicomisos de la tierra comunitarios","author":"Ben Harris","date":"11 de noviembre de 2024","format":false,"excerpt":"Por Richard Kruger Delgado La siguiente contribuci\u00f3n ha sido escrita por Richard Kruger Delgado, Responsable de Educaci\u00f3n y Divulgaci\u00f3n del Centro Internacional de Fideicomisos Comunitarios de la Tierra, como contribuci\u00f3n al pr\u00f3ximo seminario web sobre \"Gestionar el futuro: Poder y liderazgo de los j\u00f3venes en la pr\u00e1ctica de los fideicomisos\u2026","rel":"","context":"En \u00abBlogs\u00bb","block_context":{"text":"Blogs","link":"https:\/\/www.cltweb.org\/es\/category\/blogs\/"},"img":{"alt_text":"","src":"https:\/\/i0.wp.com\/www.cltweb.org\/wp-content\/uploads\/2024\/11\/Screenshot-2024-11-11-at-5.46.26%E2%80%AFPM.png?resize=350%2C200&ssl=1","width":350,"height":200,"srcset":"https:\/\/i0.wp.com\/www.cltweb.org\/wp-content\/uploads\/2024\/11\/Screenshot-2024-11-11-at-5.46.26%E2%80%AFPM.png?resize=350%2C200&ssl=1 1x, https:\/\/i0.wp.com\/www.cltweb.org\/wp-content\/uploads\/2024\/11\/Screenshot-2024-11-11-at-5.46.26%E2%80%AFPM.png?resize=525%2C300&ssl=1 1.5x, https:\/\/i0.wp.com\/www.cltweb.org\/wp-content\/uploads\/2024\/11\/Screenshot-2024-11-11-at-5.46.26%E2%80%AFPM.png?resize=700%2C400&ssl=1 2x"},"classes":[]}],"_links":{"self":[{"href":"https:\/\/www.cltweb.org\/es\/wp-json\/wp\/v2\/posts\/9997","targetHints":{"allow":["GET"]}}],"collection":[{"href":"https:\/\/www.cltweb.org\/es\/wp-json\/wp\/v2\/posts"}],"about":[{"href":"https:\/\/www.cltweb.org\/es\/wp-json\/wp\/v2\/types\/post"}],"author":[{"embeddable":true,"href":"https:\/\/www.cltweb.org\/es\/wp-json\/wp\/v2\/users\/1"}],"replies":[{"embeddable":true,"href":"https:\/\/www.cltweb.org\/es\/wp-json\/wp\/v2\/comments?post=9997"}],"version-history":[{"count":8,"href":"https:\/\/www.cltweb.org\/es\/wp-json\/wp\/v2\/posts\/9997\/revisions"}],"predecessor-version":[{"id":10026,"href":"https:\/\/www.cltweb.org\/es\/wp-json\/wp\/v2\/posts\/9997\/revisions\/10026"}],"wp:attachment":[{"href":"https:\/\/www.cltweb.org\/es\/wp-json\/wp\/v2\/media?parent=9997"}],"wp:term":[{"taxonomy":"category","embeddable":true,"href":"https:\/\/www.cltweb.org\/es\/wp-json\/wp\/v2\/categories?post=9997"},{"taxonomy":"post_tag","embeddable":true,"href":"https:\/\/www.cltweb.org\/es\/wp-json\/wp\/v2\/tags?post=9997"}],"curies":[{"name":"wp","href":"https:\/\/api.w.org\/{rel}","templated":true}]}}