{"id":10001,"date":"2025-10-20T21:44:04","date_gmt":"2025-10-20T21:44:04","guid":{"rendered":"https:\/\/www.cltweb.org\/2025\/10\/20\/un-regard-sur-le-passe-et-sur-lavenir-du-mouvement-clt-aux-etats-unis\/"},"modified":"2025-10-20T21:59:26","modified_gmt":"2025-10-20T21:59:26","slug":"un-regard-sur-le-passe-et-sur-lavenir-du-mouvement-clt-aux-etats-unis","status":"publish","type":"post","link":"https:\/\/www.cltweb.org\/fr\/2025\/10\/20\/un-regard-sur-le-passe-et-sur-lavenir-du-mouvement-clt-aux-etats-unis\/","title":{"rendered":"Un regard sur le pass\u00e9 et sur l&#8217;avenir du mouvement CLT aux \u00c9tats-Unis"},"content":{"rendered":"\n<p><strong>Un discours de John Emmeus Davis, prononc\u00e9 lors de la conf\u00e9rence Midwest CLT \u00e0 Madison, Wisconsin, le 8 octobre 2025.<\/strong><\/p>\n\n<p><strong>Introduction de Greg Rosenberg : <\/strong>Olivia Williams, directrice ex\u00e9cutive du Madison Area CLT et organisatrice de la Midwest CLT Conference de cette ann\u00e9e, a demand\u00e9 \u00e0 John de faire un discours lors d&#8217;un d\u00e9jeuner le premier jour de la conf\u00e9rence sur le chemin parcouru par le mouvement CLT et sur la direction qu&#8217;il pense prendre. John a prononc\u00e9 son discours sans notes, et ce qui suit est une transcription de ses remarques. <\/p>\n\n<hr class=\"wp-block-separator has-alpha-channel-opacity\"\/>\n\n<p>Greg Rosenberg et moi avons discut\u00e9 ce matin (je suis chez lui, il m&#8217;h\u00e9berge gentiment). (Il m&#8217;a dit : &#8220;Qu&#8217;allez-vous dire aujourd&#8217;hui au d\u00e9jeuner ?&#8221;. J&#8217;ai r\u00e9pondu : &#8220;Olivia m&#8217;a demand\u00e9 d&#8217;examiner la trajectoire du mouvement CLT aux \u00c9tats-Unis. Au fait, je n&#8217;ai que douze minutes pour couvrir 50 ans d&#8217;histoire !&#8221;.     <\/p>\n\n<p>J&#8217;ai d\u00fb avouer \u00e0 Greg que j&#8217;\u00e9tais plus qu&#8217;intimid\u00e9 \u00e0 l&#8217;id\u00e9e de vous parler aujourd&#8217;hui parce que je suis plus un enseignant qu&#8217;un pr\u00e9dicateur. Je n&#8217;ai pas beaucoup d&#8217;exp\u00e9rience et je ne suis pas tr\u00e8s \u00e0 l&#8217;aise lorsqu&#8217;il s&#8217;agit de prononcer des discours inspirants devant un public comme le v\u00f4tre. En particulier \u00e0 une \u00e9poque o\u00f9 le gouvernement f\u00e9d\u00e9ral sombre dans le chaos, la cruaut\u00e9 et la corruption, il est vraiment difficile d&#8217;envisager de prononcer un discours devant un auditoire comme le v\u00f4tre. <strong><em>n&#8217;importe quel<\/em><\/strong> d&#8217;un discours inspirant.  <\/p>\n\n<p>Je dirais cependant que ce qui me retient <strong><em>me<\/em><\/strong> c&#8217;est le travail que vous <strong><em>vous<\/em><\/strong> que vous faites et que vous pr\u00e9voyez de faire. Vous m&#8217;inspirez. Cependant, parler du mouvement que vous \u00eates en train de construire me fait un peu penser \u00e0 quelqu&#8217;un qui va dans une friperie et ach\u00e8te des m\u00e9dailles militaires qu&#8217;il n&#8217;a pas gagn\u00e9es. Le fait que je parle de <strong><em>vos<\/em><\/strong> CLT, c&#8217;est un peu comme une valeur vol\u00e9e.     <\/p>\n\n<p>N\u00e9anmoins, je vais faire de mon mieux, m\u00eame si un individu malveillant semble avoir vol\u00e9 le t\u00e9l\u00e9prompteur. Je vais donc devoir divaguer un peu.   <\/p>\n\n<p>J&#8217;ai trois observations g\u00e9n\u00e9rales \u00e0 faire sur la trajectoire des community land trusts aux \u00c9tats-Unis. Premi\u00e8rement, l <strong>&#8216;histoire est importante<\/strong>. Deuxi\u00e8mement, la <g id=\"gid_1\">croissance se produit<\/g> m\u00eame dans les sols les plus rocailleux. Enfin, <strong>la pers\u00e9v\u00e9rance l&#8217;emporte<\/strong> m\u00eame dans les moments les plus sombres.     <\/p>\n\n<p>Olivia a fait allusion \u00e0 mon int\u00e9r\u00eat de longue date pour la documentation des racines du CLT. Greg l&#8217;a \u00e9galement mentionn\u00e9. Permettez-moi de vous demander combien d&#8217;entre vous ont assist\u00e9 \u00e0 la session d&#8217;hier sur l&#8217;histoire du CLT ? Et combien d&#8217;entre vous ont vu le documentaire <em>Art of Justice<\/em>?     <\/p>\n\n<p>Je me r\u00e9jouis de voir autant de mains. Je suis heureux de voir autant de mains. Je ne remonterai pas aussi loin dans le pass\u00e9 aujourd&#8217;hui, mais je vous invite \u00e0 vous raccrocher \u00e0 ces histoires, car l&#8217;histoire est importante. Nous devons reconna\u00eetre et nous souvenir des h\u00e9ros qui ont donn\u00e9 naissance au mouvement dont nous faisons partie.   <\/p>\n\n<p>J&#8217;ai une citation pr\u00e9f\u00e9r\u00e9e de Howard Zinn, l&#8217;auteur de <em>A People&#8217;s History of the United States<\/em>:  <\/p>\n\n<p>&#8220;L&#8217;histoire est importante. Si vous ne connaissez pas l&#8217;histoire, c&#8217;est comme si vous \u00e9tiez n\u00e9 hier. Et si vous \u00eates n\u00e9 hier, n&#8217;importe qui, l\u00e0-haut, dans une position de pouvoir, peut vous dire <em>n&#8217;importe quoi<\/em>.  <\/p>\n\n<p>L&#8217;administration actuelle de Washington DC sait certainement que l&#8217;histoire est importante. C&#8217;est pourquoi elle s&#8217;attaque aux mus\u00e9es, aux archives et aux biblioth\u00e8ques. C&#8217;est pourquoi ils se rendent dans les parcs nationaux et enl\u00e8vent les plaques qui daignent mentionner les personnes r\u00e9duites en esclavage, les terres vol\u00e9es ou les contributions des immigrants autres que ces &#8220;gentils&#8221; d&#8217;Europe du Nord et d&#8217;Angleterre.    <\/p>\n\n<p>Nous, qui travaillons avec les CLT, ne pouvons pas laisser les personnes au pouvoir r\u00e9viser notre histoire ou raconter notre histoire. Nous devons la raconter nous-m\u00eames. Nous devons la pr\u00e9server nous-m\u00eames. Car notre histoire commune est l&#8217;une des choses qui nous aideront \u00e0 surmonter les difficult\u00e9s \u00e0 venir.     <\/p>\n\n<p>Le CLT n&#8217;est pas un mod\u00e8le descendu d&#8217;en haut. Il a jailli de la base. Il est n\u00e9 des luttes et des aspirations des leaders afro-am\u00e9ricains des droits civiques dans le sud-ouest de la G\u00e9orgie. Il a \u00e9t\u00e9 affin\u00e9 au cours des deux d\u00e9cennies suivantes par un groupe h\u00e9t\u00e9roclite d&#8217;organisateurs communautaires, d&#8217;activistes citoyens, de travailleurs catholiques et d&#8217;administrateurs de logements \u00e0 but non lucratif, comme nombre d&#8217;entre vous.     <\/p>\n\n<p>Nous devons nous souvenir de ce qu&#8217;ils ont fait et nous inspirer de leurs r\u00e9cits de r\u00e9sistance et d&#8217;espoir. Nous devons <strong><em>avons<\/em><\/strong> de ces histoires, nous <strong><em>avons besoin<\/em><\/strong> Nous avons besoin de ces histoires, de ces h\u00e9ros parce que le travail que nous faisons est vraiment difficile &#8211; et risque de le devenir encore plus dans les ann\u00e9es \u00e0 venir. Se tourner vers le pass\u00e9 peut nous aider \u00e0 tenir le coup et \u00e0 rester ancr\u00e9s dans les valeurs qui nous ont pouss\u00e9s \u00e0 adopter ce mod\u00e8le de titularisation.  <\/p>\n\n<p>Ma propre histoire, ma propre immersion dans le mouvement CLT a commenc\u00e9 en 1980 lorsque j&#8217;ai rejoint une douzaine de personnes dans le sous-sol d&#8217;une \u00e9glise \u00e0 Boston. Nous nous sommes r\u00e9unis pour parler de l&#8217;\u00e9criture d&#8217;un deuxi\u00e8me livre sur les community land trusts. Le premier avait \u00e9t\u00e9 publi\u00e9 en 1972. L&#8217;auteur principal \u00e9tait Bob Swann. Ce livre avait d\u00e9fini le cadre conceptuel d&#8217;un &#8220;nouveau mod\u00e8le de propri\u00e9t\u00e9 fonci\u00e8re pour l&#8217;Am\u00e9rique&#8221;. Mais il \u00e9tait plus th\u00e9orique que pratique. Nous nous sommes donc r\u00e9unis \u00e0 Boston pour discuter de la r\u00e9daction d&#8217;un guide pratique sur la cr\u00e9ation et la gestion d&#8217;une fiducie fonci\u00e8re communautaire.        <\/p>\n\n<p>Nous pensions examiner des cas exemplaires et tirer des le\u00e7ons pratiques des CLT sur le terrain. Il n&#8217;y avait qu&#8217;un<strong><em>minuscule <\/em><\/strong>probl\u00e8me. Nous n&#8217;en avons pas trouv\u00e9 beaucoup sur lesquels \u00e9crire. Il y avait bien New Communities dans le sud-ouest de la G\u00e9orgie, mais il n&#8217;y avait qu&#8217;une poign\u00e9e d&#8217;autres CLT. Tous se trouvaient dans des zones rurales, \u00e0 l&#8217;exception d&#8217;un CLT urbain, la Community Land Cooperative de Cincinnati. Et l&#8217;ensemble de son portefeuille est constitu\u00e9 d&#8217;un seul <strong><em>seule<\/em><\/strong>maison occup\u00e9e par son propri\u00e9taire.       <\/p>\n\n<p>D&#8217;une certaine mani\u00e8re, nous nous sommes retrouv\u00e9s \u00e0 \u00e9crire sur un tigre de papier. Nous avons parl\u00e9 avec assurance des community land trusts comme d&#8217;un &#8220;mouvement&#8221;, mais c&#8217;\u00e9tait au mieux une hyperbole &#8211; et peut-\u00eatre un peu d&#8217;orgueil d\u00e9mesur\u00e9. Mais nous avons tenu bon. Nous avons r\u00e9ussi \u00e0 produire <g id=\"gid_0\">le<\/g> <g id=\"gid_1\">Community Land Trust Handbook<\/g>. Il a \u00e9t\u00e9 publi\u00e9 par Rodale Press en 1982.      <\/p>\n\n<p>La plupart des illustrations ont \u00e9t\u00e9 r\u00e9alis\u00e9es par une merveilleuse artiste, Bonnie Acker. J&#8217;ai un faible pour cette artiste, car quelques ann\u00e9es plus tard, j&#8217;ai eu la chance de l&#8217;\u00e9pouser. <\/p>\n\n<p>En 1992, lorsque je suis arriv\u00e9 \u00e0 Madison et que j&#8217;ai rencontr\u00e9 Sol Levin au Madison Area Community Land Trust, il y avait d\u00e9j\u00e0 pr\u00e8s d&#8217;un million d&#8217;habitants \u00e0 Madison, dont la plupart \u00e9taient des femmes. \u00c0 l&#8217;\u00e9poque, il y avait pr\u00e8s d&#8217;une <strong><em>centaine<\/em><\/strong> community land trusts aux \u00c9tats-Unis ! En une douzaine d&#8217;ann\u00e9es, nous sommes pass\u00e9s d&#8217;une demi-douzaine de CLT, au moment de la r\u00e9daction du <em>manuel,<\/em> \u00e0 pr\u00e8s d&#8217;une centaine en 1992.    <\/p>\n\n<p>Cette croissance s&#8217;est produite au cours d&#8217;une p\u00e9riode <strong><em>vraiment<\/em><\/strong> p\u00e9riode tr\u00e8s difficile. Que se passait-il dans les ann\u00e9es 1980 ?   <\/p>\n\n<p>Des centaines de caisses d&#8217;\u00e9pargne et de cr\u00e9dit ont fait faillite pour cause de fraude, de d\u00e9r\u00e9glementation et parce qu&#8217;elles avaient consenti de nombreux pr\u00eats douteux. Les autres banques ont donc \u00e9t\u00e9 effray\u00e9es et ont adopt\u00e9 une approche non interventionniste en mati\u00e8re de pr\u00eats hypoth\u00e9caires. Elles disaient : &#8220;Nous ne voulons pas pr\u00eater \u00e0 des personnes vivant dans des quartiers \u00e0 faibles revenus ou \u00e0 des personnes vivant dans des logements sociaux. Ils sont risqu\u00e9s. Nous ne voulons pas leur pr\u00eater de l&#8217;argent&#8221;.    <\/p>\n\n<p>Le foss\u00e9 de l&#8217;accessibilit\u00e9 s&#8217;est creus\u00e9. Les taux d&#8217;accession \u00e0 la propri\u00e9t\u00e9 diminuaient. Les gens ne pouvaient plus se permettre d&#8217;acc\u00e9der \u00e0 la propri\u00e9t\u00e9. Pour la premi\u00e8re fois depuis la Grande D\u00e9pression, le nombre de sans-abri a commenc\u00e9 \u00e0 augmenter aux \u00c9tats-Unis.     <\/p>\n\n<p>\u00c0 Washington, Ronald Reagan a pris ses fonctions de pr\u00e9sident. Son administration a imm\u00e9diatement commenc\u00e9 \u00e0 d\u00e9frayer et \u00e0 supprimer de nombreux programmes h\u00e9rit\u00e9s du New Deal et de la Great Society. Ils ont d\u00e9mantel\u00e9 le filet de s\u00e9curit\u00e9 sociale dont les gens d\u00e9pendaient.    <\/p>\n\n<p>Dans le &#8220;Great Big Beautiful Bill&#8221; de l&#8217;\u00e9poque, le GOP a retir\u00e9 de l&#8217;argent aux bons alimentaires, \u00e0 Medicaid et aux services pour les malades mentaux. Il a retir\u00e9 de l&#8217;argent au logement et au d\u00e9veloppement communautaire. Et ils ont donn\u00e9 la majeure partie de cet argent \u00e0 l&#8217;arm\u00e9e, dans le cadre du plus grand renforcement militaire de notre histoire.  <\/p>\n\n<p>C&#8217;\u00e9tait donc une p\u00e9riode assez difficile pour essayer de mettre en place quelque chose comme une fiducie fonci\u00e8re communautaire. L&#8217;environnement politique n&#8217;\u00e9tait peut-\u00eatre pas aussi dur que celui auquel nous sommes confront\u00e9s aujourd&#8217;hui, mais le sol \u00e9tait plut\u00f4t rocailleux. Malgr\u00e9 cela, les community land trusts ont commenc\u00e9 \u00e0 prendre racine et \u00e0 prolif\u00e9rer.    <\/p>\n\n<p>Lorsque je suis arriv\u00e9 \u00e0 Madison en 1992, il y avait vraiment un &#8220;mouvement&#8221; en gestation. Il ne s&#8217;agissait pas seulement d&#8217;une aspiration pleine d&#8217;espoir. Des gens comme vous \u00e9taient descendus dans la rue, dans les quartiers et dans les villes et avaient commenc\u00e9 \u00e0 cr\u00e9er des fiducies fonci\u00e8res communautaires. Il y a eu une croissance en <strong><em>malgr\u00e9<\/em><\/strong> de l&#8217;environnement \u00e9conomique et politique dans lequel ils travaillaient.   <\/p>\n\n<p>Cet environnement difficile a \u00e9galement eu pour effet d&#8217;attirer un groupe inattendu d&#8217;alli\u00e9s \u00e0 notre travail : les fonctionnaires municipaux. Qui aurait pu imaginer que notre petit mod\u00e8le de titularisation, plut\u00f4t \u00e9trange, attirerait l&#8217;attention des villes, des comt\u00e9s et des communes et obtiendrait leur soutien ? Mais alors que le gouvernement f\u00e9d\u00e9ral se retirait du logement et du d\u00e9veloppement communautaire, les municipalit\u00e9s ont soudain d\u00e9clar\u00e9 : &#8220;Nous devons nous assurer que le peu d&#8217;argent qu&#8217;il nous reste ne peut pas \u00eatre perdu. Si nous voulons investir dans le logement abordable et la revitalisation des communaut\u00e9s, nous ne pouvons pas nous permettre de voir partir ces fonds. Nous devons les bloquer&#8221;.    <\/p>\n\n<p>Plus tard, j&#8217;ai commenc\u00e9 \u00e0 parler de &#8220;boucher le trou dans le seau perc\u00e9 de la politique publique&#8221;. Ville apr\u00e8s ville, nous n&#8217;avons jamais beaucoup progress\u00e9 dans la r\u00e9solution du probl\u00e8me du logement abordable parce que, aussi vite que nous d\u00e9versions de l&#8217;argent dans le haut du seau, aussi vite que nous cr\u00e9ions des logements abordables, nous les laissions fuir par le bas, sur le march\u00e9.   <\/p>\n\n<p>Les fonds fonciers communautaires \u00e9taient bien plac\u00e9s pour intervenir et dire aux villes : &#8220;Nous avons une solution \u00e0 votre probl\u00e8me. Nous pouvons boucher le trou de votre seau qui fuit. Nous travaillerons avec vous. Nous travaillerons avec les CDC. Nous travaillerons avec Habitat for Humanity et n&#8217;importe qui d&#8217;autre pour cr\u00e9er les logements. Mais une fois que vous les avez cr\u00e9\u00e9s, que font les CLT ? Nous assurons la gestion. <strong><em>Nous nous portons garants de l&#8217;accord pour toujours<\/em><\/strong>Nous nous engageons \u00e0 respecter l&#8217;accord pour toujours : prot\u00e9ger l&#8217;accessibilit\u00e9 financi\u00e8re, prot\u00e9ger l&#8217;\u00e9tat des logements, emp\u00eacher le d\u00e9placement des personnes de leur logement. L&#8217;intendance est ce que nous faisons de mieux&#8221;. Tout d&#8217;un coup, une poign\u00e9e de villes, ici et l\u00e0, ont commenc\u00e9 \u00e0 travailler en partenariat avec des fonds fonciers communautaires.        <\/p>\n\n<p>Ce qui a commenc\u00e9 comme un petit filet d&#8217;eau dans les ann\u00e9es 1980 et au d\u00e9but des ann\u00e9es 1990 est aujourd&#8217;hui devenu une sorte de ruisseau imp\u00e9tueux. La plupart d&#8217;entre vous ont re\u00e7u une copie du rapport r\u00e9dig\u00e9 par Kristin King-Ries et moi-m\u00eame, publi\u00e9 par le Lincoln Institute of Land Policy l&#8217;ann\u00e9e derni\u00e8re. Ce que nous avons document\u00e9 dans notre rapport, c&#8217;est le nombre croissant de villes, de communes, de comt\u00e9s, de fonds d&#8217;affectation sp\u00e9ciale pour le logement, de banques fonci\u00e8res publiques et d&#8217;autres entit\u00e9s municipales qui s&#8217;engagent en faveur de l&#8217;accessibilit\u00e9 \u00e0 long terme lorsqu&#8217;ils investissent dans le logement. Nombre d&#8217;entre elles ont \u00e9galement compris qu&#8217;il n&#8217;existe pas de convention qui s&#8217;applique d&#8217;elle-m\u00eame. Pour prot\u00e9ger l&#8217;accessibilit\u00e9, il faut que quelqu&#8217;un se porte garant de l&#8217;accord.      <\/p>\n\n<p>Et c&#8217;est nous. L&#8217;intendance est ce que nous faisons mieux que quiconque.   <\/p>\n\n<p>Il existe aujourd&#8217;hui quelque 350 community land trusts aux \u00c9tats-Unis. Je ne dirai pas que cette croissance est enti\u00e8rement due aux villes et aux comt\u00e9s &#8211; et m\u00eame \u00e0 certains \u00c9tats &#8211; qui s&#8217;engagent dans un partenariat avec les CLT. Il faut toujours que des gens comme vous fassent le dur travail d&#8217;organisation des communaut\u00e9s et de gestion des CLT. Mais le soutien des gouvernements au-dessous du niveau f\u00e9d\u00e9ral a certainement \u00e9t\u00e9 un facteur contributif.     <\/p>\n\n<p>Gr\u00e2ce au soutien des municipalit\u00e9s et aux efforts de personnes comme vous, le nombre de CLT a augment\u00e9, la taille de leurs zones de service s&#8217;est \u00e9largie et leurs portefeuilles se sont \u00e9toff\u00e9s.  <\/p>\n\n<p>Et leurs portefeuilles se sont diversifi\u00e9s. Les CLT ne font plus seulement de l&#8217;accession \u00e0 la propri\u00e9t\u00e9. Ils proposent \u00e9galement des logements locatifs, des refuges pour sans-abri, des logements de transition, des coop\u00e9ratives et des condominiums. Beaucoup de community land trusts font plus que du logement. Ils font de l&#8217;agriculture urbaine. Ils cr\u00e9ent des bureaux. Ils d\u00e9veloppent des lieux pour les petites entreprises et des installations pour d&#8217;autres organisations \u00e0 but non lucratif. La diversification des activit\u00e9s et des portefeuilles des CLT du pays est devenue tr\u00e8s importante.         <\/p>\n\n<p>L&#8217;autre \u00e9volution majeure que nous avons not\u00e9e dans notre rapport est la mont\u00e9e en puissance de coalitions comme la v\u00f4tre. Je pense que c&#8217;est une tr\u00e8s bonne chose. Pour les ann\u00e9es \u00e0 venir, nous aurons toujours besoin de Grounded Solutions, mais nous aurons \u00e9galement besoin de r\u00e9seaux CLT solides \u00e0 l&#8217;\u00e9chelle des m\u00e9tropoles, des \u00c9tats et des r\u00e9gions. Nous sommes tous dans le m\u00eame bateau. La seule fa\u00e7on de traverser les prochaines ann\u00e9es de dysfonctionnement f\u00e9d\u00e9ral est de se soutenir mutuellement.    <\/p>\n\n<p>En faisant cela, en travaillant ensemble pour construire et soutenir un mouvement CLT national, <strong><em>ne n\u00e9gligez pas les fonctionnaires<\/em><\/strong>. J&#8217;ai ici un chiffre que j&#8217;ai trouv\u00e9 assez surprenant. En 2022, les \u00c9tats-Unis comptaient <strong>90 837<\/strong> unit\u00e9s de gouvernement local ! Il s&#8217;agit des administrations municipales, des gouvernements des villes, des gouvernements des comt\u00e9s et des districts sp\u00e9ciaux pour les transports, les services publics, les parcs, etc. Toutes ces entit\u00e9s disposent de ressources. Elles ont des terres. Elles ont de l&#8217;argent. Elles ont des pouvoirs r\u00e9glementaires qui peuvent aider ou entraver les projets d&#8217;un CLT.       <\/p>\n\n<p>Je ne dis pas que l&#8217;ensemble de ces 90 000 collectivit\u00e9s locales vont \u00eatre vos amis. Elles ne sont pas toutes pr\u00eates \u00e0 s&#8217;avancer et \u00e0 devenir vos amis. Certaines le sont, d&#8217;autres non. Mais quand ce n&#8217;est pas le cas, vous devez mettre votre chapeau d&#8217;organisateur communautaire. Les collectivit\u00e9s locales sont beaucoup plus sensibles \u00e0 la pression et \u00e0 la persuasion que les gouvernements au niveau de l&#8217;\u00c9tat ou du gouvernement f\u00e9d\u00e9ral.    <\/p>\n\n<p>Je dois conclure dans un instant car on m&#8217;a demand\u00e9 de parler rapidement. J&#8217;ai probablement d\u00e9j\u00e0 d\u00e9pass\u00e9 le temps qui m&#8217;\u00e9tait imparti. Mais je m&#8217;en voudrais de ne pas mentionner le Centre international pour les CLT.    <\/p>\n\n<p>Greg et moi-m\u00eame, ainsi que nos coll\u00e8gues du Centre, sommes tr\u00e8s enthousiastes \u00e0 propos de ce qui se passe en dehors des \u00c9tats-Unis. Il y a maintenant autant de community land trusts dans d&#8217;autres pays qu&#8217;ici aux \u00c9tats-Unis. Ils s&#8217;inspirent et s&#8217;informent aupr\u00e8s de vous tous.    <\/p>\n\n<p>Mais ils appliquent \u00e9galement <strong><em>appliquent<\/em><\/strong> le mod\u00e8le d&#8217;une nouvelle mani\u00e8re. Ils <strong><em>structurent<\/em><\/strong> CLT de nouvelles fa\u00e7ons. Ils <strong><em>organisent<\/em><\/strong> et <strong><em>s&#8217;engagent<\/em><\/strong> leurs communaut\u00e9s d&#8217;une nouvelle mani\u00e8re. Comme notre ami Jeff Corey avait l&#8217;habitude de le dire, ils &#8220;gardent les bords chauds&#8221;.   <\/p>\n\n<p>Nous avons donc beaucoup \u00e0 apprendre d&#8217;eux, m\u00eame s&#8217;ils continuent \u00e0 apprendre de nous. Une partie de notre mission au Centre CLT est de favoriser cette fertilisation transnationale et ces interactions entre pairs, afin que les gens <strong><em>puissent<\/em><\/strong> apprendre les uns des autres. <\/p>\n\n<p>Il y a une autre chose tr\u00e8s importante que nous pouvons apprendre de nos coll\u00e8gues d&#8217;autres pays : <strong><em>la pers\u00e9v\u00e9rance<\/em><\/strong>. Le conseil d&#8217;administration du Centre CLT compte aujourd&#8217;hui des personnes originaires de sept ou huit pays diff\u00e9rents. Un membre du conseil vient d&#8217;Espagne. Nous avons un membre du conseil d&#8217;administration qui vient d&#8217;Afrique du Sud. Nous avons un membre du conseil d&#8217;administration qui vient du Br\u00e9sil. Chaque pays a connu sa propre nuit noire de l&#8217;autoritarisme, semblable \u00e0 ce qui se passe ici.       <\/p>\n\n<p>Les membres de notre conseil d&#8217;administration sont trop jeunes pour avoir particip\u00e9 \u00e0 la r\u00e9sistance contre Franco en Espagne, \u00e0 la lutte contre l&#8217;apartheid en Afrique du Sud ou \u00e0 la lutte contre les dictatures militaires au Br\u00e9sil. (D&#8217;un autre c\u00f4t\u00e9, quelques-uns de nos coll\u00e8gues br\u00e9siliens ont v\u00e9cu le r\u00e9gime de Bolsonaro, souvent appel\u00e9 le &#8220;Trump sud-am\u00e9ricain&#8221;. Ils ont d\u00fb endurer cela).    <\/p>\n\n<p>Mais la contribution vitale que nos coll\u00e8gues de la CLT apportent en ce moment n&#8217;est pas une r\u00e9sistance mais une reconstruction. Ils aident \u00e0 reconstruire la soci\u00e9t\u00e9 civile et \u00e0 reconstruire la d\u00e9mocratie <strong><em>apr\u00e8s que<\/em><\/strong> la vague d&#8217;autoritarisme s&#8217;est retir\u00e9e de leurs c\u00f4tes. <\/p>\n\n<p>C&#8217;est ce que <strong><em>nous<\/em><\/strong> Nous devrons le faire. C&#8217;est la t\u00e2che qui incombe aux CLT et aux organisations \u00e0 but non lucratif similaires ici aux \u00c9tats-Unis. Nous serons appel\u00e9s \u00e0 contribuer \u00e0 la reconstruction de la soci\u00e9t\u00e9 civile et de nos propres communaut\u00e9s une fois que le chaos de l&#8217;\u00e8re actuelle sera termin\u00e9.    <\/p>\n\n<p>J&#8217;ai commenc\u00e9 par une citation disant que <em>l&#8217;histoire est importante<\/em>. Je vais terminer par une citation affirmant que <em>la pers\u00e9v\u00e9rance<\/em> <em>l&#8217;emporte<\/em>, en particulier dans les moments les plus sombres. <\/p>\n\n<p>Il y a quelques semaines, la <sup>80e<\/sup> Assembl\u00e9e g\u00e9n\u00e9rale des Nations unies s&#8217;est tenue \u00e0 New York. Notre pr\u00e9sident a prononc\u00e9 un discours que l&#8217;on ne peut que qualifier de &#8220;d\u00e9lirant&#8221;. Malheureusement, il a \u00e9clips\u00e9 le discours d&#8217;ouverture plus puissant du secr\u00e9taire g\u00e9n\u00e9ral des Nations unies. Dans sa jeunesse au Portugal, Ant\u00f3nio Guterres a v\u00e9cu sous une dictature. En r\u00e9fl\u00e9chissant \u00e0 cette exp\u00e9rience, il a dit ceci :    <\/p>\n\n<p>&#8220;M\u00eame dans les heures les plus sombres, j&#8217;ai d\u00e9couvert une v\u00e9rit\u00e9 qui ne m&#8217;a jamais quitt\u00e9e : le pouvoir ne r\u00e9side pas dans les mains de ceux qui dominent ou divisent. Le v\u00e9ritable pouvoir r\u00e9side dans les personnes, dans notre volont\u00e9 commune de pr\u00e9server la dignit\u00e9, de d\u00e9fendre l&#8217;\u00e9galit\u00e9, de croire &#8211; avec force &#8211; en notre humanit\u00e9 commune et au potentiel de chaque \u00eatre humain.   <\/p>\n\n<p>J&#8217;ai appris tr\u00e8s t\u00f4t \u00e0 pers\u00e9v\u00e9rer. \u00c0 m&#8217;exprimer. \u00c0 refuser de se rendre, quel que soit le d\u00e9fi, quel que soit l&#8217;obstacle, quelle que soit l&#8217;heure. Nous devons vaincre et nous vaincrons&#8221;.  <\/p>\n\n<p>Nous vous remercions.<\/p>\n","protected":false},"excerpt":{"rendered":"<p>John Emmeus Davis s&#8217;est adress\u00e9 aux participants de la conf\u00e9rence 2025 Midwest CLT sur le pass\u00e9 et l&#8217;avenir possible du mouvement CLT aux \u00c9tats-Unis, et sur ce que nous pouvons faire pour traverser cette p\u00e9riode difficile. Il s&#8217;agit d&#8217;une transcription de ses remarques extemporan\u00e9es.<\/p>\n","protected":false},"author":1,"featured_media":0,"comment_status":"closed","ping_status":"open","sticky":false,"template":"","format":"standard","meta":{"give_campaign_id":0,"_tec_requires_first_save":true,"_kad_blocks_custom_css":"","_kad_blocks_head_custom_js":"","_kad_blocks_body_custom_js":"","_kad_blocks_footer_custom_js":"","_EventAllDay":false,"_EventTimezone":"","_EventStartDate":"","_EventEndDate":"","_EventStartDateUTC":"","_EventEndDateUTC":"","_EventShowMap":false,"_EventShowMapLink":false,"_EventURL":"","_EventCost":"","_EventCostDescription":"","_EventCurrencySymbol":"","_EventCurrencyCode":"","_EventCurrencyPosition":"","_EventDateTimeSeparator":"","_EventTimeRangeSeparator":"","_EventOrganizerID":[],"_EventVenueID":[],"_OrganizerEmail":"","_OrganizerPhone":"","_OrganizerWebsite":"","_VenueAddress":"","_VenueCity":"","_VenueCountry":"","_VenueProvince":"","_VenueState":"","_VenueZip":"","_VenuePhone":"","_VenueURL":"","_VenueStateProvince":"","_VenueLat":"","_VenueLng":"","_VenueShowMap":false,"_VenueShowMapLink":false,"_tribe_blocks_recurrence_rules":"","_tribe_blocks_recurrence_description":"","_tribe_blocks_recurrence_exclusions":"","_jetpack_memberships_contains_paid_content":false,"footnotes":""},"categories":[292],"tags":[],"class_list":["post-10001","post","type-post","status-publish","format-standard","hentry","category-blogs-fr"],"blocksy_meta":[],"yoast_head":"<!-- This site is optimized with the Yoast SEO Premium plugin v27.4 (Yoast SEO v27.5) - https:\/\/yoast.com\/product\/yoast-seo-premium-wordpress\/ -->\n<title>Un regard sur le pass\u00e9 et sur l&#039;avenir du mouvement CLT aux \u00c9tats-Unis - International Center for Community Land Trusts<\/title>\n<meta name=\"robots\" content=\"index, follow, max-snippet:-1, max-image-preview:large, max-video-preview:-1\" \/>\n<link rel=\"canonical\" href=\"https:\/\/www.cltweb.org\/fr\/2025\/10\/20\/un-regard-sur-le-passe-et-sur-lavenir-du-mouvement-clt-aux-etats-unis\/\" \/>\n<meta property=\"og:locale\" content=\"fr_FR\" \/>\n<meta property=\"og:type\" content=\"article\" \/>\n<meta property=\"og:title\" content=\"Un regard sur le pass\u00e9 et sur l&#039;avenir du mouvement CLT aux \u00c9tats-Unis\" \/>\n<meta property=\"og:description\" content=\"John Emmeus Davis s&#039;est adress\u00e9 aux participants de la conf\u00e9rence 2025 Midwest CLT sur le pass\u00e9 et l&#039;avenir possible du mouvement CLT aux \u00c9tats-Unis, et sur ce que nous pouvons faire pour traverser cette p\u00e9riode difficile. Il s&#039;agit d&#039;une transcription de ses remarques extemporan\u00e9es.\" \/>\n<meta property=\"og:url\" content=\"https:\/\/www.cltweb.org\/fr\/2025\/10\/20\/un-regard-sur-le-passe-et-sur-lavenir-du-mouvement-clt-aux-etats-unis\/\" \/>\n<meta property=\"og:site_name\" content=\"International Center for Community Land Trusts\" \/>\n<meta property=\"article:publisher\" content=\"https:\/\/www.facebook.com\/cltcenter\" \/>\n<meta property=\"article:published_time\" content=\"2025-10-20T21:44:04+00:00\" \/>\n<meta property=\"article:modified_time\" content=\"2025-10-20T21:59:26+00:00\" \/>\n<meta name=\"author\" content=\"cltredesign_0jp0l4\" \/>\n<meta name=\"twitter:card\" content=\"summary_large_image\" \/>\n<meta name=\"twitter:creator\" content=\"@Center4CLTs\" \/>\n<meta name=\"twitter:site\" content=\"@Center4CLTs\" \/>\n<meta name=\"twitter:label1\" content=\"\u00c9crit par\" \/>\n\t<meta name=\"twitter:data1\" content=\"cltredesign_0jp0l4\" \/>\n\t<meta name=\"twitter:label2\" content=\"Dur\u00e9e de lecture estim\u00e9e\" \/>\n\t<meta name=\"twitter:data2\" content=\"16 minutes\" \/>\n<script type=\"application\/ld+json\" class=\"yoast-schema-graph\">{\"@context\":\"https:\\\/\\\/schema.org\",\"@graph\":[{\"@type\":\"Article\",\"@id\":\"https:\\\/\\\/www.cltweb.org\\\/fr\\\/2025\\\/10\\\/20\\\/un-regard-sur-le-passe-et-sur-lavenir-du-mouvement-clt-aux-etats-unis\\\/#article\",\"isPartOf\":{\"@id\":\"https:\\\/\\\/www.cltweb.org\\\/fr\\\/2025\\\/10\\\/20\\\/un-regard-sur-le-passe-et-sur-lavenir-du-mouvement-clt-aux-etats-unis\\\/\"},\"author\":{\"name\":\"cltredesign_0jp0l4\",\"@id\":\"https:\\\/\\\/www.cltweb.org\\\/fr\\\/#\\\/schema\\\/person\\\/afd3723291b60b81c27772953e5b49d6\"},\"headline\":\"Un regard sur le pass\u00e9 et sur l&#8217;avenir du mouvement CLT aux \u00c9tats-Unis\",\"datePublished\":\"2025-10-20T21:44:04+00:00\",\"dateModified\":\"2025-10-20T21:59:26+00:00\",\"mainEntityOfPage\":{\"@id\":\"https:\\\/\\\/www.cltweb.org\\\/fr\\\/2025\\\/10\\\/20\\\/un-regard-sur-le-passe-et-sur-lavenir-du-mouvement-clt-aux-etats-unis\\\/\"},\"wordCount\":3417,\"publisher\":{\"@id\":\"https:\\\/\\\/www.cltweb.org\\\/fr\\\/#organization\"},\"articleSection\":[\"Blogs\"],\"inLanguage\":\"fr-FR\"},{\"@type\":\"WebPage\",\"@id\":\"https:\\\/\\\/www.cltweb.org\\\/fr\\\/2025\\\/10\\\/20\\\/un-regard-sur-le-passe-et-sur-lavenir-du-mouvement-clt-aux-etats-unis\\\/\",\"url\":\"https:\\\/\\\/www.cltweb.org\\\/fr\\\/2025\\\/10\\\/20\\\/un-regard-sur-le-passe-et-sur-lavenir-du-mouvement-clt-aux-etats-unis\\\/\",\"name\":\"Un regard sur le pass\u00e9 et sur l'avenir du mouvement CLT aux \u00c9tats-Unis - International Center for Community Land Trusts\",\"isPartOf\":{\"@id\":\"https:\\\/\\\/www.cltweb.org\\\/fr\\\/#website\"},\"datePublished\":\"2025-10-20T21:44:04+00:00\",\"dateModified\":\"2025-10-20T21:59:26+00:00\",\"breadcrumb\":{\"@id\":\"https:\\\/\\\/www.cltweb.org\\\/fr\\\/2025\\\/10\\\/20\\\/un-regard-sur-le-passe-et-sur-lavenir-du-mouvement-clt-aux-etats-unis\\\/#breadcrumb\"},\"inLanguage\":\"fr-FR\",\"potentialAction\":[{\"@type\":\"ReadAction\",\"target\":[\"https:\\\/\\\/www.cltweb.org\\\/fr\\\/2025\\\/10\\\/20\\\/un-regard-sur-le-passe-et-sur-lavenir-du-mouvement-clt-aux-etats-unis\\\/\"]}]},{\"@type\":\"BreadcrumbList\",\"@id\":\"https:\\\/\\\/www.cltweb.org\\\/fr\\\/2025\\\/10\\\/20\\\/un-regard-sur-le-passe-et-sur-lavenir-du-mouvement-clt-aux-etats-unis\\\/#breadcrumb\",\"itemListElement\":[{\"@type\":\"ListItem\",\"position\":1,\"name\":\"Home\",\"item\":\"https:\\\/\\\/www.cltweb.org\\\/fr\\\/\"},{\"@type\":\"ListItem\",\"position\":2,\"name\":\"Un regard sur le pass\u00e9 et sur l&rsquo;avenir du mouvement CLT aux \u00c9tats-Unis\"}]},{\"@type\":\"WebSite\",\"@id\":\"https:\\\/\\\/www.cltweb.org\\\/fr\\\/#website\",\"url\":\"https:\\\/\\\/www.cltweb.org\\\/fr\\\/\",\"name\":\"International Center for Community Land Trusts\",\"description\":\"\",\"publisher\":{\"@id\":\"https:\\\/\\\/www.cltweb.org\\\/fr\\\/#organization\"},\"potentialAction\":[{\"@type\":\"SearchAction\",\"target\":{\"@type\":\"EntryPoint\",\"urlTemplate\":\"https:\\\/\\\/www.cltweb.org\\\/fr\\\/?s={search_term_string}\"},\"query-input\":{\"@type\":\"PropertyValueSpecification\",\"valueRequired\":true,\"valueName\":\"search_term_string\"}}],\"inLanguage\":\"fr-FR\"},{\"@type\":\"Organization\",\"@id\":\"https:\\\/\\\/www.cltweb.org\\\/fr\\\/#organization\",\"name\":\"International Center for Community Land Trusts\",\"url\":\"https:\\\/\\\/www.cltweb.org\\\/fr\\\/\",\"logo\":{\"@type\":\"ImageObject\",\"inLanguage\":\"fr-FR\",\"@id\":\"https:\\\/\\\/www.cltweb.org\\\/fr\\\/#\\\/schema\\\/logo\\\/image\\\/\",\"url\":\"https:\\\/\\\/www.cltweb.org\\\/wp-content\\\/uploads\\\/2024\\\/11\\\/New-CLT-Center-Text-logo.png\",\"contentUrl\":\"https:\\\/\\\/www.cltweb.org\\\/wp-content\\\/uploads\\\/2024\\\/11\\\/New-CLT-Center-Text-logo.png\",\"width\":227,\"height\":80,\"caption\":\"International Center for Community Land Trusts\"},\"image\":{\"@id\":\"https:\\\/\\\/www.cltweb.org\\\/fr\\\/#\\\/schema\\\/logo\\\/image\\\/\"},\"sameAs\":[\"https:\\\/\\\/www.facebook.com\\\/cltcenter\",\"https:\\\/\\\/x.com\\\/Center4CLTs\",\"https:\\\/\\\/www.instagram.com\\\/cltcenter\\\/\",\"https:\\\/\\\/www.linkedin.com\\\/company\\\/cltcenter\",\"https:\\\/\\\/www.youtube.com\\\/@centerforcltinnovation5313\"],\"description\":\"The International Center for Community Land Trusts is a not-for-profit nongovernmental organization established in 2018 to promote and to support community land trusts and similar strategies of community-led development on community-owned land in countries throughout the world.\",\"email\":\"info@communitylandtrust.net\",\"legalName\":\"International Center for Community Land Trusts\",\"foundingDate\":\"2018-12-01\",\"taxID\":\"84-3858933\",\"numberOfEmployees\":{\"@type\":\"QuantitativeValue\",\"minValue\":\"1\",\"maxValue\":\"10\"}},{\"@type\":\"Person\",\"@id\":\"https:\\\/\\\/www.cltweb.org\\\/fr\\\/#\\\/schema\\\/person\\\/afd3723291b60b81c27772953e5b49d6\",\"name\":\"cltredesign_0jp0l4\",\"image\":{\"@type\":\"ImageObject\",\"inLanguage\":\"fr-FR\",\"@id\":\"https:\\\/\\\/secure.gravatar.com\\\/avatar\\\/1012e57596c2454da589d773454d3eb22a64f2ff638e62850caeb654f3affad5?s=96&d=mm&r=g\",\"url\":\"https:\\\/\\\/secure.gravatar.com\\\/avatar\\\/1012e57596c2454da589d773454d3eb22a64f2ff638e62850caeb654f3affad5?s=96&d=mm&r=g\",\"contentUrl\":\"https:\\\/\\\/secure.gravatar.com\\\/avatar\\\/1012e57596c2454da589d773454d3eb22a64f2ff638e62850caeb654f3affad5?s=96&d=mm&r=g\",\"caption\":\"cltredesign_0jp0l4\"},\"sameAs\":[\"https:\\\/\\\/icclt.org\"],\"url\":\"https:\\\/\\\/www.cltweb.org\\\/fr\\\/author\\\/cltredesign_0jp0l4\\\/\"}]}<\/script>\n<!-- \/ Yoast SEO Premium plugin. -->","yoast_head_json":{"title":"Un regard sur le pass\u00e9 et sur l'avenir du mouvement CLT aux \u00c9tats-Unis - International Center for Community Land Trusts","robots":{"index":"index","follow":"follow","max-snippet":"max-snippet:-1","max-image-preview":"max-image-preview:large","max-video-preview":"max-video-preview:-1"},"canonical":"https:\/\/www.cltweb.org\/fr\/2025\/10\/20\/un-regard-sur-le-passe-et-sur-lavenir-du-mouvement-clt-aux-etats-unis\/","og_locale":"fr_FR","og_type":"article","og_title":"Un regard sur le pass\u00e9 et sur l'avenir du mouvement CLT aux \u00c9tats-Unis","og_description":"John Emmeus Davis s'est adress\u00e9 aux participants de la conf\u00e9rence 2025 Midwest CLT sur le pass\u00e9 et l'avenir possible du mouvement CLT aux \u00c9tats-Unis, et sur ce que nous pouvons faire pour traverser cette p\u00e9riode difficile. Il s'agit d'une transcription de ses remarques extemporan\u00e9es.","og_url":"https:\/\/www.cltweb.org\/fr\/2025\/10\/20\/un-regard-sur-le-passe-et-sur-lavenir-du-mouvement-clt-aux-etats-unis\/","og_site_name":"International Center for Community Land Trusts","article_publisher":"https:\/\/www.facebook.com\/cltcenter","article_published_time":"2025-10-20T21:44:04+00:00","article_modified_time":"2025-10-20T21:59:26+00:00","author":"cltredesign_0jp0l4","twitter_card":"summary_large_image","twitter_creator":"@Center4CLTs","twitter_site":"@Center4CLTs","twitter_misc":{"\u00c9crit par":"cltredesign_0jp0l4","Dur\u00e9e de lecture estim\u00e9e":"16 minutes"},"schema":{"@context":"https:\/\/schema.org","@graph":[{"@type":"Article","@id":"https:\/\/www.cltweb.org\/fr\/2025\/10\/20\/un-regard-sur-le-passe-et-sur-lavenir-du-mouvement-clt-aux-etats-unis\/#article","isPartOf":{"@id":"https:\/\/www.cltweb.org\/fr\/2025\/10\/20\/un-regard-sur-le-passe-et-sur-lavenir-du-mouvement-clt-aux-etats-unis\/"},"author":{"name":"cltredesign_0jp0l4","@id":"https:\/\/www.cltweb.org\/fr\/#\/schema\/person\/afd3723291b60b81c27772953e5b49d6"},"headline":"Un regard sur le pass\u00e9 et sur l&#8217;avenir du mouvement CLT aux \u00c9tats-Unis","datePublished":"2025-10-20T21:44:04+00:00","dateModified":"2025-10-20T21:59:26+00:00","mainEntityOfPage":{"@id":"https:\/\/www.cltweb.org\/fr\/2025\/10\/20\/un-regard-sur-le-passe-et-sur-lavenir-du-mouvement-clt-aux-etats-unis\/"},"wordCount":3417,"publisher":{"@id":"https:\/\/www.cltweb.org\/fr\/#organization"},"articleSection":["Blogs"],"inLanguage":"fr-FR"},{"@type":"WebPage","@id":"https:\/\/www.cltweb.org\/fr\/2025\/10\/20\/un-regard-sur-le-passe-et-sur-lavenir-du-mouvement-clt-aux-etats-unis\/","url":"https:\/\/www.cltweb.org\/fr\/2025\/10\/20\/un-regard-sur-le-passe-et-sur-lavenir-du-mouvement-clt-aux-etats-unis\/","name":"Un regard sur le pass\u00e9 et sur l'avenir du mouvement CLT aux \u00c9tats-Unis - International Center for Community Land Trusts","isPartOf":{"@id":"https:\/\/www.cltweb.org\/fr\/#website"},"datePublished":"2025-10-20T21:44:04+00:00","dateModified":"2025-10-20T21:59:26+00:00","breadcrumb":{"@id":"https:\/\/www.cltweb.org\/fr\/2025\/10\/20\/un-regard-sur-le-passe-et-sur-lavenir-du-mouvement-clt-aux-etats-unis\/#breadcrumb"},"inLanguage":"fr-FR","potentialAction":[{"@type":"ReadAction","target":["https:\/\/www.cltweb.org\/fr\/2025\/10\/20\/un-regard-sur-le-passe-et-sur-lavenir-du-mouvement-clt-aux-etats-unis\/"]}]},{"@type":"BreadcrumbList","@id":"https:\/\/www.cltweb.org\/fr\/2025\/10\/20\/un-regard-sur-le-passe-et-sur-lavenir-du-mouvement-clt-aux-etats-unis\/#breadcrumb","itemListElement":[{"@type":"ListItem","position":1,"name":"Home","item":"https:\/\/www.cltweb.org\/fr\/"},{"@type":"ListItem","position":2,"name":"Un regard sur le pass\u00e9 et sur l&rsquo;avenir du mouvement CLT aux \u00c9tats-Unis"}]},{"@type":"WebSite","@id":"https:\/\/www.cltweb.org\/fr\/#website","url":"https:\/\/www.cltweb.org\/fr\/","name":"International Center for Community Land Trusts","description":"","publisher":{"@id":"https:\/\/www.cltweb.org\/fr\/#organization"},"potentialAction":[{"@type":"SearchAction","target":{"@type":"EntryPoint","urlTemplate":"https:\/\/www.cltweb.org\/fr\/?s={search_term_string}"},"query-input":{"@type":"PropertyValueSpecification","valueRequired":true,"valueName":"search_term_string"}}],"inLanguage":"fr-FR"},{"@type":"Organization","@id":"https:\/\/www.cltweb.org\/fr\/#organization","name":"International Center for Community Land Trusts","url":"https:\/\/www.cltweb.org\/fr\/","logo":{"@type":"ImageObject","inLanguage":"fr-FR","@id":"https:\/\/www.cltweb.org\/fr\/#\/schema\/logo\/image\/","url":"https:\/\/www.cltweb.org\/wp-content\/uploads\/2024\/11\/New-CLT-Center-Text-logo.png","contentUrl":"https:\/\/www.cltweb.org\/wp-content\/uploads\/2024\/11\/New-CLT-Center-Text-logo.png","width":227,"height":80,"caption":"International Center for Community Land Trusts"},"image":{"@id":"https:\/\/www.cltweb.org\/fr\/#\/schema\/logo\/image\/"},"sameAs":["https:\/\/www.facebook.com\/cltcenter","https:\/\/x.com\/Center4CLTs","https:\/\/www.instagram.com\/cltcenter\/","https:\/\/www.linkedin.com\/company\/cltcenter","https:\/\/www.youtube.com\/@centerforcltinnovation5313"],"description":"The International Center for Community Land Trusts is a not-for-profit nongovernmental organization established in 2018 to promote and to support community land trusts and similar strategies of community-led development on community-owned land in countries throughout the world.","email":"info@communitylandtrust.net","legalName":"International Center for Community Land Trusts","foundingDate":"2018-12-01","taxID":"84-3858933","numberOfEmployees":{"@type":"QuantitativeValue","minValue":"1","maxValue":"10"}},{"@type":"Person","@id":"https:\/\/www.cltweb.org\/fr\/#\/schema\/person\/afd3723291b60b81c27772953e5b49d6","name":"cltredesign_0jp0l4","image":{"@type":"ImageObject","inLanguage":"fr-FR","@id":"https:\/\/secure.gravatar.com\/avatar\/1012e57596c2454da589d773454d3eb22a64f2ff638e62850caeb654f3affad5?s=96&d=mm&r=g","url":"https:\/\/secure.gravatar.com\/avatar\/1012e57596c2454da589d773454d3eb22a64f2ff638e62850caeb654f3affad5?s=96&d=mm&r=g","contentUrl":"https:\/\/secure.gravatar.com\/avatar\/1012e57596c2454da589d773454d3eb22a64f2ff638e62850caeb654f3affad5?s=96&d=mm&r=g","caption":"cltredesign_0jp0l4"},"sameAs":["https:\/\/icclt.org"],"url":"https:\/\/www.cltweb.org\/fr\/author\/cltredesign_0jp0l4\/"}]}},"taxonomy_info":{"category":[{"value":292,"label":"Blogs"}]},"featured_image_src_large":false,"author_info":{"display_name":"cltredesign_0jp0l4","author_link":"https:\/\/www.cltweb.org\/fr\/author\/cltredesign_0jp0l4\/"},"comment_info":0,"category_info":[{"term_id":292,"name":"Blogs","slug":"blogs-fr","term_group":0,"term_taxonomy_id":292,"taxonomy":"category","description":"","parent":0,"count":14,"filter":"raw","cat_ID":292,"category_count":14,"category_description":"","cat_name":"Blogs","category_nicename":"blogs-fr","category_parent":0}],"tag_info":false,"jetpack_featured_media_url":"","jetpack_sharing_enabled":true,"jetpack-related-posts":[{"id":6587,"url":"https:\/\/www.cltweb.org\/fr\/2022\/10\/11\/evenement-du-centre-clt-lancement-du-livre-community-matters\/","url_meta":{"origin":10001,"position":0},"title":"\u00c9V\u00c9NEMENT DU CENTRE CLT : Lancement du livre Community Matters","author":"cltredesign_0jp0l4","date":"11 octobre 2022","format":false,"excerpt":"Rejoignez-nous pour c\u00e9l\u00e9brer la publication du dernier livre de Terra Nostra Press, Community Matters. Ce webinaire r\u00e9unira des praticiens des CLT de Boston, Bruxelles, Londres, Houston et San Juan, dont les perspectives sur l'organisation communautaire et l'engagement des r\u00e9sidents sont pr\u00e9sent\u00e9es dans le livre.","rel":"","context":"Dans &quot;Non classifi\u00e9(e)&quot;","block_context":{"text":"Non classifi\u00e9(e)","link":"https:\/\/www.cltweb.org\/fr\/category\/non-classifiee\/"},"img":{"alt_text":"Couverture du livre Community Matters","src":"https:\/\/i0.wp.com\/www.cltweb.org\/wp-content\/uploads\/2022\/09\/Community-Matters-final-book-cover-062822-683x1024.jpeg?resize=350%2C200&ssl=1","width":350,"height":200},"classes":[]},{"id":7721,"url":"https:\/\/www.cltweb.org\/fr\/2024\/11\/18\/le-lincoln-institute-of-land-policy-publie-un-rapport-sur-la-preservation-de-laccession-abordable-a-la-propriete-grace-aux-fonds-fonciers-communautaires-community-land-trusts\/","url_meta":{"origin":10001,"position":1},"title":"Le Lincoln Institute of Land Policy publie un rapport sur la pr\u00e9servation de l&#8217;accession abordable \u00e0 la propri\u00e9t\u00e9 gr\u00e2ce aux fonds fonciers communautaires (Community Land Trusts)","author":"Ben Harris","date":"18 novembre 2024","format":false,"excerpt":"Le rapport sur les actions cibl\u00e9es donne un aper\u00e7u de la mani\u00e8re dont les autorit\u00e9s municipales soutiennent la cr\u00e9ation, l'expansion et le fonctionnement des CLT CAMBRIDGE, MA - LeLincoln Institute of Land Policy a publi\u00e9 un nouveau rapport sur les orientations politiques, Preserving Affordable Homeownership : Municipal Partnerships with Community\u2026","rel":"","context":"Dans &quot;Communiqu\u00e9 de presse&quot;","block_context":{"text":"Communiqu\u00e9 de presse","link":"https:\/\/www.cltweb.org\/fr\/category\/communique-de-presse\/"},"img":{"alt_text":"","src":"","width":0,"height":0},"classes":[]},{"id":9541,"url":"https:\/\/www.cltweb.org\/fr\/2025\/05\/21\/des-biens-communs-pour-la-justice-les-clt-a-travers-les-continents-au-festival-international-du-logement-social\/","url_meta":{"origin":10001,"position":2},"title":"Des biens communs pour la justice : Les CLT \u00e0 travers les continents au Festival international du logement social","author":"Ben Harris","date":"21 mai 2025","format":false,"excerpt":"\u00c0 une \u00e9poque marqu\u00e9e par des crises du logement, des march\u00e9s fonciers extractifs et des in\u00e9galit\u00e9s croissantes, les communaut\u00e9s du monde entier se r\u00e9approprient les biens communs. \u00c0 l'occasion du 2025 International Social Housing Festival \u00e0 Dublin, en Irlande (du 4 au 6 juin), le European Community Land Trust Network\u2026","rel":"","context":"Dans &quot;Blogs&quot;","block_context":{"text":"Blogs","link":"https:\/\/www.cltweb.org\/fr\/category\/blogs-fr\/"},"img":{"alt_text":"","src":"https:\/\/i0.wp.com\/www.cltweb.org\/wp-content\/uploads\/2025\/05\/Keti-Tskitishvili.jpg?resize=350%2C200&ssl=1","width":350,"height":200,"srcset":"https:\/\/i0.wp.com\/www.cltweb.org\/wp-content\/uploads\/2025\/05\/Keti-Tskitishvili.jpg?resize=350%2C200&ssl=1 1x, https:\/\/i0.wp.com\/www.cltweb.org\/wp-content\/uploads\/2025\/05\/Keti-Tskitishvili.jpg?resize=525%2C300&ssl=1 1.5x, https:\/\/i0.wp.com\/www.cltweb.org\/wp-content\/uploads\/2025\/05\/Keti-Tskitishvili.jpg?resize=700%2C400&ssl=1 2x"},"classes":[]},{"id":10142,"url":"https:\/\/www.cltweb.org\/fr\/2025\/10\/24\/presentation-du-modele-clt-a-la-conference-suedoise-collaborative-and-social-building-and-living-2025\/","url_meta":{"origin":10001,"position":3},"title":"Pr\u00e9sentation du mod\u00e8le CLT \u00e0 la conf\u00e9rence su\u00e9doise Collaborative and Social Building and Living 2025","author":"Ben Harris","date":"24 octobre 2025","format":false,"excerpt":"Par Jonas Lagander, Coompanion Coompanion a particip\u00e9 cette ann\u00e9e \u00e0 la conf\u00e9rence Collaborative and Social Building and Living \u00e0 Bor\u00e5s, en Su\u00e8de, et a organis\u00e9 deux s\u00e9minaires sur les CLT. Avec d'autres partenaires concern\u00e9s, ils participent au projet \"Local innovation systems around the barriers to idea-based and collaborative housing in\u2026","rel":"","context":"Dans &quot;Blogs&quot;","block_context":{"text":"Blogs","link":"https:\/\/www.cltweb.org\/fr\/category\/blogs-fr\/"},"img":{"alt_text":"","src":"https:\/\/i0.wp.com\/www.cltweb.org\/wp-content\/uploads\/2025\/10\/IMG_6480.jpg?resize=350%2C200&ssl=1","width":350,"height":200,"srcset":"https:\/\/i0.wp.com\/www.cltweb.org\/wp-content\/uploads\/2025\/10\/IMG_6480.jpg?resize=350%2C200&ssl=1 1x, https:\/\/i0.wp.com\/www.cltweb.org\/wp-content\/uploads\/2025\/10\/IMG_6480.jpg?resize=525%2C300&ssl=1 1.5x, https:\/\/i0.wp.com\/www.cltweb.org\/wp-content\/uploads\/2025\/10\/IMG_6480.jpg?resize=700%2C400&ssl=1 2x, https:\/\/i0.wp.com\/www.cltweb.org\/wp-content\/uploads\/2025\/10\/IMG_6480.jpg?resize=1050%2C600&ssl=1 3x, https:\/\/i0.wp.com\/www.cltweb.org\/wp-content\/uploads\/2025\/10\/IMG_6480.jpg?resize=1400%2C800&ssl=1 4x"},"classes":[]},{"id":10898,"url":"https:\/\/www.cltweb.org\/fr\/2025\/12\/08\/terra-nostra-press-et-la-memoire-du-mouvement-clt\/","url_meta":{"origin":10001,"position":4},"title":"Terra Nostra Press et la m\u00e9moire du mouvement CLT","author":"Ben Harris","date":"8 d\u00e9cembre 2025","format":false,"excerpt":"Cet article fait partie de notre campagne de fin d'ann\u00e9e c\u00e9l\u00e9brant la mani\u00e8re dont le Centre CLT s'efforce de servir le mouvement CLT mondial. Cette semaine, nous mettons en lumi\u00e8re : Terra Nostra Press Chaque mouvement a besoin d'une m\u00e9moire. Tout comme les terres et les maisons que les CLT\u2026","rel":"","context":"Dans &quot;Non classifi\u00e9(e)&quot;","block_context":{"text":"Non classifi\u00e9(e)","link":"https:\/\/www.cltweb.org\/fr\/category\/non-classifiee\/"},"img":{"alt_text":"","src":"https:\/\/i0.wp.com\/www.cltweb.org\/wp-content\/uploads\/2025\/11\/Land-for-People-Not-for-Profit-Banner.gif?resize=350%2C200&ssl=1","width":350,"height":200,"srcset":"https:\/\/i0.wp.com\/www.cltweb.org\/wp-content\/uploads\/2025\/11\/Land-for-People-Not-for-Profit-Banner.gif?resize=350%2C200&ssl=1 1x, https:\/\/i0.wp.com\/www.cltweb.org\/wp-content\/uploads\/2025\/11\/Land-for-People-Not-for-Profit-Banner.gif?resize=525%2C300&ssl=1 1.5x, https:\/\/i0.wp.com\/www.cltweb.org\/wp-content\/uploads\/2025\/11\/Land-for-People-Not-for-Profit-Banner.gif?resize=700%2C400&ssl=1 2x, https:\/\/i0.wp.com\/www.cltweb.org\/wp-content\/uploads\/2025\/11\/Land-for-People-Not-for-Profit-Banner.gif?resize=1050%2C600&ssl=1 3x, https:\/\/i0.wp.com\/www.cltweb.org\/wp-content\/uploads\/2025\/11\/Land-for-People-Not-for-Profit-Banner.gif?resize=1400%2C800&ssl=1 4x"},"classes":[]},{"id":10664,"url":"https:\/\/www.cltweb.org\/fr\/2025\/11\/17\/les-clt-et-laction-climatique-un-mouvement-croissant-pour-une-transition-juste\/","url_meta":{"origin":10001,"position":5},"title":"Les CLT et l&#8217;action climatique : Un mouvement croissant pour une transition juste","author":"Ben Harris","date":"17 novembre 2025","format":false,"excerpt":"Cet article fait partie de notre campagne de fin d'ann\u00e9e c\u00e9l\u00e9brant la mani\u00e8re dont le Centre CLT s'efforce de servir le mouvement CLT mondial. Cette semaine, nous mettons en lumi\u00e8re : L'initiative pour la justice climatique L'urgence climatique n'est plus une menace lointaine : elle est l\u00e0, remodelant les lieux\u2026","rel":"","context":"Dans &quot;Initiative pour la justice climatique&quot;","block_context":{"text":"Initiative pour la justice climatique","link":"https:\/\/www.cltweb.org\/fr\/category\/initiative-pour-la-justice-climatique\/"},"img":{"alt_text":"","src":"https:\/\/i0.wp.com\/www.cltweb.org\/wp-content\/uploads\/2025\/11\/Land-for-People-Not-for-Profit-Banner.gif?resize=350%2C200&ssl=1","width":350,"height":200,"srcset":"https:\/\/i0.wp.com\/www.cltweb.org\/wp-content\/uploads\/2025\/11\/Land-for-People-Not-for-Profit-Banner.gif?resize=350%2C200&ssl=1 1x, https:\/\/i0.wp.com\/www.cltweb.org\/wp-content\/uploads\/2025\/11\/Land-for-People-Not-for-Profit-Banner.gif?resize=525%2C300&ssl=1 1.5x, https:\/\/i0.wp.com\/www.cltweb.org\/wp-content\/uploads\/2025\/11\/Land-for-People-Not-for-Profit-Banner.gif?resize=700%2C400&ssl=1 2x, https:\/\/i0.wp.com\/www.cltweb.org\/wp-content\/uploads\/2025\/11\/Land-for-People-Not-for-Profit-Banner.gif?resize=1050%2C600&ssl=1 3x, https:\/\/i0.wp.com\/www.cltweb.org\/wp-content\/uploads\/2025\/11\/Land-for-People-Not-for-Profit-Banner.gif?resize=1400%2C800&ssl=1 4x"},"classes":[]}],"_links":{"self":[{"href":"https:\/\/www.cltweb.org\/fr\/wp-json\/wp\/v2\/posts\/10001","targetHints":{"allow":["GET"]}}],"collection":[{"href":"https:\/\/www.cltweb.org\/fr\/wp-json\/wp\/v2\/posts"}],"about":[{"href":"https:\/\/www.cltweb.org\/fr\/wp-json\/wp\/v2\/types\/post"}],"author":[{"embeddable":true,"href":"https:\/\/www.cltweb.org\/fr\/wp-json\/wp\/v2\/users\/1"}],"replies":[{"embeddable":true,"href":"https:\/\/www.cltweb.org\/fr\/wp-json\/wp\/v2\/comments?post=10001"}],"version-history":[{"count":9,"href":"https:\/\/www.cltweb.org\/fr\/wp-json\/wp\/v2\/posts\/10001\/revisions"}],"predecessor-version":[{"id":10032,"href":"https:\/\/www.cltweb.org\/fr\/wp-json\/wp\/v2\/posts\/10001\/revisions\/10032"}],"wp:attachment":[{"href":"https:\/\/www.cltweb.org\/fr\/wp-json\/wp\/v2\/media?parent=10001"}],"wp:term":[{"taxonomy":"category","embeddable":true,"href":"https:\/\/www.cltweb.org\/fr\/wp-json\/wp\/v2\/categories?post=10001"},{"taxonomy":"post_tag","embeddable":true,"href":"https:\/\/www.cltweb.org\/fr\/wp-json\/wp\/v2\/tags?post=10001"}],"curies":[{"name":"wp","href":"https:\/\/api.w.org\/{rel}","templated":true}]}}