{"id":10100,"date":"2025-10-24T12:32:58","date_gmt":"2025-10-24T12:32:58","guid":{"rendered":"https:\/\/www.cltweb.org\/2025\/10\/24\/explorer-le-potentiel-des-fiducies-foncieres-communautaires-a-buenos-aires\/"},"modified":"2025-10-24T13:00:39","modified_gmt":"2025-10-24T13:00:39","slug":"explorer-le-potentiel-des-fiducies-foncieres-communautaires-a-buenos-aires","status":"publish","type":"post","link":"https:\/\/www.cltweb.org\/fr\/2025\/10\/24\/explorer-le-potentiel-des-fiducies-foncieres-communautaires-a-buenos-aires\/","title":{"rendered":"Explorer le potentiel des fiducies fonci\u00e8res communautaires \u00e0 Buenos Aires"},"content":{"rendered":"\n<p><strong>Par Tarcyla Fidalgo<\/strong><\/p>\n\n<figure class=\"wp-block-image alignright size-large is-resized\"><img loading=\"lazy\" decoding=\"async\" width=\"768\" height=\"1024\" src=\"https:\/\/www.cltweb.org\/wp-content\/uploads\/2025\/10\/image-4-768x1024.jpeg\" alt=\"\" class=\"wp-image-10062\" style=\"width:331px;height:auto\" srcset=\"https:\/\/www.cltweb.org\/wp-content\/uploads\/2025\/10\/image-4-768x1024.jpeg 768w, https:\/\/www.cltweb.org\/wp-content\/uploads\/2025\/10\/image-4-225x300.jpeg 225w, https:\/\/www.cltweb.org\/wp-content\/uploads\/2025\/10\/image-4-1152x1536.jpeg 1152w, https:\/\/www.cltweb.org\/wp-content\/uploads\/2025\/10\/image-4.jpeg 1200w\" sizes=\"auto, (max-width: 768px) 100vw, 768px\" \/><\/figure>\n\n<p>En octobre 2025, dans le cadre de l&#8217;initiative Global South CLT du CLT Center, Tarcyla Fidalgo, chef de projet, s&#8217;est rendue \u00e0 Buenos Aires, en Argentine, pour \u00e9changer des id\u00e9es sur le logement abordable, la s\u00e9curit\u00e9 d&#8217;occupation et la propri\u00e9t\u00e9 fonci\u00e8re collective. La visite s&#8217;est appuy\u00e9e sur l&#8217;int\u00e9r\u00eat local croissant pour les CLT \u00e0 la suite d&#8217;une session virtuelle organis\u00e9e par le Centre CLT lors de la Journ\u00e9e mondiale des CLT 2025, apr\u00e8s quoi Tarcyla a \u00e9t\u00e9 invit\u00e9e par le <em>Defensor\u00eda del Pueblo de la Ciudad<\/em> de Buenos Aires (Bureau du d\u00e9fenseur public de la ville de Buenos Aires) \u00e0 participer \u00e0 un \u00e9v\u00e9nement de la Journ\u00e9e mondiale de l&#8217;habitat ax\u00e9 sur la promotion du droit au logement et de villes plus justes. <\/p>\n\n<h3 class=\"wp-block-heading\" id=\"h-constructing-more-just-cities-an-invitation-to-dialogue\"><strong>Construire des villes plus justes : Une invitation au dialogue<\/strong><\/h3>\n\n<p>L&#8217;\u00e9v\u00e9nement a r\u00e9uni une coalition diversifi\u00e9e d&#8217;acteurs &#8211; organisations sociales, universitaires, institutions gouvernementales et partenaires du secteur priv\u00e9 &#8211; pour r\u00e9fl\u00e9chir aux d\u00e9fis urbains urgents tels que l&#8217;acc\u00e8s au logement, l&#8217;am\u00e9nagement du territoire et les r\u00e9alit\u00e9s auxquelles sont confront\u00e9s les habitants des <em>barrios populares<\/em><em>(quartiers informels<\/em>) de Buenos Aires.<\/p>\n\n<p>Organis\u00e9 en collaboration avec Habitat for Humanity Argentina, TECHO &#8211; Argentina, CIPPEC<em>(Center for the Implementation of Public Policies Promoting Equity and Growth<\/em>), MUJERES 2000, RIL Argentina<em>(Local Innovation Network<\/em>), CAF<em>(Development Bank of Latin America and the Caribbean<\/em>), Fundaci\u00f3n Vivienda Digna<em>(Dignified Housing Foundation<\/em>), Fundaci\u00f3n Tejido Urbano<em>(Fondation du tissu urbain<\/em>), ACIJ Asociaci\u00f3n Civil por la Igualdad y la Justicia<em>(Association civile pour l&#8217;\u00e9galit\u00e9 et la justice<\/em>), et le CLT Center, l&#8217;\u00e9v\u00e9nement a soulign\u00e9 \u00e0 quel point la r\u00e9alisation du droit au logement exige un effort collectif, un dialogue ouvert et une vision commune dans tous les secteurs.<\/p>\n\n<p>Le rassemblement a \u00e9galement pr\u00e9sent\u00e9 <em>Hecho en Buenos<\/em><em>Aires (Made in Buenos Aires<\/em>), une puissante exposition d&#8217;art cr\u00e9\u00e9e par des personnes sans domicile. L&#8217;exposition offrait une perspective humaine qui ancrait le d\u00e9bat politique dans l&#8217;exp\u00e9rience v\u00e9cue et renfor\u00e7ait l&#8217;importance de la dignit\u00e9 et de l&#8217;inclusion dans les d\u00e9bats sur le logement. <\/p>\n\n<figure class=\"wp-block-image alignleft size-large is-resized\"><img loading=\"lazy\" decoding=\"async\" width=\"768\" height=\"1024\" src=\"https:\/\/www.cltweb.org\/wp-content\/uploads\/2025\/10\/image-6-768x1024.jpeg\" alt=\"\" class=\"wp-image-10070\" style=\"width:326px;height:auto\" srcset=\"https:\/\/www.cltweb.org\/wp-content\/uploads\/2025\/10\/image-6-768x1024.jpeg 768w, https:\/\/www.cltweb.org\/wp-content\/uploads\/2025\/10\/image-6-225x300.jpeg 225w, https:\/\/www.cltweb.org\/wp-content\/uploads\/2025\/10\/image-6-1152x1536.jpeg 1152w, https:\/\/www.cltweb.org\/wp-content\/uploads\/2025\/10\/image-6.jpeg 1200w\" sizes=\"auto, (max-width: 768px) 100vw, 768px\" \/><\/figure>\n\n<h3 class=\"wp-block-heading\" id=\"h-field-visits-and-conversations-on-housing-affordability\"><strong>Visites sur le terrain et conversations sur l&#8217;accessibilit\u00e9 du logement<\/strong><\/h3>\n\n<p>Pendant son s\u00e9jour \u00e0 Buenos Aires, Tarcyla a visit\u00e9 plusieurs organisations et initiatives qui s&#8217;attaquent \u00e0 la crise du logement sous diff\u00e9rents angles. \u00c0 la Comuna 21 &#8211; Comunidad Mugica, elle a observ\u00e9 le projet gouvernemental d&#8217;am\u00e9lioration urbaine et de r\u00e9gularisation fonci\u00e8re en cours, lanc\u00e9 en 2016. Cette initiative, qui a permis de r\u00e9installer plus d&#8217;un millier de familles dans de nouvelles maisons construites sur des terrains appartenant \u00e0 la communaut\u00e9, refl\u00e8te \u00e0 la fois les progr\u00e8s et les d\u00e9fis persistants pour assurer une v\u00e9ritable participation de la communaut\u00e9, des prix abordables \u00e0 long terme et des protections contre la sp\u00e9culation.  <\/p>\n\n<p>Tarcyla a \u00e9galement rencontr\u00e9 Habitat for Humanity Argentina, qui pilote un projet de logement locatif social<em>(alquiler social<\/em>) comprenant neuf appartements. Cette initiative a \u00e9t\u00e9 d\u00e9velopp\u00e9e en r\u00e9ponse \u00e0 la mont\u00e9e en fl\u00e8che des prix des loyers &#8211; plus de 200 % apr\u00e8s la pand\u00e9mie &#8211; \u00e0 la suite de l&#8217;expiration de la l\u00e9gislation sur le contr\u00f4le des loyers et du renforcement des exigences en mati\u00e8re de s\u00e9curit\u00e9 locative. <\/p>\n\n<p>Le projet vise \u00e0 fournir une solution de logement temporaire de deux \u00e0 trois ans, laissant aux familles le temps de se stabiliser, de se reconstruire et de r\u00e9int\u00e9grer le march\u00e9 locatif officiel. Les loyers sont fix\u00e9s \u00e0 la valeur du march\u00e9, mais avec des subventions de l&#8217;organisation allant jusqu&#8217;\u00e0 40 %, ce qui permet de les rendre abordables. Les locataires ne sont pas tenus de fournir les garanties financi\u00e8res habituelles qui emp\u00eachent souvent les familles \u00e0 faibles revenus d&#8217;acc\u00e9der aux baux officiels.  <\/p>\n\n<p>De mani\u00e8re innovante, 10 % du loyer de chaque locataire est plac\u00e9 sur un compte d&#8217;\u00e9pargne personnel, qui lui est restitu\u00e9 \u00e0 la fin du bail. Cela permet de constituer un coussin financier pour les frais de d\u00e9m\u00e9nagement ou les futurs d\u00e9p\u00f4ts de garantie. Le programme comprend \u00e9galement une formation professionnelle et une \u00e9ducation financi\u00e8re, ce qui favorise l&#8217;entr\u00e9e des r\u00e9sidents sur le march\u00e9 du travail officiel.  <\/p>\n\n<p>En raison du taux d&#8217;inflation \u00e9lev\u00e9 en Argentine, les loyers sont ajust\u00e9s tous les trimestres afin de maintenir la viabilit\u00e9 financi\u00e8re du projet. Malgr\u00e9 ce d\u00e9fi, les premi\u00e8res donn\u00e9es montrent l&#8217;impact positif du projet pilote sur la stabilit\u00e9 \u00e9conomique et le bien-\u00eatre social des familles, ce qui en fait un mod\u00e8le prometteur \u00e0 reproduire et \u00e0 adapter. <\/p>\n\n<figure class=\"wp-block-image alignright size-large is-resized\"><img loading=\"lazy\" decoding=\"async\" width=\"922\" height=\"1230\" src=\"https:\/\/www.cltweb.org\/wp-content\/uploads\/2025\/10\/image-7-edited.jpeg\" alt=\"\" class=\"wp-image-10090\" style=\"width:285px;height:auto\" srcset=\"https:\/\/www.cltweb.org\/wp-content\/uploads\/2025\/10\/image-7-edited.jpeg 922w, https:\/\/www.cltweb.org\/wp-content\/uploads\/2025\/10\/image-7-edited-225x300.jpeg 225w, https:\/\/www.cltweb.org\/wp-content\/uploads\/2025\/10\/image-7-edited-768x1025.jpeg 768w\" sizes=\"auto, (max-width: 922px) 100vw, 922px\" \/><\/figure>\n\n<figure class=\"wp-block-image alignright size-large is-resized\"><img loading=\"lazy\" decoding=\"async\" width=\"750\" height=\"1000\" src=\"https:\/\/www.cltweb.org\/wp-content\/uploads\/2025\/10\/image-edited.jpeg\" alt=\"\" class=\"wp-image-10086\" style=\"width:284px;height:auto\" srcset=\"https:\/\/www.cltweb.org\/wp-content\/uploads\/2025\/10\/image-edited.jpeg 750w, https:\/\/www.cltweb.org\/wp-content\/uploads\/2025\/10\/image-edited-225x300.jpeg 225w\" sizes=\"auto, (max-width: 750px) 100vw, 750px\" \/><figcaption class=\"wp-element-caption\">Tarcyla Fidalgo participe \u00e0 un s\u00e9minaire au bureau du d\u00e9fenseur public \u00e0 Buenos Aires, Argentine.<\/figcaption><\/figure>\n\n<h3 class=\"wp-block-heading\" id=\"h-engaging-policymakers-and-advocating-for-collective-ownership\">Engager les d\u00e9cideurs politiques et plaider en faveur de l&#8217;appropriation collective<\/h3>\n\n<p>Un dialogue productif avec les membres du parlement a suivi, r\u00e9unissant plusieurs alli\u00e9s du logement social, dont Mar\u00eda Migliore (ancienne ministre du d\u00e9veloppement humain et de l&#8217;habitat) et les l\u00e9gislateurs Emmanuel Ferraro, Manuela Thourte et Manuel Soc\u00edas. Au cours de la discussion, Tarcyla a pr\u00e9sent\u00e9 le cadre du Community Land Trust et a partag\u00e9 des exemples mondiaux &#8211; de Porto Rico au Kenya et au Br\u00e9sil &#8211; qui illustrent comment les CLT peuvent combiner la s\u00e9curit\u00e9 fonci\u00e8re avec la gestion collective et l&#8217;accessibilit\u00e9 \u00e0 long terme. La r\u00e9union a suscit\u00e9 l&#8217;int\u00e9r\u00eat des d\u00e9cideurs politiques d\u00e9sireux d&#8217;explorer les possibilit\u00e9s d&#8217;application du mod\u00e8le CLT \u00e0 Buenos Aires et au-del\u00e0.  <\/p>\n\n<h3 class=\"wp-block-heading\" id=\"h-seminar-on-the-right-to-the-city\">S\u00e9minaire sur le droit \u00e0 la ville<\/h3>\n\n<p>Dans le cadre du s\u00e9minaire &#8220;Le droit \u00e0 la ville : Alternatives pour l&#8217;acc\u00e8s au logement et \u00e0 l&#8217;habitat&#8221;, la participation de Tarcyla a rassembl\u00e9 plus de 80 participants pour une journ\u00e9e enti\u00e8re de pr\u00e9sentations et de dialogue. Le s\u00e9minaire s&#8217;est concentr\u00e9 sur l&#8217;accessibilit\u00e9 en tant que pierre angulaire du droit au logement, soulignant la n\u00e9cessit\u00e9 de consid\u00e9rer le logement comme un droit social plut\u00f4t que comme un actif financier. Les discussions ont \u00e9galement mis en \u00e9vidence l&#8217;importance de l&#8217;autogestion et de la participation de la communaut\u00e9 dans l&#8217;\u00e9laboration de la politique urbaine &#8211; des valeurs fondamentales partag\u00e9es par le mod\u00e8le CLT.  <\/p>\n\n<p>Tout au long de la journ\u00e9e, les participants ont reconnu le besoin d&#8217;instruments juridiques et financiers flexibles pouvant s&#8217;adapter aux diverses r\u00e9alit\u00e9s locales. Les mod\u00e8les de location sociale et de propri\u00e9t\u00e9 fonci\u00e8re collective ont suscit\u00e9 un vif int\u00e9r\u00eat, une attention particuli\u00e8re \u00e9tant accord\u00e9e \u00e0 la mani\u00e8re dont les entit\u00e9s juridiques fond\u00e9es sur la confiance peuvent offrir des possibilit\u00e9s de financement et de s\u00e9curit\u00e9 fonci\u00e8re. <\/p>\n\n<h3 class=\"wp-block-heading\" id=\"h-building-connections-across-the-global-south\">\u00c9tablir des liens \u00e0 travers le Sud global<\/h3>\n\n<p>La visite de Tarcyla \u00e0 Buenos Aires marque une nouvelle \u00e9tape dans le travail du Centre CLT pour accompagner et relier les efforts men\u00e9s par les communaut\u00e9s \u00e0 travers le Sud global. L&#8217;initiative CLT du Sud mondial sensibilise et renforce les capacit\u00e9s autour de l&#8217;utilisation des fiducies fonci\u00e8res communautaires pour garantir la propri\u00e9t\u00e9 fonci\u00e8re, pr\u00e9venir les d\u00e9placements et promouvoir un logement \u00e9quitable dans les zones d&#8217;habitat informel. <\/p>\n\n<p>Fond\u00e9e sur la conviction que la s\u00e9curit\u00e9 fonci\u00e8re et le logement sont des droits de l&#8217;homme, l&#8217;initiative rassemble des leaders locaux, des alli\u00e9s techniques et des organisations communautaires afin de renforcer les r\u00e9ponses collectives aux crises crois\u00e9es de la sp\u00e9culation fonci\u00e8re, du changement climatique et de l&#8217;in\u00e9galit\u00e9 urbaine. Gr\u00e2ce \u00e0 des \u00e9changes comme celui-ci, le CLT Center continue \u00e0 encourager la collaboration, \u00e0 d\u00e9velopper des ressources pratiques et \u00e0 donner aux communaut\u00e9s les moyens de cr\u00e9er des alternatives dignes et contr\u00f4l\u00e9es par la communaut\u00e9 au d\u00e9veloppement urbain dict\u00e9 par le march\u00e9. <\/p>\n\n<p><strong><em>Pour plus d&#8217;informations sur l&#8217;initiative Global South CLT au Centre CLT, veuillez contacter <a href=\"mailto:info@communitylandtrust.net\" target=\"_blank\" rel=\"noreferrer noopener\">info@communitylandtrust.net<\/a>.<\/em><\/strong><\/p>\n\n<p><\/p>\n","protected":false},"excerpt":{"rendered":"<p>Par Tarcyla Fidalgo En octobre 2025, dans le cadre de l&#8217;initiative Global South CLT du CLT Center, Tarcyla Fidalgo, chef de projet, s&#8217;est rendue \u00e0 Buenos Aires, en Argentine, pour [&hellip;]<\/p>\n","protected":false},"author":2,"featured_media":10087,"comment_status":"closed","ping_status":"open","sticky":false,"template":"","format":"standard","meta":{"give_campaign_id":0,"_tec_requires_first_save":true,"_kad_blocks_custom_css":"","_kad_blocks_head_custom_js":"","_kad_blocks_body_custom_js":"","_kad_blocks_footer_custom_js":"","_EventAllDay":false,"_EventTimezone":"","_EventStartDate":"","_EventEndDate":"","_EventStartDateUTC":"","_EventEndDateUTC":"","_EventShowMap":false,"_EventShowMapLink":false,"_EventURL":"","_EventCost":"","_EventCostDescription":"","_EventCurrencySymbol":"","_EventCurrencyCode":"","_EventCurrencyPosition":"","_EventDateTimeSeparator":"","_EventTimeRangeSeparator":"","_EventOrganizerID":[],"_EventVenueID":[],"_OrganizerEmail":"","_OrganizerPhone":"","_OrganizerWebsite":"","_VenueAddress":"","_VenueCity":"","_VenueCountry":"","_VenueProvince":"","_VenueState":"","_VenueZip":"","_VenuePhone":"","_VenueURL":"","_VenueStateProvince":"","_VenueLat":"","_VenueLng":"","_VenueShowMap":false,"_VenueShowMapLink":false,"_tribe_blocks_recurrence_rules":"","_tribe_blocks_recurrence_description":"","_tribe_blocks_recurrence_exclusions":"","_jetpack_memberships_contains_paid_content":false,"footnotes":""},"categories":[292,159],"tags":[351,338,352],"class_list":["post-10100","post","type-post","status-publish","format-standard","has-post-thumbnail","hentry","category-blogs-fr","category-sud-mondial","tag-argentine","tag-fonds-foncier-communautaire","tag-sud-mondial"],"blocksy_meta":[],"yoast_head":"<!-- This site is optimized with the Yoast SEO Premium plugin v27.4 (Yoast SEO v27.5) - https:\/\/yoast.com\/product\/yoast-seo-premium-wordpress\/ -->\n<title>Explorer le potentiel des fiducies fonci\u00e8res communautaires \u00e0 Buenos Aires - International Center for Community Land Trusts<\/title>\n<meta name=\"robots\" content=\"index, follow, max-snippet:-1, max-image-preview:large, max-video-preview:-1\" \/>\n<link rel=\"canonical\" href=\"https:\/\/www.cltweb.org\/fr\/2025\/10\/24\/explorer-le-potentiel-des-fiducies-foncieres-communautaires-a-buenos-aires\/\" \/>\n<meta property=\"og:locale\" content=\"fr_FR\" \/>\n<meta property=\"og:type\" content=\"article\" \/>\n<meta property=\"og:title\" content=\"Explorer le potentiel des fiducies fonci\u00e8res communautaires \u00e0 Buenos Aires\" \/>\n<meta property=\"og:description\" content=\"Par Tarcyla Fidalgo En octobre 2025, dans le cadre de l&#8217;initiative Global South CLT du CLT Center, Tarcyla Fidalgo, chef de projet, s&#8217;est rendue \u00e0 Buenos Aires, en Argentine, pour [&hellip;]\" \/>\n<meta property=\"og:url\" content=\"https:\/\/www.cltweb.org\/fr\/2025\/10\/24\/explorer-le-potentiel-des-fiducies-foncieres-communautaires-a-buenos-aires\/\" \/>\n<meta property=\"og:site_name\" content=\"International Center for Community Land Trusts\" \/>\n<meta property=\"article:publisher\" content=\"https:\/\/www.facebook.com\/cltcenter\" \/>\n<meta property=\"article:published_time\" content=\"2025-10-24T12:32:58+00:00\" \/>\n<meta property=\"article:modified_time\" content=\"2025-10-24T13:00:39+00:00\" \/>\n<meta property=\"og:image\" content=\"https:\/\/www.cltweb.org\/wp-content\/uploads\/2025\/10\/image-edited.jpeg\" \/>\n\t<meta property=\"og:image:width\" content=\"750\" \/>\n\t<meta property=\"og:image:height\" content=\"1000\" \/>\n\t<meta property=\"og:image:type\" content=\"image\/jpeg\" \/>\n<meta name=\"author\" content=\"Ben Harris\" \/>\n<meta name=\"twitter:card\" content=\"summary_large_image\" \/>\n<meta name=\"twitter:creator\" content=\"@Center4CLTs\" \/>\n<meta name=\"twitter:site\" content=\"@Center4CLTs\" \/>\n<meta name=\"twitter:label1\" content=\"\u00c9crit par\" \/>\n\t<meta name=\"twitter:data1\" content=\"Ben Harris\" \/>\n\t<meta name=\"twitter:label2\" content=\"Dur\u00e9e de lecture estim\u00e9e\" \/>\n\t<meta name=\"twitter:data2\" content=\"7 minutes\" \/>\n<script type=\"application\/ld+json\" class=\"yoast-schema-graph\">{\"@context\":\"https:\\\/\\\/schema.org\",\"@graph\":[{\"@type\":\"Article\",\"@id\":\"https:\\\/\\\/www.cltweb.org\\\/fr\\\/2025\\\/10\\\/24\\\/explorer-le-potentiel-des-fiducies-foncieres-communautaires-a-buenos-aires\\\/#article\",\"isPartOf\":{\"@id\":\"https:\\\/\\\/www.cltweb.org\\\/fr\\\/2025\\\/10\\\/24\\\/explorer-le-potentiel-des-fiducies-foncieres-communautaires-a-buenos-aires\\\/\"},\"author\":{\"name\":\"Ben Harris\",\"@id\":\"https:\\\/\\\/www.cltweb.org\\\/fr\\\/#\\\/schema\\\/person\\\/7c9fe56cc945e4b57585dbfe30f2ead4\"},\"headline\":\"Explorer le potentiel des fiducies fonci\u00e8res communautaires \u00e0 Buenos Aires\",\"datePublished\":\"2025-10-24T12:32:58+00:00\",\"dateModified\":\"2025-10-24T13:00:39+00:00\",\"mainEntityOfPage\":{\"@id\":\"https:\\\/\\\/www.cltweb.org\\\/fr\\\/2025\\\/10\\\/24\\\/explorer-le-potentiel-des-fiducies-foncieres-communautaires-a-buenos-aires\\\/\"},\"wordCount\":1376,\"publisher\":{\"@id\":\"https:\\\/\\\/www.cltweb.org\\\/fr\\\/#organization\"},\"image\":{\"@id\":\"https:\\\/\\\/www.cltweb.org\\\/fr\\\/2025\\\/10\\\/24\\\/explorer-le-potentiel-des-fiducies-foncieres-communautaires-a-buenos-aires\\\/#primaryimage\"},\"thumbnailUrl\":\"https:\\\/\\\/www.cltweb.org\\\/wp-content\\\/uploads\\\/2025\\\/10\\\/image-edited.jpeg\",\"keywords\":[\"Argentine\",\"fonds foncier communautaire\",\"Sud mondial\"],\"articleSection\":[\"Blogs\",\"Sud mondial\"],\"inLanguage\":\"fr-FR\"},{\"@type\":\"WebPage\",\"@id\":\"https:\\\/\\\/www.cltweb.org\\\/fr\\\/2025\\\/10\\\/24\\\/explorer-le-potentiel-des-fiducies-foncieres-communautaires-a-buenos-aires\\\/\",\"url\":\"https:\\\/\\\/www.cltweb.org\\\/fr\\\/2025\\\/10\\\/24\\\/explorer-le-potentiel-des-fiducies-foncieres-communautaires-a-buenos-aires\\\/\",\"name\":\"Explorer le potentiel des fiducies fonci\u00e8res communautaires \u00e0 Buenos Aires - International Center for Community Land Trusts\",\"isPartOf\":{\"@id\":\"https:\\\/\\\/www.cltweb.org\\\/fr\\\/#website\"},\"primaryImageOfPage\":{\"@id\":\"https:\\\/\\\/www.cltweb.org\\\/fr\\\/2025\\\/10\\\/24\\\/explorer-le-potentiel-des-fiducies-foncieres-communautaires-a-buenos-aires\\\/#primaryimage\"},\"image\":{\"@id\":\"https:\\\/\\\/www.cltweb.org\\\/fr\\\/2025\\\/10\\\/24\\\/explorer-le-potentiel-des-fiducies-foncieres-communautaires-a-buenos-aires\\\/#primaryimage\"},\"thumbnailUrl\":\"https:\\\/\\\/www.cltweb.org\\\/wp-content\\\/uploads\\\/2025\\\/10\\\/image-edited.jpeg\",\"datePublished\":\"2025-10-24T12:32:58+00:00\",\"dateModified\":\"2025-10-24T13:00:39+00:00\",\"breadcrumb\":{\"@id\":\"https:\\\/\\\/www.cltweb.org\\\/fr\\\/2025\\\/10\\\/24\\\/explorer-le-potentiel-des-fiducies-foncieres-communautaires-a-buenos-aires\\\/#breadcrumb\"},\"inLanguage\":\"fr-FR\",\"potentialAction\":[{\"@type\":\"ReadAction\",\"target\":[\"https:\\\/\\\/www.cltweb.org\\\/fr\\\/2025\\\/10\\\/24\\\/explorer-le-potentiel-des-fiducies-foncieres-communautaires-a-buenos-aires\\\/\"]}]},{\"@type\":\"ImageObject\",\"inLanguage\":\"fr-FR\",\"@id\":\"https:\\\/\\\/www.cltweb.org\\\/fr\\\/2025\\\/10\\\/24\\\/explorer-le-potentiel-des-fiducies-foncieres-communautaires-a-buenos-aires\\\/#primaryimage\",\"url\":\"https:\\\/\\\/www.cltweb.org\\\/wp-content\\\/uploads\\\/2025\\\/10\\\/image-edited.jpeg\",\"contentUrl\":\"https:\\\/\\\/www.cltweb.org\\\/wp-content\\\/uploads\\\/2025\\\/10\\\/image-edited.jpeg\",\"width\":750,\"height\":1000,\"caption\":\"Tarcyla Fidalgo participating in a seminar at the Public Defender's Office in Buenos Aires, Argentina\"},{\"@type\":\"BreadcrumbList\",\"@id\":\"https:\\\/\\\/www.cltweb.org\\\/fr\\\/2025\\\/10\\\/24\\\/explorer-le-potentiel-des-fiducies-foncieres-communautaires-a-buenos-aires\\\/#breadcrumb\",\"itemListElement\":[{\"@type\":\"ListItem\",\"position\":1,\"name\":\"Home\",\"item\":\"https:\\\/\\\/www.cltweb.org\\\/fr\\\/\"},{\"@type\":\"ListItem\",\"position\":2,\"name\":\"Explorer le potentiel des fiducies fonci\u00e8res communautaires \u00e0 Buenos Aires\"}]},{\"@type\":\"WebSite\",\"@id\":\"https:\\\/\\\/www.cltweb.org\\\/fr\\\/#website\",\"url\":\"https:\\\/\\\/www.cltweb.org\\\/fr\\\/\",\"name\":\"International Center for Community Land Trusts\",\"description\":\"\",\"publisher\":{\"@id\":\"https:\\\/\\\/www.cltweb.org\\\/fr\\\/#organization\"},\"potentialAction\":[{\"@type\":\"SearchAction\",\"target\":{\"@type\":\"EntryPoint\",\"urlTemplate\":\"https:\\\/\\\/www.cltweb.org\\\/fr\\\/?s={search_term_string}\"},\"query-input\":{\"@type\":\"PropertyValueSpecification\",\"valueRequired\":true,\"valueName\":\"search_term_string\"}}],\"inLanguage\":\"fr-FR\"},{\"@type\":\"Organization\",\"@id\":\"https:\\\/\\\/www.cltweb.org\\\/fr\\\/#organization\",\"name\":\"International Center for Community Land Trusts\",\"url\":\"https:\\\/\\\/www.cltweb.org\\\/fr\\\/\",\"logo\":{\"@type\":\"ImageObject\",\"inLanguage\":\"fr-FR\",\"@id\":\"https:\\\/\\\/www.cltweb.org\\\/fr\\\/#\\\/schema\\\/logo\\\/image\\\/\",\"url\":\"https:\\\/\\\/www.cltweb.org\\\/wp-content\\\/uploads\\\/2024\\\/11\\\/New-CLT-Center-Text-logo.png\",\"contentUrl\":\"https:\\\/\\\/www.cltweb.org\\\/wp-content\\\/uploads\\\/2024\\\/11\\\/New-CLT-Center-Text-logo.png\",\"width\":227,\"height\":80,\"caption\":\"International Center for Community Land Trusts\"},\"image\":{\"@id\":\"https:\\\/\\\/www.cltweb.org\\\/fr\\\/#\\\/schema\\\/logo\\\/image\\\/\"},\"sameAs\":[\"https:\\\/\\\/www.facebook.com\\\/cltcenter\",\"https:\\\/\\\/x.com\\\/Center4CLTs\",\"https:\\\/\\\/www.instagram.com\\\/cltcenter\\\/\",\"https:\\\/\\\/www.linkedin.com\\\/company\\\/cltcenter\",\"https:\\\/\\\/www.youtube.com\\\/@centerforcltinnovation5313\"],\"description\":\"The International Center for Community Land Trusts is a not-for-profit nongovernmental organization established in 2018 to promote and to support community land trusts and similar strategies of community-led development on community-owned land in countries throughout the world.\",\"email\":\"info@communitylandtrust.net\",\"legalName\":\"International Center for Community Land Trusts\",\"foundingDate\":\"2018-12-01\",\"taxID\":\"84-3858933\",\"numberOfEmployees\":{\"@type\":\"QuantitativeValue\",\"minValue\":\"1\",\"maxValue\":\"10\"}},{\"@type\":\"Person\",\"@id\":\"https:\\\/\\\/www.cltweb.org\\\/fr\\\/#\\\/schema\\\/person\\\/7c9fe56cc945e4b57585dbfe30f2ead4\",\"name\":\"Ben Harris\",\"image\":{\"@type\":\"ImageObject\",\"inLanguage\":\"fr-FR\",\"@id\":\"https:\\\/\\\/secure.gravatar.com\\\/avatar\\\/12a44d8988553548c22c57da673ee8ffb7e0b87b0197beec533bae3061a92cc5?s=96&d=mm&r=g\",\"url\":\"https:\\\/\\\/secure.gravatar.com\\\/avatar\\\/12a44d8988553548c22c57da673ee8ffb7e0b87b0197beec533bae3061a92cc5?s=96&d=mm&r=g\",\"contentUrl\":\"https:\\\/\\\/secure.gravatar.com\\\/avatar\\\/12a44d8988553548c22c57da673ee8ffb7e0b87b0197beec533bae3061a92cc5?s=96&d=mm&r=g\",\"caption\":\"Ben Harris\"},\"url\":\"https:\\\/\\\/www.cltweb.org\\\/fr\\\/author\\\/ben\\\/\"}]}<\/script>\n<!-- \/ Yoast SEO Premium plugin. -->","yoast_head_json":{"title":"Explorer le potentiel des fiducies fonci\u00e8res communautaires \u00e0 Buenos Aires - International Center for Community Land Trusts","robots":{"index":"index","follow":"follow","max-snippet":"max-snippet:-1","max-image-preview":"max-image-preview:large","max-video-preview":"max-video-preview:-1"},"canonical":"https:\/\/www.cltweb.org\/fr\/2025\/10\/24\/explorer-le-potentiel-des-fiducies-foncieres-communautaires-a-buenos-aires\/","og_locale":"fr_FR","og_type":"article","og_title":"Explorer le potentiel des fiducies fonci\u00e8res communautaires \u00e0 Buenos Aires","og_description":"Par Tarcyla Fidalgo En octobre 2025, dans le cadre de l&#8217;initiative Global South CLT du CLT Center, Tarcyla Fidalgo, chef de projet, s&#8217;est rendue \u00e0 Buenos Aires, en Argentine, pour [&hellip;]","og_url":"https:\/\/www.cltweb.org\/fr\/2025\/10\/24\/explorer-le-potentiel-des-fiducies-foncieres-communautaires-a-buenos-aires\/","og_site_name":"International Center for Community Land Trusts","article_publisher":"https:\/\/www.facebook.com\/cltcenter","article_published_time":"2025-10-24T12:32:58+00:00","article_modified_time":"2025-10-24T13:00:39+00:00","og_image":[{"width":750,"height":1000,"url":"https:\/\/www.cltweb.org\/wp-content\/uploads\/2025\/10\/image-edited.jpeg","type":"image\/jpeg"}],"author":"Ben Harris","twitter_card":"summary_large_image","twitter_creator":"@Center4CLTs","twitter_site":"@Center4CLTs","twitter_misc":{"\u00c9crit par":"Ben Harris","Dur\u00e9e de lecture estim\u00e9e":"7 minutes"},"schema":{"@context":"https:\/\/schema.org","@graph":[{"@type":"Article","@id":"https:\/\/www.cltweb.org\/fr\/2025\/10\/24\/explorer-le-potentiel-des-fiducies-foncieres-communautaires-a-buenos-aires\/#article","isPartOf":{"@id":"https:\/\/www.cltweb.org\/fr\/2025\/10\/24\/explorer-le-potentiel-des-fiducies-foncieres-communautaires-a-buenos-aires\/"},"author":{"name":"Ben Harris","@id":"https:\/\/www.cltweb.org\/fr\/#\/schema\/person\/7c9fe56cc945e4b57585dbfe30f2ead4"},"headline":"Explorer le potentiel des fiducies fonci\u00e8res communautaires \u00e0 Buenos Aires","datePublished":"2025-10-24T12:32:58+00:00","dateModified":"2025-10-24T13:00:39+00:00","mainEntityOfPage":{"@id":"https:\/\/www.cltweb.org\/fr\/2025\/10\/24\/explorer-le-potentiel-des-fiducies-foncieres-communautaires-a-buenos-aires\/"},"wordCount":1376,"publisher":{"@id":"https:\/\/www.cltweb.org\/fr\/#organization"},"image":{"@id":"https:\/\/www.cltweb.org\/fr\/2025\/10\/24\/explorer-le-potentiel-des-fiducies-foncieres-communautaires-a-buenos-aires\/#primaryimage"},"thumbnailUrl":"https:\/\/www.cltweb.org\/wp-content\/uploads\/2025\/10\/image-edited.jpeg","keywords":["Argentine","fonds foncier communautaire","Sud mondial"],"articleSection":["Blogs","Sud mondial"],"inLanguage":"fr-FR"},{"@type":"WebPage","@id":"https:\/\/www.cltweb.org\/fr\/2025\/10\/24\/explorer-le-potentiel-des-fiducies-foncieres-communautaires-a-buenos-aires\/","url":"https:\/\/www.cltweb.org\/fr\/2025\/10\/24\/explorer-le-potentiel-des-fiducies-foncieres-communautaires-a-buenos-aires\/","name":"Explorer le potentiel des fiducies fonci\u00e8res communautaires \u00e0 Buenos Aires - International Center for Community Land Trusts","isPartOf":{"@id":"https:\/\/www.cltweb.org\/fr\/#website"},"primaryImageOfPage":{"@id":"https:\/\/www.cltweb.org\/fr\/2025\/10\/24\/explorer-le-potentiel-des-fiducies-foncieres-communautaires-a-buenos-aires\/#primaryimage"},"image":{"@id":"https:\/\/www.cltweb.org\/fr\/2025\/10\/24\/explorer-le-potentiel-des-fiducies-foncieres-communautaires-a-buenos-aires\/#primaryimage"},"thumbnailUrl":"https:\/\/www.cltweb.org\/wp-content\/uploads\/2025\/10\/image-edited.jpeg","datePublished":"2025-10-24T12:32:58+00:00","dateModified":"2025-10-24T13:00:39+00:00","breadcrumb":{"@id":"https:\/\/www.cltweb.org\/fr\/2025\/10\/24\/explorer-le-potentiel-des-fiducies-foncieres-communautaires-a-buenos-aires\/#breadcrumb"},"inLanguage":"fr-FR","potentialAction":[{"@type":"ReadAction","target":["https:\/\/www.cltweb.org\/fr\/2025\/10\/24\/explorer-le-potentiel-des-fiducies-foncieres-communautaires-a-buenos-aires\/"]}]},{"@type":"ImageObject","inLanguage":"fr-FR","@id":"https:\/\/www.cltweb.org\/fr\/2025\/10\/24\/explorer-le-potentiel-des-fiducies-foncieres-communautaires-a-buenos-aires\/#primaryimage","url":"https:\/\/www.cltweb.org\/wp-content\/uploads\/2025\/10\/image-edited.jpeg","contentUrl":"https:\/\/www.cltweb.org\/wp-content\/uploads\/2025\/10\/image-edited.jpeg","width":750,"height":1000,"caption":"Tarcyla Fidalgo participating in a seminar at the Public Defender's Office in Buenos Aires, Argentina"},{"@type":"BreadcrumbList","@id":"https:\/\/www.cltweb.org\/fr\/2025\/10\/24\/explorer-le-potentiel-des-fiducies-foncieres-communautaires-a-buenos-aires\/#breadcrumb","itemListElement":[{"@type":"ListItem","position":1,"name":"Home","item":"https:\/\/www.cltweb.org\/fr\/"},{"@type":"ListItem","position":2,"name":"Explorer le potentiel des fiducies fonci\u00e8res communautaires \u00e0 Buenos Aires"}]},{"@type":"WebSite","@id":"https:\/\/www.cltweb.org\/fr\/#website","url":"https:\/\/www.cltweb.org\/fr\/","name":"International Center for Community Land Trusts","description":"","publisher":{"@id":"https:\/\/www.cltweb.org\/fr\/#organization"},"potentialAction":[{"@type":"SearchAction","target":{"@type":"EntryPoint","urlTemplate":"https:\/\/www.cltweb.org\/fr\/?s={search_term_string}"},"query-input":{"@type":"PropertyValueSpecification","valueRequired":true,"valueName":"search_term_string"}}],"inLanguage":"fr-FR"},{"@type":"Organization","@id":"https:\/\/www.cltweb.org\/fr\/#organization","name":"International Center for Community Land Trusts","url":"https:\/\/www.cltweb.org\/fr\/","logo":{"@type":"ImageObject","inLanguage":"fr-FR","@id":"https:\/\/www.cltweb.org\/fr\/#\/schema\/logo\/image\/","url":"https:\/\/www.cltweb.org\/wp-content\/uploads\/2024\/11\/New-CLT-Center-Text-logo.png","contentUrl":"https:\/\/www.cltweb.org\/wp-content\/uploads\/2024\/11\/New-CLT-Center-Text-logo.png","width":227,"height":80,"caption":"International Center for Community Land Trusts"},"image":{"@id":"https:\/\/www.cltweb.org\/fr\/#\/schema\/logo\/image\/"},"sameAs":["https:\/\/www.facebook.com\/cltcenter","https:\/\/x.com\/Center4CLTs","https:\/\/www.instagram.com\/cltcenter\/","https:\/\/www.linkedin.com\/company\/cltcenter","https:\/\/www.youtube.com\/@centerforcltinnovation5313"],"description":"The International Center for Community Land Trusts is a not-for-profit nongovernmental organization established in 2018 to promote and to support community land trusts and similar strategies of community-led development on community-owned land in countries throughout the world.","email":"info@communitylandtrust.net","legalName":"International Center for Community Land Trusts","foundingDate":"2018-12-01","taxID":"84-3858933","numberOfEmployees":{"@type":"QuantitativeValue","minValue":"1","maxValue":"10"}},{"@type":"Person","@id":"https:\/\/www.cltweb.org\/fr\/#\/schema\/person\/7c9fe56cc945e4b57585dbfe30f2ead4","name":"Ben Harris","image":{"@type":"ImageObject","inLanguage":"fr-FR","@id":"https:\/\/secure.gravatar.com\/avatar\/12a44d8988553548c22c57da673ee8ffb7e0b87b0197beec533bae3061a92cc5?s=96&d=mm&r=g","url":"https:\/\/secure.gravatar.com\/avatar\/12a44d8988553548c22c57da673ee8ffb7e0b87b0197beec533bae3061a92cc5?s=96&d=mm&r=g","contentUrl":"https:\/\/secure.gravatar.com\/avatar\/12a44d8988553548c22c57da673ee8ffb7e0b87b0197beec533bae3061a92cc5?s=96&d=mm&r=g","caption":"Ben Harris"},"url":"https:\/\/www.cltweb.org\/fr\/author\/ben\/"}]}},"taxonomy_info":{"category":[{"value":292,"label":"Blogs"},{"value":159,"label":"Sud mondial"}],"post_tag":[{"value":351,"label":"Argentine"},{"value":338,"label":"fonds foncier communautaire"},{"value":352,"label":"Sud mondial"}]},"featured_image_src_large":["https:\/\/www.cltweb.org\/wp-content\/uploads\/2025\/10\/image-edited.jpeg",750,1000,false],"author_info":{"display_name":"Ben Harris","author_link":"https:\/\/www.cltweb.org\/fr\/author\/ben\/"},"comment_info":0,"category_info":[{"term_id":292,"name":"Blogs","slug":"blogs-fr","term_group":0,"term_taxonomy_id":292,"taxonomy":"category","description":"","parent":0,"count":14,"filter":"raw","cat_ID":292,"category_count":14,"category_description":"","cat_name":"Blogs","category_nicename":"blogs-fr","category_parent":0},{"term_id":159,"name":"Sud mondial","slug":"sud-mondial","term_group":0,"term_taxonomy_id":159,"taxonomy":"category","description":"","parent":0,"count":5,"filter":"raw","cat_ID":159,"category_count":5,"category_description":"","cat_name":"Sud mondial","category_nicename":"sud-mondial","category_parent":0}],"tag_info":[{"term_id":351,"name":"Argentine","slug":"argentine","term_group":0,"term_taxonomy_id":351,"taxonomy":"post_tag","description":"","parent":0,"count":1,"filter":"raw"},{"term_id":338,"name":"fonds foncier communautaire","slug":"fonds-foncier-communautaire","term_group":0,"term_taxonomy_id":338,"taxonomy":"post_tag","description":"","parent":0,"count":19,"filter":"raw"},{"term_id":352,"name":"Sud mondial","slug":"sud-mondial","term_group":0,"term_taxonomy_id":352,"taxonomy":"post_tag","description":"","parent":0,"count":1,"filter":"raw"}],"jetpack_featured_media_url":"https:\/\/www.cltweb.org\/wp-content\/uploads\/2025\/10\/image-edited.jpeg","jetpack_sharing_enabled":true,"jetpack-related-posts":[{"id":10803,"url":"https:\/\/www.cltweb.org\/fr\/2025\/11\/28\/journee-mondiale-des-clt-une-celebration-mondiale-de-la-solidarite-1\/","url_meta":{"origin":10100,"position":0},"title":"Construire ensemble gr\u00e2ce \u00e0 la collaboration","author":"Ben Harris","date":"28 novembre 2025","format":false,"excerpt":"Cet article fait partie de notre campagne de fin d'ann\u00e9e c\u00e9l\u00e9brant la mani\u00e8re dont le Centre CLT s'efforce de servir le mouvement CLT mondial. Cette semaine, nous mettons en lumi\u00e8re : Nos collaborateurs en 2025 Derri\u00e8re chaque CLT prosp\u00e8re se trouvent les personnes qui le rendent possible : les organisateurs,\u2026","rel":"","context":"Dans &quot;Non classifi\u00e9(e)&quot;","block_context":{"text":"Non classifi\u00e9(e)","link":"https:\/\/www.cltweb.org\/fr\/category\/non-classifiee\/"},"img":{"alt_text":"","src":"https:\/\/i0.wp.com\/www.cltweb.org\/wp-content\/uploads\/2025\/11\/Land-for-People-Not-for-Profit-Banner.gif?resize=350%2C200&ssl=1","width":350,"height":200,"srcset":"https:\/\/i0.wp.com\/www.cltweb.org\/wp-content\/uploads\/2025\/11\/Land-for-People-Not-for-Profit-Banner.gif?resize=350%2C200&ssl=1 1x, https:\/\/i0.wp.com\/www.cltweb.org\/wp-content\/uploads\/2025\/11\/Land-for-People-Not-for-Profit-Banner.gif?resize=525%2C300&ssl=1 1.5x, https:\/\/i0.wp.com\/www.cltweb.org\/wp-content\/uploads\/2025\/11\/Land-for-People-Not-for-Profit-Banner.gif?resize=700%2C400&ssl=1 2x, https:\/\/i0.wp.com\/www.cltweb.org\/wp-content\/uploads\/2025\/11\/Land-for-People-Not-for-Profit-Banner.gif?resize=1050%2C600&ssl=1 3x, https:\/\/i0.wp.com\/www.cltweb.org\/wp-content\/uploads\/2025\/11\/Land-for-People-Not-for-Profit-Banner.gif?resize=1400%2C800&ssl=1 4x"},"classes":[]},{"id":10688,"url":"https:\/\/www.cltweb.org\/2025\/11\/11\/la-terre-pour-les-gens-pas-pour-le-profit-construire-linfrastructure-dun-mouvement-mondial-2\/","url_meta":{"origin":10100,"position":1},"title":"La terre pour les gens, pas pour le profit : Construire l&#8217;infrastructure d&#8217;un mouvement mondial","author":"Ben Harris","date":"11 novembre 2025","format":false,"excerpt":"Cette ann\u00e9e, l'International Center for Community Land Trusts lance sa toute premi\u00e8re campagne de fin d'ann\u00e9e - une occasion de r\u00e9fl\u00e9chir \u00e0 ce que nous construisons ensemble et aux relations qui rendent ce travail possible. Partout dans le monde, les CLT prouvent qu'il est possible d'\u00e9tablir une autre relation avec\u2026","rel":"","context":"Dans &quot;Blogs&quot;","block_context":{"text":"Blogs","link":"https:\/\/www.cltweb.org\/fr\/category\/blogs-fr\/"},"img":{"alt_text":"","src":"https:\/\/i0.wp.com\/www.cltweb.org\/wp-content\/uploads\/2025\/11\/Land-for-People-Not-For-Profit.gif?resize=350%2C200&ssl=1","width":350,"height":200,"srcset":"https:\/\/i0.wp.com\/www.cltweb.org\/wp-content\/uploads\/2025\/11\/Land-for-People-Not-For-Profit.gif?resize=350%2C200&ssl=1 1x, https:\/\/i0.wp.com\/www.cltweb.org\/wp-content\/uploads\/2025\/11\/Land-for-People-Not-For-Profit.gif?resize=525%2C300&ssl=1 1.5x, https:\/\/i0.wp.com\/www.cltweb.org\/wp-content\/uploads\/2025\/11\/Land-for-People-Not-For-Profit.gif?resize=700%2C400&ssl=1 2x, https:\/\/i0.wp.com\/www.cltweb.org\/wp-content\/uploads\/2025\/11\/Land-for-People-Not-For-Profit.gif?resize=1050%2C600&ssl=1 3x"},"classes":[]},{"id":10689,"url":"https:\/\/www.cltweb.org\/fr\/2025\/11\/11\/la-terre-pour-les-gens-pas-pour-le-profit-construire-linfrastructure-dun-mouvement-mondial\/","url_meta":{"origin":10100,"position":2},"title":"La terre pour les gens, pas pour le profit : Construire l&#8217;infrastructure d&#8217;un mouvement mondial","author":"Ben Harris","date":"11 novembre 2025","format":false,"excerpt":"Cette ann\u00e9e, l'International Center for Community Land Trusts lance sa toute premi\u00e8re campagne de fin d'ann\u00e9e - une occasion de r\u00e9fl\u00e9chir \u00e0 ce que nous construisons ensemble et aux relations qui rendent ce travail possible. Partout dans le monde, les CLT prouvent qu'il est possible d'\u00e9tablir une autre relation avec\u2026","rel":"","context":"Dans &quot;Blogs&quot;","block_context":{"text":"Blogs","link":"https:\/\/www.cltweb.org\/fr\/category\/blogs-fr\/"},"img":{"alt_text":"","src":"https:\/\/i0.wp.com\/www.cltweb.org\/wp-content\/uploads\/2025\/11\/Land-for-People-Not-For-Profit.gif?resize=350%2C200&ssl=1","width":350,"height":200,"srcset":"https:\/\/i0.wp.com\/www.cltweb.org\/wp-content\/uploads\/2025\/11\/Land-for-People-Not-For-Profit.gif?resize=350%2C200&ssl=1 1x, https:\/\/i0.wp.com\/www.cltweb.org\/wp-content\/uploads\/2025\/11\/Land-for-People-Not-For-Profit.gif?resize=525%2C300&ssl=1 1.5x, https:\/\/i0.wp.com\/www.cltweb.org\/wp-content\/uploads\/2025\/11\/Land-for-People-Not-For-Profit.gif?resize=700%2C400&ssl=1 2x, https:\/\/i0.wp.com\/www.cltweb.org\/wp-content\/uploads\/2025\/11\/Land-for-People-Not-For-Profit.gif?resize=1050%2C600&ssl=1 3x"},"classes":[]},{"id":10664,"url":"https:\/\/www.cltweb.org\/fr\/2025\/11\/17\/les-clt-et-laction-climatique-un-mouvement-croissant-pour-une-transition-juste\/","url_meta":{"origin":10100,"position":3},"title":"Les CLT et l&#8217;action climatique : Un mouvement croissant pour une transition juste","author":"Ben Harris","date":"17 novembre 2025","format":false,"excerpt":"Cet article fait partie de notre campagne de fin d'ann\u00e9e c\u00e9l\u00e9brant la mani\u00e8re dont le Centre CLT s'efforce de servir le mouvement CLT mondial. Cette semaine, nous mettons en lumi\u00e8re : L'initiative pour la justice climatique L'urgence climatique n'est plus une menace lointaine : elle est l\u00e0, remodelant les lieux\u2026","rel":"","context":"Dans &quot;Initiative pour la justice climatique&quot;","block_context":{"text":"Initiative pour la justice climatique","link":"https:\/\/www.cltweb.org\/fr\/category\/initiative-pour-la-justice-climatique\/"},"img":{"alt_text":"","src":"https:\/\/i0.wp.com\/www.cltweb.org\/wp-content\/uploads\/2025\/11\/Land-for-People-Not-for-Profit-Banner.gif?resize=350%2C200&ssl=1","width":350,"height":200,"srcset":"https:\/\/i0.wp.com\/www.cltweb.org\/wp-content\/uploads\/2025\/11\/Land-for-People-Not-for-Profit-Banner.gif?resize=350%2C200&ssl=1 1x, https:\/\/i0.wp.com\/www.cltweb.org\/wp-content\/uploads\/2025\/11\/Land-for-People-Not-for-Profit-Banner.gif?resize=525%2C300&ssl=1 1.5x, https:\/\/i0.wp.com\/www.cltweb.org\/wp-content\/uploads\/2025\/11\/Land-for-People-Not-for-Profit-Banner.gif?resize=700%2C400&ssl=1 2x, https:\/\/i0.wp.com\/www.cltweb.org\/wp-content\/uploads\/2025\/11\/Land-for-People-Not-for-Profit-Banner.gif?resize=1050%2C600&ssl=1 3x, https:\/\/i0.wp.com\/www.cltweb.org\/wp-content\/uploads\/2025\/11\/Land-for-People-Not-for-Profit-Banner.gif?resize=1400%2C800&ssl=1 4x"},"classes":[]},{"id":10898,"url":"https:\/\/www.cltweb.org\/fr\/2025\/12\/08\/terra-nostra-press-et-la-memoire-du-mouvement-clt\/","url_meta":{"origin":10100,"position":4},"title":"Terra Nostra Press et la m\u00e9moire du mouvement CLT","author":"Ben Harris","date":"8 d\u00e9cembre 2025","format":false,"excerpt":"Cet article fait partie de notre campagne de fin d'ann\u00e9e c\u00e9l\u00e9brant la mani\u00e8re dont le Centre CLT s'efforce de servir le mouvement CLT mondial. Cette semaine, nous mettons en lumi\u00e8re : Terra Nostra Press Chaque mouvement a besoin d'une m\u00e9moire. Tout comme les terres et les maisons que les CLT\u2026","rel":"","context":"Dans &quot;Non classifi\u00e9(e)&quot;","block_context":{"text":"Non classifi\u00e9(e)","link":"https:\/\/www.cltweb.org\/fr\/category\/non-classifiee\/"},"img":{"alt_text":"","src":"https:\/\/i0.wp.com\/www.cltweb.org\/wp-content\/uploads\/2025\/11\/Land-for-People-Not-for-Profit-Banner.gif?resize=350%2C200&ssl=1","width":350,"height":200,"srcset":"https:\/\/i0.wp.com\/www.cltweb.org\/wp-content\/uploads\/2025\/11\/Land-for-People-Not-for-Profit-Banner.gif?resize=350%2C200&ssl=1 1x, https:\/\/i0.wp.com\/www.cltweb.org\/wp-content\/uploads\/2025\/11\/Land-for-People-Not-for-Profit-Banner.gif?resize=525%2C300&ssl=1 1.5x, https:\/\/i0.wp.com\/www.cltweb.org\/wp-content\/uploads\/2025\/11\/Land-for-People-Not-for-Profit-Banner.gif?resize=700%2C400&ssl=1 2x, https:\/\/i0.wp.com\/www.cltweb.org\/wp-content\/uploads\/2025\/11\/Land-for-People-Not-for-Profit-Banner.gif?resize=1050%2C600&ssl=1 3x, https:\/\/i0.wp.com\/www.cltweb.org\/wp-content\/uploads\/2025\/11\/Land-for-People-Not-for-Profit-Banner.gif?resize=1400%2C800&ssl=1 4x"},"classes":[]},{"id":9541,"url":"https:\/\/www.cltweb.org\/fr\/2025\/05\/21\/des-biens-communs-pour-la-justice-les-clt-a-travers-les-continents-au-festival-international-du-logement-social\/","url_meta":{"origin":10100,"position":5},"title":"Des biens communs pour la justice : Les CLT \u00e0 travers les continents au Festival international du logement social","author":"Ben Harris","date":"21 mai 2025","format":false,"excerpt":"\u00c0 une \u00e9poque marqu\u00e9e par des crises du logement, des march\u00e9s fonciers extractifs et des in\u00e9galit\u00e9s croissantes, les communaut\u00e9s du monde entier se r\u00e9approprient les biens communs. \u00c0 l'occasion du 2025 International Social Housing Festival \u00e0 Dublin, en Irlande (du 4 au 6 juin), le European Community Land Trust Network\u2026","rel":"","context":"Dans &quot;Blogs&quot;","block_context":{"text":"Blogs","link":"https:\/\/www.cltweb.org\/fr\/category\/blogs-fr\/"},"img":{"alt_text":"","src":"https:\/\/i0.wp.com\/www.cltweb.org\/wp-content\/uploads\/2025\/05\/Keti-Tskitishvili.jpg?resize=350%2C200&ssl=1","width":350,"height":200,"srcset":"https:\/\/i0.wp.com\/www.cltweb.org\/wp-content\/uploads\/2025\/05\/Keti-Tskitishvili.jpg?resize=350%2C200&ssl=1 1x, https:\/\/i0.wp.com\/www.cltweb.org\/wp-content\/uploads\/2025\/05\/Keti-Tskitishvili.jpg?resize=525%2C300&ssl=1 1.5x, https:\/\/i0.wp.com\/www.cltweb.org\/wp-content\/uploads\/2025\/05\/Keti-Tskitishvili.jpg?resize=700%2C400&ssl=1 2x"},"classes":[]}],"_links":{"self":[{"href":"https:\/\/www.cltweb.org\/fr\/wp-json\/wp\/v2\/posts\/10100","targetHints":{"allow":["GET"]}}],"collection":[{"href":"https:\/\/www.cltweb.org\/fr\/wp-json\/wp\/v2\/posts"}],"about":[{"href":"https:\/\/www.cltweb.org\/fr\/wp-json\/wp\/v2\/types\/post"}],"author":[{"embeddable":true,"href":"https:\/\/www.cltweb.org\/fr\/wp-json\/wp\/v2\/users\/2"}],"replies":[{"embeddable":true,"href":"https:\/\/www.cltweb.org\/fr\/wp-json\/wp\/v2\/comments?post=10100"}],"version-history":[{"count":7,"href":"https:\/\/www.cltweb.org\/fr\/wp-json\/wp\/v2\/posts\/10100\/revisions"}],"predecessor-version":[{"id":10137,"href":"https:\/\/www.cltweb.org\/fr\/wp-json\/wp\/v2\/posts\/10100\/revisions\/10137"}],"wp:featuredmedia":[{"embeddable":true,"href":"https:\/\/www.cltweb.org\/fr\/wp-json\/wp\/v2\/media\/10087"}],"wp:attachment":[{"href":"https:\/\/www.cltweb.org\/fr\/wp-json\/wp\/v2\/media?parent=10100"}],"wp:term":[{"taxonomy":"category","embeddable":true,"href":"https:\/\/www.cltweb.org\/fr\/wp-json\/wp\/v2\/categories?post=10100"},{"taxonomy":"post_tag","embeddable":true,"href":"https:\/\/www.cltweb.org\/fr\/wp-json\/wp\/v2\/tags?post=10100"}],"curies":[{"name":"wp","href":"https:\/\/api.w.org\/{rel}","templated":true}]}}