{"id":10142,"date":"2025-10-24T12:58:57","date_gmt":"2025-10-24T12:58:57","guid":{"rendered":"https:\/\/www.cltweb.org\/2025\/10\/24\/presentation-du-modele-clt-a-la-conference-suedoise-collaborative-and-social-building-and-living-2025\/"},"modified":"2025-10-29T19:03:48","modified_gmt":"2025-10-29T19:03:48","slug":"presentation-du-modele-clt-a-la-conference-suedoise-collaborative-and-social-building-and-living-2025","status":"publish","type":"post","link":"https:\/\/www.cltweb.org\/fr\/2025\/10\/24\/presentation-du-modele-clt-a-la-conference-suedoise-collaborative-and-social-building-and-living-2025\/","title":{"rendered":"Pr\u00e9sentation du mod\u00e8le CLT \u00e0 la conf\u00e9rence su\u00e9doise Collaborative and Social Building and Living 2025"},"content":{"rendered":"\n<p><strong>Par Jonas Lagander, Coompanion<br\/><\/strong><\/p>\n\n<figure class=\"wp-block-image alignleft size-large is-resized\"><img loading=\"lazy\" decoding=\"async\" width=\"1024\" height=\"768\" src=\"https:\/\/www.cltweb.org\/wp-content\/uploads\/2025\/10\/IMG_6480-1024x768.jpg\" alt=\"\" class=\"wp-image-10126\" style=\"width:419px;height:auto\" srcset=\"https:\/\/www.cltweb.org\/wp-content\/uploads\/2025\/10\/IMG_6480-1024x768.jpg 1024w, https:\/\/www.cltweb.org\/wp-content\/uploads\/2025\/10\/IMG_6480-300x225.jpg 300w, https:\/\/www.cltweb.org\/wp-content\/uploads\/2025\/10\/IMG_6480-768x576.jpg 768w, https:\/\/www.cltweb.org\/wp-content\/uploads\/2025\/10\/IMG_6480-1536x1152.jpg 1536w, https:\/\/www.cltweb.org\/wp-content\/uploads\/2025\/10\/IMG_6480.jpg 2048w\" sizes=\"auto, (max-width: 1024px) 100vw, 1024px\" \/><\/figure>\n\n<p><a href=\"https:\/\/coompanion.se\/\" target=\"_blank\" rel=\"noreferrer noopener\">Coompanion<\/a> a particip\u00e9 cette ann\u00e9e \u00e0 la conf\u00e9rence Collaborative and Social Building and Living \u00e0 Bor\u00e5s, en Su\u00e8de, et a organis\u00e9 deux s\u00e9minaires sur les CLT. Avec d&#8217;autres partenaires concern\u00e9s, ils participent au projet &#8220;<a href=\"https:\/\/www.codesign.nu\/ideabasedhousing\/\" target=\"_blank\" rel=\"noreferrer noopener\">Local innovation systems around the barriers to idea-based and collaborative housing in Sweden&#8221; (Syst\u00e8mes d&#8217;innovation locale autour des obstacles aux logements bas\u00e9s sur des id\u00e9es et collaboratifs en Su\u00e8de<\/a>), ax\u00e9 sur des logements abordables et ax\u00e9s sur une mission pour les personnes en situation de pr\u00e9carit\u00e9 \u00e9conomique. Ce projet est dirig\u00e9 par l&#8217;universit\u00e9 de G\u00f6teborg et cofinanc\u00e9 par FORMAS, un conseil su\u00e9dois de la recherche pour le d\u00e9veloppement durable. Entre autres activit\u00e9s, ils ont examin\u00e9 comment les CLT pourraient \u00eatre introduits en Su\u00e8de.   <\/p>\n\n<p>En Su\u00e8de, le concept de Community Land Trust est largement m\u00e9connu, mais il rec\u00e8le un potentiel inexploit\u00e9. Par exemple, CLT Brussels (l&#8217;un des orateurs de la conf\u00e9rence) montre que les co\u00fbts du logement dans un contexte europ\u00e9en peuvent \u00eatre r\u00e9duits d&#8217;environ 40 % gr\u00e2ce \u00e0 cette approche. Le projet a \u00e9galement accueilli Lars Arell, des bureaux du gouvernement su\u00e9dois, dans le cadre d&#8217;une table ronde ; il est conseiller principal au minist\u00e8re des affaires rurales et de l&#8217;infrastructure et participe \u00e0 l&#8217;exploration d&#8217;une nouvelle &#8220;<a href=\"https:\/\/www.regeringen.se\/pressmeddelanden\/2024\/05\/ny-egnahemsrorelse-ska-oka-byggandet-av-smahus\/\" target=\"_blank\" rel=\"noreferrer noopener\">egnahemsr\u00f6relse<\/a>&#8221; su\u00e9doise (mouvement d&#8217;autoconstruction, y compris le d\u00e9veloppement de nouvelles cit\u00e9s-jardins). La m\u00e9thode CLT fonctionne aussi bien pour les maisons individuelles que pour les logements locatifs. Elle pourrait donc s&#8217;av\u00e9rer utile dans le cadre de cette enqu\u00eate gouvernementale. Les autres principaux intervenants \u00e9taient Axel K\u00f6psell, qui travaille avec la Stiftung Trias (Allemagne), et Britt Jurgensen, de Homebaked CLT (Royaume-Uni).     <\/p>\n\n<h3 class=\"wp-block-heading\" id=\"h-introducing-markgemenskap\"><strong>Pr\u00e9sentation de Markgemenskap<\/strong><\/h3>\n\n<figure class=\"wp-block-image alignright size-large is-resized\"><img loading=\"lazy\" decoding=\"async\" width=\"1024\" height=\"768\" src=\"https:\/\/www.cltweb.org\/wp-content\/uploads\/2025\/10\/IMG_6503-1024x768.jpg\" alt=\"\" class=\"wp-image-10130\" style=\"width:416px;height:auto\" srcset=\"https:\/\/www.cltweb.org\/wp-content\/uploads\/2025\/10\/IMG_6503-1024x768.jpg 1024w, https:\/\/www.cltweb.org\/wp-content\/uploads\/2025\/10\/IMG_6503-300x225.jpg 300w, https:\/\/www.cltweb.org\/wp-content\/uploads\/2025\/10\/IMG_6503-768x576.jpg 768w, https:\/\/www.cltweb.org\/wp-content\/uploads\/2025\/10\/IMG_6503-1536x1152.jpg 1536w, https:\/\/www.cltweb.org\/wp-content\/uploads\/2025\/10\/IMG_6503.jpg 2048w\" sizes=\"auto, (max-width: 1024px) 100vw, 1024px\" \/><\/figure>\n\n<p>Lors de la conf\u00e9rence, le projet a lanc\u00e9 le terme su\u00e9dois &#8220;Markgemenskap&#8221; afin de faciliter la communication sur les CLT et les formes connexes de propri\u00e9t\u00e9 fonci\u00e8re \u00e0 but social et non lucratif. Ce domaine rec\u00e8le un potentiel important de capture de la valeur fonci\u00e8re pour l&#8217;innovation sociale, qui est actuellement sous-utilis\u00e9 en Su\u00e8de. Pour promouvoir les progr\u00e8s dans ce contexte, le projet a estim\u00e9 qu&#8217;il \u00e9tait important d&#8217;avoir un terme su\u00e9dois. Un rapport en su\u00e9dois, destin\u00e9 aux praticiens, sera publi\u00e9 avant la fin de l&#8217;ann\u00e9e pour aider ceux qui souhaitent travailler dans ce domaine.     <\/p>\n\n<p><a href=\"https:\/\/www.youtube.com\/watch?v=IzFwTzJGIh4\" target=\"_blank\" rel=\"noreferrer noopener\">Voici un court m\u00e9trage<\/a> sur l&#8217;approche CLT (exemple am\u00e9ricain, principalement en anglais) pour les acteurs su\u00e9dois.<\/p>\n\n<p>Tous les s\u00e9minaires de la conf\u00e9rence ont \u00e9t\u00e9 enregistr\u00e9s et seront bient\u00f4t disponibles sur le site web de la conf\u00e9rence : <a href=\"https:\/\/ideburetbyggande.se\/dokumentation-2025\/\">www.socialtbyggande.se<\/a>. Certaines sont en anglais, par exemple la pr\u00e9sentation du CLT Bruxelles.  <br\/><br\/>Cette conf\u00e9rence, qui a lieu tous les deux ans, est le lieu de rencontre des acteurs du logement social en Su\u00e8de. Vous trouverez des informations en anglais sur la <a href=\"https:\/\/ideburetbyggande.se\/welcome-information-in-english\/\" target=\"_blank\" rel=\"noreferrer noopener\">conf\u00e9rence ici<\/a>. <\/p>\n\n<p>Si vous souhaitez prendre contact avec le projet, vous pouvez envoyer un courrier \u00e9lectronique \u00e0 l&#8217;adresse suivante : <a href=\"mailto:jonas.lagander@coompanion.se\" target=\"_blank\" rel=\"noreferrer noopener\">jonas.lagander@coompanion.se<\/a>. Le projet se termine en ao\u00fbt 2026.<br\/><\/p>\n\n<hr class=\"wp-block-separator has-alpha-channel-opacity\"\/>\n\n<h3 class=\"wp-block-heading\" id=\"h-what-is-coompanion\"><strong>Qu&#8217;est-ce que Coompanion ?<\/strong><\/h3>\n\n<p><strong>Coompanion<\/strong> est une organisation su\u00e9doise de conseil \u00e0 but non lucratif qui aide les gens \u00e0 cr\u00e9er et \u00e0 d\u00e9velopper des coop\u00e9ratives et des entreprises sociales. Nous fournissons des conseils commerciaux gratuits et impartiaux, des formations, des outils et des r\u00e9seaux, en nous sp\u00e9cialisant dans la propri\u00e9t\u00e9 d\u00e9mocratique, les mod\u00e8les d&#8217;impact social et les partenariats entre les secteurs public, priv\u00e9 et la soci\u00e9t\u00e9 civile. Coompanion est une f\u00e9d\u00e9ration de 25 bureaux r\u00e9gionaux de Coompanion en Su\u00e8de.  <\/p>\n\n<p>  ***<br\/>La vid\u00e9o a \u00e9t\u00e9 r\u00e9alis\u00e9e par John Areblad pour <a href=\"http:\/\/www.socialtbyggande.se\/\">www.socialtbyggande.se<\/a>.  <\/p>\n\n<p>Les photos proviennent de Coompanion.<\/p>\n","protected":false},"excerpt":{"rendered":"<p>Par Jonas Lagander, Coompanion Coompanion a particip\u00e9 cette ann\u00e9e \u00e0 la conf\u00e9rence Collaborative and Social Building and Living \u00e0 Bor\u00e5s, en Su\u00e8de, et a organis\u00e9 deux s\u00e9minaires sur les CLT. [&hellip;]<\/p>\n","protected":false},"author":2,"featured_media":10127,"comment_status":"closed","ping_status":"open","sticky":false,"template":"","format":"standard","meta":{"give_campaign_id":0,"_tec_requires_first_save":true,"_kad_blocks_custom_css":"","_kad_blocks_head_custom_js":"","_kad_blocks_body_custom_js":"","_kad_blocks_footer_custom_js":"","_EventAllDay":false,"_EventTimezone":"","_EventStartDate":"","_EventEndDate":"","_EventStartDateUTC":"","_EventEndDateUTC":"","_EventShowMap":false,"_EventShowMapLink":false,"_EventURL":"","_EventCost":"","_EventCostDescription":"","_EventCurrencySymbol":"","_EventCurrencyCode":"","_EventCurrencyPosition":"","_EventDateTimeSeparator":"","_EventTimeRangeSeparator":"","_EventOrganizerID":[],"_EventVenueID":[],"_OrganizerEmail":"","_OrganizerPhone":"","_OrganizerWebsite":"","_VenueAddress":"","_VenueCity":"","_VenueCountry":"","_VenueProvince":"","_VenueState":"","_VenueZip":"","_VenuePhone":"","_VenueURL":"","_VenueStateProvince":"","_VenueLat":"","_VenueLng":"","_VenueShowMap":false,"_VenueShowMapLink":false,"_tribe_blocks_recurrence_rules":"","_tribe_blocks_recurrence_description":"","_tribe_blocks_recurrence_exclusions":"","_jetpack_memberships_contains_paid_content":false,"footnotes":""},"categories":[292,104],"tags":[338,360,359],"class_list":["post-10142","post","type-post","status-publish","format-standard","has-post-thumbnail","hentry","category-blogs-fr","category-pays","tag-fonds-foncier-communautaire","tag-leurope","tag-suede"],"blocksy_meta":[],"yoast_head":"<!-- This site is optimized with the Yoast SEO Premium plugin v27.4 (Yoast SEO v27.5) - https:\/\/yoast.com\/product\/yoast-seo-premium-wordpress\/ -->\n<title>Pr\u00e9sentation du mod\u00e8le CLT \u00e0 la conf\u00e9rence su\u00e9doise Collaborative and Social Building and Living 2025 - International Center for Community Land Trusts<\/title>\n<meta name=\"robots\" content=\"index, follow, max-snippet:-1, max-image-preview:large, max-video-preview:-1\" \/>\n<link rel=\"canonical\" href=\"https:\/\/www.cltweb.org\/fr\/2025\/10\/24\/presentation-du-modele-clt-a-la-conference-suedoise-collaborative-and-social-building-and-living-2025\/\" \/>\n<meta property=\"og:locale\" content=\"fr_FR\" \/>\n<meta property=\"og:type\" content=\"article\" \/>\n<meta property=\"og:title\" content=\"Pr\u00e9sentation du mod\u00e8le CLT \u00e0 la conf\u00e9rence su\u00e9doise Collaborative and Social Building and Living 2025\" \/>\n<meta property=\"og:description\" content=\"Par Jonas Lagander, Coompanion Coompanion a particip\u00e9 cette ann\u00e9e \u00e0 la conf\u00e9rence Collaborative and Social Building and Living \u00e0 Bor\u00e5s, en Su\u00e8de, et a organis\u00e9 deux s\u00e9minaires sur les CLT. [&hellip;]\" \/>\n<meta property=\"og:url\" content=\"https:\/\/www.cltweb.org\/fr\/2025\/10\/24\/presentation-du-modele-clt-a-la-conference-suedoise-collaborative-and-social-building-and-living-2025\/\" \/>\n<meta property=\"og:site_name\" content=\"International Center for Community Land Trusts\" \/>\n<meta property=\"article:publisher\" content=\"https:\/\/www.facebook.com\/cltcenter\" \/>\n<meta property=\"article:published_time\" content=\"2025-10-24T12:58:57+00:00\" \/>\n<meta property=\"article:modified_time\" content=\"2025-10-29T19:03:48+00:00\" \/>\n<meta name=\"author\" content=\"Ben Harris\" \/>\n<meta name=\"twitter:card\" content=\"summary_large_image\" \/>\n<meta name=\"twitter:creator\" content=\"@Center4CLTs\" \/>\n<meta name=\"twitter:site\" content=\"@Center4CLTs\" \/>\n<meta name=\"twitter:label1\" content=\"\u00c9crit par\" \/>\n\t<meta name=\"twitter:data1\" content=\"Ben Harris\" \/>\n\t<meta name=\"twitter:label2\" content=\"Dur\u00e9e de lecture estim\u00e9e\" \/>\n\t<meta name=\"twitter:data2\" content=\"3 minutes\" \/>\n<script type=\"application\/ld+json\" class=\"yoast-schema-graph\">{\"@context\":\"https:\\\/\\\/schema.org\",\"@graph\":[{\"@type\":\"Article\",\"@id\":\"https:\\\/\\\/www.cltweb.org\\\/fr\\\/2025\\\/10\\\/24\\\/presentation-du-modele-clt-a-la-conference-suedoise-collaborative-and-social-building-and-living-2025\\\/#article\",\"isPartOf\":{\"@id\":\"https:\\\/\\\/www.cltweb.org\\\/fr\\\/2025\\\/10\\\/24\\\/presentation-du-modele-clt-a-la-conference-suedoise-collaborative-and-social-building-and-living-2025\\\/\"},\"author\":{\"name\":\"Ben Harris\",\"@id\":\"https:\\\/\\\/www.cltweb.org\\\/fr\\\/#\\\/schema\\\/person\\\/7c9fe56cc945e4b57585dbfe30f2ead4\"},\"headline\":\"Pr\u00e9sentation du mod\u00e8le CLT \u00e0 la conf\u00e9rence su\u00e9doise Collaborative and Social Building and Living 2025\",\"datePublished\":\"2025-10-24T12:58:57+00:00\",\"dateModified\":\"2025-10-29T19:03:48+00:00\",\"mainEntityOfPage\":{\"@id\":\"https:\\\/\\\/www.cltweb.org\\\/fr\\\/2025\\\/10\\\/24\\\/presentation-du-modele-clt-a-la-conference-suedoise-collaborative-and-social-building-and-living-2025\\\/\"},\"wordCount\":666,\"publisher\":{\"@id\":\"https:\\\/\\\/www.cltweb.org\\\/fr\\\/#organization\"},\"image\":{\"@id\":\"https:\\\/\\\/www.cltweb.org\\\/fr\\\/2025\\\/10\\\/24\\\/presentation-du-modele-clt-a-la-conference-suedoise-collaborative-and-social-building-and-living-2025\\\/#primaryimage\"},\"thumbnailUrl\":\"https:\\\/\\\/www.cltweb.org\\\/wp-content\\\/uploads\\\/2025\\\/10\\\/IMG_6480.jpg\",\"keywords\":[\"fonds foncier communautaire\",\"l'Europe\",\"Su\u00e8de\"],\"articleSection\":[\"Blogs\",\"Pays\"],\"inLanguage\":\"fr-FR\"},{\"@type\":\"WebPage\",\"@id\":\"https:\\\/\\\/www.cltweb.org\\\/fr\\\/2025\\\/10\\\/24\\\/presentation-du-modele-clt-a-la-conference-suedoise-collaborative-and-social-building-and-living-2025\\\/\",\"url\":\"https:\\\/\\\/www.cltweb.org\\\/fr\\\/2025\\\/10\\\/24\\\/presentation-du-modele-clt-a-la-conference-suedoise-collaborative-and-social-building-and-living-2025\\\/\",\"name\":\"Pr\u00e9sentation du mod\u00e8le CLT \u00e0 la conf\u00e9rence su\u00e9doise Collaborative and Social Building and Living 2025 - International Center for Community Land Trusts\",\"isPartOf\":{\"@id\":\"https:\\\/\\\/www.cltweb.org\\\/fr\\\/#website\"},\"primaryImageOfPage\":{\"@id\":\"https:\\\/\\\/www.cltweb.org\\\/fr\\\/2025\\\/10\\\/24\\\/presentation-du-modele-clt-a-la-conference-suedoise-collaborative-and-social-building-and-living-2025\\\/#primaryimage\"},\"image\":{\"@id\":\"https:\\\/\\\/www.cltweb.org\\\/fr\\\/2025\\\/10\\\/24\\\/presentation-du-modele-clt-a-la-conference-suedoise-collaborative-and-social-building-and-living-2025\\\/#primaryimage\"},\"thumbnailUrl\":\"https:\\\/\\\/www.cltweb.org\\\/wp-content\\\/uploads\\\/2025\\\/10\\\/IMG_6480.jpg\",\"datePublished\":\"2025-10-24T12:58:57+00:00\",\"dateModified\":\"2025-10-29T19:03:48+00:00\",\"breadcrumb\":{\"@id\":\"https:\\\/\\\/www.cltweb.org\\\/fr\\\/2025\\\/10\\\/24\\\/presentation-du-modele-clt-a-la-conference-suedoise-collaborative-and-social-building-and-living-2025\\\/#breadcrumb\"},\"inLanguage\":\"fr-FR\",\"potentialAction\":[{\"@type\":\"ReadAction\",\"target\":[\"https:\\\/\\\/www.cltweb.org\\\/fr\\\/2025\\\/10\\\/24\\\/presentation-du-modele-clt-a-la-conference-suedoise-collaborative-and-social-building-and-living-2025\\\/\"]}]},{\"@type\":\"ImageObject\",\"inLanguage\":\"fr-FR\",\"@id\":\"https:\\\/\\\/www.cltweb.org\\\/fr\\\/2025\\\/10\\\/24\\\/presentation-du-modele-clt-a-la-conference-suedoise-collaborative-and-social-building-and-living-2025\\\/#primaryimage\",\"url\":\"https:\\\/\\\/www.cltweb.org\\\/wp-content\\\/uploads\\\/2025\\\/10\\\/IMG_6480.jpg\",\"contentUrl\":\"https:\\\/\\\/www.cltweb.org\\\/wp-content\\\/uploads\\\/2025\\\/10\\\/IMG_6480.jpg\",\"width\":2048,\"height\":1536},{\"@type\":\"BreadcrumbList\",\"@id\":\"https:\\\/\\\/www.cltweb.org\\\/fr\\\/2025\\\/10\\\/24\\\/presentation-du-modele-clt-a-la-conference-suedoise-collaborative-and-social-building-and-living-2025\\\/#breadcrumb\",\"itemListElement\":[{\"@type\":\"ListItem\",\"position\":1,\"name\":\"Home\",\"item\":\"https:\\\/\\\/www.cltweb.org\\\/fr\\\/\"},{\"@type\":\"ListItem\",\"position\":2,\"name\":\"Pr\u00e9sentation du mod\u00e8le CLT \u00e0 la conf\u00e9rence su\u00e9doise Collaborative and Social Building and Living 2025\"}]},{\"@type\":\"WebSite\",\"@id\":\"https:\\\/\\\/www.cltweb.org\\\/fr\\\/#website\",\"url\":\"https:\\\/\\\/www.cltweb.org\\\/fr\\\/\",\"name\":\"International Center for Community Land Trusts\",\"description\":\"\",\"publisher\":{\"@id\":\"https:\\\/\\\/www.cltweb.org\\\/fr\\\/#organization\"},\"potentialAction\":[{\"@type\":\"SearchAction\",\"target\":{\"@type\":\"EntryPoint\",\"urlTemplate\":\"https:\\\/\\\/www.cltweb.org\\\/fr\\\/?s={search_term_string}\"},\"query-input\":{\"@type\":\"PropertyValueSpecification\",\"valueRequired\":true,\"valueName\":\"search_term_string\"}}],\"inLanguage\":\"fr-FR\"},{\"@type\":\"Organization\",\"@id\":\"https:\\\/\\\/www.cltweb.org\\\/fr\\\/#organization\",\"name\":\"International Center for Community Land Trusts\",\"url\":\"https:\\\/\\\/www.cltweb.org\\\/fr\\\/\",\"logo\":{\"@type\":\"ImageObject\",\"inLanguage\":\"fr-FR\",\"@id\":\"https:\\\/\\\/www.cltweb.org\\\/fr\\\/#\\\/schema\\\/logo\\\/image\\\/\",\"url\":\"https:\\\/\\\/www.cltweb.org\\\/wp-content\\\/uploads\\\/2024\\\/11\\\/New-CLT-Center-Text-logo.png\",\"contentUrl\":\"https:\\\/\\\/www.cltweb.org\\\/wp-content\\\/uploads\\\/2024\\\/11\\\/New-CLT-Center-Text-logo.png\",\"width\":227,\"height\":80,\"caption\":\"International Center for Community Land Trusts\"},\"image\":{\"@id\":\"https:\\\/\\\/www.cltweb.org\\\/fr\\\/#\\\/schema\\\/logo\\\/image\\\/\"},\"sameAs\":[\"https:\\\/\\\/www.facebook.com\\\/cltcenter\",\"https:\\\/\\\/x.com\\\/Center4CLTs\",\"https:\\\/\\\/www.instagram.com\\\/cltcenter\\\/\",\"https:\\\/\\\/www.linkedin.com\\\/company\\\/cltcenter\",\"https:\\\/\\\/www.youtube.com\\\/@centerforcltinnovation5313\"],\"description\":\"The International Center for Community Land Trusts is a not-for-profit nongovernmental organization established in 2018 to promote and to support community land trusts and similar strategies of community-led development on community-owned land in countries throughout the world.\",\"email\":\"info@communitylandtrust.net\",\"legalName\":\"International Center for Community Land Trusts\",\"foundingDate\":\"2018-12-01\",\"taxID\":\"84-3858933\",\"numberOfEmployees\":{\"@type\":\"QuantitativeValue\",\"minValue\":\"1\",\"maxValue\":\"10\"}},{\"@type\":\"Person\",\"@id\":\"https:\\\/\\\/www.cltweb.org\\\/fr\\\/#\\\/schema\\\/person\\\/7c9fe56cc945e4b57585dbfe30f2ead4\",\"name\":\"Ben Harris\",\"image\":{\"@type\":\"ImageObject\",\"inLanguage\":\"fr-FR\",\"@id\":\"https:\\\/\\\/secure.gravatar.com\\\/avatar\\\/12a44d8988553548c22c57da673ee8ffb7e0b87b0197beec533bae3061a92cc5?s=96&d=mm&r=g\",\"url\":\"https:\\\/\\\/secure.gravatar.com\\\/avatar\\\/12a44d8988553548c22c57da673ee8ffb7e0b87b0197beec533bae3061a92cc5?s=96&d=mm&r=g\",\"contentUrl\":\"https:\\\/\\\/secure.gravatar.com\\\/avatar\\\/12a44d8988553548c22c57da673ee8ffb7e0b87b0197beec533bae3061a92cc5?s=96&d=mm&r=g\",\"caption\":\"Ben Harris\"},\"url\":\"https:\\\/\\\/www.cltweb.org\\\/fr\\\/author\\\/ben\\\/\"}]}<\/script>\n<!-- \/ Yoast SEO Premium plugin. -->","yoast_head_json":{"title":"Pr\u00e9sentation du mod\u00e8le CLT \u00e0 la conf\u00e9rence su\u00e9doise Collaborative and Social Building and Living 2025 - International Center for Community Land Trusts","robots":{"index":"index","follow":"follow","max-snippet":"max-snippet:-1","max-image-preview":"max-image-preview:large","max-video-preview":"max-video-preview:-1"},"canonical":"https:\/\/www.cltweb.org\/fr\/2025\/10\/24\/presentation-du-modele-clt-a-la-conference-suedoise-collaborative-and-social-building-and-living-2025\/","og_locale":"fr_FR","og_type":"article","og_title":"Pr\u00e9sentation du mod\u00e8le CLT \u00e0 la conf\u00e9rence su\u00e9doise Collaborative and Social Building and Living 2025","og_description":"Par Jonas Lagander, Coompanion Coompanion a particip\u00e9 cette ann\u00e9e \u00e0 la conf\u00e9rence Collaborative and Social Building and Living \u00e0 Bor\u00e5s, en Su\u00e8de, et a organis\u00e9 deux s\u00e9minaires sur les CLT. [&hellip;]","og_url":"https:\/\/www.cltweb.org\/fr\/2025\/10\/24\/presentation-du-modele-clt-a-la-conference-suedoise-collaborative-and-social-building-and-living-2025\/","og_site_name":"International Center for Community Land Trusts","article_publisher":"https:\/\/www.facebook.com\/cltcenter","article_published_time":"2025-10-24T12:58:57+00:00","article_modified_time":"2025-10-29T19:03:48+00:00","author":"Ben Harris","twitter_card":"summary_large_image","twitter_creator":"@Center4CLTs","twitter_site":"@Center4CLTs","twitter_misc":{"\u00c9crit par":"Ben Harris","Dur\u00e9e de lecture estim\u00e9e":"3 minutes"},"schema":{"@context":"https:\/\/schema.org","@graph":[{"@type":"Article","@id":"https:\/\/www.cltweb.org\/fr\/2025\/10\/24\/presentation-du-modele-clt-a-la-conference-suedoise-collaborative-and-social-building-and-living-2025\/#article","isPartOf":{"@id":"https:\/\/www.cltweb.org\/fr\/2025\/10\/24\/presentation-du-modele-clt-a-la-conference-suedoise-collaborative-and-social-building-and-living-2025\/"},"author":{"name":"Ben Harris","@id":"https:\/\/www.cltweb.org\/fr\/#\/schema\/person\/7c9fe56cc945e4b57585dbfe30f2ead4"},"headline":"Pr\u00e9sentation du mod\u00e8le CLT \u00e0 la conf\u00e9rence su\u00e9doise Collaborative and Social Building and Living 2025","datePublished":"2025-10-24T12:58:57+00:00","dateModified":"2025-10-29T19:03:48+00:00","mainEntityOfPage":{"@id":"https:\/\/www.cltweb.org\/fr\/2025\/10\/24\/presentation-du-modele-clt-a-la-conference-suedoise-collaborative-and-social-building-and-living-2025\/"},"wordCount":666,"publisher":{"@id":"https:\/\/www.cltweb.org\/fr\/#organization"},"image":{"@id":"https:\/\/www.cltweb.org\/fr\/2025\/10\/24\/presentation-du-modele-clt-a-la-conference-suedoise-collaborative-and-social-building-and-living-2025\/#primaryimage"},"thumbnailUrl":"https:\/\/www.cltweb.org\/wp-content\/uploads\/2025\/10\/IMG_6480.jpg","keywords":["fonds foncier communautaire","l'Europe","Su\u00e8de"],"articleSection":["Blogs","Pays"],"inLanguage":"fr-FR"},{"@type":"WebPage","@id":"https:\/\/www.cltweb.org\/fr\/2025\/10\/24\/presentation-du-modele-clt-a-la-conference-suedoise-collaborative-and-social-building-and-living-2025\/","url":"https:\/\/www.cltweb.org\/fr\/2025\/10\/24\/presentation-du-modele-clt-a-la-conference-suedoise-collaborative-and-social-building-and-living-2025\/","name":"Pr\u00e9sentation du mod\u00e8le CLT \u00e0 la conf\u00e9rence su\u00e9doise Collaborative and Social Building and Living 2025 - International Center for Community Land Trusts","isPartOf":{"@id":"https:\/\/www.cltweb.org\/fr\/#website"},"primaryImageOfPage":{"@id":"https:\/\/www.cltweb.org\/fr\/2025\/10\/24\/presentation-du-modele-clt-a-la-conference-suedoise-collaborative-and-social-building-and-living-2025\/#primaryimage"},"image":{"@id":"https:\/\/www.cltweb.org\/fr\/2025\/10\/24\/presentation-du-modele-clt-a-la-conference-suedoise-collaborative-and-social-building-and-living-2025\/#primaryimage"},"thumbnailUrl":"https:\/\/www.cltweb.org\/wp-content\/uploads\/2025\/10\/IMG_6480.jpg","datePublished":"2025-10-24T12:58:57+00:00","dateModified":"2025-10-29T19:03:48+00:00","breadcrumb":{"@id":"https:\/\/www.cltweb.org\/fr\/2025\/10\/24\/presentation-du-modele-clt-a-la-conference-suedoise-collaborative-and-social-building-and-living-2025\/#breadcrumb"},"inLanguage":"fr-FR","potentialAction":[{"@type":"ReadAction","target":["https:\/\/www.cltweb.org\/fr\/2025\/10\/24\/presentation-du-modele-clt-a-la-conference-suedoise-collaborative-and-social-building-and-living-2025\/"]}]},{"@type":"ImageObject","inLanguage":"fr-FR","@id":"https:\/\/www.cltweb.org\/fr\/2025\/10\/24\/presentation-du-modele-clt-a-la-conference-suedoise-collaborative-and-social-building-and-living-2025\/#primaryimage","url":"https:\/\/www.cltweb.org\/wp-content\/uploads\/2025\/10\/IMG_6480.jpg","contentUrl":"https:\/\/www.cltweb.org\/wp-content\/uploads\/2025\/10\/IMG_6480.jpg","width":2048,"height":1536},{"@type":"BreadcrumbList","@id":"https:\/\/www.cltweb.org\/fr\/2025\/10\/24\/presentation-du-modele-clt-a-la-conference-suedoise-collaborative-and-social-building-and-living-2025\/#breadcrumb","itemListElement":[{"@type":"ListItem","position":1,"name":"Home","item":"https:\/\/www.cltweb.org\/fr\/"},{"@type":"ListItem","position":2,"name":"Pr\u00e9sentation du mod\u00e8le CLT \u00e0 la conf\u00e9rence su\u00e9doise Collaborative and Social Building and Living 2025"}]},{"@type":"WebSite","@id":"https:\/\/www.cltweb.org\/fr\/#website","url":"https:\/\/www.cltweb.org\/fr\/","name":"International Center for Community Land Trusts","description":"","publisher":{"@id":"https:\/\/www.cltweb.org\/fr\/#organization"},"potentialAction":[{"@type":"SearchAction","target":{"@type":"EntryPoint","urlTemplate":"https:\/\/www.cltweb.org\/fr\/?s={search_term_string}"},"query-input":{"@type":"PropertyValueSpecification","valueRequired":true,"valueName":"search_term_string"}}],"inLanguage":"fr-FR"},{"@type":"Organization","@id":"https:\/\/www.cltweb.org\/fr\/#organization","name":"International Center for Community Land Trusts","url":"https:\/\/www.cltweb.org\/fr\/","logo":{"@type":"ImageObject","inLanguage":"fr-FR","@id":"https:\/\/www.cltweb.org\/fr\/#\/schema\/logo\/image\/","url":"https:\/\/www.cltweb.org\/wp-content\/uploads\/2024\/11\/New-CLT-Center-Text-logo.png","contentUrl":"https:\/\/www.cltweb.org\/wp-content\/uploads\/2024\/11\/New-CLT-Center-Text-logo.png","width":227,"height":80,"caption":"International Center for Community Land Trusts"},"image":{"@id":"https:\/\/www.cltweb.org\/fr\/#\/schema\/logo\/image\/"},"sameAs":["https:\/\/www.facebook.com\/cltcenter","https:\/\/x.com\/Center4CLTs","https:\/\/www.instagram.com\/cltcenter\/","https:\/\/www.linkedin.com\/company\/cltcenter","https:\/\/www.youtube.com\/@centerforcltinnovation5313"],"description":"The International Center for Community Land Trusts is a not-for-profit nongovernmental organization established in 2018 to promote and to support community land trusts and similar strategies of community-led development on community-owned land in countries throughout the world.","email":"info@communitylandtrust.net","legalName":"International Center for Community Land Trusts","foundingDate":"2018-12-01","taxID":"84-3858933","numberOfEmployees":{"@type":"QuantitativeValue","minValue":"1","maxValue":"10"}},{"@type":"Person","@id":"https:\/\/www.cltweb.org\/fr\/#\/schema\/person\/7c9fe56cc945e4b57585dbfe30f2ead4","name":"Ben Harris","image":{"@type":"ImageObject","inLanguage":"fr-FR","@id":"https:\/\/secure.gravatar.com\/avatar\/12a44d8988553548c22c57da673ee8ffb7e0b87b0197beec533bae3061a92cc5?s=96&d=mm&r=g","url":"https:\/\/secure.gravatar.com\/avatar\/12a44d8988553548c22c57da673ee8ffb7e0b87b0197beec533bae3061a92cc5?s=96&d=mm&r=g","contentUrl":"https:\/\/secure.gravatar.com\/avatar\/12a44d8988553548c22c57da673ee8ffb7e0b87b0197beec533bae3061a92cc5?s=96&d=mm&r=g","caption":"Ben Harris"},"url":"https:\/\/www.cltweb.org\/fr\/author\/ben\/"}]}},"taxonomy_info":{"category":[{"value":292,"label":"Blogs"},{"value":104,"label":"Pays"}],"post_tag":[{"value":338,"label":"fonds foncier communautaire"},{"value":360,"label":"l'Europe"},{"value":359,"label":"Su\u00e8de"}]},"featured_image_src_large":["https:\/\/www.cltweb.org\/wp-content\/uploads\/2025\/10\/IMG_6480-1024x768.jpg",1024,768,true],"author_info":{"display_name":"Ben Harris","author_link":"https:\/\/www.cltweb.org\/fr\/author\/ben\/"},"comment_info":0,"category_info":[{"term_id":292,"name":"Blogs","slug":"blogs-fr","term_group":0,"term_taxonomy_id":292,"taxonomy":"category","description":"","parent":0,"count":14,"filter":"raw","cat_ID":292,"category_count":14,"category_description":"","cat_name":"Blogs","category_nicename":"blogs-fr","category_parent":0},{"term_id":104,"name":"Pays","slug":"pays","term_group":0,"term_taxonomy_id":104,"taxonomy":"category","description":"","parent":0,"count":14,"filter":"raw","cat_ID":104,"category_count":14,"category_description":"","cat_name":"Pays","category_nicename":"pays","category_parent":0}],"tag_info":[{"term_id":338,"name":"fonds foncier communautaire","slug":"fonds-foncier-communautaire","term_group":0,"term_taxonomy_id":338,"taxonomy":"post_tag","description":"","parent":0,"count":19,"filter":"raw"},{"term_id":360,"name":"l'Europe","slug":"leurope","term_group":0,"term_taxonomy_id":360,"taxonomy":"post_tag","description":"","parent":0,"count":1,"filter":"raw"},{"term_id":359,"name":"Su\u00e8de","slug":"suede","term_group":0,"term_taxonomy_id":359,"taxonomy":"post_tag","description":"","parent":0,"count":1,"filter":"raw"}],"jetpack_featured_media_url":"https:\/\/www.cltweb.org\/wp-content\/uploads\/2025\/10\/IMG_6480.jpg","jetpack_sharing_enabled":true,"jetpack-related-posts":[{"id":10124,"url":"https:\/\/www.cltweb.org\/2025\/10\/24\/presenting-clts-sweden-2025-conference\/","url_meta":{"origin":10142,"position":0},"title":"Presenting the CLT-model at Sweden&#8217;s Collaborative and Social Building and Living 2025 Conference","author":"Ben Harris","date":"24 octobre 2025","format":false,"excerpt":"By Jonas Lagander, Coompanion Coompanion took part in this year\u2019s\u00a0Collaborative and Social Building and Living\u00a0conference in Bor\u00e5s, Sweden, and hosted two seminars on\u00a0CLTs. Together with other relevant partners, they are involved in the project\u00a0\u201cLocal innovation systems around the barriers to idea-based and collaborative housing in Sweden,\u201d focused on mission-driven and\u2026","rel":"","context":"Dans &quot;Blogs&quot;","block_context":{"text":"Blogs","link":"https:\/\/www.cltweb.org\/category\/blog\/"},"img":{"alt_text":"","src":"https:\/\/i0.wp.com\/www.cltweb.org\/wp-content\/uploads\/2025\/10\/IMG_6480.jpg?resize=350%2C200&ssl=1","width":350,"height":200,"srcset":"https:\/\/i0.wp.com\/www.cltweb.org\/wp-content\/uploads\/2025\/10\/IMG_6480.jpg?resize=350%2C200&ssl=1 1x, https:\/\/i0.wp.com\/www.cltweb.org\/wp-content\/uploads\/2025\/10\/IMG_6480.jpg?resize=525%2C300&ssl=1 1.5x, https:\/\/i0.wp.com\/www.cltweb.org\/wp-content\/uploads\/2025\/10\/IMG_6480.jpg?resize=700%2C400&ssl=1 2x, https:\/\/i0.wp.com\/www.cltweb.org\/wp-content\/uploads\/2025\/10\/IMG_6480.jpg?resize=1050%2C600&ssl=1 3x, https:\/\/i0.wp.com\/www.cltweb.org\/wp-content\/uploads\/2025\/10\/IMG_6480.jpg?resize=1400%2C800&ssl=1 4x"},"classes":[]},{"id":10045,"url":"https:\/\/www.cltweb.org\/2025\/10\/24\/exploring-potential-clts-argentina\/","url_meta":{"origin":10142,"position":1},"title":"Exploring the Potential for Community Land Trusts in Buenos Aires","author":"Ben Harris","date":"24 octobre 2025","format":false,"excerpt":"By Tarcyla Fidalgo In October 2025, as part of the Global South CLT Initiative at the CLT Center, Project Lead Tarcyla Fidalgo visited Buenos Aires, Argentina, to exchange ideas on affordable housing, tenure security, and collective land ownership. The visit built on growing local interest in CLTs following a CLT\u2026","rel":"","context":"Dans &quot;Blogs&quot;","block_context":{"text":"Blogs","link":"https:\/\/www.cltweb.org\/category\/blog\/"},"img":{"alt_text":"Tarcyla Fidalgo participates in a seminar at the Public Defender's Office in Buenos Aires, Argentina.","src":"https:\/\/i0.wp.com\/www.cltweb.org\/wp-content\/uploads\/2025\/10\/image-edited.jpeg?resize=350%2C200&ssl=1","width":350,"height":200,"srcset":"https:\/\/i0.wp.com\/www.cltweb.org\/wp-content\/uploads\/2025\/10\/image-edited.jpeg?resize=350%2C200&ssl=1 1x, https:\/\/i0.wp.com\/www.cltweb.org\/wp-content\/uploads\/2025\/10\/image-edited.jpeg?resize=525%2C300&ssl=1 1.5x, https:\/\/i0.wp.com\/www.cltweb.org\/wp-content\/uploads\/2025\/10\/image-edited.jpeg?resize=700%2C400&ssl=1 2x"},"classes":[]},{"id":10796,"url":"https:\/\/www.cltweb.org\/2025\/11\/28\/building-together-collaboration\/","url_meta":{"origin":10142,"position":2},"title":"Building Together through Collaboration","author":"Ben Harris","date":"28 novembre 2025","format":false,"excerpt":"This story is part of our end-of-year campaign celebrating how the CLT Center is working to serve the global CLT movement. This week, we\u2019re highlighting: Our Collaborators across 2025 Behind every thriving CLT are the people who make it possible: organizers, residents, and local partners. Behind every network are peers\u2026","rel":"","context":"Dans \"celebration\"","block_context":{"text":"celebration","link":"https:\/\/www.cltweb.org\/tag\/celebration\/"},"img":{"alt_text":"","src":"https:\/\/i0.wp.com\/www.cltweb.org\/wp-content\/uploads\/2025\/11\/Land-for-People-Not-for-Profit-Banner.gif?resize=350%2C200&ssl=1","width":350,"height":200,"srcset":"https:\/\/i0.wp.com\/www.cltweb.org\/wp-content\/uploads\/2025\/11\/Land-for-People-Not-for-Profit-Banner.gif?resize=350%2C200&ssl=1 1x, https:\/\/i0.wp.com\/www.cltweb.org\/wp-content\/uploads\/2025\/11\/Land-for-People-Not-for-Profit-Banner.gif?resize=525%2C300&ssl=1 1.5x, https:\/\/i0.wp.com\/www.cltweb.org\/wp-content\/uploads\/2025\/11\/Land-for-People-Not-for-Profit-Banner.gif?resize=700%2C400&ssl=1 2x, https:\/\/i0.wp.com\/www.cltweb.org\/wp-content\/uploads\/2025\/11\/Land-for-People-Not-for-Profit-Banner.gif?resize=1050%2C600&ssl=1 3x, https:\/\/i0.wp.com\/www.cltweb.org\/wp-content\/uploads\/2025\/11\/Land-for-People-Not-for-Profit-Banner.gif?resize=1400%2C800&ssl=1 4x"},"classes":[]},{"id":10879,"url":"https:\/\/www.cltweb.org\/2025\/12\/07\/listening-learning-building-global-south-initiative\/","url_meta":{"origin":10142,"position":3},"title":"Listening, Learning, and Building with the Global South CLT Initiative","author":"Ben Harris","date":"7 d\u00e9cembre 2025","format":false,"excerpt":"This story is part of our end-of-year campaign celebrating how the CLT Centeris working to serve the global CLT movement. This week, we\u2019re highlighting the: Global South CLT Initiative The most significant experience of CLTs in informal settlements begins in San Juan, Puerto Rico, with the Ca\u00f1o Mart\u00edn Pe\u00f1a CLT\u2026","rel":"","context":"Article similaire","block_context":{"text":"Article similaire","link":""},"img":{"alt_text":"","src":"https:\/\/i0.wp.com\/www.cltweb.org\/wp-content\/uploads\/2025\/11\/Land-for-People-Not-for-Profit-Banner.gif?resize=350%2C200&ssl=1","width":350,"height":200,"srcset":"https:\/\/i0.wp.com\/www.cltweb.org\/wp-content\/uploads\/2025\/11\/Land-for-People-Not-for-Profit-Banner.gif?resize=350%2C200&ssl=1 1x, https:\/\/i0.wp.com\/www.cltweb.org\/wp-content\/uploads\/2025\/11\/Land-for-People-Not-for-Profit-Banner.gif?resize=525%2C300&ssl=1 1.5x, https:\/\/i0.wp.com\/www.cltweb.org\/wp-content\/uploads\/2025\/11\/Land-for-People-Not-for-Profit-Banner.gif?resize=700%2C400&ssl=1 2x, https:\/\/i0.wp.com\/www.cltweb.org\/wp-content\/uploads\/2025\/11\/Land-for-People-Not-for-Profit-Banner.gif?resize=1050%2C600&ssl=1 3x, https:\/\/i0.wp.com\/www.cltweb.org\/wp-content\/uploads\/2025\/11\/Land-for-People-Not-for-Profit-Banner.gif?resize=1400%2C800&ssl=1 4x"},"classes":[]},{"id":7800,"url":"https:\/\/www.cltweb.org\/2024\/11\/20\/youth-engagement-resources\/","url_meta":{"origin":10142,"position":4},"title":"Resources for Meaningful Youth Engagement in CLTs","author":"Ben Harris","date":"20 novembre 2024","format":false,"excerpt":"By Richard Kruger Delgado What does it truly mean to engage young people meaningfully in an organization? For organizations like CLTs, it requires shifting the perspective of youth from merely a population to be served to recognizing them as full members of the community who can participate in decision-making, governance,\u2026","rel":"","context":"Dans &quot;Blogs&quot;","block_context":{"text":"Blogs","link":"https:\/\/www.cltweb.org\/category\/blog\/"},"img":{"alt_text":"","src":"https:\/\/i0.wp.com\/www.cltweb.org\/wp-content\/uploads\/2024\/11\/Screenshot-2024-11-20-at-4.25.46%E2%80%AFPM.png?resize=350%2C200&ssl=1","width":350,"height":200,"srcset":"https:\/\/i0.wp.com\/www.cltweb.org\/wp-content\/uploads\/2024\/11\/Screenshot-2024-11-20-at-4.25.46%E2%80%AFPM.png?resize=350%2C200&ssl=1 1x, https:\/\/i0.wp.com\/www.cltweb.org\/wp-content\/uploads\/2024\/11\/Screenshot-2024-11-20-at-4.25.46%E2%80%AFPM.png?resize=525%2C300&ssl=1 1.5x, https:\/\/i0.wp.com\/www.cltweb.org\/wp-content\/uploads\/2024\/11\/Screenshot-2024-11-20-at-4.25.46%E2%80%AFPM.png?resize=700%2C400&ssl=1 2x"},"classes":[]},{"id":10702,"url":"https:\/\/www.cltweb.org\/2025\/11\/21\/worldcltday2025\/","url_meta":{"origin":10142,"position":5},"title":"World CLT Day: A Global Celebration of Solidarity","author":"Ben Harris","date":"21 novembre 2025","format":false,"excerpt":"This story is part of our end-of-year campaign celebrating how the CLT Center is working to serve the global CLT movement. This week, we\u2019re highlighting: World Community Land Trust Day The idea for World CLT Day first emerged in 2019. The goal was simple: to create a day that could\u2026","rel":"","context":"Dans \"celebration\"","block_context":{"text":"celebration","link":"https:\/\/www.cltweb.org\/tag\/celebration\/"},"img":{"alt_text":"","src":"https:\/\/i0.wp.com\/www.cltweb.org\/wp-content\/uploads\/2025\/11\/Land-for-People-Not-for-Profit-Banner.gif?resize=350%2C200&ssl=1","width":350,"height":200,"srcset":"https:\/\/i0.wp.com\/www.cltweb.org\/wp-content\/uploads\/2025\/11\/Land-for-People-Not-for-Profit-Banner.gif?resize=350%2C200&ssl=1 1x, https:\/\/i0.wp.com\/www.cltweb.org\/wp-content\/uploads\/2025\/11\/Land-for-People-Not-for-Profit-Banner.gif?resize=525%2C300&ssl=1 1.5x, https:\/\/i0.wp.com\/www.cltweb.org\/wp-content\/uploads\/2025\/11\/Land-for-People-Not-for-Profit-Banner.gif?resize=700%2C400&ssl=1 2x, https:\/\/i0.wp.com\/www.cltweb.org\/wp-content\/uploads\/2025\/11\/Land-for-People-Not-for-Profit-Banner.gif?resize=1050%2C600&ssl=1 3x, https:\/\/i0.wp.com\/www.cltweb.org\/wp-content\/uploads\/2025\/11\/Land-for-People-Not-for-Profit-Banner.gif?resize=1400%2C800&ssl=1 4x"},"classes":[]}],"_links":{"self":[{"href":"https:\/\/www.cltweb.org\/fr\/wp-json\/wp\/v2\/posts\/10142","targetHints":{"allow":["GET"]}}],"collection":[{"href":"https:\/\/www.cltweb.org\/fr\/wp-json\/wp\/v2\/posts"}],"about":[{"href":"https:\/\/www.cltweb.org\/fr\/wp-json\/wp\/v2\/types\/post"}],"author":[{"embeddable":true,"href":"https:\/\/www.cltweb.org\/fr\/wp-json\/wp\/v2\/users\/2"}],"replies":[{"embeddable":true,"href":"https:\/\/www.cltweb.org\/fr\/wp-json\/wp\/v2\/comments?post=10142"}],"version-history":[{"count":2,"href":"https:\/\/www.cltweb.org\/fr\/wp-json\/wp\/v2\/posts\/10142\/revisions"}],"predecessor-version":[{"id":10470,"href":"https:\/\/www.cltweb.org\/fr\/wp-json\/wp\/v2\/posts\/10142\/revisions\/10470"}],"wp:featuredmedia":[{"embeddable":true,"href":"https:\/\/www.cltweb.org\/fr\/wp-json\/wp\/v2\/media\/10127"}],"wp:attachment":[{"href":"https:\/\/www.cltweb.org\/fr\/wp-json\/wp\/v2\/media?parent=10142"}],"wp:term":[{"taxonomy":"category","embeddable":true,"href":"https:\/\/www.cltweb.org\/fr\/wp-json\/wp\/v2\/categories?post=10142"},{"taxonomy":"post_tag","embeddable":true,"href":"https:\/\/www.cltweb.org\/fr\/wp-json\/wp\/v2\/tags?post=10142"}],"curies":[{"name":"wp","href":"https:\/\/api.w.org\/{rel}","templated":true}]}}