{"id":10664,"date":"2025-11-17T14:49:53","date_gmt":"2025-11-17T14:49:53","guid":{"rendered":"https:\/\/www.cltweb.org\/2025\/11\/17\/les-clt-et-laction-climatique-un-mouvement-croissant-pour-une-transition-juste\/"},"modified":"2025-11-17T22:07:56","modified_gmt":"2025-11-17T22:07:56","slug":"les-clt-et-laction-climatique-un-mouvement-croissant-pour-une-transition-juste","status":"publish","type":"post","link":"https:\/\/www.cltweb.org\/fr\/2025\/11\/17\/les-clt-et-laction-climatique-un-mouvement-croissant-pour-une-transition-juste\/","title":{"rendered":"Les CLT et l&#8217;action climatique : Un mouvement croissant pour une transition juste"},"content":{"rendered":"\n<figure class=\"wp-block-image size-full\"><img loading=\"lazy\" decoding=\"async\" width=\"1500\" height=\"300\" src=\"https:\/\/www.cltweb.org\/wp-content\/uploads\/2025\/11\/Land-for-People-Not-for-Profit-Banner.gif\" alt=\"\" class=\"wp-image-10618\"\/><\/figure>\n\n<p><strong><em>Cet article fait partie de notre <a href=\"https:\/\/www.cltweb.org\/fr\/2025\/11\/11\/la-terre-pour-les-gens-pas-pour-le-profit-construire-linfrastructure-dun-mouvement-mondial\/\" target=\"_blank\" rel=\"noreferrer noopener\">campagne de fin d&#8217;ann\u00e9e<\/a> c\u00e9l\u00e9brant la mani\u00e8re dont le Centre CLT<em>  s&#8217;efforce de servir le mouvement CLT mondial. Cette semaine, nous mettons en lumi\u00e8re <\/em>:<\/em><\/strong><\/p>\n\n<h2 class=\"wp-block-heading has-text-align-center has-vivid-green-cyan-background-color has-background\" id=\"h-the-climate-justice-initiative\" style=\"padding-top:var(--wp--preset--spacing--20);padding-right:0;padding-bottom:var(--wp--preset--spacing--20);padding-left:0\">L&#8217;initiative pour la justice climatique<\/h2>\n\n<p>L&#8217;urgence climatique n&#8217;est plus une menace lointaine : elle est l\u00e0, remodelant les lieux et les modes de vie. Pour de nombreuses communaut\u00e9s \u00e0 faibles revenus, les effets du climat se traduisent par la perte de maisons, de moyens de subsistance et m\u00eame du droit de rester sur place. Apr\u00e8s chaque inondation ou incendie de for\u00eat, l&#8217;accaparement des terres et les d\u00e9placements de population s&#8217;ensuivent, creusant le foss\u00e9 entre ceux qui peuvent se r\u00e9tablir et ceux qui ne le peuvent pas.  <\/p>\n\n<p>Sachant cela, nous avons commenc\u00e9 \u00e0 nous poser une question simple :<\/p>\n\n<blockquote class=\"wp-block-quote is-layout-flow wp-block-quote-is-layout-flow\">\n<p class=\"has-text-align-left\"><strong><em>Comment les CLT &#8211; les m\u00eames organisations qui garantissent des logements abordables et une gestion collective des terres &#8211; peuvent-ils \u00e9galement devenir des infrastructures de r\u00e9silience climatique ?<\/em><\/strong><\/p>\n<\/blockquote>\n\n<p>Cette m\u00eame question a donn\u00e9 naissance \u00e0 l&#8217;<strong>Initiative pour la justice climatique<\/strong>, un effort collectif positionnant les CLT comme des acteurs cl\u00e9s pour parvenir \u00e0 un avenir juste, durable, \u00e9quitable et d\u00e9carbon\u00e9. Plut\u00f4t que de s&#8217;appuyer sur des mesures climatiques impos\u00e9es d&#8217;en haut, l&#8217;initiative s&#8217;appuie sur des d\u00e9cennies d&#8217;intendance des terres et de travail sur le logement abordable men\u00e9s par les communaut\u00e9s. Partout dans le monde, les CLT exp\u00e9rimentent d\u00e9j\u00e0 des solutions, con\u00e7oivent des maisons \u00e0 consommation z\u00e9ro, restaurent les \u00e9cosyst\u00e8mes, renforcent la souverainet\u00e9 alimentaire et veillent \u00e0 ce que la reconstruction apr\u00e8s une catastrophe soit collective et juste.  <\/p>\n\n<p>Pourtant, ces innovations locales passent souvent inaper\u00e7ues aux yeux des d\u00e9cideurs politiques et des bailleurs de fonds. Cette initiative vise \u00e0 changer cette situation en <\/p>\n\n<ul class=\"wp-block-list\">\n<li><strong>Documenter les<\/strong> strat\u00e9gies communautaires en mati\u00e8re de climat ;<\/li>\n\n\n\n<li><strong>Soutenir les<\/strong> \u00e9changes d&#8217;apprentissage entre pairs et les \u00e9tudes de cas r\u00e9dig\u00e9es par des praticiens ;<\/li>\n\n\n\n<li><strong>Produire des<\/strong> outils pratiques et des publications &#8211; par l&#8217;interm\u00e9diaire de <em>Terra Nostra Press &#8211; sur l&#8217;<\/em>adaptation, l&#8217;att\u00e9nuation et l&#8217;\u00e9quit\u00e9 ;<\/li>\n\n\n\n<li><strong>Plaider<\/strong> pour des cadres politiques qui placent la justice fonci\u00e8re au c\u0153ur de l&#8217;action climatique.<\/li>\n<\/ul>\n\n<figure class=\"wp-block-pullquote has-medium-font-size\" style=\"border-width:1px;border-radius:0px;padding-top:var(--wp--preset--spacing--50);padding-right:var(--wp--preset--spacing--70);padding-bottom:var(--wp--preset--spacing--50);padding-left:var(--wp--preset--spacing--70)\"><blockquote><p>L&#8217;intelligence collective et le pouvoir communautaire d\u00e9clench\u00e9s par des initiatives telles que les CLT ont un grand potentiel pour relever les d\u00e9fis de ces d\u00e9cennies cl\u00e9s afin de limiter le r\u00e9chauffement climatique tout en assurant la protection des communaut\u00e9s vuln\u00e9rables. Les premi\u00e8res sessions d&#8217;apprentissage par les pairs sur les CLT et la justice climatique que nous avons organis\u00e9es cette ann\u00e9e montrent que les CLT mettent d\u00e9j\u00e0 en \u0153uvre un grand nombre de pratiques int\u00e9ressantes et innovantes au niveau local. Pour se d\u00e9velopper, ces pratiques doivent \u00eatre connues et b\u00e9n\u00e9ficier d&#8217;un soutien public ad\u00e9quat. Il est urgent de produire des preuves pour soutenir le travail de plaidoyer des r\u00e9seaux CLT nationaux et r\u00e9gionaux et pour encourager les initiatives pilotes partout.   <\/p><cite><strong>&#8211; Pierre Arnold, <em>chef de projet \u00e0 l&#8217;Initiative pour la justice climatique \/ Repr\u00e9sentant du conseil d&#8217;administration de la Coalition internationale pour l&#8217;habitat pour l&#8217;Europe<\/em><\/strong><\/cite><\/blockquote><\/figure>\n\n<h2 class=\"wp-block-heading has-text-align-center\" id=\"h-online-peer-learning-workshops\">Ateliers d&#8217;apprentissage en ligne par les pairs<\/h2>\n\n<p>En mai 2025, nous avons donn\u00e9 le coup d&#8217;envoi \u00e0 l&#8217;occasion de &#8220;<a href=\"https:\/\/www.youtube.com\/watch?v=If6w7i3vhOk&amp;list=PLmjDAEylHA2niFqwD-CiGk0H9LeUC7B7T\" target=\"_blank\" rel=\"noreferrer noopener\">CLTs and Climate Action : Un dialogue mondial pour la Journ\u00e9e mondiale des CLT 2025<\/a>&#8220;, une session d&#8217;apprentissage dirig\u00e9e par des pairs r\u00e9unissant des praticiens de diff\u00e9rentes parties du monde pour explorer la mani\u00e8re dont les CLT r\u00e9pondent \u00e0 la crise climatique.<\/p>\n\n<p>\u00c0 la suite de ce premier dialogue, le Centre a commenc\u00e9 \u00e0 organiser une s\u00e9rie d&#8217;ateliers mensuels afin de maintenir la conversation et la collaboration en vie :<\/p>\n\n<div class=\"wp-block-columns is-layout-flex wp-container-core-columns-is-layout-28f84493 wp-block-columns-is-layout-flex\">\n<div class=\"wp-block-column is-layout-flow wp-block-column-is-layout-flow\">\n<h3 class=\"wp-block-heading has-text-align-center\" id=\"h-september\">Septembre<\/h3>\n\n\n\n<p><em><strong>Pr\u00e9paration et r\u00e9cup\u00e9ration en cas de catastrophe<\/strong><\/em><strong>: <\/strong>Apprentissage par les pairs sur la planification, la r\u00e9ponse et la reconstruction ensemble.<\/p>\n\n\n\n<figure class=\"wp-block-embed is-type-video is-provider-youtube wp-block-embed-youtube wp-embed-aspect-16-9 wp-has-aspect-ratio\"><div class=\"wp-block-embed__wrapper\">\n<iframe loading=\"lazy\" title=\"Innovating for Climate Resilience: CLTs in Florida\u2019s Policy Landscape\" width=\"1290\" height=\"726\" src=\"https:\/\/www.youtube.com\/embed\/klh-bWauAmc?list=PLmjDAEylHA2l0MRcVLeuX2EwVi0SAdTYt\" frameborder=\"0\" allow=\"accelerometer; autoplay; clipboard-write; encrypted-media; gyroscope; picture-in-picture; web-share\" referrerpolicy=\"strict-origin-when-cross-origin\" allowfullscreen><\/iframe>\n<\/div><figcaption class=\"wp-element-caption\">&#8220;Innover pour la r\u00e9silience climatique : Les CLTs dans le paysage politique de la Floride&#8221; &#8211; <em><strong>Frank Wells, Bright Community Trust (USA)<\/strong><\/em><\/figcaption><\/figure>\n\n\n\n<figure class=\"wp-block-embed is-type-video is-provider-youtube wp-block-embed-youtube wp-embed-aspect-16-9 wp-has-aspect-ratio\"><div class=\"wp-block-embed__wrapper\">\n<iframe loading=\"lazy\" title=\"Building Affordability in High Cost and Disaster Areas through CLTs and Manufactured Housing\" width=\"1290\" height=\"726\" src=\"https:\/\/www.youtube.com\/embed\/3hz4lwGrVRc?list=PLmjDAEylHA2l0MRcVLeuX2EwVi0SAdTYt\" frameborder=\"0\" allow=\"accelerometer; autoplay; clipboard-write; encrypted-media; gyroscope; picture-in-picture; web-share\" referrerpolicy=\"strict-origin-when-cross-origin\" allowfullscreen><\/iframe>\n<\/div><figcaption class=\"wp-element-caption\">&#8220;Construire l&#8217;accessibilit\u00e9 dans les zones \u00e0 co\u00fbts \u00e9lev\u00e9s et les zones sinistr\u00e9es gr\u00e2ce aux CLT et aux maisons pr\u00e9fabriqu\u00e9es &#8211; Dev Goetschius, Housing Land Trust North Bay (\u00c9tats-Unis) <em><strong>Dev Goetschius, Housing Land Trust of the North Bay (\u00c9tats-Unis)<\/strong><\/em><\/figcaption><\/figure>\n<\/div>\n\n\n\n<div class=\"wp-block-column is-layout-flow wp-block-column-is-layout-flow\">\n<h3 class=\"wp-block-heading has-text-align-center\" id=\"h-october\">Octobre<\/h3>\n\n\n\n<p><em><strong>R\u00e9novation \u00e9nerg\u00e9tique<\/strong><\/em><strong>:<\/strong> Comment les CLT peuvent d\u00e9carboniser \u00e0 moindre co\u00fbt tout en am\u00e9liorant le confort et la sant\u00e9<\/p>\n\n\n\n<figure class=\"wp-block-embed is-type-video is-provider-youtube wp-block-embed-youtube wp-embed-aspect-16-9 wp-has-aspect-ratio\"><div class=\"wp-block-embed__wrapper\">\n<iframe loading=\"lazy\" title=\"Integrating the CLT Model into Energy Retrofit: Lessons from Brussels\" width=\"1290\" height=\"726\" src=\"https:\/\/www.youtube.com\/embed\/RklW0GvXlsk?feature=oembed\" frameborder=\"0\" allow=\"accelerometer; autoplay; clipboard-write; encrypted-media; gyroscope; picture-in-picture; web-share\" referrerpolicy=\"strict-origin-when-cross-origin\" allowfullscreen><\/iframe>\n<\/div><figcaption class=\"wp-element-caption\">&#8220;Int\u00e9grer le mod\u00e8le CLT dans la r\u00e9novation \u00e9nerg\u00e9tique : Le\u00e7ons de Bruxelles&#8221; &#8211; <strong><em>Geert De Pauw, CLTB (Belgique)<\/em><\/strong><\/figcaption><\/figure>\n\n\n\n<figure class=\"wp-block-embed is-type-video is-provider-youtube wp-block-embed-youtube wp-embed-aspect-16-9 wp-has-aspect-ratio\"><div class=\"wp-block-embed__wrapper\">\n<iframe loading=\"lazy\" title=\"Transforming Rural Housing Through CLTs: The South of Scotland Experience\" width=\"1290\" height=\"726\" src=\"https:\/\/www.youtube.com\/embed\/hlFjNf1yT_A?feature=oembed\" frameborder=\"0\" allow=\"accelerometer; autoplay; clipboard-write; encrypted-media; gyroscope; picture-in-picture; web-share\" referrerpolicy=\"strict-origin-when-cross-origin\" allowfullscreen><\/iframe>\n<\/div><figcaption class=\"wp-element-caption\">&#8220;Transformer le logement rural gr\u00e2ce aux CLT : L&#8217;exp\u00e9rience du sud de l&#8217;Ecosse&#8221; &#8211; <strong><em>Chris Dalglish et Mike Staples, SOSCH (\u00c9cosse)<\/em><\/strong><\/figcaption><\/figure>\n<\/div>\n<\/div>\n\n<p class=\"has-text-align-center\"><strong>Vous \u00eates un praticien des CLT et vous souhaitez participer \u00e0 de futurs ateliers sur les CLT et la justice climatique ?<\/strong><\/p>\n\n<div class=\"wp-block-buttons is-content-justification-center is-layout-flex wp-container-core-buttons-is-layout-a89b3969 wp-block-buttons-is-layout-flex\">\n<div class=\"wp-block-button\"><a class=\"wp-block-button__link has-text-align-center wp-element-button\" href=\"https:\/\/form.jotform.com\/253203225515143\" target=\"_blank\" rel=\"noreferrer noopener\"><strong>Remplissez ce court formulaire<\/strong><\/a><\/div>\n<\/div>\n\n<h2 class=\"wp-block-heading\" id=\"h-support-our-work\">Soutenez notre travail<\/h2>\n\n<p>Par le biais de l&#8217;Initiative pour la justice climatique, le Centre CLT vise un monde o\u00f9 les communaut\u00e9s organis\u00e9es r\u00e9duisent leur impact sur l&#8217;environnement, renforcent la pr\u00e9paration collective et se rel\u00e8vent ensemble apr\u00e8s les catastrophes.<\/p>\n\n<p>Chaque \u00e9change entre pairs, chaque bo\u00eete \u00e0 outils, chaque le\u00e7on partag\u00e9e renforce le mouvement pour la justice en mati\u00e8re de climat et de logement.<\/p>\n\n<div class=\"wp-block-buttons is-content-justification-center is-layout-flex wp-container-core-buttons-is-layout-a89b3969 wp-block-buttons-is-layout-flex\">\n<div class=\"wp-block-button\"><a class=\"wp-block-button__link has-text-align-center wp-element-button\" href=\"https:\/\/www.cltweb.org\/fr\/a-propos-de-nous\/faire-un-don\/\" target=\"_blank\" rel=\"noreferrer noopener\"><strong>Soutenez notre travail<\/strong><\/a><\/div>\n<\/div>\n\n<p><\/p>\n","protected":false},"excerpt":{"rendered":"<p>Cet article fait partie de notre campagne de fin d&#8217;ann\u00e9e c\u00e9l\u00e9brant la mani\u00e8re dont le Centre CLT s&#8217;efforce de servir le mouvement CLT mondial. Cette semaine, nous mettons en lumi\u00e8re [&hellip;]<\/p>\n","protected":false},"author":2,"featured_media":0,"comment_status":"closed","ping_status":"open","sticky":false,"template":"","format":"standard","meta":{"give_campaign_id":0,"_tec_requires_first_save":true,"_kad_blocks_custom_css":"","_kad_blocks_head_custom_js":"","_kad_blocks_body_custom_js":"","_kad_blocks_footer_custom_js":"","_EventAllDay":false,"_EventTimezone":"","_EventStartDate":"","_EventEndDate":"","_EventStartDateUTC":"","_EventEndDateUTC":"","_EventShowMap":false,"_EventShowMapLink":false,"_EventURL":"","_EventCost":"","_EventCostDescription":"","_EventCurrencySymbol":"","_EventCurrencyCode":"","_EventCurrencyPosition":"","_EventDateTimeSeparator":"","_EventTimeRangeSeparator":"","_EventOrganizerID":[],"_EventVenueID":[],"_OrganizerEmail":"","_OrganizerPhone":"","_OrganizerWebsite":"","_VenueAddress":"","_VenueCity":"","_VenueCountry":"","_VenueProvince":"","_VenueState":"","_VenueZip":"","_VenuePhone":"","_VenueURL":"","_VenueStateProvince":"","_VenueLat":"","_VenueLng":"","_VenueShowMap":false,"_VenueShowMapLink":false,"_tribe_blocks_recurrence_rules":"","_tribe_blocks_recurrence_description":"","_tribe_blocks_recurrence_exclusions":"","_jetpack_memberships_contains_paid_content":false,"footnotes":""},"categories":[366],"tags":[368,367],"class_list":["post-10664","post","type-post","status-publish","format-standard","hentry","category-initiative-pour-la-justice-climatique","tag-action-climatique","tag-justice-climatique"],"blocksy_meta":[],"yoast_head":"<!-- This site is optimized with the Yoast SEO Premium plugin v27.4 (Yoast SEO v27.5) - https:\/\/yoast.com\/product\/yoast-seo-premium-wordpress\/ -->\n<title>Les CLT et l&#039;action climatique : Un mouvement croissant pour une transition juste - International Center for Community Land Trusts<\/title>\n<meta name=\"robots\" content=\"index, follow, max-snippet:-1, max-image-preview:large, max-video-preview:-1\" \/>\n<link rel=\"canonical\" href=\"https:\/\/www.cltweb.org\/fr\/2025\/11\/17\/les-clt-et-laction-climatique-un-mouvement-croissant-pour-une-transition-juste\/\" \/>\n<meta property=\"og:locale\" content=\"fr_FR\" \/>\n<meta property=\"og:type\" content=\"article\" \/>\n<meta property=\"og:title\" content=\"Les CLT et l&#039;action climatique : Un mouvement croissant pour une transition juste\" \/>\n<meta property=\"og:description\" content=\"Cet article fait partie de notre campagne de fin d&#8217;ann\u00e9e c\u00e9l\u00e9brant la mani\u00e8re dont le Centre CLT s&#8217;efforce de servir le mouvement CLT mondial. Cette semaine, nous mettons en lumi\u00e8re [&hellip;]\" \/>\n<meta property=\"og:url\" content=\"https:\/\/www.cltweb.org\/fr\/2025\/11\/17\/les-clt-et-laction-climatique-un-mouvement-croissant-pour-une-transition-juste\/\" \/>\n<meta property=\"og:site_name\" content=\"International Center for Community Land Trusts\" \/>\n<meta property=\"article:publisher\" content=\"https:\/\/www.facebook.com\/cltcenter\" \/>\n<meta property=\"article:published_time\" content=\"2025-11-17T14:49:53+00:00\" \/>\n<meta property=\"article:modified_time\" content=\"2025-11-17T22:07:56+00:00\" \/>\n<meta property=\"og:image\" content=\"https:\/\/www.cltweb.org\/wp-content\/uploads\/2025\/11\/Land-for-People-Not-for-Profit-Banner.gif\" \/>\n\t<meta property=\"og:image:width\" content=\"1500\" \/>\n\t<meta property=\"og:image:height\" content=\"300\" \/>\n\t<meta property=\"og:image:type\" content=\"image\/gif\" \/>\n<meta name=\"author\" content=\"Ben Harris\" \/>\n<meta name=\"twitter:card\" content=\"summary_large_image\" \/>\n<meta name=\"twitter:creator\" content=\"@Center4CLTs\" \/>\n<meta name=\"twitter:site\" content=\"@Center4CLTs\" \/>\n<meta name=\"twitter:label1\" content=\"\u00c9crit par\" \/>\n\t<meta name=\"twitter:data1\" content=\"Ben Harris\" \/>\n\t<meta name=\"twitter:label2\" content=\"Dur\u00e9e de lecture estim\u00e9e\" \/>\n\t<meta name=\"twitter:data2\" content=\"5 minutes\" \/>\n<script type=\"application\/ld+json\" class=\"yoast-schema-graph\">{\"@context\":\"https:\\\/\\\/schema.org\",\"@graph\":[{\"@type\":\"Article\",\"@id\":\"https:\\\/\\\/www.cltweb.org\\\/fr\\\/2025\\\/11\\\/17\\\/les-clt-et-laction-climatique-un-mouvement-croissant-pour-une-transition-juste\\\/#article\",\"isPartOf\":{\"@id\":\"https:\\\/\\\/www.cltweb.org\\\/fr\\\/2025\\\/11\\\/17\\\/les-clt-et-laction-climatique-un-mouvement-croissant-pour-une-transition-juste\\\/\"},\"author\":{\"name\":\"Ben Harris\",\"@id\":\"https:\\\/\\\/www.cltweb.org\\\/fr\\\/#\\\/schema\\\/person\\\/7c9fe56cc945e4b57585dbfe30f2ead4\"},\"headline\":\"Les CLT et l&#8217;action climatique : Un mouvement croissant pour une transition juste\",\"datePublished\":\"2025-11-17T14:49:53+00:00\",\"dateModified\":\"2025-11-17T22:07:56+00:00\",\"mainEntityOfPage\":{\"@id\":\"https:\\\/\\\/www.cltweb.org\\\/fr\\\/2025\\\/11\\\/17\\\/les-clt-et-laction-climatique-un-mouvement-croissant-pour-une-transition-juste\\\/\"},\"wordCount\":968,\"publisher\":{\"@id\":\"https:\\\/\\\/www.cltweb.org\\\/fr\\\/#organization\"},\"image\":{\"@id\":\"https:\\\/\\\/www.cltweb.org\\\/fr\\\/2025\\\/11\\\/17\\\/les-clt-et-laction-climatique-un-mouvement-croissant-pour-une-transition-juste\\\/#primaryimage\"},\"thumbnailUrl\":\"https:\\\/\\\/www.cltweb.org\\\/wp-content\\\/uploads\\\/2025\\\/11\\\/Land-for-People-Not-for-Profit-Banner.gif\",\"keywords\":[\"action climatique\",\"justice climatique\"],\"articleSection\":[\"Initiative pour la justice climatique\"],\"inLanguage\":\"fr-FR\"},{\"@type\":\"WebPage\",\"@id\":\"https:\\\/\\\/www.cltweb.org\\\/fr\\\/2025\\\/11\\\/17\\\/les-clt-et-laction-climatique-un-mouvement-croissant-pour-une-transition-juste\\\/\",\"url\":\"https:\\\/\\\/www.cltweb.org\\\/fr\\\/2025\\\/11\\\/17\\\/les-clt-et-laction-climatique-un-mouvement-croissant-pour-une-transition-juste\\\/\",\"name\":\"Les CLT et l'action climatique : Un mouvement croissant pour une transition juste - International Center for Community Land Trusts\",\"isPartOf\":{\"@id\":\"https:\\\/\\\/www.cltweb.org\\\/fr\\\/#website\"},\"primaryImageOfPage\":{\"@id\":\"https:\\\/\\\/www.cltweb.org\\\/fr\\\/2025\\\/11\\\/17\\\/les-clt-et-laction-climatique-un-mouvement-croissant-pour-une-transition-juste\\\/#primaryimage\"},\"image\":{\"@id\":\"https:\\\/\\\/www.cltweb.org\\\/fr\\\/2025\\\/11\\\/17\\\/les-clt-et-laction-climatique-un-mouvement-croissant-pour-une-transition-juste\\\/#primaryimage\"},\"thumbnailUrl\":\"https:\\\/\\\/www.cltweb.org\\\/wp-content\\\/uploads\\\/2025\\\/11\\\/Land-for-People-Not-for-Profit-Banner.gif\",\"datePublished\":\"2025-11-17T14:49:53+00:00\",\"dateModified\":\"2025-11-17T22:07:56+00:00\",\"breadcrumb\":{\"@id\":\"https:\\\/\\\/www.cltweb.org\\\/fr\\\/2025\\\/11\\\/17\\\/les-clt-et-laction-climatique-un-mouvement-croissant-pour-une-transition-juste\\\/#breadcrumb\"},\"inLanguage\":\"fr-FR\",\"potentialAction\":[{\"@type\":\"ReadAction\",\"target\":[\"https:\\\/\\\/www.cltweb.org\\\/fr\\\/2025\\\/11\\\/17\\\/les-clt-et-laction-climatique-un-mouvement-croissant-pour-une-transition-juste\\\/\"]}]},{\"@type\":\"ImageObject\",\"inLanguage\":\"fr-FR\",\"@id\":\"https:\\\/\\\/www.cltweb.org\\\/fr\\\/2025\\\/11\\\/17\\\/les-clt-et-laction-climatique-un-mouvement-croissant-pour-une-transition-juste\\\/#primaryimage\",\"url\":\"https:\\\/\\\/www.cltweb.org\\\/wp-content\\\/uploads\\\/2025\\\/11\\\/Land-for-People-Not-for-Profit-Banner.gif\",\"contentUrl\":\"https:\\\/\\\/www.cltweb.org\\\/wp-content\\\/uploads\\\/2025\\\/11\\\/Land-for-People-Not-for-Profit-Banner.gif\"},{\"@type\":\"BreadcrumbList\",\"@id\":\"https:\\\/\\\/www.cltweb.org\\\/fr\\\/2025\\\/11\\\/17\\\/les-clt-et-laction-climatique-un-mouvement-croissant-pour-une-transition-juste\\\/#breadcrumb\",\"itemListElement\":[{\"@type\":\"ListItem\",\"position\":1,\"name\":\"Home\",\"item\":\"https:\\\/\\\/www.cltweb.org\\\/fr\\\/\"},{\"@type\":\"ListItem\",\"position\":2,\"name\":\"Les CLT et l&#8217;action climatique : Un mouvement croissant pour une transition juste\"}]},{\"@type\":\"WebSite\",\"@id\":\"https:\\\/\\\/www.cltweb.org\\\/fr\\\/#website\",\"url\":\"https:\\\/\\\/www.cltweb.org\\\/fr\\\/\",\"name\":\"International Center for Community Land Trusts\",\"description\":\"\",\"publisher\":{\"@id\":\"https:\\\/\\\/www.cltweb.org\\\/fr\\\/#organization\"},\"potentialAction\":[{\"@type\":\"SearchAction\",\"target\":{\"@type\":\"EntryPoint\",\"urlTemplate\":\"https:\\\/\\\/www.cltweb.org\\\/fr\\\/?s={search_term_string}\"},\"query-input\":{\"@type\":\"PropertyValueSpecification\",\"valueRequired\":true,\"valueName\":\"search_term_string\"}}],\"inLanguage\":\"fr-FR\"},{\"@type\":\"Organization\",\"@id\":\"https:\\\/\\\/www.cltweb.org\\\/fr\\\/#organization\",\"name\":\"International Center for Community Land Trusts\",\"url\":\"https:\\\/\\\/www.cltweb.org\\\/fr\\\/\",\"logo\":{\"@type\":\"ImageObject\",\"inLanguage\":\"fr-FR\",\"@id\":\"https:\\\/\\\/www.cltweb.org\\\/fr\\\/#\\\/schema\\\/logo\\\/image\\\/\",\"url\":\"https:\\\/\\\/www.cltweb.org\\\/wp-content\\\/uploads\\\/2024\\\/11\\\/New-CLT-Center-Text-logo.png\",\"contentUrl\":\"https:\\\/\\\/www.cltweb.org\\\/wp-content\\\/uploads\\\/2024\\\/11\\\/New-CLT-Center-Text-logo.png\",\"width\":227,\"height\":80,\"caption\":\"International Center for Community Land Trusts\"},\"image\":{\"@id\":\"https:\\\/\\\/www.cltweb.org\\\/fr\\\/#\\\/schema\\\/logo\\\/image\\\/\"},\"sameAs\":[\"https:\\\/\\\/www.facebook.com\\\/cltcenter\",\"https:\\\/\\\/x.com\\\/Center4CLTs\",\"https:\\\/\\\/www.instagram.com\\\/cltcenter\\\/\",\"https:\\\/\\\/www.linkedin.com\\\/company\\\/cltcenter\",\"https:\\\/\\\/www.youtube.com\\\/@centerforcltinnovation5313\"],\"description\":\"The International Center for Community Land Trusts is a not-for-profit nongovernmental organization established in 2018 to promote and to support community land trusts and similar strategies of community-led development on community-owned land in countries throughout the world.\",\"email\":\"info@communitylandtrust.net\",\"legalName\":\"International Center for Community Land Trusts\",\"foundingDate\":\"2018-12-01\",\"taxID\":\"84-3858933\",\"numberOfEmployees\":{\"@type\":\"QuantitativeValue\",\"minValue\":\"1\",\"maxValue\":\"10\"}},{\"@type\":\"Person\",\"@id\":\"https:\\\/\\\/www.cltweb.org\\\/fr\\\/#\\\/schema\\\/person\\\/7c9fe56cc945e4b57585dbfe30f2ead4\",\"name\":\"Ben Harris\",\"image\":{\"@type\":\"ImageObject\",\"inLanguage\":\"fr-FR\",\"@id\":\"https:\\\/\\\/secure.gravatar.com\\\/avatar\\\/12a44d8988553548c22c57da673ee8ffb7e0b87b0197beec533bae3061a92cc5?s=96&d=mm&r=g\",\"url\":\"https:\\\/\\\/secure.gravatar.com\\\/avatar\\\/12a44d8988553548c22c57da673ee8ffb7e0b87b0197beec533bae3061a92cc5?s=96&d=mm&r=g\",\"contentUrl\":\"https:\\\/\\\/secure.gravatar.com\\\/avatar\\\/12a44d8988553548c22c57da673ee8ffb7e0b87b0197beec533bae3061a92cc5?s=96&d=mm&r=g\",\"caption\":\"Ben Harris\"},\"url\":\"https:\\\/\\\/www.cltweb.org\\\/fr\\\/author\\\/ben\\\/\"}]}<\/script>\n<!-- \/ Yoast SEO Premium plugin. -->","yoast_head_json":{"title":"Les CLT et l'action climatique : Un mouvement croissant pour une transition juste - International Center for Community Land Trusts","robots":{"index":"index","follow":"follow","max-snippet":"max-snippet:-1","max-image-preview":"max-image-preview:large","max-video-preview":"max-video-preview:-1"},"canonical":"https:\/\/www.cltweb.org\/fr\/2025\/11\/17\/les-clt-et-laction-climatique-un-mouvement-croissant-pour-une-transition-juste\/","og_locale":"fr_FR","og_type":"article","og_title":"Les CLT et l'action climatique : Un mouvement croissant pour une transition juste","og_description":"Cet article fait partie de notre campagne de fin d&#8217;ann\u00e9e c\u00e9l\u00e9brant la mani\u00e8re dont le Centre CLT s&#8217;efforce de servir le mouvement CLT mondial. Cette semaine, nous mettons en lumi\u00e8re [&hellip;]","og_url":"https:\/\/www.cltweb.org\/fr\/2025\/11\/17\/les-clt-et-laction-climatique-un-mouvement-croissant-pour-une-transition-juste\/","og_site_name":"International Center for Community Land Trusts","article_publisher":"https:\/\/www.facebook.com\/cltcenter","article_published_time":"2025-11-17T14:49:53+00:00","article_modified_time":"2025-11-17T22:07:56+00:00","og_image":[{"width":1500,"height":300,"url":"https:\/\/www.cltweb.org\/wp-content\/uploads\/2025\/11\/Land-for-People-Not-for-Profit-Banner.gif","type":"image\/gif"}],"author":"Ben Harris","twitter_card":"summary_large_image","twitter_creator":"@Center4CLTs","twitter_site":"@Center4CLTs","twitter_misc":{"\u00c9crit par":"Ben Harris","Dur\u00e9e de lecture estim\u00e9e":"5 minutes"},"schema":{"@context":"https:\/\/schema.org","@graph":[{"@type":"Article","@id":"https:\/\/www.cltweb.org\/fr\/2025\/11\/17\/les-clt-et-laction-climatique-un-mouvement-croissant-pour-une-transition-juste\/#article","isPartOf":{"@id":"https:\/\/www.cltweb.org\/fr\/2025\/11\/17\/les-clt-et-laction-climatique-un-mouvement-croissant-pour-une-transition-juste\/"},"author":{"name":"Ben Harris","@id":"https:\/\/www.cltweb.org\/fr\/#\/schema\/person\/7c9fe56cc945e4b57585dbfe30f2ead4"},"headline":"Les CLT et l&#8217;action climatique : Un mouvement croissant pour une transition juste","datePublished":"2025-11-17T14:49:53+00:00","dateModified":"2025-11-17T22:07:56+00:00","mainEntityOfPage":{"@id":"https:\/\/www.cltweb.org\/fr\/2025\/11\/17\/les-clt-et-laction-climatique-un-mouvement-croissant-pour-une-transition-juste\/"},"wordCount":968,"publisher":{"@id":"https:\/\/www.cltweb.org\/fr\/#organization"},"image":{"@id":"https:\/\/www.cltweb.org\/fr\/2025\/11\/17\/les-clt-et-laction-climatique-un-mouvement-croissant-pour-une-transition-juste\/#primaryimage"},"thumbnailUrl":"https:\/\/www.cltweb.org\/wp-content\/uploads\/2025\/11\/Land-for-People-Not-for-Profit-Banner.gif","keywords":["action climatique","justice climatique"],"articleSection":["Initiative pour la justice climatique"],"inLanguage":"fr-FR"},{"@type":"WebPage","@id":"https:\/\/www.cltweb.org\/fr\/2025\/11\/17\/les-clt-et-laction-climatique-un-mouvement-croissant-pour-une-transition-juste\/","url":"https:\/\/www.cltweb.org\/fr\/2025\/11\/17\/les-clt-et-laction-climatique-un-mouvement-croissant-pour-une-transition-juste\/","name":"Les CLT et l'action climatique : Un mouvement croissant pour une transition juste - International Center for Community Land Trusts","isPartOf":{"@id":"https:\/\/www.cltweb.org\/fr\/#website"},"primaryImageOfPage":{"@id":"https:\/\/www.cltweb.org\/fr\/2025\/11\/17\/les-clt-et-laction-climatique-un-mouvement-croissant-pour-une-transition-juste\/#primaryimage"},"image":{"@id":"https:\/\/www.cltweb.org\/fr\/2025\/11\/17\/les-clt-et-laction-climatique-un-mouvement-croissant-pour-une-transition-juste\/#primaryimage"},"thumbnailUrl":"https:\/\/www.cltweb.org\/wp-content\/uploads\/2025\/11\/Land-for-People-Not-for-Profit-Banner.gif","datePublished":"2025-11-17T14:49:53+00:00","dateModified":"2025-11-17T22:07:56+00:00","breadcrumb":{"@id":"https:\/\/www.cltweb.org\/fr\/2025\/11\/17\/les-clt-et-laction-climatique-un-mouvement-croissant-pour-une-transition-juste\/#breadcrumb"},"inLanguage":"fr-FR","potentialAction":[{"@type":"ReadAction","target":["https:\/\/www.cltweb.org\/fr\/2025\/11\/17\/les-clt-et-laction-climatique-un-mouvement-croissant-pour-une-transition-juste\/"]}]},{"@type":"ImageObject","inLanguage":"fr-FR","@id":"https:\/\/www.cltweb.org\/fr\/2025\/11\/17\/les-clt-et-laction-climatique-un-mouvement-croissant-pour-une-transition-juste\/#primaryimage","url":"https:\/\/www.cltweb.org\/wp-content\/uploads\/2025\/11\/Land-for-People-Not-for-Profit-Banner.gif","contentUrl":"https:\/\/www.cltweb.org\/wp-content\/uploads\/2025\/11\/Land-for-People-Not-for-Profit-Banner.gif"},{"@type":"BreadcrumbList","@id":"https:\/\/www.cltweb.org\/fr\/2025\/11\/17\/les-clt-et-laction-climatique-un-mouvement-croissant-pour-une-transition-juste\/#breadcrumb","itemListElement":[{"@type":"ListItem","position":1,"name":"Home","item":"https:\/\/www.cltweb.org\/fr\/"},{"@type":"ListItem","position":2,"name":"Les CLT et l&#8217;action climatique : Un mouvement croissant pour une transition juste"}]},{"@type":"WebSite","@id":"https:\/\/www.cltweb.org\/fr\/#website","url":"https:\/\/www.cltweb.org\/fr\/","name":"International Center for Community Land Trusts","description":"","publisher":{"@id":"https:\/\/www.cltweb.org\/fr\/#organization"},"potentialAction":[{"@type":"SearchAction","target":{"@type":"EntryPoint","urlTemplate":"https:\/\/www.cltweb.org\/fr\/?s={search_term_string}"},"query-input":{"@type":"PropertyValueSpecification","valueRequired":true,"valueName":"search_term_string"}}],"inLanguage":"fr-FR"},{"@type":"Organization","@id":"https:\/\/www.cltweb.org\/fr\/#organization","name":"International Center for Community Land Trusts","url":"https:\/\/www.cltweb.org\/fr\/","logo":{"@type":"ImageObject","inLanguage":"fr-FR","@id":"https:\/\/www.cltweb.org\/fr\/#\/schema\/logo\/image\/","url":"https:\/\/www.cltweb.org\/wp-content\/uploads\/2024\/11\/New-CLT-Center-Text-logo.png","contentUrl":"https:\/\/www.cltweb.org\/wp-content\/uploads\/2024\/11\/New-CLT-Center-Text-logo.png","width":227,"height":80,"caption":"International Center for Community Land Trusts"},"image":{"@id":"https:\/\/www.cltweb.org\/fr\/#\/schema\/logo\/image\/"},"sameAs":["https:\/\/www.facebook.com\/cltcenter","https:\/\/x.com\/Center4CLTs","https:\/\/www.instagram.com\/cltcenter\/","https:\/\/www.linkedin.com\/company\/cltcenter","https:\/\/www.youtube.com\/@centerforcltinnovation5313"],"description":"The International Center for Community Land Trusts is a not-for-profit nongovernmental organization established in 2018 to promote and to support community land trusts and similar strategies of community-led development on community-owned land in countries throughout the world.","email":"info@communitylandtrust.net","legalName":"International Center for Community Land Trusts","foundingDate":"2018-12-01","taxID":"84-3858933","numberOfEmployees":{"@type":"QuantitativeValue","minValue":"1","maxValue":"10"}},{"@type":"Person","@id":"https:\/\/www.cltweb.org\/fr\/#\/schema\/person\/7c9fe56cc945e4b57585dbfe30f2ead4","name":"Ben Harris","image":{"@type":"ImageObject","inLanguage":"fr-FR","@id":"https:\/\/secure.gravatar.com\/avatar\/12a44d8988553548c22c57da673ee8ffb7e0b87b0197beec533bae3061a92cc5?s=96&d=mm&r=g","url":"https:\/\/secure.gravatar.com\/avatar\/12a44d8988553548c22c57da673ee8ffb7e0b87b0197beec533bae3061a92cc5?s=96&d=mm&r=g","contentUrl":"https:\/\/secure.gravatar.com\/avatar\/12a44d8988553548c22c57da673ee8ffb7e0b87b0197beec533bae3061a92cc5?s=96&d=mm&r=g","caption":"Ben Harris"},"url":"https:\/\/www.cltweb.org\/fr\/author\/ben\/"}]}},"taxonomy_info":{"category":[{"value":366,"label":"Initiative pour la justice climatique"}],"post_tag":[{"value":368,"label":"action climatique"},{"value":367,"label":"justice climatique"}]},"featured_image_src_large":false,"author_info":{"display_name":"Ben Harris","author_link":"https:\/\/www.cltweb.org\/fr\/author\/ben\/"},"comment_info":0,"category_info":[{"term_id":366,"name":"Initiative pour la justice climatique","slug":"initiative-pour-la-justice-climatique","term_group":0,"term_taxonomy_id":366,"taxonomy":"category","description":"","parent":0,"count":1,"filter":"raw","cat_ID":366,"category_count":1,"category_description":"","cat_name":"Initiative pour la justice climatique","category_nicename":"initiative-pour-la-justice-climatique","category_parent":0}],"tag_info":[{"term_id":368,"name":"action climatique","slug":"action-climatique","term_group":0,"term_taxonomy_id":368,"taxonomy":"post_tag","description":"","parent":0,"count":1,"filter":"raw"},{"term_id":367,"name":"justice climatique","slug":"justice-climatique","term_group":0,"term_taxonomy_id":367,"taxonomy":"post_tag","description":"","parent":0,"count":1,"filter":"raw"}],"jetpack_featured_media_url":"","jetpack_sharing_enabled":true,"jetpack-related-posts":[{"id":10688,"url":"https:\/\/www.cltweb.org\/2025\/11\/11\/la-terre-pour-les-gens-pas-pour-le-profit-construire-linfrastructure-dun-mouvement-mondial-2\/","url_meta":{"origin":10664,"position":0},"title":"La terre pour les gens, pas pour le profit : Construire l&#8217;infrastructure d&#8217;un mouvement mondial","author":"Ben Harris","date":"11 novembre 2025","format":false,"excerpt":"Cette ann\u00e9e, l'International Center for Community Land Trusts lance sa toute premi\u00e8re campagne de fin d'ann\u00e9e - une occasion de r\u00e9fl\u00e9chir \u00e0 ce que nous construisons ensemble et aux relations qui rendent ce travail possible. Partout dans le monde, les CLT prouvent qu'il est possible d'\u00e9tablir une autre relation avec\u2026","rel":"","context":"Dans &quot;Blogs&quot;","block_context":{"text":"Blogs","link":"https:\/\/www.cltweb.org\/fr\/category\/blogs-fr\/"},"img":{"alt_text":"","src":"https:\/\/i0.wp.com\/www.cltweb.org\/wp-content\/uploads\/2025\/11\/Land-for-People-Not-For-Profit.gif?resize=350%2C200&ssl=1","width":350,"height":200,"srcset":"https:\/\/i0.wp.com\/www.cltweb.org\/wp-content\/uploads\/2025\/11\/Land-for-People-Not-For-Profit.gif?resize=350%2C200&ssl=1 1x, https:\/\/i0.wp.com\/www.cltweb.org\/wp-content\/uploads\/2025\/11\/Land-for-People-Not-For-Profit.gif?resize=525%2C300&ssl=1 1.5x, https:\/\/i0.wp.com\/www.cltweb.org\/wp-content\/uploads\/2025\/11\/Land-for-People-Not-For-Profit.gif?resize=700%2C400&ssl=1 2x, https:\/\/i0.wp.com\/www.cltweb.org\/wp-content\/uploads\/2025\/11\/Land-for-People-Not-For-Profit.gif?resize=1050%2C600&ssl=1 3x"},"classes":[]},{"id":10689,"url":"https:\/\/www.cltweb.org\/fr\/2025\/11\/11\/la-terre-pour-les-gens-pas-pour-le-profit-construire-linfrastructure-dun-mouvement-mondial\/","url_meta":{"origin":10664,"position":1},"title":"La terre pour les gens, pas pour le profit : Construire l&#8217;infrastructure d&#8217;un mouvement mondial","author":"Ben Harris","date":"11 novembre 2025","format":false,"excerpt":"Cette ann\u00e9e, l'International Center for Community Land Trusts lance sa toute premi\u00e8re campagne de fin d'ann\u00e9e - une occasion de r\u00e9fl\u00e9chir \u00e0 ce que nous construisons ensemble et aux relations qui rendent ce travail possible. Partout dans le monde, les CLT prouvent qu'il est possible d'\u00e9tablir une autre relation avec\u2026","rel":"","context":"Dans &quot;Blogs&quot;","block_context":{"text":"Blogs","link":"https:\/\/www.cltweb.org\/fr\/category\/blogs-fr\/"},"img":{"alt_text":"","src":"https:\/\/i0.wp.com\/www.cltweb.org\/wp-content\/uploads\/2025\/11\/Land-for-People-Not-For-Profit.gif?resize=350%2C200&ssl=1","width":350,"height":200,"srcset":"https:\/\/i0.wp.com\/www.cltweb.org\/wp-content\/uploads\/2025\/11\/Land-for-People-Not-For-Profit.gif?resize=350%2C200&ssl=1 1x, https:\/\/i0.wp.com\/www.cltweb.org\/wp-content\/uploads\/2025\/11\/Land-for-People-Not-For-Profit.gif?resize=525%2C300&ssl=1 1.5x, https:\/\/i0.wp.com\/www.cltweb.org\/wp-content\/uploads\/2025\/11\/Land-for-People-Not-For-Profit.gif?resize=700%2C400&ssl=1 2x, https:\/\/i0.wp.com\/www.cltweb.org\/wp-content\/uploads\/2025\/11\/Land-for-People-Not-For-Profit.gif?resize=1050%2C600&ssl=1 3x"},"classes":[]},{"id":7248,"url":"https:\/\/www.cltweb.org\/fr\/2024\/09\/03\/introduction-a-lutilisation-des-clt-pour-la-renovation-energetique-et-laccessibilite-permanente-des-logements-existants\/","url_meta":{"origin":10664,"position":2},"title":"Introduction \u00e0 l&#8217;utilisation des CLT pour la r\u00e9novation \u00e9nerg\u00e9tique et l&#8217;accessibilit\u00e9 permanente des logements existants","author":"cltredesign_0jp0l4","date":"3 septembre 2024","format":false,"excerpt":"La contribution suivante a \u00e9t\u00e9 r\u00e9dig\u00e9e par Richard Kruger Delgado, responsable de l'\u00e9ducation et de la sensibilisation pour l'International Center for Community Land Trusts, afin de pr\u00e9senter le prochain webinaire qui aura lieu le 25 septembre. \"Nous avons pour mission de ne pas laisser les gens de c\u00f4t\u00e9. - John\u2026","rel":"","context":"Dans &quot;Blogs&quot;","block_context":{"text":"Blogs","link":"https:\/\/www.cltweb.org\/fr\/category\/blogs-fr\/"},"img":{"alt_text":"","src":"","width":0,"height":0},"classes":[]},{"id":7689,"url":"https:\/\/www.cltweb.org\/fr\/2024\/11\/11\/introduction-au-pouvoir-et-au-leadership-des-jeunes-dans-la-pratique-du-community-land-trust\/","url_meta":{"origin":10664,"position":3},"title":"Introduction au pouvoir et au leadership des jeunes dans la pratique du Community Land Trust","author":"Ben Harris","date":"11 novembre 2024","format":false,"excerpt":"Par Richard Kruger Delgado La contribution suivante a \u00e9t\u00e9 r\u00e9dig\u00e9e par Richard Kruger Delgado, responsable de l'\u00e9ducation et de la sensibilisation pour l'International Center for Community Land Trusts, dans le cadre du prochain webinaire intitul\u00e9 \"Stewarding the Future : Le pouvoir et le leadership des jeunes dans la pratique des\u2026","rel":"","context":"Dans &quot;Blogs&quot;","block_context":{"text":"Blogs","link":"https:\/\/www.cltweb.org\/fr\/category\/blogs-fr\/"},"img":{"alt_text":"","src":"https:\/\/i0.wp.com\/www.cltweb.org\/wp-content\/uploads\/2024\/11\/Screenshot-2024-11-11-at-5.46.26%E2%80%AFPM.png?resize=350%2C200&ssl=1","width":350,"height":200,"srcset":"https:\/\/i0.wp.com\/www.cltweb.org\/wp-content\/uploads\/2024\/11\/Screenshot-2024-11-11-at-5.46.26%E2%80%AFPM.png?resize=350%2C200&ssl=1 1x, https:\/\/i0.wp.com\/www.cltweb.org\/wp-content\/uploads\/2024\/11\/Screenshot-2024-11-11-at-5.46.26%E2%80%AFPM.png?resize=525%2C300&ssl=1 1.5x, https:\/\/i0.wp.com\/www.cltweb.org\/wp-content\/uploads\/2024\/11\/Screenshot-2024-11-11-at-5.46.26%E2%80%AFPM.png?resize=700%2C400&ssl=1 2x"},"classes":[]},{"id":7240,"url":"https:\/\/www.cltweb.org\/fr\/2024\/09\/10\/les-clt-peuvent-ils-jouer-un-role-dans-la-politique-climatique\/","url_meta":{"origin":10664,"position":4},"title":"Les CLT peuvent-ils jouer un r\u00f4le dans la politique climatique ?","author":"cltredesign_0jp0l4","date":"10 septembre 2024","format":false,"excerpt":"La contribution suivante a \u00e9t\u00e9 r\u00e9dig\u00e9e par Geert De Pauw, coordinateur du Community Land Trust Brussels, dans le cadre du s\u00e9minaire en ligne \"Using CLTs to Deliver Energy Renovation and Permanent Affordability to Existing Housing\" qui se tiendra le 25 septembre. Le Community Land Trust Brussels (CLTB) est une organisation\u2026","rel":"","context":"Dans &quot;Blogs&quot;","block_context":{"text":"Blogs","link":"https:\/\/www.cltweb.org\/fr\/category\/blogs-fr\/"},"img":{"alt_text":"","src":"","width":0,"height":0},"classes":[]},{"id":6575,"url":"https:\/\/www.cltweb.org\/fr\/2024\/08\/22\/utiliser-les-clt-pour-renover-les-logements-existants-sur-le-plan-energetique-et-les-rendre-plus-abordables-en-permanence\/","url_meta":{"origin":10664,"position":5},"title":"Utiliser les CLT pour r\u00e9nover les logements existants sur le plan \u00e9nerg\u00e9tique et les rendre plus abordables en permanence","author":"Ben Harris","date":"22 ao\u00fbt 2024","format":false,"excerpt":"Rejoignez-nous le 25 septembre 2024 pour un webinaire sur la fa\u00e7on dont les CLT peuvent \u00eatre utilis\u00e9s pour fournir une r\u00e9novation \u00e9nerg\u00e9tique et une accessibilit\u00e9 permanente aux logements existants. Vous entendrez des praticiens CLT de premier plan qui m\u00e8nent des approches innovantes pour la r\u00e9novation \u00e9nerg\u00e9tique des logements existants, avec\u2026","rel":"","context":"Dans &quot;Non classifi\u00e9(e)&quot;","block_context":{"text":"Non classifi\u00e9(e)","link":"https:\/\/www.cltweb.org\/fr\/category\/non-classifiee\/"},"img":{"alt_text":"Jeanne Mosseray","src":"https:\/\/i0.wp.com\/www.cltweb.org\/wp-content\/uploads\/2024\/08\/jeanne_mosseray-254x300.jpg?resize=350%2C200&ssl=1","width":350,"height":200},"classes":[]}],"_links":{"self":[{"href":"https:\/\/www.cltweb.org\/fr\/wp-json\/wp\/v2\/posts\/10664","targetHints":{"allow":["GET"]}}],"collection":[{"href":"https:\/\/www.cltweb.org\/fr\/wp-json\/wp\/v2\/posts"}],"about":[{"href":"https:\/\/www.cltweb.org\/fr\/wp-json\/wp\/v2\/types\/post"}],"author":[{"embeddable":true,"href":"https:\/\/www.cltweb.org\/fr\/wp-json\/wp\/v2\/users\/2"}],"replies":[{"embeddable":true,"href":"https:\/\/www.cltweb.org\/fr\/wp-json\/wp\/v2\/comments?post=10664"}],"version-history":[{"count":3,"href":"https:\/\/www.cltweb.org\/fr\/wp-json\/wp\/v2\/posts\/10664\/revisions"}],"predecessor-version":[{"id":10701,"href":"https:\/\/www.cltweb.org\/fr\/wp-json\/wp\/v2\/posts\/10664\/revisions\/10701"}],"wp:attachment":[{"href":"https:\/\/www.cltweb.org\/fr\/wp-json\/wp\/v2\/media?parent=10664"}],"wp:term":[{"taxonomy":"category","embeddable":true,"href":"https:\/\/www.cltweb.org\/fr\/wp-json\/wp\/v2\/categories?post=10664"},{"taxonomy":"post_tag","embeddable":true,"href":"https:\/\/www.cltweb.org\/fr\/wp-json\/wp\/v2\/tags?post=10664"}],"curies":[{"name":"wp","href":"https:\/\/api.w.org\/{rel}","templated":true}]}}