{"id":10718,"date":"2025-11-21T16:09:19","date_gmt":"2025-11-21T16:09:19","guid":{"rendered":"https:\/\/www.cltweb.org\/2025\/11\/18\/journee-mondiale-des-clt-une-celebration-mondiale-de-la-solidarite\/"},"modified":"2025-11-21T16:09:48","modified_gmt":"2025-11-21T16:09:48","slug":"journee-mondiale-des-clt-une-celebration-mondiale-de-la-solidarite","status":"publish","type":"post","link":"https:\/\/www.cltweb.org\/fr\/2025\/11\/21\/journee-mondiale-des-clt-une-celebration-mondiale-de-la-solidarite\/","title":{"rendered":"Journ\u00e9e mondiale des CLT : Une c\u00e9l\u00e9bration mondiale de la solidarit\u00e9"},"content":{"rendered":"\n<figure class=\"wp-block-image size-full\"><img loading=\"lazy\" decoding=\"async\" width=\"1500\" height=\"300\" src=\"https:\/\/www.cltweb.org\/wp-content\/uploads\/2025\/11\/Land-for-People-Not-for-Profit-Banner.gif\" alt=\"\" class=\"wp-image-10618\"\/><\/figure>\n\n<p><strong><em>Cet article fait partie de notre <a href=\"https:\/\/www.cltweb.org\/fr\/2025\/11\/11\/la-terre-pour-les-gens-pas-pour-le-profit-construire-linfrastructure-dun-mouvement-mondial\/\" target=\"_blank\" rel=\"noreferrer noopener\">campagne de fin d&#8217;ann\u00e9e<\/a> c\u00e9l\u00e9brant la mani\u00e8re dont le Centre CLT<em>  s&#8217;efforce de servir le mouvement CLT mondial. Cette semaine, nous mettons en lumi\u00e8re <\/em>:<\/em><\/strong><\/p>\n\n<h2 class=\"wp-block-heading has-text-align-center has-light-green-cyan-background-color has-background\" id=\"h-world-community-land-trust-day\" style=\"padding-top:var(--wp--preset--spacing--20);padding-right:0;padding-bottom:var(--wp--preset--spacing--20);padding-left:0\">Journ\u00e9e mondiale des fonds fonciers communautaires<\/h2>\n\n<p>L&#8217;id\u00e9e de la Journ\u00e9e mondiale du CLT est apparue pour la premi\u00e8re fois en 2019. L&#8217;objectif \u00e9tait simple : cr\u00e9er une journ\u00e9e qui pourrait apporter de la visibilit\u00e9 aux personnes qui rendent le mouvement CLT possible : les r\u00e9sidents, les organisateurs et les voisins qui vivent les valeurs de l&#8217;intendance communautaire chaque jour. Cette journ\u00e9e a \u00e9t\u00e9 envisag\u00e9e comme un moment pour &#8220;mettre le &#8216;C&#8217; dans CLT&#8221;, en \u00e9largissant la conversation au-del\u00e0 des experts et en c\u00e9l\u00e9brant l&#8217;\u00e9nergie collective au c\u0153ur du mouvement.  <\/p>\n\n<p>La premi\u00e8re Journ\u00e9e mondiale du CLT <a href=\"https:\/\/vimeo.com\/657856883?fl=pl&amp;fe=vl&amp;turnstile=0.m_1ZC0eTxPsks9r0m_WJyLAWb8dbKxsdTgTSf-a6VHxdOm92e2CKHPJbwW9GFXkkZLur81ctUU61bzwT0IHgeQNBSl6glKME1sl0tTfHAJyi1WIH92mbi2jqCaQ7_WxXghPAI1YeV3RzwsMsvys1pUqEWOrSpHI1jRiwfQK--JjORUb84OAHEqJeDz1oXgy-jt3mExDM3uJra2XdutH7o5OCb9Fdk4hqpAL_yBtf3a_ZX0gIpanho8A_qy4IVjlI6ktqD1yDrZvY92m8FThDbB1e-mEUCgHekArd4CCGJdA2H6wgHBJ7dSgSvaNoGK_c0fN40fII3njmveRBoAWM9HPTXs60IlqBRRRAiYLyTylVx2riDFTky-TxQ6NX_Q5Ipsbs6y6oCNjKF-V4DfFjPbSGenkQDPJuO5bI6RnhEE8kw_a4thCE44-UKQuBGkDzViiVpFUFwetl7TYgCcDgdPZDtXg9kCnQ31KNNxxOhdjYuMkVEkc5Hj82mDxaKu_EqTaAW57U6obykgLMavSPn9RoS_PIOtERu7nMk2iUXTUe6qEcM7DHM0kfMQsald6n-DQ3xcmboEs7opA_Ja8gZuTUEU1o_R7G-dZ7adqgPUwdXx2RG_BVkP5n18Ke9gZnkkKUu5xpqzq6SYoi5XpUsgzeJk63iyePCN4Ir5W6hgrng4g67HcrqeHadtyKXWJjdONl1a9zzVlZaI4dqslzncRkeEwVBXwq1RRjhr6ma4pwyiYWuwuOlVecufVXp0qSF-BUM2JUBh-_ru6TlgCQvlDYCaKXxZmj19C_T3T784YAyXvEKpo1NCLdGEnrbcnkOpf4_qM2crYrmEUh6hX9uvfzhk98NfMMsqZrwzMkhQ4R5eylFLDjuM7LjXByuU7a6LKk6oJVQmKEvVHHH_MG5tfIlqiElWvM7irulmPyuV0.l7_ucnjlatoH7mSP3nTCcA.ce81620777867c684a8a05e0a741712b2cefe5286f38130ad59eac9ee6204d84\">a \u00e9t\u00e9 c\u00e9l\u00e9br\u00e9e en 2021<\/a>, avec la participation de 45 organisations dans 10 pays. Les communaut\u00e9s ont marqu\u00e9 l&#8217;occasion en partageant des vid\u00e9os, en tenant leurs assembl\u00e9es g\u00e9n\u00e9rales annuelles, en organisant des visites de sites et en publiant des histoires en ligne en utilisant <strong>#WorldCLTDay<\/strong> &#8211; une c\u00e9l\u00e9bration collective et d\u00e9centralis\u00e9e de la solidarit\u00e9 et de la permanence de la propri\u00e9t\u00e9 fonci\u00e8re communautaire.<\/p>\n\n<p>En 2022, la <a href=\"https:\/\/youtu.be\/USb_MORyW68\">participation a presque doubl\u00e9<\/a>, engageant plus de 75 organisations. Dans diff\u00e9rentes parties du monde, les CLT et les r\u00e9seaux ont organis\u00e9 des \u00e9v\u00e9nements en personne et en ligne, des journ\u00e9es de service et de lobbying local aux inaugurations de nouveaux projets, en passant par des webinaires et des c\u00e9l\u00e9brations communautaires. En Belgique, le Community Land Trust Brussels (CLTB) a combin\u00e9 son 10e anniversaire et la c\u00e9l\u00e9bration du Prix mondial de l&#8217;habitat avec la Journ\u00e9e mondiale du CLT, en organisant des rassemblements locaux, des spectacles et des \u00e9v\u00e9nements culturels qui refl\u00e8tent les valeurs de solidarit\u00e9 et d&#8217;appartenance du mouvement. <em>(<a href=\"https:\/\/www.youtube.com\/watch?v=TOGJ7zOYvVg\" target=\"_blank\" rel=\"noreferrer noopener\">Regardez la vid\u00e9o de la c\u00e9l\u00e9bration de 2022<\/a>)<\/em><\/p>\n\n<p>Depuis, chaque ann\u00e9e, elle s&#8217;est renforc\u00e9e et s&#8217;est rapproch\u00e9e gr\u00e2ce \u00e0 l&#8217;enthousiasme et \u00e0 la cr\u00e9ativit\u00e9 des CLT et des r\u00e9seaux locaux. Ce qui a commenc\u00e9 comme une petite campagne est devenu un moment partag\u00e9 de r\u00e9flexion et de visibilit\u00e9 pour le mouvement, coordonn\u00e9 par le Centre CLT et ses partenaires, mais port\u00e9 par les communaut\u00e9s elles-m\u00eames. <\/p>\n\n<figure class=\"wp-block-pullquote has-medium-font-size\" style=\"border-width:1px;border-radius:0px;padding-top:var(--wp--preset--spacing--50);padding-right:var(--wp--preset--spacing--70);padding-bottom:var(--wp--preset--spacing--50);padding-left:var(--wp--preset--spacing--70)\"><blockquote><p><br\/><em>&#8220;Les CLT nous donnent la possibilit\u00e9 de penser globalement et d&#8217;agir localement. Savoir que nous faisons partie d&#8217;un mouvement international qui choisit de donner plus de pouvoir \u00e0 nos r\u00e9sidents et \u00e0 nos communaut\u00e9s est incroyablement satisfaisant. Nous y parvenons en luttant contre le d\u00e9placement et la gentrification par le biais d&#8217;une accessibilit\u00e9 permanente, tout en donnant \u00e0 nos communaut\u00e9s la possibilit\u00e9 de s&#8217;autogouverner.&#8221;<\/em><\/p><cite><strong><strong>&#8211; Michael Monte, PDG du Champlain Housing Trust (Vermont, \u00c9tats-Unis)<\/strong><\/strong><\/cite><\/blockquote><\/figure>\n\n<h2 class=\"wp-block-heading has-text-align-center\" id=\"h-2025-moments-from-around-the-world\">2025 moments du monde entier<\/h2>\n\n<p>2025 a marqu\u00e9 la quatri\u00e8me Journ\u00e9e mondiale du CLT. Cette ann\u00e9e, la campagne a rassembl\u00e9 des repr\u00e9sentants de <strong>126 organisations dans 41 pays, organisant 25 \u00e9v\u00e9nements en six langues &#8211; la<\/strong>participation la plus large \u00e0 ce jour. <\/p>\n\n<p>En avril et en mai, des communaut\u00e9s se sont r\u00e9unies en ligne et en personne pour partager ce \u00e0 quoi ressemble la propri\u00e9t\u00e9 fonci\u00e8re collective dans la pratique. Des visites \u00e0 pied, des tables rondes, des ventes de plantes, des assembl\u00e9es communautaires, des projections de films et des webinaires internationaux ont eu lieu en Am\u00e9rique, en Europe et en Australie. <\/p>\n\n<p>Ce qui les a r\u00e9unis, c&#8217;est un engagement commun en faveur d&#8217;une gestion communautaire des terres et les moyens cr\u00e9atifs mis en \u0153uvre par les CLT locaux pour concr\u00e9tiser cette vision.<\/p>\n\n<h3 class=\"wp-block-heading has-text-align-center\" id=\"h-local-celebrations\">C\u00e9l\u00e9brations locales<\/h3>\n\n<div class=\"wp-block-columns is-layout-flex wp-container-core-columns-is-layout-28f84493 wp-block-columns-is-layout-flex\">\n<div class=\"wp-block-column is-layout-flow wp-block-column-is-layout-flow\">\n<figure class=\"wp-block-embed is-type-video is-provider-youtube wp-block-embed-youtube wp-embed-aspect-16-9 wp-has-aspect-ratio\"><div class=\"wp-block-embed__wrapper\">\n<iframe loading=\"lazy\" title=\"ACLTN Communities of Practice 16th May 2025: Insights from Emerging Community Land Trusts\" width=\"1290\" height=\"726\" src=\"https:\/\/www.youtube.com\/embed\/hp3Leh5juIc?feature=oembed\" frameborder=\"0\" allow=\"accelerometer; autoplay; clipboard-write; encrypted-media; gyroscope; picture-in-picture; web-share\" referrerpolicy=\"strict-origin-when-cross-origin\" allowfullscreen><\/iframe>\n<\/div><figcaption class=\"wp-element-caption\">Le r\u00e9seau CLT australien a organis\u00e9 un webinaire sur ses communaut\u00e9s de pratique (BMCLT et Waterfall Way)<br><br><strong>\ud83d\udccd Australie<\/strong><\/figcaption><\/figure>\n\n\n\n<figure class=\"wp-block-image size-large\"><a href=\"https:\/\/www.instagram.com\/p\/DJt1nTpuJkC\/?img_index=3\" target=\"_blank\" rel=\" noreferrer noopener\"><img loading=\"lazy\" decoding=\"async\" width=\"1024\" height=\"490\" src=\"https:\/\/www.cltweb.org\/wp-content\/uploads\/2025\/11\/Screenshot-2025-10-27-at-1.29.02-PM-1024x490.png\" alt=\"\" class=\"wp-image-10704\" srcset=\"https:\/\/www.cltweb.org\/wp-content\/uploads\/2025\/11\/Screenshot-2025-10-27-at-1.29.02-PM-1024x490.png 1024w, https:\/\/www.cltweb.org\/wp-content\/uploads\/2025\/11\/Screenshot-2025-10-27-at-1.29.02-PM-300x144.png 300w, https:\/\/www.cltweb.org\/wp-content\/uploads\/2025\/11\/Screenshot-2025-10-27-at-1.29.02-PM-768x368.png 768w, https:\/\/www.cltweb.org\/wp-content\/uploads\/2025\/11\/Screenshot-2025-10-27-at-1.29.02-PM.png 1216w\" sizes=\"auto, (max-width: 1024px) 100vw, 1024px\" \/><\/a><figcaption class=\"wp-element-caption\">Le r\u00e9seau canadien des CLT a recueilli les messages vid\u00e9o de ses membres et a particip\u00e9 \u00e0 la campagne sur les m\u00e9dias sociaux<br\/><br\/><strong>\ud83d\udccd Canada<\/strong><\/figcaption><\/figure>\n\n\n\n<figure class=\"wp-block-image size-large\"><img loading=\"lazy\" decoding=\"async\" width=\"1024\" height=\"768\" src=\"https:\/\/www.cltweb.org\/wp-content\/uploads\/2025\/11\/CA-CLT-Network-2025-1024x768.jpg\" alt=\"\" class=\"wp-image-10705\" srcset=\"https:\/\/www.cltweb.org\/wp-content\/uploads\/2025\/11\/CA-CLT-Network-2025-1024x768.jpg 1024w, https:\/\/www.cltweb.org\/wp-content\/uploads\/2025\/11\/CA-CLT-Network-2025-300x225.jpg 300w, https:\/\/www.cltweb.org\/wp-content\/uploads\/2025\/11\/CA-CLT-Network-2025-768x576.jpg 768w, https:\/\/www.cltweb.org\/wp-content\/uploads\/2025\/11\/CA-CLT-Network-2025-1536x1152.jpg 1536w, https:\/\/www.cltweb.org\/wp-content\/uploads\/2025\/11\/CA-CLT-Network-2025.jpg 1600w\" sizes=\"auto, (max-width: 1024px) 100vw, 1024px\" \/><figcaption class=\"wp-element-caption\">Le California CLT Network a re\u00e7u une reconnaissance officielle du S\u00e9nat de l&#8217;\u00c9tat, pr\u00e9sent\u00e9e par la s\u00e9natrice Lola Smallwood Cuevas en l&#8217;honneur de la Journ\u00e9e mondiale du CLT<br\/><br\/><strong>\ud83d\udccd Californie, \u00c9tats-Unis<\/strong><\/figcaption><\/figure>\n\n\n\n<figure class=\"wp-block-image aligncenter size-large is-resized\"><img loading=\"lazy\" decoding=\"async\" width=\"1024\" height=\"333\" src=\"https:\/\/www.cltweb.org\/wp-content\/uploads\/2025\/11\/Screenshot-2025-10-27-at-1.02.07-PM-1024x333.png\" alt=\"\" class=\"wp-image-10708\" style=\"width:347px;height:auto\" srcset=\"https:\/\/www.cltweb.org\/wp-content\/uploads\/2025\/11\/Screenshot-2025-10-27-at-1.02.07-PM-1024x333.png 1024w, https:\/\/www.cltweb.org\/wp-content\/uploads\/2025\/11\/Screenshot-2025-10-27-at-1.02.07-PM-300x98.png 300w, https:\/\/www.cltweb.org\/wp-content\/uploads\/2025\/11\/Screenshot-2025-10-27-at-1.02.07-PM-768x250.png 768w, https:\/\/www.cltweb.org\/wp-content\/uploads\/2025\/11\/Screenshot-2025-10-27-at-1.02.07-PM.png 1192w\" sizes=\"auto, (max-width: 1024px) 100vw, 1024px\" \/><\/figure>\n\n\n\n<figure class=\"wp-block-image aligncenter size-large is-resized\"><img loading=\"lazy\" decoding=\"async\" width=\"1024\" height=\"821\" src=\"https:\/\/www.cltweb.org\/wp-content\/uploads\/2025\/11\/Chinatown-CLT_MA-2-2025-1024x821.png\" alt=\"\" class=\"wp-image-10707\" style=\"width:350px;height:auto\" srcset=\"https:\/\/www.cltweb.org\/wp-content\/uploads\/2025\/11\/Chinatown-CLT_MA-2-2025-1024x821.png 1024w, https:\/\/www.cltweb.org\/wp-content\/uploads\/2025\/11\/Chinatown-CLT_MA-2-2025-300x241.png 300w, https:\/\/www.cltweb.org\/wp-content\/uploads\/2025\/11\/Chinatown-CLT_MA-2-2025-768x616.png 768w, https:\/\/www.cltweb.org\/wp-content\/uploads\/2025\/11\/Chinatown-CLT_MA-2-2025.png 1160w\" sizes=\"auto, (max-width: 1024px) 100vw, 1024px\" \/><figcaption class=\"wp-element-caption\">Le Chinatown CLT a organis\u00e9 une r\u00e9ception de dim sum suivie d&#8217;une visite guid\u00e9e<br\/><br\/><strong>\ud83d\udccd Massachusetts, USA<\/strong><\/figcaption><\/figure>\n<\/div>\n\n\n\n<div class=\"wp-block-column is-layout-flow wp-block-column-is-layout-flow\">\n<figure class=\"wp-block-embed is-type-video is-provider-youtube wp-block-embed-youtube wp-embed-aspect-16-9 wp-has-aspect-ratio\"><div class=\"wp-block-embed__wrapper\">\n<iframe loading=\"lazy\" title=\"Lan\u00e7amento da Exposi\u00e7\u00e3o Completa &#039;Mem\u00f3ria Clim\u00e1tica das Favelas&#039; em 2025 no Museu da Mar\u00e9\" width=\"1290\" height=\"726\" src=\"https:\/\/www.youtube.com\/embed\/XBKUZGBZGM8?feature=oembed\" frameborder=\"0\" allow=\"accelerometer; autoplay; clipboard-write; encrypted-media; gyroscope; picture-in-picture; web-share\" referrerpolicy=\"strict-origin-when-cross-origin\" allowfullscreen><\/iframe>\n<\/div><figcaption class=\"wp-element-caption\">Le r\u00e9seau des favelas durables (Rede Favela Sustent\u00e1vel) a organis\u00e9 une exposition au Museu da Mar\u00e9 intitul\u00e9e &#8221; <em>M\u00e9moire climatique des favelas<\/em><strong>&#8220;<\/strong><br><br><strong>\ud83d\udccd Rio de Janeiro, Br\u00e9sil<\/strong><\/figcaption><\/figure>\n\n\n\n<figure class=\"wp-block-embed is-type-video is-provider-youtube wp-block-embed-youtube wp-embed-aspect-16-9 wp-has-aspect-ratio\"><div class=\"wp-block-embed__wrapper\">\n<iframe loading=\"lazy\" title=\"World Community Land Trust Day - Discussion with The Super Slow Way\" width=\"1290\" height=\"726\" src=\"https:\/\/www.youtube.com\/embed\/KEnuV_6tD_I?feature=oembed\" frameborder=\"0\" allow=\"accelerometer; autoplay; clipboard-write; encrypted-media; gyroscope; picture-in-picture; web-share\" referrerpolicy=\"strict-origin-when-cross-origin\" allowfullscreen><\/iframe>\n<\/div><figcaption class=\"wp-element-caption\">Super Slow Way et Wirral Arts and Culture CLT <a href=\"https:\/\/www.youtube.com\/watch?v=KEnuV_6tD_I\">ont organis\u00e9 une discussion Zoom<\/a> sur la fa\u00e7on dont les communaut\u00e9s peuvent prot\u00e9ger le patrimoine local<br><br><strong>\ud83d\udccd Royaume-Uni<\/strong><\/figcaption><\/figure>\n\n\n\n<figure class=\"wp-block-image aligncenter size-large is-resized\"><img loading=\"lazy\" decoding=\"async\" width=\"1024\" height=\"768\" src=\"https:\/\/www.cltweb.org\/wp-content\/uploads\/2025\/11\/Re-visionULC-1024x768.jpeg\" alt=\"\" class=\"wp-image-10706\" style=\"width:421px;height:auto\" srcset=\"https:\/\/www.cltweb.org\/wp-content\/uploads\/2025\/11\/Re-visionULC-1024x768.jpeg 1024w, https:\/\/www.cltweb.org\/wp-content\/uploads\/2025\/11\/Re-visionULC-300x225.jpeg 300w, https:\/\/www.cltweb.org\/wp-content\/uploads\/2025\/11\/Re-visionULC-768x576.jpeg 768w, https:\/\/www.cltweb.org\/wp-content\/uploads\/2025\/11\/Re-visionULC-1536x1152.jpeg 1536w, https:\/\/www.cltweb.org\/wp-content\/uploads\/2025\/11\/Re-visionULC.jpeg 2048w\" sizes=\"auto, (max-width: 1024px) 100vw, 1024px\" \/><figcaption class=\"wp-element-caption\">L&#8217;Urban Land Conservancy s&#8217;est associ\u00e9 \u00e0 Re:Vision pour <a href=\"https:\/\/www.linkedin.com\/feed\/update\/urn:li:activity:7329248000277467137\/\">une journ\u00e9e de travail<\/a> dans deux des fermes urbaines de Re:Vision<br\/><br\/><strong>\ud83d\udccd Colorado, USA<\/strong><\/figcaption><\/figure>\n\n\n\n<figure class=\"wp-block-embed is-type-video is-provider-youtube wp-block-embed-youtube wp-embed-aspect-16-9 wp-has-aspect-ratio\"><div class=\"wp-block-embed__wrapper\">\n<iframe loading=\"lazy\" title=\"Forest City Community Land Trust - Panel Discussion, Spring 2025\" width=\"1290\" height=\"726\" src=\"https:\/\/www.youtube.com\/embed\/KwDLbcJAESU?feature=oembed\" frameborder=\"0\" allow=\"accelerometer; autoplay; clipboard-write; encrypted-media; gyroscope; picture-in-picture; web-share\" referrerpolicy=\"strict-origin-when-cross-origin\" allowfullscreen><\/iframe>\n<\/div><figcaption class=\"wp-element-caption\">Forest City CLT a accueilli un panel local sur les raisons pour lesquelles leur communaut\u00e9 a besoin d&#8217;un CLT<br><br><strong>\ud83d\udccd Ohio, USA<\/strong><\/figcaption><\/figure>\n<\/div>\n<\/div>\n\n<figure class=\"wp-block-pullquote has-medium-font-size\" style=\"border-width:1px;border-radius:0px;padding-top:var(--wp--preset--spacing--50);padding-right:var(--wp--preset--spacing--70);padding-bottom:var(--wp--preset--spacing--50);padding-left:var(--wp--preset--spacing--70)\"><blockquote><p><br\/><em>&#8220;<em>Les fonds fonciers communautaires sont un outil \u00e9prouv\u00e9 pour un d\u00e9veloppement conscient, d\u00e9mocratique et alternatif, qui centre les \u00eatres humains et leur donne le pouvoir sur leur pr\u00e9sent et leur avenir.<\/em><\/em><\/p><cite><strong><strong><em><strong>&#8211; Mariolga Juli\u00e1 Pacheco, Ca\u00f1o Mart\u00edn Pe\u00f1a CLT (Porto Rico)<\/strong><\/em><\/strong><\/strong><\/cite><\/blockquote><\/figure>\n\n<h3 class=\"wp-block-heading has-text-align-center\" id=\"h-global-webinars-and-learning\">Webinaires et formation \u00e0 l&#8217;\u00e9chelle mondiale<\/h3>\n\n<p>Parall\u00e8lement aux rencontres locales, le Centre CLT et le comit\u00e9 de planification de la Journ\u00e9e mondiale du CLT ont coordonn\u00e9 trois webinaires mondiaux qui ont constitu\u00e9 le point d&#8217;ancrage de la programmation de la semaine :<\/p>\n\n<div class=\"wp-block-columns is-layout-flex wp-container-core-columns-is-layout-28f84493 wp-block-columns-is-layout-flex\">\n<div class=\"wp-block-column is-layout-flow wp-block-column-is-layout-flow\">\n<figure class=\"wp-block-embed is-type-video is-provider-youtube wp-block-embed-youtube wp-embed-aspect-16-9 wp-has-aspect-ratio\"><div class=\"wp-block-embed__wrapper\">\n<iframe loading=\"lazy\" title=\"CLTs and Climate Action: A Global Dialogue for World CLT Day 2025\" width=\"1290\" height=\"726\" src=\"https:\/\/www.youtube.com\/embed\/If6w7i3vhOk?feature=oembed\" frameborder=\"0\" allow=\"accelerometer; autoplay; clipboard-write; encrypted-media; gyroscope; picture-in-picture; web-share\" referrerpolicy=\"strict-origin-when-cross-origin\" allowfullscreen><\/iframe>\n<\/div><figcaption class=\"wp-element-caption\"><em><strong>Les CLT et l&#8217;action climatique :<\/strong><\/em> Un dialogue dirig\u00e9 par les pairs o\u00f9 36 participants de neuf pays ont partag\u00e9 la fa\u00e7on dont leurs CLTs r\u00e9pondent aux d\u00e9fis climatiques.<\/figcaption><\/figure>\n<\/div>\n\n\n\n<div class=\"wp-block-column is-layout-flow wp-block-column-is-layout-flow\">\n<figure class=\"wp-block-embed is-type-video is-provider-youtube wp-block-embed-youtube wp-embed-aspect-16-9 wp-has-aspect-ratio\"><div class=\"wp-block-embed__wrapper\">\n<iframe loading=\"lazy\" title=\"A Global Learning Session on World Habitat Award-Winning Community Land Trusts\" width=\"1290\" height=\"726\" src=\"https:\/\/www.youtube.com\/embed\/FkNgrcpyQXo?start=17&#038;feature=oembed\" frameborder=\"0\" allow=\"accelerometer; autoplay; clipboard-write; encrypted-media; gyroscope; picture-in-picture; web-share\" referrerpolicy=\"strict-origin-when-cross-origin\" allowfullscreen><\/iframe>\n<\/div><figcaption class=\"wp-element-caption\"><em><strong>Une session d&#8217;apprentissage globale avec les CLT prim\u00e9s par World Habitat :<\/strong><\/em> Organis\u00e9e conjointement avec <em>World Habitat<\/em> et le <em>Lincoln Institute of Land Policy<\/em>. <a href=\"https:\/\/youtu.be\/7wUAu8yzVe0\" target=\"_blank\" rel=\"noreferrer noopener\">\u00c9galement disponible en espa\u00f1ol<\/a>.<\/figcaption><\/figure>\n<\/div>\n\n\n\n<div class=\"wp-block-column is-layout-flow wp-block-column-is-layout-flow\">\n<figure class=\"wp-block-embed is-type-video is-provider-youtube wp-block-embed-youtube wp-embed-aspect-16-9 wp-has-aspect-ratio\"><div class=\"wp-block-embed__wrapper\">\n<iframe loading=\"lazy\" title=\"Territory, Tenure, and Transformation: Brazil&#039;s Emerging CLT Movement\" width=\"1290\" height=\"726\" src=\"https:\/\/www.youtube.com\/embed\/jAU3Su_4iC4?feature=oembed\" frameborder=\"0\" allow=\"accelerometer; autoplay; clipboard-write; encrypted-media; gyroscope; picture-in-picture; web-share\" referrerpolicy=\"strict-origin-when-cross-origin\" allowfullscreen><\/iframe>\n<\/div><figcaption class=\"wp-element-caption\"><strong>Territoire, tenure et transformation :<\/strong><br>Conversation sur le mouvement CLT \u00e9mergent au Br\u00e9sil, organis\u00e9e conjointement avec <em>Catalytic Communities.<\/em><\/figcaption><\/figure>\n<\/div>\n<\/div>\n\n<h3 class=\"wp-block-heading has-text-align-center\" id=\"h-global-solidarity-in-action\">La solidarit\u00e9 mondiale en action<\/h3>\n\n<p>La Journ\u00e9e mondiale du CLT 2025 a \u00e9t\u00e9 coordonn\u00e9e par le CLT Center en collaboration avec des partenaires de l&#8217;ensemble du mouvement, notamment :<\/p>\n\n<figure class=\"wp-block-image aligncenter size-full is-resized\"><img loading=\"lazy\" decoding=\"async\" width=\"1000\" height=\"393\" src=\"https:\/\/www.cltweb.org\/wp-content\/uploads\/2025\/11\/Logo-constellation-e1763483121624.png\" alt=\"\" class=\"wp-image-10710\" style=\"width:867px;height:auto\" srcset=\"https:\/\/www.cltweb.org\/wp-content\/uploads\/2025\/11\/Logo-constellation-e1763483121624.png 1000w, https:\/\/www.cltweb.org\/wp-content\/uploads\/2025\/11\/Logo-constellation-e1763483121624-300x118.png 300w, https:\/\/www.cltweb.org\/wp-content\/uploads\/2025\/11\/Logo-constellation-e1763483121624-768x302.png 768w\" sizes=\"auto, (max-width: 1000px) 100vw, 1000px\" \/><\/figure>\n\n<p><br\/>Le Centre CLT a fourni des mod\u00e8les de communication en plusieurs langues, une carte partag\u00e9e de l&#8217;\u00e9v\u00e9nement et une assistance technique. Sur les m\u00e9dias sociaux, les histoires \u00e9tiquet\u00e9es #WorldCLTDay2025 ont atteint des milliers de t\u00e9l\u00e9spectateurs et ont \u00e9t\u00e9 amplifi\u00e9es par des personnalit\u00e9s telles que le s\u00e9nateur am\u00e9ricain Bernie Sanders. <\/p>\n\n<figure class=\"wp-block-embed aligncenter is-type-video is-provider-youtube wp-block-embed-youtube wp-embed-aspect-16-9 wp-has-aspect-ratio\" style=\"margin-top:0;margin-right:0;margin-bottom:0;margin-left:0\"><div class=\"wp-block-embed__wrapper\">\n<iframe loading=\"lazy\" title=\"A Message from Bernie Sanders to the Global Community Land Trust Movement\" width=\"1290\" height=\"726\" src=\"https:\/\/www.youtube.com\/embed\/4Z5eMqRcKF4?feature=oembed\" frameborder=\"0\" allow=\"accelerometer; autoplay; clipboard-write; encrypted-media; gyroscope; picture-in-picture; web-share\" referrerpolicy=\"strict-origin-when-cross-origin\" allowfullscreen><\/iframe>\n<\/div><\/figure>\n\n<figure class=\"wp-block-pullquote has-medium-font-size\" style=\"border-width:1px;border-radius:0px;padding-top:var(--wp--preset--spacing--50);padding-right:var(--wp--preset--spacing--70);padding-bottom:var(--wp--preset--spacing--50);padding-left:var(--wp--preset--spacing--70)\"><blockquote><p><br\/><em><em>&#8220;Les CLT trouvent un \u00e9cho dans diff\u00e9rents contextes parce qu&#8217;ils font appel \u00e0 un besoin fondamental d&#8217;appartenance et d&#8217;action. Ensemble, nous pouvons r\u00e9pondre \u00e0 nos propres besoins, prendre soin de nos lieux et de nos habitants&#8221;.<\/em><\/em><\/p><cite><strong><strong><em><strong><em><strong>&#8211; Dr Jess Steele de Hastings Commons<\/strong><\/em><\/strong><\/em><\/strong><\/strong><\/cite><\/blockquote><\/figure>\n\n<h3 class=\"wp-block-heading has-text-align-center\" id=\"h-quick-resources-from-past-celebrations\">Ressources rapides sur les c\u00e9l\u00e9brations pass\u00e9es<\/h3>\n\n<p><strong>2021<\/strong><\/p>\n\n<ul class=\"wp-block-list\">\n<li><a href=\"https:\/\/vimeo.com\/657856883?fl=pl&amp;fe=vl&amp;turnstile=0.m_1ZC0eTxPsks9r0m_WJyLAWb8dbKxsdTgTSf-a6VHxdOm92e2CKHPJbwW9GFXkkZLur81ctUU61bzwT0IHgeQNBSl6glKME1sl0tTfHAJyi1WIH92mbi2jqCaQ7_WxXghPAI1YeV3RzwsMsvys1pUqEWOrSpHI1jRiwfQK--JjORUb84OAHEqJeDz1oXgy-jt3mExDM3uJra2XdutH7o5OCb9Fdk4hqpAL_yBtf3a_ZX0gIpanho8A_qy4IVjlI6ktqD1yDrZvY92m8FThDbB1e-mEUCgHekArd4CCGJdA2H6wgHBJ7dSgSvaNoGK_c0fN40fII3njmveRBoAWM9HPTXs60IlqBRRRAiYLyTylVx2riDFTky-TxQ6NX_Q5Ipsbs6y6oCNjKF-V4DfFjPbSGenkQDPJuO5bI6RnhEE8kw_a4thCE44-UKQuBGkDzViiVpFUFwetl7TYgCcDgdPZDtXg9kCnQ31KNNxxOhdjYuMkVEkc5Hj82mDxaKu_EqTaAW57U6obykgLMavSPn9RoS_PIOtERu7nMk2iUXTUe6qEcM7DHM0kfMQsald6n-DQ3xcmboEs7opA_Ja8gZuTUEU1o_R7G-dZ7adqgPUwdXx2RG_BVkP5n18Ke9gZnkkKUu5xpqzq6SYoi5XpUsgzeJk63iyePCN4Ir5W6hgrng4g67HcrqeHadtyKXWJjdONl1a9zzVlZaI4dqslzncRkeEwVBXwq1RRjhr6ma4pwyiYWuwuOlVecufVXp0qSF-BUM2JUBh-_ru6TlgCQvlDYCaKXxZmj19C_T3T784YAyXvEKpo1NCLdGEnrbcnkOpf4_qM2crYrmEUh6hX9uvfzhk98NfMMsqZrwzMkhQ4R5eylFLDjuM7LjXByuU7a6LKk6oJVQmKEvVHHH_MG5tfIlqiElWvM7irulmPyuV0.l7_ucnjlatoH7mSP3nTCcA.ce81620777867c684a8a05e0a741712b2cefe5286f38130ad59eac9ee6204d84\" target=\"_blank\" rel=\"noreferrer noopener\"><strong>Photos et vid\u00e9os de la Journ\u00e9e mondiale du CLT 2021<\/strong><\/a><\/li>\n<\/ul>\n\n<p><strong>2022<\/strong><\/p>\n\n<ul class=\"wp-block-list\">\n<li><strong>Webinaire sur les fiducies fonci\u00e8res et l&#8217;agriculture communautaire<\/strong> <a href=\"https:\/\/youtu.be\/p515lFGNDuU\" target=\"_blank\" rel=\"noreferrer noopener\"><strong>En anglais<\/strong><\/a><strong> \/ <\/strong><a href=\"https:\/\/youtu.be\/AVyBWacSQo4\" target=\"_blank\" rel=\"noreferrer noopener\"><strong>Espa\u00f1ol<\/strong><\/a><\/li>\n\n\n\n<li><a href=\"https:\/\/youtu.be\/e4sjtYnuhto\" target=\"_blank\" rel=\"noreferrer noopener\"><strong>R\u00e9forme agraire en \u00c9cosse<\/strong><\/a><\/li>\n\n\n\n<li><a href=\"https:\/\/youtu.be\/w_SW3fSraoQ\" target=\"_blank\" rel=\"noreferrer noopener\"><strong>L&#8217;impact du mod\u00e8le CLT &#8211; la preuve d&#8217;un succ\u00e8s international<\/strong><\/a><\/li>\n\n\n\n<li><a href=\"https:\/\/youtu.be\/dsbcGqr4Bzk\" target=\"_blank\" rel=\"noreferrer noopener\"><strong>Retirer des terrains du march\u00e9 pour rendre la ville abordable<\/strong><\/a><\/li>\n\n\n\n<li><a href=\"https:\/\/youtu.be\/USb_MORyW68\" target=\"_blank\" rel=\"noreferrer noopener\"><strong>Merci d&#8217;avoir particip\u00e9 \u00e0 la Journ\u00e9e mondiale du CLT 2022<\/strong><\/a><\/li>\n<\/ul>\n\n<p><strong>2024<\/strong><\/p>\n\n<ul class=\"wp-block-list\">\n<li><strong>Initiative CLT pour le Sud global : Propri\u00e9t\u00e9 fonci\u00e8re en Am\u00e9rique latine et dans les Cara\u00efbes<\/strong> <strong>(<\/strong><a href=\"https:\/\/youtu.be\/QryXAP6Z9Gs\" target=\"_blank\" rel=\"noreferrer noopener\"><strong>Anglais<\/strong><\/a><strong> \/ <\/strong><a href=\"https:\/\/youtu.be\/onNBs07r_TI\" target=\"_blank\" rel=\"noreferrer noopener\"><strong>Espagnol<\/strong><\/a><strong> \/ <\/strong><a href=\"https:\/\/youtu.be\/cISNBPK8vzk\" target=\"_blank\" rel=\"noreferrer noopener\"><strong>Portugu\u00eas<\/strong><\/a><strong>)<\/strong><\/li>\n\n\n\n<li><a href=\"https:\/\/www.youtube.com\/watch?v=51WhSIR73jY\" target=\"_blank\" rel=\"noreferrer noopener\"><strong>Lancement officiel du r\u00e9seau australien CLT<\/strong><\/a><\/li>\n\n\n\n<li><a href=\"https:\/\/www.forbes.com\/sites\/rogervaldez\/2024\/06\/06\/community-land-trust-provide-housing-alternatives-worldwide\/\" target=\"_blank\" rel=\"noreferrer noopener\"><strong>Les Community Land Trusts offrent des alternatives de logement dans le monde entier<\/strong><\/a>Forbes<\/li>\n<\/ul>\n\n<p><strong>2025<\/strong><\/p>\n\n<ul class=\"wp-block-list\">\n<li><strong>HABITAT MONDIAL :<\/strong> <a href=\"https:\/\/www.youtube.com\/watch?v=Jpr0Wsh0UPM\" target=\"_blank\" rel=\"noreferrer noopener\"><strong>Qu&#8217;est-ce qu&#8217;une fiducie fonci\u00e8re communautaire et comment aide-t-elle les communaut\u00e9s \u00e0 prosp\u00e9rer ?<\/strong><\/a><\/li>\n<\/ul>\n\n<h3 class=\"wp-block-heading has-text-align-center\" id=\"h-world-clt-day-2026\">Journ\u00e9e mondiale du CLT 2026<\/h3>\n\n<p><strong>Notez-le dans vos agendas : La Journ\u00e9e mondiale du CLT 2026 aura lieu le vendredi 15 mai !  <\/strong>Les pr\u00e9paratifs sont d\u00e9j\u00e0 en cours et nous aimerions savoir comment vous envisagez de participer. Veuillez utiliser le bref formulaire ci-dessous pour nous faire part de votre intention de participer \u00e0 la c\u00e9l\u00e9bration. Vos r\u00e9ponses nous aideront \u00e0 comprendre ce que les communaut\u00e9s pr\u00e9parent et comment le CLT Center et ses partenaires peuvent vous soutenir au mieux dans les mois \u00e0 venir.  <\/p>\n\n<div class=\"wp-block-buttons is-content-justification-center is-layout-flex wp-container-core-buttons-is-layout-a89b3969 wp-block-buttons-is-layout-flex\">\n<div class=\"wp-block-button\"><a class=\"wp-block-button__link has-text-align-center wp-element-button\" href=\"https:\/\/form.jotform.com\/253207252172146\" target=\"_blank\" rel=\"noreferrer noopener\"><strong>Remplir<\/strong><strong style=\"display: inline !important;\"> le formulaire de<\/strong> participation 2026<\/a><\/div>\n<\/div>\n","protected":false},"excerpt":{"rendered":"<p>Cet article fait partie de notre campagne de fin d&#8217;ann\u00e9e c\u00e9l\u00e9brant la mani\u00e8re dont le Centre CLT s&#8217;efforce de servir le mouvement CLT mondial. Cette semaine, nous mettons en lumi\u00e8re [&hellip;]<\/p>\n","protected":false},"author":2,"featured_media":0,"comment_status":"closed","ping_status":"open","sticky":false,"template":"","format":"standard","meta":{"give_campaign_id":0,"_tec_requires_first_save":true,"_kad_blocks_custom_css":"","_kad_blocks_head_custom_js":"","_kad_blocks_body_custom_js":"","_kad_blocks_footer_custom_js":"","_EventAllDay":false,"_EventTimezone":"","_EventStartDate":"","_EventEndDate":"","_EventStartDateUTC":"","_EventEndDateUTC":"","_EventShowMap":false,"_EventShowMapLink":false,"_EventURL":"","_EventCost":"","_EventCostDescription":"","_EventCurrencySymbol":"","_EventCurrencyCode":"","_EventCurrencyPosition":"","_EventDateTimeSeparator":"","_EventTimeRangeSeparator":"","_EventOrganizerID":[],"_EventVenueID":[],"_OrganizerEmail":"","_OrganizerPhone":"","_OrganizerWebsite":"","_VenueAddress":"","_VenueCity":"","_VenueCountry":"","_VenueProvince":"","_VenueState":"","_VenueZip":"","_VenuePhone":"","_VenueURL":"","_VenueStateProvince":"","_VenueLat":"","_VenueLng":"","_VenueShowMap":false,"_VenueShowMapLink":false,"_tribe_blocks_recurrence_rules":"","_tribe_blocks_recurrence_description":"","_tribe_blocks_recurrence_exclusions":"","_jetpack_memberships_contains_paid_content":false,"footnotes":""},"categories":[29],"tags":[392,390,391],"class_list":["post-10718","post","type-post","status-publish","format-standard","hentry","category-non-classifiee","tag-celebration","tag-journee-mondiale-de-la-clt","tag-solidarite"],"blocksy_meta":[],"yoast_head":"<!-- This site is optimized with the Yoast SEO Premium plugin v27.4 (Yoast SEO v27.5) - https:\/\/yoast.com\/product\/yoast-seo-premium-wordpress\/ -->\n<title>Journ\u00e9e mondiale des CLT : Une c\u00e9l\u00e9bration mondiale de la solidarit\u00e9 - International Center for Community Land Trusts<\/title>\n<meta name=\"robots\" content=\"index, follow, max-snippet:-1, max-image-preview:large, max-video-preview:-1\" \/>\n<link rel=\"canonical\" href=\"https:\/\/www.cltweb.org\/fr\/2025\/11\/21\/journee-mondiale-des-clt-une-celebration-mondiale-de-la-solidarite\/\" \/>\n<meta property=\"og:locale\" content=\"fr_FR\" \/>\n<meta property=\"og:type\" content=\"article\" \/>\n<meta property=\"og:title\" content=\"Journ\u00e9e mondiale des CLT : Une c\u00e9l\u00e9bration mondiale de la solidarit\u00e9\" \/>\n<meta property=\"og:description\" content=\"Cet article fait partie de notre campagne de fin d&#8217;ann\u00e9e c\u00e9l\u00e9brant la mani\u00e8re dont le Centre CLT s&#8217;efforce de servir le mouvement CLT mondial. Cette semaine, nous mettons en lumi\u00e8re [&hellip;]\" \/>\n<meta property=\"og:url\" content=\"https:\/\/www.cltweb.org\/fr\/2025\/11\/21\/journee-mondiale-des-clt-une-celebration-mondiale-de-la-solidarite\/\" \/>\n<meta property=\"og:site_name\" content=\"International Center for Community Land Trusts\" \/>\n<meta property=\"article:publisher\" content=\"https:\/\/www.facebook.com\/cltcenter\" \/>\n<meta property=\"article:published_time\" content=\"2025-11-21T16:09:19+00:00\" \/>\n<meta property=\"article:modified_time\" content=\"2025-11-21T16:09:48+00:00\" \/>\n<meta property=\"og:image\" content=\"https:\/\/www.cltweb.org\/wp-content\/uploads\/2025\/11\/Land-for-People-Not-for-Profit-Banner.gif\" \/>\n\t<meta property=\"og:image:width\" content=\"1500\" \/>\n\t<meta property=\"og:image:height\" content=\"300\" \/>\n\t<meta property=\"og:image:type\" content=\"image\/gif\" \/>\n<meta name=\"author\" content=\"Ben Harris\" \/>\n<meta name=\"twitter:card\" content=\"summary_large_image\" \/>\n<meta name=\"twitter:creator\" content=\"@Center4CLTs\" \/>\n<meta name=\"twitter:site\" content=\"@Center4CLTs\" \/>\n<meta name=\"twitter:label1\" content=\"\u00c9crit par\" \/>\n\t<meta name=\"twitter:data1\" content=\"Ben Harris\" \/>\n\t<meta name=\"twitter:label2\" content=\"Dur\u00e9e de lecture estim\u00e9e\" \/>\n\t<meta name=\"twitter:data2\" content=\"7 minutes\" \/>\n<script type=\"application\/ld+json\" class=\"yoast-schema-graph\">{\"@context\":\"https:\\\/\\\/schema.org\",\"@graph\":[{\"@type\":\"Article\",\"@id\":\"https:\\\/\\\/www.cltweb.org\\\/fr\\\/2025\\\/11\\\/21\\\/journee-mondiale-des-clt-une-celebration-mondiale-de-la-solidarite\\\/#article\",\"isPartOf\":{\"@id\":\"https:\\\/\\\/www.cltweb.org\\\/fr\\\/2025\\\/11\\\/21\\\/journee-mondiale-des-clt-une-celebration-mondiale-de-la-solidarite\\\/\"},\"author\":{\"name\":\"Ben Harris\",\"@id\":\"https:\\\/\\\/www.cltweb.org\\\/fr\\\/#\\\/schema\\\/person\\\/7c9fe56cc945e4b57585dbfe30f2ead4\"},\"headline\":\"Journ\u00e9e mondiale des CLT : Une c\u00e9l\u00e9bration mondiale de la solidarit\u00e9\",\"datePublished\":\"2025-11-21T16:09:19+00:00\",\"dateModified\":\"2025-11-21T16:09:48+00:00\",\"mainEntityOfPage\":{\"@id\":\"https:\\\/\\\/www.cltweb.org\\\/fr\\\/2025\\\/11\\\/21\\\/journee-mondiale-des-clt-une-celebration-mondiale-de-la-solidarite\\\/\"},\"wordCount\":1469,\"publisher\":{\"@id\":\"https:\\\/\\\/www.cltweb.org\\\/fr\\\/#organization\"},\"image\":{\"@id\":\"https:\\\/\\\/www.cltweb.org\\\/fr\\\/2025\\\/11\\\/21\\\/journee-mondiale-des-clt-une-celebration-mondiale-de-la-solidarite\\\/#primaryimage\"},\"thumbnailUrl\":\"https:\\\/\\\/www.cltweb.org\\\/wp-content\\\/uploads\\\/2025\\\/11\\\/Land-for-People-Not-for-Profit-Banner.gif\",\"keywords\":[\"c\u00e9l\u00e9bration\",\"journ\u00e9e mondiale de la clt\",\"solidarit\u00e9\"],\"articleSection\":[\"Non classifi\u00e9(e)\"],\"inLanguage\":\"fr-FR\"},{\"@type\":\"WebPage\",\"@id\":\"https:\\\/\\\/www.cltweb.org\\\/fr\\\/2025\\\/11\\\/21\\\/journee-mondiale-des-clt-une-celebration-mondiale-de-la-solidarite\\\/\",\"url\":\"https:\\\/\\\/www.cltweb.org\\\/fr\\\/2025\\\/11\\\/21\\\/journee-mondiale-des-clt-une-celebration-mondiale-de-la-solidarite\\\/\",\"name\":\"Journ\u00e9e mondiale des CLT : Une c\u00e9l\u00e9bration mondiale de la solidarit\u00e9 - International Center for Community Land Trusts\",\"isPartOf\":{\"@id\":\"https:\\\/\\\/www.cltweb.org\\\/fr\\\/#website\"},\"primaryImageOfPage\":{\"@id\":\"https:\\\/\\\/www.cltweb.org\\\/fr\\\/2025\\\/11\\\/21\\\/journee-mondiale-des-clt-une-celebration-mondiale-de-la-solidarite\\\/#primaryimage\"},\"image\":{\"@id\":\"https:\\\/\\\/www.cltweb.org\\\/fr\\\/2025\\\/11\\\/21\\\/journee-mondiale-des-clt-une-celebration-mondiale-de-la-solidarite\\\/#primaryimage\"},\"thumbnailUrl\":\"https:\\\/\\\/www.cltweb.org\\\/wp-content\\\/uploads\\\/2025\\\/11\\\/Land-for-People-Not-for-Profit-Banner.gif\",\"datePublished\":\"2025-11-21T16:09:19+00:00\",\"dateModified\":\"2025-11-21T16:09:48+00:00\",\"breadcrumb\":{\"@id\":\"https:\\\/\\\/www.cltweb.org\\\/fr\\\/2025\\\/11\\\/21\\\/journee-mondiale-des-clt-une-celebration-mondiale-de-la-solidarite\\\/#breadcrumb\"},\"inLanguage\":\"fr-FR\",\"potentialAction\":[{\"@type\":\"ReadAction\",\"target\":[\"https:\\\/\\\/www.cltweb.org\\\/fr\\\/2025\\\/11\\\/21\\\/journee-mondiale-des-clt-une-celebration-mondiale-de-la-solidarite\\\/\"]}]},{\"@type\":\"ImageObject\",\"inLanguage\":\"fr-FR\",\"@id\":\"https:\\\/\\\/www.cltweb.org\\\/fr\\\/2025\\\/11\\\/21\\\/journee-mondiale-des-clt-une-celebration-mondiale-de-la-solidarite\\\/#primaryimage\",\"url\":\"https:\\\/\\\/www.cltweb.org\\\/wp-content\\\/uploads\\\/2025\\\/11\\\/Land-for-People-Not-for-Profit-Banner.gif\",\"contentUrl\":\"https:\\\/\\\/www.cltweb.org\\\/wp-content\\\/uploads\\\/2025\\\/11\\\/Land-for-People-Not-for-Profit-Banner.gif\"},{\"@type\":\"BreadcrumbList\",\"@id\":\"https:\\\/\\\/www.cltweb.org\\\/fr\\\/2025\\\/11\\\/21\\\/journee-mondiale-des-clt-une-celebration-mondiale-de-la-solidarite\\\/#breadcrumb\",\"itemListElement\":[{\"@type\":\"ListItem\",\"position\":1,\"name\":\"Home\",\"item\":\"https:\\\/\\\/www.cltweb.org\\\/fr\\\/\"},{\"@type\":\"ListItem\",\"position\":2,\"name\":\"Journ\u00e9e mondiale des CLT : Une c\u00e9l\u00e9bration mondiale de la solidarit\u00e9\"}]},{\"@type\":\"WebSite\",\"@id\":\"https:\\\/\\\/www.cltweb.org\\\/fr\\\/#website\",\"url\":\"https:\\\/\\\/www.cltweb.org\\\/fr\\\/\",\"name\":\"International Center for Community Land Trusts\",\"description\":\"\",\"publisher\":{\"@id\":\"https:\\\/\\\/www.cltweb.org\\\/fr\\\/#organization\"},\"potentialAction\":[{\"@type\":\"SearchAction\",\"target\":{\"@type\":\"EntryPoint\",\"urlTemplate\":\"https:\\\/\\\/www.cltweb.org\\\/fr\\\/?s={search_term_string}\"},\"query-input\":{\"@type\":\"PropertyValueSpecification\",\"valueRequired\":true,\"valueName\":\"search_term_string\"}}],\"inLanguage\":\"fr-FR\"},{\"@type\":\"Organization\",\"@id\":\"https:\\\/\\\/www.cltweb.org\\\/fr\\\/#organization\",\"name\":\"International Center for Community Land Trusts\",\"url\":\"https:\\\/\\\/www.cltweb.org\\\/fr\\\/\",\"logo\":{\"@type\":\"ImageObject\",\"inLanguage\":\"fr-FR\",\"@id\":\"https:\\\/\\\/www.cltweb.org\\\/fr\\\/#\\\/schema\\\/logo\\\/image\\\/\",\"url\":\"https:\\\/\\\/www.cltweb.org\\\/wp-content\\\/uploads\\\/2024\\\/11\\\/New-CLT-Center-Text-logo.png\",\"contentUrl\":\"https:\\\/\\\/www.cltweb.org\\\/wp-content\\\/uploads\\\/2024\\\/11\\\/New-CLT-Center-Text-logo.png\",\"width\":227,\"height\":80,\"caption\":\"International Center for Community Land Trusts\"},\"image\":{\"@id\":\"https:\\\/\\\/www.cltweb.org\\\/fr\\\/#\\\/schema\\\/logo\\\/image\\\/\"},\"sameAs\":[\"https:\\\/\\\/www.facebook.com\\\/cltcenter\",\"https:\\\/\\\/x.com\\\/Center4CLTs\",\"https:\\\/\\\/www.instagram.com\\\/cltcenter\\\/\",\"https:\\\/\\\/www.linkedin.com\\\/company\\\/cltcenter\",\"https:\\\/\\\/www.youtube.com\\\/@centerforcltinnovation5313\"],\"description\":\"The International Center for Community Land Trusts is a not-for-profit nongovernmental organization established in 2018 to promote and to support community land trusts and similar strategies of community-led development on community-owned land in countries throughout the world.\",\"email\":\"info@communitylandtrust.net\",\"legalName\":\"International Center for Community Land Trusts\",\"foundingDate\":\"2018-12-01\",\"taxID\":\"84-3858933\",\"numberOfEmployees\":{\"@type\":\"QuantitativeValue\",\"minValue\":\"1\",\"maxValue\":\"10\"}},{\"@type\":\"Person\",\"@id\":\"https:\\\/\\\/www.cltweb.org\\\/fr\\\/#\\\/schema\\\/person\\\/7c9fe56cc945e4b57585dbfe30f2ead4\",\"name\":\"Ben Harris\",\"image\":{\"@type\":\"ImageObject\",\"inLanguage\":\"fr-FR\",\"@id\":\"https:\\\/\\\/secure.gravatar.com\\\/avatar\\\/12a44d8988553548c22c57da673ee8ffb7e0b87b0197beec533bae3061a92cc5?s=96&d=mm&r=g\",\"url\":\"https:\\\/\\\/secure.gravatar.com\\\/avatar\\\/12a44d8988553548c22c57da673ee8ffb7e0b87b0197beec533bae3061a92cc5?s=96&d=mm&r=g\",\"contentUrl\":\"https:\\\/\\\/secure.gravatar.com\\\/avatar\\\/12a44d8988553548c22c57da673ee8ffb7e0b87b0197beec533bae3061a92cc5?s=96&d=mm&r=g\",\"caption\":\"Ben Harris\"},\"url\":\"https:\\\/\\\/www.cltweb.org\\\/fr\\\/author\\\/ben\\\/\"}]}<\/script>\n<!-- \/ Yoast SEO Premium plugin. -->","yoast_head_json":{"title":"Journ\u00e9e mondiale des CLT : Une c\u00e9l\u00e9bration mondiale de la solidarit\u00e9 - International Center for Community Land Trusts","robots":{"index":"index","follow":"follow","max-snippet":"max-snippet:-1","max-image-preview":"max-image-preview:large","max-video-preview":"max-video-preview:-1"},"canonical":"https:\/\/www.cltweb.org\/fr\/2025\/11\/21\/journee-mondiale-des-clt-une-celebration-mondiale-de-la-solidarite\/","og_locale":"fr_FR","og_type":"article","og_title":"Journ\u00e9e mondiale des CLT : Une c\u00e9l\u00e9bration mondiale de la solidarit\u00e9","og_description":"Cet article fait partie de notre campagne de fin d&#8217;ann\u00e9e c\u00e9l\u00e9brant la mani\u00e8re dont le Centre CLT s&#8217;efforce de servir le mouvement CLT mondial. Cette semaine, nous mettons en lumi\u00e8re [&hellip;]","og_url":"https:\/\/www.cltweb.org\/fr\/2025\/11\/21\/journee-mondiale-des-clt-une-celebration-mondiale-de-la-solidarite\/","og_site_name":"International Center for Community Land Trusts","article_publisher":"https:\/\/www.facebook.com\/cltcenter","article_published_time":"2025-11-21T16:09:19+00:00","article_modified_time":"2025-11-21T16:09:48+00:00","og_image":[{"width":1500,"height":300,"url":"https:\/\/www.cltweb.org\/wp-content\/uploads\/2025\/11\/Land-for-People-Not-for-Profit-Banner.gif","type":"image\/gif"}],"author":"Ben Harris","twitter_card":"summary_large_image","twitter_creator":"@Center4CLTs","twitter_site":"@Center4CLTs","twitter_misc":{"\u00c9crit par":"Ben Harris","Dur\u00e9e de lecture estim\u00e9e":"7 minutes"},"schema":{"@context":"https:\/\/schema.org","@graph":[{"@type":"Article","@id":"https:\/\/www.cltweb.org\/fr\/2025\/11\/21\/journee-mondiale-des-clt-une-celebration-mondiale-de-la-solidarite\/#article","isPartOf":{"@id":"https:\/\/www.cltweb.org\/fr\/2025\/11\/21\/journee-mondiale-des-clt-une-celebration-mondiale-de-la-solidarite\/"},"author":{"name":"Ben Harris","@id":"https:\/\/www.cltweb.org\/fr\/#\/schema\/person\/7c9fe56cc945e4b57585dbfe30f2ead4"},"headline":"Journ\u00e9e mondiale des CLT : Une c\u00e9l\u00e9bration mondiale de la solidarit\u00e9","datePublished":"2025-11-21T16:09:19+00:00","dateModified":"2025-11-21T16:09:48+00:00","mainEntityOfPage":{"@id":"https:\/\/www.cltweb.org\/fr\/2025\/11\/21\/journee-mondiale-des-clt-une-celebration-mondiale-de-la-solidarite\/"},"wordCount":1469,"publisher":{"@id":"https:\/\/www.cltweb.org\/fr\/#organization"},"image":{"@id":"https:\/\/www.cltweb.org\/fr\/2025\/11\/21\/journee-mondiale-des-clt-une-celebration-mondiale-de-la-solidarite\/#primaryimage"},"thumbnailUrl":"https:\/\/www.cltweb.org\/wp-content\/uploads\/2025\/11\/Land-for-People-Not-for-Profit-Banner.gif","keywords":["c\u00e9l\u00e9bration","journ\u00e9e mondiale de la clt","solidarit\u00e9"],"articleSection":["Non classifi\u00e9(e)"],"inLanguage":"fr-FR"},{"@type":"WebPage","@id":"https:\/\/www.cltweb.org\/fr\/2025\/11\/21\/journee-mondiale-des-clt-une-celebration-mondiale-de-la-solidarite\/","url":"https:\/\/www.cltweb.org\/fr\/2025\/11\/21\/journee-mondiale-des-clt-une-celebration-mondiale-de-la-solidarite\/","name":"Journ\u00e9e mondiale des CLT : Une c\u00e9l\u00e9bration mondiale de la solidarit\u00e9 - International Center for Community Land Trusts","isPartOf":{"@id":"https:\/\/www.cltweb.org\/fr\/#website"},"primaryImageOfPage":{"@id":"https:\/\/www.cltweb.org\/fr\/2025\/11\/21\/journee-mondiale-des-clt-une-celebration-mondiale-de-la-solidarite\/#primaryimage"},"image":{"@id":"https:\/\/www.cltweb.org\/fr\/2025\/11\/21\/journee-mondiale-des-clt-une-celebration-mondiale-de-la-solidarite\/#primaryimage"},"thumbnailUrl":"https:\/\/www.cltweb.org\/wp-content\/uploads\/2025\/11\/Land-for-People-Not-for-Profit-Banner.gif","datePublished":"2025-11-21T16:09:19+00:00","dateModified":"2025-11-21T16:09:48+00:00","breadcrumb":{"@id":"https:\/\/www.cltweb.org\/fr\/2025\/11\/21\/journee-mondiale-des-clt-une-celebration-mondiale-de-la-solidarite\/#breadcrumb"},"inLanguage":"fr-FR","potentialAction":[{"@type":"ReadAction","target":["https:\/\/www.cltweb.org\/fr\/2025\/11\/21\/journee-mondiale-des-clt-une-celebration-mondiale-de-la-solidarite\/"]}]},{"@type":"ImageObject","inLanguage":"fr-FR","@id":"https:\/\/www.cltweb.org\/fr\/2025\/11\/21\/journee-mondiale-des-clt-une-celebration-mondiale-de-la-solidarite\/#primaryimage","url":"https:\/\/www.cltweb.org\/wp-content\/uploads\/2025\/11\/Land-for-People-Not-for-Profit-Banner.gif","contentUrl":"https:\/\/www.cltweb.org\/wp-content\/uploads\/2025\/11\/Land-for-People-Not-for-Profit-Banner.gif"},{"@type":"BreadcrumbList","@id":"https:\/\/www.cltweb.org\/fr\/2025\/11\/21\/journee-mondiale-des-clt-une-celebration-mondiale-de-la-solidarite\/#breadcrumb","itemListElement":[{"@type":"ListItem","position":1,"name":"Home","item":"https:\/\/www.cltweb.org\/fr\/"},{"@type":"ListItem","position":2,"name":"Journ\u00e9e mondiale des CLT : Une c\u00e9l\u00e9bration mondiale de la solidarit\u00e9"}]},{"@type":"WebSite","@id":"https:\/\/www.cltweb.org\/fr\/#website","url":"https:\/\/www.cltweb.org\/fr\/","name":"International Center for Community Land Trusts","description":"","publisher":{"@id":"https:\/\/www.cltweb.org\/fr\/#organization"},"potentialAction":[{"@type":"SearchAction","target":{"@type":"EntryPoint","urlTemplate":"https:\/\/www.cltweb.org\/fr\/?s={search_term_string}"},"query-input":{"@type":"PropertyValueSpecification","valueRequired":true,"valueName":"search_term_string"}}],"inLanguage":"fr-FR"},{"@type":"Organization","@id":"https:\/\/www.cltweb.org\/fr\/#organization","name":"International Center for Community Land Trusts","url":"https:\/\/www.cltweb.org\/fr\/","logo":{"@type":"ImageObject","inLanguage":"fr-FR","@id":"https:\/\/www.cltweb.org\/fr\/#\/schema\/logo\/image\/","url":"https:\/\/www.cltweb.org\/wp-content\/uploads\/2024\/11\/New-CLT-Center-Text-logo.png","contentUrl":"https:\/\/www.cltweb.org\/wp-content\/uploads\/2024\/11\/New-CLT-Center-Text-logo.png","width":227,"height":80,"caption":"International Center for Community Land Trusts"},"image":{"@id":"https:\/\/www.cltweb.org\/fr\/#\/schema\/logo\/image\/"},"sameAs":["https:\/\/www.facebook.com\/cltcenter","https:\/\/x.com\/Center4CLTs","https:\/\/www.instagram.com\/cltcenter\/","https:\/\/www.linkedin.com\/company\/cltcenter","https:\/\/www.youtube.com\/@centerforcltinnovation5313"],"description":"The International Center for Community Land Trusts is a not-for-profit nongovernmental organization established in 2018 to promote and to support community land trusts and similar strategies of community-led development on community-owned land in countries throughout the world.","email":"info@communitylandtrust.net","legalName":"International Center for Community Land Trusts","foundingDate":"2018-12-01","taxID":"84-3858933","numberOfEmployees":{"@type":"QuantitativeValue","minValue":"1","maxValue":"10"}},{"@type":"Person","@id":"https:\/\/www.cltweb.org\/fr\/#\/schema\/person\/7c9fe56cc945e4b57585dbfe30f2ead4","name":"Ben Harris","image":{"@type":"ImageObject","inLanguage":"fr-FR","@id":"https:\/\/secure.gravatar.com\/avatar\/12a44d8988553548c22c57da673ee8ffb7e0b87b0197beec533bae3061a92cc5?s=96&d=mm&r=g","url":"https:\/\/secure.gravatar.com\/avatar\/12a44d8988553548c22c57da673ee8ffb7e0b87b0197beec533bae3061a92cc5?s=96&d=mm&r=g","contentUrl":"https:\/\/secure.gravatar.com\/avatar\/12a44d8988553548c22c57da673ee8ffb7e0b87b0197beec533bae3061a92cc5?s=96&d=mm&r=g","caption":"Ben Harris"},"url":"https:\/\/www.cltweb.org\/fr\/author\/ben\/"}]}},"taxonomy_info":{"category":[{"value":29,"label":"Non classifi\u00e9(e)"}],"post_tag":[{"value":392,"label":"c\u00e9l\u00e9bration"},{"value":390,"label":"journ\u00e9e mondiale de la clt"},{"value":391,"label":"solidarit\u00e9"}]},"featured_image_src_large":false,"author_info":{"display_name":"Ben Harris","author_link":"https:\/\/www.cltweb.org\/fr\/author\/ben\/"},"comment_info":0,"category_info":[{"term_id":29,"name":"Non classifi\u00e9(e)","slug":"non-classifiee","term_group":0,"term_taxonomy_id":29,"taxonomy":"category","description":"","parent":0,"count":20,"filter":"raw","cat_ID":29,"category_count":20,"category_description":"","cat_name":"Non classifi\u00e9(e)","category_nicename":"non-classifiee","category_parent":0}],"tag_info":[{"term_id":392,"name":"c\u00e9l\u00e9bration","slug":"celebration","term_group":0,"term_taxonomy_id":392,"taxonomy":"post_tag","description":"","parent":0,"count":2,"filter":"raw"},{"term_id":390,"name":"journ\u00e9e mondiale de la clt","slug":"journee-mondiale-de-la-clt","term_group":0,"term_taxonomy_id":390,"taxonomy":"post_tag","description":"","parent":0,"count":13,"filter":"raw"},{"term_id":391,"name":"solidarit\u00e9","slug":"solidarite","term_group":0,"term_taxonomy_id":391,"taxonomy":"post_tag","description":"","parent":0,"count":2,"filter":"raw"}],"jetpack_featured_media_url":"","jetpack_sharing_enabled":true,"jetpack-related-posts":[{"id":10688,"url":"https:\/\/www.cltweb.org\/2025\/11\/11\/la-terre-pour-les-gens-pas-pour-le-profit-construire-linfrastructure-dun-mouvement-mondial-2\/","url_meta":{"origin":10718,"position":0},"title":"La terre pour les gens, pas pour le profit : Construire l&#8217;infrastructure d&#8217;un mouvement mondial","author":"Ben Harris","date":"11 novembre 2025","format":false,"excerpt":"Cette ann\u00e9e, l'International Center for Community Land Trusts lance sa toute premi\u00e8re campagne de fin d'ann\u00e9e - une occasion de r\u00e9fl\u00e9chir \u00e0 ce que nous construisons ensemble et aux relations qui rendent ce travail possible. Partout dans le monde, les CLT prouvent qu'il est possible d'\u00e9tablir une autre relation avec\u2026","rel":"","context":"Dans &quot;Blogs&quot;","block_context":{"text":"Blogs","link":"https:\/\/www.cltweb.org\/fr\/category\/blogs-fr\/"},"img":{"alt_text":"","src":"https:\/\/i0.wp.com\/www.cltweb.org\/wp-content\/uploads\/2025\/11\/Land-for-People-Not-For-Profit.gif?resize=350%2C200&ssl=1","width":350,"height":200,"srcset":"https:\/\/i0.wp.com\/www.cltweb.org\/wp-content\/uploads\/2025\/11\/Land-for-People-Not-For-Profit.gif?resize=350%2C200&ssl=1 1x, https:\/\/i0.wp.com\/www.cltweb.org\/wp-content\/uploads\/2025\/11\/Land-for-People-Not-For-Profit.gif?resize=525%2C300&ssl=1 1.5x, https:\/\/i0.wp.com\/www.cltweb.org\/wp-content\/uploads\/2025\/11\/Land-for-People-Not-For-Profit.gif?resize=700%2C400&ssl=1 2x, https:\/\/i0.wp.com\/www.cltweb.org\/wp-content\/uploads\/2025\/11\/Land-for-People-Not-For-Profit.gif?resize=1050%2C600&ssl=1 3x"},"classes":[]},{"id":10689,"url":"https:\/\/www.cltweb.org\/fr\/2025\/11\/11\/la-terre-pour-les-gens-pas-pour-le-profit-construire-linfrastructure-dun-mouvement-mondial\/","url_meta":{"origin":10718,"position":1},"title":"La terre pour les gens, pas pour le profit : Construire l&#8217;infrastructure d&#8217;un mouvement mondial","author":"Ben Harris","date":"11 novembre 2025","format":false,"excerpt":"Cette ann\u00e9e, l'International Center for Community Land Trusts lance sa toute premi\u00e8re campagne de fin d'ann\u00e9e - une occasion de r\u00e9fl\u00e9chir \u00e0 ce que nous construisons ensemble et aux relations qui rendent ce travail possible. Partout dans le monde, les CLT prouvent qu'il est possible d'\u00e9tablir une autre relation avec\u2026","rel":"","context":"Dans &quot;Blogs&quot;","block_context":{"text":"Blogs","link":"https:\/\/www.cltweb.org\/fr\/category\/blogs-fr\/"},"img":{"alt_text":"","src":"https:\/\/i0.wp.com\/www.cltweb.org\/wp-content\/uploads\/2025\/11\/Land-for-People-Not-For-Profit.gif?resize=350%2C200&ssl=1","width":350,"height":200,"srcset":"https:\/\/i0.wp.com\/www.cltweb.org\/wp-content\/uploads\/2025\/11\/Land-for-People-Not-For-Profit.gif?resize=350%2C200&ssl=1 1x, https:\/\/i0.wp.com\/www.cltweb.org\/wp-content\/uploads\/2025\/11\/Land-for-People-Not-For-Profit.gif?resize=525%2C300&ssl=1 1.5x, https:\/\/i0.wp.com\/www.cltweb.org\/wp-content\/uploads\/2025\/11\/Land-for-People-Not-For-Profit.gif?resize=700%2C400&ssl=1 2x, https:\/\/i0.wp.com\/www.cltweb.org\/wp-content\/uploads\/2025\/11\/Land-for-People-Not-For-Profit.gif?resize=1050%2C600&ssl=1 3x"},"classes":[]},{"id":10803,"url":"https:\/\/www.cltweb.org\/fr\/2025\/11\/28\/journee-mondiale-des-clt-une-celebration-mondiale-de-la-solidarite-1\/","url_meta":{"origin":10718,"position":2},"title":"Construire ensemble gr\u00e2ce \u00e0 la collaboration","author":"Ben Harris","date":"28 novembre 2025","format":false,"excerpt":"Cet article fait partie de notre campagne de fin d'ann\u00e9e c\u00e9l\u00e9brant la mani\u00e8re dont le Centre CLT s'efforce de servir le mouvement CLT mondial. Cette semaine, nous mettons en lumi\u00e8re : Nos collaborateurs en 2025 Derri\u00e8re chaque CLT prosp\u00e8re se trouvent les personnes qui le rendent possible : les organisateurs,\u2026","rel":"","context":"Dans &quot;Non classifi\u00e9(e)&quot;","block_context":{"text":"Non classifi\u00e9(e)","link":"https:\/\/www.cltweb.org\/fr\/category\/non-classifiee\/"},"img":{"alt_text":"","src":"https:\/\/i0.wp.com\/www.cltweb.org\/wp-content\/uploads\/2025\/11\/Land-for-People-Not-for-Profit-Banner.gif?resize=350%2C200&ssl=1","width":350,"height":200,"srcset":"https:\/\/i0.wp.com\/www.cltweb.org\/wp-content\/uploads\/2025\/11\/Land-for-People-Not-for-Profit-Banner.gif?resize=350%2C200&ssl=1 1x, https:\/\/i0.wp.com\/www.cltweb.org\/wp-content\/uploads\/2025\/11\/Land-for-People-Not-for-Profit-Banner.gif?resize=525%2C300&ssl=1 1.5x, https:\/\/i0.wp.com\/www.cltweb.org\/wp-content\/uploads\/2025\/11\/Land-for-People-Not-for-Profit-Banner.gif?resize=700%2C400&ssl=1 2x, https:\/\/i0.wp.com\/www.cltweb.org\/wp-content\/uploads\/2025\/11\/Land-for-People-Not-for-Profit-Banner.gif?resize=1050%2C600&ssl=1 3x, https:\/\/i0.wp.com\/www.cltweb.org\/wp-content\/uploads\/2025\/11\/Land-for-People-Not-for-Profit-Banner.gif?resize=1400%2C800&ssl=1 4x"},"classes":[]},{"id":6583,"url":"https:\/\/www.cltweb.org\/fr\/2022\/10\/20\/la-situation-de-la-clt-dans-le-monde-entier\/","url_meta":{"origin":10718,"position":3},"title":"La situation de la CLT dans le monde entier","author":"cltredesign_0jp0l4","date":"20 octobre 2022","format":false,"excerpt":"Il y a deux semaines, lors de la premi\u00e8re r\u00e9union du CLT Gent et du CLT Vlaanderen, nous avons eu l'occasion d'organiser deux \u00e9v\u00e9nements importants, apr\u00e8s la Journ\u00e9e mondiale du CLT.","rel":"","context":"Dans &quot;Non classifi\u00e9(e)&quot;","block_context":{"text":"Non classifi\u00e9(e)","link":"https:\/\/www.cltweb.org\/fr\/category\/non-classifiee\/"},"img":{"alt_text":"Logo du CLT Gand","src":"https:\/\/i0.wp.com\/www.cltweb.org\/wp-content\/uploads\/2022\/10\/CLT-Gent-logo-edited.png?resize=350%2C200&ssl=1","width":350,"height":200},"classes":[]},{"id":6577,"url":"https:\/\/www.cltweb.org\/fr\/2022\/10\/21\/workshop-und-jahresfeier-stadtbodenstiftung-berlin\/","url_meta":{"origin":10718,"position":4},"title":"Workshop und Jahresfeier Stadtbodenstiftung Berlin","author":"cltredesign_0jp0l4","date":"21 octobre 2022","format":false,"excerpt":"Les Journ\u00e9es de la Stadtbodenstiftung \u00e0 Berlin s'inscrivent dans le cadre de la Journ\u00e9e mondiale de la lutte contre le terrorisme. Chaque nuit, de 16h00 \u00e0 17h30, nous participerons \u00e0 un atelier d'information sur le th\u00e8me de la fondation. La devise de l'ann\u00e9e du Welt-CLT-Tags - Community Matters - sera\u2026","rel":"","context":"Dans &quot;Non classifi\u00e9(e)&quot;","block_context":{"text":"Non classifi\u00e9(e)","link":"https:\/\/www.cltweb.org\/fr\/category\/non-classifiee\/"},"img":{"alt_text":"Logo de la Stadtbodenstiftung","src":"https:\/\/i0.wp.com\/www.cltweb.org\/wp-content\/uploads\/2022\/10\/Berlin-CLT-Logo-300x300.png?resize=350%2C200&ssl=1","width":350,"height":200},"classes":[]},{"id":10100,"url":"https:\/\/www.cltweb.org\/fr\/2025\/10\/24\/explorer-le-potentiel-des-fiducies-foncieres-communautaires-a-buenos-aires\/","url_meta":{"origin":10718,"position":5},"title":"Explorer le potentiel des fiducies fonci\u00e8res communautaires \u00e0 Buenos Aires","author":"Ben Harris","date":"24 octobre 2025","format":false,"excerpt":"Par Tarcyla Fidalgo En octobre 2025, dans le cadre de l'initiative Global South CLT du CLT Center, Tarcyla Fidalgo, chef de projet, s'est rendue \u00e0 Buenos Aires, en Argentine, pour \u00e9changer des id\u00e9es sur le logement abordable, la s\u00e9curit\u00e9 d'occupation et la propri\u00e9t\u00e9 fonci\u00e8re collective. La visite s'est appuy\u00e9e sur\u2026","rel":"","context":"Dans &quot;Blogs&quot;","block_context":{"text":"Blogs","link":"https:\/\/www.cltweb.org\/fr\/category\/blogs-fr\/"},"img":{"alt_text":"Tarcyla Fidalgo participates in a seminar at the Public Defender's Office in Buenos Aires, Argentina.","src":"https:\/\/i0.wp.com\/www.cltweb.org\/wp-content\/uploads\/2025\/10\/image-edited.jpeg?resize=350%2C200&ssl=1","width":350,"height":200,"srcset":"https:\/\/i0.wp.com\/www.cltweb.org\/wp-content\/uploads\/2025\/10\/image-edited.jpeg?resize=350%2C200&ssl=1 1x, https:\/\/i0.wp.com\/www.cltweb.org\/wp-content\/uploads\/2025\/10\/image-edited.jpeg?resize=525%2C300&ssl=1 1.5x, https:\/\/i0.wp.com\/www.cltweb.org\/wp-content\/uploads\/2025\/10\/image-edited.jpeg?resize=700%2C400&ssl=1 2x"},"classes":[]}],"_links":{"self":[{"href":"https:\/\/www.cltweb.org\/fr\/wp-json\/wp\/v2\/posts\/10718","targetHints":{"allow":["GET"]}}],"collection":[{"href":"https:\/\/www.cltweb.org\/fr\/wp-json\/wp\/v2\/posts"}],"about":[{"href":"https:\/\/www.cltweb.org\/fr\/wp-json\/wp\/v2\/types\/post"}],"author":[{"embeddable":true,"href":"https:\/\/www.cltweb.org\/fr\/wp-json\/wp\/v2\/users\/2"}],"replies":[{"embeddable":true,"href":"https:\/\/www.cltweb.org\/fr\/wp-json\/wp\/v2\/comments?post=10718"}],"version-history":[{"count":2,"href":"https:\/\/www.cltweb.org\/fr\/wp-json\/wp\/v2\/posts\/10718\/revisions"}],"predecessor-version":[{"id":10725,"href":"https:\/\/www.cltweb.org\/fr\/wp-json\/wp\/v2\/posts\/10718\/revisions\/10725"}],"wp:attachment":[{"href":"https:\/\/www.cltweb.org\/fr\/wp-json\/wp\/v2\/media?parent=10718"}],"wp:term":[{"taxonomy":"category","embeddable":true,"href":"https:\/\/www.cltweb.org\/fr\/wp-json\/wp\/v2\/categories?post=10718"},{"taxonomy":"post_tag","embeddable":true,"href":"https:\/\/www.cltweb.org\/fr\/wp-json\/wp\/v2\/tags?post=10718"}],"curies":[{"name":"wp","href":"https:\/\/api.w.org\/{rel}","templated":true}]}}