{"id":10803,"date":"2025-11-28T20:17:44","date_gmt":"2025-11-28T20:17:44","guid":{"rendered":"https:\/\/www.cltweb.org\/2025\/11\/28\/journee-mondiale-des-clt-une-celebration-mondiale-de-la-solidarite-1\/"},"modified":"2025-12-01T18:27:50","modified_gmt":"2025-12-01T18:27:50","slug":"journee-mondiale-des-clt-une-celebration-mondiale-de-la-solidarite-1","status":"publish","type":"post","link":"https:\/\/www.cltweb.org\/fr\/2025\/11\/28\/journee-mondiale-des-clt-une-celebration-mondiale-de-la-solidarite-1\/","title":{"rendered":"Construire ensemble gr\u00e2ce \u00e0 la collaboration"},"content":{"rendered":"\n<figure class=\"wp-block-image size-full\"><img loading=\"lazy\" decoding=\"async\" width=\"1500\" height=\"300\" src=\"https:\/\/www.cltweb.org\/wp-content\/uploads\/2025\/11\/Land-for-People-Not-for-Profit-Banner.gif\" alt=\"\" class=\"wp-image-10618\"\/><\/figure>\n\n<p><strong><em>Cet article fait partie de notre <a href=\"https:\/\/www.cltweb.org\/fr\/2025\/11\/11\/la-terre-pour-les-gens-pas-pour-le-profit-construire-linfrastructure-dun-mouvement-mondial\/\" target=\"_blank\" rel=\"noreferrer noopener\">campagne de fin d&#8217;ann\u00e9e<\/a> c\u00e9l\u00e9brant la mani\u00e8re dont le Centre CLT<em>  s&#8217;efforce de servir le mouvement CLT mondial. Cette semaine, nous mettons en lumi\u00e8re <\/em>:<\/em><\/strong><\/p>\n\n<h2 class=\"wp-block-heading has-text-align-center has-palette-color-5-background-color has-background\" id=\"h-our-collaborators-across-2025\" style=\"padding-top:var(--wp--preset--spacing--20);padding-right:0;padding-bottom:var(--wp--preset--spacing--20);padding-left:0\">Nos collaborateurs en 2025<\/h2>\n\n<p>Derri\u00e8re chaque CLT prosp\u00e8re se trouvent les personnes qui le rendent possible : les organisateurs, les r\u00e9sidents et les partenaires locaux. Derri\u00e8re chaque r\u00e9seau se trouvent des pairs qui apprennent les uns des autres, renfor\u00e7ant ainsi l&#8217;exp\u00e9rience collective pour en faire une expertise partag\u00e9e. Et derri\u00e8re chaque mouvement se cache la collaboration, la force tranquille qui transforme les bonnes id\u00e9es en terrain d&#8217;entente. Les progr\u00e8s du mouvement CLT ne sont pas le fait d&#8217;une seule organisation. Il na\u00eet d&#8217;un r\u00e9seau de relations fond\u00e9es sur la confiance, la g\u00e9n\u00e9rosit\u00e9 et la conviction commune que la terre doit \u00eatre au service des gens et de la plan\u00e8te, et non du profit. <\/p>\n\n<p>Au Centre CLT, la collaboration est \u00e0 la fois une m\u00e9thode et une mission. Chaque atelier, webinaire, publication et appel de r\u00e9seau est rendu possible par les personnes et les organisations qui choisissent de travailler ensemble au-del\u00e0 des fronti\u00e8res g\u00e9ographiques, des langues et des fuseaux horaires. En cette fin d&#8217;ann\u00e9e 2025, nous c\u00e9l\u00e9brons et remercions les personnes et les organisations qui rendent ce travail possible. Vous trouverez ci-dessous une liste non exhaustive des organisations avec lesquelles nous avons travaill\u00e9 au cours de l&#8217;ann\u00e9e \u00e9coul\u00e9e. Nombre d&#8217;entre elles apparaissent \u00e0 diff\u00e9rents niveaux, en tant qu&#8217;organisateurs mondiaux, dirigeants r\u00e9gionaux et praticiens locaux, ce qui refl\u00e8te la nature profond\u00e9ment interconnect\u00e9e de cet \u00e9cosyst\u00e8me.    <\/p>\n\n<h3 class=\"wp-block-heading has-text-align-center\" id=\"h-global-collaborators\"><strong>Collaborateurs mondiaux<\/strong><\/h3>\n\n<figure class=\"wp-block-image aligncenter size-large is-resized\"><img loading=\"lazy\" decoding=\"async\" width=\"1024\" height=\"205\" src=\"https:\/\/www.cltweb.org\/wp-content\/uploads\/2025\/11\/International-Collab-1-1024x205.png\" alt=\"\" class=\"wp-image-10806\" style=\"width:1098px;height:auto\" srcset=\"https:\/\/www.cltweb.org\/wp-content\/uploads\/2025\/11\/International-Collab-1-1024x205.png 1024w, https:\/\/www.cltweb.org\/wp-content\/uploads\/2025\/11\/International-Collab-1-300x60.png 300w, https:\/\/www.cltweb.org\/wp-content\/uploads\/2025\/11\/International-Collab-1-768x154.png 768w, https:\/\/www.cltweb.org\/wp-content\/uploads\/2025\/11\/International-Collab-1-1536x307.png 1536w, https:\/\/www.cltweb.org\/wp-content\/uploads\/2025\/11\/International-Collab-1-2048x410.png 2048w\" sizes=\"auto, (max-width: 1024px) 100vw, 1024px\" \/><\/figure>\n\n<div class=\"wp-block-columns is-layout-flex wp-container-core-columns-is-layout-28f84493 wp-block-columns-is-layout-flex\">\n<div class=\"wp-block-column is-layout-flow wp-block-column-is-layout-flow\">\n<p>Les CLT locaux g\u00e9n\u00e8rent des solutions ayant des implications r\u00e9elles pour la r\u00e9silience climatique, la s\u00e9curit\u00e9 fonci\u00e8re et le d\u00e9veloppement \u00e9quitable. Gr\u00e2ce \u00e0 nos partenariats mondiaux, nous contribuons \u00e0 porter ces enseignements dans les forums internationaux, en veillant \u00e0 ce que les mod\u00e8les dirig\u00e9s par les communaut\u00e9s fa\u00e7onnent des conversations politiques plus larges et soient reconnus pour leur potentiel \u00e0 soutenir des avenirs justes et durables. <\/p>\n\n\n\n<p>Nous entretenons des relations suivies avec plusieurs entit\u00e9s mondiales, dont CoHabitat Network, Habitat for Humanity International, le Lincoln Institute of Land Policy, World Habitat, UN-Habitat et urbaMonde. Vous trouverez ci-dessous des citations tir\u00e9es de certaines de nos collaborations avec ces entit\u00e9s en 2025. <\/p>\n\n\n<\/div>\n<\/div>\n<style>.kt-blocks-testimonials-wrap10796_b3eeb3-bc .kt-svg-testimonial-global-icon{font-size:30px;}.kt-blocks-testimonials-wrap10796_b3eeb3-bc .kt-testimonial-item-0 .kt-svg-testimonial-icon{font-size:50px;}.kt-blocks-testimonials-wrap10796_b3eeb3-bc .kt-testimonial-rating-wrap .kb-svg-icon-wrap{color:#ffd700;font-size:16px;}.kt-blocks-testimonials-wrap10796_b3eeb3-bc .kt-blocks-carousel .kt-blocks-testimonial-carousel-item{padding-top:var(--global-kb-spacing-xxs, .5rem);padding-bottom:var(--global-kb-spacing-xxs, .5rem);}.kt-blocks-testimonials-wrap10796_b3eeb3-bc .kt-testimonial-grid-wrap{gap:79px;}.kt-blocks-testimonials-wrap10796_b3eeb3-bc .kt-blocks-testimonials-inner-wrap .kt-blocks-carousel-init:not(.splide-initialized):not(.tns-slider) .kb-slide-item{display:none;}.kt-blocks-testimonials-wrap10796_b3eeb3-bc .kt-blocks-testimonials-inner-wrap .kt-blocks-carousel-init:not(.splide-initialized):not(.tns-slider) .kb-slide-item:nth-child(-n+1){padding-left:79px;display:block;float:left;width:calc(100% \/ 1);}.kt-blocks-testimonials-wrap10796_b3eeb3-bc .kt-blocks-testimonials-inner-wrap .kt-blocks-carousel-init:not(.splide-initialized):not(.tns-slider){margin-left:-79px;}.kt-blocks-testimonials-wrap10796_b3eeb3-bc .kt-testimonial-item-wrap{padding-top:20px;padding-right:20px;padding-bottom:20px;padding-left:20px;}.kt-blocks-testimonials-wrap10796_b3eeb3-bc .kt-testimonial-item-wrap .kt-testimonial-title{min-height:3px;}.kt-blocks-testimonials-wrap10796_b3eeb3-bc .kt-testimonial-occupation{font-size:15px;}.kt-blocks-testimonials-wrap10796_b3eeb3-bc .kt-testimonial-item-wrap{max-width:500px;}.kt-blocks-testimonials-wrap10796_b3eeb3-bc .kt-testimonial-item-wrap{box-shadow:0px 0px 60px 5px rgba(0, 0, 0, 0.2);}.kt-blocks-testimonials-wrap10796_b3eeb3-bc .kt-testimonial-media-inner-wrap{width:60px;border-top:0px solid;border-right:0px solid;border-bottom:0px solid;border-left:0px solid;padding-top:0px;padding-right:0px;padding-bottom:0px;padding-left:0px;}.kt-blocks-testimonials-wrap10796_b3eeb3-bc .kt-svg-testimonial-icon{justify-content:center;align-items:center;}@media all and (max-width: 1024px){.kt-blocks-testimonials-wrap10796_b3eeb3-bc .kt-blocks-testimonials-inner-wrap .kt-blocks-carousel-init:not(.splide-initialized):not(.tns-slider) .kb-slide-item{display:none;}}@media all and (max-width: 1024px){.kt-blocks-testimonials-wrap10796_b3eeb3-bc .kt-blocks-testimonials-inner-wrap .kt-blocks-carousel-init:not(.splide-initialized):not(.tns-slider) .kb-slide-item:nth-child(-n+1){padding-left:79px;display:block;float:left;width:calc(100% \/ 1);}}@media all and (max-width: 1024px){.kt-blocks-testimonials-wrap10796_b3eeb3-bc .kt-blocks-testimonials-inner-wrap .kt-blocks-carousel-init:not(.splide-initialized):not(.tns-slider){margin-left:-79px;}}@media all and (max-width: 1024px){.kt-blocks-testimonials-wrap10796_b3eeb3-bc .kt-testimonial-media-inner-wrap{border-top:0px solid;border-right:0px solid;border-bottom:0px solid;border-left:0px solid;}}@media all and (max-width: 767px){.kt-blocks-testimonials-wrap10796_b3eeb3-bc .kt-blocks-carousel .kt-blocks-testimonial-carousel-item{padding:var(--global-kb-spacing-xxs, .5rem);padding-top:px;padding-bottom:px;margin-top:px;margin-bottom:px;}.kt-blocks-testimonials-wrap10796_b3eeb3-bc .kt-blocks-testimonials-inner-wrap .kt-blocks-carousel-init:not(.splide-initialized):not(.tns-slider) .kb-slide-item{display:none;}.kt-blocks-testimonials-wrap10796_b3eeb3-bc .kt-blocks-testimonials-inner-wrap .kt-blocks-carousel-init:not(.splide-initialized):not(.tns-slider) .kb-slide-item:nth-child(-n+1){display:block;float:left;width:calc(100% \/ 1);padding-left:79px;}.kt-blocks-testimonials-wrap10796_b3eeb3-bc .kt-blocks-testimonials-inner-wrap .kt-blocks-carousel-init:not(.splide-initialized):not(.tns-slider){margin-left:-79px;}.kt-blocks-testimonials-wrap10796_b3eeb3-bc .kt-testimonial-media-inner-wrap{border-top:0px solid;border-right:0px solid;border-bottom:0px solid;border-left:0px solid;}}<\/style><div class=\"kt-blocks-testimonials-wrap10796_b3eeb3-bc kt-testimonial-halign-center kt-testimonial-style-basic kt-testimonials-media-on kt-testimonials-icon-off kt-testimonial-columns-1 kt-t-xxl-col-1 kt-t-xl-col-1 kt-t-lg-col-1 kt-t-md-col-1 kt-t-sm-col-1 kt-t-xs-col-1 wp-block-kadence-testimonials\"><div class=\"kt-blocks-testimonials-inner-wrap kt-blocks-carousel kt-carousel-container-dotstyle-dark kt-carousel-container-arrowstyle-whiteondark\"><div class=\"kt-blocks-carousel-init splide kb-gallery-carousel kt-carousel-arrowstyle-whiteondark kt-carousel-dotstyle-dark\" data-columns-xxl=\"1\" data-columns-xl=\"1\" data-columns-md=\"1\" data-columns-sm=\"1\" data-columns-xs=\"1\" data-columns-ss=\"1\" data-slider-anim-speed=\"400\" data-slider-scroll=\"1\" data-slider-type=\"loop\" data-slider-arrows=\"true\" data-slider-dots=\"true\" data-slider-hover-pause=\"false\" data-slider-auto=\"\" data-slider-speed=\"7000\" data-slider-gap=\"79px\" data-slider-gap-tablet=\"79px\" data-slider-gap-mobile=\"79px\" data-show-pause-button=\"false\"><div class=\"splide__track\"><ul class=\"splide__list\">\n<li class=\"kt-blocks-testimonial-carousel-item kb-slide-item splide__slide\"><div class=\"kt-testimonial-item-wrap kt-testimonial-item-10796_0eba17-fe wp-block-kadence-testimonial\"><div class=\"kt-testimonial-text-wrap\"><div class=\"kt-testimonial-title-wrap\"><h4 class=\"kt-testimonial-title\">Institut Lincoln de politique fonci\u00e8re<\/h4><\/div><div class=\"kt-testimonial-content-wrap\"><blockquote class=\"kt-testimonial-content\">&#8220;Ce partenariat avec le Centre international pour les CLT nous tient \u00e0 c\u0153ur pour de tr\u00e8s nombreuses raisons. Ce partenariat a permis d&#8217;identifier la recherche et de faire progresser l&#8217;un des outils de politique fonci\u00e8re les plus innovants pour favoriser le logement abordable et les communaut\u00e9s prosp\u00e8res et dynamiques, non seulement aux \u00c9tats-Unis, mais aussi dans le monde entier. <br><br>Plus r\u00e9cemment, il a \u00e9galement ouvert les yeux de l&#8217;Institut Lincoln sur la fa\u00e7on dont les CLT peuvent \u00eatre appliqu\u00e9s dans le Sud global. Gr\u00e2ce \u00e0 notre collaboration avec le CLT Center, nous avons d\u00e9couvert le travail remarquable du CLT Ca\u00f1o Mart\u00edn Pe\u00f1a \u00e0 San Juan, Porto Rico, qui montre sans aucun doute comment le mod\u00e8le CLT, l&#8217;id\u00e9e et l&#8217;\u00e9tat d&#8217;esprit CLT peuvent contribuer \u00e0 garantir les moyens de subsistance de communaut\u00e9s longtemps marginalis\u00e9es par rapport aux march\u00e9s fonciers et immobiliers formels&#8221;. <\/blockquote><\/div><\/div><div class=\"kt-testimonial-meta-wrap\"><div class=\"kt-testimonial-media-wrap\"><div class=\"kt-testimonial-media-inner-wrap\"><div class=\"kadence-testimonial-image-intrisic\"><img loading=\"lazy\" decoding=\"async\" width=\"150\" height=\"150\" src=\"https:\/\/www.cltweb.org\/wp-content\/uploads\/2025\/11\/Enrique-Silva-150x150.png\" class=\"kt-testimonial-image wp-image-10817 size-thumbnail\" alt=\"\" \/><\/div><\/div><\/div><div class=\"kt-testimonial-meta-name-wrap\"><div class=\"kt-testimonial-name-wrap\"><div class=\"kt-testimonial-name\"><strong><strong>&#8211; <em><strong>Enrique Silva<\/strong><\/em><\/strong><\/strong><\/div><\/div><div class=\"kt-testimonial-occupation-wrap\"><div class=\"kt-testimonial-occupation\"><em>Chief Program Officer, Lincoln Institute of Land Policy (Institut Lincoln de la politique fonci\u00e8re)<\/em><\/div><\/div><\/div><\/div><\/div><\/li>\n\n<li class=\"kt-blocks-testimonial-carousel-item kb-slide-item splide__slide\"><div class=\"kt-testimonial-item-wrap kt-testimonial-item-10796_8c8fa4-32 wp-block-kadence-testimonial\"><div class=\"kt-testimonial-text-wrap\"><div class=\"kt-testimonial-title-wrap\"><h4 class=\"kt-testimonial-title\">ONU-Habitat<\/h4><\/div><div class=\"kt-testimonial-content-wrap\"><blockquote class=\"kt-testimonial-content\"><em>&#8220;De nombreuses politiques et cadres juridiques ne reconnaissent ou ne soutiennent pas encore les CLT &#8211; ou dans certains cas, ils ne les reconnaissent pas du tout.<\/em> <em>\u00c0 ONU-Habitat, nous sommes ravis d&#8217;avoir commenc\u00e9 l&#8217;ann\u00e9e derni\u00e8re \u00e0 travailler avec les points focaux gouvernementaux et les ministres dans le cadre du Forum du logement sur le th\u00e8me du logement ad\u00e9quat pour tous.<\/em> <em>Dans cet espace, il a \u00e9t\u00e9 reconnu que les CLT pr\u00e9sentent un potentiel \u00e9norme, mais que les d\u00e9cideurs politiques doivent encore renforcer leur compr\u00e9hension du mod\u00e8le pour le soutenir efficacement. Au cours des prochaines ann\u00e9es, nous concentrerons une grande partie de notre attention sur ce point. <\/em><br><br><\/blockquote><\/div><\/div><div class=\"kt-testimonial-meta-wrap\"><div class=\"kt-testimonial-media-wrap\"><div class=\"kt-testimonial-media-inner-wrap\"><div class=\"kadence-testimonial-image-intrisic\"><img loading=\"lazy\" decoding=\"async\" width=\"150\" height=\"150\" src=\"https:\/\/www.cltweb.org\/wp-content\/uploads\/2025\/11\/Francesca-Lionetti-150x150.png\" class=\"kt-testimonial-image wp-image-10840 size-thumbnail\" alt=\"\" \/><\/div><\/div><\/div><div class=\"kt-testimonial-meta-name-wrap\"><div class=\"kt-testimonial-name-wrap\"><div class=\"kt-testimonial-name\"><strong>Francesca Lionetti<\/strong><\/div><\/div><div class=\"kt-testimonial-occupation-wrap\"><div class=\"kt-testimonial-occupation\"><em>Expert associ\u00e9 sur le droit au logement, la diversit\u00e9 et l&#8217;inclusion, UN-Habitat<\/em><\/div><\/div><\/div><\/div><\/div><\/li>\n\n<li class=\"kt-blocks-testimonial-carousel-item kb-slide-item splide__slide\"><div class=\"kt-testimonial-item-wrap kt-testimonial-item-10796_00fb0d-51 wp-block-kadence-testimonial\"><div class=\"kt-testimonial-text-wrap\"><div class=\"kt-testimonial-title-wrap\"><h4 class=\"kt-testimonial-title\">Habitat pour l&#8217;humanit\u00e9 International<\/h4><\/div><div class=\"kt-testimonial-content-wrap\"><blockquote class=\"kt-testimonial-content\">&#8220;Nous sommes ravis de constater l&#8217;\u00e9lan croissant de ce travail. Les Community land trusts \u00e9voluent depuis plus de 50 ans et il est stimulant de constater que des partenariats tels que ceux conclus entre les CLT et Habitat for Humanity contribuent \u00e0 faire progresser ce mod\u00e8le. Il y a tant de choses que nous pouvons faire ensemble pour accro\u00eetre l&#8217;accessibilit\u00e9 durable par des moyens cr\u00e9atifs et communautaires.<br><br><br><br><br><\/blockquote><\/div><\/div><div class=\"kt-testimonial-meta-wrap\"><div class=\"kt-testimonial-media-wrap\"><div class=\"kt-testimonial-media-inner-wrap\"><div class=\"kadence-testimonial-image-intrisic\"><img loading=\"lazy\" decoding=\"async\" width=\"150\" height=\"150\" src=\"https:\/\/www.cltweb.org\/wp-content\/uploads\/2025\/11\/Screenshot-2025-12-01-at-1.18.59-PM-150x150.png\" class=\"kt-testimonial-image wp-image-10842 size-thumbnail\" alt=\"\" srcset=\"https:\/\/www.cltweb.org\/wp-content\/uploads\/2025\/11\/Screenshot-2025-12-01-at-1.18.59-PM-150x150.png 150w, https:\/\/www.cltweb.org\/wp-content\/uploads\/2025\/11\/Screenshot-2025-12-01-at-1.18.59-PM-300x300.png 300w, https:\/\/www.cltweb.org\/wp-content\/uploads\/2025\/11\/Screenshot-2025-12-01-at-1.18.59-PM.png 329w\" sizes=\"auto, (max-width: 150px) 100vw, 150px\" \/><\/div><\/div><\/div><div class=\"kt-testimonial-meta-name-wrap\"><div class=\"kt-testimonial-name-wrap\"><div class=\"kt-testimonial-name\"><strong>Aditi Nair<\/strong><\/div><\/div><div class=\"kt-testimonial-occupation-wrap\"><div class=\"kt-testimonial-occupation\"><em>Responsable de la strat\u00e9gie et de l&#8217;impact, Habitat for Humanity International ; membre du conseil d&#8217;administration du CLT Center<\/em><\/div><\/div><\/div><\/div><\/div><\/li>\n<\/ul><\/div><\/div><\/div><\/div>\n<h3 class=\"wp-block-heading has-text-align-center\" id=\"h-regional-collaborators\">Collaborateurs r\u00e9gionaux<\/h3>\n\n<p>Dans toutes les r\u00e9gions, la collaboration prend forme gr\u00e2ce \u00e0 des r\u00e9seaux qui relient les praticiens, coordonnent l&#8217;apprentissage partag\u00e9 et renforcent l&#8217;action collective. Ces partenaires r\u00e9gionaux contribuent \u00e0 relier l&#8217;exp\u00e9rience locale \u00e0 des syst\u00e8mes plus larges de soutien, de d\u00e9fense et d&#8217;\u00e9change. Vous trouverez ci-dessous une liste non exhaustive des organisations r\u00e9gionales avec lesquelles nous avons travaill\u00e9 tout au long de l&#8217;ann\u00e9e 2025.  <\/p>\n\n<ul class=\"wp-block-list\">\n<li><strong>R\u00e9seau CLT australien<\/strong> (Grounded Australia)<\/li>\n\n\n\n<li><strong>California CLT Network<\/strong> (\u00c9tats-Unis)<\/li>\n\n\n\n<li><strong>R\u00e9seau canadien des fiducies fonci\u00e8res communautaires<\/strong> (Canada)<\/li>\n\n\n\n<li><strong>Communaut\u00e9s catalytiques \/ R\u00e9seau Favela CLT<\/strong> (Rede Favela CLT, Br\u00e9sil)<\/li>\n\n\n\n<li><strong>Community Land Trust Network of England and Wales<\/strong> (Royaume-Uni)<\/li>\n\n\n\n<li><strong>R\u00e9seau europ\u00e9en des fonds fonciers communautaires<\/strong> (Europe)<\/li>\n\n\n\n<li><strong>Foncier Solidaire France<\/strong> (FSF)<\/li>\n\n\n\n<li><strong>Greater Boston CLT Network<\/strong> (\u00c9tats-Unis)<\/li>\n\n\n\n<li><strong>Grounded Solutions Network<\/strong> (\u00c9tats-Unis)<\/li>\n\n\n\n<li><strong>Minnesota CLT Coalition<\/strong> (USA)<\/li>\n\n\n\n<li><strong>South of Scotland Community Housing<\/strong> (SOSCH, \u00c9cosse)<\/li>\n\n\n\n<li><strong>Uni\u00e3o de Moradia Popular <\/strong>(Br\u00e9sil)<\/li>\n\n\n\n<li><strong>Urban Land Conservancy<\/strong> (Colorado, \u00c9tats-Unis)<\/li>\n\n\n\n<li><strong>Virginia CLT Network<\/strong> (Virginie, \u00c9tats-Unis)<\/li>\n\n\n\n<li><strong>Cultural Heritage Finance Alliance<\/strong> (CHiFA) (\u00c9tats-Unis)<\/li>\n<\/ul>\n\n<h3 class=\"wp-block-heading has-text-align-center\" id=\"h-local-collaborators\">Collaborateurs locaux<\/h3>\n\n<p>Au niveau local, la collaboration est le moteur de ce travail. Bien que le Centre CLT op\u00e8re au niveau mondial, notre travail est fa\u00e7onn\u00e9 par un dialogue constant avec des praticiens locaux qui pilotent des travaux innovants, organisent des quartiers et maintiennent le mouvement CLT enracin\u00e9 dans des lieux r\u00e9els. Vous trouverez ci-dessous une liste non exhaustive des organisations avec lesquelles nous avons collabor\u00e9 tout au long de l&#8217;ann\u00e9e 2025 :  <\/p>\n\n<div class=\"wp-block-columns is-layout-flex wp-container-core-columns-is-layout-28f84493 wp-block-columns-is-layout-flex\">\n<div class=\"wp-block-column is-layout-flow wp-block-column-is-layout-flow\">\n<ul class=\"wp-block-list\">\n<li><strong>Groupe exploratoire CLT du Bangladesh <\/strong>(Bangladesh)<\/li>\n\n\n\n<li><strong>Conseil municipal de Boston<\/strong> (Massachusetts, \u00c9tats-Unis)<\/li>\n\n\n\n<li><strong>Bright Community Trust <\/strong>(Floride, \u00c9tats-Unis)<\/li>\n\n\n\n<li><strong>Ca\u00f1o Mart\u00edn Pe\u00f1a CLT (Fideicomiso de la Tierra) <\/strong>(Porto Rico)<\/li>\n\n\n\n<li><strong>Champlain Housing Trust<\/strong> (Vermont, USA)<\/li>\n\n\n\n<li><strong>Chinatown CLT<\/strong> (Boston, USA)<\/li>\n\n\n\n<li><strong>Ville de Norwalk<\/strong> (Connecticut, \u00c9tats-Unis)<\/li>\n\n\n\n<li><strong>Ville de Seattle <\/strong>(Washington, \u00c9tats-Unis)<\/li>\n\n\n\n<li><strong>CLT Bruxelles <\/strong>(Belgique)<\/li>\n\n\n\n<li><strong>CLT Gent<\/strong> (Belgique)<\/li>\n\n\n\n<li><strong>CLT Mykolaiv<\/strong> (Belgique)<\/li>\n\n\n\n<li><strong>Community Home Trust<\/strong> (Caroline du Nord, \u00c9tats-Unis)<\/li>\n\n\n\n<li><strong>Delray Beach Community Land Trust<\/strong> (Floride, \u00c9tats-Unis)<\/li>\n\n\n\n<li><strong>Groupe d&#8217;action pour le d\u00e9veloppement <\/strong>(Afrique du Sud)<\/li>\n\n\n\n<li><strong>Diamond State CLT<\/strong>(Delaware, \u00c9tats-Unis)<\/li>\n\n\n\n<li><strong>Dudley Street Neighborhood Initiative <\/strong>(Massachusetts, \u00c9tats-Unis)<\/li>\n<\/ul>\n<\/div>\n\n\n\n<div class=\"wp-block-column is-layout-flow wp-block-column-is-layout-flow\">\n<ul class=\"wp-block-list\">\n<li><strong>El Enjambre Colectivo<\/strong> (Porto Rico)<\/li>\n\n\n\n<li><strong>Grassroots Institute \/ Housing Mendocino<\/strong> (Californie, \u00c9tats-Unis)<\/li>\n\n\n\n<li><strong>Habitat for Humanity Frederick County <\/strong>(Maryland, \u00c9tats-Unis)<\/li>\n\n\n\n<li><strong>Habitat for Humanity Portland Region<\/strong> (Oregon, \u00c9tats-Unis)<\/li>\n\n\n\n<li><strong>Hastings Commons<\/strong> (Royaume-Uni)<\/li>\n\n\n\n<li><strong>Hempstead Community Land Trust <\/strong>(New York, \u00c9tats-Unis)<\/li>\n\n\n\n<li><strong>Houston CLT<\/strong> (Texas, USA)<\/li>\n\n\n\n<li><strong>Housing Trust of the North Bay<\/strong> (Californie, \u00c9tats-Unis)<\/li>\n\n\n\n<li><strong>Interboro CLT <\/strong>(New York, USA)<\/li>\n\n\n\n<li><strong>Kota Kita<\/strong> (Indon\u00e9sie)<\/li>\n\n\n\n<li><strong>Londres CLT <\/strong>(Royaume-Uni)<\/li>\n\n\n\n<li><strong>Madison Area CLT<\/strong> (Wisconsin, \u00c9tats-Unis)<\/li>\n\n\n\n<li><strong>Muskoka CLTt<\/strong> (Canada)<\/li>\n\n\n\n<li><strong>New York Community Land Initiative<\/strong> (New York, \u00c9tats-Unis)<\/li>\n<\/ul>\n<\/div>\n\n\n\n<div class=\"wp-block-column is-layout-flow wp-block-column-is-layout-flow\">\n<ul class=\"wp-block-list\">\n<li><strong>Periferico<\/strong> (Portugal)<\/li>\n\n\n\n<li><strong>Pioneer Valley Habitat for Humanity<\/strong> (Massachusetts, \u00c9tats-Unis)<\/li>\n\n\n\n<li><strong>Bureau du d\u00e9fenseur public de Buenos Aires <\/strong>(Argentine)<\/li>\n\n\n\n<li><strong>Rondo Community Land Trust<\/strong> (Minnesota, \u00c9tats-Unis)<\/li>\n\n\n\n<li><strong>South Los Angeles CLT<\/strong> (USA)<\/li>\n\n\n\n<li><strong>Southside Community Land Trust<\/strong> (Rhode Island, \u00c9tats-Unis)<\/li>\n\n\n\n<li><strong>Stadtbodenstiftung <\/strong>(Allemagne)<\/li>\n\n\n\n<li><strong>Two Rivers CLT<\/strong> (Minnesota, \u00c9tats-Unis)<\/li>\n\n\n\n<li><strong>YorSpace CLT<\/strong> (Royaume-Uni)<\/li>\n<\/ul>\n<\/div>\n<\/div>\n\n<h3 class=\"wp-block-heading\" id=\"h-academic-and-research-institutions\"><strong>Institutions universitaires et de recherche<\/strong><\/h3>\n\n<p>Aux c\u00f4t\u00e9s des praticiens, les chercheurs et les universitaires ont contribu\u00e9 \u00e0 d\u00e9velopper les outils, les preuves et les cadres qui soutiennent les CLT. Les institutions ci-dessous repr\u00e9sentent les partenaires qui ont contribu\u00e9 \u00e0 la recherche, \u00e0 la recherche juridique et \u00e0 l&#8217;apprentissage partag\u00e9 \u00e0 travers 2025. <\/p>\n\n<ul class=\"wp-block-list\">\n<li><strong>Lincoln Institute of Land Policy<\/strong> (mentionn\u00e9 pr\u00e9c\u00e9demment)<\/li>\n\n\n\n<li><strong>Universit\u00e9 de Porto Rico<\/strong><\/li>\n\n\n\n<li><strong>Vrije Universiteit Brussel<\/strong> (Belgique)<\/li>\n\n\n\n<li><strong>Universit\u00e9 de l&#8217;Illinois<\/strong> (Illinois, \u00c9tats-Unis)<\/li>\n\n\n\n<li><strong>Universit\u00e9 de Reading<\/strong> (Royaume-Uni)<\/li>\n\n\n\n<li><strong>Universit\u00e9 Rutgers<\/strong> (New Jersey, \u00c9tats-Unis)<\/li>\n<\/ul>\n\n<h4 class=\"wp-block-heading\" id=\"h-law-school-collaborations\"><strong>Collaborations entre facult\u00e9s de droit :<\/strong><\/h4>\n\n<ul class=\"wp-block-list\">\n<li><strong>\u00c9cole de droit du Boston College<\/strong><\/li>\n\n\n\n<li><strong>Facult\u00e9 de droit du Colorado Boulder<\/strong><\/li>\n\n\n\n<li><strong>Facult\u00e9 de droit de l&#8217;universit\u00e9 Fordham<\/strong><\/li>\n\n\n\n<li><strong>\u00c9cole de droit de Harvard<\/strong><\/li>\n\n\n\n<li><strong>Facult\u00e9 de droit de l&#8217;Universit\u00e9 Loyola de la Nouvelle-Orl\u00e9ans<\/strong><\/li>\n\n\n\n<li><strong>Facult\u00e9 de droit de l&#8217;Universit\u00e9 de Miami<\/strong><\/li>\n\n\n\n<li><strong>Facult\u00e9 de droit de l&#8217;Universit\u00e9 du Minnesota<\/strong><\/li>\n\n\n\n<li><strong>Facult\u00e9 de droit du Missouri-Kansas City<\/strong><\/li>\n\n\n\n<li><strong>Facult\u00e9 de droit de l&#8217;universit\u00e9 de Northeastern<\/strong><\/li>\n\n\n\n<li><strong>Facult\u00e9 de droit de l&#8217;universit\u00e9 de Tulane<\/strong><\/li>\n\n\n\n<li><strong>Facult\u00e9 de droit de l&#8217;Universit\u00e9 de l&#8217;Oregon<\/strong><\/li>\n\n\n\n<li><strong>Facult\u00e9 de droit de l&#8217;Universit\u00e9 de Porto Rico<\/strong><\/li>\n\n\n\n<li><strong>Facult\u00e9 de droit de l&#8217;Universit\u00e9 du Wisconsin<\/strong><\/li>\n<\/ul>\n","protected":false},"excerpt":{"rendered":"<p>Cet article fait partie de notre campagne de fin d&#8217;ann\u00e9e c\u00e9l\u00e9brant la mani\u00e8re dont le Centre CLT s&#8217;efforce de servir le mouvement CLT mondial. Cette semaine, nous mettons en lumi\u00e8re [&hellip;]<\/p>\n","protected":false},"author":2,"featured_media":0,"comment_status":"closed","ping_status":"open","sticky":false,"template":"","format":"standard","meta":{"give_campaign_id":0,"_tec_requires_first_save":true,"_kad_blocks_custom_css":"","_kad_blocks_head_custom_js":"","_kad_blocks_body_custom_js":"","_kad_blocks_footer_custom_js":"","_EventAllDay":false,"_EventTimezone":"","_EventStartDate":"","_EventEndDate":"","_EventStartDateUTC":"","_EventEndDateUTC":"","_EventShowMap":false,"_EventShowMapLink":false,"_EventURL":"","_EventCost":"","_EventCostDescription":"","_EventCurrencySymbol":"","_EventCurrencyCode":"","_EventCurrencyPosition":"","_EventDateTimeSeparator":"","_EventTimeRangeSeparator":"","_EventOrganizerID":[],"_EventVenueID":[],"_OrganizerEmail":"","_OrganizerPhone":"","_OrganizerWebsite":"","_VenueAddress":"","_VenueCity":"","_VenueCountry":"","_VenueProvince":"","_VenueState":"","_VenueZip":"","_VenuePhone":"","_VenueURL":"","_VenueStateProvince":"","_VenueLat":"","_VenueLng":"","_VenueShowMap":false,"_VenueShowMapLink":false,"_tribe_blocks_recurrence_rules":"","_tribe_blocks_recurrence_description":"","_tribe_blocks_recurrence_exclusions":"","_jetpack_memberships_contains_paid_content":false,"footnotes":""},"categories":[29],"tags":[392,390,391],"class_list":["post-10803","post","type-post","status-publish","format-standard","hentry","category-non-classifiee","tag-celebration","tag-journee-mondiale-de-la-clt","tag-solidarite"],"blocksy_meta":[],"yoast_head":"<!-- This site is optimized with the Yoast SEO Premium plugin v27.4 (Yoast SEO v27.5) - https:\/\/yoast.com\/product\/yoast-seo-premium-wordpress\/ -->\n<title>Construire ensemble gr\u00e2ce \u00e0 la collaboration - International Center for Community Land Trusts<\/title>\n<meta name=\"robots\" content=\"index, follow, max-snippet:-1, max-image-preview:large, max-video-preview:-1\" \/>\n<link rel=\"canonical\" href=\"https:\/\/www.cltweb.org\/fr\/2025\/11\/28\/journee-mondiale-des-clt-une-celebration-mondiale-de-la-solidarite-1\/\" \/>\n<meta property=\"og:locale\" content=\"fr_FR\" \/>\n<meta property=\"og:type\" content=\"article\" \/>\n<meta property=\"og:title\" content=\"Construire ensemble gr\u00e2ce \u00e0 la collaboration\" \/>\n<meta property=\"og:description\" content=\"Cet article fait partie de notre campagne de fin d&#8217;ann\u00e9e c\u00e9l\u00e9brant la mani\u00e8re dont le Centre CLT s&#8217;efforce de servir le mouvement CLT mondial. Cette semaine, nous mettons en lumi\u00e8re [&hellip;]\" \/>\n<meta property=\"og:url\" content=\"https:\/\/www.cltweb.org\/fr\/2025\/11\/28\/journee-mondiale-des-clt-une-celebration-mondiale-de-la-solidarite-1\/\" \/>\n<meta property=\"og:site_name\" content=\"International Center for Community Land Trusts\" \/>\n<meta property=\"article:publisher\" content=\"https:\/\/www.facebook.com\/cltcenter\" \/>\n<meta property=\"article:published_time\" content=\"2025-11-28T20:17:44+00:00\" \/>\n<meta property=\"article:modified_time\" content=\"2025-12-01T18:27:50+00:00\" \/>\n<meta property=\"og:image\" content=\"https:\/\/www.cltweb.org\/wp-content\/uploads\/2025\/11\/Land-for-People-Not-for-Profit-Banner.gif\" \/>\n\t<meta property=\"og:image:width\" content=\"1500\" \/>\n\t<meta property=\"og:image:height\" content=\"300\" \/>\n\t<meta property=\"og:image:type\" content=\"image\/gif\" \/>\n<meta name=\"author\" content=\"Ben Harris\" \/>\n<meta name=\"twitter:card\" content=\"summary_large_image\" \/>\n<meta name=\"twitter:creator\" content=\"@Center4CLTs\" \/>\n<meta name=\"twitter:site\" content=\"@Center4CLTs\" \/>\n<meta name=\"twitter:label1\" content=\"\u00c9crit par\" \/>\n\t<meta name=\"twitter:data1\" content=\"Ben Harris\" \/>\n\t<meta name=\"twitter:label2\" content=\"Dur\u00e9e de lecture estim\u00e9e\" \/>\n\t<meta name=\"twitter:data2\" content=\"5 minutes\" \/>\n<script type=\"application\/ld+json\" class=\"yoast-schema-graph\">{\"@context\":\"https:\\\/\\\/schema.org\",\"@graph\":[{\"@type\":\"Article\",\"@id\":\"https:\\\/\\\/www.cltweb.org\\\/fr\\\/2025\\\/11\\\/28\\\/journee-mondiale-des-clt-une-celebration-mondiale-de-la-solidarite-1\\\/#article\",\"isPartOf\":{\"@id\":\"https:\\\/\\\/www.cltweb.org\\\/fr\\\/2025\\\/11\\\/28\\\/journee-mondiale-des-clt-une-celebration-mondiale-de-la-solidarite-1\\\/\"},\"author\":{\"name\":\"Ben Harris\",\"@id\":\"https:\\\/\\\/www.cltweb.org\\\/fr\\\/#\\\/schema\\\/person\\\/7c9fe56cc945e4b57585dbfe30f2ead4\"},\"headline\":\"Construire ensemble gr\u00e2ce \u00e0 la collaboration\",\"datePublished\":\"2025-11-28T20:17:44+00:00\",\"dateModified\":\"2025-12-01T18:27:50+00:00\",\"mainEntityOfPage\":{\"@id\":\"https:\\\/\\\/www.cltweb.org\\\/fr\\\/2025\\\/11\\\/28\\\/journee-mondiale-des-clt-une-celebration-mondiale-de-la-solidarite-1\\\/\"},\"wordCount\":1072,\"publisher\":{\"@id\":\"https:\\\/\\\/www.cltweb.org\\\/fr\\\/#organization\"},\"image\":{\"@id\":\"https:\\\/\\\/www.cltweb.org\\\/fr\\\/2025\\\/11\\\/28\\\/journee-mondiale-des-clt-une-celebration-mondiale-de-la-solidarite-1\\\/#primaryimage\"},\"thumbnailUrl\":\"https:\\\/\\\/www.cltweb.org\\\/wp-content\\\/uploads\\\/2025\\\/11\\\/Land-for-People-Not-for-Profit-Banner.gif\",\"keywords\":[\"c\u00e9l\u00e9bration\",\"journ\u00e9e mondiale de la clt\",\"solidarit\u00e9\"],\"articleSection\":[\"Non classifi\u00e9(e)\"],\"inLanguage\":\"fr-FR\"},{\"@type\":\"WebPage\",\"@id\":\"https:\\\/\\\/www.cltweb.org\\\/fr\\\/2025\\\/11\\\/28\\\/journee-mondiale-des-clt-une-celebration-mondiale-de-la-solidarite-1\\\/\",\"url\":\"https:\\\/\\\/www.cltweb.org\\\/fr\\\/2025\\\/11\\\/28\\\/journee-mondiale-des-clt-une-celebration-mondiale-de-la-solidarite-1\\\/\",\"name\":\"Construire ensemble gr\u00e2ce \u00e0 la collaboration - International Center for Community Land Trusts\",\"isPartOf\":{\"@id\":\"https:\\\/\\\/www.cltweb.org\\\/fr\\\/#website\"},\"primaryImageOfPage\":{\"@id\":\"https:\\\/\\\/www.cltweb.org\\\/fr\\\/2025\\\/11\\\/28\\\/journee-mondiale-des-clt-une-celebration-mondiale-de-la-solidarite-1\\\/#primaryimage\"},\"image\":{\"@id\":\"https:\\\/\\\/www.cltweb.org\\\/fr\\\/2025\\\/11\\\/28\\\/journee-mondiale-des-clt-une-celebration-mondiale-de-la-solidarite-1\\\/#primaryimage\"},\"thumbnailUrl\":\"https:\\\/\\\/www.cltweb.org\\\/wp-content\\\/uploads\\\/2025\\\/11\\\/Land-for-People-Not-for-Profit-Banner.gif\",\"datePublished\":\"2025-11-28T20:17:44+00:00\",\"dateModified\":\"2025-12-01T18:27:50+00:00\",\"breadcrumb\":{\"@id\":\"https:\\\/\\\/www.cltweb.org\\\/fr\\\/2025\\\/11\\\/28\\\/journee-mondiale-des-clt-une-celebration-mondiale-de-la-solidarite-1\\\/#breadcrumb\"},\"inLanguage\":\"fr-FR\",\"potentialAction\":[{\"@type\":\"ReadAction\",\"target\":[\"https:\\\/\\\/www.cltweb.org\\\/fr\\\/2025\\\/11\\\/28\\\/journee-mondiale-des-clt-une-celebration-mondiale-de-la-solidarite-1\\\/\"]}]},{\"@type\":\"ImageObject\",\"inLanguage\":\"fr-FR\",\"@id\":\"https:\\\/\\\/www.cltweb.org\\\/fr\\\/2025\\\/11\\\/28\\\/journee-mondiale-des-clt-une-celebration-mondiale-de-la-solidarite-1\\\/#primaryimage\",\"url\":\"https:\\\/\\\/www.cltweb.org\\\/wp-content\\\/uploads\\\/2025\\\/11\\\/Land-for-People-Not-for-Profit-Banner.gif\",\"contentUrl\":\"https:\\\/\\\/www.cltweb.org\\\/wp-content\\\/uploads\\\/2025\\\/11\\\/Land-for-People-Not-for-Profit-Banner.gif\"},{\"@type\":\"BreadcrumbList\",\"@id\":\"https:\\\/\\\/www.cltweb.org\\\/fr\\\/2025\\\/11\\\/28\\\/journee-mondiale-des-clt-une-celebration-mondiale-de-la-solidarite-1\\\/#breadcrumb\",\"itemListElement\":[{\"@type\":\"ListItem\",\"position\":1,\"name\":\"Home\",\"item\":\"https:\\\/\\\/www.cltweb.org\\\/fr\\\/\"},{\"@type\":\"ListItem\",\"position\":2,\"name\":\"Construire ensemble gr\u00e2ce \u00e0 la collaboration\"}]},{\"@type\":\"WebSite\",\"@id\":\"https:\\\/\\\/www.cltweb.org\\\/fr\\\/#website\",\"url\":\"https:\\\/\\\/www.cltweb.org\\\/fr\\\/\",\"name\":\"International Center for Community Land Trusts\",\"description\":\"\",\"publisher\":{\"@id\":\"https:\\\/\\\/www.cltweb.org\\\/fr\\\/#organization\"},\"potentialAction\":[{\"@type\":\"SearchAction\",\"target\":{\"@type\":\"EntryPoint\",\"urlTemplate\":\"https:\\\/\\\/www.cltweb.org\\\/fr\\\/?s={search_term_string}\"},\"query-input\":{\"@type\":\"PropertyValueSpecification\",\"valueRequired\":true,\"valueName\":\"search_term_string\"}}],\"inLanguage\":\"fr-FR\"},{\"@type\":\"Organization\",\"@id\":\"https:\\\/\\\/www.cltweb.org\\\/fr\\\/#organization\",\"name\":\"International Center for Community Land Trusts\",\"url\":\"https:\\\/\\\/www.cltweb.org\\\/fr\\\/\",\"logo\":{\"@type\":\"ImageObject\",\"inLanguage\":\"fr-FR\",\"@id\":\"https:\\\/\\\/www.cltweb.org\\\/fr\\\/#\\\/schema\\\/logo\\\/image\\\/\",\"url\":\"https:\\\/\\\/www.cltweb.org\\\/wp-content\\\/uploads\\\/2024\\\/11\\\/New-CLT-Center-Text-logo.png\",\"contentUrl\":\"https:\\\/\\\/www.cltweb.org\\\/wp-content\\\/uploads\\\/2024\\\/11\\\/New-CLT-Center-Text-logo.png\",\"width\":227,\"height\":80,\"caption\":\"International Center for Community Land Trusts\"},\"image\":{\"@id\":\"https:\\\/\\\/www.cltweb.org\\\/fr\\\/#\\\/schema\\\/logo\\\/image\\\/\"},\"sameAs\":[\"https:\\\/\\\/www.facebook.com\\\/cltcenter\",\"https:\\\/\\\/x.com\\\/Center4CLTs\",\"https:\\\/\\\/www.instagram.com\\\/cltcenter\\\/\",\"https:\\\/\\\/www.linkedin.com\\\/company\\\/cltcenter\",\"https:\\\/\\\/www.youtube.com\\\/@centerforcltinnovation5313\"],\"description\":\"The International Center for Community Land Trusts is a not-for-profit nongovernmental organization established in 2018 to promote and to support community land trusts and similar strategies of community-led development on community-owned land in countries throughout the world.\",\"email\":\"info@communitylandtrust.net\",\"legalName\":\"International Center for Community Land Trusts\",\"foundingDate\":\"2018-12-01\",\"taxID\":\"84-3858933\",\"numberOfEmployees\":{\"@type\":\"QuantitativeValue\",\"minValue\":\"1\",\"maxValue\":\"10\"}},{\"@type\":\"Person\",\"@id\":\"https:\\\/\\\/www.cltweb.org\\\/fr\\\/#\\\/schema\\\/person\\\/7c9fe56cc945e4b57585dbfe30f2ead4\",\"name\":\"Ben Harris\",\"image\":{\"@type\":\"ImageObject\",\"inLanguage\":\"fr-FR\",\"@id\":\"https:\\\/\\\/secure.gravatar.com\\\/avatar\\\/12a44d8988553548c22c57da673ee8ffb7e0b87b0197beec533bae3061a92cc5?s=96&d=mm&r=g\",\"url\":\"https:\\\/\\\/secure.gravatar.com\\\/avatar\\\/12a44d8988553548c22c57da673ee8ffb7e0b87b0197beec533bae3061a92cc5?s=96&d=mm&r=g\",\"contentUrl\":\"https:\\\/\\\/secure.gravatar.com\\\/avatar\\\/12a44d8988553548c22c57da673ee8ffb7e0b87b0197beec533bae3061a92cc5?s=96&d=mm&r=g\",\"caption\":\"Ben Harris\"},\"url\":\"https:\\\/\\\/www.cltweb.org\\\/fr\\\/author\\\/ben\\\/\"}]}<\/script>\n<!-- \/ Yoast SEO Premium plugin. -->","yoast_head_json":{"title":"Construire ensemble gr\u00e2ce \u00e0 la collaboration - International Center for Community Land Trusts","robots":{"index":"index","follow":"follow","max-snippet":"max-snippet:-1","max-image-preview":"max-image-preview:large","max-video-preview":"max-video-preview:-1"},"canonical":"https:\/\/www.cltweb.org\/fr\/2025\/11\/28\/journee-mondiale-des-clt-une-celebration-mondiale-de-la-solidarite-1\/","og_locale":"fr_FR","og_type":"article","og_title":"Construire ensemble gr\u00e2ce \u00e0 la collaboration","og_description":"Cet article fait partie de notre campagne de fin d&#8217;ann\u00e9e c\u00e9l\u00e9brant la mani\u00e8re dont le Centre CLT s&#8217;efforce de servir le mouvement CLT mondial. Cette semaine, nous mettons en lumi\u00e8re [&hellip;]","og_url":"https:\/\/www.cltweb.org\/fr\/2025\/11\/28\/journee-mondiale-des-clt-une-celebration-mondiale-de-la-solidarite-1\/","og_site_name":"International Center for Community Land Trusts","article_publisher":"https:\/\/www.facebook.com\/cltcenter","article_published_time":"2025-11-28T20:17:44+00:00","article_modified_time":"2025-12-01T18:27:50+00:00","og_image":[{"width":1500,"height":300,"url":"https:\/\/www.cltweb.org\/wp-content\/uploads\/2025\/11\/Land-for-People-Not-for-Profit-Banner.gif","type":"image\/gif"}],"author":"Ben Harris","twitter_card":"summary_large_image","twitter_creator":"@Center4CLTs","twitter_site":"@Center4CLTs","twitter_misc":{"\u00c9crit par":"Ben Harris","Dur\u00e9e de lecture estim\u00e9e":"5 minutes"},"schema":{"@context":"https:\/\/schema.org","@graph":[{"@type":"Article","@id":"https:\/\/www.cltweb.org\/fr\/2025\/11\/28\/journee-mondiale-des-clt-une-celebration-mondiale-de-la-solidarite-1\/#article","isPartOf":{"@id":"https:\/\/www.cltweb.org\/fr\/2025\/11\/28\/journee-mondiale-des-clt-une-celebration-mondiale-de-la-solidarite-1\/"},"author":{"name":"Ben Harris","@id":"https:\/\/www.cltweb.org\/fr\/#\/schema\/person\/7c9fe56cc945e4b57585dbfe30f2ead4"},"headline":"Construire ensemble gr\u00e2ce \u00e0 la collaboration","datePublished":"2025-11-28T20:17:44+00:00","dateModified":"2025-12-01T18:27:50+00:00","mainEntityOfPage":{"@id":"https:\/\/www.cltweb.org\/fr\/2025\/11\/28\/journee-mondiale-des-clt-une-celebration-mondiale-de-la-solidarite-1\/"},"wordCount":1072,"publisher":{"@id":"https:\/\/www.cltweb.org\/fr\/#organization"},"image":{"@id":"https:\/\/www.cltweb.org\/fr\/2025\/11\/28\/journee-mondiale-des-clt-une-celebration-mondiale-de-la-solidarite-1\/#primaryimage"},"thumbnailUrl":"https:\/\/www.cltweb.org\/wp-content\/uploads\/2025\/11\/Land-for-People-Not-for-Profit-Banner.gif","keywords":["c\u00e9l\u00e9bration","journ\u00e9e mondiale de la clt","solidarit\u00e9"],"articleSection":["Non classifi\u00e9(e)"],"inLanguage":"fr-FR"},{"@type":"WebPage","@id":"https:\/\/www.cltweb.org\/fr\/2025\/11\/28\/journee-mondiale-des-clt-une-celebration-mondiale-de-la-solidarite-1\/","url":"https:\/\/www.cltweb.org\/fr\/2025\/11\/28\/journee-mondiale-des-clt-une-celebration-mondiale-de-la-solidarite-1\/","name":"Construire ensemble gr\u00e2ce \u00e0 la collaboration - International Center for Community Land Trusts","isPartOf":{"@id":"https:\/\/www.cltweb.org\/fr\/#website"},"primaryImageOfPage":{"@id":"https:\/\/www.cltweb.org\/fr\/2025\/11\/28\/journee-mondiale-des-clt-une-celebration-mondiale-de-la-solidarite-1\/#primaryimage"},"image":{"@id":"https:\/\/www.cltweb.org\/fr\/2025\/11\/28\/journee-mondiale-des-clt-une-celebration-mondiale-de-la-solidarite-1\/#primaryimage"},"thumbnailUrl":"https:\/\/www.cltweb.org\/wp-content\/uploads\/2025\/11\/Land-for-People-Not-for-Profit-Banner.gif","datePublished":"2025-11-28T20:17:44+00:00","dateModified":"2025-12-01T18:27:50+00:00","breadcrumb":{"@id":"https:\/\/www.cltweb.org\/fr\/2025\/11\/28\/journee-mondiale-des-clt-une-celebration-mondiale-de-la-solidarite-1\/#breadcrumb"},"inLanguage":"fr-FR","potentialAction":[{"@type":"ReadAction","target":["https:\/\/www.cltweb.org\/fr\/2025\/11\/28\/journee-mondiale-des-clt-une-celebration-mondiale-de-la-solidarite-1\/"]}]},{"@type":"ImageObject","inLanguage":"fr-FR","@id":"https:\/\/www.cltweb.org\/fr\/2025\/11\/28\/journee-mondiale-des-clt-une-celebration-mondiale-de-la-solidarite-1\/#primaryimage","url":"https:\/\/www.cltweb.org\/wp-content\/uploads\/2025\/11\/Land-for-People-Not-for-Profit-Banner.gif","contentUrl":"https:\/\/www.cltweb.org\/wp-content\/uploads\/2025\/11\/Land-for-People-Not-for-Profit-Banner.gif"},{"@type":"BreadcrumbList","@id":"https:\/\/www.cltweb.org\/fr\/2025\/11\/28\/journee-mondiale-des-clt-une-celebration-mondiale-de-la-solidarite-1\/#breadcrumb","itemListElement":[{"@type":"ListItem","position":1,"name":"Home","item":"https:\/\/www.cltweb.org\/fr\/"},{"@type":"ListItem","position":2,"name":"Construire ensemble gr\u00e2ce \u00e0 la collaboration"}]},{"@type":"WebSite","@id":"https:\/\/www.cltweb.org\/fr\/#website","url":"https:\/\/www.cltweb.org\/fr\/","name":"International Center for Community Land Trusts","description":"","publisher":{"@id":"https:\/\/www.cltweb.org\/fr\/#organization"},"potentialAction":[{"@type":"SearchAction","target":{"@type":"EntryPoint","urlTemplate":"https:\/\/www.cltweb.org\/fr\/?s={search_term_string}"},"query-input":{"@type":"PropertyValueSpecification","valueRequired":true,"valueName":"search_term_string"}}],"inLanguage":"fr-FR"},{"@type":"Organization","@id":"https:\/\/www.cltweb.org\/fr\/#organization","name":"International Center for Community Land Trusts","url":"https:\/\/www.cltweb.org\/fr\/","logo":{"@type":"ImageObject","inLanguage":"fr-FR","@id":"https:\/\/www.cltweb.org\/fr\/#\/schema\/logo\/image\/","url":"https:\/\/www.cltweb.org\/wp-content\/uploads\/2024\/11\/New-CLT-Center-Text-logo.png","contentUrl":"https:\/\/www.cltweb.org\/wp-content\/uploads\/2024\/11\/New-CLT-Center-Text-logo.png","width":227,"height":80,"caption":"International Center for Community Land Trusts"},"image":{"@id":"https:\/\/www.cltweb.org\/fr\/#\/schema\/logo\/image\/"},"sameAs":["https:\/\/www.facebook.com\/cltcenter","https:\/\/x.com\/Center4CLTs","https:\/\/www.instagram.com\/cltcenter\/","https:\/\/www.linkedin.com\/company\/cltcenter","https:\/\/www.youtube.com\/@centerforcltinnovation5313"],"description":"The International Center for Community Land Trusts is a not-for-profit nongovernmental organization established in 2018 to promote and to support community land trusts and similar strategies of community-led development on community-owned land in countries throughout the world.","email":"info@communitylandtrust.net","legalName":"International Center for Community Land Trusts","foundingDate":"2018-12-01","taxID":"84-3858933","numberOfEmployees":{"@type":"QuantitativeValue","minValue":"1","maxValue":"10"}},{"@type":"Person","@id":"https:\/\/www.cltweb.org\/fr\/#\/schema\/person\/7c9fe56cc945e4b57585dbfe30f2ead4","name":"Ben Harris","image":{"@type":"ImageObject","inLanguage":"fr-FR","@id":"https:\/\/secure.gravatar.com\/avatar\/12a44d8988553548c22c57da673ee8ffb7e0b87b0197beec533bae3061a92cc5?s=96&d=mm&r=g","url":"https:\/\/secure.gravatar.com\/avatar\/12a44d8988553548c22c57da673ee8ffb7e0b87b0197beec533bae3061a92cc5?s=96&d=mm&r=g","contentUrl":"https:\/\/secure.gravatar.com\/avatar\/12a44d8988553548c22c57da673ee8ffb7e0b87b0197beec533bae3061a92cc5?s=96&d=mm&r=g","caption":"Ben Harris"},"url":"https:\/\/www.cltweb.org\/fr\/author\/ben\/"}]}},"taxonomy_info":{"category":[{"value":29,"label":"Non classifi\u00e9(e)"}],"post_tag":[{"value":392,"label":"c\u00e9l\u00e9bration"},{"value":390,"label":"journ\u00e9e mondiale de la clt"},{"value":391,"label":"solidarit\u00e9"}]},"featured_image_src_large":false,"author_info":{"display_name":"Ben Harris","author_link":"https:\/\/www.cltweb.org\/fr\/author\/ben\/"},"comment_info":0,"category_info":[{"term_id":29,"name":"Non classifi\u00e9(e)","slug":"non-classifiee","term_group":0,"term_taxonomy_id":29,"taxonomy":"category","description":"","parent":0,"count":20,"filter":"raw","cat_ID":29,"category_count":20,"category_description":"","cat_name":"Non classifi\u00e9(e)","category_nicename":"non-classifiee","category_parent":0}],"tag_info":[{"term_id":392,"name":"c\u00e9l\u00e9bration","slug":"celebration","term_group":0,"term_taxonomy_id":392,"taxonomy":"post_tag","description":"","parent":0,"count":2,"filter":"raw"},{"term_id":390,"name":"journ\u00e9e mondiale de la clt","slug":"journee-mondiale-de-la-clt","term_group":0,"term_taxonomy_id":390,"taxonomy":"post_tag","description":"","parent":0,"count":13,"filter":"raw"},{"term_id":391,"name":"solidarit\u00e9","slug":"solidarite","term_group":0,"term_taxonomy_id":391,"taxonomy":"post_tag","description":"","parent":0,"count":2,"filter":"raw"}],"jetpack_featured_media_url":"","jetpack_sharing_enabled":true,"jetpack-related-posts":[{"id":10688,"url":"https:\/\/www.cltweb.org\/2025\/11\/11\/la-terre-pour-les-gens-pas-pour-le-profit-construire-linfrastructure-dun-mouvement-mondial-2\/","url_meta":{"origin":10803,"position":0},"title":"La terre pour les gens, pas pour le profit : Construire l&#8217;infrastructure d&#8217;un mouvement mondial","author":"Ben Harris","date":"11 novembre 2025","format":false,"excerpt":"Cette ann\u00e9e, l'International Center for Community Land Trusts lance sa toute premi\u00e8re campagne de fin d'ann\u00e9e - une occasion de r\u00e9fl\u00e9chir \u00e0 ce que nous construisons ensemble et aux relations qui rendent ce travail possible. Partout dans le monde, les CLT prouvent qu'il est possible d'\u00e9tablir une autre relation avec\u2026","rel":"","context":"Dans &quot;Blogs&quot;","block_context":{"text":"Blogs","link":"https:\/\/www.cltweb.org\/fr\/category\/blogs-fr\/"},"img":{"alt_text":"","src":"https:\/\/i0.wp.com\/www.cltweb.org\/wp-content\/uploads\/2025\/11\/Land-for-People-Not-For-Profit.gif?resize=350%2C200&ssl=1","width":350,"height":200,"srcset":"https:\/\/i0.wp.com\/www.cltweb.org\/wp-content\/uploads\/2025\/11\/Land-for-People-Not-For-Profit.gif?resize=350%2C200&ssl=1 1x, https:\/\/i0.wp.com\/www.cltweb.org\/wp-content\/uploads\/2025\/11\/Land-for-People-Not-For-Profit.gif?resize=525%2C300&ssl=1 1.5x, https:\/\/i0.wp.com\/www.cltweb.org\/wp-content\/uploads\/2025\/11\/Land-for-People-Not-For-Profit.gif?resize=700%2C400&ssl=1 2x, https:\/\/i0.wp.com\/www.cltweb.org\/wp-content\/uploads\/2025\/11\/Land-for-People-Not-For-Profit.gif?resize=1050%2C600&ssl=1 3x"},"classes":[]},{"id":10689,"url":"https:\/\/www.cltweb.org\/fr\/2025\/11\/11\/la-terre-pour-les-gens-pas-pour-le-profit-construire-linfrastructure-dun-mouvement-mondial\/","url_meta":{"origin":10803,"position":1},"title":"La terre pour les gens, pas pour le profit : Construire l&#8217;infrastructure d&#8217;un mouvement mondial","author":"Ben Harris","date":"11 novembre 2025","format":false,"excerpt":"Cette ann\u00e9e, l'International Center for Community Land Trusts lance sa toute premi\u00e8re campagne de fin d'ann\u00e9e - une occasion de r\u00e9fl\u00e9chir \u00e0 ce que nous construisons ensemble et aux relations qui rendent ce travail possible. Partout dans le monde, les CLT prouvent qu'il est possible d'\u00e9tablir une autre relation avec\u2026","rel":"","context":"Dans &quot;Blogs&quot;","block_context":{"text":"Blogs","link":"https:\/\/www.cltweb.org\/fr\/category\/blogs-fr\/"},"img":{"alt_text":"","src":"https:\/\/i0.wp.com\/www.cltweb.org\/wp-content\/uploads\/2025\/11\/Land-for-People-Not-For-Profit.gif?resize=350%2C200&ssl=1","width":350,"height":200,"srcset":"https:\/\/i0.wp.com\/www.cltweb.org\/wp-content\/uploads\/2025\/11\/Land-for-People-Not-For-Profit.gif?resize=350%2C200&ssl=1 1x, https:\/\/i0.wp.com\/www.cltweb.org\/wp-content\/uploads\/2025\/11\/Land-for-People-Not-For-Profit.gif?resize=525%2C300&ssl=1 1.5x, https:\/\/i0.wp.com\/www.cltweb.org\/wp-content\/uploads\/2025\/11\/Land-for-People-Not-For-Profit.gif?resize=700%2C400&ssl=1 2x, https:\/\/i0.wp.com\/www.cltweb.org\/wp-content\/uploads\/2025\/11\/Land-for-People-Not-For-Profit.gif?resize=1050%2C600&ssl=1 3x"},"classes":[]},{"id":10898,"url":"https:\/\/www.cltweb.org\/fr\/2025\/12\/08\/terra-nostra-press-et-la-memoire-du-mouvement-clt\/","url_meta":{"origin":10803,"position":2},"title":"Terra Nostra Press et la m\u00e9moire du mouvement CLT","author":"Ben Harris","date":"8 d\u00e9cembre 2025","format":false,"excerpt":"Cet article fait partie de notre campagne de fin d'ann\u00e9e c\u00e9l\u00e9brant la mani\u00e8re dont le Centre CLT s'efforce de servir le mouvement CLT mondial. Cette semaine, nous mettons en lumi\u00e8re : Terra Nostra Press Chaque mouvement a besoin d'une m\u00e9moire. Tout comme les terres et les maisons que les CLT\u2026","rel":"","context":"Dans &quot;Non classifi\u00e9(e)&quot;","block_context":{"text":"Non classifi\u00e9(e)","link":"https:\/\/www.cltweb.org\/fr\/category\/non-classifiee\/"},"img":{"alt_text":"","src":"https:\/\/i0.wp.com\/www.cltweb.org\/wp-content\/uploads\/2025\/11\/Land-for-People-Not-for-Profit-Banner.gif?resize=350%2C200&ssl=1","width":350,"height":200,"srcset":"https:\/\/i0.wp.com\/www.cltweb.org\/wp-content\/uploads\/2025\/11\/Land-for-People-Not-for-Profit-Banner.gif?resize=350%2C200&ssl=1 1x, https:\/\/i0.wp.com\/www.cltweb.org\/wp-content\/uploads\/2025\/11\/Land-for-People-Not-for-Profit-Banner.gif?resize=525%2C300&ssl=1 1.5x, https:\/\/i0.wp.com\/www.cltweb.org\/wp-content\/uploads\/2025\/11\/Land-for-People-Not-for-Profit-Banner.gif?resize=700%2C400&ssl=1 2x, https:\/\/i0.wp.com\/www.cltweb.org\/wp-content\/uploads\/2025\/11\/Land-for-People-Not-for-Profit-Banner.gif?resize=1050%2C600&ssl=1 3x, https:\/\/i0.wp.com\/www.cltweb.org\/wp-content\/uploads\/2025\/11\/Land-for-People-Not-for-Profit-Banner.gif?resize=1400%2C800&ssl=1 4x"},"classes":[]},{"id":6583,"url":"https:\/\/www.cltweb.org\/fr\/2022\/10\/20\/la-situation-de-la-clt-dans-le-monde-entier\/","url_meta":{"origin":10803,"position":3},"title":"La situation de la CLT dans le monde entier","author":"cltredesign_0jp0l4","date":"20 octobre 2022","format":false,"excerpt":"Il y a deux semaines, lors de la premi\u00e8re r\u00e9union du CLT Gent et du CLT Vlaanderen, nous avons eu l'occasion d'organiser deux \u00e9v\u00e9nements importants, apr\u00e8s la Journ\u00e9e mondiale du CLT.","rel":"","context":"Dans &quot;Non classifi\u00e9(e)&quot;","block_context":{"text":"Non classifi\u00e9(e)","link":"https:\/\/www.cltweb.org\/fr\/category\/non-classifiee\/"},"img":{"alt_text":"Logo du CLT Gand","src":"https:\/\/i0.wp.com\/www.cltweb.org\/wp-content\/uploads\/2022\/10\/CLT-Gent-logo-edited.png?resize=350%2C200&ssl=1","width":350,"height":200},"classes":[]},{"id":10664,"url":"https:\/\/www.cltweb.org\/fr\/2025\/11\/17\/les-clt-et-laction-climatique-un-mouvement-croissant-pour-une-transition-juste\/","url_meta":{"origin":10803,"position":4},"title":"Les CLT et l&#8217;action climatique : Un mouvement croissant pour une transition juste","author":"Ben Harris","date":"17 novembre 2025","format":false,"excerpt":"Cet article fait partie de notre campagne de fin d'ann\u00e9e c\u00e9l\u00e9brant la mani\u00e8re dont le Centre CLT s'efforce de servir le mouvement CLT mondial. Cette semaine, nous mettons en lumi\u00e8re : L'initiative pour la justice climatique L'urgence climatique n'est plus une menace lointaine : elle est l\u00e0, remodelant les lieux\u2026","rel":"","context":"Dans &quot;Initiative pour la justice climatique&quot;","block_context":{"text":"Initiative pour la justice climatique","link":"https:\/\/www.cltweb.org\/fr\/category\/initiative-pour-la-justice-climatique\/"},"img":{"alt_text":"","src":"https:\/\/i0.wp.com\/www.cltweb.org\/wp-content\/uploads\/2025\/11\/Land-for-People-Not-for-Profit-Banner.gif?resize=350%2C200&ssl=1","width":350,"height":200,"srcset":"https:\/\/i0.wp.com\/www.cltweb.org\/wp-content\/uploads\/2025\/11\/Land-for-People-Not-for-Profit-Banner.gif?resize=350%2C200&ssl=1 1x, https:\/\/i0.wp.com\/www.cltweb.org\/wp-content\/uploads\/2025\/11\/Land-for-People-Not-for-Profit-Banner.gif?resize=525%2C300&ssl=1 1.5x, https:\/\/i0.wp.com\/www.cltweb.org\/wp-content\/uploads\/2025\/11\/Land-for-People-Not-for-Profit-Banner.gif?resize=700%2C400&ssl=1 2x, https:\/\/i0.wp.com\/www.cltweb.org\/wp-content\/uploads\/2025\/11\/Land-for-People-Not-for-Profit-Banner.gif?resize=1050%2C600&ssl=1 3x, https:\/\/i0.wp.com\/www.cltweb.org\/wp-content\/uploads\/2025\/11\/Land-for-People-Not-for-Profit-Banner.gif?resize=1400%2C800&ssl=1 4x"},"classes":[]},{"id":6577,"url":"https:\/\/www.cltweb.org\/fr\/2022\/10\/21\/workshop-und-jahresfeier-stadtbodenstiftung-berlin\/","url_meta":{"origin":10803,"position":5},"title":"Workshop und Jahresfeier Stadtbodenstiftung Berlin","author":"cltredesign_0jp0l4","date":"21 octobre 2022","format":false,"excerpt":"Les Journ\u00e9es de la Stadtbodenstiftung \u00e0 Berlin s'inscrivent dans le cadre de la Journ\u00e9e mondiale de la lutte contre le terrorisme. Chaque nuit, de 16h00 \u00e0 17h30, nous participerons \u00e0 un atelier d'information sur le th\u00e8me de la fondation. La devise de l'ann\u00e9e du Welt-CLT-Tags - Community Matters - sera\u2026","rel":"","context":"Dans &quot;Non classifi\u00e9(e)&quot;","block_context":{"text":"Non classifi\u00e9(e)","link":"https:\/\/www.cltweb.org\/fr\/category\/non-classifiee\/"},"img":{"alt_text":"Logo de la Stadtbodenstiftung","src":"https:\/\/i0.wp.com\/www.cltweb.org\/wp-content\/uploads\/2022\/10\/Berlin-CLT-Logo-300x300.png?resize=350%2C200&ssl=1","width":350,"height":200},"classes":[]}],"_links":{"self":[{"href":"https:\/\/www.cltweb.org\/fr\/wp-json\/wp\/v2\/posts\/10803","targetHints":{"allow":["GET"]}}],"collection":[{"href":"https:\/\/www.cltweb.org\/fr\/wp-json\/wp\/v2\/posts"}],"about":[{"href":"https:\/\/www.cltweb.org\/fr\/wp-json\/wp\/v2\/types\/post"}],"author":[{"embeddable":true,"href":"https:\/\/www.cltweb.org\/fr\/wp-json\/wp\/v2\/users\/2"}],"replies":[{"embeddable":true,"href":"https:\/\/www.cltweb.org\/fr\/wp-json\/wp\/v2\/comments?post=10803"}],"version-history":[{"count":11,"href":"https:\/\/www.cltweb.org\/fr\/wp-json\/wp\/v2\/posts\/10803\/revisions"}],"predecessor-version":[{"id":10867,"href":"https:\/\/www.cltweb.org\/fr\/wp-json\/wp\/v2\/posts\/10803\/revisions\/10867"}],"wp:attachment":[{"href":"https:\/\/www.cltweb.org\/fr\/wp-json\/wp\/v2\/media?parent=10803"}],"wp:term":[{"taxonomy":"category","embeddable":true,"href":"https:\/\/www.cltweb.org\/fr\/wp-json\/wp\/v2\/categories?post=10803"},{"taxonomy":"post_tag","embeddable":true,"href":"https:\/\/www.cltweb.org\/fr\/wp-json\/wp\/v2\/tags?post=10803"}],"curies":[{"name":"wp","href":"https:\/\/api.w.org\/{rel}","templated":true}]}}