{"id":10898,"date":"2025-12-08T18:54:15","date_gmt":"2025-12-08T18:54:15","guid":{"rendered":"https:\/\/www.cltweb.org\/2025\/12\/08\/terra-nostra-press-et-la-memoire-du-mouvement-clt\/"},"modified":"2025-12-08T18:55:27","modified_gmt":"2025-12-08T18:55:27","slug":"terra-nostra-press-et-la-memoire-du-mouvement-clt","status":"publish","type":"post","link":"https:\/\/www.cltweb.org\/fr\/2025\/12\/08\/terra-nostra-press-et-la-memoire-du-mouvement-clt\/","title":{"rendered":"Terra Nostra Press et la m\u00e9moire du mouvement CLT"},"content":{"rendered":"\n<figure class=\"wp-block-image size-full\"><img loading=\"lazy\" decoding=\"async\" width=\"1500\" height=\"300\" src=\"https:\/\/www.cltweb.org\/wp-content\/uploads\/2025\/11\/Land-for-People-Not-for-Profit-Banner.gif\" alt=\"\" class=\"wp-image-10618\"\/><\/figure>\n\n<p><strong><em>Cet article fait partie de notre <a href=\"https:\/\/www.cltweb.org\/fr\/2025\/11\/11\/la-terre-pour-les-gens-pas-pour-le-profit-construire-linfrastructure-dun-mouvement-mondial\/\" target=\"_blank\" rel=\"noreferrer noopener\">campagne de fin d&#8217;ann\u00e9e<\/a> c\u00e9l\u00e9brant la mani\u00e8re dont le Centre CLT<em>  s&#8217;efforce de servir le mouvement CLT mondial. Cette semaine, nous mettons en lumi\u00e8re <\/em>:<\/em><\/strong><\/p>\n\n<h2 class=\"wp-block-heading has-text-align-center has-palette-color-4-color has-luminous-vivid-amber-background-color has-text-color has-background has-link-color wp-elements-9f4085050edd45d622b8733c22acdecb\" id=\"h-terra-nostra-press\" style=\"padding-top:var(--wp--preset--spacing--20);padding-right:0;padding-bottom:var(--wp--preset--spacing--20);padding-left:0\">Terra Nostra Press<\/h2>\n\n<p>Chaque mouvement a besoin d&#8217;une m\u00e9moire.<\/p>\n\n<p>Tout comme les terres et les maisons que les CLT g\u00e8rent pour les g\u00e9n\u00e9rations pr\u00e9sentes et futures, les histoires, les id\u00e9es et les le\u00e7ons qui guident notre travail doivent \u00e9galement \u00eatre conserv\u00e9es en fiducie. Depuis 2020, <a href=\"https:\/\/www.cltweb.org\/fr\/terra-nostra-press\/\" target=\"_blank\" rel=\"noreferrer noopener\">Terra Nostra Press<\/a> est la maison d&#8217;\u00e9dition du mouvement CLT mondial : elle documente son \u00e9volution, capture ses exp\u00e9riences et amplifie les voix de ceux qui g\u00e8rent des terrains appartenant \u00e0 la communaut\u00e9 et construisent des logements abordables en permanence dans le monde entier. <\/p>\n\n<p>Par le biais de livres, de rapports, de traductions et de commentaires, Terra Nostra Press veille \u00e0 ce que les connaissances durement acquises par une g\u00e9n\u00e9ration deviennent le point de d\u00e9part de la suivante. Ses pages contiennent l&#8217;histoire des CLT pionniers, les r\u00e9flexions des leaders du mouvement et des conseils pratiques sur lesquels les organisateurs du monde entier s&#8217;appuient pour adapter le mod\u00e8le \u00e0 leurs propres r\u00e9alit\u00e9s. <\/p>\n\n<h2 class=\"wp-block-heading\" id=\"h-a-living-library-for-a-global-movement\"><strong>Une biblioth\u00e8que vivante pour un mouvement mondial<\/strong><\/h2>\n\n<p>Terra Nostra Press fait partie de quelque chose de plus grand : un \u00e9cosyst\u00e8me de connaissances qui maintient le mouvement CLT connect\u00e9 et conscient de lui-m\u00eame. Tout comme les CLT prot\u00e8gent les terres et g\u00e8rent les b\u00e2timents \u00e0 perp\u00e9tuit\u00e9, Terra Nostra Press prot\u00e8ge la sagesse collective du mouvement, en la gardant accessible, multilingue et permanente. En documentant, en publiant et en pr\u00e9servant les connaissances essentielles, le Centre CLT garantit que ce qui est appris aujourd&#8217;hui restera disponible pour ceux qui poursuivront le travail demain.  <\/p>\n\n<p>Parall\u00e8lement \u00e0 la presse, la biblioth\u00e8que en ligne du Centre CLT rassemble et pr\u00e9serve la m\u00e9moire collective du mouvement. Ensemble, ces ressources racontent l&#8217;histoire d&#8217;un mouvement qui apprend gr\u00e2ce \u00e0 des connaissances librement partag\u00e9es &#8211; un mouvement qui valorise l&#8217;acc\u00e8s libre l\u00e0 o\u00f9 la pratique, la politique et l&#8217;exp\u00e9rience v\u00e9cue se rencontrent : <\/p>\n\n<ul class=\"wp-block-list\">\n<li>Une <a href=\"https:\/\/www.cltweb.org\/fr\/bibliotheque-de-ressources\/chronologie-du-mouvement-clt\/\" target=\"_blank\" rel=\"noreferrer noopener\">chronologie mondiale du CLT<\/a> retra\u00e7ant plus de cinq d\u00e9cennies d&#8217;histoire du mouvement<\/li>\n\n\n\n<li>Un nombre croissant d&#8217;<a href=\"https:\/\/www.cltweb.org\/fr\/bibliotheque-de-ressources\/etudes-de-cas-clt\/\" target=\"_blank\" rel=\"noreferrer noopener\">\u00e9tudes de cas de<\/a> CLT urbains et ruraux dans le monde entier<\/li>\n\n\n\n<li><a href=\"https:\/\/www.cltweb.org\/fr\/bibliotheque-de-ressources\/interviews\/\" target=\"_blank\" rel=\"noreferrer noopener\">Entretiens avec<\/a> les fondateurs, les r\u00e9sidents et les praticiens r\u00e9flexifs<\/li>\n\n\n\n<li>Une collection de <a href=\"https:\/\/www.cltweb.org\/fr\/bibliotheque-de-ressources\/recherche-universitaire\/\" target=\"_blank\" rel=\"noreferrer noopener\">recherches universitaires<\/a><\/li>\n\n\n\n<li>Une <a href=\"https:\/\/www.cltweb.org\/fr\/bibliotheque-de-ressources\/bibliographie\/\" target=\"_blank\" rel=\"noreferrer noopener\">bibliographie internationale multilingue sur les CLT<\/a><\/li>\n\n\n\n<li><a href=\"https:\/\/www.cltweb.org\/fr\/bibliotheque-de-ressources\/manuels-et-guides\/\" target=\"_blank\" rel=\"noreferrer noopener\">Manuels et guides<\/a> pour le d\u00e9marrage et le maintien des CLT<\/li>\n\n\n\n<li>Une <a href=\"https:\/\/www.cltweb.org\/fr\/bibliotheque-de-ressources\/base-de-donnees-sur-le-droit-des-etats-americains\/\" target=\"_blank\" rel=\"noreferrer noopener\">base de donn\u00e9es \u00e9tats-unienne<\/a> des lois et politiques en faveur des CLT<\/li>\n\n\n\n<li><a href=\"https:\/\/www.cltweb.org\/fr\/bibliotheque-de-ressources\/rapports\/\" target=\"_blank\" rel=\"noreferrer noopener\">Rapports<\/a> et analyses politiques<\/li>\n\n\n\n<li>Une <a href=\"https:\/\/www.cltweb.org\/fr\/bibliotheque-de-ressources\/videotheque\/\" target=\"_blank\" rel=\"noreferrer noopener\">vid\u00e9oth\u00e8que<\/a> comprenant des conf\u00e9rences, des conversations et des s\u00e9quences historiques<\/li>\n<\/ul>\n\n<h2 class=\"wp-block-heading\" id=\"h-publishing-the-practice\"><strong>Publier la pratique<\/strong><\/h2>\n\n<p>Depuis sa cr\u00e9ation, Terra Nostra Press a construit un catalogue qui fait le lien entre la recherche et la pratique, rendant des id\u00e9es complexes accessibles aux praticiens, aux r\u00e9sidents et aux chercheurs. Cette ann\u00e9e a \u00e9t\u00e9 marqu\u00e9e par une p\u00e9riode de publication particuli\u00e8rement dynamique, avec de nouvelles publications multilingues qui ont \u00e9largi la port\u00e9e du mouvement CLT : <\/p>\n\n<ul class=\"wp-block-list\">\n<li><em><a href=\"https:\/\/www.cltweb.org\/fr\/terra-nostra-press\/catalogue\/notre-terre-notre-lutte\/\" target=\"_blank\" rel=\"noreferrer noopener\">Notre terre, notre survie<\/a><\/em> (octobre 2025)<\/li>\n\n\n\n<li><em><a href=\"https:\/\/www.cltweb.org\/fr\/bibliotheque-de-ressources\/sud-mondial\/inde\/\" target=\"_blank\" rel=\"noreferrer noopener\">Des CLT pour l&#8217;Inde ? Une exploration du mod\u00e8le de la fiducie fonci\u00e8re communautaire pour les villes indiennes <\/a><\/em>  (octobre 2025)<\/li>\n\n\n\n<li><em><a href=\"https:\/\/www.lincolninst.edu\/es\/publications\/policy-focus-reports\/preservar-vivienda-asequible-alianzas-gobiernos-municipales-fideicomisos-comunitarios-tierras\/?utm_source=x&amp;utm_medium=organic_social&amp;utm_term=xxx_publication_housing&amp;utm_content=x2508_preserving_afford_home_es_pfr&amp;utm_campaign=preserving_affordable_homeown_es_launch_pfr\" target=\"_blank\" rel=\"noreferrer noopener\">Pr\u00e9server la vivienda asequible<\/a><\/em> (septembre 2025 ; l&#8217;\u00e9dition espagnole de <em>Preserving Affordable Homeownership<\/em>, publi\u00e9 par le Lincoln Institute of Land Policy avec la recherche, la r\u00e9daction et la collaboration \u00e9ditoriale du CLT Center)<\/li>\n\n\n\n<li><em><a href=\"https:\/\/www.lincolninst.edu\/publications\/other\/international-commentaries-preserving-affordable-homeownership-public-partnerships-community-land-trusts\/?utm_term=xxx_publication_housing&amp;utm_content=outreach_icclt_intl_clt_essays&amp;utm_campaign=intl_clt_essays_2025_launch_opub\" target=\"_blank\" rel=\"noreferrer noopener\">Commentaires internationaux sur la pr\u00e9servation de l&#8217;accession abordable \u00e0 la propri\u00e9t\u00e9<\/a><\/em> (mai 2025, coordonn\u00e9 par le CLT Center et publi\u00e9 par le Lincoln Institute)<\/li>\n<\/ul>\n\n<p>\u00c0 l&#8217;avenir, Terra Nostra Press collaborera avec l&#8217;American Bar Association pour produire une collection d&#8217;essais sur les CLT pr\u00e9c\u00e9demment publi\u00e9s dans des revues juridiques et d&#8217;autres revues sp\u00e9cialis\u00e9es. Cette anthologie, dont la publication est pr\u00e9vue pour le d\u00e9but de l&#8217;ann\u00e9e 2026, constituera une ressource pr\u00e9cieuse pour les professeurs et les \u00e9tudiants dans les domaines du droit, de l&#8217;urbanisme et des politiques publiques. <\/p>\n","protected":false},"excerpt":{"rendered":"<p>Cet article fait partie de notre campagne de fin d&#8217;ann\u00e9e c\u00e9l\u00e9brant la mani\u00e8re dont le Centre CLT s&#8217;efforce de servir le mouvement CLT mondial. Cette semaine, nous mettons en lumi\u00e8re [&hellip;]<\/p>\n","protected":false},"author":2,"featured_media":0,"comment_status":"closed","ping_status":"open","sticky":false,"template":"","format":"standard","meta":{"give_campaign_id":0,"_tec_requires_first_save":true,"_kad_blocks_custom_css":"","_kad_blocks_head_custom_js":"","_kad_blocks_body_custom_js":"","_kad_blocks_footer_custom_js":"","_EventAllDay":false,"_EventTimezone":"","_EventStartDate":"","_EventEndDate":"","_EventStartDateUTC":"","_EventEndDateUTC":"","_EventShowMap":false,"_EventShowMapLink":false,"_EventURL":"","_EventCost":"","_EventCostDescription":"","_EventCurrencySymbol":"","_EventCurrencyCode":"","_EventCurrencyPosition":"","_EventDateTimeSeparator":"","_EventTimeRangeSeparator":"","_EventOrganizerID":[],"_EventVenueID":[],"_OrganizerEmail":"","_OrganizerPhone":"","_OrganizerWebsite":"","_VenueAddress":"","_VenueCity":"","_VenueCountry":"","_VenueProvince":"","_VenueState":"","_VenueZip":"","_VenuePhone":"","_VenueURL":"","_VenueStateProvince":"","_VenueLat":"","_VenueLng":"","_VenueShowMap":false,"_VenueShowMapLink":false,"_tribe_blocks_recurrence_rules":"","_tribe_blocks_recurrence_description":"","_tribe_blocks_recurrence_exclusions":"","_jetpack_memberships_contains_paid_content":false,"footnotes":""},"categories":[29],"tags":[],"class_list":["post-10898","post","type-post","status-publish","format-standard","hentry","category-non-classifiee"],"blocksy_meta":[],"yoast_head":"<!-- This site is optimized with the Yoast SEO Premium plugin v27.4 (Yoast SEO v27.5) - https:\/\/yoast.com\/product\/yoast-seo-premium-wordpress\/ -->\n<title>Terra Nostra Press et la m\u00e9moire du mouvement CLT - International Center for Community Land Trusts<\/title>\n<meta name=\"robots\" content=\"index, follow, max-snippet:-1, max-image-preview:large, max-video-preview:-1\" \/>\n<link rel=\"canonical\" href=\"https:\/\/www.cltweb.org\/fr\/2025\/12\/08\/terra-nostra-press-et-la-memoire-du-mouvement-clt\/\" \/>\n<meta property=\"og:locale\" content=\"fr_FR\" \/>\n<meta property=\"og:type\" content=\"article\" \/>\n<meta property=\"og:title\" content=\"Terra Nostra Press et la m\u00e9moire du mouvement CLT\" \/>\n<meta property=\"og:description\" content=\"Cet article fait partie de notre campagne de fin d&#8217;ann\u00e9e c\u00e9l\u00e9brant la mani\u00e8re dont le Centre CLT s&#8217;efforce de servir le mouvement CLT mondial. Cette semaine, nous mettons en lumi\u00e8re [&hellip;]\" \/>\n<meta property=\"og:url\" content=\"https:\/\/www.cltweb.org\/fr\/2025\/12\/08\/terra-nostra-press-et-la-memoire-du-mouvement-clt\/\" \/>\n<meta property=\"og:site_name\" content=\"International Center for Community Land Trusts\" \/>\n<meta property=\"article:publisher\" content=\"https:\/\/www.facebook.com\/cltcenter\" \/>\n<meta property=\"article:published_time\" content=\"2025-12-08T18:54:15+00:00\" \/>\n<meta property=\"article:modified_time\" content=\"2025-12-08T18:55:27+00:00\" \/>\n<meta property=\"og:image\" content=\"https:\/\/www.cltweb.org\/wp-content\/uploads\/2025\/11\/Land-for-People-Not-for-Profit-Banner.gif\" \/>\n\t<meta property=\"og:image:width\" content=\"1500\" \/>\n\t<meta property=\"og:image:height\" content=\"300\" \/>\n\t<meta property=\"og:image:type\" content=\"image\/gif\" \/>\n<meta name=\"author\" content=\"Ben Harris\" \/>\n<meta name=\"twitter:card\" content=\"summary_large_image\" \/>\n<meta name=\"twitter:creator\" content=\"@Center4CLTs\" \/>\n<meta name=\"twitter:site\" content=\"@Center4CLTs\" \/>\n<meta name=\"twitter:label1\" content=\"\u00c9crit par\" \/>\n\t<meta name=\"twitter:data1\" content=\"Ben Harris\" \/>\n\t<meta name=\"twitter:label2\" content=\"Dur\u00e9e de lecture estim\u00e9e\" \/>\n\t<meta name=\"twitter:data2\" content=\"3 minutes\" \/>\n<script type=\"application\/ld+json\" class=\"yoast-schema-graph\">{\"@context\":\"https:\\\/\\\/schema.org\",\"@graph\":[{\"@type\":\"Article\",\"@id\":\"https:\\\/\\\/www.cltweb.org\\\/fr\\\/2025\\\/12\\\/08\\\/terra-nostra-press-et-la-memoire-du-mouvement-clt\\\/#article\",\"isPartOf\":{\"@id\":\"https:\\\/\\\/www.cltweb.org\\\/fr\\\/2025\\\/12\\\/08\\\/terra-nostra-press-et-la-memoire-du-mouvement-clt\\\/\"},\"author\":{\"name\":\"Ben Harris\",\"@id\":\"https:\\\/\\\/www.cltweb.org\\\/fr\\\/#\\\/schema\\\/person\\\/7c9fe56cc945e4b57585dbfe30f2ead4\"},\"headline\":\"Terra Nostra Press et la m\u00e9moire du mouvement CLT\",\"datePublished\":\"2025-12-08T18:54:15+00:00\",\"dateModified\":\"2025-12-08T18:55:27+00:00\",\"mainEntityOfPage\":{\"@id\":\"https:\\\/\\\/www.cltweb.org\\\/fr\\\/2025\\\/12\\\/08\\\/terra-nostra-press-et-la-memoire-du-mouvement-clt\\\/\"},\"wordCount\":710,\"publisher\":{\"@id\":\"https:\\\/\\\/www.cltweb.org\\\/fr\\\/#organization\"},\"image\":{\"@id\":\"https:\\\/\\\/www.cltweb.org\\\/fr\\\/2025\\\/12\\\/08\\\/terra-nostra-press-et-la-memoire-du-mouvement-clt\\\/#primaryimage\"},\"thumbnailUrl\":\"https:\\\/\\\/www.cltweb.org\\\/wp-content\\\/uploads\\\/2025\\\/11\\\/Land-for-People-Not-for-Profit-Banner.gif\",\"articleSection\":[\"Non classifi\u00e9(e)\"],\"inLanguage\":\"fr-FR\"},{\"@type\":\"WebPage\",\"@id\":\"https:\\\/\\\/www.cltweb.org\\\/fr\\\/2025\\\/12\\\/08\\\/terra-nostra-press-et-la-memoire-du-mouvement-clt\\\/\",\"url\":\"https:\\\/\\\/www.cltweb.org\\\/fr\\\/2025\\\/12\\\/08\\\/terra-nostra-press-et-la-memoire-du-mouvement-clt\\\/\",\"name\":\"Terra Nostra Press et la m\u00e9moire du mouvement CLT - International Center for Community Land Trusts\",\"isPartOf\":{\"@id\":\"https:\\\/\\\/www.cltweb.org\\\/fr\\\/#website\"},\"primaryImageOfPage\":{\"@id\":\"https:\\\/\\\/www.cltweb.org\\\/fr\\\/2025\\\/12\\\/08\\\/terra-nostra-press-et-la-memoire-du-mouvement-clt\\\/#primaryimage\"},\"image\":{\"@id\":\"https:\\\/\\\/www.cltweb.org\\\/fr\\\/2025\\\/12\\\/08\\\/terra-nostra-press-et-la-memoire-du-mouvement-clt\\\/#primaryimage\"},\"thumbnailUrl\":\"https:\\\/\\\/www.cltweb.org\\\/wp-content\\\/uploads\\\/2025\\\/11\\\/Land-for-People-Not-for-Profit-Banner.gif\",\"datePublished\":\"2025-12-08T18:54:15+00:00\",\"dateModified\":\"2025-12-08T18:55:27+00:00\",\"breadcrumb\":{\"@id\":\"https:\\\/\\\/www.cltweb.org\\\/fr\\\/2025\\\/12\\\/08\\\/terra-nostra-press-et-la-memoire-du-mouvement-clt\\\/#breadcrumb\"},\"inLanguage\":\"fr-FR\",\"potentialAction\":[{\"@type\":\"ReadAction\",\"target\":[\"https:\\\/\\\/www.cltweb.org\\\/fr\\\/2025\\\/12\\\/08\\\/terra-nostra-press-et-la-memoire-du-mouvement-clt\\\/\"]}]},{\"@type\":\"ImageObject\",\"inLanguage\":\"fr-FR\",\"@id\":\"https:\\\/\\\/www.cltweb.org\\\/fr\\\/2025\\\/12\\\/08\\\/terra-nostra-press-et-la-memoire-du-mouvement-clt\\\/#primaryimage\",\"url\":\"https:\\\/\\\/www.cltweb.org\\\/wp-content\\\/uploads\\\/2025\\\/11\\\/Land-for-People-Not-for-Profit-Banner.gif\",\"contentUrl\":\"https:\\\/\\\/www.cltweb.org\\\/wp-content\\\/uploads\\\/2025\\\/11\\\/Land-for-People-Not-for-Profit-Banner.gif\"},{\"@type\":\"BreadcrumbList\",\"@id\":\"https:\\\/\\\/www.cltweb.org\\\/fr\\\/2025\\\/12\\\/08\\\/terra-nostra-press-et-la-memoire-du-mouvement-clt\\\/#breadcrumb\",\"itemListElement\":[{\"@type\":\"ListItem\",\"position\":1,\"name\":\"Home\",\"item\":\"https:\\\/\\\/www.cltweb.org\\\/fr\\\/\"},{\"@type\":\"ListItem\",\"position\":2,\"name\":\"Terra Nostra Press et la m\u00e9moire du mouvement CLT\"}]},{\"@type\":\"WebSite\",\"@id\":\"https:\\\/\\\/www.cltweb.org\\\/fr\\\/#website\",\"url\":\"https:\\\/\\\/www.cltweb.org\\\/fr\\\/\",\"name\":\"International Center for Community Land Trusts\",\"description\":\"\",\"publisher\":{\"@id\":\"https:\\\/\\\/www.cltweb.org\\\/fr\\\/#organization\"},\"potentialAction\":[{\"@type\":\"SearchAction\",\"target\":{\"@type\":\"EntryPoint\",\"urlTemplate\":\"https:\\\/\\\/www.cltweb.org\\\/fr\\\/?s={search_term_string}\"},\"query-input\":{\"@type\":\"PropertyValueSpecification\",\"valueRequired\":true,\"valueName\":\"search_term_string\"}}],\"inLanguage\":\"fr-FR\"},{\"@type\":\"Organization\",\"@id\":\"https:\\\/\\\/www.cltweb.org\\\/fr\\\/#organization\",\"name\":\"International Center for Community Land Trusts\",\"url\":\"https:\\\/\\\/www.cltweb.org\\\/fr\\\/\",\"logo\":{\"@type\":\"ImageObject\",\"inLanguage\":\"fr-FR\",\"@id\":\"https:\\\/\\\/www.cltweb.org\\\/fr\\\/#\\\/schema\\\/logo\\\/image\\\/\",\"url\":\"https:\\\/\\\/www.cltweb.org\\\/wp-content\\\/uploads\\\/2024\\\/11\\\/New-CLT-Center-Text-logo.png\",\"contentUrl\":\"https:\\\/\\\/www.cltweb.org\\\/wp-content\\\/uploads\\\/2024\\\/11\\\/New-CLT-Center-Text-logo.png\",\"width\":227,\"height\":80,\"caption\":\"International Center for Community Land Trusts\"},\"image\":{\"@id\":\"https:\\\/\\\/www.cltweb.org\\\/fr\\\/#\\\/schema\\\/logo\\\/image\\\/\"},\"sameAs\":[\"https:\\\/\\\/www.facebook.com\\\/cltcenter\",\"https:\\\/\\\/x.com\\\/Center4CLTs\",\"https:\\\/\\\/www.instagram.com\\\/cltcenter\\\/\",\"https:\\\/\\\/www.linkedin.com\\\/company\\\/cltcenter\",\"https:\\\/\\\/www.youtube.com\\\/@centerforcltinnovation5313\"],\"description\":\"The International Center for Community Land Trusts is a not-for-profit nongovernmental organization established in 2018 to promote and to support community land trusts and similar strategies of community-led development on community-owned land in countries throughout the world.\",\"email\":\"info@communitylandtrust.net\",\"legalName\":\"International Center for Community Land Trusts\",\"foundingDate\":\"2018-12-01\",\"taxID\":\"84-3858933\",\"numberOfEmployees\":{\"@type\":\"QuantitativeValue\",\"minValue\":\"1\",\"maxValue\":\"10\"}},{\"@type\":\"Person\",\"@id\":\"https:\\\/\\\/www.cltweb.org\\\/fr\\\/#\\\/schema\\\/person\\\/7c9fe56cc945e4b57585dbfe30f2ead4\",\"name\":\"Ben Harris\",\"image\":{\"@type\":\"ImageObject\",\"inLanguage\":\"fr-FR\",\"@id\":\"https:\\\/\\\/secure.gravatar.com\\\/avatar\\\/12a44d8988553548c22c57da673ee8ffb7e0b87b0197beec533bae3061a92cc5?s=96&d=mm&r=g\",\"url\":\"https:\\\/\\\/secure.gravatar.com\\\/avatar\\\/12a44d8988553548c22c57da673ee8ffb7e0b87b0197beec533bae3061a92cc5?s=96&d=mm&r=g\",\"contentUrl\":\"https:\\\/\\\/secure.gravatar.com\\\/avatar\\\/12a44d8988553548c22c57da673ee8ffb7e0b87b0197beec533bae3061a92cc5?s=96&d=mm&r=g\",\"caption\":\"Ben Harris\"},\"url\":\"https:\\\/\\\/www.cltweb.org\\\/fr\\\/author\\\/ben\\\/\"}]}<\/script>\n<!-- \/ Yoast SEO Premium plugin. -->","yoast_head_json":{"title":"Terra Nostra Press et la m\u00e9moire du mouvement CLT - International Center for Community Land Trusts","robots":{"index":"index","follow":"follow","max-snippet":"max-snippet:-1","max-image-preview":"max-image-preview:large","max-video-preview":"max-video-preview:-1"},"canonical":"https:\/\/www.cltweb.org\/fr\/2025\/12\/08\/terra-nostra-press-et-la-memoire-du-mouvement-clt\/","og_locale":"fr_FR","og_type":"article","og_title":"Terra Nostra Press et la m\u00e9moire du mouvement CLT","og_description":"Cet article fait partie de notre campagne de fin d&#8217;ann\u00e9e c\u00e9l\u00e9brant la mani\u00e8re dont le Centre CLT s&#8217;efforce de servir le mouvement CLT mondial. Cette semaine, nous mettons en lumi\u00e8re [&hellip;]","og_url":"https:\/\/www.cltweb.org\/fr\/2025\/12\/08\/terra-nostra-press-et-la-memoire-du-mouvement-clt\/","og_site_name":"International Center for Community Land Trusts","article_publisher":"https:\/\/www.facebook.com\/cltcenter","article_published_time":"2025-12-08T18:54:15+00:00","article_modified_time":"2025-12-08T18:55:27+00:00","og_image":[{"width":1500,"height":300,"url":"https:\/\/www.cltweb.org\/wp-content\/uploads\/2025\/11\/Land-for-People-Not-for-Profit-Banner.gif","type":"image\/gif"}],"author":"Ben Harris","twitter_card":"summary_large_image","twitter_creator":"@Center4CLTs","twitter_site":"@Center4CLTs","twitter_misc":{"\u00c9crit par":"Ben Harris","Dur\u00e9e de lecture estim\u00e9e":"3 minutes"},"schema":{"@context":"https:\/\/schema.org","@graph":[{"@type":"Article","@id":"https:\/\/www.cltweb.org\/fr\/2025\/12\/08\/terra-nostra-press-et-la-memoire-du-mouvement-clt\/#article","isPartOf":{"@id":"https:\/\/www.cltweb.org\/fr\/2025\/12\/08\/terra-nostra-press-et-la-memoire-du-mouvement-clt\/"},"author":{"name":"Ben Harris","@id":"https:\/\/www.cltweb.org\/fr\/#\/schema\/person\/7c9fe56cc945e4b57585dbfe30f2ead4"},"headline":"Terra Nostra Press et la m\u00e9moire du mouvement CLT","datePublished":"2025-12-08T18:54:15+00:00","dateModified":"2025-12-08T18:55:27+00:00","mainEntityOfPage":{"@id":"https:\/\/www.cltweb.org\/fr\/2025\/12\/08\/terra-nostra-press-et-la-memoire-du-mouvement-clt\/"},"wordCount":710,"publisher":{"@id":"https:\/\/www.cltweb.org\/fr\/#organization"},"image":{"@id":"https:\/\/www.cltweb.org\/fr\/2025\/12\/08\/terra-nostra-press-et-la-memoire-du-mouvement-clt\/#primaryimage"},"thumbnailUrl":"https:\/\/www.cltweb.org\/wp-content\/uploads\/2025\/11\/Land-for-People-Not-for-Profit-Banner.gif","articleSection":["Non classifi\u00e9(e)"],"inLanguage":"fr-FR"},{"@type":"WebPage","@id":"https:\/\/www.cltweb.org\/fr\/2025\/12\/08\/terra-nostra-press-et-la-memoire-du-mouvement-clt\/","url":"https:\/\/www.cltweb.org\/fr\/2025\/12\/08\/terra-nostra-press-et-la-memoire-du-mouvement-clt\/","name":"Terra Nostra Press et la m\u00e9moire du mouvement CLT - International Center for Community Land Trusts","isPartOf":{"@id":"https:\/\/www.cltweb.org\/fr\/#website"},"primaryImageOfPage":{"@id":"https:\/\/www.cltweb.org\/fr\/2025\/12\/08\/terra-nostra-press-et-la-memoire-du-mouvement-clt\/#primaryimage"},"image":{"@id":"https:\/\/www.cltweb.org\/fr\/2025\/12\/08\/terra-nostra-press-et-la-memoire-du-mouvement-clt\/#primaryimage"},"thumbnailUrl":"https:\/\/www.cltweb.org\/wp-content\/uploads\/2025\/11\/Land-for-People-Not-for-Profit-Banner.gif","datePublished":"2025-12-08T18:54:15+00:00","dateModified":"2025-12-08T18:55:27+00:00","breadcrumb":{"@id":"https:\/\/www.cltweb.org\/fr\/2025\/12\/08\/terra-nostra-press-et-la-memoire-du-mouvement-clt\/#breadcrumb"},"inLanguage":"fr-FR","potentialAction":[{"@type":"ReadAction","target":["https:\/\/www.cltweb.org\/fr\/2025\/12\/08\/terra-nostra-press-et-la-memoire-du-mouvement-clt\/"]}]},{"@type":"ImageObject","inLanguage":"fr-FR","@id":"https:\/\/www.cltweb.org\/fr\/2025\/12\/08\/terra-nostra-press-et-la-memoire-du-mouvement-clt\/#primaryimage","url":"https:\/\/www.cltweb.org\/wp-content\/uploads\/2025\/11\/Land-for-People-Not-for-Profit-Banner.gif","contentUrl":"https:\/\/www.cltweb.org\/wp-content\/uploads\/2025\/11\/Land-for-People-Not-for-Profit-Banner.gif"},{"@type":"BreadcrumbList","@id":"https:\/\/www.cltweb.org\/fr\/2025\/12\/08\/terra-nostra-press-et-la-memoire-du-mouvement-clt\/#breadcrumb","itemListElement":[{"@type":"ListItem","position":1,"name":"Home","item":"https:\/\/www.cltweb.org\/fr\/"},{"@type":"ListItem","position":2,"name":"Terra Nostra Press et la m\u00e9moire du mouvement CLT"}]},{"@type":"WebSite","@id":"https:\/\/www.cltweb.org\/fr\/#website","url":"https:\/\/www.cltweb.org\/fr\/","name":"International Center for Community Land Trusts","description":"","publisher":{"@id":"https:\/\/www.cltweb.org\/fr\/#organization"},"potentialAction":[{"@type":"SearchAction","target":{"@type":"EntryPoint","urlTemplate":"https:\/\/www.cltweb.org\/fr\/?s={search_term_string}"},"query-input":{"@type":"PropertyValueSpecification","valueRequired":true,"valueName":"search_term_string"}}],"inLanguage":"fr-FR"},{"@type":"Organization","@id":"https:\/\/www.cltweb.org\/fr\/#organization","name":"International Center for Community Land Trusts","url":"https:\/\/www.cltweb.org\/fr\/","logo":{"@type":"ImageObject","inLanguage":"fr-FR","@id":"https:\/\/www.cltweb.org\/fr\/#\/schema\/logo\/image\/","url":"https:\/\/www.cltweb.org\/wp-content\/uploads\/2024\/11\/New-CLT-Center-Text-logo.png","contentUrl":"https:\/\/www.cltweb.org\/wp-content\/uploads\/2024\/11\/New-CLT-Center-Text-logo.png","width":227,"height":80,"caption":"International Center for Community Land Trusts"},"image":{"@id":"https:\/\/www.cltweb.org\/fr\/#\/schema\/logo\/image\/"},"sameAs":["https:\/\/www.facebook.com\/cltcenter","https:\/\/x.com\/Center4CLTs","https:\/\/www.instagram.com\/cltcenter\/","https:\/\/www.linkedin.com\/company\/cltcenter","https:\/\/www.youtube.com\/@centerforcltinnovation5313"],"description":"The International Center for Community Land Trusts is a not-for-profit nongovernmental organization established in 2018 to promote and to support community land trusts and similar strategies of community-led development on community-owned land in countries throughout the world.","email":"info@communitylandtrust.net","legalName":"International Center for Community Land Trusts","foundingDate":"2018-12-01","taxID":"84-3858933","numberOfEmployees":{"@type":"QuantitativeValue","minValue":"1","maxValue":"10"}},{"@type":"Person","@id":"https:\/\/www.cltweb.org\/fr\/#\/schema\/person\/7c9fe56cc945e4b57585dbfe30f2ead4","name":"Ben Harris","image":{"@type":"ImageObject","inLanguage":"fr-FR","@id":"https:\/\/secure.gravatar.com\/avatar\/12a44d8988553548c22c57da673ee8ffb7e0b87b0197beec533bae3061a92cc5?s=96&d=mm&r=g","url":"https:\/\/secure.gravatar.com\/avatar\/12a44d8988553548c22c57da673ee8ffb7e0b87b0197beec533bae3061a92cc5?s=96&d=mm&r=g","contentUrl":"https:\/\/secure.gravatar.com\/avatar\/12a44d8988553548c22c57da673ee8ffb7e0b87b0197beec533bae3061a92cc5?s=96&d=mm&r=g","caption":"Ben Harris"},"url":"https:\/\/www.cltweb.org\/fr\/author\/ben\/"}]}},"taxonomy_info":{"category":[{"value":29,"label":"Non classifi\u00e9(e)"}]},"featured_image_src_large":false,"author_info":{"display_name":"Ben Harris","author_link":"https:\/\/www.cltweb.org\/fr\/author\/ben\/"},"comment_info":0,"category_info":[{"term_id":29,"name":"Non classifi\u00e9(e)","slug":"non-classifiee","term_group":0,"term_taxonomy_id":29,"taxonomy":"category","description":"","parent":0,"count":20,"filter":"raw","cat_ID":29,"category_count":20,"category_description":"","cat_name":"Non classifi\u00e9(e)","category_nicename":"non-classifiee","category_parent":0}],"tag_info":false,"jetpack_featured_media_url":"","jetpack_sharing_enabled":true,"jetpack-related-posts":[{"id":6578,"url":"https:\/\/www.cltweb.org\/fr\/2022\/10\/31\/mouvement-clt-de-toronto-justice-en-matiere-de-logement-equite-raciale-et-democratie-economique\/","url_meta":{"origin":10898,"position":0},"title":"Mouvement CLT de Toronto : Justice en mati\u00e8re de logement, \u00e9quit\u00e9 raciale et d\u00e9mocratie \u00e9conomique","author":"cltredesign_0jp0l4","date":"31 octobre 2022","format":false,"excerpt":"Quoi : Justice en mati\u00e8re de logement, \u00e9quit\u00e9 raciale et d\u00e9mocratie \u00e9conomique Quand : Ven, 4 novembre 2022, 18h30 - 20h30 EDT O\u00f9 : Mark's Church, 201 Cowan Avenue, Toronto, ON Si vous assistez \u00e0 la conf\u00e9rence de l'ACSP, vous pouvez vous rendre au site depuis le Hilton Toronto en\u2026","rel":"","context":"Dans &quot;Non classifi\u00e9(e)&quot;","block_context":{"text":"Non classifi\u00e9(e)","link":"https:\/\/www.cltweb.org\/fr\/category\/non-classifiee\/"},"img":{"alt_text":"","src":"","width":0,"height":0},"classes":[]},{"id":10688,"url":"https:\/\/www.cltweb.org\/2025\/11\/11\/la-terre-pour-les-gens-pas-pour-le-profit-construire-linfrastructure-dun-mouvement-mondial-2\/","url_meta":{"origin":10898,"position":1},"title":"La terre pour les gens, pas pour le profit : Construire l&#8217;infrastructure d&#8217;un mouvement mondial","author":"Ben Harris","date":"11 novembre 2025","format":false,"excerpt":"Cette ann\u00e9e, l'International Center for Community Land Trusts lance sa toute premi\u00e8re campagne de fin d'ann\u00e9e - une occasion de r\u00e9fl\u00e9chir \u00e0 ce que nous construisons ensemble et aux relations qui rendent ce travail possible. Partout dans le monde, les CLT prouvent qu'il est possible d'\u00e9tablir une autre relation avec\u2026","rel":"","context":"Dans &quot;Blogs&quot;","block_context":{"text":"Blogs","link":"https:\/\/www.cltweb.org\/fr\/category\/blogs-fr\/"},"img":{"alt_text":"","src":"https:\/\/i0.wp.com\/www.cltweb.org\/wp-content\/uploads\/2025\/11\/Land-for-People-Not-For-Profit.gif?resize=350%2C200&ssl=1","width":350,"height":200,"srcset":"https:\/\/i0.wp.com\/www.cltweb.org\/wp-content\/uploads\/2025\/11\/Land-for-People-Not-For-Profit.gif?resize=350%2C200&ssl=1 1x, https:\/\/i0.wp.com\/www.cltweb.org\/wp-content\/uploads\/2025\/11\/Land-for-People-Not-For-Profit.gif?resize=525%2C300&ssl=1 1.5x, https:\/\/i0.wp.com\/www.cltweb.org\/wp-content\/uploads\/2025\/11\/Land-for-People-Not-For-Profit.gif?resize=700%2C400&ssl=1 2x, https:\/\/i0.wp.com\/www.cltweb.org\/wp-content\/uploads\/2025\/11\/Land-for-People-Not-For-Profit.gif?resize=1050%2C600&ssl=1 3x"},"classes":[]},{"id":10689,"url":"https:\/\/www.cltweb.org\/fr\/2025\/11\/11\/la-terre-pour-les-gens-pas-pour-le-profit-construire-linfrastructure-dun-mouvement-mondial\/","url_meta":{"origin":10898,"position":2},"title":"La terre pour les gens, pas pour le profit : Construire l&#8217;infrastructure d&#8217;un mouvement mondial","author":"Ben Harris","date":"11 novembre 2025","format":false,"excerpt":"Cette ann\u00e9e, l'International Center for Community Land Trusts lance sa toute premi\u00e8re campagne de fin d'ann\u00e9e - une occasion de r\u00e9fl\u00e9chir \u00e0 ce que nous construisons ensemble et aux relations qui rendent ce travail possible. Partout dans le monde, les CLT prouvent qu'il est possible d'\u00e9tablir une autre relation avec\u2026","rel":"","context":"Dans &quot;Blogs&quot;","block_context":{"text":"Blogs","link":"https:\/\/www.cltweb.org\/fr\/category\/blogs-fr\/"},"img":{"alt_text":"","src":"https:\/\/i0.wp.com\/www.cltweb.org\/wp-content\/uploads\/2025\/11\/Land-for-People-Not-For-Profit.gif?resize=350%2C200&ssl=1","width":350,"height":200,"srcset":"https:\/\/i0.wp.com\/www.cltweb.org\/wp-content\/uploads\/2025\/11\/Land-for-People-Not-For-Profit.gif?resize=350%2C200&ssl=1 1x, https:\/\/i0.wp.com\/www.cltweb.org\/wp-content\/uploads\/2025\/11\/Land-for-People-Not-For-Profit.gif?resize=525%2C300&ssl=1 1.5x, https:\/\/i0.wp.com\/www.cltweb.org\/wp-content\/uploads\/2025\/11\/Land-for-People-Not-For-Profit.gif?resize=700%2C400&ssl=1 2x, https:\/\/i0.wp.com\/www.cltweb.org\/wp-content\/uploads\/2025\/11\/Land-for-People-Not-For-Profit.gif?resize=1050%2C600&ssl=1 3x"},"classes":[]},{"id":9541,"url":"https:\/\/www.cltweb.org\/fr\/2025\/05\/21\/des-biens-communs-pour-la-justice-les-clt-a-travers-les-continents-au-festival-international-du-logement-social\/","url_meta":{"origin":10898,"position":3},"title":"Des biens communs pour la justice : Les CLT \u00e0 travers les continents au Festival international du logement social","author":"Ben Harris","date":"21 mai 2025","format":false,"excerpt":"\u00c0 une \u00e9poque marqu\u00e9e par des crises du logement, des march\u00e9s fonciers extractifs et des in\u00e9galit\u00e9s croissantes, les communaut\u00e9s du monde entier se r\u00e9approprient les biens communs. \u00c0 l'occasion du 2025 International Social Housing Festival \u00e0 Dublin, en Irlande (du 4 au 6 juin), le European Community Land Trust Network\u2026","rel":"","context":"Dans &quot;Blogs&quot;","block_context":{"text":"Blogs","link":"https:\/\/www.cltweb.org\/fr\/category\/blogs-fr\/"},"img":{"alt_text":"","src":"https:\/\/i0.wp.com\/www.cltweb.org\/wp-content\/uploads\/2025\/05\/Keti-Tskitishvili.jpg?resize=350%2C200&ssl=1","width":350,"height":200,"srcset":"https:\/\/i0.wp.com\/www.cltweb.org\/wp-content\/uploads\/2025\/05\/Keti-Tskitishvili.jpg?resize=350%2C200&ssl=1 1x, https:\/\/i0.wp.com\/www.cltweb.org\/wp-content\/uploads\/2025\/05\/Keti-Tskitishvili.jpg?resize=525%2C300&ssl=1 1.5x, https:\/\/i0.wp.com\/www.cltweb.org\/wp-content\/uploads\/2025\/05\/Keti-Tskitishvili.jpg?resize=700%2C400&ssl=1 2x"},"classes":[]},{"id":10664,"url":"https:\/\/www.cltweb.org\/fr\/2025\/11\/17\/les-clt-et-laction-climatique-un-mouvement-croissant-pour-une-transition-juste\/","url_meta":{"origin":10898,"position":4},"title":"Les CLT et l&#8217;action climatique : Un mouvement croissant pour une transition juste","author":"Ben Harris","date":"17 novembre 2025","format":false,"excerpt":"Cet article fait partie de notre campagne de fin d'ann\u00e9e c\u00e9l\u00e9brant la mani\u00e8re dont le Centre CLT s'efforce de servir le mouvement CLT mondial. Cette semaine, nous mettons en lumi\u00e8re : L'initiative pour la justice climatique L'urgence climatique n'est plus une menace lointaine : elle est l\u00e0, remodelant les lieux\u2026","rel":"","context":"Dans &quot;Initiative pour la justice climatique&quot;","block_context":{"text":"Initiative pour la justice climatique","link":"https:\/\/www.cltweb.org\/fr\/category\/initiative-pour-la-justice-climatique\/"},"img":{"alt_text":"","src":"https:\/\/i0.wp.com\/www.cltweb.org\/wp-content\/uploads\/2025\/11\/Land-for-People-Not-for-Profit-Banner.gif?resize=350%2C200&ssl=1","width":350,"height":200,"srcset":"https:\/\/i0.wp.com\/www.cltweb.org\/wp-content\/uploads\/2025\/11\/Land-for-People-Not-for-Profit-Banner.gif?resize=350%2C200&ssl=1 1x, https:\/\/i0.wp.com\/www.cltweb.org\/wp-content\/uploads\/2025\/11\/Land-for-People-Not-for-Profit-Banner.gif?resize=525%2C300&ssl=1 1.5x, https:\/\/i0.wp.com\/www.cltweb.org\/wp-content\/uploads\/2025\/11\/Land-for-People-Not-for-Profit-Banner.gif?resize=700%2C400&ssl=1 2x, https:\/\/i0.wp.com\/www.cltweb.org\/wp-content\/uploads\/2025\/11\/Land-for-People-Not-for-Profit-Banner.gif?resize=1050%2C600&ssl=1 3x, https:\/\/i0.wp.com\/www.cltweb.org\/wp-content\/uploads\/2025\/11\/Land-for-People-Not-for-Profit-Banner.gif?resize=1400%2C800&ssl=1 4x"},"classes":[]},{"id":10803,"url":"https:\/\/www.cltweb.org\/fr\/2025\/11\/28\/journee-mondiale-des-clt-une-celebration-mondiale-de-la-solidarite-1\/","url_meta":{"origin":10898,"position":5},"title":"Construire ensemble gr\u00e2ce \u00e0 la collaboration","author":"Ben Harris","date":"28 novembre 2025","format":false,"excerpt":"Cet article fait partie de notre campagne de fin d'ann\u00e9e c\u00e9l\u00e9brant la mani\u00e8re dont le Centre CLT s'efforce de servir le mouvement CLT mondial. Cette semaine, nous mettons en lumi\u00e8re : Nos collaborateurs en 2025 Derri\u00e8re chaque CLT prosp\u00e8re se trouvent les personnes qui le rendent possible : les organisateurs,\u2026","rel":"","context":"Dans &quot;Non classifi\u00e9(e)&quot;","block_context":{"text":"Non classifi\u00e9(e)","link":"https:\/\/www.cltweb.org\/fr\/category\/non-classifiee\/"},"img":{"alt_text":"","src":"https:\/\/i0.wp.com\/www.cltweb.org\/wp-content\/uploads\/2025\/11\/Land-for-People-Not-for-Profit-Banner.gif?resize=350%2C200&ssl=1","width":350,"height":200,"srcset":"https:\/\/i0.wp.com\/www.cltweb.org\/wp-content\/uploads\/2025\/11\/Land-for-People-Not-for-Profit-Banner.gif?resize=350%2C200&ssl=1 1x, https:\/\/i0.wp.com\/www.cltweb.org\/wp-content\/uploads\/2025\/11\/Land-for-People-Not-for-Profit-Banner.gif?resize=525%2C300&ssl=1 1.5x, https:\/\/i0.wp.com\/www.cltweb.org\/wp-content\/uploads\/2025\/11\/Land-for-People-Not-for-Profit-Banner.gif?resize=700%2C400&ssl=1 2x, https:\/\/i0.wp.com\/www.cltweb.org\/wp-content\/uploads\/2025\/11\/Land-for-People-Not-for-Profit-Banner.gif?resize=1050%2C600&ssl=1 3x, https:\/\/i0.wp.com\/www.cltweb.org\/wp-content\/uploads\/2025\/11\/Land-for-People-Not-for-Profit-Banner.gif?resize=1400%2C800&ssl=1 4x"},"classes":[]}],"_links":{"self":[{"href":"https:\/\/www.cltweb.org\/fr\/wp-json\/wp\/v2\/posts\/10898","targetHints":{"allow":["GET"]}}],"collection":[{"href":"https:\/\/www.cltweb.org\/fr\/wp-json\/wp\/v2\/posts"}],"about":[{"href":"https:\/\/www.cltweb.org\/fr\/wp-json\/wp\/v2\/types\/post"}],"author":[{"embeddable":true,"href":"https:\/\/www.cltweb.org\/fr\/wp-json\/wp\/v2\/users\/2"}],"replies":[{"embeddable":true,"href":"https:\/\/www.cltweb.org\/fr\/wp-json\/wp\/v2\/comments?post=10898"}],"version-history":[{"count":1,"href":"https:\/\/www.cltweb.org\/fr\/wp-json\/wp\/v2\/posts\/10898\/revisions"}],"predecessor-version":[{"id":10901,"href":"https:\/\/www.cltweb.org\/fr\/wp-json\/wp\/v2\/posts\/10898\/revisions\/10901"}],"wp:attachment":[{"href":"https:\/\/www.cltweb.org\/fr\/wp-json\/wp\/v2\/media?parent=10898"}],"wp:term":[{"taxonomy":"category","embeddable":true,"href":"https:\/\/www.cltweb.org\/fr\/wp-json\/wp\/v2\/categories?post=10898"},{"taxonomy":"post_tag","embeddable":true,"href":"https:\/\/www.cltweb.org\/fr\/wp-json\/wp\/v2\/tags?post=10898"}],"curies":[{"name":"wp","href":"https:\/\/api.w.org\/{rel}","templated":true}]}}