{"id":6577,"date":"2022-10-21T00:00:00","date_gmt":"2022-10-21T00:00:00","guid":{"rendered":"https:\/\/www.cltweb.org\/2022\/10\/21\/workshop-und-jahresfeier-stadtbodenstiftung-berlin\/"},"modified":"2022-10-21T00:00:00","modified_gmt":"2022-10-21T00:00:00","slug":"workshop-und-jahresfeier-stadtbodenstiftung-berlin","status":"publish","type":"post","link":"https:\/\/www.cltweb.org\/fr\/2022\/10\/21\/workshop-und-jahresfeier-stadtbodenstiftung-berlin\/","title":{"rendered":"Workshop und Jahresfeier Stadtbodenstiftung Berlin"},"content":{"rendered":"<p><a href=\"https:\/\/www.stadtbodenstiftung.de\"><img loading=\"lazy\" decoding=\"async\" class=\"alignright wp-image-6716 \" src=\"https:\/\/www.cltweb.org\/wp-content\/uploads\/2022\/10\/Berlin-CLT-Logo-300x300.png\" alt=\"Logo de la Stadtbodenstiftung\" width=\"252\" height=\"252\"><\/a>Les Journ\u00e9es de la Stadtbodenstiftung \u00e0 Berlin s&#8217;inscrivent dans le cadre de la Journ\u00e9e mondiale de la lutte contre le terrorisme. <strong>Chaque nuit, de 16h00 \u00e0 17h30<\/strong>, nous participerons \u00e0 un atelier d&#8217;information sur le th\u00e8me de la fondation. La devise de l&#8217;ann\u00e9e du Welt-CLT-Tags &#8211; Community Matters &#8211; sera reprise dans l&#8217;atelier, afin de permettre aux personnes int\u00e9ress\u00e9es de s&#8217;exprimer sur le d\u00e9veloppement de notre base, le comit\u00e9 d&#8217;entreprise. Le Comit\u00e9 de la fondation est un partenaire pour tous les projets, pour les membres, pour les membres de la famille et pour les membres de la famille. En vertu de ce principe, les travailleurs seront bient\u00f4t transf\u00e9r\u00e9s au sein du Kuratorium. Nous avons l&#8217;intention de faire entrer l&#8217;association dans la vie au cours de la prochaine ann\u00e9e, de partager ensemble des id\u00e9es et des souhaits et de discuter de nouvelles questions. <strong>Le week-end \u00e0 partir de 18 heures<\/strong>, nous jetterons un coup d&#8217;\u0153il sur les activit\u00e9s de la Stadtbodenstiftung et nous f\u00eaterons notre anniversaire. Wir haben verschiedene G\u00e4ste zu kurzen Inputs eingeladen und werden auch einige internationale Beitr\u00e4ge dabei haben. mit Film zu unserem Projekt &#8220;Gemeingut statt Leerstand&#8221; <strong>wo :<\/strong> Biergarten Jockel, Ratiborstra\u00dfe 14c, 10999 Berlin <strong>wann :<\/strong> Samstag, den 29. Oktober 2022<br \/>\n16:00 &#8211; 17:30 Uhr : Visite de la maison de la fondation<br \/>\n\u00e0 18h00 : Retour et visite des lieux avec des f\u00eates de fin d&#8217;ann\u00e9e \u00e0 venir. Nous nous r\u00e9jouissons de votre pr\u00e9sence !<\/p>\n<hr>\n<h3>Atelier et r\u00e9union annuelle de la Stadtbodenstiftung Berlin<\/h3>\n<p>La r\u00e9union annuelle et la f\u00eate d&#8217;un an de la Stadtbodenstiftung, le premier CLT en Allemagne, ont lieu \u00e0 Berlin en m\u00eame temps que la Journ\u00e9e mondiale du CLT et pour la c\u00e9l\u00e9brer. L&#8217;<strong>apr\u00e8s-midi, de<\/strong> <strong>16h00<\/strong> <strong>\u00e0 17h30<\/strong>, nous vous invitons \u00e0 un atelier informel. Nous aimerions profiter de la devise de la Journ\u00e9e mondiale des CLT de cette ann\u00e9e &#8211; La communaut\u00e9 est importante &#8211; pour commencer \u00e0 conceptualiser notre organe d&#8217;adh\u00e9sion, le &#8220;Stiftungskomitee&#8221;. Le &#8220;Stiftungskomitee&#8221; est ouvert \u00e0 toutes les personnes impliqu\u00e9es dans la Stadtbodenstiftung, aux locataires, aux voisins et aux donateurs. C&#8217;est au sein de cet organe que les repr\u00e9sentants seront \u00e9lus au conseil d&#8217;administration. Nous pr\u00e9voyons de cr\u00e9er officiellement le &#8220;Stiftungskomitee&#8221; l&#8217;ann\u00e9e prochaine et souhaitons partager des id\u00e9es et discuter des prochaines \u00e9tapes. Le <strong>soir, \u00e0 partir de 18 heures<\/strong>, nous pr\u00e9senterons un bilan et des perspectives des activit\u00e9s de la Stadtbodenstiftung et nous souhaiterions c\u00e9l\u00e9brer notre premier anniversaire. Nous avons invit\u00e9 plusieurs personnes \u00e0 faire de br\u00e8ves pr\u00e9sentations et nous aurons \u00e9galement des contributions internationales. Nous projetterons le film sur notre projet de l&#8217;ann\u00e9e derni\u00e8re &#8220;Des biens communs au lieu d&#8217;un espace vide&#8221; <strong>o\u00f9 :<\/strong> Biergarten Jockel, Ratiborstra\u00dfe 14c, 10999 Berlin <strong>quand :<\/strong> Samedi 29 octobre 2022<br \/>\n16h00 &#8211; 17h30 : atelier et \u00e9change d&#8217;id\u00e9es &#8220;Stiftungskomitee&#8221;<br \/>\n\u00e0 partir de 18h00 : bilan et perspectives suivis d&#8217;une f\u00eate Nous nous r\u00e9jouissons de vous voir !<\/p>\n","protected":false},"excerpt":{"rendered":"<p>Les Journ\u00e9es de la Stadtbodenstiftung \u00e0 Berlin s&#8217;inscrivent dans le cadre de la Journ\u00e9e mondiale de la lutte contre le terrorisme. Chaque nuit, de 16h00 \u00e0 17h30, nous participerons \u00e0 [&hellip;]<\/p>\n","protected":false},"author":1,"featured_media":0,"comment_status":"open","ping_status":"open","sticky":false,"template":"","format":"standard","meta":{"give_campaign_id":0,"_tec_requires_first_save":true,"_kad_blocks_custom_css":"","_kad_blocks_head_custom_js":"","_kad_blocks_body_custom_js":"","_kad_blocks_footer_custom_js":"","_EventAllDay":false,"_EventTimezone":"","_EventStartDate":"","_EventEndDate":"","_EventStartDateUTC":"","_EventEndDateUTC":"","_EventShowMap":false,"_EventShowMapLink":false,"_EventURL":"","_EventCost":"","_EventCostDescription":"","_EventCurrencySymbol":"","_EventCurrencyCode":"","_EventCurrencyPosition":"","_EventDateTimeSeparator":"","_EventTimeRangeSeparator":"","_EventOrganizerID":[],"_EventVenueID":[],"_OrganizerEmail":"","_OrganizerPhone":"","_OrganizerWebsite":"","_VenueAddress":"","_VenueCity":"","_VenueCountry":"","_VenueProvince":"","_VenueState":"","_VenueZip":"","_VenuePhone":"","_VenueURL":"","_VenueStateProvince":"","_VenueLat":"","_VenueLng":"","_VenueShowMap":false,"_VenueShowMapLink":false,"_tribe_blocks_recurrence_rules":"","_tribe_blocks_recurrence_description":"","_tribe_blocks_recurrence_exclusions":"","_jetpack_memberships_contains_paid_content":false,"footnotes":""},"categories":[29],"tags":[],"class_list":["post-6577","post","type-post","status-publish","format-standard","hentry","category-non-classifiee"],"blocksy_meta":[],"yoast_head":"<!-- This site is optimized with the Yoast SEO Premium plugin v27.4 (Yoast SEO v27.5) - https:\/\/yoast.com\/product\/yoast-seo-premium-wordpress\/ -->\n<title>Workshop und Jahresfeier Stadtbodenstiftung Berlin - International Center for Community Land Trusts<\/title>\n<meta name=\"robots\" content=\"index, follow, max-snippet:-1, max-image-preview:large, max-video-preview:-1\" \/>\n<link rel=\"canonical\" href=\"https:\/\/www.cltweb.org\/fr\/2022\/10\/21\/workshop-und-jahresfeier-stadtbodenstiftung-berlin\/\" \/>\n<meta property=\"og:locale\" content=\"fr_FR\" \/>\n<meta property=\"og:type\" content=\"article\" \/>\n<meta property=\"og:title\" content=\"Workshop und Jahresfeier Stadtbodenstiftung Berlin\" \/>\n<meta property=\"og:description\" content=\"Les Journ\u00e9es de la Stadtbodenstiftung \u00e0 Berlin s&#8217;inscrivent dans le cadre de la Journ\u00e9e mondiale de la lutte contre le terrorisme. Chaque nuit, de 16h00 \u00e0 17h30, nous participerons \u00e0 [&hellip;]\" \/>\n<meta property=\"og:url\" content=\"https:\/\/www.cltweb.org\/fr\/2022\/10\/21\/workshop-und-jahresfeier-stadtbodenstiftung-berlin\/\" \/>\n<meta property=\"og:site_name\" content=\"International Center for Community Land Trusts\" \/>\n<meta property=\"article:publisher\" content=\"https:\/\/www.facebook.com\/cltcenter\" \/>\n<meta property=\"article:published_time\" content=\"2022-10-21T00:00:00+00:00\" \/>\n<meta name=\"author\" content=\"cltredesign_0jp0l4\" \/>\n<meta name=\"twitter:card\" content=\"summary_large_image\" \/>\n<meta name=\"twitter:creator\" content=\"@Center4CLTs\" \/>\n<meta name=\"twitter:site\" content=\"@Center4CLTs\" \/>\n<meta name=\"twitter:label1\" content=\"\u00c9crit par\" \/>\n\t<meta name=\"twitter:data1\" content=\"cltredesign_0jp0l4\" \/>\n\t<meta name=\"twitter:label2\" content=\"Dur\u00e9e de lecture estim\u00e9e\" \/>\n\t<meta name=\"twitter:data2\" content=\"2 minutes\" \/>\n<script type=\"application\/ld+json\" class=\"yoast-schema-graph\">{\"@context\":\"https:\\\/\\\/schema.org\",\"@graph\":[{\"@type\":\"Article\",\"@id\":\"https:\\\/\\\/www.cltweb.org\\\/fr\\\/2022\\\/10\\\/21\\\/workshop-und-jahresfeier-stadtbodenstiftung-berlin\\\/#article\",\"isPartOf\":{\"@id\":\"https:\\\/\\\/www.cltweb.org\\\/fr\\\/2022\\\/10\\\/21\\\/workshop-und-jahresfeier-stadtbodenstiftung-berlin\\\/\"},\"author\":{\"name\":\"cltredesign_0jp0l4\",\"@id\":\"https:\\\/\\\/www.cltweb.org\\\/fr\\\/#\\\/schema\\\/person\\\/afd3723291b60b81c27772953e5b49d6\"},\"headline\":\"Workshop und Jahresfeier Stadtbodenstiftung Berlin\",\"datePublished\":\"2022-10-21T00:00:00+00:00\",\"mainEntityOfPage\":{\"@id\":\"https:\\\/\\\/www.cltweb.org\\\/fr\\\/2022\\\/10\\\/21\\\/workshop-und-jahresfeier-stadtbodenstiftung-berlin\\\/\"},\"wordCount\":517,\"commentCount\":0,\"publisher\":{\"@id\":\"https:\\\/\\\/www.cltweb.org\\\/fr\\\/#organization\"},\"image\":{\"@id\":\"https:\\\/\\\/www.cltweb.org\\\/fr\\\/2022\\\/10\\\/21\\\/workshop-und-jahresfeier-stadtbodenstiftung-berlin\\\/#primaryimage\"},\"thumbnailUrl\":\"https:\\\/\\\/www.cltweb.org\\\/wp-content\\\/uploads\\\/2022\\\/10\\\/Berlin-CLT-Logo-300x300.png\",\"articleSection\":[\"Non classifi\u00e9(e)\"],\"inLanguage\":\"fr-FR\",\"potentialAction\":[{\"@type\":\"CommentAction\",\"name\":\"Comment\",\"target\":[\"https:\\\/\\\/www.cltweb.org\\\/fr\\\/2022\\\/10\\\/21\\\/workshop-und-jahresfeier-stadtbodenstiftung-berlin\\\/#respond\"]}]},{\"@type\":\"WebPage\",\"@id\":\"https:\\\/\\\/www.cltweb.org\\\/fr\\\/2022\\\/10\\\/21\\\/workshop-und-jahresfeier-stadtbodenstiftung-berlin\\\/\",\"url\":\"https:\\\/\\\/www.cltweb.org\\\/fr\\\/2022\\\/10\\\/21\\\/workshop-und-jahresfeier-stadtbodenstiftung-berlin\\\/\",\"name\":\"Workshop und Jahresfeier Stadtbodenstiftung Berlin - International Center for Community Land Trusts\",\"isPartOf\":{\"@id\":\"https:\\\/\\\/www.cltweb.org\\\/fr\\\/#website\"},\"primaryImageOfPage\":{\"@id\":\"https:\\\/\\\/www.cltweb.org\\\/fr\\\/2022\\\/10\\\/21\\\/workshop-und-jahresfeier-stadtbodenstiftung-berlin\\\/#primaryimage\"},\"image\":{\"@id\":\"https:\\\/\\\/www.cltweb.org\\\/fr\\\/2022\\\/10\\\/21\\\/workshop-und-jahresfeier-stadtbodenstiftung-berlin\\\/#primaryimage\"},\"thumbnailUrl\":\"https:\\\/\\\/www.cltweb.org\\\/wp-content\\\/uploads\\\/2022\\\/10\\\/Berlin-CLT-Logo-300x300.png\",\"datePublished\":\"2022-10-21T00:00:00+00:00\",\"breadcrumb\":{\"@id\":\"https:\\\/\\\/www.cltweb.org\\\/fr\\\/2022\\\/10\\\/21\\\/workshop-und-jahresfeier-stadtbodenstiftung-berlin\\\/#breadcrumb\"},\"inLanguage\":\"fr-FR\",\"potentialAction\":[{\"@type\":\"ReadAction\",\"target\":[\"https:\\\/\\\/www.cltweb.org\\\/fr\\\/2022\\\/10\\\/21\\\/workshop-und-jahresfeier-stadtbodenstiftung-berlin\\\/\"]}]},{\"@type\":\"ImageObject\",\"inLanguage\":\"fr-FR\",\"@id\":\"https:\\\/\\\/www.cltweb.org\\\/fr\\\/2022\\\/10\\\/21\\\/workshop-und-jahresfeier-stadtbodenstiftung-berlin\\\/#primaryimage\",\"url\":\"https:\\\/\\\/www.cltweb.org\\\/wp-content\\\/uploads\\\/2022\\\/10\\\/Berlin-CLT-Logo-300x300.png\",\"contentUrl\":\"https:\\\/\\\/www.cltweb.org\\\/wp-content\\\/uploads\\\/2022\\\/10\\\/Berlin-CLT-Logo-300x300.png\"},{\"@type\":\"BreadcrumbList\",\"@id\":\"https:\\\/\\\/www.cltweb.org\\\/fr\\\/2022\\\/10\\\/21\\\/workshop-und-jahresfeier-stadtbodenstiftung-berlin\\\/#breadcrumb\",\"itemListElement\":[{\"@type\":\"ListItem\",\"position\":1,\"name\":\"Home\",\"item\":\"https:\\\/\\\/www.cltweb.org\\\/fr\\\/\"},{\"@type\":\"ListItem\",\"position\":2,\"name\":\"Workshop und Jahresfeier Stadtbodenstiftung Berlin\"}]},{\"@type\":\"WebSite\",\"@id\":\"https:\\\/\\\/www.cltweb.org\\\/fr\\\/#website\",\"url\":\"https:\\\/\\\/www.cltweb.org\\\/fr\\\/\",\"name\":\"International Center for Community Land Trusts\",\"description\":\"\",\"publisher\":{\"@id\":\"https:\\\/\\\/www.cltweb.org\\\/fr\\\/#organization\"},\"potentialAction\":[{\"@type\":\"SearchAction\",\"target\":{\"@type\":\"EntryPoint\",\"urlTemplate\":\"https:\\\/\\\/www.cltweb.org\\\/fr\\\/?s={search_term_string}\"},\"query-input\":{\"@type\":\"PropertyValueSpecification\",\"valueRequired\":true,\"valueName\":\"search_term_string\"}}],\"inLanguage\":\"fr-FR\"},{\"@type\":\"Organization\",\"@id\":\"https:\\\/\\\/www.cltweb.org\\\/fr\\\/#organization\",\"name\":\"International Center for Community Land Trusts\",\"url\":\"https:\\\/\\\/www.cltweb.org\\\/fr\\\/\",\"logo\":{\"@type\":\"ImageObject\",\"inLanguage\":\"fr-FR\",\"@id\":\"https:\\\/\\\/www.cltweb.org\\\/fr\\\/#\\\/schema\\\/logo\\\/image\\\/\",\"url\":\"https:\\\/\\\/www.cltweb.org\\\/wp-content\\\/uploads\\\/2024\\\/11\\\/New-CLT-Center-Text-logo.png\",\"contentUrl\":\"https:\\\/\\\/www.cltweb.org\\\/wp-content\\\/uploads\\\/2024\\\/11\\\/New-CLT-Center-Text-logo.png\",\"width\":227,\"height\":80,\"caption\":\"International Center for Community Land Trusts\"},\"image\":{\"@id\":\"https:\\\/\\\/www.cltweb.org\\\/fr\\\/#\\\/schema\\\/logo\\\/image\\\/\"},\"sameAs\":[\"https:\\\/\\\/www.facebook.com\\\/cltcenter\",\"https:\\\/\\\/x.com\\\/Center4CLTs\",\"https:\\\/\\\/www.instagram.com\\\/cltcenter\\\/\",\"https:\\\/\\\/www.linkedin.com\\\/company\\\/cltcenter\",\"https:\\\/\\\/www.youtube.com\\\/@centerforcltinnovation5313\"],\"description\":\"The International Center for Community Land Trusts is a not-for-profit nongovernmental organization established in 2018 to promote and to support community land trusts and similar strategies of community-led development on community-owned land in countries throughout the world.\",\"email\":\"info@communitylandtrust.net\",\"legalName\":\"International Center for Community Land Trusts\",\"foundingDate\":\"2018-12-01\",\"taxID\":\"84-3858933\",\"numberOfEmployees\":{\"@type\":\"QuantitativeValue\",\"minValue\":\"1\",\"maxValue\":\"10\"}},{\"@type\":\"Person\",\"@id\":\"https:\\\/\\\/www.cltweb.org\\\/fr\\\/#\\\/schema\\\/person\\\/afd3723291b60b81c27772953e5b49d6\",\"name\":\"cltredesign_0jp0l4\",\"image\":{\"@type\":\"ImageObject\",\"inLanguage\":\"fr-FR\",\"@id\":\"https:\\\/\\\/secure.gravatar.com\\\/avatar\\\/1012e57596c2454da589d773454d3eb22a64f2ff638e62850caeb654f3affad5?s=96&d=mm&r=g\",\"url\":\"https:\\\/\\\/secure.gravatar.com\\\/avatar\\\/1012e57596c2454da589d773454d3eb22a64f2ff638e62850caeb654f3affad5?s=96&d=mm&r=g\",\"contentUrl\":\"https:\\\/\\\/secure.gravatar.com\\\/avatar\\\/1012e57596c2454da589d773454d3eb22a64f2ff638e62850caeb654f3affad5?s=96&d=mm&r=g\",\"caption\":\"cltredesign_0jp0l4\"},\"sameAs\":[\"https:\\\/\\\/icclt.org\"],\"url\":\"https:\\\/\\\/www.cltweb.org\\\/fr\\\/author\\\/cltredesign_0jp0l4\\\/\"}]}<\/script>\n<!-- \/ Yoast SEO Premium plugin. -->","yoast_head_json":{"title":"Workshop und Jahresfeier Stadtbodenstiftung Berlin - International Center for Community Land Trusts","robots":{"index":"index","follow":"follow","max-snippet":"max-snippet:-1","max-image-preview":"max-image-preview:large","max-video-preview":"max-video-preview:-1"},"canonical":"https:\/\/www.cltweb.org\/fr\/2022\/10\/21\/workshop-und-jahresfeier-stadtbodenstiftung-berlin\/","og_locale":"fr_FR","og_type":"article","og_title":"Workshop und Jahresfeier Stadtbodenstiftung Berlin","og_description":"Les Journ\u00e9es de la Stadtbodenstiftung \u00e0 Berlin s&#8217;inscrivent dans le cadre de la Journ\u00e9e mondiale de la lutte contre le terrorisme. Chaque nuit, de 16h00 \u00e0 17h30, nous participerons \u00e0 [&hellip;]","og_url":"https:\/\/www.cltweb.org\/fr\/2022\/10\/21\/workshop-und-jahresfeier-stadtbodenstiftung-berlin\/","og_site_name":"International Center for Community Land Trusts","article_publisher":"https:\/\/www.facebook.com\/cltcenter","article_published_time":"2022-10-21T00:00:00+00:00","author":"cltredesign_0jp0l4","twitter_card":"summary_large_image","twitter_creator":"@Center4CLTs","twitter_site":"@Center4CLTs","twitter_misc":{"\u00c9crit par":"cltredesign_0jp0l4","Dur\u00e9e de lecture estim\u00e9e":"2 minutes"},"schema":{"@context":"https:\/\/schema.org","@graph":[{"@type":"Article","@id":"https:\/\/www.cltweb.org\/fr\/2022\/10\/21\/workshop-und-jahresfeier-stadtbodenstiftung-berlin\/#article","isPartOf":{"@id":"https:\/\/www.cltweb.org\/fr\/2022\/10\/21\/workshop-und-jahresfeier-stadtbodenstiftung-berlin\/"},"author":{"name":"cltredesign_0jp0l4","@id":"https:\/\/www.cltweb.org\/fr\/#\/schema\/person\/afd3723291b60b81c27772953e5b49d6"},"headline":"Workshop und Jahresfeier Stadtbodenstiftung Berlin","datePublished":"2022-10-21T00:00:00+00:00","mainEntityOfPage":{"@id":"https:\/\/www.cltweb.org\/fr\/2022\/10\/21\/workshop-und-jahresfeier-stadtbodenstiftung-berlin\/"},"wordCount":517,"commentCount":0,"publisher":{"@id":"https:\/\/www.cltweb.org\/fr\/#organization"},"image":{"@id":"https:\/\/www.cltweb.org\/fr\/2022\/10\/21\/workshop-und-jahresfeier-stadtbodenstiftung-berlin\/#primaryimage"},"thumbnailUrl":"https:\/\/www.cltweb.org\/wp-content\/uploads\/2022\/10\/Berlin-CLT-Logo-300x300.png","articleSection":["Non classifi\u00e9(e)"],"inLanguage":"fr-FR","potentialAction":[{"@type":"CommentAction","name":"Comment","target":["https:\/\/www.cltweb.org\/fr\/2022\/10\/21\/workshop-und-jahresfeier-stadtbodenstiftung-berlin\/#respond"]}]},{"@type":"WebPage","@id":"https:\/\/www.cltweb.org\/fr\/2022\/10\/21\/workshop-und-jahresfeier-stadtbodenstiftung-berlin\/","url":"https:\/\/www.cltweb.org\/fr\/2022\/10\/21\/workshop-und-jahresfeier-stadtbodenstiftung-berlin\/","name":"Workshop und Jahresfeier Stadtbodenstiftung Berlin - International Center for Community Land Trusts","isPartOf":{"@id":"https:\/\/www.cltweb.org\/fr\/#website"},"primaryImageOfPage":{"@id":"https:\/\/www.cltweb.org\/fr\/2022\/10\/21\/workshop-und-jahresfeier-stadtbodenstiftung-berlin\/#primaryimage"},"image":{"@id":"https:\/\/www.cltweb.org\/fr\/2022\/10\/21\/workshop-und-jahresfeier-stadtbodenstiftung-berlin\/#primaryimage"},"thumbnailUrl":"https:\/\/www.cltweb.org\/wp-content\/uploads\/2022\/10\/Berlin-CLT-Logo-300x300.png","datePublished":"2022-10-21T00:00:00+00:00","breadcrumb":{"@id":"https:\/\/www.cltweb.org\/fr\/2022\/10\/21\/workshop-und-jahresfeier-stadtbodenstiftung-berlin\/#breadcrumb"},"inLanguage":"fr-FR","potentialAction":[{"@type":"ReadAction","target":["https:\/\/www.cltweb.org\/fr\/2022\/10\/21\/workshop-und-jahresfeier-stadtbodenstiftung-berlin\/"]}]},{"@type":"ImageObject","inLanguage":"fr-FR","@id":"https:\/\/www.cltweb.org\/fr\/2022\/10\/21\/workshop-und-jahresfeier-stadtbodenstiftung-berlin\/#primaryimage","url":"https:\/\/www.cltweb.org\/wp-content\/uploads\/2022\/10\/Berlin-CLT-Logo-300x300.png","contentUrl":"https:\/\/www.cltweb.org\/wp-content\/uploads\/2022\/10\/Berlin-CLT-Logo-300x300.png"},{"@type":"BreadcrumbList","@id":"https:\/\/www.cltweb.org\/fr\/2022\/10\/21\/workshop-und-jahresfeier-stadtbodenstiftung-berlin\/#breadcrumb","itemListElement":[{"@type":"ListItem","position":1,"name":"Home","item":"https:\/\/www.cltweb.org\/fr\/"},{"@type":"ListItem","position":2,"name":"Workshop und Jahresfeier Stadtbodenstiftung Berlin"}]},{"@type":"WebSite","@id":"https:\/\/www.cltweb.org\/fr\/#website","url":"https:\/\/www.cltweb.org\/fr\/","name":"International Center for Community Land Trusts","description":"","publisher":{"@id":"https:\/\/www.cltweb.org\/fr\/#organization"},"potentialAction":[{"@type":"SearchAction","target":{"@type":"EntryPoint","urlTemplate":"https:\/\/www.cltweb.org\/fr\/?s={search_term_string}"},"query-input":{"@type":"PropertyValueSpecification","valueRequired":true,"valueName":"search_term_string"}}],"inLanguage":"fr-FR"},{"@type":"Organization","@id":"https:\/\/www.cltweb.org\/fr\/#organization","name":"International Center for Community Land Trusts","url":"https:\/\/www.cltweb.org\/fr\/","logo":{"@type":"ImageObject","inLanguage":"fr-FR","@id":"https:\/\/www.cltweb.org\/fr\/#\/schema\/logo\/image\/","url":"https:\/\/www.cltweb.org\/wp-content\/uploads\/2024\/11\/New-CLT-Center-Text-logo.png","contentUrl":"https:\/\/www.cltweb.org\/wp-content\/uploads\/2024\/11\/New-CLT-Center-Text-logo.png","width":227,"height":80,"caption":"International Center for Community Land Trusts"},"image":{"@id":"https:\/\/www.cltweb.org\/fr\/#\/schema\/logo\/image\/"},"sameAs":["https:\/\/www.facebook.com\/cltcenter","https:\/\/x.com\/Center4CLTs","https:\/\/www.instagram.com\/cltcenter\/","https:\/\/www.linkedin.com\/company\/cltcenter","https:\/\/www.youtube.com\/@centerforcltinnovation5313"],"description":"The International Center for Community Land Trusts is a not-for-profit nongovernmental organization established in 2018 to promote and to support community land trusts and similar strategies of community-led development on community-owned land in countries throughout the world.","email":"info@communitylandtrust.net","legalName":"International Center for Community Land Trusts","foundingDate":"2018-12-01","taxID":"84-3858933","numberOfEmployees":{"@type":"QuantitativeValue","minValue":"1","maxValue":"10"}},{"@type":"Person","@id":"https:\/\/www.cltweb.org\/fr\/#\/schema\/person\/afd3723291b60b81c27772953e5b49d6","name":"cltredesign_0jp0l4","image":{"@type":"ImageObject","inLanguage":"fr-FR","@id":"https:\/\/secure.gravatar.com\/avatar\/1012e57596c2454da589d773454d3eb22a64f2ff638e62850caeb654f3affad5?s=96&d=mm&r=g","url":"https:\/\/secure.gravatar.com\/avatar\/1012e57596c2454da589d773454d3eb22a64f2ff638e62850caeb654f3affad5?s=96&d=mm&r=g","contentUrl":"https:\/\/secure.gravatar.com\/avatar\/1012e57596c2454da589d773454d3eb22a64f2ff638e62850caeb654f3affad5?s=96&d=mm&r=g","caption":"cltredesign_0jp0l4"},"sameAs":["https:\/\/icclt.org"],"url":"https:\/\/www.cltweb.org\/fr\/author\/cltredesign_0jp0l4\/"}]}},"taxonomy_info":{"category":[{"value":29,"label":"Non classifi\u00e9(e)"}]},"featured_image_src_large":false,"author_info":{"display_name":"cltredesign_0jp0l4","author_link":"https:\/\/www.cltweb.org\/fr\/author\/cltredesign_0jp0l4\/"},"comment_info":0,"category_info":[{"term_id":29,"name":"Non classifi\u00e9(e)","slug":"non-classifiee","term_group":0,"term_taxonomy_id":29,"taxonomy":"category","description":"","parent":0,"count":20,"filter":"raw","cat_ID":29,"category_count":20,"category_description":"","cat_name":"Non classifi\u00e9(e)","category_nicename":"non-classifiee","category_parent":0}],"tag_info":false,"jetpack_featured_media_url":"","jetpack_sharing_enabled":true,"jetpack-related-posts":[{"id":9541,"url":"https:\/\/www.cltweb.org\/fr\/2025\/05\/21\/des-biens-communs-pour-la-justice-les-clt-a-travers-les-continents-au-festival-international-du-logement-social\/","url_meta":{"origin":6577,"position":0},"title":"Des biens communs pour la justice : Les CLT \u00e0 travers les continents au Festival international du logement social","author":"Ben Harris","date":"21 mai 2025","format":false,"excerpt":"\u00c0 une \u00e9poque marqu\u00e9e par des crises du logement, des march\u00e9s fonciers extractifs et des in\u00e9galit\u00e9s croissantes, les communaut\u00e9s du monde entier se r\u00e9approprient les biens communs. \u00c0 l'occasion du 2025 International Social Housing Festival \u00e0 Dublin, en Irlande (du 4 au 6 juin), le European Community Land Trust Network\u2026","rel":"","context":"Dans &quot;Blogs&quot;","block_context":{"text":"Blogs","link":"https:\/\/www.cltweb.org\/fr\/category\/blogs-fr\/"},"img":{"alt_text":"","src":"https:\/\/i0.wp.com\/www.cltweb.org\/wp-content\/uploads\/2025\/05\/Keti-Tskitishvili.jpg?resize=350%2C200&ssl=1","width":350,"height":200,"srcset":"https:\/\/i0.wp.com\/www.cltweb.org\/wp-content\/uploads\/2025\/05\/Keti-Tskitishvili.jpg?resize=350%2C200&ssl=1 1x, https:\/\/i0.wp.com\/www.cltweb.org\/wp-content\/uploads\/2025\/05\/Keti-Tskitishvili.jpg?resize=525%2C300&ssl=1 1.5x, https:\/\/i0.wp.com\/www.cltweb.org\/wp-content\/uploads\/2025\/05\/Keti-Tskitishvili.jpg?resize=700%2C400&ssl=1 2x"},"classes":[]},{"id":7882,"url":"https:\/\/www.cltweb.org\/fr\/2024\/11\/22\/un-parcours-personnel-vers-lequite-et-la-justice-en-matiere-de-logement\/","url_meta":{"origin":6577,"position":1},"title":"Un parcours personnel vers l&#8217;\u00e9quit\u00e9 et la justice en mati\u00e8re de logement","author":"Ben Harris","date":"22 novembre 2024","format":false,"excerpt":"La contribution suivante a \u00e9t\u00e9 r\u00e9dig\u00e9e par Ashley Allen, directrice ex\u00e9cutive du Houston Community Land Trust, dans le cadre du prochain webinaire intitul\u00e9 \"La gestion de l'avenir : Le pouvoir et le leadership des jeunes dans la pratique des Community Land Trust\"le 4 d\u00e9cembre. Ashley \u00e0 10 ans, prise dans\u2026","rel":"","context":"Dans &quot;Blogs&quot;","block_context":{"text":"Blogs","link":"https:\/\/www.cltweb.org\/fr\/category\/blogs-fr\/"},"img":{"alt_text":"","src":"https:\/\/i0.wp.com\/www.cltweb.org\/wp-content\/uploads\/2024\/11\/Screenshot_2015-11-18-21-46-57-1-1.png?resize=350%2C200&ssl=1","width":350,"height":200,"srcset":"https:\/\/i0.wp.com\/www.cltweb.org\/wp-content\/uploads\/2024\/11\/Screenshot_2015-11-18-21-46-57-1-1.png?resize=350%2C200&ssl=1 1x, https:\/\/i0.wp.com\/www.cltweb.org\/wp-content\/uploads\/2024\/11\/Screenshot_2015-11-18-21-46-57-1-1.png?resize=525%2C300&ssl=1 1.5x, https:\/\/i0.wp.com\/www.cltweb.org\/wp-content\/uploads\/2024\/11\/Screenshot_2015-11-18-21-46-57-1-1.png?resize=700%2C400&ssl=1 2x, https:\/\/i0.wp.com\/www.cltweb.org\/wp-content\/uploads\/2024\/11\/Screenshot_2015-11-18-21-46-57-1-1.png?resize=1050%2C600&ssl=1 3x, https:\/\/i0.wp.com\/www.cltweb.org\/wp-content\/uploads\/2024\/11\/Screenshot_2015-11-18-21-46-57-1-1.png?resize=1400%2C800&ssl=1 4x"},"classes":[]},{"id":10100,"url":"https:\/\/www.cltweb.org\/fr\/2025\/10\/24\/explorer-le-potentiel-des-fiducies-foncieres-communautaires-a-buenos-aires\/","url_meta":{"origin":6577,"position":2},"title":"Explorer le potentiel des fiducies fonci\u00e8res communautaires \u00e0 Buenos Aires","author":"Ben Harris","date":"24 octobre 2025","format":false,"excerpt":"Par Tarcyla Fidalgo En octobre 2025, dans le cadre de l'initiative Global South CLT du CLT Center, Tarcyla Fidalgo, chef de projet, s'est rendue \u00e0 Buenos Aires, en Argentine, pour \u00e9changer des id\u00e9es sur le logement abordable, la s\u00e9curit\u00e9 d'occupation et la propri\u00e9t\u00e9 fonci\u00e8re collective. La visite s'est appuy\u00e9e sur\u2026","rel":"","context":"Dans &quot;Blogs&quot;","block_context":{"text":"Blogs","link":"https:\/\/www.cltweb.org\/fr\/category\/blogs-fr\/"},"img":{"alt_text":"Tarcyla Fidalgo participates in a seminar at the Public Defender's Office in Buenos Aires, Argentina.","src":"https:\/\/i0.wp.com\/www.cltweb.org\/wp-content\/uploads\/2025\/10\/image-edited.jpeg?resize=350%2C200&ssl=1","width":350,"height":200,"srcset":"https:\/\/i0.wp.com\/www.cltweb.org\/wp-content\/uploads\/2025\/10\/image-edited.jpeg?resize=350%2C200&ssl=1 1x, https:\/\/i0.wp.com\/www.cltweb.org\/wp-content\/uploads\/2025\/10\/image-edited.jpeg?resize=525%2C300&ssl=1 1.5x, https:\/\/i0.wp.com\/www.cltweb.org\/wp-content\/uploads\/2025\/10\/image-edited.jpeg?resize=700%2C400&ssl=1 2x"},"classes":[]},{"id":7689,"url":"https:\/\/www.cltweb.org\/fr\/2024\/11\/11\/introduction-au-pouvoir-et-au-leadership-des-jeunes-dans-la-pratique-du-community-land-trust\/","url_meta":{"origin":6577,"position":3},"title":"Introduction au pouvoir et au leadership des jeunes dans la pratique du Community Land Trust","author":"Ben Harris","date":"11 novembre 2024","format":false,"excerpt":"Par Richard Kruger Delgado La contribution suivante a \u00e9t\u00e9 r\u00e9dig\u00e9e par Richard Kruger Delgado, responsable de l'\u00e9ducation et de la sensibilisation pour l'International Center for Community Land Trusts, dans le cadre du prochain webinaire intitul\u00e9 \"Stewarding the Future : Le pouvoir et le leadership des jeunes dans la pratique des\u2026","rel":"","context":"Dans &quot;Blogs&quot;","block_context":{"text":"Blogs","link":"https:\/\/www.cltweb.org\/fr\/category\/blogs-fr\/"},"img":{"alt_text":"","src":"https:\/\/i0.wp.com\/www.cltweb.org\/wp-content\/uploads\/2024\/11\/Screenshot-2024-11-11-at-5.46.26%E2%80%AFPM.png?resize=350%2C200&ssl=1","width":350,"height":200,"srcset":"https:\/\/i0.wp.com\/www.cltweb.org\/wp-content\/uploads\/2024\/11\/Screenshot-2024-11-11-at-5.46.26%E2%80%AFPM.png?resize=350%2C200&ssl=1 1x, https:\/\/i0.wp.com\/www.cltweb.org\/wp-content\/uploads\/2024\/11\/Screenshot-2024-11-11-at-5.46.26%E2%80%AFPM.png?resize=525%2C300&ssl=1 1.5x, https:\/\/i0.wp.com\/www.cltweb.org\/wp-content\/uploads\/2024\/11\/Screenshot-2024-11-11-at-5.46.26%E2%80%AFPM.png?resize=700%2C400&ssl=1 2x"},"classes":[]},{"id":6599,"url":"https:\/\/www.cltweb.org\/fr\/2022\/10\/11\/evenement-du-centre-clt-reforme-fonciere-en-ecosse\/","url_meta":{"origin":6577,"position":4},"title":"EVENEMENT DU CENTRE CLT : R\u00e9forme fonci\u00e8re en Ecosse","author":"cltredesign_0jp0l4","date":"11 octobre 2022","format":false,"excerpt":"Rejoignez-nous pour une discussion sur la r\u00e9forme fonci\u00e8re \u00e9cossaise et les liens entre l'agenda de la r\u00e9forme fonci\u00e8re et le logement g\u00e9r\u00e9 par la communaut\u00e9 et l'autonomisation de la communaut\u00e9. La session comprendra des pr\u00e9sentations de la Scottish Land Commission, de Community Land Scotland et de Wigtown & Bladnoch Community\u2026","rel":"","context":"Dans &quot;Non classifi\u00e9(e)&quot;","block_context":{"text":"Non classifi\u00e9(e)","link":"https:\/\/www.cltweb.org\/fr\/category\/non-classifiee\/"},"img":{"alt_text":"Logo SOSCH","src":"https:\/\/i0.wp.com\/www.cltweb.org\/wp-content\/uploads\/2022\/10\/SOSCH-logo.png?resize=350%2C200&ssl=1","width":350,"height":200},"classes":[]},{"id":10688,"url":"https:\/\/www.cltweb.org\/2025\/11\/11\/la-terre-pour-les-gens-pas-pour-le-profit-construire-linfrastructure-dun-mouvement-mondial-2\/","url_meta":{"origin":6577,"position":5},"title":"La terre pour les gens, pas pour le profit : Construire l&#8217;infrastructure d&#8217;un mouvement mondial","author":"Ben Harris","date":"11 novembre 2025","format":false,"excerpt":"Cette ann\u00e9e, l'International Center for Community Land Trusts lance sa toute premi\u00e8re campagne de fin d'ann\u00e9e - une occasion de r\u00e9fl\u00e9chir \u00e0 ce que nous construisons ensemble et aux relations qui rendent ce travail possible. Partout dans le monde, les CLT prouvent qu'il est possible d'\u00e9tablir une autre relation avec\u2026","rel":"","context":"Dans &quot;Blogs&quot;","block_context":{"text":"Blogs","link":"https:\/\/www.cltweb.org\/fr\/category\/blogs-fr\/"},"img":{"alt_text":"","src":"https:\/\/i0.wp.com\/www.cltweb.org\/wp-content\/uploads\/2025\/11\/Land-for-People-Not-For-Profit.gif?resize=350%2C200&ssl=1","width":350,"height":200,"srcset":"https:\/\/i0.wp.com\/www.cltweb.org\/wp-content\/uploads\/2025\/11\/Land-for-People-Not-For-Profit.gif?resize=350%2C200&ssl=1 1x, https:\/\/i0.wp.com\/www.cltweb.org\/wp-content\/uploads\/2025\/11\/Land-for-People-Not-For-Profit.gif?resize=525%2C300&ssl=1 1.5x, https:\/\/i0.wp.com\/www.cltweb.org\/wp-content\/uploads\/2025\/11\/Land-for-People-Not-For-Profit.gif?resize=700%2C400&ssl=1 2x, https:\/\/i0.wp.com\/www.cltweb.org\/wp-content\/uploads\/2025\/11\/Land-for-People-Not-For-Profit.gif?resize=1050%2C600&ssl=1 3x"},"classes":[]}],"_links":{"self":[{"href":"https:\/\/www.cltweb.org\/fr\/wp-json\/wp\/v2\/posts\/6577","targetHints":{"allow":["GET"]}}],"collection":[{"href":"https:\/\/www.cltweb.org\/fr\/wp-json\/wp\/v2\/posts"}],"about":[{"href":"https:\/\/www.cltweb.org\/fr\/wp-json\/wp\/v2\/types\/post"}],"author":[{"embeddable":true,"href":"https:\/\/www.cltweb.org\/fr\/wp-json\/wp\/v2\/users\/1"}],"replies":[{"embeddable":true,"href":"https:\/\/www.cltweb.org\/fr\/wp-json\/wp\/v2\/comments?post=6577"}],"version-history":[{"count":0,"href":"https:\/\/www.cltweb.org\/fr\/wp-json\/wp\/v2\/posts\/6577\/revisions"}],"wp:attachment":[{"href":"https:\/\/www.cltweb.org\/fr\/wp-json\/wp\/v2\/media?parent=6577"}],"wp:term":[{"taxonomy":"category","embeddable":true,"href":"https:\/\/www.cltweb.org\/fr\/wp-json\/wp\/v2\/categories?post=6577"},{"taxonomy":"post_tag","embeddable":true,"href":"https:\/\/www.cltweb.org\/fr\/wp-json\/wp\/v2\/tags?post=6577"}],"curies":[{"name":"wp","href":"https:\/\/api.w.org\/{rel}","templated":true}]}}