{"id":6583,"date":"2022-10-20T00:00:00","date_gmt":"2022-10-20T00:00:00","guid":{"rendered":"https:\/\/www.cltweb.org\/2022\/10\/20\/la-situation-de-la-clt-dans-le-monde-entier\/"},"modified":"2022-10-20T00:00:00","modified_gmt":"2022-10-20T00:00:00","slug":"la-situation-de-la-clt-dans-le-monde-entier","status":"publish","type":"post","link":"https:\/\/www.cltweb.org\/fr\/2022\/10\/20\/la-situation-de-la-clt-dans-le-monde-entier\/","title":{"rendered":"La situation de la CLT dans le monde entier"},"content":{"rendered":"<p><img loading=\"lazy\" decoding=\"async\" class=\"size-full wp-image-6703 alignright\" src=\"https:\/\/www.cltweb.org\/wp-content\/uploads\/2022\/10\/CLT-Gent-logo-edited.png\" alt=\"Logo du CLT Gand\" width=\"274\" height=\"77\">Il y a deux semaines, lors de la premi\u00e8re r\u00e9union du CLT Gent et du CLT Vlaanderen, nous avons eu l&#8217;occasion d&#8217;organiser deux \u00e9v\u00e9nements importants, \u00e0 l&#8217;occasion de la Journ\u00e9e mondiale du CLT. Pierre Arnold est le directeur de programme de World Habitat et nous explique bri\u00e8vement l&#8217;importance du prix World Habitat qui a \u00e9t\u00e9 d\u00e9cern\u00e9 cette ann\u00e9e par CLT-Bruxelles. De plus, nous avons deux partenaires :<\/p>\n<ul>\n<li><strong>Brenda Torpy<\/strong> est depuis dix ans coordinatrice du Champlain Housing Trust \u00e0 Burlington. Le CLT compte plus de 6 000 habitants, 2 450 logements sociaux et coop\u00e9ratifs, 650 logements et plus de 15 000 m\u00b2 de locaux commerciaux. <\/li>\n<li><strong>Mariolga Julia Pacheco <\/strong>est responsable du CLT de Cano Martin Pena \u00e0 Porto Rico, o\u00f9 un terrain public de 80 hectares a \u00e9t\u00e9 d\u00e9truit, afin de le transformer en un mod\u00e8le de CLT pour les habitants de la ville.<\/li>\n<\/ul>\n<p>Il s&#8217;agit d&#8217;un nom qui signifie que le CLT est utilis\u00e9 dans un b\u00e2timent plus grand. Outre les d\u00e9clarations des entreprises sur l&#8217;utilisation de leurs CLT, les parties prenantes peuvent \u00e9galement s&#8217;exprimer sur la r\u00e9partition des projets CLT, le financement, la participation des entreprises \u00e0 des projets de grande envergure, les gains b\u00eata-albatiques et les prix de march\u00e9, &#8230; Ces questions peuvent \u00eatre r\u00e9gl\u00e9es de mani\u00e8re satisfaisante. Les r\u00e9sultats et les explications doivent \u00eatre r\u00e9dig\u00e9s en anglais. Tot dan ! <\/p>\n","protected":false},"excerpt":{"rendered":"<p>Il y a deux semaines, lors de la premi\u00e8re r\u00e9union du CLT Gent et du CLT Vlaanderen, nous avons eu l&#8217;occasion d&#8217;organiser deux \u00e9v\u00e9nements importants, apr\u00e8s la Journ\u00e9e mondiale du CLT.<\/p>\n","protected":false},"author":1,"featured_media":0,"comment_status":"open","ping_status":"open","sticky":false,"template":"","format":"standard","meta":{"give_campaign_id":0,"_tec_requires_first_save":true,"_kad_blocks_custom_css":"","_kad_blocks_head_custom_js":"","_kad_blocks_body_custom_js":"","_kad_blocks_footer_custom_js":"","_EventAllDay":false,"_EventTimezone":"","_EventStartDate":"","_EventEndDate":"","_EventStartDateUTC":"","_EventEndDateUTC":"","_EventShowMap":false,"_EventShowMapLink":false,"_EventURL":"","_EventCost":"","_EventCostDescription":"","_EventCurrencySymbol":"","_EventCurrencyCode":"","_EventCurrencyPosition":"","_EventDateTimeSeparator":"","_EventTimeRangeSeparator":"","_EventOrganizerID":[],"_EventVenueID":[],"_OrganizerEmail":"","_OrganizerPhone":"","_OrganizerWebsite":"","_VenueAddress":"","_VenueCity":"","_VenueCountry":"","_VenueProvince":"","_VenueState":"","_VenueZip":"","_VenuePhone":"","_VenueURL":"","_VenueStateProvince":"","_VenueLat":"","_VenueLng":"","_VenueShowMap":false,"_VenueShowMapLink":false,"_tribe_blocks_recurrence_rules":"","_tribe_blocks_recurrence_description":"","_tribe_blocks_recurrence_exclusions":"","_jetpack_memberships_contains_paid_content":false,"footnotes":""},"categories":[29],"tags":[],"class_list":["post-6583","post","type-post","status-publish","format-standard","hentry","category-non-classifiee"],"blocksy_meta":[],"yoast_head":"<!-- This site is optimized with the Yoast SEO Premium plugin v27.4 (Yoast SEO v27.5) - https:\/\/yoast.com\/product\/yoast-seo-premium-wordpress\/ -->\n<title>La situation de la CLT dans le monde entier - International Center for Community Land Trusts<\/title>\n<meta name=\"robots\" content=\"index, follow, max-snippet:-1, max-image-preview:large, max-video-preview:-1\" \/>\n<link rel=\"canonical\" href=\"https:\/\/www.cltweb.org\/fr\/2022\/10\/20\/la-situation-de-la-clt-dans-le-monde-entier\/\" \/>\n<meta property=\"og:locale\" content=\"fr_FR\" \/>\n<meta property=\"og:type\" content=\"article\" \/>\n<meta property=\"og:title\" content=\"La situation de la CLT dans le monde entier\" \/>\n<meta property=\"og:description\" content=\"Il y a deux semaines, lors de la premi\u00e8re r\u00e9union du CLT Gent et du CLT Vlaanderen, nous avons eu l&#039;occasion d&#039;organiser deux \u00e9v\u00e9nements importants, apr\u00e8s la Journ\u00e9e mondiale du CLT.\" \/>\n<meta property=\"og:url\" content=\"https:\/\/www.cltweb.org\/fr\/2022\/10\/20\/la-situation-de-la-clt-dans-le-monde-entier\/\" \/>\n<meta property=\"og:site_name\" content=\"International Center for Community Land Trusts\" \/>\n<meta property=\"article:publisher\" content=\"https:\/\/www.facebook.com\/cltcenter\" \/>\n<meta property=\"article:published_time\" content=\"2022-10-20T00:00:00+00:00\" \/>\n<meta name=\"author\" content=\"cltredesign_0jp0l4\" \/>\n<meta name=\"twitter:card\" content=\"summary_large_image\" \/>\n<meta name=\"twitter:creator\" content=\"@Center4CLTs\" \/>\n<meta name=\"twitter:site\" content=\"@Center4CLTs\" \/>\n<meta name=\"twitter:label1\" content=\"\u00c9crit par\" \/>\n\t<meta name=\"twitter:data1\" content=\"cltredesign_0jp0l4\" \/>\n\t<meta name=\"twitter:label2\" content=\"Dur\u00e9e de lecture estim\u00e9e\" \/>\n\t<meta name=\"twitter:data2\" content=\"1 minute\" \/>\n<script type=\"application\/ld+json\" class=\"yoast-schema-graph\">{\"@context\":\"https:\\\/\\\/schema.org\",\"@graph\":[{\"@type\":\"Article\",\"@id\":\"https:\\\/\\\/www.cltweb.org\\\/fr\\\/2022\\\/10\\\/20\\\/la-situation-de-la-clt-dans-le-monde-entier\\\/#article\",\"isPartOf\":{\"@id\":\"https:\\\/\\\/www.cltweb.org\\\/fr\\\/2022\\\/10\\\/20\\\/la-situation-de-la-clt-dans-le-monde-entier\\\/\"},\"author\":{\"name\":\"cltredesign_0jp0l4\",\"@id\":\"https:\\\/\\\/www.cltweb.org\\\/fr\\\/#\\\/schema\\\/person\\\/afd3723291b60b81c27772953e5b49d6\"},\"headline\":\"La situation de la CLT dans le monde entier\",\"datePublished\":\"2022-10-20T00:00:00+00:00\",\"mainEntityOfPage\":{\"@id\":\"https:\\\/\\\/www.cltweb.org\\\/fr\\\/2022\\\/10\\\/20\\\/la-situation-de-la-clt-dans-le-monde-entier\\\/\"},\"wordCount\":246,\"commentCount\":0,\"publisher\":{\"@id\":\"https:\\\/\\\/www.cltweb.org\\\/fr\\\/#organization\"},\"image\":{\"@id\":\"https:\\\/\\\/www.cltweb.org\\\/fr\\\/2022\\\/10\\\/20\\\/la-situation-de-la-clt-dans-le-monde-entier\\\/#primaryimage\"},\"thumbnailUrl\":\"https:\\\/\\\/www.cltweb.org\\\/wp-content\\\/uploads\\\/2022\\\/10\\\/CLT-Gent-logo-edited.png\",\"articleSection\":[\"Non classifi\u00e9(e)\"],\"inLanguage\":\"fr-FR\",\"potentialAction\":[{\"@type\":\"CommentAction\",\"name\":\"Comment\",\"target\":[\"https:\\\/\\\/www.cltweb.org\\\/fr\\\/2022\\\/10\\\/20\\\/la-situation-de-la-clt-dans-le-monde-entier\\\/#respond\"]}]},{\"@type\":\"WebPage\",\"@id\":\"https:\\\/\\\/www.cltweb.org\\\/fr\\\/2022\\\/10\\\/20\\\/la-situation-de-la-clt-dans-le-monde-entier\\\/\",\"url\":\"https:\\\/\\\/www.cltweb.org\\\/fr\\\/2022\\\/10\\\/20\\\/la-situation-de-la-clt-dans-le-monde-entier\\\/\",\"name\":\"La situation de la CLT dans le monde entier - International Center for Community Land Trusts\",\"isPartOf\":{\"@id\":\"https:\\\/\\\/www.cltweb.org\\\/fr\\\/#website\"},\"primaryImageOfPage\":{\"@id\":\"https:\\\/\\\/www.cltweb.org\\\/fr\\\/2022\\\/10\\\/20\\\/la-situation-de-la-clt-dans-le-monde-entier\\\/#primaryimage\"},\"image\":{\"@id\":\"https:\\\/\\\/www.cltweb.org\\\/fr\\\/2022\\\/10\\\/20\\\/la-situation-de-la-clt-dans-le-monde-entier\\\/#primaryimage\"},\"thumbnailUrl\":\"https:\\\/\\\/www.cltweb.org\\\/wp-content\\\/uploads\\\/2022\\\/10\\\/CLT-Gent-logo-edited.png\",\"datePublished\":\"2022-10-20T00:00:00+00:00\",\"breadcrumb\":{\"@id\":\"https:\\\/\\\/www.cltweb.org\\\/fr\\\/2022\\\/10\\\/20\\\/la-situation-de-la-clt-dans-le-monde-entier\\\/#breadcrumb\"},\"inLanguage\":\"fr-FR\",\"potentialAction\":[{\"@type\":\"ReadAction\",\"target\":[\"https:\\\/\\\/www.cltweb.org\\\/fr\\\/2022\\\/10\\\/20\\\/la-situation-de-la-clt-dans-le-monde-entier\\\/\"]}]},{\"@type\":\"ImageObject\",\"inLanguage\":\"fr-FR\",\"@id\":\"https:\\\/\\\/www.cltweb.org\\\/fr\\\/2022\\\/10\\\/20\\\/la-situation-de-la-clt-dans-le-monde-entier\\\/#primaryimage\",\"url\":\"https:\\\/\\\/www.cltweb.org\\\/wp-content\\\/uploads\\\/2022\\\/10\\\/CLT-Gent-logo-edited.png\",\"contentUrl\":\"https:\\\/\\\/www.cltweb.org\\\/wp-content\\\/uploads\\\/2022\\\/10\\\/CLT-Gent-logo-edited.png\"},{\"@type\":\"BreadcrumbList\",\"@id\":\"https:\\\/\\\/www.cltweb.org\\\/fr\\\/2022\\\/10\\\/20\\\/la-situation-de-la-clt-dans-le-monde-entier\\\/#breadcrumb\",\"itemListElement\":[{\"@type\":\"ListItem\",\"position\":1,\"name\":\"Home\",\"item\":\"https:\\\/\\\/www.cltweb.org\\\/fr\\\/\"},{\"@type\":\"ListItem\",\"position\":2,\"name\":\"La situation de la CLT dans le monde entier\"}]},{\"@type\":\"WebSite\",\"@id\":\"https:\\\/\\\/www.cltweb.org\\\/fr\\\/#website\",\"url\":\"https:\\\/\\\/www.cltweb.org\\\/fr\\\/\",\"name\":\"International Center for Community Land Trusts\",\"description\":\"\",\"publisher\":{\"@id\":\"https:\\\/\\\/www.cltweb.org\\\/fr\\\/#organization\"},\"potentialAction\":[{\"@type\":\"SearchAction\",\"target\":{\"@type\":\"EntryPoint\",\"urlTemplate\":\"https:\\\/\\\/www.cltweb.org\\\/fr\\\/?s={search_term_string}\"},\"query-input\":{\"@type\":\"PropertyValueSpecification\",\"valueRequired\":true,\"valueName\":\"search_term_string\"}}],\"inLanguage\":\"fr-FR\"},{\"@type\":\"Organization\",\"@id\":\"https:\\\/\\\/www.cltweb.org\\\/fr\\\/#organization\",\"name\":\"International Center for Community Land Trusts\",\"url\":\"https:\\\/\\\/www.cltweb.org\\\/fr\\\/\",\"logo\":{\"@type\":\"ImageObject\",\"inLanguage\":\"fr-FR\",\"@id\":\"https:\\\/\\\/www.cltweb.org\\\/fr\\\/#\\\/schema\\\/logo\\\/image\\\/\",\"url\":\"https:\\\/\\\/www.cltweb.org\\\/wp-content\\\/uploads\\\/2024\\\/11\\\/New-CLT-Center-Text-logo.png\",\"contentUrl\":\"https:\\\/\\\/www.cltweb.org\\\/wp-content\\\/uploads\\\/2024\\\/11\\\/New-CLT-Center-Text-logo.png\",\"width\":227,\"height\":80,\"caption\":\"International Center for Community Land Trusts\"},\"image\":{\"@id\":\"https:\\\/\\\/www.cltweb.org\\\/fr\\\/#\\\/schema\\\/logo\\\/image\\\/\"},\"sameAs\":[\"https:\\\/\\\/www.facebook.com\\\/cltcenter\",\"https:\\\/\\\/x.com\\\/Center4CLTs\",\"https:\\\/\\\/www.instagram.com\\\/cltcenter\\\/\",\"https:\\\/\\\/www.linkedin.com\\\/company\\\/cltcenter\",\"https:\\\/\\\/www.youtube.com\\\/@centerforcltinnovation5313\"],\"description\":\"The International Center for Community Land Trusts is a not-for-profit nongovernmental organization established in 2018 to promote and to support community land trusts and similar strategies of community-led development on community-owned land in countries throughout the world.\",\"email\":\"info@communitylandtrust.net\",\"legalName\":\"International Center for Community Land Trusts\",\"foundingDate\":\"2018-12-01\",\"taxID\":\"84-3858933\",\"numberOfEmployees\":{\"@type\":\"QuantitativeValue\",\"minValue\":\"1\",\"maxValue\":\"10\"}},{\"@type\":\"Person\",\"@id\":\"https:\\\/\\\/www.cltweb.org\\\/fr\\\/#\\\/schema\\\/person\\\/afd3723291b60b81c27772953e5b49d6\",\"name\":\"cltredesign_0jp0l4\",\"image\":{\"@type\":\"ImageObject\",\"inLanguage\":\"fr-FR\",\"@id\":\"https:\\\/\\\/secure.gravatar.com\\\/avatar\\\/1012e57596c2454da589d773454d3eb22a64f2ff638e62850caeb654f3affad5?s=96&d=mm&r=g\",\"url\":\"https:\\\/\\\/secure.gravatar.com\\\/avatar\\\/1012e57596c2454da589d773454d3eb22a64f2ff638e62850caeb654f3affad5?s=96&d=mm&r=g\",\"contentUrl\":\"https:\\\/\\\/secure.gravatar.com\\\/avatar\\\/1012e57596c2454da589d773454d3eb22a64f2ff638e62850caeb654f3affad5?s=96&d=mm&r=g\",\"caption\":\"cltredesign_0jp0l4\"},\"sameAs\":[\"https:\\\/\\\/icclt.org\"],\"url\":\"https:\\\/\\\/www.cltweb.org\\\/fr\\\/author\\\/cltredesign_0jp0l4\\\/\"}]}<\/script>\n<!-- \/ Yoast SEO Premium plugin. -->","yoast_head_json":{"title":"La situation de la CLT dans le monde entier - International Center for Community Land Trusts","robots":{"index":"index","follow":"follow","max-snippet":"max-snippet:-1","max-image-preview":"max-image-preview:large","max-video-preview":"max-video-preview:-1"},"canonical":"https:\/\/www.cltweb.org\/fr\/2022\/10\/20\/la-situation-de-la-clt-dans-le-monde-entier\/","og_locale":"fr_FR","og_type":"article","og_title":"La situation de la CLT dans le monde entier","og_description":"Il y a deux semaines, lors de la premi\u00e8re r\u00e9union du CLT Gent et du CLT Vlaanderen, nous avons eu l'occasion d'organiser deux \u00e9v\u00e9nements importants, apr\u00e8s la Journ\u00e9e mondiale du CLT.","og_url":"https:\/\/www.cltweb.org\/fr\/2022\/10\/20\/la-situation-de-la-clt-dans-le-monde-entier\/","og_site_name":"International Center for Community Land Trusts","article_publisher":"https:\/\/www.facebook.com\/cltcenter","article_published_time":"2022-10-20T00:00:00+00:00","author":"cltredesign_0jp0l4","twitter_card":"summary_large_image","twitter_creator":"@Center4CLTs","twitter_site":"@Center4CLTs","twitter_misc":{"\u00c9crit par":"cltredesign_0jp0l4","Dur\u00e9e de lecture estim\u00e9e":"1 minute"},"schema":{"@context":"https:\/\/schema.org","@graph":[{"@type":"Article","@id":"https:\/\/www.cltweb.org\/fr\/2022\/10\/20\/la-situation-de-la-clt-dans-le-monde-entier\/#article","isPartOf":{"@id":"https:\/\/www.cltweb.org\/fr\/2022\/10\/20\/la-situation-de-la-clt-dans-le-monde-entier\/"},"author":{"name":"cltredesign_0jp0l4","@id":"https:\/\/www.cltweb.org\/fr\/#\/schema\/person\/afd3723291b60b81c27772953e5b49d6"},"headline":"La situation de la CLT dans le monde entier","datePublished":"2022-10-20T00:00:00+00:00","mainEntityOfPage":{"@id":"https:\/\/www.cltweb.org\/fr\/2022\/10\/20\/la-situation-de-la-clt-dans-le-monde-entier\/"},"wordCount":246,"commentCount":0,"publisher":{"@id":"https:\/\/www.cltweb.org\/fr\/#organization"},"image":{"@id":"https:\/\/www.cltweb.org\/fr\/2022\/10\/20\/la-situation-de-la-clt-dans-le-monde-entier\/#primaryimage"},"thumbnailUrl":"https:\/\/www.cltweb.org\/wp-content\/uploads\/2022\/10\/CLT-Gent-logo-edited.png","articleSection":["Non classifi\u00e9(e)"],"inLanguage":"fr-FR","potentialAction":[{"@type":"CommentAction","name":"Comment","target":["https:\/\/www.cltweb.org\/fr\/2022\/10\/20\/la-situation-de-la-clt-dans-le-monde-entier\/#respond"]}]},{"@type":"WebPage","@id":"https:\/\/www.cltweb.org\/fr\/2022\/10\/20\/la-situation-de-la-clt-dans-le-monde-entier\/","url":"https:\/\/www.cltweb.org\/fr\/2022\/10\/20\/la-situation-de-la-clt-dans-le-monde-entier\/","name":"La situation de la CLT dans le monde entier - International Center for Community Land Trusts","isPartOf":{"@id":"https:\/\/www.cltweb.org\/fr\/#website"},"primaryImageOfPage":{"@id":"https:\/\/www.cltweb.org\/fr\/2022\/10\/20\/la-situation-de-la-clt-dans-le-monde-entier\/#primaryimage"},"image":{"@id":"https:\/\/www.cltweb.org\/fr\/2022\/10\/20\/la-situation-de-la-clt-dans-le-monde-entier\/#primaryimage"},"thumbnailUrl":"https:\/\/www.cltweb.org\/wp-content\/uploads\/2022\/10\/CLT-Gent-logo-edited.png","datePublished":"2022-10-20T00:00:00+00:00","breadcrumb":{"@id":"https:\/\/www.cltweb.org\/fr\/2022\/10\/20\/la-situation-de-la-clt-dans-le-monde-entier\/#breadcrumb"},"inLanguage":"fr-FR","potentialAction":[{"@type":"ReadAction","target":["https:\/\/www.cltweb.org\/fr\/2022\/10\/20\/la-situation-de-la-clt-dans-le-monde-entier\/"]}]},{"@type":"ImageObject","inLanguage":"fr-FR","@id":"https:\/\/www.cltweb.org\/fr\/2022\/10\/20\/la-situation-de-la-clt-dans-le-monde-entier\/#primaryimage","url":"https:\/\/www.cltweb.org\/wp-content\/uploads\/2022\/10\/CLT-Gent-logo-edited.png","contentUrl":"https:\/\/www.cltweb.org\/wp-content\/uploads\/2022\/10\/CLT-Gent-logo-edited.png"},{"@type":"BreadcrumbList","@id":"https:\/\/www.cltweb.org\/fr\/2022\/10\/20\/la-situation-de-la-clt-dans-le-monde-entier\/#breadcrumb","itemListElement":[{"@type":"ListItem","position":1,"name":"Home","item":"https:\/\/www.cltweb.org\/fr\/"},{"@type":"ListItem","position":2,"name":"La situation de la CLT dans le monde entier"}]},{"@type":"WebSite","@id":"https:\/\/www.cltweb.org\/fr\/#website","url":"https:\/\/www.cltweb.org\/fr\/","name":"International Center for Community Land Trusts","description":"","publisher":{"@id":"https:\/\/www.cltweb.org\/fr\/#organization"},"potentialAction":[{"@type":"SearchAction","target":{"@type":"EntryPoint","urlTemplate":"https:\/\/www.cltweb.org\/fr\/?s={search_term_string}"},"query-input":{"@type":"PropertyValueSpecification","valueRequired":true,"valueName":"search_term_string"}}],"inLanguage":"fr-FR"},{"@type":"Organization","@id":"https:\/\/www.cltweb.org\/fr\/#organization","name":"International Center for Community Land Trusts","url":"https:\/\/www.cltweb.org\/fr\/","logo":{"@type":"ImageObject","inLanguage":"fr-FR","@id":"https:\/\/www.cltweb.org\/fr\/#\/schema\/logo\/image\/","url":"https:\/\/www.cltweb.org\/wp-content\/uploads\/2024\/11\/New-CLT-Center-Text-logo.png","contentUrl":"https:\/\/www.cltweb.org\/wp-content\/uploads\/2024\/11\/New-CLT-Center-Text-logo.png","width":227,"height":80,"caption":"International Center for Community Land Trusts"},"image":{"@id":"https:\/\/www.cltweb.org\/fr\/#\/schema\/logo\/image\/"},"sameAs":["https:\/\/www.facebook.com\/cltcenter","https:\/\/x.com\/Center4CLTs","https:\/\/www.instagram.com\/cltcenter\/","https:\/\/www.linkedin.com\/company\/cltcenter","https:\/\/www.youtube.com\/@centerforcltinnovation5313"],"description":"The International Center for Community Land Trusts is a not-for-profit nongovernmental organization established in 2018 to promote and to support community land trusts and similar strategies of community-led development on community-owned land in countries throughout the world.","email":"info@communitylandtrust.net","legalName":"International Center for Community Land Trusts","foundingDate":"2018-12-01","taxID":"84-3858933","numberOfEmployees":{"@type":"QuantitativeValue","minValue":"1","maxValue":"10"}},{"@type":"Person","@id":"https:\/\/www.cltweb.org\/fr\/#\/schema\/person\/afd3723291b60b81c27772953e5b49d6","name":"cltredesign_0jp0l4","image":{"@type":"ImageObject","inLanguage":"fr-FR","@id":"https:\/\/secure.gravatar.com\/avatar\/1012e57596c2454da589d773454d3eb22a64f2ff638e62850caeb654f3affad5?s=96&d=mm&r=g","url":"https:\/\/secure.gravatar.com\/avatar\/1012e57596c2454da589d773454d3eb22a64f2ff638e62850caeb654f3affad5?s=96&d=mm&r=g","contentUrl":"https:\/\/secure.gravatar.com\/avatar\/1012e57596c2454da589d773454d3eb22a64f2ff638e62850caeb654f3affad5?s=96&d=mm&r=g","caption":"cltredesign_0jp0l4"},"sameAs":["https:\/\/icclt.org"],"url":"https:\/\/www.cltweb.org\/fr\/author\/cltredesign_0jp0l4\/"}]}},"taxonomy_info":{"category":[{"value":29,"label":"Non classifi\u00e9(e)"}]},"featured_image_src_large":false,"author_info":{"display_name":"cltredesign_0jp0l4","author_link":"https:\/\/www.cltweb.org\/fr\/author\/cltredesign_0jp0l4\/"},"comment_info":0,"category_info":[{"term_id":29,"name":"Non classifi\u00e9(e)","slug":"non-classifiee","term_group":0,"term_taxonomy_id":29,"taxonomy":"category","description":"","parent":0,"count":20,"filter":"raw","cat_ID":29,"category_count":20,"category_description":"","cat_name":"Non classifi\u00e9(e)","category_nicename":"non-classifiee","category_parent":0}],"tag_info":false,"jetpack_featured_media_url":"","jetpack_sharing_enabled":true,"jetpack-related-posts":[{"id":7240,"url":"https:\/\/www.cltweb.org\/fr\/2024\/09\/10\/les-clt-peuvent-ils-jouer-un-role-dans-la-politique-climatique\/","url_meta":{"origin":6583,"position":0},"title":"Les CLT peuvent-ils jouer un r\u00f4le dans la politique climatique ?","author":"cltredesign_0jp0l4","date":"10 septembre 2024","format":false,"excerpt":"La contribution suivante a \u00e9t\u00e9 r\u00e9dig\u00e9e par Geert De Pauw, coordinateur du Community Land Trust Brussels, dans le cadre du s\u00e9minaire en ligne \"Using CLTs to Deliver Energy Renovation and Permanent Affordability to Existing Housing\" qui se tiendra le 25 septembre. Le Community Land Trust Brussels (CLTB) est une organisation\u2026","rel":"","context":"Dans &quot;Blogs&quot;","block_context":{"text":"Blogs","link":"https:\/\/www.cltweb.org\/fr\/category\/blogs-fr\/"},"img":{"alt_text":"","src":"","width":0,"height":0},"classes":[]},{"id":7248,"url":"https:\/\/www.cltweb.org\/fr\/2024\/09\/03\/introduction-a-lutilisation-des-clt-pour-la-renovation-energetique-et-laccessibilite-permanente-des-logements-existants\/","url_meta":{"origin":6583,"position":1},"title":"Introduction \u00e0 l&#8217;utilisation des CLT pour la r\u00e9novation \u00e9nerg\u00e9tique et l&#8217;accessibilit\u00e9 permanente des logements existants","author":"cltredesign_0jp0l4","date":"3 septembre 2024","format":false,"excerpt":"La contribution suivante a \u00e9t\u00e9 r\u00e9dig\u00e9e par Richard Kruger Delgado, responsable de l'\u00e9ducation et de la sensibilisation pour l'International Center for Community Land Trusts, afin de pr\u00e9senter le prochain webinaire qui aura lieu le 25 septembre. \"Nous avons pour mission de ne pas laisser les gens de c\u00f4t\u00e9. - John\u2026","rel":"","context":"Dans &quot;Blogs&quot;","block_context":{"text":"Blogs","link":"https:\/\/www.cltweb.org\/fr\/category\/blogs-fr\/"},"img":{"alt_text":"","src":"","width":0,"height":0},"classes":[]},{"id":10001,"url":"https:\/\/www.cltweb.org\/fr\/2025\/10\/20\/un-regard-sur-le-passe-et-sur-lavenir-du-mouvement-clt-aux-etats-unis\/","url_meta":{"origin":6583,"position":2},"title":"Un regard sur le pass\u00e9 et sur l&#8217;avenir du mouvement CLT aux \u00c9tats-Unis","author":"cltredesign_0jp0l4","date":"20 octobre 2025","format":false,"excerpt":"John Emmeus Davis s'est adress\u00e9 aux participants de la conf\u00e9rence 2025 Midwest CLT sur le pass\u00e9 et l'avenir possible du mouvement CLT aux \u00c9tats-Unis, et sur ce que nous pouvons faire pour traverser cette p\u00e9riode difficile. Il s'agit d'une transcription de ses remarques extemporan\u00e9es.","rel":"","context":"Dans &quot;Blogs&quot;","block_context":{"text":"Blogs","link":"https:\/\/www.cltweb.org\/fr\/category\/blogs-fr\/"},"img":{"alt_text":"","src":"","width":0,"height":0},"classes":[]},{"id":6600,"url":"https:\/\/www.cltweb.org\/fr\/2022\/10\/11\/retirer-des-terrains-du-marche-pour-rendre-la-ville-abordable\/","url_meta":{"origin":6583,"position":3},"title":"Retirer des terrains du march\u00e9 pour rendre la ville abordable","author":"cltredesign_0jp0l4","date":"11 octobre 2022","format":false,"excerpt":"La solution \u00e0 la crise du logement ne pourrait-elle pas consister \u00e0 retirer les logements et les terrains du march\u00e9, de sorte qu'ils ne puissent pas faire l'objet de sp\u00e9culations et qu'ils restent abordables pour toujours ? C'est ce que font d\u00e9j\u00e0 les Community Land Trusts dans des villes du\u2026","rel":"","context":"Dans &quot;Non classifi\u00e9(e)&quot;","block_context":{"text":"Non classifi\u00e9(e)","link":"https:\/\/www.cltweb.org\/fr\/category\/non-classifiee\/"},"img":{"alt_text":"Logo du CLTB","src":"https:\/\/i0.wp.com\/www.cltweb.org\/wp-content\/uploads\/2022\/10\/CLTB_Logo-1024x660.png?resize=350%2C200&ssl=1","width":350,"height":200},"classes":[]},{"id":6568,"url":"https:\/\/www.cltweb.org\/fr\/2024\/10\/21\/table-ronde-sur-lutilisation-des-clt-pour-la-renovation-energetique-et-laccessibilite-permanente-des-logements-existants\/","url_meta":{"origin":6583,"position":4},"title":"Table ronde sur l&#8217;utilisation des CLT pour la r\u00e9novation \u00e9nerg\u00e9tique et l&#8217;accessibilit\u00e9 permanente des logements existants","author":"Ben Harris","date":"21 octobre 2024","format":false,"excerpt":"ENREGISTREMENT DU WEBINAIRE TRANSCRIPTION EN ANGLAIS ET EN FRAN\u00c7AIS DESCRIPTION DU WEBINAIRE Pour faire suite au webinaire de septembre, nous avons r\u00e9uni les pr\u00e9sentateurs des webinaires pr\u00e9c\u00e9dents pour une discussion d'une heure au cours de laquelle nous avons continu\u00e9 \u00e0 d\u00e9velopper les \u00e9tudes de cas du mois pr\u00e9c\u00e9dent en travaillant\u2026","rel":"","context":"Dans &quot;Non classifi\u00e9(e)&quot;","block_context":{"text":"Non classifi\u00e9(e)","link":"https:\/\/www.cltweb.org\/fr\/category\/non-classifiee\/"},"img":{"alt_text":"Jeanne Mosseray","src":"https:\/\/i0.wp.com\/www.cltweb.org\/wp-content\/uploads\/2024\/08\/jeanne_mosseray-254x300.jpg?resize=350%2C200&ssl=1","width":350,"height":200},"classes":[]},{"id":7212,"url":"https:\/\/www.cltweb.org\/fr\/2024\/09\/16\/soutenir-le-projet-upcycling-trust-le-point-de-vue-dun-chercheur\/","url_meta":{"origin":6583,"position":5},"title":"Soutenir le projet Upcycling Trust : Le point de vue d&#8217;un chercheur","author":"cltredesign_0jp0l4","date":"16 septembre 2024","format":false,"excerpt":"Par Jeanne Mosseray La contribution suivante a \u00e9t\u00e9 r\u00e9dig\u00e9e par Jeanne Mosseray, chercheuse doctorale au Cosmopolis Centre for Urban Research, dans le cadre du webinaire \"Using CLTs to Deliver Energy Renovation and Permanent Affordability to Existing Housing\" qui se tiendra le 25 septembre. En tant que chercheur universitaire sur le\u2026","rel":"","context":"Dans &quot;Blogs&quot;","block_context":{"text":"Blogs","link":"https:\/\/www.cltweb.org\/fr\/category\/blogs-fr\/"},"img":{"alt_text":"","src":"","width":0,"height":0},"classes":[]}],"_links":{"self":[{"href":"https:\/\/www.cltweb.org\/fr\/wp-json\/wp\/v2\/posts\/6583","targetHints":{"allow":["GET"]}}],"collection":[{"href":"https:\/\/www.cltweb.org\/fr\/wp-json\/wp\/v2\/posts"}],"about":[{"href":"https:\/\/www.cltweb.org\/fr\/wp-json\/wp\/v2\/types\/post"}],"author":[{"embeddable":true,"href":"https:\/\/www.cltweb.org\/fr\/wp-json\/wp\/v2\/users\/1"}],"replies":[{"embeddable":true,"href":"https:\/\/www.cltweb.org\/fr\/wp-json\/wp\/v2\/comments?post=6583"}],"version-history":[{"count":0,"href":"https:\/\/www.cltweb.org\/fr\/wp-json\/wp\/v2\/posts\/6583\/revisions"}],"wp:attachment":[{"href":"https:\/\/www.cltweb.org\/fr\/wp-json\/wp\/v2\/media?parent=6583"}],"wp:term":[{"taxonomy":"category","embeddable":true,"href":"https:\/\/www.cltweb.org\/fr\/wp-json\/wp\/v2\/categories?post=6583"},{"taxonomy":"post_tag","embeddable":true,"href":"https:\/\/www.cltweb.org\/fr\/wp-json\/wp\/v2\/tags?post=6583"}],"curies":[{"name":"wp","href":"https:\/\/api.w.org\/{rel}","templated":true}]}}