{"id":6584,"date":"2022-10-21T00:00:00","date_gmt":"2022-10-21T00:00:00","guid":{"rendered":"https:\/\/www.cltweb.org\/2022\/10\/21\/la-grande-fete-du-cltb\/"},"modified":"2022-10-21T00:00:00","modified_gmt":"2022-10-21T00:00:00","slug":"la-grande-fete-du-cltb","status":"publish","type":"post","link":"https:\/\/www.cltweb.org\/fr\/2022\/10\/21\/la-grande-fete-du-cltb\/","title":{"rendered":"La grande f\u00eate du CLTB"},"content":{"rendered":"<section class=\"elementor-section elementor-top-section elementor-element elementor-element-2484205 elementor-section-boxed elementor-section-height-default elementor-section-height-default parallax_section_no qode_elementor_container_no\" data-id=\"2484205\" data-element_type=\"section\">\n<div class=\"elementor-container elementor-column-gap-default\">\n<div class=\"elementor-column elementor-col-100 elementor-top-column elementor-element elementor-element-067a919\" data-id=\"067a919\" data-element_type=\"column\">\n<div class=\"elementor-widget-wrap elementor-element-populated\">\n<div class=\"elementor-element elementor-element-6c76646 elementor-widget elementor-widget-heading\" data-id=\"6c76646\" data-element_type=\"widget\" data-widget_type=\"heading.default\">\n<div class=\"elementor-widget-container\"><\/div>\n<\/div>\n<\/div>\n<\/div>\n<\/div>\n<\/section>\n<section class=\"elementor-section elementor-top-section elementor-element elementor-element-272da83 elementor-section-boxed elementor-section-height-default elementor-section-height-default parallax_section_no qode_elementor_container_no\" data-id=\"272da83\" data-element_type=\"section\">\n<div class=\"elementor-container elementor-column-gap-default\">\n<div class=\"elementor-column elementor-col-33 elementor-top-column elementor-element elementor-element-be06935\" data-id=\"be06935\" data-element_type=\"column\">\n<div class=\"elementor-widget-wrap elementor-element-populated\">\n<div class=\"elementor-element elementor-element-f3d7601 elementor-widget elementor-widget-image\" data-id=\"f3d7601\" data-element_type=\"widget\" data-widget_type=\"image.default\">\n<div class=\"elementor-widget-container\">\n<div class=\"elementor-image\"><img loading=\"lazy\" decoding=\"async\" class=\"attachment-large size-large\" src=\"https:\/\/usercontent.one\/wp\/www.cltb.be\/wp-content\/uploads\/2022\/09\/Bazar-Festival-Print-02-1024x683.jpg\" sizes=\"auto, (max-width: 1024px) 100vw, 1024px\" srcset=\"https:\/\/usercontent.one\/wp\/www.cltb.be\/wp-content\/uploads\/2022\/09\/Bazar-Festival-Print-02-1024x683.jpg 1024w, https:\/\/usercontent.one\/wp\/www.cltb.be\/wp-content\/uploads\/2022\/09\/Bazar-Festival-Print-02-300x200.jpg 300w, https:\/\/usercontent.one\/wp\/www.cltb.be\/wp-content\/uploads\/2022\/09\/Bazar-Festival-Print-02-768x512.jpg 768w, https:\/\/usercontent.one\/wp\/www.cltb.be\/wp-content\/uploads\/2022\/09\/Bazar-Festival-Print-02-1536x1024.jpg 1536w, https:\/\/usercontent.one\/wp\/www.cltb.be\/wp-content\/uploads\/2022\/09\/Bazar-Festival-Print-02-2048x1365.jpg 2048w, https:\/\/usercontent.one\/wp\/www.cltb.be\/wp-content\/uploads\/2022\/09\/Bazar-Festival-Print-02-700x467.jpg 700w\" alt=\"\" width=\"1024\" height=\"683\"><\/div>\n<\/div>\n<\/div>\n<\/div>\n<\/div>\n<div class=\"elementor-column elementor-col-66 elementor-top-column elementor-element elementor-element-fe77b4c\" data-id=\"fe77b4c\" data-element_type=\"column\">\n<div class=\"elementor-widget-wrap elementor-element-populated\">\n<div class=\"elementor-element elementor-element-488bfc4 elementor-widget elementor-widget-heading\" data-id=\"488bfc4\" data-element_type=\"widget\" data-widget_type=\"heading.default\">\n<div class=\"elementor-widget-container\">\n<h4 class=\"elementor-heading-title elementor-size-default\">La rue de l&#8217;Ind\u00e9pendance en f\u00eate<\/h4>\n<\/div>\n<\/div>\n<div class=\"elementor-element elementor-element-43bc112 elementor-widget elementor-widget-heading\" data-id=\"43bc112\" data-element_type=\"widget\" data-widget_type=\"heading.default\">\n<div class=\"elementor-widget-container\">\n<h6 class=\"elementor-heading-title elementor-size-default\">14H-18H &#8211; RUE DE L&#8217;IND\u00c9PENDANCE 15, 1080 MOLENBEEK<\/h6>\n<\/div>\n<\/div>\n<div class=\"elementor-element elementor-element-41befc9 elementor-widget elementor-widget-text-editor\" data-id=\"41befc9\" data-element_type=\"widget\" data-widget_type=\"text-editor.default\">\n<div class=\"elementor-widget-container\">\n<div class=\"elementor-text-editor elementor-clearfix\">\n<p>Brocante, animations de rue avec l&#8217;asbl <a href=\"https:\/\/www.remorquable.be\/fr\/\" target=\"_blank\" rel=\"noopener\">Remorquables<\/a> et animations pour les enfants. Activit\u00e9s organis\u00e9es par <a href=\"https:\/\/www.larueasbl.be\/\" target=\"_blank\" rel=\"noopener\">La Rue asbl<\/a> et les habitants. <\/p>\n<\/div>\n<\/div>\n<\/div>\n<\/div>\n<\/div>\n<\/div>\n<\/section>\n<section class=\"elementor-section elementor-top-section elementor-element elementor-element-c4397b8 elementor-section-boxed elementor-section-height-default elementor-section-height-default parallax_section_no qode_elementor_container_no\" data-id=\"c4397b8\" data-element_type=\"section\">\n<div class=\"elementor-container elementor-column-gap-default\">\n<div class=\"elementor-column elementor-col-33 elementor-top-column elementor-element elementor-element-8569c9e\" data-id=\"8569c9e\" data-element_type=\"column\">\n<div class=\"elementor-widget-wrap elementor-element-populated\">\n<div class=\"elementor-element elementor-element-d6cf9a6 elementor-widget elementor-widget-image\" data-id=\"d6cf9a6\" data-element_type=\"widget\" data-widget_type=\"image.default\">\n<div class=\"elementor-widget-container\">\n<div class=\"elementor-image\"><img loading=\"lazy\" decoding=\"async\" class=\"attachment-large size-large\" src=\"https:\/\/usercontent.one\/wp\/www.cltb.be\/wp-content\/uploads\/2022\/09\/1134-0007_Web-1024x683.jpg\" sizes=\"auto, (max-width: 1024px) 100vw, 1024px\" srcset=\"https:\/\/usercontent.one\/wp\/www.cltb.be\/wp-content\/uploads\/2022\/09\/1134-0007_Web-1024x683.jpg 1024w, https:\/\/usercontent.one\/wp\/www.cltb.be\/wp-content\/uploads\/2022\/09\/1134-0007_Web-300x200.jpg 300w, https:\/\/usercontent.one\/wp\/www.cltb.be\/wp-content\/uploads\/2022\/09\/1134-0007_Web-768x512.jpg 768w, https:\/\/usercontent.one\/wp\/www.cltb.be\/wp-content\/uploads\/2022\/09\/1134-0007_Web-1536x1024.jpg 1536w, https:\/\/usercontent.one\/wp\/www.cltb.be\/wp-content\/uploads\/2022\/09\/1134-0007_Web-700x467.jpg 700w, https:\/\/usercontent.one\/wp\/www.cltb.be\/wp-content\/uploads\/2022\/09\/1134-0007_Web.jpg 1920w\" alt=\"\" width=\"1024\" height=\"683\"><\/div>\n<\/div>\n<\/div>\n<\/div>\n<\/div>\n<div class=\"elementor-column elementor-col-66 elementor-top-column elementor-element elementor-element-e0f2de9\" data-id=\"e0f2de9\" data-element_type=\"column\">\n<div class=\"elementor-widget-wrap elementor-element-populated\">\n<div class=\"elementor-element elementor-element-b2f247d elementor-widget elementor-widget-heading\" data-id=\"b2f247d\" data-element_type=\"widget\" data-widget_type=\"heading.default\">\n<div class=\"elementor-widget-container\">\n<h4 class=\"elementor-heading-title elementor-size-default\">Balades guid\u00e9es \u00e0 pied ou \u00e0 v\u00e9lo<\/h4>\n<\/div>\n<\/div>\n<div class=\"elementor-element elementor-element-f352ef9 elementor-widget elementor-widget-heading\" data-id=\"f352ef9\" data-element_type=\"widget\" data-widget_type=\"heading.default\">\n<div class=\"elementor-widget-container\">\n<h6 class=\"elementor-heading-title elementor-size-default\">14H &#8211; D\u00c9PART ET ARRIV\u00c9E RUE DE L&#8217;IND\u00c9PENDANCE 15, 1080 MOLENBEEK<\/h6>\n<\/div>\n<\/div>\n<div class=\"elementor-element elementor-element-ea283b5 elementor-widget elementor-widget-text-editor\" data-id=\"ea283b5\" data-element_type=\"widget\" data-widget_type=\"text-editor.default\">\n<div class=\"elementor-widget-container\">\n<div class=\"elementor-text-editor elementor-clearfix\">\n<p>Une balade \u00e0 pied \u00e0 travers Molenbeek et ses projets de logements. Pas de r\u00e9servation n\u00e9cessaire. Une balade \u00e0 v\u00e9lo \u00e0 travers les projets du CLTB. Confirmation par email souhait\u00e9e<a href=\"mailto:chloe.mercenier@cltb.be\">(chloe.mercenier@cltb.be)<\/a>. Si vous ne poss\u00e9dez pas de v\u00e9los, vous pouvez en r\u00e9server un aupr\u00e8s de Chlo\u00e9. <\/p>\n<\/div>\n<\/div>\n<\/div>\n<\/div>\n<\/div>\n<\/div>\n<\/section>\n<section class=\"elementor-section elementor-top-section elementor-element elementor-element-0f07737 elementor-section-boxed elementor-section-height-default elementor-section-height-default parallax_section_no qode_elementor_container_no\" data-id=\"0f07737\" data-element_type=\"section\">\n<div class=\"elementor-container elementor-column-gap-default\">\n<div class=\"elementor-column elementor-col-33 elementor-top-column elementor-element elementor-element-faa08b6\" data-id=\"faa08b6\" data-element_type=\"column\">\n<div class=\"elementor-widget-wrap elementor-element-populated\">\n<div class=\"elementor-element elementor-element-0644a9e elementor-widget elementor-widget-image\" data-id=\"0644a9e\" data-element_type=\"widget\" data-widget_type=\"image.default\">\n<div class=\"elementor-widget-container\">\n<div class=\"elementor-image\"><img loading=\"lazy\" decoding=\"async\" class=\"attachment-large size-large\" src=\"https:\/\/usercontent.one\/wp\/www.cltb.be\/wp-content\/uploads\/2022\/09\/IMG_0796-scaled-pcwp8kl82v41o0iiht40vndle70gbxz0orxdpd9y1s.jpg\" sizes=\"auto, (max-width: 600px) 100vw, 600px\" srcset=\"https:\/\/usercontent.one\/wp\/www.cltb.be\/wp-content\/uploads\/2022\/09\/IMG_0796-scaled-pcwp8kl82v41o0iiht40vndle70gbxz0orxdpd9y1s.jpg 600w, https:\/\/usercontent.one\/wp\/www.cltb.be\/wp-content\/uploads\/2022\/09\/IMG_0796-scaled-pcwp8kl82v41o0iiht40vndle70gbxz0orxdpd9y1s-300x200.jpg 300w\" alt=\"\" width=\"600\" height=\"400\"><\/div>\n<\/div>\n<\/div>\n<\/div>\n<\/div>\n<div class=\"elementor-column elementor-col-66 elementor-top-column elementor-element elementor-element-ac0d2ca\" data-id=\"ac0d2ca\" data-element_type=\"column\">\n<div class=\"elementor-widget-wrap elementor-element-populated\">\n<div class=\"elementor-element elementor-element-dd927ce elementor-widget elementor-widget-heading\" data-id=\"dd927ce\" data-element_type=\"widget\" data-widget_type=\"heading.default\">\n<div class=\"elementor-widget-container\">\n<h4 class=\"elementor-heading-title elementor-size-default\">Visites du projet Ind\u00e9pendance<\/h4>\n<\/div>\n<\/div>\n<div class=\"elementor-element elementor-element-4a79967 elementor-widget elementor-widget-heading\" data-id=\"4a79967\" data-element_type=\"widget\" data-widget_type=\"heading.default\">\n<div class=\"elementor-widget-container\">\n<h6 class=\"elementor-heading-title elementor-size-default\">14H30, 15H30, 17H &#8211; D\u00c9PART ET ARRIV\u00c9E RUE DE L&#8217;IND\u00c9PENDANCE 15, 1080 MOLENBEEK<\/h6>\n<\/div>\n<\/div>\n<div class=\"elementor-element elementor-element-9a1a9e1 elementor-widget elementor-widget-text-editor\" data-id=\"9a1a9e1\" data-element_type=\"widget\" data-widget_type=\"text-editor.default\">\n<div class=\"elementor-widget-container\">\n<div class=\"elementor-text-editor elementor-clearfix\">\n<p>Trois d\u00e9parts : 14h30, 15h30, 17h. 30min par visite. <\/p>\n<\/div>\n<\/div>\n<\/div>\n<\/div>\n<\/div>\n<\/div>\n<\/section>\n<section class=\"elementor-section elementor-top-section elementor-element elementor-element-0bd601e elementor-section-boxed elementor-section-height-default elementor-section-height-default parallax_section_no qode_elementor_container_no\" data-id=\"0bd601e\" data-element_type=\"section\">\n<div class=\"elementor-container elementor-column-gap-default\">\n<div class=\"elementor-column elementor-col-33 elementor-top-column elementor-element elementor-element-970ce1a\" data-id=\"970ce1a\" data-element_type=\"column\">\n<div class=\"elementor-widget-wrap elementor-element-populated\">\n<div class=\"elementor-element elementor-element-2a26996 elementor-widget elementor-widget-image\" data-id=\"2a26996\" data-element_type=\"widget\" data-widget_type=\"image.default\">\n<div class=\"elementor-widget-container\">\n<div class=\"elementor-image\"><img loading=\"lazy\" decoding=\"async\" class=\"attachment-large size-large\" src=\"https:\/\/usercontent.one\/wp\/www.cltb.be\/wp-content\/uploads\/2022\/09\/242715261_1953405374819633_259878037745565560_n-1024x683.jpg\" sizes=\"auto, (max-width: 1024px) 100vw, 1024px\" srcset=\"https:\/\/usercontent.one\/wp\/www.cltb.be\/wp-content\/uploads\/2022\/09\/242715261_1953405374819633_259878037745565560_n-1024x683.jpg 1024w, https:\/\/usercontent.one\/wp\/www.cltb.be\/wp-content\/uploads\/2022\/09\/242715261_1953405374819633_259878037745565560_n-300x200.jpg 300w, https:\/\/usercontent.one\/wp\/www.cltb.be\/wp-content\/uploads\/2022\/09\/242715261_1953405374819633_259878037745565560_n-768x512.jpg 768w, https:\/\/usercontent.one\/wp\/www.cltb.be\/wp-content\/uploads\/2022\/09\/242715261_1953405374819633_259878037745565560_n-1536x1024.jpg 1536w, https:\/\/usercontent.one\/wp\/www.cltb.be\/wp-content\/uploads\/2022\/09\/242715261_1953405374819633_259878037745565560_n-700x467.jpg 700w, https:\/\/usercontent.one\/wp\/www.cltb.be\/wp-content\/uploads\/2022\/09\/242715261_1953405374819633_259878037745565560_n.jpg 1944w\" alt=\"\" width=\"1024\" height=\"683\"><\/div>\n<\/div>\n<\/div>\n<\/div>\n<\/div>\n<div class=\"elementor-column elementor-col-66 elementor-top-column elementor-element elementor-element-61d2dbb\" data-id=\"61d2dbb\" data-element_type=\"column\">\n<div class=\"elementor-widget-wrap elementor-element-populated\">\n<div class=\"elementor-element elementor-element-e7597b5 elementor-widget elementor-widget-heading\" data-id=\"e7597b5\" data-element_type=\"widget\" data-widget_type=\"heading.default\">\n<div class=\"elementor-widget-container\">\n<h4 class=\"elementor-heading-title elementor-size-default\">Animation radio par Studio1bis<\/h4>\n<\/div>\n<\/div>\n<div class=\"elementor-element elementor-element-a8488a5 elementor-widget elementor-widget-heading\" data-id=\"a8488a5\" data-element_type=\"widget\" data-widget_type=\"heading.default\">\n<div class=\"elementor-widget-container\">\n<h6 class=\"elementor-heading-title elementor-size-default\">15H-16H30 &#8211; RUE DE L&#8217;IND\u00c9PENDANCE 15, 1080 MOLENBEEK<\/h6>\n<\/div>\n<\/div>\n<div class=\"elementor-element elementor-element-aa671bc elementor-widget elementor-widget-text-editor\" data-id=\"aa671bc\" data-element_type=\"widget\" data-widget_type=\"text-editor.default\">\n<div class=\"elementor-widget-container\">\n<div class=\"elementor-text-editor elementor-clearfix\">\n<p>Direct radio sur <a href=\"https:\/\/www.radiopanik.org\/\" target=\"_blank\" rel=\"noopener\">Radio Panik<\/a> entre 15h et 16h30 pour c\u00e9l\u00e9brer la journ\u00e9e mondiale des Community Land Trusts.<\/p>\n<\/div>\n<\/div>\n<\/div>\n<\/div>\n<\/div>\n<\/div>\n<\/section>\n<section class=\"elementor-section elementor-top-section elementor-element elementor-element-926f82e elementor-section-boxed elementor-section-height-default elementor-section-height-default parallax_section_no qode_elementor_container_no\" data-id=\"926f82e\" data-element_type=\"section\">\n<div class=\"elementor-container elementor-column-gap-default\">\n<div class=\"elementor-column elementor-col-33 elementor-top-column elementor-element elementor-element-f07eb47\" data-id=\"f07eb47\" data-element_type=\"column\">\n<div class=\"elementor-widget-wrap elementor-element-populated\">\n<div class=\"elementor-element elementor-element-7282022 elementor-widget elementor-widget-image\" data-id=\"7282022\" data-element_type=\"widget\" data-widget_type=\"image.default\">\n<div class=\"elementor-widget-container\">\n<div class=\"elementor-image\"><img loading=\"lazy\" decoding=\"async\" class=\"attachment-large size-large\" src=\"https:\/\/usercontent.one\/wp\/www.cltb.be\/wp-content\/uploads\/2022\/09\/P1010093-1024x576.jpg\" sizes=\"auto, (max-width: 1024px) 100vw, 1024px\" srcset=\"https:\/\/usercontent.one\/wp\/www.cltb.be\/wp-content\/uploads\/2022\/09\/P1010093-1024x576.jpg 1024w, https:\/\/usercontent.one\/wp\/www.cltb.be\/wp-content\/uploads\/2022\/09\/P1010093-300x169.jpg 300w, https:\/\/usercontent.one\/wp\/www.cltb.be\/wp-content\/uploads\/2022\/09\/P1010093-768x432.jpg 768w, https:\/\/usercontent.one\/wp\/www.cltb.be\/wp-content\/uploads\/2022\/09\/P1010093-1536x864.jpg 1536w, https:\/\/usercontent.one\/wp\/www.cltb.be\/wp-content\/uploads\/2022\/09\/P1010093-2048x1152.jpg 2048w, https:\/\/usercontent.one\/wp\/www.cltb.be\/wp-content\/uploads\/2022\/09\/P1010093-700x394.jpg 700w, https:\/\/usercontent.one\/wp\/www.cltb.be\/wp-content\/uploads\/2022\/09\/P1010093-539x303.jpg 539w\" alt=\"La grande f\u00eate du CLTB\" width=\"1024\" height=\"576\"><\/div>\n<\/div>\n<\/div>\n<\/div>\n<\/div>\n<div class=\"elementor-column elementor-col-66 elementor-top-column elementor-element elementor-element-6458afc\" data-id=\"6458afc\" data-element_type=\"column\">\n<div class=\"elementor-widget-wrap elementor-element-populated\">\n<div class=\"elementor-element elementor-element-1bcec81 elementor-widget elementor-widget-heading\" data-id=\"1bcec81\" data-element_type=\"widget\" data-widget_type=\"heading.default\">\n<div class=\"elementor-widget-container\">\n<h4 class=\"elementor-heading-title elementor-size-default\">Inauguration officielle du projet Ind\u00e9pendance &#8211; Ransfort<\/h4>\n<\/div>\n<\/div>\n<div class=\"elementor-element elementor-element-9cf5f1c elementor-widget elementor-widget-heading\" data-id=\"9cf5f1c\" data-element_type=\"widget\" data-widget_type=\"heading.default\">\n<div class=\"elementor-widget-container\">\n<h6 class=\"elementor-heading-title elementor-size-default\">16H &#8211; RUE DE L&#8217;IND\u00c9PENDANCE 15, 1080 MOLENBEEK<\/h6>\n<\/div>\n<\/div>\n<\/div>\n<\/div>\n<\/div>\n<\/section>\n<section class=\"elementor-section elementor-top-section elementor-element elementor-element-6f80752 elementor-section-boxed elementor-section-height-default elementor-section-height-default parallax_section_no qode_elementor_container_no\" data-id=\"6f80752\" data-element_type=\"section\">\n<div class=\"elementor-container elementor-column-gap-default\">\n<div class=\"elementor-column elementor-col-33 elementor-top-column elementor-element elementor-element-2e4f287\" data-id=\"2e4f287\" data-element_type=\"column\">\n<div class=\"elementor-widget-wrap elementor-element-populated\">\n<div class=\"elementor-element elementor-element-e78c3a7 elementor-widget elementor-widget-image\" data-id=\"e78c3a7\" data-element_type=\"widget\" data-widget_type=\"image.default\">\n<div class=\"elementor-widget-container\">\n<div class=\"elementor-image\"><img loading=\"lazy\" decoding=\"async\" class=\"attachment-large size-large\" src=\"https:\/\/usercontent.one\/wp\/www.cltb.be\/wp-content\/uploads\/2021\/07\/2016_AV-1024x680.jpg\" sizes=\"auto, (max-width: 1024px) 100vw, 1024px\" srcset=\"https:\/\/usercontent.one\/wp\/www.cltb.be\/wp-content\/uploads\/2021\/07\/2016_AV-1024x680.jpg 1024w, https:\/\/usercontent.one\/wp\/www.cltb.be\/wp-content\/uploads\/2021\/07\/2016_AV-300x199.jpg 300w, https:\/\/usercontent.one\/wp\/www.cltb.be\/wp-content\/uploads\/2021\/07\/2016_AV-768x510.jpg 768w, https:\/\/usercontent.one\/wp\/www.cltb.be\/wp-content\/uploads\/2021\/07\/2016_AV-1536x1020.jpg 1536w, https:\/\/usercontent.one\/wp\/www.cltb.be\/wp-content\/uploads\/2021\/07\/2016_AV-2048x1360.jpg 2048w, https:\/\/usercontent.one\/wp\/www.cltb.be\/wp-content\/uploads\/2021\/07\/2016_AV-700x465.jpg 700w\" alt=\"\" width=\"1024\" height=\"680\"><\/div>\n<\/div>\n<\/div>\n<\/div>\n<\/div>\n<div class=\"elementor-column elementor-col-66 elementor-top-column elementor-element elementor-element-3b28953\" data-id=\"3b28953\" data-element_type=\"column\">\n<div class=\"elementor-widget-wrap elementor-element-populated\">\n<div class=\"elementor-element elementor-element-8e42cf5 elementor-widget elementor-widget-heading\" data-id=\"8e42cf5\" data-element_type=\"widget\" data-widget_type=\"heading.default\">\n<div class=\"elementor-widget-container\">\n<h4 class=\"elementor-heading-title elementor-size-default\">Rencontre avec les CLT de Burlington et de Puerto Rico<\/h4>\n<\/div>\n<\/div>\n<div class=\"elementor-element elementor-element-11c1987 elementor-widget elementor-widget-heading\" data-id=\"11c1987\" data-element_type=\"widget\" data-widget_type=\"heading.default\">\n<div class=\"elementor-widget-container\">\n<h6 class=\"elementor-heading-title elementor-size-default\">16H30-18H &#8211; BEL MUNDO<\/h6>\n<\/div>\n<\/div>\n<div class=\"elementor-element elementor-element-bc926fa elementor-widget elementor-widget-text-editor\" data-id=\"bc926fa\" data-element_type=\"widget\" data-widget_type=\"text-editor.default\">\n<div class=\"elementor-widget-container\">\n<div class=\"elementor-text-editor elementor-clearfix\">\n<p>En pr\u00e9sence de Brenda Torpy (CLT de Burlington) et Mariolga Juli\u00e1 Pacheco (CLT de Puerto Rico).<\/p>\n<\/div>\n<\/div>\n<\/div>\n<\/div>\n<\/div>\n<\/div>\n<\/section>\n","protected":false},"excerpt":{"rendered":"<p>La rue de l&#8217;Ind\u00e9pendance en f\u00eate 14H-18H &#8211; RUE DE L&#8217;IND\u00c9PENDANCE 15, 1080 MOLENBEEK Brocante, animations de rue avec l&#8217;asbl Remorquables et animations pour les enfants. Activit\u00e9s organis\u00e9es par La [&hellip;]<\/p>\n","protected":false},"author":1,"featured_media":0,"comment_status":"open","ping_status":"open","sticky":false,"template":"","format":"standard","meta":{"give_campaign_id":0,"_tec_requires_first_save":true,"_kad_blocks_custom_css":"","_kad_blocks_head_custom_js":"","_kad_blocks_body_custom_js":"","_kad_blocks_footer_custom_js":"","_EventAllDay":false,"_EventTimezone":"","_EventStartDate":"","_EventEndDate":"","_EventStartDateUTC":"","_EventEndDateUTC":"","_EventShowMap":false,"_EventShowMapLink":false,"_EventURL":"","_EventCost":"","_EventCostDescription":"","_EventCurrencySymbol":"","_EventCurrencyCode":"","_EventCurrencyPosition":"","_EventDateTimeSeparator":"","_EventTimeRangeSeparator":"","_EventOrganizerID":[],"_EventVenueID":[],"_OrganizerEmail":"","_OrganizerPhone":"","_OrganizerWebsite":"","_VenueAddress":"","_VenueCity":"","_VenueCountry":"","_VenueProvince":"","_VenueState":"","_VenueZip":"","_VenuePhone":"","_VenueURL":"","_VenueStateProvince":"","_VenueLat":"","_VenueLng":"","_VenueShowMap":false,"_VenueShowMapLink":false,"_tribe_blocks_recurrence_rules":"","_tribe_blocks_recurrence_description":"","_tribe_blocks_recurrence_exclusions":"","_jetpack_memberships_contains_paid_content":false,"footnotes":""},"categories":[29],"tags":[],"class_list":["post-6584","post","type-post","status-publish","format-standard","hentry","category-non-classifiee"],"blocksy_meta":[],"yoast_head":"<!-- This site is optimized with the Yoast SEO Premium plugin v27.4 (Yoast SEO v27.5) - https:\/\/yoast.com\/product\/yoast-seo-premium-wordpress\/ -->\n<title>La grande f\u00eate du CLTB - International Center for Community Land Trusts<\/title>\n<meta name=\"robots\" content=\"index, follow, max-snippet:-1, max-image-preview:large, max-video-preview:-1\" \/>\n<link rel=\"canonical\" href=\"https:\/\/www.cltweb.org\/fr\/2022\/10\/21\/la-grande-fete-du-cltb\/\" \/>\n<meta property=\"og:locale\" content=\"fr_FR\" \/>\n<meta property=\"og:type\" content=\"article\" \/>\n<meta property=\"og:title\" content=\"La grande f\u00eate du CLTB\" \/>\n<meta property=\"og:description\" content=\"La rue de l&#8217;Ind\u00e9pendance en f\u00eate 14H-18H &#8211; RUE DE L&#8217;IND\u00c9PENDANCE 15, 1080 MOLENBEEK Brocante, animations de rue avec l&#8217;asbl Remorquables et animations pour les enfants. Activit\u00e9s organis\u00e9es par La [&hellip;]\" \/>\n<meta property=\"og:url\" content=\"https:\/\/www.cltweb.org\/fr\/2022\/10\/21\/la-grande-fete-du-cltb\/\" \/>\n<meta property=\"og:site_name\" content=\"International Center for Community Land Trusts\" \/>\n<meta property=\"article:publisher\" content=\"https:\/\/www.facebook.com\/cltcenter\" \/>\n<meta property=\"article:published_time\" content=\"2022-10-21T00:00:00+00:00\" \/>\n<meta property=\"og:image\" content=\"https:\/\/usercontent.one\/wp\/www.cltb.be\/wp-content\/uploads\/2022\/09\/Bazar-Festival-Print-02-1024x683.jpg\" \/>\n<meta name=\"author\" content=\"cltredesign_0jp0l4\" \/>\n<meta name=\"twitter:card\" content=\"summary_large_image\" \/>\n<meta name=\"twitter:creator\" content=\"@Center4CLTs\" \/>\n<meta name=\"twitter:site\" content=\"@Center4CLTs\" \/>\n<meta name=\"twitter:label1\" content=\"\u00c9crit par\" \/>\n\t<meta name=\"twitter:data1\" content=\"cltredesign_0jp0l4\" \/>\n\t<meta name=\"twitter:label2\" content=\"Dur\u00e9e de lecture estim\u00e9e\" \/>\n\t<meta name=\"twitter:data2\" content=\"1 minute\" \/>\n<script type=\"application\/ld+json\" class=\"yoast-schema-graph\">{\"@context\":\"https:\\\/\\\/schema.org\",\"@graph\":[{\"@type\":\"Article\",\"@id\":\"https:\\\/\\\/www.cltweb.org\\\/fr\\\/2022\\\/10\\\/21\\\/la-grande-fete-du-cltb\\\/#article\",\"isPartOf\":{\"@id\":\"https:\\\/\\\/www.cltweb.org\\\/fr\\\/2022\\\/10\\\/21\\\/la-grande-fete-du-cltb\\\/\"},\"author\":{\"name\":\"cltredesign_0jp0l4\",\"@id\":\"https:\\\/\\\/www.cltweb.org\\\/fr\\\/#\\\/schema\\\/person\\\/afd3723291b60b81c27772953e5b49d6\"},\"headline\":\"La grande f\u00eate du CLTB\",\"datePublished\":\"2022-10-21T00:00:00+00:00\",\"mainEntityOfPage\":{\"@id\":\"https:\\\/\\\/www.cltweb.org\\\/fr\\\/2022\\\/10\\\/21\\\/la-grande-fete-du-cltb\\\/\"},\"wordCount\":234,\"commentCount\":0,\"publisher\":{\"@id\":\"https:\\\/\\\/www.cltweb.org\\\/fr\\\/#organization\"},\"image\":{\"@id\":\"https:\\\/\\\/www.cltweb.org\\\/fr\\\/2022\\\/10\\\/21\\\/la-grande-fete-du-cltb\\\/#primaryimage\"},\"thumbnailUrl\":\"https:\\\/\\\/usercontent.one\\\/wp\\\/www.cltb.be\\\/wp-content\\\/uploads\\\/2022\\\/09\\\/Bazar-Festival-Print-02-1024x683.jpg\",\"articleSection\":[\"Non classifi\u00e9(e)\"],\"inLanguage\":\"fr-FR\",\"potentialAction\":[{\"@type\":\"CommentAction\",\"name\":\"Comment\",\"target\":[\"https:\\\/\\\/www.cltweb.org\\\/fr\\\/2022\\\/10\\\/21\\\/la-grande-fete-du-cltb\\\/#respond\"]}]},{\"@type\":\"WebPage\",\"@id\":\"https:\\\/\\\/www.cltweb.org\\\/fr\\\/2022\\\/10\\\/21\\\/la-grande-fete-du-cltb\\\/\",\"url\":\"https:\\\/\\\/www.cltweb.org\\\/fr\\\/2022\\\/10\\\/21\\\/la-grande-fete-du-cltb\\\/\",\"name\":\"La grande f\u00eate du CLTB - International Center for Community Land Trusts\",\"isPartOf\":{\"@id\":\"https:\\\/\\\/www.cltweb.org\\\/fr\\\/#website\"},\"primaryImageOfPage\":{\"@id\":\"https:\\\/\\\/www.cltweb.org\\\/fr\\\/2022\\\/10\\\/21\\\/la-grande-fete-du-cltb\\\/#primaryimage\"},\"image\":{\"@id\":\"https:\\\/\\\/www.cltweb.org\\\/fr\\\/2022\\\/10\\\/21\\\/la-grande-fete-du-cltb\\\/#primaryimage\"},\"thumbnailUrl\":\"https:\\\/\\\/usercontent.one\\\/wp\\\/www.cltb.be\\\/wp-content\\\/uploads\\\/2022\\\/09\\\/Bazar-Festival-Print-02-1024x683.jpg\",\"datePublished\":\"2022-10-21T00:00:00+00:00\",\"breadcrumb\":{\"@id\":\"https:\\\/\\\/www.cltweb.org\\\/fr\\\/2022\\\/10\\\/21\\\/la-grande-fete-du-cltb\\\/#breadcrumb\"},\"inLanguage\":\"fr-FR\",\"potentialAction\":[{\"@type\":\"ReadAction\",\"target\":[\"https:\\\/\\\/www.cltweb.org\\\/fr\\\/2022\\\/10\\\/21\\\/la-grande-fete-du-cltb\\\/\"]}]},{\"@type\":\"ImageObject\",\"inLanguage\":\"fr-FR\",\"@id\":\"https:\\\/\\\/www.cltweb.org\\\/fr\\\/2022\\\/10\\\/21\\\/la-grande-fete-du-cltb\\\/#primaryimage\",\"url\":\"https:\\\/\\\/usercontent.one\\\/wp\\\/www.cltb.be\\\/wp-content\\\/uploads\\\/2022\\\/09\\\/Bazar-Festival-Print-02-1024x683.jpg\",\"contentUrl\":\"https:\\\/\\\/usercontent.one\\\/wp\\\/www.cltb.be\\\/wp-content\\\/uploads\\\/2022\\\/09\\\/Bazar-Festival-Print-02-1024x683.jpg\"},{\"@type\":\"BreadcrumbList\",\"@id\":\"https:\\\/\\\/www.cltweb.org\\\/fr\\\/2022\\\/10\\\/21\\\/la-grande-fete-du-cltb\\\/#breadcrumb\",\"itemListElement\":[{\"@type\":\"ListItem\",\"position\":1,\"name\":\"Home\",\"item\":\"https:\\\/\\\/www.cltweb.org\\\/fr\\\/\"},{\"@type\":\"ListItem\",\"position\":2,\"name\":\"La grande f\u00eate du CLTB\"}]},{\"@type\":\"WebSite\",\"@id\":\"https:\\\/\\\/www.cltweb.org\\\/fr\\\/#website\",\"url\":\"https:\\\/\\\/www.cltweb.org\\\/fr\\\/\",\"name\":\"International Center for Community Land Trusts\",\"description\":\"\",\"publisher\":{\"@id\":\"https:\\\/\\\/www.cltweb.org\\\/fr\\\/#organization\"},\"potentialAction\":[{\"@type\":\"SearchAction\",\"target\":{\"@type\":\"EntryPoint\",\"urlTemplate\":\"https:\\\/\\\/www.cltweb.org\\\/fr\\\/?s={search_term_string}\"},\"query-input\":{\"@type\":\"PropertyValueSpecification\",\"valueRequired\":true,\"valueName\":\"search_term_string\"}}],\"inLanguage\":\"fr-FR\"},{\"@type\":\"Organization\",\"@id\":\"https:\\\/\\\/www.cltweb.org\\\/fr\\\/#organization\",\"name\":\"International Center for Community Land Trusts\",\"url\":\"https:\\\/\\\/www.cltweb.org\\\/fr\\\/\",\"logo\":{\"@type\":\"ImageObject\",\"inLanguage\":\"fr-FR\",\"@id\":\"https:\\\/\\\/www.cltweb.org\\\/fr\\\/#\\\/schema\\\/logo\\\/image\\\/\",\"url\":\"https:\\\/\\\/www.cltweb.org\\\/wp-content\\\/uploads\\\/2024\\\/11\\\/New-CLT-Center-Text-logo.png\",\"contentUrl\":\"https:\\\/\\\/www.cltweb.org\\\/wp-content\\\/uploads\\\/2024\\\/11\\\/New-CLT-Center-Text-logo.png\",\"width\":227,\"height\":80,\"caption\":\"International Center for Community Land Trusts\"},\"image\":{\"@id\":\"https:\\\/\\\/www.cltweb.org\\\/fr\\\/#\\\/schema\\\/logo\\\/image\\\/\"},\"sameAs\":[\"https:\\\/\\\/www.facebook.com\\\/cltcenter\",\"https:\\\/\\\/x.com\\\/Center4CLTs\",\"https:\\\/\\\/www.instagram.com\\\/cltcenter\\\/\",\"https:\\\/\\\/www.linkedin.com\\\/company\\\/cltcenter\",\"https:\\\/\\\/www.youtube.com\\\/@centerforcltinnovation5313\"],\"description\":\"The International Center for Community Land Trusts is a not-for-profit nongovernmental organization established in 2018 to promote and to support community land trusts and similar strategies of community-led development on community-owned land in countries throughout the world.\",\"email\":\"info@communitylandtrust.net\",\"legalName\":\"International Center for Community Land Trusts\",\"foundingDate\":\"2018-12-01\",\"taxID\":\"84-3858933\",\"numberOfEmployees\":{\"@type\":\"QuantitativeValue\",\"minValue\":\"1\",\"maxValue\":\"10\"}},{\"@type\":\"Person\",\"@id\":\"https:\\\/\\\/www.cltweb.org\\\/fr\\\/#\\\/schema\\\/person\\\/afd3723291b60b81c27772953e5b49d6\",\"name\":\"cltredesign_0jp0l4\",\"image\":{\"@type\":\"ImageObject\",\"inLanguage\":\"fr-FR\",\"@id\":\"https:\\\/\\\/secure.gravatar.com\\\/avatar\\\/1012e57596c2454da589d773454d3eb22a64f2ff638e62850caeb654f3affad5?s=96&d=mm&r=g\",\"url\":\"https:\\\/\\\/secure.gravatar.com\\\/avatar\\\/1012e57596c2454da589d773454d3eb22a64f2ff638e62850caeb654f3affad5?s=96&d=mm&r=g\",\"contentUrl\":\"https:\\\/\\\/secure.gravatar.com\\\/avatar\\\/1012e57596c2454da589d773454d3eb22a64f2ff638e62850caeb654f3affad5?s=96&d=mm&r=g\",\"caption\":\"cltredesign_0jp0l4\"},\"sameAs\":[\"https:\\\/\\\/icclt.org\"],\"url\":\"https:\\\/\\\/www.cltweb.org\\\/fr\\\/author\\\/cltredesign_0jp0l4\\\/\"}]}<\/script>\n<!-- \/ Yoast SEO Premium plugin. -->","yoast_head_json":{"title":"La grande f\u00eate du CLTB - International Center for Community Land Trusts","robots":{"index":"index","follow":"follow","max-snippet":"max-snippet:-1","max-image-preview":"max-image-preview:large","max-video-preview":"max-video-preview:-1"},"canonical":"https:\/\/www.cltweb.org\/fr\/2022\/10\/21\/la-grande-fete-du-cltb\/","og_locale":"fr_FR","og_type":"article","og_title":"La grande f\u00eate du CLTB","og_description":"La rue de l&#8217;Ind\u00e9pendance en f\u00eate 14H-18H &#8211; RUE DE L&#8217;IND\u00c9PENDANCE 15, 1080 MOLENBEEK Brocante, animations de rue avec l&#8217;asbl Remorquables et animations pour les enfants. Activit\u00e9s organis\u00e9es par La [&hellip;]","og_url":"https:\/\/www.cltweb.org\/fr\/2022\/10\/21\/la-grande-fete-du-cltb\/","og_site_name":"International Center for Community Land Trusts","article_publisher":"https:\/\/www.facebook.com\/cltcenter","article_published_time":"2022-10-21T00:00:00+00:00","og_image":[{"url":"https:\/\/usercontent.one\/wp\/www.cltb.be\/wp-content\/uploads\/2022\/09\/Bazar-Festival-Print-02-1024x683.jpg","type":"","width":"","height":""}],"author":"cltredesign_0jp0l4","twitter_card":"summary_large_image","twitter_creator":"@Center4CLTs","twitter_site":"@Center4CLTs","twitter_misc":{"\u00c9crit par":"cltredesign_0jp0l4","Dur\u00e9e de lecture estim\u00e9e":"1 minute"},"schema":{"@context":"https:\/\/schema.org","@graph":[{"@type":"Article","@id":"https:\/\/www.cltweb.org\/fr\/2022\/10\/21\/la-grande-fete-du-cltb\/#article","isPartOf":{"@id":"https:\/\/www.cltweb.org\/fr\/2022\/10\/21\/la-grande-fete-du-cltb\/"},"author":{"name":"cltredesign_0jp0l4","@id":"https:\/\/www.cltweb.org\/fr\/#\/schema\/person\/afd3723291b60b81c27772953e5b49d6"},"headline":"La grande f\u00eate du CLTB","datePublished":"2022-10-21T00:00:00+00:00","mainEntityOfPage":{"@id":"https:\/\/www.cltweb.org\/fr\/2022\/10\/21\/la-grande-fete-du-cltb\/"},"wordCount":234,"commentCount":0,"publisher":{"@id":"https:\/\/www.cltweb.org\/fr\/#organization"},"image":{"@id":"https:\/\/www.cltweb.org\/fr\/2022\/10\/21\/la-grande-fete-du-cltb\/#primaryimage"},"thumbnailUrl":"https:\/\/usercontent.one\/wp\/www.cltb.be\/wp-content\/uploads\/2022\/09\/Bazar-Festival-Print-02-1024x683.jpg","articleSection":["Non classifi\u00e9(e)"],"inLanguage":"fr-FR","potentialAction":[{"@type":"CommentAction","name":"Comment","target":["https:\/\/www.cltweb.org\/fr\/2022\/10\/21\/la-grande-fete-du-cltb\/#respond"]}]},{"@type":"WebPage","@id":"https:\/\/www.cltweb.org\/fr\/2022\/10\/21\/la-grande-fete-du-cltb\/","url":"https:\/\/www.cltweb.org\/fr\/2022\/10\/21\/la-grande-fete-du-cltb\/","name":"La grande f\u00eate du CLTB - International Center for Community Land Trusts","isPartOf":{"@id":"https:\/\/www.cltweb.org\/fr\/#website"},"primaryImageOfPage":{"@id":"https:\/\/www.cltweb.org\/fr\/2022\/10\/21\/la-grande-fete-du-cltb\/#primaryimage"},"image":{"@id":"https:\/\/www.cltweb.org\/fr\/2022\/10\/21\/la-grande-fete-du-cltb\/#primaryimage"},"thumbnailUrl":"https:\/\/usercontent.one\/wp\/www.cltb.be\/wp-content\/uploads\/2022\/09\/Bazar-Festival-Print-02-1024x683.jpg","datePublished":"2022-10-21T00:00:00+00:00","breadcrumb":{"@id":"https:\/\/www.cltweb.org\/fr\/2022\/10\/21\/la-grande-fete-du-cltb\/#breadcrumb"},"inLanguage":"fr-FR","potentialAction":[{"@type":"ReadAction","target":["https:\/\/www.cltweb.org\/fr\/2022\/10\/21\/la-grande-fete-du-cltb\/"]}]},{"@type":"ImageObject","inLanguage":"fr-FR","@id":"https:\/\/www.cltweb.org\/fr\/2022\/10\/21\/la-grande-fete-du-cltb\/#primaryimage","url":"https:\/\/usercontent.one\/wp\/www.cltb.be\/wp-content\/uploads\/2022\/09\/Bazar-Festival-Print-02-1024x683.jpg","contentUrl":"https:\/\/usercontent.one\/wp\/www.cltb.be\/wp-content\/uploads\/2022\/09\/Bazar-Festival-Print-02-1024x683.jpg"},{"@type":"BreadcrumbList","@id":"https:\/\/www.cltweb.org\/fr\/2022\/10\/21\/la-grande-fete-du-cltb\/#breadcrumb","itemListElement":[{"@type":"ListItem","position":1,"name":"Home","item":"https:\/\/www.cltweb.org\/fr\/"},{"@type":"ListItem","position":2,"name":"La grande f\u00eate du CLTB"}]},{"@type":"WebSite","@id":"https:\/\/www.cltweb.org\/fr\/#website","url":"https:\/\/www.cltweb.org\/fr\/","name":"International Center for Community Land Trusts","description":"","publisher":{"@id":"https:\/\/www.cltweb.org\/fr\/#organization"},"potentialAction":[{"@type":"SearchAction","target":{"@type":"EntryPoint","urlTemplate":"https:\/\/www.cltweb.org\/fr\/?s={search_term_string}"},"query-input":{"@type":"PropertyValueSpecification","valueRequired":true,"valueName":"search_term_string"}}],"inLanguage":"fr-FR"},{"@type":"Organization","@id":"https:\/\/www.cltweb.org\/fr\/#organization","name":"International Center for Community Land Trusts","url":"https:\/\/www.cltweb.org\/fr\/","logo":{"@type":"ImageObject","inLanguage":"fr-FR","@id":"https:\/\/www.cltweb.org\/fr\/#\/schema\/logo\/image\/","url":"https:\/\/www.cltweb.org\/wp-content\/uploads\/2024\/11\/New-CLT-Center-Text-logo.png","contentUrl":"https:\/\/www.cltweb.org\/wp-content\/uploads\/2024\/11\/New-CLT-Center-Text-logo.png","width":227,"height":80,"caption":"International Center for Community Land Trusts"},"image":{"@id":"https:\/\/www.cltweb.org\/fr\/#\/schema\/logo\/image\/"},"sameAs":["https:\/\/www.facebook.com\/cltcenter","https:\/\/x.com\/Center4CLTs","https:\/\/www.instagram.com\/cltcenter\/","https:\/\/www.linkedin.com\/company\/cltcenter","https:\/\/www.youtube.com\/@centerforcltinnovation5313"],"description":"The International Center for Community Land Trusts is a not-for-profit nongovernmental organization established in 2018 to promote and to support community land trusts and similar strategies of community-led development on community-owned land in countries throughout the world.","email":"info@communitylandtrust.net","legalName":"International Center for Community Land Trusts","foundingDate":"2018-12-01","taxID":"84-3858933","numberOfEmployees":{"@type":"QuantitativeValue","minValue":"1","maxValue":"10"}},{"@type":"Person","@id":"https:\/\/www.cltweb.org\/fr\/#\/schema\/person\/afd3723291b60b81c27772953e5b49d6","name":"cltredesign_0jp0l4","image":{"@type":"ImageObject","inLanguage":"fr-FR","@id":"https:\/\/secure.gravatar.com\/avatar\/1012e57596c2454da589d773454d3eb22a64f2ff638e62850caeb654f3affad5?s=96&d=mm&r=g","url":"https:\/\/secure.gravatar.com\/avatar\/1012e57596c2454da589d773454d3eb22a64f2ff638e62850caeb654f3affad5?s=96&d=mm&r=g","contentUrl":"https:\/\/secure.gravatar.com\/avatar\/1012e57596c2454da589d773454d3eb22a64f2ff638e62850caeb654f3affad5?s=96&d=mm&r=g","caption":"cltredesign_0jp0l4"},"sameAs":["https:\/\/icclt.org"],"url":"https:\/\/www.cltweb.org\/fr\/author\/cltredesign_0jp0l4\/"}]}},"taxonomy_info":{"category":[{"value":29,"label":"Non classifi\u00e9(e)"}]},"featured_image_src_large":false,"author_info":{"display_name":"cltredesign_0jp0l4","author_link":"https:\/\/www.cltweb.org\/fr\/author\/cltredesign_0jp0l4\/"},"comment_info":0,"category_info":[{"term_id":29,"name":"Non classifi\u00e9(e)","slug":"non-classifiee","term_group":0,"term_taxonomy_id":29,"taxonomy":"category","description":"","parent":0,"count":20,"filter":"raw","cat_ID":29,"category_count":20,"category_description":"","cat_name":"Non classifi\u00e9(e)","category_nicename":"non-classifiee","category_parent":0}],"tag_info":false,"jetpack_featured_media_url":"","jetpack_sharing_enabled":true,"jetpack-related-posts":[{"id":6600,"url":"https:\/\/www.cltweb.org\/fr\/2022\/10\/11\/retirer-des-terrains-du-marche-pour-rendre-la-ville-abordable\/","url_meta":{"origin":6584,"position":0},"title":"Retirer des terrains du march\u00e9 pour rendre la ville abordable","author":"cltredesign_0jp0l4","date":"11 octobre 2022","format":false,"excerpt":"La solution \u00e0 la crise du logement ne pourrait-elle pas consister \u00e0 retirer les logements et les terrains du march\u00e9, de sorte qu'ils ne puissent pas faire l'objet de sp\u00e9culations et qu'ils restent abordables pour toujours ? C'est ce que font d\u00e9j\u00e0 les Community Land Trusts dans des villes du\u2026","rel":"","context":"Dans &quot;Non classifi\u00e9(e)&quot;","block_context":{"text":"Non classifi\u00e9(e)","link":"https:\/\/www.cltweb.org\/fr\/category\/non-classifiee\/"},"img":{"alt_text":"Logo du CLTB","src":"https:\/\/i0.wp.com\/www.cltweb.org\/wp-content\/uploads\/2022\/10\/CLTB_Logo-1024x660.png?resize=350%2C200&ssl=1","width":350,"height":200},"classes":[]},{"id":7240,"url":"https:\/\/www.cltweb.org\/fr\/2024\/09\/10\/les-clt-peuvent-ils-jouer-un-role-dans-la-politique-climatique\/","url_meta":{"origin":6584,"position":1},"title":"Les CLT peuvent-ils jouer un r\u00f4le dans la politique climatique ?","author":"cltredesign_0jp0l4","date":"10 septembre 2024","format":false,"excerpt":"La contribution suivante a \u00e9t\u00e9 r\u00e9dig\u00e9e par Geert De Pauw, coordinateur du Community Land Trust Brussels, dans le cadre du s\u00e9minaire en ligne \"Using CLTs to Deliver Energy Renovation and Permanent Affordability to Existing Housing\" qui se tiendra le 25 septembre. Le Community Land Trust Brussels (CLTB) est une organisation\u2026","rel":"","context":"Dans &quot;Blogs&quot;","block_context":{"text":"Blogs","link":"https:\/\/www.cltweb.org\/fr\/category\/blogs-fr\/"},"img":{"alt_text":"","src":"","width":0,"height":0},"classes":[]},{"id":6577,"url":"https:\/\/www.cltweb.org\/fr\/2022\/10\/21\/workshop-und-jahresfeier-stadtbodenstiftung-berlin\/","url_meta":{"origin":6584,"position":2},"title":"Workshop und Jahresfeier Stadtbodenstiftung Berlin","author":"cltredesign_0jp0l4","date":"21 octobre 2022","format":false,"excerpt":"Les Journ\u00e9es de la Stadtbodenstiftung \u00e0 Berlin s'inscrivent dans le cadre de la Journ\u00e9e mondiale de la lutte contre le terrorisme. Chaque nuit, de 16h00 \u00e0 17h30, nous participerons \u00e0 un atelier d'information sur le th\u00e8me de la fondation. La devise de l'ann\u00e9e du Welt-CLT-Tags - Community Matters - sera\u2026","rel":"","context":"Dans &quot;Non classifi\u00e9(e)&quot;","block_context":{"text":"Non classifi\u00e9(e)","link":"https:\/\/www.cltweb.org\/fr\/category\/non-classifiee\/"},"img":{"alt_text":"Logo de la Stadtbodenstiftung","src":"https:\/\/i0.wp.com\/www.cltweb.org\/wp-content\/uploads\/2022\/10\/Berlin-CLT-Logo-300x300.png?resize=350%2C200&ssl=1","width":350,"height":200},"classes":[]},{"id":6583,"url":"https:\/\/www.cltweb.org\/fr\/2022\/10\/20\/la-situation-de-la-clt-dans-le-monde-entier\/","url_meta":{"origin":6584,"position":3},"title":"La situation de la CLT dans le monde entier","author":"cltredesign_0jp0l4","date":"20 octobre 2022","format":false,"excerpt":"Il y a deux semaines, lors de la premi\u00e8re r\u00e9union du CLT Gent et du CLT Vlaanderen, nous avons eu l'occasion d'organiser deux \u00e9v\u00e9nements importants, apr\u00e8s la Journ\u00e9e mondiale du CLT.","rel":"","context":"Dans &quot;Non classifi\u00e9(e)&quot;","block_context":{"text":"Non classifi\u00e9(e)","link":"https:\/\/www.cltweb.org\/fr\/category\/non-classifiee\/"},"img":{"alt_text":"Logo du CLT Gand","src":"https:\/\/i0.wp.com\/www.cltweb.org\/wp-content\/uploads\/2022\/10\/CLT-Gent-logo-edited.png?resize=350%2C200&ssl=1","width":350,"height":200},"classes":[]},{"id":6582,"url":"https:\/\/www.cltweb.org\/pt-br\/2022\/10\/21\/a-grande-festa-do-cltb\/","url_meta":{"origin":6584,"position":4},"title":"A grande festa do CLTB","author":"cltredesign_0jp0l4","date":"21 octobre 2022","format":false,"excerpt":"A rua da Independ\u00eancia em festa 14H-18H - RUE DE L'IND\u00c9PENDANCE 15, 1080 MOLENBEEK Brocante, anima\u00e7\u00f5es de rua com o asbl Remorquables e anima\u00e7\u00f5es para crian\u00e7as. Atividades organizadas por La Rue asbl e seus habitantes. Passeios guiados a p\u00e9 ou de carro 14H - PARTIDA E CHEGADA RUE DE L'IND\u00c9PENDANCE\u2026","rel":"","context":"Dans &quot;N\u00e3o categorizado&quot;","block_context":{"text":"N\u00e3o categorizado","link":"https:\/\/www.cltweb.org\/pt-br\/category\/nao-categorizado\/"},"img":{"alt_text":"","src":"https:\/\/i0.wp.com\/usercontent.one\/wp\/www.cltb.be\/wp-content\/uploads\/2022\/09\/Bazar-Festival-Print-02-1024x683.jpg?resize=350%2C200&ssl=1","width":350,"height":200,"srcset":"https:\/\/i0.wp.com\/usercontent.one\/wp\/www.cltb.be\/wp-content\/uploads\/2022\/09\/Bazar-Festival-Print-02-1024x683.jpg?resize=350%2C200&ssl=1 1x, https:\/\/i0.wp.com\/usercontent.one\/wp\/www.cltb.be\/wp-content\/uploads\/2022\/09\/Bazar-Festival-Print-02-1024x683.jpg?resize=525%2C300&ssl=1 1.5x, https:\/\/i0.wp.com\/usercontent.one\/wp\/www.cltb.be\/wp-content\/uploads\/2022\/09\/Bazar-Festival-Print-02-1024x683.jpg?resize=700%2C400&ssl=1 2x"},"classes":[]},{"id":6568,"url":"https:\/\/www.cltweb.org\/fr\/2024\/10\/21\/table-ronde-sur-lutilisation-des-clt-pour-la-renovation-energetique-et-laccessibilite-permanente-des-logements-existants\/","url_meta":{"origin":6584,"position":5},"title":"Table ronde sur l&#8217;utilisation des CLT pour la r\u00e9novation \u00e9nerg\u00e9tique et l&#8217;accessibilit\u00e9 permanente des logements existants","author":"Ben Harris","date":"21 octobre 2024","format":false,"excerpt":"ENREGISTREMENT DU WEBINAIRE TRANSCRIPTION EN ANGLAIS ET EN FRAN\u00c7AIS DESCRIPTION DU WEBINAIRE Pour faire suite au webinaire de septembre, nous avons r\u00e9uni les pr\u00e9sentateurs des webinaires pr\u00e9c\u00e9dents pour une discussion d'une heure au cours de laquelle nous avons continu\u00e9 \u00e0 d\u00e9velopper les \u00e9tudes de cas du mois pr\u00e9c\u00e9dent en travaillant\u2026","rel":"","context":"Dans &quot;Non classifi\u00e9(e)&quot;","block_context":{"text":"Non classifi\u00e9(e)","link":"https:\/\/www.cltweb.org\/fr\/category\/non-classifiee\/"},"img":{"alt_text":"Jeanne Mosseray","src":"https:\/\/i0.wp.com\/www.cltweb.org\/wp-content\/uploads\/2024\/08\/jeanne_mosseray-254x300.jpg?resize=350%2C200&ssl=1","width":350,"height":200},"classes":[]}],"_links":{"self":[{"href":"https:\/\/www.cltweb.org\/fr\/wp-json\/wp\/v2\/posts\/6584","targetHints":{"allow":["GET"]}}],"collection":[{"href":"https:\/\/www.cltweb.org\/fr\/wp-json\/wp\/v2\/posts"}],"about":[{"href":"https:\/\/www.cltweb.org\/fr\/wp-json\/wp\/v2\/types\/post"}],"author":[{"embeddable":true,"href":"https:\/\/www.cltweb.org\/fr\/wp-json\/wp\/v2\/users\/1"}],"replies":[{"embeddable":true,"href":"https:\/\/www.cltweb.org\/fr\/wp-json\/wp\/v2\/comments?post=6584"}],"version-history":[{"count":0,"href":"https:\/\/www.cltweb.org\/fr\/wp-json\/wp\/v2\/posts\/6584\/revisions"}],"wp:attachment":[{"href":"https:\/\/www.cltweb.org\/fr\/wp-json\/wp\/v2\/media?parent=6584"}],"wp:term":[{"taxonomy":"category","embeddable":true,"href":"https:\/\/www.cltweb.org\/fr\/wp-json\/wp\/v2\/categories?post=6584"},{"taxonomy":"post_tag","embeddable":true,"href":"https:\/\/www.cltweb.org\/fr\/wp-json\/wp\/v2\/tags?post=6584"}],"curies":[{"name":"wp","href":"https:\/\/api.w.org\/{rel}","templated":true}]}}