{"id":6590,"date":"2022-10-12T00:00:00","date_gmt":"2022-10-12T00:00:00","guid":{"rendered":"https:\/\/www.cltweb.org\/2022\/10\/12\/limpact-du-modele-clt-la-preuve-dun-succes-international\/"},"modified":"2022-10-12T00:00:00","modified_gmt":"2022-10-12T00:00:00","slug":"limpact-du-modele-clt-la-preuve-dun-succes-international","status":"publish","type":"post","link":"https:\/\/www.cltweb.org\/fr\/2022\/10\/12\/limpact-du-modele-clt-la-preuve-dun-succes-international\/","title":{"rendered":"L&#8217;impact du mod\u00e8le CLT &#8211; la preuve d&#8217;un succ\u00e8s international"},"content":{"rendered":"<p><iframe loading=\"lazy\" title=\"Lecteur vid\u00e9o YouTube\" src=\"https:\/\/www.youtube.com\/embed\/w_SW3fSraoQ\" width=\"560\" height=\"315\" frameborder=\"0\" allowfullscreen=\"allowfullscreen\"><\/iframe><\/p>\n<p>Avec Oikos, nous vous indiquons clairement quelles sont les diff\u00e9rentes approches pour le mod\u00e8le CLT. Il y a quatre ans, des CLT belges ont \u00e9t\u00e9 mis en place. Ces jours-ci, nous avons commenc\u00e9 \u00e0 travailler sur le terrain et nous avons invit\u00e9 des <strong>experts internationaux \u00e0 participer au programme<\/strong> afin d&#8217;am\u00e9liorer le mod\u00e8le CLT sur la base de projets de r\u00e9f\u00e9rence tr\u00e8s int\u00e9ressants men\u00e9s aux \u00c9tats-Unis et \u00e0 Porto Rico. Nous vous expliquons ce qui est vraiment important avec le mod\u00e8le CLT, comment le mod\u00e8le CLT est aussi en p\u00e9riode de crise pour faire face \u00e0 l&#8217;inflation et au march\u00e9, comment une compensation informative du mod\u00e8le CLT peut \u00eatre formalis\u00e9e et la gentrification peut \u00eatre envisag\u00e9e, et quelles sont les possibilit\u00e9s qui s&#8217;offrent \u00e0 nous pour la recherche. De plus, <strong>nous avons rencontr\u00e9 CLT Leuven pour<\/strong> savoir quel est le chemin parcouru au cours des derni\u00e8res ann\u00e9es, o\u00f9 nous nous trouvons actuellement et o\u00f9 nous nous trouverons \u00e0 l&#8217;avenir. En outre, nous pourrons inhumer le site o\u00f9 les maisons CLT de 10 tonnes sont construites sur des terrains de qualit\u00e9, ce qui constitue un moment fort pour tous les acteurs concern\u00e9s. Les places sont limit\u00e9es (max. 80), alors n&#8217;attendez plus !   <\/p>\n<p><strong>SPREKERS &#8211; \u00e0 partir de 14u<\/strong><\/p>\n<ul>\n<li><strong>Brenda Torpy<\/strong> van de Champlain Housing Trust in Burlington, Verenigde Staten (ENG)<\/li>\n<li><strong>Mariolga Julia Pacheco<\/strong> van Ca\u00f1o Mart\u00edn Pe\u00f1a \u00e0 Porto Rico (ENG)<\/li>\n<li><strong>Hanne Verstreken<\/strong> van Community Land Trust Leuven in Belgi\u00eb (NL)<\/li>\n<li>Inhuldiging pilootsite CLT Leuven naast het provinciehuis<\/li>\n<li>Netwerkmoment<\/li>\n<\/ul>\n<p><strong>PRAKTISCH :<\/strong> Donderdag 27 oktober om 14u in de provincieraadzaal van het provinciehuis in Leuven<\/p>\n<p><em>Nous sommes pr\u00eats \u00e0 vous accueillir pour que vous puissiez vous d\u00e9placer !<\/em><\/p>\n","protected":false},"excerpt":{"rendered":"<p>Avec Oikos, nous vous indiquons clairement quelles sont les diff\u00e9rentes approches pour le mod\u00e8le CLT. Il y a quatre ans, des CLT belges ont \u00e9t\u00e9 mis en place. Ces jours-ci, [&hellip;]<\/p>\n","protected":false},"author":1,"featured_media":0,"comment_status":"open","ping_status":"open","sticky":false,"template":"","format":"standard","meta":{"give_campaign_id":0,"_tec_requires_first_save":true,"_kad_blocks_custom_css":"","_kad_blocks_head_custom_js":"","_kad_blocks_body_custom_js":"","_kad_blocks_footer_custom_js":"","_EventAllDay":false,"_EventTimezone":"","_EventStartDate":"","_EventEndDate":"","_EventStartDateUTC":"","_EventEndDateUTC":"","_EventShowMap":false,"_EventShowMapLink":false,"_EventURL":"","_EventCost":"","_EventCostDescription":"","_EventCurrencySymbol":"","_EventCurrencyCode":"","_EventCurrencyPosition":"","_EventDateTimeSeparator":"","_EventTimeRangeSeparator":"","_EventOrganizerID":[],"_EventVenueID":[],"_OrganizerEmail":"","_OrganizerPhone":"","_OrganizerWebsite":"","_VenueAddress":"","_VenueCity":"","_VenueCountry":"","_VenueProvince":"","_VenueState":"","_VenueZip":"","_VenuePhone":"","_VenueURL":"","_VenueStateProvince":"","_VenueLat":"","_VenueLng":"","_VenueShowMap":false,"_VenueShowMapLink":false,"_tribe_blocks_recurrence_rules":"","_tribe_blocks_recurrence_description":"","_tribe_blocks_recurrence_exclusions":"","_jetpack_memberships_contains_paid_content":false,"footnotes":""},"categories":[29],"tags":[],"class_list":["post-6590","post","type-post","status-publish","format-standard","hentry","category-non-classifiee"],"blocksy_meta":[],"yoast_head":"<!-- This site is optimized with the Yoast SEO Premium plugin v27.4 (Yoast SEO v27.5) - https:\/\/yoast.com\/product\/yoast-seo-premium-wordpress\/ -->\n<title>L&#039;impact du mod\u00e8le CLT - la preuve d&#039;un succ\u00e8s international - International Center for Community Land Trusts<\/title>\n<meta name=\"robots\" content=\"index, follow, max-snippet:-1, max-image-preview:large, max-video-preview:-1\" \/>\n<link rel=\"canonical\" href=\"https:\/\/www.cltweb.org\/fr\/2022\/10\/12\/limpact-du-modele-clt-la-preuve-dun-succes-international\/\" \/>\n<meta property=\"og:locale\" content=\"fr_FR\" \/>\n<meta property=\"og:type\" content=\"article\" \/>\n<meta property=\"og:title\" content=\"L&#039;impact du mod\u00e8le CLT - la preuve d&#039;un succ\u00e8s international\" \/>\n<meta property=\"og:description\" content=\"Avec Oikos, nous vous indiquons clairement quelles sont les diff\u00e9rentes approches pour le mod\u00e8le CLT. Il y a quatre ans, des CLT belges ont \u00e9t\u00e9 mis en place. Ces jours-ci, [&hellip;]\" \/>\n<meta property=\"og:url\" content=\"https:\/\/www.cltweb.org\/fr\/2022\/10\/12\/limpact-du-modele-clt-la-preuve-dun-succes-international\/\" \/>\n<meta property=\"og:site_name\" content=\"International Center for Community Land Trusts\" \/>\n<meta property=\"article:publisher\" content=\"https:\/\/www.facebook.com\/cltcenter\" \/>\n<meta property=\"article:published_time\" content=\"2022-10-12T00:00:00+00:00\" \/>\n<meta name=\"author\" content=\"cltredesign_0jp0l4\" \/>\n<meta name=\"twitter:card\" content=\"summary_large_image\" \/>\n<meta name=\"twitter:creator\" content=\"@Center4CLTs\" \/>\n<meta name=\"twitter:site\" content=\"@Center4CLTs\" \/>\n<meta name=\"twitter:label1\" content=\"\u00c9crit par\" \/>\n\t<meta name=\"twitter:data1\" content=\"cltredesign_0jp0l4\" \/>\n\t<meta name=\"twitter:label2\" content=\"Dur\u00e9e de lecture estim\u00e9e\" \/>\n\t<meta name=\"twitter:data2\" content=\"1 minute\" \/>\n<script type=\"application\/ld+json\" class=\"yoast-schema-graph\">{\"@context\":\"https:\\\/\\\/schema.org\",\"@graph\":[{\"@type\":\"Article\",\"@id\":\"https:\\\/\\\/www.cltweb.org\\\/fr\\\/2022\\\/10\\\/12\\\/limpact-du-modele-clt-la-preuve-dun-succes-international\\\/#article\",\"isPartOf\":{\"@id\":\"https:\\\/\\\/www.cltweb.org\\\/fr\\\/2022\\\/10\\\/12\\\/limpact-du-modele-clt-la-preuve-dun-succes-international\\\/\"},\"author\":{\"name\":\"cltredesign_0jp0l4\",\"@id\":\"https:\\\/\\\/www.cltweb.org\\\/fr\\\/#\\\/schema\\\/person\\\/afd3723291b60b81c27772953e5b49d6\"},\"headline\":\"L&#8217;impact du mod\u00e8le CLT &#8211; la preuve d&#8217;un succ\u00e8s international\",\"datePublished\":\"2022-10-12T00:00:00+00:00\",\"mainEntityOfPage\":{\"@id\":\"https:\\\/\\\/www.cltweb.org\\\/fr\\\/2022\\\/10\\\/12\\\/limpact-du-modele-clt-la-preuve-dun-succes-international\\\/\"},\"wordCount\":305,\"commentCount\":0,\"publisher\":{\"@id\":\"https:\\\/\\\/www.cltweb.org\\\/fr\\\/#organization\"},\"articleSection\":[\"Non classifi\u00e9(e)\"],\"inLanguage\":\"fr-FR\",\"potentialAction\":[{\"@type\":\"CommentAction\",\"name\":\"Comment\",\"target\":[\"https:\\\/\\\/www.cltweb.org\\\/fr\\\/2022\\\/10\\\/12\\\/limpact-du-modele-clt-la-preuve-dun-succes-international\\\/#respond\"]}]},{\"@type\":\"WebPage\",\"@id\":\"https:\\\/\\\/www.cltweb.org\\\/fr\\\/2022\\\/10\\\/12\\\/limpact-du-modele-clt-la-preuve-dun-succes-international\\\/\",\"url\":\"https:\\\/\\\/www.cltweb.org\\\/fr\\\/2022\\\/10\\\/12\\\/limpact-du-modele-clt-la-preuve-dun-succes-international\\\/\",\"name\":\"L'impact du mod\u00e8le CLT - la preuve d'un succ\u00e8s international - International Center for Community Land Trusts\",\"isPartOf\":{\"@id\":\"https:\\\/\\\/www.cltweb.org\\\/fr\\\/#website\"},\"datePublished\":\"2022-10-12T00:00:00+00:00\",\"breadcrumb\":{\"@id\":\"https:\\\/\\\/www.cltweb.org\\\/fr\\\/2022\\\/10\\\/12\\\/limpact-du-modele-clt-la-preuve-dun-succes-international\\\/#breadcrumb\"},\"inLanguage\":\"fr-FR\",\"potentialAction\":[{\"@type\":\"ReadAction\",\"target\":[\"https:\\\/\\\/www.cltweb.org\\\/fr\\\/2022\\\/10\\\/12\\\/limpact-du-modele-clt-la-preuve-dun-succes-international\\\/\"]}]},{\"@type\":\"BreadcrumbList\",\"@id\":\"https:\\\/\\\/www.cltweb.org\\\/fr\\\/2022\\\/10\\\/12\\\/limpact-du-modele-clt-la-preuve-dun-succes-international\\\/#breadcrumb\",\"itemListElement\":[{\"@type\":\"ListItem\",\"position\":1,\"name\":\"Home\",\"item\":\"https:\\\/\\\/www.cltweb.org\\\/fr\\\/\"},{\"@type\":\"ListItem\",\"position\":2,\"name\":\"L&#8217;impact du mod\u00e8le CLT &#8211; la preuve d&#8217;un succ\u00e8s international\"}]},{\"@type\":\"WebSite\",\"@id\":\"https:\\\/\\\/www.cltweb.org\\\/fr\\\/#website\",\"url\":\"https:\\\/\\\/www.cltweb.org\\\/fr\\\/\",\"name\":\"International Center for Community Land Trusts\",\"description\":\"\",\"publisher\":{\"@id\":\"https:\\\/\\\/www.cltweb.org\\\/fr\\\/#organization\"},\"potentialAction\":[{\"@type\":\"SearchAction\",\"target\":{\"@type\":\"EntryPoint\",\"urlTemplate\":\"https:\\\/\\\/www.cltweb.org\\\/fr\\\/?s={search_term_string}\"},\"query-input\":{\"@type\":\"PropertyValueSpecification\",\"valueRequired\":true,\"valueName\":\"search_term_string\"}}],\"inLanguage\":\"fr-FR\"},{\"@type\":\"Organization\",\"@id\":\"https:\\\/\\\/www.cltweb.org\\\/fr\\\/#organization\",\"name\":\"International Center for Community Land Trusts\",\"url\":\"https:\\\/\\\/www.cltweb.org\\\/fr\\\/\",\"logo\":{\"@type\":\"ImageObject\",\"inLanguage\":\"fr-FR\",\"@id\":\"https:\\\/\\\/www.cltweb.org\\\/fr\\\/#\\\/schema\\\/logo\\\/image\\\/\",\"url\":\"https:\\\/\\\/www.cltweb.org\\\/wp-content\\\/uploads\\\/2024\\\/11\\\/New-CLT-Center-Text-logo.png\",\"contentUrl\":\"https:\\\/\\\/www.cltweb.org\\\/wp-content\\\/uploads\\\/2024\\\/11\\\/New-CLT-Center-Text-logo.png\",\"width\":227,\"height\":80,\"caption\":\"International Center for Community Land Trusts\"},\"image\":{\"@id\":\"https:\\\/\\\/www.cltweb.org\\\/fr\\\/#\\\/schema\\\/logo\\\/image\\\/\"},\"sameAs\":[\"https:\\\/\\\/www.facebook.com\\\/cltcenter\",\"https:\\\/\\\/x.com\\\/Center4CLTs\",\"https:\\\/\\\/www.instagram.com\\\/cltcenter\\\/\",\"https:\\\/\\\/www.linkedin.com\\\/company\\\/cltcenter\",\"https:\\\/\\\/www.youtube.com\\\/@centerforcltinnovation5313\"],\"description\":\"The International Center for Community Land Trusts is a not-for-profit nongovernmental organization established in 2018 to promote and to support community land trusts and similar strategies of community-led development on community-owned land in countries throughout the world.\",\"email\":\"info@communitylandtrust.net\",\"legalName\":\"International Center for Community Land Trusts\",\"foundingDate\":\"2018-12-01\",\"taxID\":\"84-3858933\",\"numberOfEmployees\":{\"@type\":\"QuantitativeValue\",\"minValue\":\"1\",\"maxValue\":\"10\"}},{\"@type\":\"Person\",\"@id\":\"https:\\\/\\\/www.cltweb.org\\\/fr\\\/#\\\/schema\\\/person\\\/afd3723291b60b81c27772953e5b49d6\",\"name\":\"cltredesign_0jp0l4\",\"image\":{\"@type\":\"ImageObject\",\"inLanguage\":\"fr-FR\",\"@id\":\"https:\\\/\\\/secure.gravatar.com\\\/avatar\\\/1012e57596c2454da589d773454d3eb22a64f2ff638e62850caeb654f3affad5?s=96&d=mm&r=g\",\"url\":\"https:\\\/\\\/secure.gravatar.com\\\/avatar\\\/1012e57596c2454da589d773454d3eb22a64f2ff638e62850caeb654f3affad5?s=96&d=mm&r=g\",\"contentUrl\":\"https:\\\/\\\/secure.gravatar.com\\\/avatar\\\/1012e57596c2454da589d773454d3eb22a64f2ff638e62850caeb654f3affad5?s=96&d=mm&r=g\",\"caption\":\"cltredesign_0jp0l4\"},\"sameAs\":[\"https:\\\/\\\/icclt.org\"],\"url\":\"https:\\\/\\\/www.cltweb.org\\\/fr\\\/author\\\/cltredesign_0jp0l4\\\/\"}]}<\/script>\n<!-- \/ Yoast SEO Premium plugin. -->","yoast_head_json":{"title":"L'impact du mod\u00e8le CLT - la preuve d'un succ\u00e8s international - International Center for Community Land Trusts","robots":{"index":"index","follow":"follow","max-snippet":"max-snippet:-1","max-image-preview":"max-image-preview:large","max-video-preview":"max-video-preview:-1"},"canonical":"https:\/\/www.cltweb.org\/fr\/2022\/10\/12\/limpact-du-modele-clt-la-preuve-dun-succes-international\/","og_locale":"fr_FR","og_type":"article","og_title":"L'impact du mod\u00e8le CLT - la preuve d'un succ\u00e8s international","og_description":"Avec Oikos, nous vous indiquons clairement quelles sont les diff\u00e9rentes approches pour le mod\u00e8le CLT. Il y a quatre ans, des CLT belges ont \u00e9t\u00e9 mis en place. Ces jours-ci, [&hellip;]","og_url":"https:\/\/www.cltweb.org\/fr\/2022\/10\/12\/limpact-du-modele-clt-la-preuve-dun-succes-international\/","og_site_name":"International Center for Community Land Trusts","article_publisher":"https:\/\/www.facebook.com\/cltcenter","article_published_time":"2022-10-12T00:00:00+00:00","author":"cltredesign_0jp0l4","twitter_card":"summary_large_image","twitter_creator":"@Center4CLTs","twitter_site":"@Center4CLTs","twitter_misc":{"\u00c9crit par":"cltredesign_0jp0l4","Dur\u00e9e de lecture estim\u00e9e":"1 minute"},"schema":{"@context":"https:\/\/schema.org","@graph":[{"@type":"Article","@id":"https:\/\/www.cltweb.org\/fr\/2022\/10\/12\/limpact-du-modele-clt-la-preuve-dun-succes-international\/#article","isPartOf":{"@id":"https:\/\/www.cltweb.org\/fr\/2022\/10\/12\/limpact-du-modele-clt-la-preuve-dun-succes-international\/"},"author":{"name":"cltredesign_0jp0l4","@id":"https:\/\/www.cltweb.org\/fr\/#\/schema\/person\/afd3723291b60b81c27772953e5b49d6"},"headline":"L&#8217;impact du mod\u00e8le CLT &#8211; la preuve d&#8217;un succ\u00e8s international","datePublished":"2022-10-12T00:00:00+00:00","mainEntityOfPage":{"@id":"https:\/\/www.cltweb.org\/fr\/2022\/10\/12\/limpact-du-modele-clt-la-preuve-dun-succes-international\/"},"wordCount":305,"commentCount":0,"publisher":{"@id":"https:\/\/www.cltweb.org\/fr\/#organization"},"articleSection":["Non classifi\u00e9(e)"],"inLanguage":"fr-FR","potentialAction":[{"@type":"CommentAction","name":"Comment","target":["https:\/\/www.cltweb.org\/fr\/2022\/10\/12\/limpact-du-modele-clt-la-preuve-dun-succes-international\/#respond"]}]},{"@type":"WebPage","@id":"https:\/\/www.cltweb.org\/fr\/2022\/10\/12\/limpact-du-modele-clt-la-preuve-dun-succes-international\/","url":"https:\/\/www.cltweb.org\/fr\/2022\/10\/12\/limpact-du-modele-clt-la-preuve-dun-succes-international\/","name":"L'impact du mod\u00e8le CLT - la preuve d'un succ\u00e8s international - International Center for Community Land Trusts","isPartOf":{"@id":"https:\/\/www.cltweb.org\/fr\/#website"},"datePublished":"2022-10-12T00:00:00+00:00","breadcrumb":{"@id":"https:\/\/www.cltweb.org\/fr\/2022\/10\/12\/limpact-du-modele-clt-la-preuve-dun-succes-international\/#breadcrumb"},"inLanguage":"fr-FR","potentialAction":[{"@type":"ReadAction","target":["https:\/\/www.cltweb.org\/fr\/2022\/10\/12\/limpact-du-modele-clt-la-preuve-dun-succes-international\/"]}]},{"@type":"BreadcrumbList","@id":"https:\/\/www.cltweb.org\/fr\/2022\/10\/12\/limpact-du-modele-clt-la-preuve-dun-succes-international\/#breadcrumb","itemListElement":[{"@type":"ListItem","position":1,"name":"Home","item":"https:\/\/www.cltweb.org\/fr\/"},{"@type":"ListItem","position":2,"name":"L&#8217;impact du mod\u00e8le CLT &#8211; la preuve d&#8217;un succ\u00e8s international"}]},{"@type":"WebSite","@id":"https:\/\/www.cltweb.org\/fr\/#website","url":"https:\/\/www.cltweb.org\/fr\/","name":"International Center for Community Land Trusts","description":"","publisher":{"@id":"https:\/\/www.cltweb.org\/fr\/#organization"},"potentialAction":[{"@type":"SearchAction","target":{"@type":"EntryPoint","urlTemplate":"https:\/\/www.cltweb.org\/fr\/?s={search_term_string}"},"query-input":{"@type":"PropertyValueSpecification","valueRequired":true,"valueName":"search_term_string"}}],"inLanguage":"fr-FR"},{"@type":"Organization","@id":"https:\/\/www.cltweb.org\/fr\/#organization","name":"International Center for Community Land Trusts","url":"https:\/\/www.cltweb.org\/fr\/","logo":{"@type":"ImageObject","inLanguage":"fr-FR","@id":"https:\/\/www.cltweb.org\/fr\/#\/schema\/logo\/image\/","url":"https:\/\/www.cltweb.org\/wp-content\/uploads\/2024\/11\/New-CLT-Center-Text-logo.png","contentUrl":"https:\/\/www.cltweb.org\/wp-content\/uploads\/2024\/11\/New-CLT-Center-Text-logo.png","width":227,"height":80,"caption":"International Center for Community Land Trusts"},"image":{"@id":"https:\/\/www.cltweb.org\/fr\/#\/schema\/logo\/image\/"},"sameAs":["https:\/\/www.facebook.com\/cltcenter","https:\/\/x.com\/Center4CLTs","https:\/\/www.instagram.com\/cltcenter\/","https:\/\/www.linkedin.com\/company\/cltcenter","https:\/\/www.youtube.com\/@centerforcltinnovation5313"],"description":"The International Center for Community Land Trusts is a not-for-profit nongovernmental organization established in 2018 to promote and to support community land trusts and similar strategies of community-led development on community-owned land in countries throughout the world.","email":"info@communitylandtrust.net","legalName":"International Center for Community Land Trusts","foundingDate":"2018-12-01","taxID":"84-3858933","numberOfEmployees":{"@type":"QuantitativeValue","minValue":"1","maxValue":"10"}},{"@type":"Person","@id":"https:\/\/www.cltweb.org\/fr\/#\/schema\/person\/afd3723291b60b81c27772953e5b49d6","name":"cltredesign_0jp0l4","image":{"@type":"ImageObject","inLanguage":"fr-FR","@id":"https:\/\/secure.gravatar.com\/avatar\/1012e57596c2454da589d773454d3eb22a64f2ff638e62850caeb654f3affad5?s=96&d=mm&r=g","url":"https:\/\/secure.gravatar.com\/avatar\/1012e57596c2454da589d773454d3eb22a64f2ff638e62850caeb654f3affad5?s=96&d=mm&r=g","contentUrl":"https:\/\/secure.gravatar.com\/avatar\/1012e57596c2454da589d773454d3eb22a64f2ff638e62850caeb654f3affad5?s=96&d=mm&r=g","caption":"cltredesign_0jp0l4"},"sameAs":["https:\/\/icclt.org"],"url":"https:\/\/www.cltweb.org\/fr\/author\/cltredesign_0jp0l4\/"}]}},"taxonomy_info":{"category":[{"value":29,"label":"Non classifi\u00e9(e)"}]},"featured_image_src_large":false,"author_info":{"display_name":"cltredesign_0jp0l4","author_link":"https:\/\/www.cltweb.org\/fr\/author\/cltredesign_0jp0l4\/"},"comment_info":0,"category_info":[{"term_id":29,"name":"Non classifi\u00e9(e)","slug":"non-classifiee","term_group":0,"term_taxonomy_id":29,"taxonomy":"category","description":"","parent":0,"count":20,"filter":"raw","cat_ID":29,"category_count":20,"category_description":"","cat_name":"Non classifi\u00e9(e)","category_nicename":"non-classifiee","category_parent":0}],"tag_info":false,"jetpack_featured_media_url":"","jetpack_sharing_enabled":true,"jetpack-related-posts":[{"id":10001,"url":"https:\/\/www.cltweb.org\/fr\/2025\/10\/20\/un-regard-sur-le-passe-et-sur-lavenir-du-mouvement-clt-aux-etats-unis\/","url_meta":{"origin":6590,"position":0},"title":"Un regard sur le pass\u00e9 et sur l&#8217;avenir du mouvement CLT aux \u00c9tats-Unis","author":"cltredesign_0jp0l4","date":"20 octobre 2025","format":false,"excerpt":"John Emmeus Davis s'est adress\u00e9 aux participants de la conf\u00e9rence 2025 Midwest CLT sur le pass\u00e9 et l'avenir possible du mouvement CLT aux \u00c9tats-Unis, et sur ce que nous pouvons faire pour traverser cette p\u00e9riode difficile. Il s'agit d'une transcription de ses remarques extemporan\u00e9es.","rel":"","context":"Dans &quot;Blogs&quot;","block_context":{"text":"Blogs","link":"https:\/\/www.cltweb.org\/fr\/category\/blogs-fr\/"},"img":{"alt_text":"","src":"","width":0,"height":0},"classes":[]},{"id":7689,"url":"https:\/\/www.cltweb.org\/fr\/2024\/11\/11\/introduction-au-pouvoir-et-au-leadership-des-jeunes-dans-la-pratique-du-community-land-trust\/","url_meta":{"origin":6590,"position":1},"title":"Introduction au pouvoir et au leadership des jeunes dans la pratique du Community Land Trust","author":"Ben Harris","date":"11 novembre 2024","format":false,"excerpt":"Par Richard Kruger Delgado La contribution suivante a \u00e9t\u00e9 r\u00e9dig\u00e9e par Richard Kruger Delgado, responsable de l'\u00e9ducation et de la sensibilisation pour l'International Center for Community Land Trusts, dans le cadre du prochain webinaire intitul\u00e9 \"Stewarding the Future : Le pouvoir et le leadership des jeunes dans la pratique des\u2026","rel":"","context":"Dans &quot;Blogs&quot;","block_context":{"text":"Blogs","link":"https:\/\/www.cltweb.org\/fr\/category\/blogs-fr\/"},"img":{"alt_text":"","src":"https:\/\/i0.wp.com\/www.cltweb.org\/wp-content\/uploads\/2024\/11\/Screenshot-2024-11-11-at-5.46.26%E2%80%AFPM.png?resize=350%2C200&ssl=1","width":350,"height":200,"srcset":"https:\/\/i0.wp.com\/www.cltweb.org\/wp-content\/uploads\/2024\/11\/Screenshot-2024-11-11-at-5.46.26%E2%80%AFPM.png?resize=350%2C200&ssl=1 1x, https:\/\/i0.wp.com\/www.cltweb.org\/wp-content\/uploads\/2024\/11\/Screenshot-2024-11-11-at-5.46.26%E2%80%AFPM.png?resize=525%2C300&ssl=1 1.5x, https:\/\/i0.wp.com\/www.cltweb.org\/wp-content\/uploads\/2024\/11\/Screenshot-2024-11-11-at-5.46.26%E2%80%AFPM.png?resize=700%2C400&ssl=1 2x"},"classes":[]},{"id":10688,"url":"https:\/\/www.cltweb.org\/2025\/11\/11\/la-terre-pour-les-gens-pas-pour-le-profit-construire-linfrastructure-dun-mouvement-mondial-2\/","url_meta":{"origin":6590,"position":2},"title":"La terre pour les gens, pas pour le profit : Construire l&#8217;infrastructure d&#8217;un mouvement mondial","author":"Ben Harris","date":"11 novembre 2025","format":false,"excerpt":"Cette ann\u00e9e, l'International Center for Community Land Trusts lance sa toute premi\u00e8re campagne de fin d'ann\u00e9e - une occasion de r\u00e9fl\u00e9chir \u00e0 ce que nous construisons ensemble et aux relations qui rendent ce travail possible. Partout dans le monde, les CLT prouvent qu'il est possible d'\u00e9tablir une autre relation avec\u2026","rel":"","context":"Dans &quot;Blogs&quot;","block_context":{"text":"Blogs","link":"https:\/\/www.cltweb.org\/fr\/category\/blogs-fr\/"},"img":{"alt_text":"","src":"https:\/\/i0.wp.com\/www.cltweb.org\/wp-content\/uploads\/2025\/11\/Land-for-People-Not-For-Profit.gif?resize=350%2C200&ssl=1","width":350,"height":200,"srcset":"https:\/\/i0.wp.com\/www.cltweb.org\/wp-content\/uploads\/2025\/11\/Land-for-People-Not-For-Profit.gif?resize=350%2C200&ssl=1 1x, https:\/\/i0.wp.com\/www.cltweb.org\/wp-content\/uploads\/2025\/11\/Land-for-People-Not-For-Profit.gif?resize=525%2C300&ssl=1 1.5x, https:\/\/i0.wp.com\/www.cltweb.org\/wp-content\/uploads\/2025\/11\/Land-for-People-Not-For-Profit.gif?resize=700%2C400&ssl=1 2x, https:\/\/i0.wp.com\/www.cltweb.org\/wp-content\/uploads\/2025\/11\/Land-for-People-Not-For-Profit.gif?resize=1050%2C600&ssl=1 3x"},"classes":[]},{"id":10689,"url":"https:\/\/www.cltweb.org\/fr\/2025\/11\/11\/la-terre-pour-les-gens-pas-pour-le-profit-construire-linfrastructure-dun-mouvement-mondial\/","url_meta":{"origin":6590,"position":3},"title":"La terre pour les gens, pas pour le profit : Construire l&#8217;infrastructure d&#8217;un mouvement mondial","author":"Ben Harris","date":"11 novembre 2025","format":false,"excerpt":"Cette ann\u00e9e, l'International Center for Community Land Trusts lance sa toute premi\u00e8re campagne de fin d'ann\u00e9e - une occasion de r\u00e9fl\u00e9chir \u00e0 ce que nous construisons ensemble et aux relations qui rendent ce travail possible. Partout dans le monde, les CLT prouvent qu'il est possible d'\u00e9tablir une autre relation avec\u2026","rel":"","context":"Dans &quot;Blogs&quot;","block_context":{"text":"Blogs","link":"https:\/\/www.cltweb.org\/fr\/category\/blogs-fr\/"},"img":{"alt_text":"","src":"https:\/\/i0.wp.com\/www.cltweb.org\/wp-content\/uploads\/2025\/11\/Land-for-People-Not-For-Profit.gif?resize=350%2C200&ssl=1","width":350,"height":200,"srcset":"https:\/\/i0.wp.com\/www.cltweb.org\/wp-content\/uploads\/2025\/11\/Land-for-People-Not-For-Profit.gif?resize=350%2C200&ssl=1 1x, https:\/\/i0.wp.com\/www.cltweb.org\/wp-content\/uploads\/2025\/11\/Land-for-People-Not-For-Profit.gif?resize=525%2C300&ssl=1 1.5x, https:\/\/i0.wp.com\/www.cltweb.org\/wp-content\/uploads\/2025\/11\/Land-for-People-Not-For-Profit.gif?resize=700%2C400&ssl=1 2x, https:\/\/i0.wp.com\/www.cltweb.org\/wp-content\/uploads\/2025\/11\/Land-for-People-Not-For-Profit.gif?resize=1050%2C600&ssl=1 3x"},"classes":[]},{"id":7240,"url":"https:\/\/www.cltweb.org\/fr\/2024\/09\/10\/les-clt-peuvent-ils-jouer-un-role-dans-la-politique-climatique\/","url_meta":{"origin":6590,"position":4},"title":"Les CLT peuvent-ils jouer un r\u00f4le dans la politique climatique ?","author":"cltredesign_0jp0l4","date":"10 septembre 2024","format":false,"excerpt":"La contribution suivante a \u00e9t\u00e9 r\u00e9dig\u00e9e par Geert De Pauw, coordinateur du Community Land Trust Brussels, dans le cadre du s\u00e9minaire en ligne \"Using CLTs to Deliver Energy Renovation and Permanent Affordability to Existing Housing\" qui se tiendra le 25 septembre. Le Community Land Trust Brussels (CLTB) est une organisation\u2026","rel":"","context":"Dans &quot;Blogs&quot;","block_context":{"text":"Blogs","link":"https:\/\/www.cltweb.org\/fr\/category\/blogs-fr\/"},"img":{"alt_text":"","src":"","width":0,"height":0},"classes":[]},{"id":7248,"url":"https:\/\/www.cltweb.org\/fr\/2024\/09\/03\/introduction-a-lutilisation-des-clt-pour-la-renovation-energetique-et-laccessibilite-permanente-des-logements-existants\/","url_meta":{"origin":6590,"position":5},"title":"Introduction \u00e0 l&#8217;utilisation des CLT pour la r\u00e9novation \u00e9nerg\u00e9tique et l&#8217;accessibilit\u00e9 permanente des logements existants","author":"cltredesign_0jp0l4","date":"3 septembre 2024","format":false,"excerpt":"La contribution suivante a \u00e9t\u00e9 r\u00e9dig\u00e9e par Richard Kruger Delgado, responsable de l'\u00e9ducation et de la sensibilisation pour l'International Center for Community Land Trusts, afin de pr\u00e9senter le prochain webinaire qui aura lieu le 25 septembre. \"Nous avons pour mission de ne pas laisser les gens de c\u00f4t\u00e9. - John\u2026","rel":"","context":"Dans &quot;Blogs&quot;","block_context":{"text":"Blogs","link":"https:\/\/www.cltweb.org\/fr\/category\/blogs-fr\/"},"img":{"alt_text":"","src":"","width":0,"height":0},"classes":[]}],"_links":{"self":[{"href":"https:\/\/www.cltweb.org\/fr\/wp-json\/wp\/v2\/posts\/6590","targetHints":{"allow":["GET"]}}],"collection":[{"href":"https:\/\/www.cltweb.org\/fr\/wp-json\/wp\/v2\/posts"}],"about":[{"href":"https:\/\/www.cltweb.org\/fr\/wp-json\/wp\/v2\/types\/post"}],"author":[{"embeddable":true,"href":"https:\/\/www.cltweb.org\/fr\/wp-json\/wp\/v2\/users\/1"}],"replies":[{"embeddable":true,"href":"https:\/\/www.cltweb.org\/fr\/wp-json\/wp\/v2\/comments?post=6590"}],"version-history":[{"count":0,"href":"https:\/\/www.cltweb.org\/fr\/wp-json\/wp\/v2\/posts\/6590\/revisions"}],"wp:attachment":[{"href":"https:\/\/www.cltweb.org\/fr\/wp-json\/wp\/v2\/media?parent=6590"}],"wp:term":[{"taxonomy":"category","embeddable":true,"href":"https:\/\/www.cltweb.org\/fr\/wp-json\/wp\/v2\/categories?post=6590"},{"taxonomy":"post_tag","embeddable":true,"href":"https:\/\/www.cltweb.org\/fr\/wp-json\/wp\/v2\/tags?post=6590"}],"curies":[{"name":"wp","href":"https:\/\/api.w.org\/{rel}","templated":true}]}}