{"id":6599,"date":"2022-10-11T00:00:00","date_gmt":"2022-10-11T00:00:00","guid":{"rendered":"https:\/\/www.cltweb.org\/2022\/10\/11\/evenement-du-centre-clt-reforme-fonciere-en-ecosse\/"},"modified":"2022-10-11T00:00:00","modified_gmt":"2022-10-11T00:00:00","slug":"evenement-du-centre-clt-reforme-fonciere-en-ecosse","status":"publish","type":"post","link":"https:\/\/www.cltweb.org\/fr\/2022\/10\/11\/evenement-du-centre-clt-reforme-fonciere-en-ecosse\/","title":{"rendered":"EVENEMENT DU CENTRE CLT : R\u00e9forme fonci\u00e8re en Ecosse"},"content":{"rendered":"<p><iframe loading=\"lazy\" width=\"560\" height=\"315\" src=\"https:\/\/www.youtube.com\/embed\/e4sjtYnuhto\" title=\"Lecteur vid\u00e9o YouTube\" frameborder=\"0\" allow=\"accelerometer; autoplay; clipboard-write; encrypted-media; gyroscope; picture-in-picture\" allowfullscreen=\"\"><\/iframe><\/p>\n<p><a href=\"https:\/\/sosch.org\"><img loading=\"lazy\" decoding=\"async\" class=\"alignright wp-image-6502 \" src=\"https:\/\/www.cltweb.org\/wp-content\/uploads\/2022\/10\/SOSCH-logo.png\" alt=\"Logo SOSCH\" width=\"266\" height=\"266\"><\/a><\/p>\n<p>Rejoignez-nous pour une discussion sur la r\u00e9forme fonci\u00e8re \u00e9cossaise et les liens entre l&#8217;agenda de la r\u00e9forme fonci\u00e8re et le logement communautaire et l&#8217;autonomisation des communaut\u00e9s. <strong><b>DESCRIPTION : <\/b><\/strong>La session comprendra des pr\u00e9sentations de la Scottish Land Commission, de Community Land Scotland et de Wigtown &amp; Bladnoch Community Initiative, suivies de questions-r\u00e9ponses. Ce webinaire d&#8217;une heure sera l&#8217;occasion d&#8217;une conversation anim\u00e9e sur la r\u00e9forme fonci\u00e8re et la propri\u00e9t\u00e9 communautaire en \u00c9cosse (et au-del\u00e0), avec la participation d&#8217;experts politiques, de membres de la communaut\u00e9 et de praticiens du logement communautaire. Organis\u00e9 par South of Scotland Community Housing et le Center for CLT Innovation. Tous les participants sont les bienvenus !<\/p>\n<p><em>Le webinaire sera pr\u00e9sent\u00e9 en anglais. Nous ajouterons des sous-titres traduits \u00e0 l&#8217;enregistrement du webinaire. <\/em><\/p>\n<p><strong>Mod\u00e9r\u00e9 par Annabel Pidgeon de <a href=\"https:\/\/sosch.org\" target=\"_blank\" rel=\"noopener\">South of Scotland Community Housing<\/a>.<\/strong><\/p>\n<p><b>PR\u00c9SENTATEURS<\/b><\/p>\n<ul>\n<li><strong><b>David Stewart <\/b><\/strong>est charg\u00e9 de mission principal \u00e0 la <a href=\"https:\/\/www.landcommission.gov.scot\/\"><u>Commission fonci\u00e8re \u00e9cossaise<\/u><\/a> depuis 2019. Ses principaux domaines de travail concernent l&#8217;assemblage des terrains, la cr\u00e9ation de lieux et les march\u00e9s fonciers du logement. David a rejoint la Commission fonci\u00e8re apr\u00e8s avoir travaill\u00e9 pour la F\u00e9d\u00e9ration \u00e9cossaise des associations de logement, o\u00f9 il s&#8217;occupait des nouvelles constructions de logements abordables, de la r\u00e9forme de la planification, de l&#8217;efficacit\u00e9 \u00e9nerg\u00e9tique et de la r\u00e9g\u00e9n\u00e9ration. Auparavant, il a travaill\u00e9 pour des associations de logement et pour le conseil municipal d&#8217;\u00c9dimbourg dans le domaine du logement et de la r\u00e9g\u00e9n\u00e9ration. Il est membre du conseil d&#8217;administration de Rural Housing Scotland et a pr\u00e9c\u00e9demment si\u00e9g\u00e9 au conseil d&#8217;administration de PAS, l&#8217;organisation caritative charg\u00e9e de l&#8217;am\u00e9nagement du territoire, et d&#8217;une association de logement communautaire \u00e0 Greenock. David a \u00e9galement fait partie du panel acad\u00e9mique, pratique et politique de SURF &#8211; Scotland&#8217;s Regeneration Forum.<strong> (<a href=\"https:\/\/www.cltweb.org\/wp-content\/uploads\/2022\/10\/David-Stewart-Presentation.pdf\" target=\"_blank\" rel=\"noopener\">lien vers les diapositives<\/a>)<\/strong>     <\/li>\n<li><strong><b>Linsay Chalmers <\/b><\/strong>est responsable du d\u00e9veloppement \u00e0 <a href=\"https:\/\/www.communitylandscotland.org.uk\/\"><u>Community Land Scotland<\/u><\/a>o\u00f9 elle supervise le travail de l&#8217;organisation en mati\u00e8re de soutien aux communaut\u00e9s et de sensibilisation \u00e0 la propri\u00e9t\u00e9 fonci\u00e8re communautaire. Auparavant, elle a travaill\u00e9 pendant de nombreuses ann\u00e9es dans le domaine du recyclage et de la r\u00e9utilisation au sein des communaut\u00e9s. Pendant son temps libre, Linsay fait partie du comit\u00e9 de son entreprise communautaire locale, qui poss\u00e8de un magasin, un bureau de poste et une entreprise de restauration. <strong>(<a href=\"https:\/\/www.cltweb.org\/wp-content\/uploads\/2022\/10\/LIndsay-Chalmers-Presentation.pdf\" target=\"_blank\" rel=\"noopener\">lien vers les diapositives<\/a>)<\/strong>  <\/li>\n<li><strong><b>Le Dr Nick Walker <\/b><\/strong>est un psychiatre \u00e0 la retraite, actif au sein de sa communaut\u00e9 locale. Il a particip\u00e9 \u00e0 la mise en place de <a href=\"https:\/\/wigtownandbladnoch.co.uk\/\"><u>Wigtown &amp; Bladnoch Community Initiative<\/u><\/a>une entreprise communautaire dont la mission est de faire en sorte que les terres et les propri\u00e9t\u00e9s n\u00e9glig\u00e9es deviennent la propri\u00e9t\u00e9 de la communaut\u00e9, de mani\u00e8re durable, afin d&#8217;am\u00e9liorer la vie des personnes qui vivent \u00e0 Wigtown et Bladnoch ou qui les visitent. Il vient de terminer son mandat de pr\u00e9sident du conseil d&#8217;administration de l&#8217;initiative. Il a \u00e9galement si\u00e9g\u00e9 au conseil communautaire de Wigtown et est administrateur de l&#8217;organisation caritative locale The Wigtown Festival Company, qui organise chaque ann\u00e9e un festival du livre dans le centre national du livre en \u00c9cosse. <strong>(<a href=\"https:\/\/www.cltweb.org\/wp-content\/uploads\/2022\/10\/Nick-Walker-Presentation.pdf\" target=\"_blank\" rel=\"noopener\">lien vers les diapositives<\/a>)<\/strong>   <\/li>\n<\/ul>\n<p>&nbsp;<\/p>\n","protected":false},"excerpt":{"rendered":"<p>Rejoignez-nous pour une discussion sur la r\u00e9forme fonci\u00e8re \u00e9cossaise et les liens entre l&#8217;agenda de la r\u00e9forme fonci\u00e8re et le logement g\u00e9r\u00e9 par la communaut\u00e9 et l&#8217;autonomisation de la communaut\u00e9. La session comprendra des pr\u00e9sentations de la Scottish Land Commission, de Community Land Scotland et de Wigtown &amp; Bladnoch Community Initiative, suivies de questions-r\u00e9ponses. Ce webinaire d&#8217;une heure sera l&#8217;occasion d&#8217;une conversation anim\u00e9e sur la r\u00e9forme fonci\u00e8re et la propri\u00e9t\u00e9 communautaire en \u00c9cosse (et au-del\u00e0), avec la participation d&#8217;experts politiques, de membres de communaut\u00e9s et de praticiens du logement communautaire.  <\/p>\n","protected":false},"author":1,"featured_media":0,"comment_status":"open","ping_status":"open","sticky":false,"template":"","format":"standard","meta":{"give_campaign_id":0,"_tec_requires_first_save":true,"_kad_blocks_custom_css":"","_kad_blocks_head_custom_js":"","_kad_blocks_body_custom_js":"","_kad_blocks_footer_custom_js":"","_EventAllDay":false,"_EventTimezone":"","_EventStartDate":"","_EventEndDate":"","_EventStartDateUTC":"","_EventEndDateUTC":"","_EventShowMap":false,"_EventShowMapLink":false,"_EventURL":"","_EventCost":"","_EventCostDescription":"","_EventCurrencySymbol":"","_EventCurrencyCode":"","_EventCurrencyPosition":"","_EventDateTimeSeparator":"","_EventTimeRangeSeparator":"","_EventOrganizerID":[],"_EventVenueID":[],"_OrganizerEmail":"","_OrganizerPhone":"","_OrganizerWebsite":"","_VenueAddress":"","_VenueCity":"","_VenueCountry":"","_VenueProvince":"","_VenueState":"","_VenueZip":"","_VenuePhone":"","_VenueURL":"","_VenueStateProvince":"","_VenueLat":"","_VenueLng":"","_VenueShowMap":false,"_VenueShowMapLink":false,"_tribe_blocks_recurrence_rules":"","_tribe_blocks_recurrence_description":"","_tribe_blocks_recurrence_exclusions":"","_jetpack_memberships_contains_paid_content":false,"footnotes":""},"categories":[29],"tags":[],"class_list":["post-6599","post","type-post","status-publish","format-standard","hentry","category-non-classifiee"],"blocksy_meta":[],"yoast_head":"<!-- This site is optimized with the Yoast SEO Premium plugin v27.5 (Yoast SEO v27.5) - https:\/\/yoast.com\/product\/yoast-seo-premium-wordpress\/ -->\n<title>EVENEMENT DU CENTRE CLT : R\u00e9forme fonci\u00e8re en Ecosse - International Center for Community Land Trusts<\/title>\n<meta name=\"robots\" content=\"index, follow, max-snippet:-1, max-image-preview:large, max-video-preview:-1\" \/>\n<link rel=\"canonical\" href=\"https:\/\/www.cltweb.org\/fr\/2022\/10\/11\/evenement-du-centre-clt-reforme-fonciere-en-ecosse\/\" \/>\n<meta property=\"og:locale\" content=\"fr_FR\" \/>\n<meta property=\"og:type\" content=\"article\" \/>\n<meta property=\"og:title\" content=\"EVENEMENT DU CENTRE CLT : R\u00e9forme fonci\u00e8re en Ecosse\" \/>\n<meta property=\"og:description\" content=\"Rejoignez-nous pour une discussion sur la r\u00e9forme fonci\u00e8re \u00e9cossaise et les liens entre l&#039;agenda de la r\u00e9forme fonci\u00e8re et le logement g\u00e9r\u00e9 par la communaut\u00e9 et l&#039;autonomisation de la communaut\u00e9. La session comprendra des pr\u00e9sentations de la Scottish Land Commission, de Community Land Scotland et de Wigtown &amp; Bladnoch Community Initiative, suivies de questions-r\u00e9ponses. Ce webinaire d&#039;une heure sera l&#039;occasion d&#039;une conversation anim\u00e9e sur la r\u00e9forme fonci\u00e8re et la propri\u00e9t\u00e9 communautaire en \u00c9cosse (et au-del\u00e0), avec la participation d&#039;experts politiques, de membres de communaut\u00e9s et de praticiens du logement communautaire.\" \/>\n<meta property=\"og:url\" content=\"https:\/\/www.cltweb.org\/fr\/2022\/10\/11\/evenement-du-centre-clt-reforme-fonciere-en-ecosse\/\" \/>\n<meta property=\"og:site_name\" content=\"International Center for Community Land Trusts\" \/>\n<meta property=\"article:publisher\" content=\"https:\/\/www.facebook.com\/cltcenter\" \/>\n<meta property=\"article:published_time\" content=\"2022-10-11T00:00:00+00:00\" \/>\n<meta name=\"author\" content=\"cltredesign_0jp0l4\" \/>\n<meta name=\"twitter:card\" content=\"summary_large_image\" \/>\n<meta name=\"twitter:creator\" content=\"@Center4CLTs\" \/>\n<meta name=\"twitter:site\" content=\"@Center4CLTs\" \/>\n<meta name=\"twitter:label1\" content=\"\u00c9crit par\" \/>\n\t<meta name=\"twitter:data1\" content=\"cltredesign_0jp0l4\" \/>\n\t<meta name=\"twitter:label2\" content=\"Dur\u00e9e de lecture estim\u00e9e\" \/>\n\t<meta name=\"twitter:data2\" content=\"3 minutes\" \/>\n<script type=\"application\/ld+json\" class=\"yoast-schema-graph\">{\"@context\":\"https:\\\/\\\/schema.org\",\"@graph\":[{\"@type\":\"Article\",\"@id\":\"https:\\\/\\\/www.cltweb.org\\\/fr\\\/2022\\\/10\\\/11\\\/evenement-du-centre-clt-reforme-fonciere-en-ecosse\\\/#article\",\"isPartOf\":{\"@id\":\"https:\\\/\\\/www.cltweb.org\\\/fr\\\/2022\\\/10\\\/11\\\/evenement-du-centre-clt-reforme-fonciere-en-ecosse\\\/\"},\"author\":{\"name\":\"cltredesign_0jp0l4\",\"@id\":\"https:\\\/\\\/www.cltweb.org\\\/fr\\\/#\\\/schema\\\/person\\\/afd3723291b60b81c27772953e5b49d6\"},\"headline\":\"EVENEMENT DU CENTRE CLT : R\u00e9forme fonci\u00e8re en Ecosse\",\"datePublished\":\"2022-10-11T00:00:00+00:00\",\"mainEntityOfPage\":{\"@id\":\"https:\\\/\\\/www.cltweb.org\\\/fr\\\/2022\\\/10\\\/11\\\/evenement-du-centre-clt-reforme-fonciere-en-ecosse\\\/\"},\"wordCount\":572,\"commentCount\":0,\"publisher\":{\"@id\":\"https:\\\/\\\/www.cltweb.org\\\/fr\\\/#organization\"},\"image\":{\"@id\":\"https:\\\/\\\/www.cltweb.org\\\/fr\\\/2022\\\/10\\\/11\\\/evenement-du-centre-clt-reforme-fonciere-en-ecosse\\\/#primaryimage\"},\"thumbnailUrl\":\"https:\\\/\\\/www.cltweb.org\\\/wp-content\\\/uploads\\\/2022\\\/10\\\/SOSCH-logo.png\",\"articleSection\":[\"Non classifi\u00e9(e)\"],\"inLanguage\":\"fr-FR\",\"potentialAction\":[{\"@type\":\"CommentAction\",\"name\":\"Comment\",\"target\":[\"https:\\\/\\\/www.cltweb.org\\\/fr\\\/2022\\\/10\\\/11\\\/evenement-du-centre-clt-reforme-fonciere-en-ecosse\\\/#respond\"]}]},{\"@type\":\"WebPage\",\"@id\":\"https:\\\/\\\/www.cltweb.org\\\/fr\\\/2022\\\/10\\\/11\\\/evenement-du-centre-clt-reforme-fonciere-en-ecosse\\\/\",\"url\":\"https:\\\/\\\/www.cltweb.org\\\/fr\\\/2022\\\/10\\\/11\\\/evenement-du-centre-clt-reforme-fonciere-en-ecosse\\\/\",\"name\":\"EVENEMENT DU CENTRE CLT : R\u00e9forme fonci\u00e8re en Ecosse - International Center for Community Land Trusts\",\"isPartOf\":{\"@id\":\"https:\\\/\\\/www.cltweb.org\\\/fr\\\/#website\"},\"primaryImageOfPage\":{\"@id\":\"https:\\\/\\\/www.cltweb.org\\\/fr\\\/2022\\\/10\\\/11\\\/evenement-du-centre-clt-reforme-fonciere-en-ecosse\\\/#primaryimage\"},\"image\":{\"@id\":\"https:\\\/\\\/www.cltweb.org\\\/fr\\\/2022\\\/10\\\/11\\\/evenement-du-centre-clt-reforme-fonciere-en-ecosse\\\/#primaryimage\"},\"thumbnailUrl\":\"https:\\\/\\\/www.cltweb.org\\\/wp-content\\\/uploads\\\/2022\\\/10\\\/SOSCH-logo.png\",\"datePublished\":\"2022-10-11T00:00:00+00:00\",\"breadcrumb\":{\"@id\":\"https:\\\/\\\/www.cltweb.org\\\/fr\\\/2022\\\/10\\\/11\\\/evenement-du-centre-clt-reforme-fonciere-en-ecosse\\\/#breadcrumb\"},\"inLanguage\":\"fr-FR\",\"potentialAction\":[{\"@type\":\"ReadAction\",\"target\":[\"https:\\\/\\\/www.cltweb.org\\\/fr\\\/2022\\\/10\\\/11\\\/evenement-du-centre-clt-reforme-fonciere-en-ecosse\\\/\"]}]},{\"@type\":\"ImageObject\",\"inLanguage\":\"fr-FR\",\"@id\":\"https:\\\/\\\/www.cltweb.org\\\/fr\\\/2022\\\/10\\\/11\\\/evenement-du-centre-clt-reforme-fonciere-en-ecosse\\\/#primaryimage\",\"url\":\"https:\\\/\\\/www.cltweb.org\\\/wp-content\\\/uploads\\\/2022\\\/10\\\/SOSCH-logo.png\",\"contentUrl\":\"https:\\\/\\\/www.cltweb.org\\\/wp-content\\\/uploads\\\/2022\\\/10\\\/SOSCH-logo.png\"},{\"@type\":\"BreadcrumbList\",\"@id\":\"https:\\\/\\\/www.cltweb.org\\\/fr\\\/2022\\\/10\\\/11\\\/evenement-du-centre-clt-reforme-fonciere-en-ecosse\\\/#breadcrumb\",\"itemListElement\":[{\"@type\":\"ListItem\",\"position\":1,\"name\":\"Home\",\"item\":\"https:\\\/\\\/www.cltweb.org\\\/fr\\\/\"},{\"@type\":\"ListItem\",\"position\":2,\"name\":\"EVENEMENT DU CENTRE CLT : R\u00e9forme fonci\u00e8re en Ecosse\"}]},{\"@type\":\"WebSite\",\"@id\":\"https:\\\/\\\/www.cltweb.org\\\/fr\\\/#website\",\"url\":\"https:\\\/\\\/www.cltweb.org\\\/fr\\\/\",\"name\":\"International Center for Community Land Trusts\",\"description\":\"\",\"publisher\":{\"@id\":\"https:\\\/\\\/www.cltweb.org\\\/fr\\\/#organization\"},\"potentialAction\":[{\"@type\":\"SearchAction\",\"target\":{\"@type\":\"EntryPoint\",\"urlTemplate\":\"https:\\\/\\\/www.cltweb.org\\\/fr\\\/?s={search_term_string}\"},\"query-input\":{\"@type\":\"PropertyValueSpecification\",\"valueRequired\":true,\"valueName\":\"search_term_string\"}}],\"inLanguage\":\"fr-FR\"},{\"@type\":\"Organization\",\"@id\":\"https:\\\/\\\/www.cltweb.org\\\/fr\\\/#organization\",\"name\":\"International Center for Community Land Trusts\",\"url\":\"https:\\\/\\\/www.cltweb.org\\\/fr\\\/\",\"logo\":{\"@type\":\"ImageObject\",\"inLanguage\":\"fr-FR\",\"@id\":\"https:\\\/\\\/www.cltweb.org\\\/fr\\\/#\\\/schema\\\/logo\\\/image\\\/\",\"url\":\"https:\\\/\\\/www.cltweb.org\\\/wp-content\\\/uploads\\\/2024\\\/11\\\/New-CLT-Center-Text-logo.png\",\"contentUrl\":\"https:\\\/\\\/www.cltweb.org\\\/wp-content\\\/uploads\\\/2024\\\/11\\\/New-CLT-Center-Text-logo.png\",\"width\":227,\"height\":80,\"caption\":\"International Center for Community Land Trusts\"},\"image\":{\"@id\":\"https:\\\/\\\/www.cltweb.org\\\/fr\\\/#\\\/schema\\\/logo\\\/image\\\/\"},\"sameAs\":[\"https:\\\/\\\/www.facebook.com\\\/cltcenter\",\"https:\\\/\\\/x.com\\\/Center4CLTs\",\"https:\\\/\\\/www.instagram.com\\\/cltcenter\\\/\",\"https:\\\/\\\/www.linkedin.com\\\/company\\\/cltcenter\",\"https:\\\/\\\/www.youtube.com\\\/@centerforcltinnovation5313\"],\"description\":\"The International Center for Community Land Trusts is a not-for-profit nongovernmental organization established in 2018 to promote and to support community land trusts and similar strategies of community-led development on community-owned land in countries throughout the world.\",\"email\":\"info@communitylandtrust.net\",\"legalName\":\"International Center for Community Land Trusts\",\"foundingDate\":\"2018-12-01\",\"taxID\":\"84-3858933\",\"numberOfEmployees\":{\"@type\":\"QuantitativeValue\",\"minValue\":\"1\",\"maxValue\":\"10\"}},{\"@type\":\"Person\",\"@id\":\"https:\\\/\\\/www.cltweb.org\\\/fr\\\/#\\\/schema\\\/person\\\/afd3723291b60b81c27772953e5b49d6\",\"name\":\"cltredesign_0jp0l4\",\"image\":{\"@type\":\"ImageObject\",\"inLanguage\":\"fr-FR\",\"@id\":\"https:\\\/\\\/secure.gravatar.com\\\/avatar\\\/1012e57596c2454da589d773454d3eb22a64f2ff638e62850caeb654f3affad5?s=96&d=mm&r=g\",\"url\":\"https:\\\/\\\/secure.gravatar.com\\\/avatar\\\/1012e57596c2454da589d773454d3eb22a64f2ff638e62850caeb654f3affad5?s=96&d=mm&r=g\",\"contentUrl\":\"https:\\\/\\\/secure.gravatar.com\\\/avatar\\\/1012e57596c2454da589d773454d3eb22a64f2ff638e62850caeb654f3affad5?s=96&d=mm&r=g\",\"caption\":\"cltredesign_0jp0l4\"},\"sameAs\":[\"https:\\\/\\\/icclt.org\"],\"url\":\"https:\\\/\\\/www.cltweb.org\\\/fr\\\/author\\\/cltredesign_0jp0l4\\\/\"}]}<\/script>\n<!-- \/ Yoast SEO Premium plugin. -->","yoast_head_json":{"title":"EVENEMENT DU CENTRE CLT : R\u00e9forme fonci\u00e8re en Ecosse - International Center for Community Land Trusts","robots":{"index":"index","follow":"follow","max-snippet":"max-snippet:-1","max-image-preview":"max-image-preview:large","max-video-preview":"max-video-preview:-1"},"canonical":"https:\/\/www.cltweb.org\/fr\/2022\/10\/11\/evenement-du-centre-clt-reforme-fonciere-en-ecosse\/","og_locale":"fr_FR","og_type":"article","og_title":"EVENEMENT DU CENTRE CLT : R\u00e9forme fonci\u00e8re en Ecosse","og_description":"Rejoignez-nous pour une discussion sur la r\u00e9forme fonci\u00e8re \u00e9cossaise et les liens entre l'agenda de la r\u00e9forme fonci\u00e8re et le logement g\u00e9r\u00e9 par la communaut\u00e9 et l'autonomisation de la communaut\u00e9. La session comprendra des pr\u00e9sentations de la Scottish Land Commission, de Community Land Scotland et de Wigtown &amp; Bladnoch Community Initiative, suivies de questions-r\u00e9ponses. Ce webinaire d'une heure sera l'occasion d'une conversation anim\u00e9e sur la r\u00e9forme fonci\u00e8re et la propri\u00e9t\u00e9 communautaire en \u00c9cosse (et au-del\u00e0), avec la participation d'experts politiques, de membres de communaut\u00e9s et de praticiens du logement communautaire.","og_url":"https:\/\/www.cltweb.org\/fr\/2022\/10\/11\/evenement-du-centre-clt-reforme-fonciere-en-ecosse\/","og_site_name":"International Center for Community Land Trusts","article_publisher":"https:\/\/www.facebook.com\/cltcenter","article_published_time":"2022-10-11T00:00:00+00:00","author":"cltredesign_0jp0l4","twitter_card":"summary_large_image","twitter_creator":"@Center4CLTs","twitter_site":"@Center4CLTs","twitter_misc":{"\u00c9crit par":"cltredesign_0jp0l4","Dur\u00e9e de lecture estim\u00e9e":"3 minutes"},"schema":{"@context":"https:\/\/schema.org","@graph":[{"@type":"Article","@id":"https:\/\/www.cltweb.org\/fr\/2022\/10\/11\/evenement-du-centre-clt-reforme-fonciere-en-ecosse\/#article","isPartOf":{"@id":"https:\/\/www.cltweb.org\/fr\/2022\/10\/11\/evenement-du-centre-clt-reforme-fonciere-en-ecosse\/"},"author":{"name":"cltredesign_0jp0l4","@id":"https:\/\/www.cltweb.org\/fr\/#\/schema\/person\/afd3723291b60b81c27772953e5b49d6"},"headline":"EVENEMENT DU CENTRE CLT : R\u00e9forme fonci\u00e8re en Ecosse","datePublished":"2022-10-11T00:00:00+00:00","mainEntityOfPage":{"@id":"https:\/\/www.cltweb.org\/fr\/2022\/10\/11\/evenement-du-centre-clt-reforme-fonciere-en-ecosse\/"},"wordCount":572,"commentCount":0,"publisher":{"@id":"https:\/\/www.cltweb.org\/fr\/#organization"},"image":{"@id":"https:\/\/www.cltweb.org\/fr\/2022\/10\/11\/evenement-du-centre-clt-reforme-fonciere-en-ecosse\/#primaryimage"},"thumbnailUrl":"https:\/\/www.cltweb.org\/wp-content\/uploads\/2022\/10\/SOSCH-logo.png","articleSection":["Non classifi\u00e9(e)"],"inLanguage":"fr-FR","potentialAction":[{"@type":"CommentAction","name":"Comment","target":["https:\/\/www.cltweb.org\/fr\/2022\/10\/11\/evenement-du-centre-clt-reforme-fonciere-en-ecosse\/#respond"]}]},{"@type":"WebPage","@id":"https:\/\/www.cltweb.org\/fr\/2022\/10\/11\/evenement-du-centre-clt-reforme-fonciere-en-ecosse\/","url":"https:\/\/www.cltweb.org\/fr\/2022\/10\/11\/evenement-du-centre-clt-reforme-fonciere-en-ecosse\/","name":"EVENEMENT DU CENTRE CLT : R\u00e9forme fonci\u00e8re en Ecosse - International Center for Community Land Trusts","isPartOf":{"@id":"https:\/\/www.cltweb.org\/fr\/#website"},"primaryImageOfPage":{"@id":"https:\/\/www.cltweb.org\/fr\/2022\/10\/11\/evenement-du-centre-clt-reforme-fonciere-en-ecosse\/#primaryimage"},"image":{"@id":"https:\/\/www.cltweb.org\/fr\/2022\/10\/11\/evenement-du-centre-clt-reforme-fonciere-en-ecosse\/#primaryimage"},"thumbnailUrl":"https:\/\/www.cltweb.org\/wp-content\/uploads\/2022\/10\/SOSCH-logo.png","datePublished":"2022-10-11T00:00:00+00:00","breadcrumb":{"@id":"https:\/\/www.cltweb.org\/fr\/2022\/10\/11\/evenement-du-centre-clt-reforme-fonciere-en-ecosse\/#breadcrumb"},"inLanguage":"fr-FR","potentialAction":[{"@type":"ReadAction","target":["https:\/\/www.cltweb.org\/fr\/2022\/10\/11\/evenement-du-centre-clt-reforme-fonciere-en-ecosse\/"]}]},{"@type":"ImageObject","inLanguage":"fr-FR","@id":"https:\/\/www.cltweb.org\/fr\/2022\/10\/11\/evenement-du-centre-clt-reforme-fonciere-en-ecosse\/#primaryimage","url":"https:\/\/www.cltweb.org\/wp-content\/uploads\/2022\/10\/SOSCH-logo.png","contentUrl":"https:\/\/www.cltweb.org\/wp-content\/uploads\/2022\/10\/SOSCH-logo.png"},{"@type":"BreadcrumbList","@id":"https:\/\/www.cltweb.org\/fr\/2022\/10\/11\/evenement-du-centre-clt-reforme-fonciere-en-ecosse\/#breadcrumb","itemListElement":[{"@type":"ListItem","position":1,"name":"Home","item":"https:\/\/www.cltweb.org\/fr\/"},{"@type":"ListItem","position":2,"name":"EVENEMENT DU CENTRE CLT : R\u00e9forme fonci\u00e8re en Ecosse"}]},{"@type":"WebSite","@id":"https:\/\/www.cltweb.org\/fr\/#website","url":"https:\/\/www.cltweb.org\/fr\/","name":"International Center for Community Land Trusts","description":"","publisher":{"@id":"https:\/\/www.cltweb.org\/fr\/#organization"},"potentialAction":[{"@type":"SearchAction","target":{"@type":"EntryPoint","urlTemplate":"https:\/\/www.cltweb.org\/fr\/?s={search_term_string}"},"query-input":{"@type":"PropertyValueSpecification","valueRequired":true,"valueName":"search_term_string"}}],"inLanguage":"fr-FR"},{"@type":"Organization","@id":"https:\/\/www.cltweb.org\/fr\/#organization","name":"International Center for Community Land Trusts","url":"https:\/\/www.cltweb.org\/fr\/","logo":{"@type":"ImageObject","inLanguage":"fr-FR","@id":"https:\/\/www.cltweb.org\/fr\/#\/schema\/logo\/image\/","url":"https:\/\/www.cltweb.org\/wp-content\/uploads\/2024\/11\/New-CLT-Center-Text-logo.png","contentUrl":"https:\/\/www.cltweb.org\/wp-content\/uploads\/2024\/11\/New-CLT-Center-Text-logo.png","width":227,"height":80,"caption":"International Center for Community Land Trusts"},"image":{"@id":"https:\/\/www.cltweb.org\/fr\/#\/schema\/logo\/image\/"},"sameAs":["https:\/\/www.facebook.com\/cltcenter","https:\/\/x.com\/Center4CLTs","https:\/\/www.instagram.com\/cltcenter\/","https:\/\/www.linkedin.com\/company\/cltcenter","https:\/\/www.youtube.com\/@centerforcltinnovation5313"],"description":"The International Center for Community Land Trusts is a not-for-profit nongovernmental organization established in 2018 to promote and to support community land trusts and similar strategies of community-led development on community-owned land in countries throughout the world.","email":"info@communitylandtrust.net","legalName":"International Center for Community Land Trusts","foundingDate":"2018-12-01","taxID":"84-3858933","numberOfEmployees":{"@type":"QuantitativeValue","minValue":"1","maxValue":"10"}},{"@type":"Person","@id":"https:\/\/www.cltweb.org\/fr\/#\/schema\/person\/afd3723291b60b81c27772953e5b49d6","name":"cltredesign_0jp0l4","image":{"@type":"ImageObject","inLanguage":"fr-FR","@id":"https:\/\/secure.gravatar.com\/avatar\/1012e57596c2454da589d773454d3eb22a64f2ff638e62850caeb654f3affad5?s=96&d=mm&r=g","url":"https:\/\/secure.gravatar.com\/avatar\/1012e57596c2454da589d773454d3eb22a64f2ff638e62850caeb654f3affad5?s=96&d=mm&r=g","contentUrl":"https:\/\/secure.gravatar.com\/avatar\/1012e57596c2454da589d773454d3eb22a64f2ff638e62850caeb654f3affad5?s=96&d=mm&r=g","caption":"cltredesign_0jp0l4"},"sameAs":["https:\/\/icclt.org"],"url":"https:\/\/www.cltweb.org\/fr\/author\/cltredesign_0jp0l4\/"}]}},"taxonomy_info":{"category":[{"value":29,"label":"Non classifi\u00e9(e)"}]},"featured_image_src_large":false,"author_info":{"display_name":"cltredesign_0jp0l4","author_link":"https:\/\/www.cltweb.org\/fr\/author\/cltredesign_0jp0l4\/"},"comment_info":0,"category_info":[{"term_id":29,"name":"Non classifi\u00e9(e)","slug":"non-classifiee","term_group":0,"term_taxonomy_id":29,"taxonomy":"category","description":"","parent":0,"count":20,"filter":"raw","cat_ID":29,"category_count":20,"category_description":"","cat_name":"Non classifi\u00e9(e)","category_nicename":"non-classifiee","category_parent":0}],"tag_info":false,"jetpack_featured_media_url":"","jetpack_sharing_enabled":true,"jetpack-related-posts":[{"id":6570,"url":"https:\/\/www.cltweb.org\/fr\/2023\/02\/20\/fiducies-foncieres-et-agriculture-de-proximite\/","url_meta":{"origin":6599,"position":0},"title":"Fiducies fonci\u00e8res et agriculture de proximit\u00e9","author":"cltredesign_0jp0l4","date":"20 f\u00e9vrier 2023","format":false,"excerpt":"Rejoignez-nous le mardi 14 mars pour un webinaire sur l'agriculture communautaire. Vous entendrez des praticiens de premier plan des fiducies fonci\u00e8res qui m\u00e8nent des programmes agricoles novateurs - avec une discussion par la suite. L'\u00e9v\u00e9nement est gratuit et tout le monde est le bienvenu !","rel":"","context":"Dans &quot;Non classifi\u00e9(e)&quot;","block_context":{"text":"Non classifi\u00e9(e)","link":"https:\/\/www.cltweb.org\/fr\/category\/non-classifiee\/"},"img":{"alt_text":"Logo du Centre CLT","src":"https:\/\/i0.wp.com\/www.cltweb.org\/wp-content\/uploads\/2022\/06\/Prop-logo_Center-for-CLT-innovation_black-400x150-1-300x113.png?resize=350%2C200&ssl=1","width":350,"height":200},"classes":[]},{"id":10100,"url":"https:\/\/www.cltweb.org\/fr\/2025\/10\/24\/explorer-le-potentiel-des-fiducies-foncieres-communautaires-a-buenos-aires\/","url_meta":{"origin":6599,"position":1},"title":"Explorer le potentiel des fiducies fonci\u00e8res communautaires \u00e0 Buenos Aires","author":"Ben Harris","date":"24 octobre 2025","format":false,"excerpt":"Par Tarcyla Fidalgo En octobre 2025, dans le cadre de l'initiative Global South CLT du CLT Center, Tarcyla Fidalgo, chef de projet, s'est rendue \u00e0 Buenos Aires, en Argentine, pour \u00e9changer des id\u00e9es sur le logement abordable, la s\u00e9curit\u00e9 d'occupation et la propri\u00e9t\u00e9 fonci\u00e8re collective. La visite s'est appuy\u00e9e sur\u2026","rel":"","context":"Dans &quot;Blogs&quot;","block_context":{"text":"Blogs","link":"https:\/\/www.cltweb.org\/fr\/category\/blogs-fr\/"},"img":{"alt_text":"Tarcyla Fidalgo participates in a seminar at the Public Defender's Office in Buenos Aires, Argentina.","src":"https:\/\/i0.wp.com\/www.cltweb.org\/wp-content\/uploads\/2025\/10\/image-edited.jpeg?resize=350%2C200&ssl=1","width":350,"height":200,"srcset":"https:\/\/i0.wp.com\/www.cltweb.org\/wp-content\/uploads\/2025\/10\/image-edited.jpeg?resize=350%2C200&ssl=1 1x, https:\/\/i0.wp.com\/www.cltweb.org\/wp-content\/uploads\/2025\/10\/image-edited.jpeg?resize=525%2C300&ssl=1 1.5x, https:\/\/i0.wp.com\/www.cltweb.org\/wp-content\/uploads\/2025\/10\/image-edited.jpeg?resize=700%2C400&ssl=1 2x"},"classes":[]},{"id":7248,"url":"https:\/\/www.cltweb.org\/fr\/2024\/09\/03\/introduction-a-lutilisation-des-clt-pour-la-renovation-energetique-et-laccessibilite-permanente-des-logements-existants\/","url_meta":{"origin":6599,"position":2},"title":"Introduction \u00e0 l&#8217;utilisation des CLT pour la r\u00e9novation \u00e9nerg\u00e9tique et l&#8217;accessibilit\u00e9 permanente des logements existants","author":"cltredesign_0jp0l4","date":"3 septembre 2024","format":false,"excerpt":"La contribution suivante a \u00e9t\u00e9 r\u00e9dig\u00e9e par Richard Kruger Delgado, responsable de l'\u00e9ducation et de la sensibilisation pour l'International Center for Community Land Trusts, afin de pr\u00e9senter le prochain webinaire qui aura lieu le 25 septembre. \"Nous avons pour mission de ne pas laisser les gens de c\u00f4t\u00e9. - John\u2026","rel":"","context":"Dans &quot;Blogs&quot;","block_context":{"text":"Blogs","link":"https:\/\/www.cltweb.org\/fr\/category\/blogs-fr\/"},"img":{"alt_text":"","src":"","width":0,"height":0},"classes":[]},{"id":6587,"url":"https:\/\/www.cltweb.org\/fr\/2022\/10\/11\/evenement-du-centre-clt-lancement-du-livre-community-matters\/","url_meta":{"origin":6599,"position":3},"title":"\u00c9V\u00c9NEMENT DU CENTRE CLT : Lancement du livre Community Matters","author":"cltredesign_0jp0l4","date":"11 octobre 2022","format":false,"excerpt":"Rejoignez-nous pour c\u00e9l\u00e9brer la publication du dernier livre de Terra Nostra Press, Community Matters. Ce webinaire r\u00e9unira des praticiens des CLT de Boston, Bruxelles, Londres, Houston et San Juan, dont les perspectives sur l'organisation communautaire et l'engagement des r\u00e9sidents sont pr\u00e9sent\u00e9es dans le livre.","rel":"","context":"Dans &quot;Non classifi\u00e9(e)&quot;","block_context":{"text":"Non classifi\u00e9(e)","link":"https:\/\/www.cltweb.org\/fr\/category\/non-classifiee\/"},"img":{"alt_text":"Couverture du livre Community Matters","src":"https:\/\/i0.wp.com\/www.cltweb.org\/wp-content\/uploads\/2022\/09\/Community-Matters-final-book-cover-062822-683x1024.jpeg?resize=350%2C200&ssl=1","width":350,"height":200},"classes":[]},{"id":9541,"url":"https:\/\/www.cltweb.org\/fr\/2025\/05\/21\/des-biens-communs-pour-la-justice-les-clt-a-travers-les-continents-au-festival-international-du-logement-social\/","url_meta":{"origin":6599,"position":4},"title":"Des biens communs pour la justice : Les CLT \u00e0 travers les continents au Festival international du logement social","author":"Ben Harris","date":"21 mai 2025","format":false,"excerpt":"\u00c0 une \u00e9poque marqu\u00e9e par des crises du logement, des march\u00e9s fonciers extractifs et des in\u00e9galit\u00e9s croissantes, les communaut\u00e9s du monde entier se r\u00e9approprient les biens communs. \u00c0 l'occasion du 2025 International Social Housing Festival \u00e0 Dublin, en Irlande (du 4 au 6 juin), le European Community Land Trust Network\u2026","rel":"","context":"Dans &quot;Blogs&quot;","block_context":{"text":"Blogs","link":"https:\/\/www.cltweb.org\/fr\/category\/blogs-fr\/"},"img":{"alt_text":"","src":"https:\/\/i0.wp.com\/www.cltweb.org\/wp-content\/uploads\/2025\/05\/Keti-Tskitishvili.jpg?resize=350%2C200&ssl=1","width":350,"height":200,"srcset":"https:\/\/i0.wp.com\/www.cltweb.org\/wp-content\/uploads\/2025\/05\/Keti-Tskitishvili.jpg?resize=350%2C200&ssl=1 1x, https:\/\/i0.wp.com\/www.cltweb.org\/wp-content\/uploads\/2025\/05\/Keti-Tskitishvili.jpg?resize=525%2C300&ssl=1 1.5x, https:\/\/i0.wp.com\/www.cltweb.org\/wp-content\/uploads\/2025\/05\/Keti-Tskitishvili.jpg?resize=700%2C400&ssl=1 2x"},"classes":[]},{"id":7212,"url":"https:\/\/www.cltweb.org\/fr\/2024\/09\/16\/soutenir-le-projet-upcycling-trust-le-point-de-vue-dun-chercheur\/","url_meta":{"origin":6599,"position":5},"title":"Soutenir le projet Upcycling Trust : Le point de vue d&#8217;un chercheur","author":"cltredesign_0jp0l4","date":"16 septembre 2024","format":false,"excerpt":"Par Jeanne Mosseray La contribution suivante a \u00e9t\u00e9 r\u00e9dig\u00e9e par Jeanne Mosseray, chercheuse doctorale au Cosmopolis Centre for Urban Research, dans le cadre du webinaire \"Using CLTs to Deliver Energy Renovation and Permanent Affordability to Existing Housing\" qui se tiendra le 25 septembre. En tant que chercheur universitaire sur le\u2026","rel":"","context":"Dans &quot;Blogs&quot;","block_context":{"text":"Blogs","link":"https:\/\/www.cltweb.org\/fr\/category\/blogs-fr\/"},"img":{"alt_text":"","src":"","width":0,"height":0},"classes":[]}],"_links":{"self":[{"href":"https:\/\/www.cltweb.org\/fr\/wp-json\/wp\/v2\/posts\/6599","targetHints":{"allow":["GET"]}}],"collection":[{"href":"https:\/\/www.cltweb.org\/fr\/wp-json\/wp\/v2\/posts"}],"about":[{"href":"https:\/\/www.cltweb.org\/fr\/wp-json\/wp\/v2\/types\/post"}],"author":[{"embeddable":true,"href":"https:\/\/www.cltweb.org\/fr\/wp-json\/wp\/v2\/users\/1"}],"replies":[{"embeddable":true,"href":"https:\/\/www.cltweb.org\/fr\/wp-json\/wp\/v2\/comments?post=6599"}],"version-history":[{"count":0,"href":"https:\/\/www.cltweb.org\/fr\/wp-json\/wp\/v2\/posts\/6599\/revisions"}],"wp:attachment":[{"href":"https:\/\/www.cltweb.org\/fr\/wp-json\/wp\/v2\/media?parent=6599"}],"wp:term":[{"taxonomy":"category","embeddable":true,"href":"https:\/\/www.cltweb.org\/fr\/wp-json\/wp\/v2\/categories?post=6599"},{"taxonomy":"post_tag","embeddable":true,"href":"https:\/\/www.cltweb.org\/fr\/wp-json\/wp\/v2\/tags?post=6599"}],"curies":[{"name":"wp","href":"https:\/\/api.w.org\/{rel}","templated":true}]}}