{"id":6600,"date":"2022-10-11T00:00:00","date_gmt":"2022-10-11T00:00:00","guid":{"rendered":"https:\/\/www.cltweb.org\/2022\/10\/11\/retirer-des-terrains-du-marche-pour-rendre-la-ville-abordable\/"},"modified":"2022-10-11T00:00:00","modified_gmt":"2022-10-11T00:00:00","slug":"retirer-des-terrains-du-marche-pour-rendre-la-ville-abordable","status":"publish","type":"post","link":"https:\/\/www.cltweb.org\/fr\/2022\/10\/11\/retirer-des-terrains-du-marche-pour-rendre-la-ville-abordable\/","title":{"rendered":"Retirer des terrains du march\u00e9 pour rendre la ville abordable"},"content":{"rendered":"<p><iframe loading=\"lazy\" title=\"Lecteur vid\u00e9o YouTube\" src=\"https:\/\/www.youtube.com\/embed\/dsbcGqr4Bzk\" width=\"560\" height=\"315\" frameborder=\"0\" allowfullscreen=\"allowfullscreen\"><\/iframe><\/p>\n<p><a href=\"https:\/\/www.cltb.be\"><img loading=\"lazy\" decoding=\"async\" class=\"alignright wp-image-6610\" src=\"https:\/\/www.cltweb.org\/wp-content\/uploads\/2022\/10\/CLTB_Logo-1024x660.png\" alt=\"Logo du CLTB\" width=\"217\" height=\"140\"><\/a>Les prix des logements augmentent \u00e0 Bruxelles et dans les villes du monde entier. L&#8217;une des causes est la financiarisation du logement : le capital international a d\u00e9couvert le logement comme un objet d&#8217;investissement s\u00fbr. La solution \u00e0 la crise du logement ne pourrait-elle pas \u00eatre de retirer les logements et les terrains du march\u00e9, afin qu&#8217;ils ne puissent pas faire l&#8217;objet de sp\u00e9culations et qu&#8217;ils restent abordables pour toujours ? C&#8217;est ce que font d\u00e9j\u00e0 les Community Land Trusts dans des villes du monde entier. Comment peut-on l&#8217;\u00e9tendre ? Quel est le potentiel pour Bruxelles ? Les Community Land Trusts (CLT) sont des organisations dirig\u00e9es par la communaut\u00e9 qui acqui\u00e8rent des terrains pour y d\u00e9velopper des logements abordables et d&#8217;autres installations. En divisant la propri\u00e9t\u00e9 du terrain et des b\u00e2timents et en attachant des conditions anti-sp\u00e9culatives \u00e0 la propri\u00e9t\u00e9 des b\u00e2timents, ces derniers restent abordables pour toujours. L&#8217;\u00e9v\u00e9nement se d\u00e9roulera en anglais et en fran\u00e7ais, la traduction dans les deux langues \u00e9tant assur\u00e9e. <\/p>\n<div class=\"elementor-element elementor-element-571a046 elementor-widget elementor-widget-heading\" data-id=\"571a046\" data-element_type=\"widget\" data-widget_type=\"heading.default\">\n<div class=\"elementor-widget-container\">\n<h2 class=\"elementor-heading-title elementor-size-default\">Programme<\/h2>\n<\/div>\n<\/div>\n<div class=\"elementor-element elementor-element-7db4211 elementor-widget elementor-widget-heading\" data-id=\"7db4211\" data-element_type=\"widget\" data-widget_type=\"heading.default\">\n<div class=\"elementor-widget-container\">\n<p><strong><a href=\"https:\/\/www.cltb.be\/2022\/10\/03\/debate-and-workshops-taking-land-off-the-market-to-make-the-city-affordable\/?lang=en\" target=\"_blank\" rel=\"noopener\">Lien vers le programme complet<\/a><\/strong><\/p>\n<h3 class=\"elementor-heading-title elementor-size-default\">DEBAT (FR-EN)<\/h3>\n<\/div>\n<\/div>\n<div class=\"elementor-element elementor-element-1d72208 elementor-widget elementor-widget-text-editor\" data-id=\"1d72208\" data-element_type=\"widget\" data-widget_type=\"text-editor.default\">\n<div class=\"elementor-widget-container\">\n<div class=\"elementor-text-editor elementor-clearfix\">\n<div class=\"page\" title=\"Page 2\">\n<div class=\"section\">\n<div class=\"layoutArea\">\n<div class=\"column\">\n<p><strong>14:00 CET &#8211; David Ireland,<\/strong> directeur ex\u00e9cutif de World Habitat. Au cours des 20 derni\u00e8res ann\u00e9es, trois CLT ont re\u00e7u le prix World Habitat, organis\u00e9 par World Habitat en partenariat avec UN-Habitat. Le dernier en date est le Community Land Trust Brussels (CLTB). Que sont les CLT et que peuvent-ils faire dans la lutte pour le droit au logement ? <strong>14:10 CET &#8211; Thibault Leroy,<\/strong> coordinateur du CLTB. En 10 ans, le CLTB a d\u00e9montr\u00e9 le potentiel du mod\u00e8le \u00e0 Bruxelles et sa compl\u00e9mentarit\u00e9 avec les autres acteurs du logement. Doit-il rester un acteur de &#8220;niche&#8221; ou peut-il jouer un r\u00f4le plus important ?   <\/p>\n<p><strong>14:20 CET &#8211; Brenda Torpy.<\/strong>  Avec Bernie Sanders, alors maire de la ville de Burlington, elle a fond\u00e9 le Champlain Housing Trust. Avec le soutien de la ville, le trust est devenu l&#8217;un des plus grands CLT des \u00c9tats-Unis. Le CHT g\u00e8re des logements occup\u00e9s par leurs propri\u00e9taires, des propri\u00e9t\u00e9s locatives, des parcs, des espaces commerciaux, des coop\u00e9ratives d&#8217;habitation, des logements pour sans-abri, et bien plus encore. En 2008, elle a remport\u00e9 le Prix mondial de l&#8217;habitat. <strong>14:45 CET &#8211; Mariolga Julia Pacheco<\/strong> travaille pour le CLT Ca\u00f1o Mart\u00edn Pe\u00f1a \u00e0 Porto Rico. Ce CLT est le r\u00e9sultat de la lutte des habitants d&#8217;un quartier informel de la capitale portoricaine, San Juan. Ils ont r\u00e9ussi \u00e0 faire des 80 hectares de terrain d&#8217;un quartier proche du centre-ville la propri\u00e9t\u00e9 commune de tous les r\u00e9sidents, dressant ainsi une barri\u00e8re contre l&#8217;embourgeoisement. En 2015, ils ont remport\u00e9 le Prix mondial de l&#8217;habitat. <strong>15:10 CET &#8211; Vanesa Vali\u00f1o,<\/strong> chef du bureau de l&#8217;\u00e9chevinat du logement \u00e0 Barcelone. La ville de Barcelone pr\u00e9sente de nombreuses similitudes avec Bruxelles, notamment le manque criant de logements sociaux et la forte hausse des prix de l&#8217;immobilier qui pousse les pauvres et de plus en plus de personnes \u00e0 revenus moyens \u00e0 quitter la ville. La ville d\u00e9veloppe une s\u00e9rie d&#8217;initiatives pour y rem\u00e9dier. L&#8217;une d&#8217;entre elles est la cr\u00e9ation d&#8217;un CLT municipal, qui doit servir de base \u00e0 des projets de logements sociaux et coop\u00e9ratifs. <strong>15:35 CET &#8211; Thomas Dawance,<\/strong> chercheur \u00e0 la VUB. Il a \u00e9tudi\u00e9 de pr\u00e8s le projet CALICO \u00e0 Forest, inaugur\u00e9 en 2021. Ce projet est innovant \u00e0 bien des \u00e9gards. Il contient, entre autres, les premi\u00e8res maisons coop\u00e9ratives sur un terrain CLT \u00e0 Bruxelles. Il a \u00e9t\u00e9 l&#8217;une des sources d&#8217;inspiration du Housing Deal, une initiative du r\u00e9seau bruxellois Sohonet, qui vise \u00e0 retirer des terrains du march\u00e9 et \u00e0 faciliter le d\u00e9veloppement de projets de logements coop\u00e9ratifs.   <\/p>\n<p><strong>16:00 CET &#8211; Pause.<\/strong><\/p>\n<\/div>\n<\/div>\n<\/div>\n<\/div>\n<\/div>\n<\/div>\n<\/div>\n<div class=\"elementor-element elementor-element-749b23e elementor-widget elementor-widget-heading\" data-id=\"749b23e\" data-element_type=\"widget\" data-widget_type=\"heading.default\">\n<div class=\"elementor-widget-container\">\n<h3 class=\"elementor-heading-title elementor-size-default\">ATELIERS<\/h3>\n<\/div>\n<\/div>\n<div class=\"elementor-element elementor-element-655e88f elementor-widget elementor-widget-text-editor\" data-id=\"655e88f\" data-element_type=\"widget\" data-widget_type=\"text-editor.default\">\n<div class=\"elementor-widget-container\">\n<div class=\"elementor-text-editor elementor-clearfix\">\n<div class=\"page\" title=\"Page 2\">\n<div class=\"section\">\n<div class=\"layoutArea\">\n<div class=\"column\">\n<p><strong>16:00 CET &#8211; Le &#8220;Housing Deal&#8221; :<\/strong> retirer d\u00e9finitivement les terrains publics et priv\u00e9s du march\u00e9 et les mettre \u00e0 la disposition des coop\u00e9ratives pour d\u00e9velopper des logements abordables. C&#8217;est d\u00e9j\u00e0 le cas dans de nombreuses villes, par exemple en Suisse. Barcelone est en train de lancer un tel programme. Le r\u00e9seau Sohonet pr\u00e9conise une approche similaire pour Bruxelles. Quel est le potentiel de notre r\u00e9gion ? Quels sont les obstacles ? Comment le mettre en pratique ? (FR)       <\/p>\n<p><strong>16:00 CET &#8211; Les instruments de r\u00e9g\u00e9n\u00e9ration urbaine comme levier pour la d\u00e9commodification du logement.<\/strong>  Comment les instruments existants tels que les contrats de quartier, les contrats de r\u00e9novation urbaine, les bonus fiscaux et autres peuvent-ils \u00eatre utilis\u00e9s pour retirer d\u00e9finitivement des terrains et des logements du march\u00e9 ? Quel r\u00f4le peut jouer un CLT \u00e0 cet \u00e9gard ? (FR) <strong>16:00 CET &#8211; Le mod\u00e8le CLT comme base d&#8217;une ville mixte :<\/strong> non seulement des logements, mais aussi des \u00e9quipements collectifs, des ateliers d&#8217;artistes, des \u00e9quipements sportifs, des \u00e9quipements de quartier, des entreprises d&#8217;\u00e9conomie sociale, etc. peuvent \u00eatre d\u00e9velopp\u00e9s sur des terrains communaux. De cette mani\u00e8re, nous pouvons contribuer \u00e0 une ville mixte tout en ralentissant l&#8217;embourgeoisement. Est-ce possible \u00e0 Bruxelles ? (FR)  <\/p>\n<p><strong>16:00 CET &#8211; Le mod\u00e8le CLT : une solution pour les villes europ\u00e9ennes ?<\/strong>  Alors que la crise du logement fait de plus en plus de victimes dans toute l&#8217;Europe, de nombreuses villes sont \u00e0 la recherche de solutions innovantes pour compl\u00e9ter leurs politiques de logement. Quel r\u00f4le peuvent jouer les CLT ? Comment les villes peuvent-elles collaborer avec les initiatives ascendantes et vice versa ? Quelle compl\u00e9mentarit\u00e9 avec le logement social et les autres outils de la politique du logement ?   <\/p>\n<\/div>\n<\/div>\n<div class=\"layoutArea\">\n<div class=\"column\">\n<p><strong>17:30 CET &#8211; Boisson<\/strong> offerte par Perspective.Brussels.<\/p>\n<\/div>\n<\/div>\n<\/div>\n<\/div>\n<\/div>\n<\/div>\n<\/div>\n<div class=\"elementor-element elementor-element-0c10e60 elementor-align-center elementor-widget elementor-widget-button\" data-id=\"0c10e60\" data-element_type=\"widget\" data-widget_type=\"button.default\">\n<div class=\"elementor-widget-container\">\n<div class=\"elementor-button-wrapper\"><\/div>\n<\/div>\n<\/div>\n","protected":false},"excerpt":{"rendered":"<p>La solution \u00e0 la crise du logement ne pourrait-elle pas consister \u00e0 retirer les logements et les terrains du march\u00e9, de sorte qu&#8217;ils ne puissent pas faire l&#8217;objet de sp\u00e9culations et qu&#8217;ils restent abordables pour toujours ? C&#8217;est ce que font d\u00e9j\u00e0 les Community Land Trusts dans des villes du monde entier. Comment peut-on l&#8217;\u00e9tendre ? Quel est le potentiel pour Bruxelles ?   <\/p>\n","protected":false},"author":1,"featured_media":0,"comment_status":"open","ping_status":"open","sticky":false,"template":"","format":"standard","meta":{"give_campaign_id":0,"_tec_requires_first_save":true,"_kad_blocks_custom_css":"","_kad_blocks_head_custom_js":"","_kad_blocks_body_custom_js":"","_kad_blocks_footer_custom_js":"","_EventAllDay":false,"_EventTimezone":"","_EventStartDate":"","_EventEndDate":"","_EventStartDateUTC":"","_EventEndDateUTC":"","_EventShowMap":false,"_EventShowMapLink":false,"_EventURL":"","_EventCost":"","_EventCostDescription":"","_EventCurrencySymbol":"","_EventCurrencyCode":"","_EventCurrencyPosition":"","_EventDateTimeSeparator":"","_EventTimeRangeSeparator":"","_EventOrganizerID":[],"_EventVenueID":[],"_OrganizerEmail":"","_OrganizerPhone":"","_OrganizerWebsite":"","_VenueAddress":"","_VenueCity":"","_VenueCountry":"","_VenueProvince":"","_VenueState":"","_VenueZip":"","_VenuePhone":"","_VenueURL":"","_VenueStateProvince":"","_VenueLat":"","_VenueLng":"","_VenueShowMap":false,"_VenueShowMapLink":false,"_tribe_blocks_recurrence_rules":"","_tribe_blocks_recurrence_description":"","_tribe_blocks_recurrence_exclusions":"","_jetpack_memberships_contains_paid_content":false,"footnotes":""},"categories":[29],"tags":[],"class_list":["post-6600","post","type-post","status-publish","format-standard","hentry","category-non-classifiee"],"blocksy_meta":[],"yoast_head":"<!-- This site is optimized with the Yoast SEO Premium plugin v27.5 (Yoast SEO v27.5) - https:\/\/yoast.com\/product\/yoast-seo-premium-wordpress\/ -->\n<title>Retirer des terrains du march\u00e9 pour rendre la ville abordable - International Center for Community Land Trusts<\/title>\n<meta name=\"robots\" content=\"index, follow, max-snippet:-1, max-image-preview:large, max-video-preview:-1\" \/>\n<link rel=\"canonical\" href=\"https:\/\/www.cltweb.org\/fr\/2022\/10\/11\/retirer-des-terrains-du-marche-pour-rendre-la-ville-abordable\/\" \/>\n<meta property=\"og:locale\" content=\"fr_FR\" \/>\n<meta property=\"og:type\" content=\"article\" \/>\n<meta property=\"og:title\" content=\"Retirer des terrains du march\u00e9 pour rendre la ville abordable\" \/>\n<meta property=\"og:description\" content=\"La solution \u00e0 la crise du logement ne pourrait-elle pas consister \u00e0 retirer les logements et les terrains du march\u00e9, de sorte qu&#039;ils ne puissent pas faire l&#039;objet de sp\u00e9culations et qu&#039;ils restent abordables pour toujours ? C&#039;est ce que font d\u00e9j\u00e0 les Community Land Trusts dans des villes du monde entier. Comment peut-on l&#039;\u00e9tendre ? Quel est le potentiel pour Bruxelles ?\" \/>\n<meta property=\"og:url\" content=\"https:\/\/www.cltweb.org\/fr\/2022\/10\/11\/retirer-des-terrains-du-marche-pour-rendre-la-ville-abordable\/\" \/>\n<meta property=\"og:site_name\" content=\"International Center for Community Land Trusts\" \/>\n<meta property=\"article:publisher\" content=\"https:\/\/www.facebook.com\/cltcenter\" \/>\n<meta property=\"article:published_time\" content=\"2022-10-11T00:00:00+00:00\" \/>\n<meta name=\"author\" content=\"cltredesign_0jp0l4\" \/>\n<meta name=\"twitter:card\" content=\"summary_large_image\" \/>\n<meta name=\"twitter:creator\" content=\"@Center4CLTs\" \/>\n<meta name=\"twitter:site\" content=\"@Center4CLTs\" \/>\n<meta name=\"twitter:label1\" content=\"\u00c9crit par\" \/>\n\t<meta name=\"twitter:data1\" content=\"cltredesign_0jp0l4\" \/>\n\t<meta name=\"twitter:label2\" content=\"Dur\u00e9e de lecture estim\u00e9e\" \/>\n\t<meta name=\"twitter:data2\" content=\"5 minutes\" \/>\n<script type=\"application\/ld+json\" class=\"yoast-schema-graph\">{\"@context\":\"https:\\\/\\\/schema.org\",\"@graph\":[{\"@type\":\"Article\",\"@id\":\"https:\\\/\\\/www.cltweb.org\\\/fr\\\/2022\\\/10\\\/11\\\/retirer-des-terrains-du-marche-pour-rendre-la-ville-abordable\\\/#article\",\"isPartOf\":{\"@id\":\"https:\\\/\\\/www.cltweb.org\\\/fr\\\/2022\\\/10\\\/11\\\/retirer-des-terrains-du-marche-pour-rendre-la-ville-abordable\\\/\"},\"author\":{\"name\":\"cltredesign_0jp0l4\",\"@id\":\"https:\\\/\\\/www.cltweb.org\\\/fr\\\/#\\\/schema\\\/person\\\/afd3723291b60b81c27772953e5b49d6\"},\"headline\":\"Retirer des terrains du march\u00e9 pour rendre la ville abordable\",\"datePublished\":\"2022-10-11T00:00:00+00:00\",\"mainEntityOfPage\":{\"@id\":\"https:\\\/\\\/www.cltweb.org\\\/fr\\\/2022\\\/10\\\/11\\\/retirer-des-terrains-du-marche-pour-rendre-la-ville-abordable\\\/\"},\"wordCount\":947,\"commentCount\":0,\"publisher\":{\"@id\":\"https:\\\/\\\/www.cltweb.org\\\/fr\\\/#organization\"},\"image\":{\"@id\":\"https:\\\/\\\/www.cltweb.org\\\/fr\\\/2022\\\/10\\\/11\\\/retirer-des-terrains-du-marche-pour-rendre-la-ville-abordable\\\/#primaryimage\"},\"thumbnailUrl\":\"https:\\\/\\\/www.cltweb.org\\\/wp-content\\\/uploads\\\/2022\\\/10\\\/CLTB_Logo-1024x660.png\",\"articleSection\":[\"Non classifi\u00e9(e)\"],\"inLanguage\":\"fr-FR\",\"potentialAction\":[{\"@type\":\"CommentAction\",\"name\":\"Comment\",\"target\":[\"https:\\\/\\\/www.cltweb.org\\\/fr\\\/2022\\\/10\\\/11\\\/retirer-des-terrains-du-marche-pour-rendre-la-ville-abordable\\\/#respond\"]}]},{\"@type\":\"WebPage\",\"@id\":\"https:\\\/\\\/www.cltweb.org\\\/fr\\\/2022\\\/10\\\/11\\\/retirer-des-terrains-du-marche-pour-rendre-la-ville-abordable\\\/\",\"url\":\"https:\\\/\\\/www.cltweb.org\\\/fr\\\/2022\\\/10\\\/11\\\/retirer-des-terrains-du-marche-pour-rendre-la-ville-abordable\\\/\",\"name\":\"Retirer des terrains du march\u00e9 pour rendre la ville abordable - International Center for Community Land Trusts\",\"isPartOf\":{\"@id\":\"https:\\\/\\\/www.cltweb.org\\\/fr\\\/#website\"},\"primaryImageOfPage\":{\"@id\":\"https:\\\/\\\/www.cltweb.org\\\/fr\\\/2022\\\/10\\\/11\\\/retirer-des-terrains-du-marche-pour-rendre-la-ville-abordable\\\/#primaryimage\"},\"image\":{\"@id\":\"https:\\\/\\\/www.cltweb.org\\\/fr\\\/2022\\\/10\\\/11\\\/retirer-des-terrains-du-marche-pour-rendre-la-ville-abordable\\\/#primaryimage\"},\"thumbnailUrl\":\"https:\\\/\\\/www.cltweb.org\\\/wp-content\\\/uploads\\\/2022\\\/10\\\/CLTB_Logo-1024x660.png\",\"datePublished\":\"2022-10-11T00:00:00+00:00\",\"breadcrumb\":{\"@id\":\"https:\\\/\\\/www.cltweb.org\\\/fr\\\/2022\\\/10\\\/11\\\/retirer-des-terrains-du-marche-pour-rendre-la-ville-abordable\\\/#breadcrumb\"},\"inLanguage\":\"fr-FR\",\"potentialAction\":[{\"@type\":\"ReadAction\",\"target\":[\"https:\\\/\\\/www.cltweb.org\\\/fr\\\/2022\\\/10\\\/11\\\/retirer-des-terrains-du-marche-pour-rendre-la-ville-abordable\\\/\"]}]},{\"@type\":\"ImageObject\",\"inLanguage\":\"fr-FR\",\"@id\":\"https:\\\/\\\/www.cltweb.org\\\/fr\\\/2022\\\/10\\\/11\\\/retirer-des-terrains-du-marche-pour-rendre-la-ville-abordable\\\/#primaryimage\",\"url\":\"https:\\\/\\\/www.cltweb.org\\\/wp-content\\\/uploads\\\/2022\\\/10\\\/CLTB_Logo-1024x660.png\",\"contentUrl\":\"https:\\\/\\\/www.cltweb.org\\\/wp-content\\\/uploads\\\/2022\\\/10\\\/CLTB_Logo-1024x660.png\"},{\"@type\":\"BreadcrumbList\",\"@id\":\"https:\\\/\\\/www.cltweb.org\\\/fr\\\/2022\\\/10\\\/11\\\/retirer-des-terrains-du-marche-pour-rendre-la-ville-abordable\\\/#breadcrumb\",\"itemListElement\":[{\"@type\":\"ListItem\",\"position\":1,\"name\":\"Home\",\"item\":\"https:\\\/\\\/www.cltweb.org\\\/fr\\\/\"},{\"@type\":\"ListItem\",\"position\":2,\"name\":\"Retirer des terrains du march\u00e9 pour rendre la ville abordable\"}]},{\"@type\":\"WebSite\",\"@id\":\"https:\\\/\\\/www.cltweb.org\\\/fr\\\/#website\",\"url\":\"https:\\\/\\\/www.cltweb.org\\\/fr\\\/\",\"name\":\"International Center for Community Land Trusts\",\"description\":\"\",\"publisher\":{\"@id\":\"https:\\\/\\\/www.cltweb.org\\\/fr\\\/#organization\"},\"potentialAction\":[{\"@type\":\"SearchAction\",\"target\":{\"@type\":\"EntryPoint\",\"urlTemplate\":\"https:\\\/\\\/www.cltweb.org\\\/fr\\\/?s={search_term_string}\"},\"query-input\":{\"@type\":\"PropertyValueSpecification\",\"valueRequired\":true,\"valueName\":\"search_term_string\"}}],\"inLanguage\":\"fr-FR\"},{\"@type\":\"Organization\",\"@id\":\"https:\\\/\\\/www.cltweb.org\\\/fr\\\/#organization\",\"name\":\"International Center for Community Land Trusts\",\"url\":\"https:\\\/\\\/www.cltweb.org\\\/fr\\\/\",\"logo\":{\"@type\":\"ImageObject\",\"inLanguage\":\"fr-FR\",\"@id\":\"https:\\\/\\\/www.cltweb.org\\\/fr\\\/#\\\/schema\\\/logo\\\/image\\\/\",\"url\":\"https:\\\/\\\/www.cltweb.org\\\/wp-content\\\/uploads\\\/2024\\\/11\\\/New-CLT-Center-Text-logo.png\",\"contentUrl\":\"https:\\\/\\\/www.cltweb.org\\\/wp-content\\\/uploads\\\/2024\\\/11\\\/New-CLT-Center-Text-logo.png\",\"width\":227,\"height\":80,\"caption\":\"International Center for Community Land Trusts\"},\"image\":{\"@id\":\"https:\\\/\\\/www.cltweb.org\\\/fr\\\/#\\\/schema\\\/logo\\\/image\\\/\"},\"sameAs\":[\"https:\\\/\\\/www.facebook.com\\\/cltcenter\",\"https:\\\/\\\/x.com\\\/Center4CLTs\",\"https:\\\/\\\/www.instagram.com\\\/cltcenter\\\/\",\"https:\\\/\\\/www.linkedin.com\\\/company\\\/cltcenter\",\"https:\\\/\\\/www.youtube.com\\\/@centerforcltinnovation5313\"],\"description\":\"The International Center for Community Land Trusts is a not-for-profit nongovernmental organization established in 2018 to promote and to support community land trusts and similar strategies of community-led development on community-owned land in countries throughout the world.\",\"email\":\"info@communitylandtrust.net\",\"legalName\":\"International Center for Community Land Trusts\",\"foundingDate\":\"2018-12-01\",\"taxID\":\"84-3858933\",\"numberOfEmployees\":{\"@type\":\"QuantitativeValue\",\"minValue\":\"1\",\"maxValue\":\"10\"}},{\"@type\":\"Person\",\"@id\":\"https:\\\/\\\/www.cltweb.org\\\/fr\\\/#\\\/schema\\\/person\\\/afd3723291b60b81c27772953e5b49d6\",\"name\":\"cltredesign_0jp0l4\",\"image\":{\"@type\":\"ImageObject\",\"inLanguage\":\"fr-FR\",\"@id\":\"https:\\\/\\\/secure.gravatar.com\\\/avatar\\\/1012e57596c2454da589d773454d3eb22a64f2ff638e62850caeb654f3affad5?s=96&d=mm&r=g\",\"url\":\"https:\\\/\\\/secure.gravatar.com\\\/avatar\\\/1012e57596c2454da589d773454d3eb22a64f2ff638e62850caeb654f3affad5?s=96&d=mm&r=g\",\"contentUrl\":\"https:\\\/\\\/secure.gravatar.com\\\/avatar\\\/1012e57596c2454da589d773454d3eb22a64f2ff638e62850caeb654f3affad5?s=96&d=mm&r=g\",\"caption\":\"cltredesign_0jp0l4\"},\"sameAs\":[\"https:\\\/\\\/icclt.org\"],\"url\":\"https:\\\/\\\/www.cltweb.org\\\/fr\\\/author\\\/cltredesign_0jp0l4\\\/\"}]}<\/script>\n<!-- \/ Yoast SEO Premium plugin. -->","yoast_head_json":{"title":"Retirer des terrains du march\u00e9 pour rendre la ville abordable - International Center for Community Land Trusts","robots":{"index":"index","follow":"follow","max-snippet":"max-snippet:-1","max-image-preview":"max-image-preview:large","max-video-preview":"max-video-preview:-1"},"canonical":"https:\/\/www.cltweb.org\/fr\/2022\/10\/11\/retirer-des-terrains-du-marche-pour-rendre-la-ville-abordable\/","og_locale":"fr_FR","og_type":"article","og_title":"Retirer des terrains du march\u00e9 pour rendre la ville abordable","og_description":"La solution \u00e0 la crise du logement ne pourrait-elle pas consister \u00e0 retirer les logements et les terrains du march\u00e9, de sorte qu'ils ne puissent pas faire l'objet de sp\u00e9culations et qu'ils restent abordables pour toujours ? C'est ce que font d\u00e9j\u00e0 les Community Land Trusts dans des villes du monde entier. Comment peut-on l'\u00e9tendre ? Quel est le potentiel pour Bruxelles ?","og_url":"https:\/\/www.cltweb.org\/fr\/2022\/10\/11\/retirer-des-terrains-du-marche-pour-rendre-la-ville-abordable\/","og_site_name":"International Center for Community Land Trusts","article_publisher":"https:\/\/www.facebook.com\/cltcenter","article_published_time":"2022-10-11T00:00:00+00:00","author":"cltredesign_0jp0l4","twitter_card":"summary_large_image","twitter_creator":"@Center4CLTs","twitter_site":"@Center4CLTs","twitter_misc":{"\u00c9crit par":"cltredesign_0jp0l4","Dur\u00e9e de lecture estim\u00e9e":"5 minutes"},"schema":{"@context":"https:\/\/schema.org","@graph":[{"@type":"Article","@id":"https:\/\/www.cltweb.org\/fr\/2022\/10\/11\/retirer-des-terrains-du-marche-pour-rendre-la-ville-abordable\/#article","isPartOf":{"@id":"https:\/\/www.cltweb.org\/fr\/2022\/10\/11\/retirer-des-terrains-du-marche-pour-rendre-la-ville-abordable\/"},"author":{"name":"cltredesign_0jp0l4","@id":"https:\/\/www.cltweb.org\/fr\/#\/schema\/person\/afd3723291b60b81c27772953e5b49d6"},"headline":"Retirer des terrains du march\u00e9 pour rendre la ville abordable","datePublished":"2022-10-11T00:00:00+00:00","mainEntityOfPage":{"@id":"https:\/\/www.cltweb.org\/fr\/2022\/10\/11\/retirer-des-terrains-du-marche-pour-rendre-la-ville-abordable\/"},"wordCount":947,"commentCount":0,"publisher":{"@id":"https:\/\/www.cltweb.org\/fr\/#organization"},"image":{"@id":"https:\/\/www.cltweb.org\/fr\/2022\/10\/11\/retirer-des-terrains-du-marche-pour-rendre-la-ville-abordable\/#primaryimage"},"thumbnailUrl":"https:\/\/www.cltweb.org\/wp-content\/uploads\/2022\/10\/CLTB_Logo-1024x660.png","articleSection":["Non classifi\u00e9(e)"],"inLanguage":"fr-FR","potentialAction":[{"@type":"CommentAction","name":"Comment","target":["https:\/\/www.cltweb.org\/fr\/2022\/10\/11\/retirer-des-terrains-du-marche-pour-rendre-la-ville-abordable\/#respond"]}]},{"@type":"WebPage","@id":"https:\/\/www.cltweb.org\/fr\/2022\/10\/11\/retirer-des-terrains-du-marche-pour-rendre-la-ville-abordable\/","url":"https:\/\/www.cltweb.org\/fr\/2022\/10\/11\/retirer-des-terrains-du-marche-pour-rendre-la-ville-abordable\/","name":"Retirer des terrains du march\u00e9 pour rendre la ville abordable - International Center for Community Land Trusts","isPartOf":{"@id":"https:\/\/www.cltweb.org\/fr\/#website"},"primaryImageOfPage":{"@id":"https:\/\/www.cltweb.org\/fr\/2022\/10\/11\/retirer-des-terrains-du-marche-pour-rendre-la-ville-abordable\/#primaryimage"},"image":{"@id":"https:\/\/www.cltweb.org\/fr\/2022\/10\/11\/retirer-des-terrains-du-marche-pour-rendre-la-ville-abordable\/#primaryimage"},"thumbnailUrl":"https:\/\/www.cltweb.org\/wp-content\/uploads\/2022\/10\/CLTB_Logo-1024x660.png","datePublished":"2022-10-11T00:00:00+00:00","breadcrumb":{"@id":"https:\/\/www.cltweb.org\/fr\/2022\/10\/11\/retirer-des-terrains-du-marche-pour-rendre-la-ville-abordable\/#breadcrumb"},"inLanguage":"fr-FR","potentialAction":[{"@type":"ReadAction","target":["https:\/\/www.cltweb.org\/fr\/2022\/10\/11\/retirer-des-terrains-du-marche-pour-rendre-la-ville-abordable\/"]}]},{"@type":"ImageObject","inLanguage":"fr-FR","@id":"https:\/\/www.cltweb.org\/fr\/2022\/10\/11\/retirer-des-terrains-du-marche-pour-rendre-la-ville-abordable\/#primaryimage","url":"https:\/\/www.cltweb.org\/wp-content\/uploads\/2022\/10\/CLTB_Logo-1024x660.png","contentUrl":"https:\/\/www.cltweb.org\/wp-content\/uploads\/2022\/10\/CLTB_Logo-1024x660.png"},{"@type":"BreadcrumbList","@id":"https:\/\/www.cltweb.org\/fr\/2022\/10\/11\/retirer-des-terrains-du-marche-pour-rendre-la-ville-abordable\/#breadcrumb","itemListElement":[{"@type":"ListItem","position":1,"name":"Home","item":"https:\/\/www.cltweb.org\/fr\/"},{"@type":"ListItem","position":2,"name":"Retirer des terrains du march\u00e9 pour rendre la ville abordable"}]},{"@type":"WebSite","@id":"https:\/\/www.cltweb.org\/fr\/#website","url":"https:\/\/www.cltweb.org\/fr\/","name":"International Center for Community Land Trusts","description":"","publisher":{"@id":"https:\/\/www.cltweb.org\/fr\/#organization"},"potentialAction":[{"@type":"SearchAction","target":{"@type":"EntryPoint","urlTemplate":"https:\/\/www.cltweb.org\/fr\/?s={search_term_string}"},"query-input":{"@type":"PropertyValueSpecification","valueRequired":true,"valueName":"search_term_string"}}],"inLanguage":"fr-FR"},{"@type":"Organization","@id":"https:\/\/www.cltweb.org\/fr\/#organization","name":"International Center for Community Land Trusts","url":"https:\/\/www.cltweb.org\/fr\/","logo":{"@type":"ImageObject","inLanguage":"fr-FR","@id":"https:\/\/www.cltweb.org\/fr\/#\/schema\/logo\/image\/","url":"https:\/\/www.cltweb.org\/wp-content\/uploads\/2024\/11\/New-CLT-Center-Text-logo.png","contentUrl":"https:\/\/www.cltweb.org\/wp-content\/uploads\/2024\/11\/New-CLT-Center-Text-logo.png","width":227,"height":80,"caption":"International Center for Community Land Trusts"},"image":{"@id":"https:\/\/www.cltweb.org\/fr\/#\/schema\/logo\/image\/"},"sameAs":["https:\/\/www.facebook.com\/cltcenter","https:\/\/x.com\/Center4CLTs","https:\/\/www.instagram.com\/cltcenter\/","https:\/\/www.linkedin.com\/company\/cltcenter","https:\/\/www.youtube.com\/@centerforcltinnovation5313"],"description":"The International Center for Community Land Trusts is a not-for-profit nongovernmental organization established in 2018 to promote and to support community land trusts and similar strategies of community-led development on community-owned land in countries throughout the world.","email":"info@communitylandtrust.net","legalName":"International Center for Community Land Trusts","foundingDate":"2018-12-01","taxID":"84-3858933","numberOfEmployees":{"@type":"QuantitativeValue","minValue":"1","maxValue":"10"}},{"@type":"Person","@id":"https:\/\/www.cltweb.org\/fr\/#\/schema\/person\/afd3723291b60b81c27772953e5b49d6","name":"cltredesign_0jp0l4","image":{"@type":"ImageObject","inLanguage":"fr-FR","@id":"https:\/\/secure.gravatar.com\/avatar\/1012e57596c2454da589d773454d3eb22a64f2ff638e62850caeb654f3affad5?s=96&d=mm&r=g","url":"https:\/\/secure.gravatar.com\/avatar\/1012e57596c2454da589d773454d3eb22a64f2ff638e62850caeb654f3affad5?s=96&d=mm&r=g","contentUrl":"https:\/\/secure.gravatar.com\/avatar\/1012e57596c2454da589d773454d3eb22a64f2ff638e62850caeb654f3affad5?s=96&d=mm&r=g","caption":"cltredesign_0jp0l4"},"sameAs":["https:\/\/icclt.org"],"url":"https:\/\/www.cltweb.org\/fr\/author\/cltredesign_0jp0l4\/"}]}},"taxonomy_info":{"category":[{"value":29,"label":"Non classifi\u00e9(e)"}]},"featured_image_src_large":false,"author_info":{"display_name":"cltredesign_0jp0l4","author_link":"https:\/\/www.cltweb.org\/fr\/author\/cltredesign_0jp0l4\/"},"comment_info":0,"category_info":[{"term_id":29,"name":"Non classifi\u00e9(e)","slug":"non-classifiee","term_group":0,"term_taxonomy_id":29,"taxonomy":"category","description":"","parent":0,"count":20,"filter":"raw","cat_ID":29,"category_count":20,"category_description":"","cat_name":"Non classifi\u00e9(e)","category_nicename":"non-classifiee","category_parent":0}],"tag_info":false,"jetpack_featured_media_url":"","jetpack_sharing_enabled":true,"jetpack-related-posts":[{"id":7240,"url":"https:\/\/www.cltweb.org\/fr\/2024\/09\/10\/les-clt-peuvent-ils-jouer-un-role-dans-la-politique-climatique\/","url_meta":{"origin":6600,"position":0},"title":"Les CLT peuvent-ils jouer un r\u00f4le dans la politique climatique ?","author":"cltredesign_0jp0l4","date":"10 septembre 2024","format":false,"excerpt":"La contribution suivante a \u00e9t\u00e9 r\u00e9dig\u00e9e par Geert De Pauw, coordinateur du Community Land Trust Brussels, dans le cadre du s\u00e9minaire en ligne \"Using CLTs to Deliver Energy Renovation and Permanent Affordability to Existing Housing\" qui se tiendra le 25 septembre. Le Community Land Trust Brussels (CLTB) est une organisation\u2026","rel":"","context":"Dans &quot;Blogs&quot;","block_context":{"text":"Blogs","link":"https:\/\/www.cltweb.org\/fr\/category\/blogs-fr\/"},"img":{"alt_text":"","src":"","width":0,"height":0},"classes":[]},{"id":6575,"url":"https:\/\/www.cltweb.org\/fr\/2024\/08\/22\/utiliser-les-clt-pour-renover-les-logements-existants-sur-le-plan-energetique-et-les-rendre-plus-abordables-en-permanence\/","url_meta":{"origin":6600,"position":1},"title":"Utiliser les CLT pour r\u00e9nover les logements existants sur le plan \u00e9nerg\u00e9tique et les rendre plus abordables en permanence","author":"Ben Harris","date":"22 ao\u00fbt 2024","format":false,"excerpt":"Rejoignez-nous le 25 septembre 2024 pour un webinaire sur la fa\u00e7on dont les CLT peuvent \u00eatre utilis\u00e9s pour fournir une r\u00e9novation \u00e9nerg\u00e9tique et une accessibilit\u00e9 permanente aux logements existants. Vous entendrez des praticiens CLT de premier plan qui m\u00e8nent des approches innovantes pour la r\u00e9novation \u00e9nerg\u00e9tique des logements existants, avec\u2026","rel":"","context":"Dans &quot;Non classifi\u00e9(e)&quot;","block_context":{"text":"Non classifi\u00e9(e)","link":"https:\/\/www.cltweb.org\/fr\/category\/non-classifiee\/"},"img":{"alt_text":"Jeanne Mosseray","src":"https:\/\/i0.wp.com\/www.cltweb.org\/wp-content\/uploads\/2024\/08\/jeanne_mosseray-254x300.jpg?resize=350%2C200&ssl=1","width":350,"height":200},"classes":[]},{"id":7882,"url":"https:\/\/www.cltweb.org\/fr\/2024\/11\/22\/un-parcours-personnel-vers-lequite-et-la-justice-en-matiere-de-logement\/","url_meta":{"origin":6600,"position":2},"title":"Un parcours personnel vers l&#8217;\u00e9quit\u00e9 et la justice en mati\u00e8re de logement","author":"Ben Harris","date":"22 novembre 2024","format":false,"excerpt":"La contribution suivante a \u00e9t\u00e9 r\u00e9dig\u00e9e par Ashley Allen, directrice ex\u00e9cutive du Houston Community Land Trust, dans le cadre du prochain webinaire intitul\u00e9 \"La gestion de l'avenir : Le pouvoir et le leadership des jeunes dans la pratique des Community Land Trust\"le 4 d\u00e9cembre. Ashley \u00e0 10 ans, prise dans\u2026","rel":"","context":"Dans &quot;Blogs&quot;","block_context":{"text":"Blogs","link":"https:\/\/www.cltweb.org\/fr\/category\/blogs-fr\/"},"img":{"alt_text":"","src":"https:\/\/i0.wp.com\/www.cltweb.org\/wp-content\/uploads\/2024\/11\/Screenshot_2015-11-18-21-46-57-1-1.png?resize=350%2C200&ssl=1","width":350,"height":200,"srcset":"https:\/\/i0.wp.com\/www.cltweb.org\/wp-content\/uploads\/2024\/11\/Screenshot_2015-11-18-21-46-57-1-1.png?resize=350%2C200&ssl=1 1x, https:\/\/i0.wp.com\/www.cltweb.org\/wp-content\/uploads\/2024\/11\/Screenshot_2015-11-18-21-46-57-1-1.png?resize=525%2C300&ssl=1 1.5x, https:\/\/i0.wp.com\/www.cltweb.org\/wp-content\/uploads\/2024\/11\/Screenshot_2015-11-18-21-46-57-1-1.png?resize=700%2C400&ssl=1 2x, https:\/\/i0.wp.com\/www.cltweb.org\/wp-content\/uploads\/2024\/11\/Screenshot_2015-11-18-21-46-57-1-1.png?resize=1050%2C600&ssl=1 3x, https:\/\/i0.wp.com\/www.cltweb.org\/wp-content\/uploads\/2024\/11\/Screenshot_2015-11-18-21-46-57-1-1.png?resize=1400%2C800&ssl=1 4x"},"classes":[]},{"id":7248,"url":"https:\/\/www.cltweb.org\/fr\/2024\/09\/03\/introduction-a-lutilisation-des-clt-pour-la-renovation-energetique-et-laccessibilite-permanente-des-logements-existants\/","url_meta":{"origin":6600,"position":3},"title":"Introduction \u00e0 l&#8217;utilisation des CLT pour la r\u00e9novation \u00e9nerg\u00e9tique et l&#8217;accessibilit\u00e9 permanente des logements existants","author":"cltredesign_0jp0l4","date":"3 septembre 2024","format":false,"excerpt":"La contribution suivante a \u00e9t\u00e9 r\u00e9dig\u00e9e par Richard Kruger Delgado, responsable de l'\u00e9ducation et de la sensibilisation pour l'International Center for Community Land Trusts, afin de pr\u00e9senter le prochain webinaire qui aura lieu le 25 septembre. \"Nous avons pour mission de ne pas laisser les gens de c\u00f4t\u00e9. - John\u2026","rel":"","context":"Dans &quot;Blogs&quot;","block_context":{"text":"Blogs","link":"https:\/\/www.cltweb.org\/fr\/category\/blogs-fr\/"},"img":{"alt_text":"","src":"","width":0,"height":0},"classes":[]},{"id":7721,"url":"https:\/\/www.cltweb.org\/fr\/2024\/11\/18\/le-lincoln-institute-of-land-policy-publie-un-rapport-sur-la-preservation-de-laccession-abordable-a-la-propriete-grace-aux-fonds-fonciers-communautaires-community-land-trusts\/","url_meta":{"origin":6600,"position":4},"title":"Le Lincoln Institute of Land Policy publie un rapport sur la pr\u00e9servation de l&#8217;accession abordable \u00e0 la propri\u00e9t\u00e9 gr\u00e2ce aux fonds fonciers communautaires (Community Land Trusts)","author":"Ben Harris","date":"18 novembre 2024","format":false,"excerpt":"Le rapport sur les actions cibl\u00e9es donne un aper\u00e7u de la mani\u00e8re dont les autorit\u00e9s municipales soutiennent la cr\u00e9ation, l'expansion et le fonctionnement des CLT CAMBRIDGE, MA - LeLincoln Institute of Land Policy a publi\u00e9 un nouveau rapport sur les orientations politiques, Preserving Affordable Homeownership : Municipal Partnerships with Community\u2026","rel":"","context":"Dans &quot;Communiqu\u00e9 de presse&quot;","block_context":{"text":"Communiqu\u00e9 de presse","link":"https:\/\/www.cltweb.org\/fr\/category\/communique-de-presse\/"},"img":{"alt_text":"","src":"","width":0,"height":0},"classes":[]},{"id":10100,"url":"https:\/\/www.cltweb.org\/fr\/2025\/10\/24\/explorer-le-potentiel-des-fiducies-foncieres-communautaires-a-buenos-aires\/","url_meta":{"origin":6600,"position":5},"title":"Explorer le potentiel des fiducies fonci\u00e8res communautaires \u00e0 Buenos Aires","author":"Ben Harris","date":"24 octobre 2025","format":false,"excerpt":"Par Tarcyla Fidalgo En octobre 2025, dans le cadre de l'initiative Global South CLT du CLT Center, Tarcyla Fidalgo, chef de projet, s'est rendue \u00e0 Buenos Aires, en Argentine, pour \u00e9changer des id\u00e9es sur le logement abordable, la s\u00e9curit\u00e9 d'occupation et la propri\u00e9t\u00e9 fonci\u00e8re collective. La visite s'est appuy\u00e9e sur\u2026","rel":"","context":"Dans &quot;Blogs&quot;","block_context":{"text":"Blogs","link":"https:\/\/www.cltweb.org\/fr\/category\/blogs-fr\/"},"img":{"alt_text":"Tarcyla Fidalgo participates in a seminar at the Public Defender's Office in Buenos Aires, Argentina.","src":"https:\/\/i0.wp.com\/www.cltweb.org\/wp-content\/uploads\/2025\/10\/image-edited.jpeg?resize=350%2C200&ssl=1","width":350,"height":200,"srcset":"https:\/\/i0.wp.com\/www.cltweb.org\/wp-content\/uploads\/2025\/10\/image-edited.jpeg?resize=350%2C200&ssl=1 1x, https:\/\/i0.wp.com\/www.cltweb.org\/wp-content\/uploads\/2025\/10\/image-edited.jpeg?resize=525%2C300&ssl=1 1.5x, https:\/\/i0.wp.com\/www.cltweb.org\/wp-content\/uploads\/2025\/10\/image-edited.jpeg?resize=700%2C400&ssl=1 2x"},"classes":[]}],"_links":{"self":[{"href":"https:\/\/www.cltweb.org\/fr\/wp-json\/wp\/v2\/posts\/6600","targetHints":{"allow":["GET"]}}],"collection":[{"href":"https:\/\/www.cltweb.org\/fr\/wp-json\/wp\/v2\/posts"}],"about":[{"href":"https:\/\/www.cltweb.org\/fr\/wp-json\/wp\/v2\/types\/post"}],"author":[{"embeddable":true,"href":"https:\/\/www.cltweb.org\/fr\/wp-json\/wp\/v2\/users\/1"}],"replies":[{"embeddable":true,"href":"https:\/\/www.cltweb.org\/fr\/wp-json\/wp\/v2\/comments?post=6600"}],"version-history":[{"count":0,"href":"https:\/\/www.cltweb.org\/fr\/wp-json\/wp\/v2\/posts\/6600\/revisions"}],"wp:attachment":[{"href":"https:\/\/www.cltweb.org\/fr\/wp-json\/wp\/v2\/media?parent=6600"}],"wp:term":[{"taxonomy":"category","embeddable":true,"href":"https:\/\/www.cltweb.org\/fr\/wp-json\/wp\/v2\/categories?post=6600"},{"taxonomy":"post_tag","embeddable":true,"href":"https:\/\/www.cltweb.org\/fr\/wp-json\/wp\/v2\/tags?post=6600"}],"curies":[{"name":"wp","href":"https:\/\/api.w.org\/{rel}","templated":true}]}}