{"id":6603,"date":"2022-10-11T00:00:00","date_gmt":"2022-10-11T00:00:00","guid":{"rendered":"https:\/\/www.cltweb.org\/2022\/10\/11\/nouvelles-voies-pour-la-construction-de-villes-durables-le-potentiel-de-la-gestion-collective-des-terres-basee-sur-le-clt\/"},"modified":"2022-10-11T00:00:00","modified_gmt":"2022-10-11T00:00:00","slug":"nouvelles-voies-pour-la-construction-de-villes-durables-le-potentiel-de-la-gestion-collective-des-terres-basee-sur-le-clt","status":"publish","type":"post","link":"https:\/\/www.cltweb.org\/fr\/2022\/10\/11\/nouvelles-voies-pour-la-construction-de-villes-durables-le-potentiel-de-la-gestion-collective-des-terres-basee-sur-le-clt\/","title":{"rendered":"Nouvelles voies pour la construction de villes durables : le potentiel de la gestion collective des terres bas\u00e9e sur le CLT"},"content":{"rendered":"<p><iframe loading=\"lazy\" title=\"Lecteur vid\u00e9o YouTube\" src=\"https:\/\/www.youtube.com\/embed\/aH9vJY3JwQg\" width=\"560\" height=\"315\" frameborder=\"0\" allowfullscreen=\"allowfullscreen\"><\/iframe><\/p>\n<p><a href=\"https:\/\/www.cltweb.org\/wp-content\/uploads\/2024\/11\/Circuito-Urbano-2022-Convite-1-ING.jpg\"><img loading=\"lazy\" decoding=\"async\" class=\"alignright wp-image-6600\" src=\"https:\/\/www.cltweb.org\/wp-content\/uploads\/2024\/11\/Circuito-Urbano-2022-Convite-1-ING.jpg\" alt=\"Circuit urbain 2022 Convite 1 ING.\" width=\"313\" height=\"313\"><\/a>La mise en \u0153uvre de l&#8217;ODD 11 &#8211; villes durables &#8211; a \u00e9t\u00e9 un d\u00e9fi pour les gouvernements ces derni\u00e8res ann\u00e9es. Parmi les aspects les plus d\u00e9licats de la r\u00e9alisation de cet objectif figurent la fourniture de logements ad\u00e9quats et la gestion d\u00e9mocratique des terres. Compte tenu du contexte sp\u00e9cifique du Sud et de l&#8217;inefficacit\u00e9 de ses politiques \u00e0 traiter les questions soulev\u00e9es, il est essentiel que le d\u00e9bat explore de nouveaux mod\u00e8les et outils susceptibles de les aborder de mani\u00e8re plus ad\u00e9quate. Dans ce contexte, il est propos\u00e9 d&#8217;\u00e9largir les d\u00e9bats sur le Community Land Trust, un mod\u00e8le internationalement reconnu qui a un grand potentiel pour faire face aux d\u00e9fis du logement et de la gestion d\u00e9mocratique des terres, en particulier dans les pays du Sud. Le mod\u00e8le est pr\u00e9vu dans le Nouvel Agenda Urbain comme un outil pour assurer un logement durable mais, bien que les Etats signataires se soient engag\u00e9s \u00e0 soutenir les initiatives CLT, c&#8217;est un mod\u00e8le qui est encore peu connu dans les pays du Sud.  <\/p>\n<p><a href=\"https:\/\/www.cltweb.org\/wp-content\/uploads\/2022\/10\/Circuito-Urbano-2022-Convite-1-ESP..jpg\"><img loading=\"lazy\" decoding=\"async\" class=\"alignright wp-image-6599\" src=\"https:\/\/www.cltweb.org\/wp-content\/uploads\/2022\/10\/Circuito-Urbano-2022-Convite-1-ESP.-300x300.jpg\" alt=\"Circuito Urbano 2022 Convite 1 ESP.\" width=\"300\" height=\"300\"><\/a>L&#8217;\u00e9v\u00e9nement rassemble des experts internationaux sur le sujet, en mettant l&#8217;accent sur les pratiques ancr\u00e9es dans le Sud global, afin de d\u00e9battre du potentiel du mod\u00e8le pour la construction de villes plus durables, conform\u00e9ment \u00e0 l&#8217;ODD 11 du Nouvel Agenda Urbain. Il s&#8217;inscrit dans le cadre d&#8217;Octobre urbain 2022, une initiative d&#8217;ONU-Habitat pour la diffusion d&#8217;\u00e9v\u00e9nements qui explorent des th\u00e8mes tels que le droit au logement et la ville. <\/p>\n","protected":false},"excerpt":{"rendered":"<p>L&#8217;\u00e9v\u00e9nement rassemble des experts internationaux sur le sujet, en mettant l&#8217;accent sur les pratiques ancr\u00e9es dans le Sud global, afin de d\u00e9battre du potentiel du mod\u00e8le pour la construction de villes plus durables, conform\u00e9ment \u00e0 l&#8217;ODD 11 du Nouvel Agenda Urbain. Il s&#8217;inscrit dans le cadre d&#8217;Octobre urbain 2022, une initiative d&#8217;ONU-Habitat pour la diffusion d&#8217;\u00e9v\u00e9nements qui explorent des th\u00e8mes tels que le droit au logement et la ville. <\/p>\n","protected":false},"author":1,"featured_media":0,"comment_status":"open","ping_status":"open","sticky":false,"template":"","format":"standard","meta":{"give_campaign_id":0,"_tec_requires_first_save":true,"_kad_blocks_custom_css":"","_kad_blocks_head_custom_js":"","_kad_blocks_body_custom_js":"","_kad_blocks_footer_custom_js":"","_EventAllDay":false,"_EventTimezone":"","_EventStartDate":"","_EventEndDate":"","_EventStartDateUTC":"","_EventEndDateUTC":"","_EventShowMap":false,"_EventShowMapLink":false,"_EventURL":"","_EventCost":"","_EventCostDescription":"","_EventCurrencySymbol":"","_EventCurrencyCode":"","_EventCurrencyPosition":"","_EventDateTimeSeparator":"","_EventTimeRangeSeparator":"","_EventOrganizerID":[],"_EventVenueID":[],"_OrganizerEmail":"","_OrganizerPhone":"","_OrganizerWebsite":"","_VenueAddress":"","_VenueCity":"","_VenueCountry":"","_VenueProvince":"","_VenueState":"","_VenueZip":"","_VenuePhone":"","_VenueURL":"","_VenueStateProvince":"","_VenueLat":"","_VenueLng":"","_VenueShowMap":false,"_VenueShowMapLink":false,"_tribe_blocks_recurrence_rules":"","_tribe_blocks_recurrence_description":"","_tribe_blocks_recurrence_exclusions":"","_jetpack_memberships_contains_paid_content":false,"footnotes":""},"categories":[29],"tags":[],"class_list":["post-6603","post","type-post","status-publish","format-standard","hentry","category-non-classifiee"],"blocksy_meta":[],"yoast_head":"<!-- This site is optimized with the Yoast SEO Premium plugin v27.5 (Yoast SEO v27.5) - https:\/\/yoast.com\/product\/yoast-seo-premium-wordpress\/ -->\n<title>Nouvelles voies pour la construction de villes durables : le potentiel de la gestion collective des terres bas\u00e9e sur le CLT - International Center for Community Land Trusts<\/title>\n<meta name=\"robots\" content=\"index, follow, max-snippet:-1, max-image-preview:large, max-video-preview:-1\" \/>\n<link rel=\"canonical\" href=\"https:\/\/www.cltweb.org\/fr\/2022\/10\/11\/nouvelles-voies-pour-la-construction-de-villes-durables-le-potentiel-de-la-gestion-collective-des-terres-basee-sur-le-clt\/\" \/>\n<meta property=\"og:locale\" content=\"fr_FR\" \/>\n<meta property=\"og:type\" content=\"article\" \/>\n<meta property=\"og:title\" content=\"Nouvelles voies pour la construction de villes durables : le potentiel de la gestion collective des terres bas\u00e9e sur le CLT\" \/>\n<meta property=\"og:description\" content=\"L&#039;\u00e9v\u00e9nement rassemble des experts internationaux sur le sujet, en mettant l&#039;accent sur les pratiques ancr\u00e9es dans le Sud global, afin de d\u00e9battre du potentiel du mod\u00e8le pour la construction de villes plus durables, conform\u00e9ment \u00e0 l&#039;ODD 11 du Nouvel Agenda Urbain. Il s&#039;inscrit dans le cadre d&#039;Octobre urbain 2022, une initiative d&#039;ONU-Habitat pour la diffusion d&#039;\u00e9v\u00e9nements qui explorent des th\u00e8mes tels que le droit au logement et la ville.\" \/>\n<meta property=\"og:url\" content=\"https:\/\/www.cltweb.org\/fr\/2022\/10\/11\/nouvelles-voies-pour-la-construction-de-villes-durables-le-potentiel-de-la-gestion-collective-des-terres-basee-sur-le-clt\/\" \/>\n<meta property=\"og:site_name\" content=\"International Center for Community Land Trusts\" \/>\n<meta property=\"article:publisher\" content=\"https:\/\/www.facebook.com\/cltcenter\" \/>\n<meta property=\"article:published_time\" content=\"2022-10-11T00:00:00+00:00\" \/>\n<meta name=\"author\" content=\"cltredesign_0jp0l4\" \/>\n<meta name=\"twitter:card\" content=\"summary_large_image\" \/>\n<meta name=\"twitter:creator\" content=\"@Center4CLTs\" \/>\n<meta name=\"twitter:site\" content=\"@Center4CLTs\" \/>\n<meta name=\"twitter:label1\" content=\"\u00c9crit par\" \/>\n\t<meta name=\"twitter:data1\" content=\"cltredesign_0jp0l4\" \/>\n\t<meta name=\"twitter:label2\" content=\"Dur\u00e9e de lecture estim\u00e9e\" \/>\n\t<meta name=\"twitter:data2\" content=\"1 minute\" \/>\n<script type=\"application\/ld+json\" class=\"yoast-schema-graph\">{\"@context\":\"https:\\\/\\\/schema.org\",\"@graph\":[{\"@type\":\"Article\",\"@id\":\"https:\\\/\\\/www.cltweb.org\\\/fr\\\/2022\\\/10\\\/11\\\/nouvelles-voies-pour-la-construction-de-villes-durables-le-potentiel-de-la-gestion-collective-des-terres-basee-sur-le-clt\\\/#article\",\"isPartOf\":{\"@id\":\"https:\\\/\\\/www.cltweb.org\\\/fr\\\/2022\\\/10\\\/11\\\/nouvelles-voies-pour-la-construction-de-villes-durables-le-potentiel-de-la-gestion-collective-des-terres-basee-sur-le-clt\\\/\"},\"author\":{\"name\":\"cltredesign_0jp0l4\",\"@id\":\"https:\\\/\\\/www.cltweb.org\\\/fr\\\/#\\\/schema\\\/person\\\/afd3723291b60b81c27772953e5b49d6\"},\"headline\":\"Nouvelles voies pour la construction de villes durables : le potentiel de la gestion collective des terres bas\u00e9e sur le CLT\",\"datePublished\":\"2022-10-11T00:00:00+00:00\",\"mainEntityOfPage\":{\"@id\":\"https:\\\/\\\/www.cltweb.org\\\/fr\\\/2022\\\/10\\\/11\\\/nouvelles-voies-pour-la-construction-de-villes-durables-le-potentiel-de-la-gestion-collective-des-terres-basee-sur-le-clt\\\/\"},\"wordCount\":294,\"commentCount\":0,\"publisher\":{\"@id\":\"https:\\\/\\\/www.cltweb.org\\\/fr\\\/#organization\"},\"image\":{\"@id\":\"https:\\\/\\\/www.cltweb.org\\\/fr\\\/2022\\\/10\\\/11\\\/nouvelles-voies-pour-la-construction-de-villes-durables-le-potentiel-de-la-gestion-collective-des-terres-basee-sur-le-clt\\\/#primaryimage\"},\"thumbnailUrl\":\"https:\\\/\\\/www.cltweb.org\\\/wp-content\\\/uploads\\\/2024\\\/11\\\/Circuito-Urbano-2022-Convite-1-ING.jpg\",\"articleSection\":[\"Non classifi\u00e9(e)\"],\"inLanguage\":\"fr-FR\",\"potentialAction\":[{\"@type\":\"CommentAction\",\"name\":\"Comment\",\"target\":[\"https:\\\/\\\/www.cltweb.org\\\/fr\\\/2022\\\/10\\\/11\\\/nouvelles-voies-pour-la-construction-de-villes-durables-le-potentiel-de-la-gestion-collective-des-terres-basee-sur-le-clt\\\/#respond\"]}]},{\"@type\":\"WebPage\",\"@id\":\"https:\\\/\\\/www.cltweb.org\\\/fr\\\/2022\\\/10\\\/11\\\/nouvelles-voies-pour-la-construction-de-villes-durables-le-potentiel-de-la-gestion-collective-des-terres-basee-sur-le-clt\\\/\",\"url\":\"https:\\\/\\\/www.cltweb.org\\\/fr\\\/2022\\\/10\\\/11\\\/nouvelles-voies-pour-la-construction-de-villes-durables-le-potentiel-de-la-gestion-collective-des-terres-basee-sur-le-clt\\\/\",\"name\":\"Nouvelles voies pour la construction de villes durables : le potentiel de la gestion collective des terres bas\u00e9e sur le CLT - International Center for Community Land Trusts\",\"isPartOf\":{\"@id\":\"https:\\\/\\\/www.cltweb.org\\\/fr\\\/#website\"},\"primaryImageOfPage\":{\"@id\":\"https:\\\/\\\/www.cltweb.org\\\/fr\\\/2022\\\/10\\\/11\\\/nouvelles-voies-pour-la-construction-de-villes-durables-le-potentiel-de-la-gestion-collective-des-terres-basee-sur-le-clt\\\/#primaryimage\"},\"image\":{\"@id\":\"https:\\\/\\\/www.cltweb.org\\\/fr\\\/2022\\\/10\\\/11\\\/nouvelles-voies-pour-la-construction-de-villes-durables-le-potentiel-de-la-gestion-collective-des-terres-basee-sur-le-clt\\\/#primaryimage\"},\"thumbnailUrl\":\"https:\\\/\\\/www.cltweb.org\\\/wp-content\\\/uploads\\\/2024\\\/11\\\/Circuito-Urbano-2022-Convite-1-ING.jpg\",\"datePublished\":\"2022-10-11T00:00:00+00:00\",\"breadcrumb\":{\"@id\":\"https:\\\/\\\/www.cltweb.org\\\/fr\\\/2022\\\/10\\\/11\\\/nouvelles-voies-pour-la-construction-de-villes-durables-le-potentiel-de-la-gestion-collective-des-terres-basee-sur-le-clt\\\/#breadcrumb\"},\"inLanguage\":\"fr-FR\",\"potentialAction\":[{\"@type\":\"ReadAction\",\"target\":[\"https:\\\/\\\/www.cltweb.org\\\/fr\\\/2022\\\/10\\\/11\\\/nouvelles-voies-pour-la-construction-de-villes-durables-le-potentiel-de-la-gestion-collective-des-terres-basee-sur-le-clt\\\/\"]}]},{\"@type\":\"ImageObject\",\"inLanguage\":\"fr-FR\",\"@id\":\"https:\\\/\\\/www.cltweb.org\\\/fr\\\/2022\\\/10\\\/11\\\/nouvelles-voies-pour-la-construction-de-villes-durables-le-potentiel-de-la-gestion-collective-des-terres-basee-sur-le-clt\\\/#primaryimage\",\"url\":\"https:\\\/\\\/www.cltweb.org\\\/wp-content\\\/uploads\\\/2024\\\/11\\\/Circuito-Urbano-2022-Convite-1-ING.jpg\",\"contentUrl\":\"https:\\\/\\\/www.cltweb.org\\\/wp-content\\\/uploads\\\/2024\\\/11\\\/Circuito-Urbano-2022-Convite-1-ING.jpg\"},{\"@type\":\"BreadcrumbList\",\"@id\":\"https:\\\/\\\/www.cltweb.org\\\/fr\\\/2022\\\/10\\\/11\\\/nouvelles-voies-pour-la-construction-de-villes-durables-le-potentiel-de-la-gestion-collective-des-terres-basee-sur-le-clt\\\/#breadcrumb\",\"itemListElement\":[{\"@type\":\"ListItem\",\"position\":1,\"name\":\"Home\",\"item\":\"https:\\\/\\\/www.cltweb.org\\\/fr\\\/\"},{\"@type\":\"ListItem\",\"position\":2,\"name\":\"Nouvelles voies pour la construction de villes durables : le potentiel de la gestion collective des terres bas\u00e9e sur le CLT\"}]},{\"@type\":\"WebSite\",\"@id\":\"https:\\\/\\\/www.cltweb.org\\\/fr\\\/#website\",\"url\":\"https:\\\/\\\/www.cltweb.org\\\/fr\\\/\",\"name\":\"International Center for Community Land Trusts\",\"description\":\"\",\"publisher\":{\"@id\":\"https:\\\/\\\/www.cltweb.org\\\/fr\\\/#organization\"},\"potentialAction\":[{\"@type\":\"SearchAction\",\"target\":{\"@type\":\"EntryPoint\",\"urlTemplate\":\"https:\\\/\\\/www.cltweb.org\\\/fr\\\/?s={search_term_string}\"},\"query-input\":{\"@type\":\"PropertyValueSpecification\",\"valueRequired\":true,\"valueName\":\"search_term_string\"}}],\"inLanguage\":\"fr-FR\"},{\"@type\":\"Organization\",\"@id\":\"https:\\\/\\\/www.cltweb.org\\\/fr\\\/#organization\",\"name\":\"International Center for Community Land Trusts\",\"url\":\"https:\\\/\\\/www.cltweb.org\\\/fr\\\/\",\"logo\":{\"@type\":\"ImageObject\",\"inLanguage\":\"fr-FR\",\"@id\":\"https:\\\/\\\/www.cltweb.org\\\/fr\\\/#\\\/schema\\\/logo\\\/image\\\/\",\"url\":\"https:\\\/\\\/www.cltweb.org\\\/wp-content\\\/uploads\\\/2024\\\/11\\\/New-CLT-Center-Text-logo.png\",\"contentUrl\":\"https:\\\/\\\/www.cltweb.org\\\/wp-content\\\/uploads\\\/2024\\\/11\\\/New-CLT-Center-Text-logo.png\",\"width\":227,\"height\":80,\"caption\":\"International Center for Community Land Trusts\"},\"image\":{\"@id\":\"https:\\\/\\\/www.cltweb.org\\\/fr\\\/#\\\/schema\\\/logo\\\/image\\\/\"},\"sameAs\":[\"https:\\\/\\\/www.facebook.com\\\/cltcenter\",\"https:\\\/\\\/x.com\\\/Center4CLTs\",\"https:\\\/\\\/www.instagram.com\\\/cltcenter\\\/\",\"https:\\\/\\\/www.linkedin.com\\\/company\\\/cltcenter\",\"https:\\\/\\\/www.youtube.com\\\/@centerforcltinnovation5313\"],\"description\":\"The International Center for Community Land Trusts is a not-for-profit nongovernmental organization established in 2018 to promote and to support community land trusts and similar strategies of community-led development on community-owned land in countries throughout the world.\",\"email\":\"info@communitylandtrust.net\",\"legalName\":\"International Center for Community Land Trusts\",\"foundingDate\":\"2018-12-01\",\"taxID\":\"84-3858933\",\"numberOfEmployees\":{\"@type\":\"QuantitativeValue\",\"minValue\":\"1\",\"maxValue\":\"10\"}},{\"@type\":\"Person\",\"@id\":\"https:\\\/\\\/www.cltweb.org\\\/fr\\\/#\\\/schema\\\/person\\\/afd3723291b60b81c27772953e5b49d6\",\"name\":\"cltredesign_0jp0l4\",\"image\":{\"@type\":\"ImageObject\",\"inLanguage\":\"fr-FR\",\"@id\":\"https:\\\/\\\/secure.gravatar.com\\\/avatar\\\/1012e57596c2454da589d773454d3eb22a64f2ff638e62850caeb654f3affad5?s=96&d=mm&r=g\",\"url\":\"https:\\\/\\\/secure.gravatar.com\\\/avatar\\\/1012e57596c2454da589d773454d3eb22a64f2ff638e62850caeb654f3affad5?s=96&d=mm&r=g\",\"contentUrl\":\"https:\\\/\\\/secure.gravatar.com\\\/avatar\\\/1012e57596c2454da589d773454d3eb22a64f2ff638e62850caeb654f3affad5?s=96&d=mm&r=g\",\"caption\":\"cltredesign_0jp0l4\"},\"sameAs\":[\"https:\\\/\\\/icclt.org\"],\"url\":\"https:\\\/\\\/www.cltweb.org\\\/fr\\\/author\\\/cltredesign_0jp0l4\\\/\"}]}<\/script>\n<!-- \/ Yoast SEO Premium plugin. -->","yoast_head_json":{"title":"Nouvelles voies pour la construction de villes durables : le potentiel de la gestion collective des terres bas\u00e9e sur le CLT - International Center for Community Land Trusts","robots":{"index":"index","follow":"follow","max-snippet":"max-snippet:-1","max-image-preview":"max-image-preview:large","max-video-preview":"max-video-preview:-1"},"canonical":"https:\/\/www.cltweb.org\/fr\/2022\/10\/11\/nouvelles-voies-pour-la-construction-de-villes-durables-le-potentiel-de-la-gestion-collective-des-terres-basee-sur-le-clt\/","og_locale":"fr_FR","og_type":"article","og_title":"Nouvelles voies pour la construction de villes durables : le potentiel de la gestion collective des terres bas\u00e9e sur le CLT","og_description":"L'\u00e9v\u00e9nement rassemble des experts internationaux sur le sujet, en mettant l'accent sur les pratiques ancr\u00e9es dans le Sud global, afin de d\u00e9battre du potentiel du mod\u00e8le pour la construction de villes plus durables, conform\u00e9ment \u00e0 l'ODD 11 du Nouvel Agenda Urbain. Il s'inscrit dans le cadre d'Octobre urbain 2022, une initiative d'ONU-Habitat pour la diffusion d'\u00e9v\u00e9nements qui explorent des th\u00e8mes tels que le droit au logement et la ville.","og_url":"https:\/\/www.cltweb.org\/fr\/2022\/10\/11\/nouvelles-voies-pour-la-construction-de-villes-durables-le-potentiel-de-la-gestion-collective-des-terres-basee-sur-le-clt\/","og_site_name":"International Center for Community Land Trusts","article_publisher":"https:\/\/www.facebook.com\/cltcenter","article_published_time":"2022-10-11T00:00:00+00:00","author":"cltredesign_0jp0l4","twitter_card":"summary_large_image","twitter_creator":"@Center4CLTs","twitter_site":"@Center4CLTs","twitter_misc":{"\u00c9crit par":"cltredesign_0jp0l4","Dur\u00e9e de lecture estim\u00e9e":"1 minute"},"schema":{"@context":"https:\/\/schema.org","@graph":[{"@type":"Article","@id":"https:\/\/www.cltweb.org\/fr\/2022\/10\/11\/nouvelles-voies-pour-la-construction-de-villes-durables-le-potentiel-de-la-gestion-collective-des-terres-basee-sur-le-clt\/#article","isPartOf":{"@id":"https:\/\/www.cltweb.org\/fr\/2022\/10\/11\/nouvelles-voies-pour-la-construction-de-villes-durables-le-potentiel-de-la-gestion-collective-des-terres-basee-sur-le-clt\/"},"author":{"name":"cltredesign_0jp0l4","@id":"https:\/\/www.cltweb.org\/fr\/#\/schema\/person\/afd3723291b60b81c27772953e5b49d6"},"headline":"Nouvelles voies pour la construction de villes durables : le potentiel de la gestion collective des terres bas\u00e9e sur le CLT","datePublished":"2022-10-11T00:00:00+00:00","mainEntityOfPage":{"@id":"https:\/\/www.cltweb.org\/fr\/2022\/10\/11\/nouvelles-voies-pour-la-construction-de-villes-durables-le-potentiel-de-la-gestion-collective-des-terres-basee-sur-le-clt\/"},"wordCount":294,"commentCount":0,"publisher":{"@id":"https:\/\/www.cltweb.org\/fr\/#organization"},"image":{"@id":"https:\/\/www.cltweb.org\/fr\/2022\/10\/11\/nouvelles-voies-pour-la-construction-de-villes-durables-le-potentiel-de-la-gestion-collective-des-terres-basee-sur-le-clt\/#primaryimage"},"thumbnailUrl":"https:\/\/www.cltweb.org\/wp-content\/uploads\/2024\/11\/Circuito-Urbano-2022-Convite-1-ING.jpg","articleSection":["Non classifi\u00e9(e)"],"inLanguage":"fr-FR","potentialAction":[{"@type":"CommentAction","name":"Comment","target":["https:\/\/www.cltweb.org\/fr\/2022\/10\/11\/nouvelles-voies-pour-la-construction-de-villes-durables-le-potentiel-de-la-gestion-collective-des-terres-basee-sur-le-clt\/#respond"]}]},{"@type":"WebPage","@id":"https:\/\/www.cltweb.org\/fr\/2022\/10\/11\/nouvelles-voies-pour-la-construction-de-villes-durables-le-potentiel-de-la-gestion-collective-des-terres-basee-sur-le-clt\/","url":"https:\/\/www.cltweb.org\/fr\/2022\/10\/11\/nouvelles-voies-pour-la-construction-de-villes-durables-le-potentiel-de-la-gestion-collective-des-terres-basee-sur-le-clt\/","name":"Nouvelles voies pour la construction de villes durables : le potentiel de la gestion collective des terres bas\u00e9e sur le CLT - International Center for Community Land Trusts","isPartOf":{"@id":"https:\/\/www.cltweb.org\/fr\/#website"},"primaryImageOfPage":{"@id":"https:\/\/www.cltweb.org\/fr\/2022\/10\/11\/nouvelles-voies-pour-la-construction-de-villes-durables-le-potentiel-de-la-gestion-collective-des-terres-basee-sur-le-clt\/#primaryimage"},"image":{"@id":"https:\/\/www.cltweb.org\/fr\/2022\/10\/11\/nouvelles-voies-pour-la-construction-de-villes-durables-le-potentiel-de-la-gestion-collective-des-terres-basee-sur-le-clt\/#primaryimage"},"thumbnailUrl":"https:\/\/www.cltweb.org\/wp-content\/uploads\/2024\/11\/Circuito-Urbano-2022-Convite-1-ING.jpg","datePublished":"2022-10-11T00:00:00+00:00","breadcrumb":{"@id":"https:\/\/www.cltweb.org\/fr\/2022\/10\/11\/nouvelles-voies-pour-la-construction-de-villes-durables-le-potentiel-de-la-gestion-collective-des-terres-basee-sur-le-clt\/#breadcrumb"},"inLanguage":"fr-FR","potentialAction":[{"@type":"ReadAction","target":["https:\/\/www.cltweb.org\/fr\/2022\/10\/11\/nouvelles-voies-pour-la-construction-de-villes-durables-le-potentiel-de-la-gestion-collective-des-terres-basee-sur-le-clt\/"]}]},{"@type":"ImageObject","inLanguage":"fr-FR","@id":"https:\/\/www.cltweb.org\/fr\/2022\/10\/11\/nouvelles-voies-pour-la-construction-de-villes-durables-le-potentiel-de-la-gestion-collective-des-terres-basee-sur-le-clt\/#primaryimage","url":"https:\/\/www.cltweb.org\/wp-content\/uploads\/2024\/11\/Circuito-Urbano-2022-Convite-1-ING.jpg","contentUrl":"https:\/\/www.cltweb.org\/wp-content\/uploads\/2024\/11\/Circuito-Urbano-2022-Convite-1-ING.jpg"},{"@type":"BreadcrumbList","@id":"https:\/\/www.cltweb.org\/fr\/2022\/10\/11\/nouvelles-voies-pour-la-construction-de-villes-durables-le-potentiel-de-la-gestion-collective-des-terres-basee-sur-le-clt\/#breadcrumb","itemListElement":[{"@type":"ListItem","position":1,"name":"Home","item":"https:\/\/www.cltweb.org\/fr\/"},{"@type":"ListItem","position":2,"name":"Nouvelles voies pour la construction de villes durables : le potentiel de la gestion collective des terres bas\u00e9e sur le CLT"}]},{"@type":"WebSite","@id":"https:\/\/www.cltweb.org\/fr\/#website","url":"https:\/\/www.cltweb.org\/fr\/","name":"International Center for Community Land Trusts","description":"","publisher":{"@id":"https:\/\/www.cltweb.org\/fr\/#organization"},"potentialAction":[{"@type":"SearchAction","target":{"@type":"EntryPoint","urlTemplate":"https:\/\/www.cltweb.org\/fr\/?s={search_term_string}"},"query-input":{"@type":"PropertyValueSpecification","valueRequired":true,"valueName":"search_term_string"}}],"inLanguage":"fr-FR"},{"@type":"Organization","@id":"https:\/\/www.cltweb.org\/fr\/#organization","name":"International Center for Community Land Trusts","url":"https:\/\/www.cltweb.org\/fr\/","logo":{"@type":"ImageObject","inLanguage":"fr-FR","@id":"https:\/\/www.cltweb.org\/fr\/#\/schema\/logo\/image\/","url":"https:\/\/www.cltweb.org\/wp-content\/uploads\/2024\/11\/New-CLT-Center-Text-logo.png","contentUrl":"https:\/\/www.cltweb.org\/wp-content\/uploads\/2024\/11\/New-CLT-Center-Text-logo.png","width":227,"height":80,"caption":"International Center for Community Land Trusts"},"image":{"@id":"https:\/\/www.cltweb.org\/fr\/#\/schema\/logo\/image\/"},"sameAs":["https:\/\/www.facebook.com\/cltcenter","https:\/\/x.com\/Center4CLTs","https:\/\/www.instagram.com\/cltcenter\/","https:\/\/www.linkedin.com\/company\/cltcenter","https:\/\/www.youtube.com\/@centerforcltinnovation5313"],"description":"The International Center for Community Land Trusts is a not-for-profit nongovernmental organization established in 2018 to promote and to support community land trusts and similar strategies of community-led development on community-owned land in countries throughout the world.","email":"info@communitylandtrust.net","legalName":"International Center for Community Land Trusts","foundingDate":"2018-12-01","taxID":"84-3858933","numberOfEmployees":{"@type":"QuantitativeValue","minValue":"1","maxValue":"10"}},{"@type":"Person","@id":"https:\/\/www.cltweb.org\/fr\/#\/schema\/person\/afd3723291b60b81c27772953e5b49d6","name":"cltredesign_0jp0l4","image":{"@type":"ImageObject","inLanguage":"fr-FR","@id":"https:\/\/secure.gravatar.com\/avatar\/1012e57596c2454da589d773454d3eb22a64f2ff638e62850caeb654f3affad5?s=96&d=mm&r=g","url":"https:\/\/secure.gravatar.com\/avatar\/1012e57596c2454da589d773454d3eb22a64f2ff638e62850caeb654f3affad5?s=96&d=mm&r=g","contentUrl":"https:\/\/secure.gravatar.com\/avatar\/1012e57596c2454da589d773454d3eb22a64f2ff638e62850caeb654f3affad5?s=96&d=mm&r=g","caption":"cltredesign_0jp0l4"},"sameAs":["https:\/\/icclt.org"],"url":"https:\/\/www.cltweb.org\/fr\/author\/cltredesign_0jp0l4\/"}]}},"taxonomy_info":{"category":[{"value":29,"label":"Non classifi\u00e9(e)"}]},"featured_image_src_large":false,"author_info":{"display_name":"cltredesign_0jp0l4","author_link":"https:\/\/www.cltweb.org\/fr\/author\/cltredesign_0jp0l4\/"},"comment_info":0,"category_info":[{"term_id":29,"name":"Non classifi\u00e9(e)","slug":"non-classifiee","term_group":0,"term_taxonomy_id":29,"taxonomy":"category","description":"","parent":0,"count":20,"filter":"raw","cat_ID":29,"category_count":20,"category_description":"","cat_name":"Non classifi\u00e9(e)","category_nicename":"non-classifiee","category_parent":0}],"tag_info":false,"jetpack_featured_media_url":"","jetpack_sharing_enabled":true,"jetpack-related-posts":[{"id":7721,"url":"https:\/\/www.cltweb.org\/fr\/2024\/11\/18\/le-lincoln-institute-of-land-policy-publie-un-rapport-sur-la-preservation-de-laccession-abordable-a-la-propriete-grace-aux-fonds-fonciers-communautaires-community-land-trusts\/","url_meta":{"origin":6603,"position":0},"title":"Le Lincoln Institute of Land Policy publie un rapport sur la pr\u00e9servation de l&#8217;accession abordable \u00e0 la propri\u00e9t\u00e9 gr\u00e2ce aux fonds fonciers communautaires (Community Land Trusts)","author":"Ben Harris","date":"18 novembre 2024","format":false,"excerpt":"Le rapport sur les actions cibl\u00e9es donne un aper\u00e7u de la mani\u00e8re dont les autorit\u00e9s municipales soutiennent la cr\u00e9ation, l'expansion et le fonctionnement des CLT CAMBRIDGE, MA - LeLincoln Institute of Land Policy a publi\u00e9 un nouveau rapport sur les orientations politiques, Preserving Affordable Homeownership : Municipal Partnerships with Community\u2026","rel":"","context":"Dans &quot;Communiqu\u00e9 de presse&quot;","block_context":{"text":"Communiqu\u00e9 de presse","link":"https:\/\/www.cltweb.org\/fr\/category\/communique-de-presse\/"},"img":{"alt_text":"","src":"","width":0,"height":0},"classes":[]},{"id":10688,"url":"https:\/\/www.cltweb.org\/2025\/11\/11\/la-terre-pour-les-gens-pas-pour-le-profit-construire-linfrastructure-dun-mouvement-mondial-2\/","url_meta":{"origin":6603,"position":1},"title":"La terre pour les gens, pas pour le profit : Construire l&#8217;infrastructure d&#8217;un mouvement mondial","author":"Ben Harris","date":"11 novembre 2025","format":false,"excerpt":"Cette ann\u00e9e, l'International Center for Community Land Trusts lance sa toute premi\u00e8re campagne de fin d'ann\u00e9e - une occasion de r\u00e9fl\u00e9chir \u00e0 ce que nous construisons ensemble et aux relations qui rendent ce travail possible. Partout dans le monde, les CLT prouvent qu'il est possible d'\u00e9tablir une autre relation avec\u2026","rel":"","context":"Dans &quot;Blogs&quot;","block_context":{"text":"Blogs","link":"https:\/\/www.cltweb.org\/fr\/category\/blogs-fr\/"},"img":{"alt_text":"","src":"https:\/\/i0.wp.com\/www.cltweb.org\/wp-content\/uploads\/2025\/11\/Land-for-People-Not-For-Profit.gif?resize=350%2C200&ssl=1","width":350,"height":200,"srcset":"https:\/\/i0.wp.com\/www.cltweb.org\/wp-content\/uploads\/2025\/11\/Land-for-People-Not-For-Profit.gif?resize=350%2C200&ssl=1 1x, https:\/\/i0.wp.com\/www.cltweb.org\/wp-content\/uploads\/2025\/11\/Land-for-People-Not-For-Profit.gif?resize=525%2C300&ssl=1 1.5x, https:\/\/i0.wp.com\/www.cltweb.org\/wp-content\/uploads\/2025\/11\/Land-for-People-Not-For-Profit.gif?resize=700%2C400&ssl=1 2x, https:\/\/i0.wp.com\/www.cltweb.org\/wp-content\/uploads\/2025\/11\/Land-for-People-Not-For-Profit.gif?resize=1050%2C600&ssl=1 3x"},"classes":[]},{"id":10689,"url":"https:\/\/www.cltweb.org\/fr\/2025\/11\/11\/la-terre-pour-les-gens-pas-pour-le-profit-construire-linfrastructure-dun-mouvement-mondial\/","url_meta":{"origin":6603,"position":2},"title":"La terre pour les gens, pas pour le profit : Construire l&#8217;infrastructure d&#8217;un mouvement mondial","author":"Ben Harris","date":"11 novembre 2025","format":false,"excerpt":"Cette ann\u00e9e, l'International Center for Community Land Trusts lance sa toute premi\u00e8re campagne de fin d'ann\u00e9e - une occasion de r\u00e9fl\u00e9chir \u00e0 ce que nous construisons ensemble et aux relations qui rendent ce travail possible. Partout dans le monde, les CLT prouvent qu'il est possible d'\u00e9tablir une autre relation avec\u2026","rel":"","context":"Dans &quot;Blogs&quot;","block_context":{"text":"Blogs","link":"https:\/\/www.cltweb.org\/fr\/category\/blogs-fr\/"},"img":{"alt_text":"","src":"https:\/\/i0.wp.com\/www.cltweb.org\/wp-content\/uploads\/2025\/11\/Land-for-People-Not-For-Profit.gif?resize=350%2C200&ssl=1","width":350,"height":200,"srcset":"https:\/\/i0.wp.com\/www.cltweb.org\/wp-content\/uploads\/2025\/11\/Land-for-People-Not-For-Profit.gif?resize=350%2C200&ssl=1 1x, https:\/\/i0.wp.com\/www.cltweb.org\/wp-content\/uploads\/2025\/11\/Land-for-People-Not-For-Profit.gif?resize=525%2C300&ssl=1 1.5x, https:\/\/i0.wp.com\/www.cltweb.org\/wp-content\/uploads\/2025\/11\/Land-for-People-Not-For-Profit.gif?resize=700%2C400&ssl=1 2x, https:\/\/i0.wp.com\/www.cltweb.org\/wp-content\/uploads\/2025\/11\/Land-for-People-Not-For-Profit.gif?resize=1050%2C600&ssl=1 3x"},"classes":[]},{"id":10001,"url":"https:\/\/www.cltweb.org\/fr\/2025\/10\/20\/un-regard-sur-le-passe-et-sur-lavenir-du-mouvement-clt-aux-etats-unis\/","url_meta":{"origin":6603,"position":3},"title":"Un regard sur le pass\u00e9 et sur l&#8217;avenir du mouvement CLT aux \u00c9tats-Unis","author":"cltredesign_0jp0l4","date":"20 octobre 2025","format":false,"excerpt":"John Emmeus Davis s'est adress\u00e9 aux participants de la conf\u00e9rence 2025 Midwest CLT sur le pass\u00e9 et l'avenir possible du mouvement CLT aux \u00c9tats-Unis, et sur ce que nous pouvons faire pour traverser cette p\u00e9riode difficile. Il s'agit d'une transcription de ses remarques extemporan\u00e9es.","rel":"","context":"Dans &quot;Blogs&quot;","block_context":{"text":"Blogs","link":"https:\/\/www.cltweb.org\/fr\/category\/blogs-fr\/"},"img":{"alt_text":"","src":"","width":0,"height":0},"classes":[]},{"id":7248,"url":"https:\/\/www.cltweb.org\/fr\/2024\/09\/03\/introduction-a-lutilisation-des-clt-pour-la-renovation-energetique-et-laccessibilite-permanente-des-logements-existants\/","url_meta":{"origin":6603,"position":4},"title":"Introduction \u00e0 l&#8217;utilisation des CLT pour la r\u00e9novation \u00e9nerg\u00e9tique et l&#8217;accessibilit\u00e9 permanente des logements existants","author":"cltredesign_0jp0l4","date":"3 septembre 2024","format":false,"excerpt":"La contribution suivante a \u00e9t\u00e9 r\u00e9dig\u00e9e par Richard Kruger Delgado, responsable de l'\u00e9ducation et de la sensibilisation pour l'International Center for Community Land Trusts, afin de pr\u00e9senter le prochain webinaire qui aura lieu le 25 septembre. \"Nous avons pour mission de ne pas laisser les gens de c\u00f4t\u00e9. - John\u2026","rel":"","context":"Dans &quot;Blogs&quot;","block_context":{"text":"Blogs","link":"https:\/\/www.cltweb.org\/fr\/category\/blogs-fr\/"},"img":{"alt_text":"","src":"","width":0,"height":0},"classes":[]},{"id":10100,"url":"https:\/\/www.cltweb.org\/fr\/2025\/10\/24\/explorer-le-potentiel-des-fiducies-foncieres-communautaires-a-buenos-aires\/","url_meta":{"origin":6603,"position":5},"title":"Explorer le potentiel des fiducies fonci\u00e8res communautaires \u00e0 Buenos Aires","author":"Ben Harris","date":"24 octobre 2025","format":false,"excerpt":"Par Tarcyla Fidalgo En octobre 2025, dans le cadre de l'initiative Global South CLT du CLT Center, Tarcyla Fidalgo, chef de projet, s'est rendue \u00e0 Buenos Aires, en Argentine, pour \u00e9changer des id\u00e9es sur le logement abordable, la s\u00e9curit\u00e9 d'occupation et la propri\u00e9t\u00e9 fonci\u00e8re collective. La visite s'est appuy\u00e9e sur\u2026","rel":"","context":"Dans &quot;Blogs&quot;","block_context":{"text":"Blogs","link":"https:\/\/www.cltweb.org\/fr\/category\/blogs-fr\/"},"img":{"alt_text":"Tarcyla Fidalgo participates in a seminar at the Public Defender's Office in Buenos Aires, Argentina.","src":"https:\/\/i0.wp.com\/www.cltweb.org\/wp-content\/uploads\/2025\/10\/image-edited.jpeg?resize=350%2C200&ssl=1","width":350,"height":200,"srcset":"https:\/\/i0.wp.com\/www.cltweb.org\/wp-content\/uploads\/2025\/10\/image-edited.jpeg?resize=350%2C200&ssl=1 1x, https:\/\/i0.wp.com\/www.cltweb.org\/wp-content\/uploads\/2025\/10\/image-edited.jpeg?resize=525%2C300&ssl=1 1.5x, https:\/\/i0.wp.com\/www.cltweb.org\/wp-content\/uploads\/2025\/10\/image-edited.jpeg?resize=700%2C400&ssl=1 2x"},"classes":[]}],"_links":{"self":[{"href":"https:\/\/www.cltweb.org\/fr\/wp-json\/wp\/v2\/posts\/6603","targetHints":{"allow":["GET"]}}],"collection":[{"href":"https:\/\/www.cltweb.org\/fr\/wp-json\/wp\/v2\/posts"}],"about":[{"href":"https:\/\/www.cltweb.org\/fr\/wp-json\/wp\/v2\/types\/post"}],"author":[{"embeddable":true,"href":"https:\/\/www.cltweb.org\/fr\/wp-json\/wp\/v2\/users\/1"}],"replies":[{"embeddable":true,"href":"https:\/\/www.cltweb.org\/fr\/wp-json\/wp\/v2\/comments?post=6603"}],"version-history":[{"count":0,"href":"https:\/\/www.cltweb.org\/fr\/wp-json\/wp\/v2\/posts\/6603\/revisions"}],"wp:attachment":[{"href":"https:\/\/www.cltweb.org\/fr\/wp-json\/wp\/v2\/media?parent=6603"}],"wp:term":[{"taxonomy":"category","embeddable":true,"href":"https:\/\/www.cltweb.org\/fr\/wp-json\/wp\/v2\/categories?post=6603"},{"taxonomy":"post_tag","embeddable":true,"href":"https:\/\/www.cltweb.org\/fr\/wp-json\/wp\/v2\/tags?post=6603"}],"curies":[{"name":"wp","href":"https:\/\/api.w.org\/{rel}","templated":true}]}}