{"id":7212,"date":"2024-09-16T20:52:00","date_gmt":"2024-09-16T20:52:00","guid":{"rendered":"https:\/\/www.cltweb.org\/2024\/09\/16\/soutenir-le-projet-upcycling-trust-le-point-de-vue-dun-chercheur\/"},"modified":"2024-11-07T22:20:26","modified_gmt":"2024-11-07T22:20:26","slug":"soutenir-le-projet-upcycling-trust-le-point-de-vue-dun-chercheur","status":"publish","type":"post","link":"https:\/\/www.cltweb.org\/fr\/2024\/09\/16\/soutenir-le-projet-upcycling-trust-le-point-de-vue-dun-chercheur\/","title":{"rendered":"Soutenir le projet Upcycling Trust : Le point de vue d&#8217;un chercheur"},"content":{"rendered":"\n<p class=\"has-medium-font-size\"><strong>Par Jeanne Mosseray<\/strong><\/p>\n\n<p><em><strong>La contribution suivante a \u00e9t\u00e9 r\u00e9dig\u00e9e par Jeanne Mosseray, chercheuse doctorale au Cosmopolis Centre for Urban Research, dans le cadre du webinaire &#8220;Using CLTs to Deliver Energy Renovation and Permanent Affordability to Existing Housing&#8221; qui se tiendra le 25 septembre.  <\/strong><\/em><\/p>\n\n<p>En tant que chercheur universitaire sur le logement pour le projet Upcycling Trust, je soutiens les <a href=\"https:\/\/upcyclingtrust.nweurope.eu\/partners\" target=\"_blank\" rel=\"noreferrer noopener\">partenaires de mise en \u0153uvre<\/a> en offrant des r\u00e9flexions critiques et des perspectives sur les initiatives que nous d\u00e9veloppons. Notre objectif est de r\u00e9nover le parc de logements existants dans diff\u00e9rents contextes, notamment \u00e0 <a href=\"https:\/\/upcyclingtrust.nweurope.eu\/pilot-projects\" target=\"_blank\" rel=\"noreferrer noopener\">Bruxelles, Lille, Gand, Cork et Rennes<\/a>, en appliquant le mod\u00e8le de la fiducie fonci\u00e8re communautaire. Cette approche implique de collaborer avec les propri\u00e9taires actuels du parc de logements existants afin d&#8217;explorer des sc\u00e9narios architecturaux, techniques et financiers de r\u00e9novation, qui peuvent inclure un changement de mod\u00e8le de propri\u00e9t\u00e9.    <\/p>\n\n<h4 class=\"wp-block-heading\" id=\"h-challenges-in-diverse-contexts\"><strong>Des d\u00e9fis dans des contextes vari\u00e9s<\/strong><\/h4>\n\n<p>De mon point de vue, un d\u00e9fi important du projet est de g\u00e9rer la diversit\u00e9 des contextes dans les diff\u00e9rentes r\u00e9gions. Alors qu&#8217;en tant que projet collectif, nous visons \u00e0 d\u00e9velopper un nouveau mod\u00e8le europ\u00e9en pour la <a href=\"\" target=\"\" rel=\"noopener\">r\u00e9novation des logements qui s&#8217;attaque \u00e0 la crise du logement<\/a>, la situation de la propri\u00e9t\u00e9 dans chaque contexte nous oblige \u00e0 inventer et \u00e0 promouvoir diff\u00e9rents outils de mise en \u0153uvre. Par exemple, en France, nos partenaires de Rennes et de Lille sont confront\u00e9s \u00e0 des politiques nationales visant \u00e0 r\u00e9duire et donc \u00e0 vendre le parc de logements sociaux \u00e0 r\u00e9nover, ce qui les pousse vers des solutions plus larges et plus institutionnelles. En Belgique et en Irlande &#8211; Community Land Trust Brussels (CLTB), Community Land Trust Ghent (CLTG), Cork Community Land Trust (CCLT) &#8211; le projet est soutenu par des structures innovantes plus petites qui proposent des solutions plus localis\u00e9es, de type &#8220;acupuncture&#8221;, tout en concevant le potentiel du mod\u00e8le pour une application \u00e0 grande \u00e9chelle. Malgr\u00e9 la diversit\u00e9 des contextes, certains d\u00e9fis sont universellement pertinents dans le cadre d&#8217;un d\u00e9bat plus large sur la r\u00e9novation des logements et le logement abordable.      <\/p>\n\n<h4 class=\"wp-block-heading\" id=\"h-community-building-across-a-scattered-territory\"><strong>Cr\u00e9ation d&#8217;une communaut\u00e9 sur un territoire dispers\u00e9<\/strong><\/h4>\n\n<p>L&#8217;un des principaux d\u00e9fis pour le CLTB et le CLTG est de cr\u00e9er ou de renforcer une communaut\u00e9 sur un territoire dispers\u00e9. Dans les deux contextes, les deux organisations ont construit leurs communaut\u00e9s autour de la vision d&#8217;une ville plus juste et anti-sp\u00e9culative. Dans la pratique, elles ont pu compter sur la cr\u00e9ation de groupes d&#8217;habitants qui ont construit collectivement des projets de logement dans des b\u00e2timents partag\u00e9s. Ce sens de la communaut\u00e9, centr\u00e9 sur la co-habitation, est moins pr\u00e9sent dans le projet Upcycling Trust. Dans de nombreux projets de r\u00e9novation exemplaires ou inspirants que nous avons rencontr\u00e9s, les r\u00e9novations se font souvent \u00e0 l&#8217;\u00e9chelle d&#8217;un b\u00e2timent, d&#8217;une rue, d&#8217;un p\u00e2t\u00e9 de maisons ou d&#8217;un quartier. Dans le projet Upcycling Trust, certains projets pilotes (Lille, Rennes et Cork) peuvent tirer parti de cette proximit\u00e9 spatiale pour construire une communaut\u00e9. \u00c0 ce stade du projet, l&#8217;\u00e9chelle et l&#8217;orientation territoriale sont d\u00e9j\u00e0 des aspects cl\u00e9s qui influencent le contact initial avec les r\u00e9sidents, ce qui soul\u00e8ve la question suivante : <em>comment commencer \u00e0 s&#8217;engager avec les propri\u00e9taires ?<\/em>      <\/p>\n\n<h4 class=\"wp-block-heading\" id=\"h-the-origin-of-the-initiative\"><strong>L&#8217;origine de l&#8217;initiative<\/strong><\/h4>\n\n<p>Les partenaires du projet peuvent \u00eatre class\u00e9s en deux cat\u00e9gories : (1) les services de logement des autorit\u00e9s r\u00e9gionales ou municipales et (2) les organisations associatives. Les deux approches expliquent les deux approches diff\u00e9rentes de la construction communautaire. Les partenaires plus institutionnels visent \u00e0 d\u00e9velopper une grande quantit\u00e9 de logements, tandis que les organisations associatives, disposant de moins de ressources, d\u00e9veloppent leurs projets \u00e0 un rythme adapt\u00e9 \u00e0 leurs moyens et aux besoins de la communaut\u00e9.  <\/p>\n\n<p>M\u00eame si la premi\u00e8re approche peut \u00eatre qualifi\u00e9e de &#8220;descendante&#8221; et la seconde de &#8220;ascendante&#8221;, les deux approches n\u00e9cessitent d&#8217;impliquer le propri\u00e9taire ou l&#8217;occupant, car aucun des projets pilotes n&#8217;a d\u00e9marr\u00e9 avec les r\u00e9sidents eux-m\u00eames. Ce processus d&#8217;implication, que nous d\u00e9finissons actuellement comme &#8220;convaincre&#8221; et &#8220;informer sur les avantages du mod\u00e8le&#8221;, sera au c\u0153ur de notre travail. Nous pouvons imaginer que le langage et l&#8217;approche \u00e9volueront et s&#8217;adapteront au fil du dialogue avec les propri\u00e9taires-occupants.    <\/p>\n\n<h4 class=\"wp-block-heading\" id=\"h-homeowner-or-public-social-housing-into-clts\"><strong>Les propri\u00e9taires ou les logements sociaux publics dans les CLT<\/strong><\/h4>\n\n<p>Un dernier d\u00e9fi important pour le projet Upcycling Trust est la diversit\u00e9 du public et des propri\u00e9taires auxquels chaque contexte s&#8217;adresse. L&#8217;un des d\u00e9nominateurs communs du mod\u00e8le est de <a href=\"\" target=\"\" rel=\"noopener\">s&#8217;adresser \u00e0 des environnements b\u00e2tis\/logements existants<\/a>, mais le mode d&#8217;occupation des logements varie consid\u00e9rablement. Si le r\u00e9sultat final vise \u00e0 \u00e9tendre ou \u00e0 maintenir le stock anti-sp\u00e9culatif dans les villes, le processus d&#8217;implication d&#8217;une entit\u00e9 publique multi-propri\u00e9taire ou d&#8217;une myriade de propri\u00e9taires priv\u00e9s n\u00e9cessitera des m\u00e9thodes, des parties prenantes et des strat\u00e9gies de r\u00e9novation diff\u00e9rentes. Cela pose \u00e9galement une question \u00e9thique concernant les futurs r\u00e9sidents de ces logements nouvellement r\u00e9nov\u00e9s qui sont, par d\u00e9faut, inclus dans les projets pilotes priv\u00e9s, alors que le maintien en place des locataires actuels pendant la r\u00e9novation ajoutera une autre couche de complexit\u00e9.   <\/p>\n\n<hr class=\"wp-block-separator has-alpha-channel-opacity\"\/>\n\n<p><em>Les vues et opinions exprim\u00e9es dans cet article sont celles de l&#8217;auteur.<\/em><\/p>\n","protected":false},"excerpt":{"rendered":"<p>Par Jeanne Mosseray La contribution suivante a \u00e9t\u00e9 r\u00e9dig\u00e9e par Jeanne Mosseray, chercheuse doctorale au Cosmopolis Centre for Urban Research, dans le cadre du webinaire &#8220;Using CLTs to Deliver Energy [&hellip;]<\/p>\n","protected":false},"author":1,"featured_media":0,"comment_status":"closed","ping_status":"open","sticky":false,"template":"","format":"standard","meta":{"give_campaign_id":0,"_tec_requires_first_save":true,"_kad_blocks_custom_css":"","_kad_blocks_head_custom_js":"","_kad_blocks_body_custom_js":"","_kad_blocks_footer_custom_js":"","_EventAllDay":false,"_EventTimezone":"","_EventStartDate":"","_EventEndDate":"","_EventStartDateUTC":"","_EventEndDateUTC":"","_EventShowMap":false,"_EventShowMapLink":false,"_EventURL":"","_EventCost":"","_EventCostDescription":"","_EventCurrencySymbol":"","_EventCurrencyCode":"","_EventCurrencyPosition":"","_EventDateTimeSeparator":"","_EventTimeRangeSeparator":"","_EventOrganizerID":[],"_EventVenueID":[],"_OrganizerEmail":"","_OrganizerPhone":"","_OrganizerWebsite":"","_VenueAddress":"","_VenueCity":"","_VenueCountry":"","_VenueProvince":"","_VenueState":"","_VenueZip":"","_VenuePhone":"","_VenueURL":"","_VenueStateProvince":"","_VenueLat":"","_VenueLng":"","_VenueShowMap":false,"_VenueShowMapLink":false,"_tribe_blocks_recurrence_rules":"","_tribe_blocks_recurrence_description":"","_tribe_blocks_recurrence_exclusions":"","_jetpack_memberships_contains_paid_content":false,"footnotes":""},"categories":[292],"tags":[],"class_list":["post-7212","post","type-post","status-publish","format-standard","hentry","category-blogs-fr"],"blocksy_meta":[],"yoast_head":"<!-- This site is optimized with the Yoast SEO Premium plugin v27.4 (Yoast SEO v27.5) - https:\/\/yoast.com\/product\/yoast-seo-premium-wordpress\/ -->\n<title>Soutenir le projet Upcycling Trust : Le point de vue d&#039;un chercheur - International Center for Community Land Trusts<\/title>\n<meta name=\"robots\" content=\"index, follow, max-snippet:-1, max-image-preview:large, max-video-preview:-1\" \/>\n<link rel=\"canonical\" href=\"https:\/\/www.cltweb.org\/fr\/2024\/09\/16\/soutenir-le-projet-upcycling-trust-le-point-de-vue-dun-chercheur\/\" \/>\n<meta property=\"og:locale\" content=\"fr_FR\" \/>\n<meta property=\"og:type\" content=\"article\" \/>\n<meta property=\"og:title\" content=\"Soutenir le projet Upcycling Trust : Le point de vue d&#039;un chercheur\" \/>\n<meta property=\"og:description\" content=\"Par Jeanne Mosseray La contribution suivante a \u00e9t\u00e9 r\u00e9dig\u00e9e par Jeanne Mosseray, chercheuse doctorale au Cosmopolis Centre for Urban Research, dans le cadre du webinaire &#8220;Using CLTs to Deliver Energy [&hellip;]\" \/>\n<meta property=\"og:url\" content=\"https:\/\/www.cltweb.org\/fr\/2024\/09\/16\/soutenir-le-projet-upcycling-trust-le-point-de-vue-dun-chercheur\/\" \/>\n<meta property=\"og:site_name\" content=\"International Center for Community Land Trusts\" \/>\n<meta property=\"article:publisher\" content=\"https:\/\/www.facebook.com\/cltcenter\" \/>\n<meta property=\"article:published_time\" content=\"2024-09-16T20:52:00+00:00\" \/>\n<meta property=\"article:modified_time\" content=\"2024-11-07T22:20:26+00:00\" \/>\n<meta name=\"author\" content=\"cltredesign_0jp0l4\" \/>\n<meta name=\"twitter:card\" content=\"summary_large_image\" \/>\n<meta name=\"twitter:creator\" content=\"@Center4CLTs\" \/>\n<meta name=\"twitter:site\" content=\"@Center4CLTs\" \/>\n<meta name=\"twitter:label1\" content=\"\u00c9crit par\" \/>\n\t<meta name=\"twitter:data1\" content=\"cltredesign_0jp0l4\" \/>\n\t<meta name=\"twitter:label2\" content=\"Dur\u00e9e de lecture estim\u00e9e\" \/>\n\t<meta name=\"twitter:data2\" content=\"4 minutes\" \/>\n<script type=\"application\/ld+json\" class=\"yoast-schema-graph\">{\"@context\":\"https:\\\/\\\/schema.org\",\"@graph\":[{\"@type\":\"Article\",\"@id\":\"https:\\\/\\\/www.cltweb.org\\\/fr\\\/2024\\\/09\\\/16\\\/soutenir-le-projet-upcycling-trust-le-point-de-vue-dun-chercheur\\\/#article\",\"isPartOf\":{\"@id\":\"https:\\\/\\\/www.cltweb.org\\\/fr\\\/2024\\\/09\\\/16\\\/soutenir-le-projet-upcycling-trust-le-point-de-vue-dun-chercheur\\\/\"},\"author\":{\"name\":\"cltredesign_0jp0l4\",\"@id\":\"https:\\\/\\\/www.cltweb.org\\\/fr\\\/#\\\/schema\\\/person\\\/afd3723291b60b81c27772953e5b49d6\"},\"headline\":\"Soutenir le projet Upcycling Trust : Le point de vue d&#8217;un chercheur\",\"datePublished\":\"2024-09-16T20:52:00+00:00\",\"dateModified\":\"2024-11-07T22:20:26+00:00\",\"mainEntityOfPage\":{\"@id\":\"https:\\\/\\\/www.cltweb.org\\\/fr\\\/2024\\\/09\\\/16\\\/soutenir-le-projet-upcycling-trust-le-point-de-vue-dun-chercheur\\\/\"},\"wordCount\":939,\"publisher\":{\"@id\":\"https:\\\/\\\/www.cltweb.org\\\/fr\\\/#organization\"},\"articleSection\":[\"Blogs\"],\"inLanguage\":\"fr-FR\"},{\"@type\":\"WebPage\",\"@id\":\"https:\\\/\\\/www.cltweb.org\\\/fr\\\/2024\\\/09\\\/16\\\/soutenir-le-projet-upcycling-trust-le-point-de-vue-dun-chercheur\\\/\",\"url\":\"https:\\\/\\\/www.cltweb.org\\\/fr\\\/2024\\\/09\\\/16\\\/soutenir-le-projet-upcycling-trust-le-point-de-vue-dun-chercheur\\\/\",\"name\":\"Soutenir le projet Upcycling Trust : Le point de vue d'un chercheur - International Center for Community Land Trusts\",\"isPartOf\":{\"@id\":\"https:\\\/\\\/www.cltweb.org\\\/fr\\\/#website\"},\"datePublished\":\"2024-09-16T20:52:00+00:00\",\"dateModified\":\"2024-11-07T22:20:26+00:00\",\"breadcrumb\":{\"@id\":\"https:\\\/\\\/www.cltweb.org\\\/fr\\\/2024\\\/09\\\/16\\\/soutenir-le-projet-upcycling-trust-le-point-de-vue-dun-chercheur\\\/#breadcrumb\"},\"inLanguage\":\"fr-FR\",\"potentialAction\":[{\"@type\":\"ReadAction\",\"target\":[\"https:\\\/\\\/www.cltweb.org\\\/fr\\\/2024\\\/09\\\/16\\\/soutenir-le-projet-upcycling-trust-le-point-de-vue-dun-chercheur\\\/\"]}]},{\"@type\":\"BreadcrumbList\",\"@id\":\"https:\\\/\\\/www.cltweb.org\\\/fr\\\/2024\\\/09\\\/16\\\/soutenir-le-projet-upcycling-trust-le-point-de-vue-dun-chercheur\\\/#breadcrumb\",\"itemListElement\":[{\"@type\":\"ListItem\",\"position\":1,\"name\":\"Home\",\"item\":\"https:\\\/\\\/www.cltweb.org\\\/fr\\\/\"},{\"@type\":\"ListItem\",\"position\":2,\"name\":\"Soutenir le projet Upcycling Trust : Le point de vue d&#8217;un chercheur\"}]},{\"@type\":\"WebSite\",\"@id\":\"https:\\\/\\\/www.cltweb.org\\\/fr\\\/#website\",\"url\":\"https:\\\/\\\/www.cltweb.org\\\/fr\\\/\",\"name\":\"International Center for Community Land Trusts\",\"description\":\"\",\"publisher\":{\"@id\":\"https:\\\/\\\/www.cltweb.org\\\/fr\\\/#organization\"},\"potentialAction\":[{\"@type\":\"SearchAction\",\"target\":{\"@type\":\"EntryPoint\",\"urlTemplate\":\"https:\\\/\\\/www.cltweb.org\\\/fr\\\/?s={search_term_string}\"},\"query-input\":{\"@type\":\"PropertyValueSpecification\",\"valueRequired\":true,\"valueName\":\"search_term_string\"}}],\"inLanguage\":\"fr-FR\"},{\"@type\":\"Organization\",\"@id\":\"https:\\\/\\\/www.cltweb.org\\\/fr\\\/#organization\",\"name\":\"International Center for Community Land Trusts\",\"url\":\"https:\\\/\\\/www.cltweb.org\\\/fr\\\/\",\"logo\":{\"@type\":\"ImageObject\",\"inLanguage\":\"fr-FR\",\"@id\":\"https:\\\/\\\/www.cltweb.org\\\/fr\\\/#\\\/schema\\\/logo\\\/image\\\/\",\"url\":\"https:\\\/\\\/www.cltweb.org\\\/wp-content\\\/uploads\\\/2024\\\/11\\\/New-CLT-Center-Text-logo.png\",\"contentUrl\":\"https:\\\/\\\/www.cltweb.org\\\/wp-content\\\/uploads\\\/2024\\\/11\\\/New-CLT-Center-Text-logo.png\",\"width\":227,\"height\":80,\"caption\":\"International Center for Community Land Trusts\"},\"image\":{\"@id\":\"https:\\\/\\\/www.cltweb.org\\\/fr\\\/#\\\/schema\\\/logo\\\/image\\\/\"},\"sameAs\":[\"https:\\\/\\\/www.facebook.com\\\/cltcenter\",\"https:\\\/\\\/x.com\\\/Center4CLTs\",\"https:\\\/\\\/www.instagram.com\\\/cltcenter\\\/\",\"https:\\\/\\\/www.linkedin.com\\\/company\\\/cltcenter\",\"https:\\\/\\\/www.youtube.com\\\/@centerforcltinnovation5313\"],\"description\":\"The International Center for Community Land Trusts is a not-for-profit nongovernmental organization established in 2018 to promote and to support community land trusts and similar strategies of community-led development on community-owned land in countries throughout the world.\",\"email\":\"info@communitylandtrust.net\",\"legalName\":\"International Center for Community Land Trusts\",\"foundingDate\":\"2018-12-01\",\"taxID\":\"84-3858933\",\"numberOfEmployees\":{\"@type\":\"QuantitativeValue\",\"minValue\":\"1\",\"maxValue\":\"10\"}},{\"@type\":\"Person\",\"@id\":\"https:\\\/\\\/www.cltweb.org\\\/fr\\\/#\\\/schema\\\/person\\\/afd3723291b60b81c27772953e5b49d6\",\"name\":\"cltredesign_0jp0l4\",\"image\":{\"@type\":\"ImageObject\",\"inLanguage\":\"fr-FR\",\"@id\":\"https:\\\/\\\/secure.gravatar.com\\\/avatar\\\/1012e57596c2454da589d773454d3eb22a64f2ff638e62850caeb654f3affad5?s=96&d=mm&r=g\",\"url\":\"https:\\\/\\\/secure.gravatar.com\\\/avatar\\\/1012e57596c2454da589d773454d3eb22a64f2ff638e62850caeb654f3affad5?s=96&d=mm&r=g\",\"contentUrl\":\"https:\\\/\\\/secure.gravatar.com\\\/avatar\\\/1012e57596c2454da589d773454d3eb22a64f2ff638e62850caeb654f3affad5?s=96&d=mm&r=g\",\"caption\":\"cltredesign_0jp0l4\"},\"sameAs\":[\"https:\\\/\\\/icclt.org\"],\"url\":\"https:\\\/\\\/www.cltweb.org\\\/fr\\\/author\\\/cltredesign_0jp0l4\\\/\"}]}<\/script>\n<!-- \/ Yoast SEO Premium plugin. -->","yoast_head_json":{"title":"Soutenir le projet Upcycling Trust : Le point de vue d'un chercheur - International Center for Community Land Trusts","robots":{"index":"index","follow":"follow","max-snippet":"max-snippet:-1","max-image-preview":"max-image-preview:large","max-video-preview":"max-video-preview:-1"},"canonical":"https:\/\/www.cltweb.org\/fr\/2024\/09\/16\/soutenir-le-projet-upcycling-trust-le-point-de-vue-dun-chercheur\/","og_locale":"fr_FR","og_type":"article","og_title":"Soutenir le projet Upcycling Trust : Le point de vue d'un chercheur","og_description":"Par Jeanne Mosseray La contribution suivante a \u00e9t\u00e9 r\u00e9dig\u00e9e par Jeanne Mosseray, chercheuse doctorale au Cosmopolis Centre for Urban Research, dans le cadre du webinaire &#8220;Using CLTs to Deliver Energy [&hellip;]","og_url":"https:\/\/www.cltweb.org\/fr\/2024\/09\/16\/soutenir-le-projet-upcycling-trust-le-point-de-vue-dun-chercheur\/","og_site_name":"International Center for Community Land Trusts","article_publisher":"https:\/\/www.facebook.com\/cltcenter","article_published_time":"2024-09-16T20:52:00+00:00","article_modified_time":"2024-11-07T22:20:26+00:00","author":"cltredesign_0jp0l4","twitter_card":"summary_large_image","twitter_creator":"@Center4CLTs","twitter_site":"@Center4CLTs","twitter_misc":{"\u00c9crit par":"cltredesign_0jp0l4","Dur\u00e9e de lecture estim\u00e9e":"4 minutes"},"schema":{"@context":"https:\/\/schema.org","@graph":[{"@type":"Article","@id":"https:\/\/www.cltweb.org\/fr\/2024\/09\/16\/soutenir-le-projet-upcycling-trust-le-point-de-vue-dun-chercheur\/#article","isPartOf":{"@id":"https:\/\/www.cltweb.org\/fr\/2024\/09\/16\/soutenir-le-projet-upcycling-trust-le-point-de-vue-dun-chercheur\/"},"author":{"name":"cltredesign_0jp0l4","@id":"https:\/\/www.cltweb.org\/fr\/#\/schema\/person\/afd3723291b60b81c27772953e5b49d6"},"headline":"Soutenir le projet Upcycling Trust : Le point de vue d&#8217;un chercheur","datePublished":"2024-09-16T20:52:00+00:00","dateModified":"2024-11-07T22:20:26+00:00","mainEntityOfPage":{"@id":"https:\/\/www.cltweb.org\/fr\/2024\/09\/16\/soutenir-le-projet-upcycling-trust-le-point-de-vue-dun-chercheur\/"},"wordCount":939,"publisher":{"@id":"https:\/\/www.cltweb.org\/fr\/#organization"},"articleSection":["Blogs"],"inLanguage":"fr-FR"},{"@type":"WebPage","@id":"https:\/\/www.cltweb.org\/fr\/2024\/09\/16\/soutenir-le-projet-upcycling-trust-le-point-de-vue-dun-chercheur\/","url":"https:\/\/www.cltweb.org\/fr\/2024\/09\/16\/soutenir-le-projet-upcycling-trust-le-point-de-vue-dun-chercheur\/","name":"Soutenir le projet Upcycling Trust : Le point de vue d'un chercheur - International Center for Community Land Trusts","isPartOf":{"@id":"https:\/\/www.cltweb.org\/fr\/#website"},"datePublished":"2024-09-16T20:52:00+00:00","dateModified":"2024-11-07T22:20:26+00:00","breadcrumb":{"@id":"https:\/\/www.cltweb.org\/fr\/2024\/09\/16\/soutenir-le-projet-upcycling-trust-le-point-de-vue-dun-chercheur\/#breadcrumb"},"inLanguage":"fr-FR","potentialAction":[{"@type":"ReadAction","target":["https:\/\/www.cltweb.org\/fr\/2024\/09\/16\/soutenir-le-projet-upcycling-trust-le-point-de-vue-dun-chercheur\/"]}]},{"@type":"BreadcrumbList","@id":"https:\/\/www.cltweb.org\/fr\/2024\/09\/16\/soutenir-le-projet-upcycling-trust-le-point-de-vue-dun-chercheur\/#breadcrumb","itemListElement":[{"@type":"ListItem","position":1,"name":"Home","item":"https:\/\/www.cltweb.org\/fr\/"},{"@type":"ListItem","position":2,"name":"Soutenir le projet Upcycling Trust : Le point de vue d&#8217;un chercheur"}]},{"@type":"WebSite","@id":"https:\/\/www.cltweb.org\/fr\/#website","url":"https:\/\/www.cltweb.org\/fr\/","name":"International Center for Community Land Trusts","description":"","publisher":{"@id":"https:\/\/www.cltweb.org\/fr\/#organization"},"potentialAction":[{"@type":"SearchAction","target":{"@type":"EntryPoint","urlTemplate":"https:\/\/www.cltweb.org\/fr\/?s={search_term_string}"},"query-input":{"@type":"PropertyValueSpecification","valueRequired":true,"valueName":"search_term_string"}}],"inLanguage":"fr-FR"},{"@type":"Organization","@id":"https:\/\/www.cltweb.org\/fr\/#organization","name":"International Center for Community Land Trusts","url":"https:\/\/www.cltweb.org\/fr\/","logo":{"@type":"ImageObject","inLanguage":"fr-FR","@id":"https:\/\/www.cltweb.org\/fr\/#\/schema\/logo\/image\/","url":"https:\/\/www.cltweb.org\/wp-content\/uploads\/2024\/11\/New-CLT-Center-Text-logo.png","contentUrl":"https:\/\/www.cltweb.org\/wp-content\/uploads\/2024\/11\/New-CLT-Center-Text-logo.png","width":227,"height":80,"caption":"International Center for Community Land Trusts"},"image":{"@id":"https:\/\/www.cltweb.org\/fr\/#\/schema\/logo\/image\/"},"sameAs":["https:\/\/www.facebook.com\/cltcenter","https:\/\/x.com\/Center4CLTs","https:\/\/www.instagram.com\/cltcenter\/","https:\/\/www.linkedin.com\/company\/cltcenter","https:\/\/www.youtube.com\/@centerforcltinnovation5313"],"description":"The International Center for Community Land Trusts is a not-for-profit nongovernmental organization established in 2018 to promote and to support community land trusts and similar strategies of community-led development on community-owned land in countries throughout the world.","email":"info@communitylandtrust.net","legalName":"International Center for Community Land Trusts","foundingDate":"2018-12-01","taxID":"84-3858933","numberOfEmployees":{"@type":"QuantitativeValue","minValue":"1","maxValue":"10"}},{"@type":"Person","@id":"https:\/\/www.cltweb.org\/fr\/#\/schema\/person\/afd3723291b60b81c27772953e5b49d6","name":"cltredesign_0jp0l4","image":{"@type":"ImageObject","inLanguage":"fr-FR","@id":"https:\/\/secure.gravatar.com\/avatar\/1012e57596c2454da589d773454d3eb22a64f2ff638e62850caeb654f3affad5?s=96&d=mm&r=g","url":"https:\/\/secure.gravatar.com\/avatar\/1012e57596c2454da589d773454d3eb22a64f2ff638e62850caeb654f3affad5?s=96&d=mm&r=g","contentUrl":"https:\/\/secure.gravatar.com\/avatar\/1012e57596c2454da589d773454d3eb22a64f2ff638e62850caeb654f3affad5?s=96&d=mm&r=g","caption":"cltredesign_0jp0l4"},"sameAs":["https:\/\/icclt.org"],"url":"https:\/\/www.cltweb.org\/fr\/author\/cltredesign_0jp0l4\/"}]}},"taxonomy_info":{"category":[{"value":292,"label":"Blogs"}]},"featured_image_src_large":false,"author_info":{"display_name":"cltredesign_0jp0l4","author_link":"https:\/\/www.cltweb.org\/fr\/author\/cltredesign_0jp0l4\/"},"comment_info":0,"category_info":[{"term_id":292,"name":"Blogs","slug":"blogs-fr","term_group":0,"term_taxonomy_id":292,"taxonomy":"category","description":"","parent":0,"count":14,"filter":"raw","cat_ID":292,"category_count":14,"category_description":"","cat_name":"Blogs","category_nicename":"blogs-fr","category_parent":0}],"tag_info":false,"jetpack_featured_media_url":"","jetpack_sharing_enabled":true,"jetpack-related-posts":[{"id":6575,"url":"https:\/\/www.cltweb.org\/fr\/2024\/08\/22\/utiliser-les-clt-pour-renover-les-logements-existants-sur-le-plan-energetique-et-les-rendre-plus-abordables-en-permanence\/","url_meta":{"origin":7212,"position":0},"title":"Utiliser les CLT pour r\u00e9nover les logements existants sur le plan \u00e9nerg\u00e9tique et les rendre plus abordables en permanence","author":"Ben Harris","date":"22 ao\u00fbt 2024","format":false,"excerpt":"Rejoignez-nous le 25 septembre 2024 pour un webinaire sur la fa\u00e7on dont les CLT peuvent \u00eatre utilis\u00e9s pour fournir une r\u00e9novation \u00e9nerg\u00e9tique et une accessibilit\u00e9 permanente aux logements existants. Vous entendrez des praticiens CLT de premier plan qui m\u00e8nent des approches innovantes pour la r\u00e9novation \u00e9nerg\u00e9tique des logements existants, avec\u2026","rel":"","context":"Dans &quot;Non classifi\u00e9(e)&quot;","block_context":{"text":"Non classifi\u00e9(e)","link":"https:\/\/www.cltweb.org\/fr\/category\/non-classifiee\/"},"img":{"alt_text":"Jeanne Mosseray","src":"https:\/\/i0.wp.com\/www.cltweb.org\/wp-content\/uploads\/2024\/08\/jeanne_mosseray-254x300.jpg?resize=350%2C200&ssl=1","width":350,"height":200},"classes":[]},{"id":6568,"url":"https:\/\/www.cltweb.org\/fr\/2024\/10\/21\/table-ronde-sur-lutilisation-des-clt-pour-la-renovation-energetique-et-laccessibilite-permanente-des-logements-existants\/","url_meta":{"origin":7212,"position":1},"title":"Table ronde sur l&#8217;utilisation des CLT pour la r\u00e9novation \u00e9nerg\u00e9tique et l&#8217;accessibilit\u00e9 permanente des logements existants","author":"Ben Harris","date":"21 octobre 2024","format":false,"excerpt":"ENREGISTREMENT DU WEBINAIRE TRANSCRIPTION EN ANGLAIS ET EN FRAN\u00c7AIS DESCRIPTION DU WEBINAIRE Pour faire suite au webinaire de septembre, nous avons r\u00e9uni les pr\u00e9sentateurs des webinaires pr\u00e9c\u00e9dents pour une discussion d'une heure au cours de laquelle nous avons continu\u00e9 \u00e0 d\u00e9velopper les \u00e9tudes de cas du mois pr\u00e9c\u00e9dent en travaillant\u2026","rel":"","context":"Dans &quot;Non classifi\u00e9(e)&quot;","block_context":{"text":"Non classifi\u00e9(e)","link":"https:\/\/www.cltweb.org\/fr\/category\/non-classifiee\/"},"img":{"alt_text":"Jeanne Mosseray","src":"https:\/\/i0.wp.com\/www.cltweb.org\/wp-content\/uploads\/2024\/08\/jeanne_mosseray-254x300.jpg?resize=350%2C200&ssl=1","width":350,"height":200},"classes":[]},{"id":7240,"url":"https:\/\/www.cltweb.org\/fr\/2024\/09\/10\/les-clt-peuvent-ils-jouer-un-role-dans-la-politique-climatique\/","url_meta":{"origin":7212,"position":2},"title":"Les CLT peuvent-ils jouer un r\u00f4le dans la politique climatique ?","author":"cltredesign_0jp0l4","date":"10 septembre 2024","format":false,"excerpt":"La contribution suivante a \u00e9t\u00e9 r\u00e9dig\u00e9e par Geert De Pauw, coordinateur du Community Land Trust Brussels, dans le cadre du s\u00e9minaire en ligne \"Using CLTs to Deliver Energy Renovation and Permanent Affordability to Existing Housing\" qui se tiendra le 25 septembre. Le Community Land Trust Brussels (CLTB) est une organisation\u2026","rel":"","context":"Dans &quot;Blogs&quot;","block_context":{"text":"Blogs","link":"https:\/\/www.cltweb.org\/fr\/category\/blogs-fr\/"},"img":{"alt_text":"","src":"","width":0,"height":0},"classes":[]},{"id":6600,"url":"https:\/\/www.cltweb.org\/fr\/2022\/10\/11\/retirer-des-terrains-du-marche-pour-rendre-la-ville-abordable\/","url_meta":{"origin":7212,"position":3},"title":"Retirer des terrains du march\u00e9 pour rendre la ville abordable","author":"cltredesign_0jp0l4","date":"11 octobre 2022","format":false,"excerpt":"La solution \u00e0 la crise du logement ne pourrait-elle pas consister \u00e0 retirer les logements et les terrains du march\u00e9, de sorte qu'ils ne puissent pas faire l'objet de sp\u00e9culations et qu'ils restent abordables pour toujours ? C'est ce que font d\u00e9j\u00e0 les Community Land Trusts dans des villes du\u2026","rel":"","context":"Dans &quot;Non classifi\u00e9(e)&quot;","block_context":{"text":"Non classifi\u00e9(e)","link":"https:\/\/www.cltweb.org\/fr\/category\/non-classifiee\/"},"img":{"alt_text":"Logo du CLTB","src":"https:\/\/i0.wp.com\/www.cltweb.org\/wp-content\/uploads\/2022\/10\/CLTB_Logo-1024x660.png?resize=350%2C200&ssl=1","width":350,"height":200},"classes":[]},{"id":10142,"url":"https:\/\/www.cltweb.org\/fr\/2025\/10\/24\/presentation-du-modele-clt-a-la-conference-suedoise-collaborative-and-social-building-and-living-2025\/","url_meta":{"origin":7212,"position":4},"title":"Pr\u00e9sentation du mod\u00e8le CLT \u00e0 la conf\u00e9rence su\u00e9doise Collaborative and Social Building and Living 2025","author":"Ben Harris","date":"24 octobre 2025","format":false,"excerpt":"Par Jonas Lagander, Coompanion Coompanion a particip\u00e9 cette ann\u00e9e \u00e0 la conf\u00e9rence Collaborative and Social Building and Living \u00e0 Bor\u00e5s, en Su\u00e8de, et a organis\u00e9 deux s\u00e9minaires sur les CLT. Avec d'autres partenaires concern\u00e9s, ils participent au projet \"Local innovation systems around the barriers to idea-based and collaborative housing in\u2026","rel":"","context":"Dans &quot;Blogs&quot;","block_context":{"text":"Blogs","link":"https:\/\/www.cltweb.org\/fr\/category\/blogs-fr\/"},"img":{"alt_text":"","src":"https:\/\/i0.wp.com\/www.cltweb.org\/wp-content\/uploads\/2025\/10\/IMG_6480.jpg?resize=350%2C200&ssl=1","width":350,"height":200,"srcset":"https:\/\/i0.wp.com\/www.cltweb.org\/wp-content\/uploads\/2025\/10\/IMG_6480.jpg?resize=350%2C200&ssl=1 1x, https:\/\/i0.wp.com\/www.cltweb.org\/wp-content\/uploads\/2025\/10\/IMG_6480.jpg?resize=525%2C300&ssl=1 1.5x, https:\/\/i0.wp.com\/www.cltweb.org\/wp-content\/uploads\/2025\/10\/IMG_6480.jpg?resize=700%2C400&ssl=1 2x, https:\/\/i0.wp.com\/www.cltweb.org\/wp-content\/uploads\/2025\/10\/IMG_6480.jpg?resize=1050%2C600&ssl=1 3x, https:\/\/i0.wp.com\/www.cltweb.org\/wp-content\/uploads\/2025\/10\/IMG_6480.jpg?resize=1400%2C800&ssl=1 4x"},"classes":[]},{"id":10100,"url":"https:\/\/www.cltweb.org\/fr\/2025\/10\/24\/explorer-le-potentiel-des-fiducies-foncieres-communautaires-a-buenos-aires\/","url_meta":{"origin":7212,"position":5},"title":"Explorer le potentiel des fiducies fonci\u00e8res communautaires \u00e0 Buenos Aires","author":"Ben Harris","date":"24 octobre 2025","format":false,"excerpt":"Par Tarcyla Fidalgo En octobre 2025, dans le cadre de l'initiative Global South CLT du CLT Center, Tarcyla Fidalgo, chef de projet, s'est rendue \u00e0 Buenos Aires, en Argentine, pour \u00e9changer des id\u00e9es sur le logement abordable, la s\u00e9curit\u00e9 d'occupation et la propri\u00e9t\u00e9 fonci\u00e8re collective. La visite s'est appuy\u00e9e sur\u2026","rel":"","context":"Dans &quot;Blogs&quot;","block_context":{"text":"Blogs","link":"https:\/\/www.cltweb.org\/fr\/category\/blogs-fr\/"},"img":{"alt_text":"Tarcyla Fidalgo participates in a seminar at the Public Defender's Office in Buenos Aires, Argentina.","src":"https:\/\/i0.wp.com\/www.cltweb.org\/wp-content\/uploads\/2025\/10\/image-edited.jpeg?resize=350%2C200&ssl=1","width":350,"height":200,"srcset":"https:\/\/i0.wp.com\/www.cltweb.org\/wp-content\/uploads\/2025\/10\/image-edited.jpeg?resize=350%2C200&ssl=1 1x, https:\/\/i0.wp.com\/www.cltweb.org\/wp-content\/uploads\/2025\/10\/image-edited.jpeg?resize=525%2C300&ssl=1 1.5x, https:\/\/i0.wp.com\/www.cltweb.org\/wp-content\/uploads\/2025\/10\/image-edited.jpeg?resize=700%2C400&ssl=1 2x"},"classes":[]}],"_links":{"self":[{"href":"https:\/\/www.cltweb.org\/fr\/wp-json\/wp\/v2\/posts\/7212","targetHints":{"allow":["GET"]}}],"collection":[{"href":"https:\/\/www.cltweb.org\/fr\/wp-json\/wp\/v2\/posts"}],"about":[{"href":"https:\/\/www.cltweb.org\/fr\/wp-json\/wp\/v2\/types\/post"}],"author":[{"embeddable":true,"href":"https:\/\/www.cltweb.org\/fr\/wp-json\/wp\/v2\/users\/1"}],"replies":[{"embeddable":true,"href":"https:\/\/www.cltweb.org\/fr\/wp-json\/wp\/v2\/comments?post=7212"}],"version-history":[{"count":3,"href":"https:\/\/www.cltweb.org\/fr\/wp-json\/wp\/v2\/posts\/7212\/revisions"}],"predecessor-version":[{"id":7610,"href":"https:\/\/www.cltweb.org\/fr\/wp-json\/wp\/v2\/posts\/7212\/revisions\/7610"}],"wp:attachment":[{"href":"https:\/\/www.cltweb.org\/fr\/wp-json\/wp\/v2\/media?parent=7212"}],"wp:term":[{"taxonomy":"category","embeddable":true,"href":"https:\/\/www.cltweb.org\/fr\/wp-json\/wp\/v2\/categories?post=7212"},{"taxonomy":"post_tag","embeddable":true,"href":"https:\/\/www.cltweb.org\/fr\/wp-json\/wp\/v2\/tags?post=7212"}],"curies":[{"name":"wp","href":"https:\/\/api.w.org\/{rel}","templated":true}]}}