{"id":7240,"date":"2024-09-10T21:01:00","date_gmt":"2024-09-10T21:01:00","guid":{"rendered":"https:\/\/www.cltweb.org\/2024\/09\/10\/les-clt-peuvent-ils-jouer-un-role-dans-la-politique-climatique\/"},"modified":"2024-11-02T21:09:19","modified_gmt":"2024-11-02T21:09:19","slug":"les-clt-peuvent-ils-jouer-un-role-dans-la-politique-climatique","status":"publish","type":"post","link":"https:\/\/www.cltweb.org\/fr\/2024\/09\/10\/les-clt-peuvent-ils-jouer-un-role-dans-la-politique-climatique\/","title":{"rendered":"Les CLT peuvent-ils jouer un r\u00f4le dans la politique climatique ?"},"content":{"rendered":"\n<p><em><strong>La contribution suivante a \u00e9t\u00e9 r\u00e9dig\u00e9e par Geert De Pauw, coordinateur du Community Land Trust Brussels, dans le cadre du s\u00e9minaire en ligne &#8220;Using CLTs to Deliver Energy Renovation and Permanent Affordability to Existing Housing&#8221; qui se tiendra le 25 septembre.  <\/strong><\/em><\/p>\n\n<p>Le <a href=\"http:\/\/www.cltb.be\/\">Community Land Trust Brussels<\/a> (CLTB) est une organisation \u00e0 but non lucratif qui d\u00e9veloppe des logements abordables pour les familles \u00e0 faibles revenus \u00e0 Bruxelles avec le soutien du gouvernement r\u00e9gional. Comme pour beaucoup d&#8217;autres CLT en Europe, l&#8217;accent est mis sur les nouveaux projets de construction. \u00c0 ce jour, le CLTB a construit un peu plus d&#8217;une centaine de logements r\u00e9partis sur six projets. Le m\u00eame nombre de logements est en cours de construction. Le CLTB souhaite ainsi apporter une r\u00e9ponse au besoin de logements plus abordables dans la r\u00e9gion.    <\/p>\n\n<p>La construction de nouveaux b\u00e2timents (ou la r\u00e9novation lourde de b\u00e2timents plus grands) s&#8217;est av\u00e9r\u00e9e \u00eatre une bonne strat\u00e9gie pour mettre sur le march\u00e9 des logements abordables d&#8217;une mani\u00e8re relativement efficace. Cette approche permet \u00e9galement au CLTB d&#8217;impliquer collectivement les futurs r\u00e9sidents dans le d\u00e9veloppement du logement, ce qui constitue la base de la construction communautaire de notre organisation. <\/p>\n\n<p>Toutefois, on peut s&#8217;interroger sur l&#8217;opportunit\u00e9 \u00e0 long terme de continuer \u00e0 se concentrer uniquement sur les nouvelles constructions. Cette option peut entrer en conflit avec les objectifs de durabilit\u00e9 de notre organisation. La suppression de parcelles non construites dans une r\u00e9gion d\u00e9j\u00e0 dens\u00e9ment b\u00e2tie peut parfois soulever des questions. En raison du changement climatique, la ville a de plus en plus besoin de conserver des terrains non b\u00e2tis pour jouer un r\u00f4le dans la gestion de l&#8217;eau, le refroidissement, la biodiversit\u00e9 ou les loisirs. En outre, les mat\u00e9riaux de construction n\u00e9cessaires \u00e0 la construction de nouveaux logements sont responsables de l&#8217;\u00e9mission d&#8217;une grande quantit\u00e9 de CO2.      <\/p>\n\n<h4 class=\"wp-block-heading\" id=\"h-brussels-housing-crisis-government-response-and-the-clt-approach\"><strong>La crise du logement \u00e0 Bruxelles, la r\u00e9ponse du gouvernement et l&#8217;approche CLT<\/strong><\/h4>\n\n<p>En plus de nos propres objectifs de durabilit\u00e9, nous devons \u00e9galement tenir compte des nouvelles strat\u00e9gies et politiques gouvernementales qui rendront de plus en plus difficile la construction de nouveaux b\u00e2timents sur des terrains vierges, dans une r\u00e9gion d\u00e9j\u00e0 dens\u00e9ment peupl\u00e9e comme Bruxelles.  <\/p>\n\n<p>Dans le m\u00eame temps, la crise du logement continue de s&#8217;intensifier. De plus en plus de familles sont contraintes de quitter Bruxelles parce qu&#8217;elles ne peuvent y trouver un logement abordable. Celles qui restent doivent souvent se contenter de logements trop petits, insalubres et trop chers. En effet, les gouvernements belge et bruxellois ont tr\u00e8s peu investi dans le logement social, laissant les habitants presque enti\u00e8rement d\u00e9pendants du march\u00e9 priv\u00e9, o\u00f9 les prix n&#8217;ont cess\u00e9 d&#8217;augmenter au cours des 20 derni\u00e8res ann\u00e9es.   <\/p>\n\n<p>S&#8217;il n&#8217;y a pas eu d&#8217;investissement dans le logement social, le gouvernement a encourag\u00e9 l&#8217;accession \u00e0 la propri\u00e9t\u00e9. Par le biais de divers instruments, il a aid\u00e9 les m\u00e9nages modestes \u00e0 acheter une maison. Cela a permis \u00e0 de nombreuses familles pauvres d&#8217;acc\u00e9der \u00e0 un logement, jusqu&#8217;\u00e0 ce que la hausse des prix rende la chose impossible.    <\/p>\n\n<p>Aujourd&#8217;hui, les propri\u00e9taires pauvres existants risquent \u00e9galement de se retrouver en difficult\u00e9. Le parc immobilier de Bruxelles est ancien et peu \u00e9conome en \u00e9nergie. Pour atteindre ses objectifs en mati\u00e8re de climat, la R\u00e9gion bruxelloise a \u00e9labor\u00e9 une strat\u00e9gie ambitieuse <a href=\"https:\/\/renolution.brussels\/\" target=\"_blank\" rel=\"noreferrer noopener\">appel\u00e9e &#8220;Renolution<\/a>&#8220;. Un volet important de cette strat\u00e9gie consiste \u00e0 rendre les logements priv\u00e9s \u00e9conomes en \u00e9nergie. Pour encourager les propri\u00e9taires \u00e0 investir dans la r\u00e9novation de leur logement, le gouvernement bruxellois pr\u00e9voit, entre autres, des amendes importantes pour les mauvais payeurs. Cette mesure pourrait avoir des cons\u00e9quences d\u00e9sastreuses. Le danger est qu&#8217;elle conduise \u00e0 une situation o\u00f9 seuls des r\u00e9sidents ou des investisseurs fortun\u00e9s pourront poss\u00e9der des logements dans des quartiers qui sont rest\u00e9s relativement abordables, et que la R\u00e9gion bruxelloise soit confront\u00e9e \u00e0 une &#8220;gentrification verte&#8221;.        <\/p>\n\n<p>Pour toutes ces raisons, le CLTB a d\u00e9cid\u00e9 de diversifier son approche et de s&#8217;engager \u00e9galement dans la r\u00e9novation de logements priv\u00e9s. Nous pensons que les CLT ont le potentiel de fournir une r\u00e9ponse, \u00e0 Bruxelles et dans d&#8217;autres villes europ\u00e9ennes, au double d\u00e9fi du besoin de logements abordables en permanence et de la n\u00e9cessit\u00e9 de r\u00e9nover le parc immobilier existant de mani\u00e8re durable et de le rendre efficace sur le plan \u00e9nerg\u00e9tique. <\/p>\n\n<h4 class=\"wp-block-heading\" id=\"h-pilot-projects-and-the-upcycling-trust-partnership\"><strong>Projets pilotes et partenariat avec le Upcycling Trust<\/strong><\/h4>\n\n<p>Aujourd&#8217;hui, les instruments publics existants qui visent \u00e0 encourager les propri\u00e9taires \u00e0 r\u00e9nover leurs logements et \u00e0 les rendre \u00e9nerg\u00e9tiquement efficaces n&#8217;atteignent pas les propri\u00e9taires les plus pauvres. Ces propri\u00e9taires, &#8220;riches en actifs, pauvres en liquidit\u00e9s&#8221;, n&#8217;ont pas les moyens de financer les travaux en pr\u00e9vision des subventions et ont des difficult\u00e9s avec l&#8217;administration pour demander les subventions. Le CLTB souhaite \u00e0 pr\u00e9sent examiner s&#8217;il est possible d&#8217;\u00e9laborer un nouvel instrument politique permettant d&#8217;aider ces propri\u00e9taires par le biais d&#8217;un accompagnement tr\u00e8s intensif et d&#8217;une intervention financi\u00e8re tr\u00e8s importante. De cette mani\u00e8re, ils peuvent am\u00e9liorer la qualit\u00e9 de leur logement, r\u00e9pondre aux nouvelles exigences et \u00e9viter les amendes, et retrouver la s\u00e9curit\u00e9 du logement. En retour, leur logement devient un logement CLT, ce qui le rend abordable pour toujours. En effet, dans notre mod\u00e8le, le propri\u00e9taire accepte les conditions typiques du CLT en ce qui concerne l&#8217;utilisation et les plus-values lors de la vente du logement.     <\/p>\n\n<p>Nous pensons qu&#8217;un tel instrument serait un compl\u00e9ment important aux instruments gouvernementaux existants que sont les pr\u00eats et les subventions. Il a le grand avantage d&#8217;aider les plus vuln\u00e9rables et d&#8217;apporter une solution \u00e0 la partie du parc immobilier o\u00f9 les probl\u00e8mes sont les plus importants. De plus, cette approche augmente l&#8217;offre de logements abordables en permanence, dans une ville o\u00f9 la grande majorit\u00e9 du parc immobilier est \u00e0 la merci du march\u00e9 libre et non r\u00e9glement\u00e9. En outre, nous y parvenons sans supprimer de terrains non b\u00e2tis.     <\/p>\n\n<p>Pour y parvenir, il est important de convaincre le gouvernement. Pour ce faire, nous avons lanc\u00e9 un projet pilote \u00e0 Bruxelles. Apr\u00e8s un an de travail sur les proc\u00e9dures et les mod\u00e8les juridiques, les deux premiers propri\u00e9taires sont sur le point de signer pour entrer dans le programme.    <\/p>\n\n<p>Constatant que nous n&#8217;\u00e9tions pas les seuls \u00e0 penser de la sorte, nous avons pris l&#8217;initiative de r\u00e9unir d&#8217;autres CLT europ\u00e9ens ayant des id\u00e9es similaires. Avec nos coll\u00e8gues de la ville de Lille, en France, nous coordonnons actuellement le projet &#8220;<a href=\"https:\/\/upcyclingtrust.nweurope.eu\/\" target=\"_blank\" rel=\"noreferrer noopener\">Upcycling Trust<\/a>&#8220;, financ\u00e9 par l&#8217;UE. Avec les CLT de Cork (Irlande), Gand (Belgique), Lille (France) et Rennes (France), nous voulons tester cette nouvelle strat\u00e9gie de recyclage et utiliser une approche circulaire de la r\u00e9novation. Nos CLT mettront <a href=\"https:\/\/upcyclingtrust.nweurope.eu\/pilot-projects\" target=\"_blank\" rel=\"noreferrer noopener\">en<\/a> place <a href=\"https:\/\/upcyclingtrust.nweurope.eu\/pilot-projects\" target=\"_blank\" rel=\"noreferrer noopener\">des projets pilotes<\/a> dans lesquels des strat\u00e9gies juridiques, organisationnelles, techniques et financi\u00e8res seront d\u00e9velopp\u00e9es, et les premi\u00e8res maisons seront r\u00e9nov\u00e9es. Quelque 150 familles \u00e0 faibles revenus pourront ainsi vivre dans ces logements, tout en r\u00e9duisant l&#8217;impact sur l&#8217;environnement. Sur la base des exp\u00e9riences des projets pilotes, et en impliquant les autorit\u00e9s locales et r\u00e9gionales ainsi que des partenaires universitaires, nous utiliserons nos r\u00e9sultats pour d\u00e9velopper une nouvelle politique urbaine. Dans un contexte o\u00f9 de nombreuses villes sont \u00e0 la recherche de strat\u00e9gies pour r\u00e9soudre la crise du logement, renforcer le tissu urbain et atteindre les objectifs climatiques, le mod\u00e8le d&#8217;upcycling trust offre une approche innovante et structurelle qui peut acc\u00e9l\u00e9rer une transition urbaine juste. Compte tenu des ambitions climatiques de l&#8217;Europe, nous pensons que ce projet financ\u00e9 par l&#8217;UE est l&#8217;occasion id\u00e9ale de tester l&#8217;approche et de pr\u00e9parer son d\u00e9ploiement.       <\/p>\n\n<p>Le CLTB souhaite \u00e9galement essayer d&#8217;autres nouvelles m\u00e9thodes. Par exemple, en septembre, nous lancerons l'&#8221;auto-r\u00e9novation guid\u00e9e&#8221; de trois maisons. Cela permettra aux futurs propri\u00e9taires de r\u00e9aliser eux-m\u00eames une partie de la r\u00e9novation de leur futur logement, ce qui en r\u00e9duira le co\u00fbt.    <\/p>\n\n<h4 class=\"wp-block-heading\" id=\"h-scaling-challenges-and-the-future-of-clts\"><strong>D\u00e9fis d&#8217;\u00e9chelle et avenir des CLT<\/strong><\/h4>\n\n<p>Aussi prometteuses que soient toutes ces nouvelles m\u00e9thodes, elles n&#8217;en sont encore qu&#8217;\u00e0 leurs balbutiements. Leur mise \u00e0 l&#8217;\u00e9chelle n\u00e9cessitera beaucoup d&#8217;argent et de temps. Elles ne constituent certainement pas la r\u00e9ponse d\u00e9finitive au d\u00e9fi d\u00e9crit ci-dessus, qui consiste \u00e0 trouver des solutions \u00e0 la crise du logement en nuisant le moins possible \u00e0 l&#8217;environnement. C&#8217;est pourquoi, dans le m\u00eame temps, nous restons attach\u00e9s \u00e0 la construction de nouveaux logements. Nous pr\u00e9f\u00e9rerions le faire d&#8217;une mani\u00e8re plus circulaire, m\u00eame si pour cela nous devons encore chercher des solutions de financement innovantes qui nous permettent de couvrir le co\u00fbt suppl\u00e9mentaire d&#8217;une telle m\u00e9thode de travail.    <\/p>\n\n<p>Malgr\u00e9 ces limites, nous croyons fermement au potentiel de l&#8217;<a href=\"https:\/\/upcyclingtrust.nweurope.eu\/about\" target=\"_blank\" rel=\"noreferrer noopener\">approche Upcycling Trust<\/a>. En donnant aux fonds fonciers communautaires un r\u00f4le dans la politique climatique et en convertissant la propri\u00e9t\u00e9 priv\u00e9e en propri\u00e9t\u00e9 communautaire non sp\u00e9culative, une partie du march\u00e9 du logement peut \u00eatre r\u00e9form\u00e9e de mani\u00e8re structurelle. Si cela est fait \u00e0 grande \u00e9chelle, cela pourrait jouer un r\u00f4le central pour rendre nos villes plus agr\u00e9ables \u00e0 vivre tout en restant abordables.    <br\/><br\/><br\/><br\/><a href=\"https:\/\/us06web.zoom.us\/webinar\/register\/WN_JQCk8DvPSpKxNKHyZmbwYw#\/registration\" target=\"_blank\" rel=\"noreferrer noopener\"><\/a><br\/><br\/><\/p>\n","protected":false},"excerpt":{"rendered":"<p>La contribution suivante a \u00e9t\u00e9 r\u00e9dig\u00e9e par Geert De Pauw, coordinateur du Community Land Trust Brussels, dans le cadre du s\u00e9minaire en ligne &#8220;Using CLTs to Deliver Energy Renovation and [&hellip;]<\/p>\n","protected":false},"author":1,"featured_media":0,"comment_status":"closed","ping_status":"open","sticky":false,"template":"","format":"standard","meta":{"give_campaign_id":0,"_tec_requires_first_save":true,"_kad_blocks_custom_css":"","_kad_blocks_head_custom_js":"","_kad_blocks_body_custom_js":"","_kad_blocks_footer_custom_js":"","_EventAllDay":false,"_EventTimezone":"","_EventStartDate":"","_EventEndDate":"","_EventStartDateUTC":"","_EventEndDateUTC":"","_EventShowMap":false,"_EventShowMapLink":false,"_EventURL":"","_EventCost":"","_EventCostDescription":"","_EventCurrencySymbol":"","_EventCurrencyCode":"","_EventCurrencyPosition":"","_EventDateTimeSeparator":"","_EventTimeRangeSeparator":"","_EventOrganizerID":[],"_EventVenueID":[],"_OrganizerEmail":"","_OrganizerPhone":"","_OrganizerWebsite":"","_VenueAddress":"","_VenueCity":"","_VenueCountry":"","_VenueProvince":"","_VenueState":"","_VenueZip":"","_VenuePhone":"","_VenueURL":"","_VenueStateProvince":"","_VenueLat":"","_VenueLng":"","_VenueShowMap":false,"_VenueShowMapLink":false,"_tribe_blocks_recurrence_rules":"","_tribe_blocks_recurrence_description":"","_tribe_blocks_recurrence_exclusions":"","_jetpack_memberships_contains_paid_content":false,"footnotes":""},"categories":[292],"tags":[],"class_list":["post-7240","post","type-post","status-publish","format-standard","hentry","category-blogs-fr"],"blocksy_meta":[],"yoast_head":"<!-- This site is optimized with the Yoast SEO Premium plugin v27.5 (Yoast SEO v27.5) - https:\/\/yoast.com\/product\/yoast-seo-premium-wordpress\/ -->\n<title>Les CLT peuvent-ils jouer un r\u00f4le dans la politique climatique ? - International Center for Community Land Trusts<\/title>\n<meta name=\"robots\" content=\"index, follow, max-snippet:-1, max-image-preview:large, max-video-preview:-1\" \/>\n<link rel=\"canonical\" href=\"https:\/\/www.cltweb.org\/fr\/2024\/09\/10\/les-clt-peuvent-ils-jouer-un-role-dans-la-politique-climatique\/\" \/>\n<meta property=\"og:locale\" content=\"fr_FR\" \/>\n<meta property=\"og:type\" content=\"article\" \/>\n<meta property=\"og:title\" content=\"Les CLT peuvent-ils jouer un r\u00f4le dans la politique climatique ?\" \/>\n<meta property=\"og:description\" content=\"La contribution suivante a \u00e9t\u00e9 r\u00e9dig\u00e9e par Geert De Pauw, coordinateur du Community Land Trust Brussels, dans le cadre du s\u00e9minaire en ligne &#8220;Using CLTs to Deliver Energy Renovation and [&hellip;]\" \/>\n<meta property=\"og:url\" content=\"https:\/\/www.cltweb.org\/fr\/2024\/09\/10\/les-clt-peuvent-ils-jouer-un-role-dans-la-politique-climatique\/\" \/>\n<meta property=\"og:site_name\" content=\"International Center for Community Land Trusts\" \/>\n<meta property=\"article:publisher\" content=\"https:\/\/www.facebook.com\/cltcenter\" \/>\n<meta property=\"article:published_time\" content=\"2024-09-10T21:01:00+00:00\" \/>\n<meta property=\"article:modified_time\" content=\"2024-11-02T21:09:19+00:00\" \/>\n<meta name=\"author\" content=\"cltredesign_0jp0l4\" \/>\n<meta name=\"twitter:card\" content=\"summary_large_image\" \/>\n<meta name=\"twitter:creator\" content=\"@Center4CLTs\" \/>\n<meta name=\"twitter:site\" content=\"@Center4CLTs\" \/>\n<meta name=\"twitter:label1\" content=\"\u00c9crit par\" \/>\n\t<meta name=\"twitter:data1\" content=\"cltredesign_0jp0l4\" \/>\n\t<meta name=\"twitter:label2\" content=\"Dur\u00e9e de lecture estim\u00e9e\" \/>\n\t<meta name=\"twitter:data2\" content=\"8 minutes\" \/>\n<script type=\"application\/ld+json\" class=\"yoast-schema-graph\">{\"@context\":\"https:\\\/\\\/schema.org\",\"@graph\":[{\"@type\":\"Article\",\"@id\":\"https:\\\/\\\/www.cltweb.org\\\/fr\\\/2024\\\/09\\\/10\\\/les-clt-peuvent-ils-jouer-un-role-dans-la-politique-climatique\\\/#article\",\"isPartOf\":{\"@id\":\"https:\\\/\\\/www.cltweb.org\\\/fr\\\/2024\\\/09\\\/10\\\/les-clt-peuvent-ils-jouer-un-role-dans-la-politique-climatique\\\/\"},\"author\":{\"name\":\"cltredesign_0jp0l4\",\"@id\":\"https:\\\/\\\/www.cltweb.org\\\/fr\\\/#\\\/schema\\\/person\\\/afd3723291b60b81c27772953e5b49d6\"},\"headline\":\"Les CLT peuvent-ils jouer un r\u00f4le dans la politique climatique ?\",\"datePublished\":\"2024-09-10T21:01:00+00:00\",\"dateModified\":\"2024-11-02T21:09:19+00:00\",\"mainEntityOfPage\":{\"@id\":\"https:\\\/\\\/www.cltweb.org\\\/fr\\\/2024\\\/09\\\/10\\\/les-clt-peuvent-ils-jouer-un-role-dans-la-politique-climatique\\\/\"},\"wordCount\":1634,\"publisher\":{\"@id\":\"https:\\\/\\\/www.cltweb.org\\\/fr\\\/#organization\"},\"articleSection\":[\"Blogs\"],\"inLanguage\":\"fr-FR\"},{\"@type\":\"WebPage\",\"@id\":\"https:\\\/\\\/www.cltweb.org\\\/fr\\\/2024\\\/09\\\/10\\\/les-clt-peuvent-ils-jouer-un-role-dans-la-politique-climatique\\\/\",\"url\":\"https:\\\/\\\/www.cltweb.org\\\/fr\\\/2024\\\/09\\\/10\\\/les-clt-peuvent-ils-jouer-un-role-dans-la-politique-climatique\\\/\",\"name\":\"Les CLT peuvent-ils jouer un r\u00f4le dans la politique climatique ? - International Center for Community Land Trusts\",\"isPartOf\":{\"@id\":\"https:\\\/\\\/www.cltweb.org\\\/fr\\\/#website\"},\"datePublished\":\"2024-09-10T21:01:00+00:00\",\"dateModified\":\"2024-11-02T21:09:19+00:00\",\"breadcrumb\":{\"@id\":\"https:\\\/\\\/www.cltweb.org\\\/fr\\\/2024\\\/09\\\/10\\\/les-clt-peuvent-ils-jouer-un-role-dans-la-politique-climatique\\\/#breadcrumb\"},\"inLanguage\":\"fr-FR\",\"potentialAction\":[{\"@type\":\"ReadAction\",\"target\":[\"https:\\\/\\\/www.cltweb.org\\\/fr\\\/2024\\\/09\\\/10\\\/les-clt-peuvent-ils-jouer-un-role-dans-la-politique-climatique\\\/\"]}]},{\"@type\":\"BreadcrumbList\",\"@id\":\"https:\\\/\\\/www.cltweb.org\\\/fr\\\/2024\\\/09\\\/10\\\/les-clt-peuvent-ils-jouer-un-role-dans-la-politique-climatique\\\/#breadcrumb\",\"itemListElement\":[{\"@type\":\"ListItem\",\"position\":1,\"name\":\"Home\",\"item\":\"https:\\\/\\\/www.cltweb.org\\\/fr\\\/\"},{\"@type\":\"ListItem\",\"position\":2,\"name\":\"Les CLT peuvent-ils jouer un r\u00f4le dans la politique climatique ?\"}]},{\"@type\":\"WebSite\",\"@id\":\"https:\\\/\\\/www.cltweb.org\\\/fr\\\/#website\",\"url\":\"https:\\\/\\\/www.cltweb.org\\\/fr\\\/\",\"name\":\"International Center for Community Land Trusts\",\"description\":\"\",\"publisher\":{\"@id\":\"https:\\\/\\\/www.cltweb.org\\\/fr\\\/#organization\"},\"potentialAction\":[{\"@type\":\"SearchAction\",\"target\":{\"@type\":\"EntryPoint\",\"urlTemplate\":\"https:\\\/\\\/www.cltweb.org\\\/fr\\\/?s={search_term_string}\"},\"query-input\":{\"@type\":\"PropertyValueSpecification\",\"valueRequired\":true,\"valueName\":\"search_term_string\"}}],\"inLanguage\":\"fr-FR\"},{\"@type\":\"Organization\",\"@id\":\"https:\\\/\\\/www.cltweb.org\\\/fr\\\/#organization\",\"name\":\"International Center for Community Land Trusts\",\"url\":\"https:\\\/\\\/www.cltweb.org\\\/fr\\\/\",\"logo\":{\"@type\":\"ImageObject\",\"inLanguage\":\"fr-FR\",\"@id\":\"https:\\\/\\\/www.cltweb.org\\\/fr\\\/#\\\/schema\\\/logo\\\/image\\\/\",\"url\":\"https:\\\/\\\/www.cltweb.org\\\/wp-content\\\/uploads\\\/2024\\\/11\\\/New-CLT-Center-Text-logo.png\",\"contentUrl\":\"https:\\\/\\\/www.cltweb.org\\\/wp-content\\\/uploads\\\/2024\\\/11\\\/New-CLT-Center-Text-logo.png\",\"width\":227,\"height\":80,\"caption\":\"International Center for Community Land Trusts\"},\"image\":{\"@id\":\"https:\\\/\\\/www.cltweb.org\\\/fr\\\/#\\\/schema\\\/logo\\\/image\\\/\"},\"sameAs\":[\"https:\\\/\\\/www.facebook.com\\\/cltcenter\",\"https:\\\/\\\/x.com\\\/Center4CLTs\",\"https:\\\/\\\/www.instagram.com\\\/cltcenter\\\/\",\"https:\\\/\\\/www.linkedin.com\\\/company\\\/cltcenter\",\"https:\\\/\\\/www.youtube.com\\\/@centerforcltinnovation5313\"],\"description\":\"The International Center for Community Land Trusts is a not-for-profit nongovernmental organization established in 2018 to promote and to support community land trusts and similar strategies of community-led development on community-owned land in countries throughout the world.\",\"email\":\"info@communitylandtrust.net\",\"legalName\":\"International Center for Community Land Trusts\",\"foundingDate\":\"2018-12-01\",\"taxID\":\"84-3858933\",\"numberOfEmployees\":{\"@type\":\"QuantitativeValue\",\"minValue\":\"1\",\"maxValue\":\"10\"}},{\"@type\":\"Person\",\"@id\":\"https:\\\/\\\/www.cltweb.org\\\/fr\\\/#\\\/schema\\\/person\\\/afd3723291b60b81c27772953e5b49d6\",\"name\":\"cltredesign_0jp0l4\",\"image\":{\"@type\":\"ImageObject\",\"inLanguage\":\"fr-FR\",\"@id\":\"https:\\\/\\\/secure.gravatar.com\\\/avatar\\\/1012e57596c2454da589d773454d3eb22a64f2ff638e62850caeb654f3affad5?s=96&d=mm&r=g\",\"url\":\"https:\\\/\\\/secure.gravatar.com\\\/avatar\\\/1012e57596c2454da589d773454d3eb22a64f2ff638e62850caeb654f3affad5?s=96&d=mm&r=g\",\"contentUrl\":\"https:\\\/\\\/secure.gravatar.com\\\/avatar\\\/1012e57596c2454da589d773454d3eb22a64f2ff638e62850caeb654f3affad5?s=96&d=mm&r=g\",\"caption\":\"cltredesign_0jp0l4\"},\"sameAs\":[\"https:\\\/\\\/icclt.org\"],\"url\":\"https:\\\/\\\/www.cltweb.org\\\/fr\\\/author\\\/cltredesign_0jp0l4\\\/\"}]}<\/script>\n<!-- \/ Yoast SEO Premium plugin. -->","yoast_head_json":{"title":"Les CLT peuvent-ils jouer un r\u00f4le dans la politique climatique ? - International Center for Community Land Trusts","robots":{"index":"index","follow":"follow","max-snippet":"max-snippet:-1","max-image-preview":"max-image-preview:large","max-video-preview":"max-video-preview:-1"},"canonical":"https:\/\/www.cltweb.org\/fr\/2024\/09\/10\/les-clt-peuvent-ils-jouer-un-role-dans-la-politique-climatique\/","og_locale":"fr_FR","og_type":"article","og_title":"Les CLT peuvent-ils jouer un r\u00f4le dans la politique climatique ?","og_description":"La contribution suivante a \u00e9t\u00e9 r\u00e9dig\u00e9e par Geert De Pauw, coordinateur du Community Land Trust Brussels, dans le cadre du s\u00e9minaire en ligne &#8220;Using CLTs to Deliver Energy Renovation and [&hellip;]","og_url":"https:\/\/www.cltweb.org\/fr\/2024\/09\/10\/les-clt-peuvent-ils-jouer-un-role-dans-la-politique-climatique\/","og_site_name":"International Center for Community Land Trusts","article_publisher":"https:\/\/www.facebook.com\/cltcenter","article_published_time":"2024-09-10T21:01:00+00:00","article_modified_time":"2024-11-02T21:09:19+00:00","author":"cltredesign_0jp0l4","twitter_card":"summary_large_image","twitter_creator":"@Center4CLTs","twitter_site":"@Center4CLTs","twitter_misc":{"\u00c9crit par":"cltredesign_0jp0l4","Dur\u00e9e de lecture estim\u00e9e":"8 minutes"},"schema":{"@context":"https:\/\/schema.org","@graph":[{"@type":"Article","@id":"https:\/\/www.cltweb.org\/fr\/2024\/09\/10\/les-clt-peuvent-ils-jouer-un-role-dans-la-politique-climatique\/#article","isPartOf":{"@id":"https:\/\/www.cltweb.org\/fr\/2024\/09\/10\/les-clt-peuvent-ils-jouer-un-role-dans-la-politique-climatique\/"},"author":{"name":"cltredesign_0jp0l4","@id":"https:\/\/www.cltweb.org\/fr\/#\/schema\/person\/afd3723291b60b81c27772953e5b49d6"},"headline":"Les CLT peuvent-ils jouer un r\u00f4le dans la politique climatique ?","datePublished":"2024-09-10T21:01:00+00:00","dateModified":"2024-11-02T21:09:19+00:00","mainEntityOfPage":{"@id":"https:\/\/www.cltweb.org\/fr\/2024\/09\/10\/les-clt-peuvent-ils-jouer-un-role-dans-la-politique-climatique\/"},"wordCount":1634,"publisher":{"@id":"https:\/\/www.cltweb.org\/fr\/#organization"},"articleSection":["Blogs"],"inLanguage":"fr-FR"},{"@type":"WebPage","@id":"https:\/\/www.cltweb.org\/fr\/2024\/09\/10\/les-clt-peuvent-ils-jouer-un-role-dans-la-politique-climatique\/","url":"https:\/\/www.cltweb.org\/fr\/2024\/09\/10\/les-clt-peuvent-ils-jouer-un-role-dans-la-politique-climatique\/","name":"Les CLT peuvent-ils jouer un r\u00f4le dans la politique climatique ? - International Center for Community Land Trusts","isPartOf":{"@id":"https:\/\/www.cltweb.org\/fr\/#website"},"datePublished":"2024-09-10T21:01:00+00:00","dateModified":"2024-11-02T21:09:19+00:00","breadcrumb":{"@id":"https:\/\/www.cltweb.org\/fr\/2024\/09\/10\/les-clt-peuvent-ils-jouer-un-role-dans-la-politique-climatique\/#breadcrumb"},"inLanguage":"fr-FR","potentialAction":[{"@type":"ReadAction","target":["https:\/\/www.cltweb.org\/fr\/2024\/09\/10\/les-clt-peuvent-ils-jouer-un-role-dans-la-politique-climatique\/"]}]},{"@type":"BreadcrumbList","@id":"https:\/\/www.cltweb.org\/fr\/2024\/09\/10\/les-clt-peuvent-ils-jouer-un-role-dans-la-politique-climatique\/#breadcrumb","itemListElement":[{"@type":"ListItem","position":1,"name":"Home","item":"https:\/\/www.cltweb.org\/fr\/"},{"@type":"ListItem","position":2,"name":"Les CLT peuvent-ils jouer un r\u00f4le dans la politique climatique ?"}]},{"@type":"WebSite","@id":"https:\/\/www.cltweb.org\/fr\/#website","url":"https:\/\/www.cltweb.org\/fr\/","name":"International Center for Community Land Trusts","description":"","publisher":{"@id":"https:\/\/www.cltweb.org\/fr\/#organization"},"potentialAction":[{"@type":"SearchAction","target":{"@type":"EntryPoint","urlTemplate":"https:\/\/www.cltweb.org\/fr\/?s={search_term_string}"},"query-input":{"@type":"PropertyValueSpecification","valueRequired":true,"valueName":"search_term_string"}}],"inLanguage":"fr-FR"},{"@type":"Organization","@id":"https:\/\/www.cltweb.org\/fr\/#organization","name":"International Center for Community Land Trusts","url":"https:\/\/www.cltweb.org\/fr\/","logo":{"@type":"ImageObject","inLanguage":"fr-FR","@id":"https:\/\/www.cltweb.org\/fr\/#\/schema\/logo\/image\/","url":"https:\/\/www.cltweb.org\/wp-content\/uploads\/2024\/11\/New-CLT-Center-Text-logo.png","contentUrl":"https:\/\/www.cltweb.org\/wp-content\/uploads\/2024\/11\/New-CLT-Center-Text-logo.png","width":227,"height":80,"caption":"International Center for Community Land Trusts"},"image":{"@id":"https:\/\/www.cltweb.org\/fr\/#\/schema\/logo\/image\/"},"sameAs":["https:\/\/www.facebook.com\/cltcenter","https:\/\/x.com\/Center4CLTs","https:\/\/www.instagram.com\/cltcenter\/","https:\/\/www.linkedin.com\/company\/cltcenter","https:\/\/www.youtube.com\/@centerforcltinnovation5313"],"description":"The International Center for Community Land Trusts is a not-for-profit nongovernmental organization established in 2018 to promote and to support community land trusts and similar strategies of community-led development on community-owned land in countries throughout the world.","email":"info@communitylandtrust.net","legalName":"International Center for Community Land Trusts","foundingDate":"2018-12-01","taxID":"84-3858933","numberOfEmployees":{"@type":"QuantitativeValue","minValue":"1","maxValue":"10"}},{"@type":"Person","@id":"https:\/\/www.cltweb.org\/fr\/#\/schema\/person\/afd3723291b60b81c27772953e5b49d6","name":"cltredesign_0jp0l4","image":{"@type":"ImageObject","inLanguage":"fr-FR","@id":"https:\/\/secure.gravatar.com\/avatar\/1012e57596c2454da589d773454d3eb22a64f2ff638e62850caeb654f3affad5?s=96&d=mm&r=g","url":"https:\/\/secure.gravatar.com\/avatar\/1012e57596c2454da589d773454d3eb22a64f2ff638e62850caeb654f3affad5?s=96&d=mm&r=g","contentUrl":"https:\/\/secure.gravatar.com\/avatar\/1012e57596c2454da589d773454d3eb22a64f2ff638e62850caeb654f3affad5?s=96&d=mm&r=g","caption":"cltredesign_0jp0l4"},"sameAs":["https:\/\/icclt.org"],"url":"https:\/\/www.cltweb.org\/fr\/author\/cltredesign_0jp0l4\/"}]}},"taxonomy_info":{"category":[{"value":292,"label":"Blogs"}]},"featured_image_src_large":false,"author_info":{"display_name":"cltredesign_0jp0l4","author_link":"https:\/\/www.cltweb.org\/fr\/author\/cltredesign_0jp0l4\/"},"comment_info":0,"category_info":[{"term_id":292,"name":"Blogs","slug":"blogs-fr","term_group":0,"term_taxonomy_id":292,"taxonomy":"category","description":"","parent":0,"count":14,"filter":"raw","cat_ID":292,"category_count":14,"category_description":"","cat_name":"Blogs","category_nicename":"blogs-fr","category_parent":0}],"tag_info":false,"jetpack_featured_media_url":"","jetpack_sharing_enabled":true,"jetpack-related-posts":[{"id":6600,"url":"https:\/\/www.cltweb.org\/fr\/2022\/10\/11\/retirer-des-terrains-du-marche-pour-rendre-la-ville-abordable\/","url_meta":{"origin":7240,"position":0},"title":"Retirer des terrains du march\u00e9 pour rendre la ville abordable","author":"cltredesign_0jp0l4","date":"11 octobre 2022","format":false,"excerpt":"La solution \u00e0 la crise du logement ne pourrait-elle pas consister \u00e0 retirer les logements et les terrains du march\u00e9, de sorte qu'ils ne puissent pas faire l'objet de sp\u00e9culations et qu'ils restent abordables pour toujours ? C'est ce que font d\u00e9j\u00e0 les Community Land Trusts dans des villes du\u2026","rel":"","context":"Dans &quot;Non classifi\u00e9(e)&quot;","block_context":{"text":"Non classifi\u00e9(e)","link":"https:\/\/www.cltweb.org\/fr\/category\/non-classifiee\/"},"img":{"alt_text":"Logo du CLTB","src":"https:\/\/i0.wp.com\/www.cltweb.org\/wp-content\/uploads\/2022\/10\/CLTB_Logo-1024x660.png?resize=350%2C200&ssl=1","width":350,"height":200},"classes":[]},{"id":6575,"url":"https:\/\/www.cltweb.org\/fr\/2024\/08\/22\/utiliser-les-clt-pour-renover-les-logements-existants-sur-le-plan-energetique-et-les-rendre-plus-abordables-en-permanence\/","url_meta":{"origin":7240,"position":1},"title":"Utiliser les CLT pour r\u00e9nover les logements existants sur le plan \u00e9nerg\u00e9tique et les rendre plus abordables en permanence","author":"Ben Harris","date":"22 ao\u00fbt 2024","format":false,"excerpt":"Rejoignez-nous le 25 septembre 2024 pour un webinaire sur la fa\u00e7on dont les CLT peuvent \u00eatre utilis\u00e9s pour fournir une r\u00e9novation \u00e9nerg\u00e9tique et une accessibilit\u00e9 permanente aux logements existants. Vous entendrez des praticiens CLT de premier plan qui m\u00e8nent des approches innovantes pour la r\u00e9novation \u00e9nerg\u00e9tique des logements existants, avec\u2026","rel":"","context":"Dans &quot;Non classifi\u00e9(e)&quot;","block_context":{"text":"Non classifi\u00e9(e)","link":"https:\/\/www.cltweb.org\/fr\/category\/non-classifiee\/"},"img":{"alt_text":"Jeanne Mosseray","src":"https:\/\/i0.wp.com\/www.cltweb.org\/wp-content\/uploads\/2024\/08\/jeanne_mosseray-254x300.jpg?resize=350%2C200&ssl=1","width":350,"height":200},"classes":[]},{"id":7212,"url":"https:\/\/www.cltweb.org\/fr\/2024\/09\/16\/soutenir-le-projet-upcycling-trust-le-point-de-vue-dun-chercheur\/","url_meta":{"origin":7240,"position":2},"title":"Soutenir le projet Upcycling Trust : Le point de vue d&#8217;un chercheur","author":"cltredesign_0jp0l4","date":"16 septembre 2024","format":false,"excerpt":"Par Jeanne Mosseray La contribution suivante a \u00e9t\u00e9 r\u00e9dig\u00e9e par Jeanne Mosseray, chercheuse doctorale au Cosmopolis Centre for Urban Research, dans le cadre du webinaire \"Using CLTs to Deliver Energy Renovation and Permanent Affordability to Existing Housing\" qui se tiendra le 25 septembre. En tant que chercheur universitaire sur le\u2026","rel":"","context":"Dans &quot;Blogs&quot;","block_context":{"text":"Blogs","link":"https:\/\/www.cltweb.org\/fr\/category\/blogs-fr\/"},"img":{"alt_text":"","src":"","width":0,"height":0},"classes":[]},{"id":6568,"url":"https:\/\/www.cltweb.org\/fr\/2024\/10\/21\/table-ronde-sur-lutilisation-des-clt-pour-la-renovation-energetique-et-laccessibilite-permanente-des-logements-existants\/","url_meta":{"origin":7240,"position":3},"title":"Table ronde sur l&#8217;utilisation des CLT pour la r\u00e9novation \u00e9nerg\u00e9tique et l&#8217;accessibilit\u00e9 permanente des logements existants","author":"Ben Harris","date":"21 octobre 2024","format":false,"excerpt":"ENREGISTREMENT DU WEBINAIRE TRANSCRIPTION EN ANGLAIS ET EN FRAN\u00c7AIS DESCRIPTION DU WEBINAIRE Pour faire suite au webinaire de septembre, nous avons r\u00e9uni les pr\u00e9sentateurs des webinaires pr\u00e9c\u00e9dents pour une discussion d'une heure au cours de laquelle nous avons continu\u00e9 \u00e0 d\u00e9velopper les \u00e9tudes de cas du mois pr\u00e9c\u00e9dent en travaillant\u2026","rel":"","context":"Dans &quot;Non classifi\u00e9(e)&quot;","block_context":{"text":"Non classifi\u00e9(e)","link":"https:\/\/www.cltweb.org\/fr\/category\/non-classifiee\/"},"img":{"alt_text":"Jeanne Mosseray","src":"https:\/\/i0.wp.com\/www.cltweb.org\/wp-content\/uploads\/2024\/08\/jeanne_mosseray-254x300.jpg?resize=350%2C200&ssl=1","width":350,"height":200},"classes":[]},{"id":7248,"url":"https:\/\/www.cltweb.org\/fr\/2024\/09\/03\/introduction-a-lutilisation-des-clt-pour-la-renovation-energetique-et-laccessibilite-permanente-des-logements-existants\/","url_meta":{"origin":7240,"position":4},"title":"Introduction \u00e0 l&#8217;utilisation des CLT pour la r\u00e9novation \u00e9nerg\u00e9tique et l&#8217;accessibilit\u00e9 permanente des logements existants","author":"cltredesign_0jp0l4","date":"3 septembre 2024","format":false,"excerpt":"La contribution suivante a \u00e9t\u00e9 r\u00e9dig\u00e9e par Richard Kruger Delgado, responsable de l'\u00e9ducation et de la sensibilisation pour l'International Center for Community Land Trusts, afin de pr\u00e9senter le prochain webinaire qui aura lieu le 25 septembre. \"Nous avons pour mission de ne pas laisser les gens de c\u00f4t\u00e9. - John\u2026","rel":"","context":"Dans &quot;Blogs&quot;","block_context":{"text":"Blogs","link":"https:\/\/www.cltweb.org\/fr\/category\/blogs-fr\/"},"img":{"alt_text":"","src":"","width":0,"height":0},"classes":[]},{"id":10142,"url":"https:\/\/www.cltweb.org\/fr\/2025\/10\/24\/presentation-du-modele-clt-a-la-conference-suedoise-collaborative-and-social-building-and-living-2025\/","url_meta":{"origin":7240,"position":5},"title":"Pr\u00e9sentation du mod\u00e8le CLT \u00e0 la conf\u00e9rence su\u00e9doise Collaborative and Social Building and Living 2025","author":"Ben Harris","date":"24 octobre 2025","format":false,"excerpt":"Par Jonas Lagander, Coompanion Coompanion a particip\u00e9 cette ann\u00e9e \u00e0 la conf\u00e9rence Collaborative and Social Building and Living \u00e0 Bor\u00e5s, en Su\u00e8de, et a organis\u00e9 deux s\u00e9minaires sur les CLT. Avec d'autres partenaires concern\u00e9s, ils participent au projet \"Local innovation systems around the barriers to idea-based and collaborative housing in\u2026","rel":"","context":"Dans &quot;Blogs&quot;","block_context":{"text":"Blogs","link":"https:\/\/www.cltweb.org\/fr\/category\/blogs-fr\/"},"img":{"alt_text":"","src":"https:\/\/i0.wp.com\/www.cltweb.org\/wp-content\/uploads\/2025\/10\/IMG_6480.jpg?resize=350%2C200&ssl=1","width":350,"height":200,"srcset":"https:\/\/i0.wp.com\/www.cltweb.org\/wp-content\/uploads\/2025\/10\/IMG_6480.jpg?resize=350%2C200&ssl=1 1x, https:\/\/i0.wp.com\/www.cltweb.org\/wp-content\/uploads\/2025\/10\/IMG_6480.jpg?resize=525%2C300&ssl=1 1.5x, https:\/\/i0.wp.com\/www.cltweb.org\/wp-content\/uploads\/2025\/10\/IMG_6480.jpg?resize=700%2C400&ssl=1 2x, https:\/\/i0.wp.com\/www.cltweb.org\/wp-content\/uploads\/2025\/10\/IMG_6480.jpg?resize=1050%2C600&ssl=1 3x, https:\/\/i0.wp.com\/www.cltweb.org\/wp-content\/uploads\/2025\/10\/IMG_6480.jpg?resize=1400%2C800&ssl=1 4x"},"classes":[]}],"_links":{"self":[{"href":"https:\/\/www.cltweb.org\/fr\/wp-json\/wp\/v2\/posts\/7240","targetHints":{"allow":["GET"]}}],"collection":[{"href":"https:\/\/www.cltweb.org\/fr\/wp-json\/wp\/v2\/posts"}],"about":[{"href":"https:\/\/www.cltweb.org\/fr\/wp-json\/wp\/v2\/types\/post"}],"author":[{"embeddable":true,"href":"https:\/\/www.cltweb.org\/fr\/wp-json\/wp\/v2\/users\/1"}],"replies":[{"embeddable":true,"href":"https:\/\/www.cltweb.org\/fr\/wp-json\/wp\/v2\/comments?post=7240"}],"version-history":[{"count":1,"href":"https:\/\/www.cltweb.org\/fr\/wp-json\/wp\/v2\/posts\/7240\/revisions"}],"predecessor-version":[{"id":7241,"href":"https:\/\/www.cltweb.org\/fr\/wp-json\/wp\/v2\/posts\/7240\/revisions\/7241"}],"wp:attachment":[{"href":"https:\/\/www.cltweb.org\/fr\/wp-json\/wp\/v2\/media?parent=7240"}],"wp:term":[{"taxonomy":"category","embeddable":true,"href":"https:\/\/www.cltweb.org\/fr\/wp-json\/wp\/v2\/categories?post=7240"},{"taxonomy":"post_tag","embeddable":true,"href":"https:\/\/www.cltweb.org\/fr\/wp-json\/wp\/v2\/tags?post=7240"}],"curies":[{"name":"wp","href":"https:\/\/api.w.org\/{rel}","templated":true}]}}