{"id":7248,"date":"2024-09-03T21:13:00","date_gmt":"2024-09-03T21:13:00","guid":{"rendered":"https:\/\/www.cltweb.org\/2024\/09\/03\/introduction-a-lutilisation-des-clt-pour-la-renovation-energetique-et-laccessibilite-permanente-des-logements-existants\/"},"modified":"2024-11-02T21:16:12","modified_gmt":"2024-11-02T21:16:12","slug":"introduction-a-lutilisation-des-clt-pour-la-renovation-energetique-et-laccessibilite-permanente-des-logements-existants","status":"publish","type":"post","link":"https:\/\/www.cltweb.org\/fr\/2024\/09\/03\/introduction-a-lutilisation-des-clt-pour-la-renovation-energetique-et-laccessibilite-permanente-des-logements-existants\/","title":{"rendered":"Introduction \u00e0 l&#8217;utilisation des CLT pour la r\u00e9novation \u00e9nerg\u00e9tique et l&#8217;accessibilit\u00e9 permanente des logements existants"},"content":{"rendered":"\n<p><em><strong>La contribution suivante a \u00e9t\u00e9 r\u00e9dig\u00e9e par Richard Kruger Delgado, responsable de l&#8217;\u00e9ducation et de la sensibilisation pour l&#8217;International Center for Community Land Trusts, afin de pr\u00e9senter le prochain webinaire qui aura lieu le 25 septembre.  <\/strong><\/em><\/p>\n\n<p><strong>&#8220;Nous avons pour mission de ne pas laisser les gens de c\u00f4t\u00e9.<em> &#8211; John Davis, Centre international pour les fonds fonciers communautaires<\/em><\/strong><\/p>\n\n<p>L&#8217;activit\u00e9 \u00e0 laquelle John Davis fait r\u00e9f\u00e9rence est celle des community land trusts. Mettant l&#8217;accent sur le r\u00f4le de la &#8220;communaut\u00e9&#8221; dans la propri\u00e9t\u00e9 et la gestion des terres pour le logement et d&#8217;autres usages, le CLT a \u00e9t\u00e9, depuis ses origines, une m\u00e9thode transformatrice pour garantir les moyens de subsistance et l&#8217;appartenance des communaut\u00e9s. Dans le CLT, la communaut\u00e9 ne cesse de cro\u00eetre, de fleurir et de renouveler la base de la stabilit\u00e9, de la s\u00e9curit\u00e9 et de l&#8217;accessibilit\u00e9 financi\u00e8re du logement et de l&#8217;occupation. Alors que les CLT travaillent avec des communaut\u00e9s locales, la grande communaut\u00e9 des organisations de CLT continue de cro\u00eetre, trouvant une nouvelle raison d&#8217;\u00eatre dans des contextes radicalement diff\u00e9rents \u00e0 travers la plan\u00e8te. Fond\u00e9 sur les principes de justice et d&#8217;\u00e9quit\u00e9 dans la poursuite d&#8217;un d\u00e9veloppement men\u00e9 par la communaut\u00e9 sur des terrains appartenant \u00e0 la communaut\u00e9, le CLT, \u00e9minemment adaptable, est utilis\u00e9 pour permettre la justice de diverses mani\u00e8res et pour r\u00e9pondre \u00e0 des besoins extr\u00eamement diff\u00e9rents. Tout au long de son d\u00e9veloppement, le CLT a \u00e9t\u00e9 utilis\u00e9 pour garantir la justice et l&#8217;\u00e9quit\u00e9 face \u00e0 des syst\u00e8mes de logement et d&#8217;occupation exclusifs et injustes.     <\/p>\n\n<p>La croissance du mouvement CLT, en particulier au cours des deux derni\u00e8res d\u00e9cennies, a \u00e9t\u00e9 explosive. Le CLT est aujourd&#8217;hui consid\u00e9r\u00e9 comme une forme l\u00e9gitime de logement et de mode d&#8217;occupation dans 14 pays. Il a \u00e9t\u00e9 inclus dans la version la plus r\u00e9cente du nouvel agenda urbain de l&#8217;ONU-Habitat. Le premier CLT dans le Sud, le CLT Ca\u00f1o Mart\u00edn Pe\u00f1a, a permis \u00e0 un mouvement naissant pour les CLT en Am\u00e9rique latine de commencer \u00e0 fleurir. Les groupes autochtones et les Premi\u00e8res nations d&#8217;Australie, du Canada et des \u00c9tats-Unis consid\u00e8rent de plus en plus le CLT comme un compl\u00e9ment \u00e0 d&#8217;autres strat\u00e9gies de d\u00e9colonisation de la terre et de la propri\u00e9t\u00e9. De plus en plus, les CLT du monde entier exp\u00e9rimentent des utilisations de la terre qui vont au-del\u00e0 du logement abordable, de la s\u00e9curisation de la tenure des quartiers urbains &#8220;informels&#8221; au d\u00e9veloppement de l&#8217;agriculture, de l&#8217;infrastructure, de la vie civique, des artistes et des utilisations commerciales, sous la direction et la propri\u00e9t\u00e9 de la communaut\u00e9. Tout cela se produit alors qu&#8217;une crise profonde de l&#8217;accessibilit\u00e9 au logement, de l&#8217;embourgeoisement et du d\u00e9placement est ressentie par les communaut\u00e9s vuln\u00e9rables du monde entier.        <\/p>\n\n<p>La crise du logement n&#8217;est pas la seule \u00e0 laquelle les communaut\u00e9s du monde entier sont confront\u00e9es. Le changement climatique et ses effets se sont sensiblement et rapidement accentu\u00e9s au cours de la derni\u00e8re d\u00e9cennie. Les ouragans, les incendies de for\u00eat, les conditions m\u00e9t\u00e9orologiques extr\u00eames et la chaleur sont autant de facteurs qui alourdissent le fardeau des populations vuln\u00e9rables. Les in\u00e9galit\u00e9s existantes auxquelles sont confront\u00e9es les populations vuln\u00e9rables sont intensifi\u00e9es et ressenties de mani\u00e8re disproportionn\u00e9e. Parall\u00e8lement \u00e0 ces menaces, les politiques d&#8217;att\u00e9nuation et d&#8217;adaptation au changement climatique qui ne mettent pas l&#8217;accent sur la justice et l&#8217;\u00e9quit\u00e9 dans la r\u00e9ponse au changement climatique pr\u00e9sentent \u00e9galement un risque. Comme l&#8217;affirment les d\u00e9fenseurs de la justice climatique, &#8220;la transition (vers une \u00e9conomie d\u00e9carbon\u00e9e) est in\u00e9vitable, mais la justice ne l&#8217;est pas&#8221;. La justice ne l&#8217;est pas.       <\/p>\n\n<p>Compte tenu de l&#8217;in\u00e9vitable transition, mais sans garantie de justice, quelle est la place du community land trust dans cette image de l&#8217;avenir ? Comment les CLT r\u00e9pondent-ils d\u00e9j\u00e0 aux pr\u00e9occupations en mati\u00e8re de justice environnementale ? En quoi la mission d&#8217;intendance des CLT en fait-elle des partenaires parfaits pour assurer une transition juste ? Alors que la crise climatique a capt\u00e9 l&#8217;attention d&#8217;une grande partie du monde et des nombreux activistes, organisateurs, d\u00e9cideurs politiques et planificateurs qui travaillent d\u00e9sesp\u00e9r\u00e9ment \u00e0 la recherche de solutions justes, le Centre international pour les CLT (CLT Center) estime qu&#8217;il est temps de commencer \u00e0 participer \u00e0 un mouvement plus large de lutte contre le changement climatique, d&#8217;une mani\u00e8re qui s&#8217;aligne sur la mission premi\u00e8re des CLT &#8211; garantir l&#8217;accessibilit\u00e9 au logement et assurer la s\u00e9curit\u00e9 de la tenure.   <\/p>\n\n<p>En tant que responsable de l&#8217;\u00e9ducation et de la sensibilisation pour le CLT Center, je souhaite souhaiter la bienvenue au mouvement CLT mondial qui nous rejoint alors que nous entamons un nouveau chapitre. L&#8217;initiative CLT2030 Just Transition est le fruit d&#8217;un partenariat avec le <a href=\"https:\/\/cltb.be\/\" target=\"_blank\" rel=\"noreferrer noopener\">Community Land Trust Brussels<\/a> (CLTB). Inspir\u00e9e par le travail des CLT comme le CLTB ainsi que des CLT du monde entier qui ont pris l&#8217;initiative d&#8217;int\u00e9grer la justice et l&#8217;\u00e9quit\u00e9 dans leurs efforts pour la durabilit\u00e9 environnementale, la circularit\u00e9 et l&#8217;att\u00e9nuation du changement climatique et l&#8217;adaptation \u00e0 celui-ci. Guid\u00e9 par sa mission principale de pr\u00e9senter l&#8217;innovation dans la pratique des CLT, le Centre prend l&#8217;initiative de montrer comment les CLT donnent vie aux principes fondamentaux de la transition juste.   <\/p>\n\n<p>Quels sont ces principes ? Gr\u00e2ce \u00e0 un processus de collaboration avec des praticiens CLT du monde entier, nous avons pu constater que les CLT sont d\u00e9j\u00e0 des projets de d\u00e9monstration permettant de r\u00e9aliser la justice et l&#8217;\u00e9quit\u00e9 dans le cadre d&#8217;une transition vers une \u00e9conomie d\u00e9carbon\u00e9e. Comment les CLT int\u00e8grent-ils la justice ?  <\/p>\n\n<p>Par le biais de pratiques, de personnes et de biens. Mais qu&#8217;entendons-nous par l\u00e0 ? <\/p>\n\n<ol class=\"wp-block-list\">\n<li><strong>Pratique <\/strong>&#8211; La pratique du CLT repose sur des principes fondamentaux qui permettent aux membres de la communaut\u00e9 d&#8217;\u00eatre repr\u00e9sent\u00e9s et de participer \u00e0 la gouvernance du CLT. Ces principes reposent sur l&#8217;organisation globale de la communaut\u00e9, la participation d\u00e9mocratique et la repr\u00e9sentation dans la gouvernance, ainsi que sur la gestion \u00e0 long terme des actifs appartenant \u00e0 la communaut\u00e9 au profit de cette derni\u00e8re. Ces pratiques sont essentielles pour instaurer la confiance et la l\u00e9gitimit\u00e9 aupr\u00e8s des communaut\u00e9s marginalis\u00e9es et vuln\u00e9rables, et pour cr\u00e9er l&#8217;infrastructure n\u00e9cessaire \u00e0 la prise de d\u00e9cision et \u00e0 la participation de la communaut\u00e9.  <\/li>\n\n\n\n<li>Les <strong>personnes <\/strong>&#8211; Les CLT se consacrent aux communaut\u00e9s locales, en mettant l&#8217;accent sur les groupes sous-repr\u00e9sent\u00e9s et sous-reconnus dans leur mission, et en valorisant la sant\u00e9 et le bien-\u00eatre des personnes de mani\u00e8re holistique. Guid\u00e9s par la pratique de l&#8217;intendance, les CLT permettent une repr\u00e9sentation multig\u00e9n\u00e9rationnelle, reliant les g\u00e9n\u00e9rations et les communaut\u00e9s futures au pr\u00e9sent. <\/li>\n\n\n\n<li><strong>Propri\u00e9t\u00e9 <\/strong>&#8211; Les CLT redistribuent la propri\u00e9t\u00e9 des terres \u00e0 des organisations gouvern\u00e9es par les membres et les communaut\u00e9s elles-m\u00eames. En s\u00e9parant la valeur de la terre de celle du logement, et gr\u00e2ce \u00e0 des pratiques de gestion \u00e0 long terme, les CLT offrent une accessibilit\u00e9 permanente et une s\u00e9curit\u00e9 d&#8217;occupation, et soutiennent de nouvelles utilisations communautaires de la terre, y compris l&#8217;agriculture, le d\u00e9veloppement \u00e9conomique et les utilisations qui s&#8217;alignent sur la durabilit\u00e9 et la r\u00e9silience de l&#8217;environnement. En favorisant la justice fonci\u00e8re par le biais de la propri\u00e9t\u00e9 collective, les CLT ne redistribuent pas seulement la terre, mais aussi et surtout le pouvoir qui va de pair avec la propri\u00e9t\u00e9  <\/li>\n<\/ol>\n\n<hr class=\"wp-block-separator has-alpha-channel-opacity\"\/>\n\n<p><em>Les points de vue et opinions exprim\u00e9s dans cet article sont ceux de l&#8217;auteur et ne refl\u00e8tent pas n\u00e9cessairement les points de vue ou positions du Centre international pour les fonds fonciers communautaires.<\/em><\/p>\n","protected":false},"excerpt":{"rendered":"<p>La contribution suivante a \u00e9t\u00e9 r\u00e9dig\u00e9e par Richard Kruger Delgado, responsable de l&#8217;\u00e9ducation et de la sensibilisation pour l&#8217;International Center for Community Land Trusts, afin de pr\u00e9senter le prochain webinaire [&hellip;]<\/p>\n","protected":false},"author":1,"featured_media":0,"comment_status":"closed","ping_status":"open","sticky":false,"template":"","format":"standard","meta":{"give_campaign_id":0,"_tec_requires_first_save":true,"_kad_blocks_custom_css":"","_kad_blocks_head_custom_js":"","_kad_blocks_body_custom_js":"","_kad_blocks_footer_custom_js":"","_EventAllDay":false,"_EventTimezone":"","_EventStartDate":"","_EventEndDate":"","_EventStartDateUTC":"","_EventEndDateUTC":"","_EventShowMap":false,"_EventShowMapLink":false,"_EventURL":"","_EventCost":"","_EventCostDescription":"","_EventCurrencySymbol":"","_EventCurrencyCode":"","_EventCurrencyPosition":"","_EventDateTimeSeparator":"","_EventTimeRangeSeparator":"","_EventOrganizerID":[],"_EventVenueID":[],"_OrganizerEmail":"","_OrganizerPhone":"","_OrganizerWebsite":"","_VenueAddress":"","_VenueCity":"","_VenueCountry":"","_VenueProvince":"","_VenueState":"","_VenueZip":"","_VenuePhone":"","_VenueURL":"","_VenueStateProvince":"","_VenueLat":"","_VenueLng":"","_VenueShowMap":false,"_VenueShowMapLink":false,"_tribe_blocks_recurrence_rules":"","_tribe_blocks_recurrence_description":"","_tribe_blocks_recurrence_exclusions":"","_jetpack_memberships_contains_paid_content":false,"footnotes":""},"categories":[292],"tags":[],"class_list":["post-7248","post","type-post","status-publish","format-standard","hentry","category-blogs-fr"],"blocksy_meta":[],"yoast_head":"<!-- This site is optimized with the Yoast SEO Premium plugin v27.4 (Yoast SEO v27.5) - https:\/\/yoast.com\/product\/yoast-seo-premium-wordpress\/ -->\n<title>Introduction \u00e0 l&#039;utilisation des CLT pour la r\u00e9novation \u00e9nerg\u00e9tique et l&#039;accessibilit\u00e9 permanente des logements existants - International Center for Community Land Trusts<\/title>\n<meta name=\"robots\" content=\"index, follow, max-snippet:-1, max-image-preview:large, max-video-preview:-1\" \/>\n<link rel=\"canonical\" href=\"https:\/\/www.cltweb.org\/fr\/2024\/09\/03\/introduction-a-lutilisation-des-clt-pour-la-renovation-energetique-et-laccessibilite-permanente-des-logements-existants\/\" \/>\n<meta property=\"og:locale\" content=\"fr_FR\" \/>\n<meta property=\"og:type\" content=\"article\" \/>\n<meta property=\"og:title\" content=\"Introduction \u00e0 l&#039;utilisation des CLT pour la r\u00e9novation \u00e9nerg\u00e9tique et l&#039;accessibilit\u00e9 permanente des logements existants\" \/>\n<meta property=\"og:description\" content=\"La contribution suivante a \u00e9t\u00e9 r\u00e9dig\u00e9e par Richard Kruger Delgado, responsable de l&#8217;\u00e9ducation et de la sensibilisation pour l&#8217;International Center for Community Land Trusts, afin de pr\u00e9senter le prochain webinaire [&hellip;]\" \/>\n<meta property=\"og:url\" content=\"https:\/\/www.cltweb.org\/fr\/2024\/09\/03\/introduction-a-lutilisation-des-clt-pour-la-renovation-energetique-et-laccessibilite-permanente-des-logements-existants\/\" \/>\n<meta property=\"og:site_name\" content=\"International Center for Community Land Trusts\" \/>\n<meta property=\"article:publisher\" content=\"https:\/\/www.facebook.com\/cltcenter\" \/>\n<meta property=\"article:published_time\" content=\"2024-09-03T21:13:00+00:00\" \/>\n<meta property=\"article:modified_time\" content=\"2024-11-02T21:16:12+00:00\" \/>\n<meta name=\"author\" content=\"cltredesign_0jp0l4\" \/>\n<meta name=\"twitter:card\" content=\"summary_large_image\" \/>\n<meta name=\"twitter:creator\" content=\"@Center4CLTs\" \/>\n<meta name=\"twitter:site\" content=\"@Center4CLTs\" \/>\n<meta name=\"twitter:label1\" content=\"\u00c9crit par\" \/>\n\t<meta name=\"twitter:data1\" content=\"cltredesign_0jp0l4\" \/>\n\t<meta name=\"twitter:label2\" content=\"Dur\u00e9e de lecture estim\u00e9e\" \/>\n\t<meta name=\"twitter:data2\" content=\"7 minutes\" \/>\n<script type=\"application\/ld+json\" class=\"yoast-schema-graph\">{\"@context\":\"https:\\\/\\\/schema.org\",\"@graph\":[{\"@type\":\"Article\",\"@id\":\"https:\\\/\\\/www.cltweb.org\\\/fr\\\/2024\\\/09\\\/03\\\/introduction-a-lutilisation-des-clt-pour-la-renovation-energetique-et-laccessibilite-permanente-des-logements-existants\\\/#article\",\"isPartOf\":{\"@id\":\"https:\\\/\\\/www.cltweb.org\\\/fr\\\/2024\\\/09\\\/03\\\/introduction-a-lutilisation-des-clt-pour-la-renovation-energetique-et-laccessibilite-permanente-des-logements-existants\\\/\"},\"author\":{\"name\":\"cltredesign_0jp0l4\",\"@id\":\"https:\\\/\\\/www.cltweb.org\\\/fr\\\/#\\\/schema\\\/person\\\/afd3723291b60b81c27772953e5b49d6\"},\"headline\":\"Introduction \u00e0 l&#8217;utilisation des CLT pour la r\u00e9novation \u00e9nerg\u00e9tique et l&#8217;accessibilit\u00e9 permanente des logements existants\",\"datePublished\":\"2024-09-03T21:13:00+00:00\",\"dateModified\":\"2024-11-02T21:16:12+00:00\",\"mainEntityOfPage\":{\"@id\":\"https:\\\/\\\/www.cltweb.org\\\/fr\\\/2024\\\/09\\\/03\\\/introduction-a-lutilisation-des-clt-pour-la-renovation-energetique-et-laccessibilite-permanente-des-logements-existants\\\/\"},\"wordCount\":1391,\"publisher\":{\"@id\":\"https:\\\/\\\/www.cltweb.org\\\/fr\\\/#organization\"},\"articleSection\":[\"Blogs\"],\"inLanguage\":\"fr-FR\"},{\"@type\":\"WebPage\",\"@id\":\"https:\\\/\\\/www.cltweb.org\\\/fr\\\/2024\\\/09\\\/03\\\/introduction-a-lutilisation-des-clt-pour-la-renovation-energetique-et-laccessibilite-permanente-des-logements-existants\\\/\",\"url\":\"https:\\\/\\\/www.cltweb.org\\\/fr\\\/2024\\\/09\\\/03\\\/introduction-a-lutilisation-des-clt-pour-la-renovation-energetique-et-laccessibilite-permanente-des-logements-existants\\\/\",\"name\":\"Introduction \u00e0 l'utilisation des CLT pour la r\u00e9novation \u00e9nerg\u00e9tique et l'accessibilit\u00e9 permanente des logements existants - International Center for Community Land Trusts\",\"isPartOf\":{\"@id\":\"https:\\\/\\\/www.cltweb.org\\\/fr\\\/#website\"},\"datePublished\":\"2024-09-03T21:13:00+00:00\",\"dateModified\":\"2024-11-02T21:16:12+00:00\",\"breadcrumb\":{\"@id\":\"https:\\\/\\\/www.cltweb.org\\\/fr\\\/2024\\\/09\\\/03\\\/introduction-a-lutilisation-des-clt-pour-la-renovation-energetique-et-laccessibilite-permanente-des-logements-existants\\\/#breadcrumb\"},\"inLanguage\":\"fr-FR\",\"potentialAction\":[{\"@type\":\"ReadAction\",\"target\":[\"https:\\\/\\\/www.cltweb.org\\\/fr\\\/2024\\\/09\\\/03\\\/introduction-a-lutilisation-des-clt-pour-la-renovation-energetique-et-laccessibilite-permanente-des-logements-existants\\\/\"]}]},{\"@type\":\"BreadcrumbList\",\"@id\":\"https:\\\/\\\/www.cltweb.org\\\/fr\\\/2024\\\/09\\\/03\\\/introduction-a-lutilisation-des-clt-pour-la-renovation-energetique-et-laccessibilite-permanente-des-logements-existants\\\/#breadcrumb\",\"itemListElement\":[{\"@type\":\"ListItem\",\"position\":1,\"name\":\"Home\",\"item\":\"https:\\\/\\\/www.cltweb.org\\\/fr\\\/\"},{\"@type\":\"ListItem\",\"position\":2,\"name\":\"Introduction \u00e0 l&#8217;utilisation des CLT pour la r\u00e9novation \u00e9nerg\u00e9tique et l&#8217;accessibilit\u00e9 permanente des logements existants\"}]},{\"@type\":\"WebSite\",\"@id\":\"https:\\\/\\\/www.cltweb.org\\\/fr\\\/#website\",\"url\":\"https:\\\/\\\/www.cltweb.org\\\/fr\\\/\",\"name\":\"International Center for Community Land Trusts\",\"description\":\"\",\"publisher\":{\"@id\":\"https:\\\/\\\/www.cltweb.org\\\/fr\\\/#organization\"},\"potentialAction\":[{\"@type\":\"SearchAction\",\"target\":{\"@type\":\"EntryPoint\",\"urlTemplate\":\"https:\\\/\\\/www.cltweb.org\\\/fr\\\/?s={search_term_string}\"},\"query-input\":{\"@type\":\"PropertyValueSpecification\",\"valueRequired\":true,\"valueName\":\"search_term_string\"}}],\"inLanguage\":\"fr-FR\"},{\"@type\":\"Organization\",\"@id\":\"https:\\\/\\\/www.cltweb.org\\\/fr\\\/#organization\",\"name\":\"International Center for Community Land Trusts\",\"url\":\"https:\\\/\\\/www.cltweb.org\\\/fr\\\/\",\"logo\":{\"@type\":\"ImageObject\",\"inLanguage\":\"fr-FR\",\"@id\":\"https:\\\/\\\/www.cltweb.org\\\/fr\\\/#\\\/schema\\\/logo\\\/image\\\/\",\"url\":\"https:\\\/\\\/www.cltweb.org\\\/wp-content\\\/uploads\\\/2024\\\/11\\\/New-CLT-Center-Text-logo.png\",\"contentUrl\":\"https:\\\/\\\/www.cltweb.org\\\/wp-content\\\/uploads\\\/2024\\\/11\\\/New-CLT-Center-Text-logo.png\",\"width\":227,\"height\":80,\"caption\":\"International Center for Community Land Trusts\"},\"image\":{\"@id\":\"https:\\\/\\\/www.cltweb.org\\\/fr\\\/#\\\/schema\\\/logo\\\/image\\\/\"},\"sameAs\":[\"https:\\\/\\\/www.facebook.com\\\/cltcenter\",\"https:\\\/\\\/x.com\\\/Center4CLTs\",\"https:\\\/\\\/www.instagram.com\\\/cltcenter\\\/\",\"https:\\\/\\\/www.linkedin.com\\\/company\\\/cltcenter\",\"https:\\\/\\\/www.youtube.com\\\/@centerforcltinnovation5313\"],\"description\":\"The International Center for Community Land Trusts is a not-for-profit nongovernmental organization established in 2018 to promote and to support community land trusts and similar strategies of community-led development on community-owned land in countries throughout the world.\",\"email\":\"info@communitylandtrust.net\",\"legalName\":\"International Center for Community Land Trusts\",\"foundingDate\":\"2018-12-01\",\"taxID\":\"84-3858933\",\"numberOfEmployees\":{\"@type\":\"QuantitativeValue\",\"minValue\":\"1\",\"maxValue\":\"10\"}},{\"@type\":\"Person\",\"@id\":\"https:\\\/\\\/www.cltweb.org\\\/fr\\\/#\\\/schema\\\/person\\\/afd3723291b60b81c27772953e5b49d6\",\"name\":\"cltredesign_0jp0l4\",\"image\":{\"@type\":\"ImageObject\",\"inLanguage\":\"fr-FR\",\"@id\":\"https:\\\/\\\/secure.gravatar.com\\\/avatar\\\/1012e57596c2454da589d773454d3eb22a64f2ff638e62850caeb654f3affad5?s=96&d=mm&r=g\",\"url\":\"https:\\\/\\\/secure.gravatar.com\\\/avatar\\\/1012e57596c2454da589d773454d3eb22a64f2ff638e62850caeb654f3affad5?s=96&d=mm&r=g\",\"contentUrl\":\"https:\\\/\\\/secure.gravatar.com\\\/avatar\\\/1012e57596c2454da589d773454d3eb22a64f2ff638e62850caeb654f3affad5?s=96&d=mm&r=g\",\"caption\":\"cltredesign_0jp0l4\"},\"sameAs\":[\"https:\\\/\\\/icclt.org\"],\"url\":\"https:\\\/\\\/www.cltweb.org\\\/fr\\\/author\\\/cltredesign_0jp0l4\\\/\"}]}<\/script>\n<!-- \/ Yoast SEO Premium plugin. -->","yoast_head_json":{"title":"Introduction \u00e0 l'utilisation des CLT pour la r\u00e9novation \u00e9nerg\u00e9tique et l'accessibilit\u00e9 permanente des logements existants - International Center for Community Land Trusts","robots":{"index":"index","follow":"follow","max-snippet":"max-snippet:-1","max-image-preview":"max-image-preview:large","max-video-preview":"max-video-preview:-1"},"canonical":"https:\/\/www.cltweb.org\/fr\/2024\/09\/03\/introduction-a-lutilisation-des-clt-pour-la-renovation-energetique-et-laccessibilite-permanente-des-logements-existants\/","og_locale":"fr_FR","og_type":"article","og_title":"Introduction \u00e0 l'utilisation des CLT pour la r\u00e9novation \u00e9nerg\u00e9tique et l'accessibilit\u00e9 permanente des logements existants","og_description":"La contribution suivante a \u00e9t\u00e9 r\u00e9dig\u00e9e par Richard Kruger Delgado, responsable de l&#8217;\u00e9ducation et de la sensibilisation pour l&#8217;International Center for Community Land Trusts, afin de pr\u00e9senter le prochain webinaire [&hellip;]","og_url":"https:\/\/www.cltweb.org\/fr\/2024\/09\/03\/introduction-a-lutilisation-des-clt-pour-la-renovation-energetique-et-laccessibilite-permanente-des-logements-existants\/","og_site_name":"International Center for Community Land Trusts","article_publisher":"https:\/\/www.facebook.com\/cltcenter","article_published_time":"2024-09-03T21:13:00+00:00","article_modified_time":"2024-11-02T21:16:12+00:00","author":"cltredesign_0jp0l4","twitter_card":"summary_large_image","twitter_creator":"@Center4CLTs","twitter_site":"@Center4CLTs","twitter_misc":{"\u00c9crit par":"cltredesign_0jp0l4","Dur\u00e9e de lecture estim\u00e9e":"7 minutes"},"schema":{"@context":"https:\/\/schema.org","@graph":[{"@type":"Article","@id":"https:\/\/www.cltweb.org\/fr\/2024\/09\/03\/introduction-a-lutilisation-des-clt-pour-la-renovation-energetique-et-laccessibilite-permanente-des-logements-existants\/#article","isPartOf":{"@id":"https:\/\/www.cltweb.org\/fr\/2024\/09\/03\/introduction-a-lutilisation-des-clt-pour-la-renovation-energetique-et-laccessibilite-permanente-des-logements-existants\/"},"author":{"name":"cltredesign_0jp0l4","@id":"https:\/\/www.cltweb.org\/fr\/#\/schema\/person\/afd3723291b60b81c27772953e5b49d6"},"headline":"Introduction \u00e0 l&#8217;utilisation des CLT pour la r\u00e9novation \u00e9nerg\u00e9tique et l&#8217;accessibilit\u00e9 permanente des logements existants","datePublished":"2024-09-03T21:13:00+00:00","dateModified":"2024-11-02T21:16:12+00:00","mainEntityOfPage":{"@id":"https:\/\/www.cltweb.org\/fr\/2024\/09\/03\/introduction-a-lutilisation-des-clt-pour-la-renovation-energetique-et-laccessibilite-permanente-des-logements-existants\/"},"wordCount":1391,"publisher":{"@id":"https:\/\/www.cltweb.org\/fr\/#organization"},"articleSection":["Blogs"],"inLanguage":"fr-FR"},{"@type":"WebPage","@id":"https:\/\/www.cltweb.org\/fr\/2024\/09\/03\/introduction-a-lutilisation-des-clt-pour-la-renovation-energetique-et-laccessibilite-permanente-des-logements-existants\/","url":"https:\/\/www.cltweb.org\/fr\/2024\/09\/03\/introduction-a-lutilisation-des-clt-pour-la-renovation-energetique-et-laccessibilite-permanente-des-logements-existants\/","name":"Introduction \u00e0 l'utilisation des CLT pour la r\u00e9novation \u00e9nerg\u00e9tique et l'accessibilit\u00e9 permanente des logements existants - International Center for Community Land Trusts","isPartOf":{"@id":"https:\/\/www.cltweb.org\/fr\/#website"},"datePublished":"2024-09-03T21:13:00+00:00","dateModified":"2024-11-02T21:16:12+00:00","breadcrumb":{"@id":"https:\/\/www.cltweb.org\/fr\/2024\/09\/03\/introduction-a-lutilisation-des-clt-pour-la-renovation-energetique-et-laccessibilite-permanente-des-logements-existants\/#breadcrumb"},"inLanguage":"fr-FR","potentialAction":[{"@type":"ReadAction","target":["https:\/\/www.cltweb.org\/fr\/2024\/09\/03\/introduction-a-lutilisation-des-clt-pour-la-renovation-energetique-et-laccessibilite-permanente-des-logements-existants\/"]}]},{"@type":"BreadcrumbList","@id":"https:\/\/www.cltweb.org\/fr\/2024\/09\/03\/introduction-a-lutilisation-des-clt-pour-la-renovation-energetique-et-laccessibilite-permanente-des-logements-existants\/#breadcrumb","itemListElement":[{"@type":"ListItem","position":1,"name":"Home","item":"https:\/\/www.cltweb.org\/fr\/"},{"@type":"ListItem","position":2,"name":"Introduction \u00e0 l&#8217;utilisation des CLT pour la r\u00e9novation \u00e9nerg\u00e9tique et l&#8217;accessibilit\u00e9 permanente des logements existants"}]},{"@type":"WebSite","@id":"https:\/\/www.cltweb.org\/fr\/#website","url":"https:\/\/www.cltweb.org\/fr\/","name":"International Center for Community Land Trusts","description":"","publisher":{"@id":"https:\/\/www.cltweb.org\/fr\/#organization"},"potentialAction":[{"@type":"SearchAction","target":{"@type":"EntryPoint","urlTemplate":"https:\/\/www.cltweb.org\/fr\/?s={search_term_string}"},"query-input":{"@type":"PropertyValueSpecification","valueRequired":true,"valueName":"search_term_string"}}],"inLanguage":"fr-FR"},{"@type":"Organization","@id":"https:\/\/www.cltweb.org\/fr\/#organization","name":"International Center for Community Land Trusts","url":"https:\/\/www.cltweb.org\/fr\/","logo":{"@type":"ImageObject","inLanguage":"fr-FR","@id":"https:\/\/www.cltweb.org\/fr\/#\/schema\/logo\/image\/","url":"https:\/\/www.cltweb.org\/wp-content\/uploads\/2024\/11\/New-CLT-Center-Text-logo.png","contentUrl":"https:\/\/www.cltweb.org\/wp-content\/uploads\/2024\/11\/New-CLT-Center-Text-logo.png","width":227,"height":80,"caption":"International Center for Community Land Trusts"},"image":{"@id":"https:\/\/www.cltweb.org\/fr\/#\/schema\/logo\/image\/"},"sameAs":["https:\/\/www.facebook.com\/cltcenter","https:\/\/x.com\/Center4CLTs","https:\/\/www.instagram.com\/cltcenter\/","https:\/\/www.linkedin.com\/company\/cltcenter","https:\/\/www.youtube.com\/@centerforcltinnovation5313"],"description":"The International Center for Community Land Trusts is a not-for-profit nongovernmental organization established in 2018 to promote and to support community land trusts and similar strategies of community-led development on community-owned land in countries throughout the world.","email":"info@communitylandtrust.net","legalName":"International Center for Community Land Trusts","foundingDate":"2018-12-01","taxID":"84-3858933","numberOfEmployees":{"@type":"QuantitativeValue","minValue":"1","maxValue":"10"}},{"@type":"Person","@id":"https:\/\/www.cltweb.org\/fr\/#\/schema\/person\/afd3723291b60b81c27772953e5b49d6","name":"cltredesign_0jp0l4","image":{"@type":"ImageObject","inLanguage":"fr-FR","@id":"https:\/\/secure.gravatar.com\/avatar\/1012e57596c2454da589d773454d3eb22a64f2ff638e62850caeb654f3affad5?s=96&d=mm&r=g","url":"https:\/\/secure.gravatar.com\/avatar\/1012e57596c2454da589d773454d3eb22a64f2ff638e62850caeb654f3affad5?s=96&d=mm&r=g","contentUrl":"https:\/\/secure.gravatar.com\/avatar\/1012e57596c2454da589d773454d3eb22a64f2ff638e62850caeb654f3affad5?s=96&d=mm&r=g","caption":"cltredesign_0jp0l4"},"sameAs":["https:\/\/icclt.org"],"url":"https:\/\/www.cltweb.org\/fr\/author\/cltredesign_0jp0l4\/"}]}},"taxonomy_info":{"category":[{"value":292,"label":"Blogs"}]},"featured_image_src_large":false,"author_info":{"display_name":"cltredesign_0jp0l4","author_link":"https:\/\/www.cltweb.org\/fr\/author\/cltredesign_0jp0l4\/"},"comment_info":0,"category_info":[{"term_id":292,"name":"Blogs","slug":"blogs-fr","term_group":0,"term_taxonomy_id":292,"taxonomy":"category","description":"","parent":0,"count":14,"filter":"raw","cat_ID":292,"category_count":14,"category_description":"","cat_name":"Blogs","category_nicename":"blogs-fr","category_parent":0}],"tag_info":false,"jetpack_featured_media_url":"","jetpack_sharing_enabled":true,"jetpack-related-posts":[{"id":6593,"url":"https:\/\/www.cltweb.org\/fr\/2022\/10\/11\/les-voies-du-controle-par-les-locataires-et-les-communautes-strategies-de-financement-pour-les-community-land-trusts\/","url_meta":{"origin":7248,"position":0},"title":"Les voies du contr\u00f4le par les locataires et les communaut\u00e9s : Strat\u00e9gies de financement pour les Community Land Trusts","author":"cltredesign_0jp0l4","date":"11 octobre 2022","format":false,"excerpt":"Rejoignez l'Institut LISC pour le pouvoir communautaire, LISC Bay Area, Oakland Community Land Trust, et San Francisco Community Land Trust pour une conversation sur la fa\u00e7on de renforcer le pouvoir et d'obtenir des ressources pour \u00e9tendre le contr\u00f4le des locataires et de la communaut\u00e9 sur le logement !","rel":"","context":"Dans &quot;Non classifi\u00e9(e)&quot;","block_context":{"text":"Non classifi\u00e9(e)","link":"https:\/\/www.cltweb.org\/fr\/category\/non-classifiee\/"},"img":{"alt_text":"Logo LISC","src":"https:\/\/i0.wp.com\/www.cltweb.org\/wp-content\/uploads\/2022\/10\/logo-e1665785584656.png?resize=350%2C200&ssl=1","width":350,"height":200},"classes":[]},{"id":7689,"url":"https:\/\/www.cltweb.org\/fr\/2024\/11\/11\/introduction-au-pouvoir-et-au-leadership-des-jeunes-dans-la-pratique-du-community-land-trust\/","url_meta":{"origin":7248,"position":1},"title":"Introduction au pouvoir et au leadership des jeunes dans la pratique du Community Land Trust","author":"Ben Harris","date":"11 novembre 2024","format":false,"excerpt":"Par Richard Kruger Delgado La contribution suivante a \u00e9t\u00e9 r\u00e9dig\u00e9e par Richard Kruger Delgado, responsable de l'\u00e9ducation et de la sensibilisation pour l'International Center for Community Land Trusts, dans le cadre du prochain webinaire intitul\u00e9 \"Stewarding the Future : Le pouvoir et le leadership des jeunes dans la pratique des\u2026","rel":"","context":"Dans &quot;Blogs&quot;","block_context":{"text":"Blogs","link":"https:\/\/www.cltweb.org\/fr\/category\/blogs-fr\/"},"img":{"alt_text":"","src":"https:\/\/i0.wp.com\/www.cltweb.org\/wp-content\/uploads\/2024\/11\/Screenshot-2024-11-11-at-5.46.26%E2%80%AFPM.png?resize=350%2C200&ssl=1","width":350,"height":200,"srcset":"https:\/\/i0.wp.com\/www.cltweb.org\/wp-content\/uploads\/2024\/11\/Screenshot-2024-11-11-at-5.46.26%E2%80%AFPM.png?resize=350%2C200&ssl=1 1x, https:\/\/i0.wp.com\/www.cltweb.org\/wp-content\/uploads\/2024\/11\/Screenshot-2024-11-11-at-5.46.26%E2%80%AFPM.png?resize=525%2C300&ssl=1 1.5x, https:\/\/i0.wp.com\/www.cltweb.org\/wp-content\/uploads\/2024\/11\/Screenshot-2024-11-11-at-5.46.26%E2%80%AFPM.png?resize=700%2C400&ssl=1 2x"},"classes":[]},{"id":9541,"url":"https:\/\/www.cltweb.org\/fr\/2025\/05\/21\/des-biens-communs-pour-la-justice-les-clt-a-travers-les-continents-au-festival-international-du-logement-social\/","url_meta":{"origin":7248,"position":2},"title":"Des biens communs pour la justice : Les CLT \u00e0 travers les continents au Festival international du logement social","author":"Ben Harris","date":"21 mai 2025","format":false,"excerpt":"\u00c0 une \u00e9poque marqu\u00e9e par des crises du logement, des march\u00e9s fonciers extractifs et des in\u00e9galit\u00e9s croissantes, les communaut\u00e9s du monde entier se r\u00e9approprient les biens communs. \u00c0 l'occasion du 2025 International Social Housing Festival \u00e0 Dublin, en Irlande (du 4 au 6 juin), le European Community Land Trust Network\u2026","rel":"","context":"Dans &quot;Blogs&quot;","block_context":{"text":"Blogs","link":"https:\/\/www.cltweb.org\/fr\/category\/blogs-fr\/"},"img":{"alt_text":"","src":"https:\/\/i0.wp.com\/www.cltweb.org\/wp-content\/uploads\/2025\/05\/Keti-Tskitishvili.jpg?resize=350%2C200&ssl=1","width":350,"height":200,"srcset":"https:\/\/i0.wp.com\/www.cltweb.org\/wp-content\/uploads\/2025\/05\/Keti-Tskitishvili.jpg?resize=350%2C200&ssl=1 1x, https:\/\/i0.wp.com\/www.cltweb.org\/wp-content\/uploads\/2025\/05\/Keti-Tskitishvili.jpg?resize=525%2C300&ssl=1 1.5x, https:\/\/i0.wp.com\/www.cltweb.org\/wp-content\/uploads\/2025\/05\/Keti-Tskitishvili.jpg?resize=700%2C400&ssl=1 2x"},"classes":[]},{"id":7721,"url":"https:\/\/www.cltweb.org\/fr\/2024\/11\/18\/le-lincoln-institute-of-land-policy-publie-un-rapport-sur-la-preservation-de-laccession-abordable-a-la-propriete-grace-aux-fonds-fonciers-communautaires-community-land-trusts\/","url_meta":{"origin":7248,"position":3},"title":"Le Lincoln Institute of Land Policy publie un rapport sur la pr\u00e9servation de l&#8217;accession abordable \u00e0 la propri\u00e9t\u00e9 gr\u00e2ce aux fonds fonciers communautaires (Community Land Trusts)","author":"Ben Harris","date":"18 novembre 2024","format":false,"excerpt":"Le rapport sur les actions cibl\u00e9es donne un aper\u00e7u de la mani\u00e8re dont les autorit\u00e9s municipales soutiennent la cr\u00e9ation, l'expansion et le fonctionnement des CLT CAMBRIDGE, MA - LeLincoln Institute of Land Policy a publi\u00e9 un nouveau rapport sur les orientations politiques, Preserving Affordable Homeownership : Municipal Partnerships with Community\u2026","rel":"","context":"Dans &quot;Communiqu\u00e9 de presse&quot;","block_context":{"text":"Communiqu\u00e9 de presse","link":"https:\/\/www.cltweb.org\/fr\/category\/communique-de-presse\/"},"img":{"alt_text":"","src":"","width":0,"height":0},"classes":[]},{"id":10664,"url":"https:\/\/www.cltweb.org\/fr\/2025\/11\/17\/les-clt-et-laction-climatique-un-mouvement-croissant-pour-une-transition-juste\/","url_meta":{"origin":7248,"position":4},"title":"Les CLT et l&#8217;action climatique : Un mouvement croissant pour une transition juste","author":"Ben Harris","date":"17 novembre 2025","format":false,"excerpt":"Cet article fait partie de notre campagne de fin d'ann\u00e9e c\u00e9l\u00e9brant la mani\u00e8re dont le Centre CLT s'efforce de servir le mouvement CLT mondial. Cette semaine, nous mettons en lumi\u00e8re : L'initiative pour la justice climatique L'urgence climatique n'est plus une menace lointaine : elle est l\u00e0, remodelant les lieux\u2026","rel":"","context":"Dans &quot;Initiative pour la justice climatique&quot;","block_context":{"text":"Initiative pour la justice climatique","link":"https:\/\/www.cltweb.org\/fr\/category\/initiative-pour-la-justice-climatique\/"},"img":{"alt_text":"","src":"https:\/\/i0.wp.com\/www.cltweb.org\/wp-content\/uploads\/2025\/11\/Land-for-People-Not-for-Profit-Banner.gif?resize=350%2C200&ssl=1","width":350,"height":200,"srcset":"https:\/\/i0.wp.com\/www.cltweb.org\/wp-content\/uploads\/2025\/11\/Land-for-People-Not-for-Profit-Banner.gif?resize=350%2C200&ssl=1 1x, https:\/\/i0.wp.com\/www.cltweb.org\/wp-content\/uploads\/2025\/11\/Land-for-People-Not-for-Profit-Banner.gif?resize=525%2C300&ssl=1 1.5x, https:\/\/i0.wp.com\/www.cltweb.org\/wp-content\/uploads\/2025\/11\/Land-for-People-Not-for-Profit-Banner.gif?resize=700%2C400&ssl=1 2x, https:\/\/i0.wp.com\/www.cltweb.org\/wp-content\/uploads\/2025\/11\/Land-for-People-Not-for-Profit-Banner.gif?resize=1050%2C600&ssl=1 3x, https:\/\/i0.wp.com\/www.cltweb.org\/wp-content\/uploads\/2025\/11\/Land-for-People-Not-for-Profit-Banner.gif?resize=1400%2C800&ssl=1 4x"},"classes":[]},{"id":6587,"url":"https:\/\/www.cltweb.org\/fr\/2022\/10\/11\/evenement-du-centre-clt-lancement-du-livre-community-matters\/","url_meta":{"origin":7248,"position":5},"title":"\u00c9V\u00c9NEMENT DU CENTRE CLT : Lancement du livre Community Matters","author":"cltredesign_0jp0l4","date":"11 octobre 2022","format":false,"excerpt":"Rejoignez-nous pour c\u00e9l\u00e9brer la publication du dernier livre de Terra Nostra Press, Community Matters. Ce webinaire r\u00e9unira des praticiens des CLT de Boston, Bruxelles, Londres, Houston et San Juan, dont les perspectives sur l'organisation communautaire et l'engagement des r\u00e9sidents sont pr\u00e9sent\u00e9es dans le livre.","rel":"","context":"Dans &quot;Non classifi\u00e9(e)&quot;","block_context":{"text":"Non classifi\u00e9(e)","link":"https:\/\/www.cltweb.org\/fr\/category\/non-classifiee\/"},"img":{"alt_text":"Couverture du livre Community Matters","src":"https:\/\/i0.wp.com\/www.cltweb.org\/wp-content\/uploads\/2022\/09\/Community-Matters-final-book-cover-062822-683x1024.jpeg?resize=350%2C200&ssl=1","width":350,"height":200},"classes":[]}],"_links":{"self":[{"href":"https:\/\/www.cltweb.org\/fr\/wp-json\/wp\/v2\/posts\/7248","targetHints":{"allow":["GET"]}}],"collection":[{"href":"https:\/\/www.cltweb.org\/fr\/wp-json\/wp\/v2\/posts"}],"about":[{"href":"https:\/\/www.cltweb.org\/fr\/wp-json\/wp\/v2\/types\/post"}],"author":[{"embeddable":true,"href":"https:\/\/www.cltweb.org\/fr\/wp-json\/wp\/v2\/users\/1"}],"replies":[{"embeddable":true,"href":"https:\/\/www.cltweb.org\/fr\/wp-json\/wp\/v2\/comments?post=7248"}],"version-history":[{"count":1,"href":"https:\/\/www.cltweb.org\/fr\/wp-json\/wp\/v2\/posts\/7248\/revisions"}],"predecessor-version":[{"id":7249,"href":"https:\/\/www.cltweb.org\/fr\/wp-json\/wp\/v2\/posts\/7248\/revisions\/7249"}],"wp:attachment":[{"href":"https:\/\/www.cltweb.org\/fr\/wp-json\/wp\/v2\/media?parent=7248"}],"wp:term":[{"taxonomy":"category","embeddable":true,"href":"https:\/\/www.cltweb.org\/fr\/wp-json\/wp\/v2\/categories?post=7248"},{"taxonomy":"post_tag","embeddable":true,"href":"https:\/\/www.cltweb.org\/fr\/wp-json\/wp\/v2\/tags?post=7248"}],"curies":[{"name":"wp","href":"https:\/\/api.w.org\/{rel}","templated":true}]}}