{"id":7882,"date":"2024-11-22T10:04:32","date_gmt":"2024-11-22T10:04:32","guid":{"rendered":"https:\/\/www.cltweb.org\/2024\/11\/22\/un-parcours-personnel-vers-lequite-et-la-justice-en-matiere-de-logement\/"},"modified":"2024-11-24T19:44:00","modified_gmt":"2024-11-24T19:44:00","slug":"un-parcours-personnel-vers-lequite-et-la-justice-en-matiere-de-logement","status":"publish","type":"post","link":"https:\/\/www.cltweb.org\/fr\/2024\/11\/22\/un-parcours-personnel-vers-lequite-et-la-justice-en-matiere-de-logement\/","title":{"rendered":"Un parcours personnel vers l&#8217;\u00e9quit\u00e9 et la justice en mati\u00e8re de logement"},"content":{"rendered":"\n<p><em><strong><em>La contribution suivante a \u00e9t\u00e9 r\u00e9dig\u00e9e par Ashley Allen, directrice ex\u00e9cutive du <a href=\"https:\/\/www.houstonclt.org\/\" target=\"_blank\" rel=\"noreferrer noopener\">Houston Community Land Trust<\/a>, dans le cadre du prochain webinaire intitul\u00e9 &#8220;<\/em><a href=\"https:\/\/us06web.zoom.us\/webinar\/register\/WN_a7sfnvrVRxOUp6GuIeRrzQ#\/registration\" target=\"_blank\" rel=\"noreferrer noopener\"><strong><em>La gestion de l&#8217;avenir : Le pouvoir et le leadership des jeunes dans la pratique des Community Land Trust<\/em><\/strong><\/a><em>&#8220;le 4 d\u00e9cembre.<\/em><\/strong><\/em><\/p>\n\n<figure class=\"wp-block-image alignright size-large is-resized\"><img loading=\"lazy\" decoding=\"async\" width=\"1024\" height=\"576\" src=\"https:\/\/www.cltweb.org\/wp-content\/uploads\/2024\/11\/20160229_105905-2-1024x576.jpg\" alt=\"\" class=\"wp-image-7861\" style=\"width:407px;height:auto\" srcset=\"https:\/\/www.cltweb.org\/wp-content\/uploads\/2024\/11\/20160229_105905-2-1024x576.jpg 1024w, https:\/\/www.cltweb.org\/wp-content\/uploads\/2024\/11\/20160229_105905-2-300x169.jpg 300w, https:\/\/www.cltweb.org\/wp-content\/uploads\/2024\/11\/20160229_105905-2-768x432.jpg 768w, https:\/\/www.cltweb.org\/wp-content\/uploads\/2024\/11\/20160229_105905-2-1536x864.jpg 1536w, https:\/\/www.cltweb.org\/wp-content\/uploads\/2024\/11\/20160229_105905-2-2048x1152.jpg 2048w\" sizes=\"auto, (max-width: 1024px) 100vw, 1024px\" \/><figcaption class=\"wp-element-caption\">Ashley \u00e0 10 ans, prise dans le deuxi\u00e8me refuge o\u00f9 elle a v\u00e9cu<\/figcaption><\/figure>\n\n<p>En 1993, ma famille s&#8217;est retrouv\u00e9e sans abri. Je me souviens de nos premi\u00e8res nuits dans le refuge de l&#8217;Arm\u00e9e du Salut. J&#8217;avais neuf ou dix ans et je me souviens avoir dormi sur la couchette sup\u00e9rieure d&#8217;un lit superpos\u00e9 en m\u00e9tal que je partageais avec ma s\u0153ur de quatre ans, tandis que ma m\u00e8re et mon fr\u00e8re nouveau-n\u00e9 partageaient la couchette du dessous. En regardant autour de moi, je me suis aper\u00e7ue qu&#8217;il y avait pr\u00e8s d&#8217;une centaine de femmes et d&#8217;enfants dans une grande pi\u00e8ce, tous dans ces lits superpos\u00e9s, align\u00e9s en rang\u00e9es. Nous avions tous des ant\u00e9c\u00e9dents et des circonstances diff\u00e9rents, mais nous \u00e9tions tous sans logement. Quelques mois plus tard, nous avons d\u00e9m\u00e9nag\u00e9 dans un autre refuge o\u00f9 ma famille partageait une pi\u00e8ce avec quatre lits, un pour chacun d&#8217;entre nous. Ma famille a lutt\u00e9 contre le sans-abrisme par intermittence pendant plus de 20 ans, bien que ma m\u00e8re ait travaill\u00e9 r\u00e9guli\u00e8rement pendant la majeure partie de cette p\u00e9riode. Quel que soit le niveau de travail de ma m\u00e8re, le co\u00fbt du logement d\u00e9passait ses revenus, et ce dans les ann\u00e9es 90 et au d\u00e9but des ann\u00e9es 2000. Lorsque je retourne en Caroline du Nord, la plupart des anciennes maisons que nous avions, dont une caravane sur une petite colline d&#8217;argile rouge et de maigres parcelles d&#8217;herbe, ont disparu. L\u00e0 o\u00f9 se trouvait cette caravane se trouvent aujourd&#8217;hui des maisons d&#8217;une valeur de 900 000 dollars. Ils ont m\u00eame chang\u00e9 le nom de la rue de Firth Court \u00e0 Tippah Park Court, juste pour s&#8217;assurer que les vestiges de ce qui existait soient compl\u00e8tement effac\u00e9s.          <\/p>\n\n<p>Pendant toute ma jeunesse, de 1993 \u00e0 2004, j&#8217;ai lutt\u00e9 pour ma survie. Aux c\u00f4t\u00e9s de ma famille, j&#8217;ai men\u00e9 ce qui m&#8217;a sembl\u00e9 \u00eatre une bataille sans fin contre l&#8217;ins\u00e9curit\u00e9 du logement. Cette exp\u00e9rience a \u00e9t\u00e9 une source de douleur et, honn\u00eatement, elle l&#8217;est encore certains jours. Je ne raconte pas cette histoire comme une triste histoire de ma vie, mais comme un exemple de ce qui se passe dans les villes et les villages du monde entier, o\u00f9 les gens ne perdent pas seulement leur maison, mais aussi leur communaut\u00e9. Cette exp\u00e9rience v\u00e9cue dans ma jeunesse a \u00e9t\u00e9 le catalyseur du travail que j&#8217;ai accompli et que je continue d&#8217;accomplir. Je veux m&#8217;assurer que moins de gens vivent ce que ma famille et moi avons v\u00e9cu, et que si par hasard ils se retrouvent dans une situation similaire, ils puissent s&#8217;en sortir avec un endroit confortable qu&#8217;ils pourront appeler leur maison. En 2008, je suis devenue organisatrice communautaire au sein de la Chicago Coalition for the Homeless ( <a href=\"https:\/\/chicagohomeless.org\/\">Coalition de Chicago pour les sans-abri<\/a>), aujourd&#8217;hui appel\u00e9e <a href=\"https:\/\/chicagohomeless.org\/\">Chicago Coalition to end Homelessness (Coalition de Chicago pour mettre fin au sans-abrisme)<\/a>. En devenant organisatrice, j&#8217;ai donn\u00e9 une voix \u00e0 la jeune Ashley, j&#8217;ai transform\u00e9 ma honte et ma douleur en passion et en objectif. Je me suis moins concentr\u00e9e sur ce qui m&#8217;\u00e9tait arriv\u00e9 que sur les raisons pour lesquelles c&#8217;\u00e9tait arriv\u00e9 et pourquoi cela continuait \u00e0 arriver \u00e0 d&#8217;autres.       <\/p>\n\n<figure class=\"wp-block-image alignleft size-large is-resized\"><img loading=\"lazy\" decoding=\"async\" width=\"1024\" height=\"674\" src=\"https:\/\/www.cltweb.org\/wp-content\/uploads\/2024\/11\/Screenshot_2015-11-18-21-46-57-1-1024x674.png\" alt=\"\" class=\"wp-image-7845\" style=\"width:393px;height:auto\" srcset=\"https:\/\/www.cltweb.org\/wp-content\/uploads\/2024\/11\/Screenshot_2015-11-18-21-46-57-1-1024x674.png 1024w, https:\/\/www.cltweb.org\/wp-content\/uploads\/2024\/11\/Screenshot_2015-11-18-21-46-57-1-300x198.png 300w, https:\/\/www.cltweb.org\/wp-content\/uploads\/2024\/11\/Screenshot_2015-11-18-21-46-57-1-768x506.png 768w, https:\/\/www.cltweb.org\/wp-content\/uploads\/2024\/11\/Screenshot_2015-11-18-21-46-57-1.png 1440w\" sizes=\"auto, (max-width: 1024px) 100vw, 1024px\" \/><figcaption class=\"wp-element-caption\">Ashley, organisatrice \u00e0 Chicago<\/figcaption><\/figure>\n\n<p>Au fur et \u00e0 mesure que j&#8217;en apprenais davantage sur la politique du logement, le financement du logement et le d\u00e9veloppement du logement, il est devenu \u00e9vident que la question du logement ne concernait plus simplement un endroit o\u00f9 l&#8217;on peut se sentir chez soi, ou un droit de l&#8217;homme. La priorit\u00e9 en mati\u00e8re de logement est d\u00e9sormais de faire gagner de l&#8217;argent \u00e0 quelqu&#8217;un, qu&#8217;il s&#8217;agisse d&#8217;un particulier, d&#8217;un promoteur ou d&#8217;une municipalit\u00e9. Le logement est essentiel \u00e0 l&#8217;am\u00e9lioration de la sant\u00e9 physique et mentale. Un logement de qualit\u00e9 et s\u00fbr permet d&#8217;am\u00e9liorer le niveau d&#8217;\u00e9ducation et de r\u00e9ussite, un logement stable cr\u00e9e des communaut\u00e9s stables et une main-d&#8217;\u0153uvre stable pour faire tourner notre \u00e9conomie. Le logement est bien plus qu&#8217;un simple retour sur investissement. Le logement, ou mieux encore, une maison, est un investissement dans le bien-\u00eatre d&#8217;une personne et d&#8217;une communaut\u00e9.     <\/p>\n\n<p>Essayer de cr\u00e9er un changement syst\u00e9mique est un chemin difficile \u00e0 parcourir, surtout lorsqu&#8217;on a l&#8217;impression de le parcourir seul. Travailler avec les organisateurs de Chicago et les d\u00e9fenseurs et organisateurs du CLT dans le monde entier m&#8217;a permis de savoir que je ne marchais pas seule et m&#8217;a aid\u00e9e \u00e0 poursuivre le travail de ceux sur les \u00e9paules desquels je me tiens. Je ne peux pas changer mon pass\u00e9, mais je peux travailler avec d&#8217;autres pour g\u00e9rer l&#8217;avenir et aider les jeunes \u00e0 poursuivre la lutte pour le changement au nom de la jeune Ashley et d&#8217;autres personnes comme elle.  <\/p>\n\n<figure class=\"wp-block-image aligncenter size-large is-resized\"><img loading=\"lazy\" decoding=\"async\" width=\"1024\" height=\"568\" src=\"https:\/\/www.cltweb.org\/wp-content\/uploads\/2024\/11\/HCLT-2nd-Annual-Membership-Meeting-1024x568.jpg\" alt=\"\" class=\"wp-image-7849\" style=\"width:730px;height:auto\" srcset=\"https:\/\/www.cltweb.org\/wp-content\/uploads\/2024\/11\/HCLT-2nd-Annual-Membership-Meeting-1024x568.jpg 1024w, https:\/\/www.cltweb.org\/wp-content\/uploads\/2024\/11\/HCLT-2nd-Annual-Membership-Meeting-300x166.jpg 300w, https:\/\/www.cltweb.org\/wp-content\/uploads\/2024\/11\/HCLT-2nd-Annual-Membership-Meeting-768x426.jpg 768w, https:\/\/www.cltweb.org\/wp-content\/uploads\/2024\/11\/HCLT-2nd-Annual-Membership-Meeting-1536x852.jpg 1536w, https:\/\/www.cltweb.org\/wp-content\/uploads\/2024\/11\/HCLT-2nd-Annual-Membership-Meeting-2048x1136.jpg 2048w\" sizes=\"auto, (max-width: 1024px) 100vw, 1024px\" \/><figcaption class=\"wp-element-caption\">Photo prise lors de la deuxi\u00e8me r\u00e9union annuelle des membres du Houston CLT<\/figcaption><\/figure>\n\n<h4 class=\"wp-block-heading\" id=\"h-bio\">Bio<\/h4>\n\n<figure class=\"wp-block-image alignright size-full is-resized\"><img decoding=\"async\" src=\"https:\/\/www.cltweb.org\/wp-content\/uploads\/2024\/11\/IMG_20220516_215853_441-2.jpg\" alt=\"\" class=\"wp-image-7865\" style=\"width:264px;height:auto\"\/><\/figure>\n\n<p>Ashley Allen est directrice ex\u00e9cutive du Houston Community Land Trust. Elle apporte \u00e0 cette fonction une exp\u00e9rience de leadership et de d\u00e9veloppement de programmes \u00e0 but non lucratif dans les domaines de l&#8217;\u00e9ducation, du S.T.E.M., du d\u00e9veloppement de la main-d&#8217;\u0153uvre et du logement abordable. En tant qu&#8217;organisatrice communautaire pendant plus de 10 ans, elle a contribu\u00e9 \u00e0 l&#8217;\u00e9laboration et \u00e0 la conduite de campagnes visant \u00e0 am\u00e9liorer les services aux sans-abri, la politique de logement abordable et l&#8217;\u00e9ducation \u00e0 Chicago (IL). Ashley a \u00e9t\u00e9 consultante aupr\u00e8s de la Fondation Barack Obama, o\u00f9 elle \u00e9tait responsable de la planification et de la mise en \u0153uvre de l&#8217;initiative de la fondation visant \u00e0 former la prochaine g\u00e9n\u00e9ration d&#8217;organisateurs et de d\u00e9fenseurs de la communaut\u00e9. L&#8217;exp\u00e9rience d&#8217;Ashley en tant que jeune sans-abri est \u00e0 l&#8217;origine de sa passion pour l&#8217;am\u00e9lioration de l&#8217;accessibilit\u00e9 et de l&#8217;abordabilit\u00e9 des logements pour ceux qui en ont le plus besoin. Elle si\u00e8ge au conseil d&#8217;administration de la Coalition for the Homeless of Houston\/Harris County et est membre du Houston Alumnae Chapter of Delta Sigma Theta, Sorority, Inc. Ashley est titulaire d&#8217;une licence en sciences alimentaires de la Florida A&amp;M University, d&#8217;un M.P.A. de la Governors State University et d&#8217;un doctorat en politique culturelle et \u00e9ducative avec une sp\u00e9cialisation en sociologie de la Loyola University Chicago.      <\/p>\n","protected":false},"excerpt":{"rendered":"<p>La contribution suivante a \u00e9t\u00e9 r\u00e9dig\u00e9e par Ashley Allen, directrice ex\u00e9cutive du Houston Community Land Trust, dans le cadre du prochain webinaire intitul\u00e9 &#8220;La gestion de l&#8217;avenir : Le pouvoir [&hellip;]<\/p>\n","protected":false},"author":2,"featured_media":7874,"comment_status":"closed","ping_status":"open","sticky":false,"template":"","format":"standard","meta":{"give_campaign_id":0,"_tec_requires_first_save":true,"_kad_blocks_custom_css":"","_kad_blocks_head_custom_js":"","_kad_blocks_body_custom_js":"","_kad_blocks_footer_custom_js":"","_EventAllDay":false,"_EventTimezone":"","_EventStartDate":"","_EventEndDate":"","_EventStartDateUTC":"","_EventEndDateUTC":"","_EventShowMap":false,"_EventShowMapLink":false,"_EventURL":"","_EventCost":"","_EventCostDescription":"","_EventCurrencySymbol":"","_EventCurrencyCode":"","_EventCurrencyPosition":"","_EventDateTimeSeparator":"","_EventTimeRangeSeparator":"","_EventOrganizerID":[],"_EventVenueID":[],"_OrganizerEmail":"","_OrganizerPhone":"","_OrganizerWebsite":"","_VenueAddress":"","_VenueCity":"","_VenueCountry":"","_VenueProvince":"","_VenueState":"","_VenueZip":"","_VenuePhone":"","_VenueURL":"","_VenueStateProvince":"","_VenueLat":"","_VenueLng":"","_VenueShowMap":false,"_VenueShowMapLink":false,"_tribe_blocks_recurrence_rules":"","_tribe_blocks_recurrence_description":"","_tribe_blocks_recurrence_exclusions":"","_jetpack_memberships_contains_paid_content":false,"footnotes":""},"categories":[292],"tags":[315,299,316],"class_list":["post-7882","post","type-post","status-publish","format-standard","has-post-thumbnail","hentry","category-blogs-fr","tag-justice-fr","tag-la-jeunesse","tag-logement"],"blocksy_meta":[],"yoast_head":"<!-- This site is optimized with the Yoast SEO Premium plugin v27.5 (Yoast SEO v27.5) - https:\/\/yoast.com\/product\/yoast-seo-premium-wordpress\/ -->\n<title>Un parcours personnel vers l&#039;\u00e9quit\u00e9 et la justice en mati\u00e8re de logement - International Center for Community Land Trusts<\/title>\n<meta name=\"description\" content=\"Lisez le parcours personnel d&#039;Ashley Allen, fait de r\u00e9silience, de plaidoyer et de lutte pour la justice en mati\u00e8re de logement et l&#039;autonomisation des communaut\u00e9s.\" \/>\n<meta name=\"robots\" content=\"index, follow, max-snippet:-1, max-image-preview:large, max-video-preview:-1\" \/>\n<link rel=\"canonical\" href=\"https:\/\/www.cltweb.org\/fr\/2024\/11\/22\/un-parcours-personnel-vers-lequite-et-la-justice-en-matiere-de-logement\/\" \/>\n<meta property=\"og:locale\" content=\"fr_FR\" \/>\n<meta property=\"og:type\" content=\"article\" \/>\n<meta property=\"og:title\" content=\"Un parcours personnel vers l&#039;\u00e9quit\u00e9 et la justice en mati\u00e8re de logement\" \/>\n<meta property=\"og:description\" content=\"Lisez le parcours personnel d&#039;Ashley Allen, fait de r\u00e9silience, de plaidoyer et de lutte pour la justice en mati\u00e8re de logement et l&#039;autonomisation des communaut\u00e9s.\" \/>\n<meta property=\"og:url\" content=\"https:\/\/www.cltweb.org\/fr\/2024\/11\/22\/un-parcours-personnel-vers-lequite-et-la-justice-en-matiere-de-logement\/\" \/>\n<meta property=\"og:site_name\" content=\"International Center for Community Land Trusts\" \/>\n<meta property=\"article:publisher\" content=\"https:\/\/www.facebook.com\/cltcenter\" \/>\n<meta property=\"article:published_time\" content=\"2024-11-22T10:04:32+00:00\" \/>\n<meta property=\"article:modified_time\" content=\"2024-11-24T19:44:00+00:00\" \/>\n<meta property=\"og:image\" content=\"https:\/\/www.cltweb.org\/wp-content\/uploads\/2024\/11\/Screenshot_2015-11-18-21-46-57-1-1-1024x674.png\" \/>\n<meta name=\"author\" content=\"Ben Harris\" \/>\n<meta name=\"twitter:card\" content=\"summary_large_image\" \/>\n<meta name=\"twitter:creator\" content=\"@Center4CLTs\" \/>\n<meta name=\"twitter:site\" content=\"@Center4CLTs\" \/>\n<meta name=\"twitter:label1\" content=\"\u00c9crit par\" \/>\n\t<meta name=\"twitter:data1\" content=\"Ben Harris\" \/>\n\t<meta name=\"twitter:label2\" content=\"Dur\u00e9e de lecture estim\u00e9e\" \/>\n\t<meta name=\"twitter:data2\" content=\"6 minutes\" \/>\n<script type=\"application\/ld+json\" class=\"yoast-schema-graph\">{\"@context\":\"https:\\\/\\\/schema.org\",\"@graph\":[{\"@type\":\"Article\",\"@id\":\"https:\\\/\\\/www.cltweb.org\\\/fr\\\/2024\\\/11\\\/22\\\/un-parcours-personnel-vers-lequite-et-la-justice-en-matiere-de-logement\\\/#article\",\"isPartOf\":{\"@id\":\"https:\\\/\\\/www.cltweb.org\\\/fr\\\/2024\\\/11\\\/22\\\/un-parcours-personnel-vers-lequite-et-la-justice-en-matiere-de-logement\\\/\"},\"author\":{\"name\":\"Ben Harris\",\"@id\":\"https:\\\/\\\/www.cltweb.org\\\/fr\\\/#\\\/schema\\\/person\\\/7c9fe56cc945e4b57585dbfe30f2ead4\"},\"headline\":\"Un parcours personnel vers l&#8217;\u00e9quit\u00e9 et la justice en mati\u00e8re de logement\",\"datePublished\":\"2024-11-22T10:04:32+00:00\",\"dateModified\":\"2024-11-24T19:44:00+00:00\",\"mainEntityOfPage\":{\"@id\":\"https:\\\/\\\/www.cltweb.org\\\/fr\\\/2024\\\/11\\\/22\\\/un-parcours-personnel-vers-lequite-et-la-justice-en-matiere-de-logement\\\/\"},\"wordCount\":1184,\"publisher\":{\"@id\":\"https:\\\/\\\/www.cltweb.org\\\/fr\\\/#organization\"},\"image\":{\"@id\":\"https:\\\/\\\/www.cltweb.org\\\/fr\\\/2024\\\/11\\\/22\\\/un-parcours-personnel-vers-lequite-et-la-justice-en-matiere-de-logement\\\/#primaryimage\"},\"thumbnailUrl\":\"https:\\\/\\\/www.cltweb.org\\\/wp-content\\\/uploads\\\/2024\\\/11\\\/Screenshot_2015-11-18-21-46-57-1-1.png\",\"keywords\":[\"justice\",\"la jeunesse\",\"logement\"],\"articleSection\":[\"Blogs\"],\"inLanguage\":\"fr-FR\"},{\"@type\":\"WebPage\",\"@id\":\"https:\\\/\\\/www.cltweb.org\\\/fr\\\/2024\\\/11\\\/22\\\/un-parcours-personnel-vers-lequite-et-la-justice-en-matiere-de-logement\\\/\",\"url\":\"https:\\\/\\\/www.cltweb.org\\\/fr\\\/2024\\\/11\\\/22\\\/un-parcours-personnel-vers-lequite-et-la-justice-en-matiere-de-logement\\\/\",\"name\":\"Un parcours personnel vers l'\u00e9quit\u00e9 et la justice en mati\u00e8re de logement - International Center for Community Land Trusts\",\"isPartOf\":{\"@id\":\"https:\\\/\\\/www.cltweb.org\\\/fr\\\/#website\"},\"primaryImageOfPage\":{\"@id\":\"https:\\\/\\\/www.cltweb.org\\\/fr\\\/2024\\\/11\\\/22\\\/un-parcours-personnel-vers-lequite-et-la-justice-en-matiere-de-logement\\\/#primaryimage\"},\"image\":{\"@id\":\"https:\\\/\\\/www.cltweb.org\\\/fr\\\/2024\\\/11\\\/22\\\/un-parcours-personnel-vers-lequite-et-la-justice-en-matiere-de-logement\\\/#primaryimage\"},\"thumbnailUrl\":\"https:\\\/\\\/www.cltweb.org\\\/wp-content\\\/uploads\\\/2024\\\/11\\\/Screenshot_2015-11-18-21-46-57-1-1.png\",\"datePublished\":\"2024-11-22T10:04:32+00:00\",\"dateModified\":\"2024-11-24T19:44:00+00:00\",\"description\":\"Lisez le parcours personnel d'Ashley Allen, fait de r\u00e9silience, de plaidoyer et de lutte pour la justice en mati\u00e8re de logement et l'autonomisation des communaut\u00e9s.\",\"breadcrumb\":{\"@id\":\"https:\\\/\\\/www.cltweb.org\\\/fr\\\/2024\\\/11\\\/22\\\/un-parcours-personnel-vers-lequite-et-la-justice-en-matiere-de-logement\\\/#breadcrumb\"},\"inLanguage\":\"fr-FR\",\"potentialAction\":[{\"@type\":\"ReadAction\",\"target\":[\"https:\\\/\\\/www.cltweb.org\\\/fr\\\/2024\\\/11\\\/22\\\/un-parcours-personnel-vers-lequite-et-la-justice-en-matiere-de-logement\\\/\"]}]},{\"@type\":\"ImageObject\",\"inLanguage\":\"fr-FR\",\"@id\":\"https:\\\/\\\/www.cltweb.org\\\/fr\\\/2024\\\/11\\\/22\\\/un-parcours-personnel-vers-lequite-et-la-justice-en-matiere-de-logement\\\/#primaryimage\",\"url\":\"https:\\\/\\\/www.cltweb.org\\\/wp-content\\\/uploads\\\/2024\\\/11\\\/Screenshot_2015-11-18-21-46-57-1-1.png\",\"contentUrl\":\"https:\\\/\\\/www.cltweb.org\\\/wp-content\\\/uploads\\\/2024\\\/11\\\/Screenshot_2015-11-18-21-46-57-1-1.png\",\"width\":1440,\"height\":948},{\"@type\":\"BreadcrumbList\",\"@id\":\"https:\\\/\\\/www.cltweb.org\\\/fr\\\/2024\\\/11\\\/22\\\/un-parcours-personnel-vers-lequite-et-la-justice-en-matiere-de-logement\\\/#breadcrumb\",\"itemListElement\":[{\"@type\":\"ListItem\",\"position\":1,\"name\":\"Home\",\"item\":\"https:\\\/\\\/www.cltweb.org\\\/fr\\\/\"},{\"@type\":\"ListItem\",\"position\":2,\"name\":\"Un parcours personnel vers l&#8217;\u00e9quit\u00e9 et la justice en mati\u00e8re de logement\"}]},{\"@type\":\"WebSite\",\"@id\":\"https:\\\/\\\/www.cltweb.org\\\/fr\\\/#website\",\"url\":\"https:\\\/\\\/www.cltweb.org\\\/fr\\\/\",\"name\":\"International Center for Community Land Trusts\",\"description\":\"\",\"publisher\":{\"@id\":\"https:\\\/\\\/www.cltweb.org\\\/fr\\\/#organization\"},\"potentialAction\":[{\"@type\":\"SearchAction\",\"target\":{\"@type\":\"EntryPoint\",\"urlTemplate\":\"https:\\\/\\\/www.cltweb.org\\\/fr\\\/?s={search_term_string}\"},\"query-input\":{\"@type\":\"PropertyValueSpecification\",\"valueRequired\":true,\"valueName\":\"search_term_string\"}}],\"inLanguage\":\"fr-FR\"},{\"@type\":\"Organization\",\"@id\":\"https:\\\/\\\/www.cltweb.org\\\/fr\\\/#organization\",\"name\":\"International Center for Community Land Trusts\",\"url\":\"https:\\\/\\\/www.cltweb.org\\\/fr\\\/\",\"logo\":{\"@type\":\"ImageObject\",\"inLanguage\":\"fr-FR\",\"@id\":\"https:\\\/\\\/www.cltweb.org\\\/fr\\\/#\\\/schema\\\/logo\\\/image\\\/\",\"url\":\"https:\\\/\\\/www.cltweb.org\\\/wp-content\\\/uploads\\\/2024\\\/11\\\/New-CLT-Center-Text-logo.png\",\"contentUrl\":\"https:\\\/\\\/www.cltweb.org\\\/wp-content\\\/uploads\\\/2024\\\/11\\\/New-CLT-Center-Text-logo.png\",\"width\":227,\"height\":80,\"caption\":\"International Center for Community Land Trusts\"},\"image\":{\"@id\":\"https:\\\/\\\/www.cltweb.org\\\/fr\\\/#\\\/schema\\\/logo\\\/image\\\/\"},\"sameAs\":[\"https:\\\/\\\/www.facebook.com\\\/cltcenter\",\"https:\\\/\\\/x.com\\\/Center4CLTs\",\"https:\\\/\\\/www.instagram.com\\\/cltcenter\\\/\",\"https:\\\/\\\/www.linkedin.com\\\/company\\\/cltcenter\",\"https:\\\/\\\/www.youtube.com\\\/@centerforcltinnovation5313\"],\"description\":\"The International Center for Community Land Trusts is a not-for-profit nongovernmental organization established in 2018 to promote and to support community land trusts and similar strategies of community-led development on community-owned land in countries throughout the world.\",\"email\":\"info@communitylandtrust.net\",\"legalName\":\"International Center for Community Land Trusts\",\"foundingDate\":\"2018-12-01\",\"taxID\":\"84-3858933\",\"numberOfEmployees\":{\"@type\":\"QuantitativeValue\",\"minValue\":\"1\",\"maxValue\":\"10\"}},{\"@type\":\"Person\",\"@id\":\"https:\\\/\\\/www.cltweb.org\\\/fr\\\/#\\\/schema\\\/person\\\/7c9fe56cc945e4b57585dbfe30f2ead4\",\"name\":\"Ben Harris\",\"image\":{\"@type\":\"ImageObject\",\"inLanguage\":\"fr-FR\",\"@id\":\"https:\\\/\\\/secure.gravatar.com\\\/avatar\\\/12a44d8988553548c22c57da673ee8ffb7e0b87b0197beec533bae3061a92cc5?s=96&d=mm&r=g\",\"url\":\"https:\\\/\\\/secure.gravatar.com\\\/avatar\\\/12a44d8988553548c22c57da673ee8ffb7e0b87b0197beec533bae3061a92cc5?s=96&d=mm&r=g\",\"contentUrl\":\"https:\\\/\\\/secure.gravatar.com\\\/avatar\\\/12a44d8988553548c22c57da673ee8ffb7e0b87b0197beec533bae3061a92cc5?s=96&d=mm&r=g\",\"caption\":\"Ben Harris\"},\"url\":\"https:\\\/\\\/www.cltweb.org\\\/fr\\\/author\\\/ben\\\/\"}]}<\/script>\n<!-- \/ Yoast SEO Premium plugin. -->","yoast_head_json":{"title":"Un parcours personnel vers l'\u00e9quit\u00e9 et la justice en mati\u00e8re de logement - International Center for Community Land Trusts","description":"Lisez le parcours personnel d'Ashley Allen, fait de r\u00e9silience, de plaidoyer et de lutte pour la justice en mati\u00e8re de logement et l'autonomisation des communaut\u00e9s.","robots":{"index":"index","follow":"follow","max-snippet":"max-snippet:-1","max-image-preview":"max-image-preview:large","max-video-preview":"max-video-preview:-1"},"canonical":"https:\/\/www.cltweb.org\/fr\/2024\/11\/22\/un-parcours-personnel-vers-lequite-et-la-justice-en-matiere-de-logement\/","og_locale":"fr_FR","og_type":"article","og_title":"Un parcours personnel vers l'\u00e9quit\u00e9 et la justice en mati\u00e8re de logement","og_description":"Lisez le parcours personnel d'Ashley Allen, fait de r\u00e9silience, de plaidoyer et de lutte pour la justice en mati\u00e8re de logement et l'autonomisation des communaut\u00e9s.","og_url":"https:\/\/www.cltweb.org\/fr\/2024\/11\/22\/un-parcours-personnel-vers-lequite-et-la-justice-en-matiere-de-logement\/","og_site_name":"International Center for Community Land Trusts","article_publisher":"https:\/\/www.facebook.com\/cltcenter","article_published_time":"2024-11-22T10:04:32+00:00","article_modified_time":"2024-11-24T19:44:00+00:00","og_image":[{"url":"https:\/\/www.cltweb.org\/wp-content\/uploads\/2024\/11\/Screenshot_2015-11-18-21-46-57-1-1-1024x674.png","type":"","width":"","height":""}],"author":"Ben Harris","twitter_card":"summary_large_image","twitter_creator":"@Center4CLTs","twitter_site":"@Center4CLTs","twitter_misc":{"\u00c9crit par":"Ben Harris","Dur\u00e9e de lecture estim\u00e9e":"6 minutes"},"schema":{"@context":"https:\/\/schema.org","@graph":[{"@type":"Article","@id":"https:\/\/www.cltweb.org\/fr\/2024\/11\/22\/un-parcours-personnel-vers-lequite-et-la-justice-en-matiere-de-logement\/#article","isPartOf":{"@id":"https:\/\/www.cltweb.org\/fr\/2024\/11\/22\/un-parcours-personnel-vers-lequite-et-la-justice-en-matiere-de-logement\/"},"author":{"name":"Ben Harris","@id":"https:\/\/www.cltweb.org\/fr\/#\/schema\/person\/7c9fe56cc945e4b57585dbfe30f2ead4"},"headline":"Un parcours personnel vers l&#8217;\u00e9quit\u00e9 et la justice en mati\u00e8re de logement","datePublished":"2024-11-22T10:04:32+00:00","dateModified":"2024-11-24T19:44:00+00:00","mainEntityOfPage":{"@id":"https:\/\/www.cltweb.org\/fr\/2024\/11\/22\/un-parcours-personnel-vers-lequite-et-la-justice-en-matiere-de-logement\/"},"wordCount":1184,"publisher":{"@id":"https:\/\/www.cltweb.org\/fr\/#organization"},"image":{"@id":"https:\/\/www.cltweb.org\/fr\/2024\/11\/22\/un-parcours-personnel-vers-lequite-et-la-justice-en-matiere-de-logement\/#primaryimage"},"thumbnailUrl":"https:\/\/www.cltweb.org\/wp-content\/uploads\/2024\/11\/Screenshot_2015-11-18-21-46-57-1-1.png","keywords":["justice","la jeunesse","logement"],"articleSection":["Blogs"],"inLanguage":"fr-FR"},{"@type":"WebPage","@id":"https:\/\/www.cltweb.org\/fr\/2024\/11\/22\/un-parcours-personnel-vers-lequite-et-la-justice-en-matiere-de-logement\/","url":"https:\/\/www.cltweb.org\/fr\/2024\/11\/22\/un-parcours-personnel-vers-lequite-et-la-justice-en-matiere-de-logement\/","name":"Un parcours personnel vers l'\u00e9quit\u00e9 et la justice en mati\u00e8re de logement - International Center for Community Land Trusts","isPartOf":{"@id":"https:\/\/www.cltweb.org\/fr\/#website"},"primaryImageOfPage":{"@id":"https:\/\/www.cltweb.org\/fr\/2024\/11\/22\/un-parcours-personnel-vers-lequite-et-la-justice-en-matiere-de-logement\/#primaryimage"},"image":{"@id":"https:\/\/www.cltweb.org\/fr\/2024\/11\/22\/un-parcours-personnel-vers-lequite-et-la-justice-en-matiere-de-logement\/#primaryimage"},"thumbnailUrl":"https:\/\/www.cltweb.org\/wp-content\/uploads\/2024\/11\/Screenshot_2015-11-18-21-46-57-1-1.png","datePublished":"2024-11-22T10:04:32+00:00","dateModified":"2024-11-24T19:44:00+00:00","description":"Lisez le parcours personnel d'Ashley Allen, fait de r\u00e9silience, de plaidoyer et de lutte pour la justice en mati\u00e8re de logement et l'autonomisation des communaut\u00e9s.","breadcrumb":{"@id":"https:\/\/www.cltweb.org\/fr\/2024\/11\/22\/un-parcours-personnel-vers-lequite-et-la-justice-en-matiere-de-logement\/#breadcrumb"},"inLanguage":"fr-FR","potentialAction":[{"@type":"ReadAction","target":["https:\/\/www.cltweb.org\/fr\/2024\/11\/22\/un-parcours-personnel-vers-lequite-et-la-justice-en-matiere-de-logement\/"]}]},{"@type":"ImageObject","inLanguage":"fr-FR","@id":"https:\/\/www.cltweb.org\/fr\/2024\/11\/22\/un-parcours-personnel-vers-lequite-et-la-justice-en-matiere-de-logement\/#primaryimage","url":"https:\/\/www.cltweb.org\/wp-content\/uploads\/2024\/11\/Screenshot_2015-11-18-21-46-57-1-1.png","contentUrl":"https:\/\/www.cltweb.org\/wp-content\/uploads\/2024\/11\/Screenshot_2015-11-18-21-46-57-1-1.png","width":1440,"height":948},{"@type":"BreadcrumbList","@id":"https:\/\/www.cltweb.org\/fr\/2024\/11\/22\/un-parcours-personnel-vers-lequite-et-la-justice-en-matiere-de-logement\/#breadcrumb","itemListElement":[{"@type":"ListItem","position":1,"name":"Home","item":"https:\/\/www.cltweb.org\/fr\/"},{"@type":"ListItem","position":2,"name":"Un parcours personnel vers l&#8217;\u00e9quit\u00e9 et la justice en mati\u00e8re de logement"}]},{"@type":"WebSite","@id":"https:\/\/www.cltweb.org\/fr\/#website","url":"https:\/\/www.cltweb.org\/fr\/","name":"International Center for Community Land Trusts","description":"","publisher":{"@id":"https:\/\/www.cltweb.org\/fr\/#organization"},"potentialAction":[{"@type":"SearchAction","target":{"@type":"EntryPoint","urlTemplate":"https:\/\/www.cltweb.org\/fr\/?s={search_term_string}"},"query-input":{"@type":"PropertyValueSpecification","valueRequired":true,"valueName":"search_term_string"}}],"inLanguage":"fr-FR"},{"@type":"Organization","@id":"https:\/\/www.cltweb.org\/fr\/#organization","name":"International Center for Community Land Trusts","url":"https:\/\/www.cltweb.org\/fr\/","logo":{"@type":"ImageObject","inLanguage":"fr-FR","@id":"https:\/\/www.cltweb.org\/fr\/#\/schema\/logo\/image\/","url":"https:\/\/www.cltweb.org\/wp-content\/uploads\/2024\/11\/New-CLT-Center-Text-logo.png","contentUrl":"https:\/\/www.cltweb.org\/wp-content\/uploads\/2024\/11\/New-CLT-Center-Text-logo.png","width":227,"height":80,"caption":"International Center for Community Land Trusts"},"image":{"@id":"https:\/\/www.cltweb.org\/fr\/#\/schema\/logo\/image\/"},"sameAs":["https:\/\/www.facebook.com\/cltcenter","https:\/\/x.com\/Center4CLTs","https:\/\/www.instagram.com\/cltcenter\/","https:\/\/www.linkedin.com\/company\/cltcenter","https:\/\/www.youtube.com\/@centerforcltinnovation5313"],"description":"The International Center for Community Land Trusts is a not-for-profit nongovernmental organization established in 2018 to promote and to support community land trusts and similar strategies of community-led development on community-owned land in countries throughout the world.","email":"info@communitylandtrust.net","legalName":"International Center for Community Land Trusts","foundingDate":"2018-12-01","taxID":"84-3858933","numberOfEmployees":{"@type":"QuantitativeValue","minValue":"1","maxValue":"10"}},{"@type":"Person","@id":"https:\/\/www.cltweb.org\/fr\/#\/schema\/person\/7c9fe56cc945e4b57585dbfe30f2ead4","name":"Ben Harris","image":{"@type":"ImageObject","inLanguage":"fr-FR","@id":"https:\/\/secure.gravatar.com\/avatar\/12a44d8988553548c22c57da673ee8ffb7e0b87b0197beec533bae3061a92cc5?s=96&d=mm&r=g","url":"https:\/\/secure.gravatar.com\/avatar\/12a44d8988553548c22c57da673ee8ffb7e0b87b0197beec533bae3061a92cc5?s=96&d=mm&r=g","contentUrl":"https:\/\/secure.gravatar.com\/avatar\/12a44d8988553548c22c57da673ee8ffb7e0b87b0197beec533bae3061a92cc5?s=96&d=mm&r=g","caption":"Ben Harris"},"url":"https:\/\/www.cltweb.org\/fr\/author\/ben\/"}]}},"taxonomy_info":{"category":[{"value":292,"label":"Blogs"}],"post_tag":[{"value":315,"label":"justice"},{"value":299,"label":"la jeunesse"},{"value":316,"label":"logement"}]},"featured_image_src_large":["https:\/\/www.cltweb.org\/wp-content\/uploads\/2024\/11\/Screenshot_2015-11-18-21-46-57-1-1-1024x674.png",1024,674,true],"author_info":{"display_name":"Ben Harris","author_link":"https:\/\/www.cltweb.org\/fr\/author\/ben\/"},"comment_info":0,"category_info":[{"term_id":292,"name":"Blogs","slug":"blogs-fr","term_group":0,"term_taxonomy_id":292,"taxonomy":"category","description":"","parent":0,"count":14,"filter":"raw","cat_ID":292,"category_count":14,"category_description":"","cat_name":"Blogs","category_nicename":"blogs-fr","category_parent":0}],"tag_info":[{"term_id":315,"name":"justice","slug":"justice-fr","term_group":0,"term_taxonomy_id":315,"taxonomy":"post_tag","description":"","parent":0,"count":1,"filter":"raw"},{"term_id":299,"name":"la jeunesse","slug":"la-jeunesse","term_group":0,"term_taxonomy_id":299,"taxonomy":"post_tag","description":"","parent":0,"count":3,"filter":"raw"},{"term_id":316,"name":"logement","slug":"logement","term_group":0,"term_taxonomy_id":316,"taxonomy":"post_tag","description":"","parent":0,"count":1,"filter":"raw"}],"jetpack_featured_media_url":"https:\/\/www.cltweb.org\/wp-content\/uploads\/2024\/11\/Screenshot_2015-11-18-21-46-57-1-1.png","jetpack_sharing_enabled":true,"jetpack-related-posts":[{"id":6593,"url":"https:\/\/www.cltweb.org\/fr\/2022\/10\/11\/les-voies-du-controle-par-les-locataires-et-les-communautes-strategies-de-financement-pour-les-community-land-trusts\/","url_meta":{"origin":7882,"position":0},"title":"Les voies du contr\u00f4le par les locataires et les communaut\u00e9s : Strat\u00e9gies de financement pour les Community Land Trusts","author":"cltredesign_0jp0l4","date":"11 octobre 2022","format":false,"excerpt":"Rejoignez l'Institut LISC pour le pouvoir communautaire, LISC Bay Area, Oakland Community Land Trust, et San Francisco Community Land Trust pour une conversation sur la fa\u00e7on de renforcer le pouvoir et d'obtenir des ressources pour \u00e9tendre le contr\u00f4le des locataires et de la communaut\u00e9 sur le logement !","rel":"","context":"Dans &quot;Non classifi\u00e9(e)&quot;","block_context":{"text":"Non classifi\u00e9(e)","link":"https:\/\/www.cltweb.org\/fr\/category\/non-classifiee\/"},"img":{"alt_text":"Logo LISC","src":"https:\/\/i0.wp.com\/www.cltweb.org\/wp-content\/uploads\/2022\/10\/logo-e1665785584656.png?resize=350%2C200&ssl=1","width":350,"height":200},"classes":[]},{"id":9541,"url":"https:\/\/www.cltweb.org\/fr\/2025\/05\/21\/des-biens-communs-pour-la-justice-les-clt-a-travers-les-continents-au-festival-international-du-logement-social\/","url_meta":{"origin":7882,"position":1},"title":"Des biens communs pour la justice : Les CLT \u00e0 travers les continents au Festival international du logement social","author":"Ben Harris","date":"21 mai 2025","format":false,"excerpt":"\u00c0 une \u00e9poque marqu\u00e9e par des crises du logement, des march\u00e9s fonciers extractifs et des in\u00e9galit\u00e9s croissantes, les communaut\u00e9s du monde entier se r\u00e9approprient les biens communs. \u00c0 l'occasion du 2025 International Social Housing Festival \u00e0 Dublin, en Irlande (du 4 au 6 juin), le European Community Land Trust Network\u2026","rel":"","context":"Dans &quot;Blogs&quot;","block_context":{"text":"Blogs","link":"https:\/\/www.cltweb.org\/fr\/category\/blogs-fr\/"},"img":{"alt_text":"","src":"https:\/\/i0.wp.com\/www.cltweb.org\/wp-content\/uploads\/2025\/05\/Keti-Tskitishvili.jpg?resize=350%2C200&ssl=1","width":350,"height":200,"srcset":"https:\/\/i0.wp.com\/www.cltweb.org\/wp-content\/uploads\/2025\/05\/Keti-Tskitishvili.jpg?resize=350%2C200&ssl=1 1x, https:\/\/i0.wp.com\/www.cltweb.org\/wp-content\/uploads\/2025\/05\/Keti-Tskitishvili.jpg?resize=525%2C300&ssl=1 1.5x, https:\/\/i0.wp.com\/www.cltweb.org\/wp-content\/uploads\/2025\/05\/Keti-Tskitishvili.jpg?resize=700%2C400&ssl=1 2x"},"classes":[]},{"id":6600,"url":"https:\/\/www.cltweb.org\/fr\/2022\/10\/11\/retirer-des-terrains-du-marche-pour-rendre-la-ville-abordable\/","url_meta":{"origin":7882,"position":2},"title":"Retirer des terrains du march\u00e9 pour rendre la ville abordable","author":"cltredesign_0jp0l4","date":"11 octobre 2022","format":false,"excerpt":"La solution \u00e0 la crise du logement ne pourrait-elle pas consister \u00e0 retirer les logements et les terrains du march\u00e9, de sorte qu'ils ne puissent pas faire l'objet de sp\u00e9culations et qu'ils restent abordables pour toujours ? C'est ce que font d\u00e9j\u00e0 les Community Land Trusts dans des villes du\u2026","rel":"","context":"Dans &quot;Non classifi\u00e9(e)&quot;","block_context":{"text":"Non classifi\u00e9(e)","link":"https:\/\/www.cltweb.org\/fr\/category\/non-classifiee\/"},"img":{"alt_text":"Logo du CLTB","src":"https:\/\/i0.wp.com\/www.cltweb.org\/wp-content\/uploads\/2022\/10\/CLTB_Logo-1024x660.png?resize=350%2C200&ssl=1","width":350,"height":200},"classes":[]},{"id":6575,"url":"https:\/\/www.cltweb.org\/fr\/2024\/08\/22\/utiliser-les-clt-pour-renover-les-logements-existants-sur-le-plan-energetique-et-les-rendre-plus-abordables-en-permanence\/","url_meta":{"origin":7882,"position":3},"title":"Utiliser les CLT pour r\u00e9nover les logements existants sur le plan \u00e9nerg\u00e9tique et les rendre plus abordables en permanence","author":"Ben Harris","date":"22 ao\u00fbt 2024","format":false,"excerpt":"Rejoignez-nous le 25 septembre 2024 pour un webinaire sur la fa\u00e7on dont les CLT peuvent \u00eatre utilis\u00e9s pour fournir une r\u00e9novation \u00e9nerg\u00e9tique et une accessibilit\u00e9 permanente aux logements existants. Vous entendrez des praticiens CLT de premier plan qui m\u00e8nent des approches innovantes pour la r\u00e9novation \u00e9nerg\u00e9tique des logements existants, avec\u2026","rel":"","context":"Dans &quot;Non classifi\u00e9(e)&quot;","block_context":{"text":"Non classifi\u00e9(e)","link":"https:\/\/www.cltweb.org\/fr\/category\/non-classifiee\/"},"img":{"alt_text":"Jeanne Mosseray","src":"https:\/\/i0.wp.com\/www.cltweb.org\/wp-content\/uploads\/2024\/08\/jeanne_mosseray-254x300.jpg?resize=350%2C200&ssl=1","width":350,"height":200},"classes":[]},{"id":7212,"url":"https:\/\/www.cltweb.org\/fr\/2024\/09\/16\/soutenir-le-projet-upcycling-trust-le-point-de-vue-dun-chercheur\/","url_meta":{"origin":7882,"position":4},"title":"Soutenir le projet Upcycling Trust : Le point de vue d&#8217;un chercheur","author":"cltredesign_0jp0l4","date":"16 septembre 2024","format":false,"excerpt":"Par Jeanne Mosseray La contribution suivante a \u00e9t\u00e9 r\u00e9dig\u00e9e par Jeanne Mosseray, chercheuse doctorale au Cosmopolis Centre for Urban Research, dans le cadre du webinaire \"Using CLTs to Deliver Energy Renovation and Permanent Affordability to Existing Housing\" qui se tiendra le 25 septembre. En tant que chercheur universitaire sur le\u2026","rel":"","context":"Dans &quot;Blogs&quot;","block_context":{"text":"Blogs","link":"https:\/\/www.cltweb.org\/fr\/category\/blogs-fr\/"},"img":{"alt_text":"","src":"","width":0,"height":0},"classes":[]},{"id":7248,"url":"https:\/\/www.cltweb.org\/fr\/2024\/09\/03\/introduction-a-lutilisation-des-clt-pour-la-renovation-energetique-et-laccessibilite-permanente-des-logements-existants\/","url_meta":{"origin":7882,"position":5},"title":"Introduction \u00e0 l&#8217;utilisation des CLT pour la r\u00e9novation \u00e9nerg\u00e9tique et l&#8217;accessibilit\u00e9 permanente des logements existants","author":"cltredesign_0jp0l4","date":"3 septembre 2024","format":false,"excerpt":"La contribution suivante a \u00e9t\u00e9 r\u00e9dig\u00e9e par Richard Kruger Delgado, responsable de l'\u00e9ducation et de la sensibilisation pour l'International Center for Community Land Trusts, afin de pr\u00e9senter le prochain webinaire qui aura lieu le 25 septembre. \"Nous avons pour mission de ne pas laisser les gens de c\u00f4t\u00e9. - John\u2026","rel":"","context":"Dans &quot;Blogs&quot;","block_context":{"text":"Blogs","link":"https:\/\/www.cltweb.org\/fr\/category\/blogs-fr\/"},"img":{"alt_text":"","src":"","width":0,"height":0},"classes":[]}],"_links":{"self":[{"href":"https:\/\/www.cltweb.org\/fr\/wp-json\/wp\/v2\/posts\/7882","targetHints":{"allow":["GET"]}}],"collection":[{"href":"https:\/\/www.cltweb.org\/fr\/wp-json\/wp\/v2\/posts"}],"about":[{"href":"https:\/\/www.cltweb.org\/fr\/wp-json\/wp\/v2\/types\/post"}],"author":[{"embeddable":true,"href":"https:\/\/www.cltweb.org\/fr\/wp-json\/wp\/v2\/users\/2"}],"replies":[{"embeddable":true,"href":"https:\/\/www.cltweb.org\/fr\/wp-json\/wp\/v2\/comments?post=7882"}],"version-history":[{"count":4,"href":"https:\/\/www.cltweb.org\/fr\/wp-json\/wp\/v2\/posts\/7882\/revisions"}],"predecessor-version":[{"id":7892,"href":"https:\/\/www.cltweb.org\/fr\/wp-json\/wp\/v2\/posts\/7882\/revisions\/7892"}],"wp:featuredmedia":[{"embeddable":true,"href":"https:\/\/www.cltweb.org\/fr\/wp-json\/wp\/v2\/media\/7874"}],"wp:attachment":[{"href":"https:\/\/www.cltweb.org\/fr\/wp-json\/wp\/v2\/media?parent=7882"}],"wp:term":[{"taxonomy":"category","embeddable":true,"href":"https:\/\/www.cltweb.org\/fr\/wp-json\/wp\/v2\/categories?post=7882"},{"taxonomy":"post_tag","embeddable":true,"href":"https:\/\/www.cltweb.org\/fr\/wp-json\/wp\/v2\/tags?post=7882"}],"curies":[{"name":"wp","href":"https:\/\/api.w.org\/{rel}","templated":true}]}}