{"id":9541,"date":"2025-05-21T18:32:34","date_gmt":"2025-05-21T18:32:34","guid":{"rendered":"https:\/\/www.cltweb.org\/2025\/05\/21\/des-biens-communs-pour-la-justice-les-clt-a-travers-les-continents-au-festival-international-du-logement-social\/"},"modified":"2025-05-22T14:19:41","modified_gmt":"2025-05-22T14:19:41","slug":"des-biens-communs-pour-la-justice-les-clt-a-travers-les-continents-au-festival-international-du-logement-social","status":"publish","type":"post","link":"https:\/\/www.cltweb.org\/fr\/2025\/05\/21\/des-biens-communs-pour-la-justice-les-clt-a-travers-les-continents-au-festival-international-du-logement-social\/","title":{"rendered":"Des biens communs pour la justice : Les CLT \u00e0 travers les continents au Festival international du logement social"},"content":{"rendered":"\n<p>\u00c0 une \u00e9poque marqu\u00e9e par des crises du logement, des march\u00e9s fonciers extractifs et des in\u00e9galit\u00e9s croissantes, les communaut\u00e9s du monde entier se r\u00e9approprient les biens communs. \u00c0 l&#8217;occasion du 2025 International Social Housing Festival \u00e0 Dublin, en Irlande (du 4 au 6 juin), le European Community Land Trust Network organisera un s\u00e9minaire de 105 minutes en partenariat avec l&#8217;International Center for CLTs. Ce s\u00e9minaire pr\u00e9sentera des histoires v\u00e9cues par des CLTs en Europe et aux \u00c9tats-Unis, retra\u00e7ant les origines du mouvement \u00e0 l&#8217;\u00e9poque des droits civiques jusqu&#8217;\u00e0 son r\u00f4le actuel en tant qu&#8217;outil de justice, fa\u00e7onn\u00e9 \u00e0 partir de la base \u00e0 mesure qu&#8217;il est appliqu\u00e9 dans de nouveaux contextes. Cette session racontera l&#8217;histoire d&#8217;une approche fonci\u00e8re bas\u00e9e sur les biens communs qui a permis aux communaut\u00e9s de s&#8217;\u00e9manciper depuis les premiers jours du mouvement CLT jusqu&#8217;aux nouvelles fronti\u00e8res d&#8217;aujourd&#8217;hui. Elle mettra en lumi\u00e8re les CLT non seulement en tant que strat\u00e9gie technique, mais aussi en tant qu&#8217;outil puissant de justice locale.   <\/p>\n\n<figure class=\"wp-block-image alignright size-full is-resized\"><img decoding=\"async\" src=\"https:\/\/www.cltweb.org\/wp-content\/uploads\/2025\/05\/ISHF-2025-2.png\" alt=\"\" class=\"wp-image-9492\" style=\"width:504px;height:auto\"\/><\/figure>\n\n<p>Le Centre international pour les CLT pr\u00e9parera le terrain avec une base historique, reliant le mod\u00e8le CLT au mouvement des droits civiques aux \u00c9tats-Unis. Ensuite, des pan\u00e9listes venus de toute l&#8217;Europe partageront des histoires d&#8217;organisation, de partenariat et de pers\u00e9v\u00e9rance, de Londres \u00e0 Barcelone en passant par Cork. Ces r\u00e9cits mettront en lumi\u00e8re la mani\u00e8re dont les communaut\u00e9s utilisent l&#8217;approche CLT pour lutter contre le d\u00e9sinvestissement, le tourisme excessif, l&#8217;injustice \u00e9nerg\u00e9tique et l&#8217;exclusion structurelle. \u00c0 travers leurs r\u00e9cits, les pan\u00e9listes discuteront de la justice, du pouvoir des communaut\u00e9s et des pratiques d\u00e9mocratiques qui garantissent une mise en pratique significative de ces valeurs, aujourd&#8217;hui et \u00e0 l&#8217;avenir du mouvement CLT. Le r\u00e9seau europ\u00e9en des CLT cl\u00f4turera la session par une r\u00e9flexion sur la mani\u00e8re de d\u00e9velopper le mouvement en Europe sans perdre l&#8217;\u00e9thique ascendante qui le rend transformateur.    <\/p>\n\n<p>Organis\u00e9e par le r\u00e9seau europ\u00e9en des CLT en partenariat avec le Centre international pour les Community Land Trusts, cette session pr\u00e9sentera des histoires r\u00e9elles de CLT en Europe et aux \u00c9tats-Unis, retra\u00e7ant les origines du mouvement \u00e0 l \u00ab \u00e9poque des droits civiques jusqu \u00bb \u00e0 son r\u00f4le actuel en tant qu&#8217;outil de justice, fa\u00e7onn\u00e9 \u00e0 partir de la base au fur et \u00e0 mesure qu&#8217;il est appliqu\u00e9 dans de nouveaux contextes. Les membres du public auront \u00e9galement la possibilit\u00e9 de s&#8217;entretenir directement avec les intervenants au cours d&#8217;une s\u00e9ance de questions-r\u00e9ponses en direct. <\/p>\n\n<h2 class=\"wp-block-heading\" id=\"h-meet-the-speakers\"><strong>Rencontrez les orateurs<\/strong><\/h2>\n\n<h3 class=\"wp-block-heading\" id=\"h-keti-tskitishvili\"><strong>Keti Tskitishvili<\/strong><\/h3>\n\n<figure class=\"wp-block-image alignright size-full is-resized\"><img loading=\"lazy\" decoding=\"async\" width=\"750\" height=\"753\" src=\"https:\/\/www.cltweb.org\/wp-content\/uploads\/2025\/05\/Keti-Tskitishvili.jpg\" alt=\"\" class=\"wp-image-9500\" style=\"width:119px;height:auto\" srcset=\"https:\/\/www.cltweb.org\/wp-content\/uploads\/2025\/05\/Keti-Tskitishvili.jpg 750w, https:\/\/www.cltweb.org\/wp-content\/uploads\/2025\/05\/Keti-Tskitishvili-300x300.jpg 300w, https:\/\/www.cltweb.org\/wp-content\/uploads\/2025\/05\/Keti-Tskitishvili-150x150.jpg 150w\" sizes=\"auto, (max-width: 750px) 100vw, 750px\" \/><\/figure>\n\n<p><em>Directrice, <a href=\"https:\/\/www.clteurope.org\/\" target=\"_blank\" rel=\"noreferrer noopener\">European CLT Network<\/a><br\/><\/em>Keti Tskitishvili est directrice de l&#8217;European Community Land Trust Network, une alliance croissante d&#8217;organisations qui revendiquent la terre et le logement comme des biens communs \u00e0 travers l&#8217;Europe. Sa carri\u00e8re a d\u00e9but\u00e9 en G\u00e9orgie, o\u00f9 elle a travaill\u00e9 sur les d\u00e9placements et l&#8217;inclusion sociale \u00e0 la suite de conflits internes. Depuis lors, elle s&#8217;est concentr\u00e9e sur la migration, l&#8217;int\u00e9gration et le d\u00e9veloppement men\u00e9 par les communaut\u00e9s, combinant une vision politique avec un engagement profond pour l&#8217;action au niveau local. N\u00e9e en G\u00e9orgie et bas\u00e9e \u00e0 Bruxelles, elle s \u00ab \u00e9panouit dans des espaces multilingues et multiculturels (et jongle souvent avec plus d&#8217;une langue et plus d&#8217;un fuseau horaire avant le petit-d\u00e9jeuner). Qu&#8217;il s&#8217;agisse d&#8217;encadrer des militants ou de concevoir de nouveaux mod\u00e8les de gouvernance, son travail est toujours ancr\u00e9 dans l \u00bb \u00e9quit\u00e9, l&#8217;acc\u00e8s et la joie. Elle est convaincue que les avenirs durables se construisent \u00e0 partir de la base &#8211; par les communaut\u00e9s, pour les communaut\u00e9s.     <\/p>\n\n<h3 class=\"wp-block-heading\" id=\"h-brenda-torpy\"><strong>Brenda Torpy<\/strong><\/h3>\n\n<figure class=\"wp-block-image alignright size-large is-resized\"><img loading=\"lazy\" decoding=\"async\" width=\"1024\" height=\"683\" src=\"https:\/\/www.cltweb.org\/wp-content\/uploads\/2025\/05\/Brenda_Torpy-photo-1024x683.jpg\" alt=\"\" class=\"wp-image-9504\" style=\"width:186px;height:auto\" srcset=\"https:\/\/www.cltweb.org\/wp-content\/uploads\/2025\/05\/Brenda_Torpy-photo-1024x683.jpg 1024w, https:\/\/www.cltweb.org\/wp-content\/uploads\/2025\/05\/Brenda_Torpy-photo-300x200.jpg 300w, https:\/\/www.cltweb.org\/wp-content\/uploads\/2025\/05\/Brenda_Torpy-photo-768x512.jpg 768w, https:\/\/www.cltweb.org\/wp-content\/uploads\/2025\/05\/Brenda_Torpy-photo-1536x1024.jpg 1536w, https:\/\/www.cltweb.org\/wp-content\/uploads\/2025\/05\/Brenda_Torpy-photo.jpg 1800w\" sizes=\"auto, (max-width: 1024px) 100vw, 1024px\" \/><\/figure>\n\n<p><em>Copr\u00e9sidente du Centre international pour les CLT ; consultante principale du TA\\CHT au <a href=\"https:\/\/www.getahome.org\/\" target=\"_blank\" rel=\"noreferrer noopener\">Champlain Housing Trust<\/a><br\/><\/em>Brenda a fait progresser le mod\u00e8le de community land trust aux niveaux local, national et international. Elle a cr\u00e9\u00e9 et dirig\u00e9 le Champlain Housing Trust, le plus grand CLT des \u00c9tats-Unis pendant 29 ans, a \u00e9t\u00e9 pr\u00e9sidente du National CLT Network, membre du conseil d&#8217;administration et responsable de son successeur, le Grounded Solutions Network et, depuis 2005, a contribu\u00e9 \u00e0 l&#8217;exportation du mod\u00e8le en Angleterre, au Canada, en Belgique et en France. Sous sa direction, le CHT a re\u00e7u le prix 2008 de l&#8217;ONU pour l&#8217;habitat mondial. Brenda a \u00e9t\u00e9 nomm\u00e9e Leader for a Changing World par la Fondation Ford en 2001. Elle est copr\u00e9sidente de l&#8217;International Center for CLTs et a \u00e9t\u00e9 membre des comit\u00e9s consultatifs de la Boston Home Loan et de la Federal Reserve Banks, ainsi que du conseil du logement du gouverneur du Vermont. Actuellement, Brenda fournit une assistance technique aux gouvernements locaux, aux groupes de citoyens et aux organisations \u00e0 but non lucratif en tant que consultante principale de TA\\ CHT.    <\/p>\n\n<h3 class=\"wp-block-heading\" id=\"h-juliet-can\"><strong>Juliet Can<\/strong><\/h3>\n\n<figure class=\"wp-block-image alignright size-full is-resized\"><img loading=\"lazy\" decoding=\"async\" width=\"494\" height=\"494\" src=\"https:\/\/www.cltweb.org\/wp-content\/uploads\/2025\/05\/Juliet-Can.jpeg\" alt=\"\" class=\"wp-image-9508\" style=\"width:143px;height:auto\" srcset=\"https:\/\/www.cltweb.org\/wp-content\/uploads\/2025\/05\/Juliet-Can.jpeg 494w, https:\/\/www.cltweb.org\/wp-content\/uploads\/2025\/05\/Juliet-Can-300x300.jpeg 300w, https:\/\/www.cltweb.org\/wp-content\/uploads\/2025\/05\/Juliet-Can-150x150.jpeg 150w\" sizes=\"auto, (max-width: 494px) 100vw, 494px\" \/><\/figure>\n\n<p><em>Membre du conseil d&#8217;administration, European CLT Network &amp; <a href=\"https:\/\/www.londonclt.org\/\" target=\"_blank\" rel=\"noreferrer noopener\">London CLT<\/a><br\/><\/em>Juliet Can est londonienne, r\u00e9sidente du London CLT et membre d\u00e9vou\u00e9e du conseil d&#8217;administration du London CLT et du European CLT Network. Son parcours dans le logement communautaire est ancr\u00e9 dans sa passion pour le d\u00e9veloppement \u00e9quitable, et son exp\u00e9rience v\u00e9cue apporte une voix puissante au mouvement CLT en pleine croissance au Royaume-Uni. Juliet parle souvent de l&#8217;h\u00e9ritage et de l&#8217;innovation de l&#8217;activisme noir en mati\u00e8re de logement en Grande-Bretagne, faisant le lien entre les luttes du pass\u00e9 et l&#8217;organisation d&#8217;aujourd&#8217;hui.  <\/p>\n\n<h3 class=\"wp-block-heading\" id=\"h-adria-garcia-i-mateu\"><strong>Adri\u00e0 Garcia i Mateu<\/strong><\/h3>\n\n<figure class=\"wp-block-image alignright size-large is-resized\"><img loading=\"lazy\" decoding=\"async\" width=\"1024\" height=\"893\" src=\"https:\/\/www.cltweb.org\/wp-content\/uploads\/2025\/05\/@adriagm-1024x893.png\" alt=\"\" class=\"wp-image-9512\" style=\"width:182px;height:auto\" srcset=\"https:\/\/www.cltweb.org\/wp-content\/uploads\/2025\/05\/@adriagm-1024x893.png 1024w, https:\/\/www.cltweb.org\/wp-content\/uploads\/2025\/05\/@adriagm-300x262.png 300w, https:\/\/www.cltweb.org\/wp-content\/uploads\/2025\/05\/@adriagm-768x670.png 768w, https:\/\/www.cltweb.org\/wp-content\/uploads\/2025\/05\/@adriagm.png 1032w\" sizes=\"auto, (max-width: 1024px) 100vw, 1024px\" \/><\/figure>\n\n<p><em>Membre du conseil d&#8217;administration du r\u00e9seau europ\u00e9en CLT ; membre de la <a href=\"http:\/\/www.laborda.coop\/en\/home\/\" target=\"_blank\" rel=\"noreferrer noopener\">coop\u00e9rative de logement La Borda<\/a>; membre du <a href=\"https:\/\/xes.cat\/\" target=\"_blank\" rel=\"noreferrer noopener\">r\u00e9seau d \u00ab \u00e9conomie solidaire de Catalogne (XES)<\/a><br\/><\/em>Adri\u00e0 est un designer et un activiste impliqu\u00e9 dans des projets permettant la vie quotidienne des transitions justes en mati\u00e8re de durabilit\u00e9. Il est membre fondateur de la coop\u00e9rative de logement La Borda, membre fondateur du comit\u00e9 de logement du R\u00e9seau d \u00bb \u00e9conomie solidaire de Catalogne (XES) et membre fondateur de Holon, une agence de design coop\u00e9rative \u00e0 but non lucratif qui soutient les principales organisations dans le cadre de la transition juste. Il pr\u00e9pare actuellement un doctorat sur la conception des politiques et les transitions \u00e0 l&#8217;Universit\u00e9 ouverte de Catalogne.  <\/p>\n\n<h3 class=\"wp-block-heading\" id=\"h-dr-eve-olney\"><strong>Dr Eve Olney<\/strong><\/h3>\n\n<figure class=\"wp-block-image alignright size-large is-resized\"><img loading=\"lazy\" decoding=\"async\" width=\"891\" height=\"1024\" src=\"https:\/\/www.cltweb.org\/wp-content\/uploads\/2025\/05\/Eve-Olney-891x1024.jpeg\" alt=\"\" class=\"wp-image-9516\" style=\"width:161px;height:auto\" srcset=\"https:\/\/www.cltweb.org\/wp-content\/uploads\/2025\/05\/Eve-Olney-891x1024.jpeg 891w, https:\/\/www.cltweb.org\/wp-content\/uploads\/2025\/05\/Eve-Olney-261x300.jpeg 261w, https:\/\/www.cltweb.org\/wp-content\/uploads\/2025\/05\/Eve-Olney-768x883.jpeg 768w, https:\/\/www.cltweb.org\/wp-content\/uploads\/2025\/05\/Eve-Olney-1337x1536.jpeg 1337w, https:\/\/www.cltweb.org\/wp-content\/uploads\/2025\/05\/Eve-Olney.jpeg 1488w\" sizes=\"auto, (max-width: 891px) 100vw, 891px\" \/><\/figure>\n\n<p><em>Membre du comit\u00e9 directeur du <a href=\"https:\/\/www.cclt.ie\/\" target=\"_blank\" rel=\"noreferrer noopener\">CLT de Cork<\/a>; cofondatrice de<a href=\"https:\/\/www.thelivingcommons.com\/radical-institute\" target=\"_blank\" rel=\"noreferrer noopener\"> Living Commons et de Radical Institute<\/a><br\/><\/em>Eve Olney est une productrice cr\u00e9ative socialement engag\u00e9e, un mentor, un \u00e9crivain et une chercheuse bas\u00e9e sur la pratique. Sa praxis incorpore une approche ethnographique de l&#8217;\u00e9cologie sociale au changement social par le biais d&#8217;une pratique cr\u00e9ative collaborative au sein de la construction communautaire. Elle est membre fondateur du comit\u00e9 directeur du Cork Community Land Trust (CCLT). Elle a cofond\u00e9 l&#8217;espace cr\u00e9atif communautaire de Cork, The Living Commons, ainsi que le Radical Institute (avec le Dr Krini Kafiris) &#8211; une initiative transnationale de mentorat et de formation qui explore la mani\u00e8re dont les arts et la pratique culturelle peuvent promouvoir et soutenir un changement social et \u00e9cologique radical. Elle dirige le Traveller Tenancy Participatory Programme pour le (TAU), le conseil municipal de Cork.    <\/p>\n","protected":false},"excerpt":{"rendered":"<p>\u00c0 une \u00e9poque marqu\u00e9e par des crises du logement, des march\u00e9s fonciers extractifs et des in\u00e9galit\u00e9s croissantes, les communaut\u00e9s du monde entier se r\u00e9approprient les biens communs. \u00c0 l&#8217;occasion du [&hellip;]<\/p>\n","protected":false},"author":2,"featured_media":0,"comment_status":"closed","ping_status":"open","sticky":false,"template":"","format":"standard","meta":{"give_campaign_id":0,"_tec_requires_first_save":true,"_kad_blocks_custom_css":"","_kad_blocks_head_custom_js":"","_kad_blocks_body_custom_js":"","_kad_blocks_footer_custom_js":"","_EventAllDay":false,"_EventTimezone":"","_EventStartDate":"","_EventEndDate":"","_EventStartDateUTC":"","_EventEndDateUTC":"","_EventShowMap":false,"_EventShowMapLink":false,"_EventURL":"","_EventCost":"","_EventCostDescription":"","_EventCurrencySymbol":"","_EventCurrencyCode":"","_EventCurrencyPosition":"","_EventDateTimeSeparator":"","_EventTimeRangeSeparator":"","_EventOrganizerID":[],"_EventVenueID":[],"_OrganizerEmail":"","_OrganizerPhone":"","_OrganizerWebsite":"","_VenueAddress":"","_VenueCity":"","_VenueCountry":"","_VenueProvince":"","_VenueState":"","_VenueZip":"","_VenuePhone":"","_VenueURL":"","_VenueStateProvince":"","_VenueLat":"","_VenueLng":"","_VenueShowMap":false,"_VenueShowMapLink":false,"_tribe_blocks_recurrence_rules":"","_tribe_blocks_recurrence_description":"","_tribe_blocks_recurrence_exclusions":"","_jetpack_memberships_contains_paid_content":false,"footnotes":""},"categories":[292],"tags":[340,338,339],"class_list":["post-9541","post","type-post","status-publish","format-standard","hentry","category-blogs-fr","tag-conference-fr","tag-fonds-foncier-communautaire","tag-ishf-fr"],"blocksy_meta":[],"yoast_head":"<!-- This site is optimized with the Yoast SEO Premium plugin v27.4 (Yoast SEO v27.5) - https:\/\/yoast.com\/product\/yoast-seo-premium-wordpress\/ -->\n<title>Des biens communs pour la justice : Les CLT \u00e0 travers les continents au Festival international du logement social - International Center for Community Land Trusts<\/title>\n<meta name=\"description\" content=\"Explorez le pouvoir de transformation du logement et des fonds fonciers communautaires pour la justice sociale lors du prochain s\u00e9minaire \u00e0 Dublin.\" \/>\n<meta name=\"robots\" content=\"index, follow, max-snippet:-1, max-image-preview:large, max-video-preview:-1\" \/>\n<link rel=\"canonical\" href=\"https:\/\/www.cltweb.org\/fr\/2025\/05\/21\/des-biens-communs-pour-la-justice-les-clt-a-travers-les-continents-au-festival-international-du-logement-social\/\" \/>\n<meta property=\"og:locale\" content=\"fr_FR\" \/>\n<meta property=\"og:type\" content=\"article\" \/>\n<meta property=\"og:title\" content=\"Des biens communs pour la justice : Les CLT \u00e0 travers les continents au Festival international du logement social\" \/>\n<meta property=\"og:description\" content=\"Explorez le pouvoir de transformation du logement et des fonds fonciers communautaires pour la justice sociale lors du prochain s\u00e9minaire \u00e0 Dublin.\" \/>\n<meta property=\"og:url\" content=\"https:\/\/www.cltweb.org\/fr\/2025\/05\/21\/des-biens-communs-pour-la-justice-les-clt-a-travers-les-continents-au-festival-international-du-logement-social\/\" \/>\n<meta property=\"og:site_name\" content=\"International Center for Community Land Trusts\" \/>\n<meta property=\"article:publisher\" content=\"https:\/\/www.facebook.com\/cltcenter\" \/>\n<meta property=\"article:published_time\" content=\"2025-05-21T18:32:34+00:00\" \/>\n<meta property=\"article:modified_time\" content=\"2025-05-22T14:19:41+00:00\" \/>\n<meta property=\"og:image\" content=\"https:\/\/www.cltweb.org\/wp-content\/uploads\/2025\/05\/ISHF-2025-2.png\" \/>\n\t<meta property=\"og:image:width\" content=\"1\" \/>\n\t<meta property=\"og:image:height\" content=\"1\" \/>\n\t<meta property=\"og:image:type\" content=\"image\/png\" \/>\n<meta name=\"author\" content=\"Ben Harris\" \/>\n<meta name=\"twitter:card\" content=\"summary_large_image\" \/>\n<meta name=\"twitter:creator\" content=\"@Center4CLTs\" \/>\n<meta name=\"twitter:site\" content=\"@Center4CLTs\" \/>\n<meta name=\"twitter:label1\" content=\"\u00c9crit par\" \/>\n\t<meta name=\"twitter:data1\" content=\"Ben Harris\" \/>\n\t<meta name=\"twitter:label2\" content=\"Dur\u00e9e de lecture estim\u00e9e\" \/>\n\t<meta name=\"twitter:data2\" content=\"6 minutes\" \/>\n<script type=\"application\/ld+json\" class=\"yoast-schema-graph\">{\"@context\":\"https:\\\/\\\/schema.org\",\"@graph\":[{\"@type\":\"Article\",\"@id\":\"https:\\\/\\\/www.cltweb.org\\\/fr\\\/2025\\\/05\\\/21\\\/des-biens-communs-pour-la-justice-les-clt-a-travers-les-continents-au-festival-international-du-logement-social\\\/#article\",\"isPartOf\":{\"@id\":\"https:\\\/\\\/www.cltweb.org\\\/fr\\\/2025\\\/05\\\/21\\\/des-biens-communs-pour-la-justice-les-clt-a-travers-les-continents-au-festival-international-du-logement-social\\\/\"},\"author\":{\"name\":\"Ben Harris\",\"@id\":\"https:\\\/\\\/www.cltweb.org\\\/fr\\\/#\\\/schema\\\/person\\\/7c9fe56cc945e4b57585dbfe30f2ead4\"},\"headline\":\"Des biens communs pour la justice : Les CLT \u00e0 travers les continents au Festival international du logement social\",\"datePublished\":\"2025-05-21T18:32:34+00:00\",\"dateModified\":\"2025-05-22T14:19:41+00:00\",\"mainEntityOfPage\":{\"@id\":\"https:\\\/\\\/www.cltweb.org\\\/fr\\\/2025\\\/05\\\/21\\\/des-biens-communs-pour-la-justice-les-clt-a-travers-les-continents-au-festival-international-du-logement-social\\\/\"},\"wordCount\":1236,\"publisher\":{\"@id\":\"https:\\\/\\\/www.cltweb.org\\\/fr\\\/#organization\"},\"image\":{\"@id\":\"https:\\\/\\\/www.cltweb.org\\\/fr\\\/2025\\\/05\\\/21\\\/des-biens-communs-pour-la-justice-les-clt-a-travers-les-continents-au-festival-international-du-logement-social\\\/#primaryimage\"},\"thumbnailUrl\":\"https:\\\/\\\/www.cltweb.org\\\/wp-content\\\/uploads\\\/2025\\\/05\\\/ISHF-2025-2.png\",\"keywords\":[\"conf\u00e9rence\",\"fonds foncier communautaire\",\"ishf\"],\"articleSection\":[\"Blogs\"],\"inLanguage\":\"fr-FR\"},{\"@type\":\"WebPage\",\"@id\":\"https:\\\/\\\/www.cltweb.org\\\/fr\\\/2025\\\/05\\\/21\\\/des-biens-communs-pour-la-justice-les-clt-a-travers-les-continents-au-festival-international-du-logement-social\\\/\",\"url\":\"https:\\\/\\\/www.cltweb.org\\\/fr\\\/2025\\\/05\\\/21\\\/des-biens-communs-pour-la-justice-les-clt-a-travers-les-continents-au-festival-international-du-logement-social\\\/\",\"name\":\"Des biens communs pour la justice : Les CLT \u00e0 travers les continents au Festival international du logement social - International Center for Community Land Trusts\",\"isPartOf\":{\"@id\":\"https:\\\/\\\/www.cltweb.org\\\/fr\\\/#website\"},\"primaryImageOfPage\":{\"@id\":\"https:\\\/\\\/www.cltweb.org\\\/fr\\\/2025\\\/05\\\/21\\\/des-biens-communs-pour-la-justice-les-clt-a-travers-les-continents-au-festival-international-du-logement-social\\\/#primaryimage\"},\"image\":{\"@id\":\"https:\\\/\\\/www.cltweb.org\\\/fr\\\/2025\\\/05\\\/21\\\/des-biens-communs-pour-la-justice-les-clt-a-travers-les-continents-au-festival-international-du-logement-social\\\/#primaryimage\"},\"thumbnailUrl\":\"https:\\\/\\\/www.cltweb.org\\\/wp-content\\\/uploads\\\/2025\\\/05\\\/ISHF-2025-2.png\",\"datePublished\":\"2025-05-21T18:32:34+00:00\",\"dateModified\":\"2025-05-22T14:19:41+00:00\",\"description\":\"Explorez le pouvoir de transformation du logement et des fonds fonciers communautaires pour la justice sociale lors du prochain s\u00e9minaire \u00e0 Dublin.\",\"breadcrumb\":{\"@id\":\"https:\\\/\\\/www.cltweb.org\\\/fr\\\/2025\\\/05\\\/21\\\/des-biens-communs-pour-la-justice-les-clt-a-travers-les-continents-au-festival-international-du-logement-social\\\/#breadcrumb\"},\"inLanguage\":\"fr-FR\",\"potentialAction\":[{\"@type\":\"ReadAction\",\"target\":[\"https:\\\/\\\/www.cltweb.org\\\/fr\\\/2025\\\/05\\\/21\\\/des-biens-communs-pour-la-justice-les-clt-a-travers-les-continents-au-festival-international-du-logement-social\\\/\"]}]},{\"@type\":\"ImageObject\",\"inLanguage\":\"fr-FR\",\"@id\":\"https:\\\/\\\/www.cltweb.org\\\/fr\\\/2025\\\/05\\\/21\\\/des-biens-communs-pour-la-justice-les-clt-a-travers-les-continents-au-festival-international-du-logement-social\\\/#primaryimage\",\"url\":\"https:\\\/\\\/www.cltweb.org\\\/wp-content\\\/uploads\\\/2025\\\/05\\\/ISHF-2025-2.png\",\"contentUrl\":\"https:\\\/\\\/www.cltweb.org\\\/wp-content\\\/uploads\\\/2025\\\/05\\\/ISHF-2025-2.png\"},{\"@type\":\"BreadcrumbList\",\"@id\":\"https:\\\/\\\/www.cltweb.org\\\/fr\\\/2025\\\/05\\\/21\\\/des-biens-communs-pour-la-justice-les-clt-a-travers-les-continents-au-festival-international-du-logement-social\\\/#breadcrumb\",\"itemListElement\":[{\"@type\":\"ListItem\",\"position\":1,\"name\":\"Home\",\"item\":\"https:\\\/\\\/www.cltweb.org\\\/fr\\\/\"},{\"@type\":\"ListItem\",\"position\":2,\"name\":\"Des biens communs pour la justice : Les CLT \u00e0 travers les continents au Festival international du logement social\"}]},{\"@type\":\"WebSite\",\"@id\":\"https:\\\/\\\/www.cltweb.org\\\/fr\\\/#website\",\"url\":\"https:\\\/\\\/www.cltweb.org\\\/fr\\\/\",\"name\":\"International Center for Community Land Trusts\",\"description\":\"\",\"publisher\":{\"@id\":\"https:\\\/\\\/www.cltweb.org\\\/fr\\\/#organization\"},\"potentialAction\":[{\"@type\":\"SearchAction\",\"target\":{\"@type\":\"EntryPoint\",\"urlTemplate\":\"https:\\\/\\\/www.cltweb.org\\\/fr\\\/?s={search_term_string}\"},\"query-input\":{\"@type\":\"PropertyValueSpecification\",\"valueRequired\":true,\"valueName\":\"search_term_string\"}}],\"inLanguage\":\"fr-FR\"},{\"@type\":\"Organization\",\"@id\":\"https:\\\/\\\/www.cltweb.org\\\/fr\\\/#organization\",\"name\":\"International Center for Community Land Trusts\",\"url\":\"https:\\\/\\\/www.cltweb.org\\\/fr\\\/\",\"logo\":{\"@type\":\"ImageObject\",\"inLanguage\":\"fr-FR\",\"@id\":\"https:\\\/\\\/www.cltweb.org\\\/fr\\\/#\\\/schema\\\/logo\\\/image\\\/\",\"url\":\"https:\\\/\\\/www.cltweb.org\\\/wp-content\\\/uploads\\\/2024\\\/11\\\/New-CLT-Center-Text-logo.png\",\"contentUrl\":\"https:\\\/\\\/www.cltweb.org\\\/wp-content\\\/uploads\\\/2024\\\/11\\\/New-CLT-Center-Text-logo.png\",\"width\":227,\"height\":80,\"caption\":\"International Center for Community Land Trusts\"},\"image\":{\"@id\":\"https:\\\/\\\/www.cltweb.org\\\/fr\\\/#\\\/schema\\\/logo\\\/image\\\/\"},\"sameAs\":[\"https:\\\/\\\/www.facebook.com\\\/cltcenter\",\"https:\\\/\\\/x.com\\\/Center4CLTs\",\"https:\\\/\\\/www.instagram.com\\\/cltcenter\\\/\",\"https:\\\/\\\/www.linkedin.com\\\/company\\\/cltcenter\",\"https:\\\/\\\/www.youtube.com\\\/@centerforcltinnovation5313\"],\"description\":\"The International Center for Community Land Trusts is a not-for-profit nongovernmental organization established in 2018 to promote and to support community land trusts and similar strategies of community-led development on community-owned land in countries throughout the world.\",\"email\":\"info@communitylandtrust.net\",\"legalName\":\"International Center for Community Land Trusts\",\"foundingDate\":\"2018-12-01\",\"taxID\":\"84-3858933\",\"numberOfEmployees\":{\"@type\":\"QuantitativeValue\",\"minValue\":\"1\",\"maxValue\":\"10\"}},{\"@type\":\"Person\",\"@id\":\"https:\\\/\\\/www.cltweb.org\\\/fr\\\/#\\\/schema\\\/person\\\/7c9fe56cc945e4b57585dbfe30f2ead4\",\"name\":\"Ben Harris\",\"image\":{\"@type\":\"ImageObject\",\"inLanguage\":\"fr-FR\",\"@id\":\"https:\\\/\\\/secure.gravatar.com\\\/avatar\\\/12a44d8988553548c22c57da673ee8ffb7e0b87b0197beec533bae3061a92cc5?s=96&d=mm&r=g\",\"url\":\"https:\\\/\\\/secure.gravatar.com\\\/avatar\\\/12a44d8988553548c22c57da673ee8ffb7e0b87b0197beec533bae3061a92cc5?s=96&d=mm&r=g\",\"contentUrl\":\"https:\\\/\\\/secure.gravatar.com\\\/avatar\\\/12a44d8988553548c22c57da673ee8ffb7e0b87b0197beec533bae3061a92cc5?s=96&d=mm&r=g\",\"caption\":\"Ben Harris\"},\"url\":\"https:\\\/\\\/www.cltweb.org\\\/fr\\\/author\\\/ben\\\/\"}]}<\/script>\n<!-- \/ Yoast SEO Premium plugin. -->","yoast_head_json":{"title":"Des biens communs pour la justice : Les CLT \u00e0 travers les continents au Festival international du logement social - International Center for Community Land Trusts","description":"Explorez le pouvoir de transformation du logement et des fonds fonciers communautaires pour la justice sociale lors du prochain s\u00e9minaire \u00e0 Dublin.","robots":{"index":"index","follow":"follow","max-snippet":"max-snippet:-1","max-image-preview":"max-image-preview:large","max-video-preview":"max-video-preview:-1"},"canonical":"https:\/\/www.cltweb.org\/fr\/2025\/05\/21\/des-biens-communs-pour-la-justice-les-clt-a-travers-les-continents-au-festival-international-du-logement-social\/","og_locale":"fr_FR","og_type":"article","og_title":"Des biens communs pour la justice : Les CLT \u00e0 travers les continents au Festival international du logement social","og_description":"Explorez le pouvoir de transformation du logement et des fonds fonciers communautaires pour la justice sociale lors du prochain s\u00e9minaire \u00e0 Dublin.","og_url":"https:\/\/www.cltweb.org\/fr\/2025\/05\/21\/des-biens-communs-pour-la-justice-les-clt-a-travers-les-continents-au-festival-international-du-logement-social\/","og_site_name":"International Center for Community Land Trusts","article_publisher":"https:\/\/www.facebook.com\/cltcenter","article_published_time":"2025-05-21T18:32:34+00:00","article_modified_time":"2025-05-22T14:19:41+00:00","og_image":[{"url":"https:\/\/www.cltweb.org\/wp-content\/uploads\/2025\/05\/ISHF-2025-2.png","width":1,"height":1,"type":"image\/png"}],"author":"Ben Harris","twitter_card":"summary_large_image","twitter_creator":"@Center4CLTs","twitter_site":"@Center4CLTs","twitter_misc":{"\u00c9crit par":"Ben Harris","Dur\u00e9e de lecture estim\u00e9e":"6 minutes"},"schema":{"@context":"https:\/\/schema.org","@graph":[{"@type":"Article","@id":"https:\/\/www.cltweb.org\/fr\/2025\/05\/21\/des-biens-communs-pour-la-justice-les-clt-a-travers-les-continents-au-festival-international-du-logement-social\/#article","isPartOf":{"@id":"https:\/\/www.cltweb.org\/fr\/2025\/05\/21\/des-biens-communs-pour-la-justice-les-clt-a-travers-les-continents-au-festival-international-du-logement-social\/"},"author":{"name":"Ben Harris","@id":"https:\/\/www.cltweb.org\/fr\/#\/schema\/person\/7c9fe56cc945e4b57585dbfe30f2ead4"},"headline":"Des biens communs pour la justice : Les CLT \u00e0 travers les continents au Festival international du logement social","datePublished":"2025-05-21T18:32:34+00:00","dateModified":"2025-05-22T14:19:41+00:00","mainEntityOfPage":{"@id":"https:\/\/www.cltweb.org\/fr\/2025\/05\/21\/des-biens-communs-pour-la-justice-les-clt-a-travers-les-continents-au-festival-international-du-logement-social\/"},"wordCount":1236,"publisher":{"@id":"https:\/\/www.cltweb.org\/fr\/#organization"},"image":{"@id":"https:\/\/www.cltweb.org\/fr\/2025\/05\/21\/des-biens-communs-pour-la-justice-les-clt-a-travers-les-continents-au-festival-international-du-logement-social\/#primaryimage"},"thumbnailUrl":"https:\/\/www.cltweb.org\/wp-content\/uploads\/2025\/05\/ISHF-2025-2.png","keywords":["conf\u00e9rence","fonds foncier communautaire","ishf"],"articleSection":["Blogs"],"inLanguage":"fr-FR"},{"@type":"WebPage","@id":"https:\/\/www.cltweb.org\/fr\/2025\/05\/21\/des-biens-communs-pour-la-justice-les-clt-a-travers-les-continents-au-festival-international-du-logement-social\/","url":"https:\/\/www.cltweb.org\/fr\/2025\/05\/21\/des-biens-communs-pour-la-justice-les-clt-a-travers-les-continents-au-festival-international-du-logement-social\/","name":"Des biens communs pour la justice : Les CLT \u00e0 travers les continents au Festival international du logement social - International Center for Community Land Trusts","isPartOf":{"@id":"https:\/\/www.cltweb.org\/fr\/#website"},"primaryImageOfPage":{"@id":"https:\/\/www.cltweb.org\/fr\/2025\/05\/21\/des-biens-communs-pour-la-justice-les-clt-a-travers-les-continents-au-festival-international-du-logement-social\/#primaryimage"},"image":{"@id":"https:\/\/www.cltweb.org\/fr\/2025\/05\/21\/des-biens-communs-pour-la-justice-les-clt-a-travers-les-continents-au-festival-international-du-logement-social\/#primaryimage"},"thumbnailUrl":"https:\/\/www.cltweb.org\/wp-content\/uploads\/2025\/05\/ISHF-2025-2.png","datePublished":"2025-05-21T18:32:34+00:00","dateModified":"2025-05-22T14:19:41+00:00","description":"Explorez le pouvoir de transformation du logement et des fonds fonciers communautaires pour la justice sociale lors du prochain s\u00e9minaire \u00e0 Dublin.","breadcrumb":{"@id":"https:\/\/www.cltweb.org\/fr\/2025\/05\/21\/des-biens-communs-pour-la-justice-les-clt-a-travers-les-continents-au-festival-international-du-logement-social\/#breadcrumb"},"inLanguage":"fr-FR","potentialAction":[{"@type":"ReadAction","target":["https:\/\/www.cltweb.org\/fr\/2025\/05\/21\/des-biens-communs-pour-la-justice-les-clt-a-travers-les-continents-au-festival-international-du-logement-social\/"]}]},{"@type":"ImageObject","inLanguage":"fr-FR","@id":"https:\/\/www.cltweb.org\/fr\/2025\/05\/21\/des-biens-communs-pour-la-justice-les-clt-a-travers-les-continents-au-festival-international-du-logement-social\/#primaryimage","url":"https:\/\/www.cltweb.org\/wp-content\/uploads\/2025\/05\/ISHF-2025-2.png","contentUrl":"https:\/\/www.cltweb.org\/wp-content\/uploads\/2025\/05\/ISHF-2025-2.png"},{"@type":"BreadcrumbList","@id":"https:\/\/www.cltweb.org\/fr\/2025\/05\/21\/des-biens-communs-pour-la-justice-les-clt-a-travers-les-continents-au-festival-international-du-logement-social\/#breadcrumb","itemListElement":[{"@type":"ListItem","position":1,"name":"Home","item":"https:\/\/www.cltweb.org\/fr\/"},{"@type":"ListItem","position":2,"name":"Des biens communs pour la justice : Les CLT \u00e0 travers les continents au Festival international du logement social"}]},{"@type":"WebSite","@id":"https:\/\/www.cltweb.org\/fr\/#website","url":"https:\/\/www.cltweb.org\/fr\/","name":"International Center for Community Land Trusts","description":"","publisher":{"@id":"https:\/\/www.cltweb.org\/fr\/#organization"},"potentialAction":[{"@type":"SearchAction","target":{"@type":"EntryPoint","urlTemplate":"https:\/\/www.cltweb.org\/fr\/?s={search_term_string}"},"query-input":{"@type":"PropertyValueSpecification","valueRequired":true,"valueName":"search_term_string"}}],"inLanguage":"fr-FR"},{"@type":"Organization","@id":"https:\/\/www.cltweb.org\/fr\/#organization","name":"International Center for Community Land Trusts","url":"https:\/\/www.cltweb.org\/fr\/","logo":{"@type":"ImageObject","inLanguage":"fr-FR","@id":"https:\/\/www.cltweb.org\/fr\/#\/schema\/logo\/image\/","url":"https:\/\/www.cltweb.org\/wp-content\/uploads\/2024\/11\/New-CLT-Center-Text-logo.png","contentUrl":"https:\/\/www.cltweb.org\/wp-content\/uploads\/2024\/11\/New-CLT-Center-Text-logo.png","width":227,"height":80,"caption":"International Center for Community Land Trusts"},"image":{"@id":"https:\/\/www.cltweb.org\/fr\/#\/schema\/logo\/image\/"},"sameAs":["https:\/\/www.facebook.com\/cltcenter","https:\/\/x.com\/Center4CLTs","https:\/\/www.instagram.com\/cltcenter\/","https:\/\/www.linkedin.com\/company\/cltcenter","https:\/\/www.youtube.com\/@centerforcltinnovation5313"],"description":"The International Center for Community Land Trusts is a not-for-profit nongovernmental organization established in 2018 to promote and to support community land trusts and similar strategies of community-led development on community-owned land in countries throughout the world.","email":"info@communitylandtrust.net","legalName":"International Center for Community Land Trusts","foundingDate":"2018-12-01","taxID":"84-3858933","numberOfEmployees":{"@type":"QuantitativeValue","minValue":"1","maxValue":"10"}},{"@type":"Person","@id":"https:\/\/www.cltweb.org\/fr\/#\/schema\/person\/7c9fe56cc945e4b57585dbfe30f2ead4","name":"Ben Harris","image":{"@type":"ImageObject","inLanguage":"fr-FR","@id":"https:\/\/secure.gravatar.com\/avatar\/12a44d8988553548c22c57da673ee8ffb7e0b87b0197beec533bae3061a92cc5?s=96&d=mm&r=g","url":"https:\/\/secure.gravatar.com\/avatar\/12a44d8988553548c22c57da673ee8ffb7e0b87b0197beec533bae3061a92cc5?s=96&d=mm&r=g","contentUrl":"https:\/\/secure.gravatar.com\/avatar\/12a44d8988553548c22c57da673ee8ffb7e0b87b0197beec533bae3061a92cc5?s=96&d=mm&r=g","caption":"Ben Harris"},"url":"https:\/\/www.cltweb.org\/fr\/author\/ben\/"}]}},"taxonomy_info":{"category":[{"value":292,"label":"Blogs"}],"post_tag":[{"value":340,"label":"conf\u00e9rence"},{"value":338,"label":"fonds foncier communautaire"},{"value":339,"label":"ishf"}]},"featured_image_src_large":false,"author_info":{"display_name":"Ben Harris","author_link":"https:\/\/www.cltweb.org\/fr\/author\/ben\/"},"comment_info":0,"category_info":[{"term_id":292,"name":"Blogs","slug":"blogs-fr","term_group":0,"term_taxonomy_id":292,"taxonomy":"category","description":"","parent":0,"count":14,"filter":"raw","cat_ID":292,"category_count":14,"category_description":"","cat_name":"Blogs","category_nicename":"blogs-fr","category_parent":0}],"tag_info":[{"term_id":340,"name":"conf\u00e9rence","slug":"conference-fr","term_group":0,"term_taxonomy_id":340,"taxonomy":"post_tag","description":"","parent":0,"count":2,"filter":"raw"},{"term_id":338,"name":"fonds foncier communautaire","slug":"fonds-foncier-communautaire","term_group":0,"term_taxonomy_id":338,"taxonomy":"post_tag","description":"","parent":0,"count":19,"filter":"raw"},{"term_id":339,"name":"ishf","slug":"ishf-fr","term_group":0,"term_taxonomy_id":339,"taxonomy":"post_tag","description":"","parent":0,"count":2,"filter":"raw"}],"jetpack_featured_media_url":"","jetpack_sharing_enabled":true,"jetpack-related-posts":[{"id":10100,"url":"https:\/\/www.cltweb.org\/fr\/2025\/10\/24\/explorer-le-potentiel-des-fiducies-foncieres-communautaires-a-buenos-aires\/","url_meta":{"origin":9541,"position":0},"title":"Explorer le potentiel des fiducies fonci\u00e8res communautaires \u00e0 Buenos Aires","author":"Ben Harris","date":"24 octobre 2025","format":false,"excerpt":"Par Tarcyla Fidalgo En octobre 2025, dans le cadre de l'initiative Global South CLT du CLT Center, Tarcyla Fidalgo, chef de projet, s'est rendue \u00e0 Buenos Aires, en Argentine, pour \u00e9changer des id\u00e9es sur le logement abordable, la s\u00e9curit\u00e9 d'occupation et la propri\u00e9t\u00e9 fonci\u00e8re collective. La visite s'est appuy\u00e9e sur\u2026","rel":"","context":"Dans &quot;Blogs&quot;","block_context":{"text":"Blogs","link":"https:\/\/www.cltweb.org\/fr\/category\/blogs-fr\/"},"img":{"alt_text":"Tarcyla Fidalgo participates in a seminar at the Public Defender's Office in Buenos Aires, Argentina.","src":"https:\/\/i0.wp.com\/www.cltweb.org\/wp-content\/uploads\/2025\/10\/image-edited.jpeg?resize=350%2C200&ssl=1","width":350,"height":200,"srcset":"https:\/\/i0.wp.com\/www.cltweb.org\/wp-content\/uploads\/2025\/10\/image-edited.jpeg?resize=350%2C200&ssl=1 1x, https:\/\/i0.wp.com\/www.cltweb.org\/wp-content\/uploads\/2025\/10\/image-edited.jpeg?resize=525%2C300&ssl=1 1.5x, https:\/\/i0.wp.com\/www.cltweb.org\/wp-content\/uploads\/2025\/10\/image-edited.jpeg?resize=700%2C400&ssl=1 2x"},"classes":[]},{"id":10142,"url":"https:\/\/www.cltweb.org\/fr\/2025\/10\/24\/presentation-du-modele-clt-a-la-conference-suedoise-collaborative-and-social-building-and-living-2025\/","url_meta":{"origin":9541,"position":1},"title":"Pr\u00e9sentation du mod\u00e8le CLT \u00e0 la conf\u00e9rence su\u00e9doise Collaborative and Social Building and Living 2025","author":"Ben Harris","date":"24 octobre 2025","format":false,"excerpt":"Par Jonas Lagander, Coompanion Coompanion a particip\u00e9 cette ann\u00e9e \u00e0 la conf\u00e9rence Collaborative and Social Building and Living \u00e0 Bor\u00e5s, en Su\u00e8de, et a organis\u00e9 deux s\u00e9minaires sur les CLT. Avec d'autres partenaires concern\u00e9s, ils participent au projet \"Local innovation systems around the barriers to idea-based and collaborative housing in\u2026","rel":"","context":"Dans &quot;Blogs&quot;","block_context":{"text":"Blogs","link":"https:\/\/www.cltweb.org\/fr\/category\/blogs-fr\/"},"img":{"alt_text":"","src":"https:\/\/i0.wp.com\/www.cltweb.org\/wp-content\/uploads\/2025\/10\/IMG_6480.jpg?resize=350%2C200&ssl=1","width":350,"height":200,"srcset":"https:\/\/i0.wp.com\/www.cltweb.org\/wp-content\/uploads\/2025\/10\/IMG_6480.jpg?resize=350%2C200&ssl=1 1x, https:\/\/i0.wp.com\/www.cltweb.org\/wp-content\/uploads\/2025\/10\/IMG_6480.jpg?resize=525%2C300&ssl=1 1.5x, https:\/\/i0.wp.com\/www.cltweb.org\/wp-content\/uploads\/2025\/10\/IMG_6480.jpg?resize=700%2C400&ssl=1 2x, https:\/\/i0.wp.com\/www.cltweb.org\/wp-content\/uploads\/2025\/10\/IMG_6480.jpg?resize=1050%2C600&ssl=1 3x, https:\/\/i0.wp.com\/www.cltweb.org\/wp-content\/uploads\/2025\/10\/IMG_6480.jpg?resize=1400%2C800&ssl=1 4x"},"classes":[]},{"id":9528,"url":"https:\/\/www.cltweb.org\/2025\/05\/21\/des-biens-communs-pour-la-justice-les-clt-a-travers-les-continents-au-festival-international-du-logement-social\/","url_meta":{"origin":9541,"position":2},"title":"Des biens communs pour la justice : Les CLT \u00e0 travers les continents au Festival international du logement social","author":"Ben Harris","date":"21 mai 2025","format":false,"excerpt":"","rel":"","context":"Dans &quot;Blogs&quot;","block_context":{"text":"Blogs","link":"https:\/\/www.cltweb.org\/fr\/category\/blogs-fr\/"},"img":{"alt_text":"","src":"","width":0,"height":0},"classes":[]},{"id":6599,"url":"https:\/\/www.cltweb.org\/fr\/2022\/10\/11\/evenement-du-centre-clt-reforme-fonciere-en-ecosse\/","url_meta":{"origin":9541,"position":3},"title":"EVENEMENT DU CENTRE CLT : R\u00e9forme fonci\u00e8re en Ecosse","author":"cltredesign_0jp0l4","date":"11 octobre 2022","format":false,"excerpt":"Rejoignez-nous pour une discussion sur la r\u00e9forme fonci\u00e8re \u00e9cossaise et les liens entre l'agenda de la r\u00e9forme fonci\u00e8re et le logement g\u00e9r\u00e9 par la communaut\u00e9 et l'autonomisation de la communaut\u00e9. La session comprendra des pr\u00e9sentations de la Scottish Land Commission, de Community Land Scotland et de Wigtown & Bladnoch Community\u2026","rel":"","context":"Dans &quot;Non classifi\u00e9(e)&quot;","block_context":{"text":"Non classifi\u00e9(e)","link":"https:\/\/www.cltweb.org\/fr\/category\/non-classifiee\/"},"img":{"alt_text":"Logo SOSCH","src":"https:\/\/i0.wp.com\/www.cltweb.org\/wp-content\/uploads\/2022\/10\/SOSCH-logo.png?resize=350%2C200&ssl=1","width":350,"height":200},"classes":[]},{"id":7248,"url":"https:\/\/www.cltweb.org\/fr\/2024\/09\/03\/introduction-a-lutilisation-des-clt-pour-la-renovation-energetique-et-laccessibilite-permanente-des-logements-existants\/","url_meta":{"origin":9541,"position":4},"title":"Introduction \u00e0 l&#8217;utilisation des CLT pour la r\u00e9novation \u00e9nerg\u00e9tique et l&#8217;accessibilit\u00e9 permanente des logements existants","author":"cltredesign_0jp0l4","date":"3 septembre 2024","format":false,"excerpt":"La contribution suivante a \u00e9t\u00e9 r\u00e9dig\u00e9e par Richard Kruger Delgado, responsable de l'\u00e9ducation et de la sensibilisation pour l'International Center for Community Land Trusts, afin de pr\u00e9senter le prochain webinaire qui aura lieu le 25 septembre. \"Nous avons pour mission de ne pas laisser les gens de c\u00f4t\u00e9. - John\u2026","rel":"","context":"Dans &quot;Blogs&quot;","block_context":{"text":"Blogs","link":"https:\/\/www.cltweb.org\/fr\/category\/blogs-fr\/"},"img":{"alt_text":"","src":"","width":0,"height":0},"classes":[]},{"id":7689,"url":"https:\/\/www.cltweb.org\/fr\/2024\/11\/11\/introduction-au-pouvoir-et-au-leadership-des-jeunes-dans-la-pratique-du-community-land-trust\/","url_meta":{"origin":9541,"position":5},"title":"Introduction au pouvoir et au leadership des jeunes dans la pratique du Community Land Trust","author":"Ben Harris","date":"11 novembre 2024","format":false,"excerpt":"Par Richard Kruger Delgado La contribution suivante a \u00e9t\u00e9 r\u00e9dig\u00e9e par Richard Kruger Delgado, responsable de l'\u00e9ducation et de la sensibilisation pour l'International Center for Community Land Trusts, dans le cadre du prochain webinaire intitul\u00e9 \"Stewarding the Future : Le pouvoir et le leadership des jeunes dans la pratique des\u2026","rel":"","context":"Dans &quot;Blogs&quot;","block_context":{"text":"Blogs","link":"https:\/\/www.cltweb.org\/fr\/category\/blogs-fr\/"},"img":{"alt_text":"","src":"https:\/\/i0.wp.com\/www.cltweb.org\/wp-content\/uploads\/2024\/11\/Screenshot-2024-11-11-at-5.46.26%E2%80%AFPM.png?resize=350%2C200&ssl=1","width":350,"height":200,"srcset":"https:\/\/i0.wp.com\/www.cltweb.org\/wp-content\/uploads\/2024\/11\/Screenshot-2024-11-11-at-5.46.26%E2%80%AFPM.png?resize=350%2C200&ssl=1 1x, https:\/\/i0.wp.com\/www.cltweb.org\/wp-content\/uploads\/2024\/11\/Screenshot-2024-11-11-at-5.46.26%E2%80%AFPM.png?resize=525%2C300&ssl=1 1.5x, https:\/\/i0.wp.com\/www.cltweb.org\/wp-content\/uploads\/2024\/11\/Screenshot-2024-11-11-at-5.46.26%E2%80%AFPM.png?resize=700%2C400&ssl=1 2x"},"classes":[]}],"_links":{"self":[{"href":"https:\/\/www.cltweb.org\/fr\/wp-json\/wp\/v2\/posts\/9541","targetHints":{"allow":["GET"]}}],"collection":[{"href":"https:\/\/www.cltweb.org\/fr\/wp-json\/wp\/v2\/posts"}],"about":[{"href":"https:\/\/www.cltweb.org\/fr\/wp-json\/wp\/v2\/types\/post"}],"author":[{"embeddable":true,"href":"https:\/\/www.cltweb.org\/fr\/wp-json\/wp\/v2\/users\/2"}],"replies":[{"embeddable":true,"href":"https:\/\/www.cltweb.org\/fr\/wp-json\/wp\/v2\/comments?post=9541"}],"version-history":[{"count":1,"href":"https:\/\/www.cltweb.org\/fr\/wp-json\/wp\/v2\/posts\/9541\/revisions"}],"predecessor-version":[{"id":9542,"href":"https:\/\/www.cltweb.org\/fr\/wp-json\/wp\/v2\/posts\/9541\/revisions\/9542"}],"wp:attachment":[{"href":"https:\/\/www.cltweb.org\/fr\/wp-json\/wp\/v2\/media?parent=9541"}],"wp:term":[{"taxonomy":"category","embeddable":true,"href":"https:\/\/www.cltweb.org\/fr\/wp-json\/wp\/v2\/categories?post=9541"},{"taxonomy":"post_tag","embeddable":true,"href":"https:\/\/www.cltweb.org\/fr\/wp-json\/wp\/v2\/tags?post=9541"}],"curies":[{"name":"wp","href":"https:\/\/api.w.org\/{rel}","templated":true}]}}