{"id":10097,"date":"2025-10-24T12:32:58","date_gmt":"2025-10-24T12:32:58","guid":{"rendered":"https:\/\/www.cltweb.org\/2025\/10\/24\/explorando-o-potencial-dos-community-land-trusts-em-buenos-aires\/"},"modified":"2025-10-24T13:00:30","modified_gmt":"2025-10-24T13:00:30","slug":"explorando-o-potencial-dos-community-land-trusts-em-buenos-aires","status":"publish","type":"post","link":"https:\/\/www.cltweb.org\/pt-br\/2025\/10\/24\/explorando-o-potencial-dos-community-land-trusts-em-buenos-aires\/","title":{"rendered":"Explorando o potencial dos Community Land Trusts em Buenos Aires"},"content":{"rendered":"\n<p><strong>Por Tarcyla Fidalgo<\/strong><\/p>\n\n<figure class=\"wp-block-image alignright size-large is-resized\"><img loading=\"lazy\" decoding=\"async\" width=\"768\" height=\"1024\" src=\"https:\/\/www.cltweb.org\/wp-content\/uploads\/2025\/10\/image-4-768x1024.jpeg\" alt=\"\" class=\"wp-image-10062\" style=\"width:331px;height:auto\" srcset=\"https:\/\/www.cltweb.org\/wp-content\/uploads\/2025\/10\/image-4-768x1024.jpeg 768w, https:\/\/www.cltweb.org\/wp-content\/uploads\/2025\/10\/image-4-225x300.jpeg 225w, https:\/\/www.cltweb.org\/wp-content\/uploads\/2025\/10\/image-4-1152x1536.jpeg 1152w, https:\/\/www.cltweb.org\/wp-content\/uploads\/2025\/10\/image-4.jpeg 1200w\" sizes=\"auto, (max-width: 768px) 100vw, 768px\" \/><\/figure>\n\n<p>Em outubro de 2025, como parte da Iniciativa CLT do Sul Global do Centro CLT, a l\u00edder do projeto Tarcyla Fidalgo visitou Buenos Aires, Argentina, para trocar ideias sobre moradia acess\u00edvel, seguran\u00e7a da posse e propriedade coletiva da terra. A visita se baseou no crescente interesse local nos CLTs ap\u00f3s uma sess\u00e3o virtual organizada pelo Centro CLT durante o Dia Mundial do CLT 2025, ap\u00f3s o qual Tarcyla foi convidada pela <em>Defensor\u00eda del Pueblo de la Ciudad de Buenos Aires<\/em> (Defensoria P\u00fablica da Cidade de Buenos Aires) para participar de um evento do Dia Mundial do Habitat focado no avan\u00e7o do direito \u00e0 moradia e em cidades mais justas. <\/p>\n\n<h3 class=\"wp-block-heading\" id=\"h-constructing-more-just-cities-an-invitation-to-dialogue\"><strong>Construindo cidades mais justas: Um convite ao di\u00e1logo<\/strong><\/h3>\n\n<p>O evento reuniu uma coaliz\u00e3o diversificada de atores &#8211; organiza\u00e7\u00f5es sociais, acad\u00eamicos, institui\u00e7\u00f5es governamentais e parceiros do setor privado &#8211; para refletir sobre desafios urbanos urgentes, como acesso \u00e0 moradia, planejamento espacial e as realidades enfrentadas pelos moradores de <em>barrios populares<\/em><em>(assentamentos informais<\/em>) em Buenos Aires.<\/p>\n\n<p>Organizado em colabora\u00e7\u00e3o com Habitat para a Humanidade Argentina, TECHO &#8211; Argentina, CIPPEC<em>(Centro para a Implementa\u00e7\u00e3o de Pol\u00edticas P\u00fablicas que Promovam a Equidade e o Crescimento<\/em>), MUJERES 2000, RIL Argentina<em>(Rede de Inova\u00e7\u00e3o Local<\/em>), CAF<em>(Banco de Desenvolvimento da Am\u00e9rica Latina e do Caribe<\/em>), Fundaci\u00f3n Vivienda Digna<em>(Funda\u00e7\u00e3o Moradia Digna<\/em>), Fundaci\u00f3n Tejido Urbano<em>(<\/em>Funda\u00e7\u00e3o Tecido Urbano), ACIJ Asociaci\u00f3n Civil por la Igualdad y la Justicia<em>(Associa\u00e7\u00e3o Civil pela Igualdade e Justi\u00e7a<\/em>) e o CLT Center, o evento ressaltou como a conquista do direito \u00e0 moradia exige esfor\u00e7o coletivo, di\u00e1logo aberto e vis\u00e3o compartilhada entre os setores.<\/p>\n\n<p>O encontro tamb\u00e9m contou com a <em>Hecho en Buenos Aires<\/em><em>(Feito em Buenos Aires<\/em>), uma poderosa exposi\u00e7\u00e3o de arte criada por pessoas que vivem em situa\u00e7\u00e3o de rua. A exposi\u00e7\u00e3o ofereceu uma perspectiva humana que fundamentou a discuss\u00e3o de pol\u00edticas na experi\u00eancia vivida e refor\u00e7ou a import\u00e2ncia da dignidade e da inclus\u00e3o nos debates sobre moradia. <\/p>\n\n<figure class=\"wp-block-image alignleft size-large is-resized\"><img loading=\"lazy\" decoding=\"async\" width=\"768\" height=\"1024\" src=\"https:\/\/www.cltweb.org\/wp-content\/uploads\/2025\/10\/image-6-768x1024.jpeg\" alt=\"\" class=\"wp-image-10070\" style=\"width:326px;height:auto\" srcset=\"https:\/\/www.cltweb.org\/wp-content\/uploads\/2025\/10\/image-6-768x1024.jpeg 768w, https:\/\/www.cltweb.org\/wp-content\/uploads\/2025\/10\/image-6-225x300.jpeg 225w, https:\/\/www.cltweb.org\/wp-content\/uploads\/2025\/10\/image-6-1152x1536.jpeg 1152w, https:\/\/www.cltweb.org\/wp-content\/uploads\/2025\/10\/image-6.jpeg 1200w\" sizes=\"auto, (max-width: 768px) 100vw, 768px\" \/><\/figure>\n\n<h3 class=\"wp-block-heading\" id=\"h-field-visits-and-conversations-on-housing-affordability\"><strong>Visitas de campo e conversas sobre acessibilidade de moradia<\/strong><\/h3>\n\n<p>Enquanto esteve em Buenos Aires, Tarcyla visitou v\u00e1rias organiza\u00e7\u00f5es e iniciativas que abordam a crise habitacional de diferentes \u00e2ngulos. Na Comuna 21 &#8211; Comunidad Mugica, ela observou o projeto de moderniza\u00e7\u00e3o urbana e regulariza\u00e7\u00e3o fundi\u00e1ria em andamento do governo, iniciado em 2016. A iniciativa, que reassentou mais de mil fam\u00edlias em novas casas constru\u00eddas em terrenos de propriedade da comunidade, reflete tanto o progresso quanto os desafios persistentes de garantir a participa\u00e7\u00e3o genu\u00edna da comunidade, a acessibilidade de longo prazo e a prote\u00e7\u00e3o contra a especula\u00e7\u00e3o.  <\/p>\n\n<p>Tarcyla tamb\u00e9m se reuniu com a Habitat for Humanity Argentina, que est\u00e1 testando um projeto piloto de moradia de aluguel<em>social (alquiler social<\/em>) composto por nove apartamentos. A iniciativa foi desenvolvida em resposta ao aumento vertiginoso dos pre\u00e7os dos alugu\u00e9is &#8211; mais de 200% ap\u00f3s a pandemia &#8211; ap\u00f3s a expira\u00e7\u00e3o da legisla\u00e7\u00e3o de controle de alugu\u00e9is e o endurecimento dos requisitos de seguran\u00e7a de aluguel. <\/p>\n\n<p>O projeto visa fornecer uma solu\u00e7\u00e3o de moradia tempor\u00e1ria de dois a tr\u00eas anos, permitindo que as fam\u00edlias tenham tempo para se estabilizar, reconstruir e reingressar no mercado formal de aluguel. Os alugu\u00e9is s\u00e3o definidos pelo valor de mercado, mas com subs\u00eddios organizacionais de at\u00e9 40%, garantindo a acessibilidade. Os locat\u00e1rios n\u00e3o s\u00e3o obrigados a fornecer as garantias financeiras t\u00edpicas que geralmente impedem que fam\u00edlias de baixa renda tenham acesso a alugu\u00e9is formais.  <\/p>\n\n<p>Em uma reviravolta inovadora, 10% do aluguel de cada inquilino \u00e9 depositado em uma conta poupan\u00e7a pessoal, que \u00e9 devolvida no final do per\u00edodo de loca\u00e7\u00e3o. Isso cria um colch\u00e3o financeiro para despesas de mudan\u00e7a ou futuros dep\u00f3sitos de moradia. O programa tamb\u00e9m incorpora treinamento profissional e educa\u00e7\u00e3o financeira, apoiando a entrada dos residentes no mercado de trabalho formal.  <\/p>\n\n<p>Devido \u00e0 alta taxa de infla\u00e7\u00e3o da Argentina, os alugu\u00e9is s\u00e3o ajustados trimestralmente para manter a sustentabilidade financeira do projeto. Apesar desse desafio, os dados iniciais mostram o impacto positivo do piloto na estabilidade econ\u00f4mica e no bem-estar social das fam\u00edlias, posicionando-o como um modelo promissor para replica\u00e7\u00e3o e adapta\u00e7\u00e3o. <\/p>\n\n<figure class=\"wp-block-image alignright size-large is-resized\"><img loading=\"lazy\" decoding=\"async\" width=\"922\" height=\"1230\" src=\"https:\/\/www.cltweb.org\/wp-content\/uploads\/2025\/10\/image-7-edited.jpeg\" alt=\"\" class=\"wp-image-10090\" style=\"width:285px;height:auto\" srcset=\"https:\/\/www.cltweb.org\/wp-content\/uploads\/2025\/10\/image-7-edited.jpeg 922w, https:\/\/www.cltweb.org\/wp-content\/uploads\/2025\/10\/image-7-edited-225x300.jpeg 225w, https:\/\/www.cltweb.org\/wp-content\/uploads\/2025\/10\/image-7-edited-768x1025.jpeg 768w\" sizes=\"auto, (max-width: 922px) 100vw, 922px\" \/><\/figure>\n\n<figure class=\"wp-block-image alignright size-large is-resized\"><img loading=\"lazy\" decoding=\"async\" width=\"750\" height=\"1000\" src=\"https:\/\/www.cltweb.org\/wp-content\/uploads\/2025\/10\/image-edited.jpeg\" alt=\"\" class=\"wp-image-10086\" style=\"width:284px;height:auto\" srcset=\"https:\/\/www.cltweb.org\/wp-content\/uploads\/2025\/10\/image-edited.jpeg 750w, https:\/\/www.cltweb.org\/wp-content\/uploads\/2025\/10\/image-edited-225x300.jpeg 225w\" sizes=\"auto, (max-width: 750px) 100vw, 750px\" \/><figcaption class=\"wp-element-caption\">Tarcyla Fidalgo participa de um semin\u00e1rio na Defensoria P\u00fablica em Buenos Aires, Argentina<\/figcaption><\/figure>\n\n<h3 class=\"wp-block-heading\" id=\"h-engaging-policymakers-and-advocating-for-collective-ownership\">Envolvimento de formuladores de pol\u00edticas e defesa da propriedade coletiva<\/h3>\n\n<p>Em seguida, houve um di\u00e1logo produtivo com membros do parlamento, reunindo v\u00e1rios aliados da habita\u00e7\u00e3o social, incluindo Mar\u00eda Migliore (ex-ministra do Desenvolvimento Humano e Habitat) e os legisladores Emmanuel Ferraro, Manuela Thourte e Manuel Soc\u00edas. Durante a discuss\u00e3o, Tarcyla apresentou a estrutura do Community Land Trust e compartilhou exemplos globais &#8211; de Porto Rico ao Qu\u00eania e ao Brasil &#8211; que ilustram como os CLTs podem combinar posse segura com gest\u00e3o coletiva e acessibilidade de longo prazo. A reuni\u00e3o despertou o interesse de formuladores de pol\u00edticas ansiosos para explorar o potencial de aplica\u00e7\u00e3o do modelo CLT em Buenos Aires e em outros lugares.  <\/p>\n\n<h3 class=\"wp-block-heading\" id=\"h-seminar-on-the-right-to-the-city\">Semin\u00e1rio sobre o direito \u00e0 cidade<\/h3>\n\n<p>No semin\u00e1rio &#8220;O Direito \u00e0 Cidade: Alternativas para o Acesso \u00e0 Moradia e ao Habitat&#8221;, a participa\u00e7\u00e3o de Tarcyla reuniu mais de 80 participantes em um dia inteiro de apresenta\u00e7\u00f5es e di\u00e1logo. O semin\u00e1rio se concentrou na acessibilidade como pedra angular do direito \u00e0 moradia, enfatizando a necessidade de ver a moradia como um direito social e n\u00e3o como um ativo financeiro. As discuss\u00f5es tamb\u00e9m destacaram a import\u00e2ncia da autogest\u00e3o e da participa\u00e7\u00e3o da comunidade na forma\u00e7\u00e3o da pol\u00edtica urbana &#8211; valores fundamentais compartilhados pelo modelo CLT.  <\/p>\n\n<p>Durante todo o dia, os participantes reconheceram a necessidade de instrumentos jur\u00eddicos e financeiros flex\u00edveis que possam se adaptar \u00e0s diversas realidades locais. Houve grande interesse em modelos de aluguel social e propriedade coletiva da terra, com aten\u00e7\u00e3o especial para o modo como as entidades jur\u00eddicas baseadas em confian\u00e7a podem oferecer caminhos para o financiamento e a seguran\u00e7a da posse. <\/p>\n\n<h3 class=\"wp-block-heading\" id=\"h-building-connections-across-the-global-south\">Criando conex\u00f5es em todo o Sul Global<\/h3>\n\n<p>A visita de Tarcyla a Buenos Aires marca mais um passo no trabalho do Centro CLT para acompanhar e conectar os esfor\u00e7os liderados pela comunidade em todo o Sul Global. A Iniciativa CLT do Sul Global aumenta a conscientiza\u00e7\u00e3o e desenvolve a capacidade em torno do uso de Community Land Trusts para garantir a posse da terra, evitar o deslocamento e promover moradia equitativa em assentamentos informais. <\/p>\n\n<p>Fundamentada na cren\u00e7a de que a terra e a moradia seguras s\u00e3o direitos humanos, a iniciativa re\u00fane l\u00edderes de base, aliados t\u00e9cnicos e organiza\u00e7\u00f5es comunit\u00e1rias para fortalecer as respostas coletivas \u00e0s crises de especula\u00e7\u00e3o fundi\u00e1ria, mudan\u00e7a clim\u00e1tica e desigualdade urbana. Por meio de interc\u00e2mbios como este, o Centro CLT continua a promover a colabora\u00e7\u00e3o, desenvolver recursos pr\u00e1ticos e capacitar as comunidades a criar alternativas dignas e controladas pela comunidade para o desenvolvimento urbano orientado pelo mercado. <\/p>\n\n<p><strong><em>Para obter mais informa\u00e7\u00f5es sobre a Iniciativa CLT do Sul Global no Centro CLT, entre em contato com <a href=\"mailto:info@communitylandtrust.net\" target=\"_blank\" rel=\"noreferrer noopener\">info@communitylandtrust.net.<\/a><\/em><\/strong><\/p>\n\n<p><\/p>\n","protected":false},"excerpt":{"rendered":"<p>Por Tarcyla Fidalgo Em outubro de 2025, como parte da Iniciativa CLT do Sul Global do Centro CLT, a l\u00edder do projeto Tarcyla Fidalgo visitou Buenos Aires, Argentina, para trocar [&hellip;]<\/p>\n","protected":false},"author":2,"featured_media":10088,"comment_status":"closed","ping_status":"open","sticky":false,"template":"","format":"standard","meta":{"give_campaign_id":0,"_tec_requires_first_save":true,"_kad_blocks_custom_css":"","_kad_blocks_head_custom_js":"","_kad_blocks_body_custom_js":"","_kad_blocks_footer_custom_js":"","_EventAllDay":false,"_EventTimezone":"","_EventStartDate":"","_EventEndDate":"","_EventStartDateUTC":"","_EventEndDateUTC":"","_EventShowMap":false,"_EventShowMapLink":false,"_EventURL":"","_EventCost":"","_EventCostDescription":"","_EventCurrencySymbol":"","_EventCurrencyCode":"","_EventCurrencyPosition":"","_EventDateTimeSeparator":"","_EventTimeRangeSeparator":"","_EventOrganizerID":[],"_EventVenueID":[],"_OrganizerEmail":"","_OrganizerPhone":"","_OrganizerWebsite":"","_VenueAddress":"","_VenueCity":"","_VenueCountry":"","_VenueProvince":"","_VenueState":"","_VenueZip":"","_VenuePhone":"","_VenueURL":"","_VenueStateProvince":"","_VenueLat":"","_VenueLng":"","_VenueShowMap":false,"_VenueShowMapLink":false,"_tribe_blocks_recurrence_rules":"","_tribe_blocks_recurrence_description":"","_tribe_blocks_recurrence_exclusions":"","_jetpack_memberships_contains_paid_content":false,"footnotes":""},"categories":[291,157],"tags":[349,332,350],"class_list":["post-10097","post","type-post","status-publish","format-standard","has-post-thumbnail","hentry","category-blogs-pt-br","category-sul-global","tag-argentina","tag-fundo-de-terras-comunitario","tag-sul-global"],"blocksy_meta":[],"yoast_head":"<!-- This site is optimized with the Yoast SEO Premium plugin v27.4 (Yoast SEO v27.5) - https:\/\/yoast.com\/product\/yoast-seo-premium-wordpress\/ -->\n<title>Explorando o potencial dos Community Land Trusts em Buenos Aires - International Center for Community Land Trusts<\/title>\n<meta name=\"robots\" content=\"index, follow, max-snippet:-1, max-image-preview:large, max-video-preview:-1\" \/>\n<link rel=\"canonical\" href=\"https:\/\/www.cltweb.org\/pt-br\/2025\/10\/24\/explorando-o-potencial-dos-community-land-trusts-em-buenos-aires\/\" \/>\n<meta property=\"og:locale\" content=\"pt_BR\" \/>\n<meta property=\"og:type\" content=\"article\" \/>\n<meta property=\"og:title\" content=\"Explorando o potencial dos Community Land Trusts em Buenos Aires\" \/>\n<meta property=\"og:description\" content=\"Por Tarcyla Fidalgo Em outubro de 2025, como parte da Iniciativa CLT do Sul Global do Centro CLT, a l\u00edder do projeto Tarcyla Fidalgo visitou Buenos Aires, Argentina, para trocar [&hellip;]\" \/>\n<meta property=\"og:url\" content=\"https:\/\/www.cltweb.org\/pt-br\/2025\/10\/24\/explorando-o-potencial-dos-community-land-trusts-em-buenos-aires\/\" \/>\n<meta property=\"og:site_name\" content=\"International Center for Community Land Trusts\" \/>\n<meta property=\"article:publisher\" content=\"https:\/\/www.facebook.com\/cltcenter\" \/>\n<meta property=\"article:published_time\" content=\"2025-10-24T12:32:58+00:00\" \/>\n<meta property=\"article:modified_time\" content=\"2025-10-24T13:00:30+00:00\" \/>\n<meta property=\"og:image\" content=\"https:\/\/www.cltweb.org\/wp-content\/uploads\/2025\/10\/image-edited.jpeg\" \/>\n\t<meta property=\"og:image:width\" content=\"750\" \/>\n\t<meta property=\"og:image:height\" content=\"1000\" \/>\n\t<meta property=\"og:image:type\" content=\"image\/jpeg\" \/>\n<meta name=\"author\" content=\"Ben Harris\" \/>\n<meta name=\"twitter:card\" content=\"summary_large_image\" \/>\n<meta name=\"twitter:creator\" content=\"@Center4CLTs\" \/>\n<meta name=\"twitter:site\" content=\"@Center4CLTs\" \/>\n<meta name=\"twitter:label1\" content=\"Escrito por\" \/>\n\t<meta name=\"twitter:data1\" content=\"Ben Harris\" \/>\n\t<meta name=\"twitter:label2\" content=\"Est. tempo de leitura\" \/>\n\t<meta name=\"twitter:data2\" content=\"6 minutos\" \/>\n<script type=\"application\/ld+json\" class=\"yoast-schema-graph\">{\"@context\":\"https:\\\/\\\/schema.org\",\"@graph\":[{\"@type\":\"Article\",\"@id\":\"https:\\\/\\\/www.cltweb.org\\\/pt-br\\\/2025\\\/10\\\/24\\\/explorando-o-potencial-dos-community-land-trusts-em-buenos-aires\\\/#article\",\"isPartOf\":{\"@id\":\"https:\\\/\\\/www.cltweb.org\\\/pt-br\\\/2025\\\/10\\\/24\\\/explorando-o-potencial-dos-community-land-trusts-em-buenos-aires\\\/\"},\"author\":{\"name\":\"Ben Harris\",\"@id\":\"https:\\\/\\\/www.cltweb.org\\\/pt-br\\\/#\\\/schema\\\/person\\\/7c9fe56cc945e4b57585dbfe30f2ead4\"},\"headline\":\"Explorando o potencial dos Community Land Trusts em Buenos Aires\",\"datePublished\":\"2025-10-24T12:32:58+00:00\",\"dateModified\":\"2025-10-24T13:00:30+00:00\",\"mainEntityOfPage\":{\"@id\":\"https:\\\/\\\/www.cltweb.org\\\/pt-br\\\/2025\\\/10\\\/24\\\/explorando-o-potencial-dos-community-land-trusts-em-buenos-aires\\\/\"},\"wordCount\":1242,\"publisher\":{\"@id\":\"https:\\\/\\\/www.cltweb.org\\\/pt-br\\\/#organization\"},\"image\":{\"@id\":\"https:\\\/\\\/www.cltweb.org\\\/pt-br\\\/2025\\\/10\\\/24\\\/explorando-o-potencial-dos-community-land-trusts-em-buenos-aires\\\/#primaryimage\"},\"thumbnailUrl\":\"https:\\\/\\\/www.cltweb.org\\\/wp-content\\\/uploads\\\/2025\\\/10\\\/image-edited.jpeg\",\"keywords\":[\"argentina\",\"fundo de terras comunit\u00e1rio\",\"sul global\"],\"articleSection\":[\"Blogs\",\"Sul Global\"],\"inLanguage\":\"pt-BR\"},{\"@type\":\"WebPage\",\"@id\":\"https:\\\/\\\/www.cltweb.org\\\/pt-br\\\/2025\\\/10\\\/24\\\/explorando-o-potencial-dos-community-land-trusts-em-buenos-aires\\\/\",\"url\":\"https:\\\/\\\/www.cltweb.org\\\/pt-br\\\/2025\\\/10\\\/24\\\/explorando-o-potencial-dos-community-land-trusts-em-buenos-aires\\\/\",\"name\":\"Explorando o potencial dos Community Land Trusts em Buenos Aires - International Center for Community Land Trusts\",\"isPartOf\":{\"@id\":\"https:\\\/\\\/www.cltweb.org\\\/pt-br\\\/#website\"},\"primaryImageOfPage\":{\"@id\":\"https:\\\/\\\/www.cltweb.org\\\/pt-br\\\/2025\\\/10\\\/24\\\/explorando-o-potencial-dos-community-land-trusts-em-buenos-aires\\\/#primaryimage\"},\"image\":{\"@id\":\"https:\\\/\\\/www.cltweb.org\\\/pt-br\\\/2025\\\/10\\\/24\\\/explorando-o-potencial-dos-community-land-trusts-em-buenos-aires\\\/#primaryimage\"},\"thumbnailUrl\":\"https:\\\/\\\/www.cltweb.org\\\/wp-content\\\/uploads\\\/2025\\\/10\\\/image-edited.jpeg\",\"datePublished\":\"2025-10-24T12:32:58+00:00\",\"dateModified\":\"2025-10-24T13:00:30+00:00\",\"breadcrumb\":{\"@id\":\"https:\\\/\\\/www.cltweb.org\\\/pt-br\\\/2025\\\/10\\\/24\\\/explorando-o-potencial-dos-community-land-trusts-em-buenos-aires\\\/#breadcrumb\"},\"inLanguage\":\"pt-BR\",\"potentialAction\":[{\"@type\":\"ReadAction\",\"target\":[\"https:\\\/\\\/www.cltweb.org\\\/pt-br\\\/2025\\\/10\\\/24\\\/explorando-o-potencial-dos-community-land-trusts-em-buenos-aires\\\/\"]}]},{\"@type\":\"ImageObject\",\"inLanguage\":\"pt-BR\",\"@id\":\"https:\\\/\\\/www.cltweb.org\\\/pt-br\\\/2025\\\/10\\\/24\\\/explorando-o-potencial-dos-community-land-trusts-em-buenos-aires\\\/#primaryimage\",\"url\":\"https:\\\/\\\/www.cltweb.org\\\/wp-content\\\/uploads\\\/2025\\\/10\\\/image-edited.jpeg\",\"contentUrl\":\"https:\\\/\\\/www.cltweb.org\\\/wp-content\\\/uploads\\\/2025\\\/10\\\/image-edited.jpeg\",\"width\":750,\"height\":1000,\"caption\":\"Tarcyla Fidalgo participating in a seminar at the Public Defender's Office in Buenos Aires, Argentina\"},{\"@type\":\"BreadcrumbList\",\"@id\":\"https:\\\/\\\/www.cltweb.org\\\/pt-br\\\/2025\\\/10\\\/24\\\/explorando-o-potencial-dos-community-land-trusts-em-buenos-aires\\\/#breadcrumb\",\"itemListElement\":[{\"@type\":\"ListItem\",\"position\":1,\"name\":\"Home\",\"item\":\"https:\\\/\\\/www.cltweb.org\\\/pt-br\\\/\"},{\"@type\":\"ListItem\",\"position\":2,\"name\":\"Explorando o potencial dos Community Land Trusts em Buenos Aires\"}]},{\"@type\":\"WebSite\",\"@id\":\"https:\\\/\\\/www.cltweb.org\\\/pt-br\\\/#website\",\"url\":\"https:\\\/\\\/www.cltweb.org\\\/pt-br\\\/\",\"name\":\"International Center for Community Land Trusts\",\"description\":\"\",\"publisher\":{\"@id\":\"https:\\\/\\\/www.cltweb.org\\\/pt-br\\\/#organization\"},\"potentialAction\":[{\"@type\":\"SearchAction\",\"target\":{\"@type\":\"EntryPoint\",\"urlTemplate\":\"https:\\\/\\\/www.cltweb.org\\\/pt-br\\\/?s={search_term_string}\"},\"query-input\":{\"@type\":\"PropertyValueSpecification\",\"valueRequired\":true,\"valueName\":\"search_term_string\"}}],\"inLanguage\":\"pt-BR\"},{\"@type\":\"Organization\",\"@id\":\"https:\\\/\\\/www.cltweb.org\\\/pt-br\\\/#organization\",\"name\":\"International Center for Community Land Trusts\",\"url\":\"https:\\\/\\\/www.cltweb.org\\\/pt-br\\\/\",\"logo\":{\"@type\":\"ImageObject\",\"inLanguage\":\"pt-BR\",\"@id\":\"https:\\\/\\\/www.cltweb.org\\\/pt-br\\\/#\\\/schema\\\/logo\\\/image\\\/\",\"url\":\"https:\\\/\\\/www.cltweb.org\\\/wp-content\\\/uploads\\\/2024\\\/11\\\/New-CLT-Center-Text-logo.png\",\"contentUrl\":\"https:\\\/\\\/www.cltweb.org\\\/wp-content\\\/uploads\\\/2024\\\/11\\\/New-CLT-Center-Text-logo.png\",\"width\":227,\"height\":80,\"caption\":\"International Center for Community Land Trusts\"},\"image\":{\"@id\":\"https:\\\/\\\/www.cltweb.org\\\/pt-br\\\/#\\\/schema\\\/logo\\\/image\\\/\"},\"sameAs\":[\"https:\\\/\\\/www.facebook.com\\\/cltcenter\",\"https:\\\/\\\/x.com\\\/Center4CLTs\",\"https:\\\/\\\/www.instagram.com\\\/cltcenter\\\/\",\"https:\\\/\\\/www.linkedin.com\\\/company\\\/cltcenter\",\"https:\\\/\\\/www.youtube.com\\\/@centerforcltinnovation5313\"],\"description\":\"The International Center for Community Land Trusts is a not-for-profit nongovernmental organization established in 2018 to promote and to support community land trusts and similar strategies of community-led development on community-owned land in countries throughout the world.\",\"email\":\"info@communitylandtrust.net\",\"legalName\":\"International Center for Community Land Trusts\",\"foundingDate\":\"2018-12-01\",\"taxID\":\"84-3858933\",\"numberOfEmployees\":{\"@type\":\"QuantitativeValue\",\"minValue\":\"1\",\"maxValue\":\"10\"}},{\"@type\":\"Person\",\"@id\":\"https:\\\/\\\/www.cltweb.org\\\/pt-br\\\/#\\\/schema\\\/person\\\/7c9fe56cc945e4b57585dbfe30f2ead4\",\"name\":\"Ben Harris\",\"image\":{\"@type\":\"ImageObject\",\"inLanguage\":\"pt-BR\",\"@id\":\"https:\\\/\\\/secure.gravatar.com\\\/avatar\\\/12a44d8988553548c22c57da673ee8ffb7e0b87b0197beec533bae3061a92cc5?s=96&d=mm&r=g\",\"url\":\"https:\\\/\\\/secure.gravatar.com\\\/avatar\\\/12a44d8988553548c22c57da673ee8ffb7e0b87b0197beec533bae3061a92cc5?s=96&d=mm&r=g\",\"contentUrl\":\"https:\\\/\\\/secure.gravatar.com\\\/avatar\\\/12a44d8988553548c22c57da673ee8ffb7e0b87b0197beec533bae3061a92cc5?s=96&d=mm&r=g\",\"caption\":\"Ben Harris\"},\"url\":\"https:\\\/\\\/www.cltweb.org\\\/pt-br\\\/author\\\/ben\\\/\"}]}<\/script>\n<!-- \/ Yoast SEO Premium plugin. -->","yoast_head_json":{"title":"Explorando o potencial dos Community Land Trusts em Buenos Aires - International Center for Community Land Trusts","robots":{"index":"index","follow":"follow","max-snippet":"max-snippet:-1","max-image-preview":"max-image-preview:large","max-video-preview":"max-video-preview:-1"},"canonical":"https:\/\/www.cltweb.org\/pt-br\/2025\/10\/24\/explorando-o-potencial-dos-community-land-trusts-em-buenos-aires\/","og_locale":"pt_BR","og_type":"article","og_title":"Explorando o potencial dos Community Land Trusts em Buenos Aires","og_description":"Por Tarcyla Fidalgo Em outubro de 2025, como parte da Iniciativa CLT do Sul Global do Centro CLT, a l\u00edder do projeto Tarcyla Fidalgo visitou Buenos Aires, Argentina, para trocar [&hellip;]","og_url":"https:\/\/www.cltweb.org\/pt-br\/2025\/10\/24\/explorando-o-potencial-dos-community-land-trusts-em-buenos-aires\/","og_site_name":"International Center for Community Land Trusts","article_publisher":"https:\/\/www.facebook.com\/cltcenter","article_published_time":"2025-10-24T12:32:58+00:00","article_modified_time":"2025-10-24T13:00:30+00:00","og_image":[{"width":750,"height":1000,"url":"https:\/\/www.cltweb.org\/wp-content\/uploads\/2025\/10\/image-edited.jpeg","type":"image\/jpeg"}],"author":"Ben Harris","twitter_card":"summary_large_image","twitter_creator":"@Center4CLTs","twitter_site":"@Center4CLTs","twitter_misc":{"Escrito por":"Ben Harris","Est. tempo de leitura":"6 minutos"},"schema":{"@context":"https:\/\/schema.org","@graph":[{"@type":"Article","@id":"https:\/\/www.cltweb.org\/pt-br\/2025\/10\/24\/explorando-o-potencial-dos-community-land-trusts-em-buenos-aires\/#article","isPartOf":{"@id":"https:\/\/www.cltweb.org\/pt-br\/2025\/10\/24\/explorando-o-potencial-dos-community-land-trusts-em-buenos-aires\/"},"author":{"name":"Ben Harris","@id":"https:\/\/www.cltweb.org\/pt-br\/#\/schema\/person\/7c9fe56cc945e4b57585dbfe30f2ead4"},"headline":"Explorando o potencial dos Community Land Trusts em Buenos Aires","datePublished":"2025-10-24T12:32:58+00:00","dateModified":"2025-10-24T13:00:30+00:00","mainEntityOfPage":{"@id":"https:\/\/www.cltweb.org\/pt-br\/2025\/10\/24\/explorando-o-potencial-dos-community-land-trusts-em-buenos-aires\/"},"wordCount":1242,"publisher":{"@id":"https:\/\/www.cltweb.org\/pt-br\/#organization"},"image":{"@id":"https:\/\/www.cltweb.org\/pt-br\/2025\/10\/24\/explorando-o-potencial-dos-community-land-trusts-em-buenos-aires\/#primaryimage"},"thumbnailUrl":"https:\/\/www.cltweb.org\/wp-content\/uploads\/2025\/10\/image-edited.jpeg","keywords":["argentina","fundo de terras comunit\u00e1rio","sul global"],"articleSection":["Blogs","Sul Global"],"inLanguage":"pt-BR"},{"@type":"WebPage","@id":"https:\/\/www.cltweb.org\/pt-br\/2025\/10\/24\/explorando-o-potencial-dos-community-land-trusts-em-buenos-aires\/","url":"https:\/\/www.cltweb.org\/pt-br\/2025\/10\/24\/explorando-o-potencial-dos-community-land-trusts-em-buenos-aires\/","name":"Explorando o potencial dos Community Land Trusts em Buenos Aires - International Center for Community Land Trusts","isPartOf":{"@id":"https:\/\/www.cltweb.org\/pt-br\/#website"},"primaryImageOfPage":{"@id":"https:\/\/www.cltweb.org\/pt-br\/2025\/10\/24\/explorando-o-potencial-dos-community-land-trusts-em-buenos-aires\/#primaryimage"},"image":{"@id":"https:\/\/www.cltweb.org\/pt-br\/2025\/10\/24\/explorando-o-potencial-dos-community-land-trusts-em-buenos-aires\/#primaryimage"},"thumbnailUrl":"https:\/\/www.cltweb.org\/wp-content\/uploads\/2025\/10\/image-edited.jpeg","datePublished":"2025-10-24T12:32:58+00:00","dateModified":"2025-10-24T13:00:30+00:00","breadcrumb":{"@id":"https:\/\/www.cltweb.org\/pt-br\/2025\/10\/24\/explorando-o-potencial-dos-community-land-trusts-em-buenos-aires\/#breadcrumb"},"inLanguage":"pt-BR","potentialAction":[{"@type":"ReadAction","target":["https:\/\/www.cltweb.org\/pt-br\/2025\/10\/24\/explorando-o-potencial-dos-community-land-trusts-em-buenos-aires\/"]}]},{"@type":"ImageObject","inLanguage":"pt-BR","@id":"https:\/\/www.cltweb.org\/pt-br\/2025\/10\/24\/explorando-o-potencial-dos-community-land-trusts-em-buenos-aires\/#primaryimage","url":"https:\/\/www.cltweb.org\/wp-content\/uploads\/2025\/10\/image-edited.jpeg","contentUrl":"https:\/\/www.cltweb.org\/wp-content\/uploads\/2025\/10\/image-edited.jpeg","width":750,"height":1000,"caption":"Tarcyla Fidalgo participating in a seminar at the Public Defender's Office in Buenos Aires, Argentina"},{"@type":"BreadcrumbList","@id":"https:\/\/www.cltweb.org\/pt-br\/2025\/10\/24\/explorando-o-potencial-dos-community-land-trusts-em-buenos-aires\/#breadcrumb","itemListElement":[{"@type":"ListItem","position":1,"name":"Home","item":"https:\/\/www.cltweb.org\/pt-br\/"},{"@type":"ListItem","position":2,"name":"Explorando o potencial dos Community Land Trusts em Buenos Aires"}]},{"@type":"WebSite","@id":"https:\/\/www.cltweb.org\/pt-br\/#website","url":"https:\/\/www.cltweb.org\/pt-br\/","name":"International Center for Community Land Trusts","description":"","publisher":{"@id":"https:\/\/www.cltweb.org\/pt-br\/#organization"},"potentialAction":[{"@type":"SearchAction","target":{"@type":"EntryPoint","urlTemplate":"https:\/\/www.cltweb.org\/pt-br\/?s={search_term_string}"},"query-input":{"@type":"PropertyValueSpecification","valueRequired":true,"valueName":"search_term_string"}}],"inLanguage":"pt-BR"},{"@type":"Organization","@id":"https:\/\/www.cltweb.org\/pt-br\/#organization","name":"International Center for Community Land Trusts","url":"https:\/\/www.cltweb.org\/pt-br\/","logo":{"@type":"ImageObject","inLanguage":"pt-BR","@id":"https:\/\/www.cltweb.org\/pt-br\/#\/schema\/logo\/image\/","url":"https:\/\/www.cltweb.org\/wp-content\/uploads\/2024\/11\/New-CLT-Center-Text-logo.png","contentUrl":"https:\/\/www.cltweb.org\/wp-content\/uploads\/2024\/11\/New-CLT-Center-Text-logo.png","width":227,"height":80,"caption":"International Center for Community Land Trusts"},"image":{"@id":"https:\/\/www.cltweb.org\/pt-br\/#\/schema\/logo\/image\/"},"sameAs":["https:\/\/www.facebook.com\/cltcenter","https:\/\/x.com\/Center4CLTs","https:\/\/www.instagram.com\/cltcenter\/","https:\/\/www.linkedin.com\/company\/cltcenter","https:\/\/www.youtube.com\/@centerforcltinnovation5313"],"description":"The International Center for Community Land Trusts is a not-for-profit nongovernmental organization established in 2018 to promote and to support community land trusts and similar strategies of community-led development on community-owned land in countries throughout the world.","email":"info@communitylandtrust.net","legalName":"International Center for Community Land Trusts","foundingDate":"2018-12-01","taxID":"84-3858933","numberOfEmployees":{"@type":"QuantitativeValue","minValue":"1","maxValue":"10"}},{"@type":"Person","@id":"https:\/\/www.cltweb.org\/pt-br\/#\/schema\/person\/7c9fe56cc945e4b57585dbfe30f2ead4","name":"Ben Harris","image":{"@type":"ImageObject","inLanguage":"pt-BR","@id":"https:\/\/secure.gravatar.com\/avatar\/12a44d8988553548c22c57da673ee8ffb7e0b87b0197beec533bae3061a92cc5?s=96&d=mm&r=g","url":"https:\/\/secure.gravatar.com\/avatar\/12a44d8988553548c22c57da673ee8ffb7e0b87b0197beec533bae3061a92cc5?s=96&d=mm&r=g","contentUrl":"https:\/\/secure.gravatar.com\/avatar\/12a44d8988553548c22c57da673ee8ffb7e0b87b0197beec533bae3061a92cc5?s=96&d=mm&r=g","caption":"Ben Harris"},"url":"https:\/\/www.cltweb.org\/pt-br\/author\/ben\/"}]}},"taxonomy_info":{"category":[{"value":291,"label":"Blogs"},{"value":157,"label":"Sul Global"}],"post_tag":[{"value":349,"label":"argentina"},{"value":332,"label":"fundo de terras comunit\u00e1rio"},{"value":350,"label":"sul global"}]},"featured_image_src_large":["https:\/\/www.cltweb.org\/wp-content\/uploads\/2025\/10\/image-edited.jpeg",750,1000,false],"author_info":{"display_name":"Ben Harris","author_link":"https:\/\/www.cltweb.org\/pt-br\/author\/ben\/"},"comment_info":0,"category_info":[{"term_id":291,"name":"Blogs","slug":"blogs-pt-br","term_group":0,"term_taxonomy_id":291,"taxonomy":"category","description":"","parent":0,"count":13,"filter":"raw","cat_ID":291,"category_count":13,"category_description":"","cat_name":"Blogs","category_nicename":"blogs-pt-br","category_parent":0},{"term_id":157,"name":"Sul Global","slug":"sul-global","term_group":0,"term_taxonomy_id":157,"taxonomy":"category","description":"","parent":0,"count":5,"filter":"raw","cat_ID":157,"category_count":5,"category_description":"","cat_name":"Sul Global","category_nicename":"sul-global","category_parent":0}],"tag_info":[{"term_id":349,"name":"argentina","slug":"argentina","term_group":0,"term_taxonomy_id":349,"taxonomy":"post_tag","description":"","parent":0,"count":1,"filter":"raw"},{"term_id":332,"name":"fundo de terras comunit\u00e1rio","slug":"fundo-de-terras-comunitario","term_group":0,"term_taxonomy_id":332,"taxonomy":"post_tag","description":"","parent":0,"count":17,"filter":"raw"},{"term_id":350,"name":"sul global","slug":"sul-global","term_group":0,"term_taxonomy_id":350,"taxonomy":"post_tag","description":"","parent":0,"count":1,"filter":"raw"}],"jetpack_featured_media_url":"https:\/\/www.cltweb.org\/wp-content\/uploads\/2025\/10\/image-edited.jpeg","jetpack_sharing_enabled":true,"jetpack-related-posts":[{"id":10095,"url":"https:\/\/www.cltweb.org\/es\/2025\/10\/24\/explorando-el-potencial-de-los-fideicomisos-de-la-tierra-comunitarios-en-buenos-aires\/","url_meta":{"origin":10097,"position":0},"title":"Explorando el potencial de los fideicomisos de la tierra comunitarios en Buenos Aires","author":"Ben Harris","date":"24 de outubro de 2025","format":false,"excerpt":"Por Tarcyla Fidalgo En octubre de 2025, como parte de la Iniciativa CLT del Sur Global del CLT Center, Tarcyla Fidalgo, Jefa de Proyecto, visit\u00f3 Buenos Aires (Argentina) para intercambiar ideas sobre vivienda asequible, seguridad de la tenencia y propiedad colectiva de la tierra. La visita se bas\u00f3 en el\u2026","rel":"","context":"Em &quot;Blogs&quot;","block_context":{"text":"Blogs","link":"https:\/\/www.cltweb.org\/es\/category\/blogs\/"},"img":{"alt_text":"Tarcyla Fidalgo participates in a seminar at the Public Defender's Office in Buenos Aires, Argentina.","src":"https:\/\/i0.wp.com\/www.cltweb.org\/wp-content\/uploads\/2025\/10\/image-edited.jpeg?resize=350%2C200&ssl=1","width":350,"height":200,"srcset":"https:\/\/i0.wp.com\/www.cltweb.org\/wp-content\/uploads\/2025\/10\/image-edited.jpeg?resize=350%2C200&ssl=1 1x, https:\/\/i0.wp.com\/www.cltweb.org\/wp-content\/uploads\/2025\/10\/image-edited.jpeg?resize=525%2C300&ssl=1 1.5x, https:\/\/i0.wp.com\/www.cltweb.org\/wp-content\/uploads\/2025\/10\/image-edited.jpeg?resize=700%2C400&ssl=1 2x"},"classes":[]},{"id":10045,"url":"https:\/\/www.cltweb.org\/2025\/10\/24\/exploring-potential-clts-argentina\/","url_meta":{"origin":10097,"position":1},"title":"Exploring the Potential for Community Land Trusts in Buenos Aires","author":"Ben Harris","date":"24 de outubro de 2025","format":false,"excerpt":"By Tarcyla Fidalgo In October 2025, as part of the Global South CLT Initiative at the CLT Center, Project Lead Tarcyla Fidalgo visited Buenos Aires, Argentina, to exchange ideas on affordable housing, tenure security, and collective land ownership. The visit built on growing local interest in CLTs following a CLT\u2026","rel":"","context":"Em &quot;Blogs&quot;","block_context":{"text":"Blogs","link":"https:\/\/www.cltweb.org\/category\/blog\/"},"img":{"alt_text":"Tarcyla Fidalgo participates in a seminar at the Public Defender's Office in Buenos Aires, Argentina.","src":"https:\/\/i0.wp.com\/www.cltweb.org\/wp-content\/uploads\/2025\/10\/image-edited.jpeg?resize=350%2C200&ssl=1","width":350,"height":200,"srcset":"https:\/\/i0.wp.com\/www.cltweb.org\/wp-content\/uploads\/2025\/10\/image-edited.jpeg?resize=350%2C200&ssl=1 1x, https:\/\/i0.wp.com\/www.cltweb.org\/wp-content\/uploads\/2025\/10\/image-edited.jpeg?resize=525%2C300&ssl=1 1.5x, https:\/\/i0.wp.com\/www.cltweb.org\/wp-content\/uploads\/2025\/10\/image-edited.jpeg?resize=700%2C400&ssl=1 2x"},"classes":[]},{"id":10100,"url":"https:\/\/www.cltweb.org\/fr\/2025\/10\/24\/explorer-le-potentiel-des-fiducies-foncieres-communautaires-a-buenos-aires\/","url_meta":{"origin":10097,"position":2},"title":"Explorer le potentiel des fiducies fonci\u00e8res communautaires \u00e0 Buenos Aires","author":"Ben Harris","date":"24 de outubro de 2025","format":false,"excerpt":"Par Tarcyla Fidalgo En octobre 2025, dans le cadre de l'initiative Global South CLT du CLT Center, Tarcyla Fidalgo, chef de projet, s'est rendue \u00e0 Buenos Aires, en Argentine, pour \u00e9changer des id\u00e9es sur le logement abordable, la s\u00e9curit\u00e9 d'occupation et la propri\u00e9t\u00e9 fonci\u00e8re collective. La visite s'est appuy\u00e9e sur\u2026","rel":"","context":"Em &quot;Blogs&quot;","block_context":{"text":"Blogs","link":"https:\/\/www.cltweb.org\/fr\/category\/blogs-fr\/"},"img":{"alt_text":"Tarcyla Fidalgo participates in a seminar at the Public Defender's Office in Buenos Aires, Argentina.","src":"https:\/\/i0.wp.com\/www.cltweb.org\/wp-content\/uploads\/2025\/10\/image-edited.jpeg?resize=350%2C200&ssl=1","width":350,"height":200,"srcset":"https:\/\/i0.wp.com\/www.cltweb.org\/wp-content\/uploads\/2025\/10\/image-edited.jpeg?resize=350%2C200&ssl=1 1x, https:\/\/i0.wp.com\/www.cltweb.org\/wp-content\/uploads\/2025\/10\/image-edited.jpeg?resize=525%2C300&ssl=1 1.5x, https:\/\/i0.wp.com\/www.cltweb.org\/wp-content\/uploads\/2025\/10\/image-edited.jpeg?resize=700%2C400&ssl=1 2x"},"classes":[]},{"id":10801,"url":"https:\/\/www.cltweb.org\/pt-br\/2025\/11\/28\/dia-mundial-da-clt-uma-celebracao-global-de-solidariedade-1\/","url_meta":{"origin":10097,"position":3},"title":"Construindo juntos por meio da colabora\u00e7\u00e3o","author":"Ben Harris","date":"28 de novembro de 2025","format":false,"excerpt":"Esta hist\u00f3ria faz parte de nossa campanha de fim de ano que celebra como o Centro CLT est\u00e1 trabalhando para atender ao movimento global de CLT. Nesta semana, estamos destacando : Nossos colaboradores em 2025 Por tr\u00e1s de cada CLT pr\u00f3spero est\u00e3o as pessoas que o tornam poss\u00edvel: organizadores, residentes\u2026","rel":"","context":"Em &quot;N\u00e3o categorizado&quot;","block_context":{"text":"N\u00e3o categorizado","link":"https:\/\/www.cltweb.org\/pt-br\/category\/nao-categorizado\/"},"img":{"alt_text":"","src":"https:\/\/i0.wp.com\/www.cltweb.org\/wp-content\/uploads\/2025\/11\/Land-for-People-Not-for-Profit-Banner.gif?resize=350%2C200&ssl=1","width":350,"height":200,"srcset":"https:\/\/i0.wp.com\/www.cltweb.org\/wp-content\/uploads\/2025\/11\/Land-for-People-Not-for-Profit-Banner.gif?resize=350%2C200&ssl=1 1x, https:\/\/i0.wp.com\/www.cltweb.org\/wp-content\/uploads\/2025\/11\/Land-for-People-Not-for-Profit-Banner.gif?resize=525%2C300&ssl=1 1.5x, https:\/\/i0.wp.com\/www.cltweb.org\/wp-content\/uploads\/2025\/11\/Land-for-People-Not-for-Profit-Banner.gif?resize=700%2C400&ssl=1 2x, https:\/\/i0.wp.com\/www.cltweb.org\/wp-content\/uploads\/2025\/11\/Land-for-People-Not-for-Profit-Banner.gif?resize=1050%2C600&ssl=1 3x, https:\/\/i0.wp.com\/www.cltweb.org\/wp-content\/uploads\/2025\/11\/Land-for-People-Not-for-Profit-Banner.gif?resize=1400%2C800&ssl=1 4x"},"classes":[]},{"id":10665,"url":"https:\/\/www.cltweb.org\/pt-br\/2025\/11\/17\/clts-e-acao-climatica-um-movimento-crescente-para-uma-transicao-justa\/","url_meta":{"origin":10097,"position":4},"title":"CLTs e a\u00e7\u00e3o clim\u00e1tica: Um movimento crescente para uma transi\u00e7\u00e3o justa","author":"Ben Harris","date":"17 de novembro de 2025","format":false,"excerpt":"Esta hist\u00f3ria faz parte de nossa campanha de fim de ano que celebra como o Centro CLT est\u00e1 trabalhando para atender ao movimento global de CLT. Nesta semana, estamos destacando : A Iniciativa de Justi\u00e7a Clim\u00e1tica A emerg\u00eancia clim\u00e1tica n\u00e3o \u00e9 mais uma amea\u00e7a distante: ela est\u00e1 aqui, remodelando onde\u2026","rel":"","context":"Em &quot;Iniciativa de Justi\u00e7a Clim\u00e1tica&quot;","block_context":{"text":"Iniciativa de Justi\u00e7a Clim\u00e1tica","link":"https:\/\/www.cltweb.org\/pt-br\/category\/iniciativa-de-justica-climatica\/"},"img":{"alt_text":"","src":"https:\/\/i0.wp.com\/www.cltweb.org\/wp-content\/uploads\/2025\/11\/Land-for-People-Not-for-Profit-Banner.gif?resize=350%2C200&ssl=1","width":350,"height":200,"srcset":"https:\/\/i0.wp.com\/www.cltweb.org\/wp-content\/uploads\/2025\/11\/Land-for-People-Not-for-Profit-Banner.gif?resize=350%2C200&ssl=1 1x, https:\/\/i0.wp.com\/www.cltweb.org\/wp-content\/uploads\/2025\/11\/Land-for-People-Not-for-Profit-Banner.gif?resize=525%2C300&ssl=1 1.5x, https:\/\/i0.wp.com\/www.cltweb.org\/wp-content\/uploads\/2025\/11\/Land-for-People-Not-for-Profit-Banner.gif?resize=700%2C400&ssl=1 2x, https:\/\/i0.wp.com\/www.cltweb.org\/wp-content\/uploads\/2025\/11\/Land-for-People-Not-for-Profit-Banner.gif?resize=1050%2C600&ssl=1 3x, https:\/\/i0.wp.com\/www.cltweb.org\/wp-content\/uploads\/2025\/11\/Land-for-People-Not-for-Profit-Banner.gif?resize=1400%2C800&ssl=1 4x"},"classes":[]},{"id":10879,"url":"https:\/\/www.cltweb.org\/2025\/12\/07\/listening-learning-building-global-south-initiative\/","url_meta":{"origin":10097,"position":5},"title":"Listening, Learning, and Building with the Global South CLT Initiative","author":"Ben Harris","date":"7 de dezembro de 2025","format":false,"excerpt":"This story is part of our end-of-year campaign celebrating how the CLT Centeris working to serve the global CLT movement. This week, we\u2019re highlighting the: Global South CLT Initiative The most significant experience of CLTs in informal settlements begins in San Juan, Puerto Rico, with the Ca\u00f1o Mart\u00edn Pe\u00f1a CLT\u2026","rel":"","context":"Post similar","block_context":{"text":"Post similar","link":""},"img":{"alt_text":"","src":"https:\/\/i0.wp.com\/www.cltweb.org\/wp-content\/uploads\/2025\/11\/Land-for-People-Not-for-Profit-Banner.gif?resize=350%2C200&ssl=1","width":350,"height":200,"srcset":"https:\/\/i0.wp.com\/www.cltweb.org\/wp-content\/uploads\/2025\/11\/Land-for-People-Not-for-Profit-Banner.gif?resize=350%2C200&ssl=1 1x, https:\/\/i0.wp.com\/www.cltweb.org\/wp-content\/uploads\/2025\/11\/Land-for-People-Not-for-Profit-Banner.gif?resize=525%2C300&ssl=1 1.5x, https:\/\/i0.wp.com\/www.cltweb.org\/wp-content\/uploads\/2025\/11\/Land-for-People-Not-for-Profit-Banner.gif?resize=700%2C400&ssl=1 2x, https:\/\/i0.wp.com\/www.cltweb.org\/wp-content\/uploads\/2025\/11\/Land-for-People-Not-for-Profit-Banner.gif?resize=1050%2C600&ssl=1 3x, https:\/\/i0.wp.com\/www.cltweb.org\/wp-content\/uploads\/2025\/11\/Land-for-People-Not-for-Profit-Banner.gif?resize=1400%2C800&ssl=1 4x"},"classes":[]}],"_links":{"self":[{"href":"https:\/\/www.cltweb.org\/pt-br\/wp-json\/wp\/v2\/posts\/10097","targetHints":{"allow":["GET"]}}],"collection":[{"href":"https:\/\/www.cltweb.org\/pt-br\/wp-json\/wp\/v2\/posts"}],"about":[{"href":"https:\/\/www.cltweb.org\/pt-br\/wp-json\/wp\/v2\/types\/post"}],"author":[{"embeddable":true,"href":"https:\/\/www.cltweb.org\/pt-br\/wp-json\/wp\/v2\/users\/2"}],"replies":[{"embeddable":true,"href":"https:\/\/www.cltweb.org\/pt-br\/wp-json\/wp\/v2\/comments?post=10097"}],"version-history":[{"count":7,"href":"https:\/\/www.cltweb.org\/pt-br\/wp-json\/wp\/v2\/posts\/10097\/revisions"}],"predecessor-version":[{"id":10136,"href":"https:\/\/www.cltweb.org\/pt-br\/wp-json\/wp\/v2\/posts\/10097\/revisions\/10136"}],"wp:featuredmedia":[{"embeddable":true,"href":"https:\/\/www.cltweb.org\/pt-br\/wp-json\/wp\/v2\/media\/10088"}],"wp:attachment":[{"href":"https:\/\/www.cltweb.org\/pt-br\/wp-json\/wp\/v2\/media?parent=10097"}],"wp:term":[{"taxonomy":"category","embeddable":true,"href":"https:\/\/www.cltweb.org\/pt-br\/wp-json\/wp\/v2\/categories?post=10097"},{"taxonomy":"post_tag","embeddable":true,"href":"https:\/\/www.cltweb.org\/pt-br\/wp-json\/wp\/v2\/tags?post=10097"}],"curies":[{"name":"wp","href":"https:\/\/api.w.org\/{rel}","templated":true}]}}