{"id":10140,"date":"2025-10-24T12:58:57","date_gmt":"2025-10-24T12:58:57","guid":{"rendered":"https:\/\/www.cltweb.org\/2025\/10\/24\/apresentacao-do-modelo-clt-na-conferencia-de-construcao-e-vida-colaborativa-e-social-2025-da-suecia\/"},"modified":"2025-10-29T19:03:32","modified_gmt":"2025-10-29T19:03:32","slug":"apresentacao-do-modelo-clt-na-conferencia-de-construcao-e-vida-colaborativa-e-social-2025-da-suecia","status":"publish","type":"post","link":"https:\/\/www.cltweb.org\/pt-br\/2025\/10\/24\/apresentacao-do-modelo-clt-na-conferencia-de-construcao-e-vida-colaborativa-e-social-2025-da-suecia\/","title":{"rendered":"Apresenta\u00e7\u00e3o do modelo CLT na Confer\u00eancia de Constru\u00e7\u00e3o e Vida Colaborativa e Social 2025 da Su\u00e9cia"},"content":{"rendered":"\n<p><strong>Por Jonas Lagander, Coompanion<br\/><\/strong><\/p>\n\n<figure class=\"wp-block-image alignleft size-large is-resized\"><img loading=\"lazy\" decoding=\"async\" width=\"1024\" height=\"768\" src=\"https:\/\/www.cltweb.org\/wp-content\/uploads\/2025\/10\/IMG_6480-1024x768.jpg\" alt=\"\" class=\"wp-image-10126\" style=\"width:419px;height:auto\" srcset=\"https:\/\/www.cltweb.org\/wp-content\/uploads\/2025\/10\/IMG_6480-1024x768.jpg 1024w, https:\/\/www.cltweb.org\/wp-content\/uploads\/2025\/10\/IMG_6480-300x225.jpg 300w, https:\/\/www.cltweb.org\/wp-content\/uploads\/2025\/10\/IMG_6480-768x576.jpg 768w, https:\/\/www.cltweb.org\/wp-content\/uploads\/2025\/10\/IMG_6480-1536x1152.jpg 1536w, https:\/\/www.cltweb.org\/wp-content\/uploads\/2025\/10\/IMG_6480.jpg 2048w\" sizes=\"auto, (max-width: 1024px) 100vw, 1024px\" \/><\/figure>\n\n<p><a href=\"https:\/\/coompanion.se\/\" target=\"_blank\" rel=\"noreferrer noopener\">A Coompanion<\/a> participou da confer\u00eancia Collaborative and Social Building and Living deste ano em Bor\u00e5s, na Su\u00e9cia, e organizou dois semin\u00e1rios sobre CLTs. Juntamente com outros parceiros relevantes, eles est\u00e3o envolvidos no projeto &#8220;<a href=\"https:\/\/www.codesign.nu\/ideabasedhousing\/\" target=\"_blank\" rel=\"noreferrer noopener\">Sistemas de inova\u00e7\u00e3o local em torno das barreiras para moradias colaborativas e baseadas em ideias na Su\u00e9cia<\/a>&#8220;, com foco em moradias acess\u00edveis e orientadas por miss\u00f5es para pessoas com dificuldades econ\u00f4micas. O projeto \u00e9 liderado pela Universidade de Gotemburgo e cofinanciado pelo FORMAS, um Conselho de Pesquisa Sueco para o Desenvolvimento Sustent\u00e1vel. Entre outras atividades, eles examinaram como os CLTs poderiam ser introduzidos na Su\u00e9cia.   <\/p>\n\n<p>Na Su\u00e9cia, o conceito de Community Land Trust \u00e9 bastante desconhecido, mas tem um potencial inexplorado. Por exemplo, o CLT Brussels (um dos palestrantes da confer\u00eancia) mostra que os custos de moradia em um contexto da UE podem ser reduzidos em cerca de 40% usando essa abordagem. Entre outros, o projeto tamb\u00e9m recebeu Lars Arell, do escrit\u00f3rio do governo sueco, em um painel de discuss\u00e3o; ele \u00e9 consultor s\u00eanior do Minist\u00e9rio de Assuntos Rurais e Infraestrutura, envolvido na explora\u00e7\u00e3o de um novo &#8220;<a href=\"https:\/\/www.regeringen.se\/pressmeddelanden\/2024\/05\/ny-egnahemsrorelse-ska-oka-byggandet-av-smahus\/\" target=\"_blank\" rel=\"noreferrer noopener\">egnahemsr\u00f6relse<\/a>&#8221; sueco (movimento de autoconstru\u00e7\u00e3o, incluindo o desenvolvimento de novas cidades-jardim). O m\u00e9todo CLT funciona tanto para resid\u00eancias unifamiliares quanto para resid\u00eancias de aluguel. Portanto, ele poderia ser relevante para essa pesquisa governamental. Outros apresentadores principais foram Axel K\u00f6psell, que trabalha com a Stiftung Trias (Alemanha), e Britt Jurgensen, da Homebaked CLT (Reino Unido).     <\/p>\n\n<h3 class=\"wp-block-heading\" id=\"h-introducing-markgemenskap\"><strong>Apresentando o &#8220;Markgemenskap&#8221;<\/strong><\/h3>\n\n<figure class=\"wp-block-image alignright size-large is-resized\"><img loading=\"lazy\" decoding=\"async\" width=\"1024\" height=\"768\" src=\"https:\/\/www.cltweb.org\/wp-content\/uploads\/2025\/10\/IMG_6503-1024x768.jpg\" alt=\"\" class=\"wp-image-10130\" style=\"width:416px;height:auto\" srcset=\"https:\/\/www.cltweb.org\/wp-content\/uploads\/2025\/10\/IMG_6503-1024x768.jpg 1024w, https:\/\/www.cltweb.org\/wp-content\/uploads\/2025\/10\/IMG_6503-300x225.jpg 300w, https:\/\/www.cltweb.org\/wp-content\/uploads\/2025\/10\/IMG_6503-768x576.jpg 768w, https:\/\/www.cltweb.org\/wp-content\/uploads\/2025\/10\/IMG_6503-1536x1152.jpg 1536w, https:\/\/www.cltweb.org\/wp-content\/uploads\/2025\/10\/IMG_6503.jpg 2048w\" sizes=\"auto, (max-width: 1024px) 100vw, 1024px\" \/><\/figure>\n\n<p>Na confer\u00eancia, o projeto lan\u00e7ou o termo sueco &#8220;Markgemenskap&#8221; para comunicar com mais facilidade os CLTs e as formas relacionadas de propriedade de terras voltadas para miss\u00f5es, benef\u00edcios sociais e sem fins lucrativos. Esse campo possui um grande potencial para a captura do valor da terra para a inova\u00e7\u00e3o social, que atualmente \u00e9 subutilizado na Su\u00e9cia. Para promover o progresso nesse contexto, o projeto considerou importante ter um termo sueco. Um relat\u00f3rio orientado para profissionais em sueco para apoiar os interessados em trabalhar nessa \u00e1rea ser\u00e1 lan\u00e7ado antes do ano novo.     <\/p>\n\n<p><a href=\"https:\/\/www.youtube.com\/watch?v=IzFwTzJGIh4\" target=\"_blank\" rel=\"noreferrer noopener\">Aqui voc\u00ea encontra um curta-metragem<\/a> sobre a abordagem CLT (exemplo dos EUA, principalmente em ingl\u00eas) para as partes interessadas suecas.<\/p>\n\n<p>Todos os semin\u00e1rios da confer\u00eancia foram gravados e em breve estar\u00e3o dispon\u00edveis no site da confer\u00eancia: <a href=\"https:\/\/ideburetbyggande.se\/dokumentation-2025\/\">www.socialtbyggande.se.<\/a> Alguns est\u00e3o em ingl\u00eas, como, por exemplo, a apresenta\u00e7\u00e3o do CLT Bruxelas.  <br\/><br\/>A confer\u00eancia \u00e9 o ponto de encontro das partes interessadas em Moradias de Lideran\u00e7a Comunit\u00e1ria na Su\u00e9cia e acontece a cada dois anos. Voc\u00ea pode encontrar informa\u00e7\u00f5es em ingl\u00eas sobre a <a href=\"https:\/\/ideburetbyggande.se\/welcome-information-in-english\/\" target=\"_blank\" rel=\"noreferrer noopener\">confer\u00eancia aqui<\/a>. <\/p>\n\n<p>Se algu\u00e9m estiver interessado em entrar em contato com o projeto, voc\u00ea pode enviar um e-mail para: <a href=\"mailto:jonas.lagander@coompanion.se\" target=\"_blank\" rel=\"noreferrer noopener\">jonas.lagander@coompanion.se.<\/a> O projeto termina em agosto de 2026.<br\/><\/p>\n\n<hr class=\"wp-block-separator has-alpha-channel-opacity\"\/>\n\n<h3 class=\"wp-block-heading\" id=\"h-what-is-coompanion\"><strong>O que \u00e9 Coompanion?<\/strong><\/h3>\n\n<p><strong>A Coompanion<\/strong> \u00e9 uma organiza\u00e7\u00e3o sueca de consultoria sem fins lucrativos que ajuda as pessoas a iniciar e desenvolver empresas cooperativas e sociais. Oferecemos consultoria empresarial gratuita e imparcial, treinamento, ferramentas e redes de contatos, com especializa\u00e7\u00e3o em propriedade democr\u00e1tica, modelos de impacto social e parcerias entre a sociedade p\u00fablica, privada e civil. A Coompanion \u00e9 uma federa\u00e7\u00e3o de 25 escrit\u00f3rios regionais da Coompanion na Su\u00e9cia.  <\/p>\n\n<p>  ***<br\/>O v\u00eddeo foi feito por John Areblad para <a href=\"http:\/\/www.socialtbyggande.se\/\">www.socialtbyggande.se<\/a>.  <\/p>\n\n<p>As fotos s\u00e3o da Coompanion.<\/p>\n","protected":false},"excerpt":{"rendered":"<p>Por Jonas Lagander, Coompanion A Coompanion participou da confer\u00eancia Collaborative and Social Building and Living deste ano em Bor\u00e5s, na Su\u00e9cia, e organizou dois semin\u00e1rios sobre CLTs. Juntamente com outros [&hellip;]<\/p>\n","protected":false},"author":2,"featured_media":10128,"comment_status":"closed","ping_status":"open","sticky":false,"template":"","format":"standard","meta":{"give_campaign_id":0,"_tec_requires_first_save":true,"_kad_blocks_custom_css":"","_kad_blocks_head_custom_js":"","_kad_blocks_body_custom_js":"","_kad_blocks_footer_custom_js":"","_EventAllDay":false,"_EventTimezone":"","_EventStartDate":"","_EventEndDate":"","_EventStartDateUTC":"","_EventEndDateUTC":"","_EventShowMap":false,"_EventShowMapLink":false,"_EventURL":"","_EventCost":"","_EventCostDescription":"","_EventCurrencySymbol":"","_EventCurrencyCode":"","_EventCurrencyPosition":"","_EventDateTimeSeparator":"","_EventTimeRangeSeparator":"","_EventOrganizerID":[],"_EventVenueID":[],"_OrganizerEmail":"","_OrganizerPhone":"","_OrganizerWebsite":"","_VenueAddress":"","_VenueCity":"","_VenueCountry":"","_VenueProvince":"","_VenueState":"","_VenueZip":"","_VenuePhone":"","_VenueURL":"","_VenueStateProvince":"","_VenueLat":"","_VenueLng":"","_VenueShowMap":false,"_VenueShowMapLink":false,"_tribe_blocks_recurrence_rules":"","_tribe_blocks_recurrence_description":"","_tribe_blocks_recurrence_exclusions":"","_jetpack_memberships_contains_paid_content":false,"footnotes":""},"categories":[291,102],"tags":[358,332,357],"class_list":["post-10140","post","type-post","status-publish","format-standard","has-post-thumbnail","hentry","category-blogs-pt-br","category-paises-pt-br","tag-europa","tag-fundo-de-terras-comunitario","tag-suecia"],"blocksy_meta":[],"yoast_head":"<!-- This site is optimized with the Yoast SEO Premium plugin v27.4 (Yoast SEO v27.5) - https:\/\/yoast.com\/product\/yoast-seo-premium-wordpress\/ -->\n<title>Apresenta\u00e7\u00e3o do modelo CLT na Confer\u00eancia de Constru\u00e7\u00e3o e Vida Colaborativa e Social 2025 da Su\u00e9cia - International Center for Community Land Trusts<\/title>\n<meta name=\"robots\" content=\"index, follow, max-snippet:-1, max-image-preview:large, max-video-preview:-1\" \/>\n<link rel=\"canonical\" href=\"https:\/\/www.cltweb.org\/pt-br\/2025\/10\/24\/apresentacao-do-modelo-clt-na-conferencia-de-construcao-e-vida-colaborativa-e-social-2025-da-suecia\/\" \/>\n<meta property=\"og:locale\" content=\"pt_BR\" \/>\n<meta property=\"og:type\" content=\"article\" \/>\n<meta property=\"og:title\" content=\"Apresenta\u00e7\u00e3o do modelo CLT na Confer\u00eancia de Constru\u00e7\u00e3o e Vida Colaborativa e Social 2025 da Su\u00e9cia\" \/>\n<meta property=\"og:description\" content=\"Por Jonas Lagander, Coompanion A Coompanion participou da confer\u00eancia Collaborative and Social Building and Living deste ano em Bor\u00e5s, na Su\u00e9cia, e organizou dois semin\u00e1rios sobre CLTs. Juntamente com outros [&hellip;]\" \/>\n<meta property=\"og:url\" content=\"https:\/\/www.cltweb.org\/pt-br\/2025\/10\/24\/apresentacao-do-modelo-clt-na-conferencia-de-construcao-e-vida-colaborativa-e-social-2025-da-suecia\/\" \/>\n<meta property=\"og:site_name\" content=\"International Center for Community Land Trusts\" \/>\n<meta property=\"article:publisher\" content=\"https:\/\/www.facebook.com\/cltcenter\" \/>\n<meta property=\"article:published_time\" content=\"2025-10-24T12:58:57+00:00\" \/>\n<meta property=\"article:modified_time\" content=\"2025-10-29T19:03:32+00:00\" \/>\n<meta name=\"author\" content=\"Ben Harris\" \/>\n<meta name=\"twitter:card\" content=\"summary_large_image\" \/>\n<meta name=\"twitter:creator\" content=\"@Center4CLTs\" \/>\n<meta name=\"twitter:site\" content=\"@Center4CLTs\" \/>\n<meta name=\"twitter:label1\" content=\"Escrito por\" \/>\n\t<meta name=\"twitter:data1\" content=\"Ben Harris\" \/>\n\t<meta name=\"twitter:label2\" content=\"Est. tempo de leitura\" \/>\n\t<meta name=\"twitter:data2\" content=\"3 minutos\" \/>\n<script type=\"application\/ld+json\" class=\"yoast-schema-graph\">{\"@context\":\"https:\\\/\\\/schema.org\",\"@graph\":[{\"@type\":\"Article\",\"@id\":\"https:\\\/\\\/www.cltweb.org\\\/pt-br\\\/2025\\\/10\\\/24\\\/apresentacao-do-modelo-clt-na-conferencia-de-construcao-e-vida-colaborativa-e-social-2025-da-suecia\\\/#article\",\"isPartOf\":{\"@id\":\"https:\\\/\\\/www.cltweb.org\\\/pt-br\\\/2025\\\/10\\\/24\\\/apresentacao-do-modelo-clt-na-conferencia-de-construcao-e-vida-colaborativa-e-social-2025-da-suecia\\\/\"},\"author\":{\"name\":\"Ben Harris\",\"@id\":\"https:\\\/\\\/www.cltweb.org\\\/pt-br\\\/#\\\/schema\\\/person\\\/7c9fe56cc945e4b57585dbfe30f2ead4\"},\"headline\":\"Apresenta\u00e7\u00e3o do modelo CLT na Confer\u00eancia de Constru\u00e7\u00e3o e Vida Colaborativa e Social 2025 da Su\u00e9cia\",\"datePublished\":\"2025-10-24T12:58:57+00:00\",\"dateModified\":\"2025-10-29T19:03:32+00:00\",\"mainEntityOfPage\":{\"@id\":\"https:\\\/\\\/www.cltweb.org\\\/pt-br\\\/2025\\\/10\\\/24\\\/apresentacao-do-modelo-clt-na-conferencia-de-construcao-e-vida-colaborativa-e-social-2025-da-suecia\\\/\"},\"wordCount\":598,\"publisher\":{\"@id\":\"https:\\\/\\\/www.cltweb.org\\\/pt-br\\\/#organization\"},\"image\":{\"@id\":\"https:\\\/\\\/www.cltweb.org\\\/pt-br\\\/2025\\\/10\\\/24\\\/apresentacao-do-modelo-clt-na-conferencia-de-construcao-e-vida-colaborativa-e-social-2025-da-suecia\\\/#primaryimage\"},\"thumbnailUrl\":\"https:\\\/\\\/www.cltweb.org\\\/wp-content\\\/uploads\\\/2025\\\/10\\\/IMG_6480.jpg\",\"keywords\":[\"Europa\",\"fundo de terras comunit\u00e1rio\",\"Su\u00e9cia\"],\"articleSection\":[\"Blogs\",\"Pa\u00edses\"],\"inLanguage\":\"pt-BR\"},{\"@type\":\"WebPage\",\"@id\":\"https:\\\/\\\/www.cltweb.org\\\/pt-br\\\/2025\\\/10\\\/24\\\/apresentacao-do-modelo-clt-na-conferencia-de-construcao-e-vida-colaborativa-e-social-2025-da-suecia\\\/\",\"url\":\"https:\\\/\\\/www.cltweb.org\\\/pt-br\\\/2025\\\/10\\\/24\\\/apresentacao-do-modelo-clt-na-conferencia-de-construcao-e-vida-colaborativa-e-social-2025-da-suecia\\\/\",\"name\":\"Apresenta\u00e7\u00e3o do modelo CLT na Confer\u00eancia de Constru\u00e7\u00e3o e Vida Colaborativa e Social 2025 da Su\u00e9cia - International Center for Community Land Trusts\",\"isPartOf\":{\"@id\":\"https:\\\/\\\/www.cltweb.org\\\/pt-br\\\/#website\"},\"primaryImageOfPage\":{\"@id\":\"https:\\\/\\\/www.cltweb.org\\\/pt-br\\\/2025\\\/10\\\/24\\\/apresentacao-do-modelo-clt-na-conferencia-de-construcao-e-vida-colaborativa-e-social-2025-da-suecia\\\/#primaryimage\"},\"image\":{\"@id\":\"https:\\\/\\\/www.cltweb.org\\\/pt-br\\\/2025\\\/10\\\/24\\\/apresentacao-do-modelo-clt-na-conferencia-de-construcao-e-vida-colaborativa-e-social-2025-da-suecia\\\/#primaryimage\"},\"thumbnailUrl\":\"https:\\\/\\\/www.cltweb.org\\\/wp-content\\\/uploads\\\/2025\\\/10\\\/IMG_6480.jpg\",\"datePublished\":\"2025-10-24T12:58:57+00:00\",\"dateModified\":\"2025-10-29T19:03:32+00:00\",\"breadcrumb\":{\"@id\":\"https:\\\/\\\/www.cltweb.org\\\/pt-br\\\/2025\\\/10\\\/24\\\/apresentacao-do-modelo-clt-na-conferencia-de-construcao-e-vida-colaborativa-e-social-2025-da-suecia\\\/#breadcrumb\"},\"inLanguage\":\"pt-BR\",\"potentialAction\":[{\"@type\":\"ReadAction\",\"target\":[\"https:\\\/\\\/www.cltweb.org\\\/pt-br\\\/2025\\\/10\\\/24\\\/apresentacao-do-modelo-clt-na-conferencia-de-construcao-e-vida-colaborativa-e-social-2025-da-suecia\\\/\"]}]},{\"@type\":\"ImageObject\",\"inLanguage\":\"pt-BR\",\"@id\":\"https:\\\/\\\/www.cltweb.org\\\/pt-br\\\/2025\\\/10\\\/24\\\/apresentacao-do-modelo-clt-na-conferencia-de-construcao-e-vida-colaborativa-e-social-2025-da-suecia\\\/#primaryimage\",\"url\":\"https:\\\/\\\/www.cltweb.org\\\/wp-content\\\/uploads\\\/2025\\\/10\\\/IMG_6480.jpg\",\"contentUrl\":\"https:\\\/\\\/www.cltweb.org\\\/wp-content\\\/uploads\\\/2025\\\/10\\\/IMG_6480.jpg\",\"width\":2048,\"height\":1536},{\"@type\":\"BreadcrumbList\",\"@id\":\"https:\\\/\\\/www.cltweb.org\\\/pt-br\\\/2025\\\/10\\\/24\\\/apresentacao-do-modelo-clt-na-conferencia-de-construcao-e-vida-colaborativa-e-social-2025-da-suecia\\\/#breadcrumb\",\"itemListElement\":[{\"@type\":\"ListItem\",\"position\":1,\"name\":\"Home\",\"item\":\"https:\\\/\\\/www.cltweb.org\\\/pt-br\\\/\"},{\"@type\":\"ListItem\",\"position\":2,\"name\":\"Apresenta\u00e7\u00e3o do modelo CLT na Confer\u00eancia de Constru\u00e7\u00e3o e Vida Colaborativa e Social 2025 da Su\u00e9cia\"}]},{\"@type\":\"WebSite\",\"@id\":\"https:\\\/\\\/www.cltweb.org\\\/pt-br\\\/#website\",\"url\":\"https:\\\/\\\/www.cltweb.org\\\/pt-br\\\/\",\"name\":\"International Center for Community Land Trusts\",\"description\":\"\",\"publisher\":{\"@id\":\"https:\\\/\\\/www.cltweb.org\\\/pt-br\\\/#organization\"},\"potentialAction\":[{\"@type\":\"SearchAction\",\"target\":{\"@type\":\"EntryPoint\",\"urlTemplate\":\"https:\\\/\\\/www.cltweb.org\\\/pt-br\\\/?s={search_term_string}\"},\"query-input\":{\"@type\":\"PropertyValueSpecification\",\"valueRequired\":true,\"valueName\":\"search_term_string\"}}],\"inLanguage\":\"pt-BR\"},{\"@type\":\"Organization\",\"@id\":\"https:\\\/\\\/www.cltweb.org\\\/pt-br\\\/#organization\",\"name\":\"International Center for Community Land Trusts\",\"url\":\"https:\\\/\\\/www.cltweb.org\\\/pt-br\\\/\",\"logo\":{\"@type\":\"ImageObject\",\"inLanguage\":\"pt-BR\",\"@id\":\"https:\\\/\\\/www.cltweb.org\\\/pt-br\\\/#\\\/schema\\\/logo\\\/image\\\/\",\"url\":\"https:\\\/\\\/www.cltweb.org\\\/wp-content\\\/uploads\\\/2024\\\/11\\\/New-CLT-Center-Text-logo.png\",\"contentUrl\":\"https:\\\/\\\/www.cltweb.org\\\/wp-content\\\/uploads\\\/2024\\\/11\\\/New-CLT-Center-Text-logo.png\",\"width\":227,\"height\":80,\"caption\":\"International Center for Community Land Trusts\"},\"image\":{\"@id\":\"https:\\\/\\\/www.cltweb.org\\\/pt-br\\\/#\\\/schema\\\/logo\\\/image\\\/\"},\"sameAs\":[\"https:\\\/\\\/www.facebook.com\\\/cltcenter\",\"https:\\\/\\\/x.com\\\/Center4CLTs\",\"https:\\\/\\\/www.instagram.com\\\/cltcenter\\\/\",\"https:\\\/\\\/www.linkedin.com\\\/company\\\/cltcenter\",\"https:\\\/\\\/www.youtube.com\\\/@centerforcltinnovation5313\"],\"description\":\"The International Center for Community Land Trusts is a not-for-profit nongovernmental organization established in 2018 to promote and to support community land trusts and similar strategies of community-led development on community-owned land in countries throughout the world.\",\"email\":\"info@communitylandtrust.net\",\"legalName\":\"International Center for Community Land Trusts\",\"foundingDate\":\"2018-12-01\",\"taxID\":\"84-3858933\",\"numberOfEmployees\":{\"@type\":\"QuantitativeValue\",\"minValue\":\"1\",\"maxValue\":\"10\"}},{\"@type\":\"Person\",\"@id\":\"https:\\\/\\\/www.cltweb.org\\\/pt-br\\\/#\\\/schema\\\/person\\\/7c9fe56cc945e4b57585dbfe30f2ead4\",\"name\":\"Ben Harris\",\"image\":{\"@type\":\"ImageObject\",\"inLanguage\":\"pt-BR\",\"@id\":\"https:\\\/\\\/secure.gravatar.com\\\/avatar\\\/12a44d8988553548c22c57da673ee8ffb7e0b87b0197beec533bae3061a92cc5?s=96&d=mm&r=g\",\"url\":\"https:\\\/\\\/secure.gravatar.com\\\/avatar\\\/12a44d8988553548c22c57da673ee8ffb7e0b87b0197beec533bae3061a92cc5?s=96&d=mm&r=g\",\"contentUrl\":\"https:\\\/\\\/secure.gravatar.com\\\/avatar\\\/12a44d8988553548c22c57da673ee8ffb7e0b87b0197beec533bae3061a92cc5?s=96&d=mm&r=g\",\"caption\":\"Ben Harris\"},\"url\":\"https:\\\/\\\/www.cltweb.org\\\/pt-br\\\/author\\\/ben\\\/\"}]}<\/script>\n<!-- \/ Yoast SEO Premium plugin. -->","yoast_head_json":{"title":"Apresenta\u00e7\u00e3o do modelo CLT na Confer\u00eancia de Constru\u00e7\u00e3o e Vida Colaborativa e Social 2025 da Su\u00e9cia - International Center for Community Land Trusts","robots":{"index":"index","follow":"follow","max-snippet":"max-snippet:-1","max-image-preview":"max-image-preview:large","max-video-preview":"max-video-preview:-1"},"canonical":"https:\/\/www.cltweb.org\/pt-br\/2025\/10\/24\/apresentacao-do-modelo-clt-na-conferencia-de-construcao-e-vida-colaborativa-e-social-2025-da-suecia\/","og_locale":"pt_BR","og_type":"article","og_title":"Apresenta\u00e7\u00e3o do modelo CLT na Confer\u00eancia de Constru\u00e7\u00e3o e Vida Colaborativa e Social 2025 da Su\u00e9cia","og_description":"Por Jonas Lagander, Coompanion A Coompanion participou da confer\u00eancia Collaborative and Social Building and Living deste ano em Bor\u00e5s, na Su\u00e9cia, e organizou dois semin\u00e1rios sobre CLTs. Juntamente com outros [&hellip;]","og_url":"https:\/\/www.cltweb.org\/pt-br\/2025\/10\/24\/apresentacao-do-modelo-clt-na-conferencia-de-construcao-e-vida-colaborativa-e-social-2025-da-suecia\/","og_site_name":"International Center for Community Land Trusts","article_publisher":"https:\/\/www.facebook.com\/cltcenter","article_published_time":"2025-10-24T12:58:57+00:00","article_modified_time":"2025-10-29T19:03:32+00:00","author":"Ben Harris","twitter_card":"summary_large_image","twitter_creator":"@Center4CLTs","twitter_site":"@Center4CLTs","twitter_misc":{"Escrito por":"Ben Harris","Est. tempo de leitura":"3 minutos"},"schema":{"@context":"https:\/\/schema.org","@graph":[{"@type":"Article","@id":"https:\/\/www.cltweb.org\/pt-br\/2025\/10\/24\/apresentacao-do-modelo-clt-na-conferencia-de-construcao-e-vida-colaborativa-e-social-2025-da-suecia\/#article","isPartOf":{"@id":"https:\/\/www.cltweb.org\/pt-br\/2025\/10\/24\/apresentacao-do-modelo-clt-na-conferencia-de-construcao-e-vida-colaborativa-e-social-2025-da-suecia\/"},"author":{"name":"Ben Harris","@id":"https:\/\/www.cltweb.org\/pt-br\/#\/schema\/person\/7c9fe56cc945e4b57585dbfe30f2ead4"},"headline":"Apresenta\u00e7\u00e3o do modelo CLT na Confer\u00eancia de Constru\u00e7\u00e3o e Vida Colaborativa e Social 2025 da Su\u00e9cia","datePublished":"2025-10-24T12:58:57+00:00","dateModified":"2025-10-29T19:03:32+00:00","mainEntityOfPage":{"@id":"https:\/\/www.cltweb.org\/pt-br\/2025\/10\/24\/apresentacao-do-modelo-clt-na-conferencia-de-construcao-e-vida-colaborativa-e-social-2025-da-suecia\/"},"wordCount":598,"publisher":{"@id":"https:\/\/www.cltweb.org\/pt-br\/#organization"},"image":{"@id":"https:\/\/www.cltweb.org\/pt-br\/2025\/10\/24\/apresentacao-do-modelo-clt-na-conferencia-de-construcao-e-vida-colaborativa-e-social-2025-da-suecia\/#primaryimage"},"thumbnailUrl":"https:\/\/www.cltweb.org\/wp-content\/uploads\/2025\/10\/IMG_6480.jpg","keywords":["Europa","fundo de terras comunit\u00e1rio","Su\u00e9cia"],"articleSection":["Blogs","Pa\u00edses"],"inLanguage":"pt-BR"},{"@type":"WebPage","@id":"https:\/\/www.cltweb.org\/pt-br\/2025\/10\/24\/apresentacao-do-modelo-clt-na-conferencia-de-construcao-e-vida-colaborativa-e-social-2025-da-suecia\/","url":"https:\/\/www.cltweb.org\/pt-br\/2025\/10\/24\/apresentacao-do-modelo-clt-na-conferencia-de-construcao-e-vida-colaborativa-e-social-2025-da-suecia\/","name":"Apresenta\u00e7\u00e3o do modelo CLT na Confer\u00eancia de Constru\u00e7\u00e3o e Vida Colaborativa e Social 2025 da Su\u00e9cia - International Center for Community Land Trusts","isPartOf":{"@id":"https:\/\/www.cltweb.org\/pt-br\/#website"},"primaryImageOfPage":{"@id":"https:\/\/www.cltweb.org\/pt-br\/2025\/10\/24\/apresentacao-do-modelo-clt-na-conferencia-de-construcao-e-vida-colaborativa-e-social-2025-da-suecia\/#primaryimage"},"image":{"@id":"https:\/\/www.cltweb.org\/pt-br\/2025\/10\/24\/apresentacao-do-modelo-clt-na-conferencia-de-construcao-e-vida-colaborativa-e-social-2025-da-suecia\/#primaryimage"},"thumbnailUrl":"https:\/\/www.cltweb.org\/wp-content\/uploads\/2025\/10\/IMG_6480.jpg","datePublished":"2025-10-24T12:58:57+00:00","dateModified":"2025-10-29T19:03:32+00:00","breadcrumb":{"@id":"https:\/\/www.cltweb.org\/pt-br\/2025\/10\/24\/apresentacao-do-modelo-clt-na-conferencia-de-construcao-e-vida-colaborativa-e-social-2025-da-suecia\/#breadcrumb"},"inLanguage":"pt-BR","potentialAction":[{"@type":"ReadAction","target":["https:\/\/www.cltweb.org\/pt-br\/2025\/10\/24\/apresentacao-do-modelo-clt-na-conferencia-de-construcao-e-vida-colaborativa-e-social-2025-da-suecia\/"]}]},{"@type":"ImageObject","inLanguage":"pt-BR","@id":"https:\/\/www.cltweb.org\/pt-br\/2025\/10\/24\/apresentacao-do-modelo-clt-na-conferencia-de-construcao-e-vida-colaborativa-e-social-2025-da-suecia\/#primaryimage","url":"https:\/\/www.cltweb.org\/wp-content\/uploads\/2025\/10\/IMG_6480.jpg","contentUrl":"https:\/\/www.cltweb.org\/wp-content\/uploads\/2025\/10\/IMG_6480.jpg","width":2048,"height":1536},{"@type":"BreadcrumbList","@id":"https:\/\/www.cltweb.org\/pt-br\/2025\/10\/24\/apresentacao-do-modelo-clt-na-conferencia-de-construcao-e-vida-colaborativa-e-social-2025-da-suecia\/#breadcrumb","itemListElement":[{"@type":"ListItem","position":1,"name":"Home","item":"https:\/\/www.cltweb.org\/pt-br\/"},{"@type":"ListItem","position":2,"name":"Apresenta\u00e7\u00e3o do modelo CLT na Confer\u00eancia de Constru\u00e7\u00e3o e Vida Colaborativa e Social 2025 da Su\u00e9cia"}]},{"@type":"WebSite","@id":"https:\/\/www.cltweb.org\/pt-br\/#website","url":"https:\/\/www.cltweb.org\/pt-br\/","name":"International Center for Community Land Trusts","description":"","publisher":{"@id":"https:\/\/www.cltweb.org\/pt-br\/#organization"},"potentialAction":[{"@type":"SearchAction","target":{"@type":"EntryPoint","urlTemplate":"https:\/\/www.cltweb.org\/pt-br\/?s={search_term_string}"},"query-input":{"@type":"PropertyValueSpecification","valueRequired":true,"valueName":"search_term_string"}}],"inLanguage":"pt-BR"},{"@type":"Organization","@id":"https:\/\/www.cltweb.org\/pt-br\/#organization","name":"International Center for Community Land Trusts","url":"https:\/\/www.cltweb.org\/pt-br\/","logo":{"@type":"ImageObject","inLanguage":"pt-BR","@id":"https:\/\/www.cltweb.org\/pt-br\/#\/schema\/logo\/image\/","url":"https:\/\/www.cltweb.org\/wp-content\/uploads\/2024\/11\/New-CLT-Center-Text-logo.png","contentUrl":"https:\/\/www.cltweb.org\/wp-content\/uploads\/2024\/11\/New-CLT-Center-Text-logo.png","width":227,"height":80,"caption":"International Center for Community Land Trusts"},"image":{"@id":"https:\/\/www.cltweb.org\/pt-br\/#\/schema\/logo\/image\/"},"sameAs":["https:\/\/www.facebook.com\/cltcenter","https:\/\/x.com\/Center4CLTs","https:\/\/www.instagram.com\/cltcenter\/","https:\/\/www.linkedin.com\/company\/cltcenter","https:\/\/www.youtube.com\/@centerforcltinnovation5313"],"description":"The International Center for Community Land Trusts is a not-for-profit nongovernmental organization established in 2018 to promote and to support community land trusts and similar strategies of community-led development on community-owned land in countries throughout the world.","email":"info@communitylandtrust.net","legalName":"International Center for Community Land Trusts","foundingDate":"2018-12-01","taxID":"84-3858933","numberOfEmployees":{"@type":"QuantitativeValue","minValue":"1","maxValue":"10"}},{"@type":"Person","@id":"https:\/\/www.cltweb.org\/pt-br\/#\/schema\/person\/7c9fe56cc945e4b57585dbfe30f2ead4","name":"Ben Harris","image":{"@type":"ImageObject","inLanguage":"pt-BR","@id":"https:\/\/secure.gravatar.com\/avatar\/12a44d8988553548c22c57da673ee8ffb7e0b87b0197beec533bae3061a92cc5?s=96&d=mm&r=g","url":"https:\/\/secure.gravatar.com\/avatar\/12a44d8988553548c22c57da673ee8ffb7e0b87b0197beec533bae3061a92cc5?s=96&d=mm&r=g","contentUrl":"https:\/\/secure.gravatar.com\/avatar\/12a44d8988553548c22c57da673ee8ffb7e0b87b0197beec533bae3061a92cc5?s=96&d=mm&r=g","caption":"Ben Harris"},"url":"https:\/\/www.cltweb.org\/pt-br\/author\/ben\/"}]}},"taxonomy_info":{"category":[{"value":291,"label":"Blogs"},{"value":102,"label":"Pa\u00edses"}],"post_tag":[{"value":358,"label":"Europa"},{"value":332,"label":"fundo de terras comunit\u00e1rio"},{"value":357,"label":"Su\u00e9cia"}]},"featured_image_src_large":["https:\/\/www.cltweb.org\/wp-content\/uploads\/2025\/10\/IMG_6480-1024x768.jpg",1024,768,true],"author_info":{"display_name":"Ben Harris","author_link":"https:\/\/www.cltweb.org\/pt-br\/author\/ben\/"},"comment_info":0,"category_info":[{"term_id":291,"name":"Blogs","slug":"blogs-pt-br","term_group":0,"term_taxonomy_id":291,"taxonomy":"category","description":"","parent":0,"count":13,"filter":"raw","cat_ID":291,"category_count":13,"category_description":"","cat_name":"Blogs","category_nicename":"blogs-pt-br","category_parent":0},{"term_id":102,"name":"Pa\u00edses","slug":"paises-pt-br","term_group":0,"term_taxonomy_id":102,"taxonomy":"category","description":"","parent":0,"count":14,"filter":"raw","cat_ID":102,"category_count":14,"category_description":"","cat_name":"Pa\u00edses","category_nicename":"paises-pt-br","category_parent":0}],"tag_info":[{"term_id":358,"name":"Europa","slug":"europa","term_group":0,"term_taxonomy_id":358,"taxonomy":"post_tag","description":"","parent":0,"count":1,"filter":"raw"},{"term_id":332,"name":"fundo de terras comunit\u00e1rio","slug":"fundo-de-terras-comunitario","term_group":0,"term_taxonomy_id":332,"taxonomy":"post_tag","description":"","parent":0,"count":17,"filter":"raw"},{"term_id":357,"name":"Su\u00e9cia","slug":"suecia","term_group":0,"term_taxonomy_id":357,"taxonomy":"post_tag","description":"","parent":0,"count":1,"filter":"raw"}],"jetpack_featured_media_url":"https:\/\/www.cltweb.org\/wp-content\/uploads\/2025\/10\/IMG_6480.jpg","jetpack_sharing_enabled":true,"jetpack-related-posts":[{"id":10138,"url":"https:\/\/www.cltweb.org\/es\/2025\/10\/24\/presentacion-del-modelo-clt-en-la-conferencia-de-suecia-sobre-construccion-colaborativa-y-social-y-vivir-2025\/","url_meta":{"origin":10140,"position":0},"title":"Presentaci\u00f3n del modelo CLT en la Conferencia de Suecia sobre Construcci\u00f3n Colaborativa y Social y Vivir 2025","author":"Ben Harris","date":"24 de outubro de 2025","format":false,"excerpt":"Por Jonas Lagander, Coompa\u00f1ero Coompanion particip\u00f3 este a\u00f1o en la conferencia \"Collaborative and Social Building and Living\", celebrada en Bor\u00e5s (Suecia), y organiz\u00f3 dos seminarios sobre CLT. Junto con otros socios relevantes, participan en el proyecto \"Sistemas locales de innovaci\u00f3n en torno a las barreras de la vivienda colaborativa y\u2026","rel":"","context":"Em &quot;Blogs&quot;","block_context":{"text":"Blogs","link":"https:\/\/www.cltweb.org\/es\/category\/blogs\/"},"img":{"alt_text":"","src":"https:\/\/i0.wp.com\/www.cltweb.org\/wp-content\/uploads\/2025\/10\/IMG_6480.jpg?resize=350%2C200&ssl=1","width":350,"height":200,"srcset":"https:\/\/i0.wp.com\/www.cltweb.org\/wp-content\/uploads\/2025\/10\/IMG_6480.jpg?resize=350%2C200&ssl=1 1x, https:\/\/i0.wp.com\/www.cltweb.org\/wp-content\/uploads\/2025\/10\/IMG_6480.jpg?resize=525%2C300&ssl=1 1.5x, https:\/\/i0.wp.com\/www.cltweb.org\/wp-content\/uploads\/2025\/10\/IMG_6480.jpg?resize=700%2C400&ssl=1 2x, https:\/\/i0.wp.com\/www.cltweb.org\/wp-content\/uploads\/2025\/10\/IMG_6480.jpg?resize=1050%2C600&ssl=1 3x, https:\/\/i0.wp.com\/www.cltweb.org\/wp-content\/uploads\/2025\/10\/IMG_6480.jpg?resize=1400%2C800&ssl=1 4x"},"classes":[]},{"id":9521,"url":"https:\/\/www.cltweb.org\/pt-br\/2025\/05\/21\/commons-for-justice-clts-em-todos-os-continentes-no-festival-internacional-de-habitacao-social\/","url_meta":{"origin":10140,"position":1},"title":"Commons for Justice: CLTs em todos os continentes no Festival Internacional de Habita\u00e7\u00e3o Social","author":"Ben Harris","date":"21 de maio de 2025","format":false,"excerpt":"Em uma \u00e9poca marcada por crises habitacionais, mercados de terras extrativistas e crescente desigualdade, as comunidades de todo o mundo est\u00e3o recuperando os bens comuns. No 2025 International Social Housing Festival, em Dublin, Irlanda (4 a 6 de junho), a European Community Land Trust Network realizar\u00e1 um semin\u00e1rio de 105\u2026","rel":"","context":"Em &quot;Blogs&quot;","block_context":{"text":"Blogs","link":"https:\/\/www.cltweb.org\/pt-br\/category\/blogs-pt-br\/"},"img":{"alt_text":"","src":"https:\/\/i0.wp.com\/www.cltweb.org\/wp-content\/uploads\/2025\/05\/Juliet-Can.jpeg?resize=350%2C200&ssl=1","width":350,"height":200},"classes":[]},{"id":7831,"url":"https:\/\/www.cltweb.org\/pt-br\/2024\/11\/20\/recursos-para-o-envolvimento-significativo-de-jovens-em-clts\/","url_meta":{"origin":10140,"position":2},"title":"Recursos para o envolvimento significativo de jovens em CLTs","author":"Ben Harris","date":"20 de novembro de 2024","format":false,"excerpt":"Por Richard Kruger Delgado O que realmente significa envolver os jovens de forma significativa em uma organiza\u00e7\u00e3o? Para organiza\u00e7\u00f5es como os CLTs, \u00e9 necess\u00e1rio mudar a perspectiva dos jovens de uma mera popula\u00e7\u00e3o a ser atendida para reconhec\u00ea-los como membros plenos da comunidade que podem participar da tomada de decis\u00f5es,\u2026","rel":"","context":"Em &quot;Blogs&quot;","block_context":{"text":"Blogs","link":"https:\/\/www.cltweb.org\/pt-br\/category\/blogs-pt-br\/"},"img":{"alt_text":"","src":"https:\/\/i0.wp.com\/www.cltweb.org\/wp-content\/uploads\/2024\/11\/Screenshot-2024-11-20-at-4.25.46%E2%80%AFPM.png?resize=350%2C200&ssl=1","width":350,"height":200,"srcset":"https:\/\/i0.wp.com\/www.cltweb.org\/wp-content\/uploads\/2024\/11\/Screenshot-2024-11-20-at-4.25.46%E2%80%AFPM.png?resize=350%2C200&ssl=1 1x, https:\/\/i0.wp.com\/www.cltweb.org\/wp-content\/uploads\/2024\/11\/Screenshot-2024-11-20-at-4.25.46%E2%80%AFPM.png?resize=525%2C300&ssl=1 1.5x, https:\/\/i0.wp.com\/www.cltweb.org\/wp-content\/uploads\/2024\/11\/Screenshot-2024-11-20-at-4.25.46%E2%80%AFPM.png?resize=700%2C400&ssl=1 2x"},"classes":[]},{"id":9999,"url":"https:\/\/www.cltweb.org\/pt-br\/2025\/10\/20\/um-olhar-para-o-passado-e-para-o-futuro-do-movimento-clt-dos-eua\/","url_meta":{"origin":10140,"position":3},"title":"Um olhar para o passado e para o futuro do movimento CLT dos EUA","author":"cltredesign_0jp0l4","date":"20 de outubro de 2025","format":false,"excerpt":"John Emmeus Davis falou aos participantes da confer\u00eancia 2025 Midwest CLT sobre o passado e o poss\u00edvel futuro do movimento CLT dos EUA, e o que podemos fazer para enfrentar esses tempos desafiadores. Esta \u00e9 uma transcri\u00e7\u00e3o de seus coment\u00e1rios extempor\u00e2neos.","rel":"","context":"Em &quot;Blogs&quot;","block_context":{"text":"Blogs","link":"https:\/\/www.cltweb.org\/pt-br\/category\/blogs-pt-br\/"},"img":{"alt_text":"","src":"","width":0,"height":0},"classes":[]},{"id":7246,"url":"https:\/\/www.cltweb.org\/pt-br\/2024\/09\/03\/introducao-ao-uso-de-clts-para-fornecer-renovacao-de-energia-e-acessibilidade-permanente-a-moradias-existentes\/","url_meta":{"origin":10140,"position":4},"title":"Introdu\u00e7\u00e3o ao uso de CLTs para fornecer renova\u00e7\u00e3o de energia e acessibilidade permanente a moradias existentes","author":"cltredesign_0jp0l4","date":"3 de setembro de 2024","format":false,"excerpt":"A contribui\u00e7\u00e3o a seguir foi escrita por Richard Kruger Delgado, gerente de educa\u00e7\u00e3o e divulga\u00e7\u00e3o do International Center for Community Land Trusts, para apresentar o pr\u00f3ximo webinar em 25 de setembro. \"Estamos no neg\u00f3cio de 'n\u00e3o deixar as pessoas para tr\u00e1s'.\" - John Davis, Centro Internacional de Fundos de Terras\u2026","rel":"","context":"Em &quot;Blogs&quot;","block_context":{"text":"Blogs","link":"https:\/\/www.cltweb.org\/pt-br\/category\/blogs-pt-br\/"},"img":{"alt_text":"","src":"","width":0,"height":0},"classes":[]},{"id":7687,"url":"https:\/\/www.cltweb.org\/pt-br\/2024\/11\/11\/introducao-ao-poder-e-a-lideranca-dos-jovens-na-pratica-do-community-land-trust\/","url_meta":{"origin":10140,"position":5},"title":"Introdu\u00e7\u00e3o ao poder e \u00e0 lideran\u00e7a dos jovens na pr\u00e1tica do Community Land Trust","author":"Ben Harris","date":"11 de novembro de 2024","format":false,"excerpt":"Por Richard Kruger Delgado A contribui\u00e7\u00e3o a seguir foi escrita por Richard Kruger Delgado, gerente de educa\u00e7\u00e3o e divulga\u00e7\u00e3o do International Center for Community Land Trusts, como contribui\u00e7\u00e3o para o pr\u00f3ximo webinar sobre \"Stewarding the Future: Poder e lideran\u00e7a dos jovens na pr\u00e1tica do Community Land Trust\", em 4 de\u2026","rel":"","context":"Em &quot;Blogs&quot;","block_context":{"text":"Blogs","link":"https:\/\/www.cltweb.org\/pt-br\/category\/blogs-pt-br\/"},"img":{"alt_text":"","src":"https:\/\/i0.wp.com\/www.cltweb.org\/wp-content\/uploads\/2024\/11\/Screenshot-2024-11-11-at-5.46.26%E2%80%AFPM.png?resize=350%2C200&ssl=1","width":350,"height":200,"srcset":"https:\/\/i0.wp.com\/www.cltweb.org\/wp-content\/uploads\/2024\/11\/Screenshot-2024-11-11-at-5.46.26%E2%80%AFPM.png?resize=350%2C200&ssl=1 1x, https:\/\/i0.wp.com\/www.cltweb.org\/wp-content\/uploads\/2024\/11\/Screenshot-2024-11-11-at-5.46.26%E2%80%AFPM.png?resize=525%2C300&ssl=1 1.5x, https:\/\/i0.wp.com\/www.cltweb.org\/wp-content\/uploads\/2024\/11\/Screenshot-2024-11-11-at-5.46.26%E2%80%AFPM.png?resize=700%2C400&ssl=1 2x"},"classes":[]}],"_links":{"self":[{"href":"https:\/\/www.cltweb.org\/pt-br\/wp-json\/wp\/v2\/posts\/10140","targetHints":{"allow":["GET"]}}],"collection":[{"href":"https:\/\/www.cltweb.org\/pt-br\/wp-json\/wp\/v2\/posts"}],"about":[{"href":"https:\/\/www.cltweb.org\/pt-br\/wp-json\/wp\/v2\/types\/post"}],"author":[{"embeddable":true,"href":"https:\/\/www.cltweb.org\/pt-br\/wp-json\/wp\/v2\/users\/2"}],"replies":[{"embeddable":true,"href":"https:\/\/www.cltweb.org\/pt-br\/wp-json\/wp\/v2\/comments?post=10140"}],"version-history":[{"count":2,"href":"https:\/\/www.cltweb.org\/pt-br\/wp-json\/wp\/v2\/posts\/10140\/revisions"}],"predecessor-version":[{"id":10469,"href":"https:\/\/www.cltweb.org\/pt-br\/wp-json\/wp\/v2\/posts\/10140\/revisions\/10469"}],"wp:featuredmedia":[{"embeddable":true,"href":"https:\/\/www.cltweb.org\/pt-br\/wp-json\/wp\/v2\/media\/10128"}],"wp:attachment":[{"href":"https:\/\/www.cltweb.org\/pt-br\/wp-json\/wp\/v2\/media?parent=10140"}],"wp:term":[{"taxonomy":"category","embeddable":true,"href":"https:\/\/www.cltweb.org\/pt-br\/wp-json\/wp\/v2\/categories?post=10140"},{"taxonomy":"post_tag","embeddable":true,"href":"https:\/\/www.cltweb.org\/pt-br\/wp-json\/wp\/v2\/tags?post=10140"}],"curies":[{"name":"wp","href":"https:\/\/api.w.org\/{rel}","templated":true}]}}