{"id":10665,"date":"2025-11-17T14:49:53","date_gmt":"2025-11-17T14:49:53","guid":{"rendered":"https:\/\/www.cltweb.org\/2025\/11\/17\/clts-e-acao-climatica-um-movimento-crescente-para-uma-transicao-justa\/"},"modified":"2025-11-17T22:07:49","modified_gmt":"2025-11-17T22:07:49","slug":"clts-e-acao-climatica-um-movimento-crescente-para-uma-transicao-justa","status":"publish","type":"post","link":"https:\/\/www.cltweb.org\/pt-br\/2025\/11\/17\/clts-e-acao-climatica-um-movimento-crescente-para-uma-transicao-justa\/","title":{"rendered":"CLTs e a\u00e7\u00e3o clim\u00e1tica: Um movimento crescente para uma transi\u00e7\u00e3o justa"},"content":{"rendered":"\n<figure class=\"wp-block-image size-full\"><img loading=\"lazy\" decoding=\"async\" width=\"1500\" height=\"300\" src=\"https:\/\/www.cltweb.org\/wp-content\/uploads\/2025\/11\/Land-for-People-Not-for-Profit-Banner.gif\" alt=\"\" class=\"wp-image-10618\"\/><\/figure>\n\n<p><strong><em>Esta hist\u00f3ria faz parte de nossa <a href=\"https:\/\/www.cltweb.org\/pt-br\/2025\/11\/11\/terra-para-as-pessoas-nao-para-o-lucro-construindo-a-infraestrutura-de-um-movimento-global\/\" target=\"_blank\" rel=\"noreferrer noopener\">campanha de fim de ano<\/a> que celebra como o Centro CLT<em>  est\u00e1 trabalhando para atender ao movimento global de CLT. Nesta semana, estamos destacando <\/em>:<\/em><\/strong><\/p>\n\n<h2 class=\"wp-block-heading has-text-align-center has-vivid-green-cyan-background-color has-background\" id=\"h-the-climate-justice-initiative\" style=\"padding-top:var(--wp--preset--spacing--20);padding-right:0;padding-bottom:var(--wp--preset--spacing--20);padding-left:0\">A Iniciativa de Justi\u00e7a Clim\u00e1tica<\/h2>\n\n<p>A emerg\u00eancia clim\u00e1tica n\u00e3o \u00e9 mais uma amea\u00e7a distante: ela est\u00e1 aqui, remodelando onde e como as pessoas vivem. Para muitas comunidades de baixa renda, os impactos clim\u00e1ticos significam a perda de casas, meios de subsist\u00eancia e at\u00e9 mesmo o direito de permanecer no local. Depois de cada inunda\u00e7\u00e3o ou inc\u00eandio florestal, seguem-se a apropria\u00e7\u00e3o de terras e o deslocamento, ampliando a lacuna entre aqueles que podem se recuperar e aqueles que n\u00e3o podem.  <\/p>\n\n<p>Sabendo disso, come\u00e7amos a nos fazer uma pergunta simples:<\/p>\n\n<blockquote class=\"wp-block-quote is-layout-flow wp-block-quote-is-layout-flow\">\n<p class=\"has-text-align-left\"><strong><em>Como os CLTs &#8211; as mesmas organiza\u00e7\u00f5es que garantem moradia acess\u00edvel e administra\u00e7\u00e3o coletiva da terra &#8211; tamb\u00e9m podem se tornar infraestrutura para a resili\u00eancia clim\u00e1tica?<\/em><\/strong><\/p>\n<\/blockquote>\n\n<p>Essa mesma pergunta evoluiu para a <strong>Climate Justice Initiative (Iniciativa de Justi\u00e7a Clim\u00e1tica<\/strong>), um esfor\u00e7o coletivo que posiciona os CLTs como atores-chave para alcan\u00e7ar um futuro justo, sustent\u00e1vel, equitativo e descarbonizado. Em vez de depender de respostas clim\u00e1ticas de cima para baixo, a iniciativa se baseia em d\u00e9cadas de administra\u00e7\u00e3o de terras liderada pela comunidade e trabalho com moradias econ\u00f4micas. Em todo o mundo, os CLTs j\u00e1 est\u00e3o experimentando solu\u00e7\u00f5es, projetando resid\u00eancias com zero de emiss\u00f5es l\u00edquidas, restaurando ecossistemas, fortalecendo a soberania alimentar e garantindo que a recupera\u00e7\u00e3o ap\u00f3s um desastre seja coletiva e justa.  <\/p>\n\n<p>No entanto, essas inova\u00e7\u00f5es locais muitas vezes n\u00e3o s\u00e3o vistas pelos formuladores de pol\u00edticas e financiadores. Essa iniciativa busca mudar isso por meio de: <\/p>\n\n<ul class=\"wp-block-list\">\n<li><strong>Documentar<\/strong> estrat\u00e9gias clim\u00e1ticas lideradas pela comunidade;<\/li>\n\n\n\n<li><strong>Apoio a<\/strong> interc\u00e2mbios de aprendizagem entre pares e estudos de caso de autoria de profissionais;<\/li>\n\n\n\n<li><strong>Produzir<\/strong> ferramentas pr\u00e1ticas e publica\u00e7\u00f5es &#8211; por meio da <em>Terra Nostra Press &#8211; sobre<\/em>adapta\u00e7\u00e3o, mitiga\u00e7\u00e3o e equidade;<\/li>\n\n\n\n<li><strong>Defender<\/strong> estruturas de pol\u00edticas que coloquem a justi\u00e7a fundi\u00e1ria no centro da a\u00e7\u00e3o clim\u00e1tica.<\/li>\n<\/ul>\n\n<figure class=\"wp-block-pullquote has-medium-font-size\" style=\"border-width:1px;border-radius:0px;padding-top:var(--wp--preset--spacing--50);padding-right:var(--wp--preset--spacing--70);padding-bottom:var(--wp--preset--spacing--50);padding-left:var(--wp--preset--spacing--70)\"><blockquote><p>A intelig\u00eancia coletiva e o poder comunit\u00e1rio desencadeados por iniciativas como os CLTs t\u00eam um grande potencial para enfrentar os desafios dessas d\u00e9cadas-chave para limitar o aquecimento global e, ao mesmo tempo, garantir a prote\u00e7\u00e3o de comunidades vulner\u00e1veis. As primeiras sess\u00f5es de aprendizado entre pares de CLTs e Justi\u00e7a Clim\u00e1tica que realizamos este ano mostram que os CLTs j\u00e1 implementam muitas pr\u00e1ticas interessantes e inovadoras localmente. Para aumentar a escala, elas precisam ser conhecidas e receber o apoio p\u00fablico adequado. \u00c9 urgente produzir evid\u00eancias para apoiar o trabalho de defesa das redes nacionais e regionais de CLTs e para promover iniciativas-piloto em todos os lugares.   <\/p><cite><strong>&#8211; Pierre Arnold, <em>L\u00edder de Projeto na Climate Justice Initiative \/ Representante do Conselho da Habitat International Coalition para a Europa<\/em><\/strong><\/cite><\/blockquote><\/figure>\n\n<h2 class=\"wp-block-heading has-text-align-center\" id=\"h-online-peer-learning-workshops\">Workshops on-line de aprendizado entre pares<\/h2>\n\n<p>Em maio de 2025, demos o pontap\u00e9 inicial durante o &#8220;<a href=\"https:\/\/www.youtube.com\/watch?v=If6w7i3vhOk&amp;list=PLmjDAEylHA2niFqwD-CiGk0H9LeUC7B7T\" target=\"_blank\" rel=\"noreferrer noopener\">CLTs and Climate Action: Um di\u00e1logo global para o Dia Mundial do CLT 2025<\/a>&#8220;, uma sess\u00e3o de aprendizado conduzida por colegas que reuniu profissionais de diferentes partes do mundo para explorar como os CLTs est\u00e3o respondendo \u00e0 crise clim\u00e1tica.<\/p>\n\n<p>Ap\u00f3s esse primeiro di\u00e1logo, o Center come\u00e7ou a realizar uma s\u00e9rie de workshops mensais para manter a conversa e a colabora\u00e7\u00e3o vivas:<\/p>\n\n<div class=\"wp-block-columns is-layout-flex wp-container-core-columns-is-layout-28f84493 wp-block-columns-is-layout-flex\">\n<div class=\"wp-block-column is-layout-flow wp-block-column-is-layout-flow\">\n<h3 class=\"wp-block-heading has-text-align-center\" id=\"h-september\">Setembro<\/h3>\n\n\n\n<p><em><strong>Prepara\u00e7\u00e3o e recupera\u00e7\u00e3o de desastres<\/strong><\/em><strong>: <\/strong>Aprendizagem entre pares sobre planejamento, resposta e reconstru\u00e7\u00e3o em conjunto.<\/p>\n\n\n\n<figure class=\"wp-block-embed is-type-video is-provider-youtube wp-block-embed-youtube wp-embed-aspect-16-9 wp-has-aspect-ratio\"><div class=\"wp-block-embed__wrapper\">\n<iframe loading=\"lazy\" title=\"Innovating for Climate Resilience: CLTs in Florida\u2019s Policy Landscape\" width=\"1290\" height=\"726\" src=\"https:\/\/www.youtube.com\/embed\/klh-bWauAmc?list=PLmjDAEylHA2l0MRcVLeuX2EwVi0SAdTYt\" frameborder=\"0\" allow=\"accelerometer; autoplay; clipboard-write; encrypted-media; gyroscope; picture-in-picture; web-share\" referrerpolicy=\"strict-origin-when-cross-origin\" allowfullscreen><\/iframe>\n<\/div><figcaption class=\"wp-element-caption\">&#8220;Inovando para a resili\u00eancia clim\u00e1tica: CLTs no cen\u00e1rio de pol\u00edticas da Fl\u00f3rida&#8221; &#8211; Frank Wells, Bright Community Trust (EUA) <em><strong>Frank Wells, Bright Community Trust (EUA)<\/strong><\/em><\/figcaption><\/figure>\n\n\n\n<figure class=\"wp-block-embed is-type-video is-provider-youtube wp-block-embed-youtube wp-embed-aspect-16-9 wp-has-aspect-ratio\"><div class=\"wp-block-embed__wrapper\">\n<iframe loading=\"lazy\" title=\"Building Affordability in High Cost and Disaster Areas through CLTs and Manufactured Housing\" width=\"1290\" height=\"726\" src=\"https:\/\/www.youtube.com\/embed\/3hz4lwGrVRc?list=PLmjDAEylHA2l0MRcVLeuX2EwVi0SAdTYt\" frameborder=\"0\" allow=\"accelerometer; autoplay; clipboard-write; encrypted-media; gyroscope; picture-in-picture; web-share\" referrerpolicy=\"strict-origin-when-cross-origin\" allowfullscreen><\/iframe>\n<\/div><figcaption class=\"wp-element-caption\">&#8220;Construindo acessibilidade em \u00e1reas de alto custo e de desastres por meio de CLTs e moradias manufaturadas&#8221; &#8211; Dev Goetschius, Housing Land Trust, North Bay, EUA <em><strong>Dev Goetschius, Housing Land Trust of the North Bay (EUA)<\/strong><\/em><\/figcaption><\/figure>\n<\/div>\n\n\n\n<div class=\"wp-block-column is-layout-flow wp-block-column-is-layout-flow\">\n<h3 class=\"wp-block-heading has-text-align-center\" id=\"h-october\">Outubro<\/h3>\n\n\n\n<p><em><strong>Retrofit de energia<\/strong><\/em><strong>:<\/strong> Como os CLTs podem descarbonizar de forma acess\u00edvel e, ao mesmo tempo, melhorar o conforto e a sa\u00fade<\/p>\n\n\n\n<figure class=\"wp-block-embed is-type-video is-provider-youtube wp-block-embed-youtube wp-embed-aspect-16-9 wp-has-aspect-ratio\"><div class=\"wp-block-embed__wrapper\">\n<iframe loading=\"lazy\" title=\"Integrating the CLT Model into Energy Retrofit: Lessons from Brussels\" width=\"1290\" height=\"726\" src=\"https:\/\/www.youtube.com\/embed\/RklW0GvXlsk?feature=oembed\" frameborder=\"0\" allow=\"accelerometer; autoplay; clipboard-write; encrypted-media; gyroscope; picture-in-picture; web-share\" referrerpolicy=\"strict-origin-when-cross-origin\" allowfullscreen><\/iframe>\n<\/div><figcaption class=\"wp-element-caption\">&#8220;Integrando o modelo CLT ao retrofit de energia: Li\u00e7\u00f5es de Bruxelas&#8221; &#8211; Geert De Pauw, CLTB (B\u00e9lgica) <strong><em>Geert De Pauw, CLTB (B\u00e9lgica)<\/em><\/strong><\/figcaption><\/figure>\n\n\n\n<figure class=\"wp-block-embed is-type-video is-provider-youtube wp-block-embed-youtube wp-embed-aspect-16-9 wp-has-aspect-ratio\"><div class=\"wp-block-embed__wrapper\">\n<iframe loading=\"lazy\" title=\"Transforming Rural Housing Through CLTs: The South of Scotland Experience\" width=\"1290\" height=\"726\" src=\"https:\/\/www.youtube.com\/embed\/hlFjNf1yT_A?feature=oembed\" frameborder=\"0\" allow=\"accelerometer; autoplay; clipboard-write; encrypted-media; gyroscope; picture-in-picture; web-share\" referrerpolicy=\"strict-origin-when-cross-origin\" allowfullscreen><\/iframe>\n<\/div><figcaption class=\"wp-element-caption\">&#8220;Transforming Rural Housing Through CLTs: A experi\u00eancia do sul da Esc\u00f3cia&#8221; &#8211; Chris Dalglish e Mike Staples <strong><em>Chris Dalglish e Mike Staples, SOSCH (Esc\u00f3cia)<\/em><\/strong><\/figcaption><\/figure>\n<\/div>\n<\/div>\n\n<p class=\"has-text-align-center\"><strong>Voc\u00ea \u00e9 um profissional de CLT interessado em participar de futuros workshops sobre CLTs e Justi\u00e7a Clim\u00e1tica?<\/strong><\/p>\n\n<div class=\"wp-block-buttons is-content-justification-center is-layout-flex wp-container-core-buttons-is-layout-a89b3969 wp-block-buttons-is-layout-flex\">\n<div class=\"wp-block-button\"><a class=\"wp-block-button__link has-text-align-center wp-element-button\" href=\"https:\/\/form.jotform.com\/253203225515143\" target=\"_blank\" rel=\"noreferrer noopener\"><strong>Preencha este breve formul\u00e1rio<\/strong><\/a><\/div>\n<\/div>\n\n<h2 class=\"wp-block-heading\" id=\"h-support-our-work\">Apoie nosso trabalho<\/h2>\n\n<p>Por meio da Iniciativa de Justi\u00e7a Clim\u00e1tica, o Centro CLT almeja um mundo em que as comunidades organizadas reduzam seu impacto ambiental, fortale\u00e7am a prepara\u00e7\u00e3o coletiva e se recuperem juntas ap\u00f3s os desastres.<\/p>\n\n<p>Cada interc\u00e2mbio entre colegas, cada kit de ferramentas, cada li\u00e7\u00e3o compartilhada fortalece o movimento pela justi\u00e7a clim\u00e1tica e habitacional.<\/p>\n\n<div class=\"wp-block-buttons is-content-justification-center is-layout-flex wp-container-core-buttons-is-layout-a89b3969 wp-block-buttons-is-layout-flex\">\n<div class=\"wp-block-button\"><a class=\"wp-block-button__link has-text-align-center wp-element-button\" href=\"https:\/\/www.cltweb.org\/pt-br\/sobre-nos\/doar\/\" target=\"_blank\" rel=\"noreferrer noopener\"><strong>Apoie nosso trabalho<\/strong><\/a><\/div>\n<\/div>\n\n<p><\/p>\n","protected":false},"excerpt":{"rendered":"<p>Esta hist\u00f3ria faz parte de nossa campanha de fim de ano que celebra como o Centro CLT est\u00e1 trabalhando para atender ao movimento global de CLT. Nesta semana, estamos destacando [&hellip;]<\/p>\n","protected":false},"author":2,"featured_media":0,"comment_status":"closed","ping_status":"open","sticky":false,"template":"","format":"standard","meta":{"give_campaign_id":0,"_tec_requires_first_save":true,"_kad_blocks_custom_css":"","_kad_blocks_head_custom_js":"","_kad_blocks_body_custom_js":"","_kad_blocks_footer_custom_js":"","_EventAllDay":false,"_EventTimezone":"","_EventStartDate":"","_EventEndDate":"","_EventStartDateUTC":"","_EventEndDateUTC":"","_EventShowMap":false,"_EventShowMapLink":false,"_EventURL":"","_EventCost":"","_EventCostDescription":"","_EventCurrencySymbol":"","_EventCurrencyCode":"","_EventCurrencyPosition":"","_EventDateTimeSeparator":"","_EventTimeRangeSeparator":"","_EventOrganizerID":[],"_EventVenueID":[],"_OrganizerEmail":"","_OrganizerPhone":"","_OrganizerWebsite":"","_VenueAddress":"","_VenueCity":"","_VenueCountry":"","_VenueProvince":"","_VenueState":"","_VenueZip":"","_VenuePhone":"","_VenueURL":"","_VenueStateProvince":"","_VenueLat":"","_VenueLng":"","_VenueShowMap":false,"_VenueShowMapLink":false,"_tribe_blocks_recurrence_rules":"","_tribe_blocks_recurrence_description":"","_tribe_blocks_recurrence_exclusions":"","_jetpack_memberships_contains_paid_content":false,"footnotes":""},"categories":[369],"tags":[371,370],"class_list":["post-10665","post","type-post","status-publish","format-standard","hentry","category-iniciativa-de-justica-climatica","tag-acao-climatica","tag-justica-climatica"],"blocksy_meta":[],"yoast_head":"<!-- This site is optimized with the Yoast SEO Premium plugin v27.4 (Yoast SEO v27.5) - https:\/\/yoast.com\/product\/yoast-seo-premium-wordpress\/ -->\n<title>CLTs e a\u00e7\u00e3o clim\u00e1tica: Um movimento crescente para uma transi\u00e7\u00e3o justa - International Center for Community Land Trusts<\/title>\n<meta name=\"robots\" content=\"index, follow, max-snippet:-1, max-image-preview:large, max-video-preview:-1\" \/>\n<link rel=\"canonical\" href=\"https:\/\/www.cltweb.org\/pt-br\/2025\/11\/17\/clts-e-acao-climatica-um-movimento-crescente-para-uma-transicao-justa\/\" \/>\n<meta property=\"og:locale\" content=\"pt_BR\" \/>\n<meta property=\"og:type\" content=\"article\" \/>\n<meta property=\"og:title\" content=\"CLTs e a\u00e7\u00e3o clim\u00e1tica: Um movimento crescente para uma transi\u00e7\u00e3o justa\" \/>\n<meta property=\"og:description\" content=\"Esta hist\u00f3ria faz parte de nossa campanha de fim de ano que celebra como o Centro CLT est\u00e1 trabalhando para atender ao movimento global de CLT. Nesta semana, estamos destacando [&hellip;]\" \/>\n<meta property=\"og:url\" content=\"https:\/\/www.cltweb.org\/pt-br\/2025\/11\/17\/clts-e-acao-climatica-um-movimento-crescente-para-uma-transicao-justa\/\" \/>\n<meta property=\"og:site_name\" content=\"International Center for Community Land Trusts\" \/>\n<meta property=\"article:publisher\" content=\"https:\/\/www.facebook.com\/cltcenter\" \/>\n<meta property=\"article:published_time\" content=\"2025-11-17T14:49:53+00:00\" \/>\n<meta property=\"article:modified_time\" content=\"2025-11-17T22:07:49+00:00\" \/>\n<meta property=\"og:image\" content=\"https:\/\/www.cltweb.org\/wp-content\/uploads\/2025\/11\/Land-for-People-Not-for-Profit-Banner.gif\" \/>\n\t<meta property=\"og:image:width\" content=\"1500\" \/>\n\t<meta property=\"og:image:height\" content=\"300\" \/>\n\t<meta property=\"og:image:type\" content=\"image\/gif\" \/>\n<meta name=\"author\" content=\"Ben Harris\" \/>\n<meta name=\"twitter:card\" content=\"summary_large_image\" \/>\n<meta name=\"twitter:creator\" content=\"@Center4CLTs\" \/>\n<meta name=\"twitter:site\" content=\"@Center4CLTs\" \/>\n<meta name=\"twitter:label1\" content=\"Escrito por\" \/>\n\t<meta name=\"twitter:data1\" content=\"Ben Harris\" \/>\n\t<meta name=\"twitter:label2\" content=\"Est. tempo de leitura\" \/>\n\t<meta name=\"twitter:data2\" content=\"4 minutos\" \/>\n<script type=\"application\/ld+json\" class=\"yoast-schema-graph\">{\"@context\":\"https:\\\/\\\/schema.org\",\"@graph\":[{\"@type\":\"Article\",\"@id\":\"https:\\\/\\\/www.cltweb.org\\\/pt-br\\\/2025\\\/11\\\/17\\\/clts-e-acao-climatica-um-movimento-crescente-para-uma-transicao-justa\\\/#article\",\"isPartOf\":{\"@id\":\"https:\\\/\\\/www.cltweb.org\\\/pt-br\\\/2025\\\/11\\\/17\\\/clts-e-acao-climatica-um-movimento-crescente-para-uma-transicao-justa\\\/\"},\"author\":{\"name\":\"Ben Harris\",\"@id\":\"https:\\\/\\\/www.cltweb.org\\\/pt-br\\\/#\\\/schema\\\/person\\\/7c9fe56cc945e4b57585dbfe30f2ead4\"},\"headline\":\"CLTs e a\u00e7\u00e3o clim\u00e1tica: Um movimento crescente para uma transi\u00e7\u00e3o justa\",\"datePublished\":\"2025-11-17T14:49:53+00:00\",\"dateModified\":\"2025-11-17T22:07:49+00:00\",\"mainEntityOfPage\":{\"@id\":\"https:\\\/\\\/www.cltweb.org\\\/pt-br\\\/2025\\\/11\\\/17\\\/clts-e-acao-climatica-um-movimento-crescente-para-uma-transicao-justa\\\/\"},\"wordCount\":900,\"publisher\":{\"@id\":\"https:\\\/\\\/www.cltweb.org\\\/pt-br\\\/#organization\"},\"image\":{\"@id\":\"https:\\\/\\\/www.cltweb.org\\\/pt-br\\\/2025\\\/11\\\/17\\\/clts-e-acao-climatica-um-movimento-crescente-para-uma-transicao-justa\\\/#primaryimage\"},\"thumbnailUrl\":\"https:\\\/\\\/www.cltweb.org\\\/wp-content\\\/uploads\\\/2025\\\/11\\\/Land-for-People-Not-for-Profit-Banner.gif\",\"keywords\":[\"a\u00e7\u00e3o clim\u00e1tica\",\"justi\u00e7a clim\u00e1tica\"],\"articleSection\":[\"Iniciativa de Justi\u00e7a Clim\u00e1tica\"],\"inLanguage\":\"pt-BR\"},{\"@type\":\"WebPage\",\"@id\":\"https:\\\/\\\/www.cltweb.org\\\/pt-br\\\/2025\\\/11\\\/17\\\/clts-e-acao-climatica-um-movimento-crescente-para-uma-transicao-justa\\\/\",\"url\":\"https:\\\/\\\/www.cltweb.org\\\/pt-br\\\/2025\\\/11\\\/17\\\/clts-e-acao-climatica-um-movimento-crescente-para-uma-transicao-justa\\\/\",\"name\":\"CLTs e a\u00e7\u00e3o clim\u00e1tica: Um movimento crescente para uma transi\u00e7\u00e3o justa - International Center for Community Land Trusts\",\"isPartOf\":{\"@id\":\"https:\\\/\\\/www.cltweb.org\\\/pt-br\\\/#website\"},\"primaryImageOfPage\":{\"@id\":\"https:\\\/\\\/www.cltweb.org\\\/pt-br\\\/2025\\\/11\\\/17\\\/clts-e-acao-climatica-um-movimento-crescente-para-uma-transicao-justa\\\/#primaryimage\"},\"image\":{\"@id\":\"https:\\\/\\\/www.cltweb.org\\\/pt-br\\\/2025\\\/11\\\/17\\\/clts-e-acao-climatica-um-movimento-crescente-para-uma-transicao-justa\\\/#primaryimage\"},\"thumbnailUrl\":\"https:\\\/\\\/www.cltweb.org\\\/wp-content\\\/uploads\\\/2025\\\/11\\\/Land-for-People-Not-for-Profit-Banner.gif\",\"datePublished\":\"2025-11-17T14:49:53+00:00\",\"dateModified\":\"2025-11-17T22:07:49+00:00\",\"breadcrumb\":{\"@id\":\"https:\\\/\\\/www.cltweb.org\\\/pt-br\\\/2025\\\/11\\\/17\\\/clts-e-acao-climatica-um-movimento-crescente-para-uma-transicao-justa\\\/#breadcrumb\"},\"inLanguage\":\"pt-BR\",\"potentialAction\":[{\"@type\":\"ReadAction\",\"target\":[\"https:\\\/\\\/www.cltweb.org\\\/pt-br\\\/2025\\\/11\\\/17\\\/clts-e-acao-climatica-um-movimento-crescente-para-uma-transicao-justa\\\/\"]}]},{\"@type\":\"ImageObject\",\"inLanguage\":\"pt-BR\",\"@id\":\"https:\\\/\\\/www.cltweb.org\\\/pt-br\\\/2025\\\/11\\\/17\\\/clts-e-acao-climatica-um-movimento-crescente-para-uma-transicao-justa\\\/#primaryimage\",\"url\":\"https:\\\/\\\/www.cltweb.org\\\/wp-content\\\/uploads\\\/2025\\\/11\\\/Land-for-People-Not-for-Profit-Banner.gif\",\"contentUrl\":\"https:\\\/\\\/www.cltweb.org\\\/wp-content\\\/uploads\\\/2025\\\/11\\\/Land-for-People-Not-for-Profit-Banner.gif\"},{\"@type\":\"BreadcrumbList\",\"@id\":\"https:\\\/\\\/www.cltweb.org\\\/pt-br\\\/2025\\\/11\\\/17\\\/clts-e-acao-climatica-um-movimento-crescente-para-uma-transicao-justa\\\/#breadcrumb\",\"itemListElement\":[{\"@type\":\"ListItem\",\"position\":1,\"name\":\"Home\",\"item\":\"https:\\\/\\\/www.cltweb.org\\\/pt-br\\\/\"},{\"@type\":\"ListItem\",\"position\":2,\"name\":\"CLTs e a\u00e7\u00e3o clim\u00e1tica: Um movimento crescente para uma transi\u00e7\u00e3o justa\"}]},{\"@type\":\"WebSite\",\"@id\":\"https:\\\/\\\/www.cltweb.org\\\/pt-br\\\/#website\",\"url\":\"https:\\\/\\\/www.cltweb.org\\\/pt-br\\\/\",\"name\":\"International Center for Community Land Trusts\",\"description\":\"\",\"publisher\":{\"@id\":\"https:\\\/\\\/www.cltweb.org\\\/pt-br\\\/#organization\"},\"potentialAction\":[{\"@type\":\"SearchAction\",\"target\":{\"@type\":\"EntryPoint\",\"urlTemplate\":\"https:\\\/\\\/www.cltweb.org\\\/pt-br\\\/?s={search_term_string}\"},\"query-input\":{\"@type\":\"PropertyValueSpecification\",\"valueRequired\":true,\"valueName\":\"search_term_string\"}}],\"inLanguage\":\"pt-BR\"},{\"@type\":\"Organization\",\"@id\":\"https:\\\/\\\/www.cltweb.org\\\/pt-br\\\/#organization\",\"name\":\"International Center for Community Land Trusts\",\"url\":\"https:\\\/\\\/www.cltweb.org\\\/pt-br\\\/\",\"logo\":{\"@type\":\"ImageObject\",\"inLanguage\":\"pt-BR\",\"@id\":\"https:\\\/\\\/www.cltweb.org\\\/pt-br\\\/#\\\/schema\\\/logo\\\/image\\\/\",\"url\":\"https:\\\/\\\/www.cltweb.org\\\/wp-content\\\/uploads\\\/2024\\\/11\\\/New-CLT-Center-Text-logo.png\",\"contentUrl\":\"https:\\\/\\\/www.cltweb.org\\\/wp-content\\\/uploads\\\/2024\\\/11\\\/New-CLT-Center-Text-logo.png\",\"width\":227,\"height\":80,\"caption\":\"International Center for Community Land Trusts\"},\"image\":{\"@id\":\"https:\\\/\\\/www.cltweb.org\\\/pt-br\\\/#\\\/schema\\\/logo\\\/image\\\/\"},\"sameAs\":[\"https:\\\/\\\/www.facebook.com\\\/cltcenter\",\"https:\\\/\\\/x.com\\\/Center4CLTs\",\"https:\\\/\\\/www.instagram.com\\\/cltcenter\\\/\",\"https:\\\/\\\/www.linkedin.com\\\/company\\\/cltcenter\",\"https:\\\/\\\/www.youtube.com\\\/@centerforcltinnovation5313\"],\"description\":\"The International Center for Community Land Trusts is a not-for-profit nongovernmental organization established in 2018 to promote and to support community land trusts and similar strategies of community-led development on community-owned land in countries throughout the world.\",\"email\":\"info@communitylandtrust.net\",\"legalName\":\"International Center for Community Land Trusts\",\"foundingDate\":\"2018-12-01\",\"taxID\":\"84-3858933\",\"numberOfEmployees\":{\"@type\":\"QuantitativeValue\",\"minValue\":\"1\",\"maxValue\":\"10\"}},{\"@type\":\"Person\",\"@id\":\"https:\\\/\\\/www.cltweb.org\\\/pt-br\\\/#\\\/schema\\\/person\\\/7c9fe56cc945e4b57585dbfe30f2ead4\",\"name\":\"Ben Harris\",\"image\":{\"@type\":\"ImageObject\",\"inLanguage\":\"pt-BR\",\"@id\":\"https:\\\/\\\/secure.gravatar.com\\\/avatar\\\/12a44d8988553548c22c57da673ee8ffb7e0b87b0197beec533bae3061a92cc5?s=96&d=mm&r=g\",\"url\":\"https:\\\/\\\/secure.gravatar.com\\\/avatar\\\/12a44d8988553548c22c57da673ee8ffb7e0b87b0197beec533bae3061a92cc5?s=96&d=mm&r=g\",\"contentUrl\":\"https:\\\/\\\/secure.gravatar.com\\\/avatar\\\/12a44d8988553548c22c57da673ee8ffb7e0b87b0197beec533bae3061a92cc5?s=96&d=mm&r=g\",\"caption\":\"Ben Harris\"},\"url\":\"https:\\\/\\\/www.cltweb.org\\\/pt-br\\\/author\\\/ben\\\/\"}]}<\/script>\n<!-- \/ Yoast SEO Premium plugin. -->","yoast_head_json":{"title":"CLTs e a\u00e7\u00e3o clim\u00e1tica: Um movimento crescente para uma transi\u00e7\u00e3o justa - International Center for Community Land Trusts","robots":{"index":"index","follow":"follow","max-snippet":"max-snippet:-1","max-image-preview":"max-image-preview:large","max-video-preview":"max-video-preview:-1"},"canonical":"https:\/\/www.cltweb.org\/pt-br\/2025\/11\/17\/clts-e-acao-climatica-um-movimento-crescente-para-uma-transicao-justa\/","og_locale":"pt_BR","og_type":"article","og_title":"CLTs e a\u00e7\u00e3o clim\u00e1tica: Um movimento crescente para uma transi\u00e7\u00e3o justa","og_description":"Esta hist\u00f3ria faz parte de nossa campanha de fim de ano que celebra como o Centro CLT est\u00e1 trabalhando para atender ao movimento global de CLT. Nesta semana, estamos destacando [&hellip;]","og_url":"https:\/\/www.cltweb.org\/pt-br\/2025\/11\/17\/clts-e-acao-climatica-um-movimento-crescente-para-uma-transicao-justa\/","og_site_name":"International Center for Community Land Trusts","article_publisher":"https:\/\/www.facebook.com\/cltcenter","article_published_time":"2025-11-17T14:49:53+00:00","article_modified_time":"2025-11-17T22:07:49+00:00","og_image":[{"width":1500,"height":300,"url":"https:\/\/www.cltweb.org\/wp-content\/uploads\/2025\/11\/Land-for-People-Not-for-Profit-Banner.gif","type":"image\/gif"}],"author":"Ben Harris","twitter_card":"summary_large_image","twitter_creator":"@Center4CLTs","twitter_site":"@Center4CLTs","twitter_misc":{"Escrito por":"Ben Harris","Est. tempo de leitura":"4 minutos"},"schema":{"@context":"https:\/\/schema.org","@graph":[{"@type":"Article","@id":"https:\/\/www.cltweb.org\/pt-br\/2025\/11\/17\/clts-e-acao-climatica-um-movimento-crescente-para-uma-transicao-justa\/#article","isPartOf":{"@id":"https:\/\/www.cltweb.org\/pt-br\/2025\/11\/17\/clts-e-acao-climatica-um-movimento-crescente-para-uma-transicao-justa\/"},"author":{"name":"Ben Harris","@id":"https:\/\/www.cltweb.org\/pt-br\/#\/schema\/person\/7c9fe56cc945e4b57585dbfe30f2ead4"},"headline":"CLTs e a\u00e7\u00e3o clim\u00e1tica: Um movimento crescente para uma transi\u00e7\u00e3o justa","datePublished":"2025-11-17T14:49:53+00:00","dateModified":"2025-11-17T22:07:49+00:00","mainEntityOfPage":{"@id":"https:\/\/www.cltweb.org\/pt-br\/2025\/11\/17\/clts-e-acao-climatica-um-movimento-crescente-para-uma-transicao-justa\/"},"wordCount":900,"publisher":{"@id":"https:\/\/www.cltweb.org\/pt-br\/#organization"},"image":{"@id":"https:\/\/www.cltweb.org\/pt-br\/2025\/11\/17\/clts-e-acao-climatica-um-movimento-crescente-para-uma-transicao-justa\/#primaryimage"},"thumbnailUrl":"https:\/\/www.cltweb.org\/wp-content\/uploads\/2025\/11\/Land-for-People-Not-for-Profit-Banner.gif","keywords":["a\u00e7\u00e3o clim\u00e1tica","justi\u00e7a clim\u00e1tica"],"articleSection":["Iniciativa de Justi\u00e7a Clim\u00e1tica"],"inLanguage":"pt-BR"},{"@type":"WebPage","@id":"https:\/\/www.cltweb.org\/pt-br\/2025\/11\/17\/clts-e-acao-climatica-um-movimento-crescente-para-uma-transicao-justa\/","url":"https:\/\/www.cltweb.org\/pt-br\/2025\/11\/17\/clts-e-acao-climatica-um-movimento-crescente-para-uma-transicao-justa\/","name":"CLTs e a\u00e7\u00e3o clim\u00e1tica: Um movimento crescente para uma transi\u00e7\u00e3o justa - International Center for Community Land Trusts","isPartOf":{"@id":"https:\/\/www.cltweb.org\/pt-br\/#website"},"primaryImageOfPage":{"@id":"https:\/\/www.cltweb.org\/pt-br\/2025\/11\/17\/clts-e-acao-climatica-um-movimento-crescente-para-uma-transicao-justa\/#primaryimage"},"image":{"@id":"https:\/\/www.cltweb.org\/pt-br\/2025\/11\/17\/clts-e-acao-climatica-um-movimento-crescente-para-uma-transicao-justa\/#primaryimage"},"thumbnailUrl":"https:\/\/www.cltweb.org\/wp-content\/uploads\/2025\/11\/Land-for-People-Not-for-Profit-Banner.gif","datePublished":"2025-11-17T14:49:53+00:00","dateModified":"2025-11-17T22:07:49+00:00","breadcrumb":{"@id":"https:\/\/www.cltweb.org\/pt-br\/2025\/11\/17\/clts-e-acao-climatica-um-movimento-crescente-para-uma-transicao-justa\/#breadcrumb"},"inLanguage":"pt-BR","potentialAction":[{"@type":"ReadAction","target":["https:\/\/www.cltweb.org\/pt-br\/2025\/11\/17\/clts-e-acao-climatica-um-movimento-crescente-para-uma-transicao-justa\/"]}]},{"@type":"ImageObject","inLanguage":"pt-BR","@id":"https:\/\/www.cltweb.org\/pt-br\/2025\/11\/17\/clts-e-acao-climatica-um-movimento-crescente-para-uma-transicao-justa\/#primaryimage","url":"https:\/\/www.cltweb.org\/wp-content\/uploads\/2025\/11\/Land-for-People-Not-for-Profit-Banner.gif","contentUrl":"https:\/\/www.cltweb.org\/wp-content\/uploads\/2025\/11\/Land-for-People-Not-for-Profit-Banner.gif"},{"@type":"BreadcrumbList","@id":"https:\/\/www.cltweb.org\/pt-br\/2025\/11\/17\/clts-e-acao-climatica-um-movimento-crescente-para-uma-transicao-justa\/#breadcrumb","itemListElement":[{"@type":"ListItem","position":1,"name":"Home","item":"https:\/\/www.cltweb.org\/pt-br\/"},{"@type":"ListItem","position":2,"name":"CLTs e a\u00e7\u00e3o clim\u00e1tica: Um movimento crescente para uma transi\u00e7\u00e3o justa"}]},{"@type":"WebSite","@id":"https:\/\/www.cltweb.org\/pt-br\/#website","url":"https:\/\/www.cltweb.org\/pt-br\/","name":"International Center for Community Land Trusts","description":"","publisher":{"@id":"https:\/\/www.cltweb.org\/pt-br\/#organization"},"potentialAction":[{"@type":"SearchAction","target":{"@type":"EntryPoint","urlTemplate":"https:\/\/www.cltweb.org\/pt-br\/?s={search_term_string}"},"query-input":{"@type":"PropertyValueSpecification","valueRequired":true,"valueName":"search_term_string"}}],"inLanguage":"pt-BR"},{"@type":"Organization","@id":"https:\/\/www.cltweb.org\/pt-br\/#organization","name":"International Center for Community Land Trusts","url":"https:\/\/www.cltweb.org\/pt-br\/","logo":{"@type":"ImageObject","inLanguage":"pt-BR","@id":"https:\/\/www.cltweb.org\/pt-br\/#\/schema\/logo\/image\/","url":"https:\/\/www.cltweb.org\/wp-content\/uploads\/2024\/11\/New-CLT-Center-Text-logo.png","contentUrl":"https:\/\/www.cltweb.org\/wp-content\/uploads\/2024\/11\/New-CLT-Center-Text-logo.png","width":227,"height":80,"caption":"International Center for Community Land Trusts"},"image":{"@id":"https:\/\/www.cltweb.org\/pt-br\/#\/schema\/logo\/image\/"},"sameAs":["https:\/\/www.facebook.com\/cltcenter","https:\/\/x.com\/Center4CLTs","https:\/\/www.instagram.com\/cltcenter\/","https:\/\/www.linkedin.com\/company\/cltcenter","https:\/\/www.youtube.com\/@centerforcltinnovation5313"],"description":"The International Center for Community Land Trusts is a not-for-profit nongovernmental organization established in 2018 to promote and to support community land trusts and similar strategies of community-led development on community-owned land in countries throughout the world.","email":"info@communitylandtrust.net","legalName":"International Center for Community Land Trusts","foundingDate":"2018-12-01","taxID":"84-3858933","numberOfEmployees":{"@type":"QuantitativeValue","minValue":"1","maxValue":"10"}},{"@type":"Person","@id":"https:\/\/www.cltweb.org\/pt-br\/#\/schema\/person\/7c9fe56cc945e4b57585dbfe30f2ead4","name":"Ben Harris","image":{"@type":"ImageObject","inLanguage":"pt-BR","@id":"https:\/\/secure.gravatar.com\/avatar\/12a44d8988553548c22c57da673ee8ffb7e0b87b0197beec533bae3061a92cc5?s=96&d=mm&r=g","url":"https:\/\/secure.gravatar.com\/avatar\/12a44d8988553548c22c57da673ee8ffb7e0b87b0197beec533bae3061a92cc5?s=96&d=mm&r=g","contentUrl":"https:\/\/secure.gravatar.com\/avatar\/12a44d8988553548c22c57da673ee8ffb7e0b87b0197beec533bae3061a92cc5?s=96&d=mm&r=g","caption":"Ben Harris"},"url":"https:\/\/www.cltweb.org\/pt-br\/author\/ben\/"}]}},"taxonomy_info":{"category":[{"value":369,"label":"Iniciativa de Justi\u00e7a Clim\u00e1tica"}],"post_tag":[{"value":371,"label":"a\u00e7\u00e3o clim\u00e1tica"},{"value":370,"label":"justi\u00e7a clim\u00e1tica"}]},"featured_image_src_large":false,"author_info":{"display_name":"Ben Harris","author_link":"https:\/\/www.cltweb.org\/pt-br\/author\/ben\/"},"comment_info":0,"category_info":[{"term_id":369,"name":"Iniciativa de Justi\u00e7a Clim\u00e1tica","slug":"iniciativa-de-justica-climatica","term_group":0,"term_taxonomy_id":369,"taxonomy":"category","description":"","parent":0,"count":1,"filter":"raw","cat_ID":369,"category_count":1,"category_description":"","cat_name":"Iniciativa de Justi\u00e7a Clim\u00e1tica","category_nicename":"iniciativa-de-justica-climatica","category_parent":0}],"tag_info":[{"term_id":371,"name":"a\u00e7\u00e3o clim\u00e1tica","slug":"acao-climatica","term_group":0,"term_taxonomy_id":371,"taxonomy":"post_tag","description":"","parent":0,"count":1,"filter":"raw"},{"term_id":370,"name":"justi\u00e7a clim\u00e1tica","slug":"justica-climatica","term_group":0,"term_taxonomy_id":370,"taxonomy":"post_tag","description":"","parent":0,"count":1,"filter":"raw"}],"jetpack_featured_media_url":"","jetpack_sharing_enabled":true,"jetpack-related-posts":[{"id":10685,"url":"https:\/\/www.cltweb.org\/pt-br\/2025\/11\/11\/terra-para-as-pessoas-nao-para-o-lucro-construindo-a-infraestrutura-de-um-movimento-global\/","url_meta":{"origin":10665,"position":0},"title":"Terra para as pessoas, n\u00e3o para o lucro: Construindo a infraestrutura de um movimento global","author":"Ben Harris","date":"11 de novembro de 2025","format":false,"excerpt":"Este ano, o International Center for Community Land Trusts est\u00e1 lan\u00e7ando sua primeira campanha de fim de ano - uma oportunidade de refletir sobre o que estamos construindo juntos e os relacionamentos que tornam esse trabalho poss\u00edvel. Em todo o mundo, os CLTs est\u00e3o provando que outra forma de se\u2026","rel":"","context":"Em &quot;Blogs&quot;","block_context":{"text":"Blogs","link":"https:\/\/www.cltweb.org\/pt-br\/category\/blogs-pt-br\/"},"img":{"alt_text":"","src":"https:\/\/i0.wp.com\/www.cltweb.org\/wp-content\/uploads\/2025\/11\/Land-for-People-Not-For-Profit.gif?resize=350%2C200&ssl=1","width":350,"height":200,"srcset":"https:\/\/i0.wp.com\/www.cltweb.org\/wp-content\/uploads\/2025\/11\/Land-for-People-Not-For-Profit.gif?resize=350%2C200&ssl=1 1x, https:\/\/i0.wp.com\/www.cltweb.org\/wp-content\/uploads\/2025\/11\/Land-for-People-Not-For-Profit.gif?resize=525%2C300&ssl=1 1.5x, https:\/\/i0.wp.com\/www.cltweb.org\/wp-content\/uploads\/2025\/11\/Land-for-People-Not-For-Profit.gif?resize=700%2C400&ssl=1 2x, https:\/\/i0.wp.com\/www.cltweb.org\/wp-content\/uploads\/2025\/11\/Land-for-People-Not-For-Profit.gif?resize=1050%2C600&ssl=1 3x"},"classes":[]},{"id":7246,"url":"https:\/\/www.cltweb.org\/pt-br\/2024\/09\/03\/introducao-ao-uso-de-clts-para-fornecer-renovacao-de-energia-e-acessibilidade-permanente-a-moradias-existentes\/","url_meta":{"origin":10665,"position":1},"title":"Introdu\u00e7\u00e3o ao uso de CLTs para fornecer renova\u00e7\u00e3o de energia e acessibilidade permanente a moradias existentes","author":"cltredesign_0jp0l4","date":"3 de setembro de 2024","format":false,"excerpt":"A contribui\u00e7\u00e3o a seguir foi escrita por Richard Kruger Delgado, gerente de educa\u00e7\u00e3o e divulga\u00e7\u00e3o do International Center for Community Land Trusts, para apresentar o pr\u00f3ximo webinar em 25 de setembro. \"Estamos no neg\u00f3cio de 'n\u00e3o deixar as pessoas para tr\u00e1s'.\" - John Davis, Centro Internacional de Fundos de Terras\u2026","rel":"","context":"Em &quot;Blogs&quot;","block_context":{"text":"Blogs","link":"https:\/\/www.cltweb.org\/pt-br\/category\/blogs-pt-br\/"},"img":{"alt_text":"","src":"","width":0,"height":0},"classes":[]},{"id":7687,"url":"https:\/\/www.cltweb.org\/pt-br\/2024\/11\/11\/introducao-ao-poder-e-a-lideranca-dos-jovens-na-pratica-do-community-land-trust\/","url_meta":{"origin":10665,"position":2},"title":"Introdu\u00e7\u00e3o ao poder e \u00e0 lideran\u00e7a dos jovens na pr\u00e1tica do Community Land Trust","author":"Ben Harris","date":"11 de novembro de 2024","format":false,"excerpt":"Por Richard Kruger Delgado A contribui\u00e7\u00e3o a seguir foi escrita por Richard Kruger Delgado, gerente de educa\u00e7\u00e3o e divulga\u00e7\u00e3o do International Center for Community Land Trusts, como contribui\u00e7\u00e3o para o pr\u00f3ximo webinar sobre \"Stewarding the Future: Poder e lideran\u00e7a dos jovens na pr\u00e1tica do Community Land Trust\", em 4 de\u2026","rel":"","context":"Em &quot;Blogs&quot;","block_context":{"text":"Blogs","link":"https:\/\/www.cltweb.org\/pt-br\/category\/blogs-pt-br\/"},"img":{"alt_text":"","src":"https:\/\/i0.wp.com\/www.cltweb.org\/wp-content\/uploads\/2024\/11\/Screenshot-2024-11-11-at-5.46.26%E2%80%AFPM.png?resize=350%2C200&ssl=1","width":350,"height":200,"srcset":"https:\/\/i0.wp.com\/www.cltweb.org\/wp-content\/uploads\/2024\/11\/Screenshot-2024-11-11-at-5.46.26%E2%80%AFPM.png?resize=350%2C200&ssl=1 1x, https:\/\/i0.wp.com\/www.cltweb.org\/wp-content\/uploads\/2024\/11\/Screenshot-2024-11-11-at-5.46.26%E2%80%AFPM.png?resize=525%2C300&ssl=1 1.5x, https:\/\/i0.wp.com\/www.cltweb.org\/wp-content\/uploads\/2024\/11\/Screenshot-2024-11-11-at-5.46.26%E2%80%AFPM.png?resize=700%2C400&ssl=1 2x"},"classes":[]},{"id":10666,"url":"https:\/\/www.cltweb.org\/es\/2025\/11\/17\/las-clt-y-la-accion-climatica-un-movimiento-creciente-para-una-transicion-justa\/","url_meta":{"origin":10665,"position":3},"title":"Las CLT y la Acci\u00f3n Clim\u00e1tica: Un movimiento creciente para una transici\u00f3n justa","author":"Ben Harris","date":"17 de novembro de 2025","format":false,"excerpt":"Esta historia forma parte de nuestra campa\u00f1a de fin de a\u00f1o que celebra c\u00f3mo el Centro CLT trabaja para servir al movimiento global de CLT. Esta semana, destacamos : La Iniciativa por la Justicia Clim\u00e1tica La emergencia clim\u00e1tica ya no es una amenaza lejana: est\u00e1 aqu\u00ed, remodelando d\u00f3nde y c\u00f3mo\u2026","rel":"","context":"Em &quot;Iniciativa de Justicia Clim\u00e1tica&quot;","block_context":{"text":"Iniciativa de Justicia Clim\u00e1tica","link":"https:\/\/www.cltweb.org\/es\/category\/iniciativa-de-justicia-climatica\/"},"img":{"alt_text":"","src":"https:\/\/i0.wp.com\/www.cltweb.org\/wp-content\/uploads\/2025\/11\/Land-for-People-Not-for-Profit-Banner.gif?resize=350%2C200&ssl=1","width":350,"height":200,"srcset":"https:\/\/i0.wp.com\/www.cltweb.org\/wp-content\/uploads\/2025\/11\/Land-for-People-Not-for-Profit-Banner.gif?resize=350%2C200&ssl=1 1x, https:\/\/i0.wp.com\/www.cltweb.org\/wp-content\/uploads\/2025\/11\/Land-for-People-Not-for-Profit-Banner.gif?resize=525%2C300&ssl=1 1.5x, https:\/\/i0.wp.com\/www.cltweb.org\/wp-content\/uploads\/2025\/11\/Land-for-People-Not-for-Profit-Banner.gif?resize=700%2C400&ssl=1 2x, https:\/\/i0.wp.com\/www.cltweb.org\/wp-content\/uploads\/2025\/11\/Land-for-People-Not-for-Profit-Banner.gif?resize=1050%2C600&ssl=1 3x, https:\/\/i0.wp.com\/www.cltweb.org\/wp-content\/uploads\/2025\/11\/Land-for-People-Not-for-Profit-Banner.gif?resize=1400%2C800&ssl=1 4x"},"classes":[]},{"id":6573,"url":"https:\/\/www.cltweb.org\/pt-br\/2024\/08\/22\/usando-clts-para-fornecer-renovacao-de-energia-e-acessibilidade-permanente-a-moradias-existentes\/","url_meta":{"origin":10665,"position":4},"title":"Usando CLTs para fornecer renova\u00e7\u00e3o de energia e acessibilidade permanente a moradias existentes","author":"Ben Harris","date":"22 de agosto de 2024","format":false,"excerpt":"Junte-se a n\u00f3s no dia 25 de setembro de 2024 para um webinar sobre como os CLTs podem ser usados para oferecer renova\u00e7\u00e3o de energia e acessibilidade permanente \u00e0s moradias existentes. Voc\u00ea ouvir\u00e1 os principais profissionais de CLT que lideram abordagens inovadoras para a renova\u00e7\u00e3o de energia em moradias existentes,\u2026","rel":"","context":"Em &quot;N\u00e3o categorizado&quot;","block_context":{"text":"N\u00e3o categorizado","link":"https:\/\/www.cltweb.org\/pt-br\/category\/nao-categorizado\/"},"img":{"alt_text":"Jeanne Mosseray","src":"https:\/\/i0.wp.com\/www.cltweb.org\/wp-content\/uploads\/2024\/08\/jeanne_mosseray-254x300.jpg?resize=350%2C200&ssl=1","width":350,"height":200},"classes":[]},{"id":10681,"url":"https:\/\/www.cltweb.org\/es\/2025\/11\/11\/tierra-para-las-personas-no-para-el-beneficio-construir-la-infraestructura-de-un-movimiento-mundial\/","url_meta":{"origin":10665,"position":5},"title":"Tierra para las personas, no para el beneficio: Construir la infraestructura de un movimiento mundial","author":"Ben Harris","date":"11 de novembro de 2025","format":false,"excerpt":"Este a\u00f1o, el Centro Internacional de Fideicomisos de la Tierra Comunitaria lanza su primera campa\u00f1a de fin de a\u00f1o, una oportunidad para reflexionar sobre lo que estamos construyendo juntos y sobre las relaciones que hacen posible este trabajo. En todo el mundo, las CLT est\u00e1n demostrando que es posible otra\u2026","rel":"","context":"Em &quot;Blogs&quot;","block_context":{"text":"Blogs","link":"https:\/\/www.cltweb.org\/es\/category\/blogs\/"},"img":{"alt_text":"","src":"https:\/\/i0.wp.com\/www.cltweb.org\/wp-content\/uploads\/2025\/11\/Land-for-People-Not-For-Profit.gif?resize=350%2C200&ssl=1","width":350,"height":200,"srcset":"https:\/\/i0.wp.com\/www.cltweb.org\/wp-content\/uploads\/2025\/11\/Land-for-People-Not-For-Profit.gif?resize=350%2C200&ssl=1 1x, https:\/\/i0.wp.com\/www.cltweb.org\/wp-content\/uploads\/2025\/11\/Land-for-People-Not-For-Profit.gif?resize=525%2C300&ssl=1 1.5x, https:\/\/i0.wp.com\/www.cltweb.org\/wp-content\/uploads\/2025\/11\/Land-for-People-Not-For-Profit.gif?resize=700%2C400&ssl=1 2x, https:\/\/i0.wp.com\/www.cltweb.org\/wp-content\/uploads\/2025\/11\/Land-for-People-Not-For-Profit.gif?resize=1050%2C600&ssl=1 3x"},"classes":[]}],"_links":{"self":[{"href":"https:\/\/www.cltweb.org\/pt-br\/wp-json\/wp\/v2\/posts\/10665","targetHints":{"allow":["GET"]}}],"collection":[{"href":"https:\/\/www.cltweb.org\/pt-br\/wp-json\/wp\/v2\/posts"}],"about":[{"href":"https:\/\/www.cltweb.org\/pt-br\/wp-json\/wp\/v2\/types\/post"}],"author":[{"embeddable":true,"href":"https:\/\/www.cltweb.org\/pt-br\/wp-json\/wp\/v2\/users\/2"}],"replies":[{"embeddable":true,"href":"https:\/\/www.cltweb.org\/pt-br\/wp-json\/wp\/v2\/comments?post=10665"}],"version-history":[{"count":5,"href":"https:\/\/www.cltweb.org\/pt-br\/wp-json\/wp\/v2\/posts\/10665\/revisions"}],"predecessor-version":[{"id":10700,"href":"https:\/\/www.cltweb.org\/pt-br\/wp-json\/wp\/v2\/posts\/10665\/revisions\/10700"}],"wp:attachment":[{"href":"https:\/\/www.cltweb.org\/pt-br\/wp-json\/wp\/v2\/media?parent=10665"}],"wp:term":[{"taxonomy":"category","embeddable":true,"href":"https:\/\/www.cltweb.org\/pt-br\/wp-json\/wp\/v2\/categories?post=10665"},{"taxonomy":"post_tag","embeddable":true,"href":"https:\/\/www.cltweb.org\/pt-br\/wp-json\/wp\/v2\/tags?post=10665"}],"curies":[{"name":"wp","href":"https:\/\/api.w.org\/{rel}","templated":true}]}}