{"id":10715,"date":"2025-11-21T16:09:19","date_gmt":"2025-11-21T16:09:19","guid":{"rendered":"https:\/\/www.cltweb.org\/2025\/11\/18\/dia-mundial-da-clt-uma-celebracao-global-de-solidariedade\/"},"modified":"2025-11-21T16:09:55","modified_gmt":"2025-11-21T16:09:55","slug":"dia-mundial-da-clt-uma-celebracao-global-de-solidariedade","status":"publish","type":"post","link":"https:\/\/www.cltweb.org\/pt-br\/2025\/11\/21\/dia-mundial-da-clt-uma-celebracao-global-de-solidariedade\/","title":{"rendered":"Dia Mundial da CLT: Uma celebra\u00e7\u00e3o global de solidariedade"},"content":{"rendered":"\n<figure class=\"wp-block-image size-full\"><img loading=\"lazy\" decoding=\"async\" width=\"1500\" height=\"300\" src=\"https:\/\/www.cltweb.org\/wp-content\/uploads\/2025\/11\/Land-for-People-Not-for-Profit-Banner.gif\" alt=\"\" class=\"wp-image-10618\"\/><\/figure>\n\n<p><strong><em>Esta hist\u00f3ria faz parte de nossa <a href=\"https:\/\/www.cltweb.org\/pt-br\/2025\/11\/11\/terra-para-as-pessoas-nao-para-o-lucro-construindo-a-infraestrutura-de-um-movimento-global\/\" target=\"_blank\" rel=\"noreferrer noopener\">campanha de fim de ano<\/a> que celebra como o Centro CLT<em>  est\u00e1 trabalhando para atender ao movimento global de CLT. Nesta semana, estamos destacando <\/em>:<\/em><\/strong><\/p>\n\n<h2 class=\"wp-block-heading has-text-align-center has-light-green-cyan-background-color has-background\" id=\"h-world-community-land-trust-day\" style=\"padding-top:var(--wp--preset--spacing--20);padding-right:0;padding-bottom:var(--wp--preset--spacing--20);padding-left:0\">Dia Mundial do Fundo Comunit\u00e1rio de Terras<\/h2>\n\n<p>A ideia do Dia Mundial do CLT surgiu em 2019. O objetivo era simples: criar um dia que pudesse dar visibilidade \u00e0s pessoas que tornam o movimento CLT poss\u00edvel: os residentes, organizadores e vizinhos que vivem os valores da administra\u00e7\u00e3o comunit\u00e1ria todos os dias. Ele foi concebido como um momento para &#8220;colocar o &#8216;C&#8217; em CLT&#8221;, estendendo a conversa para al\u00e9m dos especialistas e celebrando a energia coletiva no centro do movimento.  <\/p>\n\n<p>O primeiro Dia Mundial da CLT <a href=\"https:\/\/vimeo.com\/657856883?fl=pl&amp;fe=vl&amp;turnstile=0.m_1ZC0eTxPsks9r0m_WJyLAWb8dbKxsdTgTSf-a6VHxdOm92e2CKHPJbwW9GFXkkZLur81ctUU61bzwT0IHgeQNBSl6glKME1sl0tTfHAJyi1WIH92mbi2jqCaQ7_WxXghPAI1YeV3RzwsMsvys1pUqEWOrSpHI1jRiwfQK--JjORUb84OAHEqJeDz1oXgy-jt3mExDM3uJra2XdutH7o5OCb9Fdk4hqpAL_yBtf3a_ZX0gIpanho8A_qy4IVjlI6ktqD1yDrZvY92m8FThDbB1e-mEUCgHekArd4CCGJdA2H6wgHBJ7dSgSvaNoGK_c0fN40fII3njmveRBoAWM9HPTXs60IlqBRRRAiYLyTylVx2riDFTky-TxQ6NX_Q5Ipsbs6y6oCNjKF-V4DfFjPbSGenkQDPJuO5bI6RnhEE8kw_a4thCE44-UKQuBGkDzViiVpFUFwetl7TYgCcDgdPZDtXg9kCnQ31KNNxxOhdjYuMkVEkc5Hj82mDxaKu_EqTaAW57U6obykgLMavSPn9RoS_PIOtERu7nMk2iUXTUe6qEcM7DHM0kfMQsald6n-DQ3xcmboEs7opA_Ja8gZuTUEU1o_R7G-dZ7adqgPUwdXx2RG_BVkP5n18Ke9gZnkkKUu5xpqzq6SYoi5XpUsgzeJk63iyePCN4Ir5W6hgrng4g67HcrqeHadtyKXWJjdONl1a9zzVlZaI4dqslzncRkeEwVBXwq1RRjhr6ma4pwyiYWuwuOlVecufVXp0qSF-BUM2JUBh-_ru6TlgCQvlDYCaKXxZmj19C_T3T784YAyXvEKpo1NCLdGEnrbcnkOpf4_qM2crYrmEUh6hX9uvfzhk98NfMMsqZrwzMkhQ4R5eylFLDjuM7LjXByuU7a6LKk6oJVQmKEvVHHH_MG5tfIlqiElWvM7irulmPyuV0.l7_ucnjlatoH7mSP3nTCcA.ce81620777867c684a8a05e0a741712b2cefe5286f38130ad59eac9ee6204d84\">foi celebrado em 2021<\/a>, com a participa\u00e7\u00e3o de 45 organiza\u00e7\u00f5es em 10 pa\u00edses. As comunidades marcaram a ocasi\u00e3o compartilhando v\u00eddeos, realizando suas assembleias gerais anuais, organizando visitas ao local e publicando hist\u00f3rias on-line usando a hashtag <strong>#WorldCLTDay<\/strong> &#8211; uma celebra\u00e7\u00e3o coletiva e descentralizada de solidariedade e perman\u00eancia na propriedade de terras comunit\u00e1rias.<\/p>\n\n<p>Em 2022, <a href=\"https:\/\/youtu.be\/USb_MORyW68\">a participa\u00e7\u00e3o quase dobrou<\/a>, envolvendo mais de 75 organiza\u00e7\u00f5es. Em diferentes partes do mundo, os CLTs e as redes organizaram eventos presenciais e on-line, desde dias de servi\u00e7o e lobby local at\u00e9 o lan\u00e7amento de novos projetos, webinars e celebra\u00e7\u00f5es comunit\u00e1rias. Na B\u00e9lgica, o Community Land Trust Brussels (CLTB) combinou seu 10\u00ba anivers\u00e1rio e a comemora\u00e7\u00e3o do Pr\u00eamio Mundial do Habitat com o Dia Mundial do CLT, organizando encontros locais, apresenta\u00e7\u00f5es e eventos culturais que refletiam os valores de solidariedade e pertencimento do movimento. <em>(<a href=\"https:\/\/www.youtube.com\/watch?v=TOGJ7zOYvVg\" target=\"_blank\" rel=\"noreferrer noopener\">Assista ao v\u00eddeo da comemora\u00e7\u00e3o de 2022<\/a>)<\/em><\/p>\n\n<p>Desde ent\u00e3o, a cada ano, ela tem se tornado mais forte e mais conectada pelo entusiasmo e pela criatividade dos CLTs e das redes locais. O que come\u00e7ou como uma pequena campanha tornou-se, desde ent\u00e3o, um momento compartilhado de reflex\u00e3o e visibilidade para o movimento, coordenado pelo CLT Center e parceiros, mas levado adiante pelas pr\u00f3prias comunidades. <\/p>\n\n<figure class=\"wp-block-pullquote has-medium-font-size\" style=\"border-width:1px;border-radius:0px;padding-top:var(--wp--preset--spacing--50);padding-right:var(--wp--preset--spacing--70);padding-bottom:var(--wp--preset--spacing--50);padding-left:var(--wp--preset--spacing--70)\"><blockquote><p><br\/><em>&#8220;Os CLTs nos d\u00e3o a oportunidade de pensar globalmente e agir localmente. Saber que fazemos parte de um movimento internacional que opta por capacitar nossos residentes e comunidades \u00e9 incrivelmente satisfat\u00f3rio. Fazemos isso combatendo o deslocamento e a gentrifica\u00e7\u00e3o por meio da acessibilidade permanente e, ao mesmo tempo, dando \u00e0s nossas comunidades a oportunidade de se autogovernar.&#8221;<\/em><\/p><cite><strong><strong>&#8211; Michael Monte, CEO do Champlain Housing Trust (Vermont, EUA)<\/strong><\/strong><\/cite><\/blockquote><\/figure>\n\n<h2 class=\"wp-block-heading has-text-align-center\" id=\"h-2025-moments-from-around-the-world\">2025 Momentos de todo o mundo<\/h2>\n\n<p>2025 marcou o quarto Dia Mundial da CLT. A campanha deste ano reuniu pessoas de <strong>126 organiza\u00e7\u00f5es em 41 pa\u00edses, realizando 25 eventos em seis idiomas &#8211; a<\/strong>maior participa\u00e7\u00e3o at\u00e9 hoje. <\/p>\n\n<p>Durante os meses de abril e maio, as comunidades se reuniram on-line e pessoalmente para compartilhar como \u00e9 a propriedade coletiva da terra na pr\u00e1tica. Houve passeios a p\u00e9, pain\u00e9is de discuss\u00e3o, venda de plantas, assembleias comunit\u00e1rias, exibi\u00e7\u00e3o de filmes e webinars globais nas Am\u00e9ricas, na Europa e na Austr\u00e1lia. <\/p>\n\n<p>O que os uniu foi o compromisso compartilhado com a administra\u00e7\u00e3o de terras liderada pela comunidade e as formas criativas pelas quais os CLTs locais tornam essa vis\u00e3o real.<\/p>\n\n<h3 class=\"wp-block-heading has-text-align-center\" id=\"h-local-celebrations\">Celebra\u00e7\u00f5es locais<\/h3>\n\n<div class=\"wp-block-columns is-layout-flex wp-container-core-columns-is-layout-28f84493 wp-block-columns-is-layout-flex\">\n<div class=\"wp-block-column is-layout-flow wp-block-column-is-layout-flow\">\n<figure class=\"wp-block-embed is-type-video is-provider-youtube wp-block-embed-youtube wp-embed-aspect-16-9 wp-has-aspect-ratio\"><div class=\"wp-block-embed__wrapper\">\n<iframe loading=\"lazy\" title=\"ACLTN Communities of Practice 16th May 2025: Insights from Emerging Community Land Trusts\" width=\"1290\" height=\"726\" src=\"https:\/\/www.youtube.com\/embed\/hp3Leh5juIc?feature=oembed\" frameborder=\"0\" allow=\"accelerometer; autoplay; clipboard-write; encrypted-media; gyroscope; picture-in-picture; web-share\" referrerpolicy=\"strict-origin-when-cross-origin\" allowfullscreen><\/iframe>\n<\/div><figcaption class=\"wp-element-caption\">A Rede Australiana de CLT organizou um webinar sobre suas Comunidades de Pr\u00e1tica (BMCLT e Waterfall Way)<br><br><strong>\ud83d\udccd Austr\u00e1lia<\/strong><\/figcaption><\/figure>\n\n\n\n<figure class=\"wp-block-image size-large\"><a href=\"https:\/\/www.instagram.com\/p\/DJt1nTpuJkC\/?img_index=3\" target=\"_blank\" rel=\" noreferrer noopener\"><img loading=\"lazy\" decoding=\"async\" width=\"1024\" height=\"490\" src=\"https:\/\/www.cltweb.org\/wp-content\/uploads\/2025\/11\/Screenshot-2025-10-27-at-1.29.02-PM-1024x490.png\" alt=\"\" class=\"wp-image-10704\" srcset=\"https:\/\/www.cltweb.org\/wp-content\/uploads\/2025\/11\/Screenshot-2025-10-27-at-1.29.02-PM-1024x490.png 1024w, https:\/\/www.cltweb.org\/wp-content\/uploads\/2025\/11\/Screenshot-2025-10-27-at-1.29.02-PM-300x144.png 300w, https:\/\/www.cltweb.org\/wp-content\/uploads\/2025\/11\/Screenshot-2025-10-27-at-1.29.02-PM-768x368.png 768w, https:\/\/www.cltweb.org\/wp-content\/uploads\/2025\/11\/Screenshot-2025-10-27-at-1.29.02-PM.png 1216w\" sizes=\"auto, (max-width: 1024px) 100vw, 1024px\" \/><\/a><figcaption class=\"wp-element-caption\">A Rede Canadense de CLTs reuniu mensagens de v\u00eddeo de seus membros e participou da campanha de m\u00eddia social<br\/><br\/><strong>\ud83d\udccd Canad\u00e1<\/strong><\/figcaption><\/figure>\n\n\n\n<figure class=\"wp-block-image size-large\"><img loading=\"lazy\" decoding=\"async\" width=\"1024\" height=\"768\" src=\"https:\/\/www.cltweb.org\/wp-content\/uploads\/2025\/11\/CA-CLT-Network-2025-1024x768.jpg\" alt=\"\" class=\"wp-image-10705\" srcset=\"https:\/\/www.cltweb.org\/wp-content\/uploads\/2025\/11\/CA-CLT-Network-2025-1024x768.jpg 1024w, https:\/\/www.cltweb.org\/wp-content\/uploads\/2025\/11\/CA-CLT-Network-2025-300x225.jpg 300w, https:\/\/www.cltweb.org\/wp-content\/uploads\/2025\/11\/CA-CLT-Network-2025-768x576.jpg 768w, https:\/\/www.cltweb.org\/wp-content\/uploads\/2025\/11\/CA-CLT-Network-2025-1536x1152.jpg 1536w, https:\/\/www.cltweb.org\/wp-content\/uploads\/2025\/11\/CA-CLT-Network-2025.jpg 1600w\" sizes=\"auto, (max-width: 1024px) 100vw, 1024px\" \/><figcaption class=\"wp-element-caption\">A Rede CLT da Calif\u00f3rnia recebeu reconhecimento formal no Senado Estadual, apresentado pela senadora Lola Smallwood Cuevas em homenagem ao Dia Mundial da CLT<br\/><br\/><strong>\ud83d\udccd Calif\u00f3rnia, EUA<\/strong><\/figcaption><\/figure>\n\n\n\n<figure class=\"wp-block-image aligncenter size-large is-resized\"><img loading=\"lazy\" decoding=\"async\" width=\"1024\" height=\"333\" src=\"https:\/\/www.cltweb.org\/wp-content\/uploads\/2025\/11\/Screenshot-2025-10-27-at-1.02.07-PM-1024x333.png\" alt=\"\" class=\"wp-image-10708\" style=\"width:347px;height:auto\" srcset=\"https:\/\/www.cltweb.org\/wp-content\/uploads\/2025\/11\/Screenshot-2025-10-27-at-1.02.07-PM-1024x333.png 1024w, https:\/\/www.cltweb.org\/wp-content\/uploads\/2025\/11\/Screenshot-2025-10-27-at-1.02.07-PM-300x98.png 300w, https:\/\/www.cltweb.org\/wp-content\/uploads\/2025\/11\/Screenshot-2025-10-27-at-1.02.07-PM-768x250.png 768w, https:\/\/www.cltweb.org\/wp-content\/uploads\/2025\/11\/Screenshot-2025-10-27-at-1.02.07-PM.png 1192w\" sizes=\"auto, (max-width: 1024px) 100vw, 1024px\" \/><\/figure>\n\n\n\n<figure class=\"wp-block-image aligncenter size-large is-resized\"><img loading=\"lazy\" decoding=\"async\" width=\"1024\" height=\"821\" src=\"https:\/\/www.cltweb.org\/wp-content\/uploads\/2025\/11\/Chinatown-CLT_MA-2-2025-1024x821.png\" alt=\"\" class=\"wp-image-10707\" style=\"width:350px;height:auto\" srcset=\"https:\/\/www.cltweb.org\/wp-content\/uploads\/2025\/11\/Chinatown-CLT_MA-2-2025-1024x821.png 1024w, https:\/\/www.cltweb.org\/wp-content\/uploads\/2025\/11\/Chinatown-CLT_MA-2-2025-300x241.png 300w, https:\/\/www.cltweb.org\/wp-content\/uploads\/2025\/11\/Chinatown-CLT_MA-2-2025-768x616.png 768w, https:\/\/www.cltweb.org\/wp-content\/uploads\/2025\/11\/Chinatown-CLT_MA-2-2025.png 1160w\" sizes=\"auto, (max-width: 1024px) 100vw, 1024px\" \/><figcaption class=\"wp-element-caption\">O Chinatown CLT organizou uma recep\u00e7\u00e3o de dim sum seguida de uma visita guiada<br\/><br\/><strong>\ud83d\udccd Massachusetts, EUA<\/strong><\/figcaption><\/figure>\n<\/div>\n\n\n\n<div class=\"wp-block-column is-layout-flow wp-block-column-is-layout-flow\">\n<figure class=\"wp-block-embed is-type-video is-provider-youtube wp-block-embed-youtube wp-embed-aspect-16-9 wp-has-aspect-ratio\"><div class=\"wp-block-embed__wrapper\">\n<iframe loading=\"lazy\" title=\"Lan\u00e7amento da Exposi\u00e7\u00e3o Completa &#039;Mem\u00f3ria Clim\u00e1tica das Favelas&#039; em 2025 no Museu da Mar\u00e9\" width=\"1290\" height=\"726\" src=\"https:\/\/www.youtube.com\/embed\/XBKUZGBZGM8?feature=oembed\" frameborder=\"0\" allow=\"accelerometer; autoplay; clipboard-write; encrypted-media; gyroscope; picture-in-picture; web-share\" referrerpolicy=\"strict-origin-when-cross-origin\" allowfullscreen><\/iframe>\n<\/div><figcaption class=\"wp-element-caption\">A Rede Favela Sustent\u00e1vel organizou uma exposi\u00e7\u00e3o no Museu da Mar\u00e9 intitulada <em>Mem\u00f3ria Clim\u00e1tica das Favelas<\/em><br><br><strong>\ud83d\udccd Rio de Janeiro, Brasil<\/strong><\/figcaption><\/figure>\n\n\n\n<figure class=\"wp-block-embed is-type-video is-provider-youtube wp-block-embed-youtube wp-embed-aspect-16-9 wp-has-aspect-ratio\"><div class=\"wp-block-embed__wrapper\">\n<iframe loading=\"lazy\" title=\"World Community Land Trust Day - Discussion with The Super Slow Way\" width=\"1290\" height=\"726\" src=\"https:\/\/www.youtube.com\/embed\/KEnuV_6tD_I?feature=oembed\" frameborder=\"0\" allow=\"accelerometer; autoplay; clipboard-write; encrypted-media; gyroscope; picture-in-picture; web-share\" referrerpolicy=\"strict-origin-when-cross-origin\" allowfullscreen><\/iframe>\n<\/div><figcaption class=\"wp-element-caption\">O Super Slow Way e o Wirral Arts and Culture CLT <a href=\"https:\/\/www.youtube.com\/watch?v=KEnuV_6tD_I\">organizaram uma discuss\u00e3o no Zoom<\/a> explorando como as comunidades podem proteger o patrim\u00f4nio local<br><br><strong>\ud83d\udccd Brasil<\/strong><\/figcaption><\/figure>\n\n\n\n<figure class=\"wp-block-image aligncenter size-large is-resized\"><img loading=\"lazy\" decoding=\"async\" width=\"1024\" height=\"768\" src=\"https:\/\/www.cltweb.org\/wp-content\/uploads\/2025\/11\/Re-visionULC-1024x768.jpeg\" alt=\"\" class=\"wp-image-10706\" style=\"width:421px;height:auto\" srcset=\"https:\/\/www.cltweb.org\/wp-content\/uploads\/2025\/11\/Re-visionULC-1024x768.jpeg 1024w, https:\/\/www.cltweb.org\/wp-content\/uploads\/2025\/11\/Re-visionULC-300x225.jpeg 300w, https:\/\/www.cltweb.org\/wp-content\/uploads\/2025\/11\/Re-visionULC-768x576.jpeg 768w, https:\/\/www.cltweb.org\/wp-content\/uploads\/2025\/11\/Re-visionULC-1536x1152.jpeg 1536w, https:\/\/www.cltweb.org\/wp-content\/uploads\/2025\/11\/Re-visionULC.jpeg 2048w\" sizes=\"auto, (max-width: 1024px) 100vw, 1024px\" \/><figcaption class=\"wp-element-caption\">A Urban Land Conservancy fez uma parceria com a Re:Vision para <a href=\"https:\/\/www.linkedin.com\/feed\/update\/urn:li:activity:7329248000277467137\/\">um dia de trabalho<\/a> em duas das fazendas urbanas da Re:Vision<br\/><br\/><strong>\ud83d\udccd Colorado, EUA<\/strong><\/figcaption><\/figure>\n\n\n\n<figure class=\"wp-block-embed is-type-video is-provider-youtube wp-block-embed-youtube wp-embed-aspect-16-9 wp-has-aspect-ratio\"><div class=\"wp-block-embed__wrapper\">\n<iframe loading=\"lazy\" title=\"Forest City Community Land Trust - Panel Discussion, Spring 2025\" width=\"1290\" height=\"726\" src=\"https:\/\/www.youtube.com\/embed\/KwDLbcJAESU?feature=oembed\" frameborder=\"0\" allow=\"accelerometer; autoplay; clipboard-write; encrypted-media; gyroscope; picture-in-picture; web-share\" referrerpolicy=\"strict-origin-when-cross-origin\" allowfullscreen><\/iframe>\n<\/div><figcaption class=\"wp-element-caption\">O Forest City CLT organizou um painel local sobre por que sua comunidade precisa de um CLT<br><br><strong>\ud83d\udccd Ohio, EUA<\/strong><\/figcaption><\/figure>\n<\/div>\n<\/div>\n\n<figure class=\"wp-block-pullquote has-medium-font-size\" style=\"border-width:1px;border-radius:0px;padding-top:var(--wp--preset--spacing--50);padding-right:var(--wp--preset--spacing--70);padding-bottom:var(--wp--preset--spacing--50);padding-left:var(--wp--preset--spacing--70)\"><blockquote><p><br\/><em>&#8220;<em>Os fundos fiduci\u00e1rios comunit\u00e1rios s\u00e3o uma ferramenta comprovada para o desenvolvimento consciente, democr\u00e1tico e alternativo, que centraliza os seres humanos e lhes d\u00e1 poder sobre seu presente e futuro.&#8221;<\/em><\/em><\/p><cite><strong><strong><em><strong>&#8211; Mariolga Juli\u00e1 Pacheco, Ca\u00f1o Mart\u00edn Pe\u00f1a CLT (Porto Rico)<\/strong><\/em><\/strong><\/strong><\/cite><\/blockquote><\/figure>\n\n<h3 class=\"wp-block-heading has-text-align-center\" id=\"h-global-webinars-and-learning\">Webinars e aprendizado global<\/h3>\n\n<p>Juntamente com as reuni\u00f5es locais, o Centro CLT e o Comit\u00ea de Planejamento do Dia Mundial da CLT coordenaram tr\u00eas webinars globais que ancoraram a programa\u00e7\u00e3o da semana:<\/p>\n\n<div class=\"wp-block-columns is-layout-flex wp-container-core-columns-is-layout-28f84493 wp-block-columns-is-layout-flex\">\n<div class=\"wp-block-column is-layout-flow wp-block-column-is-layout-flow\">\n<figure class=\"wp-block-embed is-type-video is-provider-youtube wp-block-embed-youtube wp-embed-aspect-16-9 wp-has-aspect-ratio\"><div class=\"wp-block-embed__wrapper\">\n<iframe loading=\"lazy\" title=\"CLTs and Climate Action: A Global Dialogue for World CLT Day 2025\" width=\"1290\" height=\"726\" src=\"https:\/\/www.youtube.com\/embed\/If6w7i3vhOk?feature=oembed\" frameborder=\"0\" allow=\"accelerometer; autoplay; clipboard-write; encrypted-media; gyroscope; picture-in-picture; web-share\" referrerpolicy=\"strict-origin-when-cross-origin\" allowfullscreen><\/iframe>\n<\/div><figcaption class=\"wp-element-caption\"><em><strong>CLTs e a\u00e7\u00e3o clim\u00e1tica:<\/strong><\/em> Um di\u00e1logo liderado por pares onde 36 participantes de nove pa\u00edses compartilharam como seus CLTs est\u00e3o respondendo aos desafios clim\u00e1ticos<\/figcaption><\/figure>\n<\/div>\n\n\n\n<div class=\"wp-block-column is-layout-flow wp-block-column-is-layout-flow\">\n<figure class=\"wp-block-embed is-type-video is-provider-youtube wp-block-embed-youtube wp-embed-aspect-16-9 wp-has-aspect-ratio\"><div class=\"wp-block-embed__wrapper\">\n<iframe loading=\"lazy\" title=\"A Global Learning Session on World Habitat Award-Winning Community Land Trusts\" width=\"1290\" height=\"726\" src=\"https:\/\/www.youtube.com\/embed\/FkNgrcpyQXo?start=17&#038;feature=oembed\" frameborder=\"0\" allow=\"accelerometer; autoplay; clipboard-write; encrypted-media; gyroscope; picture-in-picture; web-share\" referrerpolicy=\"strict-origin-when-cross-origin\" allowfullscreen><\/iframe>\n<\/div><figcaption class=\"wp-element-caption\"><em><strong>Uma sess\u00e3o de aprendizado global com CLTs vencedores do pr\u00eamio World Habitat:<\/strong><\/em> Co-organizado com a <em>World Habitat<\/em> e o <em>Lincoln Institute of Land Policy<\/em>. <a href=\"https:\/\/youtu.be\/7wUAu8yzVe0\" target=\"_blank\" rel=\"noreferrer noopener\">Tamb\u00e9m dispon\u00edvel em espanhol<\/a>.<\/figcaption><\/figure>\n<\/div>\n\n\n\n<div class=\"wp-block-column is-layout-flow wp-block-column-is-layout-flow\">\n<figure class=\"wp-block-embed is-type-video is-provider-youtube wp-block-embed-youtube wp-embed-aspect-16-9 wp-has-aspect-ratio\"><div class=\"wp-block-embed__wrapper\">\n<iframe loading=\"lazy\" title=\"Territory, Tenure, and Transformation: Brazil&#039;s Emerging CLT Movement\" width=\"1290\" height=\"726\" src=\"https:\/\/www.youtube.com\/embed\/jAU3Su_4iC4?feature=oembed\" frameborder=\"0\" allow=\"accelerometer; autoplay; clipboard-write; encrypted-media; gyroscope; picture-in-picture; web-share\" referrerpolicy=\"strict-origin-when-cross-origin\" allowfullscreen><\/iframe>\n<\/div><figcaption class=\"wp-element-caption\"><strong>Territ\u00f3rio, posse e transforma\u00e7\u00e3o:<\/strong><br>Uma conversa sobre o movimento emergente da CLT no Brasil, co-organizada com a <em>Catalytic Communities<\/em>.<\/figcaption><\/figure>\n<\/div>\n<\/div>\n\n<h3 class=\"wp-block-heading has-text-align-center\" id=\"h-global-solidarity-in-action\">Solidariedade global em a\u00e7\u00e3o<\/h3>\n\n<p>O Dia Mundial da CLT 2025 foi coordenado pelo Centro CLT em colabora\u00e7\u00e3o com parceiros de todo o movimento, incluindo:<\/p>\n\n<figure class=\"wp-block-image aligncenter size-full is-resized\"><img loading=\"lazy\" decoding=\"async\" width=\"1000\" height=\"393\" src=\"https:\/\/www.cltweb.org\/wp-content\/uploads\/2025\/11\/Logo-constellation-e1763483121624.png\" alt=\"\" class=\"wp-image-10710\" style=\"width:867px;height:auto\" srcset=\"https:\/\/www.cltweb.org\/wp-content\/uploads\/2025\/11\/Logo-constellation-e1763483121624.png 1000w, https:\/\/www.cltweb.org\/wp-content\/uploads\/2025\/11\/Logo-constellation-e1763483121624-300x118.png 300w, https:\/\/www.cltweb.org\/wp-content\/uploads\/2025\/11\/Logo-constellation-e1763483121624-768x302.png 768w\" sizes=\"auto, (max-width: 1000px) 100vw, 1000px\" \/><\/figure>\n\n<p><br\/>O Centro CLT forneceu modelos de comunica\u00e7\u00e3o em v\u00e1rios idiomas, um mapa de eventos compartilhado e suporte t\u00e9cnico. Nas m\u00eddias sociais, as hist\u00f3rias com a tag #WorldCLTDay2025 alcan\u00e7aram milhares de espectadores e foram ampliadas por figuras como o senador americano Bernie Sanders. <\/p>\n\n<figure class=\"wp-block-embed aligncenter is-type-video is-provider-youtube wp-block-embed-youtube wp-embed-aspect-16-9 wp-has-aspect-ratio\" style=\"margin-top:0;margin-right:0;margin-bottom:0;margin-left:0\"><div class=\"wp-block-embed__wrapper\">\n<iframe loading=\"lazy\" title=\"A Message from Bernie Sanders to the Global Community Land Trust Movement\" width=\"1290\" height=\"726\" src=\"https:\/\/www.youtube.com\/embed\/4Z5eMqRcKF4?feature=oembed\" frameborder=\"0\" allow=\"accelerometer; autoplay; clipboard-write; encrypted-media; gyroscope; picture-in-picture; web-share\" referrerpolicy=\"strict-origin-when-cross-origin\" allowfullscreen><\/iframe>\n<\/div><\/figure>\n\n<figure class=\"wp-block-pullquote has-medium-font-size\" style=\"border-width:1px;border-radius:0px;padding-top:var(--wp--preset--spacing--50);padding-right:var(--wp--preset--spacing--70);padding-bottom:var(--wp--preset--spacing--50);padding-left:var(--wp--preset--spacing--70)\"><blockquote><p><br\/><em><em>&#8220;Os CLTs repercutem em diferentes contextos porque apelam para uma necessidade fundamental de pertencimento e ag\u00eancia. Juntos, podemos atender \u00e0s nossas pr\u00f3prias necessidades, cuidar de nossos pr\u00f3prios lugares e pessoas.&#8221;<\/em><\/em><\/p><cite><strong><strong><em><strong><em><strong>&#8211; Dra. Jess Steele, da Hastings Commons<\/strong><\/em><\/strong><\/em><\/strong><\/strong><\/cite><\/blockquote><\/figure>\n\n<h3 class=\"wp-block-heading has-text-align-center\" id=\"h-quick-resources-from-past-celebrations\">Recursos r\u00e1pidos de celebra\u00e7\u00f5es anteriores<\/h3>\n\n<p><strong>2021<\/strong><\/p>\n\n<ul class=\"wp-block-list\">\n<li><a href=\"https:\/\/vimeo.com\/657856883?fl=pl&amp;fe=vl&amp;turnstile=0.m_1ZC0eTxPsks9r0m_WJyLAWb8dbKxsdTgTSf-a6VHxdOm92e2CKHPJbwW9GFXkkZLur81ctUU61bzwT0IHgeQNBSl6glKME1sl0tTfHAJyi1WIH92mbi2jqCaQ7_WxXghPAI1YeV3RzwsMsvys1pUqEWOrSpHI1jRiwfQK--JjORUb84OAHEqJeDz1oXgy-jt3mExDM3uJra2XdutH7o5OCb9Fdk4hqpAL_yBtf3a_ZX0gIpanho8A_qy4IVjlI6ktqD1yDrZvY92m8FThDbB1e-mEUCgHekArd4CCGJdA2H6wgHBJ7dSgSvaNoGK_c0fN40fII3njmveRBoAWM9HPTXs60IlqBRRRAiYLyTylVx2riDFTky-TxQ6NX_Q5Ipsbs6y6oCNjKF-V4DfFjPbSGenkQDPJuO5bI6RnhEE8kw_a4thCE44-UKQuBGkDzViiVpFUFwetl7TYgCcDgdPZDtXg9kCnQ31KNNxxOhdjYuMkVEkc5Hj82mDxaKu_EqTaAW57U6obykgLMavSPn9RoS_PIOtERu7nMk2iUXTUe6qEcM7DHM0kfMQsald6n-DQ3xcmboEs7opA_Ja8gZuTUEU1o_R7G-dZ7adqgPUwdXx2RG_BVkP5n18Ke9gZnkkKUu5xpqzq6SYoi5XpUsgzeJk63iyePCN4Ir5W6hgrng4g67HcrqeHadtyKXWJjdONl1a9zzVlZaI4dqslzncRkeEwVBXwq1RRjhr6ma4pwyiYWuwuOlVecufVXp0qSF-BUM2JUBh-_ru6TlgCQvlDYCaKXxZmj19C_T3T784YAyXvEKpo1NCLdGEnrbcnkOpf4_qM2crYrmEUh6hX9uvfzhk98NfMMsqZrwzMkhQ4R5eylFLDjuM7LjXByuU7a6LKk6oJVQmKEvVHHH_MG5tfIlqiElWvM7irulmPyuV0.l7_ucnjlatoH7mSP3nTCcA.ce81620777867c684a8a05e0a741712b2cefe5286f38130ad59eac9ee6204d84\" target=\"_blank\" rel=\"noreferrer noopener\"><strong>Fotos e v\u00eddeos do Dia Mundial da CLT 2021<\/strong><\/a><\/li>\n<\/ul>\n\n<p><strong>2022<\/strong><\/p>\n\n<ul class=\"wp-block-list\">\n<li><strong>Webinar sobre Land Trusts e agricultura de base comunit\u00e1ria<\/strong> <a href=\"https:\/\/youtu.be\/p515lFGNDuU\" target=\"_blank\" rel=\"noreferrer noopener\"><strong>Em ingl\u00eas<\/strong><\/a><strong> \/ <\/strong><a href=\"https:\/\/youtu.be\/AVyBWacSQo4\" target=\"_blank\" rel=\"noreferrer noopener\"><strong>Espanhol<\/strong><\/a><\/li>\n\n\n\n<li><a href=\"https:\/\/youtu.be\/e4sjtYnuhto\" target=\"_blank\" rel=\"noreferrer noopener\"><strong>Reforma agr\u00e1ria na Esc\u00f3cia<\/strong><\/a><\/li>\n\n\n\n<li><a href=\"https:\/\/youtu.be\/w_SW3fSraoQ\" target=\"_blank\" rel=\"noreferrer noopener\"><strong>O impacto do modelo CLT &#8211; leia mais sobre os sucessos internacionais<\/strong><\/a><\/li>\n\n\n\n<li><a href=\"https:\/\/youtu.be\/dsbcGqr4Bzk\" target=\"_blank\" rel=\"noreferrer noopener\"><strong>Tirando terrenos do mercado para tornar a cidade acess\u00edvel<\/strong><\/a><\/li>\n\n\n\n<li><a href=\"https:\/\/youtu.be\/USb_MORyW68\" target=\"_blank\" rel=\"noreferrer noopener\"><strong>Obrigado por participar do Dia Mundial da CLT 2022<\/strong><\/a><\/li>\n<\/ul>\n\n<p><strong>2024<\/strong><\/p>\n\n<ul class=\"wp-block-list\">\n<li><strong>Iniciativa CLT do Sul Global: Propriedade da terra na Am\u00e9rica Latina e no Caribe<\/strong> <strong>(<\/strong><a href=\"https:\/\/youtu.be\/QryXAP6Z9Gs\" target=\"_blank\" rel=\"noreferrer noopener\"><strong>Ingl\u00eas<\/strong><\/a><strong> \/ <\/strong><a href=\"https:\/\/youtu.be\/onNBs07r_TI\" target=\"_blank\" rel=\"noreferrer noopener\"><strong>Espa\u00f1ol<\/strong><\/a><strong> \/ <\/strong><a href=\"https:\/\/youtu.be\/cISNBPK8vzk\" target=\"_blank\" rel=\"noreferrer noopener\"><strong>Portugu\u00eas<\/strong><\/a><strong>)<\/strong><\/li>\n\n\n\n<li><a href=\"https:\/\/www.youtube.com\/watch?v=51WhSIR73jY\" target=\"_blank\" rel=\"noreferrer noopener\"><strong>O lan\u00e7amento oficial da rede australiana CLT<\/strong><\/a><\/li>\n\n\n\n<li><a href=\"https:\/\/www.forbes.com\/sites\/rogervaldez\/2024\/06\/06\/community-land-trust-provide-housing-alternatives-worldwide\/\" target=\"_blank\" rel=\"noreferrer noopener\"><strong>Os fundos fiduci\u00e1rios comunit\u00e1rios oferecem alternativas de moradia em todo o mundo<\/strong><\/a>, Forbes<\/li>\n<\/ul>\n\n<p><strong>2025<\/strong><\/p>\n\n<ul class=\"wp-block-list\">\n<li><strong>HABITA\u00c7\u00c3O MUNDIAL:<\/strong> <a href=\"https:\/\/www.youtube.com\/watch?v=Jpr0Wsh0UPM\" target=\"_blank\" rel=\"noreferrer noopener\"><strong>O que \u00e9 um Community Land Trust e como ele ajuda as comunidades a prosperar?<\/strong><\/a><\/li>\n<\/ul>\n\n<h3 class=\"wp-block-heading has-text-align-center\" id=\"h-world-clt-day-2026\">Dia Mundial da CLT 2026<\/h3>\n\n<p><strong>Marque em seus calend\u00e1rios: O Dia Mundial da CLT 2026 ocorrer\u00e1 na sexta-feira, 15 de maio!  <\/strong>O planejamento j\u00e1 est\u00e1 em andamento e gostar\u00edamos de saber como voc\u00ea est\u00e1 pensando em participar. Use o pequeno formul\u00e1rio abaixo para compartilhar como voc\u00ea est\u00e1 pensando em comemorar. Suas respostas nos ajudar\u00e3o a entender o que as comunidades est\u00e3o preparando e como o CLT Center e seus parceiros podem apoiar voc\u00ea da melhor forma nos pr\u00f3ximos meses.  <\/p>\n\n<div class=\"wp-block-buttons is-content-justification-center is-layout-flex wp-container-core-buttons-is-layout-a89b3969 wp-block-buttons-is-layout-flex\">\n<div class=\"wp-block-button\"><a class=\"wp-block-button__link has-text-align-center wp-element-button\" href=\"https:\/\/form.jotform.com\/253207252172146\" target=\"_blank\" rel=\"noreferrer noopener\"><strong>Preencha<\/strong><strong style=\"display: inline !important;\"> o formul\u00e1rio de<\/strong> participa\u00e7\u00e3o para 2026<\/a><\/div>\n<\/div>\n","protected":false},"excerpt":{"rendered":"<p>Esta hist\u00f3ria faz parte de nossa campanha de fim de ano que celebra como o Centro CLT est\u00e1 trabalhando para atender ao movimento global de CLT. Nesta semana, estamos destacando [&hellip;]<\/p>\n","protected":false},"author":2,"featured_media":0,"comment_status":"closed","ping_status":"open","sticky":false,"template":"","format":"standard","meta":{"give_campaign_id":0,"_tec_requires_first_save":true,"_kad_blocks_custom_css":"","_kad_blocks_head_custom_js":"","_kad_blocks_body_custom_js":"","_kad_blocks_footer_custom_js":"","_EventAllDay":false,"_EventTimezone":"","_EventStartDate":"","_EventEndDate":"","_EventStartDateUTC":"","_EventEndDateUTC":"","_EventShowMap":false,"_EventShowMapLink":false,"_EventURL":"","_EventCost":"","_EventCostDescription":"","_EventCurrencySymbol":"","_EventCurrencyCode":"","_EventCurrencyPosition":"","_EventDateTimeSeparator":"","_EventTimeRangeSeparator":"","_EventOrganizerID":[],"_EventVenueID":[],"_OrganizerEmail":"","_OrganizerPhone":"","_OrganizerWebsite":"","_VenueAddress":"","_VenueCity":"","_VenueCountry":"","_VenueProvince":"","_VenueState":"","_VenueZip":"","_VenuePhone":"","_VenueURL":"","_VenueStateProvince":"","_VenueLat":"","_VenueLng":"","_VenueShowMap":false,"_VenueShowMapLink":false,"_tribe_blocks_recurrence_rules":"","_tribe_blocks_recurrence_description":"","_tribe_blocks_recurrence_exclusions":"","_jetpack_memberships_contains_paid_content":false,"footnotes":""},"categories":[27],"tags":[389,387,388],"class_list":["post-10715","post","type-post","status-publish","format-standard","hentry","category-nao-categorizado","tag-comemoracao","tag-dia-mundial-da-clt","tag-solidariedade"],"blocksy_meta":[],"yoast_head":"<!-- This site is optimized with the Yoast SEO Premium plugin v27.4 (Yoast SEO v27.5) - https:\/\/yoast.com\/product\/yoast-seo-premium-wordpress\/ -->\n<title>Dia Mundial da CLT: Uma celebra\u00e7\u00e3o global de solidariedade - International Center for Community Land Trusts<\/title>\n<meta name=\"robots\" content=\"index, follow, max-snippet:-1, max-image-preview:large, max-video-preview:-1\" \/>\n<link rel=\"canonical\" href=\"https:\/\/www.cltweb.org\/pt-br\/2025\/11\/21\/dia-mundial-da-clt-uma-celebracao-global-de-solidariedade\/\" \/>\n<meta property=\"og:locale\" content=\"pt_BR\" \/>\n<meta property=\"og:type\" content=\"article\" \/>\n<meta property=\"og:title\" content=\"Dia Mundial da CLT: Uma celebra\u00e7\u00e3o global de solidariedade\" \/>\n<meta property=\"og:description\" content=\"Esta hist\u00f3ria faz parte de nossa campanha de fim de ano que celebra como o Centro CLT est\u00e1 trabalhando para atender ao movimento global de CLT. Nesta semana, estamos destacando [&hellip;]\" \/>\n<meta property=\"og:url\" content=\"https:\/\/www.cltweb.org\/pt-br\/2025\/11\/21\/dia-mundial-da-clt-uma-celebracao-global-de-solidariedade\/\" \/>\n<meta property=\"og:site_name\" content=\"International Center for Community Land Trusts\" \/>\n<meta property=\"article:publisher\" content=\"https:\/\/www.facebook.com\/cltcenter\" \/>\n<meta property=\"article:published_time\" content=\"2025-11-21T16:09:19+00:00\" \/>\n<meta property=\"article:modified_time\" content=\"2025-11-21T16:09:55+00:00\" \/>\n<meta property=\"og:image\" content=\"https:\/\/www.cltweb.org\/wp-content\/uploads\/2025\/11\/Land-for-People-Not-for-Profit-Banner.gif\" \/>\n\t<meta property=\"og:image:width\" content=\"1500\" \/>\n\t<meta property=\"og:image:height\" content=\"300\" \/>\n\t<meta property=\"og:image:type\" content=\"image\/gif\" \/>\n<meta name=\"author\" content=\"Ben Harris\" \/>\n<meta name=\"twitter:card\" content=\"summary_large_image\" \/>\n<meta name=\"twitter:creator\" content=\"@Center4CLTs\" \/>\n<meta name=\"twitter:site\" content=\"@Center4CLTs\" \/>\n<meta name=\"twitter:label1\" content=\"Escrito por\" \/>\n\t<meta name=\"twitter:data1\" content=\"Ben Harris\" \/>\n\t<meta name=\"twitter:label2\" content=\"Est. tempo de leitura\" \/>\n\t<meta name=\"twitter:data2\" content=\"6 minutos\" \/>\n<script type=\"application\/ld+json\" class=\"yoast-schema-graph\">{\"@context\":\"https:\\\/\\\/schema.org\",\"@graph\":[{\"@type\":\"Article\",\"@id\":\"https:\\\/\\\/www.cltweb.org\\\/pt-br\\\/2025\\\/11\\\/21\\\/dia-mundial-da-clt-uma-celebracao-global-de-solidariedade\\\/#article\",\"isPartOf\":{\"@id\":\"https:\\\/\\\/www.cltweb.org\\\/pt-br\\\/2025\\\/11\\\/21\\\/dia-mundial-da-clt-uma-celebracao-global-de-solidariedade\\\/\"},\"author\":{\"name\":\"Ben Harris\",\"@id\":\"https:\\\/\\\/www.cltweb.org\\\/pt-br\\\/#\\\/schema\\\/person\\\/7c9fe56cc945e4b57585dbfe30f2ead4\"},\"headline\":\"Dia Mundial da CLT: Uma celebra\u00e7\u00e3o global de solidariedade\",\"datePublished\":\"2025-11-21T16:09:19+00:00\",\"dateModified\":\"2025-11-21T16:09:55+00:00\",\"mainEntityOfPage\":{\"@id\":\"https:\\\/\\\/www.cltweb.org\\\/pt-br\\\/2025\\\/11\\\/21\\\/dia-mundial-da-clt-uma-celebracao-global-de-solidariedade\\\/\"},\"wordCount\":1300,\"publisher\":{\"@id\":\"https:\\\/\\\/www.cltweb.org\\\/pt-br\\\/#organization\"},\"image\":{\"@id\":\"https:\\\/\\\/www.cltweb.org\\\/pt-br\\\/2025\\\/11\\\/21\\\/dia-mundial-da-clt-uma-celebracao-global-de-solidariedade\\\/#primaryimage\"},\"thumbnailUrl\":\"https:\\\/\\\/www.cltweb.org\\\/wp-content\\\/uploads\\\/2025\\\/11\\\/Land-for-People-Not-for-Profit-Banner.gif\",\"keywords\":[\"comemora\u00e7\u00e3o\",\"dia mundial da clt\",\"solidariedade\"],\"articleSection\":[\"N\u00e3o categorizado\"],\"inLanguage\":\"pt-BR\"},{\"@type\":\"WebPage\",\"@id\":\"https:\\\/\\\/www.cltweb.org\\\/pt-br\\\/2025\\\/11\\\/21\\\/dia-mundial-da-clt-uma-celebracao-global-de-solidariedade\\\/\",\"url\":\"https:\\\/\\\/www.cltweb.org\\\/pt-br\\\/2025\\\/11\\\/21\\\/dia-mundial-da-clt-uma-celebracao-global-de-solidariedade\\\/\",\"name\":\"Dia Mundial da CLT: Uma celebra\u00e7\u00e3o global de solidariedade - International Center for Community Land Trusts\",\"isPartOf\":{\"@id\":\"https:\\\/\\\/www.cltweb.org\\\/pt-br\\\/#website\"},\"primaryImageOfPage\":{\"@id\":\"https:\\\/\\\/www.cltweb.org\\\/pt-br\\\/2025\\\/11\\\/21\\\/dia-mundial-da-clt-uma-celebracao-global-de-solidariedade\\\/#primaryimage\"},\"image\":{\"@id\":\"https:\\\/\\\/www.cltweb.org\\\/pt-br\\\/2025\\\/11\\\/21\\\/dia-mundial-da-clt-uma-celebracao-global-de-solidariedade\\\/#primaryimage\"},\"thumbnailUrl\":\"https:\\\/\\\/www.cltweb.org\\\/wp-content\\\/uploads\\\/2025\\\/11\\\/Land-for-People-Not-for-Profit-Banner.gif\",\"datePublished\":\"2025-11-21T16:09:19+00:00\",\"dateModified\":\"2025-11-21T16:09:55+00:00\",\"breadcrumb\":{\"@id\":\"https:\\\/\\\/www.cltweb.org\\\/pt-br\\\/2025\\\/11\\\/21\\\/dia-mundial-da-clt-uma-celebracao-global-de-solidariedade\\\/#breadcrumb\"},\"inLanguage\":\"pt-BR\",\"potentialAction\":[{\"@type\":\"ReadAction\",\"target\":[\"https:\\\/\\\/www.cltweb.org\\\/pt-br\\\/2025\\\/11\\\/21\\\/dia-mundial-da-clt-uma-celebracao-global-de-solidariedade\\\/\"]}]},{\"@type\":\"ImageObject\",\"inLanguage\":\"pt-BR\",\"@id\":\"https:\\\/\\\/www.cltweb.org\\\/pt-br\\\/2025\\\/11\\\/21\\\/dia-mundial-da-clt-uma-celebracao-global-de-solidariedade\\\/#primaryimage\",\"url\":\"https:\\\/\\\/www.cltweb.org\\\/wp-content\\\/uploads\\\/2025\\\/11\\\/Land-for-People-Not-for-Profit-Banner.gif\",\"contentUrl\":\"https:\\\/\\\/www.cltweb.org\\\/wp-content\\\/uploads\\\/2025\\\/11\\\/Land-for-People-Not-for-Profit-Banner.gif\"},{\"@type\":\"BreadcrumbList\",\"@id\":\"https:\\\/\\\/www.cltweb.org\\\/pt-br\\\/2025\\\/11\\\/21\\\/dia-mundial-da-clt-uma-celebracao-global-de-solidariedade\\\/#breadcrumb\",\"itemListElement\":[{\"@type\":\"ListItem\",\"position\":1,\"name\":\"Home\",\"item\":\"https:\\\/\\\/www.cltweb.org\\\/pt-br\\\/\"},{\"@type\":\"ListItem\",\"position\":2,\"name\":\"Dia Mundial da CLT: Uma celebra\u00e7\u00e3o global de solidariedade\"}]},{\"@type\":\"WebSite\",\"@id\":\"https:\\\/\\\/www.cltweb.org\\\/pt-br\\\/#website\",\"url\":\"https:\\\/\\\/www.cltweb.org\\\/pt-br\\\/\",\"name\":\"International Center for Community Land Trusts\",\"description\":\"\",\"publisher\":{\"@id\":\"https:\\\/\\\/www.cltweb.org\\\/pt-br\\\/#organization\"},\"potentialAction\":[{\"@type\":\"SearchAction\",\"target\":{\"@type\":\"EntryPoint\",\"urlTemplate\":\"https:\\\/\\\/www.cltweb.org\\\/pt-br\\\/?s={search_term_string}\"},\"query-input\":{\"@type\":\"PropertyValueSpecification\",\"valueRequired\":true,\"valueName\":\"search_term_string\"}}],\"inLanguage\":\"pt-BR\"},{\"@type\":\"Organization\",\"@id\":\"https:\\\/\\\/www.cltweb.org\\\/pt-br\\\/#organization\",\"name\":\"International Center for Community Land Trusts\",\"url\":\"https:\\\/\\\/www.cltweb.org\\\/pt-br\\\/\",\"logo\":{\"@type\":\"ImageObject\",\"inLanguage\":\"pt-BR\",\"@id\":\"https:\\\/\\\/www.cltweb.org\\\/pt-br\\\/#\\\/schema\\\/logo\\\/image\\\/\",\"url\":\"https:\\\/\\\/www.cltweb.org\\\/wp-content\\\/uploads\\\/2024\\\/11\\\/New-CLT-Center-Text-logo.png\",\"contentUrl\":\"https:\\\/\\\/www.cltweb.org\\\/wp-content\\\/uploads\\\/2024\\\/11\\\/New-CLT-Center-Text-logo.png\",\"width\":227,\"height\":80,\"caption\":\"International Center for Community Land Trusts\"},\"image\":{\"@id\":\"https:\\\/\\\/www.cltweb.org\\\/pt-br\\\/#\\\/schema\\\/logo\\\/image\\\/\"},\"sameAs\":[\"https:\\\/\\\/www.facebook.com\\\/cltcenter\",\"https:\\\/\\\/x.com\\\/Center4CLTs\",\"https:\\\/\\\/www.instagram.com\\\/cltcenter\\\/\",\"https:\\\/\\\/www.linkedin.com\\\/company\\\/cltcenter\",\"https:\\\/\\\/www.youtube.com\\\/@centerforcltinnovation5313\"],\"description\":\"The International Center for Community Land Trusts is a not-for-profit nongovernmental organization established in 2018 to promote and to support community land trusts and similar strategies of community-led development on community-owned land in countries throughout the world.\",\"email\":\"info@communitylandtrust.net\",\"legalName\":\"International Center for Community Land Trusts\",\"foundingDate\":\"2018-12-01\",\"taxID\":\"84-3858933\",\"numberOfEmployees\":{\"@type\":\"QuantitativeValue\",\"minValue\":\"1\",\"maxValue\":\"10\"}},{\"@type\":\"Person\",\"@id\":\"https:\\\/\\\/www.cltweb.org\\\/pt-br\\\/#\\\/schema\\\/person\\\/7c9fe56cc945e4b57585dbfe30f2ead4\",\"name\":\"Ben Harris\",\"image\":{\"@type\":\"ImageObject\",\"inLanguage\":\"pt-BR\",\"@id\":\"https:\\\/\\\/secure.gravatar.com\\\/avatar\\\/12a44d8988553548c22c57da673ee8ffb7e0b87b0197beec533bae3061a92cc5?s=96&d=mm&r=g\",\"url\":\"https:\\\/\\\/secure.gravatar.com\\\/avatar\\\/12a44d8988553548c22c57da673ee8ffb7e0b87b0197beec533bae3061a92cc5?s=96&d=mm&r=g\",\"contentUrl\":\"https:\\\/\\\/secure.gravatar.com\\\/avatar\\\/12a44d8988553548c22c57da673ee8ffb7e0b87b0197beec533bae3061a92cc5?s=96&d=mm&r=g\",\"caption\":\"Ben Harris\"},\"url\":\"https:\\\/\\\/www.cltweb.org\\\/pt-br\\\/author\\\/ben\\\/\"}]}<\/script>\n<!-- \/ Yoast SEO Premium plugin. -->","yoast_head_json":{"title":"Dia Mundial da CLT: Uma celebra\u00e7\u00e3o global de solidariedade - International Center for Community Land Trusts","robots":{"index":"index","follow":"follow","max-snippet":"max-snippet:-1","max-image-preview":"max-image-preview:large","max-video-preview":"max-video-preview:-1"},"canonical":"https:\/\/www.cltweb.org\/pt-br\/2025\/11\/21\/dia-mundial-da-clt-uma-celebracao-global-de-solidariedade\/","og_locale":"pt_BR","og_type":"article","og_title":"Dia Mundial da CLT: Uma celebra\u00e7\u00e3o global de solidariedade","og_description":"Esta hist\u00f3ria faz parte de nossa campanha de fim de ano que celebra como o Centro CLT est\u00e1 trabalhando para atender ao movimento global de CLT. Nesta semana, estamos destacando [&hellip;]","og_url":"https:\/\/www.cltweb.org\/pt-br\/2025\/11\/21\/dia-mundial-da-clt-uma-celebracao-global-de-solidariedade\/","og_site_name":"International Center for Community Land Trusts","article_publisher":"https:\/\/www.facebook.com\/cltcenter","article_published_time":"2025-11-21T16:09:19+00:00","article_modified_time":"2025-11-21T16:09:55+00:00","og_image":[{"width":1500,"height":300,"url":"https:\/\/www.cltweb.org\/wp-content\/uploads\/2025\/11\/Land-for-People-Not-for-Profit-Banner.gif","type":"image\/gif"}],"author":"Ben Harris","twitter_card":"summary_large_image","twitter_creator":"@Center4CLTs","twitter_site":"@Center4CLTs","twitter_misc":{"Escrito por":"Ben Harris","Est. tempo de leitura":"6 minutos"},"schema":{"@context":"https:\/\/schema.org","@graph":[{"@type":"Article","@id":"https:\/\/www.cltweb.org\/pt-br\/2025\/11\/21\/dia-mundial-da-clt-uma-celebracao-global-de-solidariedade\/#article","isPartOf":{"@id":"https:\/\/www.cltweb.org\/pt-br\/2025\/11\/21\/dia-mundial-da-clt-uma-celebracao-global-de-solidariedade\/"},"author":{"name":"Ben Harris","@id":"https:\/\/www.cltweb.org\/pt-br\/#\/schema\/person\/7c9fe56cc945e4b57585dbfe30f2ead4"},"headline":"Dia Mundial da CLT: Uma celebra\u00e7\u00e3o global de solidariedade","datePublished":"2025-11-21T16:09:19+00:00","dateModified":"2025-11-21T16:09:55+00:00","mainEntityOfPage":{"@id":"https:\/\/www.cltweb.org\/pt-br\/2025\/11\/21\/dia-mundial-da-clt-uma-celebracao-global-de-solidariedade\/"},"wordCount":1300,"publisher":{"@id":"https:\/\/www.cltweb.org\/pt-br\/#organization"},"image":{"@id":"https:\/\/www.cltweb.org\/pt-br\/2025\/11\/21\/dia-mundial-da-clt-uma-celebracao-global-de-solidariedade\/#primaryimage"},"thumbnailUrl":"https:\/\/www.cltweb.org\/wp-content\/uploads\/2025\/11\/Land-for-People-Not-for-Profit-Banner.gif","keywords":["comemora\u00e7\u00e3o","dia mundial da clt","solidariedade"],"articleSection":["N\u00e3o categorizado"],"inLanguage":"pt-BR"},{"@type":"WebPage","@id":"https:\/\/www.cltweb.org\/pt-br\/2025\/11\/21\/dia-mundial-da-clt-uma-celebracao-global-de-solidariedade\/","url":"https:\/\/www.cltweb.org\/pt-br\/2025\/11\/21\/dia-mundial-da-clt-uma-celebracao-global-de-solidariedade\/","name":"Dia Mundial da CLT: Uma celebra\u00e7\u00e3o global de solidariedade - International Center for Community Land Trusts","isPartOf":{"@id":"https:\/\/www.cltweb.org\/pt-br\/#website"},"primaryImageOfPage":{"@id":"https:\/\/www.cltweb.org\/pt-br\/2025\/11\/21\/dia-mundial-da-clt-uma-celebracao-global-de-solidariedade\/#primaryimage"},"image":{"@id":"https:\/\/www.cltweb.org\/pt-br\/2025\/11\/21\/dia-mundial-da-clt-uma-celebracao-global-de-solidariedade\/#primaryimage"},"thumbnailUrl":"https:\/\/www.cltweb.org\/wp-content\/uploads\/2025\/11\/Land-for-People-Not-for-Profit-Banner.gif","datePublished":"2025-11-21T16:09:19+00:00","dateModified":"2025-11-21T16:09:55+00:00","breadcrumb":{"@id":"https:\/\/www.cltweb.org\/pt-br\/2025\/11\/21\/dia-mundial-da-clt-uma-celebracao-global-de-solidariedade\/#breadcrumb"},"inLanguage":"pt-BR","potentialAction":[{"@type":"ReadAction","target":["https:\/\/www.cltweb.org\/pt-br\/2025\/11\/21\/dia-mundial-da-clt-uma-celebracao-global-de-solidariedade\/"]}]},{"@type":"ImageObject","inLanguage":"pt-BR","@id":"https:\/\/www.cltweb.org\/pt-br\/2025\/11\/21\/dia-mundial-da-clt-uma-celebracao-global-de-solidariedade\/#primaryimage","url":"https:\/\/www.cltweb.org\/wp-content\/uploads\/2025\/11\/Land-for-People-Not-for-Profit-Banner.gif","contentUrl":"https:\/\/www.cltweb.org\/wp-content\/uploads\/2025\/11\/Land-for-People-Not-for-Profit-Banner.gif"},{"@type":"BreadcrumbList","@id":"https:\/\/www.cltweb.org\/pt-br\/2025\/11\/21\/dia-mundial-da-clt-uma-celebracao-global-de-solidariedade\/#breadcrumb","itemListElement":[{"@type":"ListItem","position":1,"name":"Home","item":"https:\/\/www.cltweb.org\/pt-br\/"},{"@type":"ListItem","position":2,"name":"Dia Mundial da CLT: Uma celebra\u00e7\u00e3o global de solidariedade"}]},{"@type":"WebSite","@id":"https:\/\/www.cltweb.org\/pt-br\/#website","url":"https:\/\/www.cltweb.org\/pt-br\/","name":"International Center for Community Land Trusts","description":"","publisher":{"@id":"https:\/\/www.cltweb.org\/pt-br\/#organization"},"potentialAction":[{"@type":"SearchAction","target":{"@type":"EntryPoint","urlTemplate":"https:\/\/www.cltweb.org\/pt-br\/?s={search_term_string}"},"query-input":{"@type":"PropertyValueSpecification","valueRequired":true,"valueName":"search_term_string"}}],"inLanguage":"pt-BR"},{"@type":"Organization","@id":"https:\/\/www.cltweb.org\/pt-br\/#organization","name":"International Center for Community Land Trusts","url":"https:\/\/www.cltweb.org\/pt-br\/","logo":{"@type":"ImageObject","inLanguage":"pt-BR","@id":"https:\/\/www.cltweb.org\/pt-br\/#\/schema\/logo\/image\/","url":"https:\/\/www.cltweb.org\/wp-content\/uploads\/2024\/11\/New-CLT-Center-Text-logo.png","contentUrl":"https:\/\/www.cltweb.org\/wp-content\/uploads\/2024\/11\/New-CLT-Center-Text-logo.png","width":227,"height":80,"caption":"International Center for Community Land Trusts"},"image":{"@id":"https:\/\/www.cltweb.org\/pt-br\/#\/schema\/logo\/image\/"},"sameAs":["https:\/\/www.facebook.com\/cltcenter","https:\/\/x.com\/Center4CLTs","https:\/\/www.instagram.com\/cltcenter\/","https:\/\/www.linkedin.com\/company\/cltcenter","https:\/\/www.youtube.com\/@centerforcltinnovation5313"],"description":"The International Center for Community Land Trusts is a not-for-profit nongovernmental organization established in 2018 to promote and to support community land trusts and similar strategies of community-led development on community-owned land in countries throughout the world.","email":"info@communitylandtrust.net","legalName":"International Center for Community Land Trusts","foundingDate":"2018-12-01","taxID":"84-3858933","numberOfEmployees":{"@type":"QuantitativeValue","minValue":"1","maxValue":"10"}},{"@type":"Person","@id":"https:\/\/www.cltweb.org\/pt-br\/#\/schema\/person\/7c9fe56cc945e4b57585dbfe30f2ead4","name":"Ben Harris","image":{"@type":"ImageObject","inLanguage":"pt-BR","@id":"https:\/\/secure.gravatar.com\/avatar\/12a44d8988553548c22c57da673ee8ffb7e0b87b0197beec533bae3061a92cc5?s=96&d=mm&r=g","url":"https:\/\/secure.gravatar.com\/avatar\/12a44d8988553548c22c57da673ee8ffb7e0b87b0197beec533bae3061a92cc5?s=96&d=mm&r=g","contentUrl":"https:\/\/secure.gravatar.com\/avatar\/12a44d8988553548c22c57da673ee8ffb7e0b87b0197beec533bae3061a92cc5?s=96&d=mm&r=g","caption":"Ben Harris"},"url":"https:\/\/www.cltweb.org\/pt-br\/author\/ben\/"}]}},"taxonomy_info":{"category":[{"value":27,"label":"N\u00e3o categorizado"}],"post_tag":[{"value":389,"label":"comemora\u00e7\u00e3o"},{"value":387,"label":"dia mundial da clt"},{"value":388,"label":"solidariedade"}]},"featured_image_src_large":false,"author_info":{"display_name":"Ben Harris","author_link":"https:\/\/www.cltweb.org\/pt-br\/author\/ben\/"},"comment_info":0,"category_info":[{"term_id":27,"name":"N\u00e3o categorizado","slug":"nao-categorizado","term_group":0,"term_taxonomy_id":27,"taxonomy":"category","description":"","parent":0,"count":20,"filter":"raw","cat_ID":27,"category_count":20,"category_description":"","cat_name":"N\u00e3o categorizado","category_nicename":"nao-categorizado","category_parent":0}],"tag_info":[{"term_id":389,"name":"comemora\u00e7\u00e3o","slug":"comemoracao","term_group":0,"term_taxonomy_id":389,"taxonomy":"post_tag","description":"","parent":0,"count":2,"filter":"raw"},{"term_id":387,"name":"dia mundial da clt","slug":"dia-mundial-da-clt","term_group":0,"term_taxonomy_id":387,"taxonomy":"post_tag","description":"","parent":0,"count":13,"filter":"raw"},{"term_id":388,"name":"solidariedade","slug":"solidariedade","term_group":0,"term_taxonomy_id":388,"taxonomy":"post_tag","description":"","parent":0,"count":2,"filter":"raw"}],"jetpack_featured_media_url":"","jetpack_sharing_enabled":true,"jetpack-related-posts":[{"id":10801,"url":"https:\/\/www.cltweb.org\/pt-br\/2025\/11\/28\/dia-mundial-da-clt-uma-celebracao-global-de-solidariedade-1\/","url_meta":{"origin":10715,"position":0},"title":"Construindo juntos por meio da colabora\u00e7\u00e3o","author":"Ben Harris","date":"28 de novembro de 2025","format":false,"excerpt":"Esta hist\u00f3ria faz parte de nossa campanha de fim de ano que celebra como o Centro CLT est\u00e1 trabalhando para atender ao movimento global de CLT. Nesta semana, estamos destacando : Nossos colaboradores em 2025 Por tr\u00e1s de cada CLT pr\u00f3spero est\u00e3o as pessoas que o tornam poss\u00edvel: organizadores, residentes\u2026","rel":"","context":"Em &quot;N\u00e3o categorizado&quot;","block_context":{"text":"N\u00e3o categorizado","link":"https:\/\/www.cltweb.org\/pt-br\/category\/nao-categorizado\/"},"img":{"alt_text":"","src":"https:\/\/i0.wp.com\/www.cltweb.org\/wp-content\/uploads\/2025\/11\/Land-for-People-Not-for-Profit-Banner.gif?resize=350%2C200&ssl=1","width":350,"height":200,"srcset":"https:\/\/i0.wp.com\/www.cltweb.org\/wp-content\/uploads\/2025\/11\/Land-for-People-Not-for-Profit-Banner.gif?resize=350%2C200&ssl=1 1x, https:\/\/i0.wp.com\/www.cltweb.org\/wp-content\/uploads\/2025\/11\/Land-for-People-Not-for-Profit-Banner.gif?resize=525%2C300&ssl=1 1.5x, https:\/\/i0.wp.com\/www.cltweb.org\/wp-content\/uploads\/2025\/11\/Land-for-People-Not-for-Profit-Banner.gif?resize=700%2C400&ssl=1 2x, https:\/\/i0.wp.com\/www.cltweb.org\/wp-content\/uploads\/2025\/11\/Land-for-People-Not-for-Profit-Banner.gif?resize=1050%2C600&ssl=1 3x, https:\/\/i0.wp.com\/www.cltweb.org\/wp-content\/uploads\/2025\/11\/Land-for-People-Not-for-Profit-Banner.gif?resize=1400%2C800&ssl=1 4x"},"classes":[]},{"id":10685,"url":"https:\/\/www.cltweb.org\/pt-br\/2025\/11\/11\/terra-para-as-pessoas-nao-para-o-lucro-construindo-a-infraestrutura-de-um-movimento-global\/","url_meta":{"origin":10715,"position":1},"title":"Terra para as pessoas, n\u00e3o para o lucro: Construindo a infraestrutura de um movimento global","author":"Ben Harris","date":"11 de novembro de 2025","format":false,"excerpt":"Este ano, o International Center for Community Land Trusts est\u00e1 lan\u00e7ando sua primeira campanha de fim de ano - uma oportunidade de refletir sobre o que estamos construindo juntos e os relacionamentos que tornam esse trabalho poss\u00edvel. Em todo o mundo, os CLTs est\u00e3o provando que outra forma de se\u2026","rel":"","context":"Em &quot;Blogs&quot;","block_context":{"text":"Blogs","link":"https:\/\/www.cltweb.org\/pt-br\/category\/blogs-pt-br\/"},"img":{"alt_text":"","src":"https:\/\/i0.wp.com\/www.cltweb.org\/wp-content\/uploads\/2025\/11\/Land-for-People-Not-For-Profit.gif?resize=350%2C200&ssl=1","width":350,"height":200,"srcset":"https:\/\/i0.wp.com\/www.cltweb.org\/wp-content\/uploads\/2025\/11\/Land-for-People-Not-For-Profit.gif?resize=350%2C200&ssl=1 1x, https:\/\/i0.wp.com\/www.cltweb.org\/wp-content\/uploads\/2025\/11\/Land-for-People-Not-For-Profit.gif?resize=525%2C300&ssl=1 1.5x, https:\/\/i0.wp.com\/www.cltweb.org\/wp-content\/uploads\/2025\/11\/Land-for-People-Not-For-Profit.gif?resize=700%2C400&ssl=1 2x, https:\/\/i0.wp.com\/www.cltweb.org\/wp-content\/uploads\/2025\/11\/Land-for-People-Not-For-Profit.gif?resize=1050%2C600&ssl=1 3x"},"classes":[]},{"id":10681,"url":"https:\/\/www.cltweb.org\/es\/2025\/11\/11\/tierra-para-las-personas-no-para-el-beneficio-construir-la-infraestructura-de-un-movimiento-mundial\/","url_meta":{"origin":10715,"position":2},"title":"Tierra para las personas, no para el beneficio: Construir la infraestructura de un movimiento mundial","author":"Ben Harris","date":"11 de novembro de 2025","format":false,"excerpt":"Este a\u00f1o, el Centro Internacional de Fideicomisos de la Tierra Comunitaria lanza su primera campa\u00f1a de fin de a\u00f1o, una oportunidad para reflexionar sobre lo que estamos construyendo juntos y sobre las relaciones que hacen posible este trabajo. En todo el mundo, las CLT est\u00e1n demostrando que es posible otra\u2026","rel":"","context":"Em &quot;Blogs&quot;","block_context":{"text":"Blogs","link":"https:\/\/www.cltweb.org\/es\/category\/blogs\/"},"img":{"alt_text":"","src":"https:\/\/i0.wp.com\/www.cltweb.org\/wp-content\/uploads\/2025\/11\/Land-for-People-Not-For-Profit.gif?resize=350%2C200&ssl=1","width":350,"height":200,"srcset":"https:\/\/i0.wp.com\/www.cltweb.org\/wp-content\/uploads\/2025\/11\/Land-for-People-Not-For-Profit.gif?resize=350%2C200&ssl=1 1x, https:\/\/i0.wp.com\/www.cltweb.org\/wp-content\/uploads\/2025\/11\/Land-for-People-Not-For-Profit.gif?resize=525%2C300&ssl=1 1.5x, https:\/\/i0.wp.com\/www.cltweb.org\/wp-content\/uploads\/2025\/11\/Land-for-People-Not-For-Profit.gif?resize=700%2C400&ssl=1 2x, https:\/\/i0.wp.com\/www.cltweb.org\/wp-content\/uploads\/2025\/11\/Land-for-People-Not-For-Profit.gif?resize=1050%2C600&ssl=1 3x"},"classes":[]},{"id":6579,"url":"https:\/\/www.cltweb.org\/es\/2022\/10\/20\/la-historia-del-mundo-de-clt\/","url_meta":{"origin":10715,"position":3},"title":"La historia del mundo de CLT","author":"cltredesign_0jp0l4","date":"20 de outubro de 2022","format":false,"excerpt":"Dentro de unas semanas, tras la primera reuni\u00f3n de CLT Gante y CLT Flandes, hemos descubierto dos gastos importantes, uno en el D\u00eda Mundial de CLT.","rel":"","context":"Em &quot;Sin categorizar&quot;","block_context":{"text":"Sin categorizar","link":"https:\/\/www.cltweb.org\/es\/category\/sin-categorizar\/"},"img":{"alt_text":"Logotipo de CLT Gent","src":"https:\/\/i0.wp.com\/www.cltweb.org\/wp-content\/uploads\/2022\/10\/CLT-Gent-logo-edited.png?resize=350%2C200&ssl=1","width":350,"height":200},"classes":[]},{"id":6576,"url":"https:\/\/www.cltweb.org\/pt-br\/2022\/10\/21\/workshop-e-jahresfeier-stadtbodenstiftung-berlin\/","url_meta":{"origin":10715,"position":4},"title":"Workshop e Jahresfeier Stadtbodenstiftung Berlin","author":"cltredesign_0jp0l4","date":"21 de outubro de 2022","format":false,"excerpt":"Voc\u00ea est\u00e1 na primeira edi\u00e7\u00e3o do Jahresfeier der Stadtbodenstiftung em Berlim. Na sexta-feira, das 16:00 \u00e0s 17:30 horas, voc\u00ea participar\u00e1 de um workshop informativo sobre o Comit\u00ea da Funda\u00e7\u00e3o. Voc\u00ea pode usar o lema deste ano da Welt-CLT-Tags - Community Matters - como refer\u00eancia, para que possamos conversar com os\u2026","rel":"","context":"Em &quot;N\u00e3o categorizado&quot;","block_context":{"text":"N\u00e3o categorizado","link":"https:\/\/www.cltweb.org\/pt-br\/category\/nao-categorizado\/"},"img":{"alt_text":"Logotipo da Stadtbodenstiftung","src":"https:\/\/i0.wp.com\/www.cltweb.org\/wp-content\/uploads\/2022\/10\/Berlin-CLT-Logo-300x300.png?resize=350%2C200&ssl=1","width":350,"height":200},"classes":[]},{"id":6585,"url":"https:\/\/www.cltweb.org\/es\/2022\/10\/21\/workshop-und-jahresfeier-stadtbodenstiftung-berlin\/","url_meta":{"origin":10715,"position":5},"title":"Workshop und Jahresfeier Stadtbodenstiftung Berlin","author":"cltredesign_0jp0l4","date":"21 de outubro de 2022","format":false,"excerpt":"La edici\u00f3n de este a\u00f1o de la Fundaci\u00f3n Stadtbodenstiftung de Berl\u00edn se celebra coincidiendo con el D\u00eda Mundial de la CLT. Los mi\u00e9rcoles de 16:00 a 17:30 horas, nos reuniremos en un taller informativo sobre el sitio web de la fundaci\u00f3n. Queremos recordar el lema de este a\u00f1o de los\u2026","rel":"","context":"Em &quot;Sin categorizar&quot;","block_context":{"text":"Sin categorizar","link":"https:\/\/www.cltweb.org\/es\/category\/sin-categorizar\/"},"img":{"alt_text":"Logotipo de la Stadtbodenstiftung","src":"https:\/\/i0.wp.com\/www.cltweb.org\/wp-content\/uploads\/2022\/10\/Berlin-CLT-Logo-300x300.png?resize=350%2C200&ssl=1","width":350,"height":200},"classes":[]}],"_links":{"self":[{"href":"https:\/\/www.cltweb.org\/pt-br\/wp-json\/wp\/v2\/posts\/10715","targetHints":{"allow":["GET"]}}],"collection":[{"href":"https:\/\/www.cltweb.org\/pt-br\/wp-json\/wp\/v2\/posts"}],"about":[{"href":"https:\/\/www.cltweb.org\/pt-br\/wp-json\/wp\/v2\/types\/post"}],"author":[{"embeddable":true,"href":"https:\/\/www.cltweb.org\/pt-br\/wp-json\/wp\/v2\/users\/2"}],"replies":[{"embeddable":true,"href":"https:\/\/www.cltweb.org\/pt-br\/wp-json\/wp\/v2\/comments?post=10715"}],"version-history":[{"count":2,"href":"https:\/\/www.cltweb.org\/pt-br\/wp-json\/wp\/v2\/posts\/10715\/revisions"}],"predecessor-version":[{"id":10724,"href":"https:\/\/www.cltweb.org\/pt-br\/wp-json\/wp\/v2\/posts\/10715\/revisions\/10724"}],"wp:attachment":[{"href":"https:\/\/www.cltweb.org\/pt-br\/wp-json\/wp\/v2\/media?parent=10715"}],"wp:term":[{"taxonomy":"category","embeddable":true,"href":"https:\/\/www.cltweb.org\/pt-br\/wp-json\/wp\/v2\/categories?post=10715"},{"taxonomy":"post_tag","embeddable":true,"href":"https:\/\/www.cltweb.org\/pt-br\/wp-json\/wp\/v2\/tags?post=10715"}],"curies":[{"name":"wp","href":"https:\/\/api.w.org\/{rel}","templated":true}]}}