{"id":10801,"date":"2025-11-28T20:17:44","date_gmt":"2025-11-28T20:17:44","guid":{"rendered":"https:\/\/www.cltweb.org\/2025\/11\/28\/dia-mundial-da-clt-uma-celebracao-global-de-solidariedade-1\/"},"modified":"2025-12-01T18:27:42","modified_gmt":"2025-12-01T18:27:42","slug":"dia-mundial-da-clt-uma-celebracao-global-de-solidariedade-1","status":"publish","type":"post","link":"https:\/\/www.cltweb.org\/pt-br\/2025\/11\/28\/dia-mundial-da-clt-uma-celebracao-global-de-solidariedade-1\/","title":{"rendered":"Construindo juntos por meio da colabora\u00e7\u00e3o"},"content":{"rendered":"\n<figure class=\"wp-block-image size-full\"><img loading=\"lazy\" decoding=\"async\" width=\"1500\" height=\"300\" src=\"https:\/\/www.cltweb.org\/wp-content\/uploads\/2025\/11\/Land-for-People-Not-for-Profit-Banner.gif\" alt=\"\" class=\"wp-image-10618\"\/><\/figure>\n\n<p><strong><em>Esta hist\u00f3ria faz parte de nossa <a href=\"https:\/\/www.cltweb.org\/pt-br\/2025\/11\/11\/terra-para-as-pessoas-nao-para-o-lucro-construindo-a-infraestrutura-de-um-movimento-global\/\" target=\"_blank\" rel=\"noreferrer noopener\">campanha de fim de ano<\/a> que celebra como o Centro CLT<em>  est\u00e1 trabalhando para atender ao movimento global de CLT. Nesta semana, estamos destacando <\/em>:<\/em><\/strong><\/p>\n\n<h2 class=\"wp-block-heading has-text-align-center has-palette-color-5-background-color has-background\" id=\"h-our-collaborators-across-2025\" style=\"padding-top:var(--wp--preset--spacing--20);padding-right:0;padding-bottom:var(--wp--preset--spacing--20);padding-left:0\">Nossos colaboradores em 2025<\/h2>\n\n<p>Por tr\u00e1s de cada CLT pr\u00f3spero est\u00e3o as pessoas que o tornam poss\u00edvel: organizadores, residentes e parceiros locais. Por tr\u00e1s de cada rede h\u00e1 colegas aprendendo uns com os outros, fortalecendo a experi\u00eancia coletiva em conhecimento compartilhado. E por tr\u00e1s de cada movimento est\u00e1 a colabora\u00e7\u00e3o, a for\u00e7a silenciosa que transforma boas ideias em um terreno comum. O progresso no movimento CLT n\u00e3o vem apenas de uma organiza\u00e7\u00e3o. Ele cresce a partir de uma rede de relacionamentos baseados na confian\u00e7a, na generosidade e na cren\u00e7a compartilhada de que a terra deve servir \u00e0s pessoas e ao planeta, n\u00e3o ao lucro. <\/p>\n\n<p>No Centro CLT, a colabora\u00e7\u00e3o \u00e9 tanto o m\u00e9todo quanto a miss\u00e3o. Cada workshop, webinar, publica\u00e7\u00e3o e chamada de rede \u00e9 poss\u00edvel gra\u00e7as \u00e0s pessoas e organiza\u00e7\u00f5es que decidem trabalhar juntas em diferentes regi\u00f5es geogr\u00e1ficas, idiomas e fusos hor\u00e1rios. Ao encerrarmos 2025, celebramos e agradecemos as pessoas e organiza\u00e7\u00f5es que tornam esse trabalho poss\u00edvel. Abaixo voc\u00ea encontra uma lista n\u00e3o exaustiva das organiza\u00e7\u00f5es com as quais trabalhamos no ano passado. Muitas aparecem em v\u00e1rios n\u00edveis, como convocadores globais, l\u00edderes regionais e profissionais locais, refletindo a natureza profundamente interconectada desse ecossistema.    <\/p>\n\n<h3 class=\"wp-block-heading has-text-align-center\" id=\"h-global-collaborators\"><strong>Colaboradores globais<\/strong><\/h3>\n\n<figure class=\"wp-block-image aligncenter size-large is-resized\"><img loading=\"lazy\" decoding=\"async\" width=\"1024\" height=\"205\" src=\"https:\/\/www.cltweb.org\/wp-content\/uploads\/2025\/11\/International-Collab-1-1024x205.png\" alt=\"\" class=\"wp-image-10806\" style=\"width:1098px;height:auto\" srcset=\"https:\/\/www.cltweb.org\/wp-content\/uploads\/2025\/11\/International-Collab-1-1024x205.png 1024w, https:\/\/www.cltweb.org\/wp-content\/uploads\/2025\/11\/International-Collab-1-300x60.png 300w, https:\/\/www.cltweb.org\/wp-content\/uploads\/2025\/11\/International-Collab-1-768x154.png 768w, https:\/\/www.cltweb.org\/wp-content\/uploads\/2025\/11\/International-Collab-1-1536x307.png 1536w, https:\/\/www.cltweb.org\/wp-content\/uploads\/2025\/11\/International-Collab-1-2048x410.png 2048w\" sizes=\"auto, (max-width: 1024px) 100vw, 1024px\" \/><\/figure>\n\n<div class=\"wp-block-columns is-layout-flex wp-container-core-columns-is-layout-28f84493 wp-block-columns-is-layout-flex\">\n<div class=\"wp-block-column is-layout-flow wp-block-column-is-layout-flow\">\n<p>Os CLTs locais est\u00e3o gerando solu\u00e7\u00f5es com implica\u00e7\u00f5es reais para a resili\u00eancia clim\u00e1tica, a seguran\u00e7a da posse e o desenvolvimento equitativo. Por meio de nossas parcerias globais, estamos ajudando a levar essas li\u00e7\u00f5es a f\u00f3runs internacionais, garantindo que os modelos liderados pela comunidade moldem conversas sobre pol\u00edticas mais amplas e sejam reconhecidos por seu potencial de apoiar futuros justos e sustent\u00e1veis. <\/p>\n\n\n\n<p>Temos relacionamentos cont\u00ednuos com v\u00e1rias entidades globais, incluindo a CoHabitat Network, a Habitat for Humanity International, o Lincoln Institute of Land Policy, a World Habitat, a UN-Habitat e a urbaMonde. Abaixo est\u00e3o cita\u00e7\u00f5es de algumas de nossas colabora\u00e7\u00f5es com eles em 2025. <\/p>\n\n\n<\/div>\n<\/div>\n<style>.kt-blocks-testimonials-wrap10796_b3eeb3-bc .kt-svg-testimonial-global-icon{font-size:30px;}.kt-blocks-testimonials-wrap10796_b3eeb3-bc .kt-testimonial-item-0 .kt-svg-testimonial-icon{font-size:50px;}.kt-blocks-testimonials-wrap10796_b3eeb3-bc .kt-testimonial-rating-wrap .kb-svg-icon-wrap{color:#ffd700;font-size:16px;}.kt-blocks-testimonials-wrap10796_b3eeb3-bc .kt-blocks-carousel .kt-blocks-testimonial-carousel-item{padding-top:var(--global-kb-spacing-xxs, .5rem);padding-bottom:var(--global-kb-spacing-xxs, .5rem);}.kt-blocks-testimonials-wrap10796_b3eeb3-bc .kt-testimonial-grid-wrap{gap:79px;}.kt-blocks-testimonials-wrap10796_b3eeb3-bc .kt-blocks-testimonials-inner-wrap .kt-blocks-carousel-init:not(.splide-initialized):not(.tns-slider) .kb-slide-item{display:none;}.kt-blocks-testimonials-wrap10796_b3eeb3-bc .kt-blocks-testimonials-inner-wrap .kt-blocks-carousel-init:not(.splide-initialized):not(.tns-slider) .kb-slide-item:nth-child(-n+1){padding-left:79px;display:block;float:left;width:calc(100% \/ 1);}.kt-blocks-testimonials-wrap10796_b3eeb3-bc .kt-blocks-testimonials-inner-wrap .kt-blocks-carousel-init:not(.splide-initialized):not(.tns-slider){margin-left:-79px;}.kt-blocks-testimonials-wrap10796_b3eeb3-bc .kt-testimonial-item-wrap{padding-top:20px;padding-right:20px;padding-bottom:20px;padding-left:20px;}.kt-blocks-testimonials-wrap10796_b3eeb3-bc .kt-testimonial-item-wrap .kt-testimonial-title{min-height:3px;}.kt-blocks-testimonials-wrap10796_b3eeb3-bc .kt-testimonial-occupation{font-size:15px;}.kt-blocks-testimonials-wrap10796_b3eeb3-bc .kt-testimonial-item-wrap{max-width:500px;}.kt-blocks-testimonials-wrap10796_b3eeb3-bc .kt-testimonial-item-wrap{box-shadow:0px 0px 60px 5px rgba(0, 0, 0, 0.2);}.kt-blocks-testimonials-wrap10796_b3eeb3-bc .kt-testimonial-media-inner-wrap{width:60px;border-top:0px solid;border-right:0px solid;border-bottom:0px solid;border-left:0px solid;padding-top:0px;padding-right:0px;padding-bottom:0px;padding-left:0px;}.kt-blocks-testimonials-wrap10796_b3eeb3-bc .kt-svg-testimonial-icon{justify-content:center;align-items:center;}@media all and (max-width: 1024px){.kt-blocks-testimonials-wrap10796_b3eeb3-bc .kt-blocks-testimonials-inner-wrap .kt-blocks-carousel-init:not(.splide-initialized):not(.tns-slider) .kb-slide-item{display:none;}}@media all and (max-width: 1024px){.kt-blocks-testimonials-wrap10796_b3eeb3-bc .kt-blocks-testimonials-inner-wrap .kt-blocks-carousel-init:not(.splide-initialized):not(.tns-slider) .kb-slide-item:nth-child(-n+1){padding-left:79px;display:block;float:left;width:calc(100% \/ 1);}}@media all and (max-width: 1024px){.kt-blocks-testimonials-wrap10796_b3eeb3-bc .kt-blocks-testimonials-inner-wrap .kt-blocks-carousel-init:not(.splide-initialized):not(.tns-slider){margin-left:-79px;}}@media all and (max-width: 1024px){.kt-blocks-testimonials-wrap10796_b3eeb3-bc .kt-testimonial-media-inner-wrap{border-top:0px solid;border-right:0px solid;border-bottom:0px solid;border-left:0px solid;}}@media all and (max-width: 767px){.kt-blocks-testimonials-wrap10796_b3eeb3-bc .kt-blocks-carousel .kt-blocks-testimonial-carousel-item{padding:var(--global-kb-spacing-xxs, .5rem);padding-top:px;padding-bottom:px;margin-top:px;margin-bottom:px;}.kt-blocks-testimonials-wrap10796_b3eeb3-bc .kt-blocks-testimonials-inner-wrap .kt-blocks-carousel-init:not(.splide-initialized):not(.tns-slider) .kb-slide-item{display:none;}.kt-blocks-testimonials-wrap10796_b3eeb3-bc .kt-blocks-testimonials-inner-wrap .kt-blocks-carousel-init:not(.splide-initialized):not(.tns-slider) .kb-slide-item:nth-child(-n+1){display:block;float:left;width:calc(100% \/ 1);padding-left:79px;}.kt-blocks-testimonials-wrap10796_b3eeb3-bc .kt-blocks-testimonials-inner-wrap .kt-blocks-carousel-init:not(.splide-initialized):not(.tns-slider){margin-left:-79px;}.kt-blocks-testimonials-wrap10796_b3eeb3-bc .kt-testimonial-media-inner-wrap{border-top:0px solid;border-right:0px solid;border-bottom:0px solid;border-left:0px solid;}}<\/style><div class=\"kt-blocks-testimonials-wrap10796_b3eeb3-bc kt-testimonial-halign-center kt-testimonial-style-basic kt-testimonials-media-on kt-testimonials-icon-off kt-testimonial-columns-1 kt-t-xxl-col-1 kt-t-xl-col-1 kt-t-lg-col-1 kt-t-md-col-1 kt-t-sm-col-1 kt-t-xs-col-1 wp-block-kadence-testimonials\"><div class=\"kt-blocks-testimonials-inner-wrap kt-blocks-carousel kt-carousel-container-dotstyle-dark kt-carousel-container-arrowstyle-whiteondark\"><div class=\"kt-blocks-carousel-init splide kb-gallery-carousel kt-carousel-arrowstyle-whiteondark kt-carousel-dotstyle-dark\" data-columns-xxl=\"1\" data-columns-xl=\"1\" data-columns-md=\"1\" data-columns-sm=\"1\" data-columns-xs=\"1\" data-columns-ss=\"1\" data-slider-anim-speed=\"400\" data-slider-scroll=\"1\" data-slider-type=\"loop\" data-slider-arrows=\"true\" data-slider-dots=\"true\" data-slider-hover-pause=\"false\" data-slider-auto=\"\" data-slider-speed=\"7000\" data-slider-gap=\"79px\" data-slider-gap-tablet=\"79px\" data-slider-gap-mobile=\"79px\" data-show-pause-button=\"false\"><div class=\"splide__track\"><ul class=\"splide__list\">\n<li class=\"kt-blocks-testimonial-carousel-item kb-slide-item splide__slide\"><div class=\"kt-testimonial-item-wrap kt-testimonial-item-10796_0eba17-fe wp-block-kadence-testimonial\"><div class=\"kt-testimonial-text-wrap\"><div class=\"kt-testimonial-title-wrap\"><h4 class=\"kt-testimonial-title\">Instituto Lincoln de Pol\u00edtica Fundi\u00e1ria<\/h4><\/div><div class=\"kt-testimonial-content-wrap\"><blockquote class=\"kt-testimonial-content\">&#8220;Essa parceria com o International Center for CLTs \u00e9 algo que valorizamos por muitos e muitos motivos. Essa parceria ajudou a identificar a pesquisa e o avan\u00e7o de uma das mais inovadoras ferramentas de pol\u00edtica fundi\u00e1ria para promover moradias a pre\u00e7os acess\u00edveis e comunidades pr\u00f3speras e din\u00e2micas &#8211; n\u00e3o apenas nos Estados Unidos, mas em todo o mundo. <br><br>Mais recentemente, tamb\u00e9m abriu os olhos do Lincoln Institute para a forma como os CLTs podem ser aplicados no Sul Global. Por meio de nossa colabora\u00e7\u00e3o com o CLT Center, fomos apresentados ao not\u00e1vel trabalho do CLT Ca\u00f1o Mart\u00edn Pe\u00f1a em San Juan, Porto Rico &#8211; mostrando, sem d\u00favida, como o modelo CLT, a ideia e a mentalidade do CLT podem ajudar a garantir a subsist\u00eancia de comunidades h\u00e1 muito marginalizadas dos mercados formais de terra e habita\u00e7\u00e3o.&#8221; <\/blockquote><\/div><\/div><div class=\"kt-testimonial-meta-wrap\"><div class=\"kt-testimonial-media-wrap\"><div class=\"kt-testimonial-media-inner-wrap\"><div class=\"kadence-testimonial-image-intrisic\"><img loading=\"lazy\" decoding=\"async\" width=\"150\" height=\"150\" src=\"https:\/\/www.cltweb.org\/wp-content\/uploads\/2025\/11\/Enrique-Silva-150x150.png\" class=\"kt-testimonial-image wp-image-10817 size-thumbnail\" alt=\"\" \/><\/div><\/div><\/div><div class=\"kt-testimonial-meta-name-wrap\"><div class=\"kt-testimonial-name-wrap\"><div class=\"kt-testimonial-name\"><strong><strong>&#8211; <em><strong>Enrique Silva<\/strong><\/em><\/strong><\/strong><\/div><\/div><div class=\"kt-testimonial-occupation-wrap\"><div class=\"kt-testimonial-occupation\"><em>Diretor de Programas, Lincoln Institute of Land Policy<\/em><\/div><\/div><\/div><\/div><\/div><\/li>\n\n<li class=\"kt-blocks-testimonial-carousel-item kb-slide-item splide__slide\"><div class=\"kt-testimonial-item-wrap kt-testimonial-item-10796_8c8fa4-32 wp-block-kadence-testimonial\"><div class=\"kt-testimonial-text-wrap\"><div class=\"kt-testimonial-title-wrap\"><h4 class=\"kt-testimonial-title\">ONU-Habitat<\/h4><\/div><div class=\"kt-testimonial-content-wrap\"><blockquote class=\"kt-testimonial-content\"><em>&#8220;Muitas pol\u00edticas e estruturas legais ainda n\u00e3o reconhecem ou apoiam os CLTs &#8211; ou, em alguns casos, n\u00e3o os reconhecem de forma alguma.<\/em> <em>Na ONU-Habitat, estamos entusiasmados com o fato de que, no ano passado, come\u00e7amos a trabalhar com pontos focais governamentais e ministros por meio do F\u00f3rum de Habita\u00e7\u00e3o sobre moradia adequada para todos.<\/em> <em>Nesse espa\u00e7o, houve o reconhecimento de que os CLTs apresentam um enorme potencial, mas os formuladores de pol\u00edticas ainda precisam fortalecer sua compreens\u00e3o do modelo para apoi\u00e1-lo de forma eficaz. Nos pr\u00f3ximos anos, concentraremos grande parte de nossa aten\u00e7\u00e3o nisso.&#8221; <\/em><br><br><\/blockquote><\/div><\/div><div class=\"kt-testimonial-meta-wrap\"><div class=\"kt-testimonial-media-wrap\"><div class=\"kt-testimonial-media-inner-wrap\"><div class=\"kadence-testimonial-image-intrisic\"><img loading=\"lazy\" decoding=\"async\" width=\"150\" height=\"150\" src=\"https:\/\/www.cltweb.org\/wp-content\/uploads\/2025\/11\/Francesca-Lionetti-150x150.png\" class=\"kt-testimonial-image wp-image-10840 size-thumbnail\" alt=\"\" \/><\/div><\/div><\/div><div class=\"kt-testimonial-meta-name-wrap\"><div class=\"kt-testimonial-name-wrap\"><div class=\"kt-testimonial-name\"><strong>Francesca Lionetti<\/strong><\/div><\/div><div class=\"kt-testimonial-occupation-wrap\"><div class=\"kt-testimonial-occupation\"><em>Especialista Associado em Direito \u00e0 Moradia, Diversidade e Inclus\u00e3o, UN-Habitat<\/em><\/div><\/div><\/div><\/div><\/div><\/li>\n\n<li class=\"kt-blocks-testimonial-carousel-item kb-slide-item splide__slide\"><div class=\"kt-testimonial-item-wrap kt-testimonial-item-10796_00fb0d-51 wp-block-kadence-testimonial\"><div class=\"kt-testimonial-text-wrap\"><div class=\"kt-testimonial-title-wrap\"><h4 class=\"kt-testimonial-title\">Habitat para a Humanidade Internacional<\/h4><\/div><div class=\"kt-testimonial-content-wrap\"><blockquote class=\"kt-testimonial-content\">&#8220;Estamos entusiasmados em ver o crescente impulso por tr\u00e1s desse trabalho. Os fundos fiduci\u00e1rios comunit\u00e1rios v\u00eam evoluindo h\u00e1 mais de 50 anos, e \u00e9 inspirador testemunhar como parcerias como aquelas entre CLTs e Habitat for Humanity est\u00e3o ajudando a levar esse modelo ainda mais longe. H\u00e1 muito que podemos fazer juntos para ampliar a acessibilidade econ\u00f4mica duradoura de maneiras criativas e voltadas para a comunidade.&#8221;<br><br><br><br><br><\/blockquote><\/div><\/div><div class=\"kt-testimonial-meta-wrap\"><div class=\"kt-testimonial-media-wrap\"><div class=\"kt-testimonial-media-inner-wrap\"><div class=\"kadence-testimonial-image-intrisic\"><img loading=\"lazy\" decoding=\"async\" width=\"150\" height=\"150\" src=\"https:\/\/www.cltweb.org\/wp-content\/uploads\/2025\/11\/Screenshot-2025-12-01-at-1.18.59-PM-150x150.png\" class=\"kt-testimonial-image wp-image-10842 size-thumbnail\" alt=\"\" srcset=\"https:\/\/www.cltweb.org\/wp-content\/uploads\/2025\/11\/Screenshot-2025-12-01-at-1.18.59-PM-150x150.png 150w, https:\/\/www.cltweb.org\/wp-content\/uploads\/2025\/11\/Screenshot-2025-12-01-at-1.18.59-PM-300x300.png 300w, https:\/\/www.cltweb.org\/wp-content\/uploads\/2025\/11\/Screenshot-2025-12-01-at-1.18.59-PM.png 329w\" sizes=\"auto, (max-width: 150px) 100vw, 150px\" \/><\/div><\/div><\/div><div class=\"kt-testimonial-meta-name-wrap\"><div class=\"kt-testimonial-name-wrap\"><div class=\"kt-testimonial-name\"><strong>Aditi Nair<\/strong><\/div><\/div><div class=\"kt-testimonial-occupation-wrap\"><div class=\"kt-testimonial-occupation\"><em>Gerente de Estrat\u00e9gia e Impacto, Habitat for Humanity International; Membro do Conselho do Centro CLT<\/em><\/div><\/div><\/div><\/div><\/div><\/li>\n<\/ul><\/div><\/div><\/div><\/div>\n<h3 class=\"wp-block-heading has-text-align-center\" id=\"h-regional-collaborators\">Colaboradores regionais<\/h3>\n\n<p>Em todas as regi\u00f5es, a colabora\u00e7\u00e3o toma forma por meio de redes que conectam os profissionais, coordenam o aprendizado compartilhado e fortalecem a a\u00e7\u00e3o coletiva. Esses parceiros regionais ajudam a vincular a experi\u00eancia local a sistemas mais amplos de apoio, defesa e interc\u00e2mbio. Abaixo voc\u00ea encontra uma lista n\u00e3o exaustiva das organiza\u00e7\u00f5es regionais com as quais trabalhamos ao longo de 2025.  <\/p>\n\n<ul class=\"wp-block-list\">\n<li><strong>Rede australiana de CLT<\/strong> (Grounded Australia)<\/li>\n\n\n\n<li><strong>Rede CLT da Calif\u00f3rnia<\/strong> (EUA)<\/li>\n\n\n\n<li><strong>Rede Canadense de Fundos de Terras Comunit\u00e1rios<\/strong> (Canad\u00e1)<\/li>\n\n\n\n<li><strong>Comunidades Catalisadoras \/ Rede Favela CLT<\/strong> (Rede Favela CLT, Brasil)<\/li>\n\n\n\n<li><strong>Rede de Fundos Comunit\u00e1rios de Terras da Inglaterra e do Pa\u00eds de Gales<\/strong> (Reino Unido)<\/li>\n\n\n\n<li><strong>Rede Europeia de Fundos Comunit\u00e1rios de Terras<\/strong> (Europa)<\/li>\n\n\n\n<li><strong>Funda\u00e7\u00e3o Solidaire Fran\u00e7a<\/strong> (FSF)<\/li>\n\n\n\n<li><strong>Rede CLT da Grande Boston<\/strong> (EUA)<\/li>\n\n\n\n<li><strong>Grounded Solutions Network<\/strong> (EUA)<\/li>\n\n\n\n<li><strong>Coaliz\u00e3o de Minnesota CLT<\/strong> (EUA)<\/li>\n\n\n\n<li><strong>Habita\u00e7\u00e3o Comunit\u00e1ria do Sul da Esc\u00f3cia<\/strong> (SOSCH, Esc\u00f3cia)<\/li>\n\n\n\n<li><strong>Uni\u00e3o de Moradia Popular <\/strong>(Brasil)<\/li>\n\n\n\n<li><strong>Urban Land Conservancy<\/strong> (Colorado, EUA)<\/li>\n\n\n\n<li><strong>Rede CLT da Virg\u00ednia<\/strong> (Virg\u00ednia, EUA)<\/li>\n\n\n\n<li><strong>Alian\u00e7a Financeira do Patrim\u00f4nio Cultural<\/strong> (CHiFA) (EUA)<\/li>\n<\/ul>\n\n<h3 class=\"wp-block-heading has-text-align-center\" id=\"h-local-collaborators\">Colaboradores locais<\/h3>\n\n<p>Em n\u00edvel local, a colabora\u00e7\u00e3o \u00e9 o cora\u00e7\u00e3o desse trabalho. Embora o Centro CLT opere globalmente, nosso trabalho \u00e9 moldado pelo di\u00e1logo constante com profissionais locais que est\u00e3o realizando trabalhos inovadores, organizando bairros e mantendo o movimento CLT enraizado em lugares reais. Abaixo voc\u00ea encontra uma lista n\u00e3o exaustiva das organiza\u00e7\u00f5es com as quais colaboramos ao longo de 2025:  <\/p>\n\n<div class=\"wp-block-columns is-layout-flex wp-container-core-columns-is-layout-28f84493 wp-block-columns-is-layout-flex\">\n<div class=\"wp-block-column is-layout-flow wp-block-column-is-layout-flow\">\n<ul class=\"wp-block-list\">\n<li><strong>Grupo Explorat\u00f3rio do CLT de Bangladesh <\/strong>(Bangladesh)<\/li>\n\n\n\n<li><strong>Conselho Municipal de Boston<\/strong> (Massachusetts, EUA)<\/li>\n\n\n\n<li><strong>Bright Community Trust <\/strong>(Fl\u00f3rida, EUA)<\/li>\n\n\n\n<li><strong>Ca\u00f1o Mart\u00edn Pe\u00f1a CLT (Fideicomiso de la Tierra) <\/strong>(Porto Rico)<\/li>\n\n\n\n<li><strong>Champlain Housing Trust<\/strong> (Vermont, EUA)<\/li>\n\n\n\n<li><strong>Chinatown CLT<\/strong> (Boston, EUA)<\/li>\n\n\n\n<li><strong>Cidade de Norwalk<\/strong> (Connecticut, EUA)<\/li>\n\n\n\n<li><strong>Cidade de Seattle <\/strong>(Washington, EUA)<\/li>\n\n\n\n<li><strong>CLT Bruxelas <\/strong>(B\u00e9lgica)<\/li>\n\n\n\n<li><strong>CLT Gent<\/strong> (B\u00e9lgica)<\/li>\n\n\n\n<li><strong>CLT Mykolaiv<\/strong> (B\u00e9lgica)<\/li>\n\n\n\n<li><strong>Community Home Trust<\/strong> (Carolina do Norte, EUA)<\/li>\n\n\n\n<li><strong>Delray Beach Community Land Trust<\/strong> (Fl\u00f3rida, EUA)<\/li>\n\n\n\n<li><strong>Grupo de A\u00e7\u00e3o para o Desenvolvimento <\/strong>(\u00c1frica do Sul)<\/li>\n\n\n\n<li><strong>Diamond State CLT<\/strong>(Delaware, EUA)<\/li>\n\n\n\n<li><strong>Iniciativa da vizinhan\u00e7a da Dudley Street <\/strong>(Massachusetts, EUA)<\/li>\n<\/ul>\n<\/div>\n\n\n\n<div class=\"wp-block-column is-layout-flow wp-block-column-is-layout-flow\">\n<ul class=\"wp-block-list\">\n<li><strong>El Enjambre Colectivo<\/strong> (Porto Rico)<\/li>\n\n\n\n<li><strong>Grassroots Institute \/ Housing Mendocino<\/strong> (Calif\u00f3rnia, EUA)<\/li>\n\n\n\n<li><strong>Habitat for Humanity Frederick County <\/strong>(Maryland, EUA)<\/li>\n\n\n\n<li><strong>Habitat for Humanity Portland Region<\/strong> (Oregon, EUA)<\/li>\n\n\n\n<li><strong>Hastings Commons<\/strong> (Reino Unido)<\/li>\n\n\n\n<li><strong>Hempstead Community Land Trust <\/strong>(Nova York, EUA)<\/li>\n\n\n\n<li><strong>Houston CLT<\/strong> (Texas, EUA)<\/li>\n\n\n\n<li><strong>Housing Trust of the North Bay<\/strong> (Calif\u00f3rnia, EUA)<\/li>\n\n\n\n<li><strong>Interboro CLT <\/strong>(Nova York, EUA)<\/li>\n\n\n\n<li><strong>Kota Kita<\/strong> (Indon\u00e9sia)<\/li>\n\n\n\n<li><strong>London CLT <\/strong>(Reino Unido)<\/li>\n\n\n\n<li><strong>Madison Area CLT<\/strong> (Wisconsin, EUA)<\/li>\n\n\n\n<li><strong>Muskoka CLTt<\/strong> (Canad\u00e1)<\/li>\n\n\n\n<li><strong>New York Community Land Initiative<\/strong> (Nova York, EUA)<\/li>\n<\/ul>\n<\/div>\n\n\n\n<div class=\"wp-block-column is-layout-flow wp-block-column-is-layout-flow\">\n<ul class=\"wp-block-list\">\n<li><strong>Periferico<\/strong> (Portugal)<\/li>\n\n\n\n<li><strong>Pioneer Valley Habitat for Humanity<\/strong> (Massachusetts, EUA)<\/li>\n\n\n\n<li><strong>Defensoria P\u00fablica de Buenos Aires <\/strong>(Argentina)<\/li>\n\n\n\n<li><strong>Rondo Community Land Trust<\/strong> (Minnesota, EUA)<\/li>\n\n\n\n<li><strong>South Los Angeles CLT<\/strong> (EUA)<\/li>\n\n\n\n<li><strong>Southside Community Land Trust<\/strong> (Rhode Island, EUA)<\/li>\n\n\n\n<li><strong>Stadtbodenstiftung <\/strong>(Alemanha)<\/li>\n\n\n\n<li><strong>Two Rivers CLT<\/strong> (Minnesota, EUA)<\/li>\n\n\n\n<li><strong>YorSpace CLT<\/strong> (Reino Unido)<\/li>\n<\/ul>\n<\/div>\n<\/div>\n\n<h3 class=\"wp-block-heading\" id=\"h-academic-and-research-institutions\"><strong>Institui\u00e7\u00f5es acad\u00eamicas e de pesquisa<\/strong><\/h3>\n\n<p>Ao lado de profissionais, pesquisadores e acad\u00eamicos ajudaram a expandir as ferramentas, evid\u00eancias e estruturas que apoiam os CLTs. As institui\u00e7\u00f5es abaixo representam parceiros que contribu\u00edram com bolsas de estudo, pesquisa jur\u00eddica e aprendizado compartilhado ao longo de 2025. <\/p>\n\n<ul class=\"wp-block-list\">\n<li><strong>Lincoln Institute of Land Policy<\/strong> (mencionado anteriormente)<\/li>\n\n\n\n<li><strong>Universidade de Porto Rico<\/strong><\/li>\n\n\n\n<li><strong>Vrije Universiteit Brussel<\/strong> (B\u00e9lgica)<\/li>\n\n\n\n<li><strong>Universidade de Illinois<\/strong> (Illinois, EUA)<\/li>\n\n\n\n<li><strong>Universidade de Reading<\/strong> (Reino Unido)<\/li>\n\n\n\n<li><strong>Universidade Rutgers<\/strong> (Nova Jersey, EUA)<\/li>\n<\/ul>\n\n<h4 class=\"wp-block-heading\" id=\"h-law-school-collaborations\"><strong>Colabora\u00e7\u00f5es entre faculdades de direito:<\/strong><\/h4>\n\n<ul class=\"wp-block-list\">\n<li><strong>Faculdade de Direito da Universidade de Boston<\/strong><\/li>\n\n\n\n<li><strong>Faculdade de Direito de Colorado Boulder<\/strong><\/li>\n\n\n\n<li><strong>Faculdade de Direito da Universidade de Fordham<\/strong><\/li>\n\n\n\n<li><strong>Faculdade de Direito de Harvard<\/strong><\/li>\n\n\n\n<li><strong>Faculdade de Direito da Universidade Loyola de Nova Orleans<\/strong><\/li>\n\n\n\n<li><strong>Faculdade de Direito da Universidade de Miami<\/strong><\/li>\n\n\n\n<li><strong>Faculdade de Direito da Universidade de Minnesota<\/strong><\/li>\n\n\n\n<li><strong>Faculdade de Direito de Missouri-Kansas City<\/strong><\/li>\n\n\n\n<li><strong>Faculdade de Direito da Northeastern University<\/strong><\/li>\n\n\n\n<li><strong>Faculdade de Direito da Universidade de Tulane<\/strong><\/li>\n\n\n\n<li><strong>Faculdade de Direito da Universidade de Oregon<\/strong><\/li>\n\n\n\n<li><strong>Faculdade de Direito da Universidade de Porto Rico<\/strong><\/li>\n\n\n\n<li><strong>Faculdade de Direito da Universidade de Wisconsin<\/strong><\/li>\n<\/ul>\n","protected":false},"excerpt":{"rendered":"<p>Esta hist\u00f3ria faz parte de nossa campanha de fim de ano que celebra como o Centro CLT est\u00e1 trabalhando para atender ao movimento global de CLT. Nesta semana, estamos destacando [&hellip;]<\/p>\n","protected":false},"author":2,"featured_media":0,"comment_status":"closed","ping_status":"open","sticky":false,"template":"","format":"standard","meta":{"give_campaign_id":0,"_tec_requires_first_save":true,"_kad_blocks_custom_css":"","_kad_blocks_head_custom_js":"","_kad_blocks_body_custom_js":"","_kad_blocks_footer_custom_js":"","_EventAllDay":false,"_EventTimezone":"","_EventStartDate":"","_EventEndDate":"","_EventStartDateUTC":"","_EventEndDateUTC":"","_EventShowMap":false,"_EventShowMapLink":false,"_EventURL":"","_EventCost":"","_EventCostDescription":"","_EventCurrencySymbol":"","_EventCurrencyCode":"","_EventCurrencyPosition":"","_EventDateTimeSeparator":"","_EventTimeRangeSeparator":"","_EventOrganizerID":[],"_EventVenueID":[],"_OrganizerEmail":"","_OrganizerPhone":"","_OrganizerWebsite":"","_VenueAddress":"","_VenueCity":"","_VenueCountry":"","_VenueProvince":"","_VenueState":"","_VenueZip":"","_VenuePhone":"","_VenueURL":"","_VenueStateProvince":"","_VenueLat":"","_VenueLng":"","_VenueShowMap":false,"_VenueShowMapLink":false,"_tribe_blocks_recurrence_rules":"","_tribe_blocks_recurrence_description":"","_tribe_blocks_recurrence_exclusions":"","_jetpack_memberships_contains_paid_content":false,"footnotes":""},"categories":[27],"tags":[389,387,388],"class_list":["post-10801","post","type-post","status-publish","format-standard","hentry","category-nao-categorizado","tag-comemoracao","tag-dia-mundial-da-clt","tag-solidariedade"],"blocksy_meta":[],"yoast_head":"<!-- This site is optimized with the Yoast SEO Premium plugin v27.4 (Yoast SEO v27.5) - https:\/\/yoast.com\/product\/yoast-seo-premium-wordpress\/ -->\n<title>Construindo juntos por meio da colabora\u00e7\u00e3o - International Center for Community Land Trusts<\/title>\n<meta name=\"robots\" content=\"index, follow, max-snippet:-1, max-image-preview:large, max-video-preview:-1\" \/>\n<link rel=\"canonical\" href=\"https:\/\/www.cltweb.org\/pt-br\/2025\/11\/28\/dia-mundial-da-clt-uma-celebracao-global-de-solidariedade-1\/\" \/>\n<meta property=\"og:locale\" content=\"pt_BR\" \/>\n<meta property=\"og:type\" content=\"article\" \/>\n<meta property=\"og:title\" content=\"Construindo juntos por meio da colabora\u00e7\u00e3o\" \/>\n<meta property=\"og:description\" content=\"Esta hist\u00f3ria faz parte de nossa campanha de fim de ano que celebra como o Centro CLT est\u00e1 trabalhando para atender ao movimento global de CLT. Nesta semana, estamos destacando [&hellip;]\" \/>\n<meta property=\"og:url\" content=\"https:\/\/www.cltweb.org\/pt-br\/2025\/11\/28\/dia-mundial-da-clt-uma-celebracao-global-de-solidariedade-1\/\" \/>\n<meta property=\"og:site_name\" content=\"International Center for Community Land Trusts\" \/>\n<meta property=\"article:publisher\" content=\"https:\/\/www.facebook.com\/cltcenter\" \/>\n<meta property=\"article:published_time\" content=\"2025-11-28T20:17:44+00:00\" \/>\n<meta property=\"article:modified_time\" content=\"2025-12-01T18:27:42+00:00\" \/>\n<meta property=\"og:image\" content=\"https:\/\/www.cltweb.org\/wp-content\/uploads\/2025\/11\/Land-for-People-Not-for-Profit-Banner.gif\" \/>\n\t<meta property=\"og:image:width\" content=\"1500\" \/>\n\t<meta property=\"og:image:height\" content=\"300\" \/>\n\t<meta property=\"og:image:type\" content=\"image\/gif\" \/>\n<meta name=\"author\" content=\"Ben Harris\" \/>\n<meta name=\"twitter:card\" content=\"summary_large_image\" \/>\n<meta name=\"twitter:creator\" content=\"@Center4CLTs\" \/>\n<meta name=\"twitter:site\" content=\"@Center4CLTs\" \/>\n<meta name=\"twitter:label1\" content=\"Escrito por\" \/>\n\t<meta name=\"twitter:data1\" content=\"Ben Harris\" \/>\n\t<meta name=\"twitter:label2\" content=\"Est. tempo de leitura\" \/>\n\t<meta name=\"twitter:data2\" content=\"5 minutos\" \/>\n<script type=\"application\/ld+json\" class=\"yoast-schema-graph\">{\"@context\":\"https:\\\/\\\/schema.org\",\"@graph\":[{\"@type\":\"Article\",\"@id\":\"https:\\\/\\\/www.cltweb.org\\\/pt-br\\\/2025\\\/11\\\/28\\\/dia-mundial-da-clt-uma-celebracao-global-de-solidariedade-1\\\/#article\",\"isPartOf\":{\"@id\":\"https:\\\/\\\/www.cltweb.org\\\/pt-br\\\/2025\\\/11\\\/28\\\/dia-mundial-da-clt-uma-celebracao-global-de-solidariedade-1\\\/\"},\"author\":{\"name\":\"Ben Harris\",\"@id\":\"https:\\\/\\\/www.cltweb.org\\\/pt-br\\\/#\\\/schema\\\/person\\\/7c9fe56cc945e4b57585dbfe30f2ead4\"},\"headline\":\"Construindo juntos por meio da colabora\u00e7\u00e3o\",\"datePublished\":\"2025-11-28T20:17:44+00:00\",\"dateModified\":\"2025-12-01T18:27:42+00:00\",\"mainEntityOfPage\":{\"@id\":\"https:\\\/\\\/www.cltweb.org\\\/pt-br\\\/2025\\\/11\\\/28\\\/dia-mundial-da-clt-uma-celebracao-global-de-solidariedade-1\\\/\"},\"wordCount\":1033,\"publisher\":{\"@id\":\"https:\\\/\\\/www.cltweb.org\\\/pt-br\\\/#organization\"},\"image\":{\"@id\":\"https:\\\/\\\/www.cltweb.org\\\/pt-br\\\/2025\\\/11\\\/28\\\/dia-mundial-da-clt-uma-celebracao-global-de-solidariedade-1\\\/#primaryimage\"},\"thumbnailUrl\":\"https:\\\/\\\/www.cltweb.org\\\/wp-content\\\/uploads\\\/2025\\\/11\\\/Land-for-People-Not-for-Profit-Banner.gif\",\"keywords\":[\"comemora\u00e7\u00e3o\",\"dia mundial da clt\",\"solidariedade\"],\"articleSection\":[\"N\u00e3o categorizado\"],\"inLanguage\":\"pt-BR\"},{\"@type\":\"WebPage\",\"@id\":\"https:\\\/\\\/www.cltweb.org\\\/pt-br\\\/2025\\\/11\\\/28\\\/dia-mundial-da-clt-uma-celebracao-global-de-solidariedade-1\\\/\",\"url\":\"https:\\\/\\\/www.cltweb.org\\\/pt-br\\\/2025\\\/11\\\/28\\\/dia-mundial-da-clt-uma-celebracao-global-de-solidariedade-1\\\/\",\"name\":\"Construindo juntos por meio da colabora\u00e7\u00e3o - International Center for Community Land Trusts\",\"isPartOf\":{\"@id\":\"https:\\\/\\\/www.cltweb.org\\\/pt-br\\\/#website\"},\"primaryImageOfPage\":{\"@id\":\"https:\\\/\\\/www.cltweb.org\\\/pt-br\\\/2025\\\/11\\\/28\\\/dia-mundial-da-clt-uma-celebracao-global-de-solidariedade-1\\\/#primaryimage\"},\"image\":{\"@id\":\"https:\\\/\\\/www.cltweb.org\\\/pt-br\\\/2025\\\/11\\\/28\\\/dia-mundial-da-clt-uma-celebracao-global-de-solidariedade-1\\\/#primaryimage\"},\"thumbnailUrl\":\"https:\\\/\\\/www.cltweb.org\\\/wp-content\\\/uploads\\\/2025\\\/11\\\/Land-for-People-Not-for-Profit-Banner.gif\",\"datePublished\":\"2025-11-28T20:17:44+00:00\",\"dateModified\":\"2025-12-01T18:27:42+00:00\",\"breadcrumb\":{\"@id\":\"https:\\\/\\\/www.cltweb.org\\\/pt-br\\\/2025\\\/11\\\/28\\\/dia-mundial-da-clt-uma-celebracao-global-de-solidariedade-1\\\/#breadcrumb\"},\"inLanguage\":\"pt-BR\",\"potentialAction\":[{\"@type\":\"ReadAction\",\"target\":[\"https:\\\/\\\/www.cltweb.org\\\/pt-br\\\/2025\\\/11\\\/28\\\/dia-mundial-da-clt-uma-celebracao-global-de-solidariedade-1\\\/\"]}]},{\"@type\":\"ImageObject\",\"inLanguage\":\"pt-BR\",\"@id\":\"https:\\\/\\\/www.cltweb.org\\\/pt-br\\\/2025\\\/11\\\/28\\\/dia-mundial-da-clt-uma-celebracao-global-de-solidariedade-1\\\/#primaryimage\",\"url\":\"https:\\\/\\\/www.cltweb.org\\\/wp-content\\\/uploads\\\/2025\\\/11\\\/Land-for-People-Not-for-Profit-Banner.gif\",\"contentUrl\":\"https:\\\/\\\/www.cltweb.org\\\/wp-content\\\/uploads\\\/2025\\\/11\\\/Land-for-People-Not-for-Profit-Banner.gif\"},{\"@type\":\"BreadcrumbList\",\"@id\":\"https:\\\/\\\/www.cltweb.org\\\/pt-br\\\/2025\\\/11\\\/28\\\/dia-mundial-da-clt-uma-celebracao-global-de-solidariedade-1\\\/#breadcrumb\",\"itemListElement\":[{\"@type\":\"ListItem\",\"position\":1,\"name\":\"Home\",\"item\":\"https:\\\/\\\/www.cltweb.org\\\/pt-br\\\/\"},{\"@type\":\"ListItem\",\"position\":2,\"name\":\"Construindo juntos por meio da colabora\u00e7\u00e3o\"}]},{\"@type\":\"WebSite\",\"@id\":\"https:\\\/\\\/www.cltweb.org\\\/pt-br\\\/#website\",\"url\":\"https:\\\/\\\/www.cltweb.org\\\/pt-br\\\/\",\"name\":\"International Center for Community Land Trusts\",\"description\":\"\",\"publisher\":{\"@id\":\"https:\\\/\\\/www.cltweb.org\\\/pt-br\\\/#organization\"},\"potentialAction\":[{\"@type\":\"SearchAction\",\"target\":{\"@type\":\"EntryPoint\",\"urlTemplate\":\"https:\\\/\\\/www.cltweb.org\\\/pt-br\\\/?s={search_term_string}\"},\"query-input\":{\"@type\":\"PropertyValueSpecification\",\"valueRequired\":true,\"valueName\":\"search_term_string\"}}],\"inLanguage\":\"pt-BR\"},{\"@type\":\"Organization\",\"@id\":\"https:\\\/\\\/www.cltweb.org\\\/pt-br\\\/#organization\",\"name\":\"International Center for Community Land Trusts\",\"url\":\"https:\\\/\\\/www.cltweb.org\\\/pt-br\\\/\",\"logo\":{\"@type\":\"ImageObject\",\"inLanguage\":\"pt-BR\",\"@id\":\"https:\\\/\\\/www.cltweb.org\\\/pt-br\\\/#\\\/schema\\\/logo\\\/image\\\/\",\"url\":\"https:\\\/\\\/www.cltweb.org\\\/wp-content\\\/uploads\\\/2024\\\/11\\\/New-CLT-Center-Text-logo.png\",\"contentUrl\":\"https:\\\/\\\/www.cltweb.org\\\/wp-content\\\/uploads\\\/2024\\\/11\\\/New-CLT-Center-Text-logo.png\",\"width\":227,\"height\":80,\"caption\":\"International Center for Community Land Trusts\"},\"image\":{\"@id\":\"https:\\\/\\\/www.cltweb.org\\\/pt-br\\\/#\\\/schema\\\/logo\\\/image\\\/\"},\"sameAs\":[\"https:\\\/\\\/www.facebook.com\\\/cltcenter\",\"https:\\\/\\\/x.com\\\/Center4CLTs\",\"https:\\\/\\\/www.instagram.com\\\/cltcenter\\\/\",\"https:\\\/\\\/www.linkedin.com\\\/company\\\/cltcenter\",\"https:\\\/\\\/www.youtube.com\\\/@centerforcltinnovation5313\"],\"description\":\"The International Center for Community Land Trusts is a not-for-profit nongovernmental organization established in 2018 to promote and to support community land trusts and similar strategies of community-led development on community-owned land in countries throughout the world.\",\"email\":\"info@communitylandtrust.net\",\"legalName\":\"International Center for Community Land Trusts\",\"foundingDate\":\"2018-12-01\",\"taxID\":\"84-3858933\",\"numberOfEmployees\":{\"@type\":\"QuantitativeValue\",\"minValue\":\"1\",\"maxValue\":\"10\"}},{\"@type\":\"Person\",\"@id\":\"https:\\\/\\\/www.cltweb.org\\\/pt-br\\\/#\\\/schema\\\/person\\\/7c9fe56cc945e4b57585dbfe30f2ead4\",\"name\":\"Ben Harris\",\"image\":{\"@type\":\"ImageObject\",\"inLanguage\":\"pt-BR\",\"@id\":\"https:\\\/\\\/secure.gravatar.com\\\/avatar\\\/12a44d8988553548c22c57da673ee8ffb7e0b87b0197beec533bae3061a92cc5?s=96&d=mm&r=g\",\"url\":\"https:\\\/\\\/secure.gravatar.com\\\/avatar\\\/12a44d8988553548c22c57da673ee8ffb7e0b87b0197beec533bae3061a92cc5?s=96&d=mm&r=g\",\"contentUrl\":\"https:\\\/\\\/secure.gravatar.com\\\/avatar\\\/12a44d8988553548c22c57da673ee8ffb7e0b87b0197beec533bae3061a92cc5?s=96&d=mm&r=g\",\"caption\":\"Ben Harris\"},\"url\":\"https:\\\/\\\/www.cltweb.org\\\/pt-br\\\/author\\\/ben\\\/\"}]}<\/script>\n<!-- \/ Yoast SEO Premium plugin. -->","yoast_head_json":{"title":"Construindo juntos por meio da colabora\u00e7\u00e3o - International Center for Community Land Trusts","robots":{"index":"index","follow":"follow","max-snippet":"max-snippet:-1","max-image-preview":"max-image-preview:large","max-video-preview":"max-video-preview:-1"},"canonical":"https:\/\/www.cltweb.org\/pt-br\/2025\/11\/28\/dia-mundial-da-clt-uma-celebracao-global-de-solidariedade-1\/","og_locale":"pt_BR","og_type":"article","og_title":"Construindo juntos por meio da colabora\u00e7\u00e3o","og_description":"Esta hist\u00f3ria faz parte de nossa campanha de fim de ano que celebra como o Centro CLT est\u00e1 trabalhando para atender ao movimento global de CLT. Nesta semana, estamos destacando [&hellip;]","og_url":"https:\/\/www.cltweb.org\/pt-br\/2025\/11\/28\/dia-mundial-da-clt-uma-celebracao-global-de-solidariedade-1\/","og_site_name":"International Center for Community Land Trusts","article_publisher":"https:\/\/www.facebook.com\/cltcenter","article_published_time":"2025-11-28T20:17:44+00:00","article_modified_time":"2025-12-01T18:27:42+00:00","og_image":[{"width":1500,"height":300,"url":"https:\/\/www.cltweb.org\/wp-content\/uploads\/2025\/11\/Land-for-People-Not-for-Profit-Banner.gif","type":"image\/gif"}],"author":"Ben Harris","twitter_card":"summary_large_image","twitter_creator":"@Center4CLTs","twitter_site":"@Center4CLTs","twitter_misc":{"Escrito por":"Ben Harris","Est. tempo de leitura":"5 minutos"},"schema":{"@context":"https:\/\/schema.org","@graph":[{"@type":"Article","@id":"https:\/\/www.cltweb.org\/pt-br\/2025\/11\/28\/dia-mundial-da-clt-uma-celebracao-global-de-solidariedade-1\/#article","isPartOf":{"@id":"https:\/\/www.cltweb.org\/pt-br\/2025\/11\/28\/dia-mundial-da-clt-uma-celebracao-global-de-solidariedade-1\/"},"author":{"name":"Ben Harris","@id":"https:\/\/www.cltweb.org\/pt-br\/#\/schema\/person\/7c9fe56cc945e4b57585dbfe30f2ead4"},"headline":"Construindo juntos por meio da colabora\u00e7\u00e3o","datePublished":"2025-11-28T20:17:44+00:00","dateModified":"2025-12-01T18:27:42+00:00","mainEntityOfPage":{"@id":"https:\/\/www.cltweb.org\/pt-br\/2025\/11\/28\/dia-mundial-da-clt-uma-celebracao-global-de-solidariedade-1\/"},"wordCount":1033,"publisher":{"@id":"https:\/\/www.cltweb.org\/pt-br\/#organization"},"image":{"@id":"https:\/\/www.cltweb.org\/pt-br\/2025\/11\/28\/dia-mundial-da-clt-uma-celebracao-global-de-solidariedade-1\/#primaryimage"},"thumbnailUrl":"https:\/\/www.cltweb.org\/wp-content\/uploads\/2025\/11\/Land-for-People-Not-for-Profit-Banner.gif","keywords":["comemora\u00e7\u00e3o","dia mundial da clt","solidariedade"],"articleSection":["N\u00e3o categorizado"],"inLanguage":"pt-BR"},{"@type":"WebPage","@id":"https:\/\/www.cltweb.org\/pt-br\/2025\/11\/28\/dia-mundial-da-clt-uma-celebracao-global-de-solidariedade-1\/","url":"https:\/\/www.cltweb.org\/pt-br\/2025\/11\/28\/dia-mundial-da-clt-uma-celebracao-global-de-solidariedade-1\/","name":"Construindo juntos por meio da colabora\u00e7\u00e3o - International Center for Community Land Trusts","isPartOf":{"@id":"https:\/\/www.cltweb.org\/pt-br\/#website"},"primaryImageOfPage":{"@id":"https:\/\/www.cltweb.org\/pt-br\/2025\/11\/28\/dia-mundial-da-clt-uma-celebracao-global-de-solidariedade-1\/#primaryimage"},"image":{"@id":"https:\/\/www.cltweb.org\/pt-br\/2025\/11\/28\/dia-mundial-da-clt-uma-celebracao-global-de-solidariedade-1\/#primaryimage"},"thumbnailUrl":"https:\/\/www.cltweb.org\/wp-content\/uploads\/2025\/11\/Land-for-People-Not-for-Profit-Banner.gif","datePublished":"2025-11-28T20:17:44+00:00","dateModified":"2025-12-01T18:27:42+00:00","breadcrumb":{"@id":"https:\/\/www.cltweb.org\/pt-br\/2025\/11\/28\/dia-mundial-da-clt-uma-celebracao-global-de-solidariedade-1\/#breadcrumb"},"inLanguage":"pt-BR","potentialAction":[{"@type":"ReadAction","target":["https:\/\/www.cltweb.org\/pt-br\/2025\/11\/28\/dia-mundial-da-clt-uma-celebracao-global-de-solidariedade-1\/"]}]},{"@type":"ImageObject","inLanguage":"pt-BR","@id":"https:\/\/www.cltweb.org\/pt-br\/2025\/11\/28\/dia-mundial-da-clt-uma-celebracao-global-de-solidariedade-1\/#primaryimage","url":"https:\/\/www.cltweb.org\/wp-content\/uploads\/2025\/11\/Land-for-People-Not-for-Profit-Banner.gif","contentUrl":"https:\/\/www.cltweb.org\/wp-content\/uploads\/2025\/11\/Land-for-People-Not-for-Profit-Banner.gif"},{"@type":"BreadcrumbList","@id":"https:\/\/www.cltweb.org\/pt-br\/2025\/11\/28\/dia-mundial-da-clt-uma-celebracao-global-de-solidariedade-1\/#breadcrumb","itemListElement":[{"@type":"ListItem","position":1,"name":"Home","item":"https:\/\/www.cltweb.org\/pt-br\/"},{"@type":"ListItem","position":2,"name":"Construindo juntos por meio da colabora\u00e7\u00e3o"}]},{"@type":"WebSite","@id":"https:\/\/www.cltweb.org\/pt-br\/#website","url":"https:\/\/www.cltweb.org\/pt-br\/","name":"International Center for Community Land Trusts","description":"","publisher":{"@id":"https:\/\/www.cltweb.org\/pt-br\/#organization"},"potentialAction":[{"@type":"SearchAction","target":{"@type":"EntryPoint","urlTemplate":"https:\/\/www.cltweb.org\/pt-br\/?s={search_term_string}"},"query-input":{"@type":"PropertyValueSpecification","valueRequired":true,"valueName":"search_term_string"}}],"inLanguage":"pt-BR"},{"@type":"Organization","@id":"https:\/\/www.cltweb.org\/pt-br\/#organization","name":"International Center for Community Land Trusts","url":"https:\/\/www.cltweb.org\/pt-br\/","logo":{"@type":"ImageObject","inLanguage":"pt-BR","@id":"https:\/\/www.cltweb.org\/pt-br\/#\/schema\/logo\/image\/","url":"https:\/\/www.cltweb.org\/wp-content\/uploads\/2024\/11\/New-CLT-Center-Text-logo.png","contentUrl":"https:\/\/www.cltweb.org\/wp-content\/uploads\/2024\/11\/New-CLT-Center-Text-logo.png","width":227,"height":80,"caption":"International Center for Community Land Trusts"},"image":{"@id":"https:\/\/www.cltweb.org\/pt-br\/#\/schema\/logo\/image\/"},"sameAs":["https:\/\/www.facebook.com\/cltcenter","https:\/\/x.com\/Center4CLTs","https:\/\/www.instagram.com\/cltcenter\/","https:\/\/www.linkedin.com\/company\/cltcenter","https:\/\/www.youtube.com\/@centerforcltinnovation5313"],"description":"The International Center for Community Land Trusts is a not-for-profit nongovernmental organization established in 2018 to promote and to support community land trusts and similar strategies of community-led development on community-owned land in countries throughout the world.","email":"info@communitylandtrust.net","legalName":"International Center for Community Land Trusts","foundingDate":"2018-12-01","taxID":"84-3858933","numberOfEmployees":{"@type":"QuantitativeValue","minValue":"1","maxValue":"10"}},{"@type":"Person","@id":"https:\/\/www.cltweb.org\/pt-br\/#\/schema\/person\/7c9fe56cc945e4b57585dbfe30f2ead4","name":"Ben Harris","image":{"@type":"ImageObject","inLanguage":"pt-BR","@id":"https:\/\/secure.gravatar.com\/avatar\/12a44d8988553548c22c57da673ee8ffb7e0b87b0197beec533bae3061a92cc5?s=96&d=mm&r=g","url":"https:\/\/secure.gravatar.com\/avatar\/12a44d8988553548c22c57da673ee8ffb7e0b87b0197beec533bae3061a92cc5?s=96&d=mm&r=g","contentUrl":"https:\/\/secure.gravatar.com\/avatar\/12a44d8988553548c22c57da673ee8ffb7e0b87b0197beec533bae3061a92cc5?s=96&d=mm&r=g","caption":"Ben Harris"},"url":"https:\/\/www.cltweb.org\/pt-br\/author\/ben\/"}]}},"taxonomy_info":{"category":[{"value":27,"label":"N\u00e3o categorizado"}],"post_tag":[{"value":389,"label":"comemora\u00e7\u00e3o"},{"value":387,"label":"dia mundial da clt"},{"value":388,"label":"solidariedade"}]},"featured_image_src_large":false,"author_info":{"display_name":"Ben Harris","author_link":"https:\/\/www.cltweb.org\/pt-br\/author\/ben\/"},"comment_info":0,"category_info":[{"term_id":27,"name":"N\u00e3o categorizado","slug":"nao-categorizado","term_group":0,"term_taxonomy_id":27,"taxonomy":"category","description":"","parent":0,"count":20,"filter":"raw","cat_ID":27,"category_count":20,"category_description":"","cat_name":"N\u00e3o categorizado","category_nicename":"nao-categorizado","category_parent":0}],"tag_info":[{"term_id":389,"name":"comemora\u00e7\u00e3o","slug":"comemoracao","term_group":0,"term_taxonomy_id":389,"taxonomy":"post_tag","description":"","parent":0,"count":2,"filter":"raw"},{"term_id":387,"name":"dia mundial da clt","slug":"dia-mundial-da-clt","term_group":0,"term_taxonomy_id":387,"taxonomy":"post_tag","description":"","parent":0,"count":13,"filter":"raw"},{"term_id":388,"name":"solidariedade","slug":"solidariedade","term_group":0,"term_taxonomy_id":388,"taxonomy":"post_tag","description":"","parent":0,"count":2,"filter":"raw"}],"jetpack_featured_media_url":"","jetpack_sharing_enabled":true,"jetpack-related-posts":[{"id":7246,"url":"https:\/\/www.cltweb.org\/pt-br\/2024\/09\/03\/introducao-ao-uso-de-clts-para-fornecer-renovacao-de-energia-e-acessibilidade-permanente-a-moradias-existentes\/","url_meta":{"origin":10801,"position":0},"title":"Introdu\u00e7\u00e3o ao uso de CLTs para fornecer renova\u00e7\u00e3o de energia e acessibilidade permanente a moradias existentes","author":"cltredesign_0jp0l4","date":"3 de setembro de 2024","format":false,"excerpt":"A contribui\u00e7\u00e3o a seguir foi escrita por Richard Kruger Delgado, gerente de educa\u00e7\u00e3o e divulga\u00e7\u00e3o do International Center for Community Land Trusts, para apresentar o pr\u00f3ximo webinar em 25 de setembro. \"Estamos no neg\u00f3cio de 'n\u00e3o deixar as pessoas para tr\u00e1s'.\" - John Davis, Centro Internacional de Fundos de Terras\u2026","rel":"","context":"Em &quot;Blogs&quot;","block_context":{"text":"Blogs","link":"https:\/\/www.cltweb.org\/pt-br\/category\/blogs-pt-br\/"},"img":{"alt_text":"","src":"","width":0,"height":0},"classes":[]},{"id":9521,"url":"https:\/\/www.cltweb.org\/pt-br\/2025\/05\/21\/commons-for-justice-clts-em-todos-os-continentes-no-festival-internacional-de-habitacao-social\/","url_meta":{"origin":10801,"position":1},"title":"Commons for Justice: CLTs em todos os continentes no Festival Internacional de Habita\u00e7\u00e3o Social","author":"Ben Harris","date":"21 de maio de 2025","format":false,"excerpt":"Em uma \u00e9poca marcada por crises habitacionais, mercados de terras extrativistas e crescente desigualdade, as comunidades de todo o mundo est\u00e3o recuperando os bens comuns. No 2025 International Social Housing Festival, em Dublin, Irlanda (4 a 6 de junho), a European Community Land Trust Network realizar\u00e1 um semin\u00e1rio de 105\u2026","rel":"","context":"Em &quot;Blogs&quot;","block_context":{"text":"Blogs","link":"https:\/\/www.cltweb.org\/pt-br\/category\/blogs-pt-br\/"},"img":{"alt_text":"","src":"https:\/\/i0.wp.com\/www.cltweb.org\/wp-content\/uploads\/2025\/05\/Juliet-Can.jpeg?resize=350%2C200&ssl=1","width":350,"height":200},"classes":[]},{"id":6581,"url":"https:\/\/www.cltweb.org\/pt-br\/2022\/10\/20\/o-mundo-da-clt-e-um-mundo-de-negocios\/","url_meta":{"origin":10801,"position":2},"title":"O mundo da CLT \u00e9 um mundo de neg\u00f3cios","author":"cltredesign_0jp0l4","date":"20 de outubro de 2022","format":false,"excerpt":"H\u00e1 dez dias, na primeira reuni\u00e3o do CLT Gent e do CLT Vlaanderen, voc\u00ea pode encontrar dois gastos proeminentes, que foram feitos durante o dia do Wereld CLT.","rel":"","context":"Em &quot;N\u00e3o categorizado&quot;","block_context":{"text":"N\u00e3o categorizado","link":"https:\/\/www.cltweb.org\/pt-br\/category\/nao-categorizado\/"},"img":{"alt_text":"Logotipo da CLT Gent","src":"https:\/\/i0.wp.com\/www.cltweb.org\/wp-content\/uploads\/2022\/10\/CLT-Gent-logo-edited.png?resize=350%2C200&ssl=1","width":350,"height":200},"classes":[]},{"id":10665,"url":"https:\/\/www.cltweb.org\/pt-br\/2025\/11\/17\/clts-e-acao-climatica-um-movimento-crescente-para-uma-transicao-justa\/","url_meta":{"origin":10801,"position":3},"title":"CLTs e a\u00e7\u00e3o clim\u00e1tica: Um movimento crescente para uma transi\u00e7\u00e3o justa","author":"Ben Harris","date":"17 de novembro de 2025","format":false,"excerpt":"Esta hist\u00f3ria faz parte de nossa campanha de fim de ano que celebra como o Centro CLT est\u00e1 trabalhando para atender ao movimento global de CLT. Nesta semana, estamos destacando : A Iniciativa de Justi\u00e7a Clim\u00e1tica A emerg\u00eancia clim\u00e1tica n\u00e3o \u00e9 mais uma amea\u00e7a distante: ela est\u00e1 aqui, remodelando onde\u2026","rel":"","context":"Em &quot;Iniciativa de Justi\u00e7a Clim\u00e1tica&quot;","block_context":{"text":"Iniciativa de Justi\u00e7a Clim\u00e1tica","link":"https:\/\/www.cltweb.org\/pt-br\/category\/iniciativa-de-justica-climatica\/"},"img":{"alt_text":"","src":"https:\/\/i0.wp.com\/www.cltweb.org\/wp-content\/uploads\/2025\/11\/Land-for-People-Not-for-Profit-Banner.gif?resize=350%2C200&ssl=1","width":350,"height":200,"srcset":"https:\/\/i0.wp.com\/www.cltweb.org\/wp-content\/uploads\/2025\/11\/Land-for-People-Not-for-Profit-Banner.gif?resize=350%2C200&ssl=1 1x, https:\/\/i0.wp.com\/www.cltweb.org\/wp-content\/uploads\/2025\/11\/Land-for-People-Not-for-Profit-Banner.gif?resize=525%2C300&ssl=1 1.5x, https:\/\/i0.wp.com\/www.cltweb.org\/wp-content\/uploads\/2025\/11\/Land-for-People-Not-for-Profit-Banner.gif?resize=700%2C400&ssl=1 2x, https:\/\/i0.wp.com\/www.cltweb.org\/wp-content\/uploads\/2025\/11\/Land-for-People-Not-for-Profit-Banner.gif?resize=1050%2C600&ssl=1 3x, https:\/\/i0.wp.com\/www.cltweb.org\/wp-content\/uploads\/2025\/11\/Land-for-People-Not-for-Profit-Banner.gif?resize=1400%2C800&ssl=1 4x"},"classes":[]},{"id":6588,"url":"https:\/\/www.cltweb.org\/pt-br\/2022\/10\/12\/o-impacto-do-modelo-clt-leitura-de-experiencias-de-sucesso-internacional\/","url_meta":{"origin":10801,"position":4},"title":"O impacto do modelo CLT &#8211; leitura de experi\u00eancias de sucesso internacional","author":"cltredesign_0jp0l4","date":"12 de outubro de 2022","format":false,"excerpt":"Voc\u00ea pode ver as diversas abordagens que existem para o modelo CLT. Na \u00faltima semana, voc\u00ea estava em contato com os CLTs belgas. A partir de agora, voc\u00ea pode come\u00e7ar a trabalhar com os grupos de terra e encontrar grandes divulgadores internacionais no programa para licenciar o modelo CLT com\u2026","rel":"","context":"Em &quot;N\u00e3o categorizado&quot;","block_context":{"text":"N\u00e3o categorizado","link":"https:\/\/www.cltweb.org\/pt-br\/category\/nao-categorizado\/"},"img":{"alt_text":"","src":"","width":0,"height":0},"classes":[]},{"id":7687,"url":"https:\/\/www.cltweb.org\/pt-br\/2024\/11\/11\/introducao-ao-poder-e-a-lideranca-dos-jovens-na-pratica-do-community-land-trust\/","url_meta":{"origin":10801,"position":5},"title":"Introdu\u00e7\u00e3o ao poder e \u00e0 lideran\u00e7a dos jovens na pr\u00e1tica do Community Land Trust","author":"Ben Harris","date":"11 de novembro de 2024","format":false,"excerpt":"Por Richard Kruger Delgado A contribui\u00e7\u00e3o a seguir foi escrita por Richard Kruger Delgado, gerente de educa\u00e7\u00e3o e divulga\u00e7\u00e3o do International Center for Community Land Trusts, como contribui\u00e7\u00e3o para o pr\u00f3ximo webinar sobre \"Stewarding the Future: Poder e lideran\u00e7a dos jovens na pr\u00e1tica do Community Land Trust\", em 4 de\u2026","rel":"","context":"Em &quot;Blogs&quot;","block_context":{"text":"Blogs","link":"https:\/\/www.cltweb.org\/pt-br\/category\/blogs-pt-br\/"},"img":{"alt_text":"","src":"https:\/\/i0.wp.com\/www.cltweb.org\/wp-content\/uploads\/2024\/11\/Screenshot-2024-11-11-at-5.46.26%E2%80%AFPM.png?resize=350%2C200&ssl=1","width":350,"height":200,"srcset":"https:\/\/i0.wp.com\/www.cltweb.org\/wp-content\/uploads\/2024\/11\/Screenshot-2024-11-11-at-5.46.26%E2%80%AFPM.png?resize=350%2C200&ssl=1 1x, https:\/\/i0.wp.com\/www.cltweb.org\/wp-content\/uploads\/2024\/11\/Screenshot-2024-11-11-at-5.46.26%E2%80%AFPM.png?resize=525%2C300&ssl=1 1.5x, https:\/\/i0.wp.com\/www.cltweb.org\/wp-content\/uploads\/2024\/11\/Screenshot-2024-11-11-at-5.46.26%E2%80%AFPM.png?resize=700%2C400&ssl=1 2x"},"classes":[]}],"_links":{"self":[{"href":"https:\/\/www.cltweb.org\/pt-br\/wp-json\/wp\/v2\/posts\/10801","targetHints":{"allow":["GET"]}}],"collection":[{"href":"https:\/\/www.cltweb.org\/pt-br\/wp-json\/wp\/v2\/posts"}],"about":[{"href":"https:\/\/www.cltweb.org\/pt-br\/wp-json\/wp\/v2\/types\/post"}],"author":[{"embeddable":true,"href":"https:\/\/www.cltweb.org\/pt-br\/wp-json\/wp\/v2\/users\/2"}],"replies":[{"embeddable":true,"href":"https:\/\/www.cltweb.org\/pt-br\/wp-json\/wp\/v2\/comments?post=10801"}],"version-history":[{"count":11,"href":"https:\/\/www.cltweb.org\/pt-br\/wp-json\/wp\/v2\/posts\/10801\/revisions"}],"predecessor-version":[{"id":10865,"href":"https:\/\/www.cltweb.org\/pt-br\/wp-json\/wp\/v2\/posts\/10801\/revisions\/10865"}],"wp:attachment":[{"href":"https:\/\/www.cltweb.org\/pt-br\/wp-json\/wp\/v2\/media?parent=10801"}],"wp:term":[{"taxonomy":"category","embeddable":true,"href":"https:\/\/www.cltweb.org\/pt-br\/wp-json\/wp\/v2\/categories?post=10801"},{"taxonomy":"post_tag","embeddable":true,"href":"https:\/\/www.cltweb.org\/pt-br\/wp-json\/wp\/v2\/tags?post=10801"}],"curies":[{"name":"wp","href":"https:\/\/api.w.org\/{rel}","templated":true}]}}