{"id":10897,"date":"2025-12-08T18:54:15","date_gmt":"2025-12-08T18:54:15","guid":{"rendered":"https:\/\/www.cltweb.org\/2025\/12\/08\/terra-nostra-press-e-a-memoria-do-movimento-clt\/"},"modified":"2025-12-08T18:55:23","modified_gmt":"2025-12-08T18:55:23","slug":"terra-nostra-press-e-a-memoria-do-movimento-clt","status":"publish","type":"post","link":"https:\/\/www.cltweb.org\/pt-br\/2025\/12\/08\/terra-nostra-press-e-a-memoria-do-movimento-clt\/","title":{"rendered":"Terra Nostra Press e a mem\u00f3ria do movimento CLT"},"content":{"rendered":"\n<figure class=\"wp-block-image size-full\"><img loading=\"lazy\" decoding=\"async\" width=\"1500\" height=\"300\" src=\"https:\/\/www.cltweb.org\/wp-content\/uploads\/2025\/11\/Land-for-People-Not-for-Profit-Banner.gif\" alt=\"\" class=\"wp-image-10618\"\/><\/figure>\n\n<p><strong><em>Esta hist\u00f3ria faz parte de nossa <a href=\"https:\/\/www.cltweb.org\/pt-br\/2025\/11\/11\/terra-para-as-pessoas-nao-para-o-lucro-construindo-a-infraestrutura-de-um-movimento-global\/\" target=\"_blank\" rel=\"noreferrer noopener\">campanha de fim de ano<\/a> que celebra como o Centro CLT<em>  est\u00e1 trabalhando para atender ao movimento global de CLT. Nesta semana, estamos destacando <\/em>:<\/em><\/strong><\/p>\n\n<h2 class=\"wp-block-heading has-text-align-center has-palette-color-4-color has-luminous-vivid-amber-background-color has-text-color has-background has-link-color wp-elements-9f4085050edd45d622b8733c22acdecb\" id=\"h-terra-nostra-press\" style=\"padding-top:var(--wp--preset--spacing--20);padding-right:0;padding-bottom:var(--wp--preset--spacing--20);padding-left:0\">Terra Nostra Press<\/h2>\n\n<p>Todo movimento precisa de mem\u00f3ria.<\/p>\n\n<p>Assim como as terras e as casas que os CLTs administram para as gera\u00e7\u00f5es presentes e futuras, as hist\u00f3rias, ideias e li\u00e7\u00f5es que orientam nosso trabalho tamb\u00e9m devem ser mantidas em confian\u00e7a. Desde 2020, <a href=\"https:\/\/www.cltweb.org\/pt-br\/terra-nostra-press\/\" target=\"_blank\" rel=\"noreferrer noopener\">a Terra Nostra Press<\/a> tem sido a editora do movimento global de CLT: documentando sua evolu\u00e7\u00e3o, capturando seus experimentos e ampliando as vozes daqueles que est\u00e3o administrando terras de propriedade da comunidade e construindo moradias permanentemente acess\u00edveis em todo o mundo. <\/p>\n\n<p>Por meio de livros, relat\u00f3rios, tradu\u00e7\u00f5es e coment\u00e1rios, a Terra Nostra Press garante que o conhecimento duramente conquistado por uma gera\u00e7\u00e3o se torne o ponto de partida para a pr\u00f3xima. Suas p\u00e1ginas trazem as hist\u00f3rias dos CLTs pioneiros, as reflex\u00f5es dos l\u00edderes do movimento e as orienta\u00e7\u00f5es pr\u00e1ticas nas quais os organizadores de todos os lugares confiam para adaptar o modelo \u00e0s suas pr\u00f3prias realidades. <\/p>\n\n<h2 class=\"wp-block-heading\" id=\"h-a-living-library-for-a-global-movement\"><strong>Uma biblioteca viva para um movimento global<\/strong><\/h2>\n\n<p>A Terra Nostra Press faz parte de algo maior: um ecossistema de conhecimento que mant\u00e9m o movimento CLT conectado e consciente de si mesmo. Assim como os CLTs protegem a terra e administram os edif\u00edcios perpetuamente, a Terra Nostra Press protege a sabedoria coletiva do movimento, mantendo-a acess\u00edvel, multil\u00edngue e permanente. Ao documentar, publicar e preservar o conhecimento essencial, o Centro CLT garante que o que \u00e9 aprendido hoje permanecer\u00e1 dispon\u00edvel para aqueles que continuarem o trabalho amanh\u00e3.  <\/p>\n\n<p>Juntamente com a imprensa, a biblioteca on-line do Centro CLT re\u00fane e preserva a mem\u00f3ria coletiva do movimento. Juntos, esses recursos contam a hist\u00f3ria de um movimento que aprende por meio do conhecimento que \u00e9 livremente compartilhado &#8211; um movimento que valoriza o acesso aberto onde a pr\u00e1tica, a pol\u00edtica e a experi\u00eancia vivida se encontram: <\/p>\n\n<ul class=\"wp-block-list\">\n<li>Uma <a href=\"https:\/\/www.cltweb.org\/pt-br\/biblioteca-de-recursos\/linha-do-tempo-do-movimento-clt\/\" target=\"_blank\" rel=\"noreferrer noopener\">linha do tempo global do CLT<\/a> tra\u00e7ando mais de cinco d\u00e9cadas de hist\u00f3ria do movimento<\/li>\n\n\n\n<li>Um conjunto crescente de <a href=\"https:\/\/www.cltweb.org\/pt-br\/biblioteca-de-recursos\/estudos-de-caso-clt\/\" target=\"_blank\" rel=\"noreferrer noopener\">estudos de caso<\/a> de CLTs urbanos e rurais em todo o mundo<\/li>\n\n\n\n<li><a href=\"https:\/\/www.cltweb.org\/pt-br\/biblioteca-de-recursos\/entrevistas\/\" target=\"_blank\" rel=\"noreferrer noopener\">Entrevistas<\/a> com fundadores, residentes e profissionais reflexivos<\/li>\n\n\n\n<li>Uma cole\u00e7\u00e3o com curadoria de <a href=\"https:\/\/www.cltweb.org\/pt-br\/biblioteca-de-recursos\/pesquisa-academica\/\" target=\"_blank\" rel=\"noreferrer noopener\">pesquisas acad\u00eamicas<\/a><\/li>\n\n\n\n<li>Uma <a href=\"https:\/\/www.cltweb.org\/pt-br\/biblioteca-de-recursos\/bibliografia\/\" target=\"_blank\" rel=\"noreferrer noopener\">bibliografia internacional multil\u00edngue sobre CLT<\/a><\/li>\n\n\n\n<li><a href=\"https:\/\/www.cltweb.org\/pt-br\/biblioteca-de-recursos\/manuais-e-guias\/\" target=\"_blank\" rel=\"noreferrer noopener\">Manuais e guias<\/a> para iniciar e manter CLTs<\/li>\n\n\n\n<li>Um <a href=\"https:\/\/www.cltweb.org\/pt-br\/biblioteca-de-recursos\/banco-de-dados-de-leis-estaduais-dos-eua\/\" target=\"_blank\" rel=\"noreferrer noopener\">banco de dados de leis e pol\u00edticas de apoio aos CLTs, estado por estado dos EUA<\/a> <\/li>\n\n\n\n<li><a href=\"https:\/\/www.cltweb.org\/pt-br\/biblioteca-de-recursos\/relatorios\/\" target=\"_blank\" rel=\"noreferrer noopener\">Relat\u00f3rios<\/a> e an\u00e1lises de pol\u00edticas<\/li>\n\n\n\n<li>Uma <a href=\"https:\/\/www.cltweb.org\/pt-br\/biblioteca-de-recursos\/biblioteca-de-videos\/\" target=\"_blank\" rel=\"noreferrer noopener\">biblioteca de v\u00eddeos<\/a> com palestras, conversas e imagens hist\u00f3ricas<\/li>\n<\/ul>\n\n<h2 class=\"wp-block-heading\" id=\"h-publishing-the-practice\"><strong>Publica\u00e7\u00e3o da pr\u00e1tica<\/strong><\/h2>\n\n<p>Desde a sua cria\u00e7\u00e3o, a Terra Nostra Press construiu um cat\u00e1logo que une a erudi\u00e7\u00e3o e a pr\u00e1tica, tornando ideias complexas acess\u00edveis a profissionais, residentes e pesquisadores. Este ano marcou um per\u00edodo especialmente vibrante de publica\u00e7\u00f5es, com lan\u00e7amentos novos e multil\u00edngues que expandiram o alcance do movimento CLT: <\/p>\n\n<ul class=\"wp-block-list\">\n<li><em><a href=\"https:\/\/www.cltweb.org\/pt-br\/terra-nostra-press\/catalogo\/nossa-terra-nossa-luta\/\" target=\"_blank\" rel=\"noreferrer noopener\">Nossa terra, nossa sobreviv\u00eancia<\/a><\/em> (Outubro de 2025)<\/li>\n\n\n\n<li><em><a href=\"https:\/\/www.cltweb.org\/pt-br\/biblioteca-de-recursos\/sul-global\/india\/\" target=\"_blank\" rel=\"noreferrer noopener\">CLTs para a \u00cdndia? Uma explora\u00e7\u00e3o do modelo de fideicomisso comunit\u00e1rio de terras para cidades indianas <\/a><\/em>  (Outubro de 2025)<\/li>\n\n\n\n<li><em><a href=\"https:\/\/www.lincolninst.edu\/es\/publications\/policy-focus-reports\/preservar-vivienda-asequible-alianzas-gobiernos-municipales-fideicomisos-comunitarios-tierras\/?utm_source=x&amp;utm_medium=organic_social&amp;utm_term=xxx_publication_housing&amp;utm_content=x2508_preserving_afford_home_es_pfr&amp;utm_campaign=preserving_affordable_homeown_es_launch_pfr\" target=\"_blank\" rel=\"noreferrer noopener\">Preservar a moradia acess\u00edvel<\/a><\/em> (Setembro de 2025; a edi\u00e7\u00e3o em espanhol de <em>Preserving Affordable Homeownership<\/em>, publicada pelo Lincoln Institute of Land Policy com pesquisa, reda\u00e7\u00e3o e colabora\u00e7\u00e3o editorial do CLT Center)<\/li>\n\n\n\n<li><em><a href=\"https:\/\/www.lincolninst.edu\/publications\/other\/international-commentaries-preserving-affordable-homeownership-public-partnerships-community-land-trusts\/?utm_term=xxx_publication_housing&amp;utm_content=outreach_icclt_intl_clt_essays&amp;utm_campaign=intl_clt_essays_2025_launch_opub\" target=\"_blank\" rel=\"noreferrer noopener\">Coment\u00e1rios internacionais sobre a preserva\u00e7\u00e3o da propriedade de im\u00f3veis a pre\u00e7os acess\u00edveis<\/a><\/em> (Maio de 2025, coordenado pelo CLT Center e publicado pelo Lincoln Institute)<\/li>\n<\/ul>\n\n<p>Olhando para o futuro, a Terra Nostra Press colaborar\u00e1 com a American Bar Association na produ\u00e7\u00e3o de uma cole\u00e7\u00e3o de ensaios sobre CLTs publicados anteriormente em revistas jur\u00eddicas e outros peri\u00f3dicos acad\u00eamicos. Com lan\u00e7amento previsto para o in\u00edcio de 2026, essa antologia ser\u00e1 um recurso valioso para professores e estudantes das \u00e1reas de direito, planejamento urbano e pol\u00edticas p\u00fablicas. <\/p>\n","protected":false},"excerpt":{"rendered":"<p>Esta hist\u00f3ria faz parte de nossa campanha de fim de ano que celebra como o Centro CLT est\u00e1 trabalhando para atender ao movimento global de CLT. Nesta semana, estamos destacando [&hellip;]<\/p>\n","protected":false},"author":2,"featured_media":0,"comment_status":"closed","ping_status":"open","sticky":false,"template":"","format":"standard","meta":{"give_campaign_id":0,"_tec_requires_first_save":true,"_kad_blocks_custom_css":"","_kad_blocks_head_custom_js":"","_kad_blocks_body_custom_js":"","_kad_blocks_footer_custom_js":"","_EventAllDay":false,"_EventTimezone":"","_EventStartDate":"","_EventEndDate":"","_EventStartDateUTC":"","_EventEndDateUTC":"","_EventShowMap":false,"_EventShowMapLink":false,"_EventURL":"","_EventCost":"","_EventCostDescription":"","_EventCurrencySymbol":"","_EventCurrencyCode":"","_EventCurrencyPosition":"","_EventDateTimeSeparator":"","_EventTimeRangeSeparator":"","_EventOrganizerID":[],"_EventVenueID":[],"_OrganizerEmail":"","_OrganizerPhone":"","_OrganizerWebsite":"","_VenueAddress":"","_VenueCity":"","_VenueCountry":"","_VenueProvince":"","_VenueState":"","_VenueZip":"","_VenuePhone":"","_VenueURL":"","_VenueStateProvince":"","_VenueLat":"","_VenueLng":"","_VenueShowMap":false,"_VenueShowMapLink":false,"_tribe_blocks_recurrence_rules":"","_tribe_blocks_recurrence_description":"","_tribe_blocks_recurrence_exclusions":"","_jetpack_memberships_contains_paid_content":false,"footnotes":""},"categories":[27],"tags":[],"class_list":["post-10897","post","type-post","status-publish","format-standard","hentry","category-nao-categorizado"],"blocksy_meta":[],"yoast_head":"<!-- This site is optimized with the Yoast SEO Premium plugin v27.4 (Yoast SEO v27.5) - https:\/\/yoast.com\/product\/yoast-seo-premium-wordpress\/ -->\n<title>Terra Nostra Press e a mem\u00f3ria do movimento CLT - International Center for Community Land Trusts<\/title>\n<meta name=\"robots\" content=\"index, follow, max-snippet:-1, max-image-preview:large, max-video-preview:-1\" \/>\n<link rel=\"canonical\" href=\"https:\/\/www.cltweb.org\/pt-br\/2025\/12\/08\/terra-nostra-press-e-a-memoria-do-movimento-clt\/\" \/>\n<meta property=\"og:locale\" content=\"pt_BR\" \/>\n<meta property=\"og:type\" content=\"article\" \/>\n<meta property=\"og:title\" content=\"Terra Nostra Press e a mem\u00f3ria do movimento CLT\" \/>\n<meta property=\"og:description\" content=\"Esta hist\u00f3ria faz parte de nossa campanha de fim de ano que celebra como o Centro CLT est\u00e1 trabalhando para atender ao movimento global de CLT. Nesta semana, estamos destacando [&hellip;]\" \/>\n<meta property=\"og:url\" content=\"https:\/\/www.cltweb.org\/pt-br\/2025\/12\/08\/terra-nostra-press-e-a-memoria-do-movimento-clt\/\" \/>\n<meta property=\"og:site_name\" content=\"International Center for Community Land Trusts\" \/>\n<meta property=\"article:publisher\" content=\"https:\/\/www.facebook.com\/cltcenter\" \/>\n<meta property=\"article:published_time\" content=\"2025-12-08T18:54:15+00:00\" \/>\n<meta property=\"article:modified_time\" content=\"2025-12-08T18:55:23+00:00\" \/>\n<meta property=\"og:image\" content=\"https:\/\/www.cltweb.org\/wp-content\/uploads\/2025\/11\/Land-for-People-Not-for-Profit-Banner.gif\" \/>\n\t<meta property=\"og:image:width\" content=\"1500\" \/>\n\t<meta property=\"og:image:height\" content=\"300\" \/>\n\t<meta property=\"og:image:type\" content=\"image\/gif\" \/>\n<meta name=\"author\" content=\"Ben Harris\" \/>\n<meta name=\"twitter:card\" content=\"summary_large_image\" \/>\n<meta name=\"twitter:creator\" content=\"@Center4CLTs\" \/>\n<meta name=\"twitter:site\" content=\"@Center4CLTs\" \/>\n<meta name=\"twitter:label1\" content=\"Escrito por\" \/>\n\t<meta name=\"twitter:data1\" content=\"Ben Harris\" \/>\n\t<meta name=\"twitter:label2\" content=\"Est. tempo de leitura\" \/>\n\t<meta name=\"twitter:data2\" content=\"3 minutos\" \/>\n<script type=\"application\/ld+json\" class=\"yoast-schema-graph\">{\"@context\":\"https:\\\/\\\/schema.org\",\"@graph\":[{\"@type\":\"Article\",\"@id\":\"https:\\\/\\\/www.cltweb.org\\\/pt-br\\\/2025\\\/12\\\/08\\\/terra-nostra-press-e-a-memoria-do-movimento-clt\\\/#article\",\"isPartOf\":{\"@id\":\"https:\\\/\\\/www.cltweb.org\\\/pt-br\\\/2025\\\/12\\\/08\\\/terra-nostra-press-e-a-memoria-do-movimento-clt\\\/\"},\"author\":{\"name\":\"Ben Harris\",\"@id\":\"https:\\\/\\\/www.cltweb.org\\\/pt-br\\\/#\\\/schema\\\/person\\\/7c9fe56cc945e4b57585dbfe30f2ead4\"},\"headline\":\"Terra Nostra Press e a mem\u00f3ria do movimento CLT\",\"datePublished\":\"2025-12-08T18:54:15+00:00\",\"dateModified\":\"2025-12-08T18:55:23+00:00\",\"mainEntityOfPage\":{\"@id\":\"https:\\\/\\\/www.cltweb.org\\\/pt-br\\\/2025\\\/12\\\/08\\\/terra-nostra-press-e-a-memoria-do-movimento-clt\\\/\"},\"wordCount\":681,\"publisher\":{\"@id\":\"https:\\\/\\\/www.cltweb.org\\\/pt-br\\\/#organization\"},\"image\":{\"@id\":\"https:\\\/\\\/www.cltweb.org\\\/pt-br\\\/2025\\\/12\\\/08\\\/terra-nostra-press-e-a-memoria-do-movimento-clt\\\/#primaryimage\"},\"thumbnailUrl\":\"https:\\\/\\\/www.cltweb.org\\\/wp-content\\\/uploads\\\/2025\\\/11\\\/Land-for-People-Not-for-Profit-Banner.gif\",\"articleSection\":[\"N\u00e3o categorizado\"],\"inLanguage\":\"pt-BR\"},{\"@type\":\"WebPage\",\"@id\":\"https:\\\/\\\/www.cltweb.org\\\/pt-br\\\/2025\\\/12\\\/08\\\/terra-nostra-press-e-a-memoria-do-movimento-clt\\\/\",\"url\":\"https:\\\/\\\/www.cltweb.org\\\/pt-br\\\/2025\\\/12\\\/08\\\/terra-nostra-press-e-a-memoria-do-movimento-clt\\\/\",\"name\":\"Terra Nostra Press e a mem\u00f3ria do movimento CLT - International Center for Community Land Trusts\",\"isPartOf\":{\"@id\":\"https:\\\/\\\/www.cltweb.org\\\/pt-br\\\/#website\"},\"primaryImageOfPage\":{\"@id\":\"https:\\\/\\\/www.cltweb.org\\\/pt-br\\\/2025\\\/12\\\/08\\\/terra-nostra-press-e-a-memoria-do-movimento-clt\\\/#primaryimage\"},\"image\":{\"@id\":\"https:\\\/\\\/www.cltweb.org\\\/pt-br\\\/2025\\\/12\\\/08\\\/terra-nostra-press-e-a-memoria-do-movimento-clt\\\/#primaryimage\"},\"thumbnailUrl\":\"https:\\\/\\\/www.cltweb.org\\\/wp-content\\\/uploads\\\/2025\\\/11\\\/Land-for-People-Not-for-Profit-Banner.gif\",\"datePublished\":\"2025-12-08T18:54:15+00:00\",\"dateModified\":\"2025-12-08T18:55:23+00:00\",\"breadcrumb\":{\"@id\":\"https:\\\/\\\/www.cltweb.org\\\/pt-br\\\/2025\\\/12\\\/08\\\/terra-nostra-press-e-a-memoria-do-movimento-clt\\\/#breadcrumb\"},\"inLanguage\":\"pt-BR\",\"potentialAction\":[{\"@type\":\"ReadAction\",\"target\":[\"https:\\\/\\\/www.cltweb.org\\\/pt-br\\\/2025\\\/12\\\/08\\\/terra-nostra-press-e-a-memoria-do-movimento-clt\\\/\"]}]},{\"@type\":\"ImageObject\",\"inLanguage\":\"pt-BR\",\"@id\":\"https:\\\/\\\/www.cltweb.org\\\/pt-br\\\/2025\\\/12\\\/08\\\/terra-nostra-press-e-a-memoria-do-movimento-clt\\\/#primaryimage\",\"url\":\"https:\\\/\\\/www.cltweb.org\\\/wp-content\\\/uploads\\\/2025\\\/11\\\/Land-for-People-Not-for-Profit-Banner.gif\",\"contentUrl\":\"https:\\\/\\\/www.cltweb.org\\\/wp-content\\\/uploads\\\/2025\\\/11\\\/Land-for-People-Not-for-Profit-Banner.gif\"},{\"@type\":\"BreadcrumbList\",\"@id\":\"https:\\\/\\\/www.cltweb.org\\\/pt-br\\\/2025\\\/12\\\/08\\\/terra-nostra-press-e-a-memoria-do-movimento-clt\\\/#breadcrumb\",\"itemListElement\":[{\"@type\":\"ListItem\",\"position\":1,\"name\":\"Home\",\"item\":\"https:\\\/\\\/www.cltweb.org\\\/pt-br\\\/\"},{\"@type\":\"ListItem\",\"position\":2,\"name\":\"Terra Nostra Press e a mem\u00f3ria do movimento CLT\"}]},{\"@type\":\"WebSite\",\"@id\":\"https:\\\/\\\/www.cltweb.org\\\/pt-br\\\/#website\",\"url\":\"https:\\\/\\\/www.cltweb.org\\\/pt-br\\\/\",\"name\":\"International Center for Community Land Trusts\",\"description\":\"\",\"publisher\":{\"@id\":\"https:\\\/\\\/www.cltweb.org\\\/pt-br\\\/#organization\"},\"potentialAction\":[{\"@type\":\"SearchAction\",\"target\":{\"@type\":\"EntryPoint\",\"urlTemplate\":\"https:\\\/\\\/www.cltweb.org\\\/pt-br\\\/?s={search_term_string}\"},\"query-input\":{\"@type\":\"PropertyValueSpecification\",\"valueRequired\":true,\"valueName\":\"search_term_string\"}}],\"inLanguage\":\"pt-BR\"},{\"@type\":\"Organization\",\"@id\":\"https:\\\/\\\/www.cltweb.org\\\/pt-br\\\/#organization\",\"name\":\"International Center for Community Land Trusts\",\"url\":\"https:\\\/\\\/www.cltweb.org\\\/pt-br\\\/\",\"logo\":{\"@type\":\"ImageObject\",\"inLanguage\":\"pt-BR\",\"@id\":\"https:\\\/\\\/www.cltweb.org\\\/pt-br\\\/#\\\/schema\\\/logo\\\/image\\\/\",\"url\":\"https:\\\/\\\/www.cltweb.org\\\/wp-content\\\/uploads\\\/2024\\\/11\\\/New-CLT-Center-Text-logo.png\",\"contentUrl\":\"https:\\\/\\\/www.cltweb.org\\\/wp-content\\\/uploads\\\/2024\\\/11\\\/New-CLT-Center-Text-logo.png\",\"width\":227,\"height\":80,\"caption\":\"International Center for Community Land Trusts\"},\"image\":{\"@id\":\"https:\\\/\\\/www.cltweb.org\\\/pt-br\\\/#\\\/schema\\\/logo\\\/image\\\/\"},\"sameAs\":[\"https:\\\/\\\/www.facebook.com\\\/cltcenter\",\"https:\\\/\\\/x.com\\\/Center4CLTs\",\"https:\\\/\\\/www.instagram.com\\\/cltcenter\\\/\",\"https:\\\/\\\/www.linkedin.com\\\/company\\\/cltcenter\",\"https:\\\/\\\/www.youtube.com\\\/@centerforcltinnovation5313\"],\"description\":\"The International Center for Community Land Trusts is a not-for-profit nongovernmental organization established in 2018 to promote and to support community land trusts and similar strategies of community-led development on community-owned land in countries throughout the world.\",\"email\":\"info@communitylandtrust.net\",\"legalName\":\"International Center for Community Land Trusts\",\"foundingDate\":\"2018-12-01\",\"taxID\":\"84-3858933\",\"numberOfEmployees\":{\"@type\":\"QuantitativeValue\",\"minValue\":\"1\",\"maxValue\":\"10\"}},{\"@type\":\"Person\",\"@id\":\"https:\\\/\\\/www.cltweb.org\\\/pt-br\\\/#\\\/schema\\\/person\\\/7c9fe56cc945e4b57585dbfe30f2ead4\",\"name\":\"Ben Harris\",\"image\":{\"@type\":\"ImageObject\",\"inLanguage\":\"pt-BR\",\"@id\":\"https:\\\/\\\/secure.gravatar.com\\\/avatar\\\/12a44d8988553548c22c57da673ee8ffb7e0b87b0197beec533bae3061a92cc5?s=96&d=mm&r=g\",\"url\":\"https:\\\/\\\/secure.gravatar.com\\\/avatar\\\/12a44d8988553548c22c57da673ee8ffb7e0b87b0197beec533bae3061a92cc5?s=96&d=mm&r=g\",\"contentUrl\":\"https:\\\/\\\/secure.gravatar.com\\\/avatar\\\/12a44d8988553548c22c57da673ee8ffb7e0b87b0197beec533bae3061a92cc5?s=96&d=mm&r=g\",\"caption\":\"Ben Harris\"},\"url\":\"https:\\\/\\\/www.cltweb.org\\\/pt-br\\\/author\\\/ben\\\/\"}]}<\/script>\n<!-- \/ Yoast SEO Premium plugin. -->","yoast_head_json":{"title":"Terra Nostra Press e a mem\u00f3ria do movimento CLT - International Center for Community Land Trusts","robots":{"index":"index","follow":"follow","max-snippet":"max-snippet:-1","max-image-preview":"max-image-preview:large","max-video-preview":"max-video-preview:-1"},"canonical":"https:\/\/www.cltweb.org\/pt-br\/2025\/12\/08\/terra-nostra-press-e-a-memoria-do-movimento-clt\/","og_locale":"pt_BR","og_type":"article","og_title":"Terra Nostra Press e a mem\u00f3ria do movimento CLT","og_description":"Esta hist\u00f3ria faz parte de nossa campanha de fim de ano que celebra como o Centro CLT est\u00e1 trabalhando para atender ao movimento global de CLT. Nesta semana, estamos destacando [&hellip;]","og_url":"https:\/\/www.cltweb.org\/pt-br\/2025\/12\/08\/terra-nostra-press-e-a-memoria-do-movimento-clt\/","og_site_name":"International Center for Community Land Trusts","article_publisher":"https:\/\/www.facebook.com\/cltcenter","article_published_time":"2025-12-08T18:54:15+00:00","article_modified_time":"2025-12-08T18:55:23+00:00","og_image":[{"width":1500,"height":300,"url":"https:\/\/www.cltweb.org\/wp-content\/uploads\/2025\/11\/Land-for-People-Not-for-Profit-Banner.gif","type":"image\/gif"}],"author":"Ben Harris","twitter_card":"summary_large_image","twitter_creator":"@Center4CLTs","twitter_site":"@Center4CLTs","twitter_misc":{"Escrito por":"Ben Harris","Est. tempo de leitura":"3 minutos"},"schema":{"@context":"https:\/\/schema.org","@graph":[{"@type":"Article","@id":"https:\/\/www.cltweb.org\/pt-br\/2025\/12\/08\/terra-nostra-press-e-a-memoria-do-movimento-clt\/#article","isPartOf":{"@id":"https:\/\/www.cltweb.org\/pt-br\/2025\/12\/08\/terra-nostra-press-e-a-memoria-do-movimento-clt\/"},"author":{"name":"Ben Harris","@id":"https:\/\/www.cltweb.org\/pt-br\/#\/schema\/person\/7c9fe56cc945e4b57585dbfe30f2ead4"},"headline":"Terra Nostra Press e a mem\u00f3ria do movimento CLT","datePublished":"2025-12-08T18:54:15+00:00","dateModified":"2025-12-08T18:55:23+00:00","mainEntityOfPage":{"@id":"https:\/\/www.cltweb.org\/pt-br\/2025\/12\/08\/terra-nostra-press-e-a-memoria-do-movimento-clt\/"},"wordCount":681,"publisher":{"@id":"https:\/\/www.cltweb.org\/pt-br\/#organization"},"image":{"@id":"https:\/\/www.cltweb.org\/pt-br\/2025\/12\/08\/terra-nostra-press-e-a-memoria-do-movimento-clt\/#primaryimage"},"thumbnailUrl":"https:\/\/www.cltweb.org\/wp-content\/uploads\/2025\/11\/Land-for-People-Not-for-Profit-Banner.gif","articleSection":["N\u00e3o categorizado"],"inLanguage":"pt-BR"},{"@type":"WebPage","@id":"https:\/\/www.cltweb.org\/pt-br\/2025\/12\/08\/terra-nostra-press-e-a-memoria-do-movimento-clt\/","url":"https:\/\/www.cltweb.org\/pt-br\/2025\/12\/08\/terra-nostra-press-e-a-memoria-do-movimento-clt\/","name":"Terra Nostra Press e a mem\u00f3ria do movimento CLT - International Center for Community Land Trusts","isPartOf":{"@id":"https:\/\/www.cltweb.org\/pt-br\/#website"},"primaryImageOfPage":{"@id":"https:\/\/www.cltweb.org\/pt-br\/2025\/12\/08\/terra-nostra-press-e-a-memoria-do-movimento-clt\/#primaryimage"},"image":{"@id":"https:\/\/www.cltweb.org\/pt-br\/2025\/12\/08\/terra-nostra-press-e-a-memoria-do-movimento-clt\/#primaryimage"},"thumbnailUrl":"https:\/\/www.cltweb.org\/wp-content\/uploads\/2025\/11\/Land-for-People-Not-for-Profit-Banner.gif","datePublished":"2025-12-08T18:54:15+00:00","dateModified":"2025-12-08T18:55:23+00:00","breadcrumb":{"@id":"https:\/\/www.cltweb.org\/pt-br\/2025\/12\/08\/terra-nostra-press-e-a-memoria-do-movimento-clt\/#breadcrumb"},"inLanguage":"pt-BR","potentialAction":[{"@type":"ReadAction","target":["https:\/\/www.cltweb.org\/pt-br\/2025\/12\/08\/terra-nostra-press-e-a-memoria-do-movimento-clt\/"]}]},{"@type":"ImageObject","inLanguage":"pt-BR","@id":"https:\/\/www.cltweb.org\/pt-br\/2025\/12\/08\/terra-nostra-press-e-a-memoria-do-movimento-clt\/#primaryimage","url":"https:\/\/www.cltweb.org\/wp-content\/uploads\/2025\/11\/Land-for-People-Not-for-Profit-Banner.gif","contentUrl":"https:\/\/www.cltweb.org\/wp-content\/uploads\/2025\/11\/Land-for-People-Not-for-Profit-Banner.gif"},{"@type":"BreadcrumbList","@id":"https:\/\/www.cltweb.org\/pt-br\/2025\/12\/08\/terra-nostra-press-e-a-memoria-do-movimento-clt\/#breadcrumb","itemListElement":[{"@type":"ListItem","position":1,"name":"Home","item":"https:\/\/www.cltweb.org\/pt-br\/"},{"@type":"ListItem","position":2,"name":"Terra Nostra Press e a mem\u00f3ria do movimento CLT"}]},{"@type":"WebSite","@id":"https:\/\/www.cltweb.org\/pt-br\/#website","url":"https:\/\/www.cltweb.org\/pt-br\/","name":"International Center for Community Land Trusts","description":"","publisher":{"@id":"https:\/\/www.cltweb.org\/pt-br\/#organization"},"potentialAction":[{"@type":"SearchAction","target":{"@type":"EntryPoint","urlTemplate":"https:\/\/www.cltweb.org\/pt-br\/?s={search_term_string}"},"query-input":{"@type":"PropertyValueSpecification","valueRequired":true,"valueName":"search_term_string"}}],"inLanguage":"pt-BR"},{"@type":"Organization","@id":"https:\/\/www.cltweb.org\/pt-br\/#organization","name":"International Center for Community Land Trusts","url":"https:\/\/www.cltweb.org\/pt-br\/","logo":{"@type":"ImageObject","inLanguage":"pt-BR","@id":"https:\/\/www.cltweb.org\/pt-br\/#\/schema\/logo\/image\/","url":"https:\/\/www.cltweb.org\/wp-content\/uploads\/2024\/11\/New-CLT-Center-Text-logo.png","contentUrl":"https:\/\/www.cltweb.org\/wp-content\/uploads\/2024\/11\/New-CLT-Center-Text-logo.png","width":227,"height":80,"caption":"International Center for Community Land Trusts"},"image":{"@id":"https:\/\/www.cltweb.org\/pt-br\/#\/schema\/logo\/image\/"},"sameAs":["https:\/\/www.facebook.com\/cltcenter","https:\/\/x.com\/Center4CLTs","https:\/\/www.instagram.com\/cltcenter\/","https:\/\/www.linkedin.com\/company\/cltcenter","https:\/\/www.youtube.com\/@centerforcltinnovation5313"],"description":"The International Center for Community Land Trusts is a not-for-profit nongovernmental organization established in 2018 to promote and to support community land trusts and similar strategies of community-led development on community-owned land in countries throughout the world.","email":"info@communitylandtrust.net","legalName":"International Center for Community Land Trusts","foundingDate":"2018-12-01","taxID":"84-3858933","numberOfEmployees":{"@type":"QuantitativeValue","minValue":"1","maxValue":"10"}},{"@type":"Person","@id":"https:\/\/www.cltweb.org\/pt-br\/#\/schema\/person\/7c9fe56cc945e4b57585dbfe30f2ead4","name":"Ben Harris","image":{"@type":"ImageObject","inLanguage":"pt-BR","@id":"https:\/\/secure.gravatar.com\/avatar\/12a44d8988553548c22c57da673ee8ffb7e0b87b0197beec533bae3061a92cc5?s=96&d=mm&r=g","url":"https:\/\/secure.gravatar.com\/avatar\/12a44d8988553548c22c57da673ee8ffb7e0b87b0197beec533bae3061a92cc5?s=96&d=mm&r=g","contentUrl":"https:\/\/secure.gravatar.com\/avatar\/12a44d8988553548c22c57da673ee8ffb7e0b87b0197beec533bae3061a92cc5?s=96&d=mm&r=g","caption":"Ben Harris"},"url":"https:\/\/www.cltweb.org\/pt-br\/author\/ben\/"}]}},"taxonomy_info":{"category":[{"value":27,"label":"N\u00e3o categorizado"}]},"featured_image_src_large":false,"author_info":{"display_name":"Ben Harris","author_link":"https:\/\/www.cltweb.org\/pt-br\/author\/ben\/"},"comment_info":0,"category_info":[{"term_id":27,"name":"N\u00e3o categorizado","slug":"nao-categorizado","term_group":0,"term_taxonomy_id":27,"taxonomy":"category","description":"","parent":0,"count":20,"filter":"raw","cat_ID":27,"category_count":20,"category_description":"","cat_name":"N\u00e3o categorizado","category_nicename":"nao-categorizado","category_parent":0}],"tag_info":false,"jetpack_featured_media_url":"","jetpack_sharing_enabled":true,"jetpack-related-posts":[{"id":10685,"url":"https:\/\/www.cltweb.org\/pt-br\/2025\/11\/11\/terra-para-as-pessoas-nao-para-o-lucro-construindo-a-infraestrutura-de-um-movimento-global\/","url_meta":{"origin":10897,"position":0},"title":"Terra para as pessoas, n\u00e3o para o lucro: Construindo a infraestrutura de um movimento global","author":"Ben Harris","date":"11 de novembro de 2025","format":false,"excerpt":"Este ano, o International Center for Community Land Trusts est\u00e1 lan\u00e7ando sua primeira campanha de fim de ano - uma oportunidade de refletir sobre o que estamos construindo juntos e os relacionamentos que tornam esse trabalho poss\u00edvel. Em todo o mundo, os CLTs est\u00e3o provando que outra forma de se\u2026","rel":"","context":"Em &quot;Blogs&quot;","block_context":{"text":"Blogs","link":"https:\/\/www.cltweb.org\/pt-br\/category\/blogs-pt-br\/"},"img":{"alt_text":"","src":"https:\/\/i0.wp.com\/www.cltweb.org\/wp-content\/uploads\/2025\/11\/Land-for-People-Not-For-Profit.gif?resize=350%2C200&ssl=1","width":350,"height":200,"srcset":"https:\/\/i0.wp.com\/www.cltweb.org\/wp-content\/uploads\/2025\/11\/Land-for-People-Not-For-Profit.gif?resize=350%2C200&ssl=1 1x, https:\/\/i0.wp.com\/www.cltweb.org\/wp-content\/uploads\/2025\/11\/Land-for-People-Not-For-Profit.gif?resize=525%2C300&ssl=1 1.5x, https:\/\/i0.wp.com\/www.cltweb.org\/wp-content\/uploads\/2025\/11\/Land-for-People-Not-For-Profit.gif?resize=700%2C400&ssl=1 2x, https:\/\/i0.wp.com\/www.cltweb.org\/wp-content\/uploads\/2025\/11\/Land-for-People-Not-For-Profit.gif?resize=1050%2C600&ssl=1 3x"},"classes":[]},{"id":9521,"url":"https:\/\/www.cltweb.org\/pt-br\/2025\/05\/21\/commons-for-justice-clts-em-todos-os-continentes-no-festival-internacional-de-habitacao-social\/","url_meta":{"origin":10897,"position":1},"title":"Commons for Justice: CLTs em todos os continentes no Festival Internacional de Habita\u00e7\u00e3o Social","author":"Ben Harris","date":"21 de maio de 2025","format":false,"excerpt":"Em uma \u00e9poca marcada por crises habitacionais, mercados de terras extrativistas e crescente desigualdade, as comunidades de todo o mundo est\u00e3o recuperando os bens comuns. No 2025 International Social Housing Festival, em Dublin, Irlanda (4 a 6 de junho), a European Community Land Trust Network realizar\u00e1 um semin\u00e1rio de 105\u2026","rel":"","context":"Em &quot;Blogs&quot;","block_context":{"text":"Blogs","link":"https:\/\/www.cltweb.org\/pt-br\/category\/blogs-pt-br\/"},"img":{"alt_text":"","src":"https:\/\/i0.wp.com\/www.cltweb.org\/wp-content\/uploads\/2025\/05\/Juliet-Can.jpeg?resize=350%2C200&ssl=1","width":350,"height":200},"classes":[]},{"id":10665,"url":"https:\/\/www.cltweb.org\/pt-br\/2025\/11\/17\/clts-e-acao-climatica-um-movimento-crescente-para-uma-transicao-justa\/","url_meta":{"origin":10897,"position":2},"title":"CLTs e a\u00e7\u00e3o clim\u00e1tica: Um movimento crescente para uma transi\u00e7\u00e3o justa","author":"Ben Harris","date":"17 de novembro de 2025","format":false,"excerpt":"Esta hist\u00f3ria faz parte de nossa campanha de fim de ano que celebra como o Centro CLT est\u00e1 trabalhando para atender ao movimento global de CLT. Nesta semana, estamos destacando : A Iniciativa de Justi\u00e7a Clim\u00e1tica A emerg\u00eancia clim\u00e1tica n\u00e3o \u00e9 mais uma amea\u00e7a distante: ela est\u00e1 aqui, remodelando onde\u2026","rel":"","context":"Em &quot;Iniciativa de Justi\u00e7a Clim\u00e1tica&quot;","block_context":{"text":"Iniciativa de Justi\u00e7a Clim\u00e1tica","link":"https:\/\/www.cltweb.org\/pt-br\/category\/iniciativa-de-justica-climatica\/"},"img":{"alt_text":"","src":"https:\/\/i0.wp.com\/www.cltweb.org\/wp-content\/uploads\/2025\/11\/Land-for-People-Not-for-Profit-Banner.gif?resize=350%2C200&ssl=1","width":350,"height":200,"srcset":"https:\/\/i0.wp.com\/www.cltweb.org\/wp-content\/uploads\/2025\/11\/Land-for-People-Not-for-Profit-Banner.gif?resize=350%2C200&ssl=1 1x, https:\/\/i0.wp.com\/www.cltweb.org\/wp-content\/uploads\/2025\/11\/Land-for-People-Not-for-Profit-Banner.gif?resize=525%2C300&ssl=1 1.5x, https:\/\/i0.wp.com\/www.cltweb.org\/wp-content\/uploads\/2025\/11\/Land-for-People-Not-for-Profit-Banner.gif?resize=700%2C400&ssl=1 2x, https:\/\/i0.wp.com\/www.cltweb.org\/wp-content\/uploads\/2025\/11\/Land-for-People-Not-for-Profit-Banner.gif?resize=1050%2C600&ssl=1 3x, https:\/\/i0.wp.com\/www.cltweb.org\/wp-content\/uploads\/2025\/11\/Land-for-People-Not-for-Profit-Banner.gif?resize=1400%2C800&ssl=1 4x"},"classes":[]},{"id":7246,"url":"https:\/\/www.cltweb.org\/pt-br\/2024\/09\/03\/introducao-ao-uso-de-clts-para-fornecer-renovacao-de-energia-e-acessibilidade-permanente-a-moradias-existentes\/","url_meta":{"origin":10897,"position":3},"title":"Introdu\u00e7\u00e3o ao uso de CLTs para fornecer renova\u00e7\u00e3o de energia e acessibilidade permanente a moradias existentes","author":"cltredesign_0jp0l4","date":"3 de setembro de 2024","format":false,"excerpt":"A contribui\u00e7\u00e3o a seguir foi escrita por Richard Kruger Delgado, gerente de educa\u00e7\u00e3o e divulga\u00e7\u00e3o do International Center for Community Land Trusts, para apresentar o pr\u00f3ximo webinar em 25 de setembro. \"Estamos no neg\u00f3cio de 'n\u00e3o deixar as pessoas para tr\u00e1s'.\" - John Davis, Centro Internacional de Fundos de Terras\u2026","rel":"","context":"Em &quot;Blogs&quot;","block_context":{"text":"Blogs","link":"https:\/\/www.cltweb.org\/pt-br\/category\/blogs-pt-br\/"},"img":{"alt_text":"","src":"","width":0,"height":0},"classes":[]},{"id":10801,"url":"https:\/\/www.cltweb.org\/pt-br\/2025\/11\/28\/dia-mundial-da-clt-uma-celebracao-global-de-solidariedade-1\/","url_meta":{"origin":10897,"position":4},"title":"Construindo juntos por meio da colabora\u00e7\u00e3o","author":"Ben Harris","date":"28 de novembro de 2025","format":false,"excerpt":"Esta hist\u00f3ria faz parte de nossa campanha de fim de ano que celebra como o Centro CLT est\u00e1 trabalhando para atender ao movimento global de CLT. Nesta semana, estamos destacando : Nossos colaboradores em 2025 Por tr\u00e1s de cada CLT pr\u00f3spero est\u00e3o as pessoas que o tornam poss\u00edvel: organizadores, residentes\u2026","rel":"","context":"Em &quot;N\u00e3o categorizado&quot;","block_context":{"text":"N\u00e3o categorizado","link":"https:\/\/www.cltweb.org\/pt-br\/category\/nao-categorizado\/"},"img":{"alt_text":"","src":"https:\/\/i0.wp.com\/www.cltweb.org\/wp-content\/uploads\/2025\/11\/Land-for-People-Not-for-Profit-Banner.gif?resize=350%2C200&ssl=1","width":350,"height":200,"srcset":"https:\/\/i0.wp.com\/www.cltweb.org\/wp-content\/uploads\/2025\/11\/Land-for-People-Not-for-Profit-Banner.gif?resize=350%2C200&ssl=1 1x, https:\/\/i0.wp.com\/www.cltweb.org\/wp-content\/uploads\/2025\/11\/Land-for-People-Not-for-Profit-Banner.gif?resize=525%2C300&ssl=1 1.5x, https:\/\/i0.wp.com\/www.cltweb.org\/wp-content\/uploads\/2025\/11\/Land-for-People-Not-for-Profit-Banner.gif?resize=700%2C400&ssl=1 2x, https:\/\/i0.wp.com\/www.cltweb.org\/wp-content\/uploads\/2025\/11\/Land-for-People-Not-for-Profit-Banner.gif?resize=1050%2C600&ssl=1 3x, https:\/\/i0.wp.com\/www.cltweb.org\/wp-content\/uploads\/2025\/11\/Land-for-People-Not-for-Profit-Banner.gif?resize=1400%2C800&ssl=1 4x"},"classes":[]},{"id":6574,"url":"https:\/\/www.cltweb.org\/pt-br\/2022\/10\/31\/movimento-clt-de-toronto-justica-habitacional-equidade-racial-e-democracia-economica\/","url_meta":{"origin":10897,"position":5},"title":"Movimento CLT de Toronto: Justi\u00e7a Habitacional, Equidade Racial e Democracia Econ\u00f4mica","author":"cltredesign_0jp0l4","date":"31 de outubro de 2022","format":false,"excerpt":"O qu\u00ea: Justi\u00e7a habitacional, equidade racial e democracia econ\u00f4mica Quando: Sex, 4 de novembro de 2022, 6:30 PM - 8:30 PM EDT Onde: Mark's Church, 201 Cowan Avenue, Toronto, ON Se estiver participando da Confer\u00eancia #ACSP - voc\u00ea pode chegar ao local a partir do Hilton Toronto pegando o bonde\u2026","rel":"","context":"Em &quot;N\u00e3o categorizado&quot;","block_context":{"text":"N\u00e3o categorizado","link":"https:\/\/www.cltweb.org\/pt-br\/category\/nao-categorizado\/"},"img":{"alt_text":"","src":"","width":0,"height":0},"classes":[]}],"_links":{"self":[{"href":"https:\/\/www.cltweb.org\/pt-br\/wp-json\/wp\/v2\/posts\/10897","targetHints":{"allow":["GET"]}}],"collection":[{"href":"https:\/\/www.cltweb.org\/pt-br\/wp-json\/wp\/v2\/posts"}],"about":[{"href":"https:\/\/www.cltweb.org\/pt-br\/wp-json\/wp\/v2\/types\/post"}],"author":[{"embeddable":true,"href":"https:\/\/www.cltweb.org\/pt-br\/wp-json\/wp\/v2\/users\/2"}],"replies":[{"embeddable":true,"href":"https:\/\/www.cltweb.org\/pt-br\/wp-json\/wp\/v2\/comments?post=10897"}],"version-history":[{"count":1,"href":"https:\/\/www.cltweb.org\/pt-br\/wp-json\/wp\/v2\/posts\/10897\/revisions"}],"predecessor-version":[{"id":10899,"href":"https:\/\/www.cltweb.org\/pt-br\/wp-json\/wp\/v2\/posts\/10897\/revisions\/10899"}],"wp:attachment":[{"href":"https:\/\/www.cltweb.org\/pt-br\/wp-json\/wp\/v2\/media?parent=10897"}],"wp:term":[{"taxonomy":"category","embeddable":true,"href":"https:\/\/www.cltweb.org\/pt-br\/wp-json\/wp\/v2\/categories?post=10897"},{"taxonomy":"post_tag","embeddable":true,"href":"https:\/\/www.cltweb.org\/pt-br\/wp-json\/wp\/v2\/tags?post=10897"}],"curies":[{"name":"wp","href":"https:\/\/api.w.org\/{rel}","templated":true}]}}