{"id":6566,"date":"2024-10-21T00:00:00","date_gmt":"2024-10-21T00:00:00","guid":{"rendered":"https:\/\/www.cltweb.org\/2024\/10\/21\/painel-de-discussao-sobre-o-uso-de-clts-para-fornecer-renovacao-de-energia-e-acessibilidade-permanente-as-moradias-existentes\/"},"modified":"2024-10-21T00:00:00","modified_gmt":"2024-10-21T00:00:00","slug":"painel-de-discussao-sobre-o-uso-de-clts-para-fornecer-renovacao-de-energia-e-acessibilidade-permanente-as-moradias-existentes","status":"publish","type":"post","link":"https:\/\/www.cltweb.org\/pt-br\/2024\/10\/21\/painel-de-discussao-sobre-o-uso-de-clts-para-fornecer-renovacao-de-energia-e-acessibilidade-permanente-as-moradias-existentes\/","title":{"rendered":"Painel de discuss\u00e3o sobre o uso de CLTs para fornecer renova\u00e7\u00e3o de energia e acessibilidade permanente \u00e0s moradias existentes"},"content":{"rendered":"<h2>GRAVA\u00c7\u00c3O DO WEBINAR<\/h2>\n<p><center><iframe loading=\"lazy\" title=\"Reprodutor de v\u00eddeo do YouTube\" src=\"https:\/\/www.youtube.com\/embed\/ZTj7_lhBPZU?si=8GDrJbXaX2HZ-XiN\" width=\"560\" height=\"315\" frameborder=\"0\" allowfullscreen=\"allowfullscreen\"><\/iframe><\/center><\/p>\n<h2><a href=\"https:\/\/www.cltweb.org\/wp-content\/uploads\/2024\/11\/23-Oct-Transcript.pdf\" target=\"_blank\" rel=\"noopener\">TRANSCRI\u00c7\u00c3O EM INGL\u00caS E FRANC\u00caS<\/a><\/h2>\n<h2 style=\"text-align: left;\">DESCRI\u00c7\u00c3O DO WEBINAR<\/h2>\n<p style=\"text-align: left;\">Na sequ\u00eancia do <a href=\"https:\/\/www.cltweb.org\/event\/using-clts-deliver-energy-renovation-permanent-affordability-existing-housing\/\" target=\"_blank\" rel=\"noopener\">webinar de setembro<\/a>, reunimos os apresentadores dos webinars anteriores para um painel de discuss\u00e3o de uma hora de dura\u00e7\u00e3o, no qual continuamos a desenvolver os estudos de caso do m\u00eas anterior, trabalhando com propriet\u00e1rios n\u00e3o CLT para melhorar suas casas e estabilizar sua posse, trazendo-os para o community land trust. No \u00faltimo webinar, assistimos \u00e0s apresenta\u00e7\u00f5es de <a href=\"https:\/\/youtu.be\/qx1IDzwmhu4\" target=\"_blank\" rel=\"noopener\">Virginie Scho\u00ebff (CLTB)<\/a> e <a href=\"https:\/\/youtu.be\/VIoYh-EnzcI\" target=\"_blank\" rel=\"noopener\">Jeanne Mosseray (VUB)<\/a> sobre a Upcycling Trust Partnership &#8211; uma colabora\u00e7\u00e3o entre cinco CLTs europeus e autoridades locais &#8211; e de <a href=\"https:\/\/youtu.be\/LJTDGHOHk18\" target=\"_blank\" rel=\"noopener\">Staci Horwitz sobre o Project Sustained Legacy<\/a> da City of Lakes CLT em Minneapolis. Essa discuss\u00e3o forneceu percep\u00e7\u00f5es e sugest\u00f5es pr\u00e1ticas sobre como os CLTs est\u00e3o abordando o trabalho, a educa\u00e7\u00e3o e a organiza\u00e7\u00e3o com propriet\u00e1rios de im\u00f3veis que n\u00e3o s\u00e3o CLTs para estabilizar a posse, trazer atualiza\u00e7\u00f5es circulares e sustent\u00e1veis para suas casas e, ao mesmo tempo, traz\u00ea-los para um CLT.  <\/p>\n<h2 style=\"text-align: left;\">PAINELISTAS<\/h2>\n<p style=\"text-align: left;\"><img loading=\"lazy\" decoding=\"async\" class=\" wp-image-7795 alignright\" src=\"https:\/\/www.cltweb.org\/wp-content\/uploads\/2024\/08\/jeanne_mosseray-254x300.jpg\" alt=\"Jeanne Mosseray\" width=\"180\" height=\"212\"><\/p>\n<h4 style=\"text-align: left;\"><strong>Jeanne Mosseray, pesquisadora de p\u00f3s-doutorado, <a href=\"https:\/\/cosmopolis.research.vub.be\/en\" target=\"_blank\" rel=\"noopener\">Cosmopolis Centre for Urban Research, Vrije Universiteit Brussel<\/a><\/strong><\/h4>\n<p style=\"text-align: left;\">Jeanne foi treinada como antrop\u00f3loga e estudou Urbanismo e Planejamento Estrat\u00e9gico. Agora, como &#8220;urbanista-antrop\u00f3loga&#8221;, ela est\u00e1 combinando pesquisa urbana socioespacial e design urbano. Seu principal foco de pesquisa \u00e9 a habita\u00e7\u00e3o, bairros de habita\u00e7\u00e3o social e a inclus\u00e3o dos moradores na cidade por meio do urbanismo.  <\/p>\n<h4 style=\"text-align: left;\"><b>Staci Horwitz, Diretora de Opera\u00e7\u00f5es, <a href=\"https:\/\/www.clclt.org\/\" target=\"_blank\" rel=\"noopener\">City of Lakes Community Land Trust<\/a><\/b><\/h4>\n<p style=\"text-align: left;\"><img loading=\"lazy\" decoding=\"async\" class=\"wp-image-7624 size-full alignright\" src=\"https:\/\/www.cltweb.org\/wp-content\/uploads\/2024\/08\/Staci-Horowitz.webp\" alt=\"Staci Horowitz\" width=\"200\" height=\"200\">Staci Horwitz \u00e9 Diretora de Opera\u00e7\u00f5es da City of Lakes CLT, onde supervisiona os programas de propriedade e os projetos de desenvolvimento de propriedades. Ela ingressou na CLCLT em 2006 e tem uma experi\u00eancia diversificada, incluindo fun\u00e7\u00f5es como presidente de uma empresa de software, consultora de reda\u00e7\u00e3o de subs\u00eddios, especialista em jovens e consultora de vendas m\u00e9dicas. A experi\u00eancia de Staci abrange administra\u00e7\u00e3o de organiza\u00e7\u00f5es sem fins lucrativos, desenvolvimento de programas, gerenciamento financeiro e administra\u00e7\u00e3o de fundos de terras comunit\u00e1rias. Ela tamb\u00e9m facilitou workshops para a NeighborWorks\u00ae America e a Grounded Solutions Network. Staci \u00e9 bacharel em diet\u00e9tica pelo College of St. Scholastica e reside em North Minneapolis.    <\/p>\n<h4 style=\"text-align: left;\"><img loading=\"lazy\" decoding=\"async\" class=\"alignright wp-image-7834\" src=\"https:\/\/www.cltweb.org\/wp-content\/uploads\/2024\/10\/Geert-De-Pauw.png\" alt=\"Foto de Geert De Pauw\" width=\"200\" height=\"235\"><\/h4>\n<h4 style=\"text-align: left;\"><strong>Geert De Pauw, Coordenador, <a href=\"https:\/\/www.cltb.be\/\" target=\"_blank\" rel=\"noopener\">Community Land Trust Brussels<\/a>; Co-Presidente do Conselho, International Center for Community Land Trusts<\/strong><\/h4>\n<p style=\"text-align: left;\">Geert De Pauw atua h\u00e1 mais de 20 anos em prol do direito \u00e0 moradia em Bruxelas, como ativista e trabalhador comunit\u00e1rio. Em 2008, ap\u00f3s uma visita de estudo ao Champlain Housing Trust, ele come\u00e7ou a defender a cria\u00e7\u00e3o de um Community Land Trust em Bruxelas. Ele coordenou o estudo de viabilidade, em nome da Regi\u00e3o da Capital de Bruxelas, para a cria\u00e7\u00e3o de um CLT. Desde a cria\u00e7\u00e3o oficial do Community Land Trust Brussels em 2013, ele atua como coordenador da associa\u00e7\u00e3o. A partir da\u00ed, co-fundou a parceria europeia do CLT SHICC (Sustainable Housing for Cohesive Communities), que tem como objetivo construir um setor poderoso de CLT na Europa.    <\/p>\n<h2><img loading=\"lazy\" decoding=\"async\" class=\"wp-image-7642 size-full aligncenter\" src=\"https:\/\/www.cltweb.org\/wp-content\/uploads\/2024\/08\/Upcycling-Trust_SEP-25-1000-x-200-px-1000-x-200-px.png\" alt=\"Gr\u00e1fico do webinar com logotipos.\" width=\"1000\" height=\"200\"><\/h2>\n","protected":false},"excerpt":{"rendered":"<p>GRAVA\u00c7\u00c3O DO WEBINAR TRANSCRI\u00c7\u00c3O EM INGL\u00caS E FRANC\u00caS DESCRI\u00c7\u00c3O DO WEBINAR Na sequ\u00eancia do webinar de setembro, reunimos os apresentadores dos webinars anteriores para um painel de discuss\u00e3o de uma [&hellip;]<\/p>\n","protected":false},"author":2,"featured_media":0,"comment_status":"open","ping_status":"open","sticky":false,"template":"","format":"standard","meta":{"give_campaign_id":0,"_tec_requires_first_save":true,"_kad_blocks_custom_css":"","_kad_blocks_head_custom_js":"","_kad_blocks_body_custom_js":"","_kad_blocks_footer_custom_js":"","_EventAllDay":false,"_EventTimezone":"","_EventStartDate":"","_EventEndDate":"","_EventStartDateUTC":"","_EventEndDateUTC":"","_EventShowMap":false,"_EventShowMapLink":false,"_EventURL":"","_EventCost":"","_EventCostDescription":"","_EventCurrencySymbol":"","_EventCurrencyCode":"","_EventCurrencyPosition":"","_EventDateTimeSeparator":"","_EventTimeRangeSeparator":"","_EventOrganizerID":[],"_EventVenueID":[],"_OrganizerEmail":"","_OrganizerPhone":"","_OrganizerWebsite":"","_VenueAddress":"","_VenueCity":"","_VenueCountry":"","_VenueProvince":"","_VenueState":"","_VenueZip":"","_VenuePhone":"","_VenueURL":"","_VenueStateProvince":"","_VenueLat":"","_VenueLng":"","_VenueShowMap":false,"_VenueShowMapLink":false,"_tribe_blocks_recurrence_rules":"","_tribe_blocks_recurrence_description":"","_tribe_blocks_recurrence_exclusions":"","_jetpack_memberships_contains_paid_content":false,"footnotes":""},"categories":[27],"tags":[280],"class_list":["post-6566","post","type-post","status-publish","format-standard","hentry","category-nao-categorizado","tag-renovacao-de-energia"],"blocksy_meta":[],"yoast_head":"<!-- This site is optimized with the Yoast SEO Premium plugin v27.4 (Yoast SEO v27.5) - https:\/\/yoast.com\/product\/yoast-seo-premium-wordpress\/ -->\n<title>Painel de discuss\u00e3o sobre o uso de CLTs para fornecer renova\u00e7\u00e3o de energia e acessibilidade permanente \u00e0s moradias existentes - International Center for Community Land Trusts<\/title>\n<meta name=\"robots\" content=\"index, follow, max-snippet:-1, max-image-preview:large, max-video-preview:-1\" \/>\n<link rel=\"canonical\" href=\"https:\/\/www.cltweb.org\/pt-br\/2024\/10\/21\/painel-de-discussao-sobre-o-uso-de-clts-para-fornecer-renovacao-de-energia-e-acessibilidade-permanente-as-moradias-existentes\/\" \/>\n<meta property=\"og:locale\" content=\"pt_BR\" \/>\n<meta property=\"og:type\" content=\"article\" \/>\n<meta property=\"og:title\" content=\"Painel de discuss\u00e3o sobre o uso de CLTs para fornecer renova\u00e7\u00e3o de energia e acessibilidade permanente \u00e0s moradias existentes\" \/>\n<meta property=\"og:description\" content=\"GRAVA\u00c7\u00c3O DO WEBINAR TRANSCRI\u00c7\u00c3O EM INGL\u00caS E FRANC\u00caS DESCRI\u00c7\u00c3O DO WEBINAR Na sequ\u00eancia do webinar de setembro, reunimos os apresentadores dos webinars anteriores para um painel de discuss\u00e3o de uma [&hellip;]\" \/>\n<meta property=\"og:url\" content=\"https:\/\/www.cltweb.org\/pt-br\/2024\/10\/21\/painel-de-discussao-sobre-o-uso-de-clts-para-fornecer-renovacao-de-energia-e-acessibilidade-permanente-as-moradias-existentes\/\" \/>\n<meta property=\"og:site_name\" content=\"International Center for Community Land Trusts\" \/>\n<meta property=\"article:publisher\" content=\"https:\/\/www.facebook.com\/cltcenter\" \/>\n<meta property=\"article:published_time\" content=\"2024-10-21T00:00:00+00:00\" \/>\n<meta name=\"author\" content=\"Ben Harris\" \/>\n<meta name=\"twitter:card\" content=\"summary_large_image\" \/>\n<meta name=\"twitter:creator\" content=\"@Center4CLTs\" \/>\n<meta name=\"twitter:site\" content=\"@Center4CLTs\" \/>\n<meta name=\"twitter:label1\" content=\"Escrito por\" \/>\n\t<meta name=\"twitter:data1\" content=\"Ben Harris\" \/>\n\t<meta name=\"twitter:label2\" content=\"Est. tempo de leitura\" \/>\n\t<meta name=\"twitter:data2\" content=\"3 minutos\" \/>\n<script type=\"application\/ld+json\" class=\"yoast-schema-graph\">{\"@context\":\"https:\\\/\\\/schema.org\",\"@graph\":[{\"@type\":\"Article\",\"@id\":\"https:\\\/\\\/www.cltweb.org\\\/pt-br\\\/2024\\\/10\\\/21\\\/painel-de-discussao-sobre-o-uso-de-clts-para-fornecer-renovacao-de-energia-e-acessibilidade-permanente-as-moradias-existentes\\\/#article\",\"isPartOf\":{\"@id\":\"https:\\\/\\\/www.cltweb.org\\\/pt-br\\\/2024\\\/10\\\/21\\\/painel-de-discussao-sobre-o-uso-de-clts-para-fornecer-renovacao-de-energia-e-acessibilidade-permanente-as-moradias-existentes\\\/\"},\"author\":{\"name\":\"Ben Harris\",\"@id\":\"https:\\\/\\\/www.cltweb.org\\\/pt-br\\\/#\\\/schema\\\/person\\\/7c9fe56cc945e4b57585dbfe30f2ead4\"},\"headline\":\"Painel de discuss\u00e3o sobre o uso de CLTs para fornecer renova\u00e7\u00e3o de energia e acessibilidade permanente \u00e0s moradias existentes\",\"datePublished\":\"2024-10-21T00:00:00+00:00\",\"mainEntityOfPage\":{\"@id\":\"https:\\\/\\\/www.cltweb.org\\\/pt-br\\\/2024\\\/10\\\/21\\\/painel-de-discussao-sobre-o-uso-de-clts-para-fornecer-renovacao-de-energia-e-acessibilidade-permanente-as-moradias-existentes\\\/\"},\"wordCount\":534,\"commentCount\":0,\"publisher\":{\"@id\":\"https:\\\/\\\/www.cltweb.org\\\/pt-br\\\/#organization\"},\"image\":{\"@id\":\"https:\\\/\\\/www.cltweb.org\\\/pt-br\\\/2024\\\/10\\\/21\\\/painel-de-discussao-sobre-o-uso-de-clts-para-fornecer-renovacao-de-energia-e-acessibilidade-permanente-as-moradias-existentes\\\/#primaryimage\"},\"thumbnailUrl\":\"https:\\\/\\\/www.cltweb.org\\\/wp-content\\\/uploads\\\/2024\\\/08\\\/jeanne_mosseray-254x300.jpg\",\"keywords\":[\"renova\u00e7\u00e3o de energia\"],\"articleSection\":[\"N\u00e3o categorizado\"],\"inLanguage\":\"pt-BR\",\"potentialAction\":[{\"@type\":\"CommentAction\",\"name\":\"Comment\",\"target\":[\"https:\\\/\\\/www.cltweb.org\\\/pt-br\\\/2024\\\/10\\\/21\\\/painel-de-discussao-sobre-o-uso-de-clts-para-fornecer-renovacao-de-energia-e-acessibilidade-permanente-as-moradias-existentes\\\/#respond\"]}]},{\"@type\":\"WebPage\",\"@id\":\"https:\\\/\\\/www.cltweb.org\\\/pt-br\\\/2024\\\/10\\\/21\\\/painel-de-discussao-sobre-o-uso-de-clts-para-fornecer-renovacao-de-energia-e-acessibilidade-permanente-as-moradias-existentes\\\/\",\"url\":\"https:\\\/\\\/www.cltweb.org\\\/pt-br\\\/2024\\\/10\\\/21\\\/painel-de-discussao-sobre-o-uso-de-clts-para-fornecer-renovacao-de-energia-e-acessibilidade-permanente-as-moradias-existentes\\\/\",\"name\":\"Painel de discuss\u00e3o sobre o uso de CLTs para fornecer renova\u00e7\u00e3o de energia e acessibilidade permanente \u00e0s moradias existentes - International Center for Community Land Trusts\",\"isPartOf\":{\"@id\":\"https:\\\/\\\/www.cltweb.org\\\/pt-br\\\/#website\"},\"primaryImageOfPage\":{\"@id\":\"https:\\\/\\\/www.cltweb.org\\\/pt-br\\\/2024\\\/10\\\/21\\\/painel-de-discussao-sobre-o-uso-de-clts-para-fornecer-renovacao-de-energia-e-acessibilidade-permanente-as-moradias-existentes\\\/#primaryimage\"},\"image\":{\"@id\":\"https:\\\/\\\/www.cltweb.org\\\/pt-br\\\/2024\\\/10\\\/21\\\/painel-de-discussao-sobre-o-uso-de-clts-para-fornecer-renovacao-de-energia-e-acessibilidade-permanente-as-moradias-existentes\\\/#primaryimage\"},\"thumbnailUrl\":\"https:\\\/\\\/www.cltweb.org\\\/wp-content\\\/uploads\\\/2024\\\/08\\\/jeanne_mosseray-254x300.jpg\",\"datePublished\":\"2024-10-21T00:00:00+00:00\",\"breadcrumb\":{\"@id\":\"https:\\\/\\\/www.cltweb.org\\\/pt-br\\\/2024\\\/10\\\/21\\\/painel-de-discussao-sobre-o-uso-de-clts-para-fornecer-renovacao-de-energia-e-acessibilidade-permanente-as-moradias-existentes\\\/#breadcrumb\"},\"inLanguage\":\"pt-BR\",\"potentialAction\":[{\"@type\":\"ReadAction\",\"target\":[\"https:\\\/\\\/www.cltweb.org\\\/pt-br\\\/2024\\\/10\\\/21\\\/painel-de-discussao-sobre-o-uso-de-clts-para-fornecer-renovacao-de-energia-e-acessibilidade-permanente-as-moradias-existentes\\\/\"]}]},{\"@type\":\"ImageObject\",\"inLanguage\":\"pt-BR\",\"@id\":\"https:\\\/\\\/www.cltweb.org\\\/pt-br\\\/2024\\\/10\\\/21\\\/painel-de-discussao-sobre-o-uso-de-clts-para-fornecer-renovacao-de-energia-e-acessibilidade-permanente-as-moradias-existentes\\\/#primaryimage\",\"url\":\"https:\\\/\\\/www.cltweb.org\\\/wp-content\\\/uploads\\\/2024\\\/08\\\/jeanne_mosseray-254x300.jpg\",\"contentUrl\":\"https:\\\/\\\/www.cltweb.org\\\/wp-content\\\/uploads\\\/2024\\\/08\\\/jeanne_mosseray-254x300.jpg\"},{\"@type\":\"BreadcrumbList\",\"@id\":\"https:\\\/\\\/www.cltweb.org\\\/pt-br\\\/2024\\\/10\\\/21\\\/painel-de-discussao-sobre-o-uso-de-clts-para-fornecer-renovacao-de-energia-e-acessibilidade-permanente-as-moradias-existentes\\\/#breadcrumb\",\"itemListElement\":[{\"@type\":\"ListItem\",\"position\":1,\"name\":\"Home\",\"item\":\"https:\\\/\\\/www.cltweb.org\\\/pt-br\\\/\"},{\"@type\":\"ListItem\",\"position\":2,\"name\":\"Painel de discuss\u00e3o sobre o uso de CLTs para fornecer renova\u00e7\u00e3o de energia e acessibilidade permanente \u00e0s moradias existentes\"}]},{\"@type\":\"WebSite\",\"@id\":\"https:\\\/\\\/www.cltweb.org\\\/pt-br\\\/#website\",\"url\":\"https:\\\/\\\/www.cltweb.org\\\/pt-br\\\/\",\"name\":\"International Center for Community Land Trusts\",\"description\":\"\",\"publisher\":{\"@id\":\"https:\\\/\\\/www.cltweb.org\\\/pt-br\\\/#organization\"},\"potentialAction\":[{\"@type\":\"SearchAction\",\"target\":{\"@type\":\"EntryPoint\",\"urlTemplate\":\"https:\\\/\\\/www.cltweb.org\\\/pt-br\\\/?s={search_term_string}\"},\"query-input\":{\"@type\":\"PropertyValueSpecification\",\"valueRequired\":true,\"valueName\":\"search_term_string\"}}],\"inLanguage\":\"pt-BR\"},{\"@type\":\"Organization\",\"@id\":\"https:\\\/\\\/www.cltweb.org\\\/pt-br\\\/#organization\",\"name\":\"International Center for Community Land Trusts\",\"url\":\"https:\\\/\\\/www.cltweb.org\\\/pt-br\\\/\",\"logo\":{\"@type\":\"ImageObject\",\"inLanguage\":\"pt-BR\",\"@id\":\"https:\\\/\\\/www.cltweb.org\\\/pt-br\\\/#\\\/schema\\\/logo\\\/image\\\/\",\"url\":\"https:\\\/\\\/www.cltweb.org\\\/wp-content\\\/uploads\\\/2024\\\/11\\\/New-CLT-Center-Text-logo.png\",\"contentUrl\":\"https:\\\/\\\/www.cltweb.org\\\/wp-content\\\/uploads\\\/2024\\\/11\\\/New-CLT-Center-Text-logo.png\",\"width\":227,\"height\":80,\"caption\":\"International Center for Community Land Trusts\"},\"image\":{\"@id\":\"https:\\\/\\\/www.cltweb.org\\\/pt-br\\\/#\\\/schema\\\/logo\\\/image\\\/\"},\"sameAs\":[\"https:\\\/\\\/www.facebook.com\\\/cltcenter\",\"https:\\\/\\\/x.com\\\/Center4CLTs\",\"https:\\\/\\\/www.instagram.com\\\/cltcenter\\\/\",\"https:\\\/\\\/www.linkedin.com\\\/company\\\/cltcenter\",\"https:\\\/\\\/www.youtube.com\\\/@centerforcltinnovation5313\"],\"description\":\"The International Center for Community Land Trusts is a not-for-profit nongovernmental organization established in 2018 to promote and to support community land trusts and similar strategies of community-led development on community-owned land in countries throughout the world.\",\"email\":\"info@communitylandtrust.net\",\"legalName\":\"International Center for Community Land Trusts\",\"foundingDate\":\"2018-12-01\",\"taxID\":\"84-3858933\",\"numberOfEmployees\":{\"@type\":\"QuantitativeValue\",\"minValue\":\"1\",\"maxValue\":\"10\"}},{\"@type\":\"Person\",\"@id\":\"https:\\\/\\\/www.cltweb.org\\\/pt-br\\\/#\\\/schema\\\/person\\\/7c9fe56cc945e4b57585dbfe30f2ead4\",\"name\":\"Ben Harris\",\"image\":{\"@type\":\"ImageObject\",\"inLanguage\":\"pt-BR\",\"@id\":\"https:\\\/\\\/secure.gravatar.com\\\/avatar\\\/12a44d8988553548c22c57da673ee8ffb7e0b87b0197beec533bae3061a92cc5?s=96&d=mm&r=g\",\"url\":\"https:\\\/\\\/secure.gravatar.com\\\/avatar\\\/12a44d8988553548c22c57da673ee8ffb7e0b87b0197beec533bae3061a92cc5?s=96&d=mm&r=g\",\"contentUrl\":\"https:\\\/\\\/secure.gravatar.com\\\/avatar\\\/12a44d8988553548c22c57da673ee8ffb7e0b87b0197beec533bae3061a92cc5?s=96&d=mm&r=g\",\"caption\":\"Ben Harris\"},\"url\":\"https:\\\/\\\/www.cltweb.org\\\/pt-br\\\/author\\\/ben\\\/\"}]}<\/script>\n<!-- \/ Yoast SEO Premium plugin. -->","yoast_head_json":{"title":"Painel de discuss\u00e3o sobre o uso de CLTs para fornecer renova\u00e7\u00e3o de energia e acessibilidade permanente \u00e0s moradias existentes - International Center for Community Land Trusts","robots":{"index":"index","follow":"follow","max-snippet":"max-snippet:-1","max-image-preview":"max-image-preview:large","max-video-preview":"max-video-preview:-1"},"canonical":"https:\/\/www.cltweb.org\/pt-br\/2024\/10\/21\/painel-de-discussao-sobre-o-uso-de-clts-para-fornecer-renovacao-de-energia-e-acessibilidade-permanente-as-moradias-existentes\/","og_locale":"pt_BR","og_type":"article","og_title":"Painel de discuss\u00e3o sobre o uso de CLTs para fornecer renova\u00e7\u00e3o de energia e acessibilidade permanente \u00e0s moradias existentes","og_description":"GRAVA\u00c7\u00c3O DO WEBINAR TRANSCRI\u00c7\u00c3O EM INGL\u00caS E FRANC\u00caS DESCRI\u00c7\u00c3O DO WEBINAR Na sequ\u00eancia do webinar de setembro, reunimos os apresentadores dos webinars anteriores para um painel de discuss\u00e3o de uma [&hellip;]","og_url":"https:\/\/www.cltweb.org\/pt-br\/2024\/10\/21\/painel-de-discussao-sobre-o-uso-de-clts-para-fornecer-renovacao-de-energia-e-acessibilidade-permanente-as-moradias-existentes\/","og_site_name":"International Center for Community Land Trusts","article_publisher":"https:\/\/www.facebook.com\/cltcenter","article_published_time":"2024-10-21T00:00:00+00:00","author":"Ben Harris","twitter_card":"summary_large_image","twitter_creator":"@Center4CLTs","twitter_site":"@Center4CLTs","twitter_misc":{"Escrito por":"Ben Harris","Est. tempo de leitura":"3 minutos"},"schema":{"@context":"https:\/\/schema.org","@graph":[{"@type":"Article","@id":"https:\/\/www.cltweb.org\/pt-br\/2024\/10\/21\/painel-de-discussao-sobre-o-uso-de-clts-para-fornecer-renovacao-de-energia-e-acessibilidade-permanente-as-moradias-existentes\/#article","isPartOf":{"@id":"https:\/\/www.cltweb.org\/pt-br\/2024\/10\/21\/painel-de-discussao-sobre-o-uso-de-clts-para-fornecer-renovacao-de-energia-e-acessibilidade-permanente-as-moradias-existentes\/"},"author":{"name":"Ben Harris","@id":"https:\/\/www.cltweb.org\/pt-br\/#\/schema\/person\/7c9fe56cc945e4b57585dbfe30f2ead4"},"headline":"Painel de discuss\u00e3o sobre o uso de CLTs para fornecer renova\u00e7\u00e3o de energia e acessibilidade permanente \u00e0s moradias existentes","datePublished":"2024-10-21T00:00:00+00:00","mainEntityOfPage":{"@id":"https:\/\/www.cltweb.org\/pt-br\/2024\/10\/21\/painel-de-discussao-sobre-o-uso-de-clts-para-fornecer-renovacao-de-energia-e-acessibilidade-permanente-as-moradias-existentes\/"},"wordCount":534,"commentCount":0,"publisher":{"@id":"https:\/\/www.cltweb.org\/pt-br\/#organization"},"image":{"@id":"https:\/\/www.cltweb.org\/pt-br\/2024\/10\/21\/painel-de-discussao-sobre-o-uso-de-clts-para-fornecer-renovacao-de-energia-e-acessibilidade-permanente-as-moradias-existentes\/#primaryimage"},"thumbnailUrl":"https:\/\/www.cltweb.org\/wp-content\/uploads\/2024\/08\/jeanne_mosseray-254x300.jpg","keywords":["renova\u00e7\u00e3o de energia"],"articleSection":["N\u00e3o categorizado"],"inLanguage":"pt-BR","potentialAction":[{"@type":"CommentAction","name":"Comment","target":["https:\/\/www.cltweb.org\/pt-br\/2024\/10\/21\/painel-de-discussao-sobre-o-uso-de-clts-para-fornecer-renovacao-de-energia-e-acessibilidade-permanente-as-moradias-existentes\/#respond"]}]},{"@type":"WebPage","@id":"https:\/\/www.cltweb.org\/pt-br\/2024\/10\/21\/painel-de-discussao-sobre-o-uso-de-clts-para-fornecer-renovacao-de-energia-e-acessibilidade-permanente-as-moradias-existentes\/","url":"https:\/\/www.cltweb.org\/pt-br\/2024\/10\/21\/painel-de-discussao-sobre-o-uso-de-clts-para-fornecer-renovacao-de-energia-e-acessibilidade-permanente-as-moradias-existentes\/","name":"Painel de discuss\u00e3o sobre o uso de CLTs para fornecer renova\u00e7\u00e3o de energia e acessibilidade permanente \u00e0s moradias existentes - International Center for Community Land Trusts","isPartOf":{"@id":"https:\/\/www.cltweb.org\/pt-br\/#website"},"primaryImageOfPage":{"@id":"https:\/\/www.cltweb.org\/pt-br\/2024\/10\/21\/painel-de-discussao-sobre-o-uso-de-clts-para-fornecer-renovacao-de-energia-e-acessibilidade-permanente-as-moradias-existentes\/#primaryimage"},"image":{"@id":"https:\/\/www.cltweb.org\/pt-br\/2024\/10\/21\/painel-de-discussao-sobre-o-uso-de-clts-para-fornecer-renovacao-de-energia-e-acessibilidade-permanente-as-moradias-existentes\/#primaryimage"},"thumbnailUrl":"https:\/\/www.cltweb.org\/wp-content\/uploads\/2024\/08\/jeanne_mosseray-254x300.jpg","datePublished":"2024-10-21T00:00:00+00:00","breadcrumb":{"@id":"https:\/\/www.cltweb.org\/pt-br\/2024\/10\/21\/painel-de-discussao-sobre-o-uso-de-clts-para-fornecer-renovacao-de-energia-e-acessibilidade-permanente-as-moradias-existentes\/#breadcrumb"},"inLanguage":"pt-BR","potentialAction":[{"@type":"ReadAction","target":["https:\/\/www.cltweb.org\/pt-br\/2024\/10\/21\/painel-de-discussao-sobre-o-uso-de-clts-para-fornecer-renovacao-de-energia-e-acessibilidade-permanente-as-moradias-existentes\/"]}]},{"@type":"ImageObject","inLanguage":"pt-BR","@id":"https:\/\/www.cltweb.org\/pt-br\/2024\/10\/21\/painel-de-discussao-sobre-o-uso-de-clts-para-fornecer-renovacao-de-energia-e-acessibilidade-permanente-as-moradias-existentes\/#primaryimage","url":"https:\/\/www.cltweb.org\/wp-content\/uploads\/2024\/08\/jeanne_mosseray-254x300.jpg","contentUrl":"https:\/\/www.cltweb.org\/wp-content\/uploads\/2024\/08\/jeanne_mosseray-254x300.jpg"},{"@type":"BreadcrumbList","@id":"https:\/\/www.cltweb.org\/pt-br\/2024\/10\/21\/painel-de-discussao-sobre-o-uso-de-clts-para-fornecer-renovacao-de-energia-e-acessibilidade-permanente-as-moradias-existentes\/#breadcrumb","itemListElement":[{"@type":"ListItem","position":1,"name":"Home","item":"https:\/\/www.cltweb.org\/pt-br\/"},{"@type":"ListItem","position":2,"name":"Painel de discuss\u00e3o sobre o uso de CLTs para fornecer renova\u00e7\u00e3o de energia e acessibilidade permanente \u00e0s moradias existentes"}]},{"@type":"WebSite","@id":"https:\/\/www.cltweb.org\/pt-br\/#website","url":"https:\/\/www.cltweb.org\/pt-br\/","name":"International Center for Community Land Trusts","description":"","publisher":{"@id":"https:\/\/www.cltweb.org\/pt-br\/#organization"},"potentialAction":[{"@type":"SearchAction","target":{"@type":"EntryPoint","urlTemplate":"https:\/\/www.cltweb.org\/pt-br\/?s={search_term_string}"},"query-input":{"@type":"PropertyValueSpecification","valueRequired":true,"valueName":"search_term_string"}}],"inLanguage":"pt-BR"},{"@type":"Organization","@id":"https:\/\/www.cltweb.org\/pt-br\/#organization","name":"International Center for Community Land Trusts","url":"https:\/\/www.cltweb.org\/pt-br\/","logo":{"@type":"ImageObject","inLanguage":"pt-BR","@id":"https:\/\/www.cltweb.org\/pt-br\/#\/schema\/logo\/image\/","url":"https:\/\/www.cltweb.org\/wp-content\/uploads\/2024\/11\/New-CLT-Center-Text-logo.png","contentUrl":"https:\/\/www.cltweb.org\/wp-content\/uploads\/2024\/11\/New-CLT-Center-Text-logo.png","width":227,"height":80,"caption":"International Center for Community Land Trusts"},"image":{"@id":"https:\/\/www.cltweb.org\/pt-br\/#\/schema\/logo\/image\/"},"sameAs":["https:\/\/www.facebook.com\/cltcenter","https:\/\/x.com\/Center4CLTs","https:\/\/www.instagram.com\/cltcenter\/","https:\/\/www.linkedin.com\/company\/cltcenter","https:\/\/www.youtube.com\/@centerforcltinnovation5313"],"description":"The International Center for Community Land Trusts is a not-for-profit nongovernmental organization established in 2018 to promote and to support community land trusts and similar strategies of community-led development on community-owned land in countries throughout the world.","email":"info@communitylandtrust.net","legalName":"International Center for Community Land Trusts","foundingDate":"2018-12-01","taxID":"84-3858933","numberOfEmployees":{"@type":"QuantitativeValue","minValue":"1","maxValue":"10"}},{"@type":"Person","@id":"https:\/\/www.cltweb.org\/pt-br\/#\/schema\/person\/7c9fe56cc945e4b57585dbfe30f2ead4","name":"Ben Harris","image":{"@type":"ImageObject","inLanguage":"pt-BR","@id":"https:\/\/secure.gravatar.com\/avatar\/12a44d8988553548c22c57da673ee8ffb7e0b87b0197beec533bae3061a92cc5?s=96&d=mm&r=g","url":"https:\/\/secure.gravatar.com\/avatar\/12a44d8988553548c22c57da673ee8ffb7e0b87b0197beec533bae3061a92cc5?s=96&d=mm&r=g","contentUrl":"https:\/\/secure.gravatar.com\/avatar\/12a44d8988553548c22c57da673ee8ffb7e0b87b0197beec533bae3061a92cc5?s=96&d=mm&r=g","caption":"Ben Harris"},"url":"https:\/\/www.cltweb.org\/pt-br\/author\/ben\/"}]}},"taxonomy_info":{"category":[{"value":27,"label":"N\u00e3o categorizado"}],"post_tag":[{"value":280,"label":"renova\u00e7\u00e3o de energia"}]},"featured_image_src_large":false,"author_info":{"display_name":"Ben Harris","author_link":"https:\/\/www.cltweb.org\/pt-br\/author\/ben\/"},"comment_info":0,"category_info":[{"term_id":27,"name":"N\u00e3o categorizado","slug":"nao-categorizado","term_group":0,"term_taxonomy_id":27,"taxonomy":"category","description":"","parent":0,"count":20,"filter":"raw","cat_ID":27,"category_count":20,"category_description":"","cat_name":"N\u00e3o categorizado","category_nicename":"nao-categorizado","category_parent":0}],"tag_info":[{"term_id":280,"name":"renova\u00e7\u00e3o de energia","slug":"renovacao-de-energia","term_group":0,"term_taxonomy_id":280,"taxonomy":"post_tag","description":"","parent":0,"count":2,"filter":"raw"}],"jetpack_featured_media_url":"","jetpack_sharing_enabled":true,"jetpack-related-posts":[{"id":6573,"url":"https:\/\/www.cltweb.org\/pt-br\/2024\/08\/22\/usando-clts-para-fornecer-renovacao-de-energia-e-acessibilidade-permanente-a-moradias-existentes\/","url_meta":{"origin":6566,"position":0},"title":"Usando CLTs para fornecer renova\u00e7\u00e3o de energia e acessibilidade permanente a moradias existentes","author":"Ben Harris","date":"22 de agosto de 2024","format":false,"excerpt":"Junte-se a n\u00f3s no dia 25 de setembro de 2024 para um webinar sobre como os CLTs podem ser usados para oferecer renova\u00e7\u00e3o de energia e acessibilidade permanente \u00e0s moradias existentes. Voc\u00ea ouvir\u00e1 os principais profissionais de CLT que lideram abordagens inovadoras para a renova\u00e7\u00e3o de energia em moradias existentes,\u2026","rel":"","context":"Em &quot;N\u00e3o categorizado&quot;","block_context":{"text":"N\u00e3o categorizado","link":"https:\/\/www.cltweb.org\/pt-br\/category\/nao-categorizado\/"},"img":{"alt_text":"Jeanne Mosseray","src":"https:\/\/i0.wp.com\/www.cltweb.org\/wp-content\/uploads\/2024\/08\/jeanne_mosseray-254x300.jpg?resize=350%2C200&ssl=1","width":350,"height":200},"classes":[]},{"id":7951,"url":"https:\/\/www.cltweb.org\/pt-br\/2024\/12\/17\/recapitulacao-do-webinar-poder-e-lideranca-dos-jovens-na-pratica-do-clt\/","url_meta":{"origin":6566,"position":1},"title":"Recapitula\u00e7\u00e3o do webinar: Poder e lideran\u00e7a dos jovens na pr\u00e1tica do CLT","author":"Ben Harris","date":"17 de dezembro de 2024","format":false,"excerpt":"Por Richard Kruger Delgado Todos os recursos relacionados a este webinar podem ser encontrados aqui e abaixo. A seguir, voc\u00ea encontrar\u00e1 uma recapitula\u00e7\u00e3o do webinar \"Stewarding the Future: Poder e lideran\u00e7a dos jovens na pr\u00e1tica do CLT\", realizado em 4 de dezembro de 2024. O painel foi moderado por Richard\u2026","rel":"","context":"Em &quot;Blogs&quot;","block_context":{"text":"Blogs","link":"https:\/\/www.cltweb.org\/pt-br\/category\/blogs-pt-br\/"},"img":{"alt_text":"","src":"https:\/\/i0.wp.com\/img.youtube.com\/vi\/UF1qD6WZTwg\/0.jpg?resize=350%2C200","width":350,"height":200},"classes":[]},{"id":6597,"url":"https:\/\/www.cltweb.org\/pt-br\/2022\/10\/11\/evento-do-centro-clt-reforma-agraria-na-escocia\/","url_meta":{"origin":6566,"position":2},"title":"EVENTO DO CENTRO CLT: Reforma agr\u00e1ria na Esc\u00f3cia","author":"cltredesign_0jp0l4","date":"11 de outubro de 2022","format":false,"excerpt":"Junte-se a n\u00f3s para uma discuss\u00e3o sobre a Reforma Agr\u00e1ria Escocesa e os v\u00ednculos da agenda da reforma agr\u00e1ria com a habita\u00e7\u00e3o liderada pela comunidade e o empoderamento da comunidade. A sess\u00e3o incluir\u00e1 apresenta\u00e7\u00f5es da Scottish Land Commission, da Community Land Scotland e da Wigtown & Bladnoch Community Initiative, seguidas\u2026","rel":"","context":"Em &quot;N\u00e3o categorizado&quot;","block_context":{"text":"N\u00e3o categorizado","link":"https:\/\/www.cltweb.org\/pt-br\/category\/nao-categorizado\/"},"img":{"alt_text":"Logotipo da SOSCH","src":"https:\/\/i0.wp.com\/www.cltweb.org\/wp-content\/uploads\/2022\/10\/SOSCH-logo.png?resize=350%2C200&ssl=1","width":350,"height":200},"classes":[]},{"id":7238,"url":"https:\/\/www.cltweb.org\/pt-br\/2024\/09\/10\/os-clts-podem-desempenhar-um-papel-na-politica-climatica\/","url_meta":{"origin":6566,"position":3},"title":"Os CLTs podem desempenhar um papel na pol\u00edtica clim\u00e1tica?","author":"cltredesign_0jp0l4","date":"10 de setembro de 2024","format":false,"excerpt":"A contribui\u00e7\u00e3o a seguir foi escrita por Geert De Pauw, Co-Coordenador do Community Land Trust Brussels, como uma contribui\u00e7\u00e3o para o pr\u00f3ximo webinar sobre \"Using CLTs to Deliver Energy Renovation and Permanent Affordability to Existing Housing\" (Usando CLTs para fornecer renova\u00e7\u00e3o de energia e acessibilidade permanente a moradias existentes), em\u2026","rel":"","context":"Em &quot;Blogs&quot;","block_context":{"text":"Blogs","link":"https:\/\/www.cltweb.org\/pt-br\/category\/blogs-pt-br\/"},"img":{"alt_text":"","src":"","width":0,"height":0},"classes":[]},{"id":7246,"url":"https:\/\/www.cltweb.org\/pt-br\/2024\/09\/03\/introducao-ao-uso-de-clts-para-fornecer-renovacao-de-energia-e-acessibilidade-permanente-a-moradias-existentes\/","url_meta":{"origin":6566,"position":4},"title":"Introdu\u00e7\u00e3o ao uso de CLTs para fornecer renova\u00e7\u00e3o de energia e acessibilidade permanente a moradias existentes","author":"cltredesign_0jp0l4","date":"3 de setembro de 2024","format":false,"excerpt":"A contribui\u00e7\u00e3o a seguir foi escrita por Richard Kruger Delgado, gerente de educa\u00e7\u00e3o e divulga\u00e7\u00e3o do International Center for Community Land Trusts, para apresentar o pr\u00f3ximo webinar em 25 de setembro. \"Estamos no neg\u00f3cio de 'n\u00e3o deixar as pessoas para tr\u00e1s'.\" - John Davis, Centro Internacional de Fundos de Terras\u2026","rel":"","context":"Em &quot;Blogs&quot;","block_context":{"text":"Blogs","link":"https:\/\/www.cltweb.org\/pt-br\/category\/blogs-pt-br\/"},"img":{"alt_text":"","src":"","width":0,"height":0},"classes":[]},{"id":6569,"url":"https:\/\/www.cltweb.org\/pt-br\/2023\/02\/20\/fideicomissos-de-terra-e-agricultura-de-base-comunitaria\/","url_meta":{"origin":6566,"position":5},"title":"Fideicomissos de terra e agricultura de base comunit\u00e1ria","author":"cltredesign_0jp0l4","date":"20 de fevereiro de 2023","format":false,"excerpt":"Junte-se a n\u00f3s na ter\u00e7a-feira, 14 de mar\u00e7o, para um webinar sobre agricultura comunit\u00e1ria. Voc\u00ea ouvir\u00e1 os principais profissionais de land trust que lideram programas agr\u00edcolas inovadores, com uma discuss\u00e3o em seguida. O evento \u00e9 gratuito e todos s\u00e3o bem-vindos!","rel":"","context":"Em &quot;N\u00e3o categorizado&quot;","block_context":{"text":"N\u00e3o categorizado","link":"https:\/\/www.cltweb.org\/pt-br\/category\/nao-categorizado\/"},"img":{"alt_text":"Logotipo do Centro CLT","src":"https:\/\/i0.wp.com\/www.cltweb.org\/wp-content\/uploads\/2022\/06\/Prop-logo_Center-for-CLT-innovation_black-400x150-1-300x113.png?resize=350%2C200&ssl=1","width":350,"height":200},"classes":[]}],"_links":{"self":[{"href":"https:\/\/www.cltweb.org\/pt-br\/wp-json\/wp\/v2\/posts\/6566","targetHints":{"allow":["GET"]}}],"collection":[{"href":"https:\/\/www.cltweb.org\/pt-br\/wp-json\/wp\/v2\/posts"}],"about":[{"href":"https:\/\/www.cltweb.org\/pt-br\/wp-json\/wp\/v2\/types\/post"}],"author":[{"embeddable":true,"href":"https:\/\/www.cltweb.org\/pt-br\/wp-json\/wp\/v2\/users\/2"}],"replies":[{"embeddable":true,"href":"https:\/\/www.cltweb.org\/pt-br\/wp-json\/wp\/v2\/comments?post=6566"}],"version-history":[{"count":0,"href":"https:\/\/www.cltweb.org\/pt-br\/wp-json\/wp\/v2\/posts\/6566\/revisions"}],"wp:attachment":[{"href":"https:\/\/www.cltweb.org\/pt-br\/wp-json\/wp\/v2\/media?parent=6566"}],"wp:term":[{"taxonomy":"category","embeddable":true,"href":"https:\/\/www.cltweb.org\/pt-br\/wp-json\/wp\/v2\/categories?post=6566"},{"taxonomy":"post_tag","embeddable":true,"href":"https:\/\/www.cltweb.org\/pt-br\/wp-json\/wp\/v2\/tags?post=6566"}],"curies":[{"name":"wp","href":"https:\/\/api.w.org\/{rel}","templated":true}]}}