{"id":6569,"date":"2023-02-20T00:00:00","date_gmt":"2023-02-20T00:00:00","guid":{"rendered":"https:\/\/www.cltweb.org\/2023\/02\/20\/fideicomissos-de-terra-e-agricultura-de-base-comunitaria\/"},"modified":"2023-02-20T00:00:00","modified_gmt":"2023-02-20T00:00:00","slug":"fideicomissos-de-terra-e-agricultura-de-base-comunitaria","status":"publish","type":"post","link":"https:\/\/www.cltweb.org\/pt-br\/2023\/02\/20\/fideicomissos-de-terra-e-agricultura-de-base-comunitaria\/","title":{"rendered":"Fideicomissos de terra e agricultura de base comunit\u00e1ria"},"content":{"rendered":"<p><strong>Grava\u00e7\u00e3o do webinar &#8211; ingl\u00eas<\/strong><br \/>\n<iframe loading=\"lazy\" title=\"Reprodutor de v\u00eddeo do YouTube\" src=\"https:\/\/www.youtube.com\/embed\/p515lFGNDuU\" width=\"560\" height=\"315\" frameborder=\"0\" allowfullscreen=\"allowfullscreen\"><\/iframe><\/p>\n<p><strong>Grava\u00e7\u00e3o do webinar &#8211; espanhol<\/strong><br \/>\n<iframe loading=\"lazy\" title=\"Reprodutor de v\u00eddeo do YouTube\" src=\"https:\/\/www.youtube.com\/embed\/AVyBWacSQo4\" width=\"560\" height=\"315\" frameborder=\"0\" allowfullscreen=\"allowfullscreen\"><\/iframe><\/p>\n<h2>Slides de apresenta\u00e7\u00e3o<\/h2>\n<p><strong><a href=\"https:\/\/www.cltweb.org\/wp-content\/uploads\/2023\/03\/Athens-Land-Trust-Presentation.pdf\" target=\"_blank\" rel=\"noopener\">Heather Benham, Athens Land Trust<\/a><\/strong><br \/>\n<strong><a href=\"https:\/\/www.cltweb.org\/wp-content\/uploads\/2023\/03\/Groundswell-Conservancy_Land-Trust-Webinar.pdf\" target=\"_blank\" rel=\"noopener\">Yimmuaj Yang, Groundswell Conservancy<\/a><\/strong><\/p>\n<h2>Descri\u00e7\u00e3o do webinar<\/h2>\n<p><img loading=\"lazy\" decoding=\"async\" class=\"size-medium wp-image-6168 alignright\" src=\"https:\/\/www.cltweb.org\/wp-content\/uploads\/2022\/06\/Prop-logo_Center-for-CLT-innovation_black-400x150-1-300x113.png\" alt=\"Logotipo do Centro CLT\" width=\"300\" height=\"113\">Embora os community land trusts geralmente se concentrem em moradia, suas atividades podem ir muito al\u00e9m disso. De fato, as ra\u00edzes do movimento CLT est\u00e3o na agricultura, originadas na New Communities, um fundo de terras de 5.700 acres e uma fazenda coletiva localizada em Albany, Ge\u00f3rgia, pertencente e operada por agricultores negros de 1969 a 1985, que j\u00e1 foi uma das propriedades de maior \u00e1rea pertencente a afro-americanos nos Estados Unidos. Atualmente, vemos tanto os fundos de terras comunit\u00e1rios quanto os fundos de terras de conserva\u00e7\u00e3o realizando trabalhos inovadores na agricultura comunit\u00e1ria. Neste webinar, destacaremos o trabalho de tr\u00eas fundos de terras sediados nos EUA que realizam um trabalho incr\u00edvel liderado pela comunidade na agricultura urbana e periurbana, contribuindo para os sistemas alimentares locais, oferecendo treinamento para novos agricultores, envolvendo jovens e oferecendo oportunidades de cura para os sobreviventes da Guerra Secreta no Laos. Neste webinar, voc\u00ea assistir\u00e1 a apresenta\u00e7\u00f5es de estudos de caso sobre projetos exemplares de agricultura comunit\u00e1ria e, em seguida, haver\u00e1 uma discuss\u00e3o. Ele ser\u00e1 moderado por Greg Rosenberg, do Center for CLT Innovation, com um trecho de v\u00eddeo introdut\u00f3rio do <a href=\"https:\/\/arcofjusticefilm.squarespace.com\/\">Arc of Justice<\/a> (um filme de Helen S. Cohen e Mark Lipman), que mostra Charles e Shirley Sherrod falando sobre New Communities.<\/p>\n<h3>APRESENTADORES<\/h3>\n<h4><b>Heather Benham, diretora executiva do <a href=\"https:\/\/athenslandtrust.org\/our-work\/comag\/\" target=\"_blank\" rel=\"noopener\">Athens Land Trust<\/a><\/b><\/h4>\n<p><img loading=\"lazy\" decoding=\"async\" class=\"size-thumbnail wp-image-6959 alignright\" src=\"https:\/\/www.cltweb.org\/wp-content\/uploads\/2023\/02\/Heather-Benham-150x150.jpg\" alt=\"Foto de Heather Benham\" width=\"150\" height=\"150\">Heather Benham ingressou no Athens Land Trust em 2002 como estagi\u00e1ria de ver\u00e3o e, em 2003, tornou-se a primeira funcion\u00e1ria em tempo integral da ALT. Desde ent\u00e3o, ela ocupou muitas fun\u00e7\u00f5es: supervisionou a constru\u00e7\u00e3o do programa de moradias populares da ALT; construiu relacionamentos com fam\u00edlias, ajudando-as a realizar o sonho da casa pr\u00f3pria; e desenvolveu o programa de agricultura comunit\u00e1ria da ALT, gerenciando as opera\u00e7\u00f5es da organiza\u00e7\u00e3o. Agora ela atua como Diretora Executiva, trabalhando em estreita colabora\u00e7\u00e3o com membros da comunidade, outras organiza\u00e7\u00f5es e autoridades locais para promover a miss\u00e3o da ALT.  <\/p>\n<h4><b>Joy Gary, diretora executiva da <a href=\"https:\/\/www.bostonfarms.org\/\" target=\"_blank\" rel=\"noopener\">Boston Farms<\/a><\/b><\/h4>\n<p><img loading=\"lazy\" decoding=\"async\" class=\"size-thumbnail wp-image-6960 alignright\" src=\"https:\/\/www.cltweb.org\/wp-content\/uploads\/2023\/02\/Joy-Gary-150x150.jpg\" alt=\"Foto de Joy Gary\" width=\"150\" height=\"150\">Joy Gary \u00e9 uma designer de sistemas regenerativos apaixonada por alimentos e comunidade. Reside em Boston h\u00e1 muito tempo e dedicou seu tempo a apoiar o desenvolvimento de sistemas regenerativos, a justi\u00e7a alimentar e a educa\u00e7\u00e3o por meio de projetos de agricultura urbana. Ela co-gerenciou programas de jardinagem e desenvolvimento de jovens no The Food Project e liderou a ReVision Urban Farm como gerente da fazenda.  <\/p>\n<h4><b>Yimmuaj Yang, Diretor Comunit\u00e1rio, <a href=\"https:\/\/groundswellconservancy.org\/what-we-do\/provide-equitable-access-to-land\/\" target=\"_blank\" rel=\"noopener\">Groundswell Conservancy<\/a><\/b><\/h4>\n<p><img loading=\"lazy\" decoding=\"async\" class=\"size-thumbnail wp-image-6958 alignright\" src=\"https:\/\/www.cltweb.org\/wp-content\/uploads\/2023\/02\/Yimmuaj-Yang-150x150.jpg\" alt=\"Foto de Yimmuaj Yang\" width=\"150\" height=\"150\">Desde que Yimmuaj Yang ingressou na Groundswell Conservancy em 2020, ela reduziu a dist\u00e2ncia entre os agricultores n\u00e3o brancos e as terras agr\u00edcolas dispon\u00edveis por meio de sua lideran\u00e7a no programa Equitable Access to Land (Acesso Equitativo \u00e0 Terra). Um dos projetos de Yimmauj \u00e9 o Lifting Hearts Therapy Garden, que atende idosos Hmong que vivem com TEPT, dem\u00eancia e depress\u00e3o, muitos dos quais foram deslocados de suas aldeias no Laos e no Vietn\u00e3 para campos de refugiados na Tail\u00e2ndia e depois para os EUA. Ela adora comida porque \u00e9 a linguagem universal de todas as pessoas; a comida une as pessoas.  <\/p>\n<hr>\n<h3>Sobre o Arc of Justice<\/h3>\n<p><strong><a href=\"https:\/\/www.arcofjusticefilm.com\" target=\"_blank\" rel=\"noopener\">Arco da Justi\u00e7a<\/a><\/strong> tra\u00e7a a not\u00e1vel jornada da New Communities, Inc. (NCI) no sudoeste da Ge\u00f3rgia, uma hist\u00f3ria de justi\u00e7a racial, organiza\u00e7\u00e3o comunit\u00e1ria e perseveran\u00e7a diante de enormes obst\u00e1culos. A NCI foi criada em 1969 em Albany, Ge\u00f3rgia, por l\u00edderes do Movimento dos Direitos Civis, incluindo o congressista John Lewis e Charles e Shirley Sherrod, para ajudar a garantir a independ\u00eancia econ\u00f4mica das fam\u00edlias afro-americanas. Durante 15 anos, a NCI cultivou cooperativamente cerca de 6.000 acres, a maior \u00e1rea de terra dos Estados Unidos pertencente a afro-americanos na \u00e9poca, mas a oposi\u00e7\u00e3o racista os impediu de implementar os planos de construir 500 casas a pre\u00e7os acess\u00edveis como parte de seu fundo de terra comunit\u00e1rio. Incapaz de obter empr\u00e9stimos do governo para lidar com o impacto de sucessivos anos de seca, a NCI perdeu a terra em 1985. Por\u00e9m, 25 anos depois, ela ganhou nova vida como resultado de uma a\u00e7\u00e3o coletiva bem-sucedida movida por centenas de agricultores afro-americanos contra o Departamento de Agricultura dos EUA por discrimina\u00e7\u00e3o de empr\u00e9stimos. Com o acordo, os fundadores originais compraram uma planta\u00e7\u00e3o de 1.600 acres que pertenceu ao maior propriet\u00e1rio de escravos e ao homem mais rico da Ge\u00f3rgia. Atualmente, a NCI cultiva nozes-pec\u00e3 e usa a mans\u00e3o antebellum da propriedade como centro de treinamento e retiro, ainda comprometida com sua miss\u00e3o original de promover a justi\u00e7a racial e o desenvolvimento econ\u00f4mico.<\/p>\n","protected":false},"excerpt":{"rendered":"<p>Junte-se a n\u00f3s na ter\u00e7a-feira, 14 de mar\u00e7o, para um webinar sobre agricultura comunit\u00e1ria. Voc\u00ea ouvir\u00e1 os principais profissionais de land trust que lideram programas agr\u00edcolas inovadores, com uma discuss\u00e3o em seguida. O evento \u00e9 gratuito e todos s\u00e3o bem-vindos! <\/p>\n","protected":false},"author":1,"featured_media":0,"comment_status":"open","ping_status":"open","sticky":false,"template":"","format":"standard","meta":{"give_campaign_id":0,"_tec_requires_first_save":true,"_kad_blocks_custom_css":"","_kad_blocks_head_custom_js":"","_kad_blocks_body_custom_js":"","_kad_blocks_footer_custom_js":"","_EventAllDay":false,"_EventTimezone":"","_EventStartDate":"","_EventEndDate":"","_EventStartDateUTC":"","_EventEndDateUTC":"","_EventShowMap":false,"_EventShowMapLink":false,"_EventURL":"","_EventCost":"","_EventCostDescription":"","_EventCurrencySymbol":"","_EventCurrencyCode":"","_EventCurrencyPosition":"","_EventDateTimeSeparator":"","_EventTimeRangeSeparator":"","_EventOrganizerID":[],"_EventVenueID":[],"_OrganizerEmail":"","_OrganizerPhone":"","_OrganizerWebsite":"","_VenueAddress":"","_VenueCity":"","_VenueCountry":"","_VenueProvince":"","_VenueState":"","_VenueZip":"","_VenuePhone":"","_VenueURL":"","_VenueStateProvince":"","_VenueLat":"","_VenueLng":"","_VenueShowMap":false,"_VenueShowMapLink":false,"_tribe_blocks_recurrence_rules":"","_tribe_blocks_recurrence_description":"","_tribe_blocks_recurrence_exclusions":"","_jetpack_memberships_contains_paid_content":false,"footnotes":""},"categories":[27],"tags":[],"class_list":["post-6569","post","type-post","status-publish","format-standard","hentry","category-nao-categorizado"],"blocksy_meta":[],"yoast_head":"<!-- This site is optimized with the Yoast SEO Premium plugin v27.4 (Yoast SEO v27.5) - https:\/\/yoast.com\/product\/yoast-seo-premium-wordpress\/ -->\n<title>Fideicomissos de terra e agricultura de base comunit\u00e1ria - International Center for Community Land Trusts<\/title>\n<meta name=\"robots\" content=\"index, follow, max-snippet:-1, max-image-preview:large, max-video-preview:-1\" \/>\n<link rel=\"canonical\" href=\"https:\/\/www.cltweb.org\/pt-br\/2023\/02\/20\/fideicomissos-de-terra-e-agricultura-de-base-comunitaria\/\" \/>\n<meta property=\"og:locale\" content=\"pt_BR\" \/>\n<meta property=\"og:type\" content=\"article\" \/>\n<meta property=\"og:title\" content=\"Fideicomissos de terra e agricultura de base comunit\u00e1ria\" \/>\n<meta property=\"og:description\" content=\"Junte-se a n\u00f3s na ter\u00e7a-feira, 14 de mar\u00e7o, para um webinar sobre agricultura comunit\u00e1ria. Voc\u00ea ouvir\u00e1 os principais profissionais de land trust que lideram programas agr\u00edcolas inovadores, com uma discuss\u00e3o em seguida. O evento \u00e9 gratuito e todos s\u00e3o bem-vindos!\" \/>\n<meta property=\"og:url\" content=\"https:\/\/www.cltweb.org\/pt-br\/2023\/02\/20\/fideicomissos-de-terra-e-agricultura-de-base-comunitaria\/\" \/>\n<meta property=\"og:site_name\" content=\"International Center for Community Land Trusts\" \/>\n<meta property=\"article:publisher\" content=\"https:\/\/www.facebook.com\/cltcenter\" \/>\n<meta property=\"article:published_time\" content=\"2023-02-20T00:00:00+00:00\" \/>\n<meta property=\"og:image\" content=\"https:\/\/www.cltweb.org\/wp-content\/uploads\/2024\/10\/Brazil-2021-1024x610.png\" \/>\n\t<meta property=\"og:image:width\" content=\"1024\" \/>\n\t<meta property=\"og:image:height\" content=\"610\" \/>\n\t<meta property=\"og:image:type\" content=\"image\/png\" \/>\n<meta name=\"author\" content=\"cltredesign_0jp0l4\" \/>\n<meta name=\"twitter:card\" content=\"summary_large_image\" \/>\n<meta name=\"twitter:creator\" content=\"@Center4CLTs\" \/>\n<meta name=\"twitter:site\" content=\"@Center4CLTs\" \/>\n<meta name=\"twitter:label1\" content=\"Escrito por\" \/>\n\t<meta name=\"twitter:data1\" content=\"cltredesign_0jp0l4\" \/>\n\t<meta name=\"twitter:label2\" content=\"Est. tempo de leitura\" \/>\n\t<meta name=\"twitter:data2\" content=\"4 minutos\" \/>\n<script type=\"application\/ld+json\" class=\"yoast-schema-graph\">{\"@context\":\"https:\\\/\\\/schema.org\",\"@graph\":[{\"@type\":\"Article\",\"@id\":\"https:\\\/\\\/www.cltweb.org\\\/pt-br\\\/2023\\\/02\\\/20\\\/fideicomissos-de-terra-e-agricultura-de-base-comunitaria\\\/#article\",\"isPartOf\":{\"@id\":\"https:\\\/\\\/www.cltweb.org\\\/pt-br\\\/2023\\\/02\\\/20\\\/fideicomissos-de-terra-e-agricultura-de-base-comunitaria\\\/\"},\"author\":{\"name\":\"cltredesign_0jp0l4\",\"@id\":\"https:\\\/\\\/www.cltweb.org\\\/pt-br\\\/#\\\/schema\\\/person\\\/afd3723291b60b81c27772953e5b49d6\"},\"headline\":\"Fideicomissos de terra e agricultura de base comunit\u00e1ria\",\"datePublished\":\"2023-02-20T00:00:00+00:00\",\"mainEntityOfPage\":{\"@id\":\"https:\\\/\\\/www.cltweb.org\\\/pt-br\\\/2023\\\/02\\\/20\\\/fideicomissos-de-terra-e-agricultura-de-base-comunitaria\\\/\"},\"wordCount\":813,\"commentCount\":0,\"publisher\":{\"@id\":\"https:\\\/\\\/www.cltweb.org\\\/pt-br\\\/#organization\"},\"image\":{\"@id\":\"https:\\\/\\\/www.cltweb.org\\\/pt-br\\\/2023\\\/02\\\/20\\\/fideicomissos-de-terra-e-agricultura-de-base-comunitaria\\\/#primaryimage\"},\"thumbnailUrl\":\"https:\\\/\\\/www.cltweb.org\\\/wp-content\\\/uploads\\\/2022\\\/06\\\/Prop-logo_Center-for-CLT-innovation_black-400x150-1-300x113.png\",\"articleSection\":[\"N\u00e3o categorizado\"],\"inLanguage\":\"pt-BR\",\"potentialAction\":[{\"@type\":\"CommentAction\",\"name\":\"Comment\",\"target\":[\"https:\\\/\\\/www.cltweb.org\\\/pt-br\\\/2023\\\/02\\\/20\\\/fideicomissos-de-terra-e-agricultura-de-base-comunitaria\\\/#respond\"]}]},{\"@type\":\"WebPage\",\"@id\":\"https:\\\/\\\/www.cltweb.org\\\/pt-br\\\/2023\\\/02\\\/20\\\/fideicomissos-de-terra-e-agricultura-de-base-comunitaria\\\/\",\"url\":\"https:\\\/\\\/www.cltweb.org\\\/pt-br\\\/2023\\\/02\\\/20\\\/fideicomissos-de-terra-e-agricultura-de-base-comunitaria\\\/\",\"name\":\"Fideicomissos de terra e agricultura de base comunit\u00e1ria - International Center for Community Land Trusts\",\"isPartOf\":{\"@id\":\"https:\\\/\\\/www.cltweb.org\\\/pt-br\\\/#website\"},\"primaryImageOfPage\":{\"@id\":\"https:\\\/\\\/www.cltweb.org\\\/pt-br\\\/2023\\\/02\\\/20\\\/fideicomissos-de-terra-e-agricultura-de-base-comunitaria\\\/#primaryimage\"},\"image\":{\"@id\":\"https:\\\/\\\/www.cltweb.org\\\/pt-br\\\/2023\\\/02\\\/20\\\/fideicomissos-de-terra-e-agricultura-de-base-comunitaria\\\/#primaryimage\"},\"thumbnailUrl\":\"https:\\\/\\\/www.cltweb.org\\\/wp-content\\\/uploads\\\/2022\\\/06\\\/Prop-logo_Center-for-CLT-innovation_black-400x150-1-300x113.png\",\"datePublished\":\"2023-02-20T00:00:00+00:00\",\"breadcrumb\":{\"@id\":\"https:\\\/\\\/www.cltweb.org\\\/pt-br\\\/2023\\\/02\\\/20\\\/fideicomissos-de-terra-e-agricultura-de-base-comunitaria\\\/#breadcrumb\"},\"inLanguage\":\"pt-BR\",\"potentialAction\":[{\"@type\":\"ReadAction\",\"target\":[\"https:\\\/\\\/www.cltweb.org\\\/pt-br\\\/2023\\\/02\\\/20\\\/fideicomissos-de-terra-e-agricultura-de-base-comunitaria\\\/\"]}]},{\"@type\":\"ImageObject\",\"inLanguage\":\"pt-BR\",\"@id\":\"https:\\\/\\\/www.cltweb.org\\\/pt-br\\\/2023\\\/02\\\/20\\\/fideicomissos-de-terra-e-agricultura-de-base-comunitaria\\\/#primaryimage\",\"url\":\"https:\\\/\\\/www.cltweb.org\\\/wp-content\\\/uploads\\\/2022\\\/06\\\/Prop-logo_Center-for-CLT-innovation_black-400x150-1-300x113.png\",\"contentUrl\":\"https:\\\/\\\/www.cltweb.org\\\/wp-content\\\/uploads\\\/2022\\\/06\\\/Prop-logo_Center-for-CLT-innovation_black-400x150-1-300x113.png\"},{\"@type\":\"BreadcrumbList\",\"@id\":\"https:\\\/\\\/www.cltweb.org\\\/pt-br\\\/2023\\\/02\\\/20\\\/fideicomissos-de-terra-e-agricultura-de-base-comunitaria\\\/#breadcrumb\",\"itemListElement\":[{\"@type\":\"ListItem\",\"position\":1,\"name\":\"Home\",\"item\":\"https:\\\/\\\/www.cltweb.org\\\/pt-br\\\/\"},{\"@type\":\"ListItem\",\"position\":2,\"name\":\"Fideicomissos de terra e agricultura de base comunit\u00e1ria\"}]},{\"@type\":\"WebSite\",\"@id\":\"https:\\\/\\\/www.cltweb.org\\\/pt-br\\\/#website\",\"url\":\"https:\\\/\\\/www.cltweb.org\\\/pt-br\\\/\",\"name\":\"International Center for Community Land Trusts\",\"description\":\"\",\"publisher\":{\"@id\":\"https:\\\/\\\/www.cltweb.org\\\/pt-br\\\/#organization\"},\"potentialAction\":[{\"@type\":\"SearchAction\",\"target\":{\"@type\":\"EntryPoint\",\"urlTemplate\":\"https:\\\/\\\/www.cltweb.org\\\/pt-br\\\/?s={search_term_string}\"},\"query-input\":{\"@type\":\"PropertyValueSpecification\",\"valueRequired\":true,\"valueName\":\"search_term_string\"}}],\"inLanguage\":\"pt-BR\"},{\"@type\":\"Organization\",\"@id\":\"https:\\\/\\\/www.cltweb.org\\\/pt-br\\\/#organization\",\"name\":\"International Center for Community Land Trusts\",\"url\":\"https:\\\/\\\/www.cltweb.org\\\/pt-br\\\/\",\"logo\":{\"@type\":\"ImageObject\",\"inLanguage\":\"pt-BR\",\"@id\":\"https:\\\/\\\/www.cltweb.org\\\/pt-br\\\/#\\\/schema\\\/logo\\\/image\\\/\",\"url\":\"https:\\\/\\\/www.cltweb.org\\\/wp-content\\\/uploads\\\/2024\\\/11\\\/New-CLT-Center-Text-logo.png\",\"contentUrl\":\"https:\\\/\\\/www.cltweb.org\\\/wp-content\\\/uploads\\\/2024\\\/11\\\/New-CLT-Center-Text-logo.png\",\"width\":227,\"height\":80,\"caption\":\"International Center for Community Land Trusts\"},\"image\":{\"@id\":\"https:\\\/\\\/www.cltweb.org\\\/pt-br\\\/#\\\/schema\\\/logo\\\/image\\\/\"},\"sameAs\":[\"https:\\\/\\\/www.facebook.com\\\/cltcenter\",\"https:\\\/\\\/x.com\\\/Center4CLTs\",\"https:\\\/\\\/www.instagram.com\\\/cltcenter\\\/\",\"https:\\\/\\\/www.linkedin.com\\\/company\\\/cltcenter\",\"https:\\\/\\\/www.youtube.com\\\/@centerforcltinnovation5313\"],\"description\":\"The International Center for Community Land Trusts is a not-for-profit nongovernmental organization established in 2018 to promote and to support community land trusts and similar strategies of community-led development on community-owned land in countries throughout the world.\",\"email\":\"info@communitylandtrust.net\",\"legalName\":\"International Center for Community Land Trusts\",\"foundingDate\":\"2018-12-01\",\"taxID\":\"84-3858933\",\"numberOfEmployees\":{\"@type\":\"QuantitativeValue\",\"minValue\":\"1\",\"maxValue\":\"10\"}},{\"@type\":\"Person\",\"@id\":\"https:\\\/\\\/www.cltweb.org\\\/pt-br\\\/#\\\/schema\\\/person\\\/afd3723291b60b81c27772953e5b49d6\",\"name\":\"cltredesign_0jp0l4\",\"image\":{\"@type\":\"ImageObject\",\"inLanguage\":\"pt-BR\",\"@id\":\"https:\\\/\\\/secure.gravatar.com\\\/avatar\\\/1012e57596c2454da589d773454d3eb22a64f2ff638e62850caeb654f3affad5?s=96&d=mm&r=g\",\"url\":\"https:\\\/\\\/secure.gravatar.com\\\/avatar\\\/1012e57596c2454da589d773454d3eb22a64f2ff638e62850caeb654f3affad5?s=96&d=mm&r=g\",\"contentUrl\":\"https:\\\/\\\/secure.gravatar.com\\\/avatar\\\/1012e57596c2454da589d773454d3eb22a64f2ff638e62850caeb654f3affad5?s=96&d=mm&r=g\",\"caption\":\"cltredesign_0jp0l4\"},\"sameAs\":[\"https:\\\/\\\/icclt.org\"],\"url\":\"https:\\\/\\\/www.cltweb.org\\\/pt-br\\\/author\\\/cltredesign_0jp0l4\\\/\"}]}<\/script>\n<!-- \/ Yoast SEO Premium plugin. -->","yoast_head_json":{"title":"Fideicomissos de terra e agricultura de base comunit\u00e1ria - International Center for Community Land Trusts","robots":{"index":"index","follow":"follow","max-snippet":"max-snippet:-1","max-image-preview":"max-image-preview:large","max-video-preview":"max-video-preview:-1"},"canonical":"https:\/\/www.cltweb.org\/pt-br\/2023\/02\/20\/fideicomissos-de-terra-e-agricultura-de-base-comunitaria\/","og_locale":"pt_BR","og_type":"article","og_title":"Fideicomissos de terra e agricultura de base comunit\u00e1ria","og_description":"Junte-se a n\u00f3s na ter\u00e7a-feira, 14 de mar\u00e7o, para um webinar sobre agricultura comunit\u00e1ria. Voc\u00ea ouvir\u00e1 os principais profissionais de land trust que lideram programas agr\u00edcolas inovadores, com uma discuss\u00e3o em seguida. O evento \u00e9 gratuito e todos s\u00e3o bem-vindos!","og_url":"https:\/\/www.cltweb.org\/pt-br\/2023\/02\/20\/fideicomissos-de-terra-e-agricultura-de-base-comunitaria\/","og_site_name":"International Center for Community Land Trusts","article_publisher":"https:\/\/www.facebook.com\/cltcenter","article_published_time":"2023-02-20T00:00:00+00:00","og_image":[{"width":1024,"height":610,"url":"https:\/\/www.cltweb.org\/wp-content\/uploads\/2024\/10\/Brazil-2021-1024x610.png","type":"image\/png"}],"author":"cltredesign_0jp0l4","twitter_card":"summary_large_image","twitter_creator":"@Center4CLTs","twitter_site":"@Center4CLTs","twitter_misc":{"Escrito por":"cltredesign_0jp0l4","Est. tempo de leitura":"4 minutos"},"schema":{"@context":"https:\/\/schema.org","@graph":[{"@type":"Article","@id":"https:\/\/www.cltweb.org\/pt-br\/2023\/02\/20\/fideicomissos-de-terra-e-agricultura-de-base-comunitaria\/#article","isPartOf":{"@id":"https:\/\/www.cltweb.org\/pt-br\/2023\/02\/20\/fideicomissos-de-terra-e-agricultura-de-base-comunitaria\/"},"author":{"name":"cltredesign_0jp0l4","@id":"https:\/\/www.cltweb.org\/pt-br\/#\/schema\/person\/afd3723291b60b81c27772953e5b49d6"},"headline":"Fideicomissos de terra e agricultura de base comunit\u00e1ria","datePublished":"2023-02-20T00:00:00+00:00","mainEntityOfPage":{"@id":"https:\/\/www.cltweb.org\/pt-br\/2023\/02\/20\/fideicomissos-de-terra-e-agricultura-de-base-comunitaria\/"},"wordCount":813,"commentCount":0,"publisher":{"@id":"https:\/\/www.cltweb.org\/pt-br\/#organization"},"image":{"@id":"https:\/\/www.cltweb.org\/pt-br\/2023\/02\/20\/fideicomissos-de-terra-e-agricultura-de-base-comunitaria\/#primaryimage"},"thumbnailUrl":"https:\/\/www.cltweb.org\/wp-content\/uploads\/2022\/06\/Prop-logo_Center-for-CLT-innovation_black-400x150-1-300x113.png","articleSection":["N\u00e3o categorizado"],"inLanguage":"pt-BR","potentialAction":[{"@type":"CommentAction","name":"Comment","target":["https:\/\/www.cltweb.org\/pt-br\/2023\/02\/20\/fideicomissos-de-terra-e-agricultura-de-base-comunitaria\/#respond"]}]},{"@type":"WebPage","@id":"https:\/\/www.cltweb.org\/pt-br\/2023\/02\/20\/fideicomissos-de-terra-e-agricultura-de-base-comunitaria\/","url":"https:\/\/www.cltweb.org\/pt-br\/2023\/02\/20\/fideicomissos-de-terra-e-agricultura-de-base-comunitaria\/","name":"Fideicomissos de terra e agricultura de base comunit\u00e1ria - International Center for Community Land Trusts","isPartOf":{"@id":"https:\/\/www.cltweb.org\/pt-br\/#website"},"primaryImageOfPage":{"@id":"https:\/\/www.cltweb.org\/pt-br\/2023\/02\/20\/fideicomissos-de-terra-e-agricultura-de-base-comunitaria\/#primaryimage"},"image":{"@id":"https:\/\/www.cltweb.org\/pt-br\/2023\/02\/20\/fideicomissos-de-terra-e-agricultura-de-base-comunitaria\/#primaryimage"},"thumbnailUrl":"https:\/\/www.cltweb.org\/wp-content\/uploads\/2022\/06\/Prop-logo_Center-for-CLT-innovation_black-400x150-1-300x113.png","datePublished":"2023-02-20T00:00:00+00:00","breadcrumb":{"@id":"https:\/\/www.cltweb.org\/pt-br\/2023\/02\/20\/fideicomissos-de-terra-e-agricultura-de-base-comunitaria\/#breadcrumb"},"inLanguage":"pt-BR","potentialAction":[{"@type":"ReadAction","target":["https:\/\/www.cltweb.org\/pt-br\/2023\/02\/20\/fideicomissos-de-terra-e-agricultura-de-base-comunitaria\/"]}]},{"@type":"ImageObject","inLanguage":"pt-BR","@id":"https:\/\/www.cltweb.org\/pt-br\/2023\/02\/20\/fideicomissos-de-terra-e-agricultura-de-base-comunitaria\/#primaryimage","url":"https:\/\/www.cltweb.org\/wp-content\/uploads\/2022\/06\/Prop-logo_Center-for-CLT-innovation_black-400x150-1-300x113.png","contentUrl":"https:\/\/www.cltweb.org\/wp-content\/uploads\/2022\/06\/Prop-logo_Center-for-CLT-innovation_black-400x150-1-300x113.png"},{"@type":"BreadcrumbList","@id":"https:\/\/www.cltweb.org\/pt-br\/2023\/02\/20\/fideicomissos-de-terra-e-agricultura-de-base-comunitaria\/#breadcrumb","itemListElement":[{"@type":"ListItem","position":1,"name":"Home","item":"https:\/\/www.cltweb.org\/pt-br\/"},{"@type":"ListItem","position":2,"name":"Fideicomissos de terra e agricultura de base comunit\u00e1ria"}]},{"@type":"WebSite","@id":"https:\/\/www.cltweb.org\/pt-br\/#website","url":"https:\/\/www.cltweb.org\/pt-br\/","name":"International Center for Community Land Trusts","description":"","publisher":{"@id":"https:\/\/www.cltweb.org\/pt-br\/#organization"},"potentialAction":[{"@type":"SearchAction","target":{"@type":"EntryPoint","urlTemplate":"https:\/\/www.cltweb.org\/pt-br\/?s={search_term_string}"},"query-input":{"@type":"PropertyValueSpecification","valueRequired":true,"valueName":"search_term_string"}}],"inLanguage":"pt-BR"},{"@type":"Organization","@id":"https:\/\/www.cltweb.org\/pt-br\/#organization","name":"International Center for Community Land Trusts","url":"https:\/\/www.cltweb.org\/pt-br\/","logo":{"@type":"ImageObject","inLanguage":"pt-BR","@id":"https:\/\/www.cltweb.org\/pt-br\/#\/schema\/logo\/image\/","url":"https:\/\/www.cltweb.org\/wp-content\/uploads\/2024\/11\/New-CLT-Center-Text-logo.png","contentUrl":"https:\/\/www.cltweb.org\/wp-content\/uploads\/2024\/11\/New-CLT-Center-Text-logo.png","width":227,"height":80,"caption":"International Center for Community Land Trusts"},"image":{"@id":"https:\/\/www.cltweb.org\/pt-br\/#\/schema\/logo\/image\/"},"sameAs":["https:\/\/www.facebook.com\/cltcenter","https:\/\/x.com\/Center4CLTs","https:\/\/www.instagram.com\/cltcenter\/","https:\/\/www.linkedin.com\/company\/cltcenter","https:\/\/www.youtube.com\/@centerforcltinnovation5313"],"description":"The International Center for Community Land Trusts is a not-for-profit nongovernmental organization established in 2018 to promote and to support community land trusts and similar strategies of community-led development on community-owned land in countries throughout the world.","email":"info@communitylandtrust.net","legalName":"International Center for Community Land Trusts","foundingDate":"2018-12-01","taxID":"84-3858933","numberOfEmployees":{"@type":"QuantitativeValue","minValue":"1","maxValue":"10"}},{"@type":"Person","@id":"https:\/\/www.cltweb.org\/pt-br\/#\/schema\/person\/afd3723291b60b81c27772953e5b49d6","name":"cltredesign_0jp0l4","image":{"@type":"ImageObject","inLanguage":"pt-BR","@id":"https:\/\/secure.gravatar.com\/avatar\/1012e57596c2454da589d773454d3eb22a64f2ff638e62850caeb654f3affad5?s=96&d=mm&r=g","url":"https:\/\/secure.gravatar.com\/avatar\/1012e57596c2454da589d773454d3eb22a64f2ff638e62850caeb654f3affad5?s=96&d=mm&r=g","contentUrl":"https:\/\/secure.gravatar.com\/avatar\/1012e57596c2454da589d773454d3eb22a64f2ff638e62850caeb654f3affad5?s=96&d=mm&r=g","caption":"cltredesign_0jp0l4"},"sameAs":["https:\/\/icclt.org"],"url":"https:\/\/www.cltweb.org\/pt-br\/author\/cltredesign_0jp0l4\/"}]}},"taxonomy_info":{"category":[{"value":27,"label":"N\u00e3o categorizado"}]},"featured_image_src_large":false,"author_info":{"display_name":"cltredesign_0jp0l4","author_link":"https:\/\/www.cltweb.org\/pt-br\/author\/cltredesign_0jp0l4\/"},"comment_info":0,"category_info":[{"term_id":27,"name":"N\u00e3o categorizado","slug":"nao-categorizado","term_group":0,"term_taxonomy_id":27,"taxonomy":"category","description":"","parent":0,"count":20,"filter":"raw","cat_ID":27,"category_count":20,"category_description":"","cat_name":"N\u00e3o categorizado","category_nicename":"nao-categorizado","category_parent":0}],"tag_info":false,"jetpack_featured_media_url":"","jetpack_sharing_enabled":true,"jetpack-related-posts":[{"id":6597,"url":"https:\/\/www.cltweb.org\/pt-br\/2022\/10\/11\/evento-do-centro-clt-reforma-agraria-na-escocia\/","url_meta":{"origin":6569,"position":0},"title":"EVENTO DO CENTRO CLT: Reforma agr\u00e1ria na Esc\u00f3cia","author":"cltredesign_0jp0l4","date":"11 de outubro de 2022","format":false,"excerpt":"Junte-se a n\u00f3s para uma discuss\u00e3o sobre a Reforma Agr\u00e1ria Escocesa e os v\u00ednculos da agenda da reforma agr\u00e1ria com a habita\u00e7\u00e3o liderada pela comunidade e o empoderamento da comunidade. A sess\u00e3o incluir\u00e1 apresenta\u00e7\u00f5es da Scottish Land Commission, da Community Land Scotland e da Wigtown & Bladnoch Community Initiative, seguidas\u2026","rel":"","context":"Em &quot;N\u00e3o categorizado&quot;","block_context":{"text":"N\u00e3o categorizado","link":"https:\/\/www.cltweb.org\/pt-br\/category\/nao-categorizado\/"},"img":{"alt_text":"Logotipo da SOSCH","src":"https:\/\/i0.wp.com\/www.cltweb.org\/wp-content\/uploads\/2022\/10\/SOSCH-logo.png?resize=350%2C200&ssl=1","width":350,"height":200},"classes":[]},{"id":6566,"url":"https:\/\/www.cltweb.org\/pt-br\/2024\/10\/21\/painel-de-discussao-sobre-o-uso-de-clts-para-fornecer-renovacao-de-energia-e-acessibilidade-permanente-as-moradias-existentes\/","url_meta":{"origin":6569,"position":1},"title":"Painel de discuss\u00e3o sobre o uso de CLTs para fornecer renova\u00e7\u00e3o de energia e acessibilidade permanente \u00e0s moradias existentes","author":"Ben Harris","date":"21 de outubro de 2024","format":false,"excerpt":"GRAVA\u00c7\u00c3O DO WEBINAR TRANSCRI\u00c7\u00c3O EM INGL\u00caS E FRANC\u00caS DESCRI\u00c7\u00c3O DO WEBINAR Na sequ\u00eancia do webinar de setembro, reunimos os apresentadores dos webinars anteriores para um painel de discuss\u00e3o de uma hora de dura\u00e7\u00e3o, no qual continuamos a desenvolver os estudos de caso do m\u00eas anterior, trabalhando com propriet\u00e1rios n\u00e3o CLT\u2026","rel":"","context":"Em &quot;N\u00e3o categorizado&quot;","block_context":{"text":"N\u00e3o categorizado","link":"https:\/\/www.cltweb.org\/pt-br\/category\/nao-categorizado\/"},"img":{"alt_text":"Jeanne Mosseray","src":"https:\/\/i0.wp.com\/www.cltweb.org\/wp-content\/uploads\/2024\/08\/jeanne_mosseray-254x300.jpg?resize=350%2C200&ssl=1","width":350,"height":200},"classes":[]},{"id":6567,"url":"https:\/\/www.cltweb.org\/es\/2023\/02\/20\/los-fideicomisos-de-tierras-y-la-agricultura-comunitaria\/","url_meta":{"origin":6569,"position":2},"title":"Los fideicomisos de tierras y la agricultura comunitaria","author":"cltredesign_0jp0l4","date":"20 de fevereiro de 2023","format":false,"excerpt":"Acomp\u00e1\u00f1anos el martes 14 de marzo en un seminario web sobre agricultura comunitaria. Escuchar\u00e1s a destacados profesionales de los fideicomisos de tierras que dirigen programas agr\u00edcolas innovadores -- con un debate posterior. El acto es gratuito y todos son bienvenidos.","rel":"","context":"Em &quot;Sin categorizar&quot;","block_context":{"text":"Sin categorizar","link":"https:\/\/www.cltweb.org\/es\/category\/sin-categorizar\/"},"img":{"alt_text":"Logotipo del Centro CLT","src":"https:\/\/i0.wp.com\/www.cltweb.org\/wp-content\/uploads\/2022\/06\/Prop-logo_Center-for-CLT-innovation_black-400x150-1-300x113.png?resize=350%2C200&ssl=1","width":350,"height":200},"classes":[]},{"id":6595,"url":"https:\/\/www.cltweb.org\/pt-br\/2022\/10\/11\/evento-no-clt-center-lancamento-do-livro-community-matters\/","url_meta":{"origin":6569,"position":3},"title":"EVENTO NO CLT CENTER: Lan\u00e7amento do livro Community Matters","author":"cltredesign_0jp0l4","date":"11 de outubro de 2022","format":false,"excerpt":"Junte-se a n\u00f3s para comemorar a publica\u00e7\u00e3o do mais recente livro da Terra Nostra Press, Community Matters. Este webinar reunir\u00e1 profissionais de CLT de Boston, Bruxelas, Londres, Houston e San Juan, cujas perspectivas sobre organiza\u00e7\u00e3o comunit\u00e1ria e envolvimento dos residentes s\u00e3o apresentadas no livro.","rel":"","context":"Em &quot;N\u00e3o categorizado&quot;","block_context":{"text":"N\u00e3o categorizado","link":"https:\/\/www.cltweb.org\/pt-br\/category\/nao-categorizado\/"},"img":{"alt_text":"Capa do livro Community Matters","src":"https:\/\/i0.wp.com\/www.cltweb.org\/wp-content\/uploads\/2022\/09\/Community-Matters-final-book-cover-062822-683x1024.jpeg?resize=350%2C200&ssl=1","width":350,"height":200},"classes":[]},{"id":6573,"url":"https:\/\/www.cltweb.org\/pt-br\/2024\/08\/22\/usando-clts-para-fornecer-renovacao-de-energia-e-acessibilidade-permanente-a-moradias-existentes\/","url_meta":{"origin":6569,"position":4},"title":"Usando CLTs para fornecer renova\u00e7\u00e3o de energia e acessibilidade permanente a moradias existentes","author":"Ben Harris","date":"22 de agosto de 2024","format":false,"excerpt":"Junte-se a n\u00f3s no dia 25 de setembro de 2024 para um webinar sobre como os CLTs podem ser usados para oferecer renova\u00e7\u00e3o de energia e acessibilidade permanente \u00e0s moradias existentes. Voc\u00ea ouvir\u00e1 os principais profissionais de CLT que lideram abordagens inovadoras para a renova\u00e7\u00e3o de energia em moradias existentes,\u2026","rel":"","context":"Em &quot;N\u00e3o categorizado&quot;","block_context":{"text":"N\u00e3o categorizado","link":"https:\/\/www.cltweb.org\/pt-br\/category\/nao-categorizado\/"},"img":{"alt_text":"Jeanne Mosseray","src":"https:\/\/i0.wp.com\/www.cltweb.org\/wp-content\/uploads\/2024\/08\/jeanne_mosseray-254x300.jpg?resize=350%2C200&ssl=1","width":350,"height":200},"classes":[]},{"id":7951,"url":"https:\/\/www.cltweb.org\/pt-br\/2024\/12\/17\/recapitulacao-do-webinar-poder-e-lideranca-dos-jovens-na-pratica-do-clt\/","url_meta":{"origin":6569,"position":5},"title":"Recapitula\u00e7\u00e3o do webinar: Poder e lideran\u00e7a dos jovens na pr\u00e1tica do CLT","author":"Ben Harris","date":"17 de dezembro de 2024","format":false,"excerpt":"Por Richard Kruger Delgado Todos os recursos relacionados a este webinar podem ser encontrados aqui e abaixo. A seguir, voc\u00ea encontrar\u00e1 uma recapitula\u00e7\u00e3o do webinar \"Stewarding the Future: Poder e lideran\u00e7a dos jovens na pr\u00e1tica do CLT\", realizado em 4 de dezembro de 2024. O painel foi moderado por Richard\u2026","rel":"","context":"Em &quot;Blogs&quot;","block_context":{"text":"Blogs","link":"https:\/\/www.cltweb.org\/pt-br\/category\/blogs-pt-br\/"},"img":{"alt_text":"","src":"https:\/\/i0.wp.com\/img.youtube.com\/vi\/UF1qD6WZTwg\/0.jpg?resize=350%2C200","width":350,"height":200},"classes":[]}],"_links":{"self":[{"href":"https:\/\/www.cltweb.org\/pt-br\/wp-json\/wp\/v2\/posts\/6569","targetHints":{"allow":["GET"]}}],"collection":[{"href":"https:\/\/www.cltweb.org\/pt-br\/wp-json\/wp\/v2\/posts"}],"about":[{"href":"https:\/\/www.cltweb.org\/pt-br\/wp-json\/wp\/v2\/types\/post"}],"author":[{"embeddable":true,"href":"https:\/\/www.cltweb.org\/pt-br\/wp-json\/wp\/v2\/users\/1"}],"replies":[{"embeddable":true,"href":"https:\/\/www.cltweb.org\/pt-br\/wp-json\/wp\/v2\/comments?post=6569"}],"version-history":[{"count":0,"href":"https:\/\/www.cltweb.org\/pt-br\/wp-json\/wp\/v2\/posts\/6569\/revisions"}],"wp:attachment":[{"href":"https:\/\/www.cltweb.org\/pt-br\/wp-json\/wp\/v2\/media?parent=6569"}],"wp:term":[{"taxonomy":"category","embeddable":true,"href":"https:\/\/www.cltweb.org\/pt-br\/wp-json\/wp\/v2\/categories?post=6569"},{"taxonomy":"post_tag","embeddable":true,"href":"https:\/\/www.cltweb.org\/pt-br\/wp-json\/wp\/v2\/tags?post=6569"}],"curies":[{"name":"wp","href":"https:\/\/api.w.org\/{rel}","templated":true}]}}