{"id":6574,"date":"2022-10-31T00:00:00","date_gmt":"2022-10-31T00:00:00","guid":{"rendered":"https:\/\/www.cltweb.org\/2022\/10\/31\/movimento-clt-de-toronto-justica-habitacional-equidade-racial-e-democracia-economica\/"},"modified":"2022-10-31T00:00:00","modified_gmt":"2022-10-31T00:00:00","slug":"movimento-clt-de-toronto-justica-habitacional-equidade-racial-e-democracia-economica","status":"publish","type":"post","link":"https:\/\/www.cltweb.org\/pt-br\/2022\/10\/31\/movimento-clt-de-toronto-justica-habitacional-equidade-racial-e-democracia-economica\/","title":{"rendered":"Movimento CLT de Toronto: Justi\u00e7a Habitacional, Equidade Racial e Democracia Econ\u00f4mica"},"content":{"rendered":"<p><iframe loading=\"lazy\" title=\"Reprodutor de v\u00eddeo do YouTube\" src=\"https:\/\/www.youtube.com\/embed\/rRXRtiFP32Y\" width=\"560\" height=\"315\" frameborder=\"0\" allowfullscreen=\"allowfullscreen\"><\/iframe><\/p>\n<p><strong>O qu\u00ea:<\/strong> Justi\u00e7a habitacional, equidade racial e democracia econ\u00f4mica <strong>Quando:<\/strong> Sex, 4 de novembro de 2022, 6:30 PM &#8211; 8:30 PM EDT <strong>Onde:<\/strong> Mark&#8217;s Church, 201 Cowan Avenue, Toronto, ON<br \/>\nSe estiver participando da Confer\u00eancia #ACSP &#8211; voc\u00ea pode chegar ao local a partir do Hilton Toronto pegando o bonde 501 Queen Street. <strong>Quanto voc\u00ea custa:<\/strong> GR\u00c1TIS Toronto tem visto um crescimento not\u00e1vel de community land trusts (CLTs) nos \u00faltimos 10 anos. Esses CLTs foram estabelecidos como alternativas lideradas pela comunidade para tratar de quest\u00f5es de despejo, deslocamento, racismo estrutural e especula\u00e7\u00e3o. Agora, eles passaram a incorporar a segunda gera\u00e7\u00e3o do movimento canadense CLT. Participe deste painel de discuss\u00e3o para saber como os CLTs de Toronto est\u00e3o buscando mudan\u00e7as transformadoras baseadas nos princ\u00edpios de justi\u00e7a habitacional, igualdade racial e democracia econ\u00f4mica. Com a participa\u00e7\u00e3o dos seguintes palestrantes:<\/p>\n<ul>\n<li>Dane Williams &#8211; Urbanismo Negro de Toronto (BUTO)<\/li>\n<li>Ivy Farquhar-McDonnell &#8211; Circle CLT<\/li>\n<li>Dominique Russell &#8211; Kensington Market CLT<\/li>\n<li>Joshua Barndt e diretor do PNLT &#8211; Parkdale Neighbourhood Land Trust<\/li>\n<li>Amy Lam e Alexandra Hong &#8211; Toronto Chinatown Land Trust<\/li>\n<li>Facilita\u00e7\u00e3o do painel: Kuni Kamizaki (U of T)<\/li>\n<li>Coment\u00e1rios finais: Chiyi Tam (Kensignton Market CLT e Toronto Chinatown Land Trust)Registre-se neste link.<\/li>\n<\/ul>\n","protected":false},"excerpt":{"rendered":"<p>O qu\u00ea: Justi\u00e7a habitacional, equidade racial e democracia econ\u00f4mica Quando: Sex, 4 de novembro de 2022, 6:30 PM &#8211; 8:30 PM EDT Onde: Mark&#8217;s Church, 201 Cowan Avenue, Toronto, ON [&hellip;]<\/p>\n","protected":false},"author":1,"featured_media":0,"comment_status":"open","ping_status":"open","sticky":false,"template":"","format":"standard","meta":{"give_campaign_id":0,"_tec_requires_first_save":true,"_kad_blocks_custom_css":"","_kad_blocks_head_custom_js":"","_kad_blocks_body_custom_js":"","_kad_blocks_footer_custom_js":"","_EventAllDay":false,"_EventTimezone":"","_EventStartDate":"","_EventEndDate":"","_EventStartDateUTC":"","_EventEndDateUTC":"","_EventShowMap":false,"_EventShowMapLink":false,"_EventURL":"","_EventCost":"","_EventCostDescription":"","_EventCurrencySymbol":"","_EventCurrencyCode":"","_EventCurrencyPosition":"","_EventDateTimeSeparator":"","_EventTimeRangeSeparator":"","_EventOrganizerID":[],"_EventVenueID":[],"_OrganizerEmail":"","_OrganizerPhone":"","_OrganizerWebsite":"","_VenueAddress":"","_VenueCity":"","_VenueCountry":"","_VenueProvince":"","_VenueState":"","_VenueZip":"","_VenuePhone":"","_VenueURL":"","_VenueStateProvince":"","_VenueLat":"","_VenueLng":"","_VenueShowMap":false,"_VenueShowMapLink":false,"_tribe_blocks_recurrence_rules":"","_tribe_blocks_recurrence_description":"","_tribe_blocks_recurrence_exclusions":"","_jetpack_memberships_contains_paid_content":false,"footnotes":""},"categories":[27],"tags":[],"class_list":["post-6574","post","type-post","status-publish","format-standard","hentry","category-nao-categorizado"],"blocksy_meta":[],"yoast_head":"<!-- This site is optimized with the Yoast SEO Premium plugin v27.4 (Yoast SEO v27.5) - https:\/\/yoast.com\/product\/yoast-seo-premium-wordpress\/ -->\n<title>Movimento CLT de Toronto: Justi\u00e7a Habitacional, Equidade Racial e Democracia Econ\u00f4mica - International Center for Community Land Trusts<\/title>\n<meta name=\"robots\" content=\"index, follow, max-snippet:-1, max-image-preview:large, max-video-preview:-1\" \/>\n<link rel=\"canonical\" href=\"https:\/\/www.cltweb.org\/pt-br\/2022\/10\/31\/movimento-clt-de-toronto-justica-habitacional-equidade-racial-e-democracia-economica\/\" \/>\n<meta property=\"og:locale\" content=\"pt_BR\" \/>\n<meta property=\"og:type\" content=\"article\" \/>\n<meta property=\"og:title\" content=\"Movimento CLT de Toronto: Justi\u00e7a Habitacional, Equidade Racial e Democracia Econ\u00f4mica\" \/>\n<meta property=\"og:description\" content=\"O qu\u00ea: Justi\u00e7a habitacional, equidade racial e democracia econ\u00f4mica Quando: Sex, 4 de novembro de 2022, 6:30 PM &#8211; 8:30 PM EDT Onde: Mark&#8217;s Church, 201 Cowan Avenue, Toronto, ON [&hellip;]\" \/>\n<meta property=\"og:url\" content=\"https:\/\/www.cltweb.org\/pt-br\/2022\/10\/31\/movimento-clt-de-toronto-justica-habitacional-equidade-racial-e-democracia-economica\/\" \/>\n<meta property=\"og:site_name\" content=\"International Center for Community Land Trusts\" \/>\n<meta property=\"article:publisher\" content=\"https:\/\/www.facebook.com\/cltcenter\" \/>\n<meta property=\"article:published_time\" content=\"2022-10-31T00:00:00+00:00\" \/>\n<meta name=\"author\" content=\"cltredesign_0jp0l4\" \/>\n<meta name=\"twitter:card\" content=\"summary_large_image\" \/>\n<meta name=\"twitter:creator\" content=\"@Center4CLTs\" \/>\n<meta name=\"twitter:site\" content=\"@Center4CLTs\" \/>\n<meta name=\"twitter:label1\" content=\"Escrito por\" \/>\n\t<meta name=\"twitter:data1\" content=\"cltredesign_0jp0l4\" \/>\n\t<meta name=\"twitter:label2\" content=\"Est. tempo de leitura\" \/>\n\t<meta name=\"twitter:data2\" content=\"1 minuto\" \/>\n<script type=\"application\/ld+json\" class=\"yoast-schema-graph\">{\"@context\":\"https:\\\/\\\/schema.org\",\"@graph\":[{\"@type\":\"Article\",\"@id\":\"https:\\\/\\\/www.cltweb.org\\\/pt-br\\\/2022\\\/10\\\/31\\\/movimento-clt-de-toronto-justica-habitacional-equidade-racial-e-democracia-economica\\\/#article\",\"isPartOf\":{\"@id\":\"https:\\\/\\\/www.cltweb.org\\\/pt-br\\\/2022\\\/10\\\/31\\\/movimento-clt-de-toronto-justica-habitacional-equidade-racial-e-democracia-economica\\\/\"},\"author\":{\"name\":\"cltredesign_0jp0l4\",\"@id\":\"https:\\\/\\\/www.cltweb.org\\\/pt-br\\\/#\\\/schema\\\/person\\\/afd3723291b60b81c27772953e5b49d6\"},\"headline\":\"Movimento CLT de Toronto: Justi\u00e7a Habitacional, Equidade Racial e Democracia Econ\u00f4mica\",\"datePublished\":\"2022-10-31T00:00:00+00:00\",\"mainEntityOfPage\":{\"@id\":\"https:\\\/\\\/www.cltweb.org\\\/pt-br\\\/2022\\\/10\\\/31\\\/movimento-clt-de-toronto-justica-habitacional-equidade-racial-e-democracia-economica\\\/\"},\"wordCount\":224,\"commentCount\":0,\"publisher\":{\"@id\":\"https:\\\/\\\/www.cltweb.org\\\/pt-br\\\/#organization\"},\"articleSection\":[\"N\u00e3o categorizado\"],\"inLanguage\":\"pt-BR\",\"potentialAction\":[{\"@type\":\"CommentAction\",\"name\":\"Comment\",\"target\":[\"https:\\\/\\\/www.cltweb.org\\\/pt-br\\\/2022\\\/10\\\/31\\\/movimento-clt-de-toronto-justica-habitacional-equidade-racial-e-democracia-economica\\\/#respond\"]}]},{\"@type\":\"WebPage\",\"@id\":\"https:\\\/\\\/www.cltweb.org\\\/pt-br\\\/2022\\\/10\\\/31\\\/movimento-clt-de-toronto-justica-habitacional-equidade-racial-e-democracia-economica\\\/\",\"url\":\"https:\\\/\\\/www.cltweb.org\\\/pt-br\\\/2022\\\/10\\\/31\\\/movimento-clt-de-toronto-justica-habitacional-equidade-racial-e-democracia-economica\\\/\",\"name\":\"Movimento CLT de Toronto: Justi\u00e7a Habitacional, Equidade Racial e Democracia Econ\u00f4mica - International Center for Community Land Trusts\",\"isPartOf\":{\"@id\":\"https:\\\/\\\/www.cltweb.org\\\/pt-br\\\/#website\"},\"datePublished\":\"2022-10-31T00:00:00+00:00\",\"breadcrumb\":{\"@id\":\"https:\\\/\\\/www.cltweb.org\\\/pt-br\\\/2022\\\/10\\\/31\\\/movimento-clt-de-toronto-justica-habitacional-equidade-racial-e-democracia-economica\\\/#breadcrumb\"},\"inLanguage\":\"pt-BR\",\"potentialAction\":[{\"@type\":\"ReadAction\",\"target\":[\"https:\\\/\\\/www.cltweb.org\\\/pt-br\\\/2022\\\/10\\\/31\\\/movimento-clt-de-toronto-justica-habitacional-equidade-racial-e-democracia-economica\\\/\"]}]},{\"@type\":\"BreadcrumbList\",\"@id\":\"https:\\\/\\\/www.cltweb.org\\\/pt-br\\\/2022\\\/10\\\/31\\\/movimento-clt-de-toronto-justica-habitacional-equidade-racial-e-democracia-economica\\\/#breadcrumb\",\"itemListElement\":[{\"@type\":\"ListItem\",\"position\":1,\"name\":\"Home\",\"item\":\"https:\\\/\\\/www.cltweb.org\\\/pt-br\\\/\"},{\"@type\":\"ListItem\",\"position\":2,\"name\":\"Movimento CLT de Toronto: Justi\u00e7a Habitacional, Equidade Racial e Democracia Econ\u00f4mica\"}]},{\"@type\":\"WebSite\",\"@id\":\"https:\\\/\\\/www.cltweb.org\\\/pt-br\\\/#website\",\"url\":\"https:\\\/\\\/www.cltweb.org\\\/pt-br\\\/\",\"name\":\"International Center for Community Land Trusts\",\"description\":\"\",\"publisher\":{\"@id\":\"https:\\\/\\\/www.cltweb.org\\\/pt-br\\\/#organization\"},\"potentialAction\":[{\"@type\":\"SearchAction\",\"target\":{\"@type\":\"EntryPoint\",\"urlTemplate\":\"https:\\\/\\\/www.cltweb.org\\\/pt-br\\\/?s={search_term_string}\"},\"query-input\":{\"@type\":\"PropertyValueSpecification\",\"valueRequired\":true,\"valueName\":\"search_term_string\"}}],\"inLanguage\":\"pt-BR\"},{\"@type\":\"Organization\",\"@id\":\"https:\\\/\\\/www.cltweb.org\\\/pt-br\\\/#organization\",\"name\":\"International Center for Community Land Trusts\",\"url\":\"https:\\\/\\\/www.cltweb.org\\\/pt-br\\\/\",\"logo\":{\"@type\":\"ImageObject\",\"inLanguage\":\"pt-BR\",\"@id\":\"https:\\\/\\\/www.cltweb.org\\\/pt-br\\\/#\\\/schema\\\/logo\\\/image\\\/\",\"url\":\"https:\\\/\\\/www.cltweb.org\\\/wp-content\\\/uploads\\\/2024\\\/11\\\/New-CLT-Center-Text-logo.png\",\"contentUrl\":\"https:\\\/\\\/www.cltweb.org\\\/wp-content\\\/uploads\\\/2024\\\/11\\\/New-CLT-Center-Text-logo.png\",\"width\":227,\"height\":80,\"caption\":\"International Center for Community Land Trusts\"},\"image\":{\"@id\":\"https:\\\/\\\/www.cltweb.org\\\/pt-br\\\/#\\\/schema\\\/logo\\\/image\\\/\"},\"sameAs\":[\"https:\\\/\\\/www.facebook.com\\\/cltcenter\",\"https:\\\/\\\/x.com\\\/Center4CLTs\",\"https:\\\/\\\/www.instagram.com\\\/cltcenter\\\/\",\"https:\\\/\\\/www.linkedin.com\\\/company\\\/cltcenter\",\"https:\\\/\\\/www.youtube.com\\\/@centerforcltinnovation5313\"],\"description\":\"The International Center for Community Land Trusts is a not-for-profit nongovernmental organization established in 2018 to promote and to support community land trusts and similar strategies of community-led development on community-owned land in countries throughout the world.\",\"email\":\"info@communitylandtrust.net\",\"legalName\":\"International Center for Community Land Trusts\",\"foundingDate\":\"2018-12-01\",\"taxID\":\"84-3858933\",\"numberOfEmployees\":{\"@type\":\"QuantitativeValue\",\"minValue\":\"1\",\"maxValue\":\"10\"}},{\"@type\":\"Person\",\"@id\":\"https:\\\/\\\/www.cltweb.org\\\/pt-br\\\/#\\\/schema\\\/person\\\/afd3723291b60b81c27772953e5b49d6\",\"name\":\"cltredesign_0jp0l4\",\"image\":{\"@type\":\"ImageObject\",\"inLanguage\":\"pt-BR\",\"@id\":\"https:\\\/\\\/secure.gravatar.com\\\/avatar\\\/1012e57596c2454da589d773454d3eb22a64f2ff638e62850caeb654f3affad5?s=96&d=mm&r=g\",\"url\":\"https:\\\/\\\/secure.gravatar.com\\\/avatar\\\/1012e57596c2454da589d773454d3eb22a64f2ff638e62850caeb654f3affad5?s=96&d=mm&r=g\",\"contentUrl\":\"https:\\\/\\\/secure.gravatar.com\\\/avatar\\\/1012e57596c2454da589d773454d3eb22a64f2ff638e62850caeb654f3affad5?s=96&d=mm&r=g\",\"caption\":\"cltredesign_0jp0l4\"},\"sameAs\":[\"https:\\\/\\\/icclt.org\"],\"url\":\"https:\\\/\\\/www.cltweb.org\\\/pt-br\\\/author\\\/cltredesign_0jp0l4\\\/\"}]}<\/script>\n<!-- \/ Yoast SEO Premium plugin. -->","yoast_head_json":{"title":"Movimento CLT de Toronto: Justi\u00e7a Habitacional, Equidade Racial e Democracia Econ\u00f4mica - International Center for Community Land Trusts","robots":{"index":"index","follow":"follow","max-snippet":"max-snippet:-1","max-image-preview":"max-image-preview:large","max-video-preview":"max-video-preview:-1"},"canonical":"https:\/\/www.cltweb.org\/pt-br\/2022\/10\/31\/movimento-clt-de-toronto-justica-habitacional-equidade-racial-e-democracia-economica\/","og_locale":"pt_BR","og_type":"article","og_title":"Movimento CLT de Toronto: Justi\u00e7a Habitacional, Equidade Racial e Democracia Econ\u00f4mica","og_description":"O qu\u00ea: Justi\u00e7a habitacional, equidade racial e democracia econ\u00f4mica Quando: Sex, 4 de novembro de 2022, 6:30 PM &#8211; 8:30 PM EDT Onde: Mark&#8217;s Church, 201 Cowan Avenue, Toronto, ON [&hellip;]","og_url":"https:\/\/www.cltweb.org\/pt-br\/2022\/10\/31\/movimento-clt-de-toronto-justica-habitacional-equidade-racial-e-democracia-economica\/","og_site_name":"International Center for Community Land Trusts","article_publisher":"https:\/\/www.facebook.com\/cltcenter","article_published_time":"2022-10-31T00:00:00+00:00","author":"cltredesign_0jp0l4","twitter_card":"summary_large_image","twitter_creator":"@Center4CLTs","twitter_site":"@Center4CLTs","twitter_misc":{"Escrito por":"cltredesign_0jp0l4","Est. tempo de leitura":"1 minuto"},"schema":{"@context":"https:\/\/schema.org","@graph":[{"@type":"Article","@id":"https:\/\/www.cltweb.org\/pt-br\/2022\/10\/31\/movimento-clt-de-toronto-justica-habitacional-equidade-racial-e-democracia-economica\/#article","isPartOf":{"@id":"https:\/\/www.cltweb.org\/pt-br\/2022\/10\/31\/movimento-clt-de-toronto-justica-habitacional-equidade-racial-e-democracia-economica\/"},"author":{"name":"cltredesign_0jp0l4","@id":"https:\/\/www.cltweb.org\/pt-br\/#\/schema\/person\/afd3723291b60b81c27772953e5b49d6"},"headline":"Movimento CLT de Toronto: Justi\u00e7a Habitacional, Equidade Racial e Democracia Econ\u00f4mica","datePublished":"2022-10-31T00:00:00+00:00","mainEntityOfPage":{"@id":"https:\/\/www.cltweb.org\/pt-br\/2022\/10\/31\/movimento-clt-de-toronto-justica-habitacional-equidade-racial-e-democracia-economica\/"},"wordCount":224,"commentCount":0,"publisher":{"@id":"https:\/\/www.cltweb.org\/pt-br\/#organization"},"articleSection":["N\u00e3o categorizado"],"inLanguage":"pt-BR","potentialAction":[{"@type":"CommentAction","name":"Comment","target":["https:\/\/www.cltweb.org\/pt-br\/2022\/10\/31\/movimento-clt-de-toronto-justica-habitacional-equidade-racial-e-democracia-economica\/#respond"]}]},{"@type":"WebPage","@id":"https:\/\/www.cltweb.org\/pt-br\/2022\/10\/31\/movimento-clt-de-toronto-justica-habitacional-equidade-racial-e-democracia-economica\/","url":"https:\/\/www.cltweb.org\/pt-br\/2022\/10\/31\/movimento-clt-de-toronto-justica-habitacional-equidade-racial-e-democracia-economica\/","name":"Movimento CLT de Toronto: Justi\u00e7a Habitacional, Equidade Racial e Democracia Econ\u00f4mica - International Center for Community Land Trusts","isPartOf":{"@id":"https:\/\/www.cltweb.org\/pt-br\/#website"},"datePublished":"2022-10-31T00:00:00+00:00","breadcrumb":{"@id":"https:\/\/www.cltweb.org\/pt-br\/2022\/10\/31\/movimento-clt-de-toronto-justica-habitacional-equidade-racial-e-democracia-economica\/#breadcrumb"},"inLanguage":"pt-BR","potentialAction":[{"@type":"ReadAction","target":["https:\/\/www.cltweb.org\/pt-br\/2022\/10\/31\/movimento-clt-de-toronto-justica-habitacional-equidade-racial-e-democracia-economica\/"]}]},{"@type":"BreadcrumbList","@id":"https:\/\/www.cltweb.org\/pt-br\/2022\/10\/31\/movimento-clt-de-toronto-justica-habitacional-equidade-racial-e-democracia-economica\/#breadcrumb","itemListElement":[{"@type":"ListItem","position":1,"name":"Home","item":"https:\/\/www.cltweb.org\/pt-br\/"},{"@type":"ListItem","position":2,"name":"Movimento CLT de Toronto: Justi\u00e7a Habitacional, Equidade Racial e Democracia Econ\u00f4mica"}]},{"@type":"WebSite","@id":"https:\/\/www.cltweb.org\/pt-br\/#website","url":"https:\/\/www.cltweb.org\/pt-br\/","name":"International Center for Community Land Trusts","description":"","publisher":{"@id":"https:\/\/www.cltweb.org\/pt-br\/#organization"},"potentialAction":[{"@type":"SearchAction","target":{"@type":"EntryPoint","urlTemplate":"https:\/\/www.cltweb.org\/pt-br\/?s={search_term_string}"},"query-input":{"@type":"PropertyValueSpecification","valueRequired":true,"valueName":"search_term_string"}}],"inLanguage":"pt-BR"},{"@type":"Organization","@id":"https:\/\/www.cltweb.org\/pt-br\/#organization","name":"International Center for Community Land Trusts","url":"https:\/\/www.cltweb.org\/pt-br\/","logo":{"@type":"ImageObject","inLanguage":"pt-BR","@id":"https:\/\/www.cltweb.org\/pt-br\/#\/schema\/logo\/image\/","url":"https:\/\/www.cltweb.org\/wp-content\/uploads\/2024\/11\/New-CLT-Center-Text-logo.png","contentUrl":"https:\/\/www.cltweb.org\/wp-content\/uploads\/2024\/11\/New-CLT-Center-Text-logo.png","width":227,"height":80,"caption":"International Center for Community Land Trusts"},"image":{"@id":"https:\/\/www.cltweb.org\/pt-br\/#\/schema\/logo\/image\/"},"sameAs":["https:\/\/www.facebook.com\/cltcenter","https:\/\/x.com\/Center4CLTs","https:\/\/www.instagram.com\/cltcenter\/","https:\/\/www.linkedin.com\/company\/cltcenter","https:\/\/www.youtube.com\/@centerforcltinnovation5313"],"description":"The International Center for Community Land Trusts is a not-for-profit nongovernmental organization established in 2018 to promote and to support community land trusts and similar strategies of community-led development on community-owned land in countries throughout the world.","email":"info@communitylandtrust.net","legalName":"International Center for Community Land Trusts","foundingDate":"2018-12-01","taxID":"84-3858933","numberOfEmployees":{"@type":"QuantitativeValue","minValue":"1","maxValue":"10"}},{"@type":"Person","@id":"https:\/\/www.cltweb.org\/pt-br\/#\/schema\/person\/afd3723291b60b81c27772953e5b49d6","name":"cltredesign_0jp0l4","image":{"@type":"ImageObject","inLanguage":"pt-BR","@id":"https:\/\/secure.gravatar.com\/avatar\/1012e57596c2454da589d773454d3eb22a64f2ff638e62850caeb654f3affad5?s=96&d=mm&r=g","url":"https:\/\/secure.gravatar.com\/avatar\/1012e57596c2454da589d773454d3eb22a64f2ff638e62850caeb654f3affad5?s=96&d=mm&r=g","contentUrl":"https:\/\/secure.gravatar.com\/avatar\/1012e57596c2454da589d773454d3eb22a64f2ff638e62850caeb654f3affad5?s=96&d=mm&r=g","caption":"cltredesign_0jp0l4"},"sameAs":["https:\/\/icclt.org"],"url":"https:\/\/www.cltweb.org\/pt-br\/author\/cltredesign_0jp0l4\/"}]}},"taxonomy_info":{"category":[{"value":27,"label":"N\u00e3o categorizado"}]},"featured_image_src_large":false,"author_info":{"display_name":"cltredesign_0jp0l4","author_link":"https:\/\/www.cltweb.org\/pt-br\/author\/cltredesign_0jp0l4\/"},"comment_info":0,"category_info":[{"term_id":27,"name":"N\u00e3o categorizado","slug":"nao-categorizado","term_group":0,"term_taxonomy_id":27,"taxonomy":"category","description":"","parent":0,"count":20,"filter":"raw","cat_ID":27,"category_count":20,"category_description":"","cat_name":"N\u00e3o categorizado","category_nicename":"nao-categorizado","category_parent":0}],"tag_info":false,"jetpack_featured_media_url":"","jetpack_sharing_enabled":true,"jetpack-related-posts":[{"id":6572,"url":"https:\/\/www.cltweb.org\/es\/2022\/10\/31\/movimiento-toronto-clt-justicia-habitacional-equidad-racial-y-democracia-economica\/","url_meta":{"origin":6574,"position":0},"title":"Movimiento Toronto CLT: Justicia habitacional, equidad racial y democracia econ\u00f3mica","author":"cltredesign_0jp0l4","date":"31 de outubro de 2022","format":false,"excerpt":"Qu\u00e9: Justicia en la Vivienda, Equidad Racial y Democracia Econ\u00f3mica Cu\u00e1ndo: Vie, 4 de noviembre de 2022, 18:30 - 20:30 h EDT D\u00f3nde: Iglesia de San Marcos, 201 Cowan Avenue, Toronto, ON Si asistes a la #ConferenciaACSP, puedes llegar al lugar desde el Hilton Toronto tomando el tranv\u00eda 501 de\u2026","rel":"","context":"Em &quot;Sin categorizar&quot;","block_context":{"text":"Sin categorizar","link":"https:\/\/www.cltweb.org\/es\/category\/sin-categorizar\/"},"img":{"alt_text":"","src":"","width":0,"height":0},"classes":[]},{"id":10665,"url":"https:\/\/www.cltweb.org\/pt-br\/2025\/11\/17\/clts-e-acao-climatica-um-movimento-crescente-para-uma-transicao-justa\/","url_meta":{"origin":6574,"position":1},"title":"CLTs e a\u00e7\u00e3o clim\u00e1tica: Um movimento crescente para uma transi\u00e7\u00e3o justa","author":"Ben Harris","date":"17 de novembro de 2025","format":false,"excerpt":"Esta hist\u00f3ria faz parte de nossa campanha de fim de ano que celebra como o Centro CLT est\u00e1 trabalhando para atender ao movimento global de CLT. Nesta semana, estamos destacando : A Iniciativa de Justi\u00e7a Clim\u00e1tica A emerg\u00eancia clim\u00e1tica n\u00e3o \u00e9 mais uma amea\u00e7a distante: ela est\u00e1 aqui, remodelando onde\u2026","rel":"","context":"Em &quot;Iniciativa de Justi\u00e7a Clim\u00e1tica&quot;","block_context":{"text":"Iniciativa de Justi\u00e7a Clim\u00e1tica","link":"https:\/\/www.cltweb.org\/pt-br\/category\/iniciativa-de-justica-climatica\/"},"img":{"alt_text":"","src":"https:\/\/i0.wp.com\/www.cltweb.org\/wp-content\/uploads\/2025\/11\/Land-for-People-Not-for-Profit-Banner.gif?resize=350%2C200&ssl=1","width":350,"height":200,"srcset":"https:\/\/i0.wp.com\/www.cltweb.org\/wp-content\/uploads\/2025\/11\/Land-for-People-Not-for-Profit-Banner.gif?resize=350%2C200&ssl=1 1x, https:\/\/i0.wp.com\/www.cltweb.org\/wp-content\/uploads\/2025\/11\/Land-for-People-Not-for-Profit-Banner.gif?resize=525%2C300&ssl=1 1.5x, https:\/\/i0.wp.com\/www.cltweb.org\/wp-content\/uploads\/2025\/11\/Land-for-People-Not-for-Profit-Banner.gif?resize=700%2C400&ssl=1 2x, https:\/\/i0.wp.com\/www.cltweb.org\/wp-content\/uploads\/2025\/11\/Land-for-People-Not-for-Profit-Banner.gif?resize=1050%2C600&ssl=1 3x, https:\/\/i0.wp.com\/www.cltweb.org\/wp-content\/uploads\/2025\/11\/Land-for-People-Not-for-Profit-Banner.gif?resize=1400%2C800&ssl=1 4x"},"classes":[]},{"id":7246,"url":"https:\/\/www.cltweb.org\/pt-br\/2024\/09\/03\/introducao-ao-uso-de-clts-para-fornecer-renovacao-de-energia-e-acessibilidade-permanente-a-moradias-existentes\/","url_meta":{"origin":6574,"position":2},"title":"Introdu\u00e7\u00e3o ao uso de CLTs para fornecer renova\u00e7\u00e3o de energia e acessibilidade permanente a moradias existentes","author":"cltredesign_0jp0l4","date":"3 de setembro de 2024","format":false,"excerpt":"A contribui\u00e7\u00e3o a seguir foi escrita por Richard Kruger Delgado, gerente de educa\u00e7\u00e3o e divulga\u00e7\u00e3o do International Center for Community Land Trusts, para apresentar o pr\u00f3ximo webinar em 25 de setembro. \"Estamos no neg\u00f3cio de 'n\u00e3o deixar as pessoas para tr\u00e1s'.\" - John Davis, Centro Internacional de Fundos de Terras\u2026","rel":"","context":"Em &quot;Blogs&quot;","block_context":{"text":"Blogs","link":"https:\/\/www.cltweb.org\/pt-br\/category\/blogs-pt-br\/"},"img":{"alt_text":"","src":"","width":0,"height":0},"classes":[]},{"id":9521,"url":"https:\/\/www.cltweb.org\/pt-br\/2025\/05\/21\/commons-for-justice-clts-em-todos-os-continentes-no-festival-internacional-de-habitacao-social\/","url_meta":{"origin":6574,"position":3},"title":"Commons for Justice: CLTs em todos os continentes no Festival Internacional de Habita\u00e7\u00e3o Social","author":"Ben Harris","date":"21 de maio de 2025","format":false,"excerpt":"Em uma \u00e9poca marcada por crises habitacionais, mercados de terras extrativistas e crescente desigualdade, as comunidades de todo o mundo est\u00e3o recuperando os bens comuns. No 2025 International Social Housing Festival, em Dublin, Irlanda (4 a 6 de junho), a European Community Land Trust Network realizar\u00e1 um semin\u00e1rio de 105\u2026","rel":"","context":"Em &quot;Blogs&quot;","block_context":{"text":"Blogs","link":"https:\/\/www.cltweb.org\/pt-br\/category\/blogs-pt-br\/"},"img":{"alt_text":"","src":"https:\/\/i0.wp.com\/www.cltweb.org\/wp-content\/uploads\/2025\/05\/Juliet-Can.jpeg?resize=350%2C200&ssl=1","width":350,"height":200},"classes":[]},{"id":7687,"url":"https:\/\/www.cltweb.org\/pt-br\/2024\/11\/11\/introducao-ao-poder-e-a-lideranca-dos-jovens-na-pratica-do-community-land-trust\/","url_meta":{"origin":6574,"position":4},"title":"Introdu\u00e7\u00e3o ao poder e \u00e0 lideran\u00e7a dos jovens na pr\u00e1tica do Community Land Trust","author":"Ben Harris","date":"11 de novembro de 2024","format":false,"excerpt":"Por Richard Kruger Delgado A contribui\u00e7\u00e3o a seguir foi escrita por Richard Kruger Delgado, gerente de educa\u00e7\u00e3o e divulga\u00e7\u00e3o do International Center for Community Land Trusts, como contribui\u00e7\u00e3o para o pr\u00f3ximo webinar sobre \"Stewarding the Future: Poder e lideran\u00e7a dos jovens na pr\u00e1tica do Community Land Trust\", em 4 de\u2026","rel":"","context":"Em &quot;Blogs&quot;","block_context":{"text":"Blogs","link":"https:\/\/www.cltweb.org\/pt-br\/category\/blogs-pt-br\/"},"img":{"alt_text":"","src":"https:\/\/i0.wp.com\/www.cltweb.org\/wp-content\/uploads\/2024\/11\/Screenshot-2024-11-11-at-5.46.26%E2%80%AFPM.png?resize=350%2C200&ssl=1","width":350,"height":200,"srcset":"https:\/\/i0.wp.com\/www.cltweb.org\/wp-content\/uploads\/2024\/11\/Screenshot-2024-11-11-at-5.46.26%E2%80%AFPM.png?resize=350%2C200&ssl=1 1x, https:\/\/i0.wp.com\/www.cltweb.org\/wp-content\/uploads\/2024\/11\/Screenshot-2024-11-11-at-5.46.26%E2%80%AFPM.png?resize=525%2C300&ssl=1 1.5x, https:\/\/i0.wp.com\/www.cltweb.org\/wp-content\/uploads\/2024\/11\/Screenshot-2024-11-11-at-5.46.26%E2%80%AFPM.png?resize=700%2C400&ssl=1 2x"},"classes":[]},{"id":7880,"url":"https:\/\/www.cltweb.org\/pt-br\/2024\/11\/22\/uma-jornada-pessoal-rumo-a-equidade-e-justica-habitacional\/","url_meta":{"origin":6574,"position":5},"title":"Uma jornada pessoal rumo \u00e0 equidade e justi\u00e7a habitacional","author":"Ben Harris","date":"22 de novembro de 2024","format":false,"excerpt":"A contribui\u00e7\u00e3o a seguir foi escrita por Ashley Allen, diretora executiva do Houston Community Land Trust, como uma contribui\u00e7\u00e3o para o pr\u00f3ximo webinar sobre \"Administrando o futuro: Poder e lideran\u00e7a dos jovens na pr\u00e1tica do Community Land Trust\" em 4 de dezembro. Ashley aos 10 anos de idade, tirada no\u2026","rel":"","context":"Em &quot;Blogs&quot;","block_context":{"text":"Blogs","link":"https:\/\/www.cltweb.org\/pt-br\/category\/blogs-pt-br\/"},"img":{"alt_text":"","src":"https:\/\/i0.wp.com\/www.cltweb.org\/wp-content\/uploads\/2024\/11\/Screenshot_2015-11-18-21-46-57-1-1.png?resize=350%2C200&ssl=1","width":350,"height":200,"srcset":"https:\/\/i0.wp.com\/www.cltweb.org\/wp-content\/uploads\/2024\/11\/Screenshot_2015-11-18-21-46-57-1-1.png?resize=350%2C200&ssl=1 1x, https:\/\/i0.wp.com\/www.cltweb.org\/wp-content\/uploads\/2024\/11\/Screenshot_2015-11-18-21-46-57-1-1.png?resize=525%2C300&ssl=1 1.5x, https:\/\/i0.wp.com\/www.cltweb.org\/wp-content\/uploads\/2024\/11\/Screenshot_2015-11-18-21-46-57-1-1.png?resize=700%2C400&ssl=1 2x, https:\/\/i0.wp.com\/www.cltweb.org\/wp-content\/uploads\/2024\/11\/Screenshot_2015-11-18-21-46-57-1-1.png?resize=1050%2C600&ssl=1 3x, https:\/\/i0.wp.com\/www.cltweb.org\/wp-content\/uploads\/2024\/11\/Screenshot_2015-11-18-21-46-57-1-1.png?resize=1400%2C800&ssl=1 4x"},"classes":[]}],"_links":{"self":[{"href":"https:\/\/www.cltweb.org\/pt-br\/wp-json\/wp\/v2\/posts\/6574","targetHints":{"allow":["GET"]}}],"collection":[{"href":"https:\/\/www.cltweb.org\/pt-br\/wp-json\/wp\/v2\/posts"}],"about":[{"href":"https:\/\/www.cltweb.org\/pt-br\/wp-json\/wp\/v2\/types\/post"}],"author":[{"embeddable":true,"href":"https:\/\/www.cltweb.org\/pt-br\/wp-json\/wp\/v2\/users\/1"}],"replies":[{"embeddable":true,"href":"https:\/\/www.cltweb.org\/pt-br\/wp-json\/wp\/v2\/comments?post=6574"}],"version-history":[{"count":0,"href":"https:\/\/www.cltweb.org\/pt-br\/wp-json\/wp\/v2\/posts\/6574\/revisions"}],"wp:attachment":[{"href":"https:\/\/www.cltweb.org\/pt-br\/wp-json\/wp\/v2\/media?parent=6574"}],"wp:term":[{"taxonomy":"category","embeddable":true,"href":"https:\/\/www.cltweb.org\/pt-br\/wp-json\/wp\/v2\/categories?post=6574"},{"taxonomy":"post_tag","embeddable":true,"href":"https:\/\/www.cltweb.org\/pt-br\/wp-json\/wp\/v2\/tags?post=6574"}],"curies":[{"name":"wp","href":"https:\/\/api.w.org\/{rel}","templated":true}]}}