{"id":6576,"date":"2022-10-21T00:00:00","date_gmt":"2022-10-21T00:00:00","guid":{"rendered":"https:\/\/www.cltweb.org\/2022\/10\/21\/workshop-e-jahresfeier-stadtbodenstiftung-berlin\/"},"modified":"2022-10-21T00:00:00","modified_gmt":"2022-10-21T00:00:00","slug":"workshop-e-jahresfeier-stadtbodenstiftung-berlin","status":"publish","type":"post","link":"https:\/\/www.cltweb.org\/pt-br\/2022\/10\/21\/workshop-e-jahresfeier-stadtbodenstiftung-berlin\/","title":{"rendered":"Workshop e Jahresfeier Stadtbodenstiftung Berlin"},"content":{"rendered":"<p><a href=\"https:\/\/www.stadtbodenstiftung.de\"><img loading=\"lazy\" decoding=\"async\" class=\"alignright wp-image-6716 \" src=\"https:\/\/www.cltweb.org\/wp-content\/uploads\/2022\/10\/Berlin-CLT-Logo-300x300.png\" alt=\"Logotipo da Stadtbodenstiftung\" width=\"252\" height=\"252\"><\/a>Voc\u00ea est\u00e1 na primeira edi\u00e7\u00e3o do Jahresfeier der Stadtbodenstiftung em Berlim. <strong>Na sexta-feira, das 16:00 \u00e0s 17:30 horas<\/strong>, voc\u00ea participar\u00e1 de um workshop informativo sobre o Comit\u00ea da Funda\u00e7\u00e3o. Voc\u00ea pode usar o lema deste ano da Welt-CLT-Tags &#8211; Community Matters &#8211; como refer\u00eancia, para que possamos conversar com os interessados sobre a constru\u00e7\u00e3o de nossa base, a Stiftungskomitee. A Stiftungskomitee est\u00e1 dispon\u00edvel para todos os participantes do projeto, para Mieter:innen, Nachbar:innen e Stifter:innen. A partir desse momento, os Vertreter:innen no Kuratorium ser\u00e3o colocados em um local de treinamento. Planejamos que o Stiftungskomitee no pr\u00f3ximo ano entre na vida e vamos compartilhar ideias e desejos e discutir novas ideias. <strong>Nos fins de semana, \u00e0s 18 horas<\/strong>, voc\u00ea ter\u00e1 uma vis\u00e3o geral das atividades da Stadtbodenstiftung e poder\u00e1 ver o que est\u00e1 acontecendo com voc\u00ea. Temos v\u00e1rios grupos de pessoas com poucos insumos eingeladen e tamb\u00e9m temos algumas contribui\u00e7\u00f5es internacionais. mit Film zu unserem Projekt &#8220;Gemeingut statt Leerstand&#8221; <strong>wo:<\/strong> Biergarten Jockel, Ratiborstra\u00dfe 14c, 10999 Berlin <strong>wann:<\/strong> Samstag, den 29. Oktober 2022<br \/>\n16:00 &#8211; 17:30 Uhr: Austausch zum Stiftungskomitee<br \/>\nab 18:00 Uhr: Voc\u00ea pode voltar para casa depois de um almo\u00e7o e uma visita com um almo\u00e7o de fim de semana. Estamos felizes com voc\u00ea!<\/p>\n<hr>\n<h3>Workshop e reuni\u00e3o anual da Stadtbodenstiftung Berlin<\/h3>\n<p>A reuni\u00e3o anual e a festa de um ano da Stadtbodenstiftung, a primeira CLT na Alemanha, ocorrem em Berlim ao mesmo tempo em que se comemora o Dia Mundial da CLT. <strong>\u00c0 tarde, das 16:00 \u00e0s 17:30<\/strong> <strong>,<\/strong> convidamos voc\u00ea para um workshop informal. Gostar\u00edamos de aproveitar o lema deste ano do Dia Mundial da CLT &#8211; A comunidade \u00e9 importante &#8211; como uma oportunidade para come\u00e7ar a conceituar nosso corpo de associados, o chamado &#8220;Stiftungskomitee&#8221;. O &#8220;Stiftungskomitee&#8221; est\u00e1 aberto a todos os envolvidos na Stadtbodenstiftung, aos locat\u00e1rios, vizinhos e doadores. Desse grupo, os representantes ser\u00e3o eleitos para a diretoria. Estamos planejando estabelecer formalmente a &#8220;Stiftungskomitee&#8221; no pr\u00f3ximo ano e queremos compartilhar ideias e discutir as pr\u00f3ximas etapas. <strong>\u00c0 noite, a partir das 18h<\/strong>, faremos uma an\u00e1lise e uma vis\u00e3o geral das atividades da Stadtbodenstiftung e gostar\u00edamos de comemorar nosso anivers\u00e1rio de um ano. Convidamos v\u00e1rios convidados para fazer pequenas apresenta\u00e7\u00f5es e tamb\u00e9m teremos algumas contribui\u00e7\u00f5es internacionais. Exibiremos o filme sobre nosso projeto do ano passado &#8220;Propriedade comum em vez de espa\u00e7o vazio&#8221; <strong>onde:<\/strong> Biergarten Jockel, Ratiborstra\u00dfe 14c, 10999 Berlim <strong>quando:<\/strong> S\u00e1bado, 29 de outubro de 2022<br \/>\n16:00 &#8211; 17:30: workshop e troca de ideias &#8220;Stiftungskomitee&#8221;<br \/>\na partir das 18:00: an\u00e1lise e perspectivas seguidas de festa Esperamos voc\u00ea!<\/p>\n","protected":false},"excerpt":{"rendered":"<p>Voc\u00ea est\u00e1 na primeira edi\u00e7\u00e3o do Jahresfeier der Stadtbodenstiftung em Berlim. Na sexta-feira, das 16:00 \u00e0s 17:30 horas, voc\u00ea participar\u00e1 de um workshop informativo sobre o Comit\u00ea da Funda\u00e7\u00e3o. Voc\u00ea [&hellip;]<\/p>\n","protected":false},"author":1,"featured_media":0,"comment_status":"open","ping_status":"open","sticky":false,"template":"","format":"standard","meta":{"give_campaign_id":0,"_tec_requires_first_save":true,"_kad_blocks_custom_css":"","_kad_blocks_head_custom_js":"","_kad_blocks_body_custom_js":"","_kad_blocks_footer_custom_js":"","_EventAllDay":false,"_EventTimezone":"","_EventStartDate":"","_EventEndDate":"","_EventStartDateUTC":"","_EventEndDateUTC":"","_EventShowMap":false,"_EventShowMapLink":false,"_EventURL":"","_EventCost":"","_EventCostDescription":"","_EventCurrencySymbol":"","_EventCurrencyCode":"","_EventCurrencyPosition":"","_EventDateTimeSeparator":"","_EventTimeRangeSeparator":"","_EventOrganizerID":[],"_EventVenueID":[],"_OrganizerEmail":"","_OrganizerPhone":"","_OrganizerWebsite":"","_VenueAddress":"","_VenueCity":"","_VenueCountry":"","_VenueProvince":"","_VenueState":"","_VenueZip":"","_VenuePhone":"","_VenueURL":"","_VenueStateProvince":"","_VenueLat":"","_VenueLng":"","_VenueShowMap":false,"_VenueShowMapLink":false,"_tribe_blocks_recurrence_rules":"","_tribe_blocks_recurrence_description":"","_tribe_blocks_recurrence_exclusions":"","_jetpack_memberships_contains_paid_content":false,"footnotes":""},"categories":[27],"tags":[],"class_list":["post-6576","post","type-post","status-publish","format-standard","hentry","category-nao-categorizado"],"blocksy_meta":[],"yoast_head":"<!-- This site is optimized with the Yoast SEO Premium plugin v27.4 (Yoast SEO v27.5) - https:\/\/yoast.com\/product\/yoast-seo-premium-wordpress\/ -->\n<title>Workshop e Jahresfeier Stadtbodenstiftung Berlin - International Center for Community Land Trusts<\/title>\n<meta name=\"robots\" content=\"index, follow, max-snippet:-1, max-image-preview:large, max-video-preview:-1\" \/>\n<link rel=\"canonical\" href=\"https:\/\/www.cltweb.org\/pt-br\/2022\/10\/21\/workshop-e-jahresfeier-stadtbodenstiftung-berlin\/\" \/>\n<meta property=\"og:locale\" content=\"pt_BR\" \/>\n<meta property=\"og:type\" content=\"article\" \/>\n<meta property=\"og:title\" content=\"Workshop e Jahresfeier Stadtbodenstiftung Berlin\" \/>\n<meta property=\"og:description\" content=\"Voc\u00ea est\u00e1 na primeira edi\u00e7\u00e3o do Jahresfeier der Stadtbodenstiftung em Berlim. Na sexta-feira, das 16:00 \u00e0s 17:30 horas, voc\u00ea participar\u00e1 de um workshop informativo sobre o Comit\u00ea da Funda\u00e7\u00e3o. Voc\u00ea [&hellip;]\" \/>\n<meta property=\"og:url\" content=\"https:\/\/www.cltweb.org\/pt-br\/2022\/10\/21\/workshop-e-jahresfeier-stadtbodenstiftung-berlin\/\" \/>\n<meta property=\"og:site_name\" content=\"International Center for Community Land Trusts\" \/>\n<meta property=\"article:publisher\" content=\"https:\/\/www.facebook.com\/cltcenter\" \/>\n<meta property=\"article:published_time\" content=\"2022-10-21T00:00:00+00:00\" \/>\n<meta name=\"author\" content=\"cltredesign_0jp0l4\" \/>\n<meta name=\"twitter:card\" content=\"summary_large_image\" \/>\n<meta name=\"twitter:creator\" content=\"@Center4CLTs\" \/>\n<meta name=\"twitter:site\" content=\"@Center4CLTs\" \/>\n<meta name=\"twitter:label1\" content=\"Escrito por\" \/>\n\t<meta name=\"twitter:data1\" content=\"cltredesign_0jp0l4\" \/>\n\t<meta name=\"twitter:label2\" content=\"Est. tempo de leitura\" \/>\n\t<meta name=\"twitter:data2\" content=\"2 minutos\" \/>\n<script type=\"application\/ld+json\" class=\"yoast-schema-graph\">{\"@context\":\"https:\\\/\\\/schema.org\",\"@graph\":[{\"@type\":\"Article\",\"@id\":\"https:\\\/\\\/www.cltweb.org\\\/pt-br\\\/2022\\\/10\\\/21\\\/workshop-e-jahresfeier-stadtbodenstiftung-berlin\\\/#article\",\"isPartOf\":{\"@id\":\"https:\\\/\\\/www.cltweb.org\\\/pt-br\\\/2022\\\/10\\\/21\\\/workshop-e-jahresfeier-stadtbodenstiftung-berlin\\\/\"},\"author\":{\"name\":\"cltredesign_0jp0l4\",\"@id\":\"https:\\\/\\\/www.cltweb.org\\\/pt-br\\\/#\\\/schema\\\/person\\\/afd3723291b60b81c27772953e5b49d6\"},\"headline\":\"Workshop e Jahresfeier Stadtbodenstiftung Berlin\",\"datePublished\":\"2022-10-21T00:00:00+00:00\",\"mainEntityOfPage\":{\"@id\":\"https:\\\/\\\/www.cltweb.org\\\/pt-br\\\/2022\\\/10\\\/21\\\/workshop-e-jahresfeier-stadtbodenstiftung-berlin\\\/\"},\"wordCount\":440,\"commentCount\":0,\"publisher\":{\"@id\":\"https:\\\/\\\/www.cltweb.org\\\/pt-br\\\/#organization\"},\"image\":{\"@id\":\"https:\\\/\\\/www.cltweb.org\\\/pt-br\\\/2022\\\/10\\\/21\\\/workshop-e-jahresfeier-stadtbodenstiftung-berlin\\\/#primaryimage\"},\"thumbnailUrl\":\"https:\\\/\\\/www.cltweb.org\\\/wp-content\\\/uploads\\\/2022\\\/10\\\/Berlin-CLT-Logo-300x300.png\",\"articleSection\":[\"N\u00e3o categorizado\"],\"inLanguage\":\"pt-BR\",\"potentialAction\":[{\"@type\":\"CommentAction\",\"name\":\"Comment\",\"target\":[\"https:\\\/\\\/www.cltweb.org\\\/pt-br\\\/2022\\\/10\\\/21\\\/workshop-e-jahresfeier-stadtbodenstiftung-berlin\\\/#respond\"]}]},{\"@type\":\"WebPage\",\"@id\":\"https:\\\/\\\/www.cltweb.org\\\/pt-br\\\/2022\\\/10\\\/21\\\/workshop-e-jahresfeier-stadtbodenstiftung-berlin\\\/\",\"url\":\"https:\\\/\\\/www.cltweb.org\\\/pt-br\\\/2022\\\/10\\\/21\\\/workshop-e-jahresfeier-stadtbodenstiftung-berlin\\\/\",\"name\":\"Workshop e Jahresfeier Stadtbodenstiftung Berlin - International Center for Community Land Trusts\",\"isPartOf\":{\"@id\":\"https:\\\/\\\/www.cltweb.org\\\/pt-br\\\/#website\"},\"primaryImageOfPage\":{\"@id\":\"https:\\\/\\\/www.cltweb.org\\\/pt-br\\\/2022\\\/10\\\/21\\\/workshop-e-jahresfeier-stadtbodenstiftung-berlin\\\/#primaryimage\"},\"image\":{\"@id\":\"https:\\\/\\\/www.cltweb.org\\\/pt-br\\\/2022\\\/10\\\/21\\\/workshop-e-jahresfeier-stadtbodenstiftung-berlin\\\/#primaryimage\"},\"thumbnailUrl\":\"https:\\\/\\\/www.cltweb.org\\\/wp-content\\\/uploads\\\/2022\\\/10\\\/Berlin-CLT-Logo-300x300.png\",\"datePublished\":\"2022-10-21T00:00:00+00:00\",\"breadcrumb\":{\"@id\":\"https:\\\/\\\/www.cltweb.org\\\/pt-br\\\/2022\\\/10\\\/21\\\/workshop-e-jahresfeier-stadtbodenstiftung-berlin\\\/#breadcrumb\"},\"inLanguage\":\"pt-BR\",\"potentialAction\":[{\"@type\":\"ReadAction\",\"target\":[\"https:\\\/\\\/www.cltweb.org\\\/pt-br\\\/2022\\\/10\\\/21\\\/workshop-e-jahresfeier-stadtbodenstiftung-berlin\\\/\"]}]},{\"@type\":\"ImageObject\",\"inLanguage\":\"pt-BR\",\"@id\":\"https:\\\/\\\/www.cltweb.org\\\/pt-br\\\/2022\\\/10\\\/21\\\/workshop-e-jahresfeier-stadtbodenstiftung-berlin\\\/#primaryimage\",\"url\":\"https:\\\/\\\/www.cltweb.org\\\/wp-content\\\/uploads\\\/2022\\\/10\\\/Berlin-CLT-Logo-300x300.png\",\"contentUrl\":\"https:\\\/\\\/www.cltweb.org\\\/wp-content\\\/uploads\\\/2022\\\/10\\\/Berlin-CLT-Logo-300x300.png\"},{\"@type\":\"BreadcrumbList\",\"@id\":\"https:\\\/\\\/www.cltweb.org\\\/pt-br\\\/2022\\\/10\\\/21\\\/workshop-e-jahresfeier-stadtbodenstiftung-berlin\\\/#breadcrumb\",\"itemListElement\":[{\"@type\":\"ListItem\",\"position\":1,\"name\":\"Home\",\"item\":\"https:\\\/\\\/www.cltweb.org\\\/pt-br\\\/\"},{\"@type\":\"ListItem\",\"position\":2,\"name\":\"Workshop e Jahresfeier Stadtbodenstiftung Berlin\"}]},{\"@type\":\"WebSite\",\"@id\":\"https:\\\/\\\/www.cltweb.org\\\/pt-br\\\/#website\",\"url\":\"https:\\\/\\\/www.cltweb.org\\\/pt-br\\\/\",\"name\":\"International Center for Community Land Trusts\",\"description\":\"\",\"publisher\":{\"@id\":\"https:\\\/\\\/www.cltweb.org\\\/pt-br\\\/#organization\"},\"potentialAction\":[{\"@type\":\"SearchAction\",\"target\":{\"@type\":\"EntryPoint\",\"urlTemplate\":\"https:\\\/\\\/www.cltweb.org\\\/pt-br\\\/?s={search_term_string}\"},\"query-input\":{\"@type\":\"PropertyValueSpecification\",\"valueRequired\":true,\"valueName\":\"search_term_string\"}}],\"inLanguage\":\"pt-BR\"},{\"@type\":\"Organization\",\"@id\":\"https:\\\/\\\/www.cltweb.org\\\/pt-br\\\/#organization\",\"name\":\"International Center for Community Land Trusts\",\"url\":\"https:\\\/\\\/www.cltweb.org\\\/pt-br\\\/\",\"logo\":{\"@type\":\"ImageObject\",\"inLanguage\":\"pt-BR\",\"@id\":\"https:\\\/\\\/www.cltweb.org\\\/pt-br\\\/#\\\/schema\\\/logo\\\/image\\\/\",\"url\":\"https:\\\/\\\/www.cltweb.org\\\/wp-content\\\/uploads\\\/2024\\\/11\\\/New-CLT-Center-Text-logo.png\",\"contentUrl\":\"https:\\\/\\\/www.cltweb.org\\\/wp-content\\\/uploads\\\/2024\\\/11\\\/New-CLT-Center-Text-logo.png\",\"width\":227,\"height\":80,\"caption\":\"International Center for Community Land Trusts\"},\"image\":{\"@id\":\"https:\\\/\\\/www.cltweb.org\\\/pt-br\\\/#\\\/schema\\\/logo\\\/image\\\/\"},\"sameAs\":[\"https:\\\/\\\/www.facebook.com\\\/cltcenter\",\"https:\\\/\\\/x.com\\\/Center4CLTs\",\"https:\\\/\\\/www.instagram.com\\\/cltcenter\\\/\",\"https:\\\/\\\/www.linkedin.com\\\/company\\\/cltcenter\",\"https:\\\/\\\/www.youtube.com\\\/@centerforcltinnovation5313\"],\"description\":\"The International Center for Community Land Trusts is a not-for-profit nongovernmental organization established in 2018 to promote and to support community land trusts and similar strategies of community-led development on community-owned land in countries throughout the world.\",\"email\":\"info@communitylandtrust.net\",\"legalName\":\"International Center for Community Land Trusts\",\"foundingDate\":\"2018-12-01\",\"taxID\":\"84-3858933\",\"numberOfEmployees\":{\"@type\":\"QuantitativeValue\",\"minValue\":\"1\",\"maxValue\":\"10\"}},{\"@type\":\"Person\",\"@id\":\"https:\\\/\\\/www.cltweb.org\\\/pt-br\\\/#\\\/schema\\\/person\\\/afd3723291b60b81c27772953e5b49d6\",\"name\":\"cltredesign_0jp0l4\",\"image\":{\"@type\":\"ImageObject\",\"inLanguage\":\"pt-BR\",\"@id\":\"https:\\\/\\\/secure.gravatar.com\\\/avatar\\\/1012e57596c2454da589d773454d3eb22a64f2ff638e62850caeb654f3affad5?s=96&d=mm&r=g\",\"url\":\"https:\\\/\\\/secure.gravatar.com\\\/avatar\\\/1012e57596c2454da589d773454d3eb22a64f2ff638e62850caeb654f3affad5?s=96&d=mm&r=g\",\"contentUrl\":\"https:\\\/\\\/secure.gravatar.com\\\/avatar\\\/1012e57596c2454da589d773454d3eb22a64f2ff638e62850caeb654f3affad5?s=96&d=mm&r=g\",\"caption\":\"cltredesign_0jp0l4\"},\"sameAs\":[\"https:\\\/\\\/icclt.org\"],\"url\":\"https:\\\/\\\/www.cltweb.org\\\/pt-br\\\/author\\\/cltredesign_0jp0l4\\\/\"}]}<\/script>\n<!-- \/ Yoast SEO Premium plugin. -->","yoast_head_json":{"title":"Workshop e Jahresfeier Stadtbodenstiftung Berlin - International Center for Community Land Trusts","robots":{"index":"index","follow":"follow","max-snippet":"max-snippet:-1","max-image-preview":"max-image-preview:large","max-video-preview":"max-video-preview:-1"},"canonical":"https:\/\/www.cltweb.org\/pt-br\/2022\/10\/21\/workshop-e-jahresfeier-stadtbodenstiftung-berlin\/","og_locale":"pt_BR","og_type":"article","og_title":"Workshop e Jahresfeier Stadtbodenstiftung Berlin","og_description":"Voc\u00ea est\u00e1 na primeira edi\u00e7\u00e3o do Jahresfeier der Stadtbodenstiftung em Berlim. Na sexta-feira, das 16:00 \u00e0s 17:30 horas, voc\u00ea participar\u00e1 de um workshop informativo sobre o Comit\u00ea da Funda\u00e7\u00e3o. Voc\u00ea [&hellip;]","og_url":"https:\/\/www.cltweb.org\/pt-br\/2022\/10\/21\/workshop-e-jahresfeier-stadtbodenstiftung-berlin\/","og_site_name":"International Center for Community Land Trusts","article_publisher":"https:\/\/www.facebook.com\/cltcenter","article_published_time":"2022-10-21T00:00:00+00:00","author":"cltredesign_0jp0l4","twitter_card":"summary_large_image","twitter_creator":"@Center4CLTs","twitter_site":"@Center4CLTs","twitter_misc":{"Escrito por":"cltredesign_0jp0l4","Est. tempo de leitura":"2 minutos"},"schema":{"@context":"https:\/\/schema.org","@graph":[{"@type":"Article","@id":"https:\/\/www.cltweb.org\/pt-br\/2022\/10\/21\/workshop-e-jahresfeier-stadtbodenstiftung-berlin\/#article","isPartOf":{"@id":"https:\/\/www.cltweb.org\/pt-br\/2022\/10\/21\/workshop-e-jahresfeier-stadtbodenstiftung-berlin\/"},"author":{"name":"cltredesign_0jp0l4","@id":"https:\/\/www.cltweb.org\/pt-br\/#\/schema\/person\/afd3723291b60b81c27772953e5b49d6"},"headline":"Workshop e Jahresfeier Stadtbodenstiftung Berlin","datePublished":"2022-10-21T00:00:00+00:00","mainEntityOfPage":{"@id":"https:\/\/www.cltweb.org\/pt-br\/2022\/10\/21\/workshop-e-jahresfeier-stadtbodenstiftung-berlin\/"},"wordCount":440,"commentCount":0,"publisher":{"@id":"https:\/\/www.cltweb.org\/pt-br\/#organization"},"image":{"@id":"https:\/\/www.cltweb.org\/pt-br\/2022\/10\/21\/workshop-e-jahresfeier-stadtbodenstiftung-berlin\/#primaryimage"},"thumbnailUrl":"https:\/\/www.cltweb.org\/wp-content\/uploads\/2022\/10\/Berlin-CLT-Logo-300x300.png","articleSection":["N\u00e3o categorizado"],"inLanguage":"pt-BR","potentialAction":[{"@type":"CommentAction","name":"Comment","target":["https:\/\/www.cltweb.org\/pt-br\/2022\/10\/21\/workshop-e-jahresfeier-stadtbodenstiftung-berlin\/#respond"]}]},{"@type":"WebPage","@id":"https:\/\/www.cltweb.org\/pt-br\/2022\/10\/21\/workshop-e-jahresfeier-stadtbodenstiftung-berlin\/","url":"https:\/\/www.cltweb.org\/pt-br\/2022\/10\/21\/workshop-e-jahresfeier-stadtbodenstiftung-berlin\/","name":"Workshop e Jahresfeier Stadtbodenstiftung Berlin - International Center for Community Land Trusts","isPartOf":{"@id":"https:\/\/www.cltweb.org\/pt-br\/#website"},"primaryImageOfPage":{"@id":"https:\/\/www.cltweb.org\/pt-br\/2022\/10\/21\/workshop-e-jahresfeier-stadtbodenstiftung-berlin\/#primaryimage"},"image":{"@id":"https:\/\/www.cltweb.org\/pt-br\/2022\/10\/21\/workshop-e-jahresfeier-stadtbodenstiftung-berlin\/#primaryimage"},"thumbnailUrl":"https:\/\/www.cltweb.org\/wp-content\/uploads\/2022\/10\/Berlin-CLT-Logo-300x300.png","datePublished":"2022-10-21T00:00:00+00:00","breadcrumb":{"@id":"https:\/\/www.cltweb.org\/pt-br\/2022\/10\/21\/workshop-e-jahresfeier-stadtbodenstiftung-berlin\/#breadcrumb"},"inLanguage":"pt-BR","potentialAction":[{"@type":"ReadAction","target":["https:\/\/www.cltweb.org\/pt-br\/2022\/10\/21\/workshop-e-jahresfeier-stadtbodenstiftung-berlin\/"]}]},{"@type":"ImageObject","inLanguage":"pt-BR","@id":"https:\/\/www.cltweb.org\/pt-br\/2022\/10\/21\/workshop-e-jahresfeier-stadtbodenstiftung-berlin\/#primaryimage","url":"https:\/\/www.cltweb.org\/wp-content\/uploads\/2022\/10\/Berlin-CLT-Logo-300x300.png","contentUrl":"https:\/\/www.cltweb.org\/wp-content\/uploads\/2022\/10\/Berlin-CLT-Logo-300x300.png"},{"@type":"BreadcrumbList","@id":"https:\/\/www.cltweb.org\/pt-br\/2022\/10\/21\/workshop-e-jahresfeier-stadtbodenstiftung-berlin\/#breadcrumb","itemListElement":[{"@type":"ListItem","position":1,"name":"Home","item":"https:\/\/www.cltweb.org\/pt-br\/"},{"@type":"ListItem","position":2,"name":"Workshop e Jahresfeier Stadtbodenstiftung Berlin"}]},{"@type":"WebSite","@id":"https:\/\/www.cltweb.org\/pt-br\/#website","url":"https:\/\/www.cltweb.org\/pt-br\/","name":"International Center for Community Land Trusts","description":"","publisher":{"@id":"https:\/\/www.cltweb.org\/pt-br\/#organization"},"potentialAction":[{"@type":"SearchAction","target":{"@type":"EntryPoint","urlTemplate":"https:\/\/www.cltweb.org\/pt-br\/?s={search_term_string}"},"query-input":{"@type":"PropertyValueSpecification","valueRequired":true,"valueName":"search_term_string"}}],"inLanguage":"pt-BR"},{"@type":"Organization","@id":"https:\/\/www.cltweb.org\/pt-br\/#organization","name":"International Center for Community Land Trusts","url":"https:\/\/www.cltweb.org\/pt-br\/","logo":{"@type":"ImageObject","inLanguage":"pt-BR","@id":"https:\/\/www.cltweb.org\/pt-br\/#\/schema\/logo\/image\/","url":"https:\/\/www.cltweb.org\/wp-content\/uploads\/2024\/11\/New-CLT-Center-Text-logo.png","contentUrl":"https:\/\/www.cltweb.org\/wp-content\/uploads\/2024\/11\/New-CLT-Center-Text-logo.png","width":227,"height":80,"caption":"International Center for Community Land Trusts"},"image":{"@id":"https:\/\/www.cltweb.org\/pt-br\/#\/schema\/logo\/image\/"},"sameAs":["https:\/\/www.facebook.com\/cltcenter","https:\/\/x.com\/Center4CLTs","https:\/\/www.instagram.com\/cltcenter\/","https:\/\/www.linkedin.com\/company\/cltcenter","https:\/\/www.youtube.com\/@centerforcltinnovation5313"],"description":"The International Center for Community Land Trusts is a not-for-profit nongovernmental organization established in 2018 to promote and to support community land trusts and similar strategies of community-led development on community-owned land in countries throughout the world.","email":"info@communitylandtrust.net","legalName":"International Center for Community Land Trusts","foundingDate":"2018-12-01","taxID":"84-3858933","numberOfEmployees":{"@type":"QuantitativeValue","minValue":"1","maxValue":"10"}},{"@type":"Person","@id":"https:\/\/www.cltweb.org\/pt-br\/#\/schema\/person\/afd3723291b60b81c27772953e5b49d6","name":"cltredesign_0jp0l4","image":{"@type":"ImageObject","inLanguage":"pt-BR","@id":"https:\/\/secure.gravatar.com\/avatar\/1012e57596c2454da589d773454d3eb22a64f2ff638e62850caeb654f3affad5?s=96&d=mm&r=g","url":"https:\/\/secure.gravatar.com\/avatar\/1012e57596c2454da589d773454d3eb22a64f2ff638e62850caeb654f3affad5?s=96&d=mm&r=g","contentUrl":"https:\/\/secure.gravatar.com\/avatar\/1012e57596c2454da589d773454d3eb22a64f2ff638e62850caeb654f3affad5?s=96&d=mm&r=g","caption":"cltredesign_0jp0l4"},"sameAs":["https:\/\/icclt.org"],"url":"https:\/\/www.cltweb.org\/pt-br\/author\/cltredesign_0jp0l4\/"}]}},"taxonomy_info":{"category":[{"value":27,"label":"N\u00e3o categorizado"}]},"featured_image_src_large":false,"author_info":{"display_name":"cltredesign_0jp0l4","author_link":"https:\/\/www.cltweb.org\/pt-br\/author\/cltredesign_0jp0l4\/"},"comment_info":0,"category_info":[{"term_id":27,"name":"N\u00e3o categorizado","slug":"nao-categorizado","term_group":0,"term_taxonomy_id":27,"taxonomy":"category","description":"","parent":0,"count":20,"filter":"raw","cat_ID":27,"category_count":20,"category_description":"","cat_name":"N\u00e3o categorizado","category_nicename":"nao-categorizado","category_parent":0}],"tag_info":false,"jetpack_featured_media_url":"","jetpack_sharing_enabled":true,"jetpack-related-posts":[{"id":6585,"url":"https:\/\/www.cltweb.org\/es\/2022\/10\/21\/workshop-und-jahresfeier-stadtbodenstiftung-berlin\/","url_meta":{"origin":6576,"position":0},"title":"Workshop und Jahresfeier Stadtbodenstiftung Berlin","author":"cltredesign_0jp0l4","date":"21 de outubro de 2022","format":false,"excerpt":"La edici\u00f3n de este a\u00f1o de la Fundaci\u00f3n Stadtbodenstiftung de Berl\u00edn se celebra coincidiendo con el D\u00eda Mundial de la CLT. Los mi\u00e9rcoles de 16:00 a 17:30 horas, nos reuniremos en un taller informativo sobre el sitio web de la fundaci\u00f3n. Queremos recordar el lema de este a\u00f1o de los\u2026","rel":"","context":"Em &quot;Sin categorizar&quot;","block_context":{"text":"Sin categorizar","link":"https:\/\/www.cltweb.org\/es\/category\/sin-categorizar\/"},"img":{"alt_text":"Logotipo de la Stadtbodenstiftung","src":"https:\/\/i0.wp.com\/www.cltweb.org\/wp-content\/uploads\/2022\/10\/Berlin-CLT-Logo-300x300.png?resize=350%2C200&ssl=1","width":350,"height":200},"classes":[]},{"id":10685,"url":"https:\/\/www.cltweb.org\/pt-br\/2025\/11\/11\/terra-para-as-pessoas-nao-para-o-lucro-construindo-a-infraestrutura-de-um-movimento-global\/","url_meta":{"origin":6576,"position":1},"title":"Terra para as pessoas, n\u00e3o para o lucro: Construindo a infraestrutura de um movimento global","author":"Ben Harris","date":"11 de novembro de 2025","format":false,"excerpt":"Este ano, o International Center for Community Land Trusts est\u00e1 lan\u00e7ando sua primeira campanha de fim de ano - uma oportunidade de refletir sobre o que estamos construindo juntos e os relacionamentos que tornam esse trabalho poss\u00edvel. Em todo o mundo, os CLTs est\u00e3o provando que outra forma de se\u2026","rel":"","context":"Em &quot;Blogs&quot;","block_context":{"text":"Blogs","link":"https:\/\/www.cltweb.org\/pt-br\/category\/blogs-pt-br\/"},"img":{"alt_text":"","src":"https:\/\/i0.wp.com\/www.cltweb.org\/wp-content\/uploads\/2025\/11\/Land-for-People-Not-For-Profit.gif?resize=350%2C200&ssl=1","width":350,"height":200,"srcset":"https:\/\/i0.wp.com\/www.cltweb.org\/wp-content\/uploads\/2025\/11\/Land-for-People-Not-For-Profit.gif?resize=350%2C200&ssl=1 1x, https:\/\/i0.wp.com\/www.cltweb.org\/wp-content\/uploads\/2025\/11\/Land-for-People-Not-For-Profit.gif?resize=525%2C300&ssl=1 1.5x, https:\/\/i0.wp.com\/www.cltweb.org\/wp-content\/uploads\/2025\/11\/Land-for-People-Not-For-Profit.gif?resize=700%2C400&ssl=1 2x, https:\/\/i0.wp.com\/www.cltweb.org\/wp-content\/uploads\/2025\/11\/Land-for-People-Not-For-Profit.gif?resize=1050%2C600&ssl=1 3x"},"classes":[]},{"id":9999,"url":"https:\/\/www.cltweb.org\/pt-br\/2025\/10\/20\/um-olhar-para-o-passado-e-para-o-futuro-do-movimento-clt-dos-eua\/","url_meta":{"origin":6576,"position":2},"title":"Um olhar para o passado e para o futuro do movimento CLT dos EUA","author":"cltredesign_0jp0l4","date":"20 de outubro de 2025","format":false,"excerpt":"John Emmeus Davis falou aos participantes da confer\u00eancia 2025 Midwest CLT sobre o passado e o poss\u00edvel futuro do movimento CLT dos EUA, e o que podemos fazer para enfrentar esses tempos desafiadores. Esta \u00e9 uma transcri\u00e7\u00e3o de seus coment\u00e1rios extempor\u00e2neos.","rel":"","context":"Em &quot;Blogs&quot;","block_context":{"text":"Blogs","link":"https:\/\/www.cltweb.org\/pt-br\/category\/blogs-pt-br\/"},"img":{"alt_text":"","src":"","width":0,"height":0},"classes":[]},{"id":10140,"url":"https:\/\/www.cltweb.org\/pt-br\/2025\/10\/24\/apresentacao-do-modelo-clt-na-conferencia-de-construcao-e-vida-colaborativa-e-social-2025-da-suecia\/","url_meta":{"origin":6576,"position":3},"title":"Apresenta\u00e7\u00e3o do modelo CLT na Confer\u00eancia de Constru\u00e7\u00e3o e Vida Colaborativa e Social 2025 da Su\u00e9cia","author":"Ben Harris","date":"24 de outubro de 2025","format":false,"excerpt":"Por Jonas Lagander, Coompanion A Coompanion participou da confer\u00eancia Collaborative and Social Building and Living deste ano em Bor\u00e5s, na Su\u00e9cia, e organizou dois semin\u00e1rios sobre CLTs. Juntamente com outros parceiros relevantes, eles est\u00e3o envolvidos no projeto \"Sistemas de inova\u00e7\u00e3o local em torno das barreiras para moradias colaborativas e baseadas\u2026","rel":"","context":"Em &quot;Blogs&quot;","block_context":{"text":"Blogs","link":"https:\/\/www.cltweb.org\/pt-br\/category\/blogs-pt-br\/"},"img":{"alt_text":"","src":"https:\/\/i0.wp.com\/www.cltweb.org\/wp-content\/uploads\/2025\/10\/IMG_6480.jpg?resize=350%2C200&ssl=1","width":350,"height":200,"srcset":"https:\/\/i0.wp.com\/www.cltweb.org\/wp-content\/uploads\/2025\/10\/IMG_6480.jpg?resize=350%2C200&ssl=1 1x, https:\/\/i0.wp.com\/www.cltweb.org\/wp-content\/uploads\/2025\/10\/IMG_6480.jpg?resize=525%2C300&ssl=1 1.5x, https:\/\/i0.wp.com\/www.cltweb.org\/wp-content\/uploads\/2025\/10\/IMG_6480.jpg?resize=700%2C400&ssl=1 2x, https:\/\/i0.wp.com\/www.cltweb.org\/wp-content\/uploads\/2025\/10\/IMG_6480.jpg?resize=1050%2C600&ssl=1 3x, https:\/\/i0.wp.com\/www.cltweb.org\/wp-content\/uploads\/2025\/10\/IMG_6480.jpg?resize=1400%2C800&ssl=1 4x"},"classes":[]},{"id":6588,"url":"https:\/\/www.cltweb.org\/pt-br\/2022\/10\/12\/o-impacto-do-modelo-clt-leitura-de-experiencias-de-sucesso-internacional\/","url_meta":{"origin":6576,"position":4},"title":"O impacto do modelo CLT &#8211; leitura de experi\u00eancias de sucesso internacional","author":"cltredesign_0jp0l4","date":"12 de outubro de 2022","format":false,"excerpt":"Voc\u00ea pode ver as diversas abordagens que existem para o modelo CLT. Na \u00faltima semana, voc\u00ea estava em contato com os CLTs belgas. A partir de agora, voc\u00ea pode come\u00e7ar a trabalhar com os grupos de terra e encontrar grandes divulgadores internacionais no programa para licenciar o modelo CLT com\u2026","rel":"","context":"Em &quot;N\u00e3o categorizado&quot;","block_context":{"text":"N\u00e3o categorizado","link":"https:\/\/www.cltweb.org\/pt-br\/category\/nao-categorizado\/"},"img":{"alt_text":"","src":"","width":0,"height":0},"classes":[]},{"id":6581,"url":"https:\/\/www.cltweb.org\/pt-br\/2022\/10\/20\/o-mundo-da-clt-e-um-mundo-de-negocios\/","url_meta":{"origin":6576,"position":5},"title":"O mundo da CLT \u00e9 um mundo de neg\u00f3cios","author":"cltredesign_0jp0l4","date":"20 de outubro de 2022","format":false,"excerpt":"H\u00e1 dez dias, na primeira reuni\u00e3o do CLT Gent e do CLT Vlaanderen, voc\u00ea pode encontrar dois gastos proeminentes, que foram feitos durante o dia do Wereld CLT.","rel":"","context":"Em &quot;N\u00e3o categorizado&quot;","block_context":{"text":"N\u00e3o categorizado","link":"https:\/\/www.cltweb.org\/pt-br\/category\/nao-categorizado\/"},"img":{"alt_text":"Logotipo da CLT Gent","src":"https:\/\/i0.wp.com\/www.cltweb.org\/wp-content\/uploads\/2022\/10\/CLT-Gent-logo-edited.png?resize=350%2C200&ssl=1","width":350,"height":200},"classes":[]}],"_links":{"self":[{"href":"https:\/\/www.cltweb.org\/pt-br\/wp-json\/wp\/v2\/posts\/6576","targetHints":{"allow":["GET"]}}],"collection":[{"href":"https:\/\/www.cltweb.org\/pt-br\/wp-json\/wp\/v2\/posts"}],"about":[{"href":"https:\/\/www.cltweb.org\/pt-br\/wp-json\/wp\/v2\/types\/post"}],"author":[{"embeddable":true,"href":"https:\/\/www.cltweb.org\/pt-br\/wp-json\/wp\/v2\/users\/1"}],"replies":[{"embeddable":true,"href":"https:\/\/www.cltweb.org\/pt-br\/wp-json\/wp\/v2\/comments?post=6576"}],"version-history":[{"count":0,"href":"https:\/\/www.cltweb.org\/pt-br\/wp-json\/wp\/v2\/posts\/6576\/revisions"}],"wp:attachment":[{"href":"https:\/\/www.cltweb.org\/pt-br\/wp-json\/wp\/v2\/media?parent=6576"}],"wp:term":[{"taxonomy":"category","embeddable":true,"href":"https:\/\/www.cltweb.org\/pt-br\/wp-json\/wp\/v2\/categories?post=6576"},{"taxonomy":"post_tag","embeddable":true,"href":"https:\/\/www.cltweb.org\/pt-br\/wp-json\/wp\/v2\/tags?post=6576"}],"curies":[{"name":"wp","href":"https:\/\/api.w.org\/{rel}","templated":true}]}}