{"id":6582,"date":"2022-10-21T00:00:00","date_gmt":"2022-10-21T00:00:00","guid":{"rendered":"https:\/\/www.cltweb.org\/2022\/10\/21\/a-grande-festa-do-cltb\/"},"modified":"2022-10-21T00:00:00","modified_gmt":"2022-10-21T00:00:00","slug":"a-grande-festa-do-cltb","status":"publish","type":"post","link":"https:\/\/www.cltweb.org\/pt-br\/2022\/10\/21\/a-grande-festa-do-cltb\/","title":{"rendered":"A grande festa do CLTB"},"content":{"rendered":"<section class=\"elementor-section elementor-top-section elementor-element elementor-element-2484205 elementor-section-boxed elementor-section-height-default elementor-section-height-default parallax_section_no qode_elementor_container_no\" data-id=\"2484205\" data-element_type=\"section\">\n<div class=\"elementor-container elementor-column-gap-default\">\n<div class=\"elementor-column elementor-col-100 elementor-top-column elementor-element elementor-element-067a919\" data-id=\"067a919\" data-element_type=\"column\">\n<div class=\"elementor-widget-wrap elementor-element-populated\">\n<div class=\"elementor-element elementor-element-6c76646 elementor-widget elementor-widget-heading\" data-id=\"6c76646\" data-element_type=\"widget\" data-widget_type=\"heading.default\">\n<div class=\"elementor-widget-container\"><\/div>\n<\/div>\n<\/div>\n<\/div>\n<\/div>\n<\/section>\n<section class=\"elementor-section elementor-top-section elementor-element elementor-element-272da83 elementor-section-boxed elementor-section-height-default elementor-section-height-default parallax_section_no qode_elementor_container_no\" data-id=\"272da83\" data-element_type=\"section\">\n<div class=\"elementor-container elementor-column-gap-default\">\n<div class=\"elementor-column elementor-col-33 elementor-top-column elementor-element elementor-element-be06935\" data-id=\"be06935\" data-element_type=\"column\">\n<div class=\"elementor-widget-wrap elementor-element-populated\">\n<div class=\"elementor-element elementor-element-f3d7601 elementor-widget elementor-widget-image\" data-id=\"f3d7601\" data-element_type=\"widget\" data-widget_type=\"image.default\">\n<div class=\"elementor-widget-container\">\n<div class=\"elementor-image\"><img loading=\"lazy\" decoding=\"async\" class=\"attachment-large size-large\" src=\"https:\/\/usercontent.one\/wp\/www.cltb.be\/wp-content\/uploads\/2022\/09\/Bazar-Festival-Print-02-1024x683.jpg\" sizes=\"auto, (max-width: 1024px) 100vw, 1024px\" srcset=\"https:\/\/usercontent.one\/wp\/www.cltb.be\/wp-content\/uploads\/2022\/09\/Bazar-Festival-Print-02-1024x683.jpg 1024w, https:\/\/usercontent.one\/wp\/www.cltb.be\/wp-content\/uploads\/2022\/09\/Bazar-Festival-Print-02-300x200.jpg 300w, https:\/\/usercontent.one\/wp\/www.cltb.be\/wp-content\/uploads\/2022\/09\/Bazar-Festival-Print-02-768x512.jpg 768w, https:\/\/usercontent.one\/wp\/www.cltb.be\/wp-content\/uploads\/2022\/09\/Bazar-Festival-Print-02-1536x1024.jpg 1536w, https:\/\/usercontent.one\/wp\/www.cltb.be\/wp-content\/uploads\/2022\/09\/Bazar-Festival-Print-02-2048x1365.jpg 2048w, https:\/\/usercontent.one\/wp\/www.cltb.be\/wp-content\/uploads\/2022\/09\/Bazar-Festival-Print-02-700x467.jpg 700w\" alt=\"\" width=\"1024\" height=\"683\"><\/div>\n<\/div>\n<\/div>\n<\/div>\n<\/div>\n<div class=\"elementor-column elementor-col-66 elementor-top-column elementor-element elementor-element-fe77b4c\" data-id=\"fe77b4c\" data-element_type=\"column\">\n<div class=\"elementor-widget-wrap elementor-element-populated\">\n<div class=\"elementor-element elementor-element-488bfc4 elementor-widget elementor-widget-heading\" data-id=\"488bfc4\" data-element_type=\"widget\" data-widget_type=\"heading.default\">\n<div class=\"elementor-widget-container\">\n<h4 class=\"elementor-heading-title elementor-size-default\">A rua da Independ\u00eancia em festa<\/h4>\n<\/div>\n<\/div>\n<div class=\"elementor-element elementor-element-43bc112 elementor-widget elementor-widget-heading\" data-id=\"43bc112\" data-element_type=\"widget\" data-widget_type=\"heading.default\">\n<div class=\"elementor-widget-container\">\n<h6 class=\"elementor-heading-title elementor-size-default\">14H-18H &#8211; RUE DE L&#8217;IND\u00c9PENDANCE 15, 1080 MOLENBEEK<\/h6>\n<\/div>\n<\/div>\n<div class=\"elementor-element elementor-element-41befc9 elementor-widget elementor-widget-text-editor\" data-id=\"41befc9\" data-element_type=\"widget\" data-widget_type=\"text-editor.default\">\n<div class=\"elementor-widget-container\">\n<div class=\"elementor-text-editor elementor-clearfix\">\n<p>Brocante, anima\u00e7\u00f5es de rua com o asbl <a href=\"https:\/\/www.remorquable.be\/fr\/\" target=\"_blank\" rel=\"noopener\">Remorquables<\/a> e anima\u00e7\u00f5es para crian\u00e7as. Atividades organizadas por <a href=\"https:\/\/www.larueasbl.be\/\" target=\"_blank\" rel=\"noopener\">La Rue asbl<\/a> e seus habitantes. <\/p>\n<\/div>\n<\/div>\n<\/div>\n<\/div>\n<\/div>\n<\/div>\n<\/section>\n<section class=\"elementor-section elementor-top-section elementor-element elementor-element-c4397b8 elementor-section-boxed elementor-section-height-default elementor-section-height-default parallax_section_no qode_elementor_container_no\" data-id=\"c4397b8\" data-element_type=\"section\">\n<div class=\"elementor-container elementor-column-gap-default\">\n<div class=\"elementor-column elementor-col-33 elementor-top-column elementor-element elementor-element-8569c9e\" data-id=\"8569c9e\" data-element_type=\"column\">\n<div class=\"elementor-widget-wrap elementor-element-populated\">\n<div class=\"elementor-element elementor-element-d6cf9a6 elementor-widget elementor-widget-image\" data-id=\"d6cf9a6\" data-element_type=\"widget\" data-widget_type=\"image.default\">\n<div class=\"elementor-widget-container\">\n<div class=\"elementor-image\"><img loading=\"lazy\" decoding=\"async\" class=\"attachment-large size-large\" src=\"https:\/\/usercontent.one\/wp\/www.cltb.be\/wp-content\/uploads\/2022\/09\/1134-0007_Web-1024x683.jpg\" sizes=\"auto, (max-width: 1024px) 100vw, 1024px\" srcset=\"https:\/\/usercontent.one\/wp\/www.cltb.be\/wp-content\/uploads\/2022\/09\/1134-0007_Web-1024x683.jpg 1024w, https:\/\/usercontent.one\/wp\/www.cltb.be\/wp-content\/uploads\/2022\/09\/1134-0007_Web-300x200.jpg 300w, https:\/\/usercontent.one\/wp\/www.cltb.be\/wp-content\/uploads\/2022\/09\/1134-0007_Web-768x512.jpg 768w, https:\/\/usercontent.one\/wp\/www.cltb.be\/wp-content\/uploads\/2022\/09\/1134-0007_Web-1536x1024.jpg 1536w, https:\/\/usercontent.one\/wp\/www.cltb.be\/wp-content\/uploads\/2022\/09\/1134-0007_Web-700x467.jpg 700w, https:\/\/usercontent.one\/wp\/www.cltb.be\/wp-content\/uploads\/2022\/09\/1134-0007_Web.jpg 1920w\" alt=\"\" width=\"1024\" height=\"683\"><\/div>\n<\/div>\n<\/div>\n<\/div>\n<\/div>\n<div class=\"elementor-column elementor-col-66 elementor-top-column elementor-element elementor-element-e0f2de9\" data-id=\"e0f2de9\" data-element_type=\"column\">\n<div class=\"elementor-widget-wrap elementor-element-populated\">\n<div class=\"elementor-element elementor-element-b2f247d elementor-widget elementor-widget-heading\" data-id=\"b2f247d\" data-element_type=\"widget\" data-widget_type=\"heading.default\">\n<div class=\"elementor-widget-container\">\n<h4 class=\"elementor-heading-title elementor-size-default\">Passeios guiados a p\u00e9 ou de carro<\/h4>\n<\/div>\n<\/div>\n<div class=\"elementor-element elementor-element-f352ef9 elementor-widget elementor-widget-heading\" data-id=\"f352ef9\" data-element_type=\"widget\" data-widget_type=\"heading.default\">\n<div class=\"elementor-widget-container\">\n<h6 class=\"elementor-heading-title elementor-size-default\">14H &#8211; PARTIDA E CHEGADA RUE DE L&#8217;IND\u00c9PENDANCE 15, 1080 MOLENBEEK<\/h6>\n<\/div>\n<\/div>\n<div class=\"elementor-element elementor-element-ea283b5 elementor-widget elementor-widget-text-editor\" data-id=\"ea283b5\" data-element_type=\"widget\" data-widget_type=\"text-editor.default\">\n<div class=\"elementor-widget-container\">\n<div class=\"elementor-text-editor elementor-clearfix\">\n<p>Voc\u00ea pode se deslocar at\u00e9 Molenbeek e seus projetos de apartamentos. N\u00e3o \u00e9 necess\u00e1rio fazer reserva. Uma viagem de carro pelos projetos do CLTB. Voc\u00ea pode solicitar a confirma\u00e7\u00e3o por e-mail<a href=\"mailto:chloe.mercenier@cltb.be\">(chloe.mercenier@cltb.be)<\/a>. Caso voc\u00ea n\u00e3o possua nenhum ve\u00edculo, poder\u00e1 reservar um com a Chlo\u00e9. <\/p>\n<\/div>\n<\/div>\n<\/div>\n<\/div>\n<\/div>\n<\/div>\n<\/section>\n<section class=\"elementor-section elementor-top-section elementor-element elementor-element-0f07737 elementor-section-boxed elementor-section-height-default elementor-section-height-default parallax_section_no qode_elementor_container_no\" data-id=\"0f07737\" data-element_type=\"section\">\n<div class=\"elementor-container elementor-column-gap-default\">\n<div class=\"elementor-column elementor-col-33 elementor-top-column elementor-element elementor-element-faa08b6\" data-id=\"faa08b6\" data-element_type=\"column\">\n<div class=\"elementor-widget-wrap elementor-element-populated\">\n<div class=\"elementor-element elementor-element-0644a9e elementor-widget elementor-widget-image\" data-id=\"0644a9e\" data-element_type=\"widget\" data-widget_type=\"image.default\">\n<div class=\"elementor-widget-container\">\n<div class=\"elementor-image\"><img loading=\"lazy\" decoding=\"async\" class=\"attachment-large size-large\" src=\"https:\/\/usercontent.one\/wp\/www.cltb.be\/wp-content\/uploads\/2022\/09\/IMG_0796-scaled-pcwp8kl82v41o0iiht40vndle70gbxz0orxdpd9y1s.jpg\" sizes=\"auto, (max-width: 600px) 100vw, 600px\" srcset=\"https:\/\/usercontent.one\/wp\/www.cltb.be\/wp-content\/uploads\/2022\/09\/IMG_0796-scaled-pcwp8kl82v41o0iiht40vndle70gbxz0orxdpd9y1s.jpg 600w, https:\/\/usercontent.one\/wp\/www.cltb.be\/wp-content\/uploads\/2022\/09\/IMG_0796-scaled-pcwp8kl82v41o0iiht40vndle70gbxz0orxdpd9y1s-300x200.jpg 300w\" alt=\"\" width=\"600\" height=\"400\"><\/div>\n<\/div>\n<\/div>\n<\/div>\n<\/div>\n<div class=\"elementor-column elementor-col-66 elementor-top-column elementor-element elementor-element-ac0d2ca\" data-id=\"ac0d2ca\" data-element_type=\"column\">\n<div class=\"elementor-widget-wrap elementor-element-populated\">\n<div class=\"elementor-element elementor-element-dd927ce elementor-widget elementor-widget-heading\" data-id=\"dd927ce\" data-element_type=\"widget\" data-widget_type=\"heading.default\">\n<div class=\"elementor-widget-container\">\n<h4 class=\"elementor-heading-title elementor-size-default\">Visitas ao projeto Independ\u00eancia<\/h4>\n<\/div>\n<\/div>\n<div class=\"elementor-element elementor-element-4a79967 elementor-widget elementor-widget-heading\" data-id=\"4a79967\" data-element_type=\"widget\" data-widget_type=\"heading.default\">\n<div class=\"elementor-widget-container\">\n<h6 class=\"elementor-heading-title elementor-size-default\">14H30, 15H30, 17H &#8211; PARTIDA E CHEGADA RUE DE L&#8217;IND\u00c9PENDANCE 15, 1080 MOLENBEEK<\/h6>\n<\/div>\n<\/div>\n<div class=\"elementor-element elementor-element-9a1a9e1 elementor-widget elementor-widget-text-editor\" data-id=\"9a1a9e1\" data-element_type=\"widget\" data-widget_type=\"text-editor.default\">\n<div class=\"elementor-widget-container\">\n<div class=\"elementor-text-editor elementor-clearfix\">\n<p>Tr\u00eas partidas: 14h30, 15h30, 17h. 30 minutos por visita. <\/p>\n<\/div>\n<\/div>\n<\/div>\n<\/div>\n<\/div>\n<\/div>\n<\/section>\n<section class=\"elementor-section elementor-top-section elementor-element elementor-element-0bd601e elementor-section-boxed elementor-section-height-default elementor-section-height-default parallax_section_no qode_elementor_container_no\" data-id=\"0bd601e\" data-element_type=\"section\">\n<div class=\"elementor-container elementor-column-gap-default\">\n<div class=\"elementor-column elementor-col-33 elementor-top-column elementor-element elementor-element-970ce1a\" data-id=\"970ce1a\" data-element_type=\"column\">\n<div class=\"elementor-widget-wrap elementor-element-populated\">\n<div class=\"elementor-element elementor-element-2a26996 elementor-widget elementor-widget-image\" data-id=\"2a26996\" data-element_type=\"widget\" data-widget_type=\"image.default\">\n<div class=\"elementor-widget-container\">\n<div class=\"elementor-image\"><img loading=\"lazy\" decoding=\"async\" class=\"attachment-large size-large\" src=\"https:\/\/usercontent.one\/wp\/www.cltb.be\/wp-content\/uploads\/2022\/09\/242715261_1953405374819633_259878037745565560_n-1024x683.jpg\" sizes=\"auto, (max-width: 1024px) 100vw, 1024px\" srcset=\"https:\/\/usercontent.one\/wp\/www.cltb.be\/wp-content\/uploads\/2022\/09\/242715261_1953405374819633_259878037745565560_n-1024x683.jpg 1024w, https:\/\/usercontent.one\/wp\/www.cltb.be\/wp-content\/uploads\/2022\/09\/242715261_1953405374819633_259878037745565560_n-300x200.jpg 300w, https:\/\/usercontent.one\/wp\/www.cltb.be\/wp-content\/uploads\/2022\/09\/242715261_1953405374819633_259878037745565560_n-768x512.jpg 768w, https:\/\/usercontent.one\/wp\/www.cltb.be\/wp-content\/uploads\/2022\/09\/242715261_1953405374819633_259878037745565560_n-1536x1024.jpg 1536w, https:\/\/usercontent.one\/wp\/www.cltb.be\/wp-content\/uploads\/2022\/09\/242715261_1953405374819633_259878037745565560_n-700x467.jpg 700w, https:\/\/usercontent.one\/wp\/www.cltb.be\/wp-content\/uploads\/2022\/09\/242715261_1953405374819633_259878037745565560_n.jpg 1944w\" alt=\"\" width=\"1024\" height=\"683\"><\/div>\n<\/div>\n<\/div>\n<\/div>\n<\/div>\n<div class=\"elementor-column elementor-col-66 elementor-top-column elementor-element elementor-element-61d2dbb\" data-id=\"61d2dbb\" data-element_type=\"column\">\n<div class=\"elementor-widget-wrap elementor-element-populated\">\n<div class=\"elementor-element elementor-element-e7597b5 elementor-widget elementor-widget-heading\" data-id=\"e7597b5\" data-element_type=\"widget\" data-widget_type=\"heading.default\">\n<div class=\"elementor-widget-container\">\n<h4 class=\"elementor-heading-title elementor-size-default\">Anima\u00e7\u00e3o de r\u00e1dio do Studio1bis<\/h4>\n<\/div>\n<\/div>\n<div class=\"elementor-element elementor-element-a8488a5 elementor-widget elementor-widget-heading\" data-id=\"a8488a5\" data-element_type=\"widget\" data-widget_type=\"heading.default\">\n<div class=\"elementor-widget-container\">\n<h6 class=\"elementor-heading-title elementor-size-default\">15H-16H30 &#8211; RUE DE L&#8217;IND\u00c9PENDANCE 15, 1080 MOLENBEEK<\/h6>\n<\/div>\n<\/div>\n<div class=\"elementor-element elementor-element-aa671bc elementor-widget elementor-widget-text-editor\" data-id=\"aa671bc\" data-element_type=\"widget\" data-widget_type=\"text-editor.default\">\n<div class=\"elementor-widget-container\">\n<div class=\"elementor-text-editor elementor-clearfix\">\n<p>Voc\u00ea pode falar diretamente com a <a href=\"https:\/\/www.radiopanik.org\/\" target=\"_blank\" rel=\"noopener\">Radio Panik<\/a> entre 15h e 16h30 para comemorar o dia mundial dos Community Land Trusts.<\/p>\n<\/div>\n<\/div>\n<\/div>\n<\/div>\n<\/div>\n<\/div>\n<\/section>\n<section class=\"elementor-section elementor-top-section elementor-element elementor-element-926f82e elementor-section-boxed elementor-section-height-default elementor-section-height-default parallax_section_no qode_elementor_container_no\" data-id=\"926f82e\" data-element_type=\"section\">\n<div class=\"elementor-container elementor-column-gap-default\">\n<div class=\"elementor-column elementor-col-33 elementor-top-column elementor-element elementor-element-f07eb47\" data-id=\"f07eb47\" data-element_type=\"column\">\n<div class=\"elementor-widget-wrap elementor-element-populated\">\n<div class=\"elementor-element elementor-element-7282022 elementor-widget elementor-widget-image\" data-id=\"7282022\" data-element_type=\"widget\" data-widget_type=\"image.default\">\n<div class=\"elementor-widget-container\">\n<div class=\"elementor-image\"><img loading=\"lazy\" decoding=\"async\" class=\"attachment-large size-large\" src=\"https:\/\/usercontent.one\/wp\/www.cltb.be\/wp-content\/uploads\/2022\/09\/P1010093-1024x576.jpg\" sizes=\"auto, (max-width: 1024px) 100vw, 1024px\" srcset=\"https:\/\/usercontent.one\/wp\/www.cltb.be\/wp-content\/uploads\/2022\/09\/P1010093-1024x576.jpg 1024w, https:\/\/usercontent.one\/wp\/www.cltb.be\/wp-content\/uploads\/2022\/09\/P1010093-300x169.jpg 300w, https:\/\/usercontent.one\/wp\/www.cltb.be\/wp-content\/uploads\/2022\/09\/P1010093-768x432.jpg 768w, https:\/\/usercontent.one\/wp\/www.cltb.be\/wp-content\/uploads\/2022\/09\/P1010093-1536x864.jpg 1536w, https:\/\/usercontent.one\/wp\/www.cltb.be\/wp-content\/uploads\/2022\/09\/P1010093-2048x1152.jpg 2048w, https:\/\/usercontent.one\/wp\/www.cltb.be\/wp-content\/uploads\/2022\/09\/P1010093-700x394.jpg 700w, https:\/\/usercontent.one\/wp\/www.cltb.be\/wp-content\/uploads\/2022\/09\/P1010093-539x303.jpg 539w\" alt=\"A grande festa do CLTB\" width=\"1024\" height=\"576\"><\/div>\n<\/div>\n<\/div>\n<\/div>\n<\/div>\n<div class=\"elementor-column elementor-col-66 elementor-top-column elementor-element elementor-element-6458afc\" data-id=\"6458afc\" data-element_type=\"column\">\n<div class=\"elementor-widget-wrap elementor-element-populated\">\n<div class=\"elementor-element elementor-element-1bcec81 elementor-widget elementor-widget-heading\" data-id=\"1bcec81\" data-element_type=\"widget\" data-widget_type=\"heading.default\">\n<div class=\"elementor-widget-container\">\n<h4 class=\"elementor-heading-title elementor-size-default\">Inaugura\u00e7\u00e3o oficial do projeto Ind\u00e9pendance &#8211; Ransfort<\/h4>\n<\/div>\n<\/div>\n<div class=\"elementor-element elementor-element-9cf5f1c elementor-widget elementor-widget-heading\" data-id=\"9cf5f1c\" data-element_type=\"widget\" data-widget_type=\"heading.default\">\n<div class=\"elementor-widget-container\">\n<h6 class=\"elementor-heading-title elementor-size-default\">16H &#8211; RUE DE L&#8217;IND\u00c9PENDANCE 15, 1080 MOLENBEEK<\/h6>\n<\/div>\n<\/div>\n<\/div>\n<\/div>\n<\/div>\n<\/section>\n<section class=\"elementor-section elementor-top-section elementor-element elementor-element-6f80752 elementor-section-boxed elementor-section-height-default elementor-section-height-default parallax_section_no qode_elementor_container_no\" data-id=\"6f80752\" data-element_type=\"section\">\n<div class=\"elementor-container elementor-column-gap-default\">\n<div class=\"elementor-column elementor-col-33 elementor-top-column elementor-element elementor-element-2e4f287\" data-id=\"2e4f287\" data-element_type=\"column\">\n<div class=\"elementor-widget-wrap elementor-element-populated\">\n<div class=\"elementor-element elementor-element-e78c3a7 elementor-widget elementor-widget-image\" data-id=\"e78c3a7\" data-element_type=\"widget\" data-widget_type=\"image.default\">\n<div class=\"elementor-widget-container\">\n<div class=\"elementor-image\"><img loading=\"lazy\" decoding=\"async\" class=\"attachment-large size-large\" src=\"https:\/\/usercontent.one\/wp\/www.cltb.be\/wp-content\/uploads\/2021\/07\/2016_AV-1024x680.jpg\" sizes=\"auto, (max-width: 1024px) 100vw, 1024px\" srcset=\"https:\/\/usercontent.one\/wp\/www.cltb.be\/wp-content\/uploads\/2021\/07\/2016_AV-1024x680.jpg 1024w, https:\/\/usercontent.one\/wp\/www.cltb.be\/wp-content\/uploads\/2021\/07\/2016_AV-300x199.jpg 300w, https:\/\/usercontent.one\/wp\/www.cltb.be\/wp-content\/uploads\/2021\/07\/2016_AV-768x510.jpg 768w, https:\/\/usercontent.one\/wp\/www.cltb.be\/wp-content\/uploads\/2021\/07\/2016_AV-1536x1020.jpg 1536w, https:\/\/usercontent.one\/wp\/www.cltb.be\/wp-content\/uploads\/2021\/07\/2016_AV-2048x1360.jpg 2048w, https:\/\/usercontent.one\/wp\/www.cltb.be\/wp-content\/uploads\/2021\/07\/2016_AV-700x465.jpg 700w\" alt=\"\" width=\"1024\" height=\"680\"><\/div>\n<\/div>\n<\/div>\n<\/div>\n<\/div>\n<div class=\"elementor-column elementor-col-66 elementor-top-column elementor-element elementor-element-3b28953\" data-id=\"3b28953\" data-element_type=\"column\">\n<div class=\"elementor-widget-wrap elementor-element-populated\">\n<div class=\"elementor-element elementor-element-8e42cf5 elementor-widget elementor-widget-heading\" data-id=\"8e42cf5\" data-element_type=\"widget\" data-widget_type=\"heading.default\">\n<div class=\"elementor-widget-container\">\n<h4 class=\"elementor-heading-title elementor-size-default\">Encontro com os CLTs de Burlington e de Porto Rico<\/h4>\n<\/div>\n<\/div>\n<div class=\"elementor-element elementor-element-11c1987 elementor-widget elementor-widget-heading\" data-id=\"11c1987\" data-element_type=\"widget\" data-widget_type=\"heading.default\">\n<div class=\"elementor-widget-container\">\n<h6 class=\"elementor-heading-title elementor-size-default\">16H30-18H &#8211; BEL MUNDO<\/h6>\n<\/div>\n<\/div>\n<div class=\"elementor-element elementor-element-bc926fa elementor-widget elementor-widget-text-editor\" data-id=\"bc926fa\" data-element_type=\"widget\" data-widget_type=\"text-editor.default\">\n<div class=\"elementor-widget-container\">\n<div class=\"elementor-text-editor elementor-clearfix\">\n<p>Na presen\u00e7a de Brenda Torpy (CLT de Burlington) e Mariolga Juli\u00e1 Pacheco (CLT de Porto Rico).<\/p>\n<\/div>\n<\/div>\n<\/div>\n<\/div>\n<\/div>\n<\/div>\n<\/section>\n","protected":false},"excerpt":{"rendered":"<p>A rua da Independ\u00eancia em festa 14H-18H &#8211; RUE DE L&#8217;IND\u00c9PENDANCE 15, 1080 MOLENBEEK Brocante, anima\u00e7\u00f5es de rua com o asbl Remorquables e anima\u00e7\u00f5es para crian\u00e7as. Atividades organizadas por La [&hellip;]<\/p>\n","protected":false},"author":1,"featured_media":0,"comment_status":"open","ping_status":"open","sticky":false,"template":"","format":"standard","meta":{"give_campaign_id":0,"_tec_requires_first_save":true,"_kad_blocks_custom_css":"","_kad_blocks_head_custom_js":"","_kad_blocks_body_custom_js":"","_kad_blocks_footer_custom_js":"","_EventAllDay":false,"_EventTimezone":"","_EventStartDate":"","_EventEndDate":"","_EventStartDateUTC":"","_EventEndDateUTC":"","_EventShowMap":false,"_EventShowMapLink":false,"_EventURL":"","_EventCost":"","_EventCostDescription":"","_EventCurrencySymbol":"","_EventCurrencyCode":"","_EventCurrencyPosition":"","_EventDateTimeSeparator":"","_EventTimeRangeSeparator":"","_EventOrganizerID":[],"_EventVenueID":[],"_OrganizerEmail":"","_OrganizerPhone":"","_OrganizerWebsite":"","_VenueAddress":"","_VenueCity":"","_VenueCountry":"","_VenueProvince":"","_VenueState":"","_VenueZip":"","_VenuePhone":"","_VenueURL":"","_VenueStateProvince":"","_VenueLat":"","_VenueLng":"","_VenueShowMap":false,"_VenueShowMapLink":false,"_tribe_blocks_recurrence_rules":"","_tribe_blocks_recurrence_description":"","_tribe_blocks_recurrence_exclusions":"","_jetpack_memberships_contains_paid_content":false,"footnotes":""},"categories":[27],"tags":[],"class_list":["post-6582","post","type-post","status-publish","format-standard","hentry","category-nao-categorizado"],"blocksy_meta":[],"yoast_head":"<!-- This site is optimized with the Yoast SEO Premium plugin v27.4 (Yoast SEO v27.5) - https:\/\/yoast.com\/product\/yoast-seo-premium-wordpress\/ -->\n<title>A grande festa do CLTB - International Center for Community Land Trusts<\/title>\n<meta name=\"robots\" content=\"index, follow, max-snippet:-1, max-image-preview:large, max-video-preview:-1\" \/>\n<link rel=\"canonical\" href=\"https:\/\/www.cltweb.org\/pt-br\/2022\/10\/21\/a-grande-festa-do-cltb\/\" \/>\n<meta property=\"og:locale\" content=\"pt_BR\" \/>\n<meta property=\"og:type\" content=\"article\" \/>\n<meta property=\"og:title\" content=\"A grande festa do CLTB\" \/>\n<meta property=\"og:description\" content=\"A rua da Independ\u00eancia em festa 14H-18H &#8211; RUE DE L&#8217;IND\u00c9PENDANCE 15, 1080 MOLENBEEK Brocante, anima\u00e7\u00f5es de rua com o asbl Remorquables e anima\u00e7\u00f5es para crian\u00e7as. Atividades organizadas por La [&hellip;]\" \/>\n<meta property=\"og:url\" content=\"https:\/\/www.cltweb.org\/pt-br\/2022\/10\/21\/a-grande-festa-do-cltb\/\" \/>\n<meta property=\"og:site_name\" content=\"International Center for Community Land Trusts\" \/>\n<meta property=\"article:publisher\" content=\"https:\/\/www.facebook.com\/cltcenter\" \/>\n<meta property=\"article:published_time\" content=\"2022-10-21T00:00:00+00:00\" \/>\n<meta property=\"og:image\" content=\"https:\/\/usercontent.one\/wp\/www.cltb.be\/wp-content\/uploads\/2022\/09\/Bazar-Festival-Print-02-1024x683.jpg\" \/>\n<meta name=\"author\" content=\"cltredesign_0jp0l4\" \/>\n<meta name=\"twitter:card\" content=\"summary_large_image\" \/>\n<meta name=\"twitter:creator\" content=\"@Center4CLTs\" \/>\n<meta name=\"twitter:site\" content=\"@Center4CLTs\" \/>\n<meta name=\"twitter:label1\" content=\"Escrito por\" \/>\n\t<meta name=\"twitter:data1\" content=\"cltredesign_0jp0l4\" \/>\n\t<meta name=\"twitter:label2\" content=\"Est. tempo de leitura\" \/>\n\t<meta name=\"twitter:data2\" content=\"1 minuto\" \/>\n<script type=\"application\/ld+json\" class=\"yoast-schema-graph\">{\"@context\":\"https:\\\/\\\/schema.org\",\"@graph\":[{\"@type\":\"Article\",\"@id\":\"https:\\\/\\\/www.cltweb.org\\\/pt-br\\\/2022\\\/10\\\/21\\\/a-grande-festa-do-cltb\\\/#article\",\"isPartOf\":{\"@id\":\"https:\\\/\\\/www.cltweb.org\\\/pt-br\\\/2022\\\/10\\\/21\\\/a-grande-festa-do-cltb\\\/\"},\"author\":{\"name\":\"cltredesign_0jp0l4\",\"@id\":\"https:\\\/\\\/www.cltweb.org\\\/pt-br\\\/#\\\/schema\\\/person\\\/afd3723291b60b81c27772953e5b49d6\"},\"headline\":\"A grande festa do CLTB\",\"datePublished\":\"2022-10-21T00:00:00+00:00\",\"mainEntityOfPage\":{\"@id\":\"https:\\\/\\\/www.cltweb.org\\\/pt-br\\\/2022\\\/10\\\/21\\\/a-grande-festa-do-cltb\\\/\"},\"wordCount\":229,\"commentCount\":0,\"publisher\":{\"@id\":\"https:\\\/\\\/www.cltweb.org\\\/pt-br\\\/#organization\"},\"image\":{\"@id\":\"https:\\\/\\\/www.cltweb.org\\\/pt-br\\\/2022\\\/10\\\/21\\\/a-grande-festa-do-cltb\\\/#primaryimage\"},\"thumbnailUrl\":\"https:\\\/\\\/usercontent.one\\\/wp\\\/www.cltb.be\\\/wp-content\\\/uploads\\\/2022\\\/09\\\/Bazar-Festival-Print-02-1024x683.jpg\",\"articleSection\":[\"N\u00e3o categorizado\"],\"inLanguage\":\"pt-BR\",\"potentialAction\":[{\"@type\":\"CommentAction\",\"name\":\"Comment\",\"target\":[\"https:\\\/\\\/www.cltweb.org\\\/pt-br\\\/2022\\\/10\\\/21\\\/a-grande-festa-do-cltb\\\/#respond\"]}]},{\"@type\":\"WebPage\",\"@id\":\"https:\\\/\\\/www.cltweb.org\\\/pt-br\\\/2022\\\/10\\\/21\\\/a-grande-festa-do-cltb\\\/\",\"url\":\"https:\\\/\\\/www.cltweb.org\\\/pt-br\\\/2022\\\/10\\\/21\\\/a-grande-festa-do-cltb\\\/\",\"name\":\"A grande festa do CLTB - International Center for Community Land Trusts\",\"isPartOf\":{\"@id\":\"https:\\\/\\\/www.cltweb.org\\\/pt-br\\\/#website\"},\"primaryImageOfPage\":{\"@id\":\"https:\\\/\\\/www.cltweb.org\\\/pt-br\\\/2022\\\/10\\\/21\\\/a-grande-festa-do-cltb\\\/#primaryimage\"},\"image\":{\"@id\":\"https:\\\/\\\/www.cltweb.org\\\/pt-br\\\/2022\\\/10\\\/21\\\/a-grande-festa-do-cltb\\\/#primaryimage\"},\"thumbnailUrl\":\"https:\\\/\\\/usercontent.one\\\/wp\\\/www.cltb.be\\\/wp-content\\\/uploads\\\/2022\\\/09\\\/Bazar-Festival-Print-02-1024x683.jpg\",\"datePublished\":\"2022-10-21T00:00:00+00:00\",\"breadcrumb\":{\"@id\":\"https:\\\/\\\/www.cltweb.org\\\/pt-br\\\/2022\\\/10\\\/21\\\/a-grande-festa-do-cltb\\\/#breadcrumb\"},\"inLanguage\":\"pt-BR\",\"potentialAction\":[{\"@type\":\"ReadAction\",\"target\":[\"https:\\\/\\\/www.cltweb.org\\\/pt-br\\\/2022\\\/10\\\/21\\\/a-grande-festa-do-cltb\\\/\"]}]},{\"@type\":\"ImageObject\",\"inLanguage\":\"pt-BR\",\"@id\":\"https:\\\/\\\/www.cltweb.org\\\/pt-br\\\/2022\\\/10\\\/21\\\/a-grande-festa-do-cltb\\\/#primaryimage\",\"url\":\"https:\\\/\\\/usercontent.one\\\/wp\\\/www.cltb.be\\\/wp-content\\\/uploads\\\/2022\\\/09\\\/Bazar-Festival-Print-02-1024x683.jpg\",\"contentUrl\":\"https:\\\/\\\/usercontent.one\\\/wp\\\/www.cltb.be\\\/wp-content\\\/uploads\\\/2022\\\/09\\\/Bazar-Festival-Print-02-1024x683.jpg\"},{\"@type\":\"BreadcrumbList\",\"@id\":\"https:\\\/\\\/www.cltweb.org\\\/pt-br\\\/2022\\\/10\\\/21\\\/a-grande-festa-do-cltb\\\/#breadcrumb\",\"itemListElement\":[{\"@type\":\"ListItem\",\"position\":1,\"name\":\"Home\",\"item\":\"https:\\\/\\\/www.cltweb.org\\\/pt-br\\\/\"},{\"@type\":\"ListItem\",\"position\":2,\"name\":\"A grande festa do CLTB\"}]},{\"@type\":\"WebSite\",\"@id\":\"https:\\\/\\\/www.cltweb.org\\\/pt-br\\\/#website\",\"url\":\"https:\\\/\\\/www.cltweb.org\\\/pt-br\\\/\",\"name\":\"International Center for Community Land Trusts\",\"description\":\"\",\"publisher\":{\"@id\":\"https:\\\/\\\/www.cltweb.org\\\/pt-br\\\/#organization\"},\"potentialAction\":[{\"@type\":\"SearchAction\",\"target\":{\"@type\":\"EntryPoint\",\"urlTemplate\":\"https:\\\/\\\/www.cltweb.org\\\/pt-br\\\/?s={search_term_string}\"},\"query-input\":{\"@type\":\"PropertyValueSpecification\",\"valueRequired\":true,\"valueName\":\"search_term_string\"}}],\"inLanguage\":\"pt-BR\"},{\"@type\":\"Organization\",\"@id\":\"https:\\\/\\\/www.cltweb.org\\\/pt-br\\\/#organization\",\"name\":\"International Center for Community Land Trusts\",\"url\":\"https:\\\/\\\/www.cltweb.org\\\/pt-br\\\/\",\"logo\":{\"@type\":\"ImageObject\",\"inLanguage\":\"pt-BR\",\"@id\":\"https:\\\/\\\/www.cltweb.org\\\/pt-br\\\/#\\\/schema\\\/logo\\\/image\\\/\",\"url\":\"https:\\\/\\\/www.cltweb.org\\\/wp-content\\\/uploads\\\/2024\\\/11\\\/New-CLT-Center-Text-logo.png\",\"contentUrl\":\"https:\\\/\\\/www.cltweb.org\\\/wp-content\\\/uploads\\\/2024\\\/11\\\/New-CLT-Center-Text-logo.png\",\"width\":227,\"height\":80,\"caption\":\"International Center for Community Land Trusts\"},\"image\":{\"@id\":\"https:\\\/\\\/www.cltweb.org\\\/pt-br\\\/#\\\/schema\\\/logo\\\/image\\\/\"},\"sameAs\":[\"https:\\\/\\\/www.facebook.com\\\/cltcenter\",\"https:\\\/\\\/x.com\\\/Center4CLTs\",\"https:\\\/\\\/www.instagram.com\\\/cltcenter\\\/\",\"https:\\\/\\\/www.linkedin.com\\\/company\\\/cltcenter\",\"https:\\\/\\\/www.youtube.com\\\/@centerforcltinnovation5313\"],\"description\":\"The International Center for Community Land Trusts is a not-for-profit nongovernmental organization established in 2018 to promote and to support community land trusts and similar strategies of community-led development on community-owned land in countries throughout the world.\",\"email\":\"info@communitylandtrust.net\",\"legalName\":\"International Center for Community Land Trusts\",\"foundingDate\":\"2018-12-01\",\"taxID\":\"84-3858933\",\"numberOfEmployees\":{\"@type\":\"QuantitativeValue\",\"minValue\":\"1\",\"maxValue\":\"10\"}},{\"@type\":\"Person\",\"@id\":\"https:\\\/\\\/www.cltweb.org\\\/pt-br\\\/#\\\/schema\\\/person\\\/afd3723291b60b81c27772953e5b49d6\",\"name\":\"cltredesign_0jp0l4\",\"image\":{\"@type\":\"ImageObject\",\"inLanguage\":\"pt-BR\",\"@id\":\"https:\\\/\\\/secure.gravatar.com\\\/avatar\\\/1012e57596c2454da589d773454d3eb22a64f2ff638e62850caeb654f3affad5?s=96&d=mm&r=g\",\"url\":\"https:\\\/\\\/secure.gravatar.com\\\/avatar\\\/1012e57596c2454da589d773454d3eb22a64f2ff638e62850caeb654f3affad5?s=96&d=mm&r=g\",\"contentUrl\":\"https:\\\/\\\/secure.gravatar.com\\\/avatar\\\/1012e57596c2454da589d773454d3eb22a64f2ff638e62850caeb654f3affad5?s=96&d=mm&r=g\",\"caption\":\"cltredesign_0jp0l4\"},\"sameAs\":[\"https:\\\/\\\/icclt.org\"],\"url\":\"https:\\\/\\\/www.cltweb.org\\\/pt-br\\\/author\\\/cltredesign_0jp0l4\\\/\"}]}<\/script>\n<!-- \/ Yoast SEO Premium plugin. -->","yoast_head_json":{"title":"A grande festa do CLTB - International Center for Community Land Trusts","robots":{"index":"index","follow":"follow","max-snippet":"max-snippet:-1","max-image-preview":"max-image-preview:large","max-video-preview":"max-video-preview:-1"},"canonical":"https:\/\/www.cltweb.org\/pt-br\/2022\/10\/21\/a-grande-festa-do-cltb\/","og_locale":"pt_BR","og_type":"article","og_title":"A grande festa do CLTB","og_description":"A rua da Independ\u00eancia em festa 14H-18H &#8211; RUE DE L&#8217;IND\u00c9PENDANCE 15, 1080 MOLENBEEK Brocante, anima\u00e7\u00f5es de rua com o asbl Remorquables e anima\u00e7\u00f5es para crian\u00e7as. Atividades organizadas por La [&hellip;]","og_url":"https:\/\/www.cltweb.org\/pt-br\/2022\/10\/21\/a-grande-festa-do-cltb\/","og_site_name":"International Center for Community Land Trusts","article_publisher":"https:\/\/www.facebook.com\/cltcenter","article_published_time":"2022-10-21T00:00:00+00:00","og_image":[{"url":"https:\/\/usercontent.one\/wp\/www.cltb.be\/wp-content\/uploads\/2022\/09\/Bazar-Festival-Print-02-1024x683.jpg","type":"","width":"","height":""}],"author":"cltredesign_0jp0l4","twitter_card":"summary_large_image","twitter_creator":"@Center4CLTs","twitter_site":"@Center4CLTs","twitter_misc":{"Escrito por":"cltredesign_0jp0l4","Est. tempo de leitura":"1 minuto"},"schema":{"@context":"https:\/\/schema.org","@graph":[{"@type":"Article","@id":"https:\/\/www.cltweb.org\/pt-br\/2022\/10\/21\/a-grande-festa-do-cltb\/#article","isPartOf":{"@id":"https:\/\/www.cltweb.org\/pt-br\/2022\/10\/21\/a-grande-festa-do-cltb\/"},"author":{"name":"cltredesign_0jp0l4","@id":"https:\/\/www.cltweb.org\/pt-br\/#\/schema\/person\/afd3723291b60b81c27772953e5b49d6"},"headline":"A grande festa do CLTB","datePublished":"2022-10-21T00:00:00+00:00","mainEntityOfPage":{"@id":"https:\/\/www.cltweb.org\/pt-br\/2022\/10\/21\/a-grande-festa-do-cltb\/"},"wordCount":229,"commentCount":0,"publisher":{"@id":"https:\/\/www.cltweb.org\/pt-br\/#organization"},"image":{"@id":"https:\/\/www.cltweb.org\/pt-br\/2022\/10\/21\/a-grande-festa-do-cltb\/#primaryimage"},"thumbnailUrl":"https:\/\/usercontent.one\/wp\/www.cltb.be\/wp-content\/uploads\/2022\/09\/Bazar-Festival-Print-02-1024x683.jpg","articleSection":["N\u00e3o categorizado"],"inLanguage":"pt-BR","potentialAction":[{"@type":"CommentAction","name":"Comment","target":["https:\/\/www.cltweb.org\/pt-br\/2022\/10\/21\/a-grande-festa-do-cltb\/#respond"]}]},{"@type":"WebPage","@id":"https:\/\/www.cltweb.org\/pt-br\/2022\/10\/21\/a-grande-festa-do-cltb\/","url":"https:\/\/www.cltweb.org\/pt-br\/2022\/10\/21\/a-grande-festa-do-cltb\/","name":"A grande festa do CLTB - International Center for Community Land Trusts","isPartOf":{"@id":"https:\/\/www.cltweb.org\/pt-br\/#website"},"primaryImageOfPage":{"@id":"https:\/\/www.cltweb.org\/pt-br\/2022\/10\/21\/a-grande-festa-do-cltb\/#primaryimage"},"image":{"@id":"https:\/\/www.cltweb.org\/pt-br\/2022\/10\/21\/a-grande-festa-do-cltb\/#primaryimage"},"thumbnailUrl":"https:\/\/usercontent.one\/wp\/www.cltb.be\/wp-content\/uploads\/2022\/09\/Bazar-Festival-Print-02-1024x683.jpg","datePublished":"2022-10-21T00:00:00+00:00","breadcrumb":{"@id":"https:\/\/www.cltweb.org\/pt-br\/2022\/10\/21\/a-grande-festa-do-cltb\/#breadcrumb"},"inLanguage":"pt-BR","potentialAction":[{"@type":"ReadAction","target":["https:\/\/www.cltweb.org\/pt-br\/2022\/10\/21\/a-grande-festa-do-cltb\/"]}]},{"@type":"ImageObject","inLanguage":"pt-BR","@id":"https:\/\/www.cltweb.org\/pt-br\/2022\/10\/21\/a-grande-festa-do-cltb\/#primaryimage","url":"https:\/\/usercontent.one\/wp\/www.cltb.be\/wp-content\/uploads\/2022\/09\/Bazar-Festival-Print-02-1024x683.jpg","contentUrl":"https:\/\/usercontent.one\/wp\/www.cltb.be\/wp-content\/uploads\/2022\/09\/Bazar-Festival-Print-02-1024x683.jpg"},{"@type":"BreadcrumbList","@id":"https:\/\/www.cltweb.org\/pt-br\/2022\/10\/21\/a-grande-festa-do-cltb\/#breadcrumb","itemListElement":[{"@type":"ListItem","position":1,"name":"Home","item":"https:\/\/www.cltweb.org\/pt-br\/"},{"@type":"ListItem","position":2,"name":"A grande festa do CLTB"}]},{"@type":"WebSite","@id":"https:\/\/www.cltweb.org\/pt-br\/#website","url":"https:\/\/www.cltweb.org\/pt-br\/","name":"International Center for Community Land Trusts","description":"","publisher":{"@id":"https:\/\/www.cltweb.org\/pt-br\/#organization"},"potentialAction":[{"@type":"SearchAction","target":{"@type":"EntryPoint","urlTemplate":"https:\/\/www.cltweb.org\/pt-br\/?s={search_term_string}"},"query-input":{"@type":"PropertyValueSpecification","valueRequired":true,"valueName":"search_term_string"}}],"inLanguage":"pt-BR"},{"@type":"Organization","@id":"https:\/\/www.cltweb.org\/pt-br\/#organization","name":"International Center for Community Land Trusts","url":"https:\/\/www.cltweb.org\/pt-br\/","logo":{"@type":"ImageObject","inLanguage":"pt-BR","@id":"https:\/\/www.cltweb.org\/pt-br\/#\/schema\/logo\/image\/","url":"https:\/\/www.cltweb.org\/wp-content\/uploads\/2024\/11\/New-CLT-Center-Text-logo.png","contentUrl":"https:\/\/www.cltweb.org\/wp-content\/uploads\/2024\/11\/New-CLT-Center-Text-logo.png","width":227,"height":80,"caption":"International Center for Community Land Trusts"},"image":{"@id":"https:\/\/www.cltweb.org\/pt-br\/#\/schema\/logo\/image\/"},"sameAs":["https:\/\/www.facebook.com\/cltcenter","https:\/\/x.com\/Center4CLTs","https:\/\/www.instagram.com\/cltcenter\/","https:\/\/www.linkedin.com\/company\/cltcenter","https:\/\/www.youtube.com\/@centerforcltinnovation5313"],"description":"The International Center for Community Land Trusts is a not-for-profit nongovernmental organization established in 2018 to promote and to support community land trusts and similar strategies of community-led development on community-owned land in countries throughout the world.","email":"info@communitylandtrust.net","legalName":"International Center for Community Land Trusts","foundingDate":"2018-12-01","taxID":"84-3858933","numberOfEmployees":{"@type":"QuantitativeValue","minValue":"1","maxValue":"10"}},{"@type":"Person","@id":"https:\/\/www.cltweb.org\/pt-br\/#\/schema\/person\/afd3723291b60b81c27772953e5b49d6","name":"cltredesign_0jp0l4","image":{"@type":"ImageObject","inLanguage":"pt-BR","@id":"https:\/\/secure.gravatar.com\/avatar\/1012e57596c2454da589d773454d3eb22a64f2ff638e62850caeb654f3affad5?s=96&d=mm&r=g","url":"https:\/\/secure.gravatar.com\/avatar\/1012e57596c2454da589d773454d3eb22a64f2ff638e62850caeb654f3affad5?s=96&d=mm&r=g","contentUrl":"https:\/\/secure.gravatar.com\/avatar\/1012e57596c2454da589d773454d3eb22a64f2ff638e62850caeb654f3affad5?s=96&d=mm&r=g","caption":"cltredesign_0jp0l4"},"sameAs":["https:\/\/icclt.org"],"url":"https:\/\/www.cltweb.org\/pt-br\/author\/cltredesign_0jp0l4\/"}]}},"taxonomy_info":{"category":[{"value":27,"label":"N\u00e3o categorizado"}]},"featured_image_src_large":false,"author_info":{"display_name":"cltredesign_0jp0l4","author_link":"https:\/\/www.cltweb.org\/pt-br\/author\/cltredesign_0jp0l4\/"},"comment_info":0,"category_info":[{"term_id":27,"name":"N\u00e3o categorizado","slug":"nao-categorizado","term_group":0,"term_taxonomy_id":27,"taxonomy":"category","description":"","parent":0,"count":20,"filter":"raw","cat_ID":27,"category_count":20,"category_description":"","cat_name":"N\u00e3o categorizado","category_nicename":"nao-categorizado","category_parent":0}],"tag_info":false,"jetpack_featured_media_url":"","jetpack_sharing_enabled":true,"jetpack-related-posts":[{"id":6598,"url":"https:\/\/www.cltweb.org\/pt-br\/2022\/10\/11\/tirando-terrenos-do-mercado-para-tornar-a-cidade-acessivel\/","url_meta":{"origin":6582,"position":0},"title":"Tirando terrenos do mercado para tornar a cidade acess\u00edvel","author":"cltredesign_0jp0l4","date":"11 de outubro de 2022","format":false,"excerpt":"Ser\u00e1 que uma solu\u00e7\u00e3o para a crise habitacional n\u00e3o poderia ser retirar as moradias e os terrenos do mercado, para que n\u00e3o possam ser especulados e permane\u00e7am acess\u00edveis para sempre? Os Community Land Trusts j\u00e1 est\u00e3o fazendo isso em cidades de todo o mundo. Como isso pode ser ampliado? Qual\u2026","rel":"","context":"Em &quot;N\u00e3o categorizado&quot;","block_context":{"text":"N\u00e3o categorizado","link":"https:\/\/www.cltweb.org\/pt-br\/category\/nao-categorizado\/"},"img":{"alt_text":"Logotipo CLTB","src":"https:\/\/i0.wp.com\/www.cltweb.org\/wp-content\/uploads\/2022\/10\/CLTB_Logo-1024x660.png?resize=350%2C200&ssl=1","width":350,"height":200},"classes":[]},{"id":7238,"url":"https:\/\/www.cltweb.org\/pt-br\/2024\/09\/10\/os-clts-podem-desempenhar-um-papel-na-politica-climatica\/","url_meta":{"origin":6582,"position":1},"title":"Os CLTs podem desempenhar um papel na pol\u00edtica clim\u00e1tica?","author":"cltredesign_0jp0l4","date":"10 de setembro de 2024","format":false,"excerpt":"A contribui\u00e7\u00e3o a seguir foi escrita por Geert De Pauw, Co-Coordenador do Community Land Trust Brussels, como uma contribui\u00e7\u00e3o para o pr\u00f3ximo webinar sobre \"Using CLTs to Deliver Energy Renovation and Permanent Affordability to Existing Housing\" (Usando CLTs para fornecer renova\u00e7\u00e3o de energia e acessibilidade permanente a moradias existentes), em\u2026","rel":"","context":"Em &quot;Blogs&quot;","block_context":{"text":"Blogs","link":"https:\/\/www.cltweb.org\/pt-br\/category\/blogs-pt-br\/"},"img":{"alt_text":"","src":"","width":0,"height":0},"classes":[]},{"id":6566,"url":"https:\/\/www.cltweb.org\/pt-br\/2024\/10\/21\/painel-de-discussao-sobre-o-uso-de-clts-para-fornecer-renovacao-de-energia-e-acessibilidade-permanente-as-moradias-existentes\/","url_meta":{"origin":6582,"position":2},"title":"Painel de discuss\u00e3o sobre o uso de CLTs para fornecer renova\u00e7\u00e3o de energia e acessibilidade permanente \u00e0s moradias existentes","author":"Ben Harris","date":"21 de outubro de 2024","format":false,"excerpt":"GRAVA\u00c7\u00c3O DO WEBINAR TRANSCRI\u00c7\u00c3O EM INGL\u00caS E FRANC\u00caS DESCRI\u00c7\u00c3O DO WEBINAR Na sequ\u00eancia do webinar de setembro, reunimos os apresentadores dos webinars anteriores para um painel de discuss\u00e3o de uma hora de dura\u00e7\u00e3o, no qual continuamos a desenvolver os estudos de caso do m\u00eas anterior, trabalhando com propriet\u00e1rios n\u00e3o CLT\u2026","rel":"","context":"Em &quot;N\u00e3o categorizado&quot;","block_context":{"text":"N\u00e3o categorizado","link":"https:\/\/www.cltweb.org\/pt-br\/category\/nao-categorizado\/"},"img":{"alt_text":"Jeanne Mosseray","src":"https:\/\/i0.wp.com\/www.cltweb.org\/wp-content\/uploads\/2024\/08\/jeanne_mosseray-254x300.jpg?resize=350%2C200&ssl=1","width":350,"height":200},"classes":[]},{"id":6576,"url":"https:\/\/www.cltweb.org\/pt-br\/2022\/10\/21\/workshop-e-jahresfeier-stadtbodenstiftung-berlin\/","url_meta":{"origin":6582,"position":3},"title":"Workshop e Jahresfeier Stadtbodenstiftung Berlin","author":"cltredesign_0jp0l4","date":"21 de outubro de 2022","format":false,"excerpt":"Voc\u00ea est\u00e1 na primeira edi\u00e7\u00e3o do Jahresfeier der Stadtbodenstiftung em Berlim. Na sexta-feira, das 16:00 \u00e0s 17:30 horas, voc\u00ea participar\u00e1 de um workshop informativo sobre o Comit\u00ea da Funda\u00e7\u00e3o. Voc\u00ea pode usar o lema deste ano da Welt-CLT-Tags - Community Matters - como refer\u00eancia, para que possamos conversar com os\u2026","rel":"","context":"Em &quot;N\u00e3o categorizado&quot;","block_context":{"text":"N\u00e3o categorizado","link":"https:\/\/www.cltweb.org\/pt-br\/category\/nao-categorizado\/"},"img":{"alt_text":"Logotipo da Stadtbodenstiftung","src":"https:\/\/i0.wp.com\/www.cltweb.org\/wp-content\/uploads\/2022\/10\/Berlin-CLT-Logo-300x300.png?resize=350%2C200&ssl=1","width":350,"height":200},"classes":[]},{"id":6588,"url":"https:\/\/www.cltweb.org\/pt-br\/2022\/10\/12\/o-impacto-do-modelo-clt-leitura-de-experiencias-de-sucesso-internacional\/","url_meta":{"origin":6582,"position":4},"title":"O impacto do modelo CLT &#8211; leitura de experi\u00eancias de sucesso internacional","author":"cltredesign_0jp0l4","date":"12 de outubro de 2022","format":false,"excerpt":"Voc\u00ea pode ver as diversas abordagens que existem para o modelo CLT. Na \u00faltima semana, voc\u00ea estava em contato com os CLTs belgas. A partir de agora, voc\u00ea pode come\u00e7ar a trabalhar com os grupos de terra e encontrar grandes divulgadores internacionais no programa para licenciar o modelo CLT com\u2026","rel":"","context":"Em &quot;N\u00e3o categorizado&quot;","block_context":{"text":"N\u00e3o categorizado","link":"https:\/\/www.cltweb.org\/pt-br\/category\/nao-categorizado\/"},"img":{"alt_text":"","src":"","width":0,"height":0},"classes":[]},{"id":6584,"url":"https:\/\/www.cltweb.org\/fr\/2022\/10\/21\/la-grande-fete-du-cltb\/","url_meta":{"origin":6582,"position":5},"title":"La grande f\u00eate du CLTB","author":"cltredesign_0jp0l4","date":"21 de outubro de 2022","format":false,"excerpt":"La rue de l'Ind\u00e9pendance en f\u00eate 14H-18H - RUE DE L'IND\u00c9PENDANCE 15, 1080 MOLENBEEK Brocante, animations de rue avec l'asbl Remorquables et animations pour les enfants. Activit\u00e9s organis\u00e9es par La Rue asbl et les habitants. Balades guid\u00e9es \u00e0 pied ou \u00e0 v\u00e9lo 14H - D\u00c9PART ET ARRIV\u00c9E RUE DE L'IND\u00c9PENDANCE\u2026","rel":"","context":"Em &quot;Non classifi\u00e9(e)&quot;","block_context":{"text":"Non classifi\u00e9(e)","link":"https:\/\/www.cltweb.org\/fr\/category\/non-classifiee\/"},"img":{"alt_text":"","src":"https:\/\/i0.wp.com\/usercontent.one\/wp\/www.cltb.be\/wp-content\/uploads\/2022\/09\/Bazar-Festival-Print-02-1024x683.jpg?resize=350%2C200&ssl=1","width":350,"height":200,"srcset":"https:\/\/i0.wp.com\/usercontent.one\/wp\/www.cltb.be\/wp-content\/uploads\/2022\/09\/Bazar-Festival-Print-02-1024x683.jpg?resize=350%2C200&ssl=1 1x, https:\/\/i0.wp.com\/usercontent.one\/wp\/www.cltb.be\/wp-content\/uploads\/2022\/09\/Bazar-Festival-Print-02-1024x683.jpg?resize=525%2C300&ssl=1 1.5x, https:\/\/i0.wp.com\/usercontent.one\/wp\/www.cltb.be\/wp-content\/uploads\/2022\/09\/Bazar-Festival-Print-02-1024x683.jpg?resize=700%2C400&ssl=1 2x"},"classes":[]}],"_links":{"self":[{"href":"https:\/\/www.cltweb.org\/pt-br\/wp-json\/wp\/v2\/posts\/6582","targetHints":{"allow":["GET"]}}],"collection":[{"href":"https:\/\/www.cltweb.org\/pt-br\/wp-json\/wp\/v2\/posts"}],"about":[{"href":"https:\/\/www.cltweb.org\/pt-br\/wp-json\/wp\/v2\/types\/post"}],"author":[{"embeddable":true,"href":"https:\/\/www.cltweb.org\/pt-br\/wp-json\/wp\/v2\/users\/1"}],"replies":[{"embeddable":true,"href":"https:\/\/www.cltweb.org\/pt-br\/wp-json\/wp\/v2\/comments?post=6582"}],"version-history":[{"count":0,"href":"https:\/\/www.cltweb.org\/pt-br\/wp-json\/wp\/v2\/posts\/6582\/revisions"}],"wp:attachment":[{"href":"https:\/\/www.cltweb.org\/pt-br\/wp-json\/wp\/v2\/media?parent=6582"}],"wp:term":[{"taxonomy":"category","embeddable":true,"href":"https:\/\/www.cltweb.org\/pt-br\/wp-json\/wp\/v2\/categories?post=6582"},{"taxonomy":"post_tag","embeddable":true,"href":"https:\/\/www.cltweb.org\/pt-br\/wp-json\/wp\/v2\/tags?post=6582"}],"curies":[{"name":"wp","href":"https:\/\/api.w.org\/{rel}","templated":true}]}}