{"id":6595,"date":"2022-10-11T00:00:00","date_gmt":"2022-10-11T00:00:00","guid":{"rendered":"https:\/\/www.cltweb.org\/2022\/10\/11\/evento-no-clt-center-lancamento-do-livro-community-matters\/"},"modified":"2022-10-11T00:00:00","modified_gmt":"2022-10-11T00:00:00","slug":"evento-no-clt-center-lancamento-do-livro-community-matters","status":"publish","type":"post","link":"https:\/\/www.cltweb.org\/pt-br\/2022\/10\/11\/evento-no-clt-center-lancamento-do-livro-community-matters\/","title":{"rendered":"EVENTO NO CLT CENTER: Lan\u00e7amento do livro <i>Community Matters<\/i>"},"content":{"rendered":"<p>[table id=&#8221;1&#8243; \/]<br \/>\n<a href=\"https:\/\/www.cltweb.org\/terra-nostra-press\/community-matters\/\"><img loading=\"lazy\" decoding=\"async\" class=\"alignright wp-image-6365\" src=\"https:\/\/www.cltweb.org\/wp-content\/uploads\/2022\/09\/Community-Matters-final-book-cover-062822-683x1024.jpeg\" alt=\"Capa do livro Community Matters\" width=\"252\" height=\"378\"><\/a><\/p>\n<p><strong>Junte-se a n\u00f3s para comemorar a publica\u00e7\u00e3o do mais recente livro da Terra Nostra Press, <em>Community Matters<\/em>.<\/strong> Este webinar reunir\u00e1 profissionais de CLT de Boston, Bruxelas, Londres, Houston e San Juan, cujas perspectivas sobre organiza\u00e7\u00e3o comunit\u00e1ria e envolvimento dos residentes s\u00e3o apresentadas no livro. Esses profissionais refletir\u00e3o sobre as perguntas feitas pelo editor do livro, John Emmeus Davis. Os participantes do webinar ser\u00e3o convidados a fazer suas pr\u00f3prias perguntas em uma breve sess\u00e3o de perguntas e respostas moderada por Theresa Williamson, autora do cap\u00edtulo final do livro.  <\/p>\n<p><em><strong>Este webinar ser\u00e1 oferecido com tradu\u00e7\u00e3o simult\u00e2nea em ingl\u00eas e espanhol.<\/strong><\/em><\/p>\n<p>Os seguintes organizadores comunit\u00e1rios (e as pessoas que os entrevistaram para o livro) ser\u00e3o apresentados como parte desse webinar:<\/p>\n<ul>\n<li><strong>Ca\u00f1o Mart\u00edn Pe\u00f1a CLT:<\/strong> Mariolga Juli\u00e1 Pacheco e a entrevistadora Line Algoed,<\/li>\n<li><strong>CLT Bruxelas: <\/strong>Geert De Pauw e o entrevistador Dave Smith,<\/li>\n<li><strong>Dudley Neighbors Inc: <\/strong>Tony Hernandez, Jason Webb e a entrevistadora Mar\u00eda Hern\u00e1ndez Torrales,<\/li>\n<li><strong>Houston CLT: <\/strong>Ashley Allen e o entrevistador John Davis,<\/li>\n<li><strong>CLT de Londres:<\/strong> Razia Khanom, Dave Smith e o entrevistador Greg Rosenberg.<\/li>\n<\/ul>\n<h3>Descri\u00e7\u00e3o do livro<\/h3>\n<p><strong><em>A comunidade \u00e9 importante: Conversas com profissionais reflexivos sobre o valor e a variedade do envolvimento dos residentes em Community Land Trusts<\/em><\/strong> \u00e9 o primeiro de nossa s\u00e9rie de publica\u00e7\u00f5es de entrevistas com os principais profissionais de CLT de todo o mundo.<\/p>\n<p>Os Community land trusts (CLTs) se distinguem de muitos outros desenvolvedores de moradias sem fins lucrativos pelo grau em que os residentes dos locais atendidos por um CLT s\u00e3o integrados \u00e0 cultura, \u00e0 estrutura e \u00e0 opera\u00e7\u00e3o da pr\u00f3pria organiza\u00e7\u00e3o. Esse elemento participativo &#8211; o &#8220;C&#8221; do CLT &#8211; \u00e9 t\u00e3o importante para o que um CLT \u00e9 e faz quanto sua abordagem diferenciada em rela\u00e7\u00e3o \u00e0 propriedade da terra e \u00e0 administra\u00e7\u00e3o de moradias. Os profissionais apresentados neste volume resumem a persist\u00eancia desse compromisso com a comunidade &#8211; e sua complexidade. Trabalhando com CLTs em Boston, Bruxelas, Houston, Londres e San Juan, eles defenderam uma variedade de estrat\u00e9gias para dar aos residentes uma voz ativa no planejamento e desenvolvimento. Eles tamb\u00e9m mudaram as estrat\u00e9gias quando necess\u00e1rio. As hist\u00f3rias desses profissionais experientes exploram os porqu\u00eas e as formas de manter a &#8220;comunidade&#8221; viva em organiza\u00e7\u00f5es como as deles. Elas oferecem uma aula virtual de mestre em envolvimento resiliente dos residentes. <\/p>\n","protected":false},"excerpt":{"rendered":"<p>Junte-se a n\u00f3s para comemorar a publica\u00e7\u00e3o do mais recente livro da Terra Nostra Press, Community Matters. Este webinar reunir\u00e1 profissionais de CLT de Boston, Bruxelas, Londres, Houston e San Juan, cujas perspectivas sobre organiza\u00e7\u00e3o comunit\u00e1ria e envolvimento dos residentes s\u00e3o apresentadas no livro. <\/p>\n","protected":false},"author":1,"featured_media":0,"comment_status":"open","ping_status":"open","sticky":false,"template":"","format":"standard","meta":{"give_campaign_id":0,"_tec_requires_first_save":true,"_kad_blocks_custom_css":"","_kad_blocks_head_custom_js":"","_kad_blocks_body_custom_js":"","_kad_blocks_footer_custom_js":"","_EventAllDay":false,"_EventTimezone":"","_EventStartDate":"","_EventEndDate":"","_EventStartDateUTC":"","_EventEndDateUTC":"","_EventShowMap":false,"_EventShowMapLink":false,"_EventURL":"","_EventCost":"","_EventCostDescription":"","_EventCurrencySymbol":"","_EventCurrencyCode":"","_EventCurrencyPosition":"","_EventDateTimeSeparator":"","_EventTimeRangeSeparator":"","_EventOrganizerID":[],"_EventVenueID":[],"_OrganizerEmail":"","_OrganizerPhone":"","_OrganizerWebsite":"","_VenueAddress":"","_VenueCity":"","_VenueCountry":"","_VenueProvince":"","_VenueState":"","_VenueZip":"","_VenuePhone":"","_VenueURL":"","_VenueStateProvince":"","_VenueLat":"","_VenueLng":"","_VenueShowMap":false,"_VenueShowMapLink":false,"_tribe_blocks_recurrence_rules":"","_tribe_blocks_recurrence_description":"","_tribe_blocks_recurrence_exclusions":"","_jetpack_memberships_contains_paid_content":false,"footnotes":""},"categories":[27],"tags":[],"class_list":["post-6595","post","type-post","status-publish","format-standard","hentry","category-nao-categorizado"],"blocksy_meta":[],"yoast_head":"<!-- This site is optimized with the Yoast SEO Premium plugin v27.5 (Yoast SEO v27.5) - https:\/\/yoast.com\/product\/yoast-seo-premium-wordpress\/ -->\n<title>EVENTO NO CLT CENTER: Lan\u00e7amento do livro Community Matters - International Center for Community Land Trusts<\/title>\n<meta name=\"robots\" content=\"index, follow, max-snippet:-1, max-image-preview:large, max-video-preview:-1\" \/>\n<link rel=\"canonical\" href=\"https:\/\/www.cltweb.org\/pt-br\/2022\/10\/11\/evento-no-clt-center-lancamento-do-livro-community-matters\/\" \/>\n<meta property=\"og:locale\" content=\"pt_BR\" \/>\n<meta property=\"og:type\" content=\"article\" \/>\n<meta property=\"og:title\" content=\"EVENTO NO CLT CENTER: Lan\u00e7amento do livro Community Matters\" \/>\n<meta property=\"og:description\" content=\"Junte-se a n\u00f3s para comemorar a publica\u00e7\u00e3o do mais recente livro da Terra Nostra Press, Community Matters. Este webinar reunir\u00e1 profissionais de CLT de Boston, Bruxelas, Londres, Houston e San Juan, cujas perspectivas sobre organiza\u00e7\u00e3o comunit\u00e1ria e envolvimento dos residentes s\u00e3o apresentadas no livro.\" \/>\n<meta property=\"og:url\" content=\"https:\/\/www.cltweb.org\/pt-br\/2022\/10\/11\/evento-no-clt-center-lancamento-do-livro-community-matters\/\" \/>\n<meta property=\"og:site_name\" content=\"International Center for Community Land Trusts\" \/>\n<meta property=\"article:publisher\" content=\"https:\/\/www.facebook.com\/cltcenter\" \/>\n<meta property=\"article:published_time\" content=\"2022-10-11T00:00:00+00:00\" \/>\n<meta property=\"og:image\" content=\"https:\/\/www.cltweb.org\/wp-content\/uploads\/2024\/10\/logo-placeholder-2-1.png\" \/>\n\t<meta property=\"og:image:width\" content=\"125\" \/>\n\t<meta property=\"og:image:height\" content=\"125\" \/>\n\t<meta property=\"og:image:type\" content=\"image\/png\" \/>\n<meta name=\"author\" content=\"cltredesign_0jp0l4\" \/>\n<meta name=\"twitter:card\" content=\"summary_large_image\" \/>\n<meta name=\"twitter:creator\" content=\"@Center4CLTs\" \/>\n<meta name=\"twitter:site\" content=\"@Center4CLTs\" \/>\n<meta name=\"twitter:label1\" content=\"Escrito por\" \/>\n\t<meta name=\"twitter:data1\" content=\"cltredesign_0jp0l4\" \/>\n\t<meta name=\"twitter:label2\" content=\"Est. tempo de leitura\" \/>\n\t<meta name=\"twitter:data2\" content=\"2 minutos\" \/>\n<script type=\"application\/ld+json\" class=\"yoast-schema-graph\">{\"@context\":\"https:\\\/\\\/schema.org\",\"@graph\":[{\"@type\":\"Article\",\"@id\":\"https:\\\/\\\/www.cltweb.org\\\/pt-br\\\/2022\\\/10\\\/11\\\/evento-no-clt-center-lancamento-do-livro-community-matters\\\/#article\",\"isPartOf\":{\"@id\":\"https:\\\/\\\/www.cltweb.org\\\/pt-br\\\/2022\\\/10\\\/11\\\/evento-no-clt-center-lancamento-do-livro-community-matters\\\/\"},\"author\":{\"name\":\"cltredesign_0jp0l4\",\"@id\":\"https:\\\/\\\/www.cltweb.org\\\/pt-br\\\/#\\\/schema\\\/person\\\/afd3723291b60b81c27772953e5b49d6\"},\"headline\":\"EVENTO NO CLT CENTER: Lan\u00e7amento do livro Community Matters\",\"datePublished\":\"2022-10-11T00:00:00+00:00\",\"mainEntityOfPage\":{\"@id\":\"https:\\\/\\\/www.cltweb.org\\\/pt-br\\\/2022\\\/10\\\/11\\\/evento-no-clt-center-lancamento-do-livro-community-matters\\\/\"},\"wordCount\":419,\"commentCount\":0,\"publisher\":{\"@id\":\"https:\\\/\\\/www.cltweb.org\\\/pt-br\\\/#organization\"},\"image\":{\"@id\":\"https:\\\/\\\/www.cltweb.org\\\/pt-br\\\/2022\\\/10\\\/11\\\/evento-no-clt-center-lancamento-do-livro-community-matters\\\/#primaryimage\"},\"thumbnailUrl\":\"https:\\\/\\\/www.cltweb.org\\\/wp-content\\\/uploads\\\/2022\\\/09\\\/Community-Matters-final-book-cover-062822-683x1024.jpeg\",\"articleSection\":[\"N\u00e3o categorizado\"],\"inLanguage\":\"pt-BR\",\"potentialAction\":[{\"@type\":\"CommentAction\",\"name\":\"Comment\",\"target\":[\"https:\\\/\\\/www.cltweb.org\\\/pt-br\\\/2022\\\/10\\\/11\\\/evento-no-clt-center-lancamento-do-livro-community-matters\\\/#respond\"]}]},{\"@type\":\"WebPage\",\"@id\":\"https:\\\/\\\/www.cltweb.org\\\/pt-br\\\/2022\\\/10\\\/11\\\/evento-no-clt-center-lancamento-do-livro-community-matters\\\/\",\"url\":\"https:\\\/\\\/www.cltweb.org\\\/pt-br\\\/2022\\\/10\\\/11\\\/evento-no-clt-center-lancamento-do-livro-community-matters\\\/\",\"name\":\"EVENTO NO CLT CENTER: Lan\u00e7amento do livro Community Matters - International Center for Community Land Trusts\",\"isPartOf\":{\"@id\":\"https:\\\/\\\/www.cltweb.org\\\/pt-br\\\/#website\"},\"primaryImageOfPage\":{\"@id\":\"https:\\\/\\\/www.cltweb.org\\\/pt-br\\\/2022\\\/10\\\/11\\\/evento-no-clt-center-lancamento-do-livro-community-matters\\\/#primaryimage\"},\"image\":{\"@id\":\"https:\\\/\\\/www.cltweb.org\\\/pt-br\\\/2022\\\/10\\\/11\\\/evento-no-clt-center-lancamento-do-livro-community-matters\\\/#primaryimage\"},\"thumbnailUrl\":\"https:\\\/\\\/www.cltweb.org\\\/wp-content\\\/uploads\\\/2022\\\/09\\\/Community-Matters-final-book-cover-062822-683x1024.jpeg\",\"datePublished\":\"2022-10-11T00:00:00+00:00\",\"breadcrumb\":{\"@id\":\"https:\\\/\\\/www.cltweb.org\\\/pt-br\\\/2022\\\/10\\\/11\\\/evento-no-clt-center-lancamento-do-livro-community-matters\\\/#breadcrumb\"},\"inLanguage\":\"pt-BR\",\"potentialAction\":[{\"@type\":\"ReadAction\",\"target\":[\"https:\\\/\\\/www.cltweb.org\\\/pt-br\\\/2022\\\/10\\\/11\\\/evento-no-clt-center-lancamento-do-livro-community-matters\\\/\"]}]},{\"@type\":\"ImageObject\",\"inLanguage\":\"pt-BR\",\"@id\":\"https:\\\/\\\/www.cltweb.org\\\/pt-br\\\/2022\\\/10\\\/11\\\/evento-no-clt-center-lancamento-do-livro-community-matters\\\/#primaryimage\",\"url\":\"https:\\\/\\\/www.cltweb.org\\\/wp-content\\\/uploads\\\/2022\\\/09\\\/Community-Matters-final-book-cover-062822-683x1024.jpeg\",\"contentUrl\":\"https:\\\/\\\/www.cltweb.org\\\/wp-content\\\/uploads\\\/2022\\\/09\\\/Community-Matters-final-book-cover-062822-683x1024.jpeg\"},{\"@type\":\"BreadcrumbList\",\"@id\":\"https:\\\/\\\/www.cltweb.org\\\/pt-br\\\/2022\\\/10\\\/11\\\/evento-no-clt-center-lancamento-do-livro-community-matters\\\/#breadcrumb\",\"itemListElement\":[{\"@type\":\"ListItem\",\"position\":1,\"name\":\"Home\",\"item\":\"https:\\\/\\\/www.cltweb.org\\\/pt-br\\\/\"},{\"@type\":\"ListItem\",\"position\":2,\"name\":\"EVENTO NO CLT CENTER: Lan\u00e7amento do livro Community Matters\"}]},{\"@type\":\"WebSite\",\"@id\":\"https:\\\/\\\/www.cltweb.org\\\/pt-br\\\/#website\",\"url\":\"https:\\\/\\\/www.cltweb.org\\\/pt-br\\\/\",\"name\":\"International Center for Community Land Trusts\",\"description\":\"\",\"publisher\":{\"@id\":\"https:\\\/\\\/www.cltweb.org\\\/pt-br\\\/#organization\"},\"potentialAction\":[{\"@type\":\"SearchAction\",\"target\":{\"@type\":\"EntryPoint\",\"urlTemplate\":\"https:\\\/\\\/www.cltweb.org\\\/pt-br\\\/?s={search_term_string}\"},\"query-input\":{\"@type\":\"PropertyValueSpecification\",\"valueRequired\":true,\"valueName\":\"search_term_string\"}}],\"inLanguage\":\"pt-BR\"},{\"@type\":\"Organization\",\"@id\":\"https:\\\/\\\/www.cltweb.org\\\/pt-br\\\/#organization\",\"name\":\"International Center for Community Land Trusts\",\"url\":\"https:\\\/\\\/www.cltweb.org\\\/pt-br\\\/\",\"logo\":{\"@type\":\"ImageObject\",\"inLanguage\":\"pt-BR\",\"@id\":\"https:\\\/\\\/www.cltweb.org\\\/pt-br\\\/#\\\/schema\\\/logo\\\/image\\\/\",\"url\":\"https:\\\/\\\/www.cltweb.org\\\/wp-content\\\/uploads\\\/2024\\\/11\\\/New-CLT-Center-Text-logo.png\",\"contentUrl\":\"https:\\\/\\\/www.cltweb.org\\\/wp-content\\\/uploads\\\/2024\\\/11\\\/New-CLT-Center-Text-logo.png\",\"width\":227,\"height\":80,\"caption\":\"International Center for Community Land Trusts\"},\"image\":{\"@id\":\"https:\\\/\\\/www.cltweb.org\\\/pt-br\\\/#\\\/schema\\\/logo\\\/image\\\/\"},\"sameAs\":[\"https:\\\/\\\/www.facebook.com\\\/cltcenter\",\"https:\\\/\\\/x.com\\\/Center4CLTs\",\"https:\\\/\\\/www.instagram.com\\\/cltcenter\\\/\",\"https:\\\/\\\/www.linkedin.com\\\/company\\\/cltcenter\",\"https:\\\/\\\/www.youtube.com\\\/@centerforcltinnovation5313\"],\"description\":\"The International Center for Community Land Trusts is a not-for-profit nongovernmental organization established in 2018 to promote and to support community land trusts and similar strategies of community-led development on community-owned land in countries throughout the world.\",\"email\":\"info@communitylandtrust.net\",\"legalName\":\"International Center for Community Land Trusts\",\"foundingDate\":\"2018-12-01\",\"taxID\":\"84-3858933\",\"numberOfEmployees\":{\"@type\":\"QuantitativeValue\",\"minValue\":\"1\",\"maxValue\":\"10\"}},{\"@type\":\"Person\",\"@id\":\"https:\\\/\\\/www.cltweb.org\\\/pt-br\\\/#\\\/schema\\\/person\\\/afd3723291b60b81c27772953e5b49d6\",\"name\":\"cltredesign_0jp0l4\",\"image\":{\"@type\":\"ImageObject\",\"inLanguage\":\"pt-BR\",\"@id\":\"https:\\\/\\\/secure.gravatar.com\\\/avatar\\\/1012e57596c2454da589d773454d3eb22a64f2ff638e62850caeb654f3affad5?s=96&d=mm&r=g\",\"url\":\"https:\\\/\\\/secure.gravatar.com\\\/avatar\\\/1012e57596c2454da589d773454d3eb22a64f2ff638e62850caeb654f3affad5?s=96&d=mm&r=g\",\"contentUrl\":\"https:\\\/\\\/secure.gravatar.com\\\/avatar\\\/1012e57596c2454da589d773454d3eb22a64f2ff638e62850caeb654f3affad5?s=96&d=mm&r=g\",\"caption\":\"cltredesign_0jp0l4\"},\"sameAs\":[\"https:\\\/\\\/icclt.org\"],\"url\":\"https:\\\/\\\/www.cltweb.org\\\/pt-br\\\/author\\\/cltredesign_0jp0l4\\\/\"}]}<\/script>\n<!-- \/ Yoast SEO Premium plugin. -->","yoast_head_json":{"title":"EVENTO NO CLT CENTER: Lan\u00e7amento do livro Community Matters - International Center for Community Land Trusts","robots":{"index":"index","follow":"follow","max-snippet":"max-snippet:-1","max-image-preview":"max-image-preview:large","max-video-preview":"max-video-preview:-1"},"canonical":"https:\/\/www.cltweb.org\/pt-br\/2022\/10\/11\/evento-no-clt-center-lancamento-do-livro-community-matters\/","og_locale":"pt_BR","og_type":"article","og_title":"EVENTO NO CLT CENTER: Lan\u00e7amento do livro Community Matters","og_description":"Junte-se a n\u00f3s para comemorar a publica\u00e7\u00e3o do mais recente livro da Terra Nostra Press, Community Matters. Este webinar reunir\u00e1 profissionais de CLT de Boston, Bruxelas, Londres, Houston e San Juan, cujas perspectivas sobre organiza\u00e7\u00e3o comunit\u00e1ria e envolvimento dos residentes s\u00e3o apresentadas no livro.","og_url":"https:\/\/www.cltweb.org\/pt-br\/2022\/10\/11\/evento-no-clt-center-lancamento-do-livro-community-matters\/","og_site_name":"International Center for Community Land Trusts","article_publisher":"https:\/\/www.facebook.com\/cltcenter","article_published_time":"2022-10-11T00:00:00+00:00","og_image":[{"width":125,"height":125,"url":"https:\/\/www.cltweb.org\/wp-content\/uploads\/2024\/10\/logo-placeholder-2-1.png","type":"image\/png"}],"author":"cltredesign_0jp0l4","twitter_card":"summary_large_image","twitter_creator":"@Center4CLTs","twitter_site":"@Center4CLTs","twitter_misc":{"Escrito por":"cltredesign_0jp0l4","Est. tempo de leitura":"2 minutos"},"schema":{"@context":"https:\/\/schema.org","@graph":[{"@type":"Article","@id":"https:\/\/www.cltweb.org\/pt-br\/2022\/10\/11\/evento-no-clt-center-lancamento-do-livro-community-matters\/#article","isPartOf":{"@id":"https:\/\/www.cltweb.org\/pt-br\/2022\/10\/11\/evento-no-clt-center-lancamento-do-livro-community-matters\/"},"author":{"name":"cltredesign_0jp0l4","@id":"https:\/\/www.cltweb.org\/pt-br\/#\/schema\/person\/afd3723291b60b81c27772953e5b49d6"},"headline":"EVENTO NO CLT CENTER: Lan\u00e7amento do livro Community Matters","datePublished":"2022-10-11T00:00:00+00:00","mainEntityOfPage":{"@id":"https:\/\/www.cltweb.org\/pt-br\/2022\/10\/11\/evento-no-clt-center-lancamento-do-livro-community-matters\/"},"wordCount":419,"commentCount":0,"publisher":{"@id":"https:\/\/www.cltweb.org\/pt-br\/#organization"},"image":{"@id":"https:\/\/www.cltweb.org\/pt-br\/2022\/10\/11\/evento-no-clt-center-lancamento-do-livro-community-matters\/#primaryimage"},"thumbnailUrl":"https:\/\/www.cltweb.org\/wp-content\/uploads\/2022\/09\/Community-Matters-final-book-cover-062822-683x1024.jpeg","articleSection":["N\u00e3o categorizado"],"inLanguage":"pt-BR","potentialAction":[{"@type":"CommentAction","name":"Comment","target":["https:\/\/www.cltweb.org\/pt-br\/2022\/10\/11\/evento-no-clt-center-lancamento-do-livro-community-matters\/#respond"]}]},{"@type":"WebPage","@id":"https:\/\/www.cltweb.org\/pt-br\/2022\/10\/11\/evento-no-clt-center-lancamento-do-livro-community-matters\/","url":"https:\/\/www.cltweb.org\/pt-br\/2022\/10\/11\/evento-no-clt-center-lancamento-do-livro-community-matters\/","name":"EVENTO NO CLT CENTER: Lan\u00e7amento do livro Community Matters - International Center for Community Land Trusts","isPartOf":{"@id":"https:\/\/www.cltweb.org\/pt-br\/#website"},"primaryImageOfPage":{"@id":"https:\/\/www.cltweb.org\/pt-br\/2022\/10\/11\/evento-no-clt-center-lancamento-do-livro-community-matters\/#primaryimage"},"image":{"@id":"https:\/\/www.cltweb.org\/pt-br\/2022\/10\/11\/evento-no-clt-center-lancamento-do-livro-community-matters\/#primaryimage"},"thumbnailUrl":"https:\/\/www.cltweb.org\/wp-content\/uploads\/2022\/09\/Community-Matters-final-book-cover-062822-683x1024.jpeg","datePublished":"2022-10-11T00:00:00+00:00","breadcrumb":{"@id":"https:\/\/www.cltweb.org\/pt-br\/2022\/10\/11\/evento-no-clt-center-lancamento-do-livro-community-matters\/#breadcrumb"},"inLanguage":"pt-BR","potentialAction":[{"@type":"ReadAction","target":["https:\/\/www.cltweb.org\/pt-br\/2022\/10\/11\/evento-no-clt-center-lancamento-do-livro-community-matters\/"]}]},{"@type":"ImageObject","inLanguage":"pt-BR","@id":"https:\/\/www.cltweb.org\/pt-br\/2022\/10\/11\/evento-no-clt-center-lancamento-do-livro-community-matters\/#primaryimage","url":"https:\/\/www.cltweb.org\/wp-content\/uploads\/2022\/09\/Community-Matters-final-book-cover-062822-683x1024.jpeg","contentUrl":"https:\/\/www.cltweb.org\/wp-content\/uploads\/2022\/09\/Community-Matters-final-book-cover-062822-683x1024.jpeg"},{"@type":"BreadcrumbList","@id":"https:\/\/www.cltweb.org\/pt-br\/2022\/10\/11\/evento-no-clt-center-lancamento-do-livro-community-matters\/#breadcrumb","itemListElement":[{"@type":"ListItem","position":1,"name":"Home","item":"https:\/\/www.cltweb.org\/pt-br\/"},{"@type":"ListItem","position":2,"name":"EVENTO NO CLT CENTER: Lan\u00e7amento do livro Community Matters"}]},{"@type":"WebSite","@id":"https:\/\/www.cltweb.org\/pt-br\/#website","url":"https:\/\/www.cltweb.org\/pt-br\/","name":"International Center for Community Land Trusts","description":"","publisher":{"@id":"https:\/\/www.cltweb.org\/pt-br\/#organization"},"potentialAction":[{"@type":"SearchAction","target":{"@type":"EntryPoint","urlTemplate":"https:\/\/www.cltweb.org\/pt-br\/?s={search_term_string}"},"query-input":{"@type":"PropertyValueSpecification","valueRequired":true,"valueName":"search_term_string"}}],"inLanguage":"pt-BR"},{"@type":"Organization","@id":"https:\/\/www.cltweb.org\/pt-br\/#organization","name":"International Center for Community Land Trusts","url":"https:\/\/www.cltweb.org\/pt-br\/","logo":{"@type":"ImageObject","inLanguage":"pt-BR","@id":"https:\/\/www.cltweb.org\/pt-br\/#\/schema\/logo\/image\/","url":"https:\/\/www.cltweb.org\/wp-content\/uploads\/2024\/11\/New-CLT-Center-Text-logo.png","contentUrl":"https:\/\/www.cltweb.org\/wp-content\/uploads\/2024\/11\/New-CLT-Center-Text-logo.png","width":227,"height":80,"caption":"International Center for Community Land Trusts"},"image":{"@id":"https:\/\/www.cltweb.org\/pt-br\/#\/schema\/logo\/image\/"},"sameAs":["https:\/\/www.facebook.com\/cltcenter","https:\/\/x.com\/Center4CLTs","https:\/\/www.instagram.com\/cltcenter\/","https:\/\/www.linkedin.com\/company\/cltcenter","https:\/\/www.youtube.com\/@centerforcltinnovation5313"],"description":"The International Center for Community Land Trusts is a not-for-profit nongovernmental organization established in 2018 to promote and to support community land trusts and similar strategies of community-led development on community-owned land in countries throughout the world.","email":"info@communitylandtrust.net","legalName":"International Center for Community Land Trusts","foundingDate":"2018-12-01","taxID":"84-3858933","numberOfEmployees":{"@type":"QuantitativeValue","minValue":"1","maxValue":"10"}},{"@type":"Person","@id":"https:\/\/www.cltweb.org\/pt-br\/#\/schema\/person\/afd3723291b60b81c27772953e5b49d6","name":"cltredesign_0jp0l4","image":{"@type":"ImageObject","inLanguage":"pt-BR","@id":"https:\/\/secure.gravatar.com\/avatar\/1012e57596c2454da589d773454d3eb22a64f2ff638e62850caeb654f3affad5?s=96&d=mm&r=g","url":"https:\/\/secure.gravatar.com\/avatar\/1012e57596c2454da589d773454d3eb22a64f2ff638e62850caeb654f3affad5?s=96&d=mm&r=g","contentUrl":"https:\/\/secure.gravatar.com\/avatar\/1012e57596c2454da589d773454d3eb22a64f2ff638e62850caeb654f3affad5?s=96&d=mm&r=g","caption":"cltredesign_0jp0l4"},"sameAs":["https:\/\/icclt.org"],"url":"https:\/\/www.cltweb.org\/pt-br\/author\/cltredesign_0jp0l4\/"}]}},"taxonomy_info":{"category":[{"value":27,"label":"N\u00e3o categorizado"}]},"featured_image_src_large":false,"author_info":{"display_name":"cltredesign_0jp0l4","author_link":"https:\/\/www.cltweb.org\/pt-br\/author\/cltredesign_0jp0l4\/"},"comment_info":0,"category_info":[{"term_id":27,"name":"N\u00e3o categorizado","slug":"nao-categorizado","term_group":0,"term_taxonomy_id":27,"taxonomy":"category","description":"","parent":0,"count":20,"filter":"raw","cat_ID":27,"category_count":20,"category_description":"","cat_name":"N\u00e3o categorizado","category_nicename":"nao-categorizado","category_parent":0}],"tag_info":false,"jetpack_featured_media_url":"","jetpack_sharing_enabled":true,"jetpack-related-posts":[{"id":6597,"url":"https:\/\/www.cltweb.org\/pt-br\/2022\/10\/11\/evento-do-centro-clt-reforma-agraria-na-escocia\/","url_meta":{"origin":6595,"position":0},"title":"EVENTO DO CENTRO CLT: Reforma agr\u00e1ria na Esc\u00f3cia","author":"cltredesign_0jp0l4","date":"11 de outubro de 2022","format":false,"excerpt":"Junte-se a n\u00f3s para uma discuss\u00e3o sobre a Reforma Agr\u00e1ria Escocesa e os v\u00ednculos da agenda da reforma agr\u00e1ria com a habita\u00e7\u00e3o liderada pela comunidade e o empoderamento da comunidade. A sess\u00e3o incluir\u00e1 apresenta\u00e7\u00f5es da Scottish Land Commission, da Community Land Scotland e da Wigtown & Bladnoch Community Initiative, seguidas\u2026","rel":"","context":"Em &quot;N\u00e3o categorizado&quot;","block_context":{"text":"N\u00e3o categorizado","link":"https:\/\/www.cltweb.org\/pt-br\/category\/nao-categorizado\/"},"img":{"alt_text":"Logotipo da SOSCH","src":"https:\/\/i0.wp.com\/www.cltweb.org\/wp-content\/uploads\/2022\/10\/SOSCH-logo.png?resize=350%2C200&ssl=1","width":350,"height":200},"classes":[]},{"id":10897,"url":"https:\/\/www.cltweb.org\/pt-br\/2025\/12\/08\/terra-nostra-press-e-a-memoria-do-movimento-clt\/","url_meta":{"origin":6595,"position":1},"title":"Terra Nostra Press e a mem\u00f3ria do movimento CLT","author":"Ben Harris","date":"8 de dezembro de 2025","format":false,"excerpt":"Esta hist\u00f3ria faz parte de nossa campanha de fim de ano que celebra como o Centro CLT est\u00e1 trabalhando para atender ao movimento global de CLT. Nesta semana, estamos destacando : Terra Nostra Press Todo movimento precisa de mem\u00f3ria. Assim como as terras e as casas que os CLTs administram\u2026","rel":"","context":"Em &quot;N\u00e3o categorizado&quot;","block_context":{"text":"N\u00e3o categorizado","link":"https:\/\/www.cltweb.org\/pt-br\/category\/nao-categorizado\/"},"img":{"alt_text":"","src":"https:\/\/i0.wp.com\/www.cltweb.org\/wp-content\/uploads\/2025\/11\/Land-for-People-Not-for-Profit-Banner.gif?resize=350%2C200&ssl=1","width":350,"height":200,"srcset":"https:\/\/i0.wp.com\/www.cltweb.org\/wp-content\/uploads\/2025\/11\/Land-for-People-Not-for-Profit-Banner.gif?resize=350%2C200&ssl=1 1x, https:\/\/i0.wp.com\/www.cltweb.org\/wp-content\/uploads\/2025\/11\/Land-for-People-Not-for-Profit-Banner.gif?resize=525%2C300&ssl=1 1.5x, https:\/\/i0.wp.com\/www.cltweb.org\/wp-content\/uploads\/2025\/11\/Land-for-People-Not-for-Profit-Banner.gif?resize=700%2C400&ssl=1 2x, https:\/\/i0.wp.com\/www.cltweb.org\/wp-content\/uploads\/2025\/11\/Land-for-People-Not-for-Profit-Banner.gif?resize=1050%2C600&ssl=1 3x, https:\/\/i0.wp.com\/www.cltweb.org\/wp-content\/uploads\/2025\/11\/Land-for-People-Not-for-Profit-Banner.gif?resize=1400%2C800&ssl=1 4x"},"classes":[]},{"id":10685,"url":"https:\/\/www.cltweb.org\/pt-br\/2025\/11\/11\/terra-para-as-pessoas-nao-para-o-lucro-construindo-a-infraestrutura-de-um-movimento-global\/","url_meta":{"origin":6595,"position":2},"title":"Terra para as pessoas, n\u00e3o para o lucro: Construindo a infraestrutura de um movimento global","author":"Ben Harris","date":"11 de novembro de 2025","format":false,"excerpt":"Este ano, o International Center for Community Land Trusts est\u00e1 lan\u00e7ando sua primeira campanha de fim de ano - uma oportunidade de refletir sobre o que estamos construindo juntos e os relacionamentos que tornam esse trabalho poss\u00edvel. Em todo o mundo, os CLTs est\u00e3o provando que outra forma de se\u2026","rel":"","context":"Em &quot;Blogs&quot;","block_context":{"text":"Blogs","link":"https:\/\/www.cltweb.org\/pt-br\/category\/blogs-pt-br\/"},"img":{"alt_text":"","src":"https:\/\/i0.wp.com\/www.cltweb.org\/wp-content\/uploads\/2025\/11\/Land-for-People-Not-For-Profit.gif?resize=350%2C200&ssl=1","width":350,"height":200,"srcset":"https:\/\/i0.wp.com\/www.cltweb.org\/wp-content\/uploads\/2025\/11\/Land-for-People-Not-For-Profit.gif?resize=350%2C200&ssl=1 1x, https:\/\/i0.wp.com\/www.cltweb.org\/wp-content\/uploads\/2025\/11\/Land-for-People-Not-For-Profit.gif?resize=525%2C300&ssl=1 1.5x, https:\/\/i0.wp.com\/www.cltweb.org\/wp-content\/uploads\/2025\/11\/Land-for-People-Not-For-Profit.gif?resize=700%2C400&ssl=1 2x, https:\/\/i0.wp.com\/www.cltweb.org\/wp-content\/uploads\/2025\/11\/Land-for-People-Not-For-Profit.gif?resize=1050%2C600&ssl=1 3x"},"classes":[]},{"id":7687,"url":"https:\/\/www.cltweb.org\/pt-br\/2024\/11\/11\/introducao-ao-poder-e-a-lideranca-dos-jovens-na-pratica-do-community-land-trust\/","url_meta":{"origin":6595,"position":3},"title":"Introdu\u00e7\u00e3o ao poder e \u00e0 lideran\u00e7a dos jovens na pr\u00e1tica do Community Land Trust","author":"Ben Harris","date":"11 de novembro de 2024","format":false,"excerpt":"Por Richard Kruger Delgado A contribui\u00e7\u00e3o a seguir foi escrita por Richard Kruger Delgado, gerente de educa\u00e7\u00e3o e divulga\u00e7\u00e3o do International Center for Community Land Trusts, como contribui\u00e7\u00e3o para o pr\u00f3ximo webinar sobre \"Stewarding the Future: Poder e lideran\u00e7a dos jovens na pr\u00e1tica do Community Land Trust\", em 4 de\u2026","rel":"","context":"Em &quot;Blogs&quot;","block_context":{"text":"Blogs","link":"https:\/\/www.cltweb.org\/pt-br\/category\/blogs-pt-br\/"},"img":{"alt_text":"","src":"https:\/\/i0.wp.com\/www.cltweb.org\/wp-content\/uploads\/2024\/11\/Screenshot-2024-11-11-at-5.46.26%E2%80%AFPM.png?resize=350%2C200&ssl=1","width":350,"height":200,"srcset":"https:\/\/i0.wp.com\/www.cltweb.org\/wp-content\/uploads\/2024\/11\/Screenshot-2024-11-11-at-5.46.26%E2%80%AFPM.png?resize=350%2C200&ssl=1 1x, https:\/\/i0.wp.com\/www.cltweb.org\/wp-content\/uploads\/2024\/11\/Screenshot-2024-11-11-at-5.46.26%E2%80%AFPM.png?resize=525%2C300&ssl=1 1.5x, https:\/\/i0.wp.com\/www.cltweb.org\/wp-content\/uploads\/2024\/11\/Screenshot-2024-11-11-at-5.46.26%E2%80%AFPM.png?resize=700%2C400&ssl=1 2x"},"classes":[]},{"id":6573,"url":"https:\/\/www.cltweb.org\/pt-br\/2024\/08\/22\/usando-clts-para-fornecer-renovacao-de-energia-e-acessibilidade-permanente-a-moradias-existentes\/","url_meta":{"origin":6595,"position":4},"title":"Usando CLTs para fornecer renova\u00e7\u00e3o de energia e acessibilidade permanente a moradias existentes","author":"Ben Harris","date":"22 de agosto de 2024","format":false,"excerpt":"Junte-se a n\u00f3s no dia 25 de setembro de 2024 para um webinar sobre como os CLTs podem ser usados para oferecer renova\u00e7\u00e3o de energia e acessibilidade permanente \u00e0s moradias existentes. Voc\u00ea ouvir\u00e1 os principais profissionais de CLT que lideram abordagens inovadoras para a renova\u00e7\u00e3o de energia em moradias existentes,\u2026","rel":"","context":"Em &quot;N\u00e3o categorizado&quot;","block_context":{"text":"N\u00e3o categorizado","link":"https:\/\/www.cltweb.org\/pt-br\/category\/nao-categorizado\/"},"img":{"alt_text":"Jeanne Mosseray","src":"https:\/\/i0.wp.com\/www.cltweb.org\/wp-content\/uploads\/2024\/08\/jeanne_mosseray-254x300.jpg?resize=350%2C200&ssl=1","width":350,"height":200},"classes":[]},{"id":10665,"url":"https:\/\/www.cltweb.org\/pt-br\/2025\/11\/17\/clts-e-acao-climatica-um-movimento-crescente-para-uma-transicao-justa\/","url_meta":{"origin":6595,"position":5},"title":"CLTs e a\u00e7\u00e3o clim\u00e1tica: Um movimento crescente para uma transi\u00e7\u00e3o justa","author":"Ben Harris","date":"17 de novembro de 2025","format":false,"excerpt":"Esta hist\u00f3ria faz parte de nossa campanha de fim de ano que celebra como o Centro CLT est\u00e1 trabalhando para atender ao movimento global de CLT. Nesta semana, estamos destacando : A Iniciativa de Justi\u00e7a Clim\u00e1tica A emerg\u00eancia clim\u00e1tica n\u00e3o \u00e9 mais uma amea\u00e7a distante: ela est\u00e1 aqui, remodelando onde\u2026","rel":"","context":"Em &quot;Iniciativa de Justi\u00e7a Clim\u00e1tica&quot;","block_context":{"text":"Iniciativa de Justi\u00e7a Clim\u00e1tica","link":"https:\/\/www.cltweb.org\/pt-br\/category\/iniciativa-de-justica-climatica\/"},"img":{"alt_text":"","src":"https:\/\/i0.wp.com\/www.cltweb.org\/wp-content\/uploads\/2025\/11\/Land-for-People-Not-for-Profit-Banner.gif?resize=350%2C200&ssl=1","width":350,"height":200,"srcset":"https:\/\/i0.wp.com\/www.cltweb.org\/wp-content\/uploads\/2025\/11\/Land-for-People-Not-for-Profit-Banner.gif?resize=350%2C200&ssl=1 1x, https:\/\/i0.wp.com\/www.cltweb.org\/wp-content\/uploads\/2025\/11\/Land-for-People-Not-for-Profit-Banner.gif?resize=525%2C300&ssl=1 1.5x, https:\/\/i0.wp.com\/www.cltweb.org\/wp-content\/uploads\/2025\/11\/Land-for-People-Not-for-Profit-Banner.gif?resize=700%2C400&ssl=1 2x, https:\/\/i0.wp.com\/www.cltweb.org\/wp-content\/uploads\/2025\/11\/Land-for-People-Not-for-Profit-Banner.gif?resize=1050%2C600&ssl=1 3x, https:\/\/i0.wp.com\/www.cltweb.org\/wp-content\/uploads\/2025\/11\/Land-for-People-Not-for-Profit-Banner.gif?resize=1400%2C800&ssl=1 4x"},"classes":[]}],"_links":{"self":[{"href":"https:\/\/www.cltweb.org\/pt-br\/wp-json\/wp\/v2\/posts\/6595","targetHints":{"allow":["GET"]}}],"collection":[{"href":"https:\/\/www.cltweb.org\/pt-br\/wp-json\/wp\/v2\/posts"}],"about":[{"href":"https:\/\/www.cltweb.org\/pt-br\/wp-json\/wp\/v2\/types\/post"}],"author":[{"embeddable":true,"href":"https:\/\/www.cltweb.org\/pt-br\/wp-json\/wp\/v2\/users\/1"}],"replies":[{"embeddable":true,"href":"https:\/\/www.cltweb.org\/pt-br\/wp-json\/wp\/v2\/comments?post=6595"}],"version-history":[{"count":0,"href":"https:\/\/www.cltweb.org\/pt-br\/wp-json\/wp\/v2\/posts\/6595\/revisions"}],"wp:attachment":[{"href":"https:\/\/www.cltweb.org\/pt-br\/wp-json\/wp\/v2\/media?parent=6595"}],"wp:term":[{"taxonomy":"category","embeddable":true,"href":"https:\/\/www.cltweb.org\/pt-br\/wp-json\/wp\/v2\/categories?post=6595"},{"taxonomy":"post_tag","embeddable":true,"href":"https:\/\/www.cltweb.org\/pt-br\/wp-json\/wp\/v2\/tags?post=6595"}],"curies":[{"name":"wp","href":"https:\/\/api.w.org\/{rel}","templated":true}]}}