{"id":6597,"date":"2022-10-11T00:00:00","date_gmt":"2022-10-11T00:00:00","guid":{"rendered":"https:\/\/www.cltweb.org\/2022\/10\/11\/evento-do-centro-clt-reforma-agraria-na-escocia\/"},"modified":"2022-10-11T00:00:00","modified_gmt":"2022-10-11T00:00:00","slug":"evento-do-centro-clt-reforma-agraria-na-escocia","status":"publish","type":"post","link":"https:\/\/www.cltweb.org\/pt-br\/2022\/10\/11\/evento-do-centro-clt-reforma-agraria-na-escocia\/","title":{"rendered":"EVENTO DO CENTRO CLT: Reforma agr\u00e1ria na Esc\u00f3cia"},"content":{"rendered":"<p><iframe loading=\"lazy\" width=\"560\" height=\"315\" src=\"https:\/\/www.youtube.com\/embed\/e4sjtYnuhto\" title=\"Reprodutor de v\u00eddeo do YouTube\" frameborder=\"0\" allow=\"accelerometer; autoplay; clipboard-write; encrypted-media; gyroscope; picture-in-picture\" allowfullscreen=\"\"><\/iframe><\/p>\n<p><a href=\"https:\/\/sosch.org\"><img loading=\"lazy\" decoding=\"async\" class=\"alignright wp-image-6502 \" src=\"https:\/\/www.cltweb.org\/wp-content\/uploads\/2022\/10\/SOSCH-logo.png\" alt=\"Logotipo da SOSCH\" width=\"266\" height=\"266\"><\/a><\/p>\n<p>Junte-se a n\u00f3s para uma discuss\u00e3o sobre a reforma agr\u00e1ria escocesa e os v\u00ednculos da agenda da reforma agr\u00e1ria com a habita\u00e7\u00e3o liderada pela comunidade e o empoderamento da comunidade. <strong><b>DESCRI\u00c7\u00c3O: <\/b><\/strong>A sess\u00e3o incluir\u00e1 apresenta\u00e7\u00f5es da Scottish Land Commission, da Community Land Scotland e da Wigtown &amp; Bladnoch Community Initiative, seguidas de perguntas e respostas. Esse webinar de uma hora proporcionar\u00e1 uma conversa animada sobre a reforma agr\u00e1ria e a propriedade comunit\u00e1ria na Esc\u00f3cia (e al\u00e9m), com a contribui\u00e7\u00e3o de especialistas em pol\u00edticas, membros da comunidade e profissionais de habita\u00e7\u00e3o comunit\u00e1ria. Organizado pela South of Scotland Community Housing e pelo Center for CLT Innovation. Todos s\u00e3o bem-vindos!<\/p>\n<p><em>O webinar ser\u00e1 apresentado em ingl\u00eas. Adicionaremos legendas traduzidas \u00e0 grava\u00e7\u00e3o do webinar. <\/em><\/p>\n<p><strong>Moderado por Annabel Pidgeon, da <a href=\"https:\/\/sosch.org\" target=\"_blank\" rel=\"noopener\">South of Scotland Community Housing<\/a>.<\/strong><\/p>\n<p><b>APRESENTADORES<\/b><\/p>\n<ul>\n<li><strong><b>David Stewart <\/b><\/strong>\u00e9 diretor s\u00eanior de pol\u00edticas da <a href=\"https:\/\/www.landcommission.gov.scot\/\"><u>Comiss\u00e3o de Terras da Esc\u00f3cia<\/u><\/a> desde 2019. Suas principais \u00e1reas de trabalho s\u00e3o montagem de terrenos, placemaking e mercados de terrenos para habita\u00e7\u00e3o. David ingressou na Comiss\u00e3o de Terras vindo da Federa\u00e7\u00e3o Escocesa de Associa\u00e7\u00f5es de Moradia, onde liderou a constru\u00e7\u00e3o de novas moradias acess\u00edveis, reforma do planejamento, efici\u00eancia energ\u00e9tica e regenera\u00e7\u00e3o. Antes disso, trabalhou para associa\u00e7\u00f5es de moradia e para o Conselho Municipal de Edimburgo em habita\u00e7\u00e3o e regenera\u00e7\u00e3o. Ele \u00e9 membro da diretoria da Rural Housing Scotland e, anteriormente, fez parte da diretoria da PAS, a institui\u00e7\u00e3o beneficente de planejamento e local, e de uma associa\u00e7\u00e3o de moradias comunit\u00e1rias em Greenock. David tamb\u00e9m atuou no Painel Acad\u00eamico, Pr\u00e1tico e de Pol\u00edticas do SURF &#8211; F\u00f3rum de Regenera\u00e7\u00e3o da Esc\u00f3cia.<strong> (<a href=\"https:\/\/www.cltweb.org\/wp-content\/uploads\/2022\/10\/David-Stewart-Presentation.pdf\" target=\"_blank\" rel=\"noopener\">link para slides<\/a>)<\/strong>     <\/li>\n<li><strong><b>Linsay Chalmers <\/b><\/strong>\u00e9 gerente de desenvolvimento da <a href=\"https:\/\/www.communitylandscotland.org.uk\/\"><u>Community Land Scotland<\/u><\/a>onde supervisiona o trabalho da organiza\u00e7\u00e3o no apoio \u00e0s comunidades e na conscientiza\u00e7\u00e3o sobre a propriedade de terras comunit\u00e1rias. Anteriormente, ela trabalhou com reciclagem e reutiliza\u00e7\u00e3o comunit\u00e1ria por muitos anos. Em seu tempo livre, Linsay faz parte do Comit\u00ea de sua empresa comunit\u00e1ria local, que possui uma loja, uma ag\u00eancia de correios e uma empresa de alimenta\u00e7\u00e3o independente. <strong>(<a href=\"https:\/\/www.cltweb.org\/wp-content\/uploads\/2022\/10\/LIndsay-Chalmers-Presentation.pdf\" target=\"_blank\" rel=\"noopener\">link para slides<\/a>)<\/strong>  <\/li>\n<li><strong><b>Dr. Nick Walker <\/b><\/strong>\u00e9 um psiquiatra aposentado, ativo em sua comunidade local. Ele participou da cria\u00e7\u00e3o da <a href=\"https:\/\/wigtownandbladnoch.co.uk\/\"><u>Iniciativa Comunit\u00e1ria de Wigtown e Bladnoch<\/u><\/a>uma empresa comunit\u00e1ria cuja miss\u00e3o \u00e9 trazer terras e propriedades negligenciadas para a propriedade da comunidade, de forma sustent\u00e1vel, para beneficiar e melhorar a vida das pessoas que vivem e visitam Wigtown e Bladnoch. Ele acabou de concluir seu mandato como membro da diretoria da Initiative. Ele tamb\u00e9m fez parte do Conselho Comunit\u00e1rio de Wigtown e \u00e9 curador da institui\u00e7\u00e3o beneficente local The Wigtown Festival Company, que organiza um festival anual de livros na National Booktown da Esc\u00f3cia. <strong>(<a href=\"https:\/\/www.cltweb.org\/wp-content\/uploads\/2022\/10\/Nick-Walker-Presentation.pdf\" target=\"_blank\" rel=\"noopener\">link para slides<\/a>)<\/strong>   <\/li>\n<\/ul>\n<p>&nbsp;<\/p>\n","protected":false},"excerpt":{"rendered":"<p>Junte-se a n\u00f3s para uma discuss\u00e3o sobre a Reforma Agr\u00e1ria Escocesa e os v\u00ednculos da agenda da reforma agr\u00e1ria com a habita\u00e7\u00e3o liderada pela comunidade e o empoderamento da comunidade. A sess\u00e3o incluir\u00e1 apresenta\u00e7\u00f5es da Scottish Land Commission, da Community Land Scotland e da Wigtown &amp; Bladnoch Community Initiative, seguidas de perguntas e respostas. Esse webinar de uma hora proporcionar\u00e1 uma conversa animada sobre a reforma agr\u00e1ria e a propriedade comunit\u00e1ria na Esc\u00f3cia (e al\u00e9m), com a contribui\u00e7\u00e3o de especialistas em pol\u00edticas, membros da comunidade e profissionais de habita\u00e7\u00e3o comunit\u00e1ria.  <\/p>\n","protected":false},"author":1,"featured_media":0,"comment_status":"open","ping_status":"open","sticky":false,"template":"","format":"standard","meta":{"give_campaign_id":0,"_tec_requires_first_save":true,"_kad_blocks_custom_css":"","_kad_blocks_head_custom_js":"","_kad_blocks_body_custom_js":"","_kad_blocks_footer_custom_js":"","_EventAllDay":false,"_EventTimezone":"","_EventStartDate":"","_EventEndDate":"","_EventStartDateUTC":"","_EventEndDateUTC":"","_EventShowMap":false,"_EventShowMapLink":false,"_EventURL":"","_EventCost":"","_EventCostDescription":"","_EventCurrencySymbol":"","_EventCurrencyCode":"","_EventCurrencyPosition":"","_EventDateTimeSeparator":"","_EventTimeRangeSeparator":"","_EventOrganizerID":[],"_EventVenueID":[],"_OrganizerEmail":"","_OrganizerPhone":"","_OrganizerWebsite":"","_VenueAddress":"","_VenueCity":"","_VenueCountry":"","_VenueProvince":"","_VenueState":"","_VenueZip":"","_VenuePhone":"","_VenueURL":"","_VenueStateProvince":"","_VenueLat":"","_VenueLng":"","_VenueShowMap":false,"_VenueShowMapLink":false,"_tribe_blocks_recurrence_rules":"","_tribe_blocks_recurrence_description":"","_tribe_blocks_recurrence_exclusions":"","_jetpack_memberships_contains_paid_content":false,"footnotes":""},"categories":[27],"tags":[],"class_list":["post-6597","post","type-post","status-publish","format-standard","hentry","category-nao-categorizado"],"blocksy_meta":[],"yoast_head":"<!-- This site is optimized with the Yoast SEO Premium plugin v27.5 (Yoast SEO v27.5) - https:\/\/yoast.com\/product\/yoast-seo-premium-wordpress\/ -->\n<title>EVENTO DO CENTRO CLT: Reforma agr\u00e1ria na Esc\u00f3cia - International Center for Community Land Trusts<\/title>\n<meta name=\"robots\" content=\"index, follow, max-snippet:-1, max-image-preview:large, max-video-preview:-1\" \/>\n<link rel=\"canonical\" href=\"https:\/\/www.cltweb.org\/pt-br\/2022\/10\/11\/evento-do-centro-clt-reforma-agraria-na-escocia\/\" \/>\n<meta property=\"og:locale\" content=\"pt_BR\" \/>\n<meta property=\"og:type\" content=\"article\" \/>\n<meta property=\"og:title\" content=\"EVENTO DO CENTRO CLT: Reforma agr\u00e1ria na Esc\u00f3cia\" \/>\n<meta property=\"og:description\" content=\"Junte-se a n\u00f3s para uma discuss\u00e3o sobre a Reforma Agr\u00e1ria Escocesa e os v\u00ednculos da agenda da reforma agr\u00e1ria com a habita\u00e7\u00e3o liderada pela comunidade e o empoderamento da comunidade. A sess\u00e3o incluir\u00e1 apresenta\u00e7\u00f5es da Scottish Land Commission, da Community Land Scotland e da Wigtown &amp; Bladnoch Community Initiative, seguidas de perguntas e respostas. Esse webinar de uma hora proporcionar\u00e1 uma conversa animada sobre a reforma agr\u00e1ria e a propriedade comunit\u00e1ria na Esc\u00f3cia (e al\u00e9m), com a contribui\u00e7\u00e3o de especialistas em pol\u00edticas, membros da comunidade e profissionais de habita\u00e7\u00e3o comunit\u00e1ria.\" \/>\n<meta property=\"og:url\" content=\"https:\/\/www.cltweb.org\/pt-br\/2022\/10\/11\/evento-do-centro-clt-reforma-agraria-na-escocia\/\" \/>\n<meta property=\"og:site_name\" content=\"International Center for Community Land Trusts\" \/>\n<meta property=\"article:publisher\" content=\"https:\/\/www.facebook.com\/cltcenter\" \/>\n<meta property=\"article:published_time\" content=\"2022-10-11T00:00:00+00:00\" \/>\n<meta name=\"author\" content=\"cltredesign_0jp0l4\" \/>\n<meta name=\"twitter:card\" content=\"summary_large_image\" \/>\n<meta name=\"twitter:creator\" content=\"@Center4CLTs\" \/>\n<meta name=\"twitter:site\" content=\"@Center4CLTs\" \/>\n<meta name=\"twitter:label1\" content=\"Escrito por\" \/>\n\t<meta name=\"twitter:data1\" content=\"cltredesign_0jp0l4\" \/>\n\t<meta name=\"twitter:label2\" content=\"Est. tempo de leitura\" \/>\n\t<meta name=\"twitter:data2\" content=\"2 minutos\" \/>\n<script type=\"application\/ld+json\" class=\"yoast-schema-graph\">{\"@context\":\"https:\\\/\\\/schema.org\",\"@graph\":[{\"@type\":\"Article\",\"@id\":\"https:\\\/\\\/www.cltweb.org\\\/pt-br\\\/2022\\\/10\\\/11\\\/evento-do-centro-clt-reforma-agraria-na-escocia\\\/#article\",\"isPartOf\":{\"@id\":\"https:\\\/\\\/www.cltweb.org\\\/pt-br\\\/2022\\\/10\\\/11\\\/evento-do-centro-clt-reforma-agraria-na-escocia\\\/\"},\"author\":{\"name\":\"cltredesign_0jp0l4\",\"@id\":\"https:\\\/\\\/www.cltweb.org\\\/pt-br\\\/#\\\/schema\\\/person\\\/afd3723291b60b81c27772953e5b49d6\"},\"headline\":\"EVENTO DO CENTRO CLT: Reforma agr\u00e1ria na Esc\u00f3cia\",\"datePublished\":\"2022-10-11T00:00:00+00:00\",\"mainEntityOfPage\":{\"@id\":\"https:\\\/\\\/www.cltweb.org\\\/pt-br\\\/2022\\\/10\\\/11\\\/evento-do-centro-clt-reforma-agraria-na-escocia\\\/\"},\"wordCount\":505,\"commentCount\":0,\"publisher\":{\"@id\":\"https:\\\/\\\/www.cltweb.org\\\/pt-br\\\/#organization\"},\"image\":{\"@id\":\"https:\\\/\\\/www.cltweb.org\\\/pt-br\\\/2022\\\/10\\\/11\\\/evento-do-centro-clt-reforma-agraria-na-escocia\\\/#primaryimage\"},\"thumbnailUrl\":\"https:\\\/\\\/www.cltweb.org\\\/wp-content\\\/uploads\\\/2022\\\/10\\\/SOSCH-logo.png\",\"articleSection\":[\"N\u00e3o categorizado\"],\"inLanguage\":\"pt-BR\",\"potentialAction\":[{\"@type\":\"CommentAction\",\"name\":\"Comment\",\"target\":[\"https:\\\/\\\/www.cltweb.org\\\/pt-br\\\/2022\\\/10\\\/11\\\/evento-do-centro-clt-reforma-agraria-na-escocia\\\/#respond\"]}]},{\"@type\":\"WebPage\",\"@id\":\"https:\\\/\\\/www.cltweb.org\\\/pt-br\\\/2022\\\/10\\\/11\\\/evento-do-centro-clt-reforma-agraria-na-escocia\\\/\",\"url\":\"https:\\\/\\\/www.cltweb.org\\\/pt-br\\\/2022\\\/10\\\/11\\\/evento-do-centro-clt-reforma-agraria-na-escocia\\\/\",\"name\":\"EVENTO DO CENTRO CLT: Reforma agr\u00e1ria na Esc\u00f3cia - International Center for Community Land Trusts\",\"isPartOf\":{\"@id\":\"https:\\\/\\\/www.cltweb.org\\\/pt-br\\\/#website\"},\"primaryImageOfPage\":{\"@id\":\"https:\\\/\\\/www.cltweb.org\\\/pt-br\\\/2022\\\/10\\\/11\\\/evento-do-centro-clt-reforma-agraria-na-escocia\\\/#primaryimage\"},\"image\":{\"@id\":\"https:\\\/\\\/www.cltweb.org\\\/pt-br\\\/2022\\\/10\\\/11\\\/evento-do-centro-clt-reforma-agraria-na-escocia\\\/#primaryimage\"},\"thumbnailUrl\":\"https:\\\/\\\/www.cltweb.org\\\/wp-content\\\/uploads\\\/2022\\\/10\\\/SOSCH-logo.png\",\"datePublished\":\"2022-10-11T00:00:00+00:00\",\"breadcrumb\":{\"@id\":\"https:\\\/\\\/www.cltweb.org\\\/pt-br\\\/2022\\\/10\\\/11\\\/evento-do-centro-clt-reforma-agraria-na-escocia\\\/#breadcrumb\"},\"inLanguage\":\"pt-BR\",\"potentialAction\":[{\"@type\":\"ReadAction\",\"target\":[\"https:\\\/\\\/www.cltweb.org\\\/pt-br\\\/2022\\\/10\\\/11\\\/evento-do-centro-clt-reforma-agraria-na-escocia\\\/\"]}]},{\"@type\":\"ImageObject\",\"inLanguage\":\"pt-BR\",\"@id\":\"https:\\\/\\\/www.cltweb.org\\\/pt-br\\\/2022\\\/10\\\/11\\\/evento-do-centro-clt-reforma-agraria-na-escocia\\\/#primaryimage\",\"url\":\"https:\\\/\\\/www.cltweb.org\\\/wp-content\\\/uploads\\\/2022\\\/10\\\/SOSCH-logo.png\",\"contentUrl\":\"https:\\\/\\\/www.cltweb.org\\\/wp-content\\\/uploads\\\/2022\\\/10\\\/SOSCH-logo.png\"},{\"@type\":\"BreadcrumbList\",\"@id\":\"https:\\\/\\\/www.cltweb.org\\\/pt-br\\\/2022\\\/10\\\/11\\\/evento-do-centro-clt-reforma-agraria-na-escocia\\\/#breadcrumb\",\"itemListElement\":[{\"@type\":\"ListItem\",\"position\":1,\"name\":\"Home\",\"item\":\"https:\\\/\\\/www.cltweb.org\\\/pt-br\\\/\"},{\"@type\":\"ListItem\",\"position\":2,\"name\":\"EVENTO DO CENTRO CLT: Reforma agr\u00e1ria na Esc\u00f3cia\"}]},{\"@type\":\"WebSite\",\"@id\":\"https:\\\/\\\/www.cltweb.org\\\/pt-br\\\/#website\",\"url\":\"https:\\\/\\\/www.cltweb.org\\\/pt-br\\\/\",\"name\":\"International Center for Community Land Trusts\",\"description\":\"\",\"publisher\":{\"@id\":\"https:\\\/\\\/www.cltweb.org\\\/pt-br\\\/#organization\"},\"potentialAction\":[{\"@type\":\"SearchAction\",\"target\":{\"@type\":\"EntryPoint\",\"urlTemplate\":\"https:\\\/\\\/www.cltweb.org\\\/pt-br\\\/?s={search_term_string}\"},\"query-input\":{\"@type\":\"PropertyValueSpecification\",\"valueRequired\":true,\"valueName\":\"search_term_string\"}}],\"inLanguage\":\"pt-BR\"},{\"@type\":\"Organization\",\"@id\":\"https:\\\/\\\/www.cltweb.org\\\/pt-br\\\/#organization\",\"name\":\"International Center for Community Land Trusts\",\"url\":\"https:\\\/\\\/www.cltweb.org\\\/pt-br\\\/\",\"logo\":{\"@type\":\"ImageObject\",\"inLanguage\":\"pt-BR\",\"@id\":\"https:\\\/\\\/www.cltweb.org\\\/pt-br\\\/#\\\/schema\\\/logo\\\/image\\\/\",\"url\":\"https:\\\/\\\/www.cltweb.org\\\/wp-content\\\/uploads\\\/2024\\\/11\\\/New-CLT-Center-Text-logo.png\",\"contentUrl\":\"https:\\\/\\\/www.cltweb.org\\\/wp-content\\\/uploads\\\/2024\\\/11\\\/New-CLT-Center-Text-logo.png\",\"width\":227,\"height\":80,\"caption\":\"International Center for Community Land Trusts\"},\"image\":{\"@id\":\"https:\\\/\\\/www.cltweb.org\\\/pt-br\\\/#\\\/schema\\\/logo\\\/image\\\/\"},\"sameAs\":[\"https:\\\/\\\/www.facebook.com\\\/cltcenter\",\"https:\\\/\\\/x.com\\\/Center4CLTs\",\"https:\\\/\\\/www.instagram.com\\\/cltcenter\\\/\",\"https:\\\/\\\/www.linkedin.com\\\/company\\\/cltcenter\",\"https:\\\/\\\/www.youtube.com\\\/@centerforcltinnovation5313\"],\"description\":\"The International Center for Community Land Trusts is a not-for-profit nongovernmental organization established in 2018 to promote and to support community land trusts and similar strategies of community-led development on community-owned land in countries throughout the world.\",\"email\":\"info@communitylandtrust.net\",\"legalName\":\"International Center for Community Land Trusts\",\"foundingDate\":\"2018-12-01\",\"taxID\":\"84-3858933\",\"numberOfEmployees\":{\"@type\":\"QuantitativeValue\",\"minValue\":\"1\",\"maxValue\":\"10\"}},{\"@type\":\"Person\",\"@id\":\"https:\\\/\\\/www.cltweb.org\\\/pt-br\\\/#\\\/schema\\\/person\\\/afd3723291b60b81c27772953e5b49d6\",\"name\":\"cltredesign_0jp0l4\",\"image\":{\"@type\":\"ImageObject\",\"inLanguage\":\"pt-BR\",\"@id\":\"https:\\\/\\\/secure.gravatar.com\\\/avatar\\\/1012e57596c2454da589d773454d3eb22a64f2ff638e62850caeb654f3affad5?s=96&d=mm&r=g\",\"url\":\"https:\\\/\\\/secure.gravatar.com\\\/avatar\\\/1012e57596c2454da589d773454d3eb22a64f2ff638e62850caeb654f3affad5?s=96&d=mm&r=g\",\"contentUrl\":\"https:\\\/\\\/secure.gravatar.com\\\/avatar\\\/1012e57596c2454da589d773454d3eb22a64f2ff638e62850caeb654f3affad5?s=96&d=mm&r=g\",\"caption\":\"cltredesign_0jp0l4\"},\"sameAs\":[\"https:\\\/\\\/icclt.org\"],\"url\":\"https:\\\/\\\/www.cltweb.org\\\/pt-br\\\/author\\\/cltredesign_0jp0l4\\\/\"}]}<\/script>\n<!-- \/ Yoast SEO Premium plugin. -->","yoast_head_json":{"title":"EVENTO DO CENTRO CLT: Reforma agr\u00e1ria na Esc\u00f3cia - International Center for Community Land Trusts","robots":{"index":"index","follow":"follow","max-snippet":"max-snippet:-1","max-image-preview":"max-image-preview:large","max-video-preview":"max-video-preview:-1"},"canonical":"https:\/\/www.cltweb.org\/pt-br\/2022\/10\/11\/evento-do-centro-clt-reforma-agraria-na-escocia\/","og_locale":"pt_BR","og_type":"article","og_title":"EVENTO DO CENTRO CLT: Reforma agr\u00e1ria na Esc\u00f3cia","og_description":"Junte-se a n\u00f3s para uma discuss\u00e3o sobre a Reforma Agr\u00e1ria Escocesa e os v\u00ednculos da agenda da reforma agr\u00e1ria com a habita\u00e7\u00e3o liderada pela comunidade e o empoderamento da comunidade. A sess\u00e3o incluir\u00e1 apresenta\u00e7\u00f5es da Scottish Land Commission, da Community Land Scotland e da Wigtown &amp; Bladnoch Community Initiative, seguidas de perguntas e respostas. Esse webinar de uma hora proporcionar\u00e1 uma conversa animada sobre a reforma agr\u00e1ria e a propriedade comunit\u00e1ria na Esc\u00f3cia (e al\u00e9m), com a contribui\u00e7\u00e3o de especialistas em pol\u00edticas, membros da comunidade e profissionais de habita\u00e7\u00e3o comunit\u00e1ria.","og_url":"https:\/\/www.cltweb.org\/pt-br\/2022\/10\/11\/evento-do-centro-clt-reforma-agraria-na-escocia\/","og_site_name":"International Center for Community Land Trusts","article_publisher":"https:\/\/www.facebook.com\/cltcenter","article_published_time":"2022-10-11T00:00:00+00:00","author":"cltredesign_0jp0l4","twitter_card":"summary_large_image","twitter_creator":"@Center4CLTs","twitter_site":"@Center4CLTs","twitter_misc":{"Escrito por":"cltredesign_0jp0l4","Est. tempo de leitura":"2 minutos"},"schema":{"@context":"https:\/\/schema.org","@graph":[{"@type":"Article","@id":"https:\/\/www.cltweb.org\/pt-br\/2022\/10\/11\/evento-do-centro-clt-reforma-agraria-na-escocia\/#article","isPartOf":{"@id":"https:\/\/www.cltweb.org\/pt-br\/2022\/10\/11\/evento-do-centro-clt-reforma-agraria-na-escocia\/"},"author":{"name":"cltredesign_0jp0l4","@id":"https:\/\/www.cltweb.org\/pt-br\/#\/schema\/person\/afd3723291b60b81c27772953e5b49d6"},"headline":"EVENTO DO CENTRO CLT: Reforma agr\u00e1ria na Esc\u00f3cia","datePublished":"2022-10-11T00:00:00+00:00","mainEntityOfPage":{"@id":"https:\/\/www.cltweb.org\/pt-br\/2022\/10\/11\/evento-do-centro-clt-reforma-agraria-na-escocia\/"},"wordCount":505,"commentCount":0,"publisher":{"@id":"https:\/\/www.cltweb.org\/pt-br\/#organization"},"image":{"@id":"https:\/\/www.cltweb.org\/pt-br\/2022\/10\/11\/evento-do-centro-clt-reforma-agraria-na-escocia\/#primaryimage"},"thumbnailUrl":"https:\/\/www.cltweb.org\/wp-content\/uploads\/2022\/10\/SOSCH-logo.png","articleSection":["N\u00e3o categorizado"],"inLanguage":"pt-BR","potentialAction":[{"@type":"CommentAction","name":"Comment","target":["https:\/\/www.cltweb.org\/pt-br\/2022\/10\/11\/evento-do-centro-clt-reforma-agraria-na-escocia\/#respond"]}]},{"@type":"WebPage","@id":"https:\/\/www.cltweb.org\/pt-br\/2022\/10\/11\/evento-do-centro-clt-reforma-agraria-na-escocia\/","url":"https:\/\/www.cltweb.org\/pt-br\/2022\/10\/11\/evento-do-centro-clt-reforma-agraria-na-escocia\/","name":"EVENTO DO CENTRO CLT: Reforma agr\u00e1ria na Esc\u00f3cia - International Center for Community Land Trusts","isPartOf":{"@id":"https:\/\/www.cltweb.org\/pt-br\/#website"},"primaryImageOfPage":{"@id":"https:\/\/www.cltweb.org\/pt-br\/2022\/10\/11\/evento-do-centro-clt-reforma-agraria-na-escocia\/#primaryimage"},"image":{"@id":"https:\/\/www.cltweb.org\/pt-br\/2022\/10\/11\/evento-do-centro-clt-reforma-agraria-na-escocia\/#primaryimage"},"thumbnailUrl":"https:\/\/www.cltweb.org\/wp-content\/uploads\/2022\/10\/SOSCH-logo.png","datePublished":"2022-10-11T00:00:00+00:00","breadcrumb":{"@id":"https:\/\/www.cltweb.org\/pt-br\/2022\/10\/11\/evento-do-centro-clt-reforma-agraria-na-escocia\/#breadcrumb"},"inLanguage":"pt-BR","potentialAction":[{"@type":"ReadAction","target":["https:\/\/www.cltweb.org\/pt-br\/2022\/10\/11\/evento-do-centro-clt-reforma-agraria-na-escocia\/"]}]},{"@type":"ImageObject","inLanguage":"pt-BR","@id":"https:\/\/www.cltweb.org\/pt-br\/2022\/10\/11\/evento-do-centro-clt-reforma-agraria-na-escocia\/#primaryimage","url":"https:\/\/www.cltweb.org\/wp-content\/uploads\/2022\/10\/SOSCH-logo.png","contentUrl":"https:\/\/www.cltweb.org\/wp-content\/uploads\/2022\/10\/SOSCH-logo.png"},{"@type":"BreadcrumbList","@id":"https:\/\/www.cltweb.org\/pt-br\/2022\/10\/11\/evento-do-centro-clt-reforma-agraria-na-escocia\/#breadcrumb","itemListElement":[{"@type":"ListItem","position":1,"name":"Home","item":"https:\/\/www.cltweb.org\/pt-br\/"},{"@type":"ListItem","position":2,"name":"EVENTO DO CENTRO CLT: Reforma agr\u00e1ria na Esc\u00f3cia"}]},{"@type":"WebSite","@id":"https:\/\/www.cltweb.org\/pt-br\/#website","url":"https:\/\/www.cltweb.org\/pt-br\/","name":"International Center for Community Land Trusts","description":"","publisher":{"@id":"https:\/\/www.cltweb.org\/pt-br\/#organization"},"potentialAction":[{"@type":"SearchAction","target":{"@type":"EntryPoint","urlTemplate":"https:\/\/www.cltweb.org\/pt-br\/?s={search_term_string}"},"query-input":{"@type":"PropertyValueSpecification","valueRequired":true,"valueName":"search_term_string"}}],"inLanguage":"pt-BR"},{"@type":"Organization","@id":"https:\/\/www.cltweb.org\/pt-br\/#organization","name":"International Center for Community Land Trusts","url":"https:\/\/www.cltweb.org\/pt-br\/","logo":{"@type":"ImageObject","inLanguage":"pt-BR","@id":"https:\/\/www.cltweb.org\/pt-br\/#\/schema\/logo\/image\/","url":"https:\/\/www.cltweb.org\/wp-content\/uploads\/2024\/11\/New-CLT-Center-Text-logo.png","contentUrl":"https:\/\/www.cltweb.org\/wp-content\/uploads\/2024\/11\/New-CLT-Center-Text-logo.png","width":227,"height":80,"caption":"International Center for Community Land Trusts"},"image":{"@id":"https:\/\/www.cltweb.org\/pt-br\/#\/schema\/logo\/image\/"},"sameAs":["https:\/\/www.facebook.com\/cltcenter","https:\/\/x.com\/Center4CLTs","https:\/\/www.instagram.com\/cltcenter\/","https:\/\/www.linkedin.com\/company\/cltcenter","https:\/\/www.youtube.com\/@centerforcltinnovation5313"],"description":"The International Center for Community Land Trusts is a not-for-profit nongovernmental organization established in 2018 to promote and to support community land trusts and similar strategies of community-led development on community-owned land in countries throughout the world.","email":"info@communitylandtrust.net","legalName":"International Center for Community Land Trusts","foundingDate":"2018-12-01","taxID":"84-3858933","numberOfEmployees":{"@type":"QuantitativeValue","minValue":"1","maxValue":"10"}},{"@type":"Person","@id":"https:\/\/www.cltweb.org\/pt-br\/#\/schema\/person\/afd3723291b60b81c27772953e5b49d6","name":"cltredesign_0jp0l4","image":{"@type":"ImageObject","inLanguage":"pt-BR","@id":"https:\/\/secure.gravatar.com\/avatar\/1012e57596c2454da589d773454d3eb22a64f2ff638e62850caeb654f3affad5?s=96&d=mm&r=g","url":"https:\/\/secure.gravatar.com\/avatar\/1012e57596c2454da589d773454d3eb22a64f2ff638e62850caeb654f3affad5?s=96&d=mm&r=g","contentUrl":"https:\/\/secure.gravatar.com\/avatar\/1012e57596c2454da589d773454d3eb22a64f2ff638e62850caeb654f3affad5?s=96&d=mm&r=g","caption":"cltredesign_0jp0l4"},"sameAs":["https:\/\/icclt.org"],"url":"https:\/\/www.cltweb.org\/pt-br\/author\/cltredesign_0jp0l4\/"}]}},"taxonomy_info":{"category":[{"value":27,"label":"N\u00e3o categorizado"}]},"featured_image_src_large":false,"author_info":{"display_name":"cltredesign_0jp0l4","author_link":"https:\/\/www.cltweb.org\/pt-br\/author\/cltredesign_0jp0l4\/"},"comment_info":0,"category_info":[{"term_id":27,"name":"N\u00e3o categorizado","slug":"nao-categorizado","term_group":0,"term_taxonomy_id":27,"taxonomy":"category","description":"","parent":0,"count":20,"filter":"raw","cat_ID":27,"category_count":20,"category_description":"","cat_name":"N\u00e3o categorizado","category_nicename":"nao-categorizado","category_parent":0}],"tag_info":false,"jetpack_featured_media_url":"","jetpack_sharing_enabled":true,"jetpack-related-posts":[{"id":6596,"url":"https:\/\/www.cltweb.org\/es\/2022\/10\/11\/evento-clt-center-la-reforma-agraria-en-escocia\/","url_meta":{"origin":6597,"position":0},"title":"EVENTO CLT CENTER: La reforma agraria en Escocia","author":"cltredesign_0jp0l4","date":"11 de outubro de 2022","format":false,"excerpt":"\u00danete a nosotros en un debate sobre la reforma agraria escocesa y los v\u00ednculos del programa de reforma agraria con la vivienda dirigida por la comunidad y la capacitaci\u00f3n de la comunidad. La sesi\u00f3n incluir\u00e1 presentaciones de la Comisi\u00f3n Escocesa del Suelo, Community Land Scotland y Wigtown & Bladnoch Community\u2026","rel":"","context":"Em &quot;Sin categorizar&quot;","block_context":{"text":"Sin categorizar","link":"https:\/\/www.cltweb.org\/es\/category\/sin-categorizar\/"},"img":{"alt_text":"Logotipo SOSCH","src":"https:\/\/i0.wp.com\/www.cltweb.org\/wp-content\/uploads\/2022\/10\/SOSCH-logo.png?resize=350%2C200&ssl=1","width":350,"height":200},"classes":[]},{"id":6573,"url":"https:\/\/www.cltweb.org\/pt-br\/2024\/08\/22\/usando-clts-para-fornecer-renovacao-de-energia-e-acessibilidade-permanente-a-moradias-existentes\/","url_meta":{"origin":6597,"position":1},"title":"Usando CLTs para fornecer renova\u00e7\u00e3o de energia e acessibilidade permanente a moradias existentes","author":"Ben Harris","date":"22 de agosto de 2024","format":false,"excerpt":"Junte-se a n\u00f3s no dia 25 de setembro de 2024 para um webinar sobre como os CLTs podem ser usados para oferecer renova\u00e7\u00e3o de energia e acessibilidade permanente \u00e0s moradias existentes. Voc\u00ea ouvir\u00e1 os principais profissionais de CLT que lideram abordagens inovadoras para a renova\u00e7\u00e3o de energia em moradias existentes,\u2026","rel":"","context":"Em &quot;N\u00e3o categorizado&quot;","block_context":{"text":"N\u00e3o categorizado","link":"https:\/\/www.cltweb.org\/pt-br\/category\/nao-categorizado\/"},"img":{"alt_text":"Jeanne Mosseray","src":"https:\/\/i0.wp.com\/www.cltweb.org\/wp-content\/uploads\/2024\/08\/jeanne_mosseray-254x300.jpg?resize=350%2C200&ssl=1","width":350,"height":200},"classes":[]},{"id":9521,"url":"https:\/\/www.cltweb.org\/pt-br\/2025\/05\/21\/commons-for-justice-clts-em-todos-os-continentes-no-festival-internacional-de-habitacao-social\/","url_meta":{"origin":6597,"position":2},"title":"Commons for Justice: CLTs em todos os continentes no Festival Internacional de Habita\u00e7\u00e3o Social","author":"Ben Harris","date":"21 de maio de 2025","format":false,"excerpt":"Em uma \u00e9poca marcada por crises habitacionais, mercados de terras extrativistas e crescente desigualdade, as comunidades de todo o mundo est\u00e3o recuperando os bens comuns. No 2025 International Social Housing Festival, em Dublin, Irlanda (4 a 6 de junho), a European Community Land Trust Network realizar\u00e1 um semin\u00e1rio de 105\u2026","rel":"","context":"Em &quot;Blogs&quot;","block_context":{"text":"Blogs","link":"https:\/\/www.cltweb.org\/pt-br\/category\/blogs-pt-br\/"},"img":{"alt_text":"","src":"https:\/\/i0.wp.com\/www.cltweb.org\/wp-content\/uploads\/2025\/05\/Juliet-Can.jpeg?resize=350%2C200&ssl=1","width":350,"height":200},"classes":[]},{"id":6591,"url":"https:\/\/www.cltweb.org\/pt-br\/2022\/10\/11\/pathways-to-tenant-and-community-control-caminhos-para-o-controle-do-locatario-e-da-comunidade-estrategias-de-financiamento-para-fundos-fiduciarios-comunitarios\/","url_meta":{"origin":6597,"position":3},"title":"Pathways to Tenant and Community Control (Caminhos para o controle do locat\u00e1rio e da comunidade): Estrat\u00e9gias de financiamento para fundos fiduci\u00e1rios comunit\u00e1rios","author":"cltredesign_0jp0l4","date":"11 de outubro de 2022","format":false,"excerpt":"Junte-se ao LISC Institute for Community Power, ao LISC Bay Area, ao Oakland Community Land Trust e ao San Francisco Community Land Trust para uma conversa sobre como construir poder e garantir recursos para expandir o controle de moradias pelos inquilinos e pela comunidade!","rel":"","context":"Em &quot;N\u00e3o categorizado&quot;","block_context":{"text":"N\u00e3o categorizado","link":"https:\/\/www.cltweb.org\/pt-br\/category\/nao-categorizado\/"},"img":{"alt_text":"Logotipo da LISC","src":"https:\/\/i0.wp.com\/www.cltweb.org\/wp-content\/uploads\/2022\/10\/logo-e1665785584656.png?resize=350%2C200&ssl=1","width":350,"height":200},"classes":[]},{"id":7210,"url":"https:\/\/www.cltweb.org\/pt-br\/2024\/09\/16\/apoio-ao-projeto-upcycling-trust-perspectiva-de-um-pesquisador\/","url_meta":{"origin":6597,"position":4},"title":"Apoio ao projeto Upcycling Trust: Perspectiva de um pesquisador","author":"cltredesign_0jp0l4","date":"16 de setembro de 2024","format":false,"excerpt":"Por Jeanne Mosseray A contribui\u00e7\u00e3o a seguir foi escrita por Jeanne Mosseray, pesquisadora PhD do Cosmopolis Centre for Urban Research, como uma contribui\u00e7\u00e3o para o pr\u00f3ximo webinar sobre \"Using CLTs to Deliver Energy Renovation and Permanent Affordability to Existing Housing\" (Usando CLTs para fornecer renova\u00e7\u00e3o de energia e acessibilidade permanente\u2026","rel":"","context":"Em &quot;Blogs&quot;","block_context":{"text":"Blogs","link":"https:\/\/www.cltweb.org\/pt-br\/category\/blogs-pt-br\/"},"img":{"alt_text":"","src":"","width":0,"height":0},"classes":[]},{"id":10097,"url":"https:\/\/www.cltweb.org\/pt-br\/2025\/10\/24\/explorando-o-potencial-dos-community-land-trusts-em-buenos-aires\/","url_meta":{"origin":6597,"position":5},"title":"Explorando o potencial dos Community Land Trusts em Buenos Aires","author":"Ben Harris","date":"24 de outubro de 2025","format":false,"excerpt":"Por Tarcyla Fidalgo Em outubro de 2025, como parte da Iniciativa CLT do Sul Global do Centro CLT, a l\u00edder do projeto Tarcyla Fidalgo visitou Buenos Aires, Argentina, para trocar ideias sobre moradia acess\u00edvel, seguran\u00e7a da posse e propriedade coletiva da terra. A visita se baseou no crescente interesse local\u2026","rel":"","context":"Em &quot;Blogs&quot;","block_context":{"text":"Blogs","link":"https:\/\/www.cltweb.org\/pt-br\/category\/blogs-pt-br\/"},"img":{"alt_text":"Tarcyla Fidalgo participates in a seminar at the Public Defender's Office in Buenos Aires, Argentina.","src":"https:\/\/i0.wp.com\/www.cltweb.org\/wp-content\/uploads\/2025\/10\/image-edited.jpeg?resize=350%2C200&ssl=1","width":350,"height":200,"srcset":"https:\/\/i0.wp.com\/www.cltweb.org\/wp-content\/uploads\/2025\/10\/image-edited.jpeg?resize=350%2C200&ssl=1 1x, https:\/\/i0.wp.com\/www.cltweb.org\/wp-content\/uploads\/2025\/10\/image-edited.jpeg?resize=525%2C300&ssl=1 1.5x, https:\/\/i0.wp.com\/www.cltweb.org\/wp-content\/uploads\/2025\/10\/image-edited.jpeg?resize=700%2C400&ssl=1 2x"},"classes":[]}],"_links":{"self":[{"href":"https:\/\/www.cltweb.org\/pt-br\/wp-json\/wp\/v2\/posts\/6597","targetHints":{"allow":["GET"]}}],"collection":[{"href":"https:\/\/www.cltweb.org\/pt-br\/wp-json\/wp\/v2\/posts"}],"about":[{"href":"https:\/\/www.cltweb.org\/pt-br\/wp-json\/wp\/v2\/types\/post"}],"author":[{"embeddable":true,"href":"https:\/\/www.cltweb.org\/pt-br\/wp-json\/wp\/v2\/users\/1"}],"replies":[{"embeddable":true,"href":"https:\/\/www.cltweb.org\/pt-br\/wp-json\/wp\/v2\/comments?post=6597"}],"version-history":[{"count":0,"href":"https:\/\/www.cltweb.org\/pt-br\/wp-json\/wp\/v2\/posts\/6597\/revisions"}],"wp:attachment":[{"href":"https:\/\/www.cltweb.org\/pt-br\/wp-json\/wp\/v2\/media?parent=6597"}],"wp:term":[{"taxonomy":"category","embeddable":true,"href":"https:\/\/www.cltweb.org\/pt-br\/wp-json\/wp\/v2\/categories?post=6597"},{"taxonomy":"post_tag","embeddable":true,"href":"https:\/\/www.cltweb.org\/pt-br\/wp-json\/wp\/v2\/tags?post=6597"}],"curies":[{"name":"wp","href":"https:\/\/api.w.org\/{rel}","templated":true}]}}