{"id":6598,"date":"2022-10-11T00:00:00","date_gmt":"2022-10-11T00:00:00","guid":{"rendered":"https:\/\/www.cltweb.org\/2022\/10\/11\/tirando-terrenos-do-mercado-para-tornar-a-cidade-acessivel\/"},"modified":"2022-10-11T00:00:00","modified_gmt":"2022-10-11T00:00:00","slug":"tirando-terrenos-do-mercado-para-tornar-a-cidade-acessivel","status":"publish","type":"post","link":"https:\/\/www.cltweb.org\/pt-br\/2022\/10\/11\/tirando-terrenos-do-mercado-para-tornar-a-cidade-acessivel\/","title":{"rendered":"Tirando terrenos do mercado para tornar a cidade acess\u00edvel"},"content":{"rendered":"<p><iframe loading=\"lazy\" title=\"Reprodutor de v\u00eddeo do YouTube\" src=\"https:\/\/www.youtube.com\/embed\/dsbcGqr4Bzk\" width=\"560\" height=\"315\" frameborder=\"0\" allowfullscreen=\"allowfullscreen\"><\/iframe><\/p>\n<p><a href=\"https:\/\/www.cltb.be\"><img loading=\"lazy\" decoding=\"async\" class=\"alignright wp-image-6610\" src=\"https:\/\/www.cltweb.org\/wp-content\/uploads\/2022\/10\/CLTB_Logo-1024x660.png\" alt=\"Logotipo CLTB\" width=\"217\" height=\"140\"><\/a>Os pre\u00e7os das moradias est\u00e3o subindo em Bruxelas e em cidades do mundo todo. Uma das causas \u00e9 a financeiriza\u00e7\u00e3o da habita\u00e7\u00e3o: a habita\u00e7\u00e3o foi descoberta pelo capital internacional como um objeto de investimento seguro. Ser\u00e1 que uma solu\u00e7\u00e3o para a crise habitacional n\u00e3o poderia ser retirar as moradias e os terrenos do mercado, para que n\u00e3o possam ser especulados e permane\u00e7am acess\u00edveis para sempre? Os Community Land Trusts j\u00e1 est\u00e3o fazendo isso em cidades de todo o mundo. Como isso pode ser ampliado? Qual \u00e9 o potencial para Bruxelas? Os Community Land Trusts (CLTs) s\u00e3o organiza\u00e7\u00f5es lideradas pela comunidade que adquirem terrenos para desenvolver moradias a pre\u00e7os acess\u00edveis e outras instala\u00e7\u00f5es. Dividindo a propriedade do terreno e dos edif\u00edcios e anexando condi\u00e7\u00f5es anti-especula\u00e7\u00e3o \u00e0 propriedade dos edif\u00edcios, eles permanecem acess\u00edveis para sempre. O evento ser\u00e1 realizado em ingl\u00eas e franc\u00eas, com tradu\u00e7\u00e3o para ambos os idiomas. <\/p>\n<div class=\"elementor-element elementor-element-571a046 elementor-widget elementor-widget-heading\" data-id=\"571a046\" data-element_type=\"widget\" data-widget_type=\"heading.default\">\n<div class=\"elementor-widget-container\">\n<h2 class=\"elementor-heading-title elementor-size-default\">Programa<\/h2>\n<\/div>\n<\/div>\n<div class=\"elementor-element elementor-element-7db4211 elementor-widget elementor-widget-heading\" data-id=\"7db4211\" data-element_type=\"widget\" data-widget_type=\"heading.default\">\n<div class=\"elementor-widget-container\">\n<p><strong><a href=\"https:\/\/www.cltb.be\/2022\/10\/03\/debate-and-workshops-taking-land-off-the-market-to-make-the-city-affordable\/?lang=en\" target=\"_blank\" rel=\"noopener\">Link para o programa completo<\/a><\/strong><\/p>\n<h3 class=\"elementor-heading-title elementor-size-default\">DEBATE (FR-EN)<\/h3>\n<\/div>\n<\/div>\n<div class=\"elementor-element elementor-element-1d72208 elementor-widget elementor-widget-text-editor\" data-id=\"1d72208\" data-element_type=\"widget\" data-widget_type=\"text-editor.default\">\n<div class=\"elementor-widget-container\">\n<div class=\"elementor-text-editor elementor-clearfix\">\n<div class=\"page\" title=\"P\u00e1gina 2\">\n<div class=\"section\">\n<div class=\"layoutArea\">\n<div class=\"column\">\n<p><strong>14:00 CET &#8211; David Ireland,<\/strong> Diretor Executivo da World Habitat. Nos \u00faltimos 20 anos, tr\u00eas CLTs receberam o Pr\u00eamio Mundial do Habitat, organizado pela World Habitat em parceria com a UN-Habitat. O mais recente \u00e9 o Community Land Trust Brussels (CLTB). O que s\u00e3o CLTs e o que eles podem fazer na luta pelo direito \u00e0 moradia? <strong>14:10 CET &#8211; Thibault Leroy,<\/strong> coordenador do CLTB. Em 10 anos, o CLTB demonstrou o potencial do modelo em Bruxelas e sua complementaridade com outros agentes habitacionais. Ela deve permanecer como um ator de &#8220;nicho&#8221; ou pode desempenhar um papel mais importante?   <\/p>\n<p><strong>14:20 CET &#8211; Brenda Torpy.<\/strong>  Com Bernie Sanders, ent\u00e3o prefeito da cidade de Burlington, ela fundou o Champlain Housing Trust. Com o apoio da cidade, o trust cresceu e se tornou um dos maiores CLTs dos Estados Unidos. O CHT administra casas ocupadas pelos propriet\u00e1rios, propriedades para aluguel, parques, espa\u00e7os comerciais, cooperativas habitacionais, moradias para desabrigados e muito mais. Em 2008, eles ganharam o Pr\u00eamio Mundial do Habitat. <strong>14:45 CET &#8211; Mariolga Julia Pacheco<\/strong> trabalha para o CLT Ca\u00f1o Mart\u00edn Pe\u00f1a em Porto Rico. Esse CLT \u00e9 o resultado da luta dos habitantes de um bairro informal na capital porto-riquenha, San Juan. Eles conseguiram transformar os 80 hectares de terra em um bairro pr\u00f3ximo ao centro da cidade em propriedade comum de todos os residentes, erguendo uma barreira contra a gentrifica\u00e7\u00e3o invasora. Em 2015, eles ganharam o Pr\u00eamio Mundial do Habitat. <strong>15:10 CET &#8211; Vanesa Vali\u00f1o,<\/strong> chefe do gabinete do vereador de habita\u00e7\u00e3o em Barcelona. A cidade de Barcelona tem muitas semelhan\u00e7as com Bruxelas, incluindo a grande falta de moradias sociais e o aumento acentuado dos pre\u00e7os das moradias, que est\u00e1 empurrando os pobres e cada vez mais pessoas de renda m\u00e9dia para fora da cidade. A cidade est\u00e1 desenvolvendo uma s\u00e9rie de iniciativas para resolver esse problema. Uma delas \u00e9 a cria\u00e7\u00e3o de um CLT municipal, que deve servir de base para projetos de habita\u00e7\u00e3o social e cooperativa. <strong>15:35 CET &#8211; Thomas Dawance,<\/strong> pesquisador da VUB. Ele estudou de perto o projeto CALICO em Forest, inaugurado em 2021. Esse projeto \u00e9 inovador em muitos aspectos. Ele cont\u00e9m, entre outras coisas, as primeiras casas cooperativas em terreno CLT em Bruxelas. Ele foi uma das inspira\u00e7\u00f5es para o Housing Deal, uma iniciativa da rede de Bruxelas Sohonet, que tem como objetivo retirar terrenos do mercado e facilitar o desenvolvimento de projetos de habita\u00e7\u00e3o cooperativa.   <\/p>\n<p><strong>16:00 CET &#8211; Intervalo.<\/strong><\/p>\n<\/div>\n<\/div>\n<\/div>\n<\/div>\n<\/div>\n<\/div>\n<\/div>\n<div class=\"elementor-element elementor-element-749b23e elementor-widget elementor-widget-heading\" data-id=\"749b23e\" data-element_type=\"widget\" data-widget_type=\"heading.default\">\n<div class=\"elementor-widget-container\">\n<h3 class=\"elementor-heading-title elementor-size-default\">OFICINAS<\/h3>\n<\/div>\n<\/div>\n<div class=\"elementor-element elementor-element-655e88f elementor-widget elementor-widget-text-editor\" data-id=\"655e88f\" data-element_type=\"widget\" data-widget_type=\"text-editor.default\">\n<div class=\"elementor-widget-container\">\n<div class=\"elementor-text-editor elementor-clearfix\">\n<div class=\"page\" title=\"P\u00e1gina 2\">\n<div class=\"section\">\n<div class=\"layoutArea\">\n<div class=\"column\">\n<p><strong>16:00 CET &#8211; O Acordo Habitacional:<\/strong> retirar permanentemente terrenos p\u00fablicos e privados do mercado e disponibiliz\u00e1-los para cooperativas desenvolverem moradias a pre\u00e7os acess\u00edveis. Esse j\u00e1 \u00e9 o caso em muitas cidades, por exemplo, na Su\u00ed\u00e7a. Barcelona est\u00e1 lan\u00e7ando agora um programa semelhante. A rede Sohonet est\u00e1 defendendo uma abordagem semelhante para Bruxelas. Qual \u00e9 o potencial da nossa regi\u00e3o? Quais s\u00e3o os obst\u00e1culos? Como isso pode ser colocado em pr\u00e1tica? (FR)       <\/p>\n<p><strong>16:00 CET &#8211; Instrumentos de regenera\u00e7\u00e3o urbana como uma alavanca para a desmercantiliza\u00e7\u00e3o da habita\u00e7\u00e3o.<\/strong>  Como os instrumentos existentes, como contratos de vizinhan\u00e7a, contratos de renova\u00e7\u00e3o urbana, b\u00f4nus fiscais e outros, podem ser usados para remover permanentemente terras e moradias do mercado? Que papel o CLT pode desempenhar nesse processo? (FR) <strong>16:00 CET &#8211; O modelo CLT como base para uma cidade mista:<\/strong> n\u00e3o apenas moradias, mas tamb\u00e9m instala\u00e7\u00f5es comunit\u00e1rias, est\u00fadios de artistas, instala\u00e7\u00f5es esportivas, instala\u00e7\u00f5es de vizinhan\u00e7a, empresas de economia social, etc. podem ser desenvolvidas em terrenos comunit\u00e1rios. Dessa forma, podemos contribuir para uma cidade mista e, ao mesmo tempo, desacelerar a gentrifica\u00e7\u00e3o. Isso \u00e9 vi\u00e1vel em Bruxelas? (FR)  <\/p>\n<p><strong>16:00 CET &#8211; O modelo CLT: uma solu\u00e7\u00e3o para as cidades europeias?<\/strong>  Como a crise habitacional est\u00e1 causando cada vez mais v\u00edtimas em toda a Europa, muitas cidades est\u00e3o procurando solu\u00e7\u00f5es inovadoras para complementar suas pol\u00edticas habitacionais. Que papel os CLTs podem desempenhar? Como as cidades podem colaborar com iniciativas de baixo para cima e vice-versa? Qual a complementaridade com a habita\u00e7\u00e3o social e outras ferramentas de pol\u00edtica habitacional?   <\/p>\n<\/div>\n<\/div>\n<div class=\"layoutArea\">\n<div class=\"column\">\n<p><strong>17:30 CET &#8211; Bebida<\/strong> oferecida pela Perspective.Brussels.<\/p>\n<\/div>\n<\/div>\n<\/div>\n<\/div>\n<\/div>\n<\/div>\n<\/div>\n<div class=\"elementor-element elementor-element-0c10e60 elementor-align-center elementor-widget elementor-widget-button\" data-id=\"0c10e60\" data-element_type=\"widget\" data-widget_type=\"button.default\">\n<div class=\"elementor-widget-container\">\n<div class=\"elementor-button-wrapper\"><\/div>\n<\/div>\n<\/div>\n","protected":false},"excerpt":{"rendered":"<p>Ser\u00e1 que uma solu\u00e7\u00e3o para a crise habitacional n\u00e3o poderia ser retirar as moradias e os terrenos do mercado, para que n\u00e3o possam ser especulados e permane\u00e7am acess\u00edveis para sempre? Os Community Land Trusts j\u00e1 est\u00e3o fazendo isso em cidades de todo o mundo. Como isso pode ser ampliado? Qual \u00e9 o potencial para Bruxelas?   <\/p>\n","protected":false},"author":1,"featured_media":0,"comment_status":"open","ping_status":"open","sticky":false,"template":"","format":"standard","meta":{"give_campaign_id":0,"_tec_requires_first_save":true,"_kad_blocks_custom_css":"","_kad_blocks_head_custom_js":"","_kad_blocks_body_custom_js":"","_kad_blocks_footer_custom_js":"","_EventAllDay":false,"_EventTimezone":"","_EventStartDate":"","_EventEndDate":"","_EventStartDateUTC":"","_EventEndDateUTC":"","_EventShowMap":false,"_EventShowMapLink":false,"_EventURL":"","_EventCost":"","_EventCostDescription":"","_EventCurrencySymbol":"","_EventCurrencyCode":"","_EventCurrencyPosition":"","_EventDateTimeSeparator":"","_EventTimeRangeSeparator":"","_EventOrganizerID":[],"_EventVenueID":[],"_OrganizerEmail":"","_OrganizerPhone":"","_OrganizerWebsite":"","_VenueAddress":"","_VenueCity":"","_VenueCountry":"","_VenueProvince":"","_VenueState":"","_VenueZip":"","_VenuePhone":"","_VenueURL":"","_VenueStateProvince":"","_VenueLat":"","_VenueLng":"","_VenueShowMap":false,"_VenueShowMapLink":false,"_tribe_blocks_recurrence_rules":"","_tribe_blocks_recurrence_description":"","_tribe_blocks_recurrence_exclusions":"","_jetpack_memberships_contains_paid_content":false,"footnotes":""},"categories":[27],"tags":[],"class_list":["post-6598","post","type-post","status-publish","format-standard","hentry","category-nao-categorizado"],"blocksy_meta":[],"yoast_head":"<!-- This site is optimized with the Yoast SEO Premium plugin v27.4 (Yoast SEO v27.5) - https:\/\/yoast.com\/product\/yoast-seo-premium-wordpress\/ -->\n<title>Tirando terrenos do mercado para tornar a cidade acess\u00edvel - International Center for Community Land Trusts<\/title>\n<meta name=\"robots\" content=\"index, follow, max-snippet:-1, max-image-preview:large, max-video-preview:-1\" \/>\n<link rel=\"canonical\" href=\"https:\/\/www.cltweb.org\/pt-br\/2022\/10\/11\/tirando-terrenos-do-mercado-para-tornar-a-cidade-acessivel\/\" \/>\n<meta property=\"og:locale\" content=\"pt_BR\" \/>\n<meta property=\"og:type\" content=\"article\" \/>\n<meta property=\"og:title\" content=\"Tirando terrenos do mercado para tornar a cidade acess\u00edvel\" \/>\n<meta property=\"og:description\" content=\"Ser\u00e1 que uma solu\u00e7\u00e3o para a crise habitacional n\u00e3o poderia ser retirar as moradias e os terrenos do mercado, para que n\u00e3o possam ser especulados e permane\u00e7am acess\u00edveis para sempre? Os Community Land Trusts j\u00e1 est\u00e3o fazendo isso em cidades de todo o mundo. Como isso pode ser ampliado? Qual \u00e9 o potencial para Bruxelas?\" \/>\n<meta property=\"og:url\" content=\"https:\/\/www.cltweb.org\/pt-br\/2022\/10\/11\/tirando-terrenos-do-mercado-para-tornar-a-cidade-acessivel\/\" \/>\n<meta property=\"og:site_name\" content=\"International Center for Community Land Trusts\" \/>\n<meta property=\"article:publisher\" content=\"https:\/\/www.facebook.com\/cltcenter\" \/>\n<meta property=\"article:published_time\" content=\"2022-10-11T00:00:00+00:00\" \/>\n<meta name=\"author\" content=\"cltredesign_0jp0l4\" \/>\n<meta name=\"twitter:card\" content=\"summary_large_image\" \/>\n<meta name=\"twitter:creator\" content=\"@Center4CLTs\" \/>\n<meta name=\"twitter:site\" content=\"@Center4CLTs\" \/>\n<meta name=\"twitter:label1\" content=\"Escrito por\" \/>\n\t<meta name=\"twitter:data1\" content=\"cltredesign_0jp0l4\" \/>\n\t<meta name=\"twitter:label2\" content=\"Est. tempo de leitura\" \/>\n\t<meta name=\"twitter:data2\" content=\"4 minutos\" \/>\n<script type=\"application\/ld+json\" class=\"yoast-schema-graph\">{\"@context\":\"https:\\\/\\\/schema.org\",\"@graph\":[{\"@type\":\"Article\",\"@id\":\"https:\\\/\\\/www.cltweb.org\\\/pt-br\\\/2022\\\/10\\\/11\\\/tirando-terrenos-do-mercado-para-tornar-a-cidade-acessivel\\\/#article\",\"isPartOf\":{\"@id\":\"https:\\\/\\\/www.cltweb.org\\\/pt-br\\\/2022\\\/10\\\/11\\\/tirando-terrenos-do-mercado-para-tornar-a-cidade-acessivel\\\/\"},\"author\":{\"name\":\"cltredesign_0jp0l4\",\"@id\":\"https:\\\/\\\/www.cltweb.org\\\/pt-br\\\/#\\\/schema\\\/person\\\/afd3723291b60b81c27772953e5b49d6\"},\"headline\":\"Tirando terrenos do mercado para tornar a cidade acess\u00edvel\",\"datePublished\":\"2022-10-11T00:00:00+00:00\",\"mainEntityOfPage\":{\"@id\":\"https:\\\/\\\/www.cltweb.org\\\/pt-br\\\/2022\\\/10\\\/11\\\/tirando-terrenos-do-mercado-para-tornar-a-cidade-acessivel\\\/\"},\"wordCount\":883,\"commentCount\":0,\"publisher\":{\"@id\":\"https:\\\/\\\/www.cltweb.org\\\/pt-br\\\/#organization\"},\"image\":{\"@id\":\"https:\\\/\\\/www.cltweb.org\\\/pt-br\\\/2022\\\/10\\\/11\\\/tirando-terrenos-do-mercado-para-tornar-a-cidade-acessivel\\\/#primaryimage\"},\"thumbnailUrl\":\"https:\\\/\\\/www.cltweb.org\\\/wp-content\\\/uploads\\\/2022\\\/10\\\/CLTB_Logo-1024x660.png\",\"articleSection\":[\"N\u00e3o categorizado\"],\"inLanguage\":\"pt-BR\",\"potentialAction\":[{\"@type\":\"CommentAction\",\"name\":\"Comment\",\"target\":[\"https:\\\/\\\/www.cltweb.org\\\/pt-br\\\/2022\\\/10\\\/11\\\/tirando-terrenos-do-mercado-para-tornar-a-cidade-acessivel\\\/#respond\"]}]},{\"@type\":\"WebPage\",\"@id\":\"https:\\\/\\\/www.cltweb.org\\\/pt-br\\\/2022\\\/10\\\/11\\\/tirando-terrenos-do-mercado-para-tornar-a-cidade-acessivel\\\/\",\"url\":\"https:\\\/\\\/www.cltweb.org\\\/pt-br\\\/2022\\\/10\\\/11\\\/tirando-terrenos-do-mercado-para-tornar-a-cidade-acessivel\\\/\",\"name\":\"Tirando terrenos do mercado para tornar a cidade acess\u00edvel - International Center for Community Land Trusts\",\"isPartOf\":{\"@id\":\"https:\\\/\\\/www.cltweb.org\\\/pt-br\\\/#website\"},\"primaryImageOfPage\":{\"@id\":\"https:\\\/\\\/www.cltweb.org\\\/pt-br\\\/2022\\\/10\\\/11\\\/tirando-terrenos-do-mercado-para-tornar-a-cidade-acessivel\\\/#primaryimage\"},\"image\":{\"@id\":\"https:\\\/\\\/www.cltweb.org\\\/pt-br\\\/2022\\\/10\\\/11\\\/tirando-terrenos-do-mercado-para-tornar-a-cidade-acessivel\\\/#primaryimage\"},\"thumbnailUrl\":\"https:\\\/\\\/www.cltweb.org\\\/wp-content\\\/uploads\\\/2022\\\/10\\\/CLTB_Logo-1024x660.png\",\"datePublished\":\"2022-10-11T00:00:00+00:00\",\"breadcrumb\":{\"@id\":\"https:\\\/\\\/www.cltweb.org\\\/pt-br\\\/2022\\\/10\\\/11\\\/tirando-terrenos-do-mercado-para-tornar-a-cidade-acessivel\\\/#breadcrumb\"},\"inLanguage\":\"pt-BR\",\"potentialAction\":[{\"@type\":\"ReadAction\",\"target\":[\"https:\\\/\\\/www.cltweb.org\\\/pt-br\\\/2022\\\/10\\\/11\\\/tirando-terrenos-do-mercado-para-tornar-a-cidade-acessivel\\\/\"]}]},{\"@type\":\"ImageObject\",\"inLanguage\":\"pt-BR\",\"@id\":\"https:\\\/\\\/www.cltweb.org\\\/pt-br\\\/2022\\\/10\\\/11\\\/tirando-terrenos-do-mercado-para-tornar-a-cidade-acessivel\\\/#primaryimage\",\"url\":\"https:\\\/\\\/www.cltweb.org\\\/wp-content\\\/uploads\\\/2022\\\/10\\\/CLTB_Logo-1024x660.png\",\"contentUrl\":\"https:\\\/\\\/www.cltweb.org\\\/wp-content\\\/uploads\\\/2022\\\/10\\\/CLTB_Logo-1024x660.png\"},{\"@type\":\"BreadcrumbList\",\"@id\":\"https:\\\/\\\/www.cltweb.org\\\/pt-br\\\/2022\\\/10\\\/11\\\/tirando-terrenos-do-mercado-para-tornar-a-cidade-acessivel\\\/#breadcrumb\",\"itemListElement\":[{\"@type\":\"ListItem\",\"position\":1,\"name\":\"Home\",\"item\":\"https:\\\/\\\/www.cltweb.org\\\/pt-br\\\/\"},{\"@type\":\"ListItem\",\"position\":2,\"name\":\"Tirando terrenos do mercado para tornar a cidade acess\u00edvel\"}]},{\"@type\":\"WebSite\",\"@id\":\"https:\\\/\\\/www.cltweb.org\\\/pt-br\\\/#website\",\"url\":\"https:\\\/\\\/www.cltweb.org\\\/pt-br\\\/\",\"name\":\"International Center for Community Land Trusts\",\"description\":\"\",\"publisher\":{\"@id\":\"https:\\\/\\\/www.cltweb.org\\\/pt-br\\\/#organization\"},\"potentialAction\":[{\"@type\":\"SearchAction\",\"target\":{\"@type\":\"EntryPoint\",\"urlTemplate\":\"https:\\\/\\\/www.cltweb.org\\\/pt-br\\\/?s={search_term_string}\"},\"query-input\":{\"@type\":\"PropertyValueSpecification\",\"valueRequired\":true,\"valueName\":\"search_term_string\"}}],\"inLanguage\":\"pt-BR\"},{\"@type\":\"Organization\",\"@id\":\"https:\\\/\\\/www.cltweb.org\\\/pt-br\\\/#organization\",\"name\":\"International Center for Community Land Trusts\",\"url\":\"https:\\\/\\\/www.cltweb.org\\\/pt-br\\\/\",\"logo\":{\"@type\":\"ImageObject\",\"inLanguage\":\"pt-BR\",\"@id\":\"https:\\\/\\\/www.cltweb.org\\\/pt-br\\\/#\\\/schema\\\/logo\\\/image\\\/\",\"url\":\"https:\\\/\\\/www.cltweb.org\\\/wp-content\\\/uploads\\\/2024\\\/11\\\/New-CLT-Center-Text-logo.png\",\"contentUrl\":\"https:\\\/\\\/www.cltweb.org\\\/wp-content\\\/uploads\\\/2024\\\/11\\\/New-CLT-Center-Text-logo.png\",\"width\":227,\"height\":80,\"caption\":\"International Center for Community Land Trusts\"},\"image\":{\"@id\":\"https:\\\/\\\/www.cltweb.org\\\/pt-br\\\/#\\\/schema\\\/logo\\\/image\\\/\"},\"sameAs\":[\"https:\\\/\\\/www.facebook.com\\\/cltcenter\",\"https:\\\/\\\/x.com\\\/Center4CLTs\",\"https:\\\/\\\/www.instagram.com\\\/cltcenter\\\/\",\"https:\\\/\\\/www.linkedin.com\\\/company\\\/cltcenter\",\"https:\\\/\\\/www.youtube.com\\\/@centerforcltinnovation5313\"],\"description\":\"The International Center for Community Land Trusts is a not-for-profit nongovernmental organization established in 2018 to promote and to support community land trusts and similar strategies of community-led development on community-owned land in countries throughout the world.\",\"email\":\"info@communitylandtrust.net\",\"legalName\":\"International Center for Community Land Trusts\",\"foundingDate\":\"2018-12-01\",\"taxID\":\"84-3858933\",\"numberOfEmployees\":{\"@type\":\"QuantitativeValue\",\"minValue\":\"1\",\"maxValue\":\"10\"}},{\"@type\":\"Person\",\"@id\":\"https:\\\/\\\/www.cltweb.org\\\/pt-br\\\/#\\\/schema\\\/person\\\/afd3723291b60b81c27772953e5b49d6\",\"name\":\"cltredesign_0jp0l4\",\"image\":{\"@type\":\"ImageObject\",\"inLanguage\":\"pt-BR\",\"@id\":\"https:\\\/\\\/secure.gravatar.com\\\/avatar\\\/1012e57596c2454da589d773454d3eb22a64f2ff638e62850caeb654f3affad5?s=96&d=mm&r=g\",\"url\":\"https:\\\/\\\/secure.gravatar.com\\\/avatar\\\/1012e57596c2454da589d773454d3eb22a64f2ff638e62850caeb654f3affad5?s=96&d=mm&r=g\",\"contentUrl\":\"https:\\\/\\\/secure.gravatar.com\\\/avatar\\\/1012e57596c2454da589d773454d3eb22a64f2ff638e62850caeb654f3affad5?s=96&d=mm&r=g\",\"caption\":\"cltredesign_0jp0l4\"},\"sameAs\":[\"https:\\\/\\\/icclt.org\"],\"url\":\"https:\\\/\\\/www.cltweb.org\\\/pt-br\\\/author\\\/cltredesign_0jp0l4\\\/\"}]}<\/script>\n<!-- \/ Yoast SEO Premium plugin. -->","yoast_head_json":{"title":"Tirando terrenos do mercado para tornar a cidade acess\u00edvel - International Center for Community Land Trusts","robots":{"index":"index","follow":"follow","max-snippet":"max-snippet:-1","max-image-preview":"max-image-preview:large","max-video-preview":"max-video-preview:-1"},"canonical":"https:\/\/www.cltweb.org\/pt-br\/2022\/10\/11\/tirando-terrenos-do-mercado-para-tornar-a-cidade-acessivel\/","og_locale":"pt_BR","og_type":"article","og_title":"Tirando terrenos do mercado para tornar a cidade acess\u00edvel","og_description":"Ser\u00e1 que uma solu\u00e7\u00e3o para a crise habitacional n\u00e3o poderia ser retirar as moradias e os terrenos do mercado, para que n\u00e3o possam ser especulados e permane\u00e7am acess\u00edveis para sempre? Os Community Land Trusts j\u00e1 est\u00e3o fazendo isso em cidades de todo o mundo. Como isso pode ser ampliado? Qual \u00e9 o potencial para Bruxelas?","og_url":"https:\/\/www.cltweb.org\/pt-br\/2022\/10\/11\/tirando-terrenos-do-mercado-para-tornar-a-cidade-acessivel\/","og_site_name":"International Center for Community Land Trusts","article_publisher":"https:\/\/www.facebook.com\/cltcenter","article_published_time":"2022-10-11T00:00:00+00:00","author":"cltredesign_0jp0l4","twitter_card":"summary_large_image","twitter_creator":"@Center4CLTs","twitter_site":"@Center4CLTs","twitter_misc":{"Escrito por":"cltredesign_0jp0l4","Est. tempo de leitura":"4 minutos"},"schema":{"@context":"https:\/\/schema.org","@graph":[{"@type":"Article","@id":"https:\/\/www.cltweb.org\/pt-br\/2022\/10\/11\/tirando-terrenos-do-mercado-para-tornar-a-cidade-acessivel\/#article","isPartOf":{"@id":"https:\/\/www.cltweb.org\/pt-br\/2022\/10\/11\/tirando-terrenos-do-mercado-para-tornar-a-cidade-acessivel\/"},"author":{"name":"cltredesign_0jp0l4","@id":"https:\/\/www.cltweb.org\/pt-br\/#\/schema\/person\/afd3723291b60b81c27772953e5b49d6"},"headline":"Tirando terrenos do mercado para tornar a cidade acess\u00edvel","datePublished":"2022-10-11T00:00:00+00:00","mainEntityOfPage":{"@id":"https:\/\/www.cltweb.org\/pt-br\/2022\/10\/11\/tirando-terrenos-do-mercado-para-tornar-a-cidade-acessivel\/"},"wordCount":883,"commentCount":0,"publisher":{"@id":"https:\/\/www.cltweb.org\/pt-br\/#organization"},"image":{"@id":"https:\/\/www.cltweb.org\/pt-br\/2022\/10\/11\/tirando-terrenos-do-mercado-para-tornar-a-cidade-acessivel\/#primaryimage"},"thumbnailUrl":"https:\/\/www.cltweb.org\/wp-content\/uploads\/2022\/10\/CLTB_Logo-1024x660.png","articleSection":["N\u00e3o categorizado"],"inLanguage":"pt-BR","potentialAction":[{"@type":"CommentAction","name":"Comment","target":["https:\/\/www.cltweb.org\/pt-br\/2022\/10\/11\/tirando-terrenos-do-mercado-para-tornar-a-cidade-acessivel\/#respond"]}]},{"@type":"WebPage","@id":"https:\/\/www.cltweb.org\/pt-br\/2022\/10\/11\/tirando-terrenos-do-mercado-para-tornar-a-cidade-acessivel\/","url":"https:\/\/www.cltweb.org\/pt-br\/2022\/10\/11\/tirando-terrenos-do-mercado-para-tornar-a-cidade-acessivel\/","name":"Tirando terrenos do mercado para tornar a cidade acess\u00edvel - International Center for Community Land Trusts","isPartOf":{"@id":"https:\/\/www.cltweb.org\/pt-br\/#website"},"primaryImageOfPage":{"@id":"https:\/\/www.cltweb.org\/pt-br\/2022\/10\/11\/tirando-terrenos-do-mercado-para-tornar-a-cidade-acessivel\/#primaryimage"},"image":{"@id":"https:\/\/www.cltweb.org\/pt-br\/2022\/10\/11\/tirando-terrenos-do-mercado-para-tornar-a-cidade-acessivel\/#primaryimage"},"thumbnailUrl":"https:\/\/www.cltweb.org\/wp-content\/uploads\/2022\/10\/CLTB_Logo-1024x660.png","datePublished":"2022-10-11T00:00:00+00:00","breadcrumb":{"@id":"https:\/\/www.cltweb.org\/pt-br\/2022\/10\/11\/tirando-terrenos-do-mercado-para-tornar-a-cidade-acessivel\/#breadcrumb"},"inLanguage":"pt-BR","potentialAction":[{"@type":"ReadAction","target":["https:\/\/www.cltweb.org\/pt-br\/2022\/10\/11\/tirando-terrenos-do-mercado-para-tornar-a-cidade-acessivel\/"]}]},{"@type":"ImageObject","inLanguage":"pt-BR","@id":"https:\/\/www.cltweb.org\/pt-br\/2022\/10\/11\/tirando-terrenos-do-mercado-para-tornar-a-cidade-acessivel\/#primaryimage","url":"https:\/\/www.cltweb.org\/wp-content\/uploads\/2022\/10\/CLTB_Logo-1024x660.png","contentUrl":"https:\/\/www.cltweb.org\/wp-content\/uploads\/2022\/10\/CLTB_Logo-1024x660.png"},{"@type":"BreadcrumbList","@id":"https:\/\/www.cltweb.org\/pt-br\/2022\/10\/11\/tirando-terrenos-do-mercado-para-tornar-a-cidade-acessivel\/#breadcrumb","itemListElement":[{"@type":"ListItem","position":1,"name":"Home","item":"https:\/\/www.cltweb.org\/pt-br\/"},{"@type":"ListItem","position":2,"name":"Tirando terrenos do mercado para tornar a cidade acess\u00edvel"}]},{"@type":"WebSite","@id":"https:\/\/www.cltweb.org\/pt-br\/#website","url":"https:\/\/www.cltweb.org\/pt-br\/","name":"International Center for Community Land Trusts","description":"","publisher":{"@id":"https:\/\/www.cltweb.org\/pt-br\/#organization"},"potentialAction":[{"@type":"SearchAction","target":{"@type":"EntryPoint","urlTemplate":"https:\/\/www.cltweb.org\/pt-br\/?s={search_term_string}"},"query-input":{"@type":"PropertyValueSpecification","valueRequired":true,"valueName":"search_term_string"}}],"inLanguage":"pt-BR"},{"@type":"Organization","@id":"https:\/\/www.cltweb.org\/pt-br\/#organization","name":"International Center for Community Land Trusts","url":"https:\/\/www.cltweb.org\/pt-br\/","logo":{"@type":"ImageObject","inLanguage":"pt-BR","@id":"https:\/\/www.cltweb.org\/pt-br\/#\/schema\/logo\/image\/","url":"https:\/\/www.cltweb.org\/wp-content\/uploads\/2024\/11\/New-CLT-Center-Text-logo.png","contentUrl":"https:\/\/www.cltweb.org\/wp-content\/uploads\/2024\/11\/New-CLT-Center-Text-logo.png","width":227,"height":80,"caption":"International Center for Community Land Trusts"},"image":{"@id":"https:\/\/www.cltweb.org\/pt-br\/#\/schema\/logo\/image\/"},"sameAs":["https:\/\/www.facebook.com\/cltcenter","https:\/\/x.com\/Center4CLTs","https:\/\/www.instagram.com\/cltcenter\/","https:\/\/www.linkedin.com\/company\/cltcenter","https:\/\/www.youtube.com\/@centerforcltinnovation5313"],"description":"The International Center for Community Land Trusts is a not-for-profit nongovernmental organization established in 2018 to promote and to support community land trusts and similar strategies of community-led development on community-owned land in countries throughout the world.","email":"info@communitylandtrust.net","legalName":"International Center for Community Land Trusts","foundingDate":"2018-12-01","taxID":"84-3858933","numberOfEmployees":{"@type":"QuantitativeValue","minValue":"1","maxValue":"10"}},{"@type":"Person","@id":"https:\/\/www.cltweb.org\/pt-br\/#\/schema\/person\/afd3723291b60b81c27772953e5b49d6","name":"cltredesign_0jp0l4","image":{"@type":"ImageObject","inLanguage":"pt-BR","@id":"https:\/\/secure.gravatar.com\/avatar\/1012e57596c2454da589d773454d3eb22a64f2ff638e62850caeb654f3affad5?s=96&d=mm&r=g","url":"https:\/\/secure.gravatar.com\/avatar\/1012e57596c2454da589d773454d3eb22a64f2ff638e62850caeb654f3affad5?s=96&d=mm&r=g","contentUrl":"https:\/\/secure.gravatar.com\/avatar\/1012e57596c2454da589d773454d3eb22a64f2ff638e62850caeb654f3affad5?s=96&d=mm&r=g","caption":"cltredesign_0jp0l4"},"sameAs":["https:\/\/icclt.org"],"url":"https:\/\/www.cltweb.org\/pt-br\/author\/cltredesign_0jp0l4\/"}]}},"taxonomy_info":{"category":[{"value":27,"label":"N\u00e3o categorizado"}]},"featured_image_src_large":false,"author_info":{"display_name":"cltredesign_0jp0l4","author_link":"https:\/\/www.cltweb.org\/pt-br\/author\/cltredesign_0jp0l4\/"},"comment_info":0,"category_info":[{"term_id":27,"name":"N\u00e3o categorizado","slug":"nao-categorizado","term_group":0,"term_taxonomy_id":27,"taxonomy":"category","description":"","parent":0,"count":20,"filter":"raw","cat_ID":27,"category_count":20,"category_description":"","cat_name":"N\u00e3o categorizado","category_nicename":"nao-categorizado","category_parent":0}],"tag_info":false,"jetpack_featured_media_url":"","jetpack_sharing_enabled":true,"jetpack-related-posts":[{"id":7238,"url":"https:\/\/www.cltweb.org\/pt-br\/2024\/09\/10\/os-clts-podem-desempenhar-um-papel-na-politica-climatica\/","url_meta":{"origin":6598,"position":0},"title":"Os CLTs podem desempenhar um papel na pol\u00edtica clim\u00e1tica?","author":"cltredesign_0jp0l4","date":"10 de setembro de 2024","format":false,"excerpt":"A contribui\u00e7\u00e3o a seguir foi escrita por Geert De Pauw, Co-Coordenador do Community Land Trust Brussels, como uma contribui\u00e7\u00e3o para o pr\u00f3ximo webinar sobre \"Using CLTs to Deliver Energy Renovation and Permanent Affordability to Existing Housing\" (Usando CLTs para fornecer renova\u00e7\u00e3o de energia e acessibilidade permanente a moradias existentes), em\u2026","rel":"","context":"Em &quot;Blogs&quot;","block_context":{"text":"Blogs","link":"https:\/\/www.cltweb.org\/pt-br\/category\/blogs-pt-br\/"},"img":{"alt_text":"","src":"","width":0,"height":0},"classes":[]},{"id":6573,"url":"https:\/\/www.cltweb.org\/pt-br\/2024\/08\/22\/usando-clts-para-fornecer-renovacao-de-energia-e-acessibilidade-permanente-a-moradias-existentes\/","url_meta":{"origin":6598,"position":1},"title":"Usando CLTs para fornecer renova\u00e7\u00e3o de energia e acessibilidade permanente a moradias existentes","author":"Ben Harris","date":"22 de agosto de 2024","format":false,"excerpt":"Junte-se a n\u00f3s no dia 25 de setembro de 2024 para um webinar sobre como os CLTs podem ser usados para oferecer renova\u00e7\u00e3o de energia e acessibilidade permanente \u00e0s moradias existentes. Voc\u00ea ouvir\u00e1 os principais profissionais de CLT que lideram abordagens inovadoras para a renova\u00e7\u00e3o de energia em moradias existentes,\u2026","rel":"","context":"Em &quot;N\u00e3o categorizado&quot;","block_context":{"text":"N\u00e3o categorizado","link":"https:\/\/www.cltweb.org\/pt-br\/category\/nao-categorizado\/"},"img":{"alt_text":"Jeanne Mosseray","src":"https:\/\/i0.wp.com\/www.cltweb.org\/wp-content\/uploads\/2024\/08\/jeanne_mosseray-254x300.jpg?resize=350%2C200&ssl=1","width":350,"height":200},"classes":[]},{"id":10097,"url":"https:\/\/www.cltweb.org\/pt-br\/2025\/10\/24\/explorando-o-potencial-dos-community-land-trusts-em-buenos-aires\/","url_meta":{"origin":6598,"position":2},"title":"Explorando o potencial dos Community Land Trusts em Buenos Aires","author":"Ben Harris","date":"24 de outubro de 2025","format":false,"excerpt":"Por Tarcyla Fidalgo Em outubro de 2025, como parte da Iniciativa CLT do Sul Global do Centro CLT, a l\u00edder do projeto Tarcyla Fidalgo visitou Buenos Aires, Argentina, para trocar ideias sobre moradia acess\u00edvel, seguran\u00e7a da posse e propriedade coletiva da terra. A visita se baseou no crescente interesse local\u2026","rel":"","context":"Em &quot;Blogs&quot;","block_context":{"text":"Blogs","link":"https:\/\/www.cltweb.org\/pt-br\/category\/blogs-pt-br\/"},"img":{"alt_text":"Tarcyla Fidalgo participates in a seminar at the Public Defender's Office in Buenos Aires, Argentina.","src":"https:\/\/i0.wp.com\/www.cltweb.org\/wp-content\/uploads\/2025\/10\/image-edited.jpeg?resize=350%2C200&ssl=1","width":350,"height":200,"srcset":"https:\/\/i0.wp.com\/www.cltweb.org\/wp-content\/uploads\/2025\/10\/image-edited.jpeg?resize=350%2C200&ssl=1 1x, https:\/\/i0.wp.com\/www.cltweb.org\/wp-content\/uploads\/2025\/10\/image-edited.jpeg?resize=525%2C300&ssl=1 1.5x, https:\/\/i0.wp.com\/www.cltweb.org\/wp-content\/uploads\/2025\/10\/image-edited.jpeg?resize=700%2C400&ssl=1 2x"},"classes":[]},{"id":7210,"url":"https:\/\/www.cltweb.org\/pt-br\/2024\/09\/16\/apoio-ao-projeto-upcycling-trust-perspectiva-de-um-pesquisador\/","url_meta":{"origin":6598,"position":3},"title":"Apoio ao projeto Upcycling Trust: Perspectiva de um pesquisador","author":"cltredesign_0jp0l4","date":"16 de setembro de 2024","format":false,"excerpt":"Por Jeanne Mosseray A contribui\u00e7\u00e3o a seguir foi escrita por Jeanne Mosseray, pesquisadora PhD do Cosmopolis Centre for Urban Research, como uma contribui\u00e7\u00e3o para o pr\u00f3ximo webinar sobre \"Using CLTs to Deliver Energy Renovation and Permanent Affordability to Existing Housing\" (Usando CLTs para fornecer renova\u00e7\u00e3o de energia e acessibilidade permanente\u2026","rel":"","context":"Em &quot;Blogs&quot;","block_context":{"text":"Blogs","link":"https:\/\/www.cltweb.org\/pt-br\/category\/blogs-pt-br\/"},"img":{"alt_text":"","src":"","width":0,"height":0},"classes":[]},{"id":7719,"url":"https:\/\/www.cltweb.org\/pt-br\/2024\/11\/18\/lincoln-institute-of-land-policy-divulga-relatorio-sobre-a-preservacao-da-propriedade-de-imoveis-a-precos-acessiveis-por-meio-de-community-land-trusts\/","url_meta":{"origin":6598,"position":4},"title":"Lincoln Institute of Land Policy divulga relat\u00f3rio sobre a preserva\u00e7\u00e3o da propriedade de im\u00f3veis a pre\u00e7os acess\u00edveis por meio de Community Land Trusts","author":"Ben Harris","date":"18 de novembro de 2024","format":false,"excerpt":"Relat\u00f3rio Policy Focus oferece insights sobre como os governos municipais apoiam a forma\u00e7\u00e3o, a expans\u00e3o e a opera\u00e7\u00e3o de CLTs CAMBRIDGE, MA - OLincoln Institute of Land Policy (Instituto Lincoln de Pol\u00edtica Fundi\u00e1ria) divulgou um novo Relat\u00f3rio de Foco em Pol\u00edticas, Preserving Affordable Homeownership: Municipal Partnerships with Community Land Trustspor\u2026","rel":"","context":"Em &quot;Comunicado \u00e0 imprensa&quot;","block_context":{"text":"Comunicado \u00e0 imprensa","link":"https:\/\/www.cltweb.org\/pt-br\/category\/comunicado-a-imprensa\/"},"img":{"alt_text":"","src":"","width":0,"height":0},"classes":[]},{"id":7880,"url":"https:\/\/www.cltweb.org\/pt-br\/2024\/11\/22\/uma-jornada-pessoal-rumo-a-equidade-e-justica-habitacional\/","url_meta":{"origin":6598,"position":5},"title":"Uma jornada pessoal rumo \u00e0 equidade e justi\u00e7a habitacional","author":"Ben Harris","date":"22 de novembro de 2024","format":false,"excerpt":"A contribui\u00e7\u00e3o a seguir foi escrita por Ashley Allen, diretora executiva do Houston Community Land Trust, como uma contribui\u00e7\u00e3o para o pr\u00f3ximo webinar sobre \"Administrando o futuro: Poder e lideran\u00e7a dos jovens na pr\u00e1tica do Community Land Trust\" em 4 de dezembro. Ashley aos 10 anos de idade, tirada no\u2026","rel":"","context":"Em &quot;Blogs&quot;","block_context":{"text":"Blogs","link":"https:\/\/www.cltweb.org\/pt-br\/category\/blogs-pt-br\/"},"img":{"alt_text":"","src":"https:\/\/i0.wp.com\/www.cltweb.org\/wp-content\/uploads\/2024\/11\/Screenshot_2015-11-18-21-46-57-1-1.png?resize=350%2C200&ssl=1","width":350,"height":200,"srcset":"https:\/\/i0.wp.com\/www.cltweb.org\/wp-content\/uploads\/2024\/11\/Screenshot_2015-11-18-21-46-57-1-1.png?resize=350%2C200&ssl=1 1x, https:\/\/i0.wp.com\/www.cltweb.org\/wp-content\/uploads\/2024\/11\/Screenshot_2015-11-18-21-46-57-1-1.png?resize=525%2C300&ssl=1 1.5x, https:\/\/i0.wp.com\/www.cltweb.org\/wp-content\/uploads\/2024\/11\/Screenshot_2015-11-18-21-46-57-1-1.png?resize=700%2C400&ssl=1 2x, https:\/\/i0.wp.com\/www.cltweb.org\/wp-content\/uploads\/2024\/11\/Screenshot_2015-11-18-21-46-57-1-1.png?resize=1050%2C600&ssl=1 3x, https:\/\/i0.wp.com\/www.cltweb.org\/wp-content\/uploads\/2024\/11\/Screenshot_2015-11-18-21-46-57-1-1.png?resize=1400%2C800&ssl=1 4x"},"classes":[]}],"_links":{"self":[{"href":"https:\/\/www.cltweb.org\/pt-br\/wp-json\/wp\/v2\/posts\/6598","targetHints":{"allow":["GET"]}}],"collection":[{"href":"https:\/\/www.cltweb.org\/pt-br\/wp-json\/wp\/v2\/posts"}],"about":[{"href":"https:\/\/www.cltweb.org\/pt-br\/wp-json\/wp\/v2\/types\/post"}],"author":[{"embeddable":true,"href":"https:\/\/www.cltweb.org\/pt-br\/wp-json\/wp\/v2\/users\/1"}],"replies":[{"embeddable":true,"href":"https:\/\/www.cltweb.org\/pt-br\/wp-json\/wp\/v2\/comments?post=6598"}],"version-history":[{"count":0,"href":"https:\/\/www.cltweb.org\/pt-br\/wp-json\/wp\/v2\/posts\/6598\/revisions"}],"wp:attachment":[{"href":"https:\/\/www.cltweb.org\/pt-br\/wp-json\/wp\/v2\/media?parent=6598"}],"wp:term":[{"taxonomy":"category","embeddable":true,"href":"https:\/\/www.cltweb.org\/pt-br\/wp-json\/wp\/v2\/categories?post=6598"},{"taxonomy":"post_tag","embeddable":true,"href":"https:\/\/www.cltweb.org\/pt-br\/wp-json\/wp\/v2\/tags?post=6598"}],"curies":[{"name":"wp","href":"https:\/\/api.w.org\/{rel}","templated":true}]}}